{"id":36286,"date":"2022-11-23T11:54:57","date_gmt":"2022-11-23T14:54:57","guid":{"rendered":"https:\/\/jornalfatosenoticias.com.br\/?p=36286"},"modified":"2022-11-23T11:55:01","modified_gmt":"2022-11-23T14:55:01","slug":"o-papel-das-vozes-negras-na-literatura-infantojuvenil","status":"publish","type":"post","link":"https:\/\/jornalfatosenoticias.com.br\/index.php\/2022\/11\/23\/o-papel-das-vozes-negras-na-literatura-infantojuvenil\/","title":{"rendered":"O papel das vozes negras na literatura infantojuvenil"},"content":{"rendered":"\n<p><em><span class=\"has-inline-color has-black-color\">\u00c9 fundamental que as editoras, pequenas e grandes, garantam espa\u00e7o para a cultura afro-brasileira nos seus cat\u00e1logos e que educadores e fam\u00edlias incentivem a leitura dessas obras<\/span><\/em><\/p>\n\n\n\n<div class=\"wp-block-image\"><figure class=\"aligncenter size-large\"><img loading=\"lazy\" decoding=\"async\" width=\"1024\" height=\"100\" src=\"https:\/\/jornalfatosenoticias.com.br\/wp-content\/uploads\/2022\/05\/NOVA-LOGO-CESCONETTO-1024x100.jpg\" alt=\"\" class=\"wp-image-30792\" srcset=\"https:\/\/jornalfatosenoticias.com.br\/wp-content\/uploads\/2022\/05\/NOVA-LOGO-CESCONETTO-1024x100.jpg 1024w, https:\/\/jornalfatosenoticias.com.br\/wp-content\/uploads\/2022\/05\/NOVA-LOGO-CESCONETTO-300x29.jpg 300w, https:\/\/jornalfatosenoticias.com.br\/wp-content\/uploads\/2022\/05\/NOVA-LOGO-CESCONETTO-768x75.jpg 768w, https:\/\/jornalfatosenoticias.com.br\/wp-content\/uploads\/2022\/05\/NOVA-LOGO-CESCONETTO.jpg 1280w\" sizes=\"auto, (max-width: 1024px) 100vw, 1024px\" \/><\/figure><\/div>\n\n\n\n<p>No m\u00eas da Consci\u00eancia Negra \u00e9 importante discutirmos a presen\u00e7a t\u00edmida, mas crescente, das literaturas negras no mercado editorial brasileiro, sobretudo infantojuvenil, e como esse movimento pode ser uma mola propulsora para pr\u00e1ticas mais inclusivas nas escolas, em casa e na comunidade.<\/p>\n\n\n\n<div class=\"wp-block-image\"><figure class=\"aligncenter size-large\"><img loading=\"lazy\" decoding=\"async\" width=\"300\" height=\"250\" src=\"https:\/\/jornalfatosenoticias.com.br\/wp-content\/uploads\/2022\/08\/arte-Casarao.jpg\" alt=\"\" class=\"wp-image-33178\"\/><\/figure><\/div>\n\n\n\n<figure class=\"wp-block-pullquote\"><blockquote><p><span class=\"has-inline-color has-luminous-vivid-orange-color\">Tamb\u00e9m como educadores e familiares comprometidos com a forma\u00e7\u00e3o de pequenos leitores e dos estudantes, devemos observar a pluralidade de vozes liter\u00e1rias presentes em nosso Pa\u00eds e buscar atitudes que favore\u00e7am pr\u00e1ticas e reflex\u00f5es antirracistas.<\/span><\/p><\/blockquote><\/figure>\n\n\n\n<div class=\"wp-block-image\"><figure class=\"alignleft size-large is-resized\"><img loading=\"lazy\" decoding=\"async\" src=\"https:\/\/jornalfatosenoticias.com.br\/wp-content\/uploads\/2022\/02\/Precisao-Contabilidade-1024x724.jpg\" alt=\"\" class=\"wp-image-28088\" width=\"291\" height=\"205\"\/><\/figure><\/div>\n\n\n\n<p>\u00c9 ineg\u00e1vel que h\u00e1 um movimento das grandes editoras nos \u00faltimos anos em lan\u00e7ar escritores e escritoras negros e negras \u2014 e, tamb\u00e9m, ind\u00edgenas \u2014 acompanhando os anseios da sociedade, os movimentos por equidade racial em todos os ambientes e, tamb\u00e9m, a legisla\u00e7\u00e3o.<br>No Brasil, as leis n. 10.639, de 2003, e 11.645, de 2008, que alteraram a Lei de Diretrizes e Bases da Educa\u00e7\u00e3o Nacional (LDB), foram importantes para introduzir o ensino das rela\u00e7\u00f5es \u00e9tnicas, da hist\u00f3ria e das culturas ind\u00edgenas, africanas e afro-brasileiras nas escolas.<\/p>\n\n\n\n<div class=\"wp-block-image\"><figure class=\"aligncenter size-large\"><img loading=\"lazy\" decoding=\"async\" width=\"1024\" height=\"109\" src=\"https:\/\/jornalfatosenoticias.com.br\/wp-content\/uploads\/2020\/02\/Propaganda-RC-Radiadores-Jornal_page-0001-1024x109.jpg\" alt=\"\" class=\"wp-image-35278\" srcset=\"https:\/\/jornalfatosenoticias.com.br\/wp-content\/uploads\/2020\/02\/Propaganda-RC-Radiadores-Jornal_page-0001-1024x109.jpg 1024w, https:\/\/jornalfatosenoticias.com.br\/wp-content\/uploads\/2020\/02\/Propaganda-RC-Radiadores-Jornal_page-0001-300x32.jpg 300w, https:\/\/jornalfatosenoticias.com.br\/wp-content\/uploads\/2020\/02\/Propaganda-RC-Radiadores-Jornal_page-0001-768x82.jpg 768w, https:\/\/jornalfatosenoticias.com.br\/wp-content\/uploads\/2020\/02\/Propaganda-RC-Radiadores-Jornal_page-0001.jpg 1220w\" sizes=\"auto, (max-width: 1024px) 100vw, 1024px\" \/><\/figure><\/div>\n\n\n\n<p>Com a aprova\u00e7\u00e3o dessas leis houve um aumento percept\u00edvel na produ\u00e7\u00e3o liter\u00e1ria com estas tem\u00e1ticas, sobretudo infantojuvenil, com vistas \u00e0 ado\u00e7\u00e3o nos programas de governo. Mas esse movimento vai muito al\u00e9m do Programa Nacional do Livro e do Material Did\u00e1tico (PNLD), com as editoras, pequenas e grandes, ampliando, ainda que paulatinamente, mas com const\u00e2ncia, o espa\u00e7o para a voz autoral dos escritores negros brasileiros e internacionais. Destaco ainda o espa\u00e7o, importante, que as livrarias tamb\u00e9m t\u00eam oferecido para essa literatura.<\/p>\n\n\n\n<div class=\"wp-block-image\"><figure class=\"aligncenter size-large is-resized\"><img loading=\"lazy\" decoding=\"async\" src=\"https:\/\/jornalfatosenoticias.com.br\/wp-content\/uploads\/2022\/08\/logo-locau-veiculos-1024x573.png\" alt=\"\" class=\"wp-image-33078\" width=\"282\" height=\"157\"\/><\/figure><\/div>\n\n\n\n<p>Na FTD Educa\u00e7\u00e3o, por exemplo, destacaria a parceria in\u00e9dita firmada este ano com a ag\u00eancia liter\u00e1ria internacional Accord Literary, especializada em autores emergentes de pa\u00edses como Gana, Togo, Nig\u00e9ria, Qu\u00eania e Zimb\u00e1bue, com o objetivo de apresentar escritores africanos aos leitores brasileiros e divulgar a arte e a cultura da \u00c1frica. O primeiro resultado dessa parceria \u00e9 o lan\u00e7amento do livro da autora ganense Ruby Goka, o romance juvenil <em>Mesmo quando sua voz falhar.<\/em><\/p>\n\n\n\n<div class=\"wp-block-image\"><figure class=\"aligncenter size-large\"><img loading=\"lazy\" decoding=\"async\" width=\"600\" height=\"900\" src=\"https:\/\/jornalfatosenoticias.com.br\/wp-content\/uploads\/2022\/11\/Foto-Ruby-escritora-NEGRA2.jpg\" alt=\"\" class=\"wp-image-36287\" srcset=\"https:\/\/jornalfatosenoticias.com.br\/wp-content\/uploads\/2022\/11\/Foto-Ruby-escritora-NEGRA2.jpg 600w, https:\/\/jornalfatosenoticias.com.br\/wp-content\/uploads\/2022\/11\/Foto-Ruby-escritora-NEGRA2-200x300.jpg 200w\" sizes=\"auto, (max-width: 600px) 100vw, 600px\" \/><figcaption><em><span class=\"has-inline-color has-black-color\">Ruby Goka (Foto: Divulga\u00e7\u00e3o)<\/span><\/em><\/figcaption><\/figure><\/div>\n\n\n\n<p>Na literatura brasileira, n\u00e3o poderia deixar de citar o premiado escritor negro Edimilson de Almeida Pereira, autor de v\u00e1rias obras liter\u00e1rias para adultos e crian\u00e7as e de diversos estudos sobre a cultura popular brasileira. \u00c9 dele o livro de poesia infantil <em>Cada bicho em seu canto<\/em>, ilustrado pelo artista gr\u00e1fico Edson Ik\u00ea, rec\u00e9m-lan\u00e7ado pela FTD Educa\u00e7\u00e3o.<\/p>\n\n\n\n<div class=\"wp-block-image\"><figure class=\"aligncenter size-large\"><img loading=\"lazy\" decoding=\"async\" width=\"600\" height=\"398\" src=\"https:\/\/jornalfatosenoticias.com.br\/wp-content\/uploads\/2022\/11\/Edimilson-de-Almeida-Pereira-AUTOR-NEGRO3.png\" alt=\"\" class=\"wp-image-36288\" srcset=\"https:\/\/jornalfatosenoticias.com.br\/wp-content\/uploads\/2022\/11\/Edimilson-de-Almeida-Pereira-AUTOR-NEGRO3.png 600w, https:\/\/jornalfatosenoticias.com.br\/wp-content\/uploads\/2022\/11\/Edimilson-de-Almeida-Pereira-AUTOR-NEGRO3-300x199.png 300w\" sizes=\"auto, (max-width: 600px) 100vw, 600px\" \/><figcaption><em><span class=\"has-inline-color has-black-color\">Edimilson de Almeida Pereira (Foto: Divulga\u00e7\u00e3o)<\/span><\/em><\/figcaption><\/figure><\/div>\n\n\n\n<p>Para finalizar, deixo para educadores, gestores educacionais e fam\u00edlias a reflex\u00e3o que a educadora negra Luciana Gomes trouxe em entrevista para o projeto Cultivando Leitores, da FTD Educa\u00e7\u00e3o: \u201cA escola, como espa\u00e7o democr\u00e1tico do conhecimento, \u00e9 o terreiro onde se podem fortalecer e auxiliar as constru\u00e7\u00f5es identit\u00e1rias desde as primeiras inf\u00e2ncias\u201d.<\/p>\n\n\n\n<div class=\"wp-block-image\"><figure class=\"aligncenter size-large\"><img decoding=\"async\" src=\"https:\/\/jornalfatosenoticias.com.br\/wp-content\/uploads\/2020\/02\/logo_esteio.jpg\" alt=\"\" class=\"wp-image-1214\"\/><\/figure><\/div>\n\n\n\n<figure class=\"wp-block-pullquote\"><blockquote><p><span class=\"has-inline-color has-luminous-vivid-orange-color\">Oferecer literatura considerando os aspectos \u00e9tnico-raciais \u00e9 um caminho para que o racismo infantil n\u00e3o continue um fator segregador entre crian\u00e7as negras e brancas. <\/span><\/p><\/blockquote><\/figure>\n\n\n\n<div class=\"wp-block-image\"><figure class=\"aligncenter size-large\"><img decoding=\"async\" src=\"https:\/\/jornalfatosenoticias.com.br\/wp-content\/uploads\/2020\/02\/Serra-Grande-1024x160.png\" alt=\"\" class=\"wp-image-7836\"\/><\/figure><\/div>\n\n\n\n<p>Fazer escolhas liter\u00e1rias nas quais haja presen\u00e7as negras, considerando est\u00e9tica e contexto, contar nossas narrativas e construir lugares para que as crian\u00e7as contem as suas s\u00e3o pequenas a\u00e7\u00f5es para desconstruir o estigma que tenta etiquetar nossa imagem enquanto pessoas negras.<\/p>\n\n\n\n<div class=\"wp-block-image\"><figure class=\"aligncenter size-large\"><img decoding=\"async\" src=\"https:\/\/jornalfatosenoticias.com.br\/wp-content\/uploads\/2020\/02\/barao-das-carnes-300x164-1.jpg\" alt=\"\" class=\"wp-image-34339\"\/><\/figure><\/div>\n\n\n\n<p>A partir desta reflex\u00e3o, fica claro que a literatura produzida por escritores negros pode ser uma importante ferramenta para a educa\u00e7\u00e3o antirracista e para melhorar a sociedade como um todo. \u00c9 nosso papel, como editoras, educadores, escolas e fam\u00edlias ajudar a criar os espa\u00e7os e as ferramentas adequadas e necess\u00e1rias para essa constru\u00e7\u00e3o social.<\/p>\n\n\n\n<p><strong><em>Fonte: <a href=\"https:\/\/revistaeducacao.com.br\/2022\/11\/16\/o-papel-das-vozes-negras-na-literatura-infantojuvenil\/\">Revista Educa\u00e7\u00e3o<\/a><\/em><\/strong><\/p>\n","protected":false},"excerpt":{"rendered":"<p>\u00c9 fundamental que as editoras, pequenas e grandes, garantam espa\u00e7o para a cultura afro-brasileira nos seus cat\u00e1logos e que educadores e fam\u00edlias incentivem a leitura dessas obras No m\u00eas da Consci\u00eancia Negra \u00e9 importante discutirmos a presen\u00e7a t\u00edmida, mas crescente, das literaturas negras no mercado editorial brasileiro, sobretudo infantojuvenil, e como esse movimento pode ser [&hellip;]<\/p>\n","protected":false},"author":2,"featured_media":36289,"comment_status":"open","ping_status":"open","sticky":false,"template":"","format":"standard","meta":{"footnotes":""},"categories":[4],"tags":[9084,17034,17035,6099,4860,14982],"class_list":["post-36286","post","type-post","status-publish","format-standard","has-post-thumbnail","hentry","category-cultura","tag-antirracismo","tag-artigos-educacao","tag-autores-negros","tag-cultura-afro-brasileira","tag-leitura","tag-literatura-infantojuvenil"],"yoast_head":"<!-- This site is optimized with the Yoast SEO plugin v26.5 - https:\/\/yoast.com\/wordpress\/plugins\/seo\/ -->\n<title>O papel das vozes negras na literatura infantojuvenil - Jornal Fatos e Not\u00edcias<\/title>\n<meta name=\"robots\" content=\"index, follow, max-snippet:-1, max-image-preview:large, max-video-preview:-1\" \/>\n<link rel=\"canonical\" href=\"https:\/\/jornalfatosenoticias.com.br\/index.php\/2022\/11\/23\/o-papel-das-vozes-negras-na-literatura-infantojuvenil\/\" \/>\n<meta property=\"og:locale\" content=\"pt_BR\" \/>\n<meta property=\"og:type\" content=\"article\" \/>\n<meta property=\"og:title\" content=\"O papel das vozes negras na literatura infantojuvenil - Jornal Fatos e Not\u00edcias\" \/>\n<meta property=\"og:description\" content=\"\u00c9 fundamental que as editoras, pequenas e grandes, garantam espa\u00e7o para a cultura afro-brasileira nos seus cat\u00e1logos e que educadores e fam\u00edlias incentivem a leitura dessas obras No m\u00eas da Consci\u00eancia Negra \u00e9 importante discutirmos a presen\u00e7a t\u00edmida, mas crescente, das literaturas negras no mercado editorial brasileiro, sobretudo infantojuvenil, e como esse movimento pode ser [&hellip;]\" \/>\n<meta property=\"og:url\" content=\"https:\/\/jornalfatosenoticias.com.br\/index.php\/2022\/11\/23\/o-papel-das-vozes-negras-na-literatura-infantojuvenil\/\" \/>\n<meta property=\"og:site_name\" content=\"Jornal Fatos e Not\u00edcias\" \/>\n<meta property=\"article:published_time\" content=\"2022-11-23T14:54:57+00:00\" \/>\n<meta property=\"article:modified_time\" content=\"2022-11-23T14:55:01+00:00\" \/>\n<meta property=\"og:image\" content=\"https:\/\/jornalfatosenoticias.com.br\/wp-content\/uploads\/2022\/11\/O-papel-das-vozes-negras-na-literatura-infantojuvenil_Edimilson-e-Ruby.png\" \/>\n\t<meta property=\"og:image:width\" content=\"1000\" \/>\n\t<meta property=\"og:image:height\" content=\"507\" \/>\n\t<meta property=\"og:image:type\" content=\"image\/png\" \/>\n<meta name=\"author\" content=\"Luzimara Fernandes\" \/>\n<meta name=\"twitter:card\" content=\"summary_large_image\" \/>\n<meta name=\"twitter:label1\" content=\"Escrito por\" \/>\n\t<meta name=\"twitter:data1\" content=\"Luzimara Fernandes\" \/>\n\t<meta name=\"twitter:label2\" content=\"Est. tempo de leitura\" \/>\n\t<meta name=\"twitter:data2\" content=\"3 minutos\" \/>\n<script type=\"application\/ld+json\" class=\"yoast-schema-graph\">{\"@context\":\"https:\/\/schema.org\",\"@graph\":[{\"@type\":\"Article\",\"@id\":\"https:\/\/jornalfatosenoticias.com.br\/index.php\/2022\/11\/23\/o-papel-das-vozes-negras-na-literatura-infantojuvenil\/#article\",\"isPartOf\":{\"@id\":\"https:\/\/jornalfatosenoticias.com.br\/index.php\/2022\/11\/23\/o-papel-das-vozes-negras-na-literatura-infantojuvenil\/\"},\"author\":{\"name\":\"Luzimara Fernandes\",\"@id\":\"https:\/\/jornalfatosenoticias.com.br\/#\/schema\/person\/d63837fa13ac8666eb9e74e0985d6f81\"},\"headline\":\"O papel das vozes negras na literatura infantojuvenil\",\"datePublished\":\"2022-11-23T14:54:57+00:00\",\"dateModified\":\"2022-11-23T14:55:01+00:00\",\"mainEntityOfPage\":{\"@id\":\"https:\/\/jornalfatosenoticias.com.br\/index.php\/2022\/11\/23\/o-papel-das-vozes-negras-na-literatura-infantojuvenil\/\"},\"wordCount\":656,\"commentCount\":0,\"publisher\":{\"@id\":\"https:\/\/jornalfatosenoticias.com.br\/#organization\"},\"image\":{\"@id\":\"https:\/\/jornalfatosenoticias.com.br\/index.php\/2022\/11\/23\/o-papel-das-vozes-negras-na-literatura-infantojuvenil\/#primaryimage\"},\"thumbnailUrl\":\"https:\/\/jornalfatosenoticias.com.br\/wp-content\/uploads\/2022\/11\/O-papel-das-vozes-negras-na-literatura-infantojuvenil_Edimilson-e-Ruby.png\",\"keywords\":[\"antirracismo\",\"artigos educa\u00e7\u00e3o\",\"autores negros\",\"cultura afro-brasileira\",\"leitura\",\"literatura infantojuvenil\"],\"articleSection\":[\"Cultura\"],\"inLanguage\":\"pt-BR\",\"potentialAction\":[{\"@type\":\"CommentAction\",\"name\":\"Comment\",\"target\":[\"https:\/\/jornalfatosenoticias.com.br\/index.php\/2022\/11\/23\/o-papel-das-vozes-negras-na-literatura-infantojuvenil\/#respond\"]}]},{\"@type\":\"WebPage\",\"@id\":\"https:\/\/jornalfatosenoticias.com.br\/index.php\/2022\/11\/23\/o-papel-das-vozes-negras-na-literatura-infantojuvenil\/\",\"url\":\"https:\/\/jornalfatosenoticias.com.br\/index.php\/2022\/11\/23\/o-papel-das-vozes-negras-na-literatura-infantojuvenil\/\",\"name\":\"O papel das vozes negras na literatura infantojuvenil - Jornal Fatos e Not\u00edcias\",\"isPartOf\":{\"@id\":\"https:\/\/jornalfatosenoticias.com.br\/#website\"},\"primaryImageOfPage\":{\"@id\":\"https:\/\/jornalfatosenoticias.com.br\/index.php\/2022\/11\/23\/o-papel-das-vozes-negras-na-literatura-infantojuvenil\/#primaryimage\"},\"image\":{\"@id\":\"https:\/\/jornalfatosenoticias.com.br\/index.php\/2022\/11\/23\/o-papel-das-vozes-negras-na-literatura-infantojuvenil\/#primaryimage\"},\"thumbnailUrl\":\"https:\/\/jornalfatosenoticias.com.br\/wp-content\/uploads\/2022\/11\/O-papel-das-vozes-negras-na-literatura-infantojuvenil_Edimilson-e-Ruby.png\",\"datePublished\":\"2022-11-23T14:54:57+00:00\",\"dateModified\":\"2022-11-23T14:55:01+00:00\",\"breadcrumb\":{\"@id\":\"https:\/\/jornalfatosenoticias.com.br\/index.php\/2022\/11\/23\/o-papel-das-vozes-negras-na-literatura-infantojuvenil\/#breadcrumb\"},\"inLanguage\":\"pt-BR\",\"potentialAction\":[{\"@type\":\"ReadAction\",\"target\":[\"https:\/\/jornalfatosenoticias.com.br\/index.php\/2022\/11\/23\/o-papel-das-vozes-negras-na-literatura-infantojuvenil\/\"]}]},{\"@type\":\"ImageObject\",\"inLanguage\":\"pt-BR\",\"@id\":\"https:\/\/jornalfatosenoticias.com.br\/index.php\/2022\/11\/23\/o-papel-das-vozes-negras-na-literatura-infantojuvenil\/#primaryimage\",\"url\":\"https:\/\/jornalfatosenoticias.com.br\/wp-content\/uploads\/2022\/11\/O-papel-das-vozes-negras-na-literatura-infantojuvenil_Edimilson-e-Ruby.png\",\"contentUrl\":\"https:\/\/jornalfatosenoticias.com.br\/wp-content\/uploads\/2022\/11\/O-papel-das-vozes-negras-na-literatura-infantojuvenil_Edimilson-e-Ruby.png\",\"width\":1000,\"height\":507},{\"@type\":\"BreadcrumbList\",\"@id\":\"https:\/\/jornalfatosenoticias.com.br\/index.php\/2022\/11\/23\/o-papel-das-vozes-negras-na-literatura-infantojuvenil\/#breadcrumb\",\"itemListElement\":[{\"@type\":\"ListItem\",\"position\":1,\"name\":\"In\u00edcio\",\"item\":\"https:\/\/jornalfatosenoticias.com.br\/\"},{\"@type\":\"ListItem\",\"position\":2,\"name\":\"O papel das vozes negras na literatura infantojuvenil\"}]},{\"@type\":\"WebSite\",\"@id\":\"https:\/\/jornalfatosenoticias.com.br\/#website\",\"url\":\"https:\/\/jornalfatosenoticias.com.br\/\",\"name\":\"Jornal Fatos e Not\u00edcias\",\"description\":\"Not\u00edcias em geral\",\"publisher\":{\"@id\":\"https:\/\/jornalfatosenoticias.com.br\/#organization\"},\"potentialAction\":[{\"@type\":\"SearchAction\",\"target\":{\"@type\":\"EntryPoint\",\"urlTemplate\":\"https:\/\/jornalfatosenoticias.com.br\/?s={search_term_string}\"},\"query-input\":{\"@type\":\"PropertyValueSpecification\",\"valueRequired\":true,\"valueName\":\"search_term_string\"}}],\"inLanguage\":\"pt-BR\"},{\"@type\":\"Organization\",\"@id\":\"https:\/\/jornalfatosenoticias.com.br\/#organization\",\"name\":\"Jornal Fatos e Not\u00edcias\",\"url\":\"https:\/\/jornalfatosenoticias.com.br\/\",\"logo\":{\"@type\":\"ImageObject\",\"inLanguage\":\"pt-BR\",\"@id\":\"https:\/\/jornalfatosenoticias.com.br\/#\/schema\/logo\/image\/\",\"url\":\"https:\/\/jornalfatosenoticias.com.br\/wp-content\/uploads\/2020\/02\/logo120.png\",\"contentUrl\":\"https:\/\/jornalfatosenoticias.com.br\/wp-content\/uploads\/2020\/02\/logo120.png\",\"width\":1227,\"height\":120,\"caption\":\"Jornal Fatos e Not\u00edcias\"},\"image\":{\"@id\":\"https:\/\/jornalfatosenoticias.com.br\/#\/schema\/logo\/image\/\"}},{\"@type\":\"Person\",\"@id\":\"https:\/\/jornalfatosenoticias.com.br\/#\/schema\/person\/d63837fa13ac8666eb9e74e0985d6f81\",\"name\":\"Luzimara Fernandes\",\"image\":{\"@type\":\"ImageObject\",\"inLanguage\":\"pt-BR\",\"@id\":\"https:\/\/jornalfatosenoticias.com.br\/#\/schema\/person\/image\/\",\"url\":\"https:\/\/jornalfatosenoticias.com.br\/wp-content\/uploads\/2025\/05\/EU_portal.jpg\",\"contentUrl\":\"https:\/\/jornalfatosenoticias.com.br\/wp-content\/uploads\/2025\/05\/EU_portal.jpg\",\"caption\":\"Luzimara Fernandes\"},\"description\":\"Jornalista MTB 2358-ES\",\"sameAs\":[\"https:\/\/jornalfatosenoticias.com.br\"],\"url\":\"https:\/\/jornalfatosenoticias.com.br\/index.php\/author\/luzimara\/\"}]}<\/script>\n<!-- \/ Yoast SEO plugin. -->","yoast_head_json":{"title":"O papel das vozes negras na literatura infantojuvenil - Jornal Fatos e Not\u00edcias","robots":{"index":"index","follow":"follow","max-snippet":"max-snippet:-1","max-image-preview":"max-image-preview:large","max-video-preview":"max-video-preview:-1"},"canonical":"https:\/\/jornalfatosenoticias.com.br\/index.php\/2022\/11\/23\/o-papel-das-vozes-negras-na-literatura-infantojuvenil\/","og_locale":"pt_BR","og_type":"article","og_title":"O papel das vozes negras na literatura infantojuvenil - Jornal Fatos e Not\u00edcias","og_description":"\u00c9 fundamental que as editoras, pequenas e grandes, garantam espa\u00e7o para a cultura afro-brasileira nos seus cat\u00e1logos e que educadores e fam\u00edlias incentivem a leitura dessas obras No m\u00eas da Consci\u00eancia Negra \u00e9 importante discutirmos a presen\u00e7a t\u00edmida, mas crescente, das literaturas negras no mercado editorial brasileiro, sobretudo infantojuvenil, e como esse movimento pode ser [&hellip;]","og_url":"https:\/\/jornalfatosenoticias.com.br\/index.php\/2022\/11\/23\/o-papel-das-vozes-negras-na-literatura-infantojuvenil\/","og_site_name":"Jornal Fatos e Not\u00edcias","article_published_time":"2022-11-23T14:54:57+00:00","article_modified_time":"2022-11-23T14:55:01+00:00","og_image":[{"width":1000,"height":507,"url":"https:\/\/jornalfatosenoticias.com.br\/wp-content\/uploads\/2022\/11\/O-papel-das-vozes-negras-na-literatura-infantojuvenil_Edimilson-e-Ruby.png","type":"image\/png"}],"author":"Luzimara Fernandes","twitter_card":"summary_large_image","twitter_misc":{"Escrito por":"Luzimara Fernandes","Est. tempo de leitura":"3 minutos"},"schema":{"@context":"https:\/\/schema.org","@graph":[{"@type":"Article","@id":"https:\/\/jornalfatosenoticias.com.br\/index.php\/2022\/11\/23\/o-papel-das-vozes-negras-na-literatura-infantojuvenil\/#article","isPartOf":{"@id":"https:\/\/jornalfatosenoticias.com.br\/index.php\/2022\/11\/23\/o-papel-das-vozes-negras-na-literatura-infantojuvenil\/"},"author":{"name":"Luzimara Fernandes","@id":"https:\/\/jornalfatosenoticias.com.br\/#\/schema\/person\/d63837fa13ac8666eb9e74e0985d6f81"},"headline":"O papel das vozes negras na literatura infantojuvenil","datePublished":"2022-11-23T14:54:57+00:00","dateModified":"2022-11-23T14:55:01+00:00","mainEntityOfPage":{"@id":"https:\/\/jornalfatosenoticias.com.br\/index.php\/2022\/11\/23\/o-papel-das-vozes-negras-na-literatura-infantojuvenil\/"},"wordCount":656,"commentCount":0,"publisher":{"@id":"https:\/\/jornalfatosenoticias.com.br\/#organization"},"image":{"@id":"https:\/\/jornalfatosenoticias.com.br\/index.php\/2022\/11\/23\/o-papel-das-vozes-negras-na-literatura-infantojuvenil\/#primaryimage"},"thumbnailUrl":"https:\/\/jornalfatosenoticias.com.br\/wp-content\/uploads\/2022\/11\/O-papel-das-vozes-negras-na-literatura-infantojuvenil_Edimilson-e-Ruby.png","keywords":["antirracismo","artigos educa\u00e7\u00e3o","autores negros","cultura afro-brasileira","leitura","literatura infantojuvenil"],"articleSection":["Cultura"],"inLanguage":"pt-BR","potentialAction":[{"@type":"CommentAction","name":"Comment","target":["https:\/\/jornalfatosenoticias.com.br\/index.php\/2022\/11\/23\/o-papel-das-vozes-negras-na-literatura-infantojuvenil\/#respond"]}]},{"@type":"WebPage","@id":"https:\/\/jornalfatosenoticias.com.br\/index.php\/2022\/11\/23\/o-papel-das-vozes-negras-na-literatura-infantojuvenil\/","url":"https:\/\/jornalfatosenoticias.com.br\/index.php\/2022\/11\/23\/o-papel-das-vozes-negras-na-literatura-infantojuvenil\/","name":"O papel das vozes negras na literatura infantojuvenil - Jornal Fatos e Not\u00edcias","isPartOf":{"@id":"https:\/\/jornalfatosenoticias.com.br\/#website"},"primaryImageOfPage":{"@id":"https:\/\/jornalfatosenoticias.com.br\/index.php\/2022\/11\/23\/o-papel-das-vozes-negras-na-literatura-infantojuvenil\/#primaryimage"},"image":{"@id":"https:\/\/jornalfatosenoticias.com.br\/index.php\/2022\/11\/23\/o-papel-das-vozes-negras-na-literatura-infantojuvenil\/#primaryimage"},"thumbnailUrl":"https:\/\/jornalfatosenoticias.com.br\/wp-content\/uploads\/2022\/11\/O-papel-das-vozes-negras-na-literatura-infantojuvenil_Edimilson-e-Ruby.png","datePublished":"2022-11-23T14:54:57+00:00","dateModified":"2022-11-23T14:55:01+00:00","breadcrumb":{"@id":"https:\/\/jornalfatosenoticias.com.br\/index.php\/2022\/11\/23\/o-papel-das-vozes-negras-na-literatura-infantojuvenil\/#breadcrumb"},"inLanguage":"pt-BR","potentialAction":[{"@type":"ReadAction","target":["https:\/\/jornalfatosenoticias.com.br\/index.php\/2022\/11\/23\/o-papel-das-vozes-negras-na-literatura-infantojuvenil\/"]}]},{"@type":"ImageObject","inLanguage":"pt-BR","@id":"https:\/\/jornalfatosenoticias.com.br\/index.php\/2022\/11\/23\/o-papel-das-vozes-negras-na-literatura-infantojuvenil\/#primaryimage","url":"https:\/\/jornalfatosenoticias.com.br\/wp-content\/uploads\/2022\/11\/O-papel-das-vozes-negras-na-literatura-infantojuvenil_Edimilson-e-Ruby.png","contentUrl":"https:\/\/jornalfatosenoticias.com.br\/wp-content\/uploads\/2022\/11\/O-papel-das-vozes-negras-na-literatura-infantojuvenil_Edimilson-e-Ruby.png","width":1000,"height":507},{"@type":"BreadcrumbList","@id":"https:\/\/jornalfatosenoticias.com.br\/index.php\/2022\/11\/23\/o-papel-das-vozes-negras-na-literatura-infantojuvenil\/#breadcrumb","itemListElement":[{"@type":"ListItem","position":1,"name":"In\u00edcio","item":"https:\/\/jornalfatosenoticias.com.br\/"},{"@type":"ListItem","position":2,"name":"O papel das vozes negras na literatura infantojuvenil"}]},{"@type":"WebSite","@id":"https:\/\/jornalfatosenoticias.com.br\/#website","url":"https:\/\/jornalfatosenoticias.com.br\/","name":"Jornal Fatos e Not\u00edcias","description":"Not\u00edcias em geral","publisher":{"@id":"https:\/\/jornalfatosenoticias.com.br\/#organization"},"potentialAction":[{"@type":"SearchAction","target":{"@type":"EntryPoint","urlTemplate":"https:\/\/jornalfatosenoticias.com.br\/?s={search_term_string}"},"query-input":{"@type":"PropertyValueSpecification","valueRequired":true,"valueName":"search_term_string"}}],"inLanguage":"pt-BR"},{"@type":"Organization","@id":"https:\/\/jornalfatosenoticias.com.br\/#organization","name":"Jornal Fatos e Not\u00edcias","url":"https:\/\/jornalfatosenoticias.com.br\/","logo":{"@type":"ImageObject","inLanguage":"pt-BR","@id":"https:\/\/jornalfatosenoticias.com.br\/#\/schema\/logo\/image\/","url":"https:\/\/jornalfatosenoticias.com.br\/wp-content\/uploads\/2020\/02\/logo120.png","contentUrl":"https:\/\/jornalfatosenoticias.com.br\/wp-content\/uploads\/2020\/02\/logo120.png","width":1227,"height":120,"caption":"Jornal Fatos e Not\u00edcias"},"image":{"@id":"https:\/\/jornalfatosenoticias.com.br\/#\/schema\/logo\/image\/"}},{"@type":"Person","@id":"https:\/\/jornalfatosenoticias.com.br\/#\/schema\/person\/d63837fa13ac8666eb9e74e0985d6f81","name":"Luzimara Fernandes","image":{"@type":"ImageObject","inLanguage":"pt-BR","@id":"https:\/\/jornalfatosenoticias.com.br\/#\/schema\/person\/image\/","url":"https:\/\/jornalfatosenoticias.com.br\/wp-content\/uploads\/2025\/05\/EU_portal.jpg","contentUrl":"https:\/\/jornalfatosenoticias.com.br\/wp-content\/uploads\/2025\/05\/EU_portal.jpg","caption":"Luzimara Fernandes"},"description":"Jornalista MTB 2358-ES","sameAs":["https:\/\/jornalfatosenoticias.com.br"],"url":"https:\/\/jornalfatosenoticias.com.br\/index.php\/author\/luzimara\/"}]}},"cc_featured_image_caption":{"caption_text":"(Foto: Divulga\u00e7\u00e3o) \r\n","source_text":"","source_url":""},"jetpack_featured_media_url":"https:\/\/jornalfatosenoticias.com.br\/wp-content\/uploads\/2022\/11\/O-papel-das-vozes-negras-na-literatura-infantojuvenil_Edimilson-e-Ruby.png","_links":{"self":[{"href":"https:\/\/jornalfatosenoticias.com.br\/index.php\/wp-json\/wp\/v2\/posts\/36286","targetHints":{"allow":["GET"]}}],"collection":[{"href":"https:\/\/jornalfatosenoticias.com.br\/index.php\/wp-json\/wp\/v2\/posts"}],"about":[{"href":"https:\/\/jornalfatosenoticias.com.br\/index.php\/wp-json\/wp\/v2\/types\/post"}],"author":[{"embeddable":true,"href":"https:\/\/jornalfatosenoticias.com.br\/index.php\/wp-json\/wp\/v2\/users\/2"}],"replies":[{"embeddable":true,"href":"https:\/\/jornalfatosenoticias.com.br\/index.php\/wp-json\/wp\/v2\/comments?post=36286"}],"version-history":[{"count":0,"href":"https:\/\/jornalfatosenoticias.com.br\/index.php\/wp-json\/wp\/v2\/posts\/36286\/revisions"}],"wp:featuredmedia":[{"embeddable":true,"href":"https:\/\/jornalfatosenoticias.com.br\/index.php\/wp-json\/wp\/v2\/media\/36289"}],"wp:attachment":[{"href":"https:\/\/jornalfatosenoticias.com.br\/index.php\/wp-json\/wp\/v2\/media?parent=36286"}],"wp:term":[{"taxonomy":"category","embeddable":true,"href":"https:\/\/jornalfatosenoticias.com.br\/index.php\/wp-json\/wp\/v2\/categories?post=36286"},{"taxonomy":"post_tag","embeddable":true,"href":"https:\/\/jornalfatosenoticias.com.br\/index.php\/wp-json\/wp\/v2\/tags?post=36286"}],"curies":[{"name":"wp","href":"https:\/\/api.w.org\/{rel}","templated":true}]}}