{"id":36305,"date":"2022-11-24T12:56:04","date_gmt":"2022-11-24T15:56:04","guid":{"rendered":"https:\/\/jornalfatosenoticias.com.br\/?p=36305"},"modified":"2022-11-24T12:56:07","modified_gmt":"2022-11-24T15:56:07","slug":"o-pt-e-a-memoravel-copa-de-2014","status":"publish","type":"post","link":"https:\/\/jornalfatosenoticias.com.br\/index.php\/2022\/11\/24\/o-pt-e-a-memoravel-copa-de-2014\/","title":{"rendered":"O PT e a \u2018memor\u00e1vel\u2019 Copa de 2014"},"content":{"rendered":"\n<div class=\"wp-block-image\"><figure class=\"aligncenter size-large\"><img loading=\"lazy\" decoding=\"async\" width=\"1024\" height=\"110\" src=\"https:\/\/jornalfatosenoticias.com.br\/wp-content\/uploads\/2022\/10\/Arte-jornal-Zucchi-1120x120_Prancheta-1-1024x110.jpg\" alt=\"\" class=\"wp-image-34772\" srcset=\"https:\/\/jornalfatosenoticias.com.br\/wp-content\/uploads\/2022\/10\/Arte-jornal-Zucchi-1120x120_Prancheta-1-1024x110.jpg 1024w, https:\/\/jornalfatosenoticias.com.br\/wp-content\/uploads\/2022\/10\/Arte-jornal-Zucchi-1120x120_Prancheta-1-300x32.jpg 300w, https:\/\/jornalfatosenoticias.com.br\/wp-content\/uploads\/2022\/10\/Arte-jornal-Zucchi-1120x120_Prancheta-1-768x82.jpg 768w, https:\/\/jornalfatosenoticias.com.br\/wp-content\/uploads\/2022\/10\/Arte-jornal-Zucchi-1120x120_Prancheta-1-1536x165.jpg 1536w, https:\/\/jornalfatosenoticias.com.br\/wp-content\/uploads\/2022\/10\/Arte-jornal-Zucchi-1120x120_Prancheta-1-2048x219.jpg 2048w\" sizes=\"auto, (max-width: 1024px) 100vw, 1024px\" \/><\/figure><\/div>\n\n\n\n<p>Est\u00e1 sendo realizada, no Catar, a vig\u00e9sima segunda edi\u00e7\u00e3o da Copa do Mundo de Futebol Masculino e, como amante da modalidade e antenado na pol\u00edtica nacional, n\u00e3o poderia deixar de lembrar das decep\u00e7\u00f5es que vivemos tanto dentro como fora de campo em 2014.<\/p>\n\n\n\n<div class=\"wp-block-image\"><figure class=\"aligncenter size-large\"><img decoding=\"async\" src=\"https:\/\/jornalfatosenoticias.com.br\/wp-content\/uploads\/2020\/02\/Serra-Grande-1024x160.png\" alt=\"\" class=\"wp-image-7836\"\/><\/figure><\/div>\n\n\n\n<p>Dentro das quatro linhas, quem n\u00e3o se lembra da fat\u00eddica derrota de 7 a 1 da nossa sele\u00e7\u00e3o para a Alemanha no dia 08 de julho, na \u00e9poca, comandada por Felip\u00e3o? Com um gol atr\u00e1s do outro, a coisa parecia n\u00e3o ter fim, at\u00e9 que, para nosso al\u00edvio, elegantemente, a m\u00e1quina germ\u00e2nica, estrategicamente vestida com uniforme semelhante ao do Flamengo, por respeito ao futebol pentacampe\u00e3o, pisou no freio\u2026 Ufa!<\/p>\n\n\n\n<div class=\"wp-block-image\"><figure class=\"aligncenter size-large is-resized\"><img loading=\"lazy\" decoding=\"async\" src=\"https:\/\/jornalfatosenoticias.com.br\/wp-content\/uploads\/2022\/07\/Logo-Grupo-SEI.jpg\" alt=\"\" class=\"wp-image-31973\" width=\"301\" height=\"158\" srcset=\"https:\/\/jornalfatosenoticias.com.br\/wp-content\/uploads\/2022\/07\/Logo-Grupo-SEI.jpg 713w, https:\/\/jornalfatosenoticias.com.br\/wp-content\/uploads\/2022\/07\/Logo-Grupo-SEI-300x158.jpg 300w\" sizes=\"auto, (max-width: 301px) 100vw, 301px\" \/><\/figure><\/div>\n\n\n\n<p>Na contram\u00e3o do fiasco futebol\u00edstico, fora de campo, no Partido dos Trabalhadores (PT), com seus doze anos consecutivos de governo e entrando na porta do impeachment de Dilma, tudo era festa e muita, mais muita corrup\u00e7\u00e3o e farra com o dinheiro p\u00fablico. Uma nuvem ofuscava a vis\u00e3o da realidade da massa brasileira que vivia num estado euf\u00f3rico e irreal, afinal, o modelo pol\u00edtico era do \u201cp\u00e3o e circo\u201d, muitos n\u00e3o imaginavam que a conta chegaria, e com juros e corre\u00e7\u00e3o.<\/p>\n\n\n\n<div class=\"wp-block-image\"><figure class=\"aligncenter size-large\"><img loading=\"lazy\" decoding=\"async\" width=\"1024\" height=\"100\" src=\"https:\/\/jornalfatosenoticias.com.br\/wp-content\/uploads\/2022\/05\/NOVA-LOGO-CESCONETTO-1024x100.jpg\" alt=\"\" class=\"wp-image-30792\" srcset=\"https:\/\/jornalfatosenoticias.com.br\/wp-content\/uploads\/2022\/05\/NOVA-LOGO-CESCONETTO-1024x100.jpg 1024w, https:\/\/jornalfatosenoticias.com.br\/wp-content\/uploads\/2022\/05\/NOVA-LOGO-CESCONETTO-300x29.jpg 300w, https:\/\/jornalfatosenoticias.com.br\/wp-content\/uploads\/2022\/05\/NOVA-LOGO-CESCONETTO-768x75.jpg 768w, https:\/\/jornalfatosenoticias.com.br\/wp-content\/uploads\/2022\/05\/NOVA-LOGO-CESCONETTO.jpg 1280w\" sizes=\"auto, (max-width: 1024px) 100vw, 1024px\" \/><\/figure><\/div>\n\n\n\n<p>Ap\u00f3s o sorteio que contemplou o Brasil para sediar o evento, as condi\u00e7\u00f5es da Federa\u00e7\u00e3o Internacional de Futebol (Fifa) \u2014 institui\u00e7\u00e3o esportiva que, mais tarde, se mostrou uma das mais corruptas do mundo \u2014 elencavam exig\u00eancias a serem cumpridas e, dentre elas, a que nossos est\u00e1dios sofressem adapta\u00e7\u00f5es e outros fossem constru\u00eddos, como foi o caso da Arena Pantanal. Mas, como bem disse, o pr\u00f3prio petista, Milton Nascimento \u201co corrupto vai aonde o dinheiro est\u00e1\u201d e os ratos de plant\u00e3o n\u00e3o perderam tempo.<\/p>\n\n\n\n<div class=\"wp-block-image\"><figure class=\"aligncenter size-large is-resized\"><img loading=\"lazy\" decoding=\"async\" src=\"https:\/\/jornalfatosenoticias.com.br\/wp-content\/uploads\/2020\/02\/casa-do-torresmo_portal.jpg\" alt=\"\" class=\"wp-image-34472\" width=\"267\" height=\"267\" srcset=\"https:\/\/jornalfatosenoticias.com.br\/wp-content\/uploads\/2020\/02\/casa-do-torresmo_portal.jpg 300w, https:\/\/jornalfatosenoticias.com.br\/wp-content\/uploads\/2020\/02\/casa-do-torresmo_portal-150x150.jpg 150w\" sizes=\"auto, (max-width: 267px) 100vw, 267px\" \/><\/figure><\/div>\n\n\n\n<p>S\u00f3 para se ter uma ideia da magnitude do iceberg da corrup\u00e7\u00e3o, autoridades do judici\u00e1rio, governadores e parlamentares da legenda petista e de partidos da base do governo Dilma, poste de seu antecessor, Lula da Silva, que fizeram parte do esquema se beneficiaram em mais de R$ 120,9 milh\u00f5es em propinas, conforme depoimentos de acusados na Lava Jato.<\/p>\n\n\n\n<div class=\"wp-block-image\"><figure class=\"aligncenter size-large\"><img loading=\"lazy\" decoding=\"async\" width=\"1024\" height=\"111\" src=\"https:\/\/jornalfatosenoticias.com.br\/wp-content\/uploads\/2020\/02\/WhatsApp-Image-2022-09-23-at-12.09.18-1024x111.jpeg\" alt=\"\" class=\"wp-image-34527\" srcset=\"https:\/\/jornalfatosenoticias.com.br\/wp-content\/uploads\/2020\/02\/WhatsApp-Image-2022-09-23-at-12.09.18-1024x111.jpeg 1024w, https:\/\/jornalfatosenoticias.com.br\/wp-content\/uploads\/2020\/02\/WhatsApp-Image-2022-09-23-at-12.09.18-300x32.jpeg 300w, https:\/\/jornalfatosenoticias.com.br\/wp-content\/uploads\/2020\/02\/WhatsApp-Image-2022-09-23-at-12.09.18-768x83.jpeg 768w, https:\/\/jornalfatosenoticias.com.br\/wp-content\/uploads\/2020\/02\/WhatsApp-Image-2022-09-23-at-12.09.18.jpeg 1121w\" sizes=\"auto, (max-width: 1024px) 100vw, 1024px\" \/><\/figure><\/div>\n\n\n\n<p>Segundo delatores das empreiteiras Andrade Gutierrez (Ot\u00e1vio Marques de Azevedo) e Odebrecht (Marcelo Odebrecht), somente o ex-governador do Rio de Janeiro, S\u00e9rgio Cabral, recebeu mais de R$ 6,3 milh\u00f5es na reforma que teria o valor inicial de R$ 600 milh\u00f5es, mas chegou, ao final, na cifra de R$ 1,5 bilh\u00e3o com o superfaturamento. Nessa mesma empreitada, hoje cumprindo pena, est\u00e3o o presidente Jonas Lopes e integrantes do Tribunal de Contas do Estado, que teriam cobrado propina para aprovar a concess\u00e3o do est\u00e1dio.<\/p>\n\n\n\n<div class=\"wp-block-image\"><figure class=\"aligncenter size-large\"><img loading=\"lazy\" decoding=\"async\" width=\"300\" height=\"250\" src=\"https:\/\/jornalfatosenoticias.com.br\/wp-content\/uploads\/2022\/08\/arte-Casarao.jpg\" alt=\"\" class=\"wp-image-33178\"\/><\/figure><\/div>\n\n\n\n<p>A Arena Corintiana, outra na lista dos est\u00e1dios superfaturados, passou de R$ 420 milh\u00f5es para R$ 820 milh\u00f5es. Nesse, o ex-dirigente do clube e deputado federal, Andr\u00e9s Sanchez (PT), recebeu R$ 500 mil e Vicente C\u00e2ndido, dirigente da CBF, R$ 50 mil.<\/p>\n\n\n\n<div class=\"wp-block-image\"><figure class=\"aligncenter size-large\"><img loading=\"lazy\" decoding=\"async\" width=\"560\" height=\"60\" src=\"https:\/\/jornalfatosenoticias.com.br\/wp-content\/uploads\/2022\/10\/Propaganda-RC-Radiadores-Jornal_page-0001.jpg\" alt=\"\" class=\"wp-image-35270\" srcset=\"https:\/\/jornalfatosenoticias.com.br\/wp-content\/uploads\/2022\/10\/Propaganda-RC-Radiadores-Jornal_page-0001.jpg 560w, https:\/\/jornalfatosenoticias.com.br\/wp-content\/uploads\/2022\/10\/Propaganda-RC-Radiadores-Jornal_page-0001-300x32.jpg 300w\" sizes=\"auto, (max-width: 560px) 100vw, 560px\" \/><\/figure><\/div>\n\n\n\n<div class=\"wp-block-jetpack-slideshow aligncenter\" data-effect=\"slide\"><div class=\"wp-block-jetpack-slideshow_container swiper-container\"><ul class=\"wp-block-jetpack-slideshow_swiper-wrapper swiper-wrapper\"><li class=\"wp-block-jetpack-slideshow_slide swiper-slide\"><figure><img loading=\"lazy\" decoding=\"async\" width=\"1000\" height=\"666\" alt=\"\" class=\"wp-block-jetpack-slideshow_image wp-image-36306\" data-id=\"36306\" src=\"https:\/\/jornalfatosenoticias.com.br\/wp-content\/uploads\/2022\/11\/Brasilia_Stadium_mane-garrincha.jpg\" srcset=\"https:\/\/jornalfatosenoticias.com.br\/wp-content\/uploads\/2022\/11\/Brasilia_Stadium_mane-garrincha.jpg 1000w, https:\/\/jornalfatosenoticias.com.br\/wp-content\/uploads\/2022\/11\/Brasilia_Stadium_mane-garrincha-300x200.jpg 300w, https:\/\/jornalfatosenoticias.com.br\/wp-content\/uploads\/2022\/11\/Brasilia_Stadium_mane-garrincha-768x511.jpg 768w\" sizes=\"auto, (max-width: 1000px) 100vw, 1000px\" \/><figcaption class=\"wp-block-jetpack-slideshow_caption gallery-caption\">Est\u00e1dio Man\u00e9 Garrincha\/DF \u2013 Constru\u00e7\u00e3o mais cara da Copa de 2014 (Foto: Wikip\u00e9dia)<\/figcaption><\/figure><\/li><li class=\"wp-block-jetpack-slideshow_slide swiper-slide\"><figure><img loading=\"lazy\" decoding=\"async\" width=\"1000\" height=\"666\" alt=\"\" class=\"wp-block-jetpack-slideshow_image wp-image-36307\" data-id=\"36307\" src=\"https:\/\/jornalfatosenoticias.com.br\/wp-content\/uploads\/2022\/11\/maracana-by-marchello74.jpg\" srcset=\"https:\/\/jornalfatosenoticias.com.br\/wp-content\/uploads\/2022\/11\/maracana-by-marchello74.jpg 1000w, https:\/\/jornalfatosenoticias.com.br\/wp-content\/uploads\/2022\/11\/maracana-by-marchello74-300x200.jpg 300w, https:\/\/jornalfatosenoticias.com.br\/wp-content\/uploads\/2022\/11\/maracana-by-marchello74-768x511.jpg 768w\" sizes=\"auto, (max-width: 1000px) 100vw, 1000px\" \/><figcaption class=\"wp-block-jetpack-slideshow_caption gallery-caption\">Maracan\u00e3 \u2013 Campe\u00e3o da Copa da Propina (Foto: marchello74\/Shutterstock)<\/figcaption><\/figure><\/li><\/ul><a class=\"wp-block-jetpack-slideshow_button-prev swiper-button-prev swiper-button-white\" role=\"button\"><\/a><a class=\"wp-block-jetpack-slideshow_button-next swiper-button-next swiper-button-white\" role=\"button\"><\/a><a aria-label=\"Pause Slideshow\" class=\"wp-block-jetpack-slideshow_button-pause\" role=\"button\"><\/a><div class=\"wp-block-jetpack-slideshow_pagination swiper-pagination swiper-pagination-white\"><\/div><\/div><\/div>\n\n\n\n<div class=\"wp-block-image\"><figure class=\"alignleft size-large\"><img decoding=\"async\" src=\"https:\/\/jornalfatosenoticias.com.br\/wp-content\/uploads\/2020\/02\/barao-das-carnes-300x164-1.jpg\" alt=\"\" class=\"wp-image-34339\"\/><\/figure><\/div>\n\n\n\n<p>Para simplificar, mais um epis\u00f3dio envolvendo o PT e seus comparsas, o Mineir\u00e3o (de R$ 466,1 milh\u00f5es chegou a R$ 695 milh\u00f5es). O governador petista, Fernando Pimentel, a JBS, a HAP Construtora, a Construcap e a Egesa, foram citados pelos delatores.<br>O Man\u00e9 Garrincha (passou de R$ 745, milh\u00f5es para o valor final R$ 1,4 bilh\u00e3o). Nessa, os envolvidos foram os ex-governadores do Distrito Federal, Agnelo Queiroz e Jos\u00e9 Roberto Arruda, que exigiram 1% de \u201cbola\u201d sobre o valor do est\u00e1dio, detalhe, o mais caro de todos.<\/p>\n\n\n\n<div class=\"wp-block-image\"><figure class=\"aligncenter size-large\"><img loading=\"lazy\" decoding=\"async\" width=\"1024\" height=\"100\" src=\"https:\/\/jornalfatosenoticias.com.br\/wp-content\/uploads\/2020\/02\/banner_ferramentas-1024x100.jpg\" alt=\"\" class=\"wp-image-1258\" srcset=\"https:\/\/jornalfatosenoticias.com.br\/wp-content\/uploads\/2020\/02\/banner_ferramentas-1024x100.jpg 1024w, https:\/\/jornalfatosenoticias.com.br\/wp-content\/uploads\/2020\/02\/banner_ferramentas-300x29.jpg 300w, https:\/\/jornalfatosenoticias.com.br\/wp-content\/uploads\/2020\/02\/banner_ferramentas-768x75.jpg 768w, https:\/\/jornalfatosenoticias.com.br\/wp-content\/uploads\/2020\/02\/banner_ferramentas.jpg 1227w\" sizes=\"auto, (max-width: 1024px) 100vw, 1024px\" \/><\/figure><\/div>\n\n\n\n<p>A Arena da Amaz\u00f4nia, com custo Inicial de R$ 515 milh\u00f5es, chegou a R$ 660,5 milh\u00f5es. Adivinhem quem esteve envolvido? Omar Aziz, o mesmo do circo da covid no Senado Federal, que levou 5% da empreiteira Andrade Gutierrez, juntamente com o ex-governador Eduardo Braga (PMDB).<\/p>\n\n\n\n<div class=\"wp-block-image\"><figure class=\"aligncenter size-large\"><img decoding=\"async\" src=\"https:\/\/jornalfatosenoticias.com.br\/wp-content\/uploads\/2020\/02\/logo_esteio.jpg\" alt=\"\" class=\"wp-image-1214\"\/><\/figure><\/div>\n\n\n\n<p>A Arena da Dunas com projeto inicial de R$ 350 milh\u00f5es teve o valor final de R$ 400 milh\u00f5es. O senador Agripino Maia (DEM), o ex-deputado Henrique Eduardo Alves (PMDB) e a OAS foram os investigados.<br>Arena Pernambuco, R$ 4 milh\u00f5es de superfaturamento; Arena fonte Nova, de R$ 591,7 milh\u00f5es passou a R$ 684,4 milh\u00f5es (investigados Andrade Gutierrez e Odebrecht).<\/p>\n\n\n\n<div class=\"wp-block-image\"><figure class=\"aligncenter size-large is-resized\"><img loading=\"lazy\" decoding=\"async\" src=\"https:\/\/jornalfatosenoticias.com.br\/wp-content\/uploads\/2022\/02\/Precisao-Contabilidade-1024x724.jpg\" alt=\"\" class=\"wp-image-28088\" width=\"284\" height=\"201\"\/><\/figure><\/div>\n\n\n\n<p>Castel\u00e3o, R$ 518,6 milh\u00f5es para R$ 623 milh\u00f5es (investigados: Andrade Gutierrez, Odebrechet e Queiroz Galv\u00e3o) e Arena do Pantanal que, de R$ 454,2 milh\u00f5es foi finalizada por R$ 570,1 milh\u00f5es (investigado o ex-governador Silva Barbosa (PMDB), acusado de receber R$ 5 milh\u00f5es de propina. Na \u00e9poca, Gil Castelo Branco, diretor-geral da ONG Contas Abertas, disse que o valor pode ser considerado pequeno diante dos R$ 8,3 bilh\u00f5es que custaram as arenas. Esse \u00e9 apenas um dos fatos que justifica a preocupa\u00e7\u00e3o de todos n\u00f3s que dia e noite resistimos em frente aos quart\u00e9is, clamando por socorro.<\/p>\n\n\n\n<div class=\"wp-block-image\"><figure class=\"alignright size-large is-resized\"><img loading=\"lazy\" decoding=\"async\" src=\"https:\/\/jornalfatosenoticias.com.br\/wp-content\/uploads\/2022\/08\/logo-locau-veiculos-1024x573.png\" alt=\"\" class=\"wp-image-33078\" width=\"303\" height=\"169\"\/><\/figure><\/div>\n\n\n\n<p>Entre Copa do Mundo, Olimp\u00edada, Petrol\u00e3o, Mensal\u00e3o e tantos outros esc\u00e2ndalos nos quatorze anos que o denominado Partido dos Trabalhadores esteve \u00e0 frente do Pa\u00eds, podemos entender os reais interesses da gangue petista. A popula\u00e7\u00e3o sabe da manobra do judici\u00e1rio, onde forjaram a vit\u00f3ria de um ex-condenado \u00e0 presid\u00eancia. Temos um judici\u00e1rio corrompido, onde tiranos ditam ordens a todo instante contra tudo e contra todos e, para piorar, um presidente in\u00fatil e imprest\u00e1vel no Senado, Rodrigo Pacheco, que tamb\u00e9m merece o mesmo destino do seu apadrinhado Alexandre Moraes, o impeachment.<\/p>\n\n\n\n<div class=\"wp-block-image\"><figure class=\"aligncenter size-large\"><img loading=\"lazy\" decoding=\"async\" width=\"1024\" height=\"103\" src=\"https:\/\/jornalfatosenoticias.com.br\/wp-content\/uploads\/2022\/02\/Arte-Autoescola-Galatas_endereco_portal-1024x103.png\" alt=\"\" class=\"wp-image-27869\" srcset=\"https:\/\/jornalfatosenoticias.com.br\/wp-content\/uploads\/2022\/02\/Arte-Autoescola-Galatas_endereco_portal-1024x103.png 1024w, https:\/\/jornalfatosenoticias.com.br\/wp-content\/uploads\/2022\/02\/Arte-Autoescola-Galatas_endereco_portal-300x30.png 300w, https:\/\/jornalfatosenoticias.com.br\/wp-content\/uploads\/2022\/02\/Arte-Autoescola-Galatas_endereco_portal-768x77.png 768w, https:\/\/jornalfatosenoticias.com.br\/wp-content\/uploads\/2022\/02\/Arte-Autoescola-Galatas_endereco_portal.png 1223w\" sizes=\"auto, (max-width: 1024px) 100vw, 1024px\" \/><\/figure><\/div>\n\n\n\n<p>A nossa democracia est\u00e1 amea\u00e7ada por um judici\u00e1rio esquizofr\u00eanico, estamos em plena ditadura, n\u00e3o vivemos mais numa democracia, n\u00e3o temos a garantia da seguran\u00e7a p\u00fablica, da liberdade e do estado de direito\u2026 O nosso judici\u00e1rio se corrompeu!<\/p>\n\n\n\n<div class=\"wp-block-image\"><figure class=\"aligncenter size-large is-resized\"><img loading=\"lazy\" decoding=\"async\" src=\"https:\/\/jornalfatosenoticias.com.br\/wp-content\/uploads\/2020\/02\/nova-logo-Marquetti.jpg\" alt=\"\" class=\"wp-image-22331\" width=\"265\" height=\"178\" srcset=\"https:\/\/jornalfatosenoticias.com.br\/wp-content\/uploads\/2020\/02\/nova-logo-Marquetti.jpg 643w, https:\/\/jornalfatosenoticias.com.br\/wp-content\/uploads\/2020\/02\/nova-logo-Marquetti-300x202.jpg 300w\" sizes=\"auto, (max-width: 265px) 100vw, 265px\" \/><\/figure><\/div>\n\n\n\n<p>Mas a luta continua! N\u00e3o podemos perder a f\u00e9 e a esperan\u00e7a de que no final o bem prevalecer\u00e1 e as futuras gera\u00e7\u00f5es nos agradecer\u00e3o. Liberdade ou morte. Viva o Brasil!!<\/p>\n","protected":false},"excerpt":{"rendered":"<p>Est\u00e1 sendo realizada, no Catar, a vig\u00e9sima segunda edi\u00e7\u00e3o da Copa do Mundo de Futebol Masculino e, como amante da modalidade e antenado na pol\u00edtica nacional, n\u00e3o poderia deixar de lembrar das decep\u00e7\u00f5es que vivemos tanto dentro como fora de campo em 2014. Dentro das quatro linhas, quem n\u00e3o se lembra da fat\u00eddica derrota de [&hellip;]<\/p>\n","protected":false},"author":3,"featured_media":36307,"comment_status":"open","ping_status":"open","sticky":false,"template":"","format":"standard","meta":{"footnotes":""},"categories":[10],"tags":[5334,2129,17043,13186,17044],"class_list":["post-36305","post","type-post","status-publish","format-standard","has-post-thumbnail","hentry","category-politica","tag-copa-do-mundo","tag-corrupcao","tag-obras-superfaturadas","tag-pt","tag-superfaturamento"],"yoast_head":"<!-- This site is optimized with the Yoast SEO plugin v26.5 - https:\/\/yoast.com\/wordpress\/plugins\/seo\/ -->\n<title>O PT e a \u2018memor\u00e1vel\u2019 Copa de 2014 - Jornal Fatos e Not\u00edcias<\/title>\n<meta name=\"robots\" content=\"index, follow, max-snippet:-1, max-image-preview:large, max-video-preview:-1\" \/>\n<link rel=\"canonical\" href=\"https:\/\/jornalfatosenoticias.com.br\/index.php\/2022\/11\/24\/o-pt-e-a-memoravel-copa-de-2014\/\" \/>\n<meta property=\"og:locale\" content=\"pt_BR\" \/>\n<meta property=\"og:type\" content=\"article\" \/>\n<meta property=\"og:title\" content=\"O PT e a \u2018memor\u00e1vel\u2019 Copa de 2014 - Jornal Fatos e Not\u00edcias\" \/>\n<meta property=\"og:description\" content=\"Est\u00e1 sendo realizada, no Catar, a vig\u00e9sima segunda edi\u00e7\u00e3o da Copa do Mundo de Futebol Masculino e, como amante da modalidade e antenado na pol\u00edtica nacional, n\u00e3o poderia deixar de lembrar das decep\u00e7\u00f5es que vivemos tanto dentro como fora de campo em 2014. Dentro das quatro linhas, quem n\u00e3o se lembra da fat\u00eddica derrota de [&hellip;]\" \/>\n<meta property=\"og:url\" content=\"https:\/\/jornalfatosenoticias.com.br\/index.php\/2022\/11\/24\/o-pt-e-a-memoravel-copa-de-2014\/\" \/>\n<meta property=\"og:site_name\" content=\"Jornal Fatos e Not\u00edcias\" \/>\n<meta property=\"article:published_time\" content=\"2022-11-24T15:56:04+00:00\" \/>\n<meta property=\"article:modified_time\" content=\"2022-11-24T15:56:07+00:00\" \/>\n<meta property=\"og:image\" content=\"https:\/\/jornalfatosenoticias.com.br\/wp-content\/uploads\/2022\/11\/maracana-by-marchello74.jpg\" \/>\n\t<meta property=\"og:image:width\" content=\"1000\" \/>\n\t<meta property=\"og:image:height\" content=\"666\" \/>\n\t<meta property=\"og:image:type\" content=\"image\/jpeg\" \/>\n<meta name=\"author\" content=\"Haroldo Filho\" \/>\n<meta name=\"twitter:card\" content=\"summary_large_image\" \/>\n<meta name=\"twitter:label1\" content=\"Escrito por\" \/>\n\t<meta name=\"twitter:data1\" content=\"Haroldo Filho\" \/>\n\t<meta name=\"twitter:label2\" content=\"Est. tempo de leitura\" \/>\n\t<meta name=\"twitter:data2\" content=\"5 minutos\" \/>\n<script type=\"application\/ld+json\" class=\"yoast-schema-graph\">{\"@context\":\"https:\/\/schema.org\",\"@graph\":[{\"@type\":\"Article\",\"@id\":\"https:\/\/jornalfatosenoticias.com.br\/index.php\/2022\/11\/24\/o-pt-e-a-memoravel-copa-de-2014\/#article\",\"isPartOf\":{\"@id\":\"https:\/\/jornalfatosenoticias.com.br\/index.php\/2022\/11\/24\/o-pt-e-a-memoravel-copa-de-2014\/\"},\"author\":{\"name\":\"Haroldo Filho\",\"@id\":\"https:\/\/jornalfatosenoticias.com.br\/#\/schema\/person\/05c46cc25b42a5c27e004fb0fa6b4965\"},\"headline\":\"O PT e a \u2018memor\u00e1vel\u2019 Copa de 2014\",\"datePublished\":\"2022-11-24T15:56:04+00:00\",\"dateModified\":\"2022-11-24T15:56:07+00:00\",\"mainEntityOfPage\":{\"@id\":\"https:\/\/jornalfatosenoticias.com.br\/index.php\/2022\/11\/24\/o-pt-e-a-memoravel-copa-de-2014\/\"},\"wordCount\":1003,\"commentCount\":0,\"publisher\":{\"@id\":\"https:\/\/jornalfatosenoticias.com.br\/#organization\"},\"image\":{\"@id\":\"https:\/\/jornalfatosenoticias.com.br\/index.php\/2022\/11\/24\/o-pt-e-a-memoravel-copa-de-2014\/#primaryimage\"},\"thumbnailUrl\":\"https:\/\/jornalfatosenoticias.com.br\/wp-content\/uploads\/2022\/11\/maracana-by-marchello74.jpg\",\"keywords\":[\"Copa do Mundo\",\"corrup\u00e7\u00e3o\",\"obras superfaturadas\",\"PT\",\"superfaturamento\"],\"articleSection\":[\"Pol\u00edtica\"],\"inLanguage\":\"pt-BR\",\"potentialAction\":[{\"@type\":\"CommentAction\",\"name\":\"Comment\",\"target\":[\"https:\/\/jornalfatosenoticias.com.br\/index.php\/2022\/11\/24\/o-pt-e-a-memoravel-copa-de-2014\/#respond\"]}]},{\"@type\":\"WebPage\",\"@id\":\"https:\/\/jornalfatosenoticias.com.br\/index.php\/2022\/11\/24\/o-pt-e-a-memoravel-copa-de-2014\/\",\"url\":\"https:\/\/jornalfatosenoticias.com.br\/index.php\/2022\/11\/24\/o-pt-e-a-memoravel-copa-de-2014\/\",\"name\":\"O PT e a \u2018memor\u00e1vel\u2019 Copa de 2014 - Jornal Fatos e Not\u00edcias\",\"isPartOf\":{\"@id\":\"https:\/\/jornalfatosenoticias.com.br\/#website\"},\"primaryImageOfPage\":{\"@id\":\"https:\/\/jornalfatosenoticias.com.br\/index.php\/2022\/11\/24\/o-pt-e-a-memoravel-copa-de-2014\/#primaryimage\"},\"image\":{\"@id\":\"https:\/\/jornalfatosenoticias.com.br\/index.php\/2022\/11\/24\/o-pt-e-a-memoravel-copa-de-2014\/#primaryimage\"},\"thumbnailUrl\":\"https:\/\/jornalfatosenoticias.com.br\/wp-content\/uploads\/2022\/11\/maracana-by-marchello74.jpg\",\"datePublished\":\"2022-11-24T15:56:04+00:00\",\"dateModified\":\"2022-11-24T15:56:07+00:00\",\"breadcrumb\":{\"@id\":\"https:\/\/jornalfatosenoticias.com.br\/index.php\/2022\/11\/24\/o-pt-e-a-memoravel-copa-de-2014\/#breadcrumb\"},\"inLanguage\":\"pt-BR\",\"potentialAction\":[{\"@type\":\"ReadAction\",\"target\":[\"https:\/\/jornalfatosenoticias.com.br\/index.php\/2022\/11\/24\/o-pt-e-a-memoravel-copa-de-2014\/\"]}]},{\"@type\":\"ImageObject\",\"inLanguage\":\"pt-BR\",\"@id\":\"https:\/\/jornalfatosenoticias.com.br\/index.php\/2022\/11\/24\/o-pt-e-a-memoravel-copa-de-2014\/#primaryimage\",\"url\":\"https:\/\/jornalfatosenoticias.com.br\/wp-content\/uploads\/2022\/11\/maracana-by-marchello74.jpg\",\"contentUrl\":\"https:\/\/jornalfatosenoticias.com.br\/wp-content\/uploads\/2022\/11\/maracana-by-marchello74.jpg\",\"width\":1000,\"height\":666,\"caption\":\"Maracan\u00e3 \u2013 Campe\u00e3o da Copa da Propina (Foto: marchello74\/Shutterstock)\"},{\"@type\":\"BreadcrumbList\",\"@id\":\"https:\/\/jornalfatosenoticias.com.br\/index.php\/2022\/11\/24\/o-pt-e-a-memoravel-copa-de-2014\/#breadcrumb\",\"itemListElement\":[{\"@type\":\"ListItem\",\"position\":1,\"name\":\"In\u00edcio\",\"item\":\"https:\/\/jornalfatosenoticias.com.br\/\"},{\"@type\":\"ListItem\",\"position\":2,\"name\":\"O PT e a \u2018memor\u00e1vel\u2019 Copa de 2014\"}]},{\"@type\":\"WebSite\",\"@id\":\"https:\/\/jornalfatosenoticias.com.br\/#website\",\"url\":\"https:\/\/jornalfatosenoticias.com.br\/\",\"name\":\"Jornal Fatos e Not\u00edcias\",\"description\":\"Not\u00edcias em geral\",\"publisher\":{\"@id\":\"https:\/\/jornalfatosenoticias.com.br\/#organization\"},\"potentialAction\":[{\"@type\":\"SearchAction\",\"target\":{\"@type\":\"EntryPoint\",\"urlTemplate\":\"https:\/\/jornalfatosenoticias.com.br\/?s={search_term_string}\"},\"query-input\":{\"@type\":\"PropertyValueSpecification\",\"valueRequired\":true,\"valueName\":\"search_term_string\"}}],\"inLanguage\":\"pt-BR\"},{\"@type\":\"Organization\",\"@id\":\"https:\/\/jornalfatosenoticias.com.br\/#organization\",\"name\":\"Jornal Fatos e Not\u00edcias\",\"url\":\"https:\/\/jornalfatosenoticias.com.br\/\",\"logo\":{\"@type\":\"ImageObject\",\"inLanguage\":\"pt-BR\",\"@id\":\"https:\/\/jornalfatosenoticias.com.br\/#\/schema\/logo\/image\/\",\"url\":\"https:\/\/jornalfatosenoticias.com.br\/wp-content\/uploads\/2020\/02\/logo120.png\",\"contentUrl\":\"https:\/\/jornalfatosenoticias.com.br\/wp-content\/uploads\/2020\/02\/logo120.png\",\"width\":1227,\"height\":120,\"caption\":\"Jornal Fatos e Not\u00edcias\"},\"image\":{\"@id\":\"https:\/\/jornalfatosenoticias.com.br\/#\/schema\/logo\/image\/\"}},{\"@type\":\"Person\",\"@id\":\"https:\/\/jornalfatosenoticias.com.br\/#\/schema\/person\/05c46cc25b42a5c27e004fb0fa6b4965\",\"name\":\"Haroldo Filho\",\"image\":{\"@type\":\"ImageObject\",\"inLanguage\":\"pt-BR\",\"@id\":\"https:\/\/jornalfatosenoticias.com.br\/#\/schema\/person\/image\/\",\"url\":\"https:\/\/jornalfatosenoticias.com.br\/wp-content\/uploads\/2025\/08\/WhatsApp-Image-2025-08-18-at-15.30.28-150x150.jpeg\",\"contentUrl\":\"https:\/\/jornalfatosenoticias.com.br\/wp-content\/uploads\/2025\/08\/WhatsApp-Image-2025-08-18-at-15.30.28-150x150.jpeg\",\"caption\":\"Haroldo Filho\"},\"description\":\"Jornalista \u2013 DRT: 0003818\/ES Coordenador-geral da ONG Educar para Crescer\",\"url\":\"https:\/\/jornalfatosenoticias.com.br\/index.php\/author\/haroldo\/\"}]}<\/script>\n<!-- \/ Yoast SEO plugin. -->","yoast_head_json":{"title":"O PT e a \u2018memor\u00e1vel\u2019 Copa de 2014 - Jornal Fatos e Not\u00edcias","robots":{"index":"index","follow":"follow","max-snippet":"max-snippet:-1","max-image-preview":"max-image-preview:large","max-video-preview":"max-video-preview:-1"},"canonical":"https:\/\/jornalfatosenoticias.com.br\/index.php\/2022\/11\/24\/o-pt-e-a-memoravel-copa-de-2014\/","og_locale":"pt_BR","og_type":"article","og_title":"O PT e a \u2018memor\u00e1vel\u2019 Copa de 2014 - Jornal Fatos e Not\u00edcias","og_description":"Est\u00e1 sendo realizada, no Catar, a vig\u00e9sima segunda edi\u00e7\u00e3o da Copa do Mundo de Futebol Masculino e, como amante da modalidade e antenado na pol\u00edtica nacional, n\u00e3o poderia deixar de lembrar das decep\u00e7\u00f5es que vivemos tanto dentro como fora de campo em 2014. Dentro das quatro linhas, quem n\u00e3o se lembra da fat\u00eddica derrota de [&hellip;]","og_url":"https:\/\/jornalfatosenoticias.com.br\/index.php\/2022\/11\/24\/o-pt-e-a-memoravel-copa-de-2014\/","og_site_name":"Jornal Fatos e Not\u00edcias","article_published_time":"2022-11-24T15:56:04+00:00","article_modified_time":"2022-11-24T15:56:07+00:00","og_image":[{"width":1000,"height":666,"url":"https:\/\/jornalfatosenoticias.com.br\/wp-content\/uploads\/2022\/11\/maracana-by-marchello74.jpg","type":"image\/jpeg"}],"author":"Haroldo Filho","twitter_card":"summary_large_image","twitter_misc":{"Escrito por":"Haroldo Filho","Est. tempo de leitura":"5 minutos"},"schema":{"@context":"https:\/\/schema.org","@graph":[{"@type":"Article","@id":"https:\/\/jornalfatosenoticias.com.br\/index.php\/2022\/11\/24\/o-pt-e-a-memoravel-copa-de-2014\/#article","isPartOf":{"@id":"https:\/\/jornalfatosenoticias.com.br\/index.php\/2022\/11\/24\/o-pt-e-a-memoravel-copa-de-2014\/"},"author":{"name":"Haroldo Filho","@id":"https:\/\/jornalfatosenoticias.com.br\/#\/schema\/person\/05c46cc25b42a5c27e004fb0fa6b4965"},"headline":"O PT e a \u2018memor\u00e1vel\u2019 Copa de 2014","datePublished":"2022-11-24T15:56:04+00:00","dateModified":"2022-11-24T15:56:07+00:00","mainEntityOfPage":{"@id":"https:\/\/jornalfatosenoticias.com.br\/index.php\/2022\/11\/24\/o-pt-e-a-memoravel-copa-de-2014\/"},"wordCount":1003,"commentCount":0,"publisher":{"@id":"https:\/\/jornalfatosenoticias.com.br\/#organization"},"image":{"@id":"https:\/\/jornalfatosenoticias.com.br\/index.php\/2022\/11\/24\/o-pt-e-a-memoravel-copa-de-2014\/#primaryimage"},"thumbnailUrl":"https:\/\/jornalfatosenoticias.com.br\/wp-content\/uploads\/2022\/11\/maracana-by-marchello74.jpg","keywords":["Copa do Mundo","corrup\u00e7\u00e3o","obras superfaturadas","PT","superfaturamento"],"articleSection":["Pol\u00edtica"],"inLanguage":"pt-BR","potentialAction":[{"@type":"CommentAction","name":"Comment","target":["https:\/\/jornalfatosenoticias.com.br\/index.php\/2022\/11\/24\/o-pt-e-a-memoravel-copa-de-2014\/#respond"]}]},{"@type":"WebPage","@id":"https:\/\/jornalfatosenoticias.com.br\/index.php\/2022\/11\/24\/o-pt-e-a-memoravel-copa-de-2014\/","url":"https:\/\/jornalfatosenoticias.com.br\/index.php\/2022\/11\/24\/o-pt-e-a-memoravel-copa-de-2014\/","name":"O PT e a \u2018memor\u00e1vel\u2019 Copa de 2014 - Jornal Fatos e Not\u00edcias","isPartOf":{"@id":"https:\/\/jornalfatosenoticias.com.br\/#website"},"primaryImageOfPage":{"@id":"https:\/\/jornalfatosenoticias.com.br\/index.php\/2022\/11\/24\/o-pt-e-a-memoravel-copa-de-2014\/#primaryimage"},"image":{"@id":"https:\/\/jornalfatosenoticias.com.br\/index.php\/2022\/11\/24\/o-pt-e-a-memoravel-copa-de-2014\/#primaryimage"},"thumbnailUrl":"https:\/\/jornalfatosenoticias.com.br\/wp-content\/uploads\/2022\/11\/maracana-by-marchello74.jpg","datePublished":"2022-11-24T15:56:04+00:00","dateModified":"2022-11-24T15:56:07+00:00","breadcrumb":{"@id":"https:\/\/jornalfatosenoticias.com.br\/index.php\/2022\/11\/24\/o-pt-e-a-memoravel-copa-de-2014\/#breadcrumb"},"inLanguage":"pt-BR","potentialAction":[{"@type":"ReadAction","target":["https:\/\/jornalfatosenoticias.com.br\/index.php\/2022\/11\/24\/o-pt-e-a-memoravel-copa-de-2014\/"]}]},{"@type":"ImageObject","inLanguage":"pt-BR","@id":"https:\/\/jornalfatosenoticias.com.br\/index.php\/2022\/11\/24\/o-pt-e-a-memoravel-copa-de-2014\/#primaryimage","url":"https:\/\/jornalfatosenoticias.com.br\/wp-content\/uploads\/2022\/11\/maracana-by-marchello74.jpg","contentUrl":"https:\/\/jornalfatosenoticias.com.br\/wp-content\/uploads\/2022\/11\/maracana-by-marchello74.jpg","width":1000,"height":666,"caption":"Maracan\u00e3 \u2013 Campe\u00e3o da Copa da Propina (Foto: marchello74\/Shutterstock)"},{"@type":"BreadcrumbList","@id":"https:\/\/jornalfatosenoticias.com.br\/index.php\/2022\/11\/24\/o-pt-e-a-memoravel-copa-de-2014\/#breadcrumb","itemListElement":[{"@type":"ListItem","position":1,"name":"In\u00edcio","item":"https:\/\/jornalfatosenoticias.com.br\/"},{"@type":"ListItem","position":2,"name":"O PT e a \u2018memor\u00e1vel\u2019 Copa de 2014"}]},{"@type":"WebSite","@id":"https:\/\/jornalfatosenoticias.com.br\/#website","url":"https:\/\/jornalfatosenoticias.com.br\/","name":"Jornal Fatos e Not\u00edcias","description":"Not\u00edcias em geral","publisher":{"@id":"https:\/\/jornalfatosenoticias.com.br\/#organization"},"potentialAction":[{"@type":"SearchAction","target":{"@type":"EntryPoint","urlTemplate":"https:\/\/jornalfatosenoticias.com.br\/?s={search_term_string}"},"query-input":{"@type":"PropertyValueSpecification","valueRequired":true,"valueName":"search_term_string"}}],"inLanguage":"pt-BR"},{"@type":"Organization","@id":"https:\/\/jornalfatosenoticias.com.br\/#organization","name":"Jornal Fatos e Not\u00edcias","url":"https:\/\/jornalfatosenoticias.com.br\/","logo":{"@type":"ImageObject","inLanguage":"pt-BR","@id":"https:\/\/jornalfatosenoticias.com.br\/#\/schema\/logo\/image\/","url":"https:\/\/jornalfatosenoticias.com.br\/wp-content\/uploads\/2020\/02\/logo120.png","contentUrl":"https:\/\/jornalfatosenoticias.com.br\/wp-content\/uploads\/2020\/02\/logo120.png","width":1227,"height":120,"caption":"Jornal Fatos e Not\u00edcias"},"image":{"@id":"https:\/\/jornalfatosenoticias.com.br\/#\/schema\/logo\/image\/"}},{"@type":"Person","@id":"https:\/\/jornalfatosenoticias.com.br\/#\/schema\/person\/05c46cc25b42a5c27e004fb0fa6b4965","name":"Haroldo Filho","image":{"@type":"ImageObject","inLanguage":"pt-BR","@id":"https:\/\/jornalfatosenoticias.com.br\/#\/schema\/person\/image\/","url":"https:\/\/jornalfatosenoticias.com.br\/wp-content\/uploads\/2025\/08\/WhatsApp-Image-2025-08-18-at-15.30.28-150x150.jpeg","contentUrl":"https:\/\/jornalfatosenoticias.com.br\/wp-content\/uploads\/2025\/08\/WhatsApp-Image-2025-08-18-at-15.30.28-150x150.jpeg","caption":"Haroldo Filho"},"description":"Jornalista \u2013 DRT: 0003818\/ES Coordenador-geral da ONG Educar para Crescer","url":"https:\/\/jornalfatosenoticias.com.br\/index.php\/author\/haroldo\/"}]}},"cc_featured_image_caption":{"caption_text":"","source_text":"","source_url":""},"jetpack_featured_media_url":"https:\/\/jornalfatosenoticias.com.br\/wp-content\/uploads\/2022\/11\/maracana-by-marchello74.jpg","_links":{"self":[{"href":"https:\/\/jornalfatosenoticias.com.br\/index.php\/wp-json\/wp\/v2\/posts\/36305","targetHints":{"allow":["GET"]}}],"collection":[{"href":"https:\/\/jornalfatosenoticias.com.br\/index.php\/wp-json\/wp\/v2\/posts"}],"about":[{"href":"https:\/\/jornalfatosenoticias.com.br\/index.php\/wp-json\/wp\/v2\/types\/post"}],"author":[{"embeddable":true,"href":"https:\/\/jornalfatosenoticias.com.br\/index.php\/wp-json\/wp\/v2\/users\/3"}],"replies":[{"embeddable":true,"href":"https:\/\/jornalfatosenoticias.com.br\/index.php\/wp-json\/wp\/v2\/comments?post=36305"}],"version-history":[{"count":0,"href":"https:\/\/jornalfatosenoticias.com.br\/index.php\/wp-json\/wp\/v2\/posts\/36305\/revisions"}],"wp:featuredmedia":[{"embeddable":true,"href":"https:\/\/jornalfatosenoticias.com.br\/index.php\/wp-json\/wp\/v2\/media\/36307"}],"wp:attachment":[{"href":"https:\/\/jornalfatosenoticias.com.br\/index.php\/wp-json\/wp\/v2\/media?parent=36305"}],"wp:term":[{"taxonomy":"category","embeddable":true,"href":"https:\/\/jornalfatosenoticias.com.br\/index.php\/wp-json\/wp\/v2\/categories?post=36305"},{"taxonomy":"post_tag","embeddable":true,"href":"https:\/\/jornalfatosenoticias.com.br\/index.php\/wp-json\/wp\/v2\/tags?post=36305"}],"curies":[{"name":"wp","href":"https:\/\/api.w.org\/{rel}","templated":true}]}}