{"id":36313,"date":"2022-11-24T13:17:20","date_gmt":"2022-11-24T16:17:20","guid":{"rendered":"https:\/\/jornalfatosenoticias.com.br\/?p=36313"},"modified":"2022-11-24T13:17:24","modified_gmt":"2022-11-24T16:17:24","slug":"macarrao-cremoso-de-forno-com-molho-rose-e-branco","status":"publish","type":"post","link":"https:\/\/jornalfatosenoticias.com.br\/index.php\/2022\/11\/24\/macarrao-cremoso-de-forno-com-molho-rose-e-branco\/","title":{"rendered":"Macarr\u00e3o cremoso de forno com molho ros\u00e9 e branco"},"content":{"rendered":"\n<p><em><span class=\"has-inline-color has-black-color\">Todo mundo vai amar!<\/span><\/em><\/p>\n\n\n\n<div class=\"wp-block-image\"><figure class=\"aligncenter size-large\"><img decoding=\"async\" src=\"https:\/\/jornalfatosenoticias.com.br\/wp-content\/uploads\/2020\/02\/Serra-Grande-1024x160.png\" alt=\"\" class=\"wp-image-7836\"\/><\/figure><\/div>\n\n\n\n<p>Fim de semana chegando e domingo combina com fam\u00edlia reunida para o almo\u00e7o e comida especial, principalmente se for uma massa. Por isso, que tal apostar nessa receita que todo mundo vai amar? A dica dessa semana para voc\u00ea \u00e9 uma receita r\u00e1pida de macarr\u00e3o cremoso de forno com molho ros\u00e9 e branco.<br>Essa \u00e9 uma \u00f3tima op\u00e7\u00e3o para quem n\u00e3o quer ficar horas na cozinha, mas que n\u00e3o abre m\u00e3o de apostar na cl\u00e1ssica massa de domingo para saborear junto com quem mais ama. Em apenas uma hora est\u00e1 pronto!<\/p>\n\n\n\n<div class=\"wp-block-image\"><figure class=\"alignright size-large\"><img decoding=\"async\" src=\"https:\/\/jornalfatosenoticias.com.br\/wp-content\/uploads\/2020\/02\/logo_esteio.jpg\" alt=\"\" class=\"wp-image-1214\"\/><\/figure><\/div>\n\n\n\n<p><span class=\"has-inline-color has-vivid-purple-color\"><strong>Ingredientes<\/strong><\/span><\/p>\n\n\n\n<ul class=\"wp-block-list\"><li>3 colheres (sopa) de azeite<\/li><li>\u00bd colher (sopa) de alho picado<\/li><li>15 tomates picados<\/li><li>Sal a gosto<\/li><li>1 lata de creme de leite sem soro<\/li><li>1 x\u00edcara (ch\u00e1) de bacon picado<\/li><li>1 cebola ralada<\/li><li>1 folha de louro<\/li><li>4 fil\u00e9s de peito de frango cozidos e desfiados<\/li><li>1 pacote de tagliatelle em ninhos (500g)<\/li><li>3 x\u00edcaras (ch\u00e1) de creme de leite fresco<\/li><li>1 colher (sopa) de ervas finas secas<\/li><li>2 x\u00edcaras (ch\u00e1) de queijo mu\u00e7arela ralado<\/li><li>1 x\u00edcara (ch\u00e1) de queijo parmes\u00e3o ralado<\/li><\/ul>\n\n\n\n<div class=\"wp-block-image\"><figure class=\"alignleft size-large is-resized\"><img loading=\"lazy\" decoding=\"async\" src=\"https:\/\/jornalfatosenoticias.com.br\/wp-content\/uploads\/2020\/02\/nova-logo-Marquetti.jpg\" alt=\"\" class=\"wp-image-22331\" width=\"249\" height=\"167\" srcset=\"https:\/\/jornalfatosenoticias.com.br\/wp-content\/uploads\/2020\/02\/nova-logo-Marquetti.jpg 643w, https:\/\/jornalfatosenoticias.com.br\/wp-content\/uploads\/2020\/02\/nova-logo-Marquetti-300x202.jpg 300w\" sizes=\"auto, (max-width: 249px) 100vw, 249px\" \/><\/figure><\/div>\n\n\n\n<p><strong><span class=\"has-inline-color has-vivid-purple-color\">Modo de preparo<br><\/span><\/strong>Em uma panela, aque\u00e7a o azeite, em fogo m\u00e9dio, e frite o alho. Acrescente os tomates e refogue por tr\u00eas minutos. Em seguida bata no liquidificador, volte para a panela e cozinhe por 10 minutos. Tempere com sal. Desligue e adicione o creme de leite. Em outra panela, em fogo m\u00e9dio, frite o bacon at\u00e9 dourar, junte a cebola, o louro e refogue por tr\u00eas minutos. Adicione o frango e acerte o sal.<\/p>\n\n\n\n<div class=\"wp-block-image\"><figure class=\"aligncenter size-large is-resized\"><img loading=\"lazy\" decoding=\"async\" src=\"https:\/\/jornalfatosenoticias.com.br\/wp-content\/uploads\/2020\/02\/casa-do-torresmo_portal.jpg\" alt=\"\" class=\"wp-image-34472\" width=\"241\" height=\"241\" srcset=\"https:\/\/jornalfatosenoticias.com.br\/wp-content\/uploads\/2020\/02\/casa-do-torresmo_portal.jpg 300w, https:\/\/jornalfatosenoticias.com.br\/wp-content\/uploads\/2020\/02\/casa-do-torresmo_portal-150x150.jpg 150w\" sizes=\"auto, (max-width: 241px) 100vw, 241px\" \/><\/figure><\/div>\n\n\n\n<p>Em um refrat\u00e1rio grande, coloque o molho e espalhe o frango. Distribua os ninhos e reserve. Misture o creme de leite fresco com as ervas e sal e regue os ninhos. Cubra com papel-alum\u00ednio e leve ao forno m\u00e9dio, preaquecido, por 15 minutos. Retire o papel, polvilhe com os queijos misturados e asse por mais 15 minutos ou at\u00e9 o queijo derreter e dourar. Sirva em seguida.<\/p>\n\n\n\n<div class=\"wp-block-image\"><figure class=\"aligncenter size-large\"><img loading=\"lazy\" decoding=\"async\" width=\"300\" height=\"250\" src=\"https:\/\/jornalfatosenoticias.com.br\/wp-content\/uploads\/2022\/08\/arte-Casarao.jpg\" alt=\"\" class=\"wp-image-33178\"\/><\/figure><\/div>\n\n\n\n<p><em><span class=\"has-inline-color has-black-color\">Rendimento: 4 por\u00e7\u00f5es<br><\/span><strong>Fonte:<a href=\"https:\/\/www.terra.com.br\/vida-e-estilo\/culinaria\/receitas\/macarrao-cremoso-de-forno-com-molho-rose-e-branco-todo-mundo-vai-amar,429ae41b16012a2534b82eca1105dee7aephz62a.html\"> Terra<\/a><\/strong><\/em><\/p>\n","protected":false},"excerpt":{"rendered":"<p>Todo mundo vai amar! Fim de semana chegando e domingo combina com fam\u00edlia reunida para o almo\u00e7o e comida especial, principalmente se for uma massa. Por isso, que tal apostar nessa receita que todo mundo vai amar? A dica dessa semana para voc\u00ea \u00e9 uma receita r\u00e1pida de macarr\u00e3o cremoso de forno com molho ros\u00e9 [&hellip;]<\/p>\n","protected":false},"author":10,"featured_media":36314,"comment_status":"open","ping_status":"open","sticky":false,"template":"","format":"standard","meta":{"footnotes":""},"categories":[745],"tags":[1060,17046,17047,17048,17049,17050],"class_list":["post-36313","post","type-post","status-publish","format-standard","has-post-thumbnail","hentry","category-gastronomia","tag-macarrao","tag-macarrao-cremoso","tag-macarrao-cremoso-de-forno","tag-molho","tag-molho-branco","tag-molho-rose"],"yoast_head":"<!-- This site is optimized with the Yoast SEO plugin v26.5 - https:\/\/yoast.com\/wordpress\/plugins\/seo\/ -->\n<title>Macarr\u00e3o cremoso de forno com molho ros\u00e9 e branco - Jornal Fatos e Not\u00edcias<\/title>\n<meta name=\"robots\" content=\"index, follow, max-snippet:-1, max-image-preview:large, max-video-preview:-1\" \/>\n<link rel=\"canonical\" href=\"https:\/\/jornalfatosenoticias.com.br\/index.php\/2022\/11\/24\/macarrao-cremoso-de-forno-com-molho-rose-e-branco\/\" \/>\n<meta property=\"og:locale\" content=\"pt_BR\" \/>\n<meta property=\"og:type\" content=\"article\" \/>\n<meta property=\"og:title\" content=\"Macarr\u00e3o cremoso de forno com molho ros\u00e9 e branco - Jornal Fatos e Not\u00edcias\" \/>\n<meta property=\"og:description\" content=\"Todo mundo vai amar! Fim de semana chegando e domingo combina com fam\u00edlia reunida para o almo\u00e7o e comida especial, principalmente se for uma massa. Por isso, que tal apostar nessa receita que todo mundo vai amar? A dica dessa semana para voc\u00ea \u00e9 uma receita r\u00e1pida de macarr\u00e3o cremoso de forno com molho ros\u00e9 [&hellip;]\" \/>\n<meta property=\"og:url\" content=\"https:\/\/jornalfatosenoticias.com.br\/index.php\/2022\/11\/24\/macarrao-cremoso-de-forno-com-molho-rose-e-branco\/\" \/>\n<meta property=\"og:site_name\" content=\"Jornal Fatos e Not\u00edcias\" \/>\n<meta property=\"article:published_time\" content=\"2022-11-24T16:17:20+00:00\" \/>\n<meta property=\"article:modified_time\" content=\"2022-11-24T16:17:24+00:00\" \/>\n<meta property=\"og:image\" content=\"https:\/\/jornalfatosenoticias.com.br\/wp-content\/uploads\/2022\/11\/Macarrao-cremoso-de-forno-molho-rose-branco.jpg\" \/>\n\t<meta property=\"og:image:width\" content=\"1000\" \/>\n\t<meta property=\"og:image:height\" content=\"666\" \/>\n\t<meta property=\"og:image:type\" content=\"image\/jpeg\" \/>\n<meta name=\"author\" content=\"Gabriela Messner Aresi Oliveira\" \/>\n<meta name=\"twitter:card\" content=\"summary_large_image\" \/>\n<meta name=\"twitter:label1\" content=\"Escrito por\" \/>\n\t<meta name=\"twitter:data1\" content=\"Gabriela Messner Aresi Oliveira\" \/>\n\t<meta name=\"twitter:label2\" content=\"Est. tempo de leitura\" \/>\n\t<meta name=\"twitter:data2\" content=\"2 minutos\" \/>\n<script type=\"application\/ld+json\" class=\"yoast-schema-graph\">{\"@context\":\"https:\/\/schema.org\",\"@graph\":[{\"@type\":\"Article\",\"@id\":\"https:\/\/jornalfatosenoticias.com.br\/index.php\/2022\/11\/24\/macarrao-cremoso-de-forno-com-molho-rose-e-branco\/#article\",\"isPartOf\":{\"@id\":\"https:\/\/jornalfatosenoticias.com.br\/index.php\/2022\/11\/24\/macarrao-cremoso-de-forno-com-molho-rose-e-branco\/\"},\"author\":{\"name\":\"Gabriela Messner Aresi Oliveira\",\"@id\":\"https:\/\/jornalfatosenoticias.com.br\/#\/schema\/person\/8e0fe72f7a2b1f60eecd0c7d1dc4d8f1\"},\"headline\":\"Macarr\u00e3o cremoso de forno com molho ros\u00e9 e branco\",\"datePublished\":\"2022-11-24T16:17:20+00:00\",\"dateModified\":\"2022-11-24T16:17:24+00:00\",\"mainEntityOfPage\":{\"@id\":\"https:\/\/jornalfatosenoticias.com.br\/index.php\/2022\/11\/24\/macarrao-cremoso-de-forno-com-molho-rose-e-branco\/\"},\"wordCount\":343,\"commentCount\":0,\"publisher\":{\"@id\":\"https:\/\/jornalfatosenoticias.com.br\/#organization\"},\"image\":{\"@id\":\"https:\/\/jornalfatosenoticias.com.br\/index.php\/2022\/11\/24\/macarrao-cremoso-de-forno-com-molho-rose-e-branco\/#primaryimage\"},\"thumbnailUrl\":\"https:\/\/jornalfatosenoticias.com.br\/wp-content\/uploads\/2022\/11\/Macarrao-cremoso-de-forno-molho-rose-branco.jpg\",\"keywords\":[\"macarr\u00e3o\",\"macarr\u00e3o cremoso\",\"macarr\u00e3o cremoso de forno\",\"molho\",\"molho branco\",\"molho ros\u00e9\"],\"articleSection\":[\"Gastronomia\"],\"inLanguage\":\"pt-BR\",\"potentialAction\":[{\"@type\":\"CommentAction\",\"name\":\"Comment\",\"target\":[\"https:\/\/jornalfatosenoticias.com.br\/index.php\/2022\/11\/24\/macarrao-cremoso-de-forno-com-molho-rose-e-branco\/#respond\"]}]},{\"@type\":\"WebPage\",\"@id\":\"https:\/\/jornalfatosenoticias.com.br\/index.php\/2022\/11\/24\/macarrao-cremoso-de-forno-com-molho-rose-e-branco\/\",\"url\":\"https:\/\/jornalfatosenoticias.com.br\/index.php\/2022\/11\/24\/macarrao-cremoso-de-forno-com-molho-rose-e-branco\/\",\"name\":\"Macarr\u00e3o cremoso de forno com molho ros\u00e9 e branco - Jornal Fatos e Not\u00edcias\",\"isPartOf\":{\"@id\":\"https:\/\/jornalfatosenoticias.com.br\/#website\"},\"primaryImageOfPage\":{\"@id\":\"https:\/\/jornalfatosenoticias.com.br\/index.php\/2022\/11\/24\/macarrao-cremoso-de-forno-com-molho-rose-e-branco\/#primaryimage\"},\"image\":{\"@id\":\"https:\/\/jornalfatosenoticias.com.br\/index.php\/2022\/11\/24\/macarrao-cremoso-de-forno-com-molho-rose-e-branco\/#primaryimage\"},\"thumbnailUrl\":\"https:\/\/jornalfatosenoticias.com.br\/wp-content\/uploads\/2022\/11\/Macarrao-cremoso-de-forno-molho-rose-branco.jpg\",\"datePublished\":\"2022-11-24T16:17:20+00:00\",\"dateModified\":\"2022-11-24T16:17:24+00:00\",\"breadcrumb\":{\"@id\":\"https:\/\/jornalfatosenoticias.com.br\/index.php\/2022\/11\/24\/macarrao-cremoso-de-forno-com-molho-rose-e-branco\/#breadcrumb\"},\"inLanguage\":\"pt-BR\",\"potentialAction\":[{\"@type\":\"ReadAction\",\"target\":[\"https:\/\/jornalfatosenoticias.com.br\/index.php\/2022\/11\/24\/macarrao-cremoso-de-forno-com-molho-rose-e-branco\/\"]}]},{\"@type\":\"ImageObject\",\"inLanguage\":\"pt-BR\",\"@id\":\"https:\/\/jornalfatosenoticias.com.br\/index.php\/2022\/11\/24\/macarrao-cremoso-de-forno-com-molho-rose-e-branco\/#primaryimage\",\"url\":\"https:\/\/jornalfatosenoticias.com.br\/wp-content\/uploads\/2022\/11\/Macarrao-cremoso-de-forno-molho-rose-branco.jpg\",\"contentUrl\":\"https:\/\/jornalfatosenoticias.com.br\/wp-content\/uploads\/2022\/11\/Macarrao-cremoso-de-forno-molho-rose-branco.jpg\",\"width\":1000,\"height\":666},{\"@type\":\"BreadcrumbList\",\"@id\":\"https:\/\/jornalfatosenoticias.com.br\/index.php\/2022\/11\/24\/macarrao-cremoso-de-forno-com-molho-rose-e-branco\/#breadcrumb\",\"itemListElement\":[{\"@type\":\"ListItem\",\"position\":1,\"name\":\"In\u00edcio\",\"item\":\"https:\/\/jornalfatosenoticias.com.br\/\"},{\"@type\":\"ListItem\",\"position\":2,\"name\":\"Macarr\u00e3o cremoso de forno com molho ros\u00e9 e branco\"}]},{\"@type\":\"WebSite\",\"@id\":\"https:\/\/jornalfatosenoticias.com.br\/#website\",\"url\":\"https:\/\/jornalfatosenoticias.com.br\/\",\"name\":\"Jornal Fatos e Not\u00edcias\",\"description\":\"Not\u00edcias em geral\",\"publisher\":{\"@id\":\"https:\/\/jornalfatosenoticias.com.br\/#organization\"},\"potentialAction\":[{\"@type\":\"SearchAction\",\"target\":{\"@type\":\"EntryPoint\",\"urlTemplate\":\"https:\/\/jornalfatosenoticias.com.br\/?s={search_term_string}\"},\"query-input\":{\"@type\":\"PropertyValueSpecification\",\"valueRequired\":true,\"valueName\":\"search_term_string\"}}],\"inLanguage\":\"pt-BR\"},{\"@type\":\"Organization\",\"@id\":\"https:\/\/jornalfatosenoticias.com.br\/#organization\",\"name\":\"Jornal Fatos e Not\u00edcias\",\"url\":\"https:\/\/jornalfatosenoticias.com.br\/\",\"logo\":{\"@type\":\"ImageObject\",\"inLanguage\":\"pt-BR\",\"@id\":\"https:\/\/jornalfatosenoticias.com.br\/#\/schema\/logo\/image\/\",\"url\":\"https:\/\/jornalfatosenoticias.com.br\/wp-content\/uploads\/2020\/02\/logo120.png\",\"contentUrl\":\"https:\/\/jornalfatosenoticias.com.br\/wp-content\/uploads\/2020\/02\/logo120.png\",\"width\":1227,\"height\":120,\"caption\":\"Jornal Fatos e Not\u00edcias\"},\"image\":{\"@id\":\"https:\/\/jornalfatosenoticias.com.br\/#\/schema\/logo\/image\/\"}},{\"@type\":\"Person\",\"@id\":\"https:\/\/jornalfatosenoticias.com.br\/#\/schema\/person\/8e0fe72f7a2b1f60eecd0c7d1dc4d8f1\",\"name\":\"Gabriela Messner Aresi Oliveira\",\"image\":{\"@type\":\"ImageObject\",\"inLanguage\":\"pt-BR\",\"@id\":\"https:\/\/jornalfatosenoticias.com.br\/#\/schema\/person\/image\/\",\"url\":\"https:\/\/jornalfatosenoticias.com.br\/wp-content\/uploads\/2020\/03\/Gabriela-messner-150x150.jpg\",\"contentUrl\":\"https:\/\/jornalfatosenoticias.com.br\/wp-content\/uploads\/2020\/03\/Gabriela-messner-150x150.jpg\",\"caption\":\"Gabriela Messner Aresi Oliveira\"},\"url\":\"https:\/\/jornalfatosenoticias.com.br\/index.php\/author\/gabriela\/\"}]}<\/script>\n<!-- \/ Yoast SEO plugin. -->","yoast_head_json":{"title":"Macarr\u00e3o cremoso de forno com molho ros\u00e9 e branco - Jornal Fatos e Not\u00edcias","robots":{"index":"index","follow":"follow","max-snippet":"max-snippet:-1","max-image-preview":"max-image-preview:large","max-video-preview":"max-video-preview:-1"},"canonical":"https:\/\/jornalfatosenoticias.com.br\/index.php\/2022\/11\/24\/macarrao-cremoso-de-forno-com-molho-rose-e-branco\/","og_locale":"pt_BR","og_type":"article","og_title":"Macarr\u00e3o cremoso de forno com molho ros\u00e9 e branco - Jornal Fatos e Not\u00edcias","og_description":"Todo mundo vai amar! Fim de semana chegando e domingo combina com fam\u00edlia reunida para o almo\u00e7o e comida especial, principalmente se for uma massa. Por isso, que tal apostar nessa receita que todo mundo vai amar? A dica dessa semana para voc\u00ea \u00e9 uma receita r\u00e1pida de macarr\u00e3o cremoso de forno com molho ros\u00e9 [&hellip;]","og_url":"https:\/\/jornalfatosenoticias.com.br\/index.php\/2022\/11\/24\/macarrao-cremoso-de-forno-com-molho-rose-e-branco\/","og_site_name":"Jornal Fatos e Not\u00edcias","article_published_time":"2022-11-24T16:17:20+00:00","article_modified_time":"2022-11-24T16:17:24+00:00","og_image":[{"width":1000,"height":666,"url":"https:\/\/jornalfatosenoticias.com.br\/wp-content\/uploads\/2022\/11\/Macarrao-cremoso-de-forno-molho-rose-branco.jpg","type":"image\/jpeg"}],"author":"Gabriela Messner Aresi Oliveira","twitter_card":"summary_large_image","twitter_misc":{"Escrito por":"Gabriela Messner Aresi Oliveira","Est. tempo de leitura":"2 minutos"},"schema":{"@context":"https:\/\/schema.org","@graph":[{"@type":"Article","@id":"https:\/\/jornalfatosenoticias.com.br\/index.php\/2022\/11\/24\/macarrao-cremoso-de-forno-com-molho-rose-e-branco\/#article","isPartOf":{"@id":"https:\/\/jornalfatosenoticias.com.br\/index.php\/2022\/11\/24\/macarrao-cremoso-de-forno-com-molho-rose-e-branco\/"},"author":{"name":"Gabriela Messner Aresi Oliveira","@id":"https:\/\/jornalfatosenoticias.com.br\/#\/schema\/person\/8e0fe72f7a2b1f60eecd0c7d1dc4d8f1"},"headline":"Macarr\u00e3o cremoso de forno com molho ros\u00e9 e branco","datePublished":"2022-11-24T16:17:20+00:00","dateModified":"2022-11-24T16:17:24+00:00","mainEntityOfPage":{"@id":"https:\/\/jornalfatosenoticias.com.br\/index.php\/2022\/11\/24\/macarrao-cremoso-de-forno-com-molho-rose-e-branco\/"},"wordCount":343,"commentCount":0,"publisher":{"@id":"https:\/\/jornalfatosenoticias.com.br\/#organization"},"image":{"@id":"https:\/\/jornalfatosenoticias.com.br\/index.php\/2022\/11\/24\/macarrao-cremoso-de-forno-com-molho-rose-e-branco\/#primaryimage"},"thumbnailUrl":"https:\/\/jornalfatosenoticias.com.br\/wp-content\/uploads\/2022\/11\/Macarrao-cremoso-de-forno-molho-rose-branco.jpg","keywords":["macarr\u00e3o","macarr\u00e3o cremoso","macarr\u00e3o cremoso de forno","molho","molho branco","molho ros\u00e9"],"articleSection":["Gastronomia"],"inLanguage":"pt-BR","potentialAction":[{"@type":"CommentAction","name":"Comment","target":["https:\/\/jornalfatosenoticias.com.br\/index.php\/2022\/11\/24\/macarrao-cremoso-de-forno-com-molho-rose-e-branco\/#respond"]}]},{"@type":"WebPage","@id":"https:\/\/jornalfatosenoticias.com.br\/index.php\/2022\/11\/24\/macarrao-cremoso-de-forno-com-molho-rose-e-branco\/","url":"https:\/\/jornalfatosenoticias.com.br\/index.php\/2022\/11\/24\/macarrao-cremoso-de-forno-com-molho-rose-e-branco\/","name":"Macarr\u00e3o cremoso de forno com molho ros\u00e9 e branco - Jornal Fatos e Not\u00edcias","isPartOf":{"@id":"https:\/\/jornalfatosenoticias.com.br\/#website"},"primaryImageOfPage":{"@id":"https:\/\/jornalfatosenoticias.com.br\/index.php\/2022\/11\/24\/macarrao-cremoso-de-forno-com-molho-rose-e-branco\/#primaryimage"},"image":{"@id":"https:\/\/jornalfatosenoticias.com.br\/index.php\/2022\/11\/24\/macarrao-cremoso-de-forno-com-molho-rose-e-branco\/#primaryimage"},"thumbnailUrl":"https:\/\/jornalfatosenoticias.com.br\/wp-content\/uploads\/2022\/11\/Macarrao-cremoso-de-forno-molho-rose-branco.jpg","datePublished":"2022-11-24T16:17:20+00:00","dateModified":"2022-11-24T16:17:24+00:00","breadcrumb":{"@id":"https:\/\/jornalfatosenoticias.com.br\/index.php\/2022\/11\/24\/macarrao-cremoso-de-forno-com-molho-rose-e-branco\/#breadcrumb"},"inLanguage":"pt-BR","potentialAction":[{"@type":"ReadAction","target":["https:\/\/jornalfatosenoticias.com.br\/index.php\/2022\/11\/24\/macarrao-cremoso-de-forno-com-molho-rose-e-branco\/"]}]},{"@type":"ImageObject","inLanguage":"pt-BR","@id":"https:\/\/jornalfatosenoticias.com.br\/index.php\/2022\/11\/24\/macarrao-cremoso-de-forno-com-molho-rose-e-branco\/#primaryimage","url":"https:\/\/jornalfatosenoticias.com.br\/wp-content\/uploads\/2022\/11\/Macarrao-cremoso-de-forno-molho-rose-branco.jpg","contentUrl":"https:\/\/jornalfatosenoticias.com.br\/wp-content\/uploads\/2022\/11\/Macarrao-cremoso-de-forno-molho-rose-branco.jpg","width":1000,"height":666},{"@type":"BreadcrumbList","@id":"https:\/\/jornalfatosenoticias.com.br\/index.php\/2022\/11\/24\/macarrao-cremoso-de-forno-com-molho-rose-e-branco\/#breadcrumb","itemListElement":[{"@type":"ListItem","position":1,"name":"In\u00edcio","item":"https:\/\/jornalfatosenoticias.com.br\/"},{"@type":"ListItem","position":2,"name":"Macarr\u00e3o cremoso de forno com molho ros\u00e9 e branco"}]},{"@type":"WebSite","@id":"https:\/\/jornalfatosenoticias.com.br\/#website","url":"https:\/\/jornalfatosenoticias.com.br\/","name":"Jornal Fatos e Not\u00edcias","description":"Not\u00edcias em geral","publisher":{"@id":"https:\/\/jornalfatosenoticias.com.br\/#organization"},"potentialAction":[{"@type":"SearchAction","target":{"@type":"EntryPoint","urlTemplate":"https:\/\/jornalfatosenoticias.com.br\/?s={search_term_string}"},"query-input":{"@type":"PropertyValueSpecification","valueRequired":true,"valueName":"search_term_string"}}],"inLanguage":"pt-BR"},{"@type":"Organization","@id":"https:\/\/jornalfatosenoticias.com.br\/#organization","name":"Jornal Fatos e Not\u00edcias","url":"https:\/\/jornalfatosenoticias.com.br\/","logo":{"@type":"ImageObject","inLanguage":"pt-BR","@id":"https:\/\/jornalfatosenoticias.com.br\/#\/schema\/logo\/image\/","url":"https:\/\/jornalfatosenoticias.com.br\/wp-content\/uploads\/2020\/02\/logo120.png","contentUrl":"https:\/\/jornalfatosenoticias.com.br\/wp-content\/uploads\/2020\/02\/logo120.png","width":1227,"height":120,"caption":"Jornal Fatos e Not\u00edcias"},"image":{"@id":"https:\/\/jornalfatosenoticias.com.br\/#\/schema\/logo\/image\/"}},{"@type":"Person","@id":"https:\/\/jornalfatosenoticias.com.br\/#\/schema\/person\/8e0fe72f7a2b1f60eecd0c7d1dc4d8f1","name":"Gabriela Messner Aresi Oliveira","image":{"@type":"ImageObject","inLanguage":"pt-BR","@id":"https:\/\/jornalfatosenoticias.com.br\/#\/schema\/person\/image\/","url":"https:\/\/jornalfatosenoticias.com.br\/wp-content\/uploads\/2020\/03\/Gabriela-messner-150x150.jpg","contentUrl":"https:\/\/jornalfatosenoticias.com.br\/wp-content\/uploads\/2020\/03\/Gabriela-messner-150x150.jpg","caption":"Gabriela Messner Aresi Oliveira"},"url":"https:\/\/jornalfatosenoticias.com.br\/index.php\/author\/gabriela\/"}]}},"cc_featured_image_caption":{"caption_text":"(Foto: Guia da Cozinha) ","source_text":"","source_url":""},"jetpack_featured_media_url":"https:\/\/jornalfatosenoticias.com.br\/wp-content\/uploads\/2022\/11\/Macarrao-cremoso-de-forno-molho-rose-branco.jpg","_links":{"self":[{"href":"https:\/\/jornalfatosenoticias.com.br\/index.php\/wp-json\/wp\/v2\/posts\/36313","targetHints":{"allow":["GET"]}}],"collection":[{"href":"https:\/\/jornalfatosenoticias.com.br\/index.php\/wp-json\/wp\/v2\/posts"}],"about":[{"href":"https:\/\/jornalfatosenoticias.com.br\/index.php\/wp-json\/wp\/v2\/types\/post"}],"author":[{"embeddable":true,"href":"https:\/\/jornalfatosenoticias.com.br\/index.php\/wp-json\/wp\/v2\/users\/10"}],"replies":[{"embeddable":true,"href":"https:\/\/jornalfatosenoticias.com.br\/index.php\/wp-json\/wp\/v2\/comments?post=36313"}],"version-history":[{"count":0,"href":"https:\/\/jornalfatosenoticias.com.br\/index.php\/wp-json\/wp\/v2\/posts\/36313\/revisions"}],"wp:featuredmedia":[{"embeddable":true,"href":"https:\/\/jornalfatosenoticias.com.br\/index.php\/wp-json\/wp\/v2\/media\/36314"}],"wp:attachment":[{"href":"https:\/\/jornalfatosenoticias.com.br\/index.php\/wp-json\/wp\/v2\/media?parent=36313"}],"wp:term":[{"taxonomy":"category","embeddable":true,"href":"https:\/\/jornalfatosenoticias.com.br\/index.php\/wp-json\/wp\/v2\/categories?post=36313"},{"taxonomy":"post_tag","embeddable":true,"href":"https:\/\/jornalfatosenoticias.com.br\/index.php\/wp-json\/wp\/v2\/tags?post=36313"}],"curies":[{"name":"wp","href":"https:\/\/api.w.org\/{rel}","templated":true}]}}