{"id":36316,"date":"2022-11-24T14:07:45","date_gmt":"2022-11-24T17:07:45","guid":{"rendered":"https:\/\/jornalfatosenoticias.com.br\/?p=36316"},"modified":"2022-11-24T14:07:47","modified_gmt":"2022-11-24T17:07:47","slug":"falsas-memorias-uma-falacia-nos-laudos-psicologicos-de-criancas-parte-vi","status":"publish","type":"post","link":"https:\/\/jornalfatosenoticias.com.br\/index.php\/2022\/11\/24\/falsas-memorias-uma-falacia-nos-laudos-psicologicos-de-criancas-parte-vi\/","title":{"rendered":"Falsas mem\u00f3rias, uma fal\u00e1cia nos laudos psicol\u00f3gicos de Crian\u00e7as \u2014 Parte VI"},"content":{"rendered":"\n<p><em><span class=\"has-inline-color has-black-color\">As armadilhas verbais s\u00e3o usadas por policiais e pelo judici\u00e1rio para obter a alega\u00e7\u00e3o da contradi\u00e7\u00e3o<\/span><\/em><\/p>\n\n\n\n<div class=\"wp-block-image\"><figure class=\"aligncenter size-large\"><img loading=\"lazy\" decoding=\"async\" width=\"1024\" height=\"100\" src=\"https:\/\/jornalfatosenoticias.com.br\/wp-content\/uploads\/2022\/05\/NOVA-LOGO-CESCONETTO-1024x100.jpg\" alt=\"\" class=\"wp-image-30792\" srcset=\"https:\/\/jornalfatosenoticias.com.br\/wp-content\/uploads\/2022\/05\/NOVA-LOGO-CESCONETTO-1024x100.jpg 1024w, https:\/\/jornalfatosenoticias.com.br\/wp-content\/uploads\/2022\/05\/NOVA-LOGO-CESCONETTO-300x29.jpg 300w, https:\/\/jornalfatosenoticias.com.br\/wp-content\/uploads\/2022\/05\/NOVA-LOGO-CESCONETTO-768x75.jpg 768w, https:\/\/jornalfatosenoticias.com.br\/wp-content\/uploads\/2022\/05\/NOVA-LOGO-CESCONETTO.jpg 1280w\" sizes=\"auto, (max-width: 1024px) 100vw, 1024px\" \/><\/figure><\/div>\n\n\n\n<p>\u00c9 muito f\u00e1cil construir, propositalmente, \u201cpegadinhas\u201d, armadilhas verbais, meticulosamente preparadas para afirmar nos laudos que a Crian\u00e7a entrou em contradi\u00e7\u00e3o porque era uma falsa mem\u00f3ria dentro do intuito de aliena\u00e7\u00e3o parental da m\u00e3e. Vista, preconceituosamente, como rancorosa, vingativa, interesseira e louca, observa-se que as avalia\u00e7\u00f5es s\u00e3o simples \u201cconfirma\u00e7\u00f5es\u201d dessa adjetiva\u00e7\u00e3o pejorativa alcunhada \u00e0 m\u00e3e. <\/p>\n\n\n\n<div class=\"wp-block-image\"><figure class=\"aligncenter size-large is-resized\"><img loading=\"lazy\" decoding=\"async\" src=\"https:\/\/jornalfatosenoticias.com.br\/wp-content\/uploads\/2020\/02\/logo-clinica-limoeiro.jpg\" alt=\"\" class=\"wp-image-34610\" width=\"303\" height=\"215\"\/><\/figure><\/div>\n\n\n\n<p>As armadilhas verbais s\u00e3o usadas por policiais e pelo judici\u00e1rio para obter a alega\u00e7\u00e3o da contradi\u00e7\u00e3o. \u00c9 f\u00e1cil de levar um adulto \u00e0 contradi\u00e7\u00e3o ou a perder o equil\u00edbrio pela t\u00e1tica da acusa\u00e7\u00e3o de contradi\u00e7\u00e3o em cortes compulsivos durante seu relato. Muito f\u00e1cil desestabilizar com uma saraivada de \u201cmas voc\u00ea disse que\u201d e antes que ele explique, j\u00e1 lhe interromper como uma \u201cprova\u201d forjada de contradi\u00e7\u00e3o. Com a Crian\u00e7a \u00e9 menos f\u00e1cil porque ela n\u00e3o abre m\u00e3o de seu relato, mas \u00e9 poss\u00edvel distorcer no laudo o que disse, afirmando que ela decorou um texto, o que, como j\u00e1 dissemos, contraria a Natureza, porquanto ela s\u00f3 memoriza o que ela experimentou.<\/p>\n\n\n\n<div class=\"wp-block-image\"><figure class=\"aligncenter size-large\"><img loading=\"lazy\" decoding=\"async\" width=\"1024\" height=\"103\" src=\"https:\/\/jornalfatosenoticias.com.br\/wp-content\/uploads\/2022\/02\/Arte-Autoescola-Galatas_endereco_portal-1024x103.png\" alt=\"\" class=\"wp-image-27869\" srcset=\"https:\/\/jornalfatosenoticias.com.br\/wp-content\/uploads\/2022\/02\/Arte-Autoescola-Galatas_endereco_portal-1024x103.png 1024w, https:\/\/jornalfatosenoticias.com.br\/wp-content\/uploads\/2022\/02\/Arte-Autoescola-Galatas_endereco_portal-300x30.png 300w, https:\/\/jornalfatosenoticias.com.br\/wp-content\/uploads\/2022\/02\/Arte-Autoescola-Galatas_endereco_portal-768x77.png 768w, https:\/\/jornalfatosenoticias.com.br\/wp-content\/uploads\/2022\/02\/Arte-Autoescola-Galatas_endereco_portal.png 1223w\" sizes=\"auto, (max-width: 1024px) 100vw, 1024px\" \/><\/figure><\/div>\n\n\n\n<figure class=\"wp-block-image size-large\"><img loading=\"lazy\" decoding=\"async\" width=\"1000\" height=\"666\" src=\"https:\/\/jornalfatosenoticias.com.br\/wp-content\/uploads\/2022\/11\/psicologo-e-as-criancas2.jpg\" alt=\"\" class=\"wp-image-36317\" srcset=\"https:\/\/jornalfatosenoticias.com.br\/wp-content\/uploads\/2022\/11\/psicologo-e-as-criancas2.jpg 1000w, https:\/\/jornalfatosenoticias.com.br\/wp-content\/uploads\/2022\/11\/psicologo-e-as-criancas2-300x200.jpg 300w, https:\/\/jornalfatosenoticias.com.br\/wp-content\/uploads\/2022\/11\/psicologo-e-as-criancas2-768x511.jpg 768w\" sizes=\"auto, (max-width: 1000px) 100vw, 1000px\" \/><figcaption><em><span class=\"has-inline-color has-black-color\">Os laudos passam a ser um rol de desqualifica\u00e7\u00f5es da voz da Crian\u00e7a e da M\u00e3e (Foto: Shutterstock)<\/span><\/em><\/figcaption><\/figure>\n\n\n\n<div class=\"wp-block-image\"><figure class=\"alignleft size-large is-resized\"><img loading=\"lazy\" decoding=\"async\" src=\"https:\/\/jornalfatosenoticias.com.br\/wp-content\/uploads\/2022\/02\/Precisao-Contabilidade-1024x724.jpg\" alt=\"\" class=\"wp-image-28088\" width=\"327\" height=\"231\"\/><\/figure><\/div>\n\n\n\n<p>Se a avalia\u00e7\u00e3o usada, desobedecendo a lei, for o \u201cestudo psicossocial\u201d, incluindo a devastadora acarea\u00e7\u00e3o com o suspeito, o texto \u00e9 interpretativo. Totalmente. Se for usada a Escuta Especial, a grava\u00e7\u00e3o em \u00e1udio e v\u00eddeo da fala da Crian\u00e7a \u00e9 desqualificada pela alega\u00e7\u00e3o da tal \u201cimplanta\u00e7\u00e3o de falsas mem\u00f3rias\u201d. Essa tese tomou espa\u00e7o, exatamente, quando se come\u00e7ou a usar a Escuta Especial. A inten\u00e7\u00e3o \u00e9 sempre a de invalidar a voz da Crian\u00e7a.<\/p>\n\n\n\n<div class=\"wp-block-image\"><figure class=\"aligncenter size-large\"><img loading=\"lazy\" decoding=\"async\" width=\"1024\" height=\"100\" src=\"https:\/\/jornalfatosenoticias.com.br\/wp-content\/uploads\/2020\/02\/banner_ferramentas-1024x100.jpg\" alt=\"\" class=\"wp-image-1258\" srcset=\"https:\/\/jornalfatosenoticias.com.br\/wp-content\/uploads\/2020\/02\/banner_ferramentas-1024x100.jpg 1024w, https:\/\/jornalfatosenoticias.com.br\/wp-content\/uploads\/2020\/02\/banner_ferramentas-300x29.jpg 300w, https:\/\/jornalfatosenoticias.com.br\/wp-content\/uploads\/2020\/02\/banner_ferramentas-768x75.jpg 768w, https:\/\/jornalfatosenoticias.com.br\/wp-content\/uploads\/2020\/02\/banner_ferramentas.jpg 1227w\" sizes=\"auto, (max-width: 1024px) 100vw, 1024px\" \/><\/figure><\/div>\n\n\n\n<p>Partindo dessa tese de \u201cachismo\u201d sem fundamenta\u00e7\u00e3o te\u00f3rico-t\u00e9cnica, os laudos passam a ser um rol de desqualifica\u00e7\u00f5es da voz da Crian\u00e7a e da M\u00e3e. N\u00e3o precisa estudar muito para compreender que uma M\u00e3e, que descobre uma situa\u00e7\u00e3o de abuso f\u00edsico ou sexual perpetrado pelo genitor da Crian\u00e7a, vai, claro, querer evitar as ocasi\u00f5es em que esse agressor tenha possibilidade de repetir o ato traum\u00e1tico. S\u00f3 basta ter capacidade emp\u00e1tica para sintonizar com a Crian\u00e7a, se aproximar da dimens\u00e3o avassaladora do sofrimento que lhe foi imposto.<\/p>\n\n\n\n<div class=\"wp-block-image\"><figure class=\"alignright size-large\"><img decoding=\"async\" src=\"https:\/\/jornalfatosenoticias.com.br\/wp-content\/uploads\/2020\/02\/barao-das-carnes-300x164-1.jpg\" alt=\"\" class=\"wp-image-34339\"\/><\/figure><\/div>\n\n\n\n<p>N\u00e3o se sabe quem espalhou uma fal\u00e1cia nociva que determina que uma Crian\u00e7a n\u00e3o se desenvolve se n\u00e3o houver conviv\u00eancia com o pai. Qualquer que seja ele. Qualquer que seja seu comportamento para com a Crian\u00e7a. N\u00e3o sei como essa conta fecharia se vivemos num Pa\u00eds que tem uma Cultura de abandono paterno t\u00e3o intenso que somam milh\u00f5es as Crian\u00e7as que n\u00e3o conhecem seu pai, porque ele foi embora. M\u00e3es solo garantem a sobreviv\u00eancia dos pequenos. Mas quanto a esses a justi\u00e7a n\u00e3o vai atr\u00e1s, n\u00e3o se importa com os filhos abandonados. Os pais das Crian\u00e7as acometidas por microcefalia pelo Zika V\u00edrus sumiram. 69% desapareceram deixando para tr\u00e1s uma m\u00e3e com uma Crian\u00e7a, totalmente, dependente para sempre.<\/p>\n\n\n\n<div class=\"wp-block-image\"><figure class=\"aligncenter size-large\"><img decoding=\"async\" src=\"https:\/\/jornalfatosenoticias.com.br\/wp-content\/uploads\/2020\/02\/logo-embacia-1-1024x110.jpg\" alt=\"\" class=\"wp-image-33954\"\/><\/figure><\/div>\n\n\n\n<figure class=\"wp-block-image size-large\"><img loading=\"lazy\" decoding=\"async\" width=\"1000\" height=\"666\" src=\"https:\/\/jornalfatosenoticias.com.br\/wp-content\/uploads\/2022\/11\/microcefalia.jpeg\" alt=\"\" class=\"wp-image-36318\" srcset=\"https:\/\/jornalfatosenoticias.com.br\/wp-content\/uploads\/2022\/11\/microcefalia.jpeg 1000w, https:\/\/jornalfatosenoticias.com.br\/wp-content\/uploads\/2022\/11\/microcefalia-300x200.jpeg 300w, https:\/\/jornalfatosenoticias.com.br\/wp-content\/uploads\/2022\/11\/microcefalia-768x511.jpeg 768w\" sizes=\"auto, (max-width: 1000px) 100vw, 1000px\" \/><figcaption><em><span class=\"has-inline-color has-black-color\">Os pais das Crian\u00e7as acometidas por microcefalia pelo Zika V\u00edrus sumiram (Foto: Unicef\/BRZ\/Ueslei Marcelino)<\/span><\/em><\/figcaption><\/figure>\n\n\n\n<div class=\"wp-block-image\"><figure class=\"alignleft size-large is-resized\"><img loading=\"lazy\" decoding=\"async\" src=\"https:\/\/jornalfatosenoticias.com.br\/wp-content\/uploads\/2022\/08\/logo-locau-veiculos-1024x573.png\" alt=\"\" class=\"wp-image-33078\" width=\"330\" height=\"184\"\/><\/figure><\/div>\n\n\n\n<p>Os filhos de M\u00e3es Solo se desenvolvem, sim. Qualquer que seja o motivo, nem sempre a aus\u00eancia do pai estraga o desenvolvimento da Crian\u00e7a. Mas a presen\u00e7a abusiva destr\u00f3i. \u00c9 preciso entender que um pai que viola o corpo de um filho, ou filha, rasgou sua possibilidade de exercer a fun\u00e7\u00e3o de pai. Essa viola\u00e7\u00e3o quebra a forma\u00e7\u00e3o do C\u00f3digo de \u00c9tica e do C\u00f3digo Moral da Crian\u00e7a. E deforma. Os filhos de pais mortos, s\u00e3o muitos pela situa\u00e7\u00e3o que vivemos de guerra urbana, podem ter preservada a imagem afetiva do pai, e tomando, por exemplo, uma guerra, os filhos podem ter a presen\u00e7a saud\u00e1vel do pai trazida pela m\u00e3e. Causa saudade, causa falta, mas n\u00e3o deforma.<\/p>\n\n\n\n<div class=\"wp-block-image\"><figure class=\"aligncenter size-large\"><img loading=\"lazy\" decoding=\"async\" width=\"1024\" height=\"99\" src=\"https:\/\/jornalfatosenoticias.com.br\/wp-content\/uploads\/2020\/02\/Logo-Mizu-segunda-2-1024x99.png\" alt=\"\" class=\"wp-image-2353\" srcset=\"https:\/\/jornalfatosenoticias.com.br\/wp-content\/uploads\/2020\/02\/Logo-Mizu-segunda-2-1024x99.png 1024w, https:\/\/jornalfatosenoticias.com.br\/wp-content\/uploads\/2020\/02\/Logo-Mizu-segunda-2-300x29.png 300w, https:\/\/jornalfatosenoticias.com.br\/wp-content\/uploads\/2020\/02\/Logo-Mizu-segunda-2-768x74.png 768w, https:\/\/jornalfatosenoticias.com.br\/wp-content\/uploads\/2020\/02\/Logo-Mizu-segunda-2.png 1240w\" sizes=\"auto, (max-width: 1024px) 100vw, 1024px\" \/><\/figure><\/div>\n\n\n\n<p>No entanto, parece que os estudos para uma parte do corpo t\u00e9cnico no que tange a \u00e1rea da Psicologia n\u00e3o leram as defini\u00e7\u00f5es e os textos sobre v\u00ednculo afetivo. H\u00e1 uma distor\u00e7\u00e3o no que se refere ao v\u00ednculo. N\u00e3o \u00e9 a frequ\u00eancia, n\u00e3o \u00e9 a conviv\u00eancia ordin\u00e1ria, que constr\u00f3i ou mantem um v\u00ednculo. Ele est\u00e1 embebido e vetorizado pelo afeto.<br>N\u00e3o se sabe tamb\u00e9m quem espalhou que a visita\u00e7\u00e3o assistida ao agressor, ou a visita\u00e7\u00e3o por v\u00eddeo, n\u00e3o faz mal \u00e0 Crian\u00e7a. Essas formas de exposi\u00e7\u00e3o ao agressor s\u00e3o, absolutamente, nefastas. O fato de ter algu\u00e9m acompanhando n\u00e3o garante a integridade da Crian\u00e7a. <\/p>\n\n\n\n<div class=\"wp-block-image\"><figure class=\"aligncenter size-large is-resized\"><img loading=\"lazy\" decoding=\"async\" src=\"https:\/\/jornalfatosenoticias.com.br\/wp-content\/uploads\/2020\/02\/logo-Panper_portal.jpg\" alt=\"\" class=\"wp-image-34474\" width=\"315\" height=\"218\" srcset=\"https:\/\/jornalfatosenoticias.com.br\/wp-content\/uploads\/2020\/02\/logo-Panper_portal.jpg 400w, https:\/\/jornalfatosenoticias.com.br\/wp-content\/uploads\/2020\/02\/logo-Panper_portal-300x208.jpg 300w\" sizes=\"auto, (max-width: 315px) 100vw, 315px\" \/><\/figure><\/div>\n\n\n\n<p>Sabemos de in\u00fameros casos de pais que se trancam no banheiro com a Crian\u00e7a, que se afastam, que colocam algu\u00e9m para impedir a proximidade do acompanhante. O v\u00eddeo \u00e9 tamb\u00e9m uma forma de repetir gestos, palavras, recorda\u00e7\u00f5es dos epis\u00f3dios de abuso. S\u00e3o revitimiza\u00e7\u00f5es. S\u00e3o formas de viol\u00eancia institucional contra a Crian\u00e7a. Precisamos entender que a mente da Crian\u00e7a que sofreu viol\u00eancia intrafamiliar ou incestuosa precisa descansar, se regenerar. Depois, ela algo recuperada pode por decis\u00e3o pr\u00f3pria procurar esse pai. Mas, em outra condi\u00e7\u00e3o de n\u00e3o mais total vulnerabilidade.<\/p>\n\n\n\n<figure class=\"wp-block-image size-large\"><img loading=\"lazy\" decoding=\"async\" width=\"1000\" height=\"625\" src=\"https:\/\/jornalfatosenoticias.com.br\/wp-content\/uploads\/2022\/11\/abuso-sexual-infantil-menores.jpg\" alt=\"\" class=\"wp-image-36319\" srcset=\"https:\/\/jornalfatosenoticias.com.br\/wp-content\/uploads\/2022\/11\/abuso-sexual-infantil-menores.jpg 1000w, https:\/\/jornalfatosenoticias.com.br\/wp-content\/uploads\/2022\/11\/abuso-sexual-infantil-menores-300x188.jpg 300w, https:\/\/jornalfatosenoticias.com.br\/wp-content\/uploads\/2022\/11\/abuso-sexual-infantil-menores-768x480.jpg 768w, https:\/\/jornalfatosenoticias.com.br\/wp-content\/uploads\/2022\/11\/abuso-sexual-infantil-menores-350x220.jpg 350w\" sizes=\"auto, (max-width: 1000px) 100vw, 1000px\" \/><figcaption><em><span class=\"has-inline-color has-black-color\">Abuso sexual infantil (Foto: Shutterstock)<\/span><\/em><\/figcaption><\/figure>\n\n\n\n<div class=\"wp-block-image\"><figure class=\"alignright size-large is-resized\"><img loading=\"lazy\" decoding=\"async\" src=\"https:\/\/jornalfatosenoticias.com.br\/wp-content\/uploads\/2022\/10\/RC_800x750_page-0001.jpg\" alt=\"\" class=\"wp-image-35338\" width=\"271\" height=\"254\" srcset=\"https:\/\/jornalfatosenoticias.com.br\/wp-content\/uploads\/2022\/10\/RC_800x750_page-0001.jpg 400w, https:\/\/jornalfatosenoticias.com.br\/wp-content\/uploads\/2022\/10\/RC_800x750_page-0001-300x281.jpg 300w\" sizes=\"auto, (max-width: 271px) 100vw, 271px\" \/><\/figure><\/div>\n\n\n\n<p>Sabemos que a Ci\u00eancia do Conhecimento da Psicologia n\u00e3o \u00e9 exata. No entanto, as Ci\u00eancias Humanas t\u00eam M\u00e9todo, t\u00eam objetividade na subjetividade. Sobretudo, ter bom senso, ter coer\u00eancia, seguir a realidade. Mas o que se constata \u00e9 que as \u201cinterpreta\u00e7\u00f5es\u201d se sobrep\u00f5em aos fatos, a imparcialidade sumiu abrindo espa\u00e7o para os preconceitos e os estigmas seculares, e o estudo \u00e9 cada vez mais escasso entre esse corpo t\u00e9cnico que sentencia sem a menor cerim\u00f4nia. Pune-se a Crian\u00e7a que perde a M\u00e3e. Pune-se a M\u00e3e que \u00e9 impedida de seu Direito \u00e0 Maternidade. E pior, quem deveria julgar considerando o Princ\u00edpio do Melhor Interesse da Crian\u00e7a e seguindo os Artigos do ECA, obedece \u00e0 senten\u00e7a dada por um profissional da Psicologia.<\/p>\n","protected":false},"excerpt":{"rendered":"<p>As armadilhas verbais s\u00e3o usadas por policiais e pelo judici\u00e1rio para obter a alega\u00e7\u00e3o da contradi\u00e7\u00e3o \u00c9 muito f\u00e1cil construir, propositalmente, \u201cpegadinhas\u201d, armadilhas verbais, meticulosamente preparadas para afirmar nos laudos que a Crian\u00e7a entrou em contradi\u00e7\u00e3o porque era uma falsa mem\u00f3ria dentro do intuito de aliena\u00e7\u00e3o parental da m\u00e3e. Vista, preconceituosamente, como rancorosa, vingativa, interesseira [&hellip;]<\/p>\n","protected":false},"author":8,"featured_media":36319,"comment_status":"open","ping_status":"open","sticky":false,"template":"","format":"standard","meta":{"footnotes":""},"categories":[2522],"tags":[4400,5317,4298,17051,1986],"class_list":["post-36316","post","type-post","status-publish","format-standard","has-post-thumbnail","hentry","category-comportamento","tag-abuso-sexual-infantil","tag-abusos","tag-alienacao-parental","tag-armadilhas-verbais","tag-psicologia"],"yoast_head":"<!-- This site is optimized with the Yoast SEO plugin v26.5 - https:\/\/yoast.com\/wordpress\/plugins\/seo\/ -->\n<title>Falsas mem\u00f3rias, uma fal\u00e1cia nos laudos psicol\u00f3gicos de Crian\u00e7as \u2014 Parte VI - Jornal Fatos e Not\u00edcias<\/title>\n<meta name=\"robots\" content=\"index, follow, max-snippet:-1, max-image-preview:large, max-video-preview:-1\" \/>\n<link rel=\"canonical\" href=\"https:\/\/jornalfatosenoticias.com.br\/index.php\/2022\/11\/24\/falsas-memorias-uma-falacia-nos-laudos-psicologicos-de-criancas-parte-vi\/\" \/>\n<meta property=\"og:locale\" content=\"pt_BR\" \/>\n<meta property=\"og:type\" content=\"article\" \/>\n<meta property=\"og:title\" content=\"Falsas mem\u00f3rias, uma fal\u00e1cia nos laudos psicol\u00f3gicos de Crian\u00e7as \u2014 Parte VI - Jornal Fatos e Not\u00edcias\" \/>\n<meta property=\"og:description\" content=\"As armadilhas verbais s\u00e3o usadas por policiais e pelo judici\u00e1rio para obter a alega\u00e7\u00e3o da contradi\u00e7\u00e3o \u00c9 muito f\u00e1cil construir, propositalmente, \u201cpegadinhas\u201d, armadilhas verbais, meticulosamente preparadas para afirmar nos laudos que a Crian\u00e7a entrou em contradi\u00e7\u00e3o porque era uma falsa mem\u00f3ria dentro do intuito de aliena\u00e7\u00e3o parental da m\u00e3e. Vista, preconceituosamente, como rancorosa, vingativa, interesseira [&hellip;]\" \/>\n<meta property=\"og:url\" content=\"https:\/\/jornalfatosenoticias.com.br\/index.php\/2022\/11\/24\/falsas-memorias-uma-falacia-nos-laudos-psicologicos-de-criancas-parte-vi\/\" \/>\n<meta property=\"og:site_name\" content=\"Jornal Fatos e Not\u00edcias\" \/>\n<meta property=\"article:published_time\" content=\"2022-11-24T17:07:45+00:00\" \/>\n<meta property=\"article:modified_time\" content=\"2022-11-24T17:07:47+00:00\" \/>\n<meta property=\"og:image\" content=\"https:\/\/jornalfatosenoticias.com.br\/wp-content\/uploads\/2022\/11\/abuso-sexual-infantil-menores.jpg\" \/>\n\t<meta property=\"og:image:width\" content=\"1000\" \/>\n\t<meta property=\"og:image:height\" content=\"625\" \/>\n\t<meta property=\"og:image:type\" content=\"image\/jpeg\" \/>\n<meta name=\"author\" content=\"Ana Maria Iencarelli\" \/>\n<meta name=\"twitter:card\" content=\"summary_large_image\" \/>\n<meta name=\"twitter:label1\" content=\"Escrito por\" \/>\n\t<meta name=\"twitter:data1\" content=\"Ana Maria Iencarelli\" \/>\n\t<meta name=\"twitter:label2\" content=\"Est. tempo de leitura\" \/>\n\t<meta name=\"twitter:data2\" content=\"5 minutos\" \/>\n<script type=\"application\/ld+json\" class=\"yoast-schema-graph\">{\"@context\":\"https:\/\/schema.org\",\"@graph\":[{\"@type\":\"Article\",\"@id\":\"https:\/\/jornalfatosenoticias.com.br\/index.php\/2022\/11\/24\/falsas-memorias-uma-falacia-nos-laudos-psicologicos-de-criancas-parte-vi\/#article\",\"isPartOf\":{\"@id\":\"https:\/\/jornalfatosenoticias.com.br\/index.php\/2022\/11\/24\/falsas-memorias-uma-falacia-nos-laudos-psicologicos-de-criancas-parte-vi\/\"},\"author\":{\"name\":\"Ana Maria Iencarelli\",\"@id\":\"https:\/\/jornalfatosenoticias.com.br\/#\/schema\/person\/c33fcf5fb02d729d3fec92c6737a22d1\"},\"headline\":\"Falsas mem\u00f3rias, uma fal\u00e1cia nos laudos psicol\u00f3gicos de Crian\u00e7as \u2014 Parte VI\",\"datePublished\":\"2022-11-24T17:07:45+00:00\",\"dateModified\":\"2022-11-24T17:07:47+00:00\",\"mainEntityOfPage\":{\"@id\":\"https:\/\/jornalfatosenoticias.com.br\/index.php\/2022\/11\/24\/falsas-memorias-uma-falacia-nos-laudos-psicologicos-de-criancas-parte-vi\/\"},\"wordCount\":1084,\"commentCount\":0,\"publisher\":{\"@id\":\"https:\/\/jornalfatosenoticias.com.br\/#organization\"},\"image\":{\"@id\":\"https:\/\/jornalfatosenoticias.com.br\/index.php\/2022\/11\/24\/falsas-memorias-uma-falacia-nos-laudos-psicologicos-de-criancas-parte-vi\/#primaryimage\"},\"thumbnailUrl\":\"https:\/\/jornalfatosenoticias.com.br\/wp-content\/uploads\/2022\/11\/abuso-sexual-infantil-menores.jpg\",\"keywords\":[\"abuso sexual infantil\",\"abusos\",\"aliena\u00e7\u00e3o parental\",\"armadilhas verbais\",\"psicologia\"],\"articleSection\":[\"Comportamento &amp; Equil\u00edbrio\"],\"inLanguage\":\"pt-BR\",\"potentialAction\":[{\"@type\":\"CommentAction\",\"name\":\"Comment\",\"target\":[\"https:\/\/jornalfatosenoticias.com.br\/index.php\/2022\/11\/24\/falsas-memorias-uma-falacia-nos-laudos-psicologicos-de-criancas-parte-vi\/#respond\"]}]},{\"@type\":\"WebPage\",\"@id\":\"https:\/\/jornalfatosenoticias.com.br\/index.php\/2022\/11\/24\/falsas-memorias-uma-falacia-nos-laudos-psicologicos-de-criancas-parte-vi\/\",\"url\":\"https:\/\/jornalfatosenoticias.com.br\/index.php\/2022\/11\/24\/falsas-memorias-uma-falacia-nos-laudos-psicologicos-de-criancas-parte-vi\/\",\"name\":\"Falsas mem\u00f3rias, uma fal\u00e1cia nos laudos psicol\u00f3gicos de Crian\u00e7as \u2014 Parte VI - Jornal Fatos e Not\u00edcias\",\"isPartOf\":{\"@id\":\"https:\/\/jornalfatosenoticias.com.br\/#website\"},\"primaryImageOfPage\":{\"@id\":\"https:\/\/jornalfatosenoticias.com.br\/index.php\/2022\/11\/24\/falsas-memorias-uma-falacia-nos-laudos-psicologicos-de-criancas-parte-vi\/#primaryimage\"},\"image\":{\"@id\":\"https:\/\/jornalfatosenoticias.com.br\/index.php\/2022\/11\/24\/falsas-memorias-uma-falacia-nos-laudos-psicologicos-de-criancas-parte-vi\/#primaryimage\"},\"thumbnailUrl\":\"https:\/\/jornalfatosenoticias.com.br\/wp-content\/uploads\/2022\/11\/abuso-sexual-infantil-menores.jpg\",\"datePublished\":\"2022-11-24T17:07:45+00:00\",\"dateModified\":\"2022-11-24T17:07:47+00:00\",\"breadcrumb\":{\"@id\":\"https:\/\/jornalfatosenoticias.com.br\/index.php\/2022\/11\/24\/falsas-memorias-uma-falacia-nos-laudos-psicologicos-de-criancas-parte-vi\/#breadcrumb\"},\"inLanguage\":\"pt-BR\",\"potentialAction\":[{\"@type\":\"ReadAction\",\"target\":[\"https:\/\/jornalfatosenoticias.com.br\/index.php\/2022\/11\/24\/falsas-memorias-uma-falacia-nos-laudos-psicologicos-de-criancas-parte-vi\/\"]}]},{\"@type\":\"ImageObject\",\"inLanguage\":\"pt-BR\",\"@id\":\"https:\/\/jornalfatosenoticias.com.br\/index.php\/2022\/11\/24\/falsas-memorias-uma-falacia-nos-laudos-psicologicos-de-criancas-parte-vi\/#primaryimage\",\"url\":\"https:\/\/jornalfatosenoticias.com.br\/wp-content\/uploads\/2022\/11\/abuso-sexual-infantil-menores.jpg\",\"contentUrl\":\"https:\/\/jornalfatosenoticias.com.br\/wp-content\/uploads\/2022\/11\/abuso-sexual-infantil-menores.jpg\",\"width\":1000,\"height\":625},{\"@type\":\"BreadcrumbList\",\"@id\":\"https:\/\/jornalfatosenoticias.com.br\/index.php\/2022\/11\/24\/falsas-memorias-uma-falacia-nos-laudos-psicologicos-de-criancas-parte-vi\/#breadcrumb\",\"itemListElement\":[{\"@type\":\"ListItem\",\"position\":1,\"name\":\"In\u00edcio\",\"item\":\"https:\/\/jornalfatosenoticias.com.br\/\"},{\"@type\":\"ListItem\",\"position\":2,\"name\":\"Falsas mem\u00f3rias, uma fal\u00e1cia nos laudos psicol\u00f3gicos de Crian\u00e7as \u2014 Parte VI\"}]},{\"@type\":\"WebSite\",\"@id\":\"https:\/\/jornalfatosenoticias.com.br\/#website\",\"url\":\"https:\/\/jornalfatosenoticias.com.br\/\",\"name\":\"Jornal Fatos e Not\u00edcias\",\"description\":\"Not\u00edcias em geral\",\"publisher\":{\"@id\":\"https:\/\/jornalfatosenoticias.com.br\/#organization\"},\"potentialAction\":[{\"@type\":\"SearchAction\",\"target\":{\"@type\":\"EntryPoint\",\"urlTemplate\":\"https:\/\/jornalfatosenoticias.com.br\/?s={search_term_string}\"},\"query-input\":{\"@type\":\"PropertyValueSpecification\",\"valueRequired\":true,\"valueName\":\"search_term_string\"}}],\"inLanguage\":\"pt-BR\"},{\"@type\":\"Organization\",\"@id\":\"https:\/\/jornalfatosenoticias.com.br\/#organization\",\"name\":\"Jornal Fatos e Not\u00edcias\",\"url\":\"https:\/\/jornalfatosenoticias.com.br\/\",\"logo\":{\"@type\":\"ImageObject\",\"inLanguage\":\"pt-BR\",\"@id\":\"https:\/\/jornalfatosenoticias.com.br\/#\/schema\/logo\/image\/\",\"url\":\"https:\/\/jornalfatosenoticias.com.br\/wp-content\/uploads\/2020\/02\/logo120.png\",\"contentUrl\":\"https:\/\/jornalfatosenoticias.com.br\/wp-content\/uploads\/2020\/02\/logo120.png\",\"width\":1227,\"height\":120,\"caption\":\"Jornal Fatos e Not\u00edcias\"},\"image\":{\"@id\":\"https:\/\/jornalfatosenoticias.com.br\/#\/schema\/logo\/image\/\"}},{\"@type\":\"Person\",\"@id\":\"https:\/\/jornalfatosenoticias.com.br\/#\/schema\/person\/c33fcf5fb02d729d3fec92c6737a22d1\",\"name\":\"Ana Maria Iencarelli\",\"image\":{\"@type\":\"ImageObject\",\"inLanguage\":\"pt-BR\",\"@id\":\"https:\/\/jornalfatosenoticias.com.br\/#\/schema\/person\/image\/\",\"url\":\"https:\/\/jornalfatosenoticias.com.br\/wp-content\/uploads\/2020\/02\/Ana-Maria-Iencarelli-1-150x150.jpg\",\"contentUrl\":\"https:\/\/jornalfatosenoticias.com.br\/wp-content\/uploads\/2020\/02\/Ana-Maria-Iencarelli-1-150x150.jpg\",\"caption\":\"Ana Maria Iencarelli\"},\"description\":\"Psicanalista Cl\u00ednica, especializada no atendimento a Crian\u00e7as e Adolescentes. Presidente da ONG Vozes de Anjos.\",\"url\":\"https:\/\/jornalfatosenoticias.com.br\/index.php\/author\/anamaria\/\"}]}<\/script>\n<!-- \/ Yoast SEO plugin. -->","yoast_head_json":{"title":"Falsas mem\u00f3rias, uma fal\u00e1cia nos laudos psicol\u00f3gicos de Crian\u00e7as \u2014 Parte VI - Jornal Fatos e Not\u00edcias","robots":{"index":"index","follow":"follow","max-snippet":"max-snippet:-1","max-image-preview":"max-image-preview:large","max-video-preview":"max-video-preview:-1"},"canonical":"https:\/\/jornalfatosenoticias.com.br\/index.php\/2022\/11\/24\/falsas-memorias-uma-falacia-nos-laudos-psicologicos-de-criancas-parte-vi\/","og_locale":"pt_BR","og_type":"article","og_title":"Falsas mem\u00f3rias, uma fal\u00e1cia nos laudos psicol\u00f3gicos de Crian\u00e7as \u2014 Parte VI - Jornal Fatos e Not\u00edcias","og_description":"As armadilhas verbais s\u00e3o usadas por policiais e pelo judici\u00e1rio para obter a alega\u00e7\u00e3o da contradi\u00e7\u00e3o \u00c9 muito f\u00e1cil construir, propositalmente, \u201cpegadinhas\u201d, armadilhas verbais, meticulosamente preparadas para afirmar nos laudos que a Crian\u00e7a entrou em contradi\u00e7\u00e3o porque era uma falsa mem\u00f3ria dentro do intuito de aliena\u00e7\u00e3o parental da m\u00e3e. Vista, preconceituosamente, como rancorosa, vingativa, interesseira [&hellip;]","og_url":"https:\/\/jornalfatosenoticias.com.br\/index.php\/2022\/11\/24\/falsas-memorias-uma-falacia-nos-laudos-psicologicos-de-criancas-parte-vi\/","og_site_name":"Jornal Fatos e Not\u00edcias","article_published_time":"2022-11-24T17:07:45+00:00","article_modified_time":"2022-11-24T17:07:47+00:00","og_image":[{"width":1000,"height":625,"url":"https:\/\/jornalfatosenoticias.com.br\/wp-content\/uploads\/2022\/11\/abuso-sexual-infantil-menores.jpg","type":"image\/jpeg"}],"author":"Ana Maria Iencarelli","twitter_card":"summary_large_image","twitter_misc":{"Escrito por":"Ana Maria Iencarelli","Est. tempo de leitura":"5 minutos"},"schema":{"@context":"https:\/\/schema.org","@graph":[{"@type":"Article","@id":"https:\/\/jornalfatosenoticias.com.br\/index.php\/2022\/11\/24\/falsas-memorias-uma-falacia-nos-laudos-psicologicos-de-criancas-parte-vi\/#article","isPartOf":{"@id":"https:\/\/jornalfatosenoticias.com.br\/index.php\/2022\/11\/24\/falsas-memorias-uma-falacia-nos-laudos-psicologicos-de-criancas-parte-vi\/"},"author":{"name":"Ana Maria Iencarelli","@id":"https:\/\/jornalfatosenoticias.com.br\/#\/schema\/person\/c33fcf5fb02d729d3fec92c6737a22d1"},"headline":"Falsas mem\u00f3rias, uma fal\u00e1cia nos laudos psicol\u00f3gicos de Crian\u00e7as \u2014 Parte VI","datePublished":"2022-11-24T17:07:45+00:00","dateModified":"2022-11-24T17:07:47+00:00","mainEntityOfPage":{"@id":"https:\/\/jornalfatosenoticias.com.br\/index.php\/2022\/11\/24\/falsas-memorias-uma-falacia-nos-laudos-psicologicos-de-criancas-parte-vi\/"},"wordCount":1084,"commentCount":0,"publisher":{"@id":"https:\/\/jornalfatosenoticias.com.br\/#organization"},"image":{"@id":"https:\/\/jornalfatosenoticias.com.br\/index.php\/2022\/11\/24\/falsas-memorias-uma-falacia-nos-laudos-psicologicos-de-criancas-parte-vi\/#primaryimage"},"thumbnailUrl":"https:\/\/jornalfatosenoticias.com.br\/wp-content\/uploads\/2022\/11\/abuso-sexual-infantil-menores.jpg","keywords":["abuso sexual infantil","abusos","aliena\u00e7\u00e3o parental","armadilhas verbais","psicologia"],"articleSection":["Comportamento &amp; Equil\u00edbrio"],"inLanguage":"pt-BR","potentialAction":[{"@type":"CommentAction","name":"Comment","target":["https:\/\/jornalfatosenoticias.com.br\/index.php\/2022\/11\/24\/falsas-memorias-uma-falacia-nos-laudos-psicologicos-de-criancas-parte-vi\/#respond"]}]},{"@type":"WebPage","@id":"https:\/\/jornalfatosenoticias.com.br\/index.php\/2022\/11\/24\/falsas-memorias-uma-falacia-nos-laudos-psicologicos-de-criancas-parte-vi\/","url":"https:\/\/jornalfatosenoticias.com.br\/index.php\/2022\/11\/24\/falsas-memorias-uma-falacia-nos-laudos-psicologicos-de-criancas-parte-vi\/","name":"Falsas mem\u00f3rias, uma fal\u00e1cia nos laudos psicol\u00f3gicos de Crian\u00e7as \u2014 Parte VI - Jornal Fatos e Not\u00edcias","isPartOf":{"@id":"https:\/\/jornalfatosenoticias.com.br\/#website"},"primaryImageOfPage":{"@id":"https:\/\/jornalfatosenoticias.com.br\/index.php\/2022\/11\/24\/falsas-memorias-uma-falacia-nos-laudos-psicologicos-de-criancas-parte-vi\/#primaryimage"},"image":{"@id":"https:\/\/jornalfatosenoticias.com.br\/index.php\/2022\/11\/24\/falsas-memorias-uma-falacia-nos-laudos-psicologicos-de-criancas-parte-vi\/#primaryimage"},"thumbnailUrl":"https:\/\/jornalfatosenoticias.com.br\/wp-content\/uploads\/2022\/11\/abuso-sexual-infantil-menores.jpg","datePublished":"2022-11-24T17:07:45+00:00","dateModified":"2022-11-24T17:07:47+00:00","breadcrumb":{"@id":"https:\/\/jornalfatosenoticias.com.br\/index.php\/2022\/11\/24\/falsas-memorias-uma-falacia-nos-laudos-psicologicos-de-criancas-parte-vi\/#breadcrumb"},"inLanguage":"pt-BR","potentialAction":[{"@type":"ReadAction","target":["https:\/\/jornalfatosenoticias.com.br\/index.php\/2022\/11\/24\/falsas-memorias-uma-falacia-nos-laudos-psicologicos-de-criancas-parte-vi\/"]}]},{"@type":"ImageObject","inLanguage":"pt-BR","@id":"https:\/\/jornalfatosenoticias.com.br\/index.php\/2022\/11\/24\/falsas-memorias-uma-falacia-nos-laudos-psicologicos-de-criancas-parte-vi\/#primaryimage","url":"https:\/\/jornalfatosenoticias.com.br\/wp-content\/uploads\/2022\/11\/abuso-sexual-infantil-menores.jpg","contentUrl":"https:\/\/jornalfatosenoticias.com.br\/wp-content\/uploads\/2022\/11\/abuso-sexual-infantil-menores.jpg","width":1000,"height":625},{"@type":"BreadcrumbList","@id":"https:\/\/jornalfatosenoticias.com.br\/index.php\/2022\/11\/24\/falsas-memorias-uma-falacia-nos-laudos-psicologicos-de-criancas-parte-vi\/#breadcrumb","itemListElement":[{"@type":"ListItem","position":1,"name":"In\u00edcio","item":"https:\/\/jornalfatosenoticias.com.br\/"},{"@type":"ListItem","position":2,"name":"Falsas mem\u00f3rias, uma fal\u00e1cia nos laudos psicol\u00f3gicos de Crian\u00e7as \u2014 Parte VI"}]},{"@type":"WebSite","@id":"https:\/\/jornalfatosenoticias.com.br\/#website","url":"https:\/\/jornalfatosenoticias.com.br\/","name":"Jornal Fatos e Not\u00edcias","description":"Not\u00edcias em geral","publisher":{"@id":"https:\/\/jornalfatosenoticias.com.br\/#organization"},"potentialAction":[{"@type":"SearchAction","target":{"@type":"EntryPoint","urlTemplate":"https:\/\/jornalfatosenoticias.com.br\/?s={search_term_string}"},"query-input":{"@type":"PropertyValueSpecification","valueRequired":true,"valueName":"search_term_string"}}],"inLanguage":"pt-BR"},{"@type":"Organization","@id":"https:\/\/jornalfatosenoticias.com.br\/#organization","name":"Jornal Fatos e Not\u00edcias","url":"https:\/\/jornalfatosenoticias.com.br\/","logo":{"@type":"ImageObject","inLanguage":"pt-BR","@id":"https:\/\/jornalfatosenoticias.com.br\/#\/schema\/logo\/image\/","url":"https:\/\/jornalfatosenoticias.com.br\/wp-content\/uploads\/2020\/02\/logo120.png","contentUrl":"https:\/\/jornalfatosenoticias.com.br\/wp-content\/uploads\/2020\/02\/logo120.png","width":1227,"height":120,"caption":"Jornal Fatos e Not\u00edcias"},"image":{"@id":"https:\/\/jornalfatosenoticias.com.br\/#\/schema\/logo\/image\/"}},{"@type":"Person","@id":"https:\/\/jornalfatosenoticias.com.br\/#\/schema\/person\/c33fcf5fb02d729d3fec92c6737a22d1","name":"Ana Maria Iencarelli","image":{"@type":"ImageObject","inLanguage":"pt-BR","@id":"https:\/\/jornalfatosenoticias.com.br\/#\/schema\/person\/image\/","url":"https:\/\/jornalfatosenoticias.com.br\/wp-content\/uploads\/2020\/02\/Ana-Maria-Iencarelli-1-150x150.jpg","contentUrl":"https:\/\/jornalfatosenoticias.com.br\/wp-content\/uploads\/2020\/02\/Ana-Maria-Iencarelli-1-150x150.jpg","caption":"Ana Maria Iencarelli"},"description":"Psicanalista Cl\u00ednica, especializada no atendimento a Crian\u00e7as e Adolescentes. Presidente da ONG Vozes de Anjos.","url":"https:\/\/jornalfatosenoticias.com.br\/index.php\/author\/anamaria\/"}]}},"cc_featured_image_caption":{"caption_text":"","source_text":"","source_url":""},"jetpack_featured_media_url":"https:\/\/jornalfatosenoticias.com.br\/wp-content\/uploads\/2022\/11\/abuso-sexual-infantil-menores.jpg","_links":{"self":[{"href":"https:\/\/jornalfatosenoticias.com.br\/index.php\/wp-json\/wp\/v2\/posts\/36316","targetHints":{"allow":["GET"]}}],"collection":[{"href":"https:\/\/jornalfatosenoticias.com.br\/index.php\/wp-json\/wp\/v2\/posts"}],"about":[{"href":"https:\/\/jornalfatosenoticias.com.br\/index.php\/wp-json\/wp\/v2\/types\/post"}],"author":[{"embeddable":true,"href":"https:\/\/jornalfatosenoticias.com.br\/index.php\/wp-json\/wp\/v2\/users\/8"}],"replies":[{"embeddable":true,"href":"https:\/\/jornalfatosenoticias.com.br\/index.php\/wp-json\/wp\/v2\/comments?post=36316"}],"version-history":[{"count":0,"href":"https:\/\/jornalfatosenoticias.com.br\/index.php\/wp-json\/wp\/v2\/posts\/36316\/revisions"}],"wp:featuredmedia":[{"embeddable":true,"href":"https:\/\/jornalfatosenoticias.com.br\/index.php\/wp-json\/wp\/v2\/media\/36319"}],"wp:attachment":[{"href":"https:\/\/jornalfatosenoticias.com.br\/index.php\/wp-json\/wp\/v2\/media?parent=36316"}],"wp:term":[{"taxonomy":"category","embeddable":true,"href":"https:\/\/jornalfatosenoticias.com.br\/index.php\/wp-json\/wp\/v2\/categories?post=36316"},{"taxonomy":"post_tag","embeddable":true,"href":"https:\/\/jornalfatosenoticias.com.br\/index.php\/wp-json\/wp\/v2\/tags?post=36316"}],"curies":[{"name":"wp","href":"https:\/\/api.w.org\/{rel}","templated":true}]}}