{"id":36321,"date":"2022-11-24T14:27:35","date_gmt":"2022-11-24T17:27:35","guid":{"rendered":"https:\/\/jornalfatosenoticias.com.br\/?p=36321"},"modified":"2022-11-24T14:27:37","modified_gmt":"2022-11-24T17:27:37","slug":"tradicional-festa-do-congo-em-regencia","status":"publish","type":"post","link":"https:\/\/jornalfatosenoticias.com.br\/index.php\/2022\/11\/24\/tradicional-festa-do-congo-em-regencia\/","title":{"rendered":"Tradicional festa do congo em Reg\u00eancia"},"content":{"rendered":"\n<p><em><span class=\"has-inline-color has-black-color\">Moradores fazem a Fincada do Mastro do Congo<\/span><\/em><\/p>\n\n\n\n<p><strong><em><span class=\"has-inline-color has-luminous-vivid-orange-color\">Texto: <\/span><\/em><\/strong><em><span class=\"has-inline-color has-luminous-vivid-orange-color\">Calos Sangalia<\/span><\/em><\/p>\n\n\n\n<div class=\"wp-block-image\"><figure class=\"aligncenter size-large\"><img loading=\"lazy\" decoding=\"async\" width=\"1024\" height=\"100\" src=\"https:\/\/jornalfatosenoticias.com.br\/wp-content\/uploads\/2020\/02\/banner_ferramentas-1024x100.jpg\" alt=\"\" class=\"wp-image-1258\" srcset=\"https:\/\/jornalfatosenoticias.com.br\/wp-content\/uploads\/2020\/02\/banner_ferramentas-1024x100.jpg 1024w, https:\/\/jornalfatosenoticias.com.br\/wp-content\/uploads\/2020\/02\/banner_ferramentas-300x29.jpg 300w, https:\/\/jornalfatosenoticias.com.br\/wp-content\/uploads\/2020\/02\/banner_ferramentas-768x75.jpg 768w, https:\/\/jornalfatosenoticias.com.br\/wp-content\/uploads\/2020\/02\/banner_ferramentas.jpg 1227w\" sizes=\"auto, (max-width: 1024px) 100vw, 1024px\" \/><\/figure><\/div>\n\n\n\n<p>Acontece, neste final de semana (25 e 26), a &#8220;Levantada e Fincada do Mastro do Congo&#8221;, o evento mais tradicional da Vila M\u00e1gica de Reg\u00eancia Augusta, na foz do Rio Doce, Linhares-ES. Trata-se de um evento centen\u00e1rio realizado pela Banda de Congo de Reg\u00eancia desde quando ainda era conhecida como &#8220;Tambor de Congo ou Tambor de S\u00e3o Benedito&#8221;.<\/p>\n\n\n\n<div class=\"wp-block-image\"><figure class=\"aligncenter size-large is-resized\"><img loading=\"lazy\" decoding=\"async\" src=\"https:\/\/jornalfatosenoticias.com.br\/wp-content\/uploads\/2020\/02\/casa-do-torresmo_portal.jpg\" alt=\"\" class=\"wp-image-34472\" width=\"244\" height=\"244\" srcset=\"https:\/\/jornalfatosenoticias.com.br\/wp-content\/uploads\/2020\/02\/casa-do-torresmo_portal.jpg 300w, https:\/\/jornalfatosenoticias.com.br\/wp-content\/uploads\/2020\/02\/casa-do-torresmo_portal-150x150.jpg 150w\" sizes=\"auto, (max-width: 244px) 100vw, 244px\" \/><\/figure><\/div>\n\n\n\n<p>O movimento da Fincada do Mastro come\u00e7a bem antes do dia do evento; h\u00e1 vinte dias a banda de congo vem fazendo a tradicional &#8220;esmola&#8221;, que consiste em sair em prociss\u00e3o com a hist\u00f3rica imagem de S\u00e3o Benedito, recolhendo donativos nas casas para serem utilizados no jantar comunit\u00e1rio no dia da festa. <\/p>\n\n\n\n<div class=\"wp-block-image\"><figure class=\"aligncenter size-large\"><img loading=\"lazy\" decoding=\"async\" width=\"1024\" height=\"100\" src=\"https:\/\/jornalfatosenoticias.com.br\/wp-content\/uploads\/2022\/05\/NOVA-LOGO-CESCONETTO-1024x100.jpg\" alt=\"\" class=\"wp-image-30792\" srcset=\"https:\/\/jornalfatosenoticias.com.br\/wp-content\/uploads\/2022\/05\/NOVA-LOGO-CESCONETTO-1024x100.jpg 1024w, https:\/\/jornalfatosenoticias.com.br\/wp-content\/uploads\/2022\/05\/NOVA-LOGO-CESCONETTO-300x29.jpg 300w, https:\/\/jornalfatosenoticias.com.br\/wp-content\/uploads\/2022\/05\/NOVA-LOGO-CESCONETTO-768x75.jpg 768w, https:\/\/jornalfatosenoticias.com.br\/wp-content\/uploads\/2022\/05\/NOVA-LOGO-CESCONETTO.jpg 1280w\" sizes=\"auto, (max-width: 1024px) 100vw, 1024px\" \/><\/figure><\/div>\n\n\n\n<p>O Capit\u00e3o do Congo, Grimaldo Firmino, lembra, saudoso, de quando faziam o cortejo da &#8220;esmola\u00e7\u00e3o&#8221; levando a imagem de S\u00e3o Benedito em &#8220;pau-oco&#8221; aos rinc\u00f5es de S\u00e3o Mateus e Nova Almeida, na Serra, em andan\u00e7as pela praia.<\/p>\n\n\n\n<div class=\"wp-block-image\"><figure class=\"alignright size-large is-resized\"><img loading=\"lazy\" decoding=\"async\" src=\"https:\/\/jornalfatosenoticias.com.br\/wp-content\/uploads\/2020\/02\/logo-clinica-limoeiro.jpg\" alt=\"\" class=\"wp-image-34610\" width=\"273\" height=\"194\"\/><\/figure><\/div>\n\n\n\n<p><strong><span class=\"has-inline-color has-vivid-purple-color\">O mastro<br><\/span><\/strong>Ornamentado h\u00e1 alguns dias, \u00e9 escondido no mato pelo &#8220;festeiro na noite anterior \u00e0 Fincada; na tradi\u00e7\u00e3o, \u00e9 roubado e escondido em outro local pelos foli\u00f5es. No dia seguinte, a banda sai \u00e0s ruas da pacata Vila M\u00e1gica, em prociss\u00e3o, com a imagem de S\u00e3o Benedito no &#8220;andor&#8221;, juntamente com a bandeira do Santo que posteriormente \u00e9 pendurada no topo do Mastro; ap\u00f3s a prociss\u00e3o, os foli\u00f5es v\u00e3o \u00e0 procura do Mastro escondido e o trazem, em animado cortejo, ao som dos tambores e ganz\u00e1s; sendo ent\u00e3o, fincado ao lado da casa do congo em meio ao foguet\u00f3rio e muita alegria, momento em que os fi\u00e9is aproveitam para fazer agradecimentos, preces, pedidos e promessas a S\u00e3o Benedito e \u00e0 Santa Catarina.<\/p>\n\n\n\n<div class=\"wp-block-image\"><figure class=\"aligncenter size-large\"><img loading=\"lazy\" decoding=\"async\" width=\"1024\" height=\"103\" src=\"https:\/\/jornalfatosenoticias.com.br\/wp-content\/uploads\/2022\/02\/Arte-Autoescola-Galatas_endereco_portal-1024x103.png\" alt=\"\" class=\"wp-image-27869\" srcset=\"https:\/\/jornalfatosenoticias.com.br\/wp-content\/uploads\/2022\/02\/Arte-Autoescola-Galatas_endereco_portal-1024x103.png 1024w, https:\/\/jornalfatosenoticias.com.br\/wp-content\/uploads\/2022\/02\/Arte-Autoescola-Galatas_endereco_portal-300x30.png 300w, https:\/\/jornalfatosenoticias.com.br\/wp-content\/uploads\/2022\/02\/Arte-Autoescola-Galatas_endereco_portal-768x77.png 768w, https:\/\/jornalfatosenoticias.com.br\/wp-content\/uploads\/2022\/02\/Arte-Autoescola-Galatas_endereco_portal.png 1223w\" sizes=\"auto, (max-width: 1024px) 100vw, 1024px\" \/><\/figure><\/div>\n\n\n\n<p>Evento sociocultural e tur\u00edstico, a fincada tem caracter\u00edsticas \u00fanicas e vale a pena ser vivenciada por aqueles que praticam o turismo de experi\u00eancia, hist\u00f3rico e cultural em vilarejos. O evento \u00e9 realizado pela banda de congo adulto e mirim de Reg\u00eancia, conta com apoio da CIA de Artes Reg\u00eancia Augusta, Imetame, Funda\u00e7\u00e3o Projeto Tamar e moradores.<\/p>\n\n\n\n<div class=\"wp-block-image\"><figure class=\"aligncenter size-large is-resized\"><img loading=\"lazy\" decoding=\"async\" src=\"https:\/\/jornalfatosenoticias.com.br\/wp-content\/uploads\/2022\/02\/Precisao-Contabilidade-1024x724.jpg\" alt=\"\" class=\"wp-image-28088\" width=\"268\" height=\"189\"\/><\/figure><\/div>\n\n\n\n<p>Reserve seu lugar em uma das boas pousadas instaladas em Reg\u00eancia Augusta. O evento contar\u00e1 com a Feirinha da Vila M\u00e1gica no s\u00e1bado (26).<\/p>\n\n\n\n<div class=\"wp-block-image\"><figure class=\"aligncenter size-large\"><img loading=\"lazy\" decoding=\"async\" width=\"825\" height=\"1000\" src=\"https:\/\/jornalfatosenoticias.com.br\/wp-content\/uploads\/2022\/11\/CartazFindacaMastroCongoRegencia22.jpeg\" alt=\"\" class=\"wp-image-36322\" srcset=\"https:\/\/jornalfatosenoticias.com.br\/wp-content\/uploads\/2022\/11\/CartazFindacaMastroCongoRegencia22.jpeg 825w, https:\/\/jornalfatosenoticias.com.br\/wp-content\/uploads\/2022\/11\/CartazFindacaMastroCongoRegencia22-248x300.jpeg 248w, https:\/\/jornalfatosenoticias.com.br\/wp-content\/uploads\/2022\/11\/CartazFindacaMastroCongoRegencia22-768x931.jpeg 768w\" sizes=\"auto, (max-width: 825px) 100vw, 825px\" \/><figcaption><em><span class=\"has-inline-color has-black-color\">Cartaz: Divulga\u00e7\u00e3o<\/span><\/em><\/figcaption><\/figure><\/div>\n\n\n\n<p><strong><span class=\"has-inline-color has-vivid-purple-color\">Confira a programa\u00e7\u00e3o<br><\/span><span class=\"has-inline-color has-black-color\">Sexta-feira (25)<br><\/span><\/strong>19h &#8211; Roda de congo, na casa do congo;<br>20h &#8211; cortejo do Congo pelas ruas da Vila e nas casas dos moradores. Escondida do Mastro.<\/p>\n\n\n\n<div class=\"wp-block-image\"><figure class=\"aligncenter size-large\"><img loading=\"lazy\" decoding=\"async\" width=\"1024\" height=\"111\" src=\"https:\/\/jornalfatosenoticias.com.br\/wp-content\/uploads\/2020\/02\/WhatsApp-Image-2022-09-23-at-12.09.18-1024x111.jpeg\" alt=\"\" class=\"wp-image-34527\" srcset=\"https:\/\/jornalfatosenoticias.com.br\/wp-content\/uploads\/2020\/02\/WhatsApp-Image-2022-09-23-at-12.09.18-1024x111.jpeg 1024w, https:\/\/jornalfatosenoticias.com.br\/wp-content\/uploads\/2020\/02\/WhatsApp-Image-2022-09-23-at-12.09.18-300x32.jpeg 300w, https:\/\/jornalfatosenoticias.com.br\/wp-content\/uploads\/2020\/02\/WhatsApp-Image-2022-09-23-at-12.09.18-768x83.jpeg 768w, https:\/\/jornalfatosenoticias.com.br\/wp-content\/uploads\/2020\/02\/WhatsApp-Image-2022-09-23-at-12.09.18.jpeg 1121w\" sizes=\"auto, (max-width: 1024px) 100vw, 1024px\" \/><\/figure><\/div>\n\n\n\n<p><strong><span class=\"has-inline-color has-black-color\">S\u00e1bado (26)<br><\/span><\/strong>16h &#8211; Esquentando os tambores (oficina de musicaliza\u00e7\u00e3o do congo)<br>16h30 &#8211; Chegada das bandas de congos convidadas<br>17h &#8211; Prociss\u00e3o com a imagem do Santo<br>17h30 &#8211; Procura do Mastro<br>18h 30min &#8211; Fincada do Mastro;<br>19h 30min &#8211; Jantar comunit\u00e1rio; exibi\u00e7\u00e3o de imagens dos eventos anteriores e furdun\u00e7o musical com m\u00fasicos locais e convidados.<\/p>\n\n\n\n<div class=\"wp-block-image\"><figure class=\"aligncenter size-large is-resized\"><img loading=\"lazy\" decoding=\"async\" src=\"https:\/\/jornalfatosenoticias.com.br\/wp-content\/uploads\/2022\/08\/logo-locau-veiculos-1024x573.png\" alt=\"\" class=\"wp-image-33078\" width=\"267\" height=\"149\"\/><\/figure><\/div>\n","protected":false},"excerpt":{"rendered":"<p>Moradores fazem a Fincada do Mastro do Congo Texto: Calos Sangalia Acontece, neste final de semana (25 e 26), a &#8220;Levantada e Fincada do Mastro do Congo&#8221;, o evento mais tradicional da Vila M\u00e1gica de Reg\u00eancia Augusta, na foz do Rio Doce, Linhares-ES. Trata-se de um evento centen\u00e1rio realizado pela Banda de Congo de Reg\u00eancia [&hellip;]<\/p>\n","protected":false},"author":2,"featured_media":36323,"comment_status":"open","ping_status":"open","sticky":false,"template":"","format":"standard","meta":{"footnotes":""},"categories":[4],"tags":[6373,17054,6522,17052,17053],"class_list":["post-36321","post","type-post","status-publish","format-standard","has-post-thumbnail","hentry","category-cultura","tag-bandas-de-congo","tag-festa-do-congo","tag-festas-tradicionais","tag-fincada-do-mastro-do-congo","tag-regencia-augusta"],"yoast_head":"<!-- This site is optimized with the Yoast SEO plugin v26.5 - https:\/\/yoast.com\/wordpress\/plugins\/seo\/ -->\n<title>Tradicional festa do congo em Reg\u00eancia - Jornal Fatos e Not\u00edcias<\/title>\n<meta name=\"robots\" content=\"index, follow, max-snippet:-1, max-image-preview:large, max-video-preview:-1\" \/>\n<link rel=\"canonical\" href=\"https:\/\/jornalfatosenoticias.com.br\/index.php\/2022\/11\/24\/tradicional-festa-do-congo-em-regencia\/\" \/>\n<meta property=\"og:locale\" content=\"pt_BR\" \/>\n<meta property=\"og:type\" content=\"article\" \/>\n<meta property=\"og:title\" content=\"Tradicional festa do congo em Reg\u00eancia - Jornal Fatos e Not\u00edcias\" \/>\n<meta property=\"og:description\" content=\"Moradores fazem a Fincada do Mastro do Congo Texto: Calos Sangalia Acontece, neste final de semana (25 e 26), a &#8220;Levantada e Fincada do Mastro do Congo&#8221;, o evento mais tradicional da Vila M\u00e1gica de Reg\u00eancia Augusta, na foz do Rio Doce, Linhares-ES. Trata-se de um evento centen\u00e1rio realizado pela Banda de Congo de Reg\u00eancia [&hellip;]\" \/>\n<meta property=\"og:url\" content=\"https:\/\/jornalfatosenoticias.com.br\/index.php\/2022\/11\/24\/tradicional-festa-do-congo-em-regencia\/\" \/>\n<meta property=\"og:site_name\" content=\"Jornal Fatos e Not\u00edcias\" \/>\n<meta property=\"article:published_time\" content=\"2022-11-24T17:27:35+00:00\" \/>\n<meta property=\"article:modified_time\" content=\"2022-11-24T17:27:37+00:00\" \/>\n<meta property=\"og:image\" content=\"https:\/\/jornalfatosenoticias.com.br\/wp-content\/uploads\/2022\/11\/CartazFindacaMastroCongoRegencia_capa.jpg\" \/>\n\t<meta property=\"og:image:width\" content=\"1000\" \/>\n\t<meta property=\"og:image:height\" content=\"654\" \/>\n\t<meta property=\"og:image:type\" content=\"image\/jpeg\" \/>\n<meta name=\"author\" content=\"Luzimara Fernandes\" \/>\n<meta name=\"twitter:card\" content=\"summary_large_image\" \/>\n<meta name=\"twitter:label1\" content=\"Escrito por\" \/>\n\t<meta name=\"twitter:data1\" content=\"Luzimara Fernandes\" \/>\n\t<meta name=\"twitter:label2\" content=\"Est. tempo de leitura\" \/>\n\t<meta name=\"twitter:data2\" content=\"2 minutos\" \/>\n<script type=\"application\/ld+json\" class=\"yoast-schema-graph\">{\"@context\":\"https:\/\/schema.org\",\"@graph\":[{\"@type\":\"Article\",\"@id\":\"https:\/\/jornalfatosenoticias.com.br\/index.php\/2022\/11\/24\/tradicional-festa-do-congo-em-regencia\/#article\",\"isPartOf\":{\"@id\":\"https:\/\/jornalfatosenoticias.com.br\/index.php\/2022\/11\/24\/tradicional-festa-do-congo-em-regencia\/\"},\"author\":{\"name\":\"Luzimara Fernandes\",\"@id\":\"https:\/\/jornalfatosenoticias.com.br\/#\/schema\/person\/d63837fa13ac8666eb9e74e0985d6f81\"},\"headline\":\"Tradicional festa do congo em Reg\u00eancia\",\"datePublished\":\"2022-11-24T17:27:35+00:00\",\"dateModified\":\"2022-11-24T17:27:37+00:00\",\"mainEntityOfPage\":{\"@id\":\"https:\/\/jornalfatosenoticias.com.br\/index.php\/2022\/11\/24\/tradicional-festa-do-congo-em-regencia\/\"},\"wordCount\":496,\"commentCount\":0,\"publisher\":{\"@id\":\"https:\/\/jornalfatosenoticias.com.br\/#organization\"},\"image\":{\"@id\":\"https:\/\/jornalfatosenoticias.com.br\/index.php\/2022\/11\/24\/tradicional-festa-do-congo-em-regencia\/#primaryimage\"},\"thumbnailUrl\":\"https:\/\/jornalfatosenoticias.com.br\/wp-content\/uploads\/2022\/11\/CartazFindacaMastroCongoRegencia_capa.jpg\",\"keywords\":[\"Bandas de Congo\",\"festa do congo\",\"festas tradicionais\",\"Fincada do Mastro do Congo\",\"Reg\u00eancia Augusta\"],\"articleSection\":[\"Cultura\"],\"inLanguage\":\"pt-BR\",\"potentialAction\":[{\"@type\":\"CommentAction\",\"name\":\"Comment\",\"target\":[\"https:\/\/jornalfatosenoticias.com.br\/index.php\/2022\/11\/24\/tradicional-festa-do-congo-em-regencia\/#respond\"]}]},{\"@type\":\"WebPage\",\"@id\":\"https:\/\/jornalfatosenoticias.com.br\/index.php\/2022\/11\/24\/tradicional-festa-do-congo-em-regencia\/\",\"url\":\"https:\/\/jornalfatosenoticias.com.br\/index.php\/2022\/11\/24\/tradicional-festa-do-congo-em-regencia\/\",\"name\":\"Tradicional festa do congo em Reg\u00eancia - Jornal Fatos e Not\u00edcias\",\"isPartOf\":{\"@id\":\"https:\/\/jornalfatosenoticias.com.br\/#website\"},\"primaryImageOfPage\":{\"@id\":\"https:\/\/jornalfatosenoticias.com.br\/index.php\/2022\/11\/24\/tradicional-festa-do-congo-em-regencia\/#primaryimage\"},\"image\":{\"@id\":\"https:\/\/jornalfatosenoticias.com.br\/index.php\/2022\/11\/24\/tradicional-festa-do-congo-em-regencia\/#primaryimage\"},\"thumbnailUrl\":\"https:\/\/jornalfatosenoticias.com.br\/wp-content\/uploads\/2022\/11\/CartazFindacaMastroCongoRegencia_capa.jpg\",\"datePublished\":\"2022-11-24T17:27:35+00:00\",\"dateModified\":\"2022-11-24T17:27:37+00:00\",\"breadcrumb\":{\"@id\":\"https:\/\/jornalfatosenoticias.com.br\/index.php\/2022\/11\/24\/tradicional-festa-do-congo-em-regencia\/#breadcrumb\"},\"inLanguage\":\"pt-BR\",\"potentialAction\":[{\"@type\":\"ReadAction\",\"target\":[\"https:\/\/jornalfatosenoticias.com.br\/index.php\/2022\/11\/24\/tradicional-festa-do-congo-em-regencia\/\"]}]},{\"@type\":\"ImageObject\",\"inLanguage\":\"pt-BR\",\"@id\":\"https:\/\/jornalfatosenoticias.com.br\/index.php\/2022\/11\/24\/tradicional-festa-do-congo-em-regencia\/#primaryimage\",\"url\":\"https:\/\/jornalfatosenoticias.com.br\/wp-content\/uploads\/2022\/11\/CartazFindacaMastroCongoRegencia_capa.jpg\",\"contentUrl\":\"https:\/\/jornalfatosenoticias.com.br\/wp-content\/uploads\/2022\/11\/CartazFindacaMastroCongoRegencia_capa.jpg\",\"width\":1000,\"height\":654},{\"@type\":\"BreadcrumbList\",\"@id\":\"https:\/\/jornalfatosenoticias.com.br\/index.php\/2022\/11\/24\/tradicional-festa-do-congo-em-regencia\/#breadcrumb\",\"itemListElement\":[{\"@type\":\"ListItem\",\"position\":1,\"name\":\"In\u00edcio\",\"item\":\"https:\/\/jornalfatosenoticias.com.br\/\"},{\"@type\":\"ListItem\",\"position\":2,\"name\":\"Tradicional festa do congo em Reg\u00eancia\"}]},{\"@type\":\"WebSite\",\"@id\":\"https:\/\/jornalfatosenoticias.com.br\/#website\",\"url\":\"https:\/\/jornalfatosenoticias.com.br\/\",\"name\":\"Jornal Fatos e Not\u00edcias\",\"description\":\"Not\u00edcias em geral\",\"publisher\":{\"@id\":\"https:\/\/jornalfatosenoticias.com.br\/#organization\"},\"potentialAction\":[{\"@type\":\"SearchAction\",\"target\":{\"@type\":\"EntryPoint\",\"urlTemplate\":\"https:\/\/jornalfatosenoticias.com.br\/?s={search_term_string}\"},\"query-input\":{\"@type\":\"PropertyValueSpecification\",\"valueRequired\":true,\"valueName\":\"search_term_string\"}}],\"inLanguage\":\"pt-BR\"},{\"@type\":\"Organization\",\"@id\":\"https:\/\/jornalfatosenoticias.com.br\/#organization\",\"name\":\"Jornal Fatos e Not\u00edcias\",\"url\":\"https:\/\/jornalfatosenoticias.com.br\/\",\"logo\":{\"@type\":\"ImageObject\",\"inLanguage\":\"pt-BR\",\"@id\":\"https:\/\/jornalfatosenoticias.com.br\/#\/schema\/logo\/image\/\",\"url\":\"https:\/\/jornalfatosenoticias.com.br\/wp-content\/uploads\/2020\/02\/logo120.png\",\"contentUrl\":\"https:\/\/jornalfatosenoticias.com.br\/wp-content\/uploads\/2020\/02\/logo120.png\",\"width\":1227,\"height\":120,\"caption\":\"Jornal Fatos e Not\u00edcias\"},\"image\":{\"@id\":\"https:\/\/jornalfatosenoticias.com.br\/#\/schema\/logo\/image\/\"}},{\"@type\":\"Person\",\"@id\":\"https:\/\/jornalfatosenoticias.com.br\/#\/schema\/person\/d63837fa13ac8666eb9e74e0985d6f81\",\"name\":\"Luzimara Fernandes\",\"image\":{\"@type\":\"ImageObject\",\"inLanguage\":\"pt-BR\",\"@id\":\"https:\/\/jornalfatosenoticias.com.br\/#\/schema\/person\/image\/\",\"url\":\"https:\/\/jornalfatosenoticias.com.br\/wp-content\/uploads\/2025\/05\/EU_portal.jpg\",\"contentUrl\":\"https:\/\/jornalfatosenoticias.com.br\/wp-content\/uploads\/2025\/05\/EU_portal.jpg\",\"caption\":\"Luzimara Fernandes\"},\"description\":\"Jornalista MTB 2358-ES\",\"sameAs\":[\"https:\/\/jornalfatosenoticias.com.br\"],\"url\":\"https:\/\/jornalfatosenoticias.com.br\/index.php\/author\/luzimara\/\"}]}<\/script>\n<!-- \/ Yoast SEO plugin. -->","yoast_head_json":{"title":"Tradicional festa do congo em Reg\u00eancia - Jornal Fatos e Not\u00edcias","robots":{"index":"index","follow":"follow","max-snippet":"max-snippet:-1","max-image-preview":"max-image-preview:large","max-video-preview":"max-video-preview:-1"},"canonical":"https:\/\/jornalfatosenoticias.com.br\/index.php\/2022\/11\/24\/tradicional-festa-do-congo-em-regencia\/","og_locale":"pt_BR","og_type":"article","og_title":"Tradicional festa do congo em Reg\u00eancia - Jornal Fatos e Not\u00edcias","og_description":"Moradores fazem a Fincada do Mastro do Congo Texto: Calos Sangalia Acontece, neste final de semana (25 e 26), a &#8220;Levantada e Fincada do Mastro do Congo&#8221;, o evento mais tradicional da Vila M\u00e1gica de Reg\u00eancia Augusta, na foz do Rio Doce, Linhares-ES. Trata-se de um evento centen\u00e1rio realizado pela Banda de Congo de Reg\u00eancia [&hellip;]","og_url":"https:\/\/jornalfatosenoticias.com.br\/index.php\/2022\/11\/24\/tradicional-festa-do-congo-em-regencia\/","og_site_name":"Jornal Fatos e Not\u00edcias","article_published_time":"2022-11-24T17:27:35+00:00","article_modified_time":"2022-11-24T17:27:37+00:00","og_image":[{"width":1000,"height":654,"url":"https:\/\/jornalfatosenoticias.com.br\/wp-content\/uploads\/2022\/11\/CartazFindacaMastroCongoRegencia_capa.jpg","type":"image\/jpeg"}],"author":"Luzimara Fernandes","twitter_card":"summary_large_image","twitter_misc":{"Escrito por":"Luzimara Fernandes","Est. tempo de leitura":"2 minutos"},"schema":{"@context":"https:\/\/schema.org","@graph":[{"@type":"Article","@id":"https:\/\/jornalfatosenoticias.com.br\/index.php\/2022\/11\/24\/tradicional-festa-do-congo-em-regencia\/#article","isPartOf":{"@id":"https:\/\/jornalfatosenoticias.com.br\/index.php\/2022\/11\/24\/tradicional-festa-do-congo-em-regencia\/"},"author":{"name":"Luzimara Fernandes","@id":"https:\/\/jornalfatosenoticias.com.br\/#\/schema\/person\/d63837fa13ac8666eb9e74e0985d6f81"},"headline":"Tradicional festa do congo em Reg\u00eancia","datePublished":"2022-11-24T17:27:35+00:00","dateModified":"2022-11-24T17:27:37+00:00","mainEntityOfPage":{"@id":"https:\/\/jornalfatosenoticias.com.br\/index.php\/2022\/11\/24\/tradicional-festa-do-congo-em-regencia\/"},"wordCount":496,"commentCount":0,"publisher":{"@id":"https:\/\/jornalfatosenoticias.com.br\/#organization"},"image":{"@id":"https:\/\/jornalfatosenoticias.com.br\/index.php\/2022\/11\/24\/tradicional-festa-do-congo-em-regencia\/#primaryimage"},"thumbnailUrl":"https:\/\/jornalfatosenoticias.com.br\/wp-content\/uploads\/2022\/11\/CartazFindacaMastroCongoRegencia_capa.jpg","keywords":["Bandas de Congo","festa do congo","festas tradicionais","Fincada do Mastro do Congo","Reg\u00eancia Augusta"],"articleSection":["Cultura"],"inLanguage":"pt-BR","potentialAction":[{"@type":"CommentAction","name":"Comment","target":["https:\/\/jornalfatosenoticias.com.br\/index.php\/2022\/11\/24\/tradicional-festa-do-congo-em-regencia\/#respond"]}]},{"@type":"WebPage","@id":"https:\/\/jornalfatosenoticias.com.br\/index.php\/2022\/11\/24\/tradicional-festa-do-congo-em-regencia\/","url":"https:\/\/jornalfatosenoticias.com.br\/index.php\/2022\/11\/24\/tradicional-festa-do-congo-em-regencia\/","name":"Tradicional festa do congo em Reg\u00eancia - Jornal Fatos e Not\u00edcias","isPartOf":{"@id":"https:\/\/jornalfatosenoticias.com.br\/#website"},"primaryImageOfPage":{"@id":"https:\/\/jornalfatosenoticias.com.br\/index.php\/2022\/11\/24\/tradicional-festa-do-congo-em-regencia\/#primaryimage"},"image":{"@id":"https:\/\/jornalfatosenoticias.com.br\/index.php\/2022\/11\/24\/tradicional-festa-do-congo-em-regencia\/#primaryimage"},"thumbnailUrl":"https:\/\/jornalfatosenoticias.com.br\/wp-content\/uploads\/2022\/11\/CartazFindacaMastroCongoRegencia_capa.jpg","datePublished":"2022-11-24T17:27:35+00:00","dateModified":"2022-11-24T17:27:37+00:00","breadcrumb":{"@id":"https:\/\/jornalfatosenoticias.com.br\/index.php\/2022\/11\/24\/tradicional-festa-do-congo-em-regencia\/#breadcrumb"},"inLanguage":"pt-BR","potentialAction":[{"@type":"ReadAction","target":["https:\/\/jornalfatosenoticias.com.br\/index.php\/2022\/11\/24\/tradicional-festa-do-congo-em-regencia\/"]}]},{"@type":"ImageObject","inLanguage":"pt-BR","@id":"https:\/\/jornalfatosenoticias.com.br\/index.php\/2022\/11\/24\/tradicional-festa-do-congo-em-regencia\/#primaryimage","url":"https:\/\/jornalfatosenoticias.com.br\/wp-content\/uploads\/2022\/11\/CartazFindacaMastroCongoRegencia_capa.jpg","contentUrl":"https:\/\/jornalfatosenoticias.com.br\/wp-content\/uploads\/2022\/11\/CartazFindacaMastroCongoRegencia_capa.jpg","width":1000,"height":654},{"@type":"BreadcrumbList","@id":"https:\/\/jornalfatosenoticias.com.br\/index.php\/2022\/11\/24\/tradicional-festa-do-congo-em-regencia\/#breadcrumb","itemListElement":[{"@type":"ListItem","position":1,"name":"In\u00edcio","item":"https:\/\/jornalfatosenoticias.com.br\/"},{"@type":"ListItem","position":2,"name":"Tradicional festa do congo em Reg\u00eancia"}]},{"@type":"WebSite","@id":"https:\/\/jornalfatosenoticias.com.br\/#website","url":"https:\/\/jornalfatosenoticias.com.br\/","name":"Jornal Fatos e Not\u00edcias","description":"Not\u00edcias em geral","publisher":{"@id":"https:\/\/jornalfatosenoticias.com.br\/#organization"},"potentialAction":[{"@type":"SearchAction","target":{"@type":"EntryPoint","urlTemplate":"https:\/\/jornalfatosenoticias.com.br\/?s={search_term_string}"},"query-input":{"@type":"PropertyValueSpecification","valueRequired":true,"valueName":"search_term_string"}}],"inLanguage":"pt-BR"},{"@type":"Organization","@id":"https:\/\/jornalfatosenoticias.com.br\/#organization","name":"Jornal Fatos e Not\u00edcias","url":"https:\/\/jornalfatosenoticias.com.br\/","logo":{"@type":"ImageObject","inLanguage":"pt-BR","@id":"https:\/\/jornalfatosenoticias.com.br\/#\/schema\/logo\/image\/","url":"https:\/\/jornalfatosenoticias.com.br\/wp-content\/uploads\/2020\/02\/logo120.png","contentUrl":"https:\/\/jornalfatosenoticias.com.br\/wp-content\/uploads\/2020\/02\/logo120.png","width":1227,"height":120,"caption":"Jornal Fatos e Not\u00edcias"},"image":{"@id":"https:\/\/jornalfatosenoticias.com.br\/#\/schema\/logo\/image\/"}},{"@type":"Person","@id":"https:\/\/jornalfatosenoticias.com.br\/#\/schema\/person\/d63837fa13ac8666eb9e74e0985d6f81","name":"Luzimara Fernandes","image":{"@type":"ImageObject","inLanguage":"pt-BR","@id":"https:\/\/jornalfatosenoticias.com.br\/#\/schema\/person\/image\/","url":"https:\/\/jornalfatosenoticias.com.br\/wp-content\/uploads\/2025\/05\/EU_portal.jpg","contentUrl":"https:\/\/jornalfatosenoticias.com.br\/wp-content\/uploads\/2025\/05\/EU_portal.jpg","caption":"Luzimara Fernandes"},"description":"Jornalista MTB 2358-ES","sameAs":["https:\/\/jornalfatosenoticias.com.br"],"url":"https:\/\/jornalfatosenoticias.com.br\/index.php\/author\/luzimara\/"}]}},"cc_featured_image_caption":{"caption_text":"Cartaz: Divulga\u00e7\u00e3o","source_text":"","source_url":""},"jetpack_featured_media_url":"https:\/\/jornalfatosenoticias.com.br\/wp-content\/uploads\/2022\/11\/CartazFindacaMastroCongoRegencia_capa.jpg","_links":{"self":[{"href":"https:\/\/jornalfatosenoticias.com.br\/index.php\/wp-json\/wp\/v2\/posts\/36321","targetHints":{"allow":["GET"]}}],"collection":[{"href":"https:\/\/jornalfatosenoticias.com.br\/index.php\/wp-json\/wp\/v2\/posts"}],"about":[{"href":"https:\/\/jornalfatosenoticias.com.br\/index.php\/wp-json\/wp\/v2\/types\/post"}],"author":[{"embeddable":true,"href":"https:\/\/jornalfatosenoticias.com.br\/index.php\/wp-json\/wp\/v2\/users\/2"}],"replies":[{"embeddable":true,"href":"https:\/\/jornalfatosenoticias.com.br\/index.php\/wp-json\/wp\/v2\/comments?post=36321"}],"version-history":[{"count":0,"href":"https:\/\/jornalfatosenoticias.com.br\/index.php\/wp-json\/wp\/v2\/posts\/36321\/revisions"}],"wp:featuredmedia":[{"embeddable":true,"href":"https:\/\/jornalfatosenoticias.com.br\/index.php\/wp-json\/wp\/v2\/media\/36323"}],"wp:attachment":[{"href":"https:\/\/jornalfatosenoticias.com.br\/index.php\/wp-json\/wp\/v2\/media?parent=36321"}],"wp:term":[{"taxonomy":"category","embeddable":true,"href":"https:\/\/jornalfatosenoticias.com.br\/index.php\/wp-json\/wp\/v2\/categories?post=36321"},{"taxonomy":"post_tag","embeddable":true,"href":"https:\/\/jornalfatosenoticias.com.br\/index.php\/wp-json\/wp\/v2\/tags?post=36321"}],"curies":[{"name":"wp","href":"https:\/\/api.w.org\/{rel}","templated":true}]}}