{"id":36331,"date":"2022-11-24T15:00:44","date_gmt":"2022-11-24T18:00:44","guid":{"rendered":"https:\/\/jornalfatosenoticias.com.br\/?p=36331"},"modified":"2022-11-24T15:00:45","modified_gmt":"2022-11-24T18:00:45","slug":"marcel-van-hattem-consegue-assinaturas-para-instalar-cpi-do-abuso-de-autoridade-do-stf-e-do-tse","status":"publish","type":"post","link":"https:\/\/jornalfatosenoticias.com.br\/index.php\/2022\/11\/24\/marcel-van-hattem-consegue-assinaturas-para-instalar-cpi-do-abuso-de-autoridade-do-stf-e-do-tse\/","title":{"rendered":"Marcel van Hattem consegue assinaturas para instalar \u2018CPI do Abuso de Autoridade\u2019 do STF e do TSE"},"content":{"rendered":"\n<div class=\"wp-block-image\"><figure class=\"aligncenter size-large\"><img loading=\"lazy\" decoding=\"async\" width=\"1024\" height=\"100\" src=\"https:\/\/jornalfatosenoticias.com.br\/wp-content\/uploads\/2022\/05\/NOVA-LOGO-CESCONETTO-1024x100.jpg\" alt=\"\" class=\"wp-image-30792\" srcset=\"https:\/\/jornalfatosenoticias.com.br\/wp-content\/uploads\/2022\/05\/NOVA-LOGO-CESCONETTO-1024x100.jpg 1024w, https:\/\/jornalfatosenoticias.com.br\/wp-content\/uploads\/2022\/05\/NOVA-LOGO-CESCONETTO-300x29.jpg 300w, https:\/\/jornalfatosenoticias.com.br\/wp-content\/uploads\/2022\/05\/NOVA-LOGO-CESCONETTO-768x75.jpg 768w, https:\/\/jornalfatosenoticias.com.br\/wp-content\/uploads\/2022\/05\/NOVA-LOGO-CESCONETTO.jpg 1280w\" sizes=\"auto, (max-width: 1024px) 100vw, 1024px\" \/><\/figure><\/div>\n\n\n\n<p>Nesta quinta-feira (24), o deputado federal Marcel van Hattem (Novo-RS) anunciou que vai protocolar o pedido de abertura da \u201cCPI do Abuso de Autoridade\u201d para investigar excessos cometidos por ministros do Supremo Tribunal Federal (STF) e do Tribunal Superior Eleitoral (TSE).<\/p>\n\n\n\n<div class=\"wp-block-image\"><figure class=\"aligncenter size-large\"><img decoding=\"async\" src=\"https:\/\/jornalfatosenoticias.com.br\/wp-content\/uploads\/2020\/02\/barao-das-carnes-300x164-1.jpg\" alt=\"\" class=\"wp-image-34339\"\/><\/figure><\/div>\n\n\n\n<p>Para que a CPI seja instaurada, o pedido necessitava do apoio de 171 parlamentares, n\u00famero atingido nesta manh\u00e3. Segundo van Hattem, 181 parlamentares assinaram o requerimento, representando 19 Estados e 12 partidos pol\u00edticos.<\/p>\n\n\n\n<div class=\"wp-block-image\"><figure class=\"aligncenter size-large\"><img loading=\"lazy\" decoding=\"async\" width=\"1024\" height=\"111\" src=\"https:\/\/jornalfatosenoticias.com.br\/wp-content\/uploads\/2020\/02\/WhatsApp-Image-2022-09-23-at-12.09.18-1024x111.jpeg\" alt=\"\" class=\"wp-image-34527\" srcset=\"https:\/\/jornalfatosenoticias.com.br\/wp-content\/uploads\/2020\/02\/WhatsApp-Image-2022-09-23-at-12.09.18-1024x111.jpeg 1024w, https:\/\/jornalfatosenoticias.com.br\/wp-content\/uploads\/2020\/02\/WhatsApp-Image-2022-09-23-at-12.09.18-300x32.jpeg 300w, https:\/\/jornalfatosenoticias.com.br\/wp-content\/uploads\/2020\/02\/WhatsApp-Image-2022-09-23-at-12.09.18-768x83.jpeg 768w, https:\/\/jornalfatosenoticias.com.br\/wp-content\/uploads\/2020\/02\/WhatsApp-Image-2022-09-23-at-12.09.18.jpeg 1121w\" sizes=\"auto, (max-width: 1024px) 100vw, 1024px\" \/><\/figure><\/div>\n\n\n\n<p>O an\u00fancio foi feito em coletiva de imprensa, momento em que o deputado defendeu o colegiado como uma forma de \u201cpacificar o Pa\u00eds\u201d.<br>Segundo o parlamentar, \u00e9 dever do Congresso Nacional se situar em seu \u201clugar de direito, que \u00e9 a defesa da democracia\u201d.<\/p>\n\n\n\n<div class=\"wp-block-image\"><figure class=\"aligncenter size-large is-resized\"><img loading=\"lazy\" decoding=\"async\" src=\"https:\/\/jornalfatosenoticias.com.br\/wp-content\/uploads\/2022\/02\/Precisao-Contabilidade-1024x724.jpg\" alt=\"\" class=\"wp-image-28088\" width=\"328\" height=\"232\"\/><\/figure><\/div>\n\n\n\n<figure class=\"wp-block-pullquote\"><blockquote><p><span class=\"has-inline-color has-luminous-vivid-orange-color\">N\u00e3o \u00e9 com essas atitudes que solucionaremos os problemas da nossa jovem democracia, queremos a independ\u00eancia e harmonia entre os poderes. Ju\u00edzes julgam, parlamentares fiscalizam e o Executivo executa e implementa. Chegamos ao momento que temos grande confus\u00e3o dos poderes, portanto \u00e9 papel do Parlamento investigar quaisquer abusos cometidos por autoridades. Entendemos que absolutamente ningu\u00e9m pode estar acima da lei\u201d, defendeu van Hattem.<\/span><\/p><\/blockquote><\/figure>\n\n\n\n<div class=\"wp-block-image\"><figure class=\"aligncenter size-large\"><img decoding=\"async\" src=\"https:\/\/jornalfatosenoticias.com.br\/wp-content\/uploads\/2020\/02\/Serra-Grande-1024x160.png\" alt=\"\" class=\"wp-image-7836\"\/><\/figure><\/div>\n\n\n\n<p>Agora, com as assinaturas, a expectativa do deputado \u00e9 que a solicita\u00e7\u00e3o seja imediatamente instalada e finalizada ainda nesta legislatura.<br>O documento apresentado por van Hattem solicita uma investiga\u00e7\u00e3o sobre casos protagonizados por ministros do STF ou TSE.<\/p>\n\n\n\n<div class=\"wp-block-image\"><figure class=\"aligncenter size-large is-resized\"><img loading=\"lazy\" decoding=\"async\" src=\"https:\/\/jornalfatosenoticias.com.br\/wp-content\/uploads\/2022\/08\/logo-locau-veiculos-1024x573.png\" alt=\"\" class=\"wp-image-33078\" width=\"316\" height=\"176\"\/><\/figure><\/div>\n\n\n\n<p><strong><em>Fonte: <a href=\"https:\/\/gazetabrasil.com.br\/politica\/2022\/11\/24\/marcel-van-hattem-consegue-assinaturas-para-instalar-cpi-do-abuso-de-autoridade\/\">Gazeta Brasil<\/a><\/em><\/strong><\/p>\n","protected":false},"excerpt":{"rendered":"<p>Nesta quinta-feira (24), o deputado federal Marcel van Hattem (Novo-RS) anunciou que vai protocolar o pedido de abertura da \u201cCPI do Abuso de Autoridade\u201d para investigar excessos cometidos por ministros do Supremo Tribunal Federal (STF) e do Tribunal Superior Eleitoral (TSE). Para que a CPI seja instaurada, o pedido necessitava do apoio de 171 parlamentares, [&hellip;]<\/p>\n","protected":false},"author":2,"featured_media":36332,"comment_status":"open","ping_status":"open","sticky":false,"template":"","format":"standard","meta":{"footnotes":""},"categories":[10],"tags":[17058,17056,17057,294,1514],"class_list":["post-36331","post","type-post","status-publish","format-standard","has-post-thumbnail","hentry","category-politica","tag-assinaturas","tag-cpi-do-abuso-de-autoridade","tag-marcel-van-hattem","tag-stf","tag-tse"],"yoast_head":"<!-- This site is optimized with the Yoast SEO plugin v26.5 - https:\/\/yoast.com\/wordpress\/plugins\/seo\/ -->\n<title>Marcel van Hattem consegue assinaturas para instalar \u2018CPI do Abuso de Autoridade\u2019 do STF e do TSE - Jornal Fatos e Not\u00edcias<\/title>\n<meta name=\"robots\" content=\"index, follow, max-snippet:-1, max-image-preview:large, max-video-preview:-1\" \/>\n<link rel=\"canonical\" href=\"https:\/\/jornalfatosenoticias.com.br\/index.php\/2022\/11\/24\/marcel-van-hattem-consegue-assinaturas-para-instalar-cpi-do-abuso-de-autoridade-do-stf-e-do-tse\/\" \/>\n<meta property=\"og:locale\" content=\"pt_BR\" \/>\n<meta property=\"og:type\" content=\"article\" \/>\n<meta property=\"og:title\" content=\"Marcel van Hattem consegue assinaturas para instalar \u2018CPI do Abuso de Autoridade\u2019 do STF e do TSE - Jornal Fatos e Not\u00edcias\" \/>\n<meta property=\"og:description\" content=\"Nesta quinta-feira (24), o deputado federal Marcel van Hattem (Novo-RS) anunciou que vai protocolar o pedido de abertura da \u201cCPI do Abuso de Autoridade\u201d para investigar excessos cometidos por ministros do Supremo Tribunal Federal (STF) e do Tribunal Superior Eleitoral (TSE). Para que a CPI seja instaurada, o pedido necessitava do apoio de 171 parlamentares, [&hellip;]\" \/>\n<meta property=\"og:url\" content=\"https:\/\/jornalfatosenoticias.com.br\/index.php\/2022\/11\/24\/marcel-van-hattem-consegue-assinaturas-para-instalar-cpi-do-abuso-de-autoridade-do-stf-e-do-tse\/\" \/>\n<meta property=\"og:site_name\" content=\"Jornal Fatos e Not\u00edcias\" \/>\n<meta property=\"article:published_time\" content=\"2022-11-24T18:00:44+00:00\" \/>\n<meta property=\"article:modified_time\" content=\"2022-11-24T18:00:45+00:00\" \/>\n<meta property=\"og:image\" content=\"https:\/\/jornalfatosenoticias.com.br\/wp-content\/uploads\/2022\/11\/Marcel-van-Hattem.jpg\" \/>\n\t<meta property=\"og:image:width\" content=\"1000\" \/>\n\t<meta property=\"og:image:height\" content=\"500\" \/>\n\t<meta property=\"og:image:type\" content=\"image\/jpeg\" \/>\n<meta name=\"author\" content=\"Luzimara Fernandes\" \/>\n<meta name=\"twitter:card\" content=\"summary_large_image\" \/>\n<meta name=\"twitter:label1\" content=\"Escrito por\" \/>\n\t<meta name=\"twitter:data1\" content=\"Luzimara Fernandes\" \/>\n\t<meta name=\"twitter:label2\" content=\"Est. tempo de leitura\" \/>\n\t<meta name=\"twitter:data2\" content=\"1 minuto\" \/>\n<script type=\"application\/ld+json\" class=\"yoast-schema-graph\">{\"@context\":\"https:\/\/schema.org\",\"@graph\":[{\"@type\":\"Article\",\"@id\":\"https:\/\/jornalfatosenoticias.com.br\/index.php\/2022\/11\/24\/marcel-van-hattem-consegue-assinaturas-para-instalar-cpi-do-abuso-de-autoridade-do-stf-e-do-tse\/#article\",\"isPartOf\":{\"@id\":\"https:\/\/jornalfatosenoticias.com.br\/index.php\/2022\/11\/24\/marcel-van-hattem-consegue-assinaturas-para-instalar-cpi-do-abuso-de-autoridade-do-stf-e-do-tse\/\"},\"author\":{\"name\":\"Luzimara Fernandes\",\"@id\":\"https:\/\/jornalfatosenoticias.com.br\/#\/schema\/person\/d63837fa13ac8666eb9e74e0985d6f81\"},\"headline\":\"Marcel van Hattem consegue assinaturas para instalar \u2018CPI do Abuso de Autoridade\u2019 do STF e do TSE\",\"datePublished\":\"2022-11-24T18:00:44+00:00\",\"dateModified\":\"2022-11-24T18:00:45+00:00\",\"mainEntityOfPage\":{\"@id\":\"https:\/\/jornalfatosenoticias.com.br\/index.php\/2022\/11\/24\/marcel-van-hattem-consegue-assinaturas-para-instalar-cpi-do-abuso-de-autoridade-do-stf-e-do-tse\/\"},\"wordCount\":240,\"commentCount\":0,\"publisher\":{\"@id\":\"https:\/\/jornalfatosenoticias.com.br\/#organization\"},\"image\":{\"@id\":\"https:\/\/jornalfatosenoticias.com.br\/index.php\/2022\/11\/24\/marcel-van-hattem-consegue-assinaturas-para-instalar-cpi-do-abuso-de-autoridade-do-stf-e-do-tse\/#primaryimage\"},\"thumbnailUrl\":\"https:\/\/jornalfatosenoticias.com.br\/wp-content\/uploads\/2022\/11\/Marcel-van-Hattem.jpg\",\"keywords\":[\"assinaturas\",\"CPI do Abuso de Autoridade\",\"Marcel van Hattem\",\"STF\",\"TSE\"],\"articleSection\":[\"Pol\u00edtica\"],\"inLanguage\":\"pt-BR\",\"potentialAction\":[{\"@type\":\"CommentAction\",\"name\":\"Comment\",\"target\":[\"https:\/\/jornalfatosenoticias.com.br\/index.php\/2022\/11\/24\/marcel-van-hattem-consegue-assinaturas-para-instalar-cpi-do-abuso-de-autoridade-do-stf-e-do-tse\/#respond\"]}]},{\"@type\":\"WebPage\",\"@id\":\"https:\/\/jornalfatosenoticias.com.br\/index.php\/2022\/11\/24\/marcel-van-hattem-consegue-assinaturas-para-instalar-cpi-do-abuso-de-autoridade-do-stf-e-do-tse\/\",\"url\":\"https:\/\/jornalfatosenoticias.com.br\/index.php\/2022\/11\/24\/marcel-van-hattem-consegue-assinaturas-para-instalar-cpi-do-abuso-de-autoridade-do-stf-e-do-tse\/\",\"name\":\"Marcel van Hattem consegue assinaturas para instalar \u2018CPI do Abuso de Autoridade\u2019 do STF e do TSE - Jornal Fatos e Not\u00edcias\",\"isPartOf\":{\"@id\":\"https:\/\/jornalfatosenoticias.com.br\/#website\"},\"primaryImageOfPage\":{\"@id\":\"https:\/\/jornalfatosenoticias.com.br\/index.php\/2022\/11\/24\/marcel-van-hattem-consegue-assinaturas-para-instalar-cpi-do-abuso-de-autoridade-do-stf-e-do-tse\/#primaryimage\"},\"image\":{\"@id\":\"https:\/\/jornalfatosenoticias.com.br\/index.php\/2022\/11\/24\/marcel-van-hattem-consegue-assinaturas-para-instalar-cpi-do-abuso-de-autoridade-do-stf-e-do-tse\/#primaryimage\"},\"thumbnailUrl\":\"https:\/\/jornalfatosenoticias.com.br\/wp-content\/uploads\/2022\/11\/Marcel-van-Hattem.jpg\",\"datePublished\":\"2022-11-24T18:00:44+00:00\",\"dateModified\":\"2022-11-24T18:00:45+00:00\",\"breadcrumb\":{\"@id\":\"https:\/\/jornalfatosenoticias.com.br\/index.php\/2022\/11\/24\/marcel-van-hattem-consegue-assinaturas-para-instalar-cpi-do-abuso-de-autoridade-do-stf-e-do-tse\/#breadcrumb\"},\"inLanguage\":\"pt-BR\",\"potentialAction\":[{\"@type\":\"ReadAction\",\"target\":[\"https:\/\/jornalfatosenoticias.com.br\/index.php\/2022\/11\/24\/marcel-van-hattem-consegue-assinaturas-para-instalar-cpi-do-abuso-de-autoridade-do-stf-e-do-tse\/\"]}]},{\"@type\":\"ImageObject\",\"inLanguage\":\"pt-BR\",\"@id\":\"https:\/\/jornalfatosenoticias.com.br\/index.php\/2022\/11\/24\/marcel-van-hattem-consegue-assinaturas-para-instalar-cpi-do-abuso-de-autoridade-do-stf-e-do-tse\/#primaryimage\",\"url\":\"https:\/\/jornalfatosenoticias.com.br\/wp-content\/uploads\/2022\/11\/Marcel-van-Hattem.jpg\",\"contentUrl\":\"https:\/\/jornalfatosenoticias.com.br\/wp-content\/uploads\/2022\/11\/Marcel-van-Hattem.jpg\",\"width\":1000,\"height\":500},{\"@type\":\"BreadcrumbList\",\"@id\":\"https:\/\/jornalfatosenoticias.com.br\/index.php\/2022\/11\/24\/marcel-van-hattem-consegue-assinaturas-para-instalar-cpi-do-abuso-de-autoridade-do-stf-e-do-tse\/#breadcrumb\",\"itemListElement\":[{\"@type\":\"ListItem\",\"position\":1,\"name\":\"In\u00edcio\",\"item\":\"https:\/\/jornalfatosenoticias.com.br\/\"},{\"@type\":\"ListItem\",\"position\":2,\"name\":\"Marcel van Hattem consegue assinaturas para instalar \u2018CPI do Abuso de Autoridade\u2019 do STF e do TSE\"}]},{\"@type\":\"WebSite\",\"@id\":\"https:\/\/jornalfatosenoticias.com.br\/#website\",\"url\":\"https:\/\/jornalfatosenoticias.com.br\/\",\"name\":\"Jornal Fatos e Not\u00edcias\",\"description\":\"Not\u00edcias em geral\",\"publisher\":{\"@id\":\"https:\/\/jornalfatosenoticias.com.br\/#organization\"},\"potentialAction\":[{\"@type\":\"SearchAction\",\"target\":{\"@type\":\"EntryPoint\",\"urlTemplate\":\"https:\/\/jornalfatosenoticias.com.br\/?s={search_term_string}\"},\"query-input\":{\"@type\":\"PropertyValueSpecification\",\"valueRequired\":true,\"valueName\":\"search_term_string\"}}],\"inLanguage\":\"pt-BR\"},{\"@type\":\"Organization\",\"@id\":\"https:\/\/jornalfatosenoticias.com.br\/#organization\",\"name\":\"Jornal Fatos e Not\u00edcias\",\"url\":\"https:\/\/jornalfatosenoticias.com.br\/\",\"logo\":{\"@type\":\"ImageObject\",\"inLanguage\":\"pt-BR\",\"@id\":\"https:\/\/jornalfatosenoticias.com.br\/#\/schema\/logo\/image\/\",\"url\":\"https:\/\/jornalfatosenoticias.com.br\/wp-content\/uploads\/2020\/02\/logo120.png\",\"contentUrl\":\"https:\/\/jornalfatosenoticias.com.br\/wp-content\/uploads\/2020\/02\/logo120.png\",\"width\":1227,\"height\":120,\"caption\":\"Jornal Fatos e Not\u00edcias\"},\"image\":{\"@id\":\"https:\/\/jornalfatosenoticias.com.br\/#\/schema\/logo\/image\/\"}},{\"@type\":\"Person\",\"@id\":\"https:\/\/jornalfatosenoticias.com.br\/#\/schema\/person\/d63837fa13ac8666eb9e74e0985d6f81\",\"name\":\"Luzimara Fernandes\",\"image\":{\"@type\":\"ImageObject\",\"inLanguage\":\"pt-BR\",\"@id\":\"https:\/\/jornalfatosenoticias.com.br\/#\/schema\/person\/image\/\",\"url\":\"https:\/\/jornalfatosenoticias.com.br\/wp-content\/uploads\/2025\/05\/EU_portal.jpg\",\"contentUrl\":\"https:\/\/jornalfatosenoticias.com.br\/wp-content\/uploads\/2025\/05\/EU_portal.jpg\",\"caption\":\"Luzimara Fernandes\"},\"description\":\"Jornalista MTB 2358-ES\",\"sameAs\":[\"https:\/\/jornalfatosenoticias.com.br\"],\"url\":\"https:\/\/jornalfatosenoticias.com.br\/index.php\/author\/luzimara\/\"}]}<\/script>\n<!-- \/ Yoast SEO plugin. -->","yoast_head_json":{"title":"Marcel van Hattem consegue assinaturas para instalar \u2018CPI do Abuso de Autoridade\u2019 do STF e do TSE - Jornal Fatos e Not\u00edcias","robots":{"index":"index","follow":"follow","max-snippet":"max-snippet:-1","max-image-preview":"max-image-preview:large","max-video-preview":"max-video-preview:-1"},"canonical":"https:\/\/jornalfatosenoticias.com.br\/index.php\/2022\/11\/24\/marcel-van-hattem-consegue-assinaturas-para-instalar-cpi-do-abuso-de-autoridade-do-stf-e-do-tse\/","og_locale":"pt_BR","og_type":"article","og_title":"Marcel van Hattem consegue assinaturas para instalar \u2018CPI do Abuso de Autoridade\u2019 do STF e do TSE - Jornal Fatos e Not\u00edcias","og_description":"Nesta quinta-feira (24), o deputado federal Marcel van Hattem (Novo-RS) anunciou que vai protocolar o pedido de abertura da \u201cCPI do Abuso de Autoridade\u201d para investigar excessos cometidos por ministros do Supremo Tribunal Federal (STF) e do Tribunal Superior Eleitoral (TSE). Para que a CPI seja instaurada, o pedido necessitava do apoio de 171 parlamentares, [&hellip;]","og_url":"https:\/\/jornalfatosenoticias.com.br\/index.php\/2022\/11\/24\/marcel-van-hattem-consegue-assinaturas-para-instalar-cpi-do-abuso-de-autoridade-do-stf-e-do-tse\/","og_site_name":"Jornal Fatos e Not\u00edcias","article_published_time":"2022-11-24T18:00:44+00:00","article_modified_time":"2022-11-24T18:00:45+00:00","og_image":[{"width":1000,"height":500,"url":"https:\/\/jornalfatosenoticias.com.br\/wp-content\/uploads\/2022\/11\/Marcel-van-Hattem.jpg","type":"image\/jpeg"}],"author":"Luzimara Fernandes","twitter_card":"summary_large_image","twitter_misc":{"Escrito por":"Luzimara Fernandes","Est. tempo de leitura":"1 minuto"},"schema":{"@context":"https:\/\/schema.org","@graph":[{"@type":"Article","@id":"https:\/\/jornalfatosenoticias.com.br\/index.php\/2022\/11\/24\/marcel-van-hattem-consegue-assinaturas-para-instalar-cpi-do-abuso-de-autoridade-do-stf-e-do-tse\/#article","isPartOf":{"@id":"https:\/\/jornalfatosenoticias.com.br\/index.php\/2022\/11\/24\/marcel-van-hattem-consegue-assinaturas-para-instalar-cpi-do-abuso-de-autoridade-do-stf-e-do-tse\/"},"author":{"name":"Luzimara Fernandes","@id":"https:\/\/jornalfatosenoticias.com.br\/#\/schema\/person\/d63837fa13ac8666eb9e74e0985d6f81"},"headline":"Marcel van Hattem consegue assinaturas para instalar \u2018CPI do Abuso de Autoridade\u2019 do STF e do TSE","datePublished":"2022-11-24T18:00:44+00:00","dateModified":"2022-11-24T18:00:45+00:00","mainEntityOfPage":{"@id":"https:\/\/jornalfatosenoticias.com.br\/index.php\/2022\/11\/24\/marcel-van-hattem-consegue-assinaturas-para-instalar-cpi-do-abuso-de-autoridade-do-stf-e-do-tse\/"},"wordCount":240,"commentCount":0,"publisher":{"@id":"https:\/\/jornalfatosenoticias.com.br\/#organization"},"image":{"@id":"https:\/\/jornalfatosenoticias.com.br\/index.php\/2022\/11\/24\/marcel-van-hattem-consegue-assinaturas-para-instalar-cpi-do-abuso-de-autoridade-do-stf-e-do-tse\/#primaryimage"},"thumbnailUrl":"https:\/\/jornalfatosenoticias.com.br\/wp-content\/uploads\/2022\/11\/Marcel-van-Hattem.jpg","keywords":["assinaturas","CPI do Abuso de Autoridade","Marcel van Hattem","STF","TSE"],"articleSection":["Pol\u00edtica"],"inLanguage":"pt-BR","potentialAction":[{"@type":"CommentAction","name":"Comment","target":["https:\/\/jornalfatosenoticias.com.br\/index.php\/2022\/11\/24\/marcel-van-hattem-consegue-assinaturas-para-instalar-cpi-do-abuso-de-autoridade-do-stf-e-do-tse\/#respond"]}]},{"@type":"WebPage","@id":"https:\/\/jornalfatosenoticias.com.br\/index.php\/2022\/11\/24\/marcel-van-hattem-consegue-assinaturas-para-instalar-cpi-do-abuso-de-autoridade-do-stf-e-do-tse\/","url":"https:\/\/jornalfatosenoticias.com.br\/index.php\/2022\/11\/24\/marcel-van-hattem-consegue-assinaturas-para-instalar-cpi-do-abuso-de-autoridade-do-stf-e-do-tse\/","name":"Marcel van Hattem consegue assinaturas para instalar \u2018CPI do Abuso de Autoridade\u2019 do STF e do TSE - Jornal Fatos e Not\u00edcias","isPartOf":{"@id":"https:\/\/jornalfatosenoticias.com.br\/#website"},"primaryImageOfPage":{"@id":"https:\/\/jornalfatosenoticias.com.br\/index.php\/2022\/11\/24\/marcel-van-hattem-consegue-assinaturas-para-instalar-cpi-do-abuso-de-autoridade-do-stf-e-do-tse\/#primaryimage"},"image":{"@id":"https:\/\/jornalfatosenoticias.com.br\/index.php\/2022\/11\/24\/marcel-van-hattem-consegue-assinaturas-para-instalar-cpi-do-abuso-de-autoridade-do-stf-e-do-tse\/#primaryimage"},"thumbnailUrl":"https:\/\/jornalfatosenoticias.com.br\/wp-content\/uploads\/2022\/11\/Marcel-van-Hattem.jpg","datePublished":"2022-11-24T18:00:44+00:00","dateModified":"2022-11-24T18:00:45+00:00","breadcrumb":{"@id":"https:\/\/jornalfatosenoticias.com.br\/index.php\/2022\/11\/24\/marcel-van-hattem-consegue-assinaturas-para-instalar-cpi-do-abuso-de-autoridade-do-stf-e-do-tse\/#breadcrumb"},"inLanguage":"pt-BR","potentialAction":[{"@type":"ReadAction","target":["https:\/\/jornalfatosenoticias.com.br\/index.php\/2022\/11\/24\/marcel-van-hattem-consegue-assinaturas-para-instalar-cpi-do-abuso-de-autoridade-do-stf-e-do-tse\/"]}]},{"@type":"ImageObject","inLanguage":"pt-BR","@id":"https:\/\/jornalfatosenoticias.com.br\/index.php\/2022\/11\/24\/marcel-van-hattem-consegue-assinaturas-para-instalar-cpi-do-abuso-de-autoridade-do-stf-e-do-tse\/#primaryimage","url":"https:\/\/jornalfatosenoticias.com.br\/wp-content\/uploads\/2022\/11\/Marcel-van-Hattem.jpg","contentUrl":"https:\/\/jornalfatosenoticias.com.br\/wp-content\/uploads\/2022\/11\/Marcel-van-Hattem.jpg","width":1000,"height":500},{"@type":"BreadcrumbList","@id":"https:\/\/jornalfatosenoticias.com.br\/index.php\/2022\/11\/24\/marcel-van-hattem-consegue-assinaturas-para-instalar-cpi-do-abuso-de-autoridade-do-stf-e-do-tse\/#breadcrumb","itemListElement":[{"@type":"ListItem","position":1,"name":"In\u00edcio","item":"https:\/\/jornalfatosenoticias.com.br\/"},{"@type":"ListItem","position":2,"name":"Marcel van Hattem consegue assinaturas para instalar \u2018CPI do Abuso de Autoridade\u2019 do STF e do TSE"}]},{"@type":"WebSite","@id":"https:\/\/jornalfatosenoticias.com.br\/#website","url":"https:\/\/jornalfatosenoticias.com.br\/","name":"Jornal Fatos e Not\u00edcias","description":"Not\u00edcias em geral","publisher":{"@id":"https:\/\/jornalfatosenoticias.com.br\/#organization"},"potentialAction":[{"@type":"SearchAction","target":{"@type":"EntryPoint","urlTemplate":"https:\/\/jornalfatosenoticias.com.br\/?s={search_term_string}"},"query-input":{"@type":"PropertyValueSpecification","valueRequired":true,"valueName":"search_term_string"}}],"inLanguage":"pt-BR"},{"@type":"Organization","@id":"https:\/\/jornalfatosenoticias.com.br\/#organization","name":"Jornal Fatos e Not\u00edcias","url":"https:\/\/jornalfatosenoticias.com.br\/","logo":{"@type":"ImageObject","inLanguage":"pt-BR","@id":"https:\/\/jornalfatosenoticias.com.br\/#\/schema\/logo\/image\/","url":"https:\/\/jornalfatosenoticias.com.br\/wp-content\/uploads\/2020\/02\/logo120.png","contentUrl":"https:\/\/jornalfatosenoticias.com.br\/wp-content\/uploads\/2020\/02\/logo120.png","width":1227,"height":120,"caption":"Jornal Fatos e Not\u00edcias"},"image":{"@id":"https:\/\/jornalfatosenoticias.com.br\/#\/schema\/logo\/image\/"}},{"@type":"Person","@id":"https:\/\/jornalfatosenoticias.com.br\/#\/schema\/person\/d63837fa13ac8666eb9e74e0985d6f81","name":"Luzimara Fernandes","image":{"@type":"ImageObject","inLanguage":"pt-BR","@id":"https:\/\/jornalfatosenoticias.com.br\/#\/schema\/person\/image\/","url":"https:\/\/jornalfatosenoticias.com.br\/wp-content\/uploads\/2025\/05\/EU_portal.jpg","contentUrl":"https:\/\/jornalfatosenoticias.com.br\/wp-content\/uploads\/2025\/05\/EU_portal.jpg","caption":"Luzimara Fernandes"},"description":"Jornalista MTB 2358-ES","sameAs":["https:\/\/jornalfatosenoticias.com.br"],"url":"https:\/\/jornalfatosenoticias.com.br\/index.php\/author\/luzimara\/"}]}},"cc_featured_image_caption":{"caption_text":"(Foto: Cleia Viana\/C\u00e2mara dos Deputados) ","source_text":"","source_url":""},"jetpack_featured_media_url":"https:\/\/jornalfatosenoticias.com.br\/wp-content\/uploads\/2022\/11\/Marcel-van-Hattem.jpg","_links":{"self":[{"href":"https:\/\/jornalfatosenoticias.com.br\/index.php\/wp-json\/wp\/v2\/posts\/36331","targetHints":{"allow":["GET"]}}],"collection":[{"href":"https:\/\/jornalfatosenoticias.com.br\/index.php\/wp-json\/wp\/v2\/posts"}],"about":[{"href":"https:\/\/jornalfatosenoticias.com.br\/index.php\/wp-json\/wp\/v2\/types\/post"}],"author":[{"embeddable":true,"href":"https:\/\/jornalfatosenoticias.com.br\/index.php\/wp-json\/wp\/v2\/users\/2"}],"replies":[{"embeddable":true,"href":"https:\/\/jornalfatosenoticias.com.br\/index.php\/wp-json\/wp\/v2\/comments?post=36331"}],"version-history":[{"count":0,"href":"https:\/\/jornalfatosenoticias.com.br\/index.php\/wp-json\/wp\/v2\/posts\/36331\/revisions"}],"wp:featuredmedia":[{"embeddable":true,"href":"https:\/\/jornalfatosenoticias.com.br\/index.php\/wp-json\/wp\/v2\/media\/36332"}],"wp:attachment":[{"href":"https:\/\/jornalfatosenoticias.com.br\/index.php\/wp-json\/wp\/v2\/media?parent=36331"}],"wp:term":[{"taxonomy":"category","embeddable":true,"href":"https:\/\/jornalfatosenoticias.com.br\/index.php\/wp-json\/wp\/v2\/categories?post=36331"},{"taxonomy":"post_tag","embeddable":true,"href":"https:\/\/jornalfatosenoticias.com.br\/index.php\/wp-json\/wp\/v2\/tags?post=36331"}],"curies":[{"name":"wp","href":"https:\/\/api.w.org\/{rel}","templated":true}]}}