{"id":36340,"date":"2022-11-24T15:40:53","date_gmt":"2022-11-24T18:40:53","guid":{"rendered":"https:\/\/jornalfatosenoticias.com.br\/?p=36340"},"modified":"2022-11-24T15:40:55","modified_gmt":"2022-11-24T18:40:55","slug":"superterra-monstruosa-e-uma-das-maiores-ja-descobertas","status":"publish","type":"post","link":"https:\/\/jornalfatosenoticias.com.br\/index.php\/2022\/11\/24\/superterra-monstruosa-e-uma-das-maiores-ja-descobertas\/","title":{"rendered":"Superterra monstruosa \u00e9 uma das maiores j\u00e1 descobertas"},"content":{"rendered":"\n<p><em><span class=\"has-inline-color has-black-color\">Com quase o dobro do raio e aproximadamente dez vezes a massa da Terra, o exoplaneta de nome TOI-1075b est\u00e1 localizado a 200 anos-luz daqui<\/span><\/em><\/p>\n\n\n\n<div class=\"wp-block-image\"><figure class=\"aligncenter size-large\"><img loading=\"lazy\" decoding=\"async\" width=\"1024\" height=\"100\" src=\"https:\/\/jornalfatosenoticias.com.br\/wp-content\/uploads\/2020\/02\/banner_ferramentas-1024x100.jpg\" alt=\"\" class=\"wp-image-1258\" srcset=\"https:\/\/jornalfatosenoticias.com.br\/wp-content\/uploads\/2020\/02\/banner_ferramentas-1024x100.jpg 1024w, https:\/\/jornalfatosenoticias.com.br\/wp-content\/uploads\/2020\/02\/banner_ferramentas-300x29.jpg 300w, https:\/\/jornalfatosenoticias.com.br\/wp-content\/uploads\/2020\/02\/banner_ferramentas-768x75.jpg 768w, https:\/\/jornalfatosenoticias.com.br\/wp-content\/uploads\/2020\/02\/banner_ferramentas.jpg 1227w\" sizes=\"auto, (max-width: 1024px) 100vw, 1024px\" \/><\/figure><\/div>\n\n\n\n<p>Um estudo dispon\u00edvel no servidor de pr\u00e9-impress\u00e3o <em><a href=\"https:\/\/arxiv.org\/abs\/2210.14901\" target=\"_blank\" rel=\"noreferrer noopener\">arXiv<\/a>\u00a0<\/em>e j\u00e1 aceito para publica\u00e7\u00e3o pelo peri\u00f3dico cient\u00edfico\u00a0<em>The Astronomical Journal\u00a0<\/em>descreve a descoberta de um colossal exoplaneta a apenas 200 anos-luz da\u00a0<a href=\"https:\/\/olhardigital.com.br\/2022\/11\/16\/ciencia-e-espaco\/falta-de-contato-alienigena-com-a-terra-pode-ter-motivo-morbido\/\" target=\"_blank\" rel=\"noreferrer noopener\">Terra<\/a>. Segundo os autores, ele \u00e9 uma das maiores\u00a0<a href=\"https:\/\/olhardigital.com.br\/2022\/01\/14\/ciencia-e-espaco\/cientistas-usam-laser-para-estudar-interior-de-exoplanetas-superterras\/\" target=\"_blank\" rel=\"noreferrer noopener\">superterras<\/a> j\u00e1 observadas.<\/p>\n\n\n\n<div class=\"wp-block-image\"><figure class=\"aligncenter size-large is-resized\"><img loading=\"lazy\" decoding=\"async\" src=\"https:\/\/jornalfatosenoticias.com.br\/wp-content\/uploads\/2022\/07\/Logo-Grupo-SEI.jpg\" alt=\"\" class=\"wp-image-31973\" width=\"334\" height=\"175\" srcset=\"https:\/\/jornalfatosenoticias.com.br\/wp-content\/uploads\/2022\/07\/Logo-Grupo-SEI.jpg 713w, https:\/\/jornalfatosenoticias.com.br\/wp-content\/uploads\/2022\/07\/Logo-Grupo-SEI-300x158.jpg 300w\" sizes=\"auto, (max-width: 334px) 100vw, 334px\" \/><\/figure><\/div>\n\n\n\n<p>S\u00e3o chamados de superterras os planetas com massa superior \u00e0 da Terra mas inferior \u00e0 dos gigantes gasosos do <a href=\"https:\/\/olhardigital.com.br\/2022\/10\/31\/ciencia-e-espaco\/nasa-investiga-origem-de-planeta-anao-localizado-na-borda-do-sistema-solar-externo\/\" target=\"_blank\" rel=\"noreferrer noopener\">Sistema Solar<\/a>. O termo refere-se apenas \u00e0 massa, n\u00e3o implicando sobre as condi\u00e7\u00f5es das superf\u00edcies ou habitabilidade. Esses planetas, no geral, s\u00e3o rochosos, mas podem tamb\u00e9m ser gasosos ou h\u00edbridos.<\/p>\n\n\n\n<div class=\"wp-block-image\"><figure class=\"aligncenter size-large\"><img loading=\"lazy\" decoding=\"async\" width=\"1024\" height=\"99\" src=\"https:\/\/jornalfatosenoticias.com.br\/wp-content\/uploads\/2020\/02\/Logo-Mizu-segunda-2-1024x99.png\" alt=\"\" class=\"wp-image-2353\" srcset=\"https:\/\/jornalfatosenoticias.com.br\/wp-content\/uploads\/2020\/02\/Logo-Mizu-segunda-2-1024x99.png 1024w, https:\/\/jornalfatosenoticias.com.br\/wp-content\/uploads\/2020\/02\/Logo-Mizu-segunda-2-300x29.png 300w, https:\/\/jornalfatosenoticias.com.br\/wp-content\/uploads\/2020\/02\/Logo-Mizu-segunda-2-768x74.png 768w, https:\/\/jornalfatosenoticias.com.br\/wp-content\/uploads\/2020\/02\/Logo-Mizu-segunda-2.png 1240w\" sizes=\"auto, (max-width: 1024px) 100vw, 1024px\" \/><\/figure><\/div>\n\n\n\n<p>Com quase o dobro do raio da Terra, o exoplaneta de nome TOI-1075b, objeto desta pesquisa recente, encontra-se em uma esp\u00e9cie de \u201cplanetas de raio-lacuna\u201d, um aparente d\u00e9ficit de mundos entre 1,5 e dois raios terrestres, ligeiramente maiores do que grande parte das superterras rochosas, mas menores do que os chamados mininetunos.<\/p>\n\n\n\n<div class=\"wp-block-image\"><figure class=\"aligncenter size-large\"><img loading=\"lazy\" decoding=\"async\" width=\"300\" height=\"250\" src=\"https:\/\/jornalfatosenoticias.com.br\/wp-content\/uploads\/2022\/08\/arte-Casarao.jpg\" alt=\"\" class=\"wp-image-33178\"\/><\/figure><\/div>\n\n\n\n<p>Segundo o estudo, a massa de TOI-1075b \u00e9 quase dez vezes a da Terra, o que \u00e9 muito pesado para um mundo gasoso. \u00c9 prov\u00e1vel que o exoplaneta seja rochoso, como Merc\u00fario, Terra, <a href=\"https:\/\/olhardigital.com.br\/2022\/11\/22\/ciencia-e-espaco\/perseverance-explora-leito-rochoso-em-marte-onde-busca-por-sinais-de-vida\/\" target=\"_blank\" rel=\"noreferrer noopener\">Marte<\/a> e V\u00eanus.<br>A classe de planetas de raio-lacuna s\u00f3 foi identificada h\u00e1 alguns anos, em 2017, quando j\u00e1 se tinha um cat\u00e1logo grande o suficiente de planetas alien\u00edgenas (de fora do nosso Sistema Solar) para os cientistas notarem um padr\u00e3o.<\/p>\n\n\n\n<div class=\"wp-block-image\"><figure class=\"aligncenter size-large\"><img loading=\"lazy\" decoding=\"async\" width=\"1024\" height=\"110\" src=\"https:\/\/jornalfatosenoticias.com.br\/wp-content\/uploads\/2022\/10\/Arte-jornal-Zucchi-1120x120_Prancheta-1-1024x110.jpg\" alt=\"\" class=\"wp-image-34772\" srcset=\"https:\/\/jornalfatosenoticias.com.br\/wp-content\/uploads\/2022\/10\/Arte-jornal-Zucchi-1120x120_Prancheta-1-1024x110.jpg 1024w, https:\/\/jornalfatosenoticias.com.br\/wp-content\/uploads\/2022\/10\/Arte-jornal-Zucchi-1120x120_Prancheta-1-300x32.jpg 300w, https:\/\/jornalfatosenoticias.com.br\/wp-content\/uploads\/2022\/10\/Arte-jornal-Zucchi-1120x120_Prancheta-1-768x82.jpg 768w, https:\/\/jornalfatosenoticias.com.br\/wp-content\/uploads\/2022\/10\/Arte-jornal-Zucchi-1120x120_Prancheta-1-1536x165.jpg 1536w, https:\/\/jornalfatosenoticias.com.br\/wp-content\/uploads\/2022\/10\/Arte-jornal-Zucchi-1120x120_Prancheta-1-2048x219.jpg 2048w\" sizes=\"auto, (max-width: 1024px) 100vw, 1024px\" \/><\/figure><\/div>\n\n\n\n<p>No caso de exoplanetas com uma certa proximidade de suas estrelas, muito poucos deles se encaixam nessa lacuna. Existem v\u00e1rias explica\u00e7\u00f5es poss\u00edveis para isso. O principal motivo parece ser que, abaixo de um certo tamanho, um exoplaneta simplesmente n\u00e3o tem massa para reter uma atmosfera contra a radia\u00e7\u00e3o evaporativa t\u00e3o pr\u00f3xima da estrela hospedeira. De acordo com este modelo, os exoplanetas na lacuna devem, portanto, ter uma atmosfera bastante consider\u00e1vel, consistindo principalmente de hidrog\u00eanio e h\u00e9lio.<\/p>\n\n\n\n<div class=\"wp-block-image\"><figure class=\"aligncenter size-large\"><img decoding=\"async\" src=\"https:\/\/jornalfatosenoticias.com.br\/wp-content\/uploads\/2020\/02\/barao-das-carnes-300x164-1.jpg\" alt=\"\" class=\"wp-image-34339\"\/><\/figure><\/div>\n\n\n\n<figure class=\"wp-block-image size-large\"><img loading=\"lazy\" decoding=\"async\" width=\"1000\" height=\"405\" src=\"https:\/\/jornalfatosenoticias.com.br\/wp-content\/uploads\/2022\/11\/superterra-TOI-1075b.jpg\" alt=\"\" class=\"wp-image-36343\" srcset=\"https:\/\/jornalfatosenoticias.com.br\/wp-content\/uploads\/2022\/11\/superterra-TOI-1075b.jpg 1000w, https:\/\/jornalfatosenoticias.com.br\/wp-content\/uploads\/2022\/11\/superterra-TOI-1075b-300x122.jpg 300w, https:\/\/jornalfatosenoticias.com.br\/wp-content\/uploads\/2022\/11\/superterra-TOI-1075b-768x311.jpg 768w\" sizes=\"auto, (max-width: 1000px) 100vw, 1000px\" \/><figcaption><em><span class=\"has-inline-color has-black-color\">Representa\u00e7\u00e3o art\u00edstica do exoplaneta TOI-1075b, uma das maiores superterras j\u00e1 descobertas (Imagem: Nasa\/JPL-Caltech)<\/span><\/em><\/figcaption><\/figure>\n\n\n\n<div class=\"wp-block-image\"><figure class=\"alignleft size-large is-resized\"><img loading=\"lazy\" decoding=\"async\" src=\"https:\/\/jornalfatosenoticias.com.br\/wp-content\/uploads\/2022\/02\/Precisao-Contabilidade-1024x724.jpg\" alt=\"\" class=\"wp-image-28088\" width=\"297\" height=\"209\"\/><\/figure><\/div>\n\n\n\n<p><strong><span class=\"has-inline-color has-vivid-purple-color\">TOI-1075b foi descoberto por ca\u00e7ador de exoplanetas da Nasa<br><\/span><\/strong>O planeta TOI-1075b foi detectado em dados do <em>Transiting Exoplanet Survey Satellite, <\/em>o ca\u00e7ador de exoplanetas da Nasa mais conhecido pela abrevia\u00e7\u00e3o TESS, que procura por quedas fracas e regulares na luz das estrelas, que possam sugerir que elas est\u00e3o sendo orbitadas por um corpo planet\u00e1rio. Os astr\u00f4nomos tamb\u00e9m podem calcular o raio desses corpos observando quanto da luz da estrela \u00e9 reduzida.<\/p>\n\n\n\n<div class=\"wp-block-image\"><figure class=\"aligncenter size-large\"><img loading=\"lazy\" decoding=\"async\" width=\"1024\" height=\"111\" src=\"https:\/\/jornalfatosenoticias.com.br\/wp-content\/uploads\/2020\/02\/WhatsApp-Image-2022-09-23-at-12.09.18-1024x111.jpeg\" alt=\"\" class=\"wp-image-34527\" srcset=\"https:\/\/jornalfatosenoticias.com.br\/wp-content\/uploads\/2020\/02\/WhatsApp-Image-2022-09-23-at-12.09.18-1024x111.jpeg 1024w, https:\/\/jornalfatosenoticias.com.br\/wp-content\/uploads\/2020\/02\/WhatsApp-Image-2022-09-23-at-12.09.18-300x32.jpeg 300w, https:\/\/jornalfatosenoticias.com.br\/wp-content\/uploads\/2020\/02\/WhatsApp-Image-2022-09-23-at-12.09.18-768x83.jpeg 768w, https:\/\/jornalfatosenoticias.com.br\/wp-content\/uploads\/2020\/02\/WhatsApp-Image-2022-09-23-at-12.09.18.jpeg 1121w\" sizes=\"auto, (max-width: 1024px) 100vw, 1024px\" \/><\/figure><\/div>\n\n\n\n<p>Com base nisso, os cientistas deduziram que a estrela an\u00e3 laranja TOI-1075 estava sendo orbitada por um exoplaneta que teria em torno de 1,8 vezes o raio da Terra, em um per\u00edodo orbital de cerca de 14,5 horas, caracter\u00edsticas que o encaixam nos crit\u00e9rios para um mundo de raio-lacuna.<\/p>\n\n\n\n<div class=\"wp-block-image\"><figure class=\"aligncenter size-large\"><img decoding=\"async\" src=\"https:\/\/jornalfatosenoticias.com.br\/wp-content\/uploads\/2020\/02\/logo_esteio.jpg\" alt=\"\" class=\"wp-image-1214\"\/><\/figure><\/div>\n\n\n\n<p>Em seguida, os cientistas precisavam pes\u00e1-lo. Para isso, \u00e9 necess\u00e1rio alavancar um efeito diferente que um exoplaneta tem em rela\u00e7\u00e3o \u00e0 sua estrela hospedeira: a atra\u00e7\u00e3o gravitacional. A maior parte da gravidade em uma intera\u00e7\u00e3o estrela-planeta \u00e9 fornecida pela estrela, mas o planeta tamb\u00e9m exerce um pequeno pux\u00e3o gravitacional de volta sobre ela.<\/p>\n\n\n\n<div class=\"wp-block-image\"><figure class=\"aligncenter size-large\"><img loading=\"lazy\" decoding=\"async\" width=\"1024\" height=\"103\" src=\"https:\/\/jornalfatosenoticias.com.br\/wp-content\/uploads\/2022\/02\/Arte-Autoescola-Galatas_endereco_portal-1024x103.png\" alt=\"\" class=\"wp-image-27869\" srcset=\"https:\/\/jornalfatosenoticias.com.br\/wp-content\/uploads\/2022\/02\/Arte-Autoescola-Galatas_endereco_portal-1024x103.png 1024w, https:\/\/jornalfatosenoticias.com.br\/wp-content\/uploads\/2022\/02\/Arte-Autoescola-Galatas_endereco_portal-300x30.png 300w, https:\/\/jornalfatosenoticias.com.br\/wp-content\/uploads\/2022\/02\/Arte-Autoescola-Galatas_endereco_portal-768x77.png 768w, https:\/\/jornalfatosenoticias.com.br\/wp-content\/uploads\/2022\/02\/Arte-Autoescola-Galatas_endereco_portal.png 1223w\" sizes=\"auto, (max-width: 1024px) 100vw, 1024px\" \/><\/figure><\/div>\n\n\n\n<p>Isso tamb\u00e9m \u00e9 uma m\u00e9trica alcan\u00e7\u00e1vel pela observa\u00e7\u00e3o da oscila\u00e7\u00e3o da luz estelar. A estrela TOI-1075 tem uma massa e um raio de cerca de 60% do nosso Sol, ent\u00e3o a equipe p\u00f4de calcular com precis\u00e3o a massa do exoplaneta para 9,95 massas terrestres.<\/p>\n\n\n\n<div class=\"wp-block-image\"><figure class=\"aligncenter size-large is-resized\"><img loading=\"lazy\" decoding=\"async\" src=\"https:\/\/jornalfatosenoticias.com.br\/wp-content\/uploads\/2020\/02\/logo-clinica-limoeiro.jpg\" alt=\"\" class=\"wp-image-34610\" width=\"255\" height=\"181\"\/><\/figure><\/div>\n\n\n\n<p>Por fim, era necess\u00e1rio descobrir sua densidade m\u00e9dia \u2014 o que p\u00f4de ser facilmente calculado j\u00e1 de posse das informa\u00e7\u00f5es sobre o tamanho e a massa. E TOI-1075b tem uma densidade de 9,32 gramas por cent\u00edmetro c\u00fabico. Isso \u00e9 quase o dobro da densidade da Terra, de 5,51 gramas por cent\u00edmetro c\u00fabico.<\/p>\n\n\n\n<div class=\"wp-block-image\"><figure class=\"aligncenter size-large\"><img loading=\"lazy\" decoding=\"async\" width=\"1024\" height=\"100\" src=\"https:\/\/jornalfatosenoticias.com.br\/wp-content\/uploads\/2022\/05\/NOVA-LOGO-CESCONETTO-1024x100.jpg\" alt=\"\" class=\"wp-image-30792\" srcset=\"https:\/\/jornalfatosenoticias.com.br\/wp-content\/uploads\/2022\/05\/NOVA-LOGO-CESCONETTO-1024x100.jpg 1024w, https:\/\/jornalfatosenoticias.com.br\/wp-content\/uploads\/2022\/05\/NOVA-LOGO-CESCONETTO-300x29.jpg 300w, https:\/\/jornalfatosenoticias.com.br\/wp-content\/uploads\/2022\/05\/NOVA-LOGO-CESCONETTO-768x75.jpg 768w, https:\/\/jornalfatosenoticias.com.br\/wp-content\/uploads\/2022\/05\/NOVA-LOGO-CESCONETTO.jpg 1280w\" sizes=\"auto, (max-width: 1024px) 100vw, 1024px\" \/><\/figure><\/div>\n\n\n\n<p>Espera-se que um exoplaneta na lacuna de massa tenha uma atmosfera substancial de hidrog\u00eanio-h\u00e9lio. No entanto, a densidade de TOI-1075b \u00e9 inconsistente com essa composi\u00e7\u00e3o. \u201cCom base na composi\u00e7\u00e3o prevista do TOI-1075b e no per\u00edodo orbital ultracurto, n\u00e3o esperamos que o planeta tenha retido um envelope H\/He\u201d, disseram os pesquisadores.<\/p>\n\n\n\n<div class=\"wp-block-image\"><figure class=\"aligncenter size-large is-resized\"><img loading=\"lazy\" decoding=\"async\" src=\"https:\/\/jornalfatosenoticias.com.br\/wp-content\/uploads\/2020\/02\/casa-do-torresmo_portal.jpg\" alt=\"\" class=\"wp-image-34472\" width=\"245\" height=\"245\" srcset=\"https:\/\/jornalfatosenoticias.com.br\/wp-content\/uploads\/2020\/02\/casa-do-torresmo_portal.jpg 300w, https:\/\/jornalfatosenoticias.com.br\/wp-content\/uploads\/2020\/02\/casa-do-torresmo_portal-150x150.jpg 150w\" sizes=\"auto, (max-width: 245px) 100vw, 245px\" \/><\/figure><\/div>\n\n\n\n<figure class=\"wp-block-pullquote\"><blockquote><p><span class=\"has-inline-color has-luminous-vivid-orange-color\">TOI-1075b poderia ter: nenhuma atmosfera (rocha nua); uma atmosfera de vapor de metal\/silicato com uma composi\u00e7\u00e3o definida pelo oceano de magma vaporizador na superf\u00edcie, uma vez que a temperatura de equil\u00edbrio do TOI-1075 b \u00e9 quente o suficiente para derreter uma superf\u00edcie rochosa; ou, especialmente na extremidade inferior de sua faixa de densidade m\u00e9dia permitida, possivelmente uma fina camada ou de H\/He ou de CO\u2082\u201d.<\/span><\/p><\/blockquote><\/figure>\n\n\n\n<div class=\"wp-block-image\"><figure class=\"alignright size-large is-resized\"><img loading=\"lazy\" decoding=\"async\" src=\"https:\/\/jornalfatosenoticias.com.br\/wp-content\/uploads\/2020\/02\/nova-logo-Marquetti.jpg\" alt=\"\" class=\"wp-image-22331\" width=\"276\" height=\"185\" srcset=\"https:\/\/jornalfatosenoticias.com.br\/wp-content\/uploads\/2020\/02\/nova-logo-Marquetti.jpg 643w, https:\/\/jornalfatosenoticias.com.br\/wp-content\/uploads\/2020\/02\/nova-logo-Marquetti-300x202.jpg 300w\" sizes=\"auto, (max-width: 276px) 100vw, 276px\" \/><\/figure><\/div>\n\n\n\n<p>Ou seja, esse exoplaneta \u00e9 t\u00e3o quente (por estar muito perto de sua estrela) que sua superf\u00edcie poderia ser um oceano de magma que produz uma atmosfera de rocha vaporizada. E quem poder\u00e1 tirar essa d\u00favida? Segundo o site <em>Science Alert<\/em>, o Telesc\u00f3pio Espacial James Webb, que \u00e9 poderosamente h\u00e1bil para analisar atmosferas de exoplanetas. Assim, apont\u00e1-lo para o TOI-1075b deve revelar se ele tem uma atmosfera fina, uma atmosfera de silicato ou nenhuma atmosfera \u2014 e essa informa\u00e7\u00e3o pode revelar alguma peculiaridade anteriormente desconhecida da forma\u00e7\u00e3o e evolu\u00e7\u00e3o de planetas.<\/p>\n\n\n\n<p><strong><em>Fonte: <a href=\"https:\/\/olhardigital.com.br\/2022\/11\/24\/ciencia-e-espaco\/exoplaneta-colossal-e-uma-das-maiores-superterras-ja-descobertas\/\">Olhar Digital<\/a><\/em><\/strong><\/p>\n","protected":false},"excerpt":{"rendered":"<p>Com quase o dobro do raio e aproximadamente dez vezes a massa da Terra, o exoplaneta de nome TOI-1075b est\u00e1 localizado a 200 anos-luz daqui Um estudo dispon\u00edvel no servidor de pr\u00e9-impress\u00e3o arXiv\u00a0e j\u00e1 aceito para publica\u00e7\u00e3o pelo peri\u00f3dico cient\u00edfico\u00a0The Astronomical Journal\u00a0descreve a descoberta de um colossal exoplaneta a apenas 200 anos-luz da\u00a0Terra. Segundo os [&hellip;]<\/p>\n","protected":false},"author":2,"featured_media":36342,"comment_status":"open","ping_status":"open","sticky":false,"template":"","format":"standard","meta":{"footnotes":""},"categories":[2],"tags":[7533,1444,2671,787],"class_list":["post-36340","post","type-post","status-publish","format-standard","has-post-thumbnail","hentry","category-ciencia","tag-exoplaneta","tag-exoplanetas","tag-superterra","tag-tess"],"yoast_head":"<!-- This site is optimized with the Yoast SEO plugin v26.5 - https:\/\/yoast.com\/wordpress\/plugins\/seo\/ -->\n<title>Superterra monstruosa \u00e9 uma das maiores j\u00e1 descobertas - Jornal Fatos e Not\u00edcias<\/title>\n<meta name=\"robots\" content=\"index, follow, max-snippet:-1, max-image-preview:large, max-video-preview:-1\" \/>\n<link rel=\"canonical\" href=\"https:\/\/jornalfatosenoticias.com.br\/index.php\/2022\/11\/24\/superterra-monstruosa-e-uma-das-maiores-ja-descobertas\/\" \/>\n<meta property=\"og:locale\" content=\"pt_BR\" \/>\n<meta property=\"og:type\" content=\"article\" \/>\n<meta property=\"og:title\" content=\"Superterra monstruosa \u00e9 uma das maiores j\u00e1 descobertas - Jornal Fatos e Not\u00edcias\" \/>\n<meta property=\"og:description\" content=\"Com quase o dobro do raio e aproximadamente dez vezes a massa da Terra, o exoplaneta de nome TOI-1075b est\u00e1 localizado a 200 anos-luz daqui Um estudo dispon\u00edvel no servidor de pr\u00e9-impress\u00e3o arXiv\u00a0e j\u00e1 aceito para publica\u00e7\u00e3o pelo peri\u00f3dico cient\u00edfico\u00a0The Astronomical Journal\u00a0descreve a descoberta de um colossal exoplaneta a apenas 200 anos-luz da\u00a0Terra. Segundo os [&hellip;]\" \/>\n<meta property=\"og:url\" content=\"https:\/\/jornalfatosenoticias.com.br\/index.php\/2022\/11\/24\/superterra-monstruosa-e-uma-das-maiores-ja-descobertas\/\" \/>\n<meta property=\"og:site_name\" content=\"Jornal Fatos e Not\u00edcias\" \/>\n<meta property=\"article:published_time\" content=\"2022-11-24T18:40:53+00:00\" \/>\n<meta property=\"article:modified_time\" content=\"2022-11-24T18:40:55+00:00\" \/>\n<meta property=\"og:image\" content=\"https:\/\/jornalfatosenoticias.com.br\/wp-content\/uploads\/2022\/11\/exoplaneta-superterra-1.jpg\" \/>\n\t<meta property=\"og:image:width\" content=\"1000\" \/>\n\t<meta property=\"og:image:height\" content=\"450\" \/>\n\t<meta property=\"og:image:type\" content=\"image\/jpeg\" \/>\n<meta name=\"author\" content=\"Luzimara Fernandes\" \/>\n<meta name=\"twitter:card\" content=\"summary_large_image\" \/>\n<meta name=\"twitter:label1\" content=\"Escrito por\" \/>\n\t<meta name=\"twitter:data1\" content=\"Luzimara Fernandes\" \/>\n\t<meta name=\"twitter:label2\" content=\"Est. tempo de leitura\" \/>\n\t<meta name=\"twitter:data2\" content=\"4 minutos\" \/>\n<script type=\"application\/ld+json\" class=\"yoast-schema-graph\">{\"@context\":\"https:\/\/schema.org\",\"@graph\":[{\"@type\":\"Article\",\"@id\":\"https:\/\/jornalfatosenoticias.com.br\/index.php\/2022\/11\/24\/superterra-monstruosa-e-uma-das-maiores-ja-descobertas\/#article\",\"isPartOf\":{\"@id\":\"https:\/\/jornalfatosenoticias.com.br\/index.php\/2022\/11\/24\/superterra-monstruosa-e-uma-das-maiores-ja-descobertas\/\"},\"author\":{\"name\":\"Luzimara Fernandes\",\"@id\":\"https:\/\/jornalfatosenoticias.com.br\/#\/schema\/person\/d63837fa13ac8666eb9e74e0985d6f81\"},\"headline\":\"Superterra monstruosa \u00e9 uma das maiores j\u00e1 descobertas\",\"datePublished\":\"2022-11-24T18:40:53+00:00\",\"dateModified\":\"2022-11-24T18:40:55+00:00\",\"mainEntityOfPage\":{\"@id\":\"https:\/\/jornalfatosenoticias.com.br\/index.php\/2022\/11\/24\/superterra-monstruosa-e-uma-das-maiores-ja-descobertas\/\"},\"wordCount\":890,\"commentCount\":0,\"publisher\":{\"@id\":\"https:\/\/jornalfatosenoticias.com.br\/#organization\"},\"image\":{\"@id\":\"https:\/\/jornalfatosenoticias.com.br\/index.php\/2022\/11\/24\/superterra-monstruosa-e-uma-das-maiores-ja-descobertas\/#primaryimage\"},\"thumbnailUrl\":\"https:\/\/jornalfatosenoticias.com.br\/wp-content\/uploads\/2022\/11\/exoplaneta-superterra-1.jpg\",\"keywords\":[\"exoplaneta\",\"exoplanetas\",\"SuperTerra\",\"TESS\"],\"articleSection\":[\"Ci\u00eancia\"],\"inLanguage\":\"pt-BR\",\"potentialAction\":[{\"@type\":\"CommentAction\",\"name\":\"Comment\",\"target\":[\"https:\/\/jornalfatosenoticias.com.br\/index.php\/2022\/11\/24\/superterra-monstruosa-e-uma-das-maiores-ja-descobertas\/#respond\"]}]},{\"@type\":\"WebPage\",\"@id\":\"https:\/\/jornalfatosenoticias.com.br\/index.php\/2022\/11\/24\/superterra-monstruosa-e-uma-das-maiores-ja-descobertas\/\",\"url\":\"https:\/\/jornalfatosenoticias.com.br\/index.php\/2022\/11\/24\/superterra-monstruosa-e-uma-das-maiores-ja-descobertas\/\",\"name\":\"Superterra monstruosa \u00e9 uma das maiores j\u00e1 descobertas - Jornal Fatos e Not\u00edcias\",\"isPartOf\":{\"@id\":\"https:\/\/jornalfatosenoticias.com.br\/#website\"},\"primaryImageOfPage\":{\"@id\":\"https:\/\/jornalfatosenoticias.com.br\/index.php\/2022\/11\/24\/superterra-monstruosa-e-uma-das-maiores-ja-descobertas\/#primaryimage\"},\"image\":{\"@id\":\"https:\/\/jornalfatosenoticias.com.br\/index.php\/2022\/11\/24\/superterra-monstruosa-e-uma-das-maiores-ja-descobertas\/#primaryimage\"},\"thumbnailUrl\":\"https:\/\/jornalfatosenoticias.com.br\/wp-content\/uploads\/2022\/11\/exoplaneta-superterra-1.jpg\",\"datePublished\":\"2022-11-24T18:40:53+00:00\",\"dateModified\":\"2022-11-24T18:40:55+00:00\",\"breadcrumb\":{\"@id\":\"https:\/\/jornalfatosenoticias.com.br\/index.php\/2022\/11\/24\/superterra-monstruosa-e-uma-das-maiores-ja-descobertas\/#breadcrumb\"},\"inLanguage\":\"pt-BR\",\"potentialAction\":[{\"@type\":\"ReadAction\",\"target\":[\"https:\/\/jornalfatosenoticias.com.br\/index.php\/2022\/11\/24\/superterra-monstruosa-e-uma-das-maiores-ja-descobertas\/\"]}]},{\"@type\":\"ImageObject\",\"inLanguage\":\"pt-BR\",\"@id\":\"https:\/\/jornalfatosenoticias.com.br\/index.php\/2022\/11\/24\/superterra-monstruosa-e-uma-das-maiores-ja-descobertas\/#primaryimage\",\"url\":\"https:\/\/jornalfatosenoticias.com.br\/wp-content\/uploads\/2022\/11\/exoplaneta-superterra-1.jpg\",\"contentUrl\":\"https:\/\/jornalfatosenoticias.com.br\/wp-content\/uploads\/2022\/11\/exoplaneta-superterra-1.jpg\",\"width\":1000,\"height\":450},{\"@type\":\"BreadcrumbList\",\"@id\":\"https:\/\/jornalfatosenoticias.com.br\/index.php\/2022\/11\/24\/superterra-monstruosa-e-uma-das-maiores-ja-descobertas\/#breadcrumb\",\"itemListElement\":[{\"@type\":\"ListItem\",\"position\":1,\"name\":\"In\u00edcio\",\"item\":\"https:\/\/jornalfatosenoticias.com.br\/\"},{\"@type\":\"ListItem\",\"position\":2,\"name\":\"Superterra monstruosa \u00e9 uma das maiores j\u00e1 descobertas\"}]},{\"@type\":\"WebSite\",\"@id\":\"https:\/\/jornalfatosenoticias.com.br\/#website\",\"url\":\"https:\/\/jornalfatosenoticias.com.br\/\",\"name\":\"Jornal Fatos e Not\u00edcias\",\"description\":\"Not\u00edcias em geral\",\"publisher\":{\"@id\":\"https:\/\/jornalfatosenoticias.com.br\/#organization\"},\"potentialAction\":[{\"@type\":\"SearchAction\",\"target\":{\"@type\":\"EntryPoint\",\"urlTemplate\":\"https:\/\/jornalfatosenoticias.com.br\/?s={search_term_string}\"},\"query-input\":{\"@type\":\"PropertyValueSpecification\",\"valueRequired\":true,\"valueName\":\"search_term_string\"}}],\"inLanguage\":\"pt-BR\"},{\"@type\":\"Organization\",\"@id\":\"https:\/\/jornalfatosenoticias.com.br\/#organization\",\"name\":\"Jornal Fatos e Not\u00edcias\",\"url\":\"https:\/\/jornalfatosenoticias.com.br\/\",\"logo\":{\"@type\":\"ImageObject\",\"inLanguage\":\"pt-BR\",\"@id\":\"https:\/\/jornalfatosenoticias.com.br\/#\/schema\/logo\/image\/\",\"url\":\"https:\/\/jornalfatosenoticias.com.br\/wp-content\/uploads\/2020\/02\/logo120.png\",\"contentUrl\":\"https:\/\/jornalfatosenoticias.com.br\/wp-content\/uploads\/2020\/02\/logo120.png\",\"width\":1227,\"height\":120,\"caption\":\"Jornal Fatos e Not\u00edcias\"},\"image\":{\"@id\":\"https:\/\/jornalfatosenoticias.com.br\/#\/schema\/logo\/image\/\"}},{\"@type\":\"Person\",\"@id\":\"https:\/\/jornalfatosenoticias.com.br\/#\/schema\/person\/d63837fa13ac8666eb9e74e0985d6f81\",\"name\":\"Luzimara Fernandes\",\"image\":{\"@type\":\"ImageObject\",\"inLanguage\":\"pt-BR\",\"@id\":\"https:\/\/jornalfatosenoticias.com.br\/#\/schema\/person\/image\/\",\"url\":\"https:\/\/jornalfatosenoticias.com.br\/wp-content\/uploads\/2025\/05\/EU_portal.jpg\",\"contentUrl\":\"https:\/\/jornalfatosenoticias.com.br\/wp-content\/uploads\/2025\/05\/EU_portal.jpg\",\"caption\":\"Luzimara Fernandes\"},\"description\":\"Jornalista MTB 2358-ES\",\"sameAs\":[\"https:\/\/jornalfatosenoticias.com.br\"],\"url\":\"https:\/\/jornalfatosenoticias.com.br\/index.php\/author\/luzimara\/\"}]}<\/script>\n<!-- \/ Yoast SEO plugin. -->","yoast_head_json":{"title":"Superterra monstruosa \u00e9 uma das maiores j\u00e1 descobertas - Jornal Fatos e Not\u00edcias","robots":{"index":"index","follow":"follow","max-snippet":"max-snippet:-1","max-image-preview":"max-image-preview:large","max-video-preview":"max-video-preview:-1"},"canonical":"https:\/\/jornalfatosenoticias.com.br\/index.php\/2022\/11\/24\/superterra-monstruosa-e-uma-das-maiores-ja-descobertas\/","og_locale":"pt_BR","og_type":"article","og_title":"Superterra monstruosa \u00e9 uma das maiores j\u00e1 descobertas - Jornal Fatos e Not\u00edcias","og_description":"Com quase o dobro do raio e aproximadamente dez vezes a massa da Terra, o exoplaneta de nome TOI-1075b est\u00e1 localizado a 200 anos-luz daqui Um estudo dispon\u00edvel no servidor de pr\u00e9-impress\u00e3o arXiv\u00a0e j\u00e1 aceito para publica\u00e7\u00e3o pelo peri\u00f3dico cient\u00edfico\u00a0The Astronomical Journal\u00a0descreve a descoberta de um colossal exoplaneta a apenas 200 anos-luz da\u00a0Terra. Segundo os [&hellip;]","og_url":"https:\/\/jornalfatosenoticias.com.br\/index.php\/2022\/11\/24\/superterra-monstruosa-e-uma-das-maiores-ja-descobertas\/","og_site_name":"Jornal Fatos e Not\u00edcias","article_published_time":"2022-11-24T18:40:53+00:00","article_modified_time":"2022-11-24T18:40:55+00:00","og_image":[{"width":1000,"height":450,"url":"https:\/\/jornalfatosenoticias.com.br\/wp-content\/uploads\/2022\/11\/exoplaneta-superterra-1.jpg","type":"image\/jpeg"}],"author":"Luzimara Fernandes","twitter_card":"summary_large_image","twitter_misc":{"Escrito por":"Luzimara Fernandes","Est. tempo de leitura":"4 minutos"},"schema":{"@context":"https:\/\/schema.org","@graph":[{"@type":"Article","@id":"https:\/\/jornalfatosenoticias.com.br\/index.php\/2022\/11\/24\/superterra-monstruosa-e-uma-das-maiores-ja-descobertas\/#article","isPartOf":{"@id":"https:\/\/jornalfatosenoticias.com.br\/index.php\/2022\/11\/24\/superterra-monstruosa-e-uma-das-maiores-ja-descobertas\/"},"author":{"name":"Luzimara Fernandes","@id":"https:\/\/jornalfatosenoticias.com.br\/#\/schema\/person\/d63837fa13ac8666eb9e74e0985d6f81"},"headline":"Superterra monstruosa \u00e9 uma das maiores j\u00e1 descobertas","datePublished":"2022-11-24T18:40:53+00:00","dateModified":"2022-11-24T18:40:55+00:00","mainEntityOfPage":{"@id":"https:\/\/jornalfatosenoticias.com.br\/index.php\/2022\/11\/24\/superterra-monstruosa-e-uma-das-maiores-ja-descobertas\/"},"wordCount":890,"commentCount":0,"publisher":{"@id":"https:\/\/jornalfatosenoticias.com.br\/#organization"},"image":{"@id":"https:\/\/jornalfatosenoticias.com.br\/index.php\/2022\/11\/24\/superterra-monstruosa-e-uma-das-maiores-ja-descobertas\/#primaryimage"},"thumbnailUrl":"https:\/\/jornalfatosenoticias.com.br\/wp-content\/uploads\/2022\/11\/exoplaneta-superterra-1.jpg","keywords":["exoplaneta","exoplanetas","SuperTerra","TESS"],"articleSection":["Ci\u00eancia"],"inLanguage":"pt-BR","potentialAction":[{"@type":"CommentAction","name":"Comment","target":["https:\/\/jornalfatosenoticias.com.br\/index.php\/2022\/11\/24\/superterra-monstruosa-e-uma-das-maiores-ja-descobertas\/#respond"]}]},{"@type":"WebPage","@id":"https:\/\/jornalfatosenoticias.com.br\/index.php\/2022\/11\/24\/superterra-monstruosa-e-uma-das-maiores-ja-descobertas\/","url":"https:\/\/jornalfatosenoticias.com.br\/index.php\/2022\/11\/24\/superterra-monstruosa-e-uma-das-maiores-ja-descobertas\/","name":"Superterra monstruosa \u00e9 uma das maiores j\u00e1 descobertas - Jornal Fatos e Not\u00edcias","isPartOf":{"@id":"https:\/\/jornalfatosenoticias.com.br\/#website"},"primaryImageOfPage":{"@id":"https:\/\/jornalfatosenoticias.com.br\/index.php\/2022\/11\/24\/superterra-monstruosa-e-uma-das-maiores-ja-descobertas\/#primaryimage"},"image":{"@id":"https:\/\/jornalfatosenoticias.com.br\/index.php\/2022\/11\/24\/superterra-monstruosa-e-uma-das-maiores-ja-descobertas\/#primaryimage"},"thumbnailUrl":"https:\/\/jornalfatosenoticias.com.br\/wp-content\/uploads\/2022\/11\/exoplaneta-superterra-1.jpg","datePublished":"2022-11-24T18:40:53+00:00","dateModified":"2022-11-24T18:40:55+00:00","breadcrumb":{"@id":"https:\/\/jornalfatosenoticias.com.br\/index.php\/2022\/11\/24\/superterra-monstruosa-e-uma-das-maiores-ja-descobertas\/#breadcrumb"},"inLanguage":"pt-BR","potentialAction":[{"@type":"ReadAction","target":["https:\/\/jornalfatosenoticias.com.br\/index.php\/2022\/11\/24\/superterra-monstruosa-e-uma-das-maiores-ja-descobertas\/"]}]},{"@type":"ImageObject","inLanguage":"pt-BR","@id":"https:\/\/jornalfatosenoticias.com.br\/index.php\/2022\/11\/24\/superterra-monstruosa-e-uma-das-maiores-ja-descobertas\/#primaryimage","url":"https:\/\/jornalfatosenoticias.com.br\/wp-content\/uploads\/2022\/11\/exoplaneta-superterra-1.jpg","contentUrl":"https:\/\/jornalfatosenoticias.com.br\/wp-content\/uploads\/2022\/11\/exoplaneta-superterra-1.jpg","width":1000,"height":450},{"@type":"BreadcrumbList","@id":"https:\/\/jornalfatosenoticias.com.br\/index.php\/2022\/11\/24\/superterra-monstruosa-e-uma-das-maiores-ja-descobertas\/#breadcrumb","itemListElement":[{"@type":"ListItem","position":1,"name":"In\u00edcio","item":"https:\/\/jornalfatosenoticias.com.br\/"},{"@type":"ListItem","position":2,"name":"Superterra monstruosa \u00e9 uma das maiores j\u00e1 descobertas"}]},{"@type":"WebSite","@id":"https:\/\/jornalfatosenoticias.com.br\/#website","url":"https:\/\/jornalfatosenoticias.com.br\/","name":"Jornal Fatos e Not\u00edcias","description":"Not\u00edcias em geral","publisher":{"@id":"https:\/\/jornalfatosenoticias.com.br\/#organization"},"potentialAction":[{"@type":"SearchAction","target":{"@type":"EntryPoint","urlTemplate":"https:\/\/jornalfatosenoticias.com.br\/?s={search_term_string}"},"query-input":{"@type":"PropertyValueSpecification","valueRequired":true,"valueName":"search_term_string"}}],"inLanguage":"pt-BR"},{"@type":"Organization","@id":"https:\/\/jornalfatosenoticias.com.br\/#organization","name":"Jornal Fatos e Not\u00edcias","url":"https:\/\/jornalfatosenoticias.com.br\/","logo":{"@type":"ImageObject","inLanguage":"pt-BR","@id":"https:\/\/jornalfatosenoticias.com.br\/#\/schema\/logo\/image\/","url":"https:\/\/jornalfatosenoticias.com.br\/wp-content\/uploads\/2020\/02\/logo120.png","contentUrl":"https:\/\/jornalfatosenoticias.com.br\/wp-content\/uploads\/2020\/02\/logo120.png","width":1227,"height":120,"caption":"Jornal Fatos e Not\u00edcias"},"image":{"@id":"https:\/\/jornalfatosenoticias.com.br\/#\/schema\/logo\/image\/"}},{"@type":"Person","@id":"https:\/\/jornalfatosenoticias.com.br\/#\/schema\/person\/d63837fa13ac8666eb9e74e0985d6f81","name":"Luzimara Fernandes","image":{"@type":"ImageObject","inLanguage":"pt-BR","@id":"https:\/\/jornalfatosenoticias.com.br\/#\/schema\/person\/image\/","url":"https:\/\/jornalfatosenoticias.com.br\/wp-content\/uploads\/2025\/05\/EU_portal.jpg","contentUrl":"https:\/\/jornalfatosenoticias.com.br\/wp-content\/uploads\/2025\/05\/EU_portal.jpg","caption":"Luzimara Fernandes"},"description":"Jornalista MTB 2358-ES","sameAs":["https:\/\/jornalfatosenoticias.com.br"],"url":"https:\/\/jornalfatosenoticias.com.br\/index.php\/author\/luzimara\/"}]}},"cc_featured_image_caption":{"caption_text":"(Foto: Shutterstock) ","source_text":"","source_url":""},"jetpack_featured_media_url":"https:\/\/jornalfatosenoticias.com.br\/wp-content\/uploads\/2022\/11\/exoplaneta-superterra-1.jpg","_links":{"self":[{"href":"https:\/\/jornalfatosenoticias.com.br\/index.php\/wp-json\/wp\/v2\/posts\/36340","targetHints":{"allow":["GET"]}}],"collection":[{"href":"https:\/\/jornalfatosenoticias.com.br\/index.php\/wp-json\/wp\/v2\/posts"}],"about":[{"href":"https:\/\/jornalfatosenoticias.com.br\/index.php\/wp-json\/wp\/v2\/types\/post"}],"author":[{"embeddable":true,"href":"https:\/\/jornalfatosenoticias.com.br\/index.php\/wp-json\/wp\/v2\/users\/2"}],"replies":[{"embeddable":true,"href":"https:\/\/jornalfatosenoticias.com.br\/index.php\/wp-json\/wp\/v2\/comments?post=36340"}],"version-history":[{"count":0,"href":"https:\/\/jornalfatosenoticias.com.br\/index.php\/wp-json\/wp\/v2\/posts\/36340\/revisions"}],"wp:featuredmedia":[{"embeddable":true,"href":"https:\/\/jornalfatosenoticias.com.br\/index.php\/wp-json\/wp\/v2\/media\/36342"}],"wp:attachment":[{"href":"https:\/\/jornalfatosenoticias.com.br\/index.php\/wp-json\/wp\/v2\/media?parent=36340"}],"wp:term":[{"taxonomy":"category","embeddable":true,"href":"https:\/\/jornalfatosenoticias.com.br\/index.php\/wp-json\/wp\/v2\/categories?post=36340"},{"taxonomy":"post_tag","embeddable":true,"href":"https:\/\/jornalfatosenoticias.com.br\/index.php\/wp-json\/wp\/v2\/tags?post=36340"}],"curies":[{"name":"wp","href":"https:\/\/api.w.org\/{rel}","templated":true}]}}