{"id":3638,"date":"2020-04-24T19:11:01","date_gmt":"2020-04-24T22:11:01","guid":{"rendered":"https:\/\/jornalfatosenoticias.com.br\/?p=3638"},"modified":"2020-04-24T19:11:06","modified_gmt":"2020-04-24T22:11:06","slug":"3638","status":"publish","type":"post","link":"https:\/\/jornalfatosenoticias.com.br\/index.php\/2020\/04\/24\/3638\/","title":{"rendered":""},"content":{"rendered":"\n<p>Os estudantes que solicitaram a isen\u00e7\u00e3o da taxa de inscri\u00e7\u00e3o do Exame Nacional do Ensino M\u00e9dio (Enem) 2020 j\u00e1 podem consultar sua situa\u00e7\u00e3o na P\u00e1gina do Participante, no site ou no aplicativo, segundo informa\u00e7\u00f5es do Instituto Nacional de Estudos e Pesquisas Educacionais An\u00edsio Teixeira (Inep) divulgadas hoje (24).<br>De acordo com o instituto, que \u00e9 vinculado ao Minist\u00e9rio da Educa\u00e7\u00e3o (MEC) e respons\u00e1vel pela aplica\u00e7\u00e3o do Enem, j\u00e1 foram analisadas todas as solicita\u00e7\u00f5es que comprovam, com documentos, os perfis de isen\u00e7\u00e3o definidos pelos editais do Enem, mas o sistema segue aberto para o envio de novos pedidos.<br>Todas as justificativas de aus\u00eancia no Enem 2019 tamb\u00e9m foram deferidas, e futuros inscritos nesta situa\u00e7\u00e3o j\u00e1 t\u00eam garantida a gratuidade de inscri\u00e7\u00e3o para o Enem 2020.<br>Ter\u00e3o isen\u00e7\u00e3o de taxa os candidatos que estejam cursando a \u00faltima s\u00e9rie do ensino m\u00e9dio este ano, em qualquer modalidade de ensino, em escola da rede p\u00fablica declarada ao Censo da Educa\u00e7\u00e3o B\u00e1sica; tenham feito todo o ensino m\u00e9dio em escolas da rede p\u00fablica ou como bolsistas integrais na rede privada e tenham renda per capita igual ou inferior a um sal\u00e1rio m\u00ednimo e meio; ou declarem estar em situa\u00e7\u00e3o de vulnerabilidade socioecon\u00f4mica, por serem membros de fam\u00edlia de baixa renda e que estejam inscritos no Cadastro \u00danico para Programas Sociais do Governo Federal (Cad\u00danico), que requer renda familiar per capita de at\u00e9 meio sal\u00e1rio m\u00ednimo ou renda familiar mensal de at\u00e9 tr\u00eas sal\u00e1rios m\u00ednimos.<br>As provas do Enem Digital que estavam previstas para ocorrer em 11 e 18 de outubro foram alteradas para os dias 22 e 29 de novembro. As do Enem impresso continuam previstas para 1\u00ba e 8 de novembro.<\/p>\n\n\n\n<h4 class=\"wp-block-heading\">Nova chance<\/h4>\n\n\n\n<p>O Inep divulgou ainda, na tarde desta sexta-feira, que aqueles que n\u00e3o conseguiram comprovar pertencer aos perfis de isen\u00e7\u00e3o \u2014 e, portanto, tiveram seu pedido indeferido \u2014 podem encaminhar documenta\u00e7\u00e3o complementar para nova an\u00e1lise.<br>\u201cA partir de segunda-feira, 27 de abril, os interessados poder\u00e3o enviar a documenta\u00e7\u00e3o que comprove a situa\u00e7\u00e3o de solicita\u00e7\u00e3o de isen\u00e7\u00e3o, observando a op\u00e7\u00e3o escolhida, por meio da P\u00e1gina do Participante\u201d, diz a nota. Conforme o Inep, ser\u00e3o aceitos somente documentos nos formatos PDF, PNG ou JPG, com o tamanho m\u00e1ximo de 2MB, conforme lista dispon\u00edvel no site do Inep.<\/p>\n\n\n\n<h4 class=\"wp-block-heading\">Inscri\u00e7\u00f5es<\/h4>\n\n\n\n<p>A isen\u00e7\u00e3o n\u00e3o garante entrada autom\u00e1tica no Enem. Todos os interessados dever\u00e3o acessar a P\u00e1gina do Participante no per\u00edodo de 11 a 22 de maio e realizar a inscri\u00e7\u00e3o para confirmar participa\u00e7\u00e3o no maior exame de acesso \u00e0 educa\u00e7\u00e3o superior do Pa\u00eds. Durante as inscri\u00e7\u00f5es, o Inep ir\u00e1 conceder isen\u00e7\u00e3o, de of\u00edcio, para todos os inscritos que se encaixarem nos perfis descritos no edital, mesmo sem o pedido formal. A regra vale tanto para os participantes que optarem pelo Enem impresso quanto para os que escolherem o Enem Digital.<br>Aqueles que n\u00e3o se encaixarem nos perfis de isen\u00e7\u00e3o dever\u00e3o realizar a inscri\u00e7\u00e3o nos prazos e crit\u00e9rios estabelecidos e efetuar o pagamento da taxa para poder participar.<\/p>\n\n\n\n<p><em>*com informa\u00e7\u00f5es do Minist\u00e9rio da Educa\u00e7\u00e3o (MEC)<\/em><\/p>\n\n\n\n<p><em><strong>Fonte: <a href=\"https:\/\/agenciabrasil.ebc.com.br\/educacao\/noticia\/2020-04\/resultados-de-pedidos-de-isencao-de-taxa-no-enem-estao-disponiveis\">Ag\u00eancia Brasil<\/a><\/strong><\/em><\/p>\n","protected":false},"excerpt":{"rendered":"<p>Os estudantes que solicitaram a isen\u00e7\u00e3o da taxa de inscri\u00e7\u00e3o do Exame Nacional do Ensino M\u00e9dio (Enem) 2020 j\u00e1 podem consultar sua situa\u00e7\u00e3o na P\u00e1gina do Participante, no site ou no aplicativo, segundo informa\u00e7\u00f5es do Instituto Nacional de Estudos e Pesquisas Educacionais An\u00edsio Teixeira (Inep) divulgadas hoje (24).De acordo com o instituto, que \u00e9 vinculado [&hellip;]<\/p>\n","protected":false},"author":2,"featured_media":3639,"comment_status":"open","ping_status":"open","sticky":false,"template":"","format":"standard","meta":{"footnotes":""},"categories":[7],"tags":[921,1706,704,2079],"class_list":["post-3638","post","type-post","status-publish","format-standard","has-post-thumbnail","hentry","category-educacao","tag-enem","tag-enem-2020","tag-inep","tag-taxa-de-inscricao"],"yoast_head":"<!-- This site is optimized with the Yoast SEO plugin v26.5 - https:\/\/yoast.com\/wordpress\/plugins\/seo\/ -->\n<title>- Jornal Fatos e Not\u00edcias<\/title>\n<meta name=\"robots\" content=\"index, follow, max-snippet:-1, max-image-preview:large, max-video-preview:-1\" \/>\n<link rel=\"canonical\" href=\"https:\/\/jornalfatosenoticias.com.br\/index.php\/2020\/04\/24\/3638\/\" \/>\n<meta property=\"og:locale\" content=\"pt_BR\" \/>\n<meta property=\"og:type\" content=\"article\" \/>\n<meta property=\"og:title\" content=\"- Jornal Fatos e Not\u00edcias\" \/>\n<meta property=\"og:description\" content=\"Os estudantes que solicitaram a isen\u00e7\u00e3o da taxa de inscri\u00e7\u00e3o do Exame Nacional do Ensino M\u00e9dio (Enem) 2020 j\u00e1 podem consultar sua situa\u00e7\u00e3o na P\u00e1gina do Participante, no site ou no aplicativo, segundo informa\u00e7\u00f5es do Instituto Nacional de Estudos e Pesquisas Educacionais An\u00edsio Teixeira (Inep) divulgadas hoje (24).De acordo com o instituto, que \u00e9 vinculado [&hellip;]\" \/>\n<meta property=\"og:url\" content=\"https:\/\/jornalfatosenoticias.com.br\/index.php\/2020\/04\/24\/3638\/\" \/>\n<meta property=\"og:site_name\" content=\"Jornal Fatos e Not\u00edcias\" \/>\n<meta property=\"article:published_time\" content=\"2020-04-24T22:11:01+00:00\" \/>\n<meta property=\"article:modified_time\" content=\"2020-04-24T22:11:06+00:00\" \/>\n<meta property=\"og:image\" content=\"https:\/\/jornalfatosenoticias.com.br\/wp-content\/uploads\/2020\/04\/enem_taxa-isencao.jpg\" \/>\n\t<meta property=\"og:image:width\" content=\"1000\" \/>\n\t<meta property=\"og:image:height\" content=\"598\" \/>\n\t<meta property=\"og:image:type\" content=\"image\/jpeg\" \/>\n<meta name=\"author\" content=\"Luzimara Fernandes\" \/>\n<meta name=\"twitter:card\" content=\"summary_large_image\" \/>\n<meta name=\"twitter:label1\" content=\"Escrito por\" \/>\n\t<meta name=\"twitter:data1\" content=\"Luzimara Fernandes\" \/>\n\t<meta name=\"twitter:label2\" content=\"Est. tempo de leitura\" \/>\n\t<meta name=\"twitter:data2\" content=\"3 minutos\" \/>\n<script type=\"application\/ld+json\" class=\"yoast-schema-graph\">{\"@context\":\"https:\/\/schema.org\",\"@graph\":[{\"@type\":\"Article\",\"@id\":\"https:\/\/jornalfatosenoticias.com.br\/index.php\/2020\/04\/24\/3638\/#article\",\"isPartOf\":{\"@id\":\"https:\/\/jornalfatosenoticias.com.br\/index.php\/2020\/04\/24\/3638\/\"},\"author\":{\"name\":\"Luzimara Fernandes\",\"@id\":\"https:\/\/jornalfatosenoticias.com.br\/#\/schema\/person\/d63837fa13ac8666eb9e74e0985d6f81\"},\"headline\":\"Sem t\u00edtulo\",\"datePublished\":\"2020-04-24T22:11:01+00:00\",\"dateModified\":\"2020-04-24T22:11:06+00:00\",\"mainEntityOfPage\":{\"@id\":\"https:\/\/jornalfatosenoticias.com.br\/index.php\/2020\/04\/24\/3638\/\"},\"wordCount\":558,\"commentCount\":0,\"publisher\":{\"@id\":\"https:\/\/jornalfatosenoticias.com.br\/#organization\"},\"image\":{\"@id\":\"https:\/\/jornalfatosenoticias.com.br\/index.php\/2020\/04\/24\/3638\/#primaryimage\"},\"thumbnailUrl\":\"https:\/\/jornalfatosenoticias.com.br\/wp-content\/uploads\/2020\/04\/enem_taxa-isencao.jpg\",\"keywords\":[\"Enem\",\"Enem 2020\",\"Inep\",\"taxa de inscri\u00e7\u00e3o\"],\"articleSection\":[\"Educa\u00e7\u00e3o\"],\"inLanguage\":\"pt-BR\",\"potentialAction\":[{\"@type\":\"CommentAction\",\"name\":\"Comment\",\"target\":[\"https:\/\/jornalfatosenoticias.com.br\/index.php\/2020\/04\/24\/3638\/#respond\"]}]},{\"@type\":\"WebPage\",\"@id\":\"https:\/\/jornalfatosenoticias.com.br\/index.php\/2020\/04\/24\/3638\/\",\"url\":\"https:\/\/jornalfatosenoticias.com.br\/index.php\/2020\/04\/24\/3638\/\",\"name\":\"- Jornal Fatos e Not\u00edcias\",\"isPartOf\":{\"@id\":\"https:\/\/jornalfatosenoticias.com.br\/#website\"},\"primaryImageOfPage\":{\"@id\":\"https:\/\/jornalfatosenoticias.com.br\/index.php\/2020\/04\/24\/3638\/#primaryimage\"},\"image\":{\"@id\":\"https:\/\/jornalfatosenoticias.com.br\/index.php\/2020\/04\/24\/3638\/#primaryimage\"},\"thumbnailUrl\":\"https:\/\/jornalfatosenoticias.com.br\/wp-content\/uploads\/2020\/04\/enem_taxa-isencao.jpg\",\"datePublished\":\"2020-04-24T22:11:01+00:00\",\"dateModified\":\"2020-04-24T22:11:06+00:00\",\"inLanguage\":\"pt-BR\",\"potentialAction\":[{\"@type\":\"ReadAction\",\"target\":[\"https:\/\/jornalfatosenoticias.com.br\/index.php\/2020\/04\/24\/3638\/\"]}]},{\"@type\":\"ImageObject\",\"inLanguage\":\"pt-BR\",\"@id\":\"https:\/\/jornalfatosenoticias.com.br\/index.php\/2020\/04\/24\/3638\/#primaryimage\",\"url\":\"https:\/\/jornalfatosenoticias.com.br\/wp-content\/uploads\/2020\/04\/enem_taxa-isencao.jpg\",\"contentUrl\":\"https:\/\/jornalfatosenoticias.com.br\/wp-content\/uploads\/2020\/04\/enem_taxa-isencao.jpg\",\"width\":1000,\"height\":598,\"caption\":\"Aplicativo de Celular ENEM 2019\"},{\"@type\":\"WebSite\",\"@id\":\"https:\/\/jornalfatosenoticias.com.br\/#website\",\"url\":\"https:\/\/jornalfatosenoticias.com.br\/\",\"name\":\"Jornal Fatos e Not\u00edcias\",\"description\":\"Not\u00edcias em geral\",\"publisher\":{\"@id\":\"https:\/\/jornalfatosenoticias.com.br\/#organization\"},\"potentialAction\":[{\"@type\":\"SearchAction\",\"target\":{\"@type\":\"EntryPoint\",\"urlTemplate\":\"https:\/\/jornalfatosenoticias.com.br\/?s={search_term_string}\"},\"query-input\":{\"@type\":\"PropertyValueSpecification\",\"valueRequired\":true,\"valueName\":\"search_term_string\"}}],\"inLanguage\":\"pt-BR\"},{\"@type\":\"Organization\",\"@id\":\"https:\/\/jornalfatosenoticias.com.br\/#organization\",\"name\":\"Jornal Fatos e Not\u00edcias\",\"url\":\"https:\/\/jornalfatosenoticias.com.br\/\",\"logo\":{\"@type\":\"ImageObject\",\"inLanguage\":\"pt-BR\",\"@id\":\"https:\/\/jornalfatosenoticias.com.br\/#\/schema\/logo\/image\/\",\"url\":\"https:\/\/jornalfatosenoticias.com.br\/wp-content\/uploads\/2020\/02\/logo120.png\",\"contentUrl\":\"https:\/\/jornalfatosenoticias.com.br\/wp-content\/uploads\/2020\/02\/logo120.png\",\"width\":1227,\"height\":120,\"caption\":\"Jornal Fatos e Not\u00edcias\"},\"image\":{\"@id\":\"https:\/\/jornalfatosenoticias.com.br\/#\/schema\/logo\/image\/\"}},{\"@type\":\"Person\",\"@id\":\"https:\/\/jornalfatosenoticias.com.br\/#\/schema\/person\/d63837fa13ac8666eb9e74e0985d6f81\",\"name\":\"Luzimara Fernandes\",\"image\":{\"@type\":\"ImageObject\",\"inLanguage\":\"pt-BR\",\"@id\":\"https:\/\/jornalfatosenoticias.com.br\/#\/schema\/person\/image\/\",\"url\":\"https:\/\/jornalfatosenoticias.com.br\/wp-content\/uploads\/2025\/05\/EU_portal.jpg\",\"contentUrl\":\"https:\/\/jornalfatosenoticias.com.br\/wp-content\/uploads\/2025\/05\/EU_portal.jpg\",\"caption\":\"Luzimara Fernandes\"},\"description\":\"Jornalista MTB 2358-ES\",\"sameAs\":[\"https:\/\/jornalfatosenoticias.com.br\"],\"url\":\"https:\/\/jornalfatosenoticias.com.br\/index.php\/author\/luzimara\/\"}]}<\/script>\n<!-- \/ Yoast SEO plugin. -->","yoast_head_json":{"title":"- Jornal Fatos e Not\u00edcias","robots":{"index":"index","follow":"follow","max-snippet":"max-snippet:-1","max-image-preview":"max-image-preview:large","max-video-preview":"max-video-preview:-1"},"canonical":"https:\/\/jornalfatosenoticias.com.br\/index.php\/2020\/04\/24\/3638\/","og_locale":"pt_BR","og_type":"article","og_title":"- Jornal Fatos e Not\u00edcias","og_description":"Os estudantes que solicitaram a isen\u00e7\u00e3o da taxa de inscri\u00e7\u00e3o do Exame Nacional do Ensino M\u00e9dio (Enem) 2020 j\u00e1 podem consultar sua situa\u00e7\u00e3o na P\u00e1gina do Participante, no site ou no aplicativo, segundo informa\u00e7\u00f5es do Instituto Nacional de Estudos e Pesquisas Educacionais An\u00edsio Teixeira (Inep) divulgadas hoje (24).De acordo com o instituto, que \u00e9 vinculado [&hellip;]","og_url":"https:\/\/jornalfatosenoticias.com.br\/index.php\/2020\/04\/24\/3638\/","og_site_name":"Jornal Fatos e Not\u00edcias","article_published_time":"2020-04-24T22:11:01+00:00","article_modified_time":"2020-04-24T22:11:06+00:00","og_image":[{"width":1000,"height":598,"url":"https:\/\/jornalfatosenoticias.com.br\/wp-content\/uploads\/2020\/04\/enem_taxa-isencao.jpg","type":"image\/jpeg"}],"author":"Luzimara Fernandes","twitter_card":"summary_large_image","twitter_misc":{"Escrito por":"Luzimara Fernandes","Est. tempo de leitura":"3 minutos"},"schema":{"@context":"https:\/\/schema.org","@graph":[{"@type":"Article","@id":"https:\/\/jornalfatosenoticias.com.br\/index.php\/2020\/04\/24\/3638\/#article","isPartOf":{"@id":"https:\/\/jornalfatosenoticias.com.br\/index.php\/2020\/04\/24\/3638\/"},"author":{"name":"Luzimara Fernandes","@id":"https:\/\/jornalfatosenoticias.com.br\/#\/schema\/person\/d63837fa13ac8666eb9e74e0985d6f81"},"headline":"Sem t\u00edtulo","datePublished":"2020-04-24T22:11:01+00:00","dateModified":"2020-04-24T22:11:06+00:00","mainEntityOfPage":{"@id":"https:\/\/jornalfatosenoticias.com.br\/index.php\/2020\/04\/24\/3638\/"},"wordCount":558,"commentCount":0,"publisher":{"@id":"https:\/\/jornalfatosenoticias.com.br\/#organization"},"image":{"@id":"https:\/\/jornalfatosenoticias.com.br\/index.php\/2020\/04\/24\/3638\/#primaryimage"},"thumbnailUrl":"https:\/\/jornalfatosenoticias.com.br\/wp-content\/uploads\/2020\/04\/enem_taxa-isencao.jpg","keywords":["Enem","Enem 2020","Inep","taxa de inscri\u00e7\u00e3o"],"articleSection":["Educa\u00e7\u00e3o"],"inLanguage":"pt-BR","potentialAction":[{"@type":"CommentAction","name":"Comment","target":["https:\/\/jornalfatosenoticias.com.br\/index.php\/2020\/04\/24\/3638\/#respond"]}]},{"@type":"WebPage","@id":"https:\/\/jornalfatosenoticias.com.br\/index.php\/2020\/04\/24\/3638\/","url":"https:\/\/jornalfatosenoticias.com.br\/index.php\/2020\/04\/24\/3638\/","name":"- Jornal Fatos e Not\u00edcias","isPartOf":{"@id":"https:\/\/jornalfatosenoticias.com.br\/#website"},"primaryImageOfPage":{"@id":"https:\/\/jornalfatosenoticias.com.br\/index.php\/2020\/04\/24\/3638\/#primaryimage"},"image":{"@id":"https:\/\/jornalfatosenoticias.com.br\/index.php\/2020\/04\/24\/3638\/#primaryimage"},"thumbnailUrl":"https:\/\/jornalfatosenoticias.com.br\/wp-content\/uploads\/2020\/04\/enem_taxa-isencao.jpg","datePublished":"2020-04-24T22:11:01+00:00","dateModified":"2020-04-24T22:11:06+00:00","inLanguage":"pt-BR","potentialAction":[{"@type":"ReadAction","target":["https:\/\/jornalfatosenoticias.com.br\/index.php\/2020\/04\/24\/3638\/"]}]},{"@type":"ImageObject","inLanguage":"pt-BR","@id":"https:\/\/jornalfatosenoticias.com.br\/index.php\/2020\/04\/24\/3638\/#primaryimage","url":"https:\/\/jornalfatosenoticias.com.br\/wp-content\/uploads\/2020\/04\/enem_taxa-isencao.jpg","contentUrl":"https:\/\/jornalfatosenoticias.com.br\/wp-content\/uploads\/2020\/04\/enem_taxa-isencao.jpg","width":1000,"height":598,"caption":"Aplicativo de Celular ENEM 2019"},{"@type":"WebSite","@id":"https:\/\/jornalfatosenoticias.com.br\/#website","url":"https:\/\/jornalfatosenoticias.com.br\/","name":"Jornal Fatos e Not\u00edcias","description":"Not\u00edcias em geral","publisher":{"@id":"https:\/\/jornalfatosenoticias.com.br\/#organization"},"potentialAction":[{"@type":"SearchAction","target":{"@type":"EntryPoint","urlTemplate":"https:\/\/jornalfatosenoticias.com.br\/?s={search_term_string}"},"query-input":{"@type":"PropertyValueSpecification","valueRequired":true,"valueName":"search_term_string"}}],"inLanguage":"pt-BR"},{"@type":"Organization","@id":"https:\/\/jornalfatosenoticias.com.br\/#organization","name":"Jornal Fatos e Not\u00edcias","url":"https:\/\/jornalfatosenoticias.com.br\/","logo":{"@type":"ImageObject","inLanguage":"pt-BR","@id":"https:\/\/jornalfatosenoticias.com.br\/#\/schema\/logo\/image\/","url":"https:\/\/jornalfatosenoticias.com.br\/wp-content\/uploads\/2020\/02\/logo120.png","contentUrl":"https:\/\/jornalfatosenoticias.com.br\/wp-content\/uploads\/2020\/02\/logo120.png","width":1227,"height":120,"caption":"Jornal Fatos e Not\u00edcias"},"image":{"@id":"https:\/\/jornalfatosenoticias.com.br\/#\/schema\/logo\/image\/"}},{"@type":"Person","@id":"https:\/\/jornalfatosenoticias.com.br\/#\/schema\/person\/d63837fa13ac8666eb9e74e0985d6f81","name":"Luzimara Fernandes","image":{"@type":"ImageObject","inLanguage":"pt-BR","@id":"https:\/\/jornalfatosenoticias.com.br\/#\/schema\/person\/image\/","url":"https:\/\/jornalfatosenoticias.com.br\/wp-content\/uploads\/2025\/05\/EU_portal.jpg","contentUrl":"https:\/\/jornalfatosenoticias.com.br\/wp-content\/uploads\/2025\/05\/EU_portal.jpg","caption":"Luzimara Fernandes"},"description":"Jornalista MTB 2358-ES","sameAs":["https:\/\/jornalfatosenoticias.com.br"],"url":"https:\/\/jornalfatosenoticias.com.br\/index.php\/author\/luzimara\/"}]}},"cc_featured_image_caption":{"caption_text":"(Foto: Marcello Casal Jr\/Ag\u00eancia Brasil)","source_text":"","source_url":""},"jetpack_featured_media_url":"https:\/\/jornalfatosenoticias.com.br\/wp-content\/uploads\/2020\/04\/enem_taxa-isencao.jpg","_links":{"self":[{"href":"https:\/\/jornalfatosenoticias.com.br\/index.php\/wp-json\/wp\/v2\/posts\/3638","targetHints":{"allow":["GET"]}}],"collection":[{"href":"https:\/\/jornalfatosenoticias.com.br\/index.php\/wp-json\/wp\/v2\/posts"}],"about":[{"href":"https:\/\/jornalfatosenoticias.com.br\/index.php\/wp-json\/wp\/v2\/types\/post"}],"author":[{"embeddable":true,"href":"https:\/\/jornalfatosenoticias.com.br\/index.php\/wp-json\/wp\/v2\/users\/2"}],"replies":[{"embeddable":true,"href":"https:\/\/jornalfatosenoticias.com.br\/index.php\/wp-json\/wp\/v2\/comments?post=3638"}],"version-history":[{"count":0,"href":"https:\/\/jornalfatosenoticias.com.br\/index.php\/wp-json\/wp\/v2\/posts\/3638\/revisions"}],"wp:featuredmedia":[{"embeddable":true,"href":"https:\/\/jornalfatosenoticias.com.br\/index.php\/wp-json\/wp\/v2\/media\/3639"}],"wp:attachment":[{"href":"https:\/\/jornalfatosenoticias.com.br\/index.php\/wp-json\/wp\/v2\/media?parent=3638"}],"wp:term":[{"taxonomy":"category","embeddable":true,"href":"https:\/\/jornalfatosenoticias.com.br\/index.php\/wp-json\/wp\/v2\/categories?post=3638"},{"taxonomy":"post_tag","embeddable":true,"href":"https:\/\/jornalfatosenoticias.com.br\/index.php\/wp-json\/wp\/v2\/tags?post=3638"}],"curies":[{"name":"wp","href":"https:\/\/api.w.org\/{rel}","templated":true}]}}