{"id":36411,"date":"2022-11-28T11:22:46","date_gmt":"2022-11-28T14:22:46","guid":{"rendered":"https:\/\/jornalfatosenoticias.com.br\/?p=36411"},"modified":"2022-11-28T11:22:50","modified_gmt":"2022-11-28T14:22:50","slug":"barragem-subterranea-e-a-caixa-dagua-do-sertao","status":"publish","type":"post","link":"https:\/\/jornalfatosenoticias.com.br\/index.php\/2022\/11\/28\/barragem-subterranea-e-a-caixa-dagua-do-sertao\/","title":{"rendered":"Barragem subterr\u00e2nea \u00e9 a caixa d\u2019\u00e1gua do sert\u00e3o"},"content":{"rendered":"\n<p><em><span class=\"has-inline-color has-black-color\">Armazenamento de \u00e1gua da chuva no solo minimiza os riscos da agricultura dependente de chuva<\/span><\/em><\/p>\n\n\n\n<div class=\"wp-block-image\"><figure class=\"aligncenter size-large\"><img loading=\"lazy\" decoding=\"async\" width=\"1024\" height=\"103\" src=\"https:\/\/jornalfatosenoticias.com.br\/wp-content\/uploads\/2022\/02\/Arte-Autoescola-Galatas_endereco_portal-1024x103.png\" alt=\"\" class=\"wp-image-27869\" srcset=\"https:\/\/jornalfatosenoticias.com.br\/wp-content\/uploads\/2022\/02\/Arte-Autoescola-Galatas_endereco_portal-1024x103.png 1024w, https:\/\/jornalfatosenoticias.com.br\/wp-content\/uploads\/2022\/02\/Arte-Autoescola-Galatas_endereco_portal-300x30.png 300w, https:\/\/jornalfatosenoticias.com.br\/wp-content\/uploads\/2022\/02\/Arte-Autoescola-Galatas_endereco_portal-768x77.png 768w, https:\/\/jornalfatosenoticias.com.br\/wp-content\/uploads\/2022\/02\/Arte-Autoescola-Galatas_endereco_portal.png 1223w\" sizes=\"auto, (max-width: 1024px) 100vw, 1024px\" \/><\/figure><\/div>\n\n\n\n<p>No Semi\u00e1rido brasileiro, devido \u00e0 escassez h\u00eddrica, \u00e9 necess\u00e1rio armazenar a \u00e1gua da chuva para o per\u00edodo de estiagem. Pesquisas mostram que estocar \u00e1gua no pr\u00f3prio solo \u00e9 eficiente e promove renda ao produtor.<\/p>\n\n\n\n<figure class=\"wp-block-pullquote\"><blockquote><p><span class=\"has-inline-color has-luminous-vivid-orange-color\">\u00c9 a caixa d\u00b4\u00e1gua do sert\u00e3o e a geladeira do sertanejo\u201d, declarou a agricultora familiar Maria Viana, do s\u00edtio Mani\u00e7oba, de Ouricuri, Pernambuco. Ciente disso, a Embrapa e a Articula\u00e7\u00e3o Semi\u00e1rido Brasileiro (ASA), h\u00e1 d\u00e9cadas, pesquisam e desenvolvem a\u00e7\u00f5es para o desenvolvimento do Semi\u00e1rido.<\/span><\/p><\/blockquote><\/figure>\n\n\n\n<div class=\"wp-block-image\"><figure class=\"aligncenter size-large\"><img decoding=\"async\" src=\"https:\/\/jornalfatosenoticias.com.br\/wp-content\/uploads\/2020\/02\/logo_esteio.jpg\" alt=\"\" class=\"wp-image-1214\"\/><\/figure><\/div>\n\n\n\n<p>A estocagem da \u00e1gua acontece atrav\u00e9s de uma \u201cparede\u201d de pl\u00e1stico polietileno de 200 micra enterrada no sentido transversal \u00e0 descida da \u00e1gua no solo. Assim, a \u00e1gua n\u00e3o escoa para o lado e forma a barragem subterr\u00e2nea destinada ao plantio em \u00e9poca de estiagem e po\u00e7os para m\u00faltiplo uso.<\/p>\n\n\n\n<div class=\"wp-block-image\"><figure class=\"aligncenter size-large\"><img loading=\"lazy\" decoding=\"async\" width=\"560\" height=\"60\" src=\"https:\/\/jornalfatosenoticias.com.br\/wp-content\/uploads\/2022\/10\/Propaganda-RC-Radiadores-Jornal_page-0001.jpg\" alt=\"\" class=\"wp-image-35270\" srcset=\"https:\/\/jornalfatosenoticias.com.br\/wp-content\/uploads\/2022\/10\/Propaganda-RC-Radiadores-Jornal_page-0001.jpg 560w, https:\/\/jornalfatosenoticias.com.br\/wp-content\/uploads\/2022\/10\/Propaganda-RC-Radiadores-Jornal_page-0001-300x32.jpg 300w\" sizes=\"auto, (max-width: 560px) 100vw, 560px\" \/><\/figure><\/div>\n\n\n\n<figure class=\"wp-block-image size-large\"><img loading=\"lazy\" decoding=\"async\" width=\"1000\" height=\"518\" src=\"https:\/\/jornalfatosenoticias.com.br\/wp-content\/uploads\/2022\/11\/barragens-subterraneas-2.jpg\" alt=\"\" class=\"wp-image-36412\" srcset=\"https:\/\/jornalfatosenoticias.com.br\/wp-content\/uploads\/2022\/11\/barragens-subterraneas-2.jpg 1000w, https:\/\/jornalfatosenoticias.com.br\/wp-content\/uploads\/2022\/11\/barragens-subterraneas-2-300x155.jpg 300w, https:\/\/jornalfatosenoticias.com.br\/wp-content\/uploads\/2022\/11\/barragens-subterraneas-2-768x398.jpg 768w\" sizes=\"auto, (max-width: 1000px) 100vw, 1000px\" \/><figcaption><em><span class=\"has-inline-color has-black-color\">Modelo ASA \u2014 as barragens subterr\u00e2neas promovem melhoria das condi\u00e7\u00f5es de vida das fam\u00edlias agricultoras, mais renda e seguran\u00e7a alimentar (Foto: Reprodu\u00e7\u00e3o)<\/span><\/em><\/figcaption><\/figure>\n\n\n\n<div class=\"wp-block-image\"><figure class=\"alignright size-large\"><img decoding=\"async\" src=\"https:\/\/jornalfatosenoticias.com.br\/wp-content\/uploads\/2020\/02\/barao-das-carnes-300x164-1.jpg\" alt=\"\" class=\"wp-image-34339\"\/><\/figure><\/div>\n\n\n\n<p><strong><span class=\"has-inline-color has-vivid-green-cyan-color\">Barragens subterr\u00e2neas<br><\/span><\/strong>A barragem subterr\u00e2nea \u00e9 uma tecnologia de inclus\u00e3o que minimiza os riscos da agricultura dependente de chuva, pois permite ao agricultor maior sucesso no cultivo de diversas esp\u00e9cies como, por exemplo, gr\u00e3os (milho e feij\u00e3o), forragem (capim e palma), ra\u00edzes (macaxeira, batata-doce e beterraba), hortali\u00e7as (coentro, cebolinha, alface, piment\u00e3o e quiabo) al\u00e9m de fruteiras (acerola, goiaba, mam\u00e3o e manga).<\/p>\n\n\n\n<figure class=\"wp-block-image size-large\"><img loading=\"lazy\" decoding=\"async\" width=\"1000\" height=\"510\" src=\"https:\/\/jornalfatosenoticias.com.br\/wp-content\/uploads\/2022\/11\/barragens-subterraneas-3.jpg\" alt=\"\" class=\"wp-image-36413\" srcset=\"https:\/\/jornalfatosenoticias.com.br\/wp-content\/uploads\/2022\/11\/barragens-subterraneas-3.jpg 1000w, https:\/\/jornalfatosenoticias.com.br\/wp-content\/uploads\/2022\/11\/barragens-subterraneas-3-300x153.jpg 300w, https:\/\/jornalfatosenoticias.com.br\/wp-content\/uploads\/2022\/11\/barragens-subterraneas-3-768x392.jpg 768w\" sizes=\"auto, (max-width: 1000px) 100vw, 1000px\" \/><figcaption><em><span class=\"has-inline-color has-black-color\">Modelo Costa Melo \u2014 as barragens subterr\u00e2neas promovem melhoria das condi\u00e7\u00f5es de vida das fam\u00edlias agricultoras, mais renda e seguran\u00e7a alimentar (Foto: Reprodu\u00e7\u00e3o)<\/span><\/em><\/figcaption><\/figure>\n\n\n\n<div class=\"wp-block-image\"><figure class=\"aligncenter size-large\"><img loading=\"lazy\" decoding=\"async\" width=\"1024\" height=\"111\" src=\"https:\/\/jornalfatosenoticias.com.br\/wp-content\/uploads\/2020\/02\/WhatsApp-Image-2022-09-23-at-12.09.18-1024x111.jpeg\" alt=\"\" class=\"wp-image-34527\" srcset=\"https:\/\/jornalfatosenoticias.com.br\/wp-content\/uploads\/2020\/02\/WhatsApp-Image-2022-09-23-at-12.09.18-1024x111.jpeg 1024w, https:\/\/jornalfatosenoticias.com.br\/wp-content\/uploads\/2020\/02\/WhatsApp-Image-2022-09-23-at-12.09.18-300x32.jpeg 300w, https:\/\/jornalfatosenoticias.com.br\/wp-content\/uploads\/2020\/02\/WhatsApp-Image-2022-09-23-at-12.09.18-768x83.jpeg 768w, https:\/\/jornalfatosenoticias.com.br\/wp-content\/uploads\/2020\/02\/WhatsApp-Image-2022-09-23-at-12.09.18.jpeg 1121w\" sizes=\"auto, (max-width: 1024px) 100vw, 1024px\" \/><\/figure><\/div>\n\n\n\n<p>As barragens subterr\u00e2neas promovem melhoria das condi\u00e7\u00f5es de vida das fam\u00edlias agricultoras, mais renda e seguran\u00e7a alimentar. No v\u00eddeo, produzido pela Embrapa, mostra dois tipos de barragens subterr\u00e2neas: a submersa e a submers\u00edvel, onde se forma um lago tempor\u00e1rio na \u00e9poca de chuvas. <\/p>\n\n\n\n<div class=\"wp-block-image\"><figure class=\"aligncenter size-large is-resized\"><img loading=\"lazy\" decoding=\"async\" src=\"https:\/\/jornalfatosenoticias.com.br\/wp-content\/uploads\/2022\/08\/logo-locau-veiculos-1024x573.png\" alt=\"\" class=\"wp-image-33078\" width=\"310\" height=\"173\"\/><\/figure><\/div>\n\n\n\n<p>A partir desses dois tipos, existem v\u00e1rios modelos. Os mais utilizados no semi\u00e1rido s\u00e3o as dos modelos Embrapa, ASA e Costa Melo. Cada uma com suas especificidades conforme as condi\u00e7\u00f5es do local.<\/p>\n\n\n\n<figure class=\"wp-block-embed-youtube wp-block-embed is-type-video is-provider-youtube wp-embed-aspect-16-9 wp-has-aspect-ratio\"><div class=\"wp-block-embed__wrapper\">\n<iframe loading=\"lazy\" title=\"&quot;Barragem subterr\u00e2nea \u00e9 a caixa d\u2019\u00e1gua do sert\u00e3o&quot;\" width=\"660\" height=\"371\" src=\"https:\/\/www.youtube.com\/embed\/ayz9uhFTRrc?feature=oembed\" frameborder=\"0\" allow=\"accelerometer; autoplay; clipboard-write; encrypted-media; gyroscope; picture-in-picture; web-share\" referrerpolicy=\"strict-origin-when-cross-origin\" allowfullscreen><\/iframe>\n<\/div><\/figure>\n\n\n\n<div class=\"wp-block-image\"><figure class=\"aligncenter size-large\"><img loading=\"lazy\" decoding=\"async\" width=\"729\" height=\"90\" src=\"https:\/\/jornalfatosenoticias.com.br\/wp-content\/uploads\/2020\/02\/Logo_Mizu.png\" alt=\"\" class=\"wp-image-1441\" srcset=\"https:\/\/jornalfatosenoticias.com.br\/wp-content\/uploads\/2020\/02\/Logo_Mizu.png 729w, https:\/\/jornalfatosenoticias.com.br\/wp-content\/uploads\/2020\/02\/Logo_Mizu-300x37.png 300w\" sizes=\"auto, (max-width: 729px) 100vw, 729px\" \/><\/figure><\/div>\n\n\n\n<p>O v\u00eddeo foi produzido com recursos do Minist\u00e9rio da Agricultura, Pecu\u00e1ria e Abastecimento (Mapa) e coordena\u00e7\u00e3o t\u00e9cnica da pesquisadora Maria S\u00f4nia Lopes da Silva, que atua na Unidade de Execu\u00e7\u00e3o de Pesquisa (UEP) da Embrapa Solos no Recife, Pernambuco.<\/p>\n\n\n\n<div class=\"wp-block-image\"><figure class=\"aligncenter size-large is-resized\"><img loading=\"lazy\" decoding=\"async\" src=\"https:\/\/jornalfatosenoticias.com.br\/wp-content\/uploads\/2020\/02\/logo-clinica-limoeiro.jpg\" alt=\"\" class=\"wp-image-34610\" width=\"245\" height=\"174\"\/><\/figure><\/div>\n\n\n\n<p><strong><em>Fonte: <a href=\"https:\/\/ciclovivo.com.br\/planeta\/desenvolvimento\/barragens-subterraneas-caixa-dagua-do-sertao\/\">CicloVivo<\/a><\/em><\/strong><\/p>\n","protected":false},"excerpt":{"rendered":"<p>Armazenamento de \u00e1gua da chuva no solo minimiza os riscos da agricultura dependente de chuva No Semi\u00e1rido brasileiro, devido \u00e0 escassez h\u00eddrica, \u00e9 necess\u00e1rio armazenar a \u00e1gua da chuva para o per\u00edodo de estiagem. Pesquisas mostram que estocar \u00e1gua no pr\u00f3prio solo \u00e9 eficiente e promove renda ao produtor. \u00c9 a caixa d\u00b4\u00e1gua do sert\u00e3o [&hellip;]<\/p>\n","protected":false},"author":2,"featured_media":36415,"comment_status":"open","ping_status":"open","sticky":false,"template":"","format":"standard","meta":{"footnotes":""},"categories":[5],"tags":[3061,10084,17093,15543,303,71,13195,4601],"class_list":["post-36411","post","type-post","status-publish","format-standard","has-post-thumbnail","hentry","category-geral","tag-agricultura","tag-armazenamento-de-agua-da-chuva","tag-barragem-subterranea","tag-caixa-dagua","tag-chuva","tag-embrapa","tag-sertao","tag-solo"],"yoast_head":"<!-- This site is optimized with the Yoast SEO plugin v26.5 - https:\/\/yoast.com\/wordpress\/plugins\/seo\/ -->\n<title>Barragem subterr\u00e2nea \u00e9 a caixa d\u2019\u00e1gua do sert\u00e3o - Jornal Fatos e Not\u00edcias<\/title>\n<meta name=\"robots\" content=\"index, follow, max-snippet:-1, max-image-preview:large, max-video-preview:-1\" \/>\n<link rel=\"canonical\" href=\"https:\/\/jornalfatosenoticias.com.br\/index.php\/2022\/11\/28\/barragem-subterranea-e-a-caixa-dagua-do-sertao\/\" \/>\n<meta property=\"og:locale\" content=\"pt_BR\" \/>\n<meta property=\"og:type\" content=\"article\" \/>\n<meta property=\"og:title\" content=\"Barragem subterr\u00e2nea \u00e9 a caixa d\u2019\u00e1gua do sert\u00e3o - Jornal Fatos e Not\u00edcias\" \/>\n<meta property=\"og:description\" content=\"Armazenamento de \u00e1gua da chuva no solo minimiza os riscos da agricultura dependente de chuva No Semi\u00e1rido brasileiro, devido \u00e0 escassez h\u00eddrica, \u00e9 necess\u00e1rio armazenar a \u00e1gua da chuva para o per\u00edodo de estiagem. Pesquisas mostram que estocar \u00e1gua no pr\u00f3prio solo \u00e9 eficiente e promove renda ao produtor. \u00c9 a caixa d\u00b4\u00e1gua do sert\u00e3o [&hellip;]\" \/>\n<meta property=\"og:url\" content=\"https:\/\/jornalfatosenoticias.com.br\/index.php\/2022\/11\/28\/barragem-subterranea-e-a-caixa-dagua-do-sertao\/\" \/>\n<meta property=\"og:site_name\" content=\"Jornal Fatos e Not\u00edcias\" \/>\n<meta property=\"article:published_time\" content=\"2022-11-28T14:22:46+00:00\" \/>\n<meta property=\"article:modified_time\" content=\"2022-11-28T14:22:50+00:00\" \/>\n<meta property=\"og:image\" content=\"https:\/\/jornalfatosenoticias.com.br\/wp-content\/uploads\/2022\/11\/barragens-subterraneas-1.jpg\" \/>\n\t<meta property=\"og:image:width\" content=\"1000\" \/>\n\t<meta property=\"og:image:height\" content=\"586\" \/>\n\t<meta property=\"og:image:type\" content=\"image\/jpeg\" \/>\n<meta name=\"author\" content=\"Luzimara Fernandes\" \/>\n<meta name=\"twitter:card\" content=\"summary_large_image\" \/>\n<meta name=\"twitter:label1\" content=\"Escrito por\" \/>\n\t<meta name=\"twitter:data1\" content=\"Luzimara Fernandes\" \/>\n\t<meta name=\"twitter:label2\" content=\"Est. tempo de leitura\" \/>\n\t<meta name=\"twitter:data2\" content=\"2 minutos\" \/>\n<script type=\"application\/ld+json\" class=\"yoast-schema-graph\">{\"@context\":\"https:\/\/schema.org\",\"@graph\":[{\"@type\":\"Article\",\"@id\":\"https:\/\/jornalfatosenoticias.com.br\/index.php\/2022\/11\/28\/barragem-subterranea-e-a-caixa-dagua-do-sertao\/#article\",\"isPartOf\":{\"@id\":\"https:\/\/jornalfatosenoticias.com.br\/index.php\/2022\/11\/28\/barragem-subterranea-e-a-caixa-dagua-do-sertao\/\"},\"author\":{\"name\":\"Luzimara Fernandes\",\"@id\":\"https:\/\/jornalfatosenoticias.com.br\/#\/schema\/person\/d63837fa13ac8666eb9e74e0985d6f81\"},\"headline\":\"Barragem subterr\u00e2nea \u00e9 a caixa d\u2019\u00e1gua do sert\u00e3o\",\"datePublished\":\"2022-11-28T14:22:46+00:00\",\"dateModified\":\"2022-11-28T14:22:50+00:00\",\"mainEntityOfPage\":{\"@id\":\"https:\/\/jornalfatosenoticias.com.br\/index.php\/2022\/11\/28\/barragem-subterranea-e-a-caixa-dagua-do-sertao\/\"},\"wordCount\":434,\"commentCount\":0,\"publisher\":{\"@id\":\"https:\/\/jornalfatosenoticias.com.br\/#organization\"},\"image\":{\"@id\":\"https:\/\/jornalfatosenoticias.com.br\/index.php\/2022\/11\/28\/barragem-subterranea-e-a-caixa-dagua-do-sertao\/#primaryimage\"},\"thumbnailUrl\":\"https:\/\/jornalfatosenoticias.com.br\/wp-content\/uploads\/2022\/11\/barragens-subterraneas-1.jpg\",\"keywords\":[\"agricultura\",\"armazenamento de \u00e1gua da chuva\",\"barragem subterr\u00e2nea\",\"caixa d\u2019\u00e1gua\",\"chuva\",\"embrapa\",\"sert\u00e3o\",\"solo\"],\"articleSection\":[\"Geral\"],\"inLanguage\":\"pt-BR\",\"potentialAction\":[{\"@type\":\"CommentAction\",\"name\":\"Comment\",\"target\":[\"https:\/\/jornalfatosenoticias.com.br\/index.php\/2022\/11\/28\/barragem-subterranea-e-a-caixa-dagua-do-sertao\/#respond\"]}]},{\"@type\":\"WebPage\",\"@id\":\"https:\/\/jornalfatosenoticias.com.br\/index.php\/2022\/11\/28\/barragem-subterranea-e-a-caixa-dagua-do-sertao\/\",\"url\":\"https:\/\/jornalfatosenoticias.com.br\/index.php\/2022\/11\/28\/barragem-subterranea-e-a-caixa-dagua-do-sertao\/\",\"name\":\"Barragem subterr\u00e2nea \u00e9 a caixa d\u2019\u00e1gua do sert\u00e3o - Jornal Fatos e Not\u00edcias\",\"isPartOf\":{\"@id\":\"https:\/\/jornalfatosenoticias.com.br\/#website\"},\"primaryImageOfPage\":{\"@id\":\"https:\/\/jornalfatosenoticias.com.br\/index.php\/2022\/11\/28\/barragem-subterranea-e-a-caixa-dagua-do-sertao\/#primaryimage\"},\"image\":{\"@id\":\"https:\/\/jornalfatosenoticias.com.br\/index.php\/2022\/11\/28\/barragem-subterranea-e-a-caixa-dagua-do-sertao\/#primaryimage\"},\"thumbnailUrl\":\"https:\/\/jornalfatosenoticias.com.br\/wp-content\/uploads\/2022\/11\/barragens-subterraneas-1.jpg\",\"datePublished\":\"2022-11-28T14:22:46+00:00\",\"dateModified\":\"2022-11-28T14:22:50+00:00\",\"breadcrumb\":{\"@id\":\"https:\/\/jornalfatosenoticias.com.br\/index.php\/2022\/11\/28\/barragem-subterranea-e-a-caixa-dagua-do-sertao\/#breadcrumb\"},\"inLanguage\":\"pt-BR\",\"potentialAction\":[{\"@type\":\"ReadAction\",\"target\":[\"https:\/\/jornalfatosenoticias.com.br\/index.php\/2022\/11\/28\/barragem-subterranea-e-a-caixa-dagua-do-sertao\/\"]}]},{\"@type\":\"ImageObject\",\"inLanguage\":\"pt-BR\",\"@id\":\"https:\/\/jornalfatosenoticias.com.br\/index.php\/2022\/11\/28\/barragem-subterranea-e-a-caixa-dagua-do-sertao\/#primaryimage\",\"url\":\"https:\/\/jornalfatosenoticias.com.br\/wp-content\/uploads\/2022\/11\/barragens-subterraneas-1.jpg\",\"contentUrl\":\"https:\/\/jornalfatosenoticias.com.br\/wp-content\/uploads\/2022\/11\/barragens-subterraneas-1.jpg\",\"width\":1000,\"height\":586},{\"@type\":\"BreadcrumbList\",\"@id\":\"https:\/\/jornalfatosenoticias.com.br\/index.php\/2022\/11\/28\/barragem-subterranea-e-a-caixa-dagua-do-sertao\/#breadcrumb\",\"itemListElement\":[{\"@type\":\"ListItem\",\"position\":1,\"name\":\"In\u00edcio\",\"item\":\"https:\/\/jornalfatosenoticias.com.br\/\"},{\"@type\":\"ListItem\",\"position\":2,\"name\":\"Barragem subterr\u00e2nea \u00e9 a caixa d\u2019\u00e1gua do sert\u00e3o\"}]},{\"@type\":\"WebSite\",\"@id\":\"https:\/\/jornalfatosenoticias.com.br\/#website\",\"url\":\"https:\/\/jornalfatosenoticias.com.br\/\",\"name\":\"Jornal Fatos e Not\u00edcias\",\"description\":\"Not\u00edcias em geral\",\"publisher\":{\"@id\":\"https:\/\/jornalfatosenoticias.com.br\/#organization\"},\"potentialAction\":[{\"@type\":\"SearchAction\",\"target\":{\"@type\":\"EntryPoint\",\"urlTemplate\":\"https:\/\/jornalfatosenoticias.com.br\/?s={search_term_string}\"},\"query-input\":{\"@type\":\"PropertyValueSpecification\",\"valueRequired\":true,\"valueName\":\"search_term_string\"}}],\"inLanguage\":\"pt-BR\"},{\"@type\":\"Organization\",\"@id\":\"https:\/\/jornalfatosenoticias.com.br\/#organization\",\"name\":\"Jornal Fatos e Not\u00edcias\",\"url\":\"https:\/\/jornalfatosenoticias.com.br\/\",\"logo\":{\"@type\":\"ImageObject\",\"inLanguage\":\"pt-BR\",\"@id\":\"https:\/\/jornalfatosenoticias.com.br\/#\/schema\/logo\/image\/\",\"url\":\"https:\/\/jornalfatosenoticias.com.br\/wp-content\/uploads\/2020\/02\/logo120.png\",\"contentUrl\":\"https:\/\/jornalfatosenoticias.com.br\/wp-content\/uploads\/2020\/02\/logo120.png\",\"width\":1227,\"height\":120,\"caption\":\"Jornal Fatos e Not\u00edcias\"},\"image\":{\"@id\":\"https:\/\/jornalfatosenoticias.com.br\/#\/schema\/logo\/image\/\"}},{\"@type\":\"Person\",\"@id\":\"https:\/\/jornalfatosenoticias.com.br\/#\/schema\/person\/d63837fa13ac8666eb9e74e0985d6f81\",\"name\":\"Luzimara Fernandes\",\"image\":{\"@type\":\"ImageObject\",\"inLanguage\":\"pt-BR\",\"@id\":\"https:\/\/jornalfatosenoticias.com.br\/#\/schema\/person\/image\/\",\"url\":\"https:\/\/jornalfatosenoticias.com.br\/wp-content\/uploads\/2025\/05\/EU_portal.jpg\",\"contentUrl\":\"https:\/\/jornalfatosenoticias.com.br\/wp-content\/uploads\/2025\/05\/EU_portal.jpg\",\"caption\":\"Luzimara Fernandes\"},\"description\":\"Jornalista MTB 2358-ES\",\"sameAs\":[\"https:\/\/jornalfatosenoticias.com.br\"],\"url\":\"https:\/\/jornalfatosenoticias.com.br\/index.php\/author\/luzimara\/\"}]}<\/script>\n<!-- \/ Yoast SEO plugin. -->","yoast_head_json":{"title":"Barragem subterr\u00e2nea \u00e9 a caixa d\u2019\u00e1gua do sert\u00e3o - Jornal Fatos e Not\u00edcias","robots":{"index":"index","follow":"follow","max-snippet":"max-snippet:-1","max-image-preview":"max-image-preview:large","max-video-preview":"max-video-preview:-1"},"canonical":"https:\/\/jornalfatosenoticias.com.br\/index.php\/2022\/11\/28\/barragem-subterranea-e-a-caixa-dagua-do-sertao\/","og_locale":"pt_BR","og_type":"article","og_title":"Barragem subterr\u00e2nea \u00e9 a caixa d\u2019\u00e1gua do sert\u00e3o - Jornal Fatos e Not\u00edcias","og_description":"Armazenamento de \u00e1gua da chuva no solo minimiza os riscos da agricultura dependente de chuva No Semi\u00e1rido brasileiro, devido \u00e0 escassez h\u00eddrica, \u00e9 necess\u00e1rio armazenar a \u00e1gua da chuva para o per\u00edodo de estiagem. Pesquisas mostram que estocar \u00e1gua no pr\u00f3prio solo \u00e9 eficiente e promove renda ao produtor. \u00c9 a caixa d\u00b4\u00e1gua do sert\u00e3o [&hellip;]","og_url":"https:\/\/jornalfatosenoticias.com.br\/index.php\/2022\/11\/28\/barragem-subterranea-e-a-caixa-dagua-do-sertao\/","og_site_name":"Jornal Fatos e Not\u00edcias","article_published_time":"2022-11-28T14:22:46+00:00","article_modified_time":"2022-11-28T14:22:50+00:00","og_image":[{"width":1000,"height":586,"url":"https:\/\/jornalfatosenoticias.com.br\/wp-content\/uploads\/2022\/11\/barragens-subterraneas-1.jpg","type":"image\/jpeg"}],"author":"Luzimara Fernandes","twitter_card":"summary_large_image","twitter_misc":{"Escrito por":"Luzimara Fernandes","Est. tempo de leitura":"2 minutos"},"schema":{"@context":"https:\/\/schema.org","@graph":[{"@type":"Article","@id":"https:\/\/jornalfatosenoticias.com.br\/index.php\/2022\/11\/28\/barragem-subterranea-e-a-caixa-dagua-do-sertao\/#article","isPartOf":{"@id":"https:\/\/jornalfatosenoticias.com.br\/index.php\/2022\/11\/28\/barragem-subterranea-e-a-caixa-dagua-do-sertao\/"},"author":{"name":"Luzimara Fernandes","@id":"https:\/\/jornalfatosenoticias.com.br\/#\/schema\/person\/d63837fa13ac8666eb9e74e0985d6f81"},"headline":"Barragem subterr\u00e2nea \u00e9 a caixa d\u2019\u00e1gua do sert\u00e3o","datePublished":"2022-11-28T14:22:46+00:00","dateModified":"2022-11-28T14:22:50+00:00","mainEntityOfPage":{"@id":"https:\/\/jornalfatosenoticias.com.br\/index.php\/2022\/11\/28\/barragem-subterranea-e-a-caixa-dagua-do-sertao\/"},"wordCount":434,"commentCount":0,"publisher":{"@id":"https:\/\/jornalfatosenoticias.com.br\/#organization"},"image":{"@id":"https:\/\/jornalfatosenoticias.com.br\/index.php\/2022\/11\/28\/barragem-subterranea-e-a-caixa-dagua-do-sertao\/#primaryimage"},"thumbnailUrl":"https:\/\/jornalfatosenoticias.com.br\/wp-content\/uploads\/2022\/11\/barragens-subterraneas-1.jpg","keywords":["agricultura","armazenamento de \u00e1gua da chuva","barragem subterr\u00e2nea","caixa d\u2019\u00e1gua","chuva","embrapa","sert\u00e3o","solo"],"articleSection":["Geral"],"inLanguage":"pt-BR","potentialAction":[{"@type":"CommentAction","name":"Comment","target":["https:\/\/jornalfatosenoticias.com.br\/index.php\/2022\/11\/28\/barragem-subterranea-e-a-caixa-dagua-do-sertao\/#respond"]}]},{"@type":"WebPage","@id":"https:\/\/jornalfatosenoticias.com.br\/index.php\/2022\/11\/28\/barragem-subterranea-e-a-caixa-dagua-do-sertao\/","url":"https:\/\/jornalfatosenoticias.com.br\/index.php\/2022\/11\/28\/barragem-subterranea-e-a-caixa-dagua-do-sertao\/","name":"Barragem subterr\u00e2nea \u00e9 a caixa d\u2019\u00e1gua do sert\u00e3o - Jornal Fatos e Not\u00edcias","isPartOf":{"@id":"https:\/\/jornalfatosenoticias.com.br\/#website"},"primaryImageOfPage":{"@id":"https:\/\/jornalfatosenoticias.com.br\/index.php\/2022\/11\/28\/barragem-subterranea-e-a-caixa-dagua-do-sertao\/#primaryimage"},"image":{"@id":"https:\/\/jornalfatosenoticias.com.br\/index.php\/2022\/11\/28\/barragem-subterranea-e-a-caixa-dagua-do-sertao\/#primaryimage"},"thumbnailUrl":"https:\/\/jornalfatosenoticias.com.br\/wp-content\/uploads\/2022\/11\/barragens-subterraneas-1.jpg","datePublished":"2022-11-28T14:22:46+00:00","dateModified":"2022-11-28T14:22:50+00:00","breadcrumb":{"@id":"https:\/\/jornalfatosenoticias.com.br\/index.php\/2022\/11\/28\/barragem-subterranea-e-a-caixa-dagua-do-sertao\/#breadcrumb"},"inLanguage":"pt-BR","potentialAction":[{"@type":"ReadAction","target":["https:\/\/jornalfatosenoticias.com.br\/index.php\/2022\/11\/28\/barragem-subterranea-e-a-caixa-dagua-do-sertao\/"]}]},{"@type":"ImageObject","inLanguage":"pt-BR","@id":"https:\/\/jornalfatosenoticias.com.br\/index.php\/2022\/11\/28\/barragem-subterranea-e-a-caixa-dagua-do-sertao\/#primaryimage","url":"https:\/\/jornalfatosenoticias.com.br\/wp-content\/uploads\/2022\/11\/barragens-subterraneas-1.jpg","contentUrl":"https:\/\/jornalfatosenoticias.com.br\/wp-content\/uploads\/2022\/11\/barragens-subterraneas-1.jpg","width":1000,"height":586},{"@type":"BreadcrumbList","@id":"https:\/\/jornalfatosenoticias.com.br\/index.php\/2022\/11\/28\/barragem-subterranea-e-a-caixa-dagua-do-sertao\/#breadcrumb","itemListElement":[{"@type":"ListItem","position":1,"name":"In\u00edcio","item":"https:\/\/jornalfatosenoticias.com.br\/"},{"@type":"ListItem","position":2,"name":"Barragem subterr\u00e2nea \u00e9 a caixa d\u2019\u00e1gua do sert\u00e3o"}]},{"@type":"WebSite","@id":"https:\/\/jornalfatosenoticias.com.br\/#website","url":"https:\/\/jornalfatosenoticias.com.br\/","name":"Jornal Fatos e Not\u00edcias","description":"Not\u00edcias em geral","publisher":{"@id":"https:\/\/jornalfatosenoticias.com.br\/#organization"},"potentialAction":[{"@type":"SearchAction","target":{"@type":"EntryPoint","urlTemplate":"https:\/\/jornalfatosenoticias.com.br\/?s={search_term_string}"},"query-input":{"@type":"PropertyValueSpecification","valueRequired":true,"valueName":"search_term_string"}}],"inLanguage":"pt-BR"},{"@type":"Organization","@id":"https:\/\/jornalfatosenoticias.com.br\/#organization","name":"Jornal Fatos e Not\u00edcias","url":"https:\/\/jornalfatosenoticias.com.br\/","logo":{"@type":"ImageObject","inLanguage":"pt-BR","@id":"https:\/\/jornalfatosenoticias.com.br\/#\/schema\/logo\/image\/","url":"https:\/\/jornalfatosenoticias.com.br\/wp-content\/uploads\/2020\/02\/logo120.png","contentUrl":"https:\/\/jornalfatosenoticias.com.br\/wp-content\/uploads\/2020\/02\/logo120.png","width":1227,"height":120,"caption":"Jornal Fatos e Not\u00edcias"},"image":{"@id":"https:\/\/jornalfatosenoticias.com.br\/#\/schema\/logo\/image\/"}},{"@type":"Person","@id":"https:\/\/jornalfatosenoticias.com.br\/#\/schema\/person\/d63837fa13ac8666eb9e74e0985d6f81","name":"Luzimara Fernandes","image":{"@type":"ImageObject","inLanguage":"pt-BR","@id":"https:\/\/jornalfatosenoticias.com.br\/#\/schema\/person\/image\/","url":"https:\/\/jornalfatosenoticias.com.br\/wp-content\/uploads\/2025\/05\/EU_portal.jpg","contentUrl":"https:\/\/jornalfatosenoticias.com.br\/wp-content\/uploads\/2025\/05\/EU_portal.jpg","caption":"Luzimara Fernandes"},"description":"Jornalista MTB 2358-ES","sameAs":["https:\/\/jornalfatosenoticias.com.br"],"url":"https:\/\/jornalfatosenoticias.com.br\/index.php\/author\/luzimara\/"}]}},"cc_featured_image_caption":{"caption_text":"(Foto: Reprodu\u00e7\u00e3o v\u00eddeo)","source_text":"","source_url":""},"jetpack_featured_media_url":"https:\/\/jornalfatosenoticias.com.br\/wp-content\/uploads\/2022\/11\/barragens-subterraneas-1.jpg","_links":{"self":[{"href":"https:\/\/jornalfatosenoticias.com.br\/index.php\/wp-json\/wp\/v2\/posts\/36411","targetHints":{"allow":["GET"]}}],"collection":[{"href":"https:\/\/jornalfatosenoticias.com.br\/index.php\/wp-json\/wp\/v2\/posts"}],"about":[{"href":"https:\/\/jornalfatosenoticias.com.br\/index.php\/wp-json\/wp\/v2\/types\/post"}],"author":[{"embeddable":true,"href":"https:\/\/jornalfatosenoticias.com.br\/index.php\/wp-json\/wp\/v2\/users\/2"}],"replies":[{"embeddable":true,"href":"https:\/\/jornalfatosenoticias.com.br\/index.php\/wp-json\/wp\/v2\/comments?post=36411"}],"version-history":[{"count":0,"href":"https:\/\/jornalfatosenoticias.com.br\/index.php\/wp-json\/wp\/v2\/posts\/36411\/revisions"}],"wp:featuredmedia":[{"embeddable":true,"href":"https:\/\/jornalfatosenoticias.com.br\/index.php\/wp-json\/wp\/v2\/media\/36415"}],"wp:attachment":[{"href":"https:\/\/jornalfatosenoticias.com.br\/index.php\/wp-json\/wp\/v2\/media?parent=36411"}],"wp:term":[{"taxonomy":"category","embeddable":true,"href":"https:\/\/jornalfatosenoticias.com.br\/index.php\/wp-json\/wp\/v2\/categories?post=36411"},{"taxonomy":"post_tag","embeddable":true,"href":"https:\/\/jornalfatosenoticias.com.br\/index.php\/wp-json\/wp\/v2\/tags?post=36411"}],"curies":[{"name":"wp","href":"https:\/\/api.w.org\/{rel}","templated":true}]}}