{"id":36420,"date":"2022-11-28T11:58:04","date_gmt":"2022-11-28T14:58:04","guid":{"rendered":"https:\/\/jornalfatosenoticias.com.br\/?p=36420"},"modified":"2022-11-28T11:58:07","modified_gmt":"2022-11-28T14:58:07","slug":"cancer-de-prostata-tem-novo-tratamento-com-radioterapia-reduzida","status":"publish","type":"post","link":"https:\/\/jornalfatosenoticias.com.br\/index.php\/2022\/11\/28\/cancer-de-prostata-tem-novo-tratamento-com-radioterapia-reduzida\/","title":{"rendered":"C\u00e2ncer de pr\u00f3stata tem novo tratamento com radioterapia reduzida"},"content":{"rendered":"\n<p><em><span class=\"has-inline-color has-black-color\">Novembro Azul alerta sobre a import\u00e2ncia do diagn\u00f3stico precoce<\/span><\/em><\/p>\n\n\n\n<div class=\"wp-block-image\"><figure class=\"aligncenter size-large\"><img loading=\"lazy\" decoding=\"async\" width=\"1024\" height=\"111\" src=\"https:\/\/jornalfatosenoticias.com.br\/wp-content\/uploads\/2020\/02\/WhatsApp-Image-2022-09-23-at-12.09.18-1024x111.jpeg\" alt=\"\" class=\"wp-image-34527\" srcset=\"https:\/\/jornalfatosenoticias.com.br\/wp-content\/uploads\/2020\/02\/WhatsApp-Image-2022-09-23-at-12.09.18-1024x111.jpeg 1024w, https:\/\/jornalfatosenoticias.com.br\/wp-content\/uploads\/2020\/02\/WhatsApp-Image-2022-09-23-at-12.09.18-300x32.jpeg 300w, https:\/\/jornalfatosenoticias.com.br\/wp-content\/uploads\/2020\/02\/WhatsApp-Image-2022-09-23-at-12.09.18-768x83.jpeg 768w, https:\/\/jornalfatosenoticias.com.br\/wp-content\/uploads\/2020\/02\/WhatsApp-Image-2022-09-23-at-12.09.18.jpeg 1121w\" sizes=\"auto, (max-width: 1024px) 100vw, 1024px\" \/><\/figure><\/div>\n\n\n\n<p>A fase aguda da pandemia da covid-19 afetou os pacientes com c\u00e2ncer de pr\u00f3stata, que n\u00e3o podiam parar o tratamento, mas precisavam continuar se cuidando para evitar a contamina\u00e7\u00e3o pelo coronav\u00edrus. Uma das medidas implantadas com o objetivo diminuir o risco de transmiss\u00e3o da covid-19, foi a redu\u00e7\u00e3o no n\u00famero de sess\u00f5es de radioterapia para o tratamento.<\/p>\n\n\n\n<div class=\"wp-block-image\"><figure class=\"aligncenter size-large\"><img decoding=\"async\" src=\"https:\/\/jornalfatosenoticias.com.br\/wp-content\/uploads\/2020\/02\/barao-das-carnes-300x164-1.jpg\" alt=\"\" class=\"wp-image-34339\"\/><\/figure><\/div>\n\n\n\n<p>O n\u00famero de sess\u00f5es foi reduzido de 39 para 20 aplica\u00e7\u00f5es. A experi\u00eancia foi t\u00e3o bem-sucedida que passou a ser adotada como rotina no p\u00f3s-pandemia. Ao lado de exames e tratamentos sofisticados, essa \u00e9 uma das novidades do combate ao c\u00e2ncer de pr\u00f3stata, que ganha destaque durante a campanha do Novembro Azul, que segue at\u00e9 o pr\u00f3ximo dia 30. No entanto, a redu\u00e7\u00e3o se aplica a determinados pacientes, que apresentam caracter\u00edsticas espec\u00edficas.<\/p>\n\n\n\n<div class=\"wp-block-image\"><figure class=\"aligncenter size-large\"><img decoding=\"async\" src=\"https:\/\/jornalfatosenoticias.com.br\/wp-content\/uploads\/2020\/02\/logo_esteio.jpg\" alt=\"\" class=\"wp-image-1214\"\/><\/figure><\/div>\n\n\n\n<figure class=\"wp-block-pullquote\"><blockquote><p><span class=\"has-inline-color has-luminous-vivid-orange-color\">Quando o paciente n\u00e3o apresenta risco de complica\u00e7\u00e3o, o tempo de tratamento por radioterapia pode ser mais curto, com cinco sess\u00f5es com maior intensidade de radia\u00e7\u00e3o\u201d, esclarece a m\u00e9dica Mariana Bruno Siqueira, oncologista da Oncologia D\u2019Or, com foco em uro-oncologia.<\/span><\/p><\/blockquote><\/figure>\n\n\n\n<div class=\"wp-block-image\"><figure class=\"alignleft size-large is-resized\"><img loading=\"lazy\" decoding=\"async\" src=\"https:\/\/jornalfatosenoticias.com.br\/wp-content\/uploads\/2020\/02\/nova-logo-Marquetti.jpg\" alt=\"\" class=\"wp-image-22331\" width=\"315\" height=\"211\" srcset=\"https:\/\/jornalfatosenoticias.com.br\/wp-content\/uploads\/2020\/02\/nova-logo-Marquetti.jpg 643w, https:\/\/jornalfatosenoticias.com.br\/wp-content\/uploads\/2020\/02\/nova-logo-Marquetti-300x202.jpg 300w\" sizes=\"auto, (max-width: 315px) 100vw, 315px\" \/><\/figure><\/div>\n\n\n\n<p>O que impede a redu\u00e7\u00e3o de sess\u00f5es, explica a m\u00e9dica, \u00e9 o tamanho da pr\u00f3stata e a dist\u00e2ncia entre a pr\u00f3stata e o reto, que \u00e9 a parte final do intestino. \u201cAs complica\u00e7\u00f5es que a temos mais receio s\u00e3o diarreia e eventualmente sangramento nas fezes. \u00c9 uma decis\u00e3o do m\u00e9dico radioterapeuta, baseado nos dados da anatomia do paciente, para definir se tem seguran\u00e7a de fazer em menos tempo com maior dose. Ent\u00e3o \u00e9 uma decis\u00e3o para cada paciente e em conjunto com radio-oncologista, que \u00e9 quem vai planejar o tratamento\u201d.<\/p>\n\n\n\n<div class=\"wp-block-image\"><figure class=\"aligncenter size-large\"><img loading=\"lazy\" decoding=\"async\" width=\"1024\" height=\"99\" src=\"https:\/\/jornalfatosenoticias.com.br\/wp-content\/uploads\/2020\/02\/Logo-Mizu-segunda-2-1024x99.png\" alt=\"\" class=\"wp-image-2353\" srcset=\"https:\/\/jornalfatosenoticias.com.br\/wp-content\/uploads\/2020\/02\/Logo-Mizu-segunda-2-1024x99.png 1024w, https:\/\/jornalfatosenoticias.com.br\/wp-content\/uploads\/2020\/02\/Logo-Mizu-segunda-2-300x29.png 300w, https:\/\/jornalfatosenoticias.com.br\/wp-content\/uploads\/2020\/02\/Logo-Mizu-segunda-2-768x74.png 768w, https:\/\/jornalfatosenoticias.com.br\/wp-content\/uploads\/2020\/02\/Logo-Mizu-segunda-2.png 1240w\" sizes=\"auto, (max-width: 1024px) 100vw, 1024px\" \/><\/figure><\/div>\n\n\n\n<p>Essa \u00e9 uma tend\u00eancia que come\u00e7ou antes da pandemia da covid19, e foi intensificada e adotada de forma mais ampla e disseminada no Brasil para v\u00e1rios tipos de neoplasias com a chegada da pandemia, disse o presidente da Sociedade Brasileira de Radioterapia (SBRT), Marcus Sim\u00f5es Castilho, m\u00e9dico radioterapeuta.<\/p>\n\n\n\n<div class=\"wp-block-image\"><figure class=\"aligncenter size-large is-resized\"><img loading=\"lazy\" decoding=\"async\" src=\"https:\/\/jornalfatosenoticias.com.br\/wp-content\/uploads\/2020\/02\/logo-clinica-limoeiro.jpg\" alt=\"\" class=\"wp-image-34610\" width=\"282\" height=\"200\"\/><\/figure><\/div>\n\n\n\n<figure class=\"wp-block-pullquote\"><blockquote><p><span class=\"has-inline-color has-luminous-vivid-orange-color\">A redu\u00e7\u00e3o de tempo de tratamento de radioterapia \u00e9 conhecida como hipofracionamento e \u00e9 uma tend\u00eancia em diversas patologias. Em pr\u00f3stata, j\u00e1 existe um corpo de evid\u00eancia cient\u00edfica consolidada. Fundamental pontuar que doses maiores pressup\u00f5e maior controle de entrega e consequentemente tecnologia. Isso \u00e9 uma limita\u00e7\u00e3o no Brasil uma vez que somente um ter\u00e7o dos equipamentos tem radioterapia guiada por imagem, fundamental no hipofracionamento do c\u00e2ncer de pr\u00f3stata\u201d, explica o m\u00e9dico.<\/span><\/p><\/blockquote><\/figure>\n\n\n\n<div class=\"wp-block-image\"><figure class=\"aligncenter size-large\"><img loading=\"lazy\" decoding=\"async\" width=\"1024\" height=\"103\" src=\"https:\/\/jornalfatosenoticias.com.br\/wp-content\/uploads\/2022\/02\/Arte-Autoescola-Galatas_endereco_portal-1024x103.png\" alt=\"\" class=\"wp-image-27869\" srcset=\"https:\/\/jornalfatosenoticias.com.br\/wp-content\/uploads\/2022\/02\/Arte-Autoescola-Galatas_endereco_portal-1024x103.png 1024w, https:\/\/jornalfatosenoticias.com.br\/wp-content\/uploads\/2022\/02\/Arte-Autoescola-Galatas_endereco_portal-300x30.png 300w, https:\/\/jornalfatosenoticias.com.br\/wp-content\/uploads\/2022\/02\/Arte-Autoescola-Galatas_endereco_portal-768x77.png 768w, https:\/\/jornalfatosenoticias.com.br\/wp-content\/uploads\/2022\/02\/Arte-Autoescola-Galatas_endereco_portal.png 1223w\" sizes=\"auto, (max-width: 1024px) 100vw, 1024px\" \/><\/figure><\/div>\n\n\n\n<p>A SBRT realizou um Consenso de Hipofracionamento na Radioterapia no C\u00e2ncer de Pr\u00f3stata em setembro de 2019, antes da pandemia, e publicou esse material na <strong><a href=\"https:\/\/ramb.amb.org.br\/wp-content\/uploads\/2021\/05\/RAMB_v67n1.pdf\" target=\"_blank\" rel=\"noreferrer noopener\">Revista da Associa\u00e7\u00e3o M\u00e9dica Brasileira em janeiro de 2021<\/a>.<\/strong><\/p>\n\n\n\n<div class=\"wp-block-image\"><figure class=\"aligncenter size-large is-resized\"><img loading=\"lazy\" decoding=\"async\" src=\"https:\/\/jornalfatosenoticias.com.br\/wp-content\/uploads\/2022\/07\/Logo-Grupo-SEI.jpg\" alt=\"\" class=\"wp-image-31973\" width=\"324\" height=\"170\" srcset=\"https:\/\/jornalfatosenoticias.com.br\/wp-content\/uploads\/2022\/07\/Logo-Grupo-SEI.jpg 713w, https:\/\/jornalfatosenoticias.com.br\/wp-content\/uploads\/2022\/07\/Logo-Grupo-SEI-300x158.jpg 300w\" sizes=\"auto, (max-width: 324px) 100vw, 324px\" \/><\/figure><\/div>\n\n\n\n<p>A estrat\u00e9gia j\u00e1 \u00e9 consolidada para hipofracionamento moderado entre 20 e 28 fra\u00e7\u00f5es, reduzindo o tratamento de sete a oito semanas para quatro a seis semanas. \u201cEstrat\u00e9gias de tratamentos em somente uma semana est\u00e3o sendo adotadas, por\u00e9m muito dependentes de alta tecnologia\u201d, disse Castilho.<br>A radioterapia \u00e9 uma modalidade terap\u00eautica importante no cuidado das neoplasias tanto em condi\u00e7\u00f5es malignas quanto benignas, em condi\u00e7\u00f5es radicais e tamb\u00e9m paliativas.<\/p>\n\n\n\n<div class=\"wp-block-image\"><figure class=\"aligncenter size-large\"><img loading=\"lazy\" decoding=\"async\" width=\"300\" height=\"250\" src=\"https:\/\/jornalfatosenoticias.com.br\/wp-content\/uploads\/2022\/08\/arte-Casarao.jpg\" alt=\"\" class=\"wp-image-33178\"\/><\/figure><\/div>\n\n\n\n<figure class=\"wp-block-pullquote\"><blockquote><p><span class=\"has-inline-color has-luminous-vivid-orange-color\">Estima-se que cerca de 60% dos pacientes oncol\u00f3gicos ir\u00e3o receber radioterapia em algum momento do curso do seu tratamento\u201d, disse a SBRT.<\/span><\/p><\/blockquote><\/figure>\n\n\n\n<p>Al\u00e9m dos estudos para o hipofracionamento no tratamento de c\u00e2ncer de pr\u00f3stata, j\u00e1 existiam estudos garantindo a seguran\u00e7a para algumas situa\u00e7\u00f5es, como, por exemplo, para pacientes com tumores de mama iniciais.<\/p>\n\n\n\n<div class=\"wp-block-image\"><figure class=\"aligncenter size-large is-resized\"><img loading=\"lazy\" decoding=\"async\" src=\"https:\/\/jornalfatosenoticias.com.br\/wp-content\/uploads\/2020\/02\/casa-do-torresmo_portal.jpg\" alt=\"\" class=\"wp-image-34472\" width=\"262\" height=\"262\" srcset=\"https:\/\/jornalfatosenoticias.com.br\/wp-content\/uploads\/2020\/02\/casa-do-torresmo_portal.jpg 300w, https:\/\/jornalfatosenoticias.com.br\/wp-content\/uploads\/2020\/02\/casa-do-torresmo_portal-150x150.jpg 150w\" sizes=\"auto, (max-width: 262px) 100vw, 262px\" \/><\/figure><\/div>\n\n\n\n<figure class=\"wp-block-pullquote\"><blockquote><p><span class=\"has-inline-color has-luminous-vivid-orange-color\">Mas existiam algumas situa\u00e7\u00f5es, como para pacientes com c\u00e2ncer de mama mais avan\u00e7ados, onde a ado\u00e7\u00e3o do hipofracionamento ainda n\u00e3o era consensual. Com a chegada da pandemia, o encurtamento do tratamento foi ampliado para todos os pacientes. Logo em seguida, estudos foram publicados comprovando que, realmente, todas as pacientes podiam encurtar o tratamento\u201d, disse Castilho.<\/span><\/p><\/blockquote><\/figure>\n\n\n\n<h2 class=\"wp-block-heading\"><strong><span class=\"has-inline-color has-black-color\">Hipofracionamento<\/span><\/strong><\/h2>\n\n\n\n<div class=\"wp-block-image\"><figure class=\"aligncenter size-large\"><img loading=\"lazy\" decoding=\"async\" width=\"1024\" height=\"100\" src=\"https:\/\/jornalfatosenoticias.com.br\/wp-content\/uploads\/2022\/05\/NOVA-LOGO-CESCONETTO-1024x100.jpg\" alt=\"\" class=\"wp-image-30792\" srcset=\"https:\/\/jornalfatosenoticias.com.br\/wp-content\/uploads\/2022\/05\/NOVA-LOGO-CESCONETTO-1024x100.jpg 1024w, https:\/\/jornalfatosenoticias.com.br\/wp-content\/uploads\/2022\/05\/NOVA-LOGO-CESCONETTO-300x29.jpg 300w, https:\/\/jornalfatosenoticias.com.br\/wp-content\/uploads\/2022\/05\/NOVA-LOGO-CESCONETTO-768x75.jpg 768w, https:\/\/jornalfatosenoticias.com.br\/wp-content\/uploads\/2022\/05\/NOVA-LOGO-CESCONETTO.jpg 1280w\" sizes=\"auto, (max-width: 1024px) 100vw, 1024px\" \/><\/figure><\/div>\n\n\n\n<p>O hipofracionamento se aplica a casos em que estudos de n\u00edvel I de evid\u00eancia, os mais confi\u00e1veis, confirmaram que o tratamento mais curto \u00e9 igualmente eficaz e seguro para os pacientes, \u201cincluindo pr\u00f3stata, pulm\u00e3o, mama, reto, tratamentos paliativos de met\u00e1stases \u00f3sseas, entre outros\u201d, disse o presidente da SBRT.<br>A orienta\u00e7\u00e3o sobre o hipofracionamento \u00e9 a mesma para a rede p\u00fablica. <\/p>\n\n\n\n<div class=\"wp-block-image\"><figure class=\"aligncenter size-large is-resized\"><img loading=\"lazy\" decoding=\"async\" src=\"https:\/\/jornalfatosenoticias.com.br\/wp-content\/uploads\/2022\/02\/Precisao-Contabilidade-1024x724.jpg\" alt=\"\" class=\"wp-image-28088\" width=\"294\" height=\"208\"\/><\/figure><\/div>\n\n\n\n<figure class=\"wp-block-pullquote\"><blockquote><p><span class=\"has-inline-color has-luminous-vivid-orange-color\">Por\u00e9m, em muitos casos, como para pacientes de pr\u00f3stata e pulm\u00e3o, o hipofracionamento requer tecnologias mais avan\u00e7adas, que geralmente n\u00e3o est\u00e3o dispon\u00edveis para os pacientes do SUS, pelo d\u00e9ficit de financiamento do setor\u201d, disse Castilho.<\/span><\/p><\/blockquote><\/figure>\n\n\n\n<div class=\"wp-block-image\"><figure class=\"aligncenter size-large\"><img decoding=\"async\" src=\"https:\/\/jornalfatosenoticias.com.br\/wp-content\/uploads\/2020\/02\/logo-embacia-1-1024x110.jpg\" alt=\"\" class=\"wp-image-33954\"\/><\/figure><\/div>\n\n\n\n<p>Como existe depend\u00eancia de tecnologia para garantia que as doses mais elevadas est\u00e3o atingindo somente a pr\u00f3stata, a limita\u00e7\u00e3o da estrat\u00e9gia \u00e9 o uso em equipamentos que disponham de radioterapia guiada por imagem (IGRT). Segundo a entidade, cerca de um ter\u00e7o das m\u00e1quinas no Pa\u00eds tem a tecnologia e algumas delas est\u00e3o na rede p\u00fablica.<\/p>\n\n\n\n<div class=\"wp-block-image\"><figure class=\"aligncenter size-large\"><img decoding=\"async\" src=\"https:\/\/jornalfatosenoticias.com.br\/wp-content\/uploads\/2020\/02\/Serra-Grande-1024x160.png\" alt=\"\" class=\"wp-image-7836\"\/><\/figure><\/div>\n\n\n\n<p>Al\u00e9m de melhorar a qualidade de vida do paciente, a estrat\u00e9gia de encurtamento amplia a oferta de vagas da radioterapia. <strong><a href=\"http:\/\/https\/\/sbradioterapia.com.br\/rt2030\/sobre\/\" target=\"_blank\" rel=\"noreferrer noopener\">O \u00faltimo censo dispon\u00edvel<\/a>,<\/strong> segundo a entidade, mostra que somente 50% das m\u00e1quinas necess\u00e1rias para tratamento est\u00e3o dispon\u00edveis, a maioria delas com mais de 10 anos de funcionamento e distribu\u00eddas de forma desigual pelo Pa\u00eds.<\/p>\n\n\n\n<div class=\"wp-block-image\"><figure class=\"aligncenter size-large is-resized\"><img loading=\"lazy\" decoding=\"async\" src=\"https:\/\/jornalfatosenoticias.com.br\/wp-content\/uploads\/2022\/10\/RC_800x750_page-0001.jpg\" alt=\"\" class=\"wp-image-35338\" width=\"266\" height=\"249\" srcset=\"https:\/\/jornalfatosenoticias.com.br\/wp-content\/uploads\/2022\/10\/RC_800x750_page-0001.jpg 400w, https:\/\/jornalfatosenoticias.com.br\/wp-content\/uploads\/2022\/10\/RC_800x750_page-0001-300x281.jpg 300w\" sizes=\"auto, (max-width: 266px) 100vw, 266px\" \/><\/figure><\/div>\n\n\n\n<p><strong><a href=\"https:\/\/www.clinicaloncologyonline.net\/article\/S0936-6555(16)30411-3\/fulltext%C2%A0\" target=\"_blank\" rel=\"noreferrer noopener\">O levantamento<\/a><\/strong> \u00e9 baseado no estudo An\u00e1lise das necessidades e custos globais de radioterapia por regi\u00e3o geogr\u00e1fica e n\u00edvel de renda. De acordo com o presidente do Conselho Superior da SBRT, Arthur Accioly Rosa, o c\u00e1lculo de necessidade de m\u00e1quinas \u00e9 complexo.<\/p>\n\n\n\n<div class=\"wp-block-image\"><figure class=\"aligncenter size-large is-resized\"><img loading=\"lazy\" decoding=\"async\" src=\"https:\/\/jornalfatosenoticias.com.br\/wp-content\/uploads\/2022\/08\/logo-locau-veiculos-1024x573.png\" alt=\"\" class=\"wp-image-33078\" width=\"313\" height=\"174\"\/><\/figure><\/div>\n\n\n\n<figure class=\"wp-block-pullquote\"><blockquote><p><span class=\"has-inline-color has-luminous-vivid-orange-color\">Envolve fatores como distribui\u00e7\u00e3o epidemiol\u00f3gica dos casos, disponibilidade geogr\u00e1fica, diagn\u00f3stico \u2014 muitos pacientes morrem sem diagn\u00f3stico de c\u00e2ncer \u2014 ocupa\u00e7\u00e3o das m\u00e1quinas com hipofracionamento, dentre outros. A sa\u00fade suplementar tem atendido sua demanda aparentemente sem limita\u00e7\u00f5es. Nos c\u00e1lculos de novos casos de c\u00e2ncer, usando a propor\u00e7\u00e3o de 52% de uso de radia\u00e7\u00e3o e mensurando o n\u00famero de tratamentos no SUS, projetam-se mais de 100 mil casos que n\u00e3o foram irradiados em 2020. N\u00e3o quer dizer que n\u00e3o receberam tratamentos como quimioterapia, por exemplo, mas \u00e9 um dado que documenta a dificuldade de acesso\u201d.<\/span><\/p><\/blockquote><\/figure>\n\n\n\n<div class=\"wp-block-image\"><figure class=\"aligncenter size-large\"><img loading=\"lazy\" decoding=\"async\" width=\"1024\" height=\"110\" src=\"https:\/\/jornalfatosenoticias.com.br\/wp-content\/uploads\/2022\/10\/Arte-jornal-Zucchi-1120x120_Prancheta-1-1024x110.jpg\" alt=\"\" class=\"wp-image-34772\" srcset=\"https:\/\/jornalfatosenoticias.com.br\/wp-content\/uploads\/2022\/10\/Arte-jornal-Zucchi-1120x120_Prancheta-1-1024x110.jpg 1024w, https:\/\/jornalfatosenoticias.com.br\/wp-content\/uploads\/2022\/10\/Arte-jornal-Zucchi-1120x120_Prancheta-1-300x32.jpg 300w, https:\/\/jornalfatosenoticias.com.br\/wp-content\/uploads\/2022\/10\/Arte-jornal-Zucchi-1120x120_Prancheta-1-768x82.jpg 768w, https:\/\/jornalfatosenoticias.com.br\/wp-content\/uploads\/2022\/10\/Arte-jornal-Zucchi-1120x120_Prancheta-1-1536x165.jpg 1536w, https:\/\/jornalfatosenoticias.com.br\/wp-content\/uploads\/2022\/10\/Arte-jornal-Zucchi-1120x120_Prancheta-1-2048x219.jpg 2048w\" sizes=\"auto, (max-width: 1024px) 100vw, 1024px\" \/><\/figure><\/div>\n\n\n\n<p>Na avalia\u00e7\u00e3o da SBRT, esquemas de radioterapia mais convenientes para os pacientes e igualmente efetivos devem ser estimulados, j\u00e1 que trazem benef\u00edcios cl\u00ednicos, log\u00edsticos e financeiros. A SBRT disse que tem feito v\u00e1rios esfor\u00e7os e adotado estrat\u00e9gias espec\u00edficas para disseminar a pr\u00e1tica do hipofracionamento no Brasil, principalmente para os pacientes do SUS.<\/p>\n\n\n\n<figure class=\"wp-block-pullquote\"><blockquote><p><span class=\"has-inline-color has-luminous-vivid-orange-color\">Por\u00e9m, a plena ado\u00e7\u00e3o do hipofracionamento no SUS depende do avan\u00e7o do investimento em radioterapia, principalmente via recomposi\u00e7\u00e3o da tabela do SUS, extremamente defasada, o que permitir\u00e1 que os mais diversos servi\u00e7os ao redor do pa\u00eds possam executar n\u00e3o s\u00f3 tratamentos mais curtos, como de maior qualidade, para todos os brasileiros\u201d, explica o presidente da SBRT.<\/span><\/p><\/blockquote><\/figure>\n\n\n\n<h2 class=\"wp-block-heading\"><strong><span class=\"has-inline-color has-black-color\">Preven\u00e7\u00e3o<\/span><\/strong><\/h2>\n\n\n\n<p>A pr\u00f3stata \u00e9 uma gl\u00e2ndula que s\u00f3 o homem tem e que produz parte do s\u00eamen. Ela se localiza na frente do reto, abaixo da bexiga, envolvendo a parte superior da uretra. De acordo com o Instituto Nacional de C\u00e2ncer (Inca), nos homens <strong><a href=\"https:\/\/www.gov.br\/inca\/pt-br\/assuntos\/cancer\/tipos\/prostata\" target=\"_blank\" rel=\"noreferrer noopener\">o c\u00e2ncer de pr\u00f3stata \u00e9 o segundo mais comum<\/a>,<\/strong> ficando atr\u00e1s apenas do c\u00e2ncer de pele.<br>Os fatores de risco s\u00e3o a idade avan\u00e7ada, a partir dos 50 anos, e o hist\u00f3rico familiar. Os negros constituem um grupo de risco para o c\u00e2ncer de pr\u00f3stata. A alimenta\u00e7\u00e3o saud\u00e1vel, o peso corporal adequado e a pr\u00e1tica da atividade f\u00edsica ajudam a reduzir a incid\u00eancia desse e outros tipos de c\u00e2ncer.<br>A maioria dos tumores na pr\u00f3stata cresce de forma lenta, n\u00e3o chegando a dar sinais ao longo da vida. Uma minoria cresce de maneira acelerada, espalha-se para outros \u00f3rg\u00e3os (met\u00e1stase) e pode levar \u00e0 morte. Os sintomas iniciais s\u00e3o dificuldade para urinar, demora em come\u00e7ar e terminar em urinar, sangue na urina, diminui\u00e7\u00e3o do jato da urina e necessidade urinar v\u00e1rias vezes \u00e0 noite.<br>O diagn\u00f3stico precoce aumenta as chances de sucesso do tratamento. Por isso, os homens com 50 anos de idade ou mais devem ir uma vez por ano ao urologista para o toque retal e o exame de sangue que identifica o ant\u00edgeno prost\u00e1tico espec\u00edfico (PSA).<\/p>\n\n\n\n<div class=\"wp-block-image\"><figure class=\"aligncenter size-large\"><img loading=\"lazy\" decoding=\"async\" width=\"1024\" height=\"100\" src=\"https:\/\/jornalfatosenoticias.com.br\/wp-content\/uploads\/2020\/02\/banner_ferramentas-1024x100.jpg\" alt=\"\" class=\"wp-image-1258\" srcset=\"https:\/\/jornalfatosenoticias.com.br\/wp-content\/uploads\/2020\/02\/banner_ferramentas-1024x100.jpg 1024w, https:\/\/jornalfatosenoticias.com.br\/wp-content\/uploads\/2020\/02\/banner_ferramentas-300x29.jpg 300w, https:\/\/jornalfatosenoticias.com.br\/wp-content\/uploads\/2020\/02\/banner_ferramentas-768x75.jpg 768w, https:\/\/jornalfatosenoticias.com.br\/wp-content\/uploads\/2020\/02\/banner_ferramentas.jpg 1227w\" sizes=\"auto, (max-width: 1024px) 100vw, 1024px\" \/><\/figure><\/div>\n\n\n\n<figure class=\"wp-block-pullquote\"><blockquote><p><span class=\"has-inline-color has-luminous-vivid-orange-color\">Os homens com hist\u00f3rico familiar de c\u00e2ncer de pr\u00f3stata, e os negros, que t\u00eam maior incid\u00eancia deste tipo de c\u00e2ncer, devem iniciar as consultas anuais aos 45 anos de idade\u201d, recomenda a m\u00e9dica Rafaela Pozzobon, oncologista da Oncologia D\u2019Or com foco em uro-oncologia.<\/span><\/p><\/blockquote><\/figure>\n\n\n\n<h2 class=\"wp-block-heading\"><strong><span class=\"has-inline-color has-black-color\">Tratamento<\/span><\/strong><\/h2>\n\n\n\n<p>Entre os exames mais recentes para detec\u00e7\u00e3o do c\u00e2ncer de pr\u00f3stata est\u00e1 o PET-CT PSMA, que une a tomografia por emiss\u00e3o de p\u00f3sitrons (PET) e a tomografia computadorizada (CT). O procedimento com PSMA (sigla do ingl\u00eas para Ant\u00edgeno de Membrana Espec\u00edfico para Pr\u00f3stata) consegue detectar mais de 90% dos casos de met\u00e1stase desse tipo de c\u00e2ncer, permitindo um diagn\u00f3stico mais assertivo e um tratamento melhor direcionado.<\/p>\n\n\n\n<figure class=\"wp-block-pullquote\"><blockquote><p><span class=\"has-inline-color has-luminous-vivid-orange-color\">Quando a doen\u00e7a est\u00e1 restrita \u00e0 pr\u00f3stata, o paciente \u00e9 submetido \u00e0 cirurgia ou radioterapia. Em caso de met\u00e1stase, o tratamento \u00e9 feito com hormonioterapia ou quimioterapia\u201d, explica a m\u00e9dica Mariana Bruno Siqueira.<\/span><\/p><\/blockquote><\/figure>\n\n\n\n<p>Para pacientes com c\u00e2ncer de pr\u00f3stata metast\u00e1tico, o tratamento mais recente \u00e9 o PSMA-Lut\u00e9cio 177, que foi destaque do Congresso Americano de Oncologia (Asco) de 2021. O lut\u00e9cio \u00e9 uma subst\u00e2ncia radioativa que, assim como um m\u00edssil teleguiado, \u00e9 levado \u00e0s c\u00e9lulas com PSMA, uma mol\u00e9cula que apresenta a express\u00e3o aumentada na superf\u00edcie das c\u00e9lulas cancer\u00edgenas.<br>A subst\u00e2ncia radioativa danifica o DNA da c\u00e9lula e provoca sua morte. O tratamento demanda quatro a seis aplica\u00e7\u00f5es, sendo que a quimioterapia s\u00e3o no m\u00ednimo seis aplica\u00e7\u00f5es. Por ser direcionado \u00e0s c\u00e9lulas cancer\u00edgenas, \u00e9 melhor tolerado que a quimioterapia, dizem os especialistas.<\/p>\n\n\n\n<figure class=\"wp-block-pullquote\"><blockquote><p><span class=\"has-inline-color has-luminous-vivid-orange-color\">O PSMA-Lut\u00e9cio 177 \u00e9 uma part\u00edcula radioativa que vai ser introduzido no paciente pelo sangue. Ent\u00e3o a part\u00edcula vai caminhando pelo sangue e chega aonde o c\u00e2ncer est\u00e1, vai achar o c\u00e2ncer porque ele \u00e9 ligado a um marcador do PSA. A part\u00edcula vai achar essas c\u00e9lulas, e pela radia\u00e7\u00e3o, que \u00e9 carregada por esse PSMA, que \u00e9 um marcador que vai achar a c\u00e9lula do c\u00e2ncer, ou seja, a c\u00e9lula que produz o PSA, para matar essa c\u00e9lula. Ent\u00e3o ele vai, carrega essa radia\u00e7\u00e3o at\u00e9 a c\u00e9lula maligna, e uma vez que ela chega l\u00e1 na c\u00e9lula, a radia\u00e7\u00e3o vai quebrar a fita de DNA e vai matar a c\u00e9lula do c\u00e2ncer. A radia\u00e7\u00e3o \u00e9 pela circula\u00e7\u00e3o sangu\u00ednea\u201d, explica a m\u00e9dica Rafaela Pozzobon.<\/span><\/p><\/blockquote><\/figure>\n\n\n\n<p>O exame PET-CT PSMA e o tratamento PSMA-Lut\u00e9cio 177 ainda n\u00e3o est\u00e3o dispon\u00edveis pelo SUS.<\/p>\n\n\n\n<h2 class=\"wp-block-heading\"><strong><span class=\"has-inline-color has-black-color\">Muta\u00e7\u00e3o<\/span><\/strong><\/h2>\n\n\n\n<p>Nos \u00faltimos anos, os cientistas descobriram que o c\u00e2ncer de pr\u00f3stata, assim como o de mama, ov\u00e1rio e p\u00e2ncreas, pode ter rela\u00e7\u00e3o com a muta\u00e7\u00e3o do gene BRCA 1 e 2. <\/p>\n\n\n\n<figure class=\"wp-block-pullquote\"><blockquote><p><span class=\"has-inline-color has-luminous-vivid-orange-color\">Entre 5% e 10% dos pacientes com c\u00e2ncer de pr\u00f3stata podem ter uma origem heredit\u00e1ria da doen\u00e7a, principalmente por causa da muta\u00e7\u00e3o gen\u00e9tica no BRCA 2\u201d, disse a m\u00e9dica Mariana Bruno Siqueira.<\/span><\/p><\/blockquote><\/figure>\n\n\n\n<p>Em raz\u00e3o dessa descoberta, os m\u00e9dicos recomendam que homens que tiveram c\u00e2ncer de pr\u00f3stata mais agressivos ou com met\u00e1stases, devam realizar testes a fim de detectar uma poss\u00edvel muta\u00e7\u00e3o do BRCA.<br>Em caso positivo, seus familiares podem ser aconselhados a realizar o exame tamb\u00e9m, al\u00e9m de adotar medidas preventivas e fazer exames peri\u00f3dicos para o diagn\u00f3stico precoce da doen\u00e7a. Existem ainda medica\u00e7\u00f5es espec\u00edficas para os homens com a muta\u00e7\u00e3o do BRCA, que s\u00e3o usadas para controlar o c\u00e2ncer em cen\u00e1rios metast\u00e1ticos.<\/p>\n\n\n\n<p><strong><em>Fonte: <a href=\"https:\/\/agenciabrasil.ebc.com.br\/saude\/noticia\/2022-11\/cancer-de-prostata-tem-novo-tratamento-com-radioterapia-reduzida\">Ag\u00eancia Brasil<\/a><\/em><\/strong><\/p>\n","protected":false},"excerpt":{"rendered":"<p>Novembro Azul alerta sobre a import\u00e2ncia do diagn\u00f3stico precoce A fase aguda da pandemia da covid-19 afetou os pacientes com c\u00e2ncer de pr\u00f3stata, que n\u00e3o podiam parar o tratamento, mas precisavam continuar se cuidando para evitar a contamina\u00e7\u00e3o pelo coronav\u00edrus. Uma das medidas implantadas com o objetivo diminuir o risco de transmiss\u00e3o da covid-19, foi [&hellip;]<\/p>\n","protected":false},"author":2,"featured_media":36421,"comment_status":"open","ping_status":"open","sticky":false,"template":"","format":"standard","meta":{"footnotes":""},"categories":[11],"tags":[642,5800,5801,12083,1363,17096],"class_list":["post-36420","post","type-post","status-publish","format-standard","has-post-thumbnail","hentry","category-saude","tag-cancer","tag-cancer-de-prostata","tag-novembro-azul","tag-prostata","tag-radioterapia","tag-tratamento-contra-cancer"],"yoast_head":"<!-- This site is optimized with the Yoast SEO plugin v26.5 - https:\/\/yoast.com\/wordpress\/plugins\/seo\/ -->\n<title>C\u00e2ncer de pr\u00f3stata tem novo tratamento com radioterapia reduzida - Jornal Fatos e Not\u00edcias<\/title>\n<meta name=\"robots\" content=\"index, follow, max-snippet:-1, max-image-preview:large, max-video-preview:-1\" \/>\n<link rel=\"canonical\" href=\"https:\/\/jornalfatosenoticias.com.br\/index.php\/2022\/11\/28\/cancer-de-prostata-tem-novo-tratamento-com-radioterapia-reduzida\/\" \/>\n<meta property=\"og:locale\" content=\"pt_BR\" \/>\n<meta property=\"og:type\" content=\"article\" \/>\n<meta property=\"og:title\" content=\"C\u00e2ncer de pr\u00f3stata tem novo tratamento com radioterapia reduzida - Jornal Fatos e Not\u00edcias\" \/>\n<meta property=\"og:description\" content=\"Novembro Azul alerta sobre a import\u00e2ncia do diagn\u00f3stico precoce A fase aguda da pandemia da covid-19 afetou os pacientes com c\u00e2ncer de pr\u00f3stata, que n\u00e3o podiam parar o tratamento, mas precisavam continuar se cuidando para evitar a contamina\u00e7\u00e3o pelo coronav\u00edrus. Uma das medidas implantadas com o objetivo diminuir o risco de transmiss\u00e3o da covid-19, foi [&hellip;]\" \/>\n<meta property=\"og:url\" content=\"https:\/\/jornalfatosenoticias.com.br\/index.php\/2022\/11\/28\/cancer-de-prostata-tem-novo-tratamento-com-radioterapia-reduzida\/\" \/>\n<meta property=\"og:site_name\" content=\"Jornal Fatos e Not\u00edcias\" \/>\n<meta property=\"article:published_time\" content=\"2022-11-28T14:58:04+00:00\" \/>\n<meta property=\"article:modified_time\" content=\"2022-11-28T14:58:07+00:00\" \/>\n<meta property=\"og:image\" content=\"https:\/\/jornalfatosenoticias.com.br\/wp-content\/uploads\/2022\/11\/energia_nuclear_usada_para_diagnostico_de_cancer.jpg\" \/>\n\t<meta property=\"og:image:width\" content=\"1000\" \/>\n\t<meta property=\"og:image:height\" content=\"598\" \/>\n\t<meta property=\"og:image:type\" content=\"image\/jpeg\" \/>\n<meta name=\"author\" content=\"Luzimara Fernandes\" \/>\n<meta name=\"twitter:card\" content=\"summary_large_image\" \/>\n<meta name=\"twitter:label1\" content=\"Escrito por\" \/>\n\t<meta name=\"twitter:data1\" content=\"Luzimara Fernandes\" \/>\n\t<meta name=\"twitter:label2\" content=\"Est. tempo de leitura\" \/>\n\t<meta name=\"twitter:data2\" content=\"10 minutos\" \/>\n<script type=\"application\/ld+json\" class=\"yoast-schema-graph\">{\"@context\":\"https:\/\/schema.org\",\"@graph\":[{\"@type\":\"Article\",\"@id\":\"https:\/\/jornalfatosenoticias.com.br\/index.php\/2022\/11\/28\/cancer-de-prostata-tem-novo-tratamento-com-radioterapia-reduzida\/#article\",\"isPartOf\":{\"@id\":\"https:\/\/jornalfatosenoticias.com.br\/index.php\/2022\/11\/28\/cancer-de-prostata-tem-novo-tratamento-com-radioterapia-reduzida\/\"},\"author\":{\"name\":\"Luzimara Fernandes\",\"@id\":\"https:\/\/jornalfatosenoticias.com.br\/#\/schema\/person\/d63837fa13ac8666eb9e74e0985d6f81\"},\"headline\":\"C\u00e2ncer de pr\u00f3stata tem novo tratamento com radioterapia reduzida\",\"datePublished\":\"2022-11-28T14:58:04+00:00\",\"dateModified\":\"2022-11-28T14:58:07+00:00\",\"mainEntityOfPage\":{\"@id\":\"https:\/\/jornalfatosenoticias.com.br\/index.php\/2022\/11\/28\/cancer-de-prostata-tem-novo-tratamento-com-radioterapia-reduzida\/\"},\"wordCount\":2041,\"commentCount\":0,\"publisher\":{\"@id\":\"https:\/\/jornalfatosenoticias.com.br\/#organization\"},\"image\":{\"@id\":\"https:\/\/jornalfatosenoticias.com.br\/index.php\/2022\/11\/28\/cancer-de-prostata-tem-novo-tratamento-com-radioterapia-reduzida\/#primaryimage\"},\"thumbnailUrl\":\"https:\/\/jornalfatosenoticias.com.br\/wp-content\/uploads\/2022\/11\/energia_nuclear_usada_para_diagnostico_de_cancer.jpg\",\"keywords\":[\"c\u00e2ncer\",\"c\u00e2ncer de pr\u00f3stata\",\"Novembro Azul\",\"pr\u00f3stata\",\"radioterapia\",\"tratamento contra c\u00e2ncer\"],\"articleSection\":[\"Sa\u00fade\"],\"inLanguage\":\"pt-BR\",\"potentialAction\":[{\"@type\":\"CommentAction\",\"name\":\"Comment\",\"target\":[\"https:\/\/jornalfatosenoticias.com.br\/index.php\/2022\/11\/28\/cancer-de-prostata-tem-novo-tratamento-com-radioterapia-reduzida\/#respond\"]}]},{\"@type\":\"WebPage\",\"@id\":\"https:\/\/jornalfatosenoticias.com.br\/index.php\/2022\/11\/28\/cancer-de-prostata-tem-novo-tratamento-com-radioterapia-reduzida\/\",\"url\":\"https:\/\/jornalfatosenoticias.com.br\/index.php\/2022\/11\/28\/cancer-de-prostata-tem-novo-tratamento-com-radioterapia-reduzida\/\",\"name\":\"C\u00e2ncer de pr\u00f3stata tem novo tratamento com radioterapia reduzida - Jornal Fatos e Not\u00edcias\",\"isPartOf\":{\"@id\":\"https:\/\/jornalfatosenoticias.com.br\/#website\"},\"primaryImageOfPage\":{\"@id\":\"https:\/\/jornalfatosenoticias.com.br\/index.php\/2022\/11\/28\/cancer-de-prostata-tem-novo-tratamento-com-radioterapia-reduzida\/#primaryimage\"},\"image\":{\"@id\":\"https:\/\/jornalfatosenoticias.com.br\/index.php\/2022\/11\/28\/cancer-de-prostata-tem-novo-tratamento-com-radioterapia-reduzida\/#primaryimage\"},\"thumbnailUrl\":\"https:\/\/jornalfatosenoticias.com.br\/wp-content\/uploads\/2022\/11\/energia_nuclear_usada_para_diagnostico_de_cancer.jpg\",\"datePublished\":\"2022-11-28T14:58:04+00:00\",\"dateModified\":\"2022-11-28T14:58:07+00:00\",\"breadcrumb\":{\"@id\":\"https:\/\/jornalfatosenoticias.com.br\/index.php\/2022\/11\/28\/cancer-de-prostata-tem-novo-tratamento-com-radioterapia-reduzida\/#breadcrumb\"},\"inLanguage\":\"pt-BR\",\"potentialAction\":[{\"@type\":\"ReadAction\",\"target\":[\"https:\/\/jornalfatosenoticias.com.br\/index.php\/2022\/11\/28\/cancer-de-prostata-tem-novo-tratamento-com-radioterapia-reduzida\/\"]}]},{\"@type\":\"ImageObject\",\"inLanguage\":\"pt-BR\",\"@id\":\"https:\/\/jornalfatosenoticias.com.br\/index.php\/2022\/11\/28\/cancer-de-prostata-tem-novo-tratamento-com-radioterapia-reduzida\/#primaryimage\",\"url\":\"https:\/\/jornalfatosenoticias.com.br\/wp-content\/uploads\/2022\/11\/energia_nuclear_usada_para_diagnostico_de_cancer.jpg\",\"contentUrl\":\"https:\/\/jornalfatosenoticias.com.br\/wp-content\/uploads\/2022\/11\/energia_nuclear_usada_para_diagnostico_de_cancer.jpg\",\"width\":1000,\"height\":598},{\"@type\":\"BreadcrumbList\",\"@id\":\"https:\/\/jornalfatosenoticias.com.br\/index.php\/2022\/11\/28\/cancer-de-prostata-tem-novo-tratamento-com-radioterapia-reduzida\/#breadcrumb\",\"itemListElement\":[{\"@type\":\"ListItem\",\"position\":1,\"name\":\"In\u00edcio\",\"item\":\"https:\/\/jornalfatosenoticias.com.br\/\"},{\"@type\":\"ListItem\",\"position\":2,\"name\":\"C\u00e2ncer de pr\u00f3stata tem novo tratamento com radioterapia reduzida\"}]},{\"@type\":\"WebSite\",\"@id\":\"https:\/\/jornalfatosenoticias.com.br\/#website\",\"url\":\"https:\/\/jornalfatosenoticias.com.br\/\",\"name\":\"Jornal Fatos e Not\u00edcias\",\"description\":\"Not\u00edcias em geral\",\"publisher\":{\"@id\":\"https:\/\/jornalfatosenoticias.com.br\/#organization\"},\"potentialAction\":[{\"@type\":\"SearchAction\",\"target\":{\"@type\":\"EntryPoint\",\"urlTemplate\":\"https:\/\/jornalfatosenoticias.com.br\/?s={search_term_string}\"},\"query-input\":{\"@type\":\"PropertyValueSpecification\",\"valueRequired\":true,\"valueName\":\"search_term_string\"}}],\"inLanguage\":\"pt-BR\"},{\"@type\":\"Organization\",\"@id\":\"https:\/\/jornalfatosenoticias.com.br\/#organization\",\"name\":\"Jornal Fatos e Not\u00edcias\",\"url\":\"https:\/\/jornalfatosenoticias.com.br\/\",\"logo\":{\"@type\":\"ImageObject\",\"inLanguage\":\"pt-BR\",\"@id\":\"https:\/\/jornalfatosenoticias.com.br\/#\/schema\/logo\/image\/\",\"url\":\"https:\/\/jornalfatosenoticias.com.br\/wp-content\/uploads\/2020\/02\/logo120.png\",\"contentUrl\":\"https:\/\/jornalfatosenoticias.com.br\/wp-content\/uploads\/2020\/02\/logo120.png\",\"width\":1227,\"height\":120,\"caption\":\"Jornal Fatos e Not\u00edcias\"},\"image\":{\"@id\":\"https:\/\/jornalfatosenoticias.com.br\/#\/schema\/logo\/image\/\"}},{\"@type\":\"Person\",\"@id\":\"https:\/\/jornalfatosenoticias.com.br\/#\/schema\/person\/d63837fa13ac8666eb9e74e0985d6f81\",\"name\":\"Luzimara Fernandes\",\"image\":{\"@type\":\"ImageObject\",\"inLanguage\":\"pt-BR\",\"@id\":\"https:\/\/jornalfatosenoticias.com.br\/#\/schema\/person\/image\/\",\"url\":\"https:\/\/jornalfatosenoticias.com.br\/wp-content\/uploads\/2025\/05\/EU_portal.jpg\",\"contentUrl\":\"https:\/\/jornalfatosenoticias.com.br\/wp-content\/uploads\/2025\/05\/EU_portal.jpg\",\"caption\":\"Luzimara Fernandes\"},\"description\":\"Jornalista MTB 2358-ES\",\"sameAs\":[\"https:\/\/jornalfatosenoticias.com.br\"],\"url\":\"https:\/\/jornalfatosenoticias.com.br\/index.php\/author\/luzimara\/\"}]}<\/script>\n<!-- \/ Yoast SEO plugin. -->","yoast_head_json":{"title":"C\u00e2ncer de pr\u00f3stata tem novo tratamento com radioterapia reduzida - Jornal Fatos e Not\u00edcias","robots":{"index":"index","follow":"follow","max-snippet":"max-snippet:-1","max-image-preview":"max-image-preview:large","max-video-preview":"max-video-preview:-1"},"canonical":"https:\/\/jornalfatosenoticias.com.br\/index.php\/2022\/11\/28\/cancer-de-prostata-tem-novo-tratamento-com-radioterapia-reduzida\/","og_locale":"pt_BR","og_type":"article","og_title":"C\u00e2ncer de pr\u00f3stata tem novo tratamento com radioterapia reduzida - Jornal Fatos e Not\u00edcias","og_description":"Novembro Azul alerta sobre a import\u00e2ncia do diagn\u00f3stico precoce A fase aguda da pandemia da covid-19 afetou os pacientes com c\u00e2ncer de pr\u00f3stata, que n\u00e3o podiam parar o tratamento, mas precisavam continuar se cuidando para evitar a contamina\u00e7\u00e3o pelo coronav\u00edrus. Uma das medidas implantadas com o objetivo diminuir o risco de transmiss\u00e3o da covid-19, foi [&hellip;]","og_url":"https:\/\/jornalfatosenoticias.com.br\/index.php\/2022\/11\/28\/cancer-de-prostata-tem-novo-tratamento-com-radioterapia-reduzida\/","og_site_name":"Jornal Fatos e Not\u00edcias","article_published_time":"2022-11-28T14:58:04+00:00","article_modified_time":"2022-11-28T14:58:07+00:00","og_image":[{"width":1000,"height":598,"url":"https:\/\/jornalfatosenoticias.com.br\/wp-content\/uploads\/2022\/11\/energia_nuclear_usada_para_diagnostico_de_cancer.jpg","type":"image\/jpeg"}],"author":"Luzimara Fernandes","twitter_card":"summary_large_image","twitter_misc":{"Escrito por":"Luzimara Fernandes","Est. tempo de leitura":"10 minutos"},"schema":{"@context":"https:\/\/schema.org","@graph":[{"@type":"Article","@id":"https:\/\/jornalfatosenoticias.com.br\/index.php\/2022\/11\/28\/cancer-de-prostata-tem-novo-tratamento-com-radioterapia-reduzida\/#article","isPartOf":{"@id":"https:\/\/jornalfatosenoticias.com.br\/index.php\/2022\/11\/28\/cancer-de-prostata-tem-novo-tratamento-com-radioterapia-reduzida\/"},"author":{"name":"Luzimara Fernandes","@id":"https:\/\/jornalfatosenoticias.com.br\/#\/schema\/person\/d63837fa13ac8666eb9e74e0985d6f81"},"headline":"C\u00e2ncer de pr\u00f3stata tem novo tratamento com radioterapia reduzida","datePublished":"2022-11-28T14:58:04+00:00","dateModified":"2022-11-28T14:58:07+00:00","mainEntityOfPage":{"@id":"https:\/\/jornalfatosenoticias.com.br\/index.php\/2022\/11\/28\/cancer-de-prostata-tem-novo-tratamento-com-radioterapia-reduzida\/"},"wordCount":2041,"commentCount":0,"publisher":{"@id":"https:\/\/jornalfatosenoticias.com.br\/#organization"},"image":{"@id":"https:\/\/jornalfatosenoticias.com.br\/index.php\/2022\/11\/28\/cancer-de-prostata-tem-novo-tratamento-com-radioterapia-reduzida\/#primaryimage"},"thumbnailUrl":"https:\/\/jornalfatosenoticias.com.br\/wp-content\/uploads\/2022\/11\/energia_nuclear_usada_para_diagnostico_de_cancer.jpg","keywords":["c\u00e2ncer","c\u00e2ncer de pr\u00f3stata","Novembro Azul","pr\u00f3stata","radioterapia","tratamento contra c\u00e2ncer"],"articleSection":["Sa\u00fade"],"inLanguage":"pt-BR","potentialAction":[{"@type":"CommentAction","name":"Comment","target":["https:\/\/jornalfatosenoticias.com.br\/index.php\/2022\/11\/28\/cancer-de-prostata-tem-novo-tratamento-com-radioterapia-reduzida\/#respond"]}]},{"@type":"WebPage","@id":"https:\/\/jornalfatosenoticias.com.br\/index.php\/2022\/11\/28\/cancer-de-prostata-tem-novo-tratamento-com-radioterapia-reduzida\/","url":"https:\/\/jornalfatosenoticias.com.br\/index.php\/2022\/11\/28\/cancer-de-prostata-tem-novo-tratamento-com-radioterapia-reduzida\/","name":"C\u00e2ncer de pr\u00f3stata tem novo tratamento com radioterapia reduzida - Jornal Fatos e Not\u00edcias","isPartOf":{"@id":"https:\/\/jornalfatosenoticias.com.br\/#website"},"primaryImageOfPage":{"@id":"https:\/\/jornalfatosenoticias.com.br\/index.php\/2022\/11\/28\/cancer-de-prostata-tem-novo-tratamento-com-radioterapia-reduzida\/#primaryimage"},"image":{"@id":"https:\/\/jornalfatosenoticias.com.br\/index.php\/2022\/11\/28\/cancer-de-prostata-tem-novo-tratamento-com-radioterapia-reduzida\/#primaryimage"},"thumbnailUrl":"https:\/\/jornalfatosenoticias.com.br\/wp-content\/uploads\/2022\/11\/energia_nuclear_usada_para_diagnostico_de_cancer.jpg","datePublished":"2022-11-28T14:58:04+00:00","dateModified":"2022-11-28T14:58:07+00:00","breadcrumb":{"@id":"https:\/\/jornalfatosenoticias.com.br\/index.php\/2022\/11\/28\/cancer-de-prostata-tem-novo-tratamento-com-radioterapia-reduzida\/#breadcrumb"},"inLanguage":"pt-BR","potentialAction":[{"@type":"ReadAction","target":["https:\/\/jornalfatosenoticias.com.br\/index.php\/2022\/11\/28\/cancer-de-prostata-tem-novo-tratamento-com-radioterapia-reduzida\/"]}]},{"@type":"ImageObject","inLanguage":"pt-BR","@id":"https:\/\/jornalfatosenoticias.com.br\/index.php\/2022\/11\/28\/cancer-de-prostata-tem-novo-tratamento-com-radioterapia-reduzida\/#primaryimage","url":"https:\/\/jornalfatosenoticias.com.br\/wp-content\/uploads\/2022\/11\/energia_nuclear_usada_para_diagnostico_de_cancer.jpg","contentUrl":"https:\/\/jornalfatosenoticias.com.br\/wp-content\/uploads\/2022\/11\/energia_nuclear_usada_para_diagnostico_de_cancer.jpg","width":1000,"height":598},{"@type":"BreadcrumbList","@id":"https:\/\/jornalfatosenoticias.com.br\/index.php\/2022\/11\/28\/cancer-de-prostata-tem-novo-tratamento-com-radioterapia-reduzida\/#breadcrumb","itemListElement":[{"@type":"ListItem","position":1,"name":"In\u00edcio","item":"https:\/\/jornalfatosenoticias.com.br\/"},{"@type":"ListItem","position":2,"name":"C\u00e2ncer de pr\u00f3stata tem novo tratamento com radioterapia reduzida"}]},{"@type":"WebSite","@id":"https:\/\/jornalfatosenoticias.com.br\/#website","url":"https:\/\/jornalfatosenoticias.com.br\/","name":"Jornal Fatos e Not\u00edcias","description":"Not\u00edcias em geral","publisher":{"@id":"https:\/\/jornalfatosenoticias.com.br\/#organization"},"potentialAction":[{"@type":"SearchAction","target":{"@type":"EntryPoint","urlTemplate":"https:\/\/jornalfatosenoticias.com.br\/?s={search_term_string}"},"query-input":{"@type":"PropertyValueSpecification","valueRequired":true,"valueName":"search_term_string"}}],"inLanguage":"pt-BR"},{"@type":"Organization","@id":"https:\/\/jornalfatosenoticias.com.br\/#organization","name":"Jornal Fatos e Not\u00edcias","url":"https:\/\/jornalfatosenoticias.com.br\/","logo":{"@type":"ImageObject","inLanguage":"pt-BR","@id":"https:\/\/jornalfatosenoticias.com.br\/#\/schema\/logo\/image\/","url":"https:\/\/jornalfatosenoticias.com.br\/wp-content\/uploads\/2020\/02\/logo120.png","contentUrl":"https:\/\/jornalfatosenoticias.com.br\/wp-content\/uploads\/2020\/02\/logo120.png","width":1227,"height":120,"caption":"Jornal Fatos e Not\u00edcias"},"image":{"@id":"https:\/\/jornalfatosenoticias.com.br\/#\/schema\/logo\/image\/"}},{"@type":"Person","@id":"https:\/\/jornalfatosenoticias.com.br\/#\/schema\/person\/d63837fa13ac8666eb9e74e0985d6f81","name":"Luzimara Fernandes","image":{"@type":"ImageObject","inLanguage":"pt-BR","@id":"https:\/\/jornalfatosenoticias.com.br\/#\/schema\/person\/image\/","url":"https:\/\/jornalfatosenoticias.com.br\/wp-content\/uploads\/2025\/05\/EU_portal.jpg","contentUrl":"https:\/\/jornalfatosenoticias.com.br\/wp-content\/uploads\/2025\/05\/EU_portal.jpg","caption":"Luzimara Fernandes"},"description":"Jornalista MTB 2358-ES","sameAs":["https:\/\/jornalfatosenoticias.com.br"],"url":"https:\/\/jornalfatosenoticias.com.br\/index.php\/author\/luzimara\/"}]}},"cc_featured_image_caption":{"caption_text":"(Foto: Reprodu\u00e7\u00e3o\/TV Brasil)","source_text":"","source_url":""},"jetpack_featured_media_url":"https:\/\/jornalfatosenoticias.com.br\/wp-content\/uploads\/2022\/11\/energia_nuclear_usada_para_diagnostico_de_cancer.jpg","_links":{"self":[{"href":"https:\/\/jornalfatosenoticias.com.br\/index.php\/wp-json\/wp\/v2\/posts\/36420","targetHints":{"allow":["GET"]}}],"collection":[{"href":"https:\/\/jornalfatosenoticias.com.br\/index.php\/wp-json\/wp\/v2\/posts"}],"about":[{"href":"https:\/\/jornalfatosenoticias.com.br\/index.php\/wp-json\/wp\/v2\/types\/post"}],"author":[{"embeddable":true,"href":"https:\/\/jornalfatosenoticias.com.br\/index.php\/wp-json\/wp\/v2\/users\/2"}],"replies":[{"embeddable":true,"href":"https:\/\/jornalfatosenoticias.com.br\/index.php\/wp-json\/wp\/v2\/comments?post=36420"}],"version-history":[{"count":0,"href":"https:\/\/jornalfatosenoticias.com.br\/index.php\/wp-json\/wp\/v2\/posts\/36420\/revisions"}],"wp:featuredmedia":[{"embeddable":true,"href":"https:\/\/jornalfatosenoticias.com.br\/index.php\/wp-json\/wp\/v2\/media\/36421"}],"wp:attachment":[{"href":"https:\/\/jornalfatosenoticias.com.br\/index.php\/wp-json\/wp\/v2\/media?parent=36420"}],"wp:term":[{"taxonomy":"category","embeddable":true,"href":"https:\/\/jornalfatosenoticias.com.br\/index.php\/wp-json\/wp\/v2\/categories?post=36420"},{"taxonomy":"post_tag","embeddable":true,"href":"https:\/\/jornalfatosenoticias.com.br\/index.php\/wp-json\/wp\/v2\/tags?post=36420"}],"curies":[{"name":"wp","href":"https:\/\/api.w.org\/{rel}","templated":true}]}}