{"id":36423,"date":"2022-11-28T12:28:03","date_gmt":"2022-11-28T15:28:03","guid":{"rendered":"https:\/\/jornalfatosenoticias.com.br\/?p=36423"},"modified":"2022-11-28T12:28:04","modified_gmt":"2022-11-28T15:28:04","slug":"vitoria","status":"publish","type":"post","link":"https:\/\/jornalfatosenoticias.com.br\/index.php\/2022\/11\/28\/vitoria\/","title":{"rendered":"Vit\u00f3ria"},"content":{"rendered":"\n<div class=\"wp-block-image\"><figure class=\"aligncenter size-large\"><img loading=\"lazy\" decoding=\"async\" width=\"1024\" height=\"100\" src=\"https:\/\/jornalfatosenoticias.com.br\/wp-content\/uploads\/2022\/05\/NOVA-LOGO-CESCONETTO-1024x100.jpg\" alt=\"\" class=\"wp-image-30792\" srcset=\"https:\/\/jornalfatosenoticias.com.br\/wp-content\/uploads\/2022\/05\/NOVA-LOGO-CESCONETTO-1024x100.jpg 1024w, https:\/\/jornalfatosenoticias.com.br\/wp-content\/uploads\/2022\/05\/NOVA-LOGO-CESCONETTO-300x29.jpg 300w, https:\/\/jornalfatosenoticias.com.br\/wp-content\/uploads\/2022\/05\/NOVA-LOGO-CESCONETTO-768x75.jpg 768w, https:\/\/jornalfatosenoticias.com.br\/wp-content\/uploads\/2022\/05\/NOVA-LOGO-CESCONETTO.jpg 1280w\" sizes=\"auto, (max-width: 1024px) 100vw, 1024px\" \/><\/figure><\/div>\n\n\n\n<p>Ap\u00f3s a triste not\u00edcia do acidente de trabalho, em uma das \u00e1reas da qual sou respons\u00e1vel, senti o desequil\u00edbrio do cortisol e da adrenalina em meu corpo, retornei, sentei \u00e0 mesa e comecei a assinar a documenta\u00e7\u00e3o necess\u00e1ria para o andamento da investiga\u00e7\u00e3o. Diante de algo t\u00e3o inusitado e grave, eu simplesmente me perdi em um \u00fanico pensamento sobre o meu passado, um pensamento que jamais quis recordar, contudo, com o olhar perdido para parede, revivi cada sensa\u00e7\u00e3o daquela \u00e9poca.<\/p>\n\n\n\n<div class=\"wp-block-image\"><figure class=\"aligncenter size-large\"><img loading=\"lazy\" decoding=\"async\" width=\"300\" height=\"250\" src=\"https:\/\/jornalfatosenoticias.com.br\/wp-content\/uploads\/2022\/08\/arte-Casarao.jpg\" alt=\"\" class=\"wp-image-33178\"\/><\/figure><\/div>\n\n\n\n<p>Tudo come\u00e7ou com uma paix\u00e3o avassaladora, daquelas que nos fazem acreditar em almas g\u00eameas. Ele era perfeito, divertido e bonito, tudo que eu precisava encontrar, para deixar para tr\u00e1s de uma vez aquela vida bo\u00eamia de solteira, sem compromissos. Nossos encontros eram cercados de humor e um amor que parecia infinito. Nos casamos, tivemos um filho lindo. Foi a realiza\u00e7\u00e3o de um sonho, nos apoi\u00e1vamos em tudo.<\/p>\n\n\n\n<div class=\"wp-block-image\"><figure class=\"aligncenter size-large\"><img loading=\"lazy\" decoding=\"async\" width=\"1024\" height=\"103\" src=\"https:\/\/jornalfatosenoticias.com.br\/wp-content\/uploads\/2022\/02\/Arte-Autoescola-Galatas_endereco_portal-1024x103.png\" alt=\"\" class=\"wp-image-27869\" srcset=\"https:\/\/jornalfatosenoticias.com.br\/wp-content\/uploads\/2022\/02\/Arte-Autoescola-Galatas_endereco_portal-1024x103.png 1024w, https:\/\/jornalfatosenoticias.com.br\/wp-content\/uploads\/2022\/02\/Arte-Autoescola-Galatas_endereco_portal-300x30.png 300w, https:\/\/jornalfatosenoticias.com.br\/wp-content\/uploads\/2022\/02\/Arte-Autoescola-Galatas_endereco_portal-768x77.png 768w, https:\/\/jornalfatosenoticias.com.br\/wp-content\/uploads\/2022\/02\/Arte-Autoescola-Galatas_endereco_portal.png 1223w\" sizes=\"auto, (max-width: 1024px) 100vw, 1024px\" \/><\/figure><\/div>\n\n\n\n<p>Diante da trai\u00e7\u00e3o mais cruel que sofri, eu recordei o dia que estava sentada como hoje, diante de uma parede branca, ao olhar para o nada, ainda elaborando uma estrat\u00e9gia para sair daquela situa\u00e7\u00e3o terr\u00edvel. Perdas na empresa e perdas na vida, apenas um imenso pesar.<\/p>\n\n\n\n<div class=\"wp-block-image\"><figure class=\"alignleft size-large is-resized\"><img loading=\"lazy\" decoding=\"async\" src=\"https:\/\/jornalfatosenoticias.com.br\/wp-content\/uploads\/2020\/02\/logo-clinica-limoeiro.jpg\" alt=\"\" class=\"wp-image-34610\" width=\"337\" height=\"239\"\/><\/figure><\/div>\n\n\n\n<p>Fiquei dilacerada, por ter que olhar nos olhos do meu filho e explicar o inaceit\u00e1vel. Eu estava ferida, com o cora\u00e7\u00e3o partido ao v\u00ea-lo feliz ao lado da amante, uma jovem de dezessete anos, ambos foram viver perto da nossa casa, e ela ficou gr\u00e1vida, como eu estava, quando recebi a not\u00edcia do div\u00f3rcio. Como explicar para uma crian\u00e7a que o seu pai foi embora e n\u00e3o voltaria mais? Como explicar que eu era culpada por amar e acreditar demais, talvez de forma exagerada? Como dizer a uma crian\u00e7a que perdi o seu irm\u00e3o ou irm\u00e3 por causa da dor e da falta de responsabilidade do seu pai? Enfim, como contar para uma crian\u00e7a que o seu pai, o seu her\u00f3i, aquele homem que sempre foi o exemplo, deixou de amar a fam\u00edlia?<\/p>\n\n\n\n<div class=\"wp-block-image\"><figure class=\"aligncenter size-large\"><img loading=\"lazy\" decoding=\"async\" width=\"1024\" height=\"100\" src=\"https:\/\/jornalfatosenoticias.com.br\/wp-content\/uploads\/2020\/02\/banner_ferramentas-1024x100.jpg\" alt=\"\" class=\"wp-image-1258\" srcset=\"https:\/\/jornalfatosenoticias.com.br\/wp-content\/uploads\/2020\/02\/banner_ferramentas-1024x100.jpg 1024w, https:\/\/jornalfatosenoticias.com.br\/wp-content\/uploads\/2020\/02\/banner_ferramentas-300x29.jpg 300w, https:\/\/jornalfatosenoticias.com.br\/wp-content\/uploads\/2020\/02\/banner_ferramentas-768x75.jpg 768w, https:\/\/jornalfatosenoticias.com.br\/wp-content\/uploads\/2020\/02\/banner_ferramentas.jpg 1227w\" sizes=\"auto, (max-width: 1024px) 100vw, 1024px\" \/><\/figure><\/div>\n\n\n\n<p>Confesso que tive v\u00e1rias reca\u00eddas, noites sem dormir, l\u00e1grimas infinitas, sem comentar a inseguran\u00e7a, que me fazia duvidar do meu potencial. A casa em que mor\u00e1vamos n\u00e3o era nossa, passamos por dificuldades financeiras. Ap\u00f3s tocar o fundo do po\u00e7o, eu decidi parar de me ver como uma v\u00edtima. Escolhi lutar com unhas e dentes pelo que eu poderia ser e ter de melhor nessa vida. Consegui um emprego, voltei a estudar, fiz faculdade. N\u00e3o posso dizer que eu estava feliz ou que foi f\u00e1cil, pelo contr\u00e1rio, sobrevivi com peda\u00e7os de dignidade, passei por uma reconstru\u00e7\u00e3o gradativa. Precisei me descontruir, para ent\u00e3o me criar de novo, com novas perspectivas e valores.<\/p>\n\n\n\n<div class=\"wp-block-image\"><figure class=\"alignright size-large is-resized\"><img loading=\"lazy\" decoding=\"async\" src=\"https:\/\/jornalfatosenoticias.com.br\/wp-content\/uploads\/2020\/02\/nova-logo-Marquetti.jpg\" alt=\"\" class=\"wp-image-22331\" width=\"283\" height=\"190\" srcset=\"https:\/\/jornalfatosenoticias.com.br\/wp-content\/uploads\/2020\/02\/nova-logo-Marquetti.jpg 643w, https:\/\/jornalfatosenoticias.com.br\/wp-content\/uploads\/2020\/02\/nova-logo-Marquetti-300x202.jpg 300w\" sizes=\"auto, (max-width: 283px) 100vw, 283px\" \/><\/figure><\/div>\n\n\n\n<p>Trabalhei dia e noite, por v\u00e1rias vezes, n\u00e3o consegui colocar o meu filho para dormir. Persisti, e, os resultados vieram, a gratid\u00e3o que senti foi imensur\u00e1vel. Comprei um apartamento, consegui um cargo em uma multinacional. Recuperei a paz e o meu valor, conquistei uma f\u00e9 inabal\u00e1vel. Eu me tornei segura, obstinada e confiante. Conquistei o que parecia imposs\u00edvel quando estava presa na depress\u00e3o. Descobri que nada para Deus \u00e9 imposs\u00edvel.<\/p>\n\n\n\n<div class=\"wp-block-image\"><figure class=\"aligncenter size-large\"><img decoding=\"async\" src=\"https:\/\/jornalfatosenoticias.com.br\/wp-content\/uploads\/2020\/02\/Serra-Grande-1024x160.png\" alt=\"\" class=\"wp-image-7836\"\/><\/figure><\/div>\n\n\n\n<p>Hoje, eu me coloquei em prova com tudo que j\u00e1 vivi, as sensa\u00e7\u00f5es de impot\u00eancia, os medos e a inseguran\u00e7a. Sinto que coisas boas vir\u00e3o, que tudo vai ficar bem. Aprendi a me amar de uma maneira \u00fanica, suave e respeitosa. Aprendi que o tempo cura feridas e nos traz a oportunidade de sermos, o que precisamos ser, depende apenas do nosso posicionamento diante dos obst\u00e1culos. Sofrer \u00e9 humano, mas vencer tamb\u00e9m \u00e9, e eu escolhi a vit\u00f3ria.<\/p>\n\n\n\n<figure class=\"wp-block-image size-large\"><img loading=\"lazy\" decoding=\"async\" width=\"695\" height=\"1000\" src=\"https:\/\/jornalfatosenoticias.com.br\/wp-content\/uploads\/2022\/11\/Silvia-Vandeers-Lances-Amor-APROVADA.jpg\" alt=\"\" class=\"wp-image-36424\" srcset=\"https:\/\/jornalfatosenoticias.com.br\/wp-content\/uploads\/2022\/11\/Silvia-Vandeers-Lances-Amor-APROVADA.jpg 695w, https:\/\/jornalfatosenoticias.com.br\/wp-content\/uploads\/2022\/11\/Silvia-Vandeers-Lances-Amor-APROVADA-209x300.jpg 209w\" sizes=\"auto, (max-width: 695px) 100vw, 695px\" \/><figcaption><span class=\"has-inline-color has-black-color\"><strong>Conto:<\/strong> 584 palavras<br><strong>Autora: <\/strong>Silvia Vanderss<br><strong>Livro:<\/strong> \u201cLances &amp; Amor\u201d (2022)<br><strong>T\u00edtulo: <\/strong>Vit\u00f3ria<\/span> <br><em><span class=\"has-inline-color has-black-color\"><strong>Arte:<\/strong> Thais Alves<\/span><\/em><\/figcaption><\/figure>\n\n\n\n<p><\/p>\n","protected":false},"excerpt":{"rendered":"<p>Ap\u00f3s a triste not\u00edcia do acidente de trabalho, em uma das \u00e1reas da qual sou respons\u00e1vel, senti o desequil\u00edbrio do cortisol e da adrenalina em meu corpo, retornei, sentei \u00e0 mesa e comecei a assinar a documenta\u00e7\u00e3o necess\u00e1ria para o andamento da investiga\u00e7\u00e3o. Diante de algo t\u00e3o inusitado e grave, eu simplesmente me perdi em [&hellip;]<\/p>\n","protected":false},"author":19,"featured_media":36425,"comment_status":"open","ping_status":"open","sticky":false,"template":"","format":"standard","meta":{"footnotes":""},"categories":[4],"tags":[17097,1602,17098,7552,3045,7029],"class_list":["post-36423","post","type-post","status-publish","format-standard","has-post-thumbnail","hentry","category-cultura","tag-poemas-de-amor","tag-poesia","tag-recomeco","tag-renuncia","tag-romance","tag-traicao"],"yoast_head":"<!-- This site is optimized with the Yoast SEO plugin v26.5 - https:\/\/yoast.com\/wordpress\/plugins\/seo\/ -->\n<title>Vit\u00f3ria - Jornal Fatos e Not\u00edcias<\/title>\n<meta name=\"robots\" content=\"index, follow, max-snippet:-1, max-image-preview:large, max-video-preview:-1\" \/>\n<link rel=\"canonical\" href=\"https:\/\/jornalfatosenoticias.com.br\/index.php\/2022\/11\/28\/vitoria\/\" \/>\n<meta property=\"og:locale\" content=\"pt_BR\" \/>\n<meta property=\"og:type\" content=\"article\" \/>\n<meta property=\"og:title\" content=\"Vit\u00f3ria - Jornal Fatos e Not\u00edcias\" \/>\n<meta property=\"og:description\" content=\"Ap\u00f3s a triste not\u00edcia do acidente de trabalho, em uma das \u00e1reas da qual sou respons\u00e1vel, senti o desequil\u00edbrio do cortisol e da adrenalina em meu corpo, retornei, sentei \u00e0 mesa e comecei a assinar a documenta\u00e7\u00e3o necess\u00e1ria para o andamento da investiga\u00e7\u00e3o. Diante de algo t\u00e3o inusitado e grave, eu simplesmente me perdi em [&hellip;]\" \/>\n<meta property=\"og:url\" content=\"https:\/\/jornalfatosenoticias.com.br\/index.php\/2022\/11\/28\/vitoria\/\" \/>\n<meta property=\"og:site_name\" content=\"Jornal Fatos e Not\u00edcias\" \/>\n<meta property=\"article:published_time\" content=\"2022-11-28T15:28:03+00:00\" \/>\n<meta property=\"article:modified_time\" content=\"2022-11-28T15:28:04+00:00\" \/>\n<meta property=\"og:image\" content=\"https:\/\/jornalfatosenoticias.com.br\/wp-content\/uploads\/2022\/11\/Silvia-Vandeers-Lances-Amor-capa.jpg\" \/>\n\t<meta property=\"og:image:width\" content=\"1000\" \/>\n\t<meta property=\"og:image:height\" content=\"733\" \/>\n\t<meta property=\"og:image:type\" content=\"image\/jpeg\" \/>\n<meta name=\"author\" content=\"Silvia Vanderss\" \/>\n<meta name=\"twitter:card\" content=\"summary_large_image\" \/>\n<meta name=\"twitter:label1\" content=\"Escrito por\" \/>\n\t<meta name=\"twitter:data1\" content=\"Silvia Vanderss\" \/>\n\t<meta name=\"twitter:label2\" content=\"Est. tempo de leitura\" \/>\n\t<meta name=\"twitter:data2\" content=\"3 minutos\" \/>\n<script type=\"application\/ld+json\" class=\"yoast-schema-graph\">{\"@context\":\"https:\/\/schema.org\",\"@graph\":[{\"@type\":\"Article\",\"@id\":\"https:\/\/jornalfatosenoticias.com.br\/index.php\/2022\/11\/28\/vitoria\/#article\",\"isPartOf\":{\"@id\":\"https:\/\/jornalfatosenoticias.com.br\/index.php\/2022\/11\/28\/vitoria\/\"},\"author\":{\"name\":\"Silvia Vanderss\",\"@id\":\"https:\/\/jornalfatosenoticias.com.br\/#\/schema\/person\/1848e8dc50d3650cb68e053b98dfbdf0\"},\"headline\":\"Vit\u00f3ria\",\"datePublished\":\"2022-11-28T15:28:03+00:00\",\"dateModified\":\"2022-11-28T15:28:04+00:00\",\"mainEntityOfPage\":{\"@id\":\"https:\/\/jornalfatosenoticias.com.br\/index.php\/2022\/11\/28\/vitoria\/\"},\"wordCount\":661,\"commentCount\":0,\"publisher\":{\"@id\":\"https:\/\/jornalfatosenoticias.com.br\/#organization\"},\"image\":{\"@id\":\"https:\/\/jornalfatosenoticias.com.br\/index.php\/2022\/11\/28\/vitoria\/#primaryimage\"},\"thumbnailUrl\":\"https:\/\/jornalfatosenoticias.com.br\/wp-content\/uploads\/2022\/11\/Silvia-Vandeers-Lances-Amor-capa.jpg\",\"keywords\":[\"poemas de amor\",\"poesia\",\"recome\u00e7o\",\"ren\u00fancia\",\"romance\",\"trai\u00e7\u00e3o\"],\"articleSection\":[\"Cultura\"],\"inLanguage\":\"pt-BR\",\"potentialAction\":[{\"@type\":\"CommentAction\",\"name\":\"Comment\",\"target\":[\"https:\/\/jornalfatosenoticias.com.br\/index.php\/2022\/11\/28\/vitoria\/#respond\"]}]},{\"@type\":\"WebPage\",\"@id\":\"https:\/\/jornalfatosenoticias.com.br\/index.php\/2022\/11\/28\/vitoria\/\",\"url\":\"https:\/\/jornalfatosenoticias.com.br\/index.php\/2022\/11\/28\/vitoria\/\",\"name\":\"Vit\u00f3ria - Jornal Fatos e Not\u00edcias\",\"isPartOf\":{\"@id\":\"https:\/\/jornalfatosenoticias.com.br\/#website\"},\"primaryImageOfPage\":{\"@id\":\"https:\/\/jornalfatosenoticias.com.br\/index.php\/2022\/11\/28\/vitoria\/#primaryimage\"},\"image\":{\"@id\":\"https:\/\/jornalfatosenoticias.com.br\/index.php\/2022\/11\/28\/vitoria\/#primaryimage\"},\"thumbnailUrl\":\"https:\/\/jornalfatosenoticias.com.br\/wp-content\/uploads\/2022\/11\/Silvia-Vandeers-Lances-Amor-capa.jpg\",\"datePublished\":\"2022-11-28T15:28:03+00:00\",\"dateModified\":\"2022-11-28T15:28:04+00:00\",\"breadcrumb\":{\"@id\":\"https:\/\/jornalfatosenoticias.com.br\/index.php\/2022\/11\/28\/vitoria\/#breadcrumb\"},\"inLanguage\":\"pt-BR\",\"potentialAction\":[{\"@type\":\"ReadAction\",\"target\":[\"https:\/\/jornalfatosenoticias.com.br\/index.php\/2022\/11\/28\/vitoria\/\"]}]},{\"@type\":\"ImageObject\",\"inLanguage\":\"pt-BR\",\"@id\":\"https:\/\/jornalfatosenoticias.com.br\/index.php\/2022\/11\/28\/vitoria\/#primaryimage\",\"url\":\"https:\/\/jornalfatosenoticias.com.br\/wp-content\/uploads\/2022\/11\/Silvia-Vandeers-Lances-Amor-capa.jpg\",\"contentUrl\":\"https:\/\/jornalfatosenoticias.com.br\/wp-content\/uploads\/2022\/11\/Silvia-Vandeers-Lances-Amor-capa.jpg\",\"width\":1000,\"height\":733},{\"@type\":\"BreadcrumbList\",\"@id\":\"https:\/\/jornalfatosenoticias.com.br\/index.php\/2022\/11\/28\/vitoria\/#breadcrumb\",\"itemListElement\":[{\"@type\":\"ListItem\",\"position\":1,\"name\":\"In\u00edcio\",\"item\":\"https:\/\/jornalfatosenoticias.com.br\/\"},{\"@type\":\"ListItem\",\"position\":2,\"name\":\"Vit\u00f3ria\"}]},{\"@type\":\"WebSite\",\"@id\":\"https:\/\/jornalfatosenoticias.com.br\/#website\",\"url\":\"https:\/\/jornalfatosenoticias.com.br\/\",\"name\":\"Jornal Fatos e Not\u00edcias\",\"description\":\"Not\u00edcias em geral\",\"publisher\":{\"@id\":\"https:\/\/jornalfatosenoticias.com.br\/#organization\"},\"potentialAction\":[{\"@type\":\"SearchAction\",\"target\":{\"@type\":\"EntryPoint\",\"urlTemplate\":\"https:\/\/jornalfatosenoticias.com.br\/?s={search_term_string}\"},\"query-input\":{\"@type\":\"PropertyValueSpecification\",\"valueRequired\":true,\"valueName\":\"search_term_string\"}}],\"inLanguage\":\"pt-BR\"},{\"@type\":\"Organization\",\"@id\":\"https:\/\/jornalfatosenoticias.com.br\/#organization\",\"name\":\"Jornal Fatos e Not\u00edcias\",\"url\":\"https:\/\/jornalfatosenoticias.com.br\/\",\"logo\":{\"@type\":\"ImageObject\",\"inLanguage\":\"pt-BR\",\"@id\":\"https:\/\/jornalfatosenoticias.com.br\/#\/schema\/logo\/image\/\",\"url\":\"https:\/\/jornalfatosenoticias.com.br\/wp-content\/uploads\/2020\/02\/logo120.png\",\"contentUrl\":\"https:\/\/jornalfatosenoticias.com.br\/wp-content\/uploads\/2020\/02\/logo120.png\",\"width\":1227,\"height\":120,\"caption\":\"Jornal Fatos e Not\u00edcias\"},\"image\":{\"@id\":\"https:\/\/jornalfatosenoticias.com.br\/#\/schema\/logo\/image\/\"}},{\"@type\":\"Person\",\"@id\":\"https:\/\/jornalfatosenoticias.com.br\/#\/schema\/person\/1848e8dc50d3650cb68e053b98dfbdf0\",\"name\":\"Silvia Vanderss\",\"image\":{\"@type\":\"ImageObject\",\"inLanguage\":\"pt-BR\",\"@id\":\"https:\/\/jornalfatosenoticias.com.br\/#\/schema\/person\/image\/\",\"url\":\"https:\/\/jornalfatosenoticias.com.br\/wp-content\/uploads\/2023\/05\/silvia-150x150.jpg\",\"contentUrl\":\"https:\/\/jornalfatosenoticias.com.br\/wp-content\/uploads\/2023\/05\/silvia-150x150.jpg\",\"caption\":\"Silvia Vanderss\"},\"description\":\"Autora capixaba, com forma\u00e7\u00e3o em Administra\u00e7\u00e3o e Letras Seis obras publicadas que abrangem os g\u00eaneros, romance, suspense e poesia Blog liter\u00e1rio: www.silviavanderss.com.br\",\"url\":\"https:\/\/jornalfatosenoticias.com.br\/index.php\/author\/silvia\/\"}]}<\/script>\n<!-- \/ Yoast SEO plugin. -->","yoast_head_json":{"title":"Vit\u00f3ria - Jornal Fatos e Not\u00edcias","robots":{"index":"index","follow":"follow","max-snippet":"max-snippet:-1","max-image-preview":"max-image-preview:large","max-video-preview":"max-video-preview:-1"},"canonical":"https:\/\/jornalfatosenoticias.com.br\/index.php\/2022\/11\/28\/vitoria\/","og_locale":"pt_BR","og_type":"article","og_title":"Vit\u00f3ria - Jornal Fatos e Not\u00edcias","og_description":"Ap\u00f3s a triste not\u00edcia do acidente de trabalho, em uma das \u00e1reas da qual sou respons\u00e1vel, senti o desequil\u00edbrio do cortisol e da adrenalina em meu corpo, retornei, sentei \u00e0 mesa e comecei a assinar a documenta\u00e7\u00e3o necess\u00e1ria para o andamento da investiga\u00e7\u00e3o. Diante de algo t\u00e3o inusitado e grave, eu simplesmente me perdi em [&hellip;]","og_url":"https:\/\/jornalfatosenoticias.com.br\/index.php\/2022\/11\/28\/vitoria\/","og_site_name":"Jornal Fatos e Not\u00edcias","article_published_time":"2022-11-28T15:28:03+00:00","article_modified_time":"2022-11-28T15:28:04+00:00","og_image":[{"width":1000,"height":733,"url":"https:\/\/jornalfatosenoticias.com.br\/wp-content\/uploads\/2022\/11\/Silvia-Vandeers-Lances-Amor-capa.jpg","type":"image\/jpeg"}],"author":"Silvia Vanderss","twitter_card":"summary_large_image","twitter_misc":{"Escrito por":"Silvia Vanderss","Est. tempo de leitura":"3 minutos"},"schema":{"@context":"https:\/\/schema.org","@graph":[{"@type":"Article","@id":"https:\/\/jornalfatosenoticias.com.br\/index.php\/2022\/11\/28\/vitoria\/#article","isPartOf":{"@id":"https:\/\/jornalfatosenoticias.com.br\/index.php\/2022\/11\/28\/vitoria\/"},"author":{"name":"Silvia Vanderss","@id":"https:\/\/jornalfatosenoticias.com.br\/#\/schema\/person\/1848e8dc50d3650cb68e053b98dfbdf0"},"headline":"Vit\u00f3ria","datePublished":"2022-11-28T15:28:03+00:00","dateModified":"2022-11-28T15:28:04+00:00","mainEntityOfPage":{"@id":"https:\/\/jornalfatosenoticias.com.br\/index.php\/2022\/11\/28\/vitoria\/"},"wordCount":661,"commentCount":0,"publisher":{"@id":"https:\/\/jornalfatosenoticias.com.br\/#organization"},"image":{"@id":"https:\/\/jornalfatosenoticias.com.br\/index.php\/2022\/11\/28\/vitoria\/#primaryimage"},"thumbnailUrl":"https:\/\/jornalfatosenoticias.com.br\/wp-content\/uploads\/2022\/11\/Silvia-Vandeers-Lances-Amor-capa.jpg","keywords":["poemas de amor","poesia","recome\u00e7o","ren\u00fancia","romance","trai\u00e7\u00e3o"],"articleSection":["Cultura"],"inLanguage":"pt-BR","potentialAction":[{"@type":"CommentAction","name":"Comment","target":["https:\/\/jornalfatosenoticias.com.br\/index.php\/2022\/11\/28\/vitoria\/#respond"]}]},{"@type":"WebPage","@id":"https:\/\/jornalfatosenoticias.com.br\/index.php\/2022\/11\/28\/vitoria\/","url":"https:\/\/jornalfatosenoticias.com.br\/index.php\/2022\/11\/28\/vitoria\/","name":"Vit\u00f3ria - Jornal Fatos e Not\u00edcias","isPartOf":{"@id":"https:\/\/jornalfatosenoticias.com.br\/#website"},"primaryImageOfPage":{"@id":"https:\/\/jornalfatosenoticias.com.br\/index.php\/2022\/11\/28\/vitoria\/#primaryimage"},"image":{"@id":"https:\/\/jornalfatosenoticias.com.br\/index.php\/2022\/11\/28\/vitoria\/#primaryimage"},"thumbnailUrl":"https:\/\/jornalfatosenoticias.com.br\/wp-content\/uploads\/2022\/11\/Silvia-Vandeers-Lances-Amor-capa.jpg","datePublished":"2022-11-28T15:28:03+00:00","dateModified":"2022-11-28T15:28:04+00:00","breadcrumb":{"@id":"https:\/\/jornalfatosenoticias.com.br\/index.php\/2022\/11\/28\/vitoria\/#breadcrumb"},"inLanguage":"pt-BR","potentialAction":[{"@type":"ReadAction","target":["https:\/\/jornalfatosenoticias.com.br\/index.php\/2022\/11\/28\/vitoria\/"]}]},{"@type":"ImageObject","inLanguage":"pt-BR","@id":"https:\/\/jornalfatosenoticias.com.br\/index.php\/2022\/11\/28\/vitoria\/#primaryimage","url":"https:\/\/jornalfatosenoticias.com.br\/wp-content\/uploads\/2022\/11\/Silvia-Vandeers-Lances-Amor-capa.jpg","contentUrl":"https:\/\/jornalfatosenoticias.com.br\/wp-content\/uploads\/2022\/11\/Silvia-Vandeers-Lances-Amor-capa.jpg","width":1000,"height":733},{"@type":"BreadcrumbList","@id":"https:\/\/jornalfatosenoticias.com.br\/index.php\/2022\/11\/28\/vitoria\/#breadcrumb","itemListElement":[{"@type":"ListItem","position":1,"name":"In\u00edcio","item":"https:\/\/jornalfatosenoticias.com.br\/"},{"@type":"ListItem","position":2,"name":"Vit\u00f3ria"}]},{"@type":"WebSite","@id":"https:\/\/jornalfatosenoticias.com.br\/#website","url":"https:\/\/jornalfatosenoticias.com.br\/","name":"Jornal Fatos e Not\u00edcias","description":"Not\u00edcias em geral","publisher":{"@id":"https:\/\/jornalfatosenoticias.com.br\/#organization"},"potentialAction":[{"@type":"SearchAction","target":{"@type":"EntryPoint","urlTemplate":"https:\/\/jornalfatosenoticias.com.br\/?s={search_term_string}"},"query-input":{"@type":"PropertyValueSpecification","valueRequired":true,"valueName":"search_term_string"}}],"inLanguage":"pt-BR"},{"@type":"Organization","@id":"https:\/\/jornalfatosenoticias.com.br\/#organization","name":"Jornal Fatos e Not\u00edcias","url":"https:\/\/jornalfatosenoticias.com.br\/","logo":{"@type":"ImageObject","inLanguage":"pt-BR","@id":"https:\/\/jornalfatosenoticias.com.br\/#\/schema\/logo\/image\/","url":"https:\/\/jornalfatosenoticias.com.br\/wp-content\/uploads\/2020\/02\/logo120.png","contentUrl":"https:\/\/jornalfatosenoticias.com.br\/wp-content\/uploads\/2020\/02\/logo120.png","width":1227,"height":120,"caption":"Jornal Fatos e Not\u00edcias"},"image":{"@id":"https:\/\/jornalfatosenoticias.com.br\/#\/schema\/logo\/image\/"}},{"@type":"Person","@id":"https:\/\/jornalfatosenoticias.com.br\/#\/schema\/person\/1848e8dc50d3650cb68e053b98dfbdf0","name":"Silvia Vanderss","image":{"@type":"ImageObject","inLanguage":"pt-BR","@id":"https:\/\/jornalfatosenoticias.com.br\/#\/schema\/person\/image\/","url":"https:\/\/jornalfatosenoticias.com.br\/wp-content\/uploads\/2023\/05\/silvia-150x150.jpg","contentUrl":"https:\/\/jornalfatosenoticias.com.br\/wp-content\/uploads\/2023\/05\/silvia-150x150.jpg","caption":"Silvia Vanderss"},"description":"Autora capixaba, com forma\u00e7\u00e3o em Administra\u00e7\u00e3o e Letras Seis obras publicadas que abrangem os g\u00eaneros, romance, suspense e poesia Blog liter\u00e1rio: www.silviavanderss.com.br","url":"https:\/\/jornalfatosenoticias.com.br\/index.php\/author\/silvia\/"}]}},"cc_featured_image_caption":{"caption_text":"Arte: Thais Alves","source_text":"","source_url":""},"jetpack_featured_media_url":"https:\/\/jornalfatosenoticias.com.br\/wp-content\/uploads\/2022\/11\/Silvia-Vandeers-Lances-Amor-capa.jpg","_links":{"self":[{"href":"https:\/\/jornalfatosenoticias.com.br\/index.php\/wp-json\/wp\/v2\/posts\/36423","targetHints":{"allow":["GET"]}}],"collection":[{"href":"https:\/\/jornalfatosenoticias.com.br\/index.php\/wp-json\/wp\/v2\/posts"}],"about":[{"href":"https:\/\/jornalfatosenoticias.com.br\/index.php\/wp-json\/wp\/v2\/types\/post"}],"author":[{"embeddable":true,"href":"https:\/\/jornalfatosenoticias.com.br\/index.php\/wp-json\/wp\/v2\/users\/19"}],"replies":[{"embeddable":true,"href":"https:\/\/jornalfatosenoticias.com.br\/index.php\/wp-json\/wp\/v2\/comments?post=36423"}],"version-history":[{"count":0,"href":"https:\/\/jornalfatosenoticias.com.br\/index.php\/wp-json\/wp\/v2\/posts\/36423\/revisions"}],"wp:featuredmedia":[{"embeddable":true,"href":"https:\/\/jornalfatosenoticias.com.br\/index.php\/wp-json\/wp\/v2\/media\/36425"}],"wp:attachment":[{"href":"https:\/\/jornalfatosenoticias.com.br\/index.php\/wp-json\/wp\/v2\/media?parent=36423"}],"wp:term":[{"taxonomy":"category","embeddable":true,"href":"https:\/\/jornalfatosenoticias.com.br\/index.php\/wp-json\/wp\/v2\/categories?post=36423"},{"taxonomy":"post_tag","embeddable":true,"href":"https:\/\/jornalfatosenoticias.com.br\/index.php\/wp-json\/wp\/v2\/tags?post=36423"}],"curies":[{"name":"wp","href":"https:\/\/api.w.org\/{rel}","templated":true}]}}