{"id":36453,"date":"2022-11-29T12:43:44","date_gmt":"2022-11-29T15:43:44","guid":{"rendered":"https:\/\/jornalfatosenoticias.com.br\/?p=36453"},"modified":"2022-11-29T12:43:48","modified_gmt":"2022-11-29T15:43:48","slug":"marca-lanca-bikes-eletricas-dobraveis-e-leves","status":"publish","type":"post","link":"https:\/\/jornalfatosenoticias.com.br\/index.php\/2022\/11\/29\/marca-lanca-bikes-eletricas-dobraveis-e-leves\/","title":{"rendered":"Marca lan\u00e7a bikes el\u00e9tricas dobr\u00e1veis e leves"},"content":{"rendered":"\n<p><em><span class=\"has-inline-color has-black-color\">Al\u00e9m de ocuparem pouco espa\u00e7o, modelos s\u00e3o pr\u00e1ticos e facilmente transport\u00e1veis<\/span><\/em><\/p>\n\n\n\n<div class=\"wp-block-image\"><figure class=\"aligncenter size-large\"><img loading=\"lazy\" decoding=\"async\" width=\"560\" height=\"60\" src=\"https:\/\/jornalfatosenoticias.com.br\/wp-content\/uploads\/2022\/10\/Propaganda-RC-Radiadores-Jornal_page-0001.jpg\" alt=\"\" class=\"wp-image-35270\" srcset=\"https:\/\/jornalfatosenoticias.com.br\/wp-content\/uploads\/2022\/10\/Propaganda-RC-Radiadores-Jornal_page-0001.jpg 560w, https:\/\/jornalfatosenoticias.com.br\/wp-content\/uploads\/2022\/10\/Propaganda-RC-Radiadores-Jornal_page-0001-300x32.jpg 300w\" sizes=\"auto, (max-width: 560px) 100vw, 560px\" \/><\/figure><\/div>\n\n\n\n<p>O mercado de bicicletas el\u00e9tricas est\u00e1 aquecido. No Brasil, as transa\u00e7\u00f5es movimentaram R$ 289,3 milh\u00f5es em 2021, representando um crescimento de 52,2%, segundo levantamento da Alian\u00e7a Bike. O setor ainda ganha refor\u00e7o de modelos cada vez mais leves, uma vez que o peso \u00e9 um fator importante para ciclistas mais ativos. \u00c9 o caso da marca austr\u00edaca Vello Bike que neste ano lan\u00e7ou dois modelos de bicicletas dobr\u00e1veis, el\u00e9tricas e leves.<br>J\u00e1 consolidada como uma marca de bicicletas dobr\u00e1veis na Alemanha e na \u00c1ustria, a Vello apresentou em julho um modelo que pesa 9,9 kg. <\/p>\n\n\n\n<div class=\"wp-block-image\"><figure class=\"aligncenter size-large is-resized\"><img loading=\"lazy\" decoding=\"async\" src=\"https:\/\/jornalfatosenoticias.com.br\/wp-content\/uploads\/2020\/02\/casa-do-torresmo_portal.jpg\" alt=\"\" class=\"wp-image-34472\" width=\"260\" height=\"260\" srcset=\"https:\/\/jornalfatosenoticias.com.br\/wp-content\/uploads\/2020\/02\/casa-do-torresmo_portal.jpg 300w, https:\/\/jornalfatosenoticias.com.br\/wp-content\/uploads\/2020\/02\/casa-do-torresmo_portal-150x150.jpg 150w\" sizes=\"auto, (max-width: 260px) 100vw, 260px\" \/><\/figure><\/div>\n\n\n\n<figure class=\"wp-block-pullquote\"><blockquote><p><span class=\"has-inline-color has-luminous-vivid-orange-color\">Com seu quadro patenteado totalmente em tit\u00e2nio de 1,9kg e mecanismo de dobragem em oito segundos, conseguimos ultrapassar os limites das bicicletas el\u00e9tricas dobr\u00e1veis leves\u201d, afirma Valentin Vodev, designer industrial e fundador da empresa. De acordo com o empres\u00e1rio, a vers\u00e3o usa componentes padr\u00e3o dispon\u00edveis no mercado.<\/span><\/p><\/blockquote><\/figure>\n\n\n\n<figure class=\"wp-block-image size-large\"><img loading=\"lazy\" decoding=\"async\" width=\"1000\" height=\"499\" src=\"https:\/\/jornalfatosenoticias.com.br\/wp-content\/uploads\/2022\/11\/bike-eletrica-dobravel-2.jpg\" alt=\"\" class=\"wp-image-36454\" srcset=\"https:\/\/jornalfatosenoticias.com.br\/wp-content\/uploads\/2022\/11\/bike-eletrica-dobravel-2.jpg 1000w, https:\/\/jornalfatosenoticias.com.br\/wp-content\/uploads\/2022\/11\/bike-eletrica-dobravel-2-300x150.jpg 300w, https:\/\/jornalfatosenoticias.com.br\/wp-content\/uploads\/2022\/11\/bike-eletrica-dobravel-2-768x383.jpg 768w\" sizes=\"auto, (max-width: 1000px) 100vw, 1000px\" \/><figcaption><em><span class=\"has-inline-color has-black-color\">(Foto: Vello Bike)<\/span><\/em><\/figcaption><\/figure>\n\n\n\n<div class=\"wp-block-image\"><figure class=\"alignright size-large\"><img decoding=\"async\" src=\"https:\/\/jornalfatosenoticias.com.br\/wp-content\/uploads\/2020\/02\/logo_esteio.jpg\" alt=\"\" class=\"wp-image-1214\"\/><\/figure><\/div>\n\n\n\n<p>Com quatro sensores integrados, a bicicleta possui conectividade via aplicativo, bloqueio eletr\u00f4nico do motor contra roubo e controle remoto externo opcional. Outra tecnologia inserida na bike \u00e9 o Sistema de Recupera\u00e7\u00e3o de Energia Cin\u00e9tica (KERS, na sigla em ingl\u00eas). Tecnologia usada nos carros de F\u00f3rmula 1, nesse sistema a <a href=\"https:\/\/ciclovivo.com.br\/inovacao\/tecnologia\/honda-lanca-baterias-compartilhadas-para-motos-eletricas\/\" target=\"_blank\" rel=\"noreferrer noopener\">bateria<\/a>\u00a0pode ser recarregada durante a frenagem ou nas descidas.<br>A bateria da bicicleta el\u00e9trica dobr\u00e1vel, quando totalmente carregada, dura at\u00e9 50 km com a pot\u00eancia m\u00e1xima do motor e \u00e9 quase ilimitada quando usada no modo de recupera\u00e7\u00e3o total, de acordo com a fabricante. Por fim, podem ser equipadas com sistemas de marchas para ambientes urbanos ou rurais, tornando uma subida \u00edngreme muito mais f\u00e1cil de ser enfrentada.<\/p>\n\n\n\n<div class=\"wp-block-image\"><figure class=\"aligncenter size-large is-resized\"><img loading=\"lazy\" decoding=\"async\" src=\"https:\/\/jornalfatosenoticias.com.br\/wp-content\/uploads\/2022\/08\/logo-locau-veiculos-1024x573.png\" alt=\"\" class=\"wp-image-33078\" width=\"303\" height=\"169\"\/><\/figure><\/div>\n\n\n\n<p>Um modelo mais recente da Vello Bike \u00e9 o cargueiro. Apelidada de Sub, a bicicleta ser\u00e1 inicialmente constru\u00edda em duas configura\u00e7\u00f5es: um modelo de tit\u00e2nio pesando apenas 24kg e uma vers\u00e3o de 28kg em a\u00e7o cromoly \u2014 um a\u00e7o mais nobre que o a\u00e7o de baixo carbono.<\/p>\n\n\n\n<div class=\"wp-block-image\"><figure class=\"aligncenter size-large\"><img loading=\"lazy\" decoding=\"async\" width=\"729\" height=\"90\" src=\"https:\/\/jornalfatosenoticias.com.br\/wp-content\/uploads\/2020\/02\/Logo_Mizu.png\" alt=\"\" class=\"wp-image-1441\" srcset=\"https:\/\/jornalfatosenoticias.com.br\/wp-content\/uploads\/2020\/02\/Logo_Mizu.png 729w, https:\/\/jornalfatosenoticias.com.br\/wp-content\/uploads\/2020\/02\/Logo_Mizu-300x37.png 300w\" sizes=\"auto, (max-width: 729px) 100vw, 729px\" \/><\/figure><\/div>\n\n\n\n<p>Com capacidade de carga de at\u00e9 210kg, a vers\u00e3o pode ser um substituto vi\u00e1vel do autom\u00f3vel para idas ao supermercado ou para levar as crian\u00e7as \u00e0 escola. H\u00e1 espa\u00e7o para dois passageiros e um bagageiro frontal.<\/p>\n\n\n\n<div class=\"wp-block-image\"><figure class=\"aligncenter size-large is-resized\"><img loading=\"lazy\" decoding=\"async\" src=\"https:\/\/jornalfatosenoticias.com.br\/wp-content\/uploads\/2022\/07\/Logo-Grupo-SEI.jpg\" alt=\"\" class=\"wp-image-31973\" width=\"307\" height=\"161\" srcset=\"https:\/\/jornalfatosenoticias.com.br\/wp-content\/uploads\/2022\/07\/Logo-Grupo-SEI.jpg 713w, https:\/\/jornalfatosenoticias.com.br\/wp-content\/uploads\/2022\/07\/Logo-Grupo-SEI-300x158.jpg 300w\" sizes=\"auto, (max-width: 307px) 100vw, 307px\" \/><\/figure><\/div>\n\n\n\n<p>Segundo a marca, em ambos modelos, os pneus mant\u00eam o centro de gravidade baixo e fornecem uma bicicleta est\u00e1vel, segura e f\u00e1cil de manobrar, independentemente de estar carregada com carga ou passageiros.<\/p>\n\n\n\n<div class=\"wp-block-image\"><figure class=\"aligncenter size-large\"><img decoding=\"async\" src=\"https:\/\/jornalfatosenoticias.com.br\/wp-content\/uploads\/2020\/02\/Serra-Grande-1024x160.png\" alt=\"\" class=\"wp-image-7836\"\/><\/figure><\/div>\n\n\n\n<p>Por fim, a bike el\u00e9trica cargueira possui um sistema de acess\u00f3rios sem ferramentas que permite uma reconfigura\u00e7\u00e3o r\u00e1pida e f\u00e1cil. As cadeiras de crian\u00e7a e os cestos de carga, por exemplo, podem ser montados e removidos rapidamente, sem necessidade de uso de instrumentos.<\/p>\n\n\n\n<div class=\"wp-block-image\"><figure class=\"aligncenter size-large is-resized\"><img loading=\"lazy\" decoding=\"async\" src=\"https:\/\/jornalfatosenoticias.com.br\/wp-content\/uploads\/2020\/02\/logo-embacia.jpg\" alt=\"\" class=\"wp-image-33905\" width=\"269\" height=\"269\"\/><\/figure><\/div>\n\n\n\n<p><strong><em>Fonte: <a href=\"https:\/\/ciclovivo.com.br\/arq-urb\/mobilidade\/marca-lanca-bikes-eletricas-dobraveis-e-leves\/\">CicloVivo<\/a><\/em><\/strong><\/p>\n","protected":false},"excerpt":{"rendered":"<p>Al\u00e9m de ocuparem pouco espa\u00e7o, modelos s\u00e3o pr\u00e1ticos e facilmente transport\u00e1veis O mercado de bicicletas el\u00e9tricas est\u00e1 aquecido. No Brasil, as transa\u00e7\u00f5es movimentaram R$ 289,3 milh\u00f5es em 2021, representando um crescimento de 52,2%, segundo levantamento da Alian\u00e7a Bike. O setor ainda ganha refor\u00e7o de modelos cada vez mais leves, uma vez que o peso \u00e9 [&hellip;]<\/p>\n","protected":false},"author":2,"featured_media":36455,"comment_status":"open","ping_status":"open","sticky":false,"template":"","format":"standard","meta":{"footnotes":""},"categories":[9923],"tags":[17114,17113,3992,17115],"class_list":["post-36453","post","type-post","status-publish","format-standard","has-post-thumbnail","hentry","category-mobilidade","tag-alianca-bike","tag-bicicletas-dobraveis","tag-bicicletas-eletricas","tag-bikes-eletricas-dobraveis"],"yoast_head":"<!-- This site is optimized with the Yoast SEO plugin v26.5 - https:\/\/yoast.com\/wordpress\/plugins\/seo\/ -->\n<title>Marca lan\u00e7a bikes el\u00e9tricas dobr\u00e1veis e leves - Jornal Fatos e Not\u00edcias<\/title>\n<meta name=\"robots\" content=\"index, follow, max-snippet:-1, max-image-preview:large, max-video-preview:-1\" \/>\n<link rel=\"canonical\" href=\"https:\/\/jornalfatosenoticias.com.br\/index.php\/2022\/11\/29\/marca-lanca-bikes-eletricas-dobraveis-e-leves\/\" \/>\n<meta property=\"og:locale\" content=\"pt_BR\" \/>\n<meta property=\"og:type\" content=\"article\" \/>\n<meta property=\"og:title\" content=\"Marca lan\u00e7a bikes el\u00e9tricas dobr\u00e1veis e leves - Jornal Fatos e Not\u00edcias\" \/>\n<meta property=\"og:description\" content=\"Al\u00e9m de ocuparem pouco espa\u00e7o, modelos s\u00e3o pr\u00e1ticos e facilmente transport\u00e1veis O mercado de bicicletas el\u00e9tricas est\u00e1 aquecido. No Brasil, as transa\u00e7\u00f5es movimentaram R$ 289,3 milh\u00f5es em 2021, representando um crescimento de 52,2%, segundo levantamento da Alian\u00e7a Bike. O setor ainda ganha refor\u00e7o de modelos cada vez mais leves, uma vez que o peso \u00e9 [&hellip;]\" \/>\n<meta property=\"og:url\" content=\"https:\/\/jornalfatosenoticias.com.br\/index.php\/2022\/11\/29\/marca-lanca-bikes-eletricas-dobraveis-e-leves\/\" \/>\n<meta property=\"og:site_name\" content=\"Jornal Fatos e Not\u00edcias\" \/>\n<meta property=\"article:published_time\" content=\"2022-11-29T15:43:44+00:00\" \/>\n<meta property=\"article:modified_time\" content=\"2022-11-29T15:43:48+00:00\" \/>\n<meta property=\"og:image\" content=\"https:\/\/jornalfatosenoticias.com.br\/wp-content\/uploads\/2022\/11\/bike-eletrica-dobravel-1.jpg\" \/>\n\t<meta property=\"og:image:width\" content=\"1000\" \/>\n\t<meta property=\"og:image:height\" content=\"627\" \/>\n\t<meta property=\"og:image:type\" content=\"image\/jpeg\" \/>\n<meta name=\"author\" content=\"Luzimara Fernandes\" \/>\n<meta name=\"twitter:card\" content=\"summary_large_image\" \/>\n<meta name=\"twitter:label1\" content=\"Escrito por\" \/>\n\t<meta name=\"twitter:data1\" content=\"Luzimara Fernandes\" \/>\n\t<meta name=\"twitter:label2\" content=\"Est. tempo de leitura\" \/>\n\t<meta name=\"twitter:data2\" content=\"2 minutos\" \/>\n<script type=\"application\/ld+json\" class=\"yoast-schema-graph\">{\"@context\":\"https:\/\/schema.org\",\"@graph\":[{\"@type\":\"Article\",\"@id\":\"https:\/\/jornalfatosenoticias.com.br\/index.php\/2022\/11\/29\/marca-lanca-bikes-eletricas-dobraveis-e-leves\/#article\",\"isPartOf\":{\"@id\":\"https:\/\/jornalfatosenoticias.com.br\/index.php\/2022\/11\/29\/marca-lanca-bikes-eletricas-dobraveis-e-leves\/\"},\"author\":{\"name\":\"Luzimara Fernandes\",\"@id\":\"https:\/\/jornalfatosenoticias.com.br\/#\/schema\/person\/d63837fa13ac8666eb9e74e0985d6f81\"},\"headline\":\"Marca lan\u00e7a bikes el\u00e9tricas dobr\u00e1veis e leves\",\"datePublished\":\"2022-11-29T15:43:44+00:00\",\"dateModified\":\"2022-11-29T15:43:48+00:00\",\"mainEntityOfPage\":{\"@id\":\"https:\/\/jornalfatosenoticias.com.br\/index.php\/2022\/11\/29\/marca-lanca-bikes-eletricas-dobraveis-e-leves\/\"},\"wordCount\":485,\"commentCount\":0,\"publisher\":{\"@id\":\"https:\/\/jornalfatosenoticias.com.br\/#organization\"},\"image\":{\"@id\":\"https:\/\/jornalfatosenoticias.com.br\/index.php\/2022\/11\/29\/marca-lanca-bikes-eletricas-dobraveis-e-leves\/#primaryimage\"},\"thumbnailUrl\":\"https:\/\/jornalfatosenoticias.com.br\/wp-content\/uploads\/2022\/11\/bike-eletrica-dobravel-1.jpg\",\"keywords\":[\"Alian\u00e7a Bike\",\"bicicletas dobr\u00e1veis\",\"bicicletas el\u00e9tricas\",\"bikes el\u00e9tricas dobr\u00e1veis\"],\"articleSection\":[\"Mobilidade\"],\"inLanguage\":\"pt-BR\",\"potentialAction\":[{\"@type\":\"CommentAction\",\"name\":\"Comment\",\"target\":[\"https:\/\/jornalfatosenoticias.com.br\/index.php\/2022\/11\/29\/marca-lanca-bikes-eletricas-dobraveis-e-leves\/#respond\"]}]},{\"@type\":\"WebPage\",\"@id\":\"https:\/\/jornalfatosenoticias.com.br\/index.php\/2022\/11\/29\/marca-lanca-bikes-eletricas-dobraveis-e-leves\/\",\"url\":\"https:\/\/jornalfatosenoticias.com.br\/index.php\/2022\/11\/29\/marca-lanca-bikes-eletricas-dobraveis-e-leves\/\",\"name\":\"Marca lan\u00e7a bikes el\u00e9tricas dobr\u00e1veis e leves - Jornal Fatos e Not\u00edcias\",\"isPartOf\":{\"@id\":\"https:\/\/jornalfatosenoticias.com.br\/#website\"},\"primaryImageOfPage\":{\"@id\":\"https:\/\/jornalfatosenoticias.com.br\/index.php\/2022\/11\/29\/marca-lanca-bikes-eletricas-dobraveis-e-leves\/#primaryimage\"},\"image\":{\"@id\":\"https:\/\/jornalfatosenoticias.com.br\/index.php\/2022\/11\/29\/marca-lanca-bikes-eletricas-dobraveis-e-leves\/#primaryimage\"},\"thumbnailUrl\":\"https:\/\/jornalfatosenoticias.com.br\/wp-content\/uploads\/2022\/11\/bike-eletrica-dobravel-1.jpg\",\"datePublished\":\"2022-11-29T15:43:44+00:00\",\"dateModified\":\"2022-11-29T15:43:48+00:00\",\"breadcrumb\":{\"@id\":\"https:\/\/jornalfatosenoticias.com.br\/index.php\/2022\/11\/29\/marca-lanca-bikes-eletricas-dobraveis-e-leves\/#breadcrumb\"},\"inLanguage\":\"pt-BR\",\"potentialAction\":[{\"@type\":\"ReadAction\",\"target\":[\"https:\/\/jornalfatosenoticias.com.br\/index.php\/2022\/11\/29\/marca-lanca-bikes-eletricas-dobraveis-e-leves\/\"]}]},{\"@type\":\"ImageObject\",\"inLanguage\":\"pt-BR\",\"@id\":\"https:\/\/jornalfatosenoticias.com.br\/index.php\/2022\/11\/29\/marca-lanca-bikes-eletricas-dobraveis-e-leves\/#primaryimage\",\"url\":\"https:\/\/jornalfatosenoticias.com.br\/wp-content\/uploads\/2022\/11\/bike-eletrica-dobravel-1.jpg\",\"contentUrl\":\"https:\/\/jornalfatosenoticias.com.br\/wp-content\/uploads\/2022\/11\/bike-eletrica-dobravel-1.jpg\",\"width\":1000,\"height\":627},{\"@type\":\"BreadcrumbList\",\"@id\":\"https:\/\/jornalfatosenoticias.com.br\/index.php\/2022\/11\/29\/marca-lanca-bikes-eletricas-dobraveis-e-leves\/#breadcrumb\",\"itemListElement\":[{\"@type\":\"ListItem\",\"position\":1,\"name\":\"In\u00edcio\",\"item\":\"https:\/\/jornalfatosenoticias.com.br\/\"},{\"@type\":\"ListItem\",\"position\":2,\"name\":\"Marca lan\u00e7a bikes el\u00e9tricas dobr\u00e1veis e leves\"}]},{\"@type\":\"WebSite\",\"@id\":\"https:\/\/jornalfatosenoticias.com.br\/#website\",\"url\":\"https:\/\/jornalfatosenoticias.com.br\/\",\"name\":\"Jornal Fatos e Not\u00edcias\",\"description\":\"Not\u00edcias em geral\",\"publisher\":{\"@id\":\"https:\/\/jornalfatosenoticias.com.br\/#organization\"},\"potentialAction\":[{\"@type\":\"SearchAction\",\"target\":{\"@type\":\"EntryPoint\",\"urlTemplate\":\"https:\/\/jornalfatosenoticias.com.br\/?s={search_term_string}\"},\"query-input\":{\"@type\":\"PropertyValueSpecification\",\"valueRequired\":true,\"valueName\":\"search_term_string\"}}],\"inLanguage\":\"pt-BR\"},{\"@type\":\"Organization\",\"@id\":\"https:\/\/jornalfatosenoticias.com.br\/#organization\",\"name\":\"Jornal Fatos e Not\u00edcias\",\"url\":\"https:\/\/jornalfatosenoticias.com.br\/\",\"logo\":{\"@type\":\"ImageObject\",\"inLanguage\":\"pt-BR\",\"@id\":\"https:\/\/jornalfatosenoticias.com.br\/#\/schema\/logo\/image\/\",\"url\":\"https:\/\/jornalfatosenoticias.com.br\/wp-content\/uploads\/2020\/02\/logo120.png\",\"contentUrl\":\"https:\/\/jornalfatosenoticias.com.br\/wp-content\/uploads\/2020\/02\/logo120.png\",\"width\":1227,\"height\":120,\"caption\":\"Jornal Fatos e Not\u00edcias\"},\"image\":{\"@id\":\"https:\/\/jornalfatosenoticias.com.br\/#\/schema\/logo\/image\/\"}},{\"@type\":\"Person\",\"@id\":\"https:\/\/jornalfatosenoticias.com.br\/#\/schema\/person\/d63837fa13ac8666eb9e74e0985d6f81\",\"name\":\"Luzimara Fernandes\",\"image\":{\"@type\":\"ImageObject\",\"inLanguage\":\"pt-BR\",\"@id\":\"https:\/\/jornalfatosenoticias.com.br\/#\/schema\/person\/image\/\",\"url\":\"https:\/\/jornalfatosenoticias.com.br\/wp-content\/uploads\/2025\/05\/EU_portal.jpg\",\"contentUrl\":\"https:\/\/jornalfatosenoticias.com.br\/wp-content\/uploads\/2025\/05\/EU_portal.jpg\",\"caption\":\"Luzimara Fernandes\"},\"description\":\"Jornalista MTB 2358-ES\",\"sameAs\":[\"https:\/\/jornalfatosenoticias.com.br\"],\"url\":\"https:\/\/jornalfatosenoticias.com.br\/index.php\/author\/luzimara\/\"}]}<\/script>\n<!-- \/ Yoast SEO plugin. -->","yoast_head_json":{"title":"Marca lan\u00e7a bikes el\u00e9tricas dobr\u00e1veis e leves - Jornal Fatos e Not\u00edcias","robots":{"index":"index","follow":"follow","max-snippet":"max-snippet:-1","max-image-preview":"max-image-preview:large","max-video-preview":"max-video-preview:-1"},"canonical":"https:\/\/jornalfatosenoticias.com.br\/index.php\/2022\/11\/29\/marca-lanca-bikes-eletricas-dobraveis-e-leves\/","og_locale":"pt_BR","og_type":"article","og_title":"Marca lan\u00e7a bikes el\u00e9tricas dobr\u00e1veis e leves - Jornal Fatos e Not\u00edcias","og_description":"Al\u00e9m de ocuparem pouco espa\u00e7o, modelos s\u00e3o pr\u00e1ticos e facilmente transport\u00e1veis O mercado de bicicletas el\u00e9tricas est\u00e1 aquecido. No Brasil, as transa\u00e7\u00f5es movimentaram R$ 289,3 milh\u00f5es em 2021, representando um crescimento de 52,2%, segundo levantamento da Alian\u00e7a Bike. O setor ainda ganha refor\u00e7o de modelos cada vez mais leves, uma vez que o peso \u00e9 [&hellip;]","og_url":"https:\/\/jornalfatosenoticias.com.br\/index.php\/2022\/11\/29\/marca-lanca-bikes-eletricas-dobraveis-e-leves\/","og_site_name":"Jornal Fatos e Not\u00edcias","article_published_time":"2022-11-29T15:43:44+00:00","article_modified_time":"2022-11-29T15:43:48+00:00","og_image":[{"width":1000,"height":627,"url":"https:\/\/jornalfatosenoticias.com.br\/wp-content\/uploads\/2022\/11\/bike-eletrica-dobravel-1.jpg","type":"image\/jpeg"}],"author":"Luzimara Fernandes","twitter_card":"summary_large_image","twitter_misc":{"Escrito por":"Luzimara Fernandes","Est. tempo de leitura":"2 minutos"},"schema":{"@context":"https:\/\/schema.org","@graph":[{"@type":"Article","@id":"https:\/\/jornalfatosenoticias.com.br\/index.php\/2022\/11\/29\/marca-lanca-bikes-eletricas-dobraveis-e-leves\/#article","isPartOf":{"@id":"https:\/\/jornalfatosenoticias.com.br\/index.php\/2022\/11\/29\/marca-lanca-bikes-eletricas-dobraveis-e-leves\/"},"author":{"name":"Luzimara Fernandes","@id":"https:\/\/jornalfatosenoticias.com.br\/#\/schema\/person\/d63837fa13ac8666eb9e74e0985d6f81"},"headline":"Marca lan\u00e7a bikes el\u00e9tricas dobr\u00e1veis e leves","datePublished":"2022-11-29T15:43:44+00:00","dateModified":"2022-11-29T15:43:48+00:00","mainEntityOfPage":{"@id":"https:\/\/jornalfatosenoticias.com.br\/index.php\/2022\/11\/29\/marca-lanca-bikes-eletricas-dobraveis-e-leves\/"},"wordCount":485,"commentCount":0,"publisher":{"@id":"https:\/\/jornalfatosenoticias.com.br\/#organization"},"image":{"@id":"https:\/\/jornalfatosenoticias.com.br\/index.php\/2022\/11\/29\/marca-lanca-bikes-eletricas-dobraveis-e-leves\/#primaryimage"},"thumbnailUrl":"https:\/\/jornalfatosenoticias.com.br\/wp-content\/uploads\/2022\/11\/bike-eletrica-dobravel-1.jpg","keywords":["Alian\u00e7a Bike","bicicletas dobr\u00e1veis","bicicletas el\u00e9tricas","bikes el\u00e9tricas dobr\u00e1veis"],"articleSection":["Mobilidade"],"inLanguage":"pt-BR","potentialAction":[{"@type":"CommentAction","name":"Comment","target":["https:\/\/jornalfatosenoticias.com.br\/index.php\/2022\/11\/29\/marca-lanca-bikes-eletricas-dobraveis-e-leves\/#respond"]}]},{"@type":"WebPage","@id":"https:\/\/jornalfatosenoticias.com.br\/index.php\/2022\/11\/29\/marca-lanca-bikes-eletricas-dobraveis-e-leves\/","url":"https:\/\/jornalfatosenoticias.com.br\/index.php\/2022\/11\/29\/marca-lanca-bikes-eletricas-dobraveis-e-leves\/","name":"Marca lan\u00e7a bikes el\u00e9tricas dobr\u00e1veis e leves - Jornal Fatos e Not\u00edcias","isPartOf":{"@id":"https:\/\/jornalfatosenoticias.com.br\/#website"},"primaryImageOfPage":{"@id":"https:\/\/jornalfatosenoticias.com.br\/index.php\/2022\/11\/29\/marca-lanca-bikes-eletricas-dobraveis-e-leves\/#primaryimage"},"image":{"@id":"https:\/\/jornalfatosenoticias.com.br\/index.php\/2022\/11\/29\/marca-lanca-bikes-eletricas-dobraveis-e-leves\/#primaryimage"},"thumbnailUrl":"https:\/\/jornalfatosenoticias.com.br\/wp-content\/uploads\/2022\/11\/bike-eletrica-dobravel-1.jpg","datePublished":"2022-11-29T15:43:44+00:00","dateModified":"2022-11-29T15:43:48+00:00","breadcrumb":{"@id":"https:\/\/jornalfatosenoticias.com.br\/index.php\/2022\/11\/29\/marca-lanca-bikes-eletricas-dobraveis-e-leves\/#breadcrumb"},"inLanguage":"pt-BR","potentialAction":[{"@type":"ReadAction","target":["https:\/\/jornalfatosenoticias.com.br\/index.php\/2022\/11\/29\/marca-lanca-bikes-eletricas-dobraveis-e-leves\/"]}]},{"@type":"ImageObject","inLanguage":"pt-BR","@id":"https:\/\/jornalfatosenoticias.com.br\/index.php\/2022\/11\/29\/marca-lanca-bikes-eletricas-dobraveis-e-leves\/#primaryimage","url":"https:\/\/jornalfatosenoticias.com.br\/wp-content\/uploads\/2022\/11\/bike-eletrica-dobravel-1.jpg","contentUrl":"https:\/\/jornalfatosenoticias.com.br\/wp-content\/uploads\/2022\/11\/bike-eletrica-dobravel-1.jpg","width":1000,"height":627},{"@type":"BreadcrumbList","@id":"https:\/\/jornalfatosenoticias.com.br\/index.php\/2022\/11\/29\/marca-lanca-bikes-eletricas-dobraveis-e-leves\/#breadcrumb","itemListElement":[{"@type":"ListItem","position":1,"name":"In\u00edcio","item":"https:\/\/jornalfatosenoticias.com.br\/"},{"@type":"ListItem","position":2,"name":"Marca lan\u00e7a bikes el\u00e9tricas dobr\u00e1veis e leves"}]},{"@type":"WebSite","@id":"https:\/\/jornalfatosenoticias.com.br\/#website","url":"https:\/\/jornalfatosenoticias.com.br\/","name":"Jornal Fatos e Not\u00edcias","description":"Not\u00edcias em geral","publisher":{"@id":"https:\/\/jornalfatosenoticias.com.br\/#organization"},"potentialAction":[{"@type":"SearchAction","target":{"@type":"EntryPoint","urlTemplate":"https:\/\/jornalfatosenoticias.com.br\/?s={search_term_string}"},"query-input":{"@type":"PropertyValueSpecification","valueRequired":true,"valueName":"search_term_string"}}],"inLanguage":"pt-BR"},{"@type":"Organization","@id":"https:\/\/jornalfatosenoticias.com.br\/#organization","name":"Jornal Fatos e Not\u00edcias","url":"https:\/\/jornalfatosenoticias.com.br\/","logo":{"@type":"ImageObject","inLanguage":"pt-BR","@id":"https:\/\/jornalfatosenoticias.com.br\/#\/schema\/logo\/image\/","url":"https:\/\/jornalfatosenoticias.com.br\/wp-content\/uploads\/2020\/02\/logo120.png","contentUrl":"https:\/\/jornalfatosenoticias.com.br\/wp-content\/uploads\/2020\/02\/logo120.png","width":1227,"height":120,"caption":"Jornal Fatos e Not\u00edcias"},"image":{"@id":"https:\/\/jornalfatosenoticias.com.br\/#\/schema\/logo\/image\/"}},{"@type":"Person","@id":"https:\/\/jornalfatosenoticias.com.br\/#\/schema\/person\/d63837fa13ac8666eb9e74e0985d6f81","name":"Luzimara Fernandes","image":{"@type":"ImageObject","inLanguage":"pt-BR","@id":"https:\/\/jornalfatosenoticias.com.br\/#\/schema\/person\/image\/","url":"https:\/\/jornalfatosenoticias.com.br\/wp-content\/uploads\/2025\/05\/EU_portal.jpg","contentUrl":"https:\/\/jornalfatosenoticias.com.br\/wp-content\/uploads\/2025\/05\/EU_portal.jpg","caption":"Luzimara Fernandes"},"description":"Jornalista MTB 2358-ES","sameAs":["https:\/\/jornalfatosenoticias.com.br"],"url":"https:\/\/jornalfatosenoticias.com.br\/index.php\/author\/luzimara\/"}]}},"cc_featured_image_caption":{"caption_text":"(Foto: Vello Bike\/Leonardo Ramirez)","source_text":"","source_url":""},"jetpack_featured_media_url":"https:\/\/jornalfatosenoticias.com.br\/wp-content\/uploads\/2022\/11\/bike-eletrica-dobravel-1.jpg","_links":{"self":[{"href":"https:\/\/jornalfatosenoticias.com.br\/index.php\/wp-json\/wp\/v2\/posts\/36453","targetHints":{"allow":["GET"]}}],"collection":[{"href":"https:\/\/jornalfatosenoticias.com.br\/index.php\/wp-json\/wp\/v2\/posts"}],"about":[{"href":"https:\/\/jornalfatosenoticias.com.br\/index.php\/wp-json\/wp\/v2\/types\/post"}],"author":[{"embeddable":true,"href":"https:\/\/jornalfatosenoticias.com.br\/index.php\/wp-json\/wp\/v2\/users\/2"}],"replies":[{"embeddable":true,"href":"https:\/\/jornalfatosenoticias.com.br\/index.php\/wp-json\/wp\/v2\/comments?post=36453"}],"version-history":[{"count":0,"href":"https:\/\/jornalfatosenoticias.com.br\/index.php\/wp-json\/wp\/v2\/posts\/36453\/revisions"}],"wp:featuredmedia":[{"embeddable":true,"href":"https:\/\/jornalfatosenoticias.com.br\/index.php\/wp-json\/wp\/v2\/media\/36455"}],"wp:attachment":[{"href":"https:\/\/jornalfatosenoticias.com.br\/index.php\/wp-json\/wp\/v2\/media?parent=36453"}],"wp:term":[{"taxonomy":"category","embeddable":true,"href":"https:\/\/jornalfatosenoticias.com.br\/index.php\/wp-json\/wp\/v2\/categories?post=36453"},{"taxonomy":"post_tag","embeddable":true,"href":"https:\/\/jornalfatosenoticias.com.br\/index.php\/wp-json\/wp\/v2\/tags?post=36453"}],"curies":[{"name":"wp","href":"https:\/\/api.w.org\/{rel}","templated":true}]}}