{"id":36465,"date":"2022-11-29T14:10:32","date_gmt":"2022-11-29T17:10:32","guid":{"rendered":"https:\/\/jornalfatosenoticias.com.br\/?p=36465"},"modified":"2022-11-29T14:10:34","modified_gmt":"2022-11-29T17:10:34","slug":"policia-chinesa-quer-impedir-protestos-contra-a-politica-de-covid-zero","status":"publish","type":"post","link":"https:\/\/jornalfatosenoticias.com.br\/index.php\/2022\/11\/29\/policia-chinesa-quer-impedir-protestos-contra-a-politica-de-covid-zero\/","title":{"rendered":"Pol\u00edcia chinesa quer impedir protestos contra a pol\u00edtica de covid zero"},"content":{"rendered":"\n<p><em><span class=\"has-inline-color has-black-color\">Policiais patrulham \u00e1reas onde h\u00e1 possibilidade de manifesta\u00e7\u00f5es<\/span><\/em><\/p>\n\n\n\n<div class=\"wp-block-image\"><figure class=\"aligncenter size-large\"><img loading=\"lazy\" decoding=\"async\" width=\"1024\" height=\"111\" src=\"https:\/\/jornalfatosenoticias.com.br\/wp-content\/uploads\/2020\/02\/WhatsApp-Image-2022-09-23-at-12.09.18-1024x111.jpeg\" alt=\"\" class=\"wp-image-34527\" srcset=\"https:\/\/jornalfatosenoticias.com.br\/wp-content\/uploads\/2020\/02\/WhatsApp-Image-2022-09-23-at-12.09.18-1024x111.jpeg 1024w, https:\/\/jornalfatosenoticias.com.br\/wp-content\/uploads\/2020\/02\/WhatsApp-Image-2022-09-23-at-12.09.18-300x32.jpeg 300w, https:\/\/jornalfatosenoticias.com.br\/wp-content\/uploads\/2020\/02\/WhatsApp-Image-2022-09-23-at-12.09.18-768x83.jpeg 768w, https:\/\/jornalfatosenoticias.com.br\/wp-content\/uploads\/2020\/02\/WhatsApp-Image-2022-09-23-at-12.09.18.jpeg 1121w\" sizes=\"auto, (max-width: 1024px) 100vw, 1024px\" \/><\/figure><\/div>\n\n\n\n<p>Depois de um fim de semana marcado por protestos em v\u00e1rias cidades chinesas contra a pol\u00edtica de &#8220;covid zero&#8221;, as autoridades policiais tentam dissuadir e localizar os manifestantes. Nesta ter\u00e7a-feira (29), a Comiss\u00e3o Nacional de Sa\u00fade da China anunciou a intensifica\u00e7\u00e3o da campanha de vacina\u00e7\u00e3o contra o v\u00edrus SARS-CoV-2 junto \u00e0 popula\u00e7\u00e3o mais idosa.<\/p>\n\n\n\n<div class=\"wp-block-image\"><figure class=\"aligncenter size-large\"><img loading=\"lazy\" decoding=\"async\" width=\"300\" height=\"250\" src=\"https:\/\/jornalfatosenoticias.com.br\/wp-content\/uploads\/2022\/08\/arte-Casarao.jpg\" alt=\"\" class=\"wp-image-33178\"\/><\/figure><\/div>\n\n\n\n<p>V\u00eddeos nas redes sociais mostram centenas de policiais ocupando uma pra\u00e7a p\u00fablica em Hangzhou, na noite de ontem (28), impedindo a popula\u00e7\u00e3o de se reunir e se manifestar. Alguns manifestantes foram interrogados por telefone pelas autoridades, depois de terem assistido aos protestos nas cidades de todo o pa\u00eds. <\/p>\n\n\n\n<div class=\"wp-block-image\"><figure class=\"aligncenter size-large\"><img loading=\"lazy\" decoding=\"async\" width=\"1024\" height=\"100\" src=\"https:\/\/jornalfatosenoticias.com.br\/wp-content\/uploads\/2022\/05\/NOVA-LOGO-CESCONETTO-1024x100.jpg\" alt=\"\" class=\"wp-image-30792\" srcset=\"https:\/\/jornalfatosenoticias.com.br\/wp-content\/uploads\/2022\/05\/NOVA-LOGO-CESCONETTO-1024x100.jpg 1024w, https:\/\/jornalfatosenoticias.com.br\/wp-content\/uploads\/2022\/05\/NOVA-LOGO-CESCONETTO-300x29.jpg 300w, https:\/\/jornalfatosenoticias.com.br\/wp-content\/uploads\/2022\/05\/NOVA-LOGO-CESCONETTO-768x75.jpg 768w, https:\/\/jornalfatosenoticias.com.br\/wp-content\/uploads\/2022\/05\/NOVA-LOGO-CESCONETTO.jpg 1280w\" sizes=\"auto, (max-width: 1024px) 100vw, 1024px\" \/><\/figure><\/div>\n\n\n\n<p>Um dos v\u00eddeos, que n\u00e3o foi verificado de forma independente, mostra a pol\u00edcia, rodeada por uma pequena multid\u00e3o com seus celulares, detendo manifestantes. A pol\u00edcia de Hangzhou n\u00e3o comentou a situa\u00e7\u00e3o.<\/p>\n\n\n\n<div class=\"wp-block-image\"><figure class=\"aligncenter size-large is-resized\"><img loading=\"lazy\" decoding=\"async\" src=\"https:\/\/jornalfatosenoticias.com.br\/wp-content\/uploads\/2020\/02\/logo-clinica-limoeiro.jpg\" alt=\"\" class=\"wp-image-34610\" width=\"318\" height=\"225\"\/><\/figure><\/div>\n\n\n\n<p>Em Xangai e em Pequim, a pol\u00edcia patrulhava v\u00e1rias \u00e1reas, na manh\u00e3 desta ter\u00e7a-feira, onde alguns grupos sugeriram, via aplicativos, que a popula\u00e7\u00e3o voltasse a se reunir. A presen\u00e7a das autoridades policiais durante a noite de segunda-feira evitou a realiza\u00e7\u00e3o de mais protestos.<\/p>\n\n\n\n<div class=\"wp-block-image\"><figure class=\"alignleft size-large\"><img decoding=\"async\" src=\"https:\/\/jornalfatosenoticias.com.br\/wp-content\/uploads\/2020\/02\/barao-das-carnes-300x164-1.jpg\" alt=\"\" class=\"wp-image-34339\"\/><\/figure><\/div>\n\n\n\n<p>Existem ainda relatos de policiais pedindo os aparelhos celulares de manifestantes para verificar de tinha redes privadas virtuais (VPNs) e a aplica\u00e7\u00e3o Telegram, que foi usado no fim de semana pelos manifestantes. Na China, as redes VPNs s\u00e3o ilegais para a maioria da popula\u00e7\u00e3o e o Telegram \u00e9 bloqueado na internet.<br>No entanto, os manifestantes compartilhavam pelo Telegram informa\u00e7\u00f5es sobre como manter os dados telef\u00f4nicos a salvo de verifica\u00e7\u00f5es aleat\u00f3rias das autoridades policiais, incluindo como programar uma limpeza r\u00e1pida de dados do hist\u00f3rico. \u201cO que fazer se o seu telefone for roubado ou levado pela pol\u00edcia \u2014 um pequeno guia para evitar surpresas desagrad\u00e1veis\u201d, lia-se numa das mensagens.<\/p>\n\n\n\n<div class=\"wp-block-image\"><figure class=\"aligncenter size-large\"><img loading=\"lazy\" decoding=\"async\" width=\"1024\" height=\"103\" src=\"https:\/\/jornalfatosenoticias.com.br\/wp-content\/uploads\/2022\/02\/Arte-Autoescola-Galatas_endereco_portal-1024x103.png\" alt=\"\" class=\"wp-image-27869\" srcset=\"https:\/\/jornalfatosenoticias.com.br\/wp-content\/uploads\/2022\/02\/Arte-Autoescola-Galatas_endereco_portal-1024x103.png 1024w, https:\/\/jornalfatosenoticias.com.br\/wp-content\/uploads\/2022\/02\/Arte-Autoescola-Galatas_endereco_portal-300x30.png 300w, https:\/\/jornalfatosenoticias.com.br\/wp-content\/uploads\/2022\/02\/Arte-Autoescola-Galatas_endereco_portal-768x77.png 768w, https:\/\/jornalfatosenoticias.com.br\/wp-content\/uploads\/2022\/02\/Arte-Autoescola-Galatas_endereco_portal.png 1223w\" sizes=\"auto, (max-width: 1024px) 100vw, 1024px\" \/><\/figure><\/div>\n\n\n\n<p>Em Xangai, o dono de um bar, perto de um local onde ocorreram protestos no fim de semana, revelou \u00e0 AFP que a pol\u00edcia tinha ordenado que fechasse o seu estabelecimento \u00e0s 22h para \u201ccontrole de doen\u00e7as\u201d. Na sa\u00edda de cada esta\u00e7\u00e3o do metro havia grupos de policiais.<\/p>\n\n\n\n<div class=\"wp-block-image\"><figure class=\"aligncenter size-large\"><img decoding=\"async\" src=\"https:\/\/jornalfatosenoticias.com.br\/wp-content\/uploads\/2020\/02\/logo_esteio.jpg\" alt=\"\" class=\"wp-image-1214\"\/><\/figure><\/div>\n\n\n\n<p>Uma mulher revelou que ela e cinco amigos, que participaram de um protesto em Pequim, receberam chamadas da pol\u00edcia exigindo informa\u00e7\u00f5es sobre seus paradeiros. N\u00e3o est\u00e1 claro como \u00e9 que as autoridades policiais tiveram acesso \u00e0s identidades dos manifestantes presentes nos protestos.<\/p>\n\n\n\n<div class=\"wp-block-image\"><figure class=\"aligncenter size-large\"><img loading=\"lazy\" decoding=\"async\" width=\"1024\" height=\"100\" src=\"https:\/\/jornalfatosenoticias.com.br\/wp-content\/uploads\/2020\/02\/banner_ferramentas-1024x100.jpg\" alt=\"\" class=\"wp-image-1258\" srcset=\"https:\/\/jornalfatosenoticias.com.br\/wp-content\/uploads\/2020\/02\/banner_ferramentas-1024x100.jpg 1024w, https:\/\/jornalfatosenoticias.com.br\/wp-content\/uploads\/2020\/02\/banner_ferramentas-300x29.jpg 300w, https:\/\/jornalfatosenoticias.com.br\/wp-content\/uploads\/2020\/02\/banner_ferramentas-768x75.jpg 768w, https:\/\/jornalfatosenoticias.com.br\/wp-content\/uploads\/2020\/02\/banner_ferramentas.jpg 1227w\" sizes=\"auto, (max-width: 1024px) 100vw, 1024px\" \/><\/figure><\/div>\n\n\n\n<p>Em Pequim, centenas de pessoas, na sua maioria jovens, enfrentaram temperaturas negativas para se reunir \u00e0 margem de um rio da capital, numa vig\u00edlia de homenagem \u00e0s dez v\u00edtimas do inc\u00eandio em um apartamento em Urumqi.<br>Como resultado, milhares de pessoas sa\u00edram \u00e0s ruas durante dias, exigindo o fim dos bloqueios para combater a covid-19. Alguns chegaram a pedir que o Presidente Xi Jinping deixe o cargo.<\/p>\n\n\n\n<div class=\"wp-block-image\"><figure class=\"aligncenter size-large is-resized\"><img loading=\"lazy\" decoding=\"async\" src=\"https:\/\/jornalfatosenoticias.com.br\/wp-content\/uploads\/2020\/02\/logo-embacia.jpg\" alt=\"\" class=\"wp-image-33905\" width=\"289\" height=\"289\"\/><\/figure><\/div>\n\n\n\n<figure class=\"wp-block-pullquote\"><blockquote><p><span class=\"has-inline-color has-luminous-vivid-orange-color\">Os protestos t\u00eam gerado uma crescente frustra\u00e7\u00e3o e ceticismo em rela\u00e7\u00e3o ao Partido Comunista e \u00e0 pol\u00edtica de \u201ccovid zero\u201d. O governo de Xi Jinping tem seguido uma pol\u00edtica de confinamentos, testagem em massa e longas quarentenas para chegadas do estrangeiro, numa tentativa de limitar a propaga\u00e7\u00e3o do SARS-CoV-2.<\/span><\/p><\/blockquote><\/figure>\n\n\n\n<div class=\"wp-block-image\"><figure class=\"aligncenter size-large\"><img loading=\"lazy\" decoding=\"async\" width=\"1024\" height=\"110\" src=\"https:\/\/jornalfatosenoticias.com.br\/wp-content\/uploads\/2022\/10\/Arte-jornal-Zucchi-1120x120_Prancheta-1-1024x110.jpg\" alt=\"\" class=\"wp-image-34772\" srcset=\"https:\/\/jornalfatosenoticias.com.br\/wp-content\/uploads\/2022\/10\/Arte-jornal-Zucchi-1120x120_Prancheta-1-1024x110.jpg 1024w, https:\/\/jornalfatosenoticias.com.br\/wp-content\/uploads\/2022\/10\/Arte-jornal-Zucchi-1120x120_Prancheta-1-300x32.jpg 300w, https:\/\/jornalfatosenoticias.com.br\/wp-content\/uploads\/2022\/10\/Arte-jornal-Zucchi-1120x120_Prancheta-1-768x82.jpg 768w, https:\/\/jornalfatosenoticias.com.br\/wp-content\/uploads\/2022\/10\/Arte-jornal-Zucchi-1120x120_Prancheta-1-1536x165.jpg 1536w, https:\/\/jornalfatosenoticias.com.br\/wp-content\/uploads\/2022\/10\/Arte-jornal-Zucchi-1120x120_Prancheta-1-2048x219.jpg 2048w\" sizes=\"auto, (max-width: 1024px) 100vw, 1024px\" \/><\/figure><\/div>\n\n\n\n<p>O governo e os meios de comunica\u00e7\u00e3o estatais chineses mant\u00eam sil\u00eancio sobre os protestos. Os jornais desta ter\u00e7a-feira publicaram v\u00e1rios artigos sobre a pol\u00edtica \u201ccovid zero\u201d, incluindo um editorial na Ag\u00eancia de Not\u00edcias Xinhua, reconhecendo que a pandemia &#8220;teve algum impacto na produ\u00e7\u00e3o social e na vida&#8221;.<\/p>\n\n\n\n<div class=\"wp-block-image\"><figure class=\"aligncenter size-large is-resized\"><img loading=\"lazy\" decoding=\"async\" src=\"https:\/\/jornalfatosenoticias.com.br\/wp-content\/uploads\/2020\/02\/nova-logo-Marquetti.jpg\" alt=\"\" class=\"wp-image-22331\" width=\"286\" height=\"192\" srcset=\"https:\/\/jornalfatosenoticias.com.br\/wp-content\/uploads\/2020\/02\/nova-logo-Marquetti.jpg 643w, https:\/\/jornalfatosenoticias.com.br\/wp-content\/uploads\/2020\/02\/nova-logo-Marquetti-300x202.jpg 300w\" sizes=\"auto, (max-width: 286px) 100vw, 286px\" \/><\/figure><\/div>\n\n\n\n<p>Os protestos obrigaram a China a rever as pol\u00edticas de confinamento. As autoridades admitem abusos e imposi\u00e7\u00f5es arbitr\u00e1rias e tentam, assim, acalmar os manifestantes.<\/p>\n\n\n\n<div class=\"wp-block-image\"><figure class=\"alignright size-large is-resized\"><img loading=\"lazy\" decoding=\"async\" src=\"https:\/\/jornalfatosenoticias.com.br\/wp-content\/uploads\/2020\/02\/casa-do-torresmo_portal.jpg\" alt=\"\" class=\"wp-image-34472\" width=\"268\" height=\"268\" srcset=\"https:\/\/jornalfatosenoticias.com.br\/wp-content\/uploads\/2020\/02\/casa-do-torresmo_portal.jpg 300w, https:\/\/jornalfatosenoticias.com.br\/wp-content\/uploads\/2020\/02\/casa-do-torresmo_portal-150x150.jpg 150w\" sizes=\"auto, (max-width: 268px) 100vw, 268px\" \/><\/figure><\/div>\n\n\n\n<p><strong><span class=\"has-inline-color has-black-color\">Protestos no exterior<br><\/span><\/strong>Os cidad\u00e3os chineses residentes no exterior continuam a protestar contra a pol\u00edtica de Xi Jinping em pelo menos uma d\u00fazia de cidades em todo o mundo.<br>Em Hong Kong, dezenas de pessoas se reuniram no centro da cidade e no campus da universidade, numa manifesta\u00e7\u00e3o de solidariedade aos manifestantes da China continental.<br>Muitos reuniram-se tamb\u00e9m junto \u00e0s embaixadas da China nas principais cidades do mundo, como Londres, Paris e T\u00f3quio, e em universidades dos EUA e na Europa.<\/p>\n\n\n\n<div class=\"wp-block-image\"><figure class=\"aligncenter size-large\"><img loading=\"lazy\" decoding=\"async\" width=\"729\" height=\"90\" src=\"https:\/\/jornalfatosenoticias.com.br\/wp-content\/uploads\/2020\/02\/Logo_Mizu.png\" alt=\"\" class=\"wp-image-1441\" srcset=\"https:\/\/jornalfatosenoticias.com.br\/wp-content\/uploads\/2020\/02\/Logo_Mizu.png 729w, https:\/\/jornalfatosenoticias.com.br\/wp-content\/uploads\/2020\/02\/Logo_Mizu-300x37.png 300w\" sizes=\"auto, (max-width: 729px) 100vw, 729px\" \/><\/figure><\/div>\n\n\n\n<p><strong><span class=\"has-inline-color has-black-color\">Vacina\u00e7\u00e3o de idosos<br><\/span><\/strong>A China anunciou hoje que vai intensificar a campanha de vacina\u00e7\u00e3o contra o v\u00edrus SARS CoV-2 junto \u00e0s pessoas com mais de 80 anos.<br>A Comiss\u00e3o Nacional da Sa\u00fade comprometeu-se a ampliar &#8220;campanhas de vacina\u00e7\u00e3o a pessoas com mais de 80 anos&#8221; acrescentando que vai tamb\u00e9m aumentar a inocula\u00e7\u00e3o da popula\u00e7\u00e3o entre os 60 e os 79 anos de idade.<\/p>\n\n\n\n<div class=\"wp-block-image\"><figure class=\"aligncenter size-large is-resized\"><img loading=\"lazy\" decoding=\"async\" src=\"https:\/\/jornalfatosenoticias.com.br\/wp-content\/uploads\/2022\/07\/Logo-Grupo-SEI.jpg\" alt=\"\" class=\"wp-image-31973\" width=\"385\" height=\"202\" srcset=\"https:\/\/jornalfatosenoticias.com.br\/wp-content\/uploads\/2022\/07\/Logo-Grupo-SEI.jpg 713w, https:\/\/jornalfatosenoticias.com.br\/wp-content\/uploads\/2022\/07\/Logo-Grupo-SEI-300x158.jpg 300w\" sizes=\"auto, (max-width: 385px) 100vw, 385px\" \/><\/figure><\/div>\n\n\n\n<p><strong><em>Fonte: <a href=\"https:\/\/www.rtp.pt\/noticias\/mundo\/policia-chinesa-tenta-dissuadir-manifestacoes-anti-covid-zero_n1450317\">RTP<\/a><\/em><\/strong><\/p>\n","protected":false},"excerpt":{"rendered":"<p>Policiais patrulham \u00e1reas onde h\u00e1 possibilidade de manifesta\u00e7\u00f5es Depois de um fim de semana marcado por protestos em v\u00e1rias cidades chinesas contra a pol\u00edtica de &#8220;covid zero&#8221;, as autoridades policiais tentam dissuadir e localizar os manifestantes. Nesta ter\u00e7a-feira (29), a Comiss\u00e3o Nacional de Sa\u00fade da China anunciou a intensifica\u00e7\u00e3o da campanha de vacina\u00e7\u00e3o contra o [&hellip;]<\/p>\n","protected":false},"author":2,"featured_media":36467,"comment_status":"open","ping_status":"open","sticky":false,"template":"","format":"standard","meta":{"footnotes":""},"categories":[41],"tags":[85,17121,4969,330,17120,462,3070,2937,9243],"class_list":["post-36465","post","type-post","status-publish","format-standard","has-post-thumbnail","hentry","category-internacional","tag-china","tag-covid-zero","tag-manifestacao","tag-pandemia","tag-pequim","tag-policia","tag-protestos","tag-xangai","tag-xi-jinping"],"yoast_head":"<!-- This site is optimized with the Yoast SEO plugin v26.5 - https:\/\/yoast.com\/wordpress\/plugins\/seo\/ -->\n<title>Pol\u00edcia chinesa quer impedir protestos contra a pol\u00edtica de covid zero - Jornal Fatos e Not\u00edcias<\/title>\n<meta name=\"robots\" content=\"index, follow, max-snippet:-1, max-image-preview:large, max-video-preview:-1\" \/>\n<link rel=\"canonical\" href=\"https:\/\/jornalfatosenoticias.com.br\/index.php\/2022\/11\/29\/policia-chinesa-quer-impedir-protestos-contra-a-politica-de-covid-zero\/\" \/>\n<meta property=\"og:locale\" content=\"pt_BR\" \/>\n<meta property=\"og:type\" content=\"article\" \/>\n<meta property=\"og:title\" content=\"Pol\u00edcia chinesa quer impedir protestos contra a pol\u00edtica de covid zero - Jornal Fatos e Not\u00edcias\" \/>\n<meta property=\"og:description\" content=\"Policiais patrulham \u00e1reas onde h\u00e1 possibilidade de manifesta\u00e7\u00f5es Depois de um fim de semana marcado por protestos em v\u00e1rias cidades chinesas contra a pol\u00edtica de &#8220;covid zero&#8221;, as autoridades policiais tentam dissuadir e localizar os manifestantes. Nesta ter\u00e7a-feira (29), a Comiss\u00e3o Nacional de Sa\u00fade da China anunciou a intensifica\u00e7\u00e3o da campanha de vacina\u00e7\u00e3o contra o [&hellip;]\" \/>\n<meta property=\"og:url\" content=\"https:\/\/jornalfatosenoticias.com.br\/index.php\/2022\/11\/29\/policia-chinesa-quer-impedir-protestos-contra-a-politica-de-covid-zero\/\" \/>\n<meta property=\"og:site_name\" content=\"Jornal Fatos e Not\u00edcias\" \/>\n<meta property=\"article:published_time\" content=\"2022-11-29T17:10:32+00:00\" \/>\n<meta property=\"article:modified_time\" content=\"2022-11-29T17:10:34+00:00\" \/>\n<meta property=\"og:image\" content=\"https:\/\/jornalfatosenoticias.com.br\/wp-content\/uploads\/2022\/11\/protestos-pequim.jpg\" \/>\n\t<meta property=\"og:image:width\" content=\"1000\" \/>\n\t<meta property=\"og:image:height\" content=\"525\" \/>\n\t<meta property=\"og:image:type\" content=\"image\/jpeg\" \/>\n<meta name=\"author\" content=\"Luzimara Fernandes\" \/>\n<meta name=\"twitter:card\" content=\"summary_large_image\" \/>\n<meta name=\"twitter:label1\" content=\"Escrito por\" \/>\n\t<meta name=\"twitter:data1\" content=\"Luzimara Fernandes\" \/>\n\t<meta name=\"twitter:label2\" content=\"Est. tempo de leitura\" \/>\n\t<meta name=\"twitter:data2\" content=\"4 minutos\" \/>\n<script type=\"application\/ld+json\" class=\"yoast-schema-graph\">{\"@context\":\"https:\/\/schema.org\",\"@graph\":[{\"@type\":\"Article\",\"@id\":\"https:\/\/jornalfatosenoticias.com.br\/index.php\/2022\/11\/29\/policia-chinesa-quer-impedir-protestos-contra-a-politica-de-covid-zero\/#article\",\"isPartOf\":{\"@id\":\"https:\/\/jornalfatosenoticias.com.br\/index.php\/2022\/11\/29\/policia-chinesa-quer-impedir-protestos-contra-a-politica-de-covid-zero\/\"},\"author\":{\"name\":\"Luzimara Fernandes\",\"@id\":\"https:\/\/jornalfatosenoticias.com.br\/#\/schema\/person\/d63837fa13ac8666eb9e74e0985d6f81\"},\"headline\":\"Pol\u00edcia chinesa quer impedir protestos contra a pol\u00edtica de covid zero\",\"datePublished\":\"2022-11-29T17:10:32+00:00\",\"dateModified\":\"2022-11-29T17:10:34+00:00\",\"mainEntityOfPage\":{\"@id\":\"https:\/\/jornalfatosenoticias.com.br\/index.php\/2022\/11\/29\/policia-chinesa-quer-impedir-protestos-contra-a-politica-de-covid-zero\/\"},\"wordCount\":798,\"commentCount\":0,\"publisher\":{\"@id\":\"https:\/\/jornalfatosenoticias.com.br\/#organization\"},\"image\":{\"@id\":\"https:\/\/jornalfatosenoticias.com.br\/index.php\/2022\/11\/29\/policia-chinesa-quer-impedir-protestos-contra-a-politica-de-covid-zero\/#primaryimage\"},\"thumbnailUrl\":\"https:\/\/jornalfatosenoticias.com.br\/wp-content\/uploads\/2022\/11\/protestos-pequim.jpg\",\"keywords\":[\"china\",\"covid zero\",\"manifesta\u00e7\u00e3o\",\"pandemia\",\"Pequim\",\"pol\u00edcia\",\"protestos\",\"Xangai\",\"Xi Jinping\"],\"articleSection\":[\"Internacional\"],\"inLanguage\":\"pt-BR\",\"potentialAction\":[{\"@type\":\"CommentAction\",\"name\":\"Comment\",\"target\":[\"https:\/\/jornalfatosenoticias.com.br\/index.php\/2022\/11\/29\/policia-chinesa-quer-impedir-protestos-contra-a-politica-de-covid-zero\/#respond\"]}]},{\"@type\":\"WebPage\",\"@id\":\"https:\/\/jornalfatosenoticias.com.br\/index.php\/2022\/11\/29\/policia-chinesa-quer-impedir-protestos-contra-a-politica-de-covid-zero\/\",\"url\":\"https:\/\/jornalfatosenoticias.com.br\/index.php\/2022\/11\/29\/policia-chinesa-quer-impedir-protestos-contra-a-politica-de-covid-zero\/\",\"name\":\"Pol\u00edcia chinesa quer impedir protestos contra a pol\u00edtica de covid zero - Jornal Fatos e Not\u00edcias\",\"isPartOf\":{\"@id\":\"https:\/\/jornalfatosenoticias.com.br\/#website\"},\"primaryImageOfPage\":{\"@id\":\"https:\/\/jornalfatosenoticias.com.br\/index.php\/2022\/11\/29\/policia-chinesa-quer-impedir-protestos-contra-a-politica-de-covid-zero\/#primaryimage\"},\"image\":{\"@id\":\"https:\/\/jornalfatosenoticias.com.br\/index.php\/2022\/11\/29\/policia-chinesa-quer-impedir-protestos-contra-a-politica-de-covid-zero\/#primaryimage\"},\"thumbnailUrl\":\"https:\/\/jornalfatosenoticias.com.br\/wp-content\/uploads\/2022\/11\/protestos-pequim.jpg\",\"datePublished\":\"2022-11-29T17:10:32+00:00\",\"dateModified\":\"2022-11-29T17:10:34+00:00\",\"breadcrumb\":{\"@id\":\"https:\/\/jornalfatosenoticias.com.br\/index.php\/2022\/11\/29\/policia-chinesa-quer-impedir-protestos-contra-a-politica-de-covid-zero\/#breadcrumb\"},\"inLanguage\":\"pt-BR\",\"potentialAction\":[{\"@type\":\"ReadAction\",\"target\":[\"https:\/\/jornalfatosenoticias.com.br\/index.php\/2022\/11\/29\/policia-chinesa-quer-impedir-protestos-contra-a-politica-de-covid-zero\/\"]}]},{\"@type\":\"ImageObject\",\"inLanguage\":\"pt-BR\",\"@id\":\"https:\/\/jornalfatosenoticias.com.br\/index.php\/2022\/11\/29\/policia-chinesa-quer-impedir-protestos-contra-a-politica-de-covid-zero\/#primaryimage\",\"url\":\"https:\/\/jornalfatosenoticias.com.br\/wp-content\/uploads\/2022\/11\/protestos-pequim.jpg\",\"contentUrl\":\"https:\/\/jornalfatosenoticias.com.br\/wp-content\/uploads\/2022\/11\/protestos-pequim.jpg\",\"width\":1000,\"height\":525},{\"@type\":\"BreadcrumbList\",\"@id\":\"https:\/\/jornalfatosenoticias.com.br\/index.php\/2022\/11\/29\/policia-chinesa-quer-impedir-protestos-contra-a-politica-de-covid-zero\/#breadcrumb\",\"itemListElement\":[{\"@type\":\"ListItem\",\"position\":1,\"name\":\"In\u00edcio\",\"item\":\"https:\/\/jornalfatosenoticias.com.br\/\"},{\"@type\":\"ListItem\",\"position\":2,\"name\":\"Pol\u00edcia chinesa quer impedir protestos contra a pol\u00edtica de covid zero\"}]},{\"@type\":\"WebSite\",\"@id\":\"https:\/\/jornalfatosenoticias.com.br\/#website\",\"url\":\"https:\/\/jornalfatosenoticias.com.br\/\",\"name\":\"Jornal Fatos e Not\u00edcias\",\"description\":\"Not\u00edcias em geral\",\"publisher\":{\"@id\":\"https:\/\/jornalfatosenoticias.com.br\/#organization\"},\"potentialAction\":[{\"@type\":\"SearchAction\",\"target\":{\"@type\":\"EntryPoint\",\"urlTemplate\":\"https:\/\/jornalfatosenoticias.com.br\/?s={search_term_string}\"},\"query-input\":{\"@type\":\"PropertyValueSpecification\",\"valueRequired\":true,\"valueName\":\"search_term_string\"}}],\"inLanguage\":\"pt-BR\"},{\"@type\":\"Organization\",\"@id\":\"https:\/\/jornalfatosenoticias.com.br\/#organization\",\"name\":\"Jornal Fatos e Not\u00edcias\",\"url\":\"https:\/\/jornalfatosenoticias.com.br\/\",\"logo\":{\"@type\":\"ImageObject\",\"inLanguage\":\"pt-BR\",\"@id\":\"https:\/\/jornalfatosenoticias.com.br\/#\/schema\/logo\/image\/\",\"url\":\"https:\/\/jornalfatosenoticias.com.br\/wp-content\/uploads\/2020\/02\/logo120.png\",\"contentUrl\":\"https:\/\/jornalfatosenoticias.com.br\/wp-content\/uploads\/2020\/02\/logo120.png\",\"width\":1227,\"height\":120,\"caption\":\"Jornal Fatos e Not\u00edcias\"},\"image\":{\"@id\":\"https:\/\/jornalfatosenoticias.com.br\/#\/schema\/logo\/image\/\"}},{\"@type\":\"Person\",\"@id\":\"https:\/\/jornalfatosenoticias.com.br\/#\/schema\/person\/d63837fa13ac8666eb9e74e0985d6f81\",\"name\":\"Luzimara Fernandes\",\"image\":{\"@type\":\"ImageObject\",\"inLanguage\":\"pt-BR\",\"@id\":\"https:\/\/jornalfatosenoticias.com.br\/#\/schema\/person\/image\/\",\"url\":\"https:\/\/jornalfatosenoticias.com.br\/wp-content\/uploads\/2025\/05\/EU_portal.jpg\",\"contentUrl\":\"https:\/\/jornalfatosenoticias.com.br\/wp-content\/uploads\/2025\/05\/EU_portal.jpg\",\"caption\":\"Luzimara Fernandes\"},\"description\":\"Jornalista MTB 2358-ES\",\"sameAs\":[\"https:\/\/jornalfatosenoticias.com.br\"],\"url\":\"https:\/\/jornalfatosenoticias.com.br\/index.php\/author\/luzimara\/\"}]}<\/script>\n<!-- \/ Yoast SEO plugin. -->","yoast_head_json":{"title":"Pol\u00edcia chinesa quer impedir protestos contra a pol\u00edtica de covid zero - Jornal Fatos e Not\u00edcias","robots":{"index":"index","follow":"follow","max-snippet":"max-snippet:-1","max-image-preview":"max-image-preview:large","max-video-preview":"max-video-preview:-1"},"canonical":"https:\/\/jornalfatosenoticias.com.br\/index.php\/2022\/11\/29\/policia-chinesa-quer-impedir-protestos-contra-a-politica-de-covid-zero\/","og_locale":"pt_BR","og_type":"article","og_title":"Pol\u00edcia chinesa quer impedir protestos contra a pol\u00edtica de covid zero - Jornal Fatos e Not\u00edcias","og_description":"Policiais patrulham \u00e1reas onde h\u00e1 possibilidade de manifesta\u00e7\u00f5es Depois de um fim de semana marcado por protestos em v\u00e1rias cidades chinesas contra a pol\u00edtica de &#8220;covid zero&#8221;, as autoridades policiais tentam dissuadir e localizar os manifestantes. Nesta ter\u00e7a-feira (29), a Comiss\u00e3o Nacional de Sa\u00fade da China anunciou a intensifica\u00e7\u00e3o da campanha de vacina\u00e7\u00e3o contra o [&hellip;]","og_url":"https:\/\/jornalfatosenoticias.com.br\/index.php\/2022\/11\/29\/policia-chinesa-quer-impedir-protestos-contra-a-politica-de-covid-zero\/","og_site_name":"Jornal Fatos e Not\u00edcias","article_published_time":"2022-11-29T17:10:32+00:00","article_modified_time":"2022-11-29T17:10:34+00:00","og_image":[{"width":1000,"height":525,"url":"https:\/\/jornalfatosenoticias.com.br\/wp-content\/uploads\/2022\/11\/protestos-pequim.jpg","type":"image\/jpeg"}],"author":"Luzimara Fernandes","twitter_card":"summary_large_image","twitter_misc":{"Escrito por":"Luzimara Fernandes","Est. tempo de leitura":"4 minutos"},"schema":{"@context":"https:\/\/schema.org","@graph":[{"@type":"Article","@id":"https:\/\/jornalfatosenoticias.com.br\/index.php\/2022\/11\/29\/policia-chinesa-quer-impedir-protestos-contra-a-politica-de-covid-zero\/#article","isPartOf":{"@id":"https:\/\/jornalfatosenoticias.com.br\/index.php\/2022\/11\/29\/policia-chinesa-quer-impedir-protestos-contra-a-politica-de-covid-zero\/"},"author":{"name":"Luzimara Fernandes","@id":"https:\/\/jornalfatosenoticias.com.br\/#\/schema\/person\/d63837fa13ac8666eb9e74e0985d6f81"},"headline":"Pol\u00edcia chinesa quer impedir protestos contra a pol\u00edtica de covid zero","datePublished":"2022-11-29T17:10:32+00:00","dateModified":"2022-11-29T17:10:34+00:00","mainEntityOfPage":{"@id":"https:\/\/jornalfatosenoticias.com.br\/index.php\/2022\/11\/29\/policia-chinesa-quer-impedir-protestos-contra-a-politica-de-covid-zero\/"},"wordCount":798,"commentCount":0,"publisher":{"@id":"https:\/\/jornalfatosenoticias.com.br\/#organization"},"image":{"@id":"https:\/\/jornalfatosenoticias.com.br\/index.php\/2022\/11\/29\/policia-chinesa-quer-impedir-protestos-contra-a-politica-de-covid-zero\/#primaryimage"},"thumbnailUrl":"https:\/\/jornalfatosenoticias.com.br\/wp-content\/uploads\/2022\/11\/protestos-pequim.jpg","keywords":["china","covid zero","manifesta\u00e7\u00e3o","pandemia","Pequim","pol\u00edcia","protestos","Xangai","Xi Jinping"],"articleSection":["Internacional"],"inLanguage":"pt-BR","potentialAction":[{"@type":"CommentAction","name":"Comment","target":["https:\/\/jornalfatosenoticias.com.br\/index.php\/2022\/11\/29\/policia-chinesa-quer-impedir-protestos-contra-a-politica-de-covid-zero\/#respond"]}]},{"@type":"WebPage","@id":"https:\/\/jornalfatosenoticias.com.br\/index.php\/2022\/11\/29\/policia-chinesa-quer-impedir-protestos-contra-a-politica-de-covid-zero\/","url":"https:\/\/jornalfatosenoticias.com.br\/index.php\/2022\/11\/29\/policia-chinesa-quer-impedir-protestos-contra-a-politica-de-covid-zero\/","name":"Pol\u00edcia chinesa quer impedir protestos contra a pol\u00edtica de covid zero - Jornal Fatos e Not\u00edcias","isPartOf":{"@id":"https:\/\/jornalfatosenoticias.com.br\/#website"},"primaryImageOfPage":{"@id":"https:\/\/jornalfatosenoticias.com.br\/index.php\/2022\/11\/29\/policia-chinesa-quer-impedir-protestos-contra-a-politica-de-covid-zero\/#primaryimage"},"image":{"@id":"https:\/\/jornalfatosenoticias.com.br\/index.php\/2022\/11\/29\/policia-chinesa-quer-impedir-protestos-contra-a-politica-de-covid-zero\/#primaryimage"},"thumbnailUrl":"https:\/\/jornalfatosenoticias.com.br\/wp-content\/uploads\/2022\/11\/protestos-pequim.jpg","datePublished":"2022-11-29T17:10:32+00:00","dateModified":"2022-11-29T17:10:34+00:00","breadcrumb":{"@id":"https:\/\/jornalfatosenoticias.com.br\/index.php\/2022\/11\/29\/policia-chinesa-quer-impedir-protestos-contra-a-politica-de-covid-zero\/#breadcrumb"},"inLanguage":"pt-BR","potentialAction":[{"@type":"ReadAction","target":["https:\/\/jornalfatosenoticias.com.br\/index.php\/2022\/11\/29\/policia-chinesa-quer-impedir-protestos-contra-a-politica-de-covid-zero\/"]}]},{"@type":"ImageObject","inLanguage":"pt-BR","@id":"https:\/\/jornalfatosenoticias.com.br\/index.php\/2022\/11\/29\/policia-chinesa-quer-impedir-protestos-contra-a-politica-de-covid-zero\/#primaryimage","url":"https:\/\/jornalfatosenoticias.com.br\/wp-content\/uploads\/2022\/11\/protestos-pequim.jpg","contentUrl":"https:\/\/jornalfatosenoticias.com.br\/wp-content\/uploads\/2022\/11\/protestos-pequim.jpg","width":1000,"height":525},{"@type":"BreadcrumbList","@id":"https:\/\/jornalfatosenoticias.com.br\/index.php\/2022\/11\/29\/policia-chinesa-quer-impedir-protestos-contra-a-politica-de-covid-zero\/#breadcrumb","itemListElement":[{"@type":"ListItem","position":1,"name":"In\u00edcio","item":"https:\/\/jornalfatosenoticias.com.br\/"},{"@type":"ListItem","position":2,"name":"Pol\u00edcia chinesa quer impedir protestos contra a pol\u00edtica de covid zero"}]},{"@type":"WebSite","@id":"https:\/\/jornalfatosenoticias.com.br\/#website","url":"https:\/\/jornalfatosenoticias.com.br\/","name":"Jornal Fatos e Not\u00edcias","description":"Not\u00edcias em geral","publisher":{"@id":"https:\/\/jornalfatosenoticias.com.br\/#organization"},"potentialAction":[{"@type":"SearchAction","target":{"@type":"EntryPoint","urlTemplate":"https:\/\/jornalfatosenoticias.com.br\/?s={search_term_string}"},"query-input":{"@type":"PropertyValueSpecification","valueRequired":true,"valueName":"search_term_string"}}],"inLanguage":"pt-BR"},{"@type":"Organization","@id":"https:\/\/jornalfatosenoticias.com.br\/#organization","name":"Jornal Fatos e Not\u00edcias","url":"https:\/\/jornalfatosenoticias.com.br\/","logo":{"@type":"ImageObject","inLanguage":"pt-BR","@id":"https:\/\/jornalfatosenoticias.com.br\/#\/schema\/logo\/image\/","url":"https:\/\/jornalfatosenoticias.com.br\/wp-content\/uploads\/2020\/02\/logo120.png","contentUrl":"https:\/\/jornalfatosenoticias.com.br\/wp-content\/uploads\/2020\/02\/logo120.png","width":1227,"height":120,"caption":"Jornal Fatos e Not\u00edcias"},"image":{"@id":"https:\/\/jornalfatosenoticias.com.br\/#\/schema\/logo\/image\/"}},{"@type":"Person","@id":"https:\/\/jornalfatosenoticias.com.br\/#\/schema\/person\/d63837fa13ac8666eb9e74e0985d6f81","name":"Luzimara Fernandes","image":{"@type":"ImageObject","inLanguage":"pt-BR","@id":"https:\/\/jornalfatosenoticias.com.br\/#\/schema\/person\/image\/","url":"https:\/\/jornalfatosenoticias.com.br\/wp-content\/uploads\/2025\/05\/EU_portal.jpg","contentUrl":"https:\/\/jornalfatosenoticias.com.br\/wp-content\/uploads\/2025\/05\/EU_portal.jpg","caption":"Luzimara Fernandes"},"description":"Jornalista MTB 2358-ES","sameAs":["https:\/\/jornalfatosenoticias.com.br"],"url":"https:\/\/jornalfatosenoticias.com.br\/index.php\/author\/luzimara\/"}]}},"cc_featured_image_caption":{"caption_text":"(Foto: Mark R. Cristino\/EPA) \r\n","source_text":"","source_url":""},"jetpack_featured_media_url":"https:\/\/jornalfatosenoticias.com.br\/wp-content\/uploads\/2022\/11\/protestos-pequim.jpg","_links":{"self":[{"href":"https:\/\/jornalfatosenoticias.com.br\/index.php\/wp-json\/wp\/v2\/posts\/36465","targetHints":{"allow":["GET"]}}],"collection":[{"href":"https:\/\/jornalfatosenoticias.com.br\/index.php\/wp-json\/wp\/v2\/posts"}],"about":[{"href":"https:\/\/jornalfatosenoticias.com.br\/index.php\/wp-json\/wp\/v2\/types\/post"}],"author":[{"embeddable":true,"href":"https:\/\/jornalfatosenoticias.com.br\/index.php\/wp-json\/wp\/v2\/users\/2"}],"replies":[{"embeddable":true,"href":"https:\/\/jornalfatosenoticias.com.br\/index.php\/wp-json\/wp\/v2\/comments?post=36465"}],"version-history":[{"count":0,"href":"https:\/\/jornalfatosenoticias.com.br\/index.php\/wp-json\/wp\/v2\/posts\/36465\/revisions"}],"wp:featuredmedia":[{"embeddable":true,"href":"https:\/\/jornalfatosenoticias.com.br\/index.php\/wp-json\/wp\/v2\/media\/36467"}],"wp:attachment":[{"href":"https:\/\/jornalfatosenoticias.com.br\/index.php\/wp-json\/wp\/v2\/media?parent=36465"}],"wp:term":[{"taxonomy":"category","embeddable":true,"href":"https:\/\/jornalfatosenoticias.com.br\/index.php\/wp-json\/wp\/v2\/categories?post=36465"},{"taxonomy":"post_tag","embeddable":true,"href":"https:\/\/jornalfatosenoticias.com.br\/index.php\/wp-json\/wp\/v2\/tags?post=36465"}],"curies":[{"name":"wp","href":"https:\/\/api.w.org\/{rel}","templated":true}]}}