{"id":36469,"date":"2022-11-29T14:22:18","date_gmt":"2022-11-29T17:22:18","guid":{"rendered":"https:\/\/jornalfatosenoticias.com.br\/?p=36469"},"modified":"2022-11-29T14:22:19","modified_gmt":"2022-11-29T17:22:19","slug":"chuva-abre-cratera-na-br-101-em-aracruz-es","status":"publish","type":"post","link":"https:\/\/jornalfatosenoticias.com.br\/index.php\/2022\/11\/29\/chuva-abre-cratera-na-br-101-em-aracruz-es\/","title":{"rendered":"Chuva abre cratera na BR-101 em Aracruz, ES"},"content":{"rendered":"\n<p><em><span class=\"has-inline-color has-black-color\">A BR-101 percorre praticamente toda a costa leste do Pa\u00eds e \u00e9 um importante corredor de transporte de cargas<\/span><\/em><\/p>\n\n\n\n<div class=\"wp-block-image\"><figure class=\"aligncenter size-large\"><img loading=\"lazy\" decoding=\"async\" width=\"1024\" height=\"103\" src=\"https:\/\/jornalfatosenoticias.com.br\/wp-content\/uploads\/2022\/02\/Arte-Autoescola-Galatas_endereco_portal-1024x103.png\" alt=\"\" class=\"wp-image-27869\" srcset=\"https:\/\/jornalfatosenoticias.com.br\/wp-content\/uploads\/2022\/02\/Arte-Autoescola-Galatas_endereco_portal-1024x103.png 1024w, https:\/\/jornalfatosenoticias.com.br\/wp-content\/uploads\/2022\/02\/Arte-Autoescola-Galatas_endereco_portal-300x30.png 300w, https:\/\/jornalfatosenoticias.com.br\/wp-content\/uploads\/2022\/02\/Arte-Autoescola-Galatas_endereco_portal-768x77.png 768w, https:\/\/jornalfatosenoticias.com.br\/wp-content\/uploads\/2022\/02\/Arte-Autoescola-Galatas_endereco_portal.png 1223w\" sizes=\"auto, (max-width: 1024px) 100vw, 1024px\" \/><\/figure><\/div>\n\n\n\n<p>As fortes chuvas que atingem o Esp\u00edrito Santo provocaram a abertura de uma cratera na BR-101 em Aracruz. O tr\u00e2nsito foi interrompido e n\u00e3o h\u00e1 previs\u00e3o de libera\u00e7\u00e3o, segundo informa\u00e7\u00f5es da Pol\u00edcia Rodovi\u00e1ria Federal.<br>De acordo com a PRF, a interdi\u00e7\u00e3o \u00e9 no km 170, na localidade de Rio Quartel. O desvio est\u00e1 sendo feito em Jo\u00e3o Neiva, passando por Colatina e indo para Linhares pela Beira Rio, com mais ou menos 125 km de dist\u00e2ncia.<\/p>\n\n\n\n<div class=\"wp-block-image\"><figure class=\"aligncenter size-large is-resized\"><img loading=\"lazy\" decoding=\"async\" src=\"https:\/\/jornalfatosenoticias.com.br\/wp-content\/uploads\/2022\/10\/RC_800x750_page-0001.jpg\" alt=\"\" class=\"wp-image-35338\" width=\"266\" height=\"249\" srcset=\"https:\/\/jornalfatosenoticias.com.br\/wp-content\/uploads\/2022\/10\/RC_800x750_page-0001.jpg 400w, https:\/\/jornalfatosenoticias.com.br\/wp-content\/uploads\/2022\/10\/RC_800x750_page-0001-300x281.jpg 300w\" sizes=\"auto, (max-width: 266px) 100vw, 266px\" \/><\/figure><\/div>\n\n\n\n<p>Uma rota alternativa \u00e9 retornar para o Centro de Linhares com destino \u00e0 ES 248, que liga Linhares a Colatina. De l\u00e1, os condutores acessam a Segunda Ponte at\u00e9 a BR 259. Nesta via, seguem at\u00e9 o trevo de Jo\u00e3o Neiva que liga a BR 259 com a BR 101.<\/p>\n\n\n\n<figure class=\"wp-block-embed-twitter wp-block-embed is-type-rich is-provider-twitter\"><div class=\"wp-block-embed__wrapper\">\n<blockquote class=\"twitter-tweet\" data-width=\"550\" data-dnt=\"true\"><p lang=\"pt\" dir=\"ltr\">\u26a0\ufe0fATEN\u00c7\u00c3O &#8211; INTERDI\u00c7\u00c3O TOTAL DE PISTA\u26a0\ufe0f<br>Em Linhares\/ES, no km 169 da BR 101 pista totalmente interditada em virtude das chuvas. Sem previs\u00e3o de libera\u00e7\u00e3o. Verifique aplicativos de mobilidade para definir a melhor alternativa de acordo com o seu destino.<a href=\"https:\/\/t.co\/AzYfYXwejB\">https:\/\/t.co\/AzYfYXwejB<\/a><\/p>&mdash; PRF &#8211; Esp\u00edrito Santo (@PRF191ES) <a href=\"https:\/\/twitter.com\/PRF191ES\/status\/1597564407311392768?ref_src=twsrc%5Etfw\">November 29, 2022<\/a><\/blockquote><script async src=\"https:\/\/platform.twitter.com\/widgets.js\" charset=\"utf-8\"><\/script>\n<\/div><\/figure>\n\n\n\n<p><strong><em>Fonte: <a href=\"https:\/\/gazetabrasil.com.br\/brasil\/2022\/11\/29\/chuva-abre-cratera-na-br-101-em-aracruz-es\/\">Gazeta Brasil<\/a><\/em><\/strong><\/p>\n","protected":false},"excerpt":{"rendered":"<p>A BR-101 percorre praticamente toda a costa leste do Pa\u00eds e \u00e9 um importante corredor de transporte de cargas As fortes chuvas que atingem o Esp\u00edrito Santo provocaram a abertura de uma cratera na BR-101 em Aracruz. O tr\u00e2nsito foi interrompido e n\u00e3o h\u00e1 previs\u00e3o de libera\u00e7\u00e3o, segundo informa\u00e7\u00f5es da Pol\u00edcia Rodovi\u00e1ria Federal.De acordo com [&hellip;]<\/p>\n","protected":false},"author":2,"featured_media":36470,"comment_status":"open","ping_status":"open","sticky":false,"template":"","format":"standard","meta":{"footnotes":""},"categories":[5],"tags":[1548,17122,303,9723,100,17123,12829],"class_list":["post-36469","post","type-post","status-publish","format-standard","has-post-thumbnail","hentry","category-geral","tag-aracruz","tag-br-101","tag-chuva","tag-cratera","tag-espirito-santo","tag-interdicao","tag-prf"],"yoast_head":"<!-- This site is optimized with the Yoast SEO plugin v26.5 - https:\/\/yoast.com\/wordpress\/plugins\/seo\/ -->\n<title>Chuva abre cratera na BR-101 em Aracruz, ES - Jornal Fatos e Not\u00edcias<\/title>\n<meta name=\"robots\" content=\"index, follow, max-snippet:-1, max-image-preview:large, max-video-preview:-1\" \/>\n<link rel=\"canonical\" href=\"https:\/\/jornalfatosenoticias.com.br\/index.php\/2022\/11\/29\/chuva-abre-cratera-na-br-101-em-aracruz-es\/\" \/>\n<meta property=\"og:locale\" content=\"pt_BR\" \/>\n<meta property=\"og:type\" content=\"article\" \/>\n<meta property=\"og:title\" content=\"Chuva abre cratera na BR-101 em Aracruz, ES - Jornal Fatos e Not\u00edcias\" \/>\n<meta property=\"og:description\" content=\"A BR-101 percorre praticamente toda a costa leste do Pa\u00eds e \u00e9 um importante corredor de transporte de cargas As fortes chuvas que atingem o Esp\u00edrito Santo provocaram a abertura de uma cratera na BR-101 em Aracruz. O tr\u00e2nsito foi interrompido e n\u00e3o h\u00e1 previs\u00e3o de libera\u00e7\u00e3o, segundo informa\u00e7\u00f5es da Pol\u00edcia Rodovi\u00e1ria Federal.De acordo com [&hellip;]\" \/>\n<meta property=\"og:url\" content=\"https:\/\/jornalfatosenoticias.com.br\/index.php\/2022\/11\/29\/chuva-abre-cratera-na-br-101-em-aracruz-es\/\" \/>\n<meta property=\"og:site_name\" content=\"Jornal Fatos e Not\u00edcias\" \/>\n<meta property=\"article:published_time\" content=\"2022-11-29T17:22:18+00:00\" \/>\n<meta property=\"article:modified_time\" content=\"2022-11-29T17:22:19+00:00\" \/>\n<meta property=\"og:image\" content=\"https:\/\/jornalfatosenoticias.com.br\/wp-content\/uploads\/2022\/11\/cratera-br-101-linhares-2.jpg\" \/>\n\t<meta property=\"og:image:width\" content=\"1000\" \/>\n\t<meta property=\"og:image:height\" content=\"762\" \/>\n\t<meta property=\"og:image:type\" content=\"image\/jpeg\" \/>\n<meta name=\"author\" content=\"Luzimara Fernandes\" \/>\n<meta name=\"twitter:card\" content=\"summary_large_image\" \/>\n<meta name=\"twitter:label1\" content=\"Escrito por\" \/>\n\t<meta name=\"twitter:data1\" content=\"Luzimara Fernandes\" \/>\n\t<meta name=\"twitter:label2\" content=\"Est. tempo de leitura\" \/>\n\t<meta name=\"twitter:data2\" content=\"1 minuto\" \/>\n<script type=\"application\/ld+json\" class=\"yoast-schema-graph\">{\"@context\":\"https:\/\/schema.org\",\"@graph\":[{\"@type\":\"Article\",\"@id\":\"https:\/\/jornalfatosenoticias.com.br\/index.php\/2022\/11\/29\/chuva-abre-cratera-na-br-101-em-aracruz-es\/#article\",\"isPartOf\":{\"@id\":\"https:\/\/jornalfatosenoticias.com.br\/index.php\/2022\/11\/29\/chuva-abre-cratera-na-br-101-em-aracruz-es\/\"},\"author\":{\"name\":\"Luzimara Fernandes\",\"@id\":\"https:\/\/jornalfatosenoticias.com.br\/#\/schema\/person\/d63837fa13ac8666eb9e74e0985d6f81\"},\"headline\":\"Chuva abre cratera na BR-101 em Aracruz, ES\",\"datePublished\":\"2022-11-29T17:22:18+00:00\",\"dateModified\":\"2022-11-29T17:22:19+00:00\",\"mainEntityOfPage\":{\"@id\":\"https:\/\/jornalfatosenoticias.com.br\/index.php\/2022\/11\/29\/chuva-abre-cratera-na-br-101-em-aracruz-es\/\"},\"wordCount\":202,\"commentCount\":0,\"publisher\":{\"@id\":\"https:\/\/jornalfatosenoticias.com.br\/#organization\"},\"image\":{\"@id\":\"https:\/\/jornalfatosenoticias.com.br\/index.php\/2022\/11\/29\/chuva-abre-cratera-na-br-101-em-aracruz-es\/#primaryimage\"},\"thumbnailUrl\":\"https:\/\/jornalfatosenoticias.com.br\/wp-content\/uploads\/2022\/11\/cratera-br-101-linhares-2.jpg\",\"keywords\":[\"Aracruz\",\"BR-101\",\"chuva\",\"cratera\",\"Esp\u00edrito Santo\",\"interdi\u00e7\u00e3o\",\"PRF\"],\"articleSection\":[\"Geral\"],\"inLanguage\":\"pt-BR\",\"potentialAction\":[{\"@type\":\"CommentAction\",\"name\":\"Comment\",\"target\":[\"https:\/\/jornalfatosenoticias.com.br\/index.php\/2022\/11\/29\/chuva-abre-cratera-na-br-101-em-aracruz-es\/#respond\"]}]},{\"@type\":\"WebPage\",\"@id\":\"https:\/\/jornalfatosenoticias.com.br\/index.php\/2022\/11\/29\/chuva-abre-cratera-na-br-101-em-aracruz-es\/\",\"url\":\"https:\/\/jornalfatosenoticias.com.br\/index.php\/2022\/11\/29\/chuva-abre-cratera-na-br-101-em-aracruz-es\/\",\"name\":\"Chuva abre cratera na BR-101 em Aracruz, ES - Jornal Fatos e Not\u00edcias\",\"isPartOf\":{\"@id\":\"https:\/\/jornalfatosenoticias.com.br\/#website\"},\"primaryImageOfPage\":{\"@id\":\"https:\/\/jornalfatosenoticias.com.br\/index.php\/2022\/11\/29\/chuva-abre-cratera-na-br-101-em-aracruz-es\/#primaryimage\"},\"image\":{\"@id\":\"https:\/\/jornalfatosenoticias.com.br\/index.php\/2022\/11\/29\/chuva-abre-cratera-na-br-101-em-aracruz-es\/#primaryimage\"},\"thumbnailUrl\":\"https:\/\/jornalfatosenoticias.com.br\/wp-content\/uploads\/2022\/11\/cratera-br-101-linhares-2.jpg\",\"datePublished\":\"2022-11-29T17:22:18+00:00\",\"dateModified\":\"2022-11-29T17:22:19+00:00\",\"breadcrumb\":{\"@id\":\"https:\/\/jornalfatosenoticias.com.br\/index.php\/2022\/11\/29\/chuva-abre-cratera-na-br-101-em-aracruz-es\/#breadcrumb\"},\"inLanguage\":\"pt-BR\",\"potentialAction\":[{\"@type\":\"ReadAction\",\"target\":[\"https:\/\/jornalfatosenoticias.com.br\/index.php\/2022\/11\/29\/chuva-abre-cratera-na-br-101-em-aracruz-es\/\"]}]},{\"@type\":\"ImageObject\",\"inLanguage\":\"pt-BR\",\"@id\":\"https:\/\/jornalfatosenoticias.com.br\/index.php\/2022\/11\/29\/chuva-abre-cratera-na-br-101-em-aracruz-es\/#primaryimage\",\"url\":\"https:\/\/jornalfatosenoticias.com.br\/wp-content\/uploads\/2022\/11\/cratera-br-101-linhares-2.jpg\",\"contentUrl\":\"https:\/\/jornalfatosenoticias.com.br\/wp-content\/uploads\/2022\/11\/cratera-br-101-linhares-2.jpg\",\"width\":1000,\"height\":762},{\"@type\":\"BreadcrumbList\",\"@id\":\"https:\/\/jornalfatosenoticias.com.br\/index.php\/2022\/11\/29\/chuva-abre-cratera-na-br-101-em-aracruz-es\/#breadcrumb\",\"itemListElement\":[{\"@type\":\"ListItem\",\"position\":1,\"name\":\"In\u00edcio\",\"item\":\"https:\/\/jornalfatosenoticias.com.br\/\"},{\"@type\":\"ListItem\",\"position\":2,\"name\":\"Chuva abre cratera na BR-101 em Aracruz, ES\"}]},{\"@type\":\"WebSite\",\"@id\":\"https:\/\/jornalfatosenoticias.com.br\/#website\",\"url\":\"https:\/\/jornalfatosenoticias.com.br\/\",\"name\":\"Jornal Fatos e Not\u00edcias\",\"description\":\"Not\u00edcias em geral\",\"publisher\":{\"@id\":\"https:\/\/jornalfatosenoticias.com.br\/#organization\"},\"potentialAction\":[{\"@type\":\"SearchAction\",\"target\":{\"@type\":\"EntryPoint\",\"urlTemplate\":\"https:\/\/jornalfatosenoticias.com.br\/?s={search_term_string}\"},\"query-input\":{\"@type\":\"PropertyValueSpecification\",\"valueRequired\":true,\"valueName\":\"search_term_string\"}}],\"inLanguage\":\"pt-BR\"},{\"@type\":\"Organization\",\"@id\":\"https:\/\/jornalfatosenoticias.com.br\/#organization\",\"name\":\"Jornal Fatos e Not\u00edcias\",\"url\":\"https:\/\/jornalfatosenoticias.com.br\/\",\"logo\":{\"@type\":\"ImageObject\",\"inLanguage\":\"pt-BR\",\"@id\":\"https:\/\/jornalfatosenoticias.com.br\/#\/schema\/logo\/image\/\",\"url\":\"https:\/\/jornalfatosenoticias.com.br\/wp-content\/uploads\/2020\/02\/logo120.png\",\"contentUrl\":\"https:\/\/jornalfatosenoticias.com.br\/wp-content\/uploads\/2020\/02\/logo120.png\",\"width\":1227,\"height\":120,\"caption\":\"Jornal Fatos e Not\u00edcias\"},\"image\":{\"@id\":\"https:\/\/jornalfatosenoticias.com.br\/#\/schema\/logo\/image\/\"}},{\"@type\":\"Person\",\"@id\":\"https:\/\/jornalfatosenoticias.com.br\/#\/schema\/person\/d63837fa13ac8666eb9e74e0985d6f81\",\"name\":\"Luzimara Fernandes\",\"image\":{\"@type\":\"ImageObject\",\"inLanguage\":\"pt-BR\",\"@id\":\"https:\/\/jornalfatosenoticias.com.br\/#\/schema\/person\/image\/\",\"url\":\"https:\/\/jornalfatosenoticias.com.br\/wp-content\/uploads\/2025\/05\/EU_portal.jpg\",\"contentUrl\":\"https:\/\/jornalfatosenoticias.com.br\/wp-content\/uploads\/2025\/05\/EU_portal.jpg\",\"caption\":\"Luzimara Fernandes\"},\"description\":\"Jornalista MTB 2358-ES\",\"sameAs\":[\"https:\/\/jornalfatosenoticias.com.br\"],\"url\":\"https:\/\/jornalfatosenoticias.com.br\/index.php\/author\/luzimara\/\"}]}<\/script>\n<!-- \/ Yoast SEO plugin. -->","yoast_head_json":{"title":"Chuva abre cratera na BR-101 em Aracruz, ES - Jornal Fatos e Not\u00edcias","robots":{"index":"index","follow":"follow","max-snippet":"max-snippet:-1","max-image-preview":"max-image-preview:large","max-video-preview":"max-video-preview:-1"},"canonical":"https:\/\/jornalfatosenoticias.com.br\/index.php\/2022\/11\/29\/chuva-abre-cratera-na-br-101-em-aracruz-es\/","og_locale":"pt_BR","og_type":"article","og_title":"Chuva abre cratera na BR-101 em Aracruz, ES - Jornal Fatos e Not\u00edcias","og_description":"A BR-101 percorre praticamente toda a costa leste do Pa\u00eds e \u00e9 um importante corredor de transporte de cargas As fortes chuvas que atingem o Esp\u00edrito Santo provocaram a abertura de uma cratera na BR-101 em Aracruz. O tr\u00e2nsito foi interrompido e n\u00e3o h\u00e1 previs\u00e3o de libera\u00e7\u00e3o, segundo informa\u00e7\u00f5es da Pol\u00edcia Rodovi\u00e1ria Federal.De acordo com [&hellip;]","og_url":"https:\/\/jornalfatosenoticias.com.br\/index.php\/2022\/11\/29\/chuva-abre-cratera-na-br-101-em-aracruz-es\/","og_site_name":"Jornal Fatos e Not\u00edcias","article_published_time":"2022-11-29T17:22:18+00:00","article_modified_time":"2022-11-29T17:22:19+00:00","og_image":[{"width":1000,"height":762,"url":"https:\/\/jornalfatosenoticias.com.br\/wp-content\/uploads\/2022\/11\/cratera-br-101-linhares-2.jpg","type":"image\/jpeg"}],"author":"Luzimara Fernandes","twitter_card":"summary_large_image","twitter_misc":{"Escrito por":"Luzimara Fernandes","Est. tempo de leitura":"1 minuto"},"schema":{"@context":"https:\/\/schema.org","@graph":[{"@type":"Article","@id":"https:\/\/jornalfatosenoticias.com.br\/index.php\/2022\/11\/29\/chuva-abre-cratera-na-br-101-em-aracruz-es\/#article","isPartOf":{"@id":"https:\/\/jornalfatosenoticias.com.br\/index.php\/2022\/11\/29\/chuva-abre-cratera-na-br-101-em-aracruz-es\/"},"author":{"name":"Luzimara Fernandes","@id":"https:\/\/jornalfatosenoticias.com.br\/#\/schema\/person\/d63837fa13ac8666eb9e74e0985d6f81"},"headline":"Chuva abre cratera na BR-101 em Aracruz, ES","datePublished":"2022-11-29T17:22:18+00:00","dateModified":"2022-11-29T17:22:19+00:00","mainEntityOfPage":{"@id":"https:\/\/jornalfatosenoticias.com.br\/index.php\/2022\/11\/29\/chuva-abre-cratera-na-br-101-em-aracruz-es\/"},"wordCount":202,"commentCount":0,"publisher":{"@id":"https:\/\/jornalfatosenoticias.com.br\/#organization"},"image":{"@id":"https:\/\/jornalfatosenoticias.com.br\/index.php\/2022\/11\/29\/chuva-abre-cratera-na-br-101-em-aracruz-es\/#primaryimage"},"thumbnailUrl":"https:\/\/jornalfatosenoticias.com.br\/wp-content\/uploads\/2022\/11\/cratera-br-101-linhares-2.jpg","keywords":["Aracruz","BR-101","chuva","cratera","Esp\u00edrito Santo","interdi\u00e7\u00e3o","PRF"],"articleSection":["Geral"],"inLanguage":"pt-BR","potentialAction":[{"@type":"CommentAction","name":"Comment","target":["https:\/\/jornalfatosenoticias.com.br\/index.php\/2022\/11\/29\/chuva-abre-cratera-na-br-101-em-aracruz-es\/#respond"]}]},{"@type":"WebPage","@id":"https:\/\/jornalfatosenoticias.com.br\/index.php\/2022\/11\/29\/chuva-abre-cratera-na-br-101-em-aracruz-es\/","url":"https:\/\/jornalfatosenoticias.com.br\/index.php\/2022\/11\/29\/chuva-abre-cratera-na-br-101-em-aracruz-es\/","name":"Chuva abre cratera na BR-101 em Aracruz, ES - Jornal Fatos e Not\u00edcias","isPartOf":{"@id":"https:\/\/jornalfatosenoticias.com.br\/#website"},"primaryImageOfPage":{"@id":"https:\/\/jornalfatosenoticias.com.br\/index.php\/2022\/11\/29\/chuva-abre-cratera-na-br-101-em-aracruz-es\/#primaryimage"},"image":{"@id":"https:\/\/jornalfatosenoticias.com.br\/index.php\/2022\/11\/29\/chuva-abre-cratera-na-br-101-em-aracruz-es\/#primaryimage"},"thumbnailUrl":"https:\/\/jornalfatosenoticias.com.br\/wp-content\/uploads\/2022\/11\/cratera-br-101-linhares-2.jpg","datePublished":"2022-11-29T17:22:18+00:00","dateModified":"2022-11-29T17:22:19+00:00","breadcrumb":{"@id":"https:\/\/jornalfatosenoticias.com.br\/index.php\/2022\/11\/29\/chuva-abre-cratera-na-br-101-em-aracruz-es\/#breadcrumb"},"inLanguage":"pt-BR","potentialAction":[{"@type":"ReadAction","target":["https:\/\/jornalfatosenoticias.com.br\/index.php\/2022\/11\/29\/chuva-abre-cratera-na-br-101-em-aracruz-es\/"]}]},{"@type":"ImageObject","inLanguage":"pt-BR","@id":"https:\/\/jornalfatosenoticias.com.br\/index.php\/2022\/11\/29\/chuva-abre-cratera-na-br-101-em-aracruz-es\/#primaryimage","url":"https:\/\/jornalfatosenoticias.com.br\/wp-content\/uploads\/2022\/11\/cratera-br-101-linhares-2.jpg","contentUrl":"https:\/\/jornalfatosenoticias.com.br\/wp-content\/uploads\/2022\/11\/cratera-br-101-linhares-2.jpg","width":1000,"height":762},{"@type":"BreadcrumbList","@id":"https:\/\/jornalfatosenoticias.com.br\/index.php\/2022\/11\/29\/chuva-abre-cratera-na-br-101-em-aracruz-es\/#breadcrumb","itemListElement":[{"@type":"ListItem","position":1,"name":"In\u00edcio","item":"https:\/\/jornalfatosenoticias.com.br\/"},{"@type":"ListItem","position":2,"name":"Chuva abre cratera na BR-101 em Aracruz, ES"}]},{"@type":"WebSite","@id":"https:\/\/jornalfatosenoticias.com.br\/#website","url":"https:\/\/jornalfatosenoticias.com.br\/","name":"Jornal Fatos e Not\u00edcias","description":"Not\u00edcias em geral","publisher":{"@id":"https:\/\/jornalfatosenoticias.com.br\/#organization"},"potentialAction":[{"@type":"SearchAction","target":{"@type":"EntryPoint","urlTemplate":"https:\/\/jornalfatosenoticias.com.br\/?s={search_term_string}"},"query-input":{"@type":"PropertyValueSpecification","valueRequired":true,"valueName":"search_term_string"}}],"inLanguage":"pt-BR"},{"@type":"Organization","@id":"https:\/\/jornalfatosenoticias.com.br\/#organization","name":"Jornal Fatos e Not\u00edcias","url":"https:\/\/jornalfatosenoticias.com.br\/","logo":{"@type":"ImageObject","inLanguage":"pt-BR","@id":"https:\/\/jornalfatosenoticias.com.br\/#\/schema\/logo\/image\/","url":"https:\/\/jornalfatosenoticias.com.br\/wp-content\/uploads\/2020\/02\/logo120.png","contentUrl":"https:\/\/jornalfatosenoticias.com.br\/wp-content\/uploads\/2020\/02\/logo120.png","width":1227,"height":120,"caption":"Jornal Fatos e Not\u00edcias"},"image":{"@id":"https:\/\/jornalfatosenoticias.com.br\/#\/schema\/logo\/image\/"}},{"@type":"Person","@id":"https:\/\/jornalfatosenoticias.com.br\/#\/schema\/person\/d63837fa13ac8666eb9e74e0985d6f81","name":"Luzimara Fernandes","image":{"@type":"ImageObject","inLanguage":"pt-BR","@id":"https:\/\/jornalfatosenoticias.com.br\/#\/schema\/person\/image\/","url":"https:\/\/jornalfatosenoticias.com.br\/wp-content\/uploads\/2025\/05\/EU_portal.jpg","contentUrl":"https:\/\/jornalfatosenoticias.com.br\/wp-content\/uploads\/2025\/05\/EU_portal.jpg","caption":"Luzimara Fernandes"},"description":"Jornalista MTB 2358-ES","sameAs":["https:\/\/jornalfatosenoticias.com.br"],"url":"https:\/\/jornalfatosenoticias.com.br\/index.php\/author\/luzimara\/"}]}},"cc_featured_image_caption":{"caption_text":"(Foto: Reprodu\u00e7\u00e3o) ","source_text":"","source_url":""},"jetpack_featured_media_url":"https:\/\/jornalfatosenoticias.com.br\/wp-content\/uploads\/2022\/11\/cratera-br-101-linhares-2.jpg","_links":{"self":[{"href":"https:\/\/jornalfatosenoticias.com.br\/index.php\/wp-json\/wp\/v2\/posts\/36469","targetHints":{"allow":["GET"]}}],"collection":[{"href":"https:\/\/jornalfatosenoticias.com.br\/index.php\/wp-json\/wp\/v2\/posts"}],"about":[{"href":"https:\/\/jornalfatosenoticias.com.br\/index.php\/wp-json\/wp\/v2\/types\/post"}],"author":[{"embeddable":true,"href":"https:\/\/jornalfatosenoticias.com.br\/index.php\/wp-json\/wp\/v2\/users\/2"}],"replies":[{"embeddable":true,"href":"https:\/\/jornalfatosenoticias.com.br\/index.php\/wp-json\/wp\/v2\/comments?post=36469"}],"version-history":[{"count":0,"href":"https:\/\/jornalfatosenoticias.com.br\/index.php\/wp-json\/wp\/v2\/posts\/36469\/revisions"}],"wp:featuredmedia":[{"embeddable":true,"href":"https:\/\/jornalfatosenoticias.com.br\/index.php\/wp-json\/wp\/v2\/media\/36470"}],"wp:attachment":[{"href":"https:\/\/jornalfatosenoticias.com.br\/index.php\/wp-json\/wp\/v2\/media?parent=36469"}],"wp:term":[{"taxonomy":"category","embeddable":true,"href":"https:\/\/jornalfatosenoticias.com.br\/index.php\/wp-json\/wp\/v2\/categories?post=36469"},{"taxonomy":"post_tag","embeddable":true,"href":"https:\/\/jornalfatosenoticias.com.br\/index.php\/wp-json\/wp\/v2\/tags?post=36469"}],"curies":[{"name":"wp","href":"https:\/\/api.w.org\/{rel}","templated":true}]}}