{"id":3651,"date":"2020-04-27T10:14:13","date_gmt":"2020-04-27T13:14:13","guid":{"rendered":"https:\/\/jornalfatosenoticias.com.br\/?p=3651"},"modified":"2020-04-27T10:14:18","modified_gmt":"2020-04-27T13:14:18","slug":"saque-de-auxilio-emergencial-comeca-a-ser-liberado-hoje","status":"publish","type":"post","link":"https:\/\/jornalfatosenoticias.com.br\/index.php\/2020\/04\/27\/saque-de-auxilio-emergencial-comeca-a-ser-liberado-hoje\/","title":{"rendered":"Saque de aux\u00edlio emergencial come\u00e7a a ser liberado hoje"},"content":{"rendered":"\n<h6 class=\"wp-block-heading\"><em>Caixa j\u00e1 creditou at\u00e9 ontem R$ 26,2 bi para 37,2 milh\u00f5es de pessoas<\/em><\/h6>\n\n\n\n<p>A Caixa Econ\u00f4mica Federal come\u00e7a a liberar hoje (27) o saque do aux\u00edlio emergencial, de forma escalonada, conforme o m\u00eas de nascimento do benefici\u00e1rio. O objetivo da libera\u00e7\u00e3o aos poucos \u00e9 reduzir o n\u00famero de pessoas nas ag\u00eancias e lot\u00e9ricas e, assim, evitar aglomera\u00e7\u00f5es.<br>Os recursos creditados na poupan\u00e7a digital j\u00e1 podiam ser utilizados por meio do aplicativo Caixa Tem para pagamentos e transfer\u00eancias, entre outros servi\u00e7os. Quem indicou conta banc\u00e1ria anterior ou recebeu os R$ 600 em substitui\u00e7\u00e3o ao Bolsa Fam\u00edlia n\u00e3o tem restri\u00e7\u00e3o para saque.<br>Veja o calend\u00e1rio de saque em esp\u00e9cie da poupan\u00e7a digital sem cart\u00e3o nos canais de autoatendimento e lot\u00e9ricas:<\/p>\n\n\n\n<p>27 de abril \u2013 nascidos em janeiro e fevereiro<\/p>\n\n\n\n<p>28 de abril \u2013 nascidos em mar\u00e7o e abril<\/p>\n\n\n\n<p>29 de abril \u2013 nascidos em maio e junho<\/p>\n\n\n\n<p>30 de abril \u2013 nascidos julho e agosto<\/p>\n\n\n\n<p>04 de maio \u2013 nascidos em setembro e outubro<\/p>\n\n\n\n<p>05 de maio \u2013 nascidos em novembro e dezembro<\/p>\n\n\n\n<h4 class=\"wp-block-heading\">Balan\u00e7o<\/h4>\n\n\n\n<p>At\u00e9 as 21h desse domingo (26), a Caixa havia creditado R$ 26,2 bilh\u00f5es para 37,2 milh\u00f5es de pessoas, grupo formado por benefici\u00e1rios do Bolsa Fam\u00edlia, aqueles que fizeram inscri\u00e7\u00e3o no Cadastro \u00danico para Programas Sociais (Cad\u00danico) e no aplicativo ou site do aux\u00edlio.<br>Pelo calend\u00e1rio da Caixa, foi iniciado o pagamento da segunda parcela no \u00faltimo dia 23, para os benefici\u00e1rios nascidos em janeiro e fevereiro. Hoje \u00e9 a vez dos nascidos em julho e agosto, amanh\u00e3 (28), a segunda parcela ser\u00e1 paga aos nascidos em setembro e outubro e na quarta-feira (29), aos nascidos em novembro e dezembro.<br>O banco tamb\u00e9m segue fazendo pagamento para benefici\u00e1rio do Bolsa Fam\u00edlia, conforme calend\u00e1rio normal do programa. Hoje, ser\u00e1 feito o pagamento para 921.061 pessoas, com N\u00famero de Identifica\u00e7\u00e3o Social (NIS) final 7.<br>Amanh\u00e3 ser\u00e1 creditado o benef\u00edcio para 917.991 pessoas, com NIS final 8. Na quarta-feira, ser\u00e1 feito o pagamento para 920.953 pessoas com NIS final 9, e na quinta-feira (30), ser\u00e1 a vez de 918.047 pessoas, com NIS final 0.<\/p>\n\n\n\n<p><em><strong>Fonte: <a href=\"https:\/\/agenciabrasil.ebc.com.br\/economia\/noticia\/2020-04\/saque-de-auxilio-emergencial-comeca-ser-liberado-hoje\">Ag\u00eancia Brasil<\/a><\/strong><\/em><\/p>\n","protected":false},"excerpt":{"rendered":"<p>Caixa j\u00e1 creditou at\u00e9 ontem R$ 26,2 bi para 37,2 milh\u00f5es de pessoas A Caixa Econ\u00f4mica Federal come\u00e7a a liberar hoje (27) o saque do aux\u00edlio emergencial, de forma escalonada, conforme o m\u00eas de nascimento do benefici\u00e1rio. O objetivo da libera\u00e7\u00e3o aos poucos \u00e9 reduzir o n\u00famero de pessoas nas ag\u00eancias e lot\u00e9ricas e, assim, [&hellip;]<\/p>\n","protected":false},"author":2,"featured_media":3652,"comment_status":"open","ping_status":"open","sticky":false,"template":"","format":"standard","meta":{"footnotes":""},"categories":[9],"tags":[1686,1685,2093,1808],"class_list":["post-3651","post","type-post","status-publish","format-standard","has-post-thumbnail","hentry","category-economia","tag-auxilio-emergencial","tag-caixa","tag-calendario","tag-pagamento"],"yoast_head":"<!-- This site is optimized with the Yoast SEO plugin v26.5 - https:\/\/yoast.com\/wordpress\/plugins\/seo\/ -->\n<title>Saque de aux\u00edlio emergencial come\u00e7a a ser liberado hoje - Jornal Fatos e Not\u00edcias<\/title>\n<meta name=\"robots\" content=\"index, follow, max-snippet:-1, max-image-preview:large, max-video-preview:-1\" \/>\n<link rel=\"canonical\" href=\"https:\/\/jornalfatosenoticias.com.br\/index.php\/2020\/04\/27\/saque-de-auxilio-emergencial-comeca-a-ser-liberado-hoje\/\" \/>\n<meta property=\"og:locale\" content=\"pt_BR\" \/>\n<meta property=\"og:type\" content=\"article\" \/>\n<meta property=\"og:title\" content=\"Saque de aux\u00edlio emergencial come\u00e7a a ser liberado hoje - Jornal Fatos e Not\u00edcias\" \/>\n<meta property=\"og:description\" content=\"Caixa j\u00e1 creditou at\u00e9 ontem R$ 26,2 bi para 37,2 milh\u00f5es de pessoas A Caixa Econ\u00f4mica Federal come\u00e7a a liberar hoje (27) o saque do aux\u00edlio emergencial, de forma escalonada, conforme o m\u00eas de nascimento do benefici\u00e1rio. O objetivo da libera\u00e7\u00e3o aos poucos \u00e9 reduzir o n\u00famero de pessoas nas ag\u00eancias e lot\u00e9ricas e, assim, [&hellip;]\" \/>\n<meta property=\"og:url\" content=\"https:\/\/jornalfatosenoticias.com.br\/index.php\/2020\/04\/27\/saque-de-auxilio-emergencial-comeca-a-ser-liberado-hoje\/\" \/>\n<meta property=\"og:site_name\" content=\"Jornal Fatos e Not\u00edcias\" \/>\n<meta property=\"article:published_time\" content=\"2020-04-27T13:14:13+00:00\" \/>\n<meta property=\"article:modified_time\" content=\"2020-04-27T13:14:18+00:00\" \/>\n<meta property=\"og:image\" content=\"https:\/\/jornalfatosenoticias.com.br\/wp-content\/uploads\/2020\/04\/caixa.jpg\" \/>\n\t<meta property=\"og:image:width\" content=\"1000\" \/>\n\t<meta property=\"og:image:height\" content=\"598\" \/>\n\t<meta property=\"og:image:type\" content=\"image\/jpeg\" \/>\n<meta name=\"author\" content=\"Luzimara Fernandes\" \/>\n<meta name=\"twitter:card\" content=\"summary_large_image\" \/>\n<meta name=\"twitter:label1\" content=\"Escrito por\" \/>\n\t<meta name=\"twitter:data1\" content=\"Luzimara Fernandes\" \/>\n\t<meta name=\"twitter:label2\" content=\"Est. tempo de leitura\" \/>\n\t<meta name=\"twitter:data2\" content=\"2 minutos\" \/>\n<script type=\"application\/ld+json\" class=\"yoast-schema-graph\">{\"@context\":\"https:\/\/schema.org\",\"@graph\":[{\"@type\":\"Article\",\"@id\":\"https:\/\/jornalfatosenoticias.com.br\/index.php\/2020\/04\/27\/saque-de-auxilio-emergencial-comeca-a-ser-liberado-hoje\/#article\",\"isPartOf\":{\"@id\":\"https:\/\/jornalfatosenoticias.com.br\/index.php\/2020\/04\/27\/saque-de-auxilio-emergencial-comeca-a-ser-liberado-hoje\/\"},\"author\":{\"name\":\"Luzimara Fernandes\",\"@id\":\"https:\/\/jornalfatosenoticias.com.br\/#\/schema\/person\/d63837fa13ac8666eb9e74e0985d6f81\"},\"headline\":\"Saque de aux\u00edlio emergencial come\u00e7a a ser liberado hoje\",\"datePublished\":\"2020-04-27T13:14:13+00:00\",\"dateModified\":\"2020-04-27T13:14:18+00:00\",\"mainEntityOfPage\":{\"@id\":\"https:\/\/jornalfatosenoticias.com.br\/index.php\/2020\/04\/27\/saque-de-auxilio-emergencial-comeca-a-ser-liberado-hoje\/\"},\"wordCount\":366,\"commentCount\":0,\"publisher\":{\"@id\":\"https:\/\/jornalfatosenoticias.com.br\/#organization\"},\"image\":{\"@id\":\"https:\/\/jornalfatosenoticias.com.br\/index.php\/2020\/04\/27\/saque-de-auxilio-emergencial-comeca-a-ser-liberado-hoje\/#primaryimage\"},\"thumbnailUrl\":\"https:\/\/jornalfatosenoticias.com.br\/wp-content\/uploads\/2020\/04\/caixa.jpg\",\"keywords\":[\"aux\u00edlio emergencial\",\"Caixa\",\"calend\u00e1rio\",\"pagamento\"],\"articleSection\":[\"Economia\"],\"inLanguage\":\"pt-BR\",\"potentialAction\":[{\"@type\":\"CommentAction\",\"name\":\"Comment\",\"target\":[\"https:\/\/jornalfatosenoticias.com.br\/index.php\/2020\/04\/27\/saque-de-auxilio-emergencial-comeca-a-ser-liberado-hoje\/#respond\"]}]},{\"@type\":\"WebPage\",\"@id\":\"https:\/\/jornalfatosenoticias.com.br\/index.php\/2020\/04\/27\/saque-de-auxilio-emergencial-comeca-a-ser-liberado-hoje\/\",\"url\":\"https:\/\/jornalfatosenoticias.com.br\/index.php\/2020\/04\/27\/saque-de-auxilio-emergencial-comeca-a-ser-liberado-hoje\/\",\"name\":\"Saque de aux\u00edlio emergencial come\u00e7a a ser liberado hoje - Jornal Fatos e Not\u00edcias\",\"isPartOf\":{\"@id\":\"https:\/\/jornalfatosenoticias.com.br\/#website\"},\"primaryImageOfPage\":{\"@id\":\"https:\/\/jornalfatosenoticias.com.br\/index.php\/2020\/04\/27\/saque-de-auxilio-emergencial-comeca-a-ser-liberado-hoje\/#primaryimage\"},\"image\":{\"@id\":\"https:\/\/jornalfatosenoticias.com.br\/index.php\/2020\/04\/27\/saque-de-auxilio-emergencial-comeca-a-ser-liberado-hoje\/#primaryimage\"},\"thumbnailUrl\":\"https:\/\/jornalfatosenoticias.com.br\/wp-content\/uploads\/2020\/04\/caixa.jpg\",\"datePublished\":\"2020-04-27T13:14:13+00:00\",\"dateModified\":\"2020-04-27T13:14:18+00:00\",\"breadcrumb\":{\"@id\":\"https:\/\/jornalfatosenoticias.com.br\/index.php\/2020\/04\/27\/saque-de-auxilio-emergencial-comeca-a-ser-liberado-hoje\/#breadcrumb\"},\"inLanguage\":\"pt-BR\",\"potentialAction\":[{\"@type\":\"ReadAction\",\"target\":[\"https:\/\/jornalfatosenoticias.com.br\/index.php\/2020\/04\/27\/saque-de-auxilio-emergencial-comeca-a-ser-liberado-hoje\/\"]}]},{\"@type\":\"ImageObject\",\"inLanguage\":\"pt-BR\",\"@id\":\"https:\/\/jornalfatosenoticias.com.br\/index.php\/2020\/04\/27\/saque-de-auxilio-emergencial-comeca-a-ser-liberado-hoje\/#primaryimage\",\"url\":\"https:\/\/jornalfatosenoticias.com.br\/wp-content\/uploads\/2020\/04\/caixa.jpg\",\"contentUrl\":\"https:\/\/jornalfatosenoticias.com.br\/wp-content\/uploads\/2020\/04\/caixa.jpg\",\"width\":1000,\"height\":598,\"caption\":\"Ag\u00eancias da Caixa abrir\u00e3o neste s\u00e1bado para saque do FGTS\"},{\"@type\":\"BreadcrumbList\",\"@id\":\"https:\/\/jornalfatosenoticias.com.br\/index.php\/2020\/04\/27\/saque-de-auxilio-emergencial-comeca-a-ser-liberado-hoje\/#breadcrumb\",\"itemListElement\":[{\"@type\":\"ListItem\",\"position\":1,\"name\":\"In\u00edcio\",\"item\":\"https:\/\/jornalfatosenoticias.com.br\/\"},{\"@type\":\"ListItem\",\"position\":2,\"name\":\"Saque de aux\u00edlio emergencial come\u00e7a a ser liberado hoje\"}]},{\"@type\":\"WebSite\",\"@id\":\"https:\/\/jornalfatosenoticias.com.br\/#website\",\"url\":\"https:\/\/jornalfatosenoticias.com.br\/\",\"name\":\"Jornal Fatos e Not\u00edcias\",\"description\":\"Not\u00edcias em geral\",\"publisher\":{\"@id\":\"https:\/\/jornalfatosenoticias.com.br\/#organization\"},\"potentialAction\":[{\"@type\":\"SearchAction\",\"target\":{\"@type\":\"EntryPoint\",\"urlTemplate\":\"https:\/\/jornalfatosenoticias.com.br\/?s={search_term_string}\"},\"query-input\":{\"@type\":\"PropertyValueSpecification\",\"valueRequired\":true,\"valueName\":\"search_term_string\"}}],\"inLanguage\":\"pt-BR\"},{\"@type\":\"Organization\",\"@id\":\"https:\/\/jornalfatosenoticias.com.br\/#organization\",\"name\":\"Jornal Fatos e Not\u00edcias\",\"url\":\"https:\/\/jornalfatosenoticias.com.br\/\",\"logo\":{\"@type\":\"ImageObject\",\"inLanguage\":\"pt-BR\",\"@id\":\"https:\/\/jornalfatosenoticias.com.br\/#\/schema\/logo\/image\/\",\"url\":\"https:\/\/jornalfatosenoticias.com.br\/wp-content\/uploads\/2020\/02\/logo120.png\",\"contentUrl\":\"https:\/\/jornalfatosenoticias.com.br\/wp-content\/uploads\/2020\/02\/logo120.png\",\"width\":1227,\"height\":120,\"caption\":\"Jornal Fatos e Not\u00edcias\"},\"image\":{\"@id\":\"https:\/\/jornalfatosenoticias.com.br\/#\/schema\/logo\/image\/\"}},{\"@type\":\"Person\",\"@id\":\"https:\/\/jornalfatosenoticias.com.br\/#\/schema\/person\/d63837fa13ac8666eb9e74e0985d6f81\",\"name\":\"Luzimara Fernandes\",\"image\":{\"@type\":\"ImageObject\",\"inLanguage\":\"pt-BR\",\"@id\":\"https:\/\/jornalfatosenoticias.com.br\/#\/schema\/person\/image\/\",\"url\":\"https:\/\/jornalfatosenoticias.com.br\/wp-content\/uploads\/2025\/05\/EU_portal.jpg\",\"contentUrl\":\"https:\/\/jornalfatosenoticias.com.br\/wp-content\/uploads\/2025\/05\/EU_portal.jpg\",\"caption\":\"Luzimara Fernandes\"},\"description\":\"Jornalista MTB 2358-ES\",\"sameAs\":[\"https:\/\/jornalfatosenoticias.com.br\"],\"url\":\"https:\/\/jornalfatosenoticias.com.br\/index.php\/author\/luzimara\/\"}]}<\/script>\n<!-- \/ Yoast SEO plugin. -->","yoast_head_json":{"title":"Saque de aux\u00edlio emergencial come\u00e7a a ser liberado hoje - Jornal Fatos e Not\u00edcias","robots":{"index":"index","follow":"follow","max-snippet":"max-snippet:-1","max-image-preview":"max-image-preview:large","max-video-preview":"max-video-preview:-1"},"canonical":"https:\/\/jornalfatosenoticias.com.br\/index.php\/2020\/04\/27\/saque-de-auxilio-emergencial-comeca-a-ser-liberado-hoje\/","og_locale":"pt_BR","og_type":"article","og_title":"Saque de aux\u00edlio emergencial come\u00e7a a ser liberado hoje - Jornal Fatos e Not\u00edcias","og_description":"Caixa j\u00e1 creditou at\u00e9 ontem R$ 26,2 bi para 37,2 milh\u00f5es de pessoas A Caixa Econ\u00f4mica Federal come\u00e7a a liberar hoje (27) o saque do aux\u00edlio emergencial, de forma escalonada, conforme o m\u00eas de nascimento do benefici\u00e1rio. O objetivo da libera\u00e7\u00e3o aos poucos \u00e9 reduzir o n\u00famero de pessoas nas ag\u00eancias e lot\u00e9ricas e, assim, [&hellip;]","og_url":"https:\/\/jornalfatosenoticias.com.br\/index.php\/2020\/04\/27\/saque-de-auxilio-emergencial-comeca-a-ser-liberado-hoje\/","og_site_name":"Jornal Fatos e Not\u00edcias","article_published_time":"2020-04-27T13:14:13+00:00","article_modified_time":"2020-04-27T13:14:18+00:00","og_image":[{"width":1000,"height":598,"url":"https:\/\/jornalfatosenoticias.com.br\/wp-content\/uploads\/2020\/04\/caixa.jpg","type":"image\/jpeg"}],"author":"Luzimara Fernandes","twitter_card":"summary_large_image","twitter_misc":{"Escrito por":"Luzimara Fernandes","Est. tempo de leitura":"2 minutos"},"schema":{"@context":"https:\/\/schema.org","@graph":[{"@type":"Article","@id":"https:\/\/jornalfatosenoticias.com.br\/index.php\/2020\/04\/27\/saque-de-auxilio-emergencial-comeca-a-ser-liberado-hoje\/#article","isPartOf":{"@id":"https:\/\/jornalfatosenoticias.com.br\/index.php\/2020\/04\/27\/saque-de-auxilio-emergencial-comeca-a-ser-liberado-hoje\/"},"author":{"name":"Luzimara Fernandes","@id":"https:\/\/jornalfatosenoticias.com.br\/#\/schema\/person\/d63837fa13ac8666eb9e74e0985d6f81"},"headline":"Saque de aux\u00edlio emergencial come\u00e7a a ser liberado hoje","datePublished":"2020-04-27T13:14:13+00:00","dateModified":"2020-04-27T13:14:18+00:00","mainEntityOfPage":{"@id":"https:\/\/jornalfatosenoticias.com.br\/index.php\/2020\/04\/27\/saque-de-auxilio-emergencial-comeca-a-ser-liberado-hoje\/"},"wordCount":366,"commentCount":0,"publisher":{"@id":"https:\/\/jornalfatosenoticias.com.br\/#organization"},"image":{"@id":"https:\/\/jornalfatosenoticias.com.br\/index.php\/2020\/04\/27\/saque-de-auxilio-emergencial-comeca-a-ser-liberado-hoje\/#primaryimage"},"thumbnailUrl":"https:\/\/jornalfatosenoticias.com.br\/wp-content\/uploads\/2020\/04\/caixa.jpg","keywords":["aux\u00edlio emergencial","Caixa","calend\u00e1rio","pagamento"],"articleSection":["Economia"],"inLanguage":"pt-BR","potentialAction":[{"@type":"CommentAction","name":"Comment","target":["https:\/\/jornalfatosenoticias.com.br\/index.php\/2020\/04\/27\/saque-de-auxilio-emergencial-comeca-a-ser-liberado-hoje\/#respond"]}]},{"@type":"WebPage","@id":"https:\/\/jornalfatosenoticias.com.br\/index.php\/2020\/04\/27\/saque-de-auxilio-emergencial-comeca-a-ser-liberado-hoje\/","url":"https:\/\/jornalfatosenoticias.com.br\/index.php\/2020\/04\/27\/saque-de-auxilio-emergencial-comeca-a-ser-liberado-hoje\/","name":"Saque de aux\u00edlio emergencial come\u00e7a a ser liberado hoje - Jornal Fatos e Not\u00edcias","isPartOf":{"@id":"https:\/\/jornalfatosenoticias.com.br\/#website"},"primaryImageOfPage":{"@id":"https:\/\/jornalfatosenoticias.com.br\/index.php\/2020\/04\/27\/saque-de-auxilio-emergencial-comeca-a-ser-liberado-hoje\/#primaryimage"},"image":{"@id":"https:\/\/jornalfatosenoticias.com.br\/index.php\/2020\/04\/27\/saque-de-auxilio-emergencial-comeca-a-ser-liberado-hoje\/#primaryimage"},"thumbnailUrl":"https:\/\/jornalfatosenoticias.com.br\/wp-content\/uploads\/2020\/04\/caixa.jpg","datePublished":"2020-04-27T13:14:13+00:00","dateModified":"2020-04-27T13:14:18+00:00","breadcrumb":{"@id":"https:\/\/jornalfatosenoticias.com.br\/index.php\/2020\/04\/27\/saque-de-auxilio-emergencial-comeca-a-ser-liberado-hoje\/#breadcrumb"},"inLanguage":"pt-BR","potentialAction":[{"@type":"ReadAction","target":["https:\/\/jornalfatosenoticias.com.br\/index.php\/2020\/04\/27\/saque-de-auxilio-emergencial-comeca-a-ser-liberado-hoje\/"]}]},{"@type":"ImageObject","inLanguage":"pt-BR","@id":"https:\/\/jornalfatosenoticias.com.br\/index.php\/2020\/04\/27\/saque-de-auxilio-emergencial-comeca-a-ser-liberado-hoje\/#primaryimage","url":"https:\/\/jornalfatosenoticias.com.br\/wp-content\/uploads\/2020\/04\/caixa.jpg","contentUrl":"https:\/\/jornalfatosenoticias.com.br\/wp-content\/uploads\/2020\/04\/caixa.jpg","width":1000,"height":598,"caption":"Ag\u00eancias da Caixa abrir\u00e3o neste s\u00e1bado para saque do FGTS"},{"@type":"BreadcrumbList","@id":"https:\/\/jornalfatosenoticias.com.br\/index.php\/2020\/04\/27\/saque-de-auxilio-emergencial-comeca-a-ser-liberado-hoje\/#breadcrumb","itemListElement":[{"@type":"ListItem","position":1,"name":"In\u00edcio","item":"https:\/\/jornalfatosenoticias.com.br\/"},{"@type":"ListItem","position":2,"name":"Saque de aux\u00edlio emergencial come\u00e7a a ser liberado hoje"}]},{"@type":"WebSite","@id":"https:\/\/jornalfatosenoticias.com.br\/#website","url":"https:\/\/jornalfatosenoticias.com.br\/","name":"Jornal Fatos e Not\u00edcias","description":"Not\u00edcias em geral","publisher":{"@id":"https:\/\/jornalfatosenoticias.com.br\/#organization"},"potentialAction":[{"@type":"SearchAction","target":{"@type":"EntryPoint","urlTemplate":"https:\/\/jornalfatosenoticias.com.br\/?s={search_term_string}"},"query-input":{"@type":"PropertyValueSpecification","valueRequired":true,"valueName":"search_term_string"}}],"inLanguage":"pt-BR"},{"@type":"Organization","@id":"https:\/\/jornalfatosenoticias.com.br\/#organization","name":"Jornal Fatos e Not\u00edcias","url":"https:\/\/jornalfatosenoticias.com.br\/","logo":{"@type":"ImageObject","inLanguage":"pt-BR","@id":"https:\/\/jornalfatosenoticias.com.br\/#\/schema\/logo\/image\/","url":"https:\/\/jornalfatosenoticias.com.br\/wp-content\/uploads\/2020\/02\/logo120.png","contentUrl":"https:\/\/jornalfatosenoticias.com.br\/wp-content\/uploads\/2020\/02\/logo120.png","width":1227,"height":120,"caption":"Jornal Fatos e Not\u00edcias"},"image":{"@id":"https:\/\/jornalfatosenoticias.com.br\/#\/schema\/logo\/image\/"}},{"@type":"Person","@id":"https:\/\/jornalfatosenoticias.com.br\/#\/schema\/person\/d63837fa13ac8666eb9e74e0985d6f81","name":"Luzimara Fernandes","image":{"@type":"ImageObject","inLanguage":"pt-BR","@id":"https:\/\/jornalfatosenoticias.com.br\/#\/schema\/person\/image\/","url":"https:\/\/jornalfatosenoticias.com.br\/wp-content\/uploads\/2025\/05\/EU_portal.jpg","contentUrl":"https:\/\/jornalfatosenoticias.com.br\/wp-content\/uploads\/2025\/05\/EU_portal.jpg","caption":"Luzimara Fernandes"},"description":"Jornalista MTB 2358-ES","sameAs":["https:\/\/jornalfatosenoticias.com.br"],"url":"https:\/\/jornalfatosenoticias.com.br\/index.php\/author\/luzimara\/"}]}},"cc_featured_image_caption":{"caption_text":"(Foto: Jos\u00e9 Cruz\/Ag\u00eancia Brasil)\r\n","source_text":"","source_url":""},"jetpack_featured_media_url":"https:\/\/jornalfatosenoticias.com.br\/wp-content\/uploads\/2020\/04\/caixa.jpg","_links":{"self":[{"href":"https:\/\/jornalfatosenoticias.com.br\/index.php\/wp-json\/wp\/v2\/posts\/3651","targetHints":{"allow":["GET"]}}],"collection":[{"href":"https:\/\/jornalfatosenoticias.com.br\/index.php\/wp-json\/wp\/v2\/posts"}],"about":[{"href":"https:\/\/jornalfatosenoticias.com.br\/index.php\/wp-json\/wp\/v2\/types\/post"}],"author":[{"embeddable":true,"href":"https:\/\/jornalfatosenoticias.com.br\/index.php\/wp-json\/wp\/v2\/users\/2"}],"replies":[{"embeddable":true,"href":"https:\/\/jornalfatosenoticias.com.br\/index.php\/wp-json\/wp\/v2\/comments?post=3651"}],"version-history":[{"count":0,"href":"https:\/\/jornalfatosenoticias.com.br\/index.php\/wp-json\/wp\/v2\/posts\/3651\/revisions"}],"wp:featuredmedia":[{"embeddable":true,"href":"https:\/\/jornalfatosenoticias.com.br\/index.php\/wp-json\/wp\/v2\/media\/3652"}],"wp:attachment":[{"href":"https:\/\/jornalfatosenoticias.com.br\/index.php\/wp-json\/wp\/v2\/media?parent=3651"}],"wp:term":[{"taxonomy":"category","embeddable":true,"href":"https:\/\/jornalfatosenoticias.com.br\/index.php\/wp-json\/wp\/v2\/categories?post=3651"},{"taxonomy":"post_tag","embeddable":true,"href":"https:\/\/jornalfatosenoticias.com.br\/index.php\/wp-json\/wp\/v2\/tags?post=3651"}],"curies":[{"name":"wp","href":"https:\/\/api.w.org\/{rel}","templated":true}]}}