{"id":3654,"date":"2020-04-27T10:21:20","date_gmt":"2020-04-27T13:21:20","guid":{"rendered":"https:\/\/jornalfatosenoticias.com.br\/?p=3654"},"modified":"2020-04-27T10:21:25","modified_gmt":"2020-04-27T13:21:25","slug":"tv-escola-estreia-200-horas-de-programacao-inedita","status":"publish","type":"post","link":"https:\/\/jornalfatosenoticias.com.br\/index.php\/2020\/04\/27\/tv-escola-estreia-200-horas-de-programacao-inedita\/","title":{"rendered":"TV Escola estreia 200 horas de programa\u00e7\u00e3o in\u00e9dita"},"content":{"rendered":"\n<h6 class=\"wp-block-heading\"><em>No total, mas de mil horas de conte\u00fado est\u00e3o dispon\u00edveis<\/em><\/h6>\n\n\n\n<p>A partir desta segunda-feira (27), a TV Escola exibir\u00e1 mais de mil horas de conte\u00fado educativo. Desse total, 200 horas s\u00e3o de v\u00eddeos e document\u00e1rios in\u00e9ditos.<br>Estar\u00e3o dispon\u00edveis no \u00e2mbito da iniciativa Seguimos Conectados, programas para o ensino fundamental e ensino m\u00e9dio, e de forma\u00e7\u00e3o para professores e outros educadores, com destaque para o programa Hora do Enem, que prepara alunos para o Exame Nacional do Ensino M\u00e9dio.<br>Al\u00e9m da internet, o sinal da TV Escola pode ser sintonizado via antena parab\u00f3lica (digital ou anal\u00f3gica) em todo o Pa\u00eds. O sinal tamb\u00e9m est\u00e1 dispon\u00edvel nas TVs por assinatura Sky (Canal 112), Telef\u00f4nica TV Digital (Canal 694), Via Embratel (Canal 123), Oi TV (950) e NET Bras\u00edlia (Canal 4). Em Bras\u00edlia, a TV Escola pode ser assistida no canal 2.3 (digital).<br>Segundo nota de divulga\u00e7\u00e3o da Funda\u00e7\u00e3o Roquette Pinto, o objetivo da iniciativa \u00e9 \u201cajudar a reorganizar as rotinas de mais de 50 milh\u00f5es de crian\u00e7as e jovens brasileiros sem aulas por causa da Covid-19\u201d.<br>Professores das redes de ensino p\u00fablica e privada tamb\u00e9m podem colaborar com a programa\u00e7\u00e3o da TV Escola enviando videoaulas pelo e-mail conexaoescola@tvescola.org. Uma curadoria de especialistas em educa\u00e7\u00e3o analisar\u00e1 o material para decidir sobre a publica\u00e7\u00e3o na plataforma.<\/p>\n\n\n\n<p><em><strong>Fonte: <a href=\"https:\/\/agenciabrasil.ebc.com.br\/educacao\/noticia\/2020-04\/tv-escola-estreia-200-horas-de-programacao-inedita\">Ag\u00eancia Brasil<\/a><\/strong><\/em><\/p>\n","protected":false},"excerpt":{"rendered":"<p>No total, mas de mil horas de conte\u00fado est\u00e3o dispon\u00edveis A partir desta segunda-feira (27), a TV Escola exibir\u00e1 mais de mil horas de conte\u00fado educativo. Desse total, 200 horas s\u00e3o de v\u00eddeos e document\u00e1rios in\u00e9ditos.Estar\u00e3o dispon\u00edveis no \u00e2mbito da iniciativa Seguimos Conectados, programas para o ensino fundamental e ensino m\u00e9dio, e de forma\u00e7\u00e3o para [&hellip;]<\/p>\n","protected":false},"author":2,"featured_media":3655,"comment_status":"open","ping_status":"open","sticky":false,"template":"","format":"standard","meta":{"footnotes":""},"categories":[7],"tags":[2094,2095,2096,879],"class_list":["post-3654","post","type-post","status-publish","format-standard","has-post-thumbnail","hentry","category-educacao","tag-conteudo-inedito","tag-documentarios","tag-tv-escola","tag-videos"],"yoast_head":"<!-- This site is optimized with the Yoast SEO plugin v26.5 - https:\/\/yoast.com\/wordpress\/plugins\/seo\/ -->\n<title>TV Escola estreia 200 horas de programa\u00e7\u00e3o in\u00e9dita - Jornal Fatos e Not\u00edcias<\/title>\n<meta name=\"robots\" content=\"index, follow, max-snippet:-1, max-image-preview:large, max-video-preview:-1\" \/>\n<link rel=\"canonical\" href=\"https:\/\/jornalfatosenoticias.com.br\/index.php\/2020\/04\/27\/tv-escola-estreia-200-horas-de-programacao-inedita\/\" \/>\n<meta property=\"og:locale\" content=\"pt_BR\" \/>\n<meta property=\"og:type\" content=\"article\" \/>\n<meta property=\"og:title\" content=\"TV Escola estreia 200 horas de programa\u00e7\u00e3o in\u00e9dita - Jornal Fatos e Not\u00edcias\" \/>\n<meta property=\"og:description\" content=\"No total, mas de mil horas de conte\u00fado est\u00e3o dispon\u00edveis A partir desta segunda-feira (27), a TV Escola exibir\u00e1 mais de mil horas de conte\u00fado educativo. Desse total, 200 horas s\u00e3o de v\u00eddeos e document\u00e1rios in\u00e9ditos.Estar\u00e3o dispon\u00edveis no \u00e2mbito da iniciativa Seguimos Conectados, programas para o ensino fundamental e ensino m\u00e9dio, e de forma\u00e7\u00e3o para [&hellip;]\" \/>\n<meta property=\"og:url\" content=\"https:\/\/jornalfatosenoticias.com.br\/index.php\/2020\/04\/27\/tv-escola-estreia-200-horas-de-programacao-inedita\/\" \/>\n<meta property=\"og:site_name\" content=\"Jornal Fatos e Not\u00edcias\" \/>\n<meta property=\"article:published_time\" content=\"2020-04-27T13:21:20+00:00\" \/>\n<meta property=\"article:modified_time\" content=\"2020-04-27T13:21:25+00:00\" \/>\n<meta property=\"og:image\" content=\"https:\/\/jornalfatosenoticias.com.br\/wp-content\/uploads\/2020\/04\/tv-escola.jpeg\" \/>\n\t<meta property=\"og:image:width\" content=\"1000\" \/>\n\t<meta property=\"og:image:height\" content=\"598\" \/>\n\t<meta property=\"og:image:type\" content=\"image\/jpeg\" \/>\n<meta name=\"author\" content=\"Luzimara Fernandes\" \/>\n<meta name=\"twitter:card\" content=\"summary_large_image\" \/>\n<meta name=\"twitter:label1\" content=\"Escrito por\" \/>\n\t<meta name=\"twitter:data1\" content=\"Luzimara Fernandes\" \/>\n\t<meta name=\"twitter:label2\" content=\"Est. tempo de leitura\" \/>\n\t<meta name=\"twitter:data2\" content=\"1 minuto\" \/>\n<script type=\"application\/ld+json\" class=\"yoast-schema-graph\">{\"@context\":\"https:\/\/schema.org\",\"@graph\":[{\"@type\":\"Article\",\"@id\":\"https:\/\/jornalfatosenoticias.com.br\/index.php\/2020\/04\/27\/tv-escola-estreia-200-horas-de-programacao-inedita\/#article\",\"isPartOf\":{\"@id\":\"https:\/\/jornalfatosenoticias.com.br\/index.php\/2020\/04\/27\/tv-escola-estreia-200-horas-de-programacao-inedita\/\"},\"author\":{\"name\":\"Luzimara Fernandes\",\"@id\":\"https:\/\/jornalfatosenoticias.com.br\/#\/schema\/person\/d63837fa13ac8666eb9e74e0985d6f81\"},\"headline\":\"TV Escola estreia 200 horas de programa\u00e7\u00e3o in\u00e9dita\",\"datePublished\":\"2020-04-27T13:21:20+00:00\",\"dateModified\":\"2020-04-27T13:21:25+00:00\",\"mainEntityOfPage\":{\"@id\":\"https:\/\/jornalfatosenoticias.com.br\/index.php\/2020\/04\/27\/tv-escola-estreia-200-horas-de-programacao-inedita\/\"},\"wordCount\":248,\"commentCount\":0,\"publisher\":{\"@id\":\"https:\/\/jornalfatosenoticias.com.br\/#organization\"},\"image\":{\"@id\":\"https:\/\/jornalfatosenoticias.com.br\/index.php\/2020\/04\/27\/tv-escola-estreia-200-horas-de-programacao-inedita\/#primaryimage\"},\"thumbnailUrl\":\"https:\/\/jornalfatosenoticias.com.br\/wp-content\/uploads\/2020\/04\/tv-escola.jpeg\",\"keywords\":[\"conte\u00fado in\u00e9dito\",\"document\u00e1rios\",\"TV Escola\",\"v\u00eddeos\"],\"articleSection\":[\"Educa\u00e7\u00e3o\"],\"inLanguage\":\"pt-BR\",\"potentialAction\":[{\"@type\":\"CommentAction\",\"name\":\"Comment\",\"target\":[\"https:\/\/jornalfatosenoticias.com.br\/index.php\/2020\/04\/27\/tv-escola-estreia-200-horas-de-programacao-inedita\/#respond\"]}]},{\"@type\":\"WebPage\",\"@id\":\"https:\/\/jornalfatosenoticias.com.br\/index.php\/2020\/04\/27\/tv-escola-estreia-200-horas-de-programacao-inedita\/\",\"url\":\"https:\/\/jornalfatosenoticias.com.br\/index.php\/2020\/04\/27\/tv-escola-estreia-200-horas-de-programacao-inedita\/\",\"name\":\"TV Escola estreia 200 horas de programa\u00e7\u00e3o in\u00e9dita - Jornal Fatos e Not\u00edcias\",\"isPartOf\":{\"@id\":\"https:\/\/jornalfatosenoticias.com.br\/#website\"},\"primaryImageOfPage\":{\"@id\":\"https:\/\/jornalfatosenoticias.com.br\/index.php\/2020\/04\/27\/tv-escola-estreia-200-horas-de-programacao-inedita\/#primaryimage\"},\"image\":{\"@id\":\"https:\/\/jornalfatosenoticias.com.br\/index.php\/2020\/04\/27\/tv-escola-estreia-200-horas-de-programacao-inedita\/#primaryimage\"},\"thumbnailUrl\":\"https:\/\/jornalfatosenoticias.com.br\/wp-content\/uploads\/2020\/04\/tv-escola.jpeg\",\"datePublished\":\"2020-04-27T13:21:20+00:00\",\"dateModified\":\"2020-04-27T13:21:25+00:00\",\"breadcrumb\":{\"@id\":\"https:\/\/jornalfatosenoticias.com.br\/index.php\/2020\/04\/27\/tv-escola-estreia-200-horas-de-programacao-inedita\/#breadcrumb\"},\"inLanguage\":\"pt-BR\",\"potentialAction\":[{\"@type\":\"ReadAction\",\"target\":[\"https:\/\/jornalfatosenoticias.com.br\/index.php\/2020\/04\/27\/tv-escola-estreia-200-horas-de-programacao-inedita\/\"]}]},{\"@type\":\"ImageObject\",\"inLanguage\":\"pt-BR\",\"@id\":\"https:\/\/jornalfatosenoticias.com.br\/index.php\/2020\/04\/27\/tv-escola-estreia-200-horas-de-programacao-inedita\/#primaryimage\",\"url\":\"https:\/\/jornalfatosenoticias.com.br\/wp-content\/uploads\/2020\/04\/tv-escola.jpeg\",\"contentUrl\":\"https:\/\/jornalfatosenoticias.com.br\/wp-content\/uploads\/2020\/04\/tv-escola.jpeg\",\"width\":1000,\"height\":598},{\"@type\":\"BreadcrumbList\",\"@id\":\"https:\/\/jornalfatosenoticias.com.br\/index.php\/2020\/04\/27\/tv-escola-estreia-200-horas-de-programacao-inedita\/#breadcrumb\",\"itemListElement\":[{\"@type\":\"ListItem\",\"position\":1,\"name\":\"In\u00edcio\",\"item\":\"https:\/\/jornalfatosenoticias.com.br\/\"},{\"@type\":\"ListItem\",\"position\":2,\"name\":\"TV Escola estreia 200 horas de programa\u00e7\u00e3o in\u00e9dita\"}]},{\"@type\":\"WebSite\",\"@id\":\"https:\/\/jornalfatosenoticias.com.br\/#website\",\"url\":\"https:\/\/jornalfatosenoticias.com.br\/\",\"name\":\"Jornal Fatos e Not\u00edcias\",\"description\":\"Not\u00edcias em geral\",\"publisher\":{\"@id\":\"https:\/\/jornalfatosenoticias.com.br\/#organization\"},\"potentialAction\":[{\"@type\":\"SearchAction\",\"target\":{\"@type\":\"EntryPoint\",\"urlTemplate\":\"https:\/\/jornalfatosenoticias.com.br\/?s={search_term_string}\"},\"query-input\":{\"@type\":\"PropertyValueSpecification\",\"valueRequired\":true,\"valueName\":\"search_term_string\"}}],\"inLanguage\":\"pt-BR\"},{\"@type\":\"Organization\",\"@id\":\"https:\/\/jornalfatosenoticias.com.br\/#organization\",\"name\":\"Jornal Fatos e Not\u00edcias\",\"url\":\"https:\/\/jornalfatosenoticias.com.br\/\",\"logo\":{\"@type\":\"ImageObject\",\"inLanguage\":\"pt-BR\",\"@id\":\"https:\/\/jornalfatosenoticias.com.br\/#\/schema\/logo\/image\/\",\"url\":\"https:\/\/jornalfatosenoticias.com.br\/wp-content\/uploads\/2020\/02\/logo120.png\",\"contentUrl\":\"https:\/\/jornalfatosenoticias.com.br\/wp-content\/uploads\/2020\/02\/logo120.png\",\"width\":1227,\"height\":120,\"caption\":\"Jornal Fatos e Not\u00edcias\"},\"image\":{\"@id\":\"https:\/\/jornalfatosenoticias.com.br\/#\/schema\/logo\/image\/\"}},{\"@type\":\"Person\",\"@id\":\"https:\/\/jornalfatosenoticias.com.br\/#\/schema\/person\/d63837fa13ac8666eb9e74e0985d6f81\",\"name\":\"Luzimara Fernandes\",\"image\":{\"@type\":\"ImageObject\",\"inLanguage\":\"pt-BR\",\"@id\":\"https:\/\/jornalfatosenoticias.com.br\/#\/schema\/person\/image\/\",\"url\":\"https:\/\/jornalfatosenoticias.com.br\/wp-content\/uploads\/2025\/05\/EU_portal.jpg\",\"contentUrl\":\"https:\/\/jornalfatosenoticias.com.br\/wp-content\/uploads\/2025\/05\/EU_portal.jpg\",\"caption\":\"Luzimara Fernandes\"},\"description\":\"Jornalista MTB 2358-ES\",\"sameAs\":[\"https:\/\/jornalfatosenoticias.com.br\"],\"url\":\"https:\/\/jornalfatosenoticias.com.br\/index.php\/author\/luzimara\/\"}]}<\/script>\n<!-- \/ Yoast SEO plugin. -->","yoast_head_json":{"title":"TV Escola estreia 200 horas de programa\u00e7\u00e3o in\u00e9dita - Jornal Fatos e Not\u00edcias","robots":{"index":"index","follow":"follow","max-snippet":"max-snippet:-1","max-image-preview":"max-image-preview:large","max-video-preview":"max-video-preview:-1"},"canonical":"https:\/\/jornalfatosenoticias.com.br\/index.php\/2020\/04\/27\/tv-escola-estreia-200-horas-de-programacao-inedita\/","og_locale":"pt_BR","og_type":"article","og_title":"TV Escola estreia 200 horas de programa\u00e7\u00e3o in\u00e9dita - Jornal Fatos e Not\u00edcias","og_description":"No total, mas de mil horas de conte\u00fado est\u00e3o dispon\u00edveis A partir desta segunda-feira (27), a TV Escola exibir\u00e1 mais de mil horas de conte\u00fado educativo. Desse total, 200 horas s\u00e3o de v\u00eddeos e document\u00e1rios in\u00e9ditos.Estar\u00e3o dispon\u00edveis no \u00e2mbito da iniciativa Seguimos Conectados, programas para o ensino fundamental e ensino m\u00e9dio, e de forma\u00e7\u00e3o para [&hellip;]","og_url":"https:\/\/jornalfatosenoticias.com.br\/index.php\/2020\/04\/27\/tv-escola-estreia-200-horas-de-programacao-inedita\/","og_site_name":"Jornal Fatos e Not\u00edcias","article_published_time":"2020-04-27T13:21:20+00:00","article_modified_time":"2020-04-27T13:21:25+00:00","og_image":[{"width":1000,"height":598,"url":"https:\/\/jornalfatosenoticias.com.br\/wp-content\/uploads\/2020\/04\/tv-escola.jpeg","type":"image\/jpeg"}],"author":"Luzimara Fernandes","twitter_card":"summary_large_image","twitter_misc":{"Escrito por":"Luzimara Fernandes","Est. tempo de leitura":"1 minuto"},"schema":{"@context":"https:\/\/schema.org","@graph":[{"@type":"Article","@id":"https:\/\/jornalfatosenoticias.com.br\/index.php\/2020\/04\/27\/tv-escola-estreia-200-horas-de-programacao-inedita\/#article","isPartOf":{"@id":"https:\/\/jornalfatosenoticias.com.br\/index.php\/2020\/04\/27\/tv-escola-estreia-200-horas-de-programacao-inedita\/"},"author":{"name":"Luzimara Fernandes","@id":"https:\/\/jornalfatosenoticias.com.br\/#\/schema\/person\/d63837fa13ac8666eb9e74e0985d6f81"},"headline":"TV Escola estreia 200 horas de programa\u00e7\u00e3o in\u00e9dita","datePublished":"2020-04-27T13:21:20+00:00","dateModified":"2020-04-27T13:21:25+00:00","mainEntityOfPage":{"@id":"https:\/\/jornalfatosenoticias.com.br\/index.php\/2020\/04\/27\/tv-escola-estreia-200-horas-de-programacao-inedita\/"},"wordCount":248,"commentCount":0,"publisher":{"@id":"https:\/\/jornalfatosenoticias.com.br\/#organization"},"image":{"@id":"https:\/\/jornalfatosenoticias.com.br\/index.php\/2020\/04\/27\/tv-escola-estreia-200-horas-de-programacao-inedita\/#primaryimage"},"thumbnailUrl":"https:\/\/jornalfatosenoticias.com.br\/wp-content\/uploads\/2020\/04\/tv-escola.jpeg","keywords":["conte\u00fado in\u00e9dito","document\u00e1rios","TV Escola","v\u00eddeos"],"articleSection":["Educa\u00e7\u00e3o"],"inLanguage":"pt-BR","potentialAction":[{"@type":"CommentAction","name":"Comment","target":["https:\/\/jornalfatosenoticias.com.br\/index.php\/2020\/04\/27\/tv-escola-estreia-200-horas-de-programacao-inedita\/#respond"]}]},{"@type":"WebPage","@id":"https:\/\/jornalfatosenoticias.com.br\/index.php\/2020\/04\/27\/tv-escola-estreia-200-horas-de-programacao-inedita\/","url":"https:\/\/jornalfatosenoticias.com.br\/index.php\/2020\/04\/27\/tv-escola-estreia-200-horas-de-programacao-inedita\/","name":"TV Escola estreia 200 horas de programa\u00e7\u00e3o in\u00e9dita - Jornal Fatos e Not\u00edcias","isPartOf":{"@id":"https:\/\/jornalfatosenoticias.com.br\/#website"},"primaryImageOfPage":{"@id":"https:\/\/jornalfatosenoticias.com.br\/index.php\/2020\/04\/27\/tv-escola-estreia-200-horas-de-programacao-inedita\/#primaryimage"},"image":{"@id":"https:\/\/jornalfatosenoticias.com.br\/index.php\/2020\/04\/27\/tv-escola-estreia-200-horas-de-programacao-inedita\/#primaryimage"},"thumbnailUrl":"https:\/\/jornalfatosenoticias.com.br\/wp-content\/uploads\/2020\/04\/tv-escola.jpeg","datePublished":"2020-04-27T13:21:20+00:00","dateModified":"2020-04-27T13:21:25+00:00","breadcrumb":{"@id":"https:\/\/jornalfatosenoticias.com.br\/index.php\/2020\/04\/27\/tv-escola-estreia-200-horas-de-programacao-inedita\/#breadcrumb"},"inLanguage":"pt-BR","potentialAction":[{"@type":"ReadAction","target":["https:\/\/jornalfatosenoticias.com.br\/index.php\/2020\/04\/27\/tv-escola-estreia-200-horas-de-programacao-inedita\/"]}]},{"@type":"ImageObject","inLanguage":"pt-BR","@id":"https:\/\/jornalfatosenoticias.com.br\/index.php\/2020\/04\/27\/tv-escola-estreia-200-horas-de-programacao-inedita\/#primaryimage","url":"https:\/\/jornalfatosenoticias.com.br\/wp-content\/uploads\/2020\/04\/tv-escola.jpeg","contentUrl":"https:\/\/jornalfatosenoticias.com.br\/wp-content\/uploads\/2020\/04\/tv-escola.jpeg","width":1000,"height":598},{"@type":"BreadcrumbList","@id":"https:\/\/jornalfatosenoticias.com.br\/index.php\/2020\/04\/27\/tv-escola-estreia-200-horas-de-programacao-inedita\/#breadcrumb","itemListElement":[{"@type":"ListItem","position":1,"name":"In\u00edcio","item":"https:\/\/jornalfatosenoticias.com.br\/"},{"@type":"ListItem","position":2,"name":"TV Escola estreia 200 horas de programa\u00e7\u00e3o in\u00e9dita"}]},{"@type":"WebSite","@id":"https:\/\/jornalfatosenoticias.com.br\/#website","url":"https:\/\/jornalfatosenoticias.com.br\/","name":"Jornal Fatos e Not\u00edcias","description":"Not\u00edcias em geral","publisher":{"@id":"https:\/\/jornalfatosenoticias.com.br\/#organization"},"potentialAction":[{"@type":"SearchAction","target":{"@type":"EntryPoint","urlTemplate":"https:\/\/jornalfatosenoticias.com.br\/?s={search_term_string}"},"query-input":{"@type":"PropertyValueSpecification","valueRequired":true,"valueName":"search_term_string"}}],"inLanguage":"pt-BR"},{"@type":"Organization","@id":"https:\/\/jornalfatosenoticias.com.br\/#organization","name":"Jornal Fatos e Not\u00edcias","url":"https:\/\/jornalfatosenoticias.com.br\/","logo":{"@type":"ImageObject","inLanguage":"pt-BR","@id":"https:\/\/jornalfatosenoticias.com.br\/#\/schema\/logo\/image\/","url":"https:\/\/jornalfatosenoticias.com.br\/wp-content\/uploads\/2020\/02\/logo120.png","contentUrl":"https:\/\/jornalfatosenoticias.com.br\/wp-content\/uploads\/2020\/02\/logo120.png","width":1227,"height":120,"caption":"Jornal Fatos e Not\u00edcias"},"image":{"@id":"https:\/\/jornalfatosenoticias.com.br\/#\/schema\/logo\/image\/"}},{"@type":"Person","@id":"https:\/\/jornalfatosenoticias.com.br\/#\/schema\/person\/d63837fa13ac8666eb9e74e0985d6f81","name":"Luzimara Fernandes","image":{"@type":"ImageObject","inLanguage":"pt-BR","@id":"https:\/\/jornalfatosenoticias.com.br\/#\/schema\/person\/image\/","url":"https:\/\/jornalfatosenoticias.com.br\/wp-content\/uploads\/2025\/05\/EU_portal.jpg","contentUrl":"https:\/\/jornalfatosenoticias.com.br\/wp-content\/uploads\/2025\/05\/EU_portal.jpg","caption":"Luzimara Fernandes"},"description":"Jornalista MTB 2358-ES","sameAs":["https:\/\/jornalfatosenoticias.com.br"],"url":"https:\/\/jornalfatosenoticias.com.br\/index.php\/author\/luzimara\/"}]}},"cc_featured_image_caption":{"caption_text":"(Foto: Divulga\u00e7\u00e3o\/MCTIC)","source_text":"","source_url":""},"jetpack_featured_media_url":"https:\/\/jornalfatosenoticias.com.br\/wp-content\/uploads\/2020\/04\/tv-escola.jpeg","_links":{"self":[{"href":"https:\/\/jornalfatosenoticias.com.br\/index.php\/wp-json\/wp\/v2\/posts\/3654","targetHints":{"allow":["GET"]}}],"collection":[{"href":"https:\/\/jornalfatosenoticias.com.br\/index.php\/wp-json\/wp\/v2\/posts"}],"about":[{"href":"https:\/\/jornalfatosenoticias.com.br\/index.php\/wp-json\/wp\/v2\/types\/post"}],"author":[{"embeddable":true,"href":"https:\/\/jornalfatosenoticias.com.br\/index.php\/wp-json\/wp\/v2\/users\/2"}],"replies":[{"embeddable":true,"href":"https:\/\/jornalfatosenoticias.com.br\/index.php\/wp-json\/wp\/v2\/comments?post=3654"}],"version-history":[{"count":0,"href":"https:\/\/jornalfatosenoticias.com.br\/index.php\/wp-json\/wp\/v2\/posts\/3654\/revisions"}],"wp:featuredmedia":[{"embeddable":true,"href":"https:\/\/jornalfatosenoticias.com.br\/index.php\/wp-json\/wp\/v2\/media\/3655"}],"wp:attachment":[{"href":"https:\/\/jornalfatosenoticias.com.br\/index.php\/wp-json\/wp\/v2\/media?parent=3654"}],"wp:term":[{"taxonomy":"category","embeddable":true,"href":"https:\/\/jornalfatosenoticias.com.br\/index.php\/wp-json\/wp\/v2\/categories?post=3654"},{"taxonomy":"post_tag","embeddable":true,"href":"https:\/\/jornalfatosenoticias.com.br\/index.php\/wp-json\/wp\/v2\/tags?post=3654"}],"curies":[{"name":"wp","href":"https:\/\/api.w.org\/{rel}","templated":true}]}}