{"id":36544,"date":"2022-12-01T12:04:59","date_gmt":"2022-12-01T15:04:59","guid":{"rendered":"https:\/\/jornalfatosenoticias.com.br\/?p=36544"},"modified":"2022-12-01T12:05:02","modified_gmt":"2022-12-01T15:05:02","slug":"desigualdades-e-estigmas-prolongam-pandemia-de-aids","status":"publish","type":"post","link":"https:\/\/jornalfatosenoticias.com.br\/index.php\/2022\/12\/01\/desigualdades-e-estigmas-prolongam-pandemia-de-aids\/","title":{"rendered":"Desigualdades e estigmas prolongam pandemia de aids"},"content":{"rendered":"\n<p><em><span class=\"has-inline-color has-black-color\">Relat\u00f3rio do Unaids marca Dia Mundial de Luta contra a doen\u00e7a<\/span><\/em><\/p>\n\n\n\n<div class=\"wp-block-image\"><figure class=\"aligncenter size-large\"><img loading=\"lazy\" decoding=\"async\" width=\"1024\" height=\"110\" src=\"https:\/\/jornalfatosenoticias.com.br\/wp-content\/uploads\/2022\/10\/Arte-jornal-Zucchi-1120x120_Prancheta-1-1024x110.jpg\" alt=\"\" class=\"wp-image-34772\" srcset=\"https:\/\/jornalfatosenoticias.com.br\/wp-content\/uploads\/2022\/10\/Arte-jornal-Zucchi-1120x120_Prancheta-1-1024x110.jpg 1024w, https:\/\/jornalfatosenoticias.com.br\/wp-content\/uploads\/2022\/10\/Arte-jornal-Zucchi-1120x120_Prancheta-1-300x32.jpg 300w, https:\/\/jornalfatosenoticias.com.br\/wp-content\/uploads\/2022\/10\/Arte-jornal-Zucchi-1120x120_Prancheta-1-768x82.jpg 768w, https:\/\/jornalfatosenoticias.com.br\/wp-content\/uploads\/2022\/10\/Arte-jornal-Zucchi-1120x120_Prancheta-1-1536x165.jpg 1536w, https:\/\/jornalfatosenoticias.com.br\/wp-content\/uploads\/2022\/10\/Arte-jornal-Zucchi-1120x120_Prancheta-1-2048x219.jpg 2048w\" sizes=\"auto, (max-width: 1024px) 100vw, 1024px\" \/><\/figure><\/div>\n\n\n\n<p>Atingir o compromisso global de encerrar a pandemia de aids at\u00e9 2030 passa pelo combate \u00e0s desigualdades e estigmas que acompanham essa emerg\u00eancia de sa\u00fade p\u00fablica desde o seu surgimento, h\u00e1 41 anos, destaca o relat\u00f3rio Desigualdades Perigosas, divulgado esta semana pelo Programa das Na\u00e7\u00f5es Unidas sobre HIV\/Aids (Unaids) para marcar o Dia Mundial de Luta Contra a Aids, celebrado hoje (1\u00b0). Especialistas e ativistas refor\u00e7am que, mesmo com o avan\u00e7o dos medicamentos dispon\u00edveis, a discrimina\u00e7\u00e3o contra grupos vulner\u00e1veis e pessoas que vivem com HIV reduz o acesso \u00e0 sa\u00fade, impede o diagn\u00f3stico precoce e causa mortes por aids que poderiam ser evitadas com tratamento.<br>Em mensagem divulgada para marcar a data de combate \u00e0 doen\u00e7a, o secret\u00e1rio-geral das Na\u00e7\u00f5es Unidas, Ant\u00f3nio Guterres, alertou que o mundo ainda est\u00e1 distante de eliminar a aids at\u00e9 2030 e afirmou que as desigualdades perpetuam a pandemia da doen\u00e7a.<\/p>\n\n\n\n<div class=\"wp-block-image\"><figure class=\"aligncenter size-large is-resized\"><img loading=\"lazy\" decoding=\"async\" src=\"https:\/\/jornalfatosenoticias.com.br\/wp-content\/uploads\/2020\/02\/logo-clinica-limoeiro.jpg\" alt=\"\" class=\"wp-image-34610\" width=\"281\" height=\"199\"\/><\/figure><\/div>\n\n\n\n<figure class=\"wp-block-pullquote\"><blockquote><p><span class=\"has-inline-color has-luminous-vivid-orange-color\">S\u00e3o necess\u00e1rias melhores legisla\u00e7\u00f5es e a implanta\u00e7\u00e3o de pol\u00edticas e pr\u00e1ticas voltadas para eliminar o estigma e a discrimina\u00e7\u00e3o que afetam as pessoas que vivem com HIV, sobretudo aquelas em situa\u00e7\u00e3o de vulnerabilidade. Todas as pessoas t\u00eam o direito de ser respeitadas e inclu\u00eddas&#8221;, disse.<\/span><\/p><\/blockquote><\/figure>\n\n\n\n<div class=\"wp-block-image\"><figure class=\"aligncenter size-large\"><img decoding=\"async\" src=\"https:\/\/jornalfatosenoticias.com.br\/wp-content\/uploads\/2020\/02\/Serra-Grande-1024x160.png\" alt=\"\" class=\"wp-image-7836\"\/><\/figure><\/div>\n\n\n\n<p>Segundo o Unaids, 38,4 milh\u00f5es de pessoas viviam com HIV em todo o mundo em 2021. Esse n\u00famero \u00e9 maior que a popula\u00e7\u00e3o do Canad\u00e1 ou que a soma de todos os habitantes dos estados do Rio de Janeiro e Minas Gerais. No Brasil, o n\u00famero de pessoas vivendo com HIV passava de 900 mil no ano passado, de acordo com o Minist\u00e9rio da Sa\u00fade, e, desse total, cerca de 77% tratavam a infec\u00e7\u00e3o com antirretrovirais. A efetividade do tratamento dispon\u00edvel gratuitamente no Pa\u00eds \u00e9 reiterada pelo percentual de 94% de pessoas com carga viral indetect\u00e1vel entre as que fazem uso dos medicamentos contra o HIV. Quando o paciente em tratamento atinge esse n\u00edvel de carga viral, ele deixa de transmitir o HIV em rela\u00e7\u00f5es sexuais.<\/p>\n\n\n\n<div class=\"wp-block-image\"><figure class=\"alignleft size-large\"><img decoding=\"async\" src=\"https:\/\/jornalfatosenoticias.com.br\/wp-content\/uploads\/2020\/02\/barao-das-carnes-300x164-1.jpg\" alt=\"\" class=\"wp-image-34339\"\/><\/figure><\/div>\n\n\n\n<p>Desde o in\u00edcio da pandemia de aids, em 1980, at\u00e9 dezembro de 2020, o Brasil j\u00e1 teve mais de um milh\u00e3o de casos da doen\u00e7a, que causaram 360 mil mortes. A taxa de detec\u00e7\u00e3o vem caindo no Brasil desde o ano de 2012, quando houve 22 casos para cada 100 mil habitantes. Em 2020, essa propor\u00e7\u00e3o havia chegado a 14,1 por 100 mil, o que tamb\u00e9m pode estar relacionado \u00e0 subnotifica\u00e7\u00e3o causada pela pandemia de covid-19.<\/p>\n\n\n\n<p><strong><span class=\"has-inline-color has-vivid-red-color\">HIV ou aids?<br><\/span><\/strong>O v\u00edrus da imunodefici\u00eancia humana (HIV) \u00e9 um agente infeccioso que pode entrar no corpo humano por meio do sexo vaginal, oral e anal sem camisinha; por meio do uso de seringas e outros objetos cortantes ou perfurantes contaminados; pela transfus\u00e3o de sangue contaminado; e da m\u00e3e infectada para seu filho durante a gravidez, o parto e a amamenta\u00e7\u00e3o, se n\u00e3o for realizado o tratamento preventivo. <\/p>\n\n\n\n<div class=\"wp-block-image\"><figure class=\"aligncenter size-large\"><img loading=\"lazy\" decoding=\"async\" width=\"1024\" height=\"111\" src=\"https:\/\/jornalfatosenoticias.com.br\/wp-content\/uploads\/2020\/02\/WhatsApp-Image-2022-09-23-at-12.09.18-1024x111.jpeg\" alt=\"\" class=\"wp-image-34527\" srcset=\"https:\/\/jornalfatosenoticias.com.br\/wp-content\/uploads\/2020\/02\/WhatsApp-Image-2022-09-23-at-12.09.18-1024x111.jpeg 1024w, https:\/\/jornalfatosenoticias.com.br\/wp-content\/uploads\/2020\/02\/WhatsApp-Image-2022-09-23-at-12.09.18-300x32.jpeg 300w, https:\/\/jornalfatosenoticias.com.br\/wp-content\/uploads\/2020\/02\/WhatsApp-Image-2022-09-23-at-12.09.18-768x83.jpeg 768w, https:\/\/jornalfatosenoticias.com.br\/wp-content\/uploads\/2020\/02\/WhatsApp-Image-2022-09-23-at-12.09.18.jpeg 1121w\" sizes=\"auto, (max-width: 1024px) 100vw, 1024px\" \/><\/figure><\/div>\n\n\n\n<p>Quando se instala no corpo humano, esse v\u00edrus tem um tempo prolongado de incuba\u00e7\u00e3o, que pode durar v\u00e1rios anos, e sua atividade ataca o sistema imunol\u00f3gico, respons\u00e1vel por defender o organismo. Se essa infec\u00e7\u00e3o n\u00e3o for detectada e controlada a tempo com o uso de antirretrovirais, o HIV pode enfraquecer as defesas do corpo humano a ponto de causar a S\u00edndrome da Imunodefici\u00eancia Humana (aids). Portanto, a sigla HIV se refere ao v\u00edrus, e a sigla Aids, \u00e0 doen\u00e7a causada pelo agravamento da infec\u00e7\u00e3o pelo HIV.<\/p>\n\n\n\n<div class=\"wp-block-image\"><figure class=\"alignright size-large\"><img loading=\"lazy\" decoding=\"async\" width=\"300\" height=\"250\" src=\"https:\/\/jornalfatosenoticias.com.br\/wp-content\/uploads\/2022\/08\/arte-Casarao.jpg\" alt=\"\" class=\"wp-image-33178\"\/><\/figure><\/div>\n\n\n\n<p>O uso de preservativos masculinos e femininos e gel lubrificante est\u00e3o entre as principais a\u00e7\u00f5es preventivas contra o HIV. Tamb\u00e9m j\u00e1 est\u00e3o dispon\u00edveis a Profilaxia Pr\u00e9-Exposi\u00e7\u00e3o (PrEP), que consiste no uso de antirretrovirais para prevenir a infec\u00e7\u00e3o caso a pessoa venha a ser exposta ao v\u00edrus, e a Profilaxia P\u00f3s-Exposi\u00e7\u00e3o (PEP), que pode impedir a infec\u00e7\u00e3o caso seja administrada at\u00e9 72 horas ap\u00f3s a exposi\u00e7\u00e3o. Mesmo no caso de haver uso dessas profilaxias, a camisinha continua importante, pois previne tamb\u00e9m outras infec\u00e7\u00f5es sexualmente transmiss\u00edveis, como a s\u00edfilis e as hepatites virais.<\/p>\n\n\n\n<div class=\"wp-block-image\"><figure class=\"aligncenter size-large\"><img loading=\"lazy\" decoding=\"async\" width=\"1024\" height=\"103\" src=\"https:\/\/jornalfatosenoticias.com.br\/wp-content\/uploads\/2022\/02\/Arte-Autoescola-Galatas_endereco_portal-1024x103.png\" alt=\"\" class=\"wp-image-27869\" srcset=\"https:\/\/jornalfatosenoticias.com.br\/wp-content\/uploads\/2022\/02\/Arte-Autoescola-Galatas_endereco_portal-1024x103.png 1024w, https:\/\/jornalfatosenoticias.com.br\/wp-content\/uploads\/2022\/02\/Arte-Autoescola-Galatas_endereco_portal-300x30.png 300w, https:\/\/jornalfatosenoticias.com.br\/wp-content\/uploads\/2022\/02\/Arte-Autoescola-Galatas_endereco_portal-768x77.png 768w, https:\/\/jornalfatosenoticias.com.br\/wp-content\/uploads\/2022\/02\/Arte-Autoescola-Galatas_endereco_portal.png 1223w\" sizes=\"auto, (max-width: 1024px) 100vw, 1024px\" \/><\/figure><\/div>\n\n\n\n<p>Ao menos 30 dias ap\u00f3s uma poss\u00edvel exposi\u00e7\u00e3o ao HIV, \u00e9 fundamental fazer um teste para a detec\u00e7\u00e3o do v\u00edrus, exame que pode ser realizado em unidades da rede p\u00fablica e nos centros de Testagem e Aconselhamento (CTA). O diagn\u00f3stico precoce da infec\u00e7\u00e3o e o in\u00edcio r\u00e1pido do tratamento protegem o sistema imunol\u00f3gico da pessoa infectada, j\u00e1 que esse ser\u00e1 o alvo do HIV quando a carga viral aumentar.<\/p>\n\n\n\n<div class=\"wp-block-image\"><figure class=\"aligncenter size-large\"><img loading=\"lazy\" decoding=\"async\" width=\"1024\" height=\"100\" src=\"https:\/\/jornalfatosenoticias.com.br\/wp-content\/uploads\/2020\/02\/banner_ferramentas-1024x100.jpg\" alt=\"\" class=\"wp-image-1258\" srcset=\"https:\/\/jornalfatosenoticias.com.br\/wp-content\/uploads\/2020\/02\/banner_ferramentas-1024x100.jpg 1024w, https:\/\/jornalfatosenoticias.com.br\/wp-content\/uploads\/2020\/02\/banner_ferramentas-300x29.jpg 300w, https:\/\/jornalfatosenoticias.com.br\/wp-content\/uploads\/2020\/02\/banner_ferramentas-768x75.jpg 768w, https:\/\/jornalfatosenoticias.com.br\/wp-content\/uploads\/2020\/02\/banner_ferramentas.jpg 1227w\" sizes=\"auto, (max-width: 1024px) 100vw, 1024px\" \/><\/figure><\/div>\n\n\n\n<p>Diretor m\u00e9dico associado de HIV da GSK\/ViiV Healthcare, Rodrigo Zilli explica que os antirretrovirais usados hoje para o tratamento das pessoas que vivem com HIV s\u00e3o menos t\u00f3xicos para o corpo humano, causam menos efeitos colaterais e s\u00e3o administrados em quantidade bem menor de comprimidos. A farmac\u00eautica \u00e9 a fornecedora do Dolutegravir e outros medicamentos usados no Sistema \u00danico de Sa\u00fade (SUS) para combater o v\u00edrus. Desde 1996, o Brasil distribui gratuitamente os antirretrovirais a todas as pessoas que vivem com HIV e necessitam de tratamento, contando atualmente com 22 medicamentos em 38 apresenta\u00e7\u00f5es farmac\u00eauticas diferentes.<\/p>\n\n\n\n<div class=\"wp-block-image\"><figure class=\"aligncenter size-large\"><img decoding=\"async\" src=\"https:\/\/jornalfatosenoticias.com.br\/wp-content\/uploads\/2020\/02\/logo_esteio.jpg\" alt=\"\" class=\"wp-image-1214\"\/><\/figure><\/div>\n\n\n\n<figure class=\"wp-block-pullquote\"><blockquote><p><span class=\"has-inline-color has-luminous-vivid-orange-color\">O tratamento hoje \u00e9 muito menos t\u00f3xico. Nem se usa mais a palavra coquetel, porque n\u00e3o \u00e9 um conjunto enorme de rem\u00e9dios como se tinha antigamente. E, se a pessoa descobre o HIV a tempo de n\u00e3o ter desenvolvido a imunodefici\u00eancia, ela tem chance muito grande de ter uma vida totalmente normal tomando rem\u00e9dios diariamente\u201d, afirma o infectologista. Ele refor\u00e7a que a pessoa com HIV pode ter expectativa de vida at\u00e9 maior do que pessoas que n\u00e3o foram infectadas pelo v\u00edrus. \u201cEssa pessoa que est\u00e1 em tratamento est\u00e1 acompanhando todas as doen\u00e7as praticamente. Ent\u00e3o, ela faz check-ups peri\u00f3dicos, faz exames peri\u00f3dicos, tem aconselhamento para manter um estilo de vida saud\u00e1vel, e acaba podendo ter uma vida mais saud\u00e1vel do que algu\u00e9m que n\u00e3o tem HIV e n\u00e3o faz acompanhamento m\u00e9dico\u201d.<\/span><\/p><\/blockquote><\/figure>\n\n\n\n<p>Mesmo com esses avan\u00e7os no tratamento contra o HIV e a disponibilidade gratuita dos medicamentos, o acesso \u00e0 sa\u00fade ainda \u00e9 marcado por desigualdades, pondera Zilli. \u201cPor mais que se tenha um programa 100% p\u00fablico, o acesso \u00e0 informa\u00e7\u00e3o e aos servi\u00e7os n\u00e3o \u00e9 totalmente igualit\u00e1rio\u201d, lembra o infectologista.<\/p>\n\n\n\n<div class=\"wp-block-image\"><figure class=\"aligncenter size-large\"><img loading=\"lazy\" decoding=\"async\" width=\"1024\" height=\"100\" src=\"https:\/\/jornalfatosenoticias.com.br\/wp-content\/uploads\/2022\/05\/NOVA-LOGO-CESCONETTO-1024x100.jpg\" alt=\"\" class=\"wp-image-30792\" srcset=\"https:\/\/jornalfatosenoticias.com.br\/wp-content\/uploads\/2022\/05\/NOVA-LOGO-CESCONETTO-1024x100.jpg 1024w, https:\/\/jornalfatosenoticias.com.br\/wp-content\/uploads\/2022\/05\/NOVA-LOGO-CESCONETTO-300x29.jpg 300w, https:\/\/jornalfatosenoticias.com.br\/wp-content\/uploads\/2022\/05\/NOVA-LOGO-CESCONETTO-768x75.jpg 768w, https:\/\/jornalfatosenoticias.com.br\/wp-content\/uploads\/2022\/05\/NOVA-LOGO-CESCONETTO.jpg 1280w\" sizes=\"auto, (max-width: 1024px) 100vw, 1024px\" \/><\/figure><\/div>\n\n\n\n<p><strong><span class=\"has-inline-color has-vivid-red-color\">Quest\u00f5es sociais<br><\/span><\/strong>O coordenador do Grupo Pela Vidda-RJ, M\u00e1rcio Villard, avalia que o combate terap\u00eautico \u00e0 Aids avan\u00e7ou mais do que a supera\u00e7\u00e3o dos preconceitos que afetam as pessoas que vivem com HIV. Mesmo com medicamentos menos t\u00f3xicos e uma expectativa de vida maior, quest\u00f5es sociais afastam pessoas com HIV de uma vida plena.<\/p>\n\n\n\n<div class=\"wp-block-image\"><figure class=\"aligncenter size-large is-resized\"><img loading=\"lazy\" decoding=\"async\" src=\"https:\/\/jornalfatosenoticias.com.br\/wp-content\/uploads\/2022\/08\/logo-locau-veiculos-1024x573.png\" alt=\"\" class=\"wp-image-33078\" width=\"290\" height=\"162\"\/><\/figure><\/div>\n\n\n\n<figure class=\"wp-block-pullquote\"><blockquote><p><span class=\"has-inline-color has-luminous-vivid-orange-color\">Quando a gente fala em qualidade de vida, n\u00e3o pode entender somente a quest\u00e3o terap\u00eautica e biom\u00e9dica. \u00c9 preciso tamb\u00e9m entender as quest\u00f5es sociais que envolvem a pessoa com HIV, porque enfrentamos ainda muitos problemas relacionados a estigmas, preconceitos e exclus\u00e3o social que interferem na qualidade de vida\u201d, afirma. &#8220;O que acontece \u00e9 que o HIV sempre traz consigo uma condena\u00e7\u00e3o. De alguma forma, a sociedade vai te condenar, seja pelo seu estilo de vida, seja pela sua orienta\u00e7\u00e3o sexual, seja por voc\u00ea pertencer a um determinado grupo da sociedade. Praticamente ningu\u00e9m escapa, at\u00e9 uma crian\u00e7a que nasce com HIV vai ser estigmatizada por isso. Infelizmente, esse cen\u00e1rio n\u00e3o mudou&#8221;.<\/span><\/p><\/blockquote><\/figure>\n\n\n\n<div class=\"wp-block-image\"><figure class=\"aligncenter size-large is-resized\"><img loading=\"lazy\" decoding=\"async\" src=\"https:\/\/jornalfatosenoticias.com.br\/wp-content\/uploads\/2020\/02\/casa-do-torresmo_portal.jpg\" alt=\"\" class=\"wp-image-34472\" width=\"248\" height=\"248\" srcset=\"https:\/\/jornalfatosenoticias.com.br\/wp-content\/uploads\/2020\/02\/casa-do-torresmo_portal.jpg 300w, https:\/\/jornalfatosenoticias.com.br\/wp-content\/uploads\/2020\/02\/casa-do-torresmo_portal-150x150.jpg 150w\" sizes=\"auto, (max-width: 248px) 100vw, 248px\" \/><\/figure><\/div>\n\n\n\n<p>O ativista explica que a estigmatiza\u00e7\u00e3o das pessoas com HIV tem ra\u00edzes ligadas \u00e0 LGBTfobia, j\u00e1 que os primeiros surtos de HIV se deram na popula\u00e7\u00e3o homossexual, bissexual e transexual nos Estados Unidos, e a imprensa da d\u00e9cada de 80 refor\u00e7ou a associa\u00e7\u00e3o entre a popula\u00e7\u00e3o LGBTI e o HIV, chamando a aids at\u00e9 mesmo de c\u00e2ncer gay.<br>\u201cIsso come\u00e7ou nos Estados Unidos, se espalhou pelo mundo e acabou virando um selo. Aqui no Brasil, at\u00e9 o ano passado, homossexuais n\u00e3o podiam doar sangue, independentemente de ter ou n\u00e3o o v\u00edrus\u201d.<\/p>\n\n\n\n<div class=\"wp-block-image\"><figure class=\"aligncenter size-large\"><img loading=\"lazy\" decoding=\"async\" width=\"560\" height=\"60\" src=\"https:\/\/jornalfatosenoticias.com.br\/wp-content\/uploads\/2022\/10\/Propaganda-RC-Radiadores-Jornal_page-0001.jpg\" alt=\"\" class=\"wp-image-35270\" srcset=\"https:\/\/jornalfatosenoticias.com.br\/wp-content\/uploads\/2022\/10\/Propaganda-RC-Radiadores-Jornal_page-0001.jpg 560w, https:\/\/jornalfatosenoticias.com.br\/wp-content\/uploads\/2022\/10\/Propaganda-RC-Radiadores-Jornal_page-0001-300x32.jpg 300w\" sizes=\"auto, (max-width: 560px) 100vw, 560px\" \/><\/figure><\/div>\n\n\n\n<p>O Pela Vidda-RJ foi fundado em 1989 pelo soci\u00f3logo e ativista Hebert Daniel e atua desde ent\u00e3o na luta por direitos das pessoas que vivem com HIV. \u00c0s 11h de hoje, o grupo vai promover ato p\u00fablico na Pra\u00e7a Mau\u00e1, no centro do Rio de Janeiro, com o tema Viver com o HIV \u00e9 poss\u00edvel. Com o preconceito, n\u00e3o. Entre as principais demandas atuais da popula\u00e7\u00e3o que vive com HIV, Villard conta que est\u00e3o a assist\u00eancia jur\u00eddica para garantir direitos previdenci\u00e1rios e trabalhistas. Os problemas incluem processos seletivos que eliminam candidatos que testam positivo para HIV, enquanto essa testagem \u00e9 vedada por lei em qualquer exame admissional, peri\u00f3dico ou demissional. Fora esses direitos, as pessoas com HIV tamb\u00e9m procuram a organiza\u00e7\u00e3o n\u00e3o governamental para receber acolhimento afetivo.<\/p>\n\n\n\n<div class=\"wp-block-image\"><figure class=\"aligncenter size-large is-resized\"><img loading=\"lazy\" decoding=\"async\" src=\"https:\/\/jornalfatosenoticias.com.br\/wp-content\/uploads\/2022\/07\/Logo-Grupo-SEI.jpg\" alt=\"\" class=\"wp-image-31973\" width=\"343\" height=\"180\" srcset=\"https:\/\/jornalfatosenoticias.com.br\/wp-content\/uploads\/2022\/07\/Logo-Grupo-SEI.jpg 713w, https:\/\/jornalfatosenoticias.com.br\/wp-content\/uploads\/2022\/07\/Logo-Grupo-SEI-300x158.jpg 300w\" sizes=\"auto, (max-width: 343px) 100vw, 343px\" \/><\/figure><\/div>\n\n\n\n<figure class=\"wp-block-pullquote\"><blockquote><p><span class=\"has-inline-color has-luminous-vivid-orange-color\">A maior dificuldade ainda \u00e9 a quest\u00e3o do estigma. Quando a pessoa tem esse diagn\u00f3stico, ela tem dificuldade de lidar com ele. E, ao se colocar para a fam\u00edlia, no trabalho e para os amigos, vai enfrentar discrimina\u00e7\u00e3o. S\u00e3o raros os casos em que a pessoa consegue viver tranquilamente, independentemente de sua sorologia\u201d.<\/span><\/p><\/blockquote><\/figure>\n\n\n\n<p><strong><span class=\"has-inline-color has-vivid-red-color\">Ang\u00fastia e cura<br><\/span><\/strong>A dificuldade de encontrar informa\u00e7\u00e3o e acolhimento depois do diagn\u00f3stico foi o que moveu o influenciador Jo\u00e3o Geraldo Netto a compartilhar sua experi\u00eancia na internet desde 2008.<\/p>\n\n\n\n<div class=\"wp-block-image\"><figure class=\"aligncenter size-large is-resized\"><img loading=\"lazy\" decoding=\"async\" src=\"https:\/\/jornalfatosenoticias.com.br\/wp-content\/uploads\/2022\/02\/Precisao-Contabilidade-1024x724.jpg\" alt=\"\" class=\"wp-image-28088\" width=\"338\" height=\"239\"\/><\/figure><\/div>\n\n\n\n<figure class=\"wp-block-pullquote\"><blockquote><p><span class=\"has-inline-color has-luminous-vivid-orange-color\">Inicialmente, eu falava de uma maneira mais oculta, n\u00e3o falava especificamente que eu vivia com o v\u00edrus. Mas a\u00ed eu senti a necessidade de falar sobre isso mais abertamente. Eu descobri que, falando, eu me curava de certa forma. Sentia algo muito positivo quando falava sobre os dramas, os medos que eu tinha de fazer tratamento, de morrer, de adoecer. E eu vi que aquilo era muito bem recebido. Isso foi me dando for\u00e7a&#8221;, conta.<\/span><\/p><\/blockquote><\/figure>\n\n\n\n<div class=\"wp-block-image\"><figure class=\"aligncenter size-large\"><img decoding=\"async\" src=\"https:\/\/jornalfatosenoticias.com.br\/wp-content\/uploads\/2020\/02\/logo-embacia-1-1024x110.jpg\" alt=\"\" class=\"wp-image-33954\"\/><\/figure><\/div>\n\n\n\n<p>O jornalista acrescenta que a maioria das pessoas que entram em contato nas redes sociais est\u00e1 angustiada, seja porque acredita que se exp\u00f4s ao risco de infec\u00e7\u00e3o ou porque j\u00e1 recebeu o diagn\u00f3stico e est\u00e1 tentando lidar com ele. Jo\u00e3o Geraldo acredita que o peso social do HIV afasta as pessoas do teste e do diagn\u00f3stico precoce, porque muitas n\u00e3o se percebem parte de um suposto grupo social que poderia ser infectado e outras preferem n\u00e3o saber o resultado do teste por medo.<\/p>\n\n\n\n<div class=\"wp-block-image\"><figure class=\"aligncenter size-large is-resized\"><img loading=\"lazy\" decoding=\"async\" src=\"https:\/\/jornalfatosenoticias.com.br\/wp-content\/uploads\/2020\/02\/nova-logo-Marquetti.jpg\" alt=\"\" class=\"wp-image-22331\" width=\"303\" height=\"203\" srcset=\"https:\/\/jornalfatosenoticias.com.br\/wp-content\/uploads\/2020\/02\/nova-logo-Marquetti.jpg 643w, https:\/\/jornalfatosenoticias.com.br\/wp-content\/uploads\/2020\/02\/nova-logo-Marquetti-300x202.jpg 300w\" sizes=\"auto, (max-width: 303px) 100vw, 303px\" \/><\/figure><\/div>\n\n\n\n<figure class=\"wp-block-pullquote\"><blockquote><p><span class=\"has-inline-color has-luminous-vivid-orange-color\">A quest\u00e3o do preconceito \u00e9 algo t\u00e3o forte que atrapalha de fazer o teste, de procurar ajuda e tratamento e impede que a pessoa tome o medicamento todo dia. Ent\u00e3o, o grande problema do HIV hoje n\u00e3o \u00e9 mais um problema cl\u00ednico, \u00e9 um problema social\u201d, diz. \u201cAs pessoas que chegam ao meu canal mais angustiadas s\u00e3o aquelas que passaram por situa\u00e7\u00e3o que consideram moralmente errada e acreditam que \u00e9 uma puni\u00e7\u00e3o para elas. E a pior puni\u00e7\u00e3o que elas conseguem imaginar \u00e9 uma doen\u00e7a como a Aids. Ent\u00e3o, isso \u00e9 muito doloroso, sabe? Porque voc\u00ea v\u00ea que est\u00e1 conversando com uma pessoa que acha que a pior coisa que pode acontecer na vida \u00e9 o que voc\u00ea tem\u201d.<\/span><\/p><\/blockquote><\/figure>\n\n\n\n<div class=\"wp-block-image\"><figure class=\"aligncenter size-large\"><img loading=\"lazy\" decoding=\"async\" width=\"1024\" height=\"99\" src=\"https:\/\/jornalfatosenoticias.com.br\/wp-content\/uploads\/2020\/02\/Logo-Mizu-segunda-2-1024x99.png\" alt=\"\" class=\"wp-image-2353\" srcset=\"https:\/\/jornalfatosenoticias.com.br\/wp-content\/uploads\/2020\/02\/Logo-Mizu-segunda-2-1024x99.png 1024w, https:\/\/jornalfatosenoticias.com.br\/wp-content\/uploads\/2020\/02\/Logo-Mizu-segunda-2-300x29.png 300w, https:\/\/jornalfatosenoticias.com.br\/wp-content\/uploads\/2020\/02\/Logo-Mizu-segunda-2-768x74.png 768w, https:\/\/jornalfatosenoticias.com.br\/wp-content\/uploads\/2020\/02\/Logo-Mizu-segunda-2.png 1240w\" sizes=\"auto, (max-width: 1024px) 100vw, 1024px\" \/><\/figure><\/div>\n\n\n\n<p>Em suas postagens nas redes sociais, o influenciador comenta sobre HIV e temas do dia a dia e de sua vida pessoal, como fotos de viagens, reuni\u00f5es com amigos e declara\u00e7\u00f5es de amor ao namorado. Em um de seus perfis, chamado Superindetect\u00e1vel, ele deixa a seguinte mensagem: \u201cRespira fundo! Pela frente ainda tem muito mundo. Agora pode na\u0303o estar, mas tudo pode ficar bem\u201d.<\/p>\n\n\n\n<p><strong><em>Fonte: Ag\u00eancia Brasil<\/em><\/strong><\/p>\n","protected":false},"excerpt":{"rendered":"<p>Relat\u00f3rio do Unaids marca Dia Mundial de Luta contra a doen\u00e7a Atingir o compromisso global de encerrar a pandemia de aids at\u00e9 2030 passa pelo combate \u00e0s desigualdades e estigmas que acompanham essa emerg\u00eancia de sa\u00fade p\u00fablica desde o seu surgimento, h\u00e1 41 anos, destaca o relat\u00f3rio Desigualdades Perigosas, divulgado esta semana pelo Programa das [&hellip;]<\/p>\n","protected":false},"author":2,"featured_media":36545,"comment_status":"open","ping_status":"open","sticky":false,"template":"","format":"standard","meta":{"footnotes":""},"categories":[11],"tags":[12259,690,17157,648,17158,3634],"class_list":["post-36544","post","type-post","status-publish","format-standard","has-post-thumbnail","hentry","category-saude","tag-dia-mundial-de-luta-contra-a-aids","tag-discriminacao","tag-hiv-aids","tag-onu","tag-pandemia-de-aids","tag-relatorio"],"yoast_head":"<!-- This site is optimized with the Yoast SEO plugin v26.5 - https:\/\/yoast.com\/wordpress\/plugins\/seo\/ -->\n<title>Desigualdades e estigmas prolongam pandemia de aids - Jornal Fatos e Not\u00edcias<\/title>\n<meta name=\"robots\" content=\"index, follow, max-snippet:-1, max-image-preview:large, max-video-preview:-1\" \/>\n<link rel=\"canonical\" href=\"https:\/\/jornalfatosenoticias.com.br\/index.php\/2022\/12\/01\/desigualdades-e-estigmas-prolongam-pandemia-de-aids\/\" \/>\n<meta property=\"og:locale\" content=\"pt_BR\" \/>\n<meta property=\"og:type\" content=\"article\" \/>\n<meta property=\"og:title\" content=\"Desigualdades e estigmas prolongam pandemia de aids - Jornal Fatos e Not\u00edcias\" \/>\n<meta property=\"og:description\" content=\"Relat\u00f3rio do Unaids marca Dia Mundial de Luta contra a doen\u00e7a Atingir o compromisso global de encerrar a pandemia de aids at\u00e9 2030 passa pelo combate \u00e0s desigualdades e estigmas que acompanham essa emerg\u00eancia de sa\u00fade p\u00fablica desde o seu surgimento, h\u00e1 41 anos, destaca o relat\u00f3rio Desigualdades Perigosas, divulgado esta semana pelo Programa das [&hellip;]\" \/>\n<meta property=\"og:url\" content=\"https:\/\/jornalfatosenoticias.com.br\/index.php\/2022\/12\/01\/desigualdades-e-estigmas-prolongam-pandemia-de-aids\/\" \/>\n<meta property=\"og:site_name\" content=\"Jornal Fatos e Not\u00edcias\" \/>\n<meta property=\"article:published_time\" content=\"2022-12-01T15:04:59+00:00\" \/>\n<meta property=\"article:modified_time\" content=\"2022-12-01T15:05:02+00:00\" \/>\n<meta property=\"og:image\" content=\"https:\/\/jornalfatosenoticias.com.br\/wp-content\/uploads\/2022\/12\/aids.jpg\" \/>\n\t<meta property=\"og:image:width\" content=\"1000\" \/>\n\t<meta property=\"og:image:height\" content=\"598\" \/>\n\t<meta property=\"og:image:type\" content=\"image\/jpeg\" \/>\n<meta name=\"author\" content=\"Luzimara Fernandes\" \/>\n<meta name=\"twitter:card\" content=\"summary_large_image\" \/>\n<meta name=\"twitter:label1\" content=\"Escrito por\" \/>\n\t<meta name=\"twitter:data1\" content=\"Luzimara Fernandes\" \/>\n\t<meta name=\"twitter:label2\" content=\"Est. tempo de leitura\" \/>\n\t<meta name=\"twitter:data2\" content=\"10 minutos\" \/>\n<script type=\"application\/ld+json\" class=\"yoast-schema-graph\">{\"@context\":\"https:\/\/schema.org\",\"@graph\":[{\"@type\":\"Article\",\"@id\":\"https:\/\/jornalfatosenoticias.com.br\/index.php\/2022\/12\/01\/desigualdades-e-estigmas-prolongam-pandemia-de-aids\/#article\",\"isPartOf\":{\"@id\":\"https:\/\/jornalfatosenoticias.com.br\/index.php\/2022\/12\/01\/desigualdades-e-estigmas-prolongam-pandemia-de-aids\/\"},\"author\":{\"name\":\"Luzimara Fernandes\",\"@id\":\"https:\/\/jornalfatosenoticias.com.br\/#\/schema\/person\/d63837fa13ac8666eb9e74e0985d6f81\"},\"headline\":\"Desigualdades e estigmas prolongam pandemia de aids\",\"datePublished\":\"2022-12-01T15:04:59+00:00\",\"dateModified\":\"2022-12-01T15:05:02+00:00\",\"mainEntityOfPage\":{\"@id\":\"https:\/\/jornalfatosenoticias.com.br\/index.php\/2022\/12\/01\/desigualdades-e-estigmas-prolongam-pandemia-de-aids\/\"},\"wordCount\":1969,\"commentCount\":0,\"publisher\":{\"@id\":\"https:\/\/jornalfatosenoticias.com.br\/#organization\"},\"image\":{\"@id\":\"https:\/\/jornalfatosenoticias.com.br\/index.php\/2022\/12\/01\/desigualdades-e-estigmas-prolongam-pandemia-de-aids\/#primaryimage\"},\"thumbnailUrl\":\"https:\/\/jornalfatosenoticias.com.br\/wp-content\/uploads\/2022\/12\/aids.jpg\",\"keywords\":[\"Dia Mundial de Luta Contra a Aids\",\"discrimina\u00e7\u00e3o\",\"HIV\/aids\",\"ONU\",\"pandemia de aids\",\"relat\u00f3rio\"],\"articleSection\":[\"Sa\u00fade\"],\"inLanguage\":\"pt-BR\",\"potentialAction\":[{\"@type\":\"CommentAction\",\"name\":\"Comment\",\"target\":[\"https:\/\/jornalfatosenoticias.com.br\/index.php\/2022\/12\/01\/desigualdades-e-estigmas-prolongam-pandemia-de-aids\/#respond\"]}]},{\"@type\":\"WebPage\",\"@id\":\"https:\/\/jornalfatosenoticias.com.br\/index.php\/2022\/12\/01\/desigualdades-e-estigmas-prolongam-pandemia-de-aids\/\",\"url\":\"https:\/\/jornalfatosenoticias.com.br\/index.php\/2022\/12\/01\/desigualdades-e-estigmas-prolongam-pandemia-de-aids\/\",\"name\":\"Desigualdades e estigmas prolongam pandemia de aids - Jornal Fatos e Not\u00edcias\",\"isPartOf\":{\"@id\":\"https:\/\/jornalfatosenoticias.com.br\/#website\"},\"primaryImageOfPage\":{\"@id\":\"https:\/\/jornalfatosenoticias.com.br\/index.php\/2022\/12\/01\/desigualdades-e-estigmas-prolongam-pandemia-de-aids\/#primaryimage\"},\"image\":{\"@id\":\"https:\/\/jornalfatosenoticias.com.br\/index.php\/2022\/12\/01\/desigualdades-e-estigmas-prolongam-pandemia-de-aids\/#primaryimage\"},\"thumbnailUrl\":\"https:\/\/jornalfatosenoticias.com.br\/wp-content\/uploads\/2022\/12\/aids.jpg\",\"datePublished\":\"2022-12-01T15:04:59+00:00\",\"dateModified\":\"2022-12-01T15:05:02+00:00\",\"breadcrumb\":{\"@id\":\"https:\/\/jornalfatosenoticias.com.br\/index.php\/2022\/12\/01\/desigualdades-e-estigmas-prolongam-pandemia-de-aids\/#breadcrumb\"},\"inLanguage\":\"pt-BR\",\"potentialAction\":[{\"@type\":\"ReadAction\",\"target\":[\"https:\/\/jornalfatosenoticias.com.br\/index.php\/2022\/12\/01\/desigualdades-e-estigmas-prolongam-pandemia-de-aids\/\"]}]},{\"@type\":\"ImageObject\",\"inLanguage\":\"pt-BR\",\"@id\":\"https:\/\/jornalfatosenoticias.com.br\/index.php\/2022\/12\/01\/desigualdades-e-estigmas-prolongam-pandemia-de-aids\/#primaryimage\",\"url\":\"https:\/\/jornalfatosenoticias.com.br\/wp-content\/uploads\/2022\/12\/aids.jpg\",\"contentUrl\":\"https:\/\/jornalfatosenoticias.com.br\/wp-content\/uploads\/2022\/12\/aids.jpg\",\"width\":1000,\"height\":598},{\"@type\":\"BreadcrumbList\",\"@id\":\"https:\/\/jornalfatosenoticias.com.br\/index.php\/2022\/12\/01\/desigualdades-e-estigmas-prolongam-pandemia-de-aids\/#breadcrumb\",\"itemListElement\":[{\"@type\":\"ListItem\",\"position\":1,\"name\":\"In\u00edcio\",\"item\":\"https:\/\/jornalfatosenoticias.com.br\/\"},{\"@type\":\"ListItem\",\"position\":2,\"name\":\"Desigualdades e estigmas prolongam pandemia de aids\"}]},{\"@type\":\"WebSite\",\"@id\":\"https:\/\/jornalfatosenoticias.com.br\/#website\",\"url\":\"https:\/\/jornalfatosenoticias.com.br\/\",\"name\":\"Jornal Fatos e Not\u00edcias\",\"description\":\"Not\u00edcias em geral\",\"publisher\":{\"@id\":\"https:\/\/jornalfatosenoticias.com.br\/#organization\"},\"potentialAction\":[{\"@type\":\"SearchAction\",\"target\":{\"@type\":\"EntryPoint\",\"urlTemplate\":\"https:\/\/jornalfatosenoticias.com.br\/?s={search_term_string}\"},\"query-input\":{\"@type\":\"PropertyValueSpecification\",\"valueRequired\":true,\"valueName\":\"search_term_string\"}}],\"inLanguage\":\"pt-BR\"},{\"@type\":\"Organization\",\"@id\":\"https:\/\/jornalfatosenoticias.com.br\/#organization\",\"name\":\"Jornal Fatos e Not\u00edcias\",\"url\":\"https:\/\/jornalfatosenoticias.com.br\/\",\"logo\":{\"@type\":\"ImageObject\",\"inLanguage\":\"pt-BR\",\"@id\":\"https:\/\/jornalfatosenoticias.com.br\/#\/schema\/logo\/image\/\",\"url\":\"https:\/\/jornalfatosenoticias.com.br\/wp-content\/uploads\/2020\/02\/logo120.png\",\"contentUrl\":\"https:\/\/jornalfatosenoticias.com.br\/wp-content\/uploads\/2020\/02\/logo120.png\",\"width\":1227,\"height\":120,\"caption\":\"Jornal Fatos e Not\u00edcias\"},\"image\":{\"@id\":\"https:\/\/jornalfatosenoticias.com.br\/#\/schema\/logo\/image\/\"}},{\"@type\":\"Person\",\"@id\":\"https:\/\/jornalfatosenoticias.com.br\/#\/schema\/person\/d63837fa13ac8666eb9e74e0985d6f81\",\"name\":\"Luzimara Fernandes\",\"image\":{\"@type\":\"ImageObject\",\"inLanguage\":\"pt-BR\",\"@id\":\"https:\/\/jornalfatosenoticias.com.br\/#\/schema\/person\/image\/\",\"url\":\"https:\/\/jornalfatosenoticias.com.br\/wp-content\/uploads\/2025\/05\/EU_portal.jpg\",\"contentUrl\":\"https:\/\/jornalfatosenoticias.com.br\/wp-content\/uploads\/2025\/05\/EU_portal.jpg\",\"caption\":\"Luzimara Fernandes\"},\"description\":\"Jornalista MTB 2358-ES\",\"sameAs\":[\"https:\/\/jornalfatosenoticias.com.br\"],\"url\":\"https:\/\/jornalfatosenoticias.com.br\/index.php\/author\/luzimara\/\"}]}<\/script>\n<!-- \/ Yoast SEO plugin. -->","yoast_head_json":{"title":"Desigualdades e estigmas prolongam pandemia de aids - Jornal Fatos e Not\u00edcias","robots":{"index":"index","follow":"follow","max-snippet":"max-snippet:-1","max-image-preview":"max-image-preview:large","max-video-preview":"max-video-preview:-1"},"canonical":"https:\/\/jornalfatosenoticias.com.br\/index.php\/2022\/12\/01\/desigualdades-e-estigmas-prolongam-pandemia-de-aids\/","og_locale":"pt_BR","og_type":"article","og_title":"Desigualdades e estigmas prolongam pandemia de aids - Jornal Fatos e Not\u00edcias","og_description":"Relat\u00f3rio do Unaids marca Dia Mundial de Luta contra a doen\u00e7a Atingir o compromisso global de encerrar a pandemia de aids at\u00e9 2030 passa pelo combate \u00e0s desigualdades e estigmas que acompanham essa emerg\u00eancia de sa\u00fade p\u00fablica desde o seu surgimento, h\u00e1 41 anos, destaca o relat\u00f3rio Desigualdades Perigosas, divulgado esta semana pelo Programa das [&hellip;]","og_url":"https:\/\/jornalfatosenoticias.com.br\/index.php\/2022\/12\/01\/desigualdades-e-estigmas-prolongam-pandemia-de-aids\/","og_site_name":"Jornal Fatos e Not\u00edcias","article_published_time":"2022-12-01T15:04:59+00:00","article_modified_time":"2022-12-01T15:05:02+00:00","og_image":[{"width":1000,"height":598,"url":"https:\/\/jornalfatosenoticias.com.br\/wp-content\/uploads\/2022\/12\/aids.jpg","type":"image\/jpeg"}],"author":"Luzimara Fernandes","twitter_card":"summary_large_image","twitter_misc":{"Escrito por":"Luzimara Fernandes","Est. tempo de leitura":"10 minutos"},"schema":{"@context":"https:\/\/schema.org","@graph":[{"@type":"Article","@id":"https:\/\/jornalfatosenoticias.com.br\/index.php\/2022\/12\/01\/desigualdades-e-estigmas-prolongam-pandemia-de-aids\/#article","isPartOf":{"@id":"https:\/\/jornalfatosenoticias.com.br\/index.php\/2022\/12\/01\/desigualdades-e-estigmas-prolongam-pandemia-de-aids\/"},"author":{"name":"Luzimara Fernandes","@id":"https:\/\/jornalfatosenoticias.com.br\/#\/schema\/person\/d63837fa13ac8666eb9e74e0985d6f81"},"headline":"Desigualdades e estigmas prolongam pandemia de aids","datePublished":"2022-12-01T15:04:59+00:00","dateModified":"2022-12-01T15:05:02+00:00","mainEntityOfPage":{"@id":"https:\/\/jornalfatosenoticias.com.br\/index.php\/2022\/12\/01\/desigualdades-e-estigmas-prolongam-pandemia-de-aids\/"},"wordCount":1969,"commentCount":0,"publisher":{"@id":"https:\/\/jornalfatosenoticias.com.br\/#organization"},"image":{"@id":"https:\/\/jornalfatosenoticias.com.br\/index.php\/2022\/12\/01\/desigualdades-e-estigmas-prolongam-pandemia-de-aids\/#primaryimage"},"thumbnailUrl":"https:\/\/jornalfatosenoticias.com.br\/wp-content\/uploads\/2022\/12\/aids.jpg","keywords":["Dia Mundial de Luta Contra a Aids","discrimina\u00e7\u00e3o","HIV\/aids","ONU","pandemia de aids","relat\u00f3rio"],"articleSection":["Sa\u00fade"],"inLanguage":"pt-BR","potentialAction":[{"@type":"CommentAction","name":"Comment","target":["https:\/\/jornalfatosenoticias.com.br\/index.php\/2022\/12\/01\/desigualdades-e-estigmas-prolongam-pandemia-de-aids\/#respond"]}]},{"@type":"WebPage","@id":"https:\/\/jornalfatosenoticias.com.br\/index.php\/2022\/12\/01\/desigualdades-e-estigmas-prolongam-pandemia-de-aids\/","url":"https:\/\/jornalfatosenoticias.com.br\/index.php\/2022\/12\/01\/desigualdades-e-estigmas-prolongam-pandemia-de-aids\/","name":"Desigualdades e estigmas prolongam pandemia de aids - Jornal Fatos e Not\u00edcias","isPartOf":{"@id":"https:\/\/jornalfatosenoticias.com.br\/#website"},"primaryImageOfPage":{"@id":"https:\/\/jornalfatosenoticias.com.br\/index.php\/2022\/12\/01\/desigualdades-e-estigmas-prolongam-pandemia-de-aids\/#primaryimage"},"image":{"@id":"https:\/\/jornalfatosenoticias.com.br\/index.php\/2022\/12\/01\/desigualdades-e-estigmas-prolongam-pandemia-de-aids\/#primaryimage"},"thumbnailUrl":"https:\/\/jornalfatosenoticias.com.br\/wp-content\/uploads\/2022\/12\/aids.jpg","datePublished":"2022-12-01T15:04:59+00:00","dateModified":"2022-12-01T15:05:02+00:00","breadcrumb":{"@id":"https:\/\/jornalfatosenoticias.com.br\/index.php\/2022\/12\/01\/desigualdades-e-estigmas-prolongam-pandemia-de-aids\/#breadcrumb"},"inLanguage":"pt-BR","potentialAction":[{"@type":"ReadAction","target":["https:\/\/jornalfatosenoticias.com.br\/index.php\/2022\/12\/01\/desigualdades-e-estigmas-prolongam-pandemia-de-aids\/"]}]},{"@type":"ImageObject","inLanguage":"pt-BR","@id":"https:\/\/jornalfatosenoticias.com.br\/index.php\/2022\/12\/01\/desigualdades-e-estigmas-prolongam-pandemia-de-aids\/#primaryimage","url":"https:\/\/jornalfatosenoticias.com.br\/wp-content\/uploads\/2022\/12\/aids.jpg","contentUrl":"https:\/\/jornalfatosenoticias.com.br\/wp-content\/uploads\/2022\/12\/aids.jpg","width":1000,"height":598},{"@type":"BreadcrumbList","@id":"https:\/\/jornalfatosenoticias.com.br\/index.php\/2022\/12\/01\/desigualdades-e-estigmas-prolongam-pandemia-de-aids\/#breadcrumb","itemListElement":[{"@type":"ListItem","position":1,"name":"In\u00edcio","item":"https:\/\/jornalfatosenoticias.com.br\/"},{"@type":"ListItem","position":2,"name":"Desigualdades e estigmas prolongam pandemia de aids"}]},{"@type":"WebSite","@id":"https:\/\/jornalfatosenoticias.com.br\/#website","url":"https:\/\/jornalfatosenoticias.com.br\/","name":"Jornal Fatos e Not\u00edcias","description":"Not\u00edcias em geral","publisher":{"@id":"https:\/\/jornalfatosenoticias.com.br\/#organization"},"potentialAction":[{"@type":"SearchAction","target":{"@type":"EntryPoint","urlTemplate":"https:\/\/jornalfatosenoticias.com.br\/?s={search_term_string}"},"query-input":{"@type":"PropertyValueSpecification","valueRequired":true,"valueName":"search_term_string"}}],"inLanguage":"pt-BR"},{"@type":"Organization","@id":"https:\/\/jornalfatosenoticias.com.br\/#organization","name":"Jornal Fatos e Not\u00edcias","url":"https:\/\/jornalfatosenoticias.com.br\/","logo":{"@type":"ImageObject","inLanguage":"pt-BR","@id":"https:\/\/jornalfatosenoticias.com.br\/#\/schema\/logo\/image\/","url":"https:\/\/jornalfatosenoticias.com.br\/wp-content\/uploads\/2020\/02\/logo120.png","contentUrl":"https:\/\/jornalfatosenoticias.com.br\/wp-content\/uploads\/2020\/02\/logo120.png","width":1227,"height":120,"caption":"Jornal Fatos e Not\u00edcias"},"image":{"@id":"https:\/\/jornalfatosenoticias.com.br\/#\/schema\/logo\/image\/"}},{"@type":"Person","@id":"https:\/\/jornalfatosenoticias.com.br\/#\/schema\/person\/d63837fa13ac8666eb9e74e0985d6f81","name":"Luzimara Fernandes","image":{"@type":"ImageObject","inLanguage":"pt-BR","@id":"https:\/\/jornalfatosenoticias.com.br\/#\/schema\/person\/image\/","url":"https:\/\/jornalfatosenoticias.com.br\/wp-content\/uploads\/2025\/05\/EU_portal.jpg","contentUrl":"https:\/\/jornalfatosenoticias.com.br\/wp-content\/uploads\/2025\/05\/EU_portal.jpg","caption":"Luzimara Fernandes"},"description":"Jornalista MTB 2358-ES","sameAs":["https:\/\/jornalfatosenoticias.com.br"],"url":"https:\/\/jornalfatosenoticias.com.br\/index.php\/author\/luzimara\/"}]}},"cc_featured_image_caption":{"caption_text":"(Foto: Marcelo Camargo\/Ag\u00eancia Brasil)","source_text":"","source_url":""},"jetpack_featured_media_url":"https:\/\/jornalfatosenoticias.com.br\/wp-content\/uploads\/2022\/12\/aids.jpg","_links":{"self":[{"href":"https:\/\/jornalfatosenoticias.com.br\/index.php\/wp-json\/wp\/v2\/posts\/36544","targetHints":{"allow":["GET"]}}],"collection":[{"href":"https:\/\/jornalfatosenoticias.com.br\/index.php\/wp-json\/wp\/v2\/posts"}],"about":[{"href":"https:\/\/jornalfatosenoticias.com.br\/index.php\/wp-json\/wp\/v2\/types\/post"}],"author":[{"embeddable":true,"href":"https:\/\/jornalfatosenoticias.com.br\/index.php\/wp-json\/wp\/v2\/users\/2"}],"replies":[{"embeddable":true,"href":"https:\/\/jornalfatosenoticias.com.br\/index.php\/wp-json\/wp\/v2\/comments?post=36544"}],"version-history":[{"count":0,"href":"https:\/\/jornalfatosenoticias.com.br\/index.php\/wp-json\/wp\/v2\/posts\/36544\/revisions"}],"wp:featuredmedia":[{"embeddable":true,"href":"https:\/\/jornalfatosenoticias.com.br\/index.php\/wp-json\/wp\/v2\/media\/36545"}],"wp:attachment":[{"href":"https:\/\/jornalfatosenoticias.com.br\/index.php\/wp-json\/wp\/v2\/media?parent=36544"}],"wp:term":[{"taxonomy":"category","embeddable":true,"href":"https:\/\/jornalfatosenoticias.com.br\/index.php\/wp-json\/wp\/v2\/categories?post=36544"},{"taxonomy":"post_tag","embeddable":true,"href":"https:\/\/jornalfatosenoticias.com.br\/index.php\/wp-json\/wp\/v2\/tags?post=36544"}],"curies":[{"name":"wp","href":"https:\/\/api.w.org\/{rel}","templated":true}]}}