{"id":36547,"date":"2022-12-01T12:43:27","date_gmt":"2022-12-01T15:43:27","guid":{"rendered":"https:\/\/jornalfatosenoticias.com.br\/?p=36547"},"modified":"2022-12-01T12:43:28","modified_gmt":"2022-12-01T15:43:28","slug":"china-comeca-a-flexibilizar-politica-de-covid-zero-apos-manifestacoes","status":"publish","type":"post","link":"https:\/\/jornalfatosenoticias.com.br\/index.php\/2022\/12\/01\/china-comeca-a-flexibilizar-politica-de-covid-zero-apos-manifestacoes\/","title":{"rendered":"China come\u00e7a a flexibilizar pol\u00edtica de covid zero, ap\u00f3s manifesta\u00e7\u00f5es"},"content":{"rendered":"\n<p><em><span class=\"has-inline-color has-black-color\">Mudan\u00e7a de tom vem acompanhada por campanha de vacina\u00e7\u00e3o<\/span><\/em><\/p>\n\n\n\n<div class=\"wp-block-image\"><figure class=\"aligncenter size-large\"><img loading=\"lazy\" decoding=\"async\" width=\"1024\" height=\"99\" src=\"https:\/\/jornalfatosenoticias.com.br\/wp-content\/uploads\/2020\/02\/Logo-Mizu-segunda-2-1024x99.png\" alt=\"\" class=\"wp-image-2353\" srcset=\"https:\/\/jornalfatosenoticias.com.br\/wp-content\/uploads\/2020\/02\/Logo-Mizu-segunda-2-1024x99.png 1024w, https:\/\/jornalfatosenoticias.com.br\/wp-content\/uploads\/2020\/02\/Logo-Mizu-segunda-2-300x29.png 300w, https:\/\/jornalfatosenoticias.com.br\/wp-content\/uploads\/2020\/02\/Logo-Mizu-segunda-2-768x74.png 768w, https:\/\/jornalfatosenoticias.com.br\/wp-content\/uploads\/2020\/02\/Logo-Mizu-segunda-2.png 1240w\" sizes=\"auto, (max-width: 1024px) 100vw, 1024px\" \/><\/figure><\/div>\n\n\n\n<p>A vice-primeira-ministra da China, Sun Chunlan, anunciou na noite de ontem (30) que o pa\u00eds vai entrar em uma &#8220;nova fase e miss\u00e3o&#8221; da pol\u00edtica de covid zero. A mudan\u00e7a na abordagem \u00e0 pandemia surge ap\u00f3s v\u00e1rios dias de protestos intensos contra as restri\u00e7\u00f5es.<\/p>\n\n\n\n<div class=\"wp-block-image\"><figure class=\"aligncenter size-large is-resized\"><img loading=\"lazy\" decoding=\"async\" src=\"https:\/\/jornalfatosenoticias.com.br\/wp-content\/uploads\/2022\/07\/Logo-Grupo-SEI.jpg\" alt=\"\" class=\"wp-image-31973\" width=\"347\" height=\"182\" srcset=\"https:\/\/jornalfatosenoticias.com.br\/wp-content\/uploads\/2022\/07\/Logo-Grupo-SEI.jpg 713w, https:\/\/jornalfatosenoticias.com.br\/wp-content\/uploads\/2022\/07\/Logo-Grupo-SEI-300x158.jpg 300w\" sizes=\"auto, (max-width: 347px) 100vw, 347px\" \/><\/figure><\/div>\n\n\n\n<figure class=\"wp-block-pullquote\"><blockquote><p><span class=\"has-inline-color has-luminous-vivid-orange-color\">Com a decrescente transmissibilidade da variante \u00d4micron, o aumento da taxa de vacina\u00e7\u00e3o e a experi\u00eancia acumulada de controle e preven\u00e7\u00e3o de surtos, a conten\u00e7\u00e3o pand\u00eamica da China entra agora em uma nova fase e miss\u00e3o&#8221;, declarou Chunlan.<\/span><\/p><\/blockquote><\/figure>\n\n\n\n<div class=\"wp-block-image\"><figure class=\"aligncenter size-large\"><img loading=\"lazy\" decoding=\"async\" width=\"1024\" height=\"110\" src=\"https:\/\/jornalfatosenoticias.com.br\/wp-content\/uploads\/2022\/10\/Arte-jornal-Zucchi-1120x120_Prancheta-1-1024x110.jpg\" alt=\"\" class=\"wp-image-34772\" srcset=\"https:\/\/jornalfatosenoticias.com.br\/wp-content\/uploads\/2022\/10\/Arte-jornal-Zucchi-1120x120_Prancheta-1-1024x110.jpg 1024w, https:\/\/jornalfatosenoticias.com.br\/wp-content\/uploads\/2022\/10\/Arte-jornal-Zucchi-1120x120_Prancheta-1-300x32.jpg 300w, https:\/\/jornalfatosenoticias.com.br\/wp-content\/uploads\/2022\/10\/Arte-jornal-Zucchi-1120x120_Prancheta-1-768x82.jpg 768w, https:\/\/jornalfatosenoticias.com.br\/wp-content\/uploads\/2022\/10\/Arte-jornal-Zucchi-1120x120_Prancheta-1-1536x165.jpg 1536w, https:\/\/jornalfatosenoticias.com.br\/wp-content\/uploads\/2022\/10\/Arte-jornal-Zucchi-1120x120_Prancheta-1-2048x219.jpg 2048w\" sizes=\"auto, (max-width: 1024px) 100vw, 1024px\" \/><\/figure><\/div>\n\n\n\n<p>A indica\u00e7\u00e3o chegou no momento em que v\u00e1rias regi\u00f5es, incluindo Xangai, come\u00e7aram a suspender os confinamentos, apesar do ainda elevado n\u00famero de casos. A vice-primeira-ministra falou depois de ter participado de uma mesa-redonda com especialistas em sa\u00fade que, segundo a ag\u00eancia de not\u00edcias chinesa Xinhua, teriam elogiado os esfor\u00e7os da China antes de oferecerem sugest\u00f5es sobre como &#8220;melhorar&#8221; as medidas atuais.<\/p>\n\n\n\n<div class=\"wp-block-image\"><figure class=\"aligncenter size-large is-resized\"><img loading=\"lazy\" decoding=\"async\" src=\"https:\/\/jornalfatosenoticias.com.br\/wp-content\/uploads\/2020\/02\/casa-do-torresmo_portal.jpg\" alt=\"\" class=\"wp-image-34472\" width=\"269\" height=\"269\" srcset=\"https:\/\/jornalfatosenoticias.com.br\/wp-content\/uploads\/2020\/02\/casa-do-torresmo_portal.jpg 300w, https:\/\/jornalfatosenoticias.com.br\/wp-content\/uploads\/2020\/02\/casa-do-torresmo_portal-150x150.jpg 150w\" sizes=\"auto, (max-width: 269px) 100vw, 269px\" \/><\/figure><\/div>\n\n\n\n<p>Segundo Chunlan, a China tamb\u00e9m vai adotar uma &#8220;abordagem mais humana&#8221; na sua resposta ao surto e exigir que o sistema de sa\u00fade aumente as reservas de medicamentos e outros recursos para o tratamento de pacientes.<\/p>\n\n\n\n<div class=\"wp-block-image\"><figure class=\"aligncenter size-large\"><img decoding=\"async\" src=\"https:\/\/jornalfatosenoticias.com.br\/wp-content\/uploads\/2020\/02\/Serra-Grande-1024x160.png\" alt=\"\" class=\"wp-image-7836\"\/><\/figure><\/div>\n\n\n\n<p>A decis\u00e3o do governo chin\u00eas surge depois de grandes protestos em v\u00e1rias cidades contra as pol\u00edticas de covid zero. As manifesta\u00e7\u00f5es foram desencadeadas por um inc\u00eandio em um pr\u00e9dio de Xinjiang, no qual dez pessoas morreram. Muitos chineses acreditam que as restri\u00e7\u00f5es prolongadas contra a covid-19 contribu\u00edram para o desastre.<\/p>\n\n\n\n<div class=\"wp-block-image\"><figure class=\"aligncenter size-large is-resized\"><img loading=\"lazy\" decoding=\"async\" src=\"https:\/\/jornalfatosenoticias.com.br\/wp-content\/uploads\/2020\/02\/logo-Panper_portal.jpg\" alt=\"\" class=\"wp-image-34474\" width=\"306\" height=\"212\" srcset=\"https:\/\/jornalfatosenoticias.com.br\/wp-content\/uploads\/2020\/02\/logo-Panper_portal.jpg 400w, https:\/\/jornalfatosenoticias.com.br\/wp-content\/uploads\/2020\/02\/logo-Panper_portal-300x208.jpg 300w\" sizes=\"auto, (max-width: 306px) 100vw, 306px\" \/><\/figure><\/div>\n\n\n\n<p>A pol\u00edtica da China inclui a imposi\u00e7\u00e3o de bloqueio em bairros ou cidades inteiras, que podem demorar semanas ou meses, a realiza\u00e7\u00e3o constante de testes em massa e o isolamento de todos os casos positivos e respectivos contatos diretos em instala\u00e7\u00f5es determinadas pelo governo, muitas vezes em condi\u00e7\u00f5es degradantes.<\/p>\n\n\n\n<div class=\"wp-block-image\"><figure class=\"aligncenter size-large\"><img loading=\"lazy\" decoding=\"async\" width=\"1024\" height=\"100\" src=\"https:\/\/jornalfatosenoticias.com.br\/wp-content\/uploads\/2020\/02\/banner_ferramentas-1024x100.jpg\" alt=\"\" class=\"wp-image-1258\" srcset=\"https:\/\/jornalfatosenoticias.com.br\/wp-content\/uploads\/2020\/02\/banner_ferramentas-1024x100.jpg 1024w, https:\/\/jornalfatosenoticias.com.br\/wp-content\/uploads\/2020\/02\/banner_ferramentas-300x29.jpg 300w, https:\/\/jornalfatosenoticias.com.br\/wp-content\/uploads\/2020\/02\/banner_ferramentas-768x75.jpg 768w, https:\/\/jornalfatosenoticias.com.br\/wp-content\/uploads\/2020\/02\/banner_ferramentas.jpg 1227w\" sizes=\"auto, (max-width: 1024px) 100vw, 1024px\" \/><\/figure><\/div>\n\n\n\n<p><strong><span class=\"has-inline-color has-black-color\">Autoridades atentas<br><\/span><\/strong>A mais recente mudan\u00e7a de tom vem acompanhada de uma nova campanha de vacina\u00e7\u00e3o voltada para os idosos, anunciada na ter\u00e7a-feira. Mais de 90% da popula\u00e7\u00e3o da China recebeu pelo menos duas doses de uma vacina, mas a taxa cai drasticamente entre os idosos, especialmente aqueles com mais de 80 anos.<br>Ontem (30), a China registrou 36.061 novos casos da doen\u00e7a, uma ligeira queda em rela\u00e7\u00e3o aos 37.828 de ter\u00e7a-feira. Apesar dos n\u00fameros relativamente altos, algumas regi\u00f5es come\u00e7aram a diminuir as restri\u00e7\u00f5es.<\/p>\n\n\n\n<div class=\"wp-block-image\"><figure class=\"aligncenter size-large is-resized\"><img loading=\"lazy\" decoding=\"async\" src=\"https:\/\/jornalfatosenoticias.com.br\/wp-content\/uploads\/2020\/02\/nova-logo-Marquetti.jpg\" alt=\"\" class=\"wp-image-22331\" width=\"307\" height=\"206\" srcset=\"https:\/\/jornalfatosenoticias.com.br\/wp-content\/uploads\/2020\/02\/nova-logo-Marquetti.jpg 643w, https:\/\/jornalfatosenoticias.com.br\/wp-content\/uploads\/2020\/02\/nova-logo-Marquetti-300x202.jpg 300w\" sizes=\"auto, (max-width: 307px) 100vw, 307px\" \/><\/figure><\/div>\n\n\n\n<p>Segundo os \u00f3rg\u00e3os de comunica\u00e7\u00e3o estatais, nesta quinta-feira 24 distritos em Xangai designados como &#8220;alto risco&#8221; foram liberados dos confinamentos. Um dias antes foi anunciado o relaxamento das restri\u00e7\u00f5es em 11 distritos de Guanzhou, apesar de ambas as cidades relatarem n\u00fameros crescentes de casos.<\/p>\n\n\n\n<div class=\"wp-block-image\"><figure class=\"aligncenter size-large\"><img loading=\"lazy\" decoding=\"async\" width=\"1024\" height=\"100\" src=\"https:\/\/jornalfatosenoticias.com.br\/wp-content\/uploads\/2022\/05\/NOVA-LOGO-CESCONETTO-1024x100.jpg\" alt=\"\" class=\"wp-image-30792\" srcset=\"https:\/\/jornalfatosenoticias.com.br\/wp-content\/uploads\/2022\/05\/NOVA-LOGO-CESCONETTO-1024x100.jpg 1024w, https:\/\/jornalfatosenoticias.com.br\/wp-content\/uploads\/2022\/05\/NOVA-LOGO-CESCONETTO-300x29.jpg 300w, https:\/\/jornalfatosenoticias.com.br\/wp-content\/uploads\/2022\/05\/NOVA-LOGO-CESCONETTO-768x75.jpg 768w, https:\/\/jornalfatosenoticias.com.br\/wp-content\/uploads\/2022\/05\/NOVA-LOGO-CESCONETTO.jpg 1280w\" sizes=\"auto, (max-width: 1024px) 100vw, 1024px\" \/><\/figure><\/div>\n\n\n\n<p>Apesar do al\u00edvio das restri\u00e7\u00f5es poder significar que as queixas da popula\u00e7\u00e3o foram ouvidas, as autoridades continuam sem permitir os protestos e mant\u00eam-se atentas, tendo, em alguns casos, detido pessoas que sa\u00edram \u00e0s ruas para se manifestarem.<\/p>\n\n\n\n<div class=\"wp-block-image\"><figure class=\"aligncenter size-large\"><img loading=\"lazy\" decoding=\"async\" width=\"300\" height=\"250\" src=\"https:\/\/jornalfatosenoticias.com.br\/wp-content\/uploads\/2022\/08\/arte-Casarao.jpg\" alt=\"\" class=\"wp-image-33178\"\/><\/figure><\/div>\n\n\n\n<p>O governo chin\u00eas justificava a pol\u00edtica de covid zero pelo fato de a China ter uma grande popula\u00e7\u00e3o, n\u00edveis desiguais de desenvolvimento entre regi\u00f5es e &#8220;recursos m\u00e9dicos insuficientes&#8221;. Segundo dados oficiais, desde o in\u00edcio da pandemia morreram 5.233 pessoas na China, devido \u00e0 infec\u00e7\u00e3o pelo novo coronav\u00edrus. Estudos sustentam que a estrat\u00e9gia chinesa salvou milh\u00f5es de vidas.<\/p>\n\n\n\n<div class=\"wp-block-image\"><figure class=\"aligncenter size-large is-resized\"><img loading=\"lazy\" decoding=\"async\" src=\"https:\/\/jornalfatosenoticias.com.br\/wp-content\/uploads\/2022\/08\/logo-locau-veiculos-1024x573.png\" alt=\"\" class=\"wp-image-33078\" width=\"314\" height=\"175\"\/><\/figure><\/div>\n\n\n\n<p><strong><em>Fonte: <a href=\"https:\/\/agenciabrasil.ebc.com.br\/internacional\/noticia\/2022-12\/china-comeca-flexibilizar-politica-de-covid-zero-apos-manifestacoes\">Ag\u00eancia Brasil<\/a><\/em><\/strong><\/p>\n","protected":false},"excerpt":{"rendered":"<p>Mudan\u00e7a de tom vem acompanhada por campanha de vacina\u00e7\u00e3o A vice-primeira-ministra da China, Sun Chunlan, anunciou na noite de ontem (30) que o pa\u00eds vai entrar em uma &#8220;nova fase e miss\u00e3o&#8221; da pol\u00edtica de covid zero. A mudan\u00e7a na abordagem \u00e0 pandemia surge ap\u00f3s v\u00e1rios dias de protestos intensos contra as restri\u00e7\u00f5es. Com a [&hellip;]<\/p>\n","protected":false},"author":2,"featured_media":36548,"comment_status":"open","ping_status":"open","sticky":false,"template":"","format":"standard","meta":{"footnotes":""},"categories":[41],"tags":[85,17121,330,3070,74],"class_list":["post-36547","post","type-post","status-publish","format-standard","has-post-thumbnail","hentry","category-internacional","tag-china","tag-covid-zero","tag-pandemia","tag-protestos","tag-saude"],"yoast_head":"<!-- This site is optimized with the Yoast SEO plugin v26.5 - https:\/\/yoast.com\/wordpress\/plugins\/seo\/ -->\n<title>China come\u00e7a a flexibilizar pol\u00edtica de covid zero, ap\u00f3s manifesta\u00e7\u00f5es - Jornal Fatos e Not\u00edcias<\/title>\n<meta name=\"robots\" content=\"index, follow, max-snippet:-1, max-image-preview:large, max-video-preview:-1\" \/>\n<link rel=\"canonical\" href=\"https:\/\/jornalfatosenoticias.com.br\/index.php\/2022\/12\/01\/china-comeca-a-flexibilizar-politica-de-covid-zero-apos-manifestacoes\/\" \/>\n<meta property=\"og:locale\" content=\"pt_BR\" \/>\n<meta property=\"og:type\" content=\"article\" \/>\n<meta property=\"og:title\" content=\"China come\u00e7a a flexibilizar pol\u00edtica de covid zero, ap\u00f3s manifesta\u00e7\u00f5es - Jornal Fatos e Not\u00edcias\" \/>\n<meta property=\"og:description\" content=\"Mudan\u00e7a de tom vem acompanhada por campanha de vacina\u00e7\u00e3o A vice-primeira-ministra da China, Sun Chunlan, anunciou na noite de ontem (30) que o pa\u00eds vai entrar em uma &#8220;nova fase e miss\u00e3o&#8221; da pol\u00edtica de covid zero. A mudan\u00e7a na abordagem \u00e0 pandemia surge ap\u00f3s v\u00e1rios dias de protestos intensos contra as restri\u00e7\u00f5es. Com a [&hellip;]\" \/>\n<meta property=\"og:url\" content=\"https:\/\/jornalfatosenoticias.com.br\/index.php\/2022\/12\/01\/china-comeca-a-flexibilizar-politica-de-covid-zero-apos-manifestacoes\/\" \/>\n<meta property=\"og:site_name\" content=\"Jornal Fatos e Not\u00edcias\" \/>\n<meta property=\"article:published_time\" content=\"2022-12-01T15:43:27+00:00\" \/>\n<meta property=\"article:modified_time\" content=\"2022-12-01T15:43:28+00:00\" \/>\n<meta property=\"og:image\" content=\"https:\/\/jornalfatosenoticias.com.br\/wp-content\/uploads\/2022\/12\/coronavirus-china.jpg\" \/>\n\t<meta property=\"og:image:width\" content=\"1000\" \/>\n\t<meta property=\"og:image:height\" content=\"598\" \/>\n\t<meta property=\"og:image:type\" content=\"image\/jpeg\" \/>\n<meta name=\"author\" content=\"Luzimara Fernandes\" \/>\n<meta name=\"twitter:card\" content=\"summary_large_image\" \/>\n<meta name=\"twitter:label1\" content=\"Escrito por\" \/>\n\t<meta name=\"twitter:data1\" content=\"Luzimara Fernandes\" \/>\n\t<meta name=\"twitter:label2\" content=\"Est. tempo de leitura\" \/>\n\t<meta name=\"twitter:data2\" content=\"3 minutos\" \/>\n<script type=\"application\/ld+json\" class=\"yoast-schema-graph\">{\"@context\":\"https:\/\/schema.org\",\"@graph\":[{\"@type\":\"Article\",\"@id\":\"https:\/\/jornalfatosenoticias.com.br\/index.php\/2022\/12\/01\/china-comeca-a-flexibilizar-politica-de-covid-zero-apos-manifestacoes\/#article\",\"isPartOf\":{\"@id\":\"https:\/\/jornalfatosenoticias.com.br\/index.php\/2022\/12\/01\/china-comeca-a-flexibilizar-politica-de-covid-zero-apos-manifestacoes\/\"},\"author\":{\"name\":\"Luzimara Fernandes\",\"@id\":\"https:\/\/jornalfatosenoticias.com.br\/#\/schema\/person\/d63837fa13ac8666eb9e74e0985d6f81\"},\"headline\":\"China come\u00e7a a flexibilizar pol\u00edtica de covid zero, ap\u00f3s manifesta\u00e7\u00f5es\",\"datePublished\":\"2022-12-01T15:43:27+00:00\",\"dateModified\":\"2022-12-01T15:43:28+00:00\",\"mainEntityOfPage\":{\"@id\":\"https:\/\/jornalfatosenoticias.com.br\/index.php\/2022\/12\/01\/china-comeca-a-flexibilizar-politica-de-covid-zero-apos-manifestacoes\/\"},\"wordCount\":588,\"commentCount\":0,\"publisher\":{\"@id\":\"https:\/\/jornalfatosenoticias.com.br\/#organization\"},\"image\":{\"@id\":\"https:\/\/jornalfatosenoticias.com.br\/index.php\/2022\/12\/01\/china-comeca-a-flexibilizar-politica-de-covid-zero-apos-manifestacoes\/#primaryimage\"},\"thumbnailUrl\":\"https:\/\/jornalfatosenoticias.com.br\/wp-content\/uploads\/2022\/12\/coronavirus-china.jpg\",\"keywords\":[\"china\",\"covid zero\",\"pandemia\",\"protestos\",\"sa\u00fade\"],\"articleSection\":[\"Internacional\"],\"inLanguage\":\"pt-BR\",\"potentialAction\":[{\"@type\":\"CommentAction\",\"name\":\"Comment\",\"target\":[\"https:\/\/jornalfatosenoticias.com.br\/index.php\/2022\/12\/01\/china-comeca-a-flexibilizar-politica-de-covid-zero-apos-manifestacoes\/#respond\"]}]},{\"@type\":\"WebPage\",\"@id\":\"https:\/\/jornalfatosenoticias.com.br\/index.php\/2022\/12\/01\/china-comeca-a-flexibilizar-politica-de-covid-zero-apos-manifestacoes\/\",\"url\":\"https:\/\/jornalfatosenoticias.com.br\/index.php\/2022\/12\/01\/china-comeca-a-flexibilizar-politica-de-covid-zero-apos-manifestacoes\/\",\"name\":\"China come\u00e7a a flexibilizar pol\u00edtica de covid zero, ap\u00f3s manifesta\u00e7\u00f5es - Jornal Fatos e Not\u00edcias\",\"isPartOf\":{\"@id\":\"https:\/\/jornalfatosenoticias.com.br\/#website\"},\"primaryImageOfPage\":{\"@id\":\"https:\/\/jornalfatosenoticias.com.br\/index.php\/2022\/12\/01\/china-comeca-a-flexibilizar-politica-de-covid-zero-apos-manifestacoes\/#primaryimage\"},\"image\":{\"@id\":\"https:\/\/jornalfatosenoticias.com.br\/index.php\/2022\/12\/01\/china-comeca-a-flexibilizar-politica-de-covid-zero-apos-manifestacoes\/#primaryimage\"},\"thumbnailUrl\":\"https:\/\/jornalfatosenoticias.com.br\/wp-content\/uploads\/2022\/12\/coronavirus-china.jpg\",\"datePublished\":\"2022-12-01T15:43:27+00:00\",\"dateModified\":\"2022-12-01T15:43:28+00:00\",\"breadcrumb\":{\"@id\":\"https:\/\/jornalfatosenoticias.com.br\/index.php\/2022\/12\/01\/china-comeca-a-flexibilizar-politica-de-covid-zero-apos-manifestacoes\/#breadcrumb\"},\"inLanguage\":\"pt-BR\",\"potentialAction\":[{\"@type\":\"ReadAction\",\"target\":[\"https:\/\/jornalfatosenoticias.com.br\/index.php\/2022\/12\/01\/china-comeca-a-flexibilizar-politica-de-covid-zero-apos-manifestacoes\/\"]}]},{\"@type\":\"ImageObject\",\"inLanguage\":\"pt-BR\",\"@id\":\"https:\/\/jornalfatosenoticias.com.br\/index.php\/2022\/12\/01\/china-comeca-a-flexibilizar-politica-de-covid-zero-apos-manifestacoes\/#primaryimage\",\"url\":\"https:\/\/jornalfatosenoticias.com.br\/wp-content\/uploads\/2022\/12\/coronavirus-china.jpg\",\"contentUrl\":\"https:\/\/jornalfatosenoticias.com.br\/wp-content\/uploads\/2022\/12\/coronavirus-china.jpg\",\"width\":1000,\"height\":598},{\"@type\":\"BreadcrumbList\",\"@id\":\"https:\/\/jornalfatosenoticias.com.br\/index.php\/2022\/12\/01\/china-comeca-a-flexibilizar-politica-de-covid-zero-apos-manifestacoes\/#breadcrumb\",\"itemListElement\":[{\"@type\":\"ListItem\",\"position\":1,\"name\":\"In\u00edcio\",\"item\":\"https:\/\/jornalfatosenoticias.com.br\/\"},{\"@type\":\"ListItem\",\"position\":2,\"name\":\"China come\u00e7a a flexibilizar pol\u00edtica de covid zero, ap\u00f3s manifesta\u00e7\u00f5es\"}]},{\"@type\":\"WebSite\",\"@id\":\"https:\/\/jornalfatosenoticias.com.br\/#website\",\"url\":\"https:\/\/jornalfatosenoticias.com.br\/\",\"name\":\"Jornal Fatos e Not\u00edcias\",\"description\":\"Not\u00edcias em geral\",\"publisher\":{\"@id\":\"https:\/\/jornalfatosenoticias.com.br\/#organization\"},\"potentialAction\":[{\"@type\":\"SearchAction\",\"target\":{\"@type\":\"EntryPoint\",\"urlTemplate\":\"https:\/\/jornalfatosenoticias.com.br\/?s={search_term_string}\"},\"query-input\":{\"@type\":\"PropertyValueSpecification\",\"valueRequired\":true,\"valueName\":\"search_term_string\"}}],\"inLanguage\":\"pt-BR\"},{\"@type\":\"Organization\",\"@id\":\"https:\/\/jornalfatosenoticias.com.br\/#organization\",\"name\":\"Jornal Fatos e Not\u00edcias\",\"url\":\"https:\/\/jornalfatosenoticias.com.br\/\",\"logo\":{\"@type\":\"ImageObject\",\"inLanguage\":\"pt-BR\",\"@id\":\"https:\/\/jornalfatosenoticias.com.br\/#\/schema\/logo\/image\/\",\"url\":\"https:\/\/jornalfatosenoticias.com.br\/wp-content\/uploads\/2020\/02\/logo120.png\",\"contentUrl\":\"https:\/\/jornalfatosenoticias.com.br\/wp-content\/uploads\/2020\/02\/logo120.png\",\"width\":1227,\"height\":120,\"caption\":\"Jornal Fatos e Not\u00edcias\"},\"image\":{\"@id\":\"https:\/\/jornalfatosenoticias.com.br\/#\/schema\/logo\/image\/\"}},{\"@type\":\"Person\",\"@id\":\"https:\/\/jornalfatosenoticias.com.br\/#\/schema\/person\/d63837fa13ac8666eb9e74e0985d6f81\",\"name\":\"Luzimara Fernandes\",\"image\":{\"@type\":\"ImageObject\",\"inLanguage\":\"pt-BR\",\"@id\":\"https:\/\/jornalfatosenoticias.com.br\/#\/schema\/person\/image\/\",\"url\":\"https:\/\/jornalfatosenoticias.com.br\/wp-content\/uploads\/2025\/05\/EU_portal.jpg\",\"contentUrl\":\"https:\/\/jornalfatosenoticias.com.br\/wp-content\/uploads\/2025\/05\/EU_portal.jpg\",\"caption\":\"Luzimara Fernandes\"},\"description\":\"Jornalista MTB 2358-ES\",\"sameAs\":[\"https:\/\/jornalfatosenoticias.com.br\"],\"url\":\"https:\/\/jornalfatosenoticias.com.br\/index.php\/author\/luzimara\/\"}]}<\/script>\n<!-- \/ Yoast SEO plugin. -->","yoast_head_json":{"title":"China come\u00e7a a flexibilizar pol\u00edtica de covid zero, ap\u00f3s manifesta\u00e7\u00f5es - Jornal Fatos e Not\u00edcias","robots":{"index":"index","follow":"follow","max-snippet":"max-snippet:-1","max-image-preview":"max-image-preview:large","max-video-preview":"max-video-preview:-1"},"canonical":"https:\/\/jornalfatosenoticias.com.br\/index.php\/2022\/12\/01\/china-comeca-a-flexibilizar-politica-de-covid-zero-apos-manifestacoes\/","og_locale":"pt_BR","og_type":"article","og_title":"China come\u00e7a a flexibilizar pol\u00edtica de covid zero, ap\u00f3s manifesta\u00e7\u00f5es - Jornal Fatos e Not\u00edcias","og_description":"Mudan\u00e7a de tom vem acompanhada por campanha de vacina\u00e7\u00e3o A vice-primeira-ministra da China, Sun Chunlan, anunciou na noite de ontem (30) que o pa\u00eds vai entrar em uma &#8220;nova fase e miss\u00e3o&#8221; da pol\u00edtica de covid zero. A mudan\u00e7a na abordagem \u00e0 pandemia surge ap\u00f3s v\u00e1rios dias de protestos intensos contra as restri\u00e7\u00f5es. Com a [&hellip;]","og_url":"https:\/\/jornalfatosenoticias.com.br\/index.php\/2022\/12\/01\/china-comeca-a-flexibilizar-politica-de-covid-zero-apos-manifestacoes\/","og_site_name":"Jornal Fatos e Not\u00edcias","article_published_time":"2022-12-01T15:43:27+00:00","article_modified_time":"2022-12-01T15:43:28+00:00","og_image":[{"width":1000,"height":598,"url":"https:\/\/jornalfatosenoticias.com.br\/wp-content\/uploads\/2022\/12\/coronavirus-china.jpg","type":"image\/jpeg"}],"author":"Luzimara Fernandes","twitter_card":"summary_large_image","twitter_misc":{"Escrito por":"Luzimara Fernandes","Est. tempo de leitura":"3 minutos"},"schema":{"@context":"https:\/\/schema.org","@graph":[{"@type":"Article","@id":"https:\/\/jornalfatosenoticias.com.br\/index.php\/2022\/12\/01\/china-comeca-a-flexibilizar-politica-de-covid-zero-apos-manifestacoes\/#article","isPartOf":{"@id":"https:\/\/jornalfatosenoticias.com.br\/index.php\/2022\/12\/01\/china-comeca-a-flexibilizar-politica-de-covid-zero-apos-manifestacoes\/"},"author":{"name":"Luzimara Fernandes","@id":"https:\/\/jornalfatosenoticias.com.br\/#\/schema\/person\/d63837fa13ac8666eb9e74e0985d6f81"},"headline":"China come\u00e7a a flexibilizar pol\u00edtica de covid zero, ap\u00f3s manifesta\u00e7\u00f5es","datePublished":"2022-12-01T15:43:27+00:00","dateModified":"2022-12-01T15:43:28+00:00","mainEntityOfPage":{"@id":"https:\/\/jornalfatosenoticias.com.br\/index.php\/2022\/12\/01\/china-comeca-a-flexibilizar-politica-de-covid-zero-apos-manifestacoes\/"},"wordCount":588,"commentCount":0,"publisher":{"@id":"https:\/\/jornalfatosenoticias.com.br\/#organization"},"image":{"@id":"https:\/\/jornalfatosenoticias.com.br\/index.php\/2022\/12\/01\/china-comeca-a-flexibilizar-politica-de-covid-zero-apos-manifestacoes\/#primaryimage"},"thumbnailUrl":"https:\/\/jornalfatosenoticias.com.br\/wp-content\/uploads\/2022\/12\/coronavirus-china.jpg","keywords":["china","covid zero","pandemia","protestos","sa\u00fade"],"articleSection":["Internacional"],"inLanguage":"pt-BR","potentialAction":[{"@type":"CommentAction","name":"Comment","target":["https:\/\/jornalfatosenoticias.com.br\/index.php\/2022\/12\/01\/china-comeca-a-flexibilizar-politica-de-covid-zero-apos-manifestacoes\/#respond"]}]},{"@type":"WebPage","@id":"https:\/\/jornalfatosenoticias.com.br\/index.php\/2022\/12\/01\/china-comeca-a-flexibilizar-politica-de-covid-zero-apos-manifestacoes\/","url":"https:\/\/jornalfatosenoticias.com.br\/index.php\/2022\/12\/01\/china-comeca-a-flexibilizar-politica-de-covid-zero-apos-manifestacoes\/","name":"China come\u00e7a a flexibilizar pol\u00edtica de covid zero, ap\u00f3s manifesta\u00e7\u00f5es - Jornal Fatos e Not\u00edcias","isPartOf":{"@id":"https:\/\/jornalfatosenoticias.com.br\/#website"},"primaryImageOfPage":{"@id":"https:\/\/jornalfatosenoticias.com.br\/index.php\/2022\/12\/01\/china-comeca-a-flexibilizar-politica-de-covid-zero-apos-manifestacoes\/#primaryimage"},"image":{"@id":"https:\/\/jornalfatosenoticias.com.br\/index.php\/2022\/12\/01\/china-comeca-a-flexibilizar-politica-de-covid-zero-apos-manifestacoes\/#primaryimage"},"thumbnailUrl":"https:\/\/jornalfatosenoticias.com.br\/wp-content\/uploads\/2022\/12\/coronavirus-china.jpg","datePublished":"2022-12-01T15:43:27+00:00","dateModified":"2022-12-01T15:43:28+00:00","breadcrumb":{"@id":"https:\/\/jornalfatosenoticias.com.br\/index.php\/2022\/12\/01\/china-comeca-a-flexibilizar-politica-de-covid-zero-apos-manifestacoes\/#breadcrumb"},"inLanguage":"pt-BR","potentialAction":[{"@type":"ReadAction","target":["https:\/\/jornalfatosenoticias.com.br\/index.php\/2022\/12\/01\/china-comeca-a-flexibilizar-politica-de-covid-zero-apos-manifestacoes\/"]}]},{"@type":"ImageObject","inLanguage":"pt-BR","@id":"https:\/\/jornalfatosenoticias.com.br\/index.php\/2022\/12\/01\/china-comeca-a-flexibilizar-politica-de-covid-zero-apos-manifestacoes\/#primaryimage","url":"https:\/\/jornalfatosenoticias.com.br\/wp-content\/uploads\/2022\/12\/coronavirus-china.jpg","contentUrl":"https:\/\/jornalfatosenoticias.com.br\/wp-content\/uploads\/2022\/12\/coronavirus-china.jpg","width":1000,"height":598},{"@type":"BreadcrumbList","@id":"https:\/\/jornalfatosenoticias.com.br\/index.php\/2022\/12\/01\/china-comeca-a-flexibilizar-politica-de-covid-zero-apos-manifestacoes\/#breadcrumb","itemListElement":[{"@type":"ListItem","position":1,"name":"In\u00edcio","item":"https:\/\/jornalfatosenoticias.com.br\/"},{"@type":"ListItem","position":2,"name":"China come\u00e7a a flexibilizar pol\u00edtica de covid zero, ap\u00f3s manifesta\u00e7\u00f5es"}]},{"@type":"WebSite","@id":"https:\/\/jornalfatosenoticias.com.br\/#website","url":"https:\/\/jornalfatosenoticias.com.br\/","name":"Jornal Fatos e Not\u00edcias","description":"Not\u00edcias em geral","publisher":{"@id":"https:\/\/jornalfatosenoticias.com.br\/#organization"},"potentialAction":[{"@type":"SearchAction","target":{"@type":"EntryPoint","urlTemplate":"https:\/\/jornalfatosenoticias.com.br\/?s={search_term_string}"},"query-input":{"@type":"PropertyValueSpecification","valueRequired":true,"valueName":"search_term_string"}}],"inLanguage":"pt-BR"},{"@type":"Organization","@id":"https:\/\/jornalfatosenoticias.com.br\/#organization","name":"Jornal Fatos e Not\u00edcias","url":"https:\/\/jornalfatosenoticias.com.br\/","logo":{"@type":"ImageObject","inLanguage":"pt-BR","@id":"https:\/\/jornalfatosenoticias.com.br\/#\/schema\/logo\/image\/","url":"https:\/\/jornalfatosenoticias.com.br\/wp-content\/uploads\/2020\/02\/logo120.png","contentUrl":"https:\/\/jornalfatosenoticias.com.br\/wp-content\/uploads\/2020\/02\/logo120.png","width":1227,"height":120,"caption":"Jornal Fatos e Not\u00edcias"},"image":{"@id":"https:\/\/jornalfatosenoticias.com.br\/#\/schema\/logo\/image\/"}},{"@type":"Person","@id":"https:\/\/jornalfatosenoticias.com.br\/#\/schema\/person\/d63837fa13ac8666eb9e74e0985d6f81","name":"Luzimara Fernandes","image":{"@type":"ImageObject","inLanguage":"pt-BR","@id":"https:\/\/jornalfatosenoticias.com.br\/#\/schema\/person\/image\/","url":"https:\/\/jornalfatosenoticias.com.br\/wp-content\/uploads\/2025\/05\/EU_portal.jpg","contentUrl":"https:\/\/jornalfatosenoticias.com.br\/wp-content\/uploads\/2025\/05\/EU_portal.jpg","caption":"Luzimara Fernandes"},"description":"Jornalista MTB 2358-ES","sameAs":["https:\/\/jornalfatosenoticias.com.br"],"url":"https:\/\/jornalfatosenoticias.com.br\/index.php\/author\/luzimara\/"}]}},"cc_featured_image_caption":{"caption_text":"(Foto: Thomas Peter\/Reuters) ","source_text":"","source_url":""},"jetpack_featured_media_url":"https:\/\/jornalfatosenoticias.com.br\/wp-content\/uploads\/2022\/12\/coronavirus-china.jpg","_links":{"self":[{"href":"https:\/\/jornalfatosenoticias.com.br\/index.php\/wp-json\/wp\/v2\/posts\/36547","targetHints":{"allow":["GET"]}}],"collection":[{"href":"https:\/\/jornalfatosenoticias.com.br\/index.php\/wp-json\/wp\/v2\/posts"}],"about":[{"href":"https:\/\/jornalfatosenoticias.com.br\/index.php\/wp-json\/wp\/v2\/types\/post"}],"author":[{"embeddable":true,"href":"https:\/\/jornalfatosenoticias.com.br\/index.php\/wp-json\/wp\/v2\/users\/2"}],"replies":[{"embeddable":true,"href":"https:\/\/jornalfatosenoticias.com.br\/index.php\/wp-json\/wp\/v2\/comments?post=36547"}],"version-history":[{"count":0,"href":"https:\/\/jornalfatosenoticias.com.br\/index.php\/wp-json\/wp\/v2\/posts\/36547\/revisions"}],"wp:featuredmedia":[{"embeddable":true,"href":"https:\/\/jornalfatosenoticias.com.br\/index.php\/wp-json\/wp\/v2\/media\/36548"}],"wp:attachment":[{"href":"https:\/\/jornalfatosenoticias.com.br\/index.php\/wp-json\/wp\/v2\/media?parent=36547"}],"wp:term":[{"taxonomy":"category","embeddable":true,"href":"https:\/\/jornalfatosenoticias.com.br\/index.php\/wp-json\/wp\/v2\/categories?post=36547"},{"taxonomy":"post_tag","embeddable":true,"href":"https:\/\/jornalfatosenoticias.com.br\/index.php\/wp-json\/wp\/v2\/tags?post=36547"}],"curies":[{"name":"wp","href":"https:\/\/api.w.org\/{rel}","templated":true}]}}