{"id":36550,"date":"2022-12-01T12:48:23","date_gmt":"2022-12-01T15:48:23","guid":{"rendered":"https:\/\/jornalfatosenoticias.com.br\/?p=36550"},"modified":"2022-12-01T12:48:25","modified_gmt":"2022-12-01T15:48:25","slug":"pib-varia-04-no-terceiro-trimestre-de-2022-diz-ibge","status":"publish","type":"post","link":"https:\/\/jornalfatosenoticias.com.br\/index.php\/2022\/12\/01\/pib-varia-04-no-terceiro-trimestre-de-2022-diz-ibge\/","title":{"rendered":"PIB varia 0,4% no terceiro trimestre de 2022, diz IBGE"},"content":{"rendered":"\n<p><em><span class=\"has-inline-color has-black-color\">Em valores correntes, o PIB totalizou R$ 2,544 trilh\u00f5es<\/span><\/em><\/p>\n\n\n\n<div class=\"wp-block-image\"><figure class=\"aligncenter size-large\"><img loading=\"lazy\" decoding=\"async\" width=\"1024\" height=\"103\" src=\"https:\/\/jornalfatosenoticias.com.br\/wp-content\/uploads\/2022\/02\/Arte-Autoescola-Galatas_endereco_portal-1024x103.png\" alt=\"\" class=\"wp-image-27869\" srcset=\"https:\/\/jornalfatosenoticias.com.br\/wp-content\/uploads\/2022\/02\/Arte-Autoescola-Galatas_endereco_portal-1024x103.png 1024w, https:\/\/jornalfatosenoticias.com.br\/wp-content\/uploads\/2022\/02\/Arte-Autoescola-Galatas_endereco_portal-300x30.png 300w, https:\/\/jornalfatosenoticias.com.br\/wp-content\/uploads\/2022\/02\/Arte-Autoescola-Galatas_endereco_portal-768x77.png 768w, https:\/\/jornalfatosenoticias.com.br\/wp-content\/uploads\/2022\/02\/Arte-Autoescola-Galatas_endereco_portal.png 1223w\" sizes=\"auto, (max-width: 1024px) 100vw, 1024px\" \/><\/figure><\/div>\n\n\n\n<p>O <em>Produto Interno Bruto <\/em>(PIB, soma de todos os bens e servi\u00e7os finais produzidos por um pa\u00eds em um ano) variou 0,4% no terceiro trimestre de 2022, na compara\u00e7\u00e3o com o segundo, na s\u00e9rie com ajuste sazonal. O dado foi divulgado hoje (1\u00ba) pelo <em>Instituto Brasileiro de Geografia e Estat\u00edstica<\/em> (IBGE).<\/p>\n\n\n\n<div class=\"wp-block-image\"><figure class=\"aligncenter size-large\"><img decoding=\"async\" src=\"https:\/\/jornalfatosenoticias.com.br\/wp-content\/uploads\/2020\/02\/barao-das-carnes-300x164-1.jpg\" alt=\"\" class=\"wp-image-34339\"\/><\/figure><\/div>\n\n\n\n<p>Na compara\u00e7\u00e3o com o mesmo per\u00edodo de 2021, o PIB cresceu 3,6%. No acumulado nos quatro trimestres, terminados em setembro de 2022, o PIB cresceu 3%, frente aos quatro trimestres imediatamente anteriores. O acumulado do ano foi de 3,2% em rela\u00e7\u00e3o ao mesmo per\u00edodo de 2021.<\/p>\n\n\n\n<div class=\"wp-block-image\"><figure class=\"aligncenter size-large\"><img loading=\"lazy\" decoding=\"async\" width=\"560\" height=\"60\" src=\"https:\/\/jornalfatosenoticias.com.br\/wp-content\/uploads\/2022\/10\/Propaganda-RC-Radiadores-Jornal_page-0001.jpg\" alt=\"\" class=\"wp-image-35270\" srcset=\"https:\/\/jornalfatosenoticias.com.br\/wp-content\/uploads\/2022\/10\/Propaganda-RC-Radiadores-Jornal_page-0001.jpg 560w, https:\/\/jornalfatosenoticias.com.br\/wp-content\/uploads\/2022\/10\/Propaganda-RC-Radiadores-Jornal_page-0001-300x32.jpg 300w\" sizes=\"auto, (max-width: 560px) 100vw, 560px\" \/><\/figure><\/div>\n\n\n\n<p>Em valores correntes, o PIB no terceiro trimestre de 2022 totalizou R$ 2,544 trilh\u00f5es, sendo R$ 2,202 trilh\u00f5es referentes ao Valor Adicionado (VA) a pre\u00e7os b\u00e1sicos e R$ 342,1 bilh\u00f5es aos Impostos sobre Produtos l\u00edquidos de Subs\u00eddios.<\/p>\n\n\n\n<div class=\"wp-block-image\"><figure class=\"aligncenter size-large is-resized\"><img loading=\"lazy\" decoding=\"async\" src=\"https:\/\/jornalfatosenoticias.com.br\/wp-content\/uploads\/2022\/02\/Precisao-Contabilidade-1024x724.jpg\" alt=\"\" class=\"wp-image-28088\" width=\"327\" height=\"231\"\/><\/figure><\/div>\n\n\n\n<p>No terceiro trimestre de 2022, a taxa de investimento foi de 19,6% do PIB, acima da observada no mesmo per\u00edodo de 2021 (19,4%). J\u00e1 a taxa de poupan\u00e7a foi de 16,2%, menor do que a do terceiro trimestre do ano passado (17,2%).<\/p>\n\n\n\n<p><strong><em>Fonte:<a href=\"https:\/\/agenciabrasil.ebc.com.br\/economia\/noticia\/2022-12\/pib-varia-04-no-terceiro-trimestre-de-2022-diz-ibge\"> Ag\u00eancia Brasil<\/a><\/em><\/strong><\/p>\n","protected":false},"excerpt":{"rendered":"<p>Em valores correntes, o PIB totalizou R$ 2,544 trilh\u00f5es O Produto Interno Bruto (PIB, soma de todos os bens e servi\u00e7os finais produzidos por um pa\u00eds em um ano) variou 0,4% no terceiro trimestre de 2022, na compara\u00e7\u00e3o com o segundo, na s\u00e9rie com ajuste sazonal. O dado foi divulgado hoje (1\u00ba) pelo Instituto Brasileiro [&hellip;]<\/p>\n","protected":false},"author":2,"featured_media":36551,"comment_status":"open","ping_status":"open","sticky":false,"template":"","format":"standard","meta":{"footnotes":""},"categories":[9],"tags":[1281,931,278],"class_list":["post-36550","post","type-post","status-publish","format-standard","has-post-thumbnail","hentry","category-economia","tag-ibge","tag-ministerio-da-infraestrutura","tag-pib"],"yoast_head":"<!-- This site is optimized with the Yoast SEO plugin v26.5 - https:\/\/yoast.com\/wordpress\/plugins\/seo\/ -->\n<title>PIB varia 0,4% no terceiro trimestre de 2022, diz IBGE - Jornal Fatos e Not\u00edcias<\/title>\n<meta name=\"robots\" content=\"index, follow, max-snippet:-1, max-image-preview:large, max-video-preview:-1\" \/>\n<link rel=\"canonical\" href=\"https:\/\/jornalfatosenoticias.com.br\/index.php\/2022\/12\/01\/pib-varia-04-no-terceiro-trimestre-de-2022-diz-ibge\/\" \/>\n<meta property=\"og:locale\" content=\"pt_BR\" \/>\n<meta property=\"og:type\" content=\"article\" \/>\n<meta property=\"og:title\" content=\"PIB varia 0,4% no terceiro trimestre de 2022, diz IBGE - Jornal Fatos e Not\u00edcias\" \/>\n<meta property=\"og:description\" content=\"Em valores correntes, o PIB totalizou R$ 2,544 trilh\u00f5es O Produto Interno Bruto (PIB, soma de todos os bens e servi\u00e7os finais produzidos por um pa\u00eds em um ano) variou 0,4% no terceiro trimestre de 2022, na compara\u00e7\u00e3o com o segundo, na s\u00e9rie com ajuste sazonal. O dado foi divulgado hoje (1\u00ba) pelo Instituto Brasileiro [&hellip;]\" \/>\n<meta property=\"og:url\" content=\"https:\/\/jornalfatosenoticias.com.br\/index.php\/2022\/12\/01\/pib-varia-04-no-terceiro-trimestre-de-2022-diz-ibge\/\" \/>\n<meta property=\"og:site_name\" content=\"Jornal Fatos e Not\u00edcias\" \/>\n<meta property=\"article:published_time\" content=\"2022-12-01T15:48:23+00:00\" \/>\n<meta property=\"article:modified_time\" content=\"2022-12-01T15:48:25+00:00\" \/>\n<meta property=\"og:image\" content=\"https:\/\/jornalfatosenoticias.com.br\/wp-content\/uploads\/2022\/12\/minfra_PIB.jpg\" \/>\n\t<meta property=\"og:image:width\" content=\"1000\" \/>\n\t<meta property=\"og:image:height\" content=\"598\" \/>\n\t<meta property=\"og:image:type\" content=\"image\/jpeg\" \/>\n<meta name=\"author\" content=\"Luzimara Fernandes\" \/>\n<meta name=\"twitter:card\" content=\"summary_large_image\" \/>\n<meta name=\"twitter:label1\" content=\"Escrito por\" \/>\n\t<meta name=\"twitter:data1\" content=\"Luzimara Fernandes\" \/>\n\t<meta name=\"twitter:label2\" content=\"Est. tempo de leitura\" \/>\n\t<meta name=\"twitter:data2\" content=\"1 minuto\" \/>\n<script type=\"application\/ld+json\" class=\"yoast-schema-graph\">{\"@context\":\"https:\/\/schema.org\",\"@graph\":[{\"@type\":\"Article\",\"@id\":\"https:\/\/jornalfatosenoticias.com.br\/index.php\/2022\/12\/01\/pib-varia-04-no-terceiro-trimestre-de-2022-diz-ibge\/#article\",\"isPartOf\":{\"@id\":\"https:\/\/jornalfatosenoticias.com.br\/index.php\/2022\/12\/01\/pib-varia-04-no-terceiro-trimestre-de-2022-diz-ibge\/\"},\"author\":{\"name\":\"Luzimara Fernandes\",\"@id\":\"https:\/\/jornalfatosenoticias.com.br\/#\/schema\/person\/d63837fa13ac8666eb9e74e0985d6f81\"},\"headline\":\"PIB varia 0,4% no terceiro trimestre de 2022, diz IBGE\",\"datePublished\":\"2022-12-01T15:48:23+00:00\",\"dateModified\":\"2022-12-01T15:48:25+00:00\",\"mainEntityOfPage\":{\"@id\":\"https:\/\/jornalfatosenoticias.com.br\/index.php\/2022\/12\/01\/pib-varia-04-no-terceiro-trimestre-de-2022-diz-ibge\/\"},\"wordCount\":196,\"commentCount\":0,\"publisher\":{\"@id\":\"https:\/\/jornalfatosenoticias.com.br\/#organization\"},\"image\":{\"@id\":\"https:\/\/jornalfatosenoticias.com.br\/index.php\/2022\/12\/01\/pib-varia-04-no-terceiro-trimestre-de-2022-diz-ibge\/#primaryimage\"},\"thumbnailUrl\":\"https:\/\/jornalfatosenoticias.com.br\/wp-content\/uploads\/2022\/12\/minfra_PIB.jpg\",\"keywords\":[\"IBGE\",\"Minist\u00e9rio da Infraestrutura\",\"PIB\"],\"articleSection\":[\"Economia\"],\"inLanguage\":\"pt-BR\",\"potentialAction\":[{\"@type\":\"CommentAction\",\"name\":\"Comment\",\"target\":[\"https:\/\/jornalfatosenoticias.com.br\/index.php\/2022\/12\/01\/pib-varia-04-no-terceiro-trimestre-de-2022-diz-ibge\/#respond\"]}]},{\"@type\":\"WebPage\",\"@id\":\"https:\/\/jornalfatosenoticias.com.br\/index.php\/2022\/12\/01\/pib-varia-04-no-terceiro-trimestre-de-2022-diz-ibge\/\",\"url\":\"https:\/\/jornalfatosenoticias.com.br\/index.php\/2022\/12\/01\/pib-varia-04-no-terceiro-trimestre-de-2022-diz-ibge\/\",\"name\":\"PIB varia 0,4% no terceiro trimestre de 2022, diz IBGE - Jornal Fatos e Not\u00edcias\",\"isPartOf\":{\"@id\":\"https:\/\/jornalfatosenoticias.com.br\/#website\"},\"primaryImageOfPage\":{\"@id\":\"https:\/\/jornalfatosenoticias.com.br\/index.php\/2022\/12\/01\/pib-varia-04-no-terceiro-trimestre-de-2022-diz-ibge\/#primaryimage\"},\"image\":{\"@id\":\"https:\/\/jornalfatosenoticias.com.br\/index.php\/2022\/12\/01\/pib-varia-04-no-terceiro-trimestre-de-2022-diz-ibge\/#primaryimage\"},\"thumbnailUrl\":\"https:\/\/jornalfatosenoticias.com.br\/wp-content\/uploads\/2022\/12\/minfra_PIB.jpg\",\"datePublished\":\"2022-12-01T15:48:23+00:00\",\"dateModified\":\"2022-12-01T15:48:25+00:00\",\"breadcrumb\":{\"@id\":\"https:\/\/jornalfatosenoticias.com.br\/index.php\/2022\/12\/01\/pib-varia-04-no-terceiro-trimestre-de-2022-diz-ibge\/#breadcrumb\"},\"inLanguage\":\"pt-BR\",\"potentialAction\":[{\"@type\":\"ReadAction\",\"target\":[\"https:\/\/jornalfatosenoticias.com.br\/index.php\/2022\/12\/01\/pib-varia-04-no-terceiro-trimestre-de-2022-diz-ibge\/\"]}]},{\"@type\":\"ImageObject\",\"inLanguage\":\"pt-BR\",\"@id\":\"https:\/\/jornalfatosenoticias.com.br\/index.php\/2022\/12\/01\/pib-varia-04-no-terceiro-trimestre-de-2022-diz-ibge\/#primaryimage\",\"url\":\"https:\/\/jornalfatosenoticias.com.br\/wp-content\/uploads\/2022\/12\/minfra_PIB.jpg\",\"contentUrl\":\"https:\/\/jornalfatosenoticias.com.br\/wp-content\/uploads\/2022\/12\/minfra_PIB.jpg\",\"width\":1000,\"height\":598,\"caption\":\"Os portu\u00e1rios foram inclu\u00eddos no grupo priorit\u00e1rio para vacina\u00e7\u00e3o contra a Covid-19. Nesta quinta (27), foi iniciada de forma simb\u00f3lica a imuniza\u00e7\u00e3o da categoria, no @portodesantosbr . A primeira etapa vai atender 100% dos trabalhadores dos portos brasileiros.\"},{\"@type\":\"BreadcrumbList\",\"@id\":\"https:\/\/jornalfatosenoticias.com.br\/index.php\/2022\/12\/01\/pib-varia-04-no-terceiro-trimestre-de-2022-diz-ibge\/#breadcrumb\",\"itemListElement\":[{\"@type\":\"ListItem\",\"position\":1,\"name\":\"In\u00edcio\",\"item\":\"https:\/\/jornalfatosenoticias.com.br\/\"},{\"@type\":\"ListItem\",\"position\":2,\"name\":\"PIB varia 0,4% no terceiro trimestre de 2022, diz IBGE\"}]},{\"@type\":\"WebSite\",\"@id\":\"https:\/\/jornalfatosenoticias.com.br\/#website\",\"url\":\"https:\/\/jornalfatosenoticias.com.br\/\",\"name\":\"Jornal Fatos e Not\u00edcias\",\"description\":\"Not\u00edcias em geral\",\"publisher\":{\"@id\":\"https:\/\/jornalfatosenoticias.com.br\/#organization\"},\"potentialAction\":[{\"@type\":\"SearchAction\",\"target\":{\"@type\":\"EntryPoint\",\"urlTemplate\":\"https:\/\/jornalfatosenoticias.com.br\/?s={search_term_string}\"},\"query-input\":{\"@type\":\"PropertyValueSpecification\",\"valueRequired\":true,\"valueName\":\"search_term_string\"}}],\"inLanguage\":\"pt-BR\"},{\"@type\":\"Organization\",\"@id\":\"https:\/\/jornalfatosenoticias.com.br\/#organization\",\"name\":\"Jornal Fatos e Not\u00edcias\",\"url\":\"https:\/\/jornalfatosenoticias.com.br\/\",\"logo\":{\"@type\":\"ImageObject\",\"inLanguage\":\"pt-BR\",\"@id\":\"https:\/\/jornalfatosenoticias.com.br\/#\/schema\/logo\/image\/\",\"url\":\"https:\/\/jornalfatosenoticias.com.br\/wp-content\/uploads\/2020\/02\/logo120.png\",\"contentUrl\":\"https:\/\/jornalfatosenoticias.com.br\/wp-content\/uploads\/2020\/02\/logo120.png\",\"width\":1227,\"height\":120,\"caption\":\"Jornal Fatos e Not\u00edcias\"},\"image\":{\"@id\":\"https:\/\/jornalfatosenoticias.com.br\/#\/schema\/logo\/image\/\"}},{\"@type\":\"Person\",\"@id\":\"https:\/\/jornalfatosenoticias.com.br\/#\/schema\/person\/d63837fa13ac8666eb9e74e0985d6f81\",\"name\":\"Luzimara Fernandes\",\"image\":{\"@type\":\"ImageObject\",\"inLanguage\":\"pt-BR\",\"@id\":\"https:\/\/jornalfatosenoticias.com.br\/#\/schema\/person\/image\/\",\"url\":\"https:\/\/jornalfatosenoticias.com.br\/wp-content\/uploads\/2025\/05\/EU_portal.jpg\",\"contentUrl\":\"https:\/\/jornalfatosenoticias.com.br\/wp-content\/uploads\/2025\/05\/EU_portal.jpg\",\"caption\":\"Luzimara Fernandes\"},\"description\":\"Jornalista MTB 2358-ES\",\"sameAs\":[\"https:\/\/jornalfatosenoticias.com.br\"],\"url\":\"https:\/\/jornalfatosenoticias.com.br\/index.php\/author\/luzimara\/\"}]}<\/script>\n<!-- \/ Yoast SEO plugin. -->","yoast_head_json":{"title":"PIB varia 0,4% no terceiro trimestre de 2022, diz IBGE - Jornal Fatos e Not\u00edcias","robots":{"index":"index","follow":"follow","max-snippet":"max-snippet:-1","max-image-preview":"max-image-preview:large","max-video-preview":"max-video-preview:-1"},"canonical":"https:\/\/jornalfatosenoticias.com.br\/index.php\/2022\/12\/01\/pib-varia-04-no-terceiro-trimestre-de-2022-diz-ibge\/","og_locale":"pt_BR","og_type":"article","og_title":"PIB varia 0,4% no terceiro trimestre de 2022, diz IBGE - Jornal Fatos e Not\u00edcias","og_description":"Em valores correntes, o PIB totalizou R$ 2,544 trilh\u00f5es O Produto Interno Bruto (PIB, soma de todos os bens e servi\u00e7os finais produzidos por um pa\u00eds em um ano) variou 0,4% no terceiro trimestre de 2022, na compara\u00e7\u00e3o com o segundo, na s\u00e9rie com ajuste sazonal. O dado foi divulgado hoje (1\u00ba) pelo Instituto Brasileiro [&hellip;]","og_url":"https:\/\/jornalfatosenoticias.com.br\/index.php\/2022\/12\/01\/pib-varia-04-no-terceiro-trimestre-de-2022-diz-ibge\/","og_site_name":"Jornal Fatos e Not\u00edcias","article_published_time":"2022-12-01T15:48:23+00:00","article_modified_time":"2022-12-01T15:48:25+00:00","og_image":[{"width":1000,"height":598,"url":"https:\/\/jornalfatosenoticias.com.br\/wp-content\/uploads\/2022\/12\/minfra_PIB.jpg","type":"image\/jpeg"}],"author":"Luzimara Fernandes","twitter_card":"summary_large_image","twitter_misc":{"Escrito por":"Luzimara Fernandes","Est. tempo de leitura":"1 minuto"},"schema":{"@context":"https:\/\/schema.org","@graph":[{"@type":"Article","@id":"https:\/\/jornalfatosenoticias.com.br\/index.php\/2022\/12\/01\/pib-varia-04-no-terceiro-trimestre-de-2022-diz-ibge\/#article","isPartOf":{"@id":"https:\/\/jornalfatosenoticias.com.br\/index.php\/2022\/12\/01\/pib-varia-04-no-terceiro-trimestre-de-2022-diz-ibge\/"},"author":{"name":"Luzimara Fernandes","@id":"https:\/\/jornalfatosenoticias.com.br\/#\/schema\/person\/d63837fa13ac8666eb9e74e0985d6f81"},"headline":"PIB varia 0,4% no terceiro trimestre de 2022, diz IBGE","datePublished":"2022-12-01T15:48:23+00:00","dateModified":"2022-12-01T15:48:25+00:00","mainEntityOfPage":{"@id":"https:\/\/jornalfatosenoticias.com.br\/index.php\/2022\/12\/01\/pib-varia-04-no-terceiro-trimestre-de-2022-diz-ibge\/"},"wordCount":196,"commentCount":0,"publisher":{"@id":"https:\/\/jornalfatosenoticias.com.br\/#organization"},"image":{"@id":"https:\/\/jornalfatosenoticias.com.br\/index.php\/2022\/12\/01\/pib-varia-04-no-terceiro-trimestre-de-2022-diz-ibge\/#primaryimage"},"thumbnailUrl":"https:\/\/jornalfatosenoticias.com.br\/wp-content\/uploads\/2022\/12\/minfra_PIB.jpg","keywords":["IBGE","Minist\u00e9rio da Infraestrutura","PIB"],"articleSection":["Economia"],"inLanguage":"pt-BR","potentialAction":[{"@type":"CommentAction","name":"Comment","target":["https:\/\/jornalfatosenoticias.com.br\/index.php\/2022\/12\/01\/pib-varia-04-no-terceiro-trimestre-de-2022-diz-ibge\/#respond"]}]},{"@type":"WebPage","@id":"https:\/\/jornalfatosenoticias.com.br\/index.php\/2022\/12\/01\/pib-varia-04-no-terceiro-trimestre-de-2022-diz-ibge\/","url":"https:\/\/jornalfatosenoticias.com.br\/index.php\/2022\/12\/01\/pib-varia-04-no-terceiro-trimestre-de-2022-diz-ibge\/","name":"PIB varia 0,4% no terceiro trimestre de 2022, diz IBGE - Jornal Fatos e Not\u00edcias","isPartOf":{"@id":"https:\/\/jornalfatosenoticias.com.br\/#website"},"primaryImageOfPage":{"@id":"https:\/\/jornalfatosenoticias.com.br\/index.php\/2022\/12\/01\/pib-varia-04-no-terceiro-trimestre-de-2022-diz-ibge\/#primaryimage"},"image":{"@id":"https:\/\/jornalfatosenoticias.com.br\/index.php\/2022\/12\/01\/pib-varia-04-no-terceiro-trimestre-de-2022-diz-ibge\/#primaryimage"},"thumbnailUrl":"https:\/\/jornalfatosenoticias.com.br\/wp-content\/uploads\/2022\/12\/minfra_PIB.jpg","datePublished":"2022-12-01T15:48:23+00:00","dateModified":"2022-12-01T15:48:25+00:00","breadcrumb":{"@id":"https:\/\/jornalfatosenoticias.com.br\/index.php\/2022\/12\/01\/pib-varia-04-no-terceiro-trimestre-de-2022-diz-ibge\/#breadcrumb"},"inLanguage":"pt-BR","potentialAction":[{"@type":"ReadAction","target":["https:\/\/jornalfatosenoticias.com.br\/index.php\/2022\/12\/01\/pib-varia-04-no-terceiro-trimestre-de-2022-diz-ibge\/"]}]},{"@type":"ImageObject","inLanguage":"pt-BR","@id":"https:\/\/jornalfatosenoticias.com.br\/index.php\/2022\/12\/01\/pib-varia-04-no-terceiro-trimestre-de-2022-diz-ibge\/#primaryimage","url":"https:\/\/jornalfatosenoticias.com.br\/wp-content\/uploads\/2022\/12\/minfra_PIB.jpg","contentUrl":"https:\/\/jornalfatosenoticias.com.br\/wp-content\/uploads\/2022\/12\/minfra_PIB.jpg","width":1000,"height":598,"caption":"Os portu\u00e1rios foram inclu\u00eddos no grupo priorit\u00e1rio para vacina\u00e7\u00e3o contra a Covid-19. Nesta quinta (27), foi iniciada de forma simb\u00f3lica a imuniza\u00e7\u00e3o da categoria, no @portodesantosbr . A primeira etapa vai atender 100% dos trabalhadores dos portos brasileiros."},{"@type":"BreadcrumbList","@id":"https:\/\/jornalfatosenoticias.com.br\/index.php\/2022\/12\/01\/pib-varia-04-no-terceiro-trimestre-de-2022-diz-ibge\/#breadcrumb","itemListElement":[{"@type":"ListItem","position":1,"name":"In\u00edcio","item":"https:\/\/jornalfatosenoticias.com.br\/"},{"@type":"ListItem","position":2,"name":"PIB varia 0,4% no terceiro trimestre de 2022, diz IBGE"}]},{"@type":"WebSite","@id":"https:\/\/jornalfatosenoticias.com.br\/#website","url":"https:\/\/jornalfatosenoticias.com.br\/","name":"Jornal Fatos e Not\u00edcias","description":"Not\u00edcias em geral","publisher":{"@id":"https:\/\/jornalfatosenoticias.com.br\/#organization"},"potentialAction":[{"@type":"SearchAction","target":{"@type":"EntryPoint","urlTemplate":"https:\/\/jornalfatosenoticias.com.br\/?s={search_term_string}"},"query-input":{"@type":"PropertyValueSpecification","valueRequired":true,"valueName":"search_term_string"}}],"inLanguage":"pt-BR"},{"@type":"Organization","@id":"https:\/\/jornalfatosenoticias.com.br\/#organization","name":"Jornal Fatos e Not\u00edcias","url":"https:\/\/jornalfatosenoticias.com.br\/","logo":{"@type":"ImageObject","inLanguage":"pt-BR","@id":"https:\/\/jornalfatosenoticias.com.br\/#\/schema\/logo\/image\/","url":"https:\/\/jornalfatosenoticias.com.br\/wp-content\/uploads\/2020\/02\/logo120.png","contentUrl":"https:\/\/jornalfatosenoticias.com.br\/wp-content\/uploads\/2020\/02\/logo120.png","width":1227,"height":120,"caption":"Jornal Fatos e Not\u00edcias"},"image":{"@id":"https:\/\/jornalfatosenoticias.com.br\/#\/schema\/logo\/image\/"}},{"@type":"Person","@id":"https:\/\/jornalfatosenoticias.com.br\/#\/schema\/person\/d63837fa13ac8666eb9e74e0985d6f81","name":"Luzimara Fernandes","image":{"@type":"ImageObject","inLanguage":"pt-BR","@id":"https:\/\/jornalfatosenoticias.com.br\/#\/schema\/person\/image\/","url":"https:\/\/jornalfatosenoticias.com.br\/wp-content\/uploads\/2025\/05\/EU_portal.jpg","contentUrl":"https:\/\/jornalfatosenoticias.com.br\/wp-content\/uploads\/2025\/05\/EU_portal.jpg","caption":"Luzimara Fernandes"},"description":"Jornalista MTB 2358-ES","sameAs":["https:\/\/jornalfatosenoticias.com.br"],"url":"https:\/\/jornalfatosenoticias.com.br\/index.php\/author\/luzimara\/"}]}},"cc_featured_image_caption":{"caption_text":"(Foto: Minist\u00e9rio da Infraestrutura) ","source_text":"","source_url":""},"jetpack_featured_media_url":"https:\/\/jornalfatosenoticias.com.br\/wp-content\/uploads\/2022\/12\/minfra_PIB.jpg","_links":{"self":[{"href":"https:\/\/jornalfatosenoticias.com.br\/index.php\/wp-json\/wp\/v2\/posts\/36550","targetHints":{"allow":["GET"]}}],"collection":[{"href":"https:\/\/jornalfatosenoticias.com.br\/index.php\/wp-json\/wp\/v2\/posts"}],"about":[{"href":"https:\/\/jornalfatosenoticias.com.br\/index.php\/wp-json\/wp\/v2\/types\/post"}],"author":[{"embeddable":true,"href":"https:\/\/jornalfatosenoticias.com.br\/index.php\/wp-json\/wp\/v2\/users\/2"}],"replies":[{"embeddable":true,"href":"https:\/\/jornalfatosenoticias.com.br\/index.php\/wp-json\/wp\/v2\/comments?post=36550"}],"version-history":[{"count":0,"href":"https:\/\/jornalfatosenoticias.com.br\/index.php\/wp-json\/wp\/v2\/posts\/36550\/revisions"}],"wp:featuredmedia":[{"embeddable":true,"href":"https:\/\/jornalfatosenoticias.com.br\/index.php\/wp-json\/wp\/v2\/media\/36551"}],"wp:attachment":[{"href":"https:\/\/jornalfatosenoticias.com.br\/index.php\/wp-json\/wp\/v2\/media?parent=36550"}],"wp:term":[{"taxonomy":"category","embeddable":true,"href":"https:\/\/jornalfatosenoticias.com.br\/index.php\/wp-json\/wp\/v2\/categories?post=36550"},{"taxonomy":"post_tag","embeddable":true,"href":"https:\/\/jornalfatosenoticias.com.br\/index.php\/wp-json\/wp\/v2\/tags?post=36550"}],"curies":[{"name":"wp","href":"https:\/\/api.w.org\/{rel}","templated":true}]}}