{"id":36579,"date":"2022-12-05T13:16:41","date_gmt":"2022-12-05T16:16:41","guid":{"rendered":"https:\/\/jornalfatosenoticias.com.br\/?p=36579"},"modified":"2022-12-05T13:16:43","modified_gmt":"2022-12-05T16:16:43","slug":"temperos-podem-proteger-contra-alzheimer-e-parkinson-especialista-explica-como","status":"publish","type":"post","link":"https:\/\/jornalfatosenoticias.com.br\/index.php\/2022\/12\/05\/temperos-podem-proteger-contra-alzheimer-e-parkinson-especialista-explica-como\/","title":{"rendered":"Temperos podem proteger contra Alzheimer e Parkinson; especialista explica como"},"content":{"rendered":"\n<p><em><span class=\"has-inline-color has-black-color\">Embora n\u00e3o seja uma novidade, estudos confirmaram benef\u00edcios medicinais de duas plantas em especial<\/span><\/em><\/p>\n\n\n\n<div class=\"wp-block-image\"><figure class=\"aligncenter size-large\"><img decoding=\"async\" src=\"https:\/\/jornalfatosenoticias.com.br\/wp-content\/uploads\/2020\/02\/Serra-Grande-1024x160.png\" alt=\"\" class=\"wp-image-7836\"\/><\/figure><\/div>\n\n\n\n<p>N\u00e3o \u00e9 novidade que as ervas s\u00e3o tradicionalmente usadas como especiarias na culin\u00e1ria e que, muitas, possuem diversos benef\u00edcios medicinais. Contudo, dois estudos publicados no <a href=\"https:\/\/click.cse360.com.br\/Click\/AddCampaignEmailClick\/13b2509a-33d2-420b-5c70-08dac3ee9348\/https%253a%252f%252fwww.sciencedirect.com%252fscience%252farticle%252fpii%252fS2225411018300026\/046de553-198e-4951-b8e9-c773326c9261\/redacao@olhardigital.com.br\/True\" target=\"_blank\" rel=\"noreferrer noopener\">Journal of Traditional and Complementary Medicine<\/a>\u00a0e no\u00a0<a href=\"https:\/\/click.cse360.com.br\/Click\/AddCampaignEmailClick\/13b2509a-33d2-420b-5c70-08dac3ee9348\/https%253a%252f%252fwww.ncbi.nlm.nih.gov%252fpmc%252farticles%252fPMC8554282%252f\/046de553-198e-4951-b8e9-c773326c9261\/redacao@olhardigital.com.br\/True\" target=\"_blank\" rel=\"noreferrer noopener\">National Center for Biotechnology Information<\/a> refor\u00e7aram a a\u00e7\u00e3o de prote\u00e7\u00e3o de duas plantas em especial: o a\u00e7afr\u00e3o e a c\u00farcuma.<\/p>\n\n\n\n<div class=\"wp-block-image\"><figure class=\"aligncenter size-large\"><img loading=\"lazy\" decoding=\"async\" width=\"300\" height=\"250\" src=\"https:\/\/jornalfatosenoticias.com.br\/wp-content\/uploads\/2022\/08\/arte-Casarao.jpg\" alt=\"\" class=\"wp-image-33178\"\/><\/figure><\/div>\n\n\n\n<p>Al\u00e9m de atribuir sabor aos pratos, elas tamb\u00e9m possuem fun\u00e7\u00f5es protetoras contra esclerose m\u00faltipla, doen\u00e7a de <a href=\"https:\/\/olhardigital.com.br\/tag\/alzheimer\/\" target=\"_blank\" rel=\"noreferrer noopener\">Alzheimer<\/a>, doen\u00e7a de Parkinson, depress\u00e3o, ansiedade, entre outras patologias.<\/p>\n\n\n\n<div class=\"wp-block-image\"><figure class=\"aligncenter size-large\"><img loading=\"lazy\" decoding=\"async\" width=\"1024\" height=\"99\" src=\"https:\/\/jornalfatosenoticias.com.br\/wp-content\/uploads\/2020\/02\/Logo-Mizu-segunda-2-1024x99.png\" alt=\"\" class=\"wp-image-2353\" srcset=\"https:\/\/jornalfatosenoticias.com.br\/wp-content\/uploads\/2020\/02\/Logo-Mizu-segunda-2-1024x99.png 1024w, https:\/\/jornalfatosenoticias.com.br\/wp-content\/uploads\/2020\/02\/Logo-Mizu-segunda-2-300x29.png 300w, https:\/\/jornalfatosenoticias.com.br\/wp-content\/uploads\/2020\/02\/Logo-Mizu-segunda-2-768x74.png 768w, https:\/\/jornalfatosenoticias.com.br\/wp-content\/uploads\/2020\/02\/Logo-Mizu-segunda-2.png 1240w\" sizes=\"auto, (max-width: 1024px) 100vw, 1024px\" \/><\/figure><\/div>\n\n\n\n<p>Com base nos resultados apontados, Paula Molari Abdo, diretora t\u00e9cnica da Formularium, especialista em Aten\u00e7\u00e3o Farmac\u00eautica pela USP e Membro da Associa\u00e7\u00e3o Nacional de Farmac\u00eauticos Magistrais (ANFARMAG), explicou a rela\u00e7\u00e3o dos ativos e como eles agem no organismo. <strong>Confira abaixo!<\/strong><\/p>\n\n\n\n<div class=\"wp-block-image\"><figure class=\"aligncenter size-large\"><img decoding=\"async\" src=\"https:\/\/jornalfatosenoticias.com.br\/wp-content\/uploads\/2020\/02\/barao-das-carnes-300x164-1.jpg\" alt=\"\" class=\"wp-image-34339\"\/><\/figure><\/div>\n\n\n\n<h4 class=\"wp-block-heading\"><span class=\"has-inline-color has-black-color\">O a\u00e7afr\u00e3o<\/span><\/h4>\n\n\n\n<figure class=\"wp-block-image size-large\"><img loading=\"lazy\" decoding=\"async\" width=\"1000\" height=\"666\" src=\"https:\/\/jornalfatosenoticias.com.br\/wp-content\/uploads\/2022\/12\/acafrao.jpg\" alt=\"\" class=\"wp-image-36580\" srcset=\"https:\/\/jornalfatosenoticias.com.br\/wp-content\/uploads\/2022\/12\/acafrao.jpg 1000w, https:\/\/jornalfatosenoticias.com.br\/wp-content\/uploads\/2022\/12\/acafrao-300x200.jpg 300w, https:\/\/jornalfatosenoticias.com.br\/wp-content\/uploads\/2022\/12\/acafrao-768x511.jpg 768w\" sizes=\"auto, (max-width: 1000px) 100vw, 1000px\" \/><figcaption><em><span class=\"has-inline-color has-black-color\">(Foto: Shutterstock\/ZhakYaroslav)<\/span><\/em><\/figcaption><\/figure>\n\n\n\n<div class=\"wp-block-image\"><figure class=\"aligncenter size-large\"><img loading=\"lazy\" decoding=\"async\" width=\"1024\" height=\"100\" src=\"https:\/\/jornalfatosenoticias.com.br\/wp-content\/uploads\/2020\/02\/banner_ferramentas-1024x100.jpg\" alt=\"\" class=\"wp-image-1258\" srcset=\"https:\/\/jornalfatosenoticias.com.br\/wp-content\/uploads\/2020\/02\/banner_ferramentas-1024x100.jpg 1024w, https:\/\/jornalfatosenoticias.com.br\/wp-content\/uploads\/2020\/02\/banner_ferramentas-300x29.jpg 300w, https:\/\/jornalfatosenoticias.com.br\/wp-content\/uploads\/2020\/02\/banner_ferramentas-768x75.jpg 768w, https:\/\/jornalfatosenoticias.com.br\/wp-content\/uploads\/2020\/02\/banner_ferramentas.jpg 1227w\" sizes=\"auto, (max-width: 1024px) 100vw, 1024px\" \/><\/figure><\/div>\n\n\n\n<p>O a\u00e7afr\u00e3o, tamb\u00e9m conhecido como A\u00e7afr\u00e3o-a\u00e7afr\u00e3o ou A\u00e7afr\u00e3o verdadeiro, \u00e9 muito cultivado no Ir\u00e3, na \u00cdndia e Gr\u00e9cia. O que poucos sabem \u00e9 que o a\u00e7afr\u00e3o \u00e9 o estigma (por\u00e7\u00e3o) de uma flor, da planta <em>Crocus sativus.<\/em> Cada flor dessas tem s\u00f3 tr\u00eas estigmas, sendo que, para obter 1kg da especiaria, s\u00e3o necess\u00e1rias cerca de 75 mil flores. Por isso, o a\u00e7afr\u00e3o \u00e9 uma das especiarias mais caras.<\/p>\n\n\n\n<div class=\"wp-block-image\"><figure class=\"alignleft size-large is-resized\"><img loading=\"lazy\" decoding=\"async\" src=\"https:\/\/jornalfatosenoticias.com.br\/wp-content\/uploads\/2020\/02\/nova-logo-Marquetti.jpg\" alt=\"\" class=\"wp-image-22331\" width=\"309\" height=\"207\" srcset=\"https:\/\/jornalfatosenoticias.com.br\/wp-content\/uploads\/2020\/02\/nova-logo-Marquetti.jpg 643w, https:\/\/jornalfatosenoticias.com.br\/wp-content\/uploads\/2020\/02\/nova-logo-Marquetti-300x202.jpg 300w\" sizes=\"auto, (max-width: 309px) 100vw, 309px\" \/><\/figure><\/div>\n\n\n\n<p>Seus componentes incluem picrocrocina, safranal, crocina e crocetina, subst\u00e2ncias qu\u00edmicas que agem como antioxidantes e coletores seletivos de radicais livres. Suas propriedades previnem quadros de depress\u00e3o leve a moderada, ansiedade, dist\u00farbios cognitivos e do sono. Segundo os estudos, a efic\u00e1cia \u00e9 compar\u00e1vel aos antidepressivos tradicionais.<br>A crocina tamb\u00e9m pode gerar efeito calmante nos neurotransmissores cerebrais, proporcionando maior capacidade de concentra\u00e7\u00e3o. Al\u00e9m disso, o a\u00e7afr\u00e3o \u00e9 uma fonte rica em riboflavina, a vitamina B2, sendo uma aliada para indiv\u00edduos propensos \u00e0 enxaqueca.<\/p>\n\n\n\n<div class=\"wp-block-image\"><figure class=\"aligncenter size-large\"><img decoding=\"async\" src=\"https:\/\/jornalfatosenoticias.com.br\/wp-content\/uploads\/2020\/02\/logo_esteio.jpg\" alt=\"\" class=\"wp-image-1214\"\/><\/figure><\/div>\n\n\n\n<figure class=\"wp-block-pullquote\"><blockquote><p><span class=\"has-inline-color has-luminous-vivid-orange-color\">Somado a isso, o a\u00e7afr\u00e3o aumenta a produ\u00e7\u00e3o de uma mol\u00e9cula envolvida na regula\u00e7\u00e3o vascular, o \u00f3xido n\u00edtrico, gerando uma vasodilata\u00e7\u00e3o e diminuindo a press\u00e3o sist\u00f3lica e diast\u00f3lica, fundamental para o tratamento da hipertens\u00e3o\u201d, adicionou a especialista.<\/span><\/p><\/blockquote><\/figure>\n\n\n\n<div class=\"wp-block-image\"><figure class=\"aligncenter size-large\"><img loading=\"lazy\" decoding=\"async\" width=\"1024\" height=\"111\" src=\"https:\/\/jornalfatosenoticias.com.br\/wp-content\/uploads\/2020\/02\/WhatsApp-Image-2022-09-23-at-12.09.18-1024x111.jpeg\" alt=\"\" class=\"wp-image-34527\" srcset=\"https:\/\/jornalfatosenoticias.com.br\/wp-content\/uploads\/2020\/02\/WhatsApp-Image-2022-09-23-at-12.09.18-1024x111.jpeg 1024w, https:\/\/jornalfatosenoticias.com.br\/wp-content\/uploads\/2020\/02\/WhatsApp-Image-2022-09-23-at-12.09.18-300x32.jpeg 300w, https:\/\/jornalfatosenoticias.com.br\/wp-content\/uploads\/2020\/02\/WhatsApp-Image-2022-09-23-at-12.09.18-768x83.jpeg 768w, https:\/\/jornalfatosenoticias.com.br\/wp-content\/uploads\/2020\/02\/WhatsApp-Image-2022-09-23-at-12.09.18.jpeg 1121w\" sizes=\"auto, (max-width: 1024px) 100vw, 1024px\" \/><\/figure><\/div>\n\n\n\n<p><strong><span class=\"has-inline-color has-black-color\">Como usar o a\u00e7afr\u00e3o?<br><\/span><\/strong>O a\u00e7afr\u00e3o \u00e9 uma especiaria comum na culin\u00e1ria mediterr\u00e2nea, usada especialmente na paella, prato t\u00edpico espanhol. Tamb\u00e9m pode temperar arroz, caldos e massas. No Brasil, por ser um produto considerado caro, \u00e9 bastante substitu\u00eddo por flores de cal\u00eandula e c\u00e1rtamo, que possuem propriedades semelhantes. Segundo Molari, h\u00e1 tamb\u00e9m v\u00e1rios suplementos \u00e0 base do extrato de a\u00e7afr\u00e3o, como o AffronR e o SaffronR. <\/p>\n\n\n\n<div class=\"wp-block-image\"><figure class=\"aligncenter size-large is-resized\"><img loading=\"lazy\" decoding=\"async\" src=\"https:\/\/jornalfatosenoticias.com.br\/wp-content\/uploads\/2022\/02\/Precisao-Contabilidade-1024x724.jpg\" alt=\"\" class=\"wp-image-28088\" width=\"335\" height=\"237\"\/><\/figure><\/div>\n\n\n\n<figure class=\"wp-block-pullquote\"><blockquote><p><span class=\"has-inline-color has-luminous-vivid-orange-color\">Eles podem ser preparados em farm\u00e1cia de manipula\u00e7\u00e3o, com a devida orienta\u00e7\u00e3o m\u00e9dica\u201d.<\/span><\/p><\/blockquote><\/figure>\n\n\n\n<div class=\"wp-block-image\"><figure class=\"aligncenter size-large\"><img loading=\"lazy\" decoding=\"async\" width=\"1024\" height=\"103\" src=\"https:\/\/jornalfatosenoticias.com.br\/wp-content\/uploads\/2022\/02\/Arte-Autoescola-Galatas_endereco_portal-1024x103.png\" alt=\"\" class=\"wp-image-27869\" srcset=\"https:\/\/jornalfatosenoticias.com.br\/wp-content\/uploads\/2022\/02\/Arte-Autoescola-Galatas_endereco_portal-1024x103.png 1024w, https:\/\/jornalfatosenoticias.com.br\/wp-content\/uploads\/2022\/02\/Arte-Autoescola-Galatas_endereco_portal-300x30.png 300w, https:\/\/jornalfatosenoticias.com.br\/wp-content\/uploads\/2022\/02\/Arte-Autoescola-Galatas_endereco_portal-768x77.png 768w, https:\/\/jornalfatosenoticias.com.br\/wp-content\/uploads\/2022\/02\/Arte-Autoescola-Galatas_endereco_portal.png 1223w\" sizes=\"auto, (max-width: 1024px) 100vw, 1024px\" \/><\/figure><\/div>\n\n\n\n<h4 class=\"wp-block-heading\"><span class=\"has-inline-color has-black-color\">A C\u00farcuma<\/span><\/h4>\n\n\n\n<figure class=\"wp-block-image size-large\"><img loading=\"lazy\" decoding=\"async\" width=\"1000\" height=\"666\" src=\"https:\/\/jornalfatosenoticias.com.br\/wp-content\/uploads\/2022\/12\/curcuma.jpg\" alt=\"\" class=\"wp-image-36581\" srcset=\"https:\/\/jornalfatosenoticias.com.br\/wp-content\/uploads\/2022\/12\/curcuma.jpg 1000w, https:\/\/jornalfatosenoticias.com.br\/wp-content\/uploads\/2022\/12\/curcuma-300x200.jpg 300w, https:\/\/jornalfatosenoticias.com.br\/wp-content\/uploads\/2022\/12\/curcuma-768x511.jpg 768w\" sizes=\"auto, (max-width: 1000px) 100vw, 1000px\" \/><figcaption><em><span class=\"has-inline-color has-black-color\">(Foto: Shutterstock\/Photoongraphy)<\/span><\/em><\/figcaption><\/figure>\n\n\n\n<div class=\"wp-block-image\"><figure class=\"alignright size-large is-resized\"><img loading=\"lazy\" decoding=\"async\" src=\"https:\/\/jornalfatosenoticias.com.br\/wp-content\/uploads\/2022\/07\/Logo-Grupo-SEI.jpg\" alt=\"\" class=\"wp-image-31973\" width=\"334\" height=\"176\" srcset=\"https:\/\/jornalfatosenoticias.com.br\/wp-content\/uploads\/2022\/07\/Logo-Grupo-SEI.jpg 713w, https:\/\/jornalfatosenoticias.com.br\/wp-content\/uploads\/2022\/07\/Logo-Grupo-SEI-300x158.jpg 300w\" sizes=\"auto, (max-width: 334px) 100vw, 334px\" \/><\/figure><\/div>\n\n\n\n<p>Trata-se de um caule subterr\u00e2neo de origem asi\u00e1tica, da fam\u00edlia do gengibre, tamb\u00e9m conhecida como a\u00e7afr\u00e3o-da-terra ou gengibre amarelo, cujo nome cient\u00edfico \u00e9 <em>Curcuma longa L.<\/em><br>Os compostos de curcuminoides (curcumina, desmetoxicurcumina e bisdesmetoxicurcumina) s\u00e3o polifen\u00f3is com efeitos anti-inflamat\u00f3rios capazes de aumentar os n\u00edveis de dopamina e de horm\u00f4nios que protegem o c\u00e9rebro contra isquemias e doen\u00e7as neurodegenerativas, como esclerose m\u00faltipla, Parkinson e Alzheimer.<br>Um estudo realizado pela Universidade da Calif\u00f3rnia, nos Estados Unidos, confirma que a curcumina pode ajudar a eliminar as estruturas associadas ao Alzheimer no c\u00e9rebro.<\/p>\n\n\n\n<div class=\"wp-block-image\"><figure class=\"aligncenter size-large is-resized\"><img loading=\"lazy\" decoding=\"async\" src=\"https:\/\/jornalfatosenoticias.com.br\/wp-content\/uploads\/2020\/02\/logo-embacia.jpg\" alt=\"\" class=\"wp-image-33905\" width=\"287\" height=\"287\"\/><\/figure><\/div>\n\n\n\n<figure class=\"wp-block-pullquote\"><blockquote><p><span class=\"has-inline-color has-luminous-vivid-orange-color\">A Curcuma longa L. age no Sistema Nervoso Central, tendo a curcumina como principal respons\u00e1vel pela a\u00e7\u00e3o neuroprotetora e antioxidante, atuando tamb\u00e9m nos quadros de depress\u00e3o e ansiedade cr\u00f4nica\u201d.<\/span><\/p><\/blockquote><\/figure>\n\n\n\n<div class=\"wp-block-image\"><figure class=\"alignleft size-large is-resized\"><img loading=\"lazy\" decoding=\"async\" src=\"https:\/\/jornalfatosenoticias.com.br\/wp-content\/uploads\/2022\/08\/logo-locau-veiculos-1024x573.png\" alt=\"\" class=\"wp-image-33078\" width=\"344\" height=\"192\"\/><\/figure><\/div>\n\n\n\n<p><strong><span class=\"has-inline-color has-black-color\">Como usar a c\u00farcuma?<br><\/span><\/strong>Popularmente utilizada na culin\u00e1ria, sendo um dos ingredientes do curry, a c\u00farcuma possui um \u00f3leo rico em sesquiterpenos oxigenados que d\u00e1 a caracter\u00edstica arom\u00e1tica da planta (picante). Pode ser consumida em saladas, ch\u00e1s e cozidos.<br>No entanto, a curcumina, principal componente da c\u00farcuma, \u00e9 pouco absorvida pelo organismo. Para otimizar a absor\u00e7\u00e3o, o ideal \u00e9 combinar a c\u00farcuma com piperina (um extrato de pimenta-preta). Segundo uma pesquisa publicada no <a href=\"https:\/\/click.cse360.com.br\/Click\/AddCampaignEmailClick\/13b2509a-33d2-420b-5c70-08dac3ee9348\/https%253a%252f%252fwww.healthline.com%252fnutrition%252fturmeric-and-black-pepper%253futm_source%253dSailthru%252520Email%2526utm_medium%253dEmail%2526utm_campaign%253dauthoritynutrition%2526utm_content%253d2018-07-04\/046de553-198e-4951-b8e9-c773326c9261\/redacao@olhardigital.com.br\/True\" target=\"_blank\" rel=\"noreferrer noopener\">Healthline<\/a>, a piperina aumenta a absor\u00e7\u00e3o de curcumina no corpo em at\u00e9 2.000%.<\/p>\n\n\n\n<div class=\"wp-block-image\"><figure class=\"aligncenter size-large\"><img loading=\"lazy\" decoding=\"async\" width=\"560\" height=\"60\" src=\"https:\/\/jornalfatosenoticias.com.br\/wp-content\/uploads\/2022\/10\/Propaganda-RC-Radiadores-Jornal_page-0001.jpg\" alt=\"\" class=\"wp-image-35270\" srcset=\"https:\/\/jornalfatosenoticias.com.br\/wp-content\/uploads\/2022\/10\/Propaganda-RC-Radiadores-Jornal_page-0001.jpg 560w, https:\/\/jornalfatosenoticias.com.br\/wp-content\/uploads\/2022\/10\/Propaganda-RC-Radiadores-Jornal_page-0001-300x32.jpg 300w\" sizes=\"auto, (max-width: 560px) 100vw, 560px\" \/><\/figure><\/div>\n\n\n\n<p>Para obter os benef\u00edcios, tome 1.500 mg de curcumina e 15 \u2013 20 mg de piperina por dia. Al\u00e9m disso, a curcumina e os curcuminoides podem ser extra\u00eddos e consumidos como suplementos, proporcionando uma efic\u00e1cia maior do que a c\u00farcuma isolada.<\/p>\n\n\n\n<div class=\"wp-block-image\"><figure class=\"aligncenter size-large is-resized\"><img loading=\"lazy\" decoding=\"async\" src=\"https:\/\/jornalfatosenoticias.com.br\/wp-content\/uploads\/2022\/10\/Arte-jornal-Zucchi-600x600_Prancheta-1-1024x1024.jpg\" alt=\"\" class=\"wp-image-34782\" width=\"258\" height=\"258\" srcset=\"https:\/\/jornalfatosenoticias.com.br\/wp-content\/uploads\/2022\/10\/Arte-jornal-Zucchi-600x600_Prancheta-1-1024x1024.jpg 1024w, https:\/\/jornalfatosenoticias.com.br\/wp-content\/uploads\/2022\/10\/Arte-jornal-Zucchi-600x600_Prancheta-1-300x300.jpg 300w, https:\/\/jornalfatosenoticias.com.br\/wp-content\/uploads\/2022\/10\/Arte-jornal-Zucchi-600x600_Prancheta-1-150x150.jpg 150w, https:\/\/jornalfatosenoticias.com.br\/wp-content\/uploads\/2022\/10\/Arte-jornal-Zucchi-600x600_Prancheta-1-768x768.jpg 768w, https:\/\/jornalfatosenoticias.com.br\/wp-content\/uploads\/2022\/10\/Arte-jornal-Zucchi-600x600_Prancheta-1.jpg 1250w\" sizes=\"auto, (max-width: 258px) 100vw, 258px\" \/><\/figure><\/div>\n\n\n\n<figure class=\"wp-block-pullquote\"><blockquote><p><span class=\"has-inline-color has-luminous-vivid-orange-color\">Independentemente do ativo, lembre-se que \u00e9 fundamental haver uma orienta\u00e7\u00e3o m\u00e9dica para o consumo de alimentos e suplementos com fins terap\u00eauticos\u201d, alertou a farmac\u00eautica.<\/span><\/p><\/blockquote><\/figure>\n\n\n\n<div class=\"wp-block-image\"><figure class=\"aligncenter size-large is-resized\"><img loading=\"lazy\" decoding=\"async\" src=\"https:\/\/jornalfatosenoticias.com.br\/wp-content\/uploads\/2020\/02\/logo-clinica-limoeiro.jpg\" alt=\"\" class=\"wp-image-34610\" width=\"282\" height=\"200\"\/><\/figure><\/div>\n\n\n\n<p>Vale destacar que, embora parecidos, o a\u00e7afr\u00e3o e a c\u00farcuma s\u00e3o especiarias diferentes. Isso ocorre porque a c\u00farcuma tamb\u00e9m \u00e9 chamada de a\u00e7afr\u00e3o-da-terra, mas ela faz parte da fam\u00edlia do gengibre. J\u00e1 o a\u00e7afr\u00e3o \u201cverdadeiro\u201d vem de uma flor (<em>Crocus sativus<\/em>).<\/p>\n\n\n\n<p><strong><em>Fonte: <a href=\"https:\/\/olhardigital.com.br\/2022\/11\/28\/medicina-e-saude\/temperos-podem-proteger-contra-alzheimer-e-parkinson-especialista-explica-como\/amp\/\">Olhar Digital<\/a><\/em><\/strong><\/p>\n","protected":false},"excerpt":{"rendered":"<p>Embora n\u00e3o seja uma novidade, estudos confirmaram benef\u00edcios medicinais de duas plantas em especial N\u00e3o \u00e9 novidade que as ervas s\u00e3o tradicionalmente usadas como especiarias na culin\u00e1ria e que, muitas, possuem diversos benef\u00edcios medicinais. Contudo, dois estudos publicados no Journal of Traditional and Complementary Medicine\u00a0e no\u00a0National Center for Biotechnology Information refor\u00e7aram a a\u00e7\u00e3o de prote\u00e7\u00e3o [&hellip;]<\/p>\n","protected":false},"author":2,"featured_media":36582,"comment_status":"open","ping_status":"open","sticky":false,"template":"","format":"standard","meta":{"footnotes":""},"categories":[11],"tags":[2501,2279,14099,714,3709,4679],"class_list":["post-36579","post","type-post","status-publish","format-standard","has-post-thumbnail","hentry","category-saude","tag-alzheimer","tag-ansiedade","tag-doenca-neurodegenerativa","tag-estudo","tag-parkinson","tag-tempero"],"yoast_head":"<!-- This site is optimized with the Yoast SEO plugin v26.5 - https:\/\/yoast.com\/wordpress\/plugins\/seo\/ -->\n<title>Temperos podem proteger contra Alzheimer e Parkinson; especialista explica como - Jornal Fatos e Not\u00edcias<\/title>\n<meta name=\"robots\" content=\"index, follow, max-snippet:-1, max-image-preview:large, max-video-preview:-1\" \/>\n<link rel=\"canonical\" href=\"https:\/\/jornalfatosenoticias.com.br\/index.php\/2022\/12\/05\/temperos-podem-proteger-contra-alzheimer-e-parkinson-especialista-explica-como\/\" \/>\n<meta property=\"og:locale\" content=\"pt_BR\" \/>\n<meta property=\"og:type\" content=\"article\" \/>\n<meta property=\"og:title\" content=\"Temperos podem proteger contra Alzheimer e Parkinson; especialista explica como - Jornal Fatos e Not\u00edcias\" \/>\n<meta property=\"og:description\" content=\"Embora n\u00e3o seja uma novidade, estudos confirmaram benef\u00edcios medicinais de duas plantas em especial N\u00e3o \u00e9 novidade que as ervas s\u00e3o tradicionalmente usadas como especiarias na culin\u00e1ria e que, muitas, possuem diversos benef\u00edcios medicinais. Contudo, dois estudos publicados no Journal of Traditional and Complementary Medicine\u00a0e no\u00a0National Center for Biotechnology Information refor\u00e7aram a a\u00e7\u00e3o de prote\u00e7\u00e3o [&hellip;]\" \/>\n<meta property=\"og:url\" content=\"https:\/\/jornalfatosenoticias.com.br\/index.php\/2022\/12\/05\/temperos-podem-proteger-contra-alzheimer-e-parkinson-especialista-explica-como\/\" \/>\n<meta property=\"og:site_name\" content=\"Jornal Fatos e Not\u00edcias\" \/>\n<meta property=\"article:published_time\" content=\"2022-12-05T16:16:41+00:00\" \/>\n<meta property=\"article:modified_time\" content=\"2022-12-05T16:16:43+00:00\" \/>\n<meta property=\"og:image\" content=\"https:\/\/jornalfatosenoticias.com.br\/wp-content\/uploads\/2022\/12\/tempero.jpg\" \/>\n\t<meta property=\"og:image:width\" content=\"1000\" \/>\n\t<meta property=\"og:image:height\" content=\"666\" \/>\n\t<meta property=\"og:image:type\" content=\"image\/jpeg\" \/>\n<meta name=\"author\" content=\"Luzimara Fernandes\" \/>\n<meta name=\"twitter:card\" content=\"summary_large_image\" \/>\n<meta name=\"twitter:label1\" content=\"Escrito por\" \/>\n\t<meta name=\"twitter:data1\" content=\"Luzimara Fernandes\" \/>\n\t<meta name=\"twitter:label2\" content=\"Est. tempo de leitura\" \/>\n\t<meta name=\"twitter:data2\" content=\"4 minutos\" \/>\n<script type=\"application\/ld+json\" class=\"yoast-schema-graph\">{\"@context\":\"https:\/\/schema.org\",\"@graph\":[{\"@type\":\"Article\",\"@id\":\"https:\/\/jornalfatosenoticias.com.br\/index.php\/2022\/12\/05\/temperos-podem-proteger-contra-alzheimer-e-parkinson-especialista-explica-como\/#article\",\"isPartOf\":{\"@id\":\"https:\/\/jornalfatosenoticias.com.br\/index.php\/2022\/12\/05\/temperos-podem-proteger-contra-alzheimer-e-parkinson-especialista-explica-como\/\"},\"author\":{\"name\":\"Luzimara Fernandes\",\"@id\":\"https:\/\/jornalfatosenoticias.com.br\/#\/schema\/person\/d63837fa13ac8666eb9e74e0985d6f81\"},\"headline\":\"Temperos podem proteger contra Alzheimer e Parkinson; especialista explica como\",\"datePublished\":\"2022-12-05T16:16:41+00:00\",\"dateModified\":\"2022-12-05T16:16:43+00:00\",\"mainEntityOfPage\":{\"@id\":\"https:\/\/jornalfatosenoticias.com.br\/index.php\/2022\/12\/05\/temperos-podem-proteger-contra-alzheimer-e-parkinson-especialista-explica-como\/\"},\"wordCount\":848,\"commentCount\":0,\"publisher\":{\"@id\":\"https:\/\/jornalfatosenoticias.com.br\/#organization\"},\"image\":{\"@id\":\"https:\/\/jornalfatosenoticias.com.br\/index.php\/2022\/12\/05\/temperos-podem-proteger-contra-alzheimer-e-parkinson-especialista-explica-como\/#primaryimage\"},\"thumbnailUrl\":\"https:\/\/jornalfatosenoticias.com.br\/wp-content\/uploads\/2022\/12\/tempero.jpg\",\"keywords\":[\"Alzheimer\",\"ansiedade\",\"doen\u00e7a neurodegenerativa\",\"Estudo\",\"Parkinson\",\"tempero\"],\"articleSection\":[\"Sa\u00fade\"],\"inLanguage\":\"pt-BR\",\"potentialAction\":[{\"@type\":\"CommentAction\",\"name\":\"Comment\",\"target\":[\"https:\/\/jornalfatosenoticias.com.br\/index.php\/2022\/12\/05\/temperos-podem-proteger-contra-alzheimer-e-parkinson-especialista-explica-como\/#respond\"]}]},{\"@type\":\"WebPage\",\"@id\":\"https:\/\/jornalfatosenoticias.com.br\/index.php\/2022\/12\/05\/temperos-podem-proteger-contra-alzheimer-e-parkinson-especialista-explica-como\/\",\"url\":\"https:\/\/jornalfatosenoticias.com.br\/index.php\/2022\/12\/05\/temperos-podem-proteger-contra-alzheimer-e-parkinson-especialista-explica-como\/\",\"name\":\"Temperos podem proteger contra Alzheimer e Parkinson; especialista explica como - Jornal Fatos e Not\u00edcias\",\"isPartOf\":{\"@id\":\"https:\/\/jornalfatosenoticias.com.br\/#website\"},\"primaryImageOfPage\":{\"@id\":\"https:\/\/jornalfatosenoticias.com.br\/index.php\/2022\/12\/05\/temperos-podem-proteger-contra-alzheimer-e-parkinson-especialista-explica-como\/#primaryimage\"},\"image\":{\"@id\":\"https:\/\/jornalfatosenoticias.com.br\/index.php\/2022\/12\/05\/temperos-podem-proteger-contra-alzheimer-e-parkinson-especialista-explica-como\/#primaryimage\"},\"thumbnailUrl\":\"https:\/\/jornalfatosenoticias.com.br\/wp-content\/uploads\/2022\/12\/tempero.jpg\",\"datePublished\":\"2022-12-05T16:16:41+00:00\",\"dateModified\":\"2022-12-05T16:16:43+00:00\",\"breadcrumb\":{\"@id\":\"https:\/\/jornalfatosenoticias.com.br\/index.php\/2022\/12\/05\/temperos-podem-proteger-contra-alzheimer-e-parkinson-especialista-explica-como\/#breadcrumb\"},\"inLanguage\":\"pt-BR\",\"potentialAction\":[{\"@type\":\"ReadAction\",\"target\":[\"https:\/\/jornalfatosenoticias.com.br\/index.php\/2022\/12\/05\/temperos-podem-proteger-contra-alzheimer-e-parkinson-especialista-explica-como\/\"]}]},{\"@type\":\"ImageObject\",\"inLanguage\":\"pt-BR\",\"@id\":\"https:\/\/jornalfatosenoticias.com.br\/index.php\/2022\/12\/05\/temperos-podem-proteger-contra-alzheimer-e-parkinson-especialista-explica-como\/#primaryimage\",\"url\":\"https:\/\/jornalfatosenoticias.com.br\/wp-content\/uploads\/2022\/12\/tempero.jpg\",\"contentUrl\":\"https:\/\/jornalfatosenoticias.com.br\/wp-content\/uploads\/2022\/12\/tempero.jpg\",\"width\":1000,\"height\":666},{\"@type\":\"BreadcrumbList\",\"@id\":\"https:\/\/jornalfatosenoticias.com.br\/index.php\/2022\/12\/05\/temperos-podem-proteger-contra-alzheimer-e-parkinson-especialista-explica-como\/#breadcrumb\",\"itemListElement\":[{\"@type\":\"ListItem\",\"position\":1,\"name\":\"In\u00edcio\",\"item\":\"https:\/\/jornalfatosenoticias.com.br\/\"},{\"@type\":\"ListItem\",\"position\":2,\"name\":\"Temperos podem proteger contra Alzheimer e Parkinson; especialista explica como\"}]},{\"@type\":\"WebSite\",\"@id\":\"https:\/\/jornalfatosenoticias.com.br\/#website\",\"url\":\"https:\/\/jornalfatosenoticias.com.br\/\",\"name\":\"Jornal Fatos e Not\u00edcias\",\"description\":\"Not\u00edcias em geral\",\"publisher\":{\"@id\":\"https:\/\/jornalfatosenoticias.com.br\/#organization\"},\"potentialAction\":[{\"@type\":\"SearchAction\",\"target\":{\"@type\":\"EntryPoint\",\"urlTemplate\":\"https:\/\/jornalfatosenoticias.com.br\/?s={search_term_string}\"},\"query-input\":{\"@type\":\"PropertyValueSpecification\",\"valueRequired\":true,\"valueName\":\"search_term_string\"}}],\"inLanguage\":\"pt-BR\"},{\"@type\":\"Organization\",\"@id\":\"https:\/\/jornalfatosenoticias.com.br\/#organization\",\"name\":\"Jornal Fatos e Not\u00edcias\",\"url\":\"https:\/\/jornalfatosenoticias.com.br\/\",\"logo\":{\"@type\":\"ImageObject\",\"inLanguage\":\"pt-BR\",\"@id\":\"https:\/\/jornalfatosenoticias.com.br\/#\/schema\/logo\/image\/\",\"url\":\"https:\/\/jornalfatosenoticias.com.br\/wp-content\/uploads\/2020\/02\/logo120.png\",\"contentUrl\":\"https:\/\/jornalfatosenoticias.com.br\/wp-content\/uploads\/2020\/02\/logo120.png\",\"width\":1227,\"height\":120,\"caption\":\"Jornal Fatos e Not\u00edcias\"},\"image\":{\"@id\":\"https:\/\/jornalfatosenoticias.com.br\/#\/schema\/logo\/image\/\"}},{\"@type\":\"Person\",\"@id\":\"https:\/\/jornalfatosenoticias.com.br\/#\/schema\/person\/d63837fa13ac8666eb9e74e0985d6f81\",\"name\":\"Luzimara Fernandes\",\"image\":{\"@type\":\"ImageObject\",\"inLanguage\":\"pt-BR\",\"@id\":\"https:\/\/jornalfatosenoticias.com.br\/#\/schema\/person\/image\/\",\"url\":\"https:\/\/jornalfatosenoticias.com.br\/wp-content\/uploads\/2025\/05\/EU_portal.jpg\",\"contentUrl\":\"https:\/\/jornalfatosenoticias.com.br\/wp-content\/uploads\/2025\/05\/EU_portal.jpg\",\"caption\":\"Luzimara Fernandes\"},\"description\":\"Jornalista MTB 2358-ES\",\"sameAs\":[\"https:\/\/jornalfatosenoticias.com.br\"],\"url\":\"https:\/\/jornalfatosenoticias.com.br\/index.php\/author\/luzimara\/\"}]}<\/script>\n<!-- \/ Yoast SEO plugin. -->","yoast_head_json":{"title":"Temperos podem proteger contra Alzheimer e Parkinson; especialista explica como - Jornal Fatos e Not\u00edcias","robots":{"index":"index","follow":"follow","max-snippet":"max-snippet:-1","max-image-preview":"max-image-preview:large","max-video-preview":"max-video-preview:-1"},"canonical":"https:\/\/jornalfatosenoticias.com.br\/index.php\/2022\/12\/05\/temperos-podem-proteger-contra-alzheimer-e-parkinson-especialista-explica-como\/","og_locale":"pt_BR","og_type":"article","og_title":"Temperos podem proteger contra Alzheimer e Parkinson; especialista explica como - Jornal Fatos e Not\u00edcias","og_description":"Embora n\u00e3o seja uma novidade, estudos confirmaram benef\u00edcios medicinais de duas plantas em especial N\u00e3o \u00e9 novidade que as ervas s\u00e3o tradicionalmente usadas como especiarias na culin\u00e1ria e que, muitas, possuem diversos benef\u00edcios medicinais. Contudo, dois estudos publicados no Journal of Traditional and Complementary Medicine\u00a0e no\u00a0National Center for Biotechnology Information refor\u00e7aram a a\u00e7\u00e3o de prote\u00e7\u00e3o [&hellip;]","og_url":"https:\/\/jornalfatosenoticias.com.br\/index.php\/2022\/12\/05\/temperos-podem-proteger-contra-alzheimer-e-parkinson-especialista-explica-como\/","og_site_name":"Jornal Fatos e Not\u00edcias","article_published_time":"2022-12-05T16:16:41+00:00","article_modified_time":"2022-12-05T16:16:43+00:00","og_image":[{"width":1000,"height":666,"url":"https:\/\/jornalfatosenoticias.com.br\/wp-content\/uploads\/2022\/12\/tempero.jpg","type":"image\/jpeg"}],"author":"Luzimara Fernandes","twitter_card":"summary_large_image","twitter_misc":{"Escrito por":"Luzimara Fernandes","Est. tempo de leitura":"4 minutos"},"schema":{"@context":"https:\/\/schema.org","@graph":[{"@type":"Article","@id":"https:\/\/jornalfatosenoticias.com.br\/index.php\/2022\/12\/05\/temperos-podem-proteger-contra-alzheimer-e-parkinson-especialista-explica-como\/#article","isPartOf":{"@id":"https:\/\/jornalfatosenoticias.com.br\/index.php\/2022\/12\/05\/temperos-podem-proteger-contra-alzheimer-e-parkinson-especialista-explica-como\/"},"author":{"name":"Luzimara Fernandes","@id":"https:\/\/jornalfatosenoticias.com.br\/#\/schema\/person\/d63837fa13ac8666eb9e74e0985d6f81"},"headline":"Temperos podem proteger contra Alzheimer e Parkinson; especialista explica como","datePublished":"2022-12-05T16:16:41+00:00","dateModified":"2022-12-05T16:16:43+00:00","mainEntityOfPage":{"@id":"https:\/\/jornalfatosenoticias.com.br\/index.php\/2022\/12\/05\/temperos-podem-proteger-contra-alzheimer-e-parkinson-especialista-explica-como\/"},"wordCount":848,"commentCount":0,"publisher":{"@id":"https:\/\/jornalfatosenoticias.com.br\/#organization"},"image":{"@id":"https:\/\/jornalfatosenoticias.com.br\/index.php\/2022\/12\/05\/temperos-podem-proteger-contra-alzheimer-e-parkinson-especialista-explica-como\/#primaryimage"},"thumbnailUrl":"https:\/\/jornalfatosenoticias.com.br\/wp-content\/uploads\/2022\/12\/tempero.jpg","keywords":["Alzheimer","ansiedade","doen\u00e7a neurodegenerativa","Estudo","Parkinson","tempero"],"articleSection":["Sa\u00fade"],"inLanguage":"pt-BR","potentialAction":[{"@type":"CommentAction","name":"Comment","target":["https:\/\/jornalfatosenoticias.com.br\/index.php\/2022\/12\/05\/temperos-podem-proteger-contra-alzheimer-e-parkinson-especialista-explica-como\/#respond"]}]},{"@type":"WebPage","@id":"https:\/\/jornalfatosenoticias.com.br\/index.php\/2022\/12\/05\/temperos-podem-proteger-contra-alzheimer-e-parkinson-especialista-explica-como\/","url":"https:\/\/jornalfatosenoticias.com.br\/index.php\/2022\/12\/05\/temperos-podem-proteger-contra-alzheimer-e-parkinson-especialista-explica-como\/","name":"Temperos podem proteger contra Alzheimer e Parkinson; especialista explica como - Jornal Fatos e Not\u00edcias","isPartOf":{"@id":"https:\/\/jornalfatosenoticias.com.br\/#website"},"primaryImageOfPage":{"@id":"https:\/\/jornalfatosenoticias.com.br\/index.php\/2022\/12\/05\/temperos-podem-proteger-contra-alzheimer-e-parkinson-especialista-explica-como\/#primaryimage"},"image":{"@id":"https:\/\/jornalfatosenoticias.com.br\/index.php\/2022\/12\/05\/temperos-podem-proteger-contra-alzheimer-e-parkinson-especialista-explica-como\/#primaryimage"},"thumbnailUrl":"https:\/\/jornalfatosenoticias.com.br\/wp-content\/uploads\/2022\/12\/tempero.jpg","datePublished":"2022-12-05T16:16:41+00:00","dateModified":"2022-12-05T16:16:43+00:00","breadcrumb":{"@id":"https:\/\/jornalfatosenoticias.com.br\/index.php\/2022\/12\/05\/temperos-podem-proteger-contra-alzheimer-e-parkinson-especialista-explica-como\/#breadcrumb"},"inLanguage":"pt-BR","potentialAction":[{"@type":"ReadAction","target":["https:\/\/jornalfatosenoticias.com.br\/index.php\/2022\/12\/05\/temperos-podem-proteger-contra-alzheimer-e-parkinson-especialista-explica-como\/"]}]},{"@type":"ImageObject","inLanguage":"pt-BR","@id":"https:\/\/jornalfatosenoticias.com.br\/index.php\/2022\/12\/05\/temperos-podem-proteger-contra-alzheimer-e-parkinson-especialista-explica-como\/#primaryimage","url":"https:\/\/jornalfatosenoticias.com.br\/wp-content\/uploads\/2022\/12\/tempero.jpg","contentUrl":"https:\/\/jornalfatosenoticias.com.br\/wp-content\/uploads\/2022\/12\/tempero.jpg","width":1000,"height":666},{"@type":"BreadcrumbList","@id":"https:\/\/jornalfatosenoticias.com.br\/index.php\/2022\/12\/05\/temperos-podem-proteger-contra-alzheimer-e-parkinson-especialista-explica-como\/#breadcrumb","itemListElement":[{"@type":"ListItem","position":1,"name":"In\u00edcio","item":"https:\/\/jornalfatosenoticias.com.br\/"},{"@type":"ListItem","position":2,"name":"Temperos podem proteger contra Alzheimer e Parkinson; especialista explica como"}]},{"@type":"WebSite","@id":"https:\/\/jornalfatosenoticias.com.br\/#website","url":"https:\/\/jornalfatosenoticias.com.br\/","name":"Jornal Fatos e Not\u00edcias","description":"Not\u00edcias em geral","publisher":{"@id":"https:\/\/jornalfatosenoticias.com.br\/#organization"},"potentialAction":[{"@type":"SearchAction","target":{"@type":"EntryPoint","urlTemplate":"https:\/\/jornalfatosenoticias.com.br\/?s={search_term_string}"},"query-input":{"@type":"PropertyValueSpecification","valueRequired":true,"valueName":"search_term_string"}}],"inLanguage":"pt-BR"},{"@type":"Organization","@id":"https:\/\/jornalfatosenoticias.com.br\/#organization","name":"Jornal Fatos e Not\u00edcias","url":"https:\/\/jornalfatosenoticias.com.br\/","logo":{"@type":"ImageObject","inLanguage":"pt-BR","@id":"https:\/\/jornalfatosenoticias.com.br\/#\/schema\/logo\/image\/","url":"https:\/\/jornalfatosenoticias.com.br\/wp-content\/uploads\/2020\/02\/logo120.png","contentUrl":"https:\/\/jornalfatosenoticias.com.br\/wp-content\/uploads\/2020\/02\/logo120.png","width":1227,"height":120,"caption":"Jornal Fatos e Not\u00edcias"},"image":{"@id":"https:\/\/jornalfatosenoticias.com.br\/#\/schema\/logo\/image\/"}},{"@type":"Person","@id":"https:\/\/jornalfatosenoticias.com.br\/#\/schema\/person\/d63837fa13ac8666eb9e74e0985d6f81","name":"Luzimara Fernandes","image":{"@type":"ImageObject","inLanguage":"pt-BR","@id":"https:\/\/jornalfatosenoticias.com.br\/#\/schema\/person\/image\/","url":"https:\/\/jornalfatosenoticias.com.br\/wp-content\/uploads\/2025\/05\/EU_portal.jpg","contentUrl":"https:\/\/jornalfatosenoticias.com.br\/wp-content\/uploads\/2025\/05\/EU_portal.jpg","caption":"Luzimara Fernandes"},"description":"Jornalista MTB 2358-ES","sameAs":["https:\/\/jornalfatosenoticias.com.br"],"url":"https:\/\/jornalfatosenoticias.com.br\/index.php\/author\/luzimara\/"}]}},"cc_featured_image_caption":{"caption_text":"(Foto: Shutterstock\/VasiliyBudarin) ","source_text":"","source_url":""},"jetpack_featured_media_url":"https:\/\/jornalfatosenoticias.com.br\/wp-content\/uploads\/2022\/12\/tempero.jpg","_links":{"self":[{"href":"https:\/\/jornalfatosenoticias.com.br\/index.php\/wp-json\/wp\/v2\/posts\/36579","targetHints":{"allow":["GET"]}}],"collection":[{"href":"https:\/\/jornalfatosenoticias.com.br\/index.php\/wp-json\/wp\/v2\/posts"}],"about":[{"href":"https:\/\/jornalfatosenoticias.com.br\/index.php\/wp-json\/wp\/v2\/types\/post"}],"author":[{"embeddable":true,"href":"https:\/\/jornalfatosenoticias.com.br\/index.php\/wp-json\/wp\/v2\/users\/2"}],"replies":[{"embeddable":true,"href":"https:\/\/jornalfatosenoticias.com.br\/index.php\/wp-json\/wp\/v2\/comments?post=36579"}],"version-history":[{"count":0,"href":"https:\/\/jornalfatosenoticias.com.br\/index.php\/wp-json\/wp\/v2\/posts\/36579\/revisions"}],"wp:featuredmedia":[{"embeddable":true,"href":"https:\/\/jornalfatosenoticias.com.br\/index.php\/wp-json\/wp\/v2\/media\/36582"}],"wp:attachment":[{"href":"https:\/\/jornalfatosenoticias.com.br\/index.php\/wp-json\/wp\/v2\/media?parent=36579"}],"wp:term":[{"taxonomy":"category","embeddable":true,"href":"https:\/\/jornalfatosenoticias.com.br\/index.php\/wp-json\/wp\/v2\/categories?post=36579"},{"taxonomy":"post_tag","embeddable":true,"href":"https:\/\/jornalfatosenoticias.com.br\/index.php\/wp-json\/wp\/v2\/tags?post=36579"}],"curies":[{"name":"wp","href":"https:\/\/api.w.org\/{rel}","templated":true}]}}