{"id":36584,"date":"2022-12-05T13:45:55","date_gmt":"2022-12-05T16:45:55","guid":{"rendered":"https:\/\/jornalfatosenoticias.com.br\/?p=36584"},"modified":"2022-12-05T13:45:58","modified_gmt":"2022-12-05T16:45:58","slug":"xixi-na-cama-escape-durante-a-infancia-pode-nao-ser-preguica-conheca-as-causas","status":"publish","type":"post","link":"https:\/\/jornalfatosenoticias.com.br\/index.php\/2022\/12\/05\/xixi-na-cama-escape-durante-a-infancia-pode-nao-ser-preguica-conheca-as-causas\/","title":{"rendered":"Xixi na cama: escape durante a inf\u00e2ncia pode n\u00e3o ser pregui\u00e7a; conhe\u00e7a as causas"},"content":{"rendered":"\n<p><em><span class=\"has-inline-color has-black-color\">Especialista explicou que, assim como em adultos e idosos, crian\u00e7as podem ter problema na musculatura p\u00e9lvica<\/span><\/em><\/p>\n\n\n\n<div class=\"wp-block-image\"><figure class=\"aligncenter size-large\"><img loading=\"lazy\" decoding=\"async\" width=\"560\" height=\"60\" src=\"https:\/\/jornalfatosenoticias.com.br\/wp-content\/uploads\/2022\/10\/Propaganda-RC-Radiadores-Jornal_page-0001.jpg\" alt=\"\" class=\"wp-image-35270\" srcset=\"https:\/\/jornalfatosenoticias.com.br\/wp-content\/uploads\/2022\/10\/Propaganda-RC-Radiadores-Jornal_page-0001.jpg 560w, https:\/\/jornalfatosenoticias.com.br\/wp-content\/uploads\/2022\/10\/Propaganda-RC-Radiadores-Jornal_page-0001-300x32.jpg 300w\" sizes=\"auto, (max-width: 560px) 100vw, 560px\" \/><\/figure><\/div>\n\n\n\n<p>Todo mundo conhece algu\u00e9m, ou j\u00e1 foi o protagonista, que fez (ou faz) \u201cxixi\u201d na cama ou na roupa por n\u00e3o conseguir segurar a urina. Entre adultos e <a href=\"https:\/\/olhardigital.com.br\/tag\/idosos\/\" target=\"_blank\" rel=\"noreferrer noopener\">idosos<\/a>, a situa\u00e7\u00e3o \u00e9 sempre tratada com seriedade, j\u00e1 que o caso configura uma poss\u00edvel incontin\u00eancia urin\u00e1ria. No entanto, o que pouca gente se atenta \u00e9 que, no caso de\u00a0<a href=\"https:\/\/olhardigital.com.br\/tag\/criancas\/\" target=\"_blank\" rel=\"noreferrer noopener\">crian\u00e7as<\/a>, o mesmo diagn\u00f3stico pode ser v\u00e1lido.<\/p>\n\n\n\n<div class=\"wp-block-image\"><figure class=\"aligncenter size-large\"><img decoding=\"async\" src=\"https:\/\/jornalfatosenoticias.com.br\/wp-content\/uploads\/2020\/02\/barao-das-carnes-300x164-1.jpg\" alt=\"\" class=\"wp-image-34339\"\/><\/figure><\/div>\n\n\n\n<p>At\u00e9 os cinco anos, a perda de urina \u00e9 considerada extremamente comum, principalmente a enurese \u2014 quando a crian\u00e7a faz \u201cxixi\u201d na cama \u2014 um dos problemas urin\u00e1rios mais comuns na inf\u00e2ncia. Isso porque at\u00e9 essa idade, as crian\u00e7as ainda n\u00e3o t\u00eam o controle da bexiga no per\u00edodo noturno.<\/p>\n\n\n\n<div class=\"wp-block-image\"><figure class=\"aligncenter size-large\"><img decoding=\"async\" src=\"https:\/\/jornalfatosenoticias.com.br\/wp-content\/uploads\/2020\/02\/Serra-Grande-1024x160.png\" alt=\"\" class=\"wp-image-7836\"\/><\/figure><\/div>\n\n\n\n<p>Ap\u00f3s os cinco anos, por\u00e9m, \u00e9 preciso que os pais fiquem alerta, pois a perda urin\u00e1ria n\u00e3o \u00e9 mais considerada normal. Segundo especialistas, cerca de 10% das crian\u00e7as e adolescentes, entre cinco e 17 anos, sofrem de incontin\u00eancia noturna, sendo mais comum entre os meninos. J\u00e1 a incontin\u00eancia diurna \u00e9 mais comum entre as meninas.<\/p>\n\n\n\n<div class=\"wp-block-image\"><figure class=\"aligncenter size-large is-resized\"><img loading=\"lazy\" decoding=\"async\" src=\"https:\/\/jornalfatosenoticias.com.br\/wp-content\/uploads\/2020\/02\/casa-do-torresmo_portal.jpg\" alt=\"\" class=\"wp-image-34472\" width=\"265\" height=\"265\" srcset=\"https:\/\/jornalfatosenoticias.com.br\/wp-content\/uploads\/2020\/02\/casa-do-torresmo_portal.jpg 300w, https:\/\/jornalfatosenoticias.com.br\/wp-content\/uploads\/2020\/02\/casa-do-torresmo_portal-150x150.jpg 150w\" sizes=\"auto, (max-width: 265px) 100vw, 265px\" \/><\/figure><\/div>\n\n\n\n<p>A incontin\u00eancia urin\u00e1ria \u00e9 a perda involunt\u00e1ria da urina pela uretra. Entre as poss\u00edveis causas para o problema est\u00e3o: infec\u00e7\u00e3o urin\u00e1ria ou vaginal, consequ\u00eancias de algumas cirurgias, constipa\u00e7\u00e3o intestinal, obstru\u00e7\u00e3o da uretra por aumento da pr\u00f3stata, les\u00f5es na coluna, efeito colateral de medicamento e fraqueza nos m\u00fasculos p\u00e9lvicos.<\/p>\n\n\n\n<div class=\"wp-block-image\"><figure class=\"aligncenter size-large\"><img loading=\"lazy\" decoding=\"async\" width=\"1024\" height=\"100\" src=\"https:\/\/jornalfatosenoticias.com.br\/wp-content\/uploads\/2022\/05\/NOVA-LOGO-CESCONETTO-1024x100.jpg\" alt=\"\" class=\"wp-image-30792\" srcset=\"https:\/\/jornalfatosenoticias.com.br\/wp-content\/uploads\/2022\/05\/NOVA-LOGO-CESCONETTO-1024x100.jpg 1024w, https:\/\/jornalfatosenoticias.com.br\/wp-content\/uploads\/2022\/05\/NOVA-LOGO-CESCONETTO-300x29.jpg 300w, https:\/\/jornalfatosenoticias.com.br\/wp-content\/uploads\/2022\/05\/NOVA-LOGO-CESCONETTO-768x75.jpg 768w, https:\/\/jornalfatosenoticias.com.br\/wp-content\/uploads\/2022\/05\/NOVA-LOGO-CESCONETTO.jpg 1280w\" sizes=\"auto, (max-width: 1024px) 100vw, 1024px\" \/><\/figure><\/div>\n\n\n\n<p>De acordo com a Sociedade Brasileira de Urologia (SBU), as mulheres s\u00e3o as mais atingidas pela doen\u00e7a (35%) frente a apenas 10% de homens. De acordo com Michele Braj\u00e3o, enfermeira estomaterapeuta e coordenadora da cl\u00ednica ConvaCare, j\u00e1 existem tratamentos promissores para incontin\u00eancia urin\u00e1ria em crian\u00e7as e adolescentes, principalmente quando a causa \u00e9 a fraqueza dos m\u00fasculos p\u00e9lvicos.<\/p>\n\n\n\n<div class=\"wp-block-image\"><figure class=\"aligncenter size-large is-resized\"><img loading=\"lazy\" decoding=\"async\" src=\"https:\/\/jornalfatosenoticias.com.br\/wp-content\/uploads\/2022\/07\/Logo-Grupo-SEI.jpg\" alt=\"\" class=\"wp-image-31973\" width=\"291\" height=\"153\" srcset=\"https:\/\/jornalfatosenoticias.com.br\/wp-content\/uploads\/2022\/07\/Logo-Grupo-SEI.jpg 713w, https:\/\/jornalfatosenoticias.com.br\/wp-content\/uploads\/2022\/07\/Logo-Grupo-SEI-300x158.jpg 300w\" sizes=\"auto, (max-width: 291px) 100vw, 291px\" \/><\/figure><\/div>\n\n\n\n<figure class=\"wp-block-pullquote\"><blockquote><p><span class=\"has-inline-color has-luminous-vivid-orange-color\">Para aprimorar o tratamento da incontin\u00eancia urin\u00e1ria em crian\u00e7as, h\u00e1 avalia\u00e7\u00e3o n\u00e3o invasiva e procedimentos avan\u00e7ados, al\u00e9m de treinamento vesical por biofeedback e estimula\u00e7\u00e3o el\u00e9trica que podem trazer grandes benef\u00edcios no controle da incontin\u00eancia\u201d, contou.<\/span><\/p><\/blockquote><\/figure>\n\n\n\n<div class=\"wp-block-image\"><figure class=\"alignleft size-large is-resized\"><img loading=\"lazy\" decoding=\"async\" src=\"https:\/\/jornalfatosenoticias.com.br\/wp-content\/uploads\/2020\/02\/nova-logo-Marquetti.jpg\" alt=\"\" class=\"wp-image-22331\" width=\"307\" height=\"206\" srcset=\"https:\/\/jornalfatosenoticias.com.br\/wp-content\/uploads\/2020\/02\/nova-logo-Marquetti.jpg 643w, https:\/\/jornalfatosenoticias.com.br\/wp-content\/uploads\/2020\/02\/nova-logo-Marquetti-300x202.jpg 300w\" sizes=\"auto, (max-width: 307px) 100vw, 307px\" \/><\/figure><\/div>\n\n\n\n<p>O novo tratamento que faz a reabilita\u00e7\u00e3o das crian\u00e7as e adolescentes traz de volta a autoestima deles e reduz os problemas emocionais, visto que, a maioria dos jovens que sofrem de incontin\u00eancia se isolam socialmente por vergonha. O m\u00e9todo visa estimular, por meio de exerc\u00edcios, uma adapta\u00e7\u00e3o e o treinamento do m\u00fasculo p\u00e9lvico, sendo que, o tempo para que esse problema seja solucionado \u00e9 menor do que o comum.<\/p>\n\n\n\n<p><strong><span class=\"has-inline-color has-vivid-red-color\">Causas da incontin\u00eancia na inf\u00e2ncia<br><\/span><\/strong>Segundo os especialistas s\u00e3o diversos os fatores que podem ocasionar a incontin\u00eancia urin\u00e1ria nas crian\u00e7as. Dente eles est\u00e3o:<\/p>\n\n\n\n<div class=\"wp-block-image\"><figure class=\"aligncenter size-large\"><img loading=\"lazy\" decoding=\"async\" width=\"1024\" height=\"100\" src=\"https:\/\/jornalfatosenoticias.com.br\/wp-content\/uploads\/2020\/02\/banner_ferramentas-1024x100.jpg\" alt=\"\" class=\"wp-image-1258\" srcset=\"https:\/\/jornalfatosenoticias.com.br\/wp-content\/uploads\/2020\/02\/banner_ferramentas-1024x100.jpg 1024w, https:\/\/jornalfatosenoticias.com.br\/wp-content\/uploads\/2020\/02\/banner_ferramentas-300x29.jpg 300w, https:\/\/jornalfatosenoticias.com.br\/wp-content\/uploads\/2020\/02\/banner_ferramentas-768x75.jpg 768w, https:\/\/jornalfatosenoticias.com.br\/wp-content\/uploads\/2020\/02\/banner_ferramentas.jpg 1227w\" sizes=\"auto, (max-width: 1024px) 100vw, 1024px\" \/><\/figure><\/div>\n\n\n\n<ul class=\"wp-block-list\"><li>Condi\u00e7\u00f5es morfol\u00f3gicas das vias urin\u00e1rias, fatores gen\u00e9ticos, hormonais e emocionais.<\/li><li>Hist\u00f3rico familiar: uma crian\u00e7a tem 50% de risco de apresentar o problema, caso um dos pais tenha tido enurese noturna na inf\u00e2ncia. E se o pai ou a m\u00e3e enfrentou o problema quando tinha mais de cinco anos, o risco de o filho ter tamb\u00e9m nessa idade sobe para 75%;<\/li><li>Fator emocional: as mudan\u00e7as impactantes na fam\u00edlia, como o nascimento de um irm\u00e3o, a separa\u00e7\u00e3o dos pais ou a morte de um parente pr\u00f3ximo;<\/li><li>Quest\u00f5es comportamentais: crian\u00e7as que bebem muito l\u00edquido antes de dormir ou dormem em hor\u00e1rios irregulares.<\/li><li>Imaturidade do sistema nervoso central ou consequ\u00eancia de algum fator externo: diabetes, transtorno de d\u00e9ficit de aten\u00e7\u00e3o, hiperatividade ou aumento da excre\u00e7\u00e3o de c\u00e1lcio na urina.<\/li><\/ul>\n\n\n\n<div class=\"wp-block-image\"><figure class=\"aligncenter size-large\"><img decoding=\"async\" src=\"https:\/\/jornalfatosenoticias.com.br\/wp-content\/uploads\/2020\/02\/logo_esteio.jpg\" alt=\"\" class=\"wp-image-1214\"\/><\/figure><\/div>\n\n\n\n<p><strong><span class=\"has-inline-color has-vivid-red-color\">Os sintomas<br><\/span><\/strong>As crian\u00e7as podem apresentar alguns sintomas da incontin\u00eancia urin\u00e1ria, sejam eles noturnos ou diurnos, como:<\/p>\n\n\n\n<ul class=\"wp-block-list\"><li>A enurese noturna \u00e9 o sintoma mais comum nas crian\u00e7as que sofrem de incontin\u00eancia. Esses casos acontecem com bastante frequ\u00eancia, sendo algo que pode ser natural at\u00e9 os cinco anos porque a crian\u00e7a ainda est\u00e1 se adaptando no controle da urina, mas, ap\u00f3s essa idade, j\u00e1 \u00e9 necess\u00e1rio investigar a causa.<\/li><li>A incontin\u00eancia diurna pode ocasionar a urg\u00eancia para urinar, a posterga\u00e7\u00e3o da mic\u00e7\u00e3o e tamb\u00e9m pequenos escapes durante o dia.<\/li><\/ul>\n\n\n\n<div class=\"wp-block-image\"><figure class=\"aligncenter size-large\"><img loading=\"lazy\" decoding=\"async\" width=\"1024\" height=\"103\" src=\"https:\/\/jornalfatosenoticias.com.br\/wp-content\/uploads\/2022\/02\/Arte-Autoescola-Galatas_endereco_portal-1024x103.png\" alt=\"\" class=\"wp-image-27869\" srcset=\"https:\/\/jornalfatosenoticias.com.br\/wp-content\/uploads\/2022\/02\/Arte-Autoescola-Galatas_endereco_portal-1024x103.png 1024w, https:\/\/jornalfatosenoticias.com.br\/wp-content\/uploads\/2022\/02\/Arte-Autoescola-Galatas_endereco_portal-300x30.png 300w, https:\/\/jornalfatosenoticias.com.br\/wp-content\/uploads\/2022\/02\/Arte-Autoescola-Galatas_endereco_portal-768x77.png 768w, https:\/\/jornalfatosenoticias.com.br\/wp-content\/uploads\/2022\/02\/Arte-Autoescola-Galatas_endereco_portal.png 1223w\" sizes=\"auto, (max-width: 1024px) 100vw, 1024px\" \/><\/figure><\/div>\n\n\n\n<p><strong><em>Fonte: <a href=\"https:\/\/olhardigital.com.br\/2022\/11\/30\/medicina-e-saude\/xixi-na-cama-escape-durante-a-infancia-pode-nao-ser-preguica-conheca-as-causas\/amp\/\">Olhar Digital<\/a><\/em><\/strong><\/p>\n","protected":false},"excerpt":{"rendered":"<p>Especialista explicou que, assim como em adultos e idosos, crian\u00e7as podem ter problema na musculatura p\u00e9lvica Todo mundo conhece algu\u00e9m, ou j\u00e1 foi o protagonista, que fez (ou faz) \u201cxixi\u201d na cama ou na roupa por n\u00e3o conseguir segurar a urina. Entre adultos e idosos, a situa\u00e7\u00e3o \u00e9 sempre tratada com seriedade, j\u00e1 que o [&hellip;]<\/p>\n","protected":false},"author":2,"featured_media":36585,"comment_status":"open","ping_status":"open","sticky":false,"template":"","format":"standard","meta":{"footnotes":""},"categories":[2522],"tags":[670,13704,2607,17172,8666,17171],"class_list":["post-36584","post","type-post","status-publish","format-standard","has-post-thumbnail","hentry","category-comportamento","tag-criancas","tag-incontinencia-urinaria","tag-infancia","tag-preguica","tag-xixi","tag-xixi-na-cama"],"yoast_head":"<!-- This site is optimized with the Yoast SEO plugin v26.5 - https:\/\/yoast.com\/wordpress\/plugins\/seo\/ -->\n<title>Xixi na cama: escape durante a inf\u00e2ncia pode n\u00e3o ser pregui\u00e7a; conhe\u00e7a as causas - Jornal Fatos e Not\u00edcias<\/title>\n<meta name=\"robots\" content=\"index, follow, max-snippet:-1, max-image-preview:large, max-video-preview:-1\" \/>\n<link rel=\"canonical\" href=\"https:\/\/jornalfatosenoticias.com.br\/index.php\/2022\/12\/05\/xixi-na-cama-escape-durante-a-infancia-pode-nao-ser-preguica-conheca-as-causas\/\" \/>\n<meta property=\"og:locale\" content=\"pt_BR\" \/>\n<meta property=\"og:type\" content=\"article\" \/>\n<meta property=\"og:title\" content=\"Xixi na cama: escape durante a inf\u00e2ncia pode n\u00e3o ser pregui\u00e7a; conhe\u00e7a as causas - Jornal Fatos e Not\u00edcias\" \/>\n<meta property=\"og:description\" content=\"Especialista explicou que, assim como em adultos e idosos, crian\u00e7as podem ter problema na musculatura p\u00e9lvica Todo mundo conhece algu\u00e9m, ou j\u00e1 foi o protagonista, que fez (ou faz) \u201cxixi\u201d na cama ou na roupa por n\u00e3o conseguir segurar a urina. Entre adultos e idosos, a situa\u00e7\u00e3o \u00e9 sempre tratada com seriedade, j\u00e1 que o [&hellip;]\" \/>\n<meta property=\"og:url\" content=\"https:\/\/jornalfatosenoticias.com.br\/index.php\/2022\/12\/05\/xixi-na-cama-escape-durante-a-infancia-pode-nao-ser-preguica-conheca-as-causas\/\" \/>\n<meta property=\"og:site_name\" content=\"Jornal Fatos e Not\u00edcias\" \/>\n<meta property=\"article:published_time\" content=\"2022-12-05T16:45:55+00:00\" \/>\n<meta property=\"article:modified_time\" content=\"2022-12-05T16:45:58+00:00\" \/>\n<meta property=\"og:image\" content=\"https:\/\/jornalfatosenoticias.com.br\/wp-content\/uploads\/2022\/12\/incontinencia-urinaria-infantil.jpg\" \/>\n\t<meta property=\"og:image:width\" content=\"1000\" \/>\n\t<meta property=\"og:image:height\" content=\"666\" \/>\n\t<meta property=\"og:image:type\" content=\"image\/jpeg\" \/>\n<meta name=\"author\" content=\"Luzimara Fernandes\" \/>\n<meta name=\"twitter:card\" content=\"summary_large_image\" \/>\n<meta name=\"twitter:label1\" content=\"Escrito por\" \/>\n\t<meta name=\"twitter:data1\" content=\"Luzimara Fernandes\" \/>\n\t<meta name=\"twitter:label2\" content=\"Est. tempo de leitura\" \/>\n\t<meta name=\"twitter:data2\" content=\"4 minutos\" \/>\n<script type=\"application\/ld+json\" class=\"yoast-schema-graph\">{\"@context\":\"https:\/\/schema.org\",\"@graph\":[{\"@type\":\"Article\",\"@id\":\"https:\/\/jornalfatosenoticias.com.br\/index.php\/2022\/12\/05\/xixi-na-cama-escape-durante-a-infancia-pode-nao-ser-preguica-conheca-as-causas\/#article\",\"isPartOf\":{\"@id\":\"https:\/\/jornalfatosenoticias.com.br\/index.php\/2022\/12\/05\/xixi-na-cama-escape-durante-a-infancia-pode-nao-ser-preguica-conheca-as-causas\/\"},\"author\":{\"name\":\"Luzimara Fernandes\",\"@id\":\"https:\/\/jornalfatosenoticias.com.br\/#\/schema\/person\/d63837fa13ac8666eb9e74e0985d6f81\"},\"headline\":\"Xixi na cama: escape durante a inf\u00e2ncia pode n\u00e3o ser pregui\u00e7a; conhe\u00e7a as causas\",\"datePublished\":\"2022-12-05T16:45:55+00:00\",\"dateModified\":\"2022-12-05T16:45:58+00:00\",\"mainEntityOfPage\":{\"@id\":\"https:\/\/jornalfatosenoticias.com.br\/index.php\/2022\/12\/05\/xixi-na-cama-escape-durante-a-infancia-pode-nao-ser-preguica-conheca-as-causas\/\"},\"wordCount\":743,\"commentCount\":0,\"publisher\":{\"@id\":\"https:\/\/jornalfatosenoticias.com.br\/#organization\"},\"image\":{\"@id\":\"https:\/\/jornalfatosenoticias.com.br\/index.php\/2022\/12\/05\/xixi-na-cama-escape-durante-a-infancia-pode-nao-ser-preguica-conheca-as-causas\/#primaryimage\"},\"thumbnailUrl\":\"https:\/\/jornalfatosenoticias.com.br\/wp-content\/uploads\/2022\/12\/incontinencia-urinaria-infantil.jpg\",\"keywords\":[\"crian\u00e7as\",\"incontin\u00eancia urin\u00e1ria\",\"inf\u00e2ncia\",\"pregui\u00e7a\",\"xixi\",\"xixi na cama\"],\"articleSection\":[\"Comportamento &amp; Equil\u00edbrio\"],\"inLanguage\":\"pt-BR\",\"potentialAction\":[{\"@type\":\"CommentAction\",\"name\":\"Comment\",\"target\":[\"https:\/\/jornalfatosenoticias.com.br\/index.php\/2022\/12\/05\/xixi-na-cama-escape-durante-a-infancia-pode-nao-ser-preguica-conheca-as-causas\/#respond\"]}]},{\"@type\":\"WebPage\",\"@id\":\"https:\/\/jornalfatosenoticias.com.br\/index.php\/2022\/12\/05\/xixi-na-cama-escape-durante-a-infancia-pode-nao-ser-preguica-conheca-as-causas\/\",\"url\":\"https:\/\/jornalfatosenoticias.com.br\/index.php\/2022\/12\/05\/xixi-na-cama-escape-durante-a-infancia-pode-nao-ser-preguica-conheca-as-causas\/\",\"name\":\"Xixi na cama: escape durante a inf\u00e2ncia pode n\u00e3o ser pregui\u00e7a; conhe\u00e7a as causas - Jornal Fatos e Not\u00edcias\",\"isPartOf\":{\"@id\":\"https:\/\/jornalfatosenoticias.com.br\/#website\"},\"primaryImageOfPage\":{\"@id\":\"https:\/\/jornalfatosenoticias.com.br\/index.php\/2022\/12\/05\/xixi-na-cama-escape-durante-a-infancia-pode-nao-ser-preguica-conheca-as-causas\/#primaryimage\"},\"image\":{\"@id\":\"https:\/\/jornalfatosenoticias.com.br\/index.php\/2022\/12\/05\/xixi-na-cama-escape-durante-a-infancia-pode-nao-ser-preguica-conheca-as-causas\/#primaryimage\"},\"thumbnailUrl\":\"https:\/\/jornalfatosenoticias.com.br\/wp-content\/uploads\/2022\/12\/incontinencia-urinaria-infantil.jpg\",\"datePublished\":\"2022-12-05T16:45:55+00:00\",\"dateModified\":\"2022-12-05T16:45:58+00:00\",\"breadcrumb\":{\"@id\":\"https:\/\/jornalfatosenoticias.com.br\/index.php\/2022\/12\/05\/xixi-na-cama-escape-durante-a-infancia-pode-nao-ser-preguica-conheca-as-causas\/#breadcrumb\"},\"inLanguage\":\"pt-BR\",\"potentialAction\":[{\"@type\":\"ReadAction\",\"target\":[\"https:\/\/jornalfatosenoticias.com.br\/index.php\/2022\/12\/05\/xixi-na-cama-escape-durante-a-infancia-pode-nao-ser-preguica-conheca-as-causas\/\"]}]},{\"@type\":\"ImageObject\",\"inLanguage\":\"pt-BR\",\"@id\":\"https:\/\/jornalfatosenoticias.com.br\/index.php\/2022\/12\/05\/xixi-na-cama-escape-durante-a-infancia-pode-nao-ser-preguica-conheca-as-causas\/#primaryimage\",\"url\":\"https:\/\/jornalfatosenoticias.com.br\/wp-content\/uploads\/2022\/12\/incontinencia-urinaria-infantil.jpg\",\"contentUrl\":\"https:\/\/jornalfatosenoticias.com.br\/wp-content\/uploads\/2022\/12\/incontinencia-urinaria-infantil.jpg\",\"width\":1000,\"height\":666},{\"@type\":\"BreadcrumbList\",\"@id\":\"https:\/\/jornalfatosenoticias.com.br\/index.php\/2022\/12\/05\/xixi-na-cama-escape-durante-a-infancia-pode-nao-ser-preguica-conheca-as-causas\/#breadcrumb\",\"itemListElement\":[{\"@type\":\"ListItem\",\"position\":1,\"name\":\"In\u00edcio\",\"item\":\"https:\/\/jornalfatosenoticias.com.br\/\"},{\"@type\":\"ListItem\",\"position\":2,\"name\":\"Xixi na cama: escape durante a inf\u00e2ncia pode n\u00e3o ser pregui\u00e7a; conhe\u00e7a as causas\"}]},{\"@type\":\"WebSite\",\"@id\":\"https:\/\/jornalfatosenoticias.com.br\/#website\",\"url\":\"https:\/\/jornalfatosenoticias.com.br\/\",\"name\":\"Jornal Fatos e Not\u00edcias\",\"description\":\"Not\u00edcias em geral\",\"publisher\":{\"@id\":\"https:\/\/jornalfatosenoticias.com.br\/#organization\"},\"potentialAction\":[{\"@type\":\"SearchAction\",\"target\":{\"@type\":\"EntryPoint\",\"urlTemplate\":\"https:\/\/jornalfatosenoticias.com.br\/?s={search_term_string}\"},\"query-input\":{\"@type\":\"PropertyValueSpecification\",\"valueRequired\":true,\"valueName\":\"search_term_string\"}}],\"inLanguage\":\"pt-BR\"},{\"@type\":\"Organization\",\"@id\":\"https:\/\/jornalfatosenoticias.com.br\/#organization\",\"name\":\"Jornal Fatos e Not\u00edcias\",\"url\":\"https:\/\/jornalfatosenoticias.com.br\/\",\"logo\":{\"@type\":\"ImageObject\",\"inLanguage\":\"pt-BR\",\"@id\":\"https:\/\/jornalfatosenoticias.com.br\/#\/schema\/logo\/image\/\",\"url\":\"https:\/\/jornalfatosenoticias.com.br\/wp-content\/uploads\/2020\/02\/logo120.png\",\"contentUrl\":\"https:\/\/jornalfatosenoticias.com.br\/wp-content\/uploads\/2020\/02\/logo120.png\",\"width\":1227,\"height\":120,\"caption\":\"Jornal Fatos e Not\u00edcias\"},\"image\":{\"@id\":\"https:\/\/jornalfatosenoticias.com.br\/#\/schema\/logo\/image\/\"}},{\"@type\":\"Person\",\"@id\":\"https:\/\/jornalfatosenoticias.com.br\/#\/schema\/person\/d63837fa13ac8666eb9e74e0985d6f81\",\"name\":\"Luzimara Fernandes\",\"image\":{\"@type\":\"ImageObject\",\"inLanguage\":\"pt-BR\",\"@id\":\"https:\/\/jornalfatosenoticias.com.br\/#\/schema\/person\/image\/\",\"url\":\"https:\/\/jornalfatosenoticias.com.br\/wp-content\/uploads\/2025\/05\/EU_portal.jpg\",\"contentUrl\":\"https:\/\/jornalfatosenoticias.com.br\/wp-content\/uploads\/2025\/05\/EU_portal.jpg\",\"caption\":\"Luzimara Fernandes\"},\"description\":\"Jornalista MTB 2358-ES\",\"sameAs\":[\"https:\/\/jornalfatosenoticias.com.br\"],\"url\":\"https:\/\/jornalfatosenoticias.com.br\/index.php\/author\/luzimara\/\"}]}<\/script>\n<!-- \/ Yoast SEO plugin. -->","yoast_head_json":{"title":"Xixi na cama: escape durante a inf\u00e2ncia pode n\u00e3o ser pregui\u00e7a; conhe\u00e7a as causas - Jornal Fatos e Not\u00edcias","robots":{"index":"index","follow":"follow","max-snippet":"max-snippet:-1","max-image-preview":"max-image-preview:large","max-video-preview":"max-video-preview:-1"},"canonical":"https:\/\/jornalfatosenoticias.com.br\/index.php\/2022\/12\/05\/xixi-na-cama-escape-durante-a-infancia-pode-nao-ser-preguica-conheca-as-causas\/","og_locale":"pt_BR","og_type":"article","og_title":"Xixi na cama: escape durante a inf\u00e2ncia pode n\u00e3o ser pregui\u00e7a; conhe\u00e7a as causas - Jornal Fatos e Not\u00edcias","og_description":"Especialista explicou que, assim como em adultos e idosos, crian\u00e7as podem ter problema na musculatura p\u00e9lvica Todo mundo conhece algu\u00e9m, ou j\u00e1 foi o protagonista, que fez (ou faz) \u201cxixi\u201d na cama ou na roupa por n\u00e3o conseguir segurar a urina. Entre adultos e idosos, a situa\u00e7\u00e3o \u00e9 sempre tratada com seriedade, j\u00e1 que o [&hellip;]","og_url":"https:\/\/jornalfatosenoticias.com.br\/index.php\/2022\/12\/05\/xixi-na-cama-escape-durante-a-infancia-pode-nao-ser-preguica-conheca-as-causas\/","og_site_name":"Jornal Fatos e Not\u00edcias","article_published_time":"2022-12-05T16:45:55+00:00","article_modified_time":"2022-12-05T16:45:58+00:00","og_image":[{"width":1000,"height":666,"url":"https:\/\/jornalfatosenoticias.com.br\/wp-content\/uploads\/2022\/12\/incontinencia-urinaria-infantil.jpg","type":"image\/jpeg"}],"author":"Luzimara Fernandes","twitter_card":"summary_large_image","twitter_misc":{"Escrito por":"Luzimara Fernandes","Est. tempo de leitura":"4 minutos"},"schema":{"@context":"https:\/\/schema.org","@graph":[{"@type":"Article","@id":"https:\/\/jornalfatosenoticias.com.br\/index.php\/2022\/12\/05\/xixi-na-cama-escape-durante-a-infancia-pode-nao-ser-preguica-conheca-as-causas\/#article","isPartOf":{"@id":"https:\/\/jornalfatosenoticias.com.br\/index.php\/2022\/12\/05\/xixi-na-cama-escape-durante-a-infancia-pode-nao-ser-preguica-conheca-as-causas\/"},"author":{"name":"Luzimara Fernandes","@id":"https:\/\/jornalfatosenoticias.com.br\/#\/schema\/person\/d63837fa13ac8666eb9e74e0985d6f81"},"headline":"Xixi na cama: escape durante a inf\u00e2ncia pode n\u00e3o ser pregui\u00e7a; conhe\u00e7a as causas","datePublished":"2022-12-05T16:45:55+00:00","dateModified":"2022-12-05T16:45:58+00:00","mainEntityOfPage":{"@id":"https:\/\/jornalfatosenoticias.com.br\/index.php\/2022\/12\/05\/xixi-na-cama-escape-durante-a-infancia-pode-nao-ser-preguica-conheca-as-causas\/"},"wordCount":743,"commentCount":0,"publisher":{"@id":"https:\/\/jornalfatosenoticias.com.br\/#organization"},"image":{"@id":"https:\/\/jornalfatosenoticias.com.br\/index.php\/2022\/12\/05\/xixi-na-cama-escape-durante-a-infancia-pode-nao-ser-preguica-conheca-as-causas\/#primaryimage"},"thumbnailUrl":"https:\/\/jornalfatosenoticias.com.br\/wp-content\/uploads\/2022\/12\/incontinencia-urinaria-infantil.jpg","keywords":["crian\u00e7as","incontin\u00eancia urin\u00e1ria","inf\u00e2ncia","pregui\u00e7a","xixi","xixi na cama"],"articleSection":["Comportamento &amp; Equil\u00edbrio"],"inLanguage":"pt-BR","potentialAction":[{"@type":"CommentAction","name":"Comment","target":["https:\/\/jornalfatosenoticias.com.br\/index.php\/2022\/12\/05\/xixi-na-cama-escape-durante-a-infancia-pode-nao-ser-preguica-conheca-as-causas\/#respond"]}]},{"@type":"WebPage","@id":"https:\/\/jornalfatosenoticias.com.br\/index.php\/2022\/12\/05\/xixi-na-cama-escape-durante-a-infancia-pode-nao-ser-preguica-conheca-as-causas\/","url":"https:\/\/jornalfatosenoticias.com.br\/index.php\/2022\/12\/05\/xixi-na-cama-escape-durante-a-infancia-pode-nao-ser-preguica-conheca-as-causas\/","name":"Xixi na cama: escape durante a inf\u00e2ncia pode n\u00e3o ser pregui\u00e7a; conhe\u00e7a as causas - Jornal Fatos e Not\u00edcias","isPartOf":{"@id":"https:\/\/jornalfatosenoticias.com.br\/#website"},"primaryImageOfPage":{"@id":"https:\/\/jornalfatosenoticias.com.br\/index.php\/2022\/12\/05\/xixi-na-cama-escape-durante-a-infancia-pode-nao-ser-preguica-conheca-as-causas\/#primaryimage"},"image":{"@id":"https:\/\/jornalfatosenoticias.com.br\/index.php\/2022\/12\/05\/xixi-na-cama-escape-durante-a-infancia-pode-nao-ser-preguica-conheca-as-causas\/#primaryimage"},"thumbnailUrl":"https:\/\/jornalfatosenoticias.com.br\/wp-content\/uploads\/2022\/12\/incontinencia-urinaria-infantil.jpg","datePublished":"2022-12-05T16:45:55+00:00","dateModified":"2022-12-05T16:45:58+00:00","breadcrumb":{"@id":"https:\/\/jornalfatosenoticias.com.br\/index.php\/2022\/12\/05\/xixi-na-cama-escape-durante-a-infancia-pode-nao-ser-preguica-conheca-as-causas\/#breadcrumb"},"inLanguage":"pt-BR","potentialAction":[{"@type":"ReadAction","target":["https:\/\/jornalfatosenoticias.com.br\/index.php\/2022\/12\/05\/xixi-na-cama-escape-durante-a-infancia-pode-nao-ser-preguica-conheca-as-causas\/"]}]},{"@type":"ImageObject","inLanguage":"pt-BR","@id":"https:\/\/jornalfatosenoticias.com.br\/index.php\/2022\/12\/05\/xixi-na-cama-escape-durante-a-infancia-pode-nao-ser-preguica-conheca-as-causas\/#primaryimage","url":"https:\/\/jornalfatosenoticias.com.br\/wp-content\/uploads\/2022\/12\/incontinencia-urinaria-infantil.jpg","contentUrl":"https:\/\/jornalfatosenoticias.com.br\/wp-content\/uploads\/2022\/12\/incontinencia-urinaria-infantil.jpg","width":1000,"height":666},{"@type":"BreadcrumbList","@id":"https:\/\/jornalfatosenoticias.com.br\/index.php\/2022\/12\/05\/xixi-na-cama-escape-durante-a-infancia-pode-nao-ser-preguica-conheca-as-causas\/#breadcrumb","itemListElement":[{"@type":"ListItem","position":1,"name":"In\u00edcio","item":"https:\/\/jornalfatosenoticias.com.br\/"},{"@type":"ListItem","position":2,"name":"Xixi na cama: escape durante a inf\u00e2ncia pode n\u00e3o ser pregui\u00e7a; conhe\u00e7a as causas"}]},{"@type":"WebSite","@id":"https:\/\/jornalfatosenoticias.com.br\/#website","url":"https:\/\/jornalfatosenoticias.com.br\/","name":"Jornal Fatos e Not\u00edcias","description":"Not\u00edcias em geral","publisher":{"@id":"https:\/\/jornalfatosenoticias.com.br\/#organization"},"potentialAction":[{"@type":"SearchAction","target":{"@type":"EntryPoint","urlTemplate":"https:\/\/jornalfatosenoticias.com.br\/?s={search_term_string}"},"query-input":{"@type":"PropertyValueSpecification","valueRequired":true,"valueName":"search_term_string"}}],"inLanguage":"pt-BR"},{"@type":"Organization","@id":"https:\/\/jornalfatosenoticias.com.br\/#organization","name":"Jornal Fatos e Not\u00edcias","url":"https:\/\/jornalfatosenoticias.com.br\/","logo":{"@type":"ImageObject","inLanguage":"pt-BR","@id":"https:\/\/jornalfatosenoticias.com.br\/#\/schema\/logo\/image\/","url":"https:\/\/jornalfatosenoticias.com.br\/wp-content\/uploads\/2020\/02\/logo120.png","contentUrl":"https:\/\/jornalfatosenoticias.com.br\/wp-content\/uploads\/2020\/02\/logo120.png","width":1227,"height":120,"caption":"Jornal Fatos e Not\u00edcias"},"image":{"@id":"https:\/\/jornalfatosenoticias.com.br\/#\/schema\/logo\/image\/"}},{"@type":"Person","@id":"https:\/\/jornalfatosenoticias.com.br\/#\/schema\/person\/d63837fa13ac8666eb9e74e0985d6f81","name":"Luzimara Fernandes","image":{"@type":"ImageObject","inLanguage":"pt-BR","@id":"https:\/\/jornalfatosenoticias.com.br\/#\/schema\/person\/image\/","url":"https:\/\/jornalfatosenoticias.com.br\/wp-content\/uploads\/2025\/05\/EU_portal.jpg","contentUrl":"https:\/\/jornalfatosenoticias.com.br\/wp-content\/uploads\/2025\/05\/EU_portal.jpg","caption":"Luzimara Fernandes"},"description":"Jornalista MTB 2358-ES","sameAs":["https:\/\/jornalfatosenoticias.com.br"],"url":"https:\/\/jornalfatosenoticias.com.br\/index.php\/author\/luzimara\/"}]}},"cc_featured_image_caption":{"caption_text":"(Foto: Shutterstock\/Tomsickova Tatyana) ","source_text":"","source_url":""},"jetpack_featured_media_url":"https:\/\/jornalfatosenoticias.com.br\/wp-content\/uploads\/2022\/12\/incontinencia-urinaria-infantil.jpg","_links":{"self":[{"href":"https:\/\/jornalfatosenoticias.com.br\/index.php\/wp-json\/wp\/v2\/posts\/36584","targetHints":{"allow":["GET"]}}],"collection":[{"href":"https:\/\/jornalfatosenoticias.com.br\/index.php\/wp-json\/wp\/v2\/posts"}],"about":[{"href":"https:\/\/jornalfatosenoticias.com.br\/index.php\/wp-json\/wp\/v2\/types\/post"}],"author":[{"embeddable":true,"href":"https:\/\/jornalfatosenoticias.com.br\/index.php\/wp-json\/wp\/v2\/users\/2"}],"replies":[{"embeddable":true,"href":"https:\/\/jornalfatosenoticias.com.br\/index.php\/wp-json\/wp\/v2\/comments?post=36584"}],"version-history":[{"count":0,"href":"https:\/\/jornalfatosenoticias.com.br\/index.php\/wp-json\/wp\/v2\/posts\/36584\/revisions"}],"wp:featuredmedia":[{"embeddable":true,"href":"https:\/\/jornalfatosenoticias.com.br\/index.php\/wp-json\/wp\/v2\/media\/36585"}],"wp:attachment":[{"href":"https:\/\/jornalfatosenoticias.com.br\/index.php\/wp-json\/wp\/v2\/media?parent=36584"}],"wp:term":[{"taxonomy":"category","embeddable":true,"href":"https:\/\/jornalfatosenoticias.com.br\/index.php\/wp-json\/wp\/v2\/categories?post=36584"},{"taxonomy":"post_tag","embeddable":true,"href":"https:\/\/jornalfatosenoticias.com.br\/index.php\/wp-json\/wp\/v2\/tags?post=36584"}],"curies":[{"name":"wp","href":"https:\/\/api.w.org\/{rel}","templated":true}]}}