{"id":36587,"date":"2022-12-05T13:59:35","date_gmt":"2022-12-05T16:59:35","guid":{"rendered":"https:\/\/jornalfatosenoticias.com.br\/?p=36587"},"modified":"2022-12-05T13:59:37","modified_gmt":"2022-12-05T16:59:37","slug":"veiculo-futurista-impresso-em-3d-e-um-hibrido-de-carro-com-bicicleta-eletrica","status":"publish","type":"post","link":"https:\/\/jornalfatosenoticias.com.br\/index.php\/2022\/12\/05\/veiculo-futurista-impresso-em-3d-e-um-hibrido-de-carro-com-bicicleta-eletrica\/","title":{"rendered":"Ve\u00edculo futurista impresso em 3D \u00e9 um h\u00edbrido de carro com bicicleta el\u00e9trica"},"content":{"rendered":"\n<p><em><span class=\"has-inline-color has-black-color\">O UILA \u00e9 um ve\u00edculo el\u00e9trico impresso em 3D que combina as vantagens de uma bicicleta com um autom\u00f3vel ultracompacto<\/span><\/em><\/p>\n\n\n\n<div class=\"wp-block-image\"><figure class=\"aligncenter size-large\"><img loading=\"lazy\" decoding=\"async\" width=\"1024\" height=\"100\" src=\"https:\/\/jornalfatosenoticias.com.br\/wp-content\/uploads\/2020\/02\/banner_ferramentas-1024x100.jpg\" alt=\"\" class=\"wp-image-1258\" srcset=\"https:\/\/jornalfatosenoticias.com.br\/wp-content\/uploads\/2020\/02\/banner_ferramentas-1024x100.jpg 1024w, https:\/\/jornalfatosenoticias.com.br\/wp-content\/uploads\/2020\/02\/banner_ferramentas-300x29.jpg 300w, https:\/\/jornalfatosenoticias.com.br\/wp-content\/uploads\/2020\/02\/banner_ferramentas-768x75.jpg 768w, https:\/\/jornalfatosenoticias.com.br\/wp-content\/uploads\/2020\/02\/banner_ferramentas.jpg 1227w\" sizes=\"auto, (max-width: 1024px) 100vw, 1024px\" \/><\/figure><\/div>\n\n\n\n<p>O congestionamento no <a href=\"https:\/\/olhardigital.com.br\/tag\/transito\/\" target=\"_blank\" rel=\"noreferrer noopener\">tr\u00e2nsito<\/a>\u00a0e a polui\u00e7\u00e3o s\u00e3o dois vil\u00f5es que precisam de solu\u00e7\u00f5es inovadoras para serem resolvidos de vez. O UILA, um\u00a0<a href=\"https:\/\/olhardigital.com.br\/2022\/11\/18\/carros-e-tecnologia\/sucessor-do-carro-eletrico-mini-ev-sera-lancado-em-breve\/amp\/\" target=\"_blank\" rel=\"noreferrer noopener\">ve\u00edculo el\u00e9trico<\/a> impresso em 3D que combina uma bike com um autom\u00f3vel ultracompacto, promete se firmar como uma alternativa de meio de transporte sustent\u00e1vel no futuro.<\/p>\n\n\n\n<div class=\"wp-block-image\"><figure class=\"aligncenter size-large\"><img loading=\"lazy\" decoding=\"async\" width=\"300\" height=\"250\" src=\"https:\/\/jornalfatosenoticias.com.br\/wp-content\/uploads\/2022\/08\/arte-Casarao.jpg\" alt=\"\" class=\"wp-image-33178\"\/><\/figure><\/div>\n\n\n\n<p>A ideia \u00e9 oferecer uma alternativa para rodar em ambientes urbanos lotados. Para isso, o modelo oferece o mesmo conforto e a conveni\u00eancia de um carro, incluindo a capacidade de levar carga e mais um passageiro, mantendo a praticidade e agilidade de uma bicicleta el\u00e9trica.<\/p>\n\n\n\n<div class=\"wp-block-image\"><figure class=\"aligncenter size-large\"><img decoding=\"async\" src=\"https:\/\/jornalfatosenoticias.com.br\/wp-content\/uploads\/2020\/02\/logo-embacia-1-1024x110.jpg\" alt=\"\" class=\"wp-image-33954\"\/><\/figure><\/div>\n\n\n\n<p>O h\u00edbrido de e-bike e carro foi apresentado este m\u00eas pela nFrontier, uma startup de mobilidade alem\u00e3. Um prot\u00f3tipo totalmente funcional foi mostrado no evento Formnext 2022. Descrito como um novo \u201cdispositivo urbano\u201d, o modelo mede 230 cm de comprimento, 170cm de altura e 90cm de largura.<\/p>\n\n\n\n<div class=\"wp-block-image\"><figure class=\"aligncenter size-large is-resized\"><img loading=\"lazy\" decoding=\"async\" src=\"https:\/\/jornalfatosenoticias.com.br\/wp-content\/uploads\/2022\/08\/logo-locau-veiculos-1024x573.png\" alt=\"\" class=\"wp-image-33078\" width=\"344\" height=\"192\"\/><\/figure><\/div>\n\n\n\n<p>Seu tamanho compacto permite se deslocar tanto em ciclovias como no tr\u00e2nsito, atingindo, segundo a fabricante, at\u00e9 70km\/h de velocidade m\u00e1xima. O UILA pesa 70kg e pode transportar uma carga \u00fatil m\u00e1xima de 250kg, algo raro entre as e-bikes. O modelo de quatro rodas vem equipado com propuls\u00e3o el\u00e9trica, volante, marcha \u00e0 r\u00e9 e capota (tamb\u00e9m impressa em 3D).<\/p>\n\n\n\n<div class=\"wp-block-image\"><figure class=\"aligncenter size-large\"><img loading=\"lazy\" decoding=\"async\" width=\"1024\" height=\"99\" src=\"https:\/\/jornalfatosenoticias.com.br\/wp-content\/uploads\/2020\/02\/Logo-Mizu-segunda-2-1024x99.png\" alt=\"\" class=\"wp-image-2353\" srcset=\"https:\/\/jornalfatosenoticias.com.br\/wp-content\/uploads\/2020\/02\/Logo-Mizu-segunda-2-1024x99.png 1024w, https:\/\/jornalfatosenoticias.com.br\/wp-content\/uploads\/2020\/02\/Logo-Mizu-segunda-2-300x29.png 300w, https:\/\/jornalfatosenoticias.com.br\/wp-content\/uploads\/2020\/02\/Logo-Mizu-segunda-2-768x74.png 768w, https:\/\/jornalfatosenoticias.com.br\/wp-content\/uploads\/2020\/02\/Logo-Mizu-segunda-2.png 1240w\" sizes=\"auto, (max-width: 1024px) 100vw, 1024px\" \/><\/figure><\/div>\n\n\n\n<p>O ve\u00edculo \u00e9 operado por um pedal com cinco modos de assist\u00eancia, ou seja, o condutor deve sempre pedalar ainda que suavemente para manter o ve\u00edculo funcionando. N\u00e3o h\u00e1 um modo de condu\u00e7\u00e3o totalmente el\u00e9trico usando apenas o motor.<\/p>\n\n\n\n<div class=\"wp-block-image\"><figure class=\"aligncenter size-large\"><img loading=\"lazy\" decoding=\"async\" width=\"1024\" height=\"111\" src=\"https:\/\/jornalfatosenoticias.com.br\/wp-content\/uploads\/2020\/02\/WhatsApp-Image-2022-09-23-at-12.09.18-1024x111.jpeg\" alt=\"\" class=\"wp-image-34527\" srcset=\"https:\/\/jornalfatosenoticias.com.br\/wp-content\/uploads\/2020\/02\/WhatsApp-Image-2022-09-23-at-12.09.18-1024x111.jpeg 1024w, https:\/\/jornalfatosenoticias.com.br\/wp-content\/uploads\/2020\/02\/WhatsApp-Image-2022-09-23-at-12.09.18-300x32.jpeg 300w, https:\/\/jornalfatosenoticias.com.br\/wp-content\/uploads\/2020\/02\/WhatsApp-Image-2022-09-23-at-12.09.18-768x83.jpeg 768w, https:\/\/jornalfatosenoticias.com.br\/wp-content\/uploads\/2020\/02\/WhatsApp-Image-2022-09-23-at-12.09.18.jpeg 1121w\" sizes=\"auto, (max-width: 1024px) 100vw, 1024px\" \/><\/figure><\/div>\n\n\n\n<p><strong><span class=\"has-inline-color has-black-color\">Dire\u00e7\u00e3o aut\u00f4noma a bordo<br><\/span><\/strong>A nFrontier diz que o modelo possui uma central multim\u00eddia que pode ser conectada com o smartphone dos usu\u00e1rios. Outro destaque s\u00e3o as fun\u00e7\u00f5es de dire\u00e7\u00e3o aut\u00f4noma. O condutor pode \u201cchamar\u201d a bicicleta utilizando um app dedicado para que ela venha literalmente te buscar, tudo remotamente.<\/p>\n\n\n\n<div class=\"wp-block-image\"><figure class=\"aligncenter size-large is-resized\"><img loading=\"lazy\" decoding=\"async\" src=\"https:\/\/jornalfatosenoticias.com.br\/wp-content\/uploads\/2022\/02\/Precisao-Contabilidade-1024x724.jpg\" alt=\"\" class=\"wp-image-28088\" width=\"308\" height=\"218\"\/><\/figure><\/div>\n\n\n\n<figure class=\"wp-block-pullquote\"><blockquote><p><span class=\"has-inline-color has-luminous-vivid-orange-color\">O UILA n\u00e3o est\u00e1 apenas mudando radicalmente a maneira como nos deslocamos, mas tamb\u00e9m fornece uma solu\u00e7\u00e3o de mobilidade verdadeiramente sustent\u00e1vel e revolucion\u00e1ria. Ao mesmo tempo, oferece um conjunto de fun\u00e7\u00f5es e recursos digitais, superando em muito os padr\u00f5es atuais da ind\u00fastria de bicicletas\u201d, disse o CEO da nFrontier, Daniel Buening. \u201c\u00c9 a nossa resposta a alguns dos desafios mais prementes de nosso tempo, a mudan\u00e7a clim\u00e1tica e a atual crise de energia\u201d, acrescentou.<\/span><\/p><\/blockquote><\/figure>\n\n\n\n<div class=\"wp-block-image\"><figure class=\"aligncenter size-large\"><img loading=\"lazy\" decoding=\"async\" width=\"1024\" height=\"103\" src=\"https:\/\/jornalfatosenoticias.com.br\/wp-content\/uploads\/2022\/02\/Arte-Autoescola-Galatas_endereco_portal-1024x103.png\" alt=\"\" class=\"wp-image-27869\" srcset=\"https:\/\/jornalfatosenoticias.com.br\/wp-content\/uploads\/2022\/02\/Arte-Autoescola-Galatas_endereco_portal-1024x103.png 1024w, https:\/\/jornalfatosenoticias.com.br\/wp-content\/uploads\/2022\/02\/Arte-Autoescola-Galatas_endereco_portal-300x30.png 300w, https:\/\/jornalfatosenoticias.com.br\/wp-content\/uploads\/2022\/02\/Arte-Autoescola-Galatas_endereco_portal-768x77.png 768w, https:\/\/jornalfatosenoticias.com.br\/wp-content\/uploads\/2022\/02\/Arte-Autoescola-Galatas_endereco_portal.png 1223w\" sizes=\"auto, (max-width: 1024px) 100vw, 1024px\" \/><\/figure><\/div>\n\n\n\n<p>Do ponto de vista legal, o ve\u00edculo ser\u00e1 considerado uma bicicleta el\u00e9trica na Europa. A nFrontier espera lan\u00e7ar a novidade na Alemanha at\u00e9 2024. O pre\u00e7o final ainda n\u00e3o foi anunciado. Enquanto a maioria dos carros el\u00e9tricos (mesmo os compactos) s\u00e3o mais caros, o UILA tamb\u00e9m seria uma op\u00e7\u00e3o mais acess\u00edvel por usar a impress\u00e3o 3D, que reduz os custos de produ\u00e7\u00e3o e prazos de entrega, bem como o desperd\u00edcio durante as etapas de produ\u00e7\u00e3o, destaca a startup.<\/p>\n\n\n\n<div class=\"wp-block-image\"><figure class=\"aligncenter size-large is-resized\"><img loading=\"lazy\" decoding=\"async\" src=\"https:\/\/jornalfatosenoticias.com.br\/wp-content\/uploads\/2022\/07\/Logo-Grupo-SEI.jpg\" alt=\"\" class=\"wp-image-31973\" width=\"347\" height=\"182\" srcset=\"https:\/\/jornalfatosenoticias.com.br\/wp-content\/uploads\/2022\/07\/Logo-Grupo-SEI.jpg 713w, https:\/\/jornalfatosenoticias.com.br\/wp-content\/uploads\/2022\/07\/Logo-Grupo-SEI-300x158.jpg 300w\" sizes=\"auto, (max-width: 347px) 100vw, 347px\" \/><\/figure><\/div>\n\n\n\n<p>A nFrontier planeja vend\u00ea-lo com velocidade m\u00e1xima limitada a 25km\/h no Velho Continente, uma regra importante para n\u00e3o depender de mais licen\u00e7as. O <em>3D Printing Nerd<\/em> mostra o ve\u00edculo em a\u00e7\u00e3o no v\u00eddeo abaixo.<\/p>\n\n\n\n<figure class=\"wp-block-embed-youtube wp-block-embed is-type-video is-provider-youtube wp-embed-aspect-16-9 wp-has-aspect-ratio\"><div class=\"wp-block-embed__wrapper\">\n<iframe loading=\"lazy\" title=\"Bicycle of the Future?\" width=\"660\" height=\"371\" src=\"https:\/\/www.youtube.com\/embed\/1hnRbLEnjJg?feature=oembed\" frameborder=\"0\" allow=\"accelerometer; autoplay; clipboard-write; encrypted-media; gyroscope; picture-in-picture; web-share\" referrerpolicy=\"strict-origin-when-cross-origin\" allowfullscreen><\/iframe>\n<\/div><\/figure>\n\n\n\n<p><strong><em>Fonte: <a href=\"https:\/\/olhardigital.com.br\/2022\/11\/28\/carros-e-tecnologia\/veiculo-futurista-impresso-em-3d-e-um-hibrido-de-carro-com-bicicleta-eletrica\/amp\/\">Olhar Digital<\/a><\/em><\/strong><\/p>\n","protected":false},"excerpt":{"rendered":"<p>O UILA \u00e9 um ve\u00edculo el\u00e9trico impresso em 3D que combina as vantagens de uma bicicleta com um autom\u00f3vel ultracompacto O congestionamento no tr\u00e2nsito\u00a0e a polui\u00e7\u00e3o s\u00e3o dois vil\u00f5es que precisam de solu\u00e7\u00f5es inovadoras para serem resolvidos de vez. O UILA, um\u00a0ve\u00edculo el\u00e9trico impresso em 3D que combina uma bike com um autom\u00f3vel ultracompacto, promete [&hellip;]<\/p>\n","protected":false},"author":2,"featured_media":36588,"comment_status":"open","ping_status":"open","sticky":false,"template":"","format":"standard","meta":{"footnotes":""},"categories":[3],"tags":[4739,6589,11673,5272,17173],"class_list":["post-36587","post","type-post","status-publish","format-standard","has-post-thumbnail","hentry","category-tecnologia","tag-bicicleta-eletrica","tag-carros-eletricos","tag-e-bike","tag-impressao-3d","tag-veiculo-futurista"],"yoast_head":"<!-- This site is optimized with the Yoast SEO plugin v26.5 - https:\/\/yoast.com\/wordpress\/plugins\/seo\/ -->\n<title>Ve\u00edculo futurista impresso em 3D \u00e9 um h\u00edbrido de carro com bicicleta el\u00e9trica - Jornal Fatos e Not\u00edcias<\/title>\n<meta name=\"robots\" content=\"index, follow, max-snippet:-1, max-image-preview:large, max-video-preview:-1\" \/>\n<link rel=\"canonical\" href=\"https:\/\/jornalfatosenoticias.com.br\/index.php\/2022\/12\/05\/veiculo-futurista-impresso-em-3d-e-um-hibrido-de-carro-com-bicicleta-eletrica\/\" \/>\n<meta property=\"og:locale\" content=\"pt_BR\" \/>\n<meta property=\"og:type\" content=\"article\" \/>\n<meta property=\"og:title\" content=\"Ve\u00edculo futurista impresso em 3D \u00e9 um h\u00edbrido de carro com bicicleta el\u00e9trica - Jornal Fatos e Not\u00edcias\" \/>\n<meta property=\"og:description\" content=\"O UILA \u00e9 um ve\u00edculo el\u00e9trico impresso em 3D que combina as vantagens de uma bicicleta com um autom\u00f3vel ultracompacto O congestionamento no tr\u00e2nsito\u00a0e a polui\u00e7\u00e3o s\u00e3o dois vil\u00f5es que precisam de solu\u00e7\u00f5es inovadoras para serem resolvidos de vez. O UILA, um\u00a0ve\u00edculo el\u00e9trico impresso em 3D que combina uma bike com um autom\u00f3vel ultracompacto, promete [&hellip;]\" \/>\n<meta property=\"og:url\" content=\"https:\/\/jornalfatosenoticias.com.br\/index.php\/2022\/12\/05\/veiculo-futurista-impresso-em-3d-e-um-hibrido-de-carro-com-bicicleta-eletrica\/\" \/>\n<meta property=\"og:site_name\" content=\"Jornal Fatos e Not\u00edcias\" \/>\n<meta property=\"article:published_time\" content=\"2022-12-05T16:59:35+00:00\" \/>\n<meta property=\"article:modified_time\" content=\"2022-12-05T16:59:37+00:00\" \/>\n<meta property=\"og:image\" content=\"https:\/\/jornalfatosenoticias.com.br\/wp-content\/uploads\/2022\/12\/uila-1.jpg\" \/>\n\t<meta property=\"og:image:width\" content=\"1000\" \/>\n\t<meta property=\"og:image:height\" content=\"556\" \/>\n\t<meta property=\"og:image:type\" content=\"image\/jpeg\" \/>\n<meta name=\"author\" content=\"Luzimara Fernandes\" \/>\n<meta name=\"twitter:card\" content=\"summary_large_image\" \/>\n<meta name=\"twitter:label1\" content=\"Escrito por\" \/>\n\t<meta name=\"twitter:data1\" content=\"Luzimara Fernandes\" \/>\n\t<meta name=\"twitter:label2\" content=\"Est. tempo de leitura\" \/>\n\t<meta name=\"twitter:data2\" content=\"3 minutos\" \/>\n<script type=\"application\/ld+json\" class=\"yoast-schema-graph\">{\"@context\":\"https:\/\/schema.org\",\"@graph\":[{\"@type\":\"Article\",\"@id\":\"https:\/\/jornalfatosenoticias.com.br\/index.php\/2022\/12\/05\/veiculo-futurista-impresso-em-3d-e-um-hibrido-de-carro-com-bicicleta-eletrica\/#article\",\"isPartOf\":{\"@id\":\"https:\/\/jornalfatosenoticias.com.br\/index.php\/2022\/12\/05\/veiculo-futurista-impresso-em-3d-e-um-hibrido-de-carro-com-bicicleta-eletrica\/\"},\"author\":{\"name\":\"Luzimara Fernandes\",\"@id\":\"https:\/\/jornalfatosenoticias.com.br\/#\/schema\/person\/d63837fa13ac8666eb9e74e0985d6f81\"},\"headline\":\"Ve\u00edculo futurista impresso em 3D \u00e9 um h\u00edbrido de carro com bicicleta el\u00e9trica\",\"datePublished\":\"2022-12-05T16:59:35+00:00\",\"dateModified\":\"2022-12-05T16:59:37+00:00\",\"mainEntityOfPage\":{\"@id\":\"https:\/\/jornalfatosenoticias.com.br\/index.php\/2022\/12\/05\/veiculo-futurista-impresso-em-3d-e-um-hibrido-de-carro-com-bicicleta-eletrica\/\"},\"wordCount\":587,\"commentCount\":0,\"publisher\":{\"@id\":\"https:\/\/jornalfatosenoticias.com.br\/#organization\"},\"image\":{\"@id\":\"https:\/\/jornalfatosenoticias.com.br\/index.php\/2022\/12\/05\/veiculo-futurista-impresso-em-3d-e-um-hibrido-de-carro-com-bicicleta-eletrica\/#primaryimage\"},\"thumbnailUrl\":\"https:\/\/jornalfatosenoticias.com.br\/wp-content\/uploads\/2022\/12\/uila-1.jpg\",\"keywords\":[\"bicicleta el\u00e9trica\",\"carros el\u00e9tricos\",\"e-bike\",\"impress\u00e3o 3D\",\"ve\u00edculo futurista\"],\"articleSection\":[\"Tecnologia &amp; Inova\u00e7\u00e3o\"],\"inLanguage\":\"pt-BR\",\"potentialAction\":[{\"@type\":\"CommentAction\",\"name\":\"Comment\",\"target\":[\"https:\/\/jornalfatosenoticias.com.br\/index.php\/2022\/12\/05\/veiculo-futurista-impresso-em-3d-e-um-hibrido-de-carro-com-bicicleta-eletrica\/#respond\"]}]},{\"@type\":\"WebPage\",\"@id\":\"https:\/\/jornalfatosenoticias.com.br\/index.php\/2022\/12\/05\/veiculo-futurista-impresso-em-3d-e-um-hibrido-de-carro-com-bicicleta-eletrica\/\",\"url\":\"https:\/\/jornalfatosenoticias.com.br\/index.php\/2022\/12\/05\/veiculo-futurista-impresso-em-3d-e-um-hibrido-de-carro-com-bicicleta-eletrica\/\",\"name\":\"Ve\u00edculo futurista impresso em 3D \u00e9 um h\u00edbrido de carro com bicicleta el\u00e9trica - Jornal Fatos e Not\u00edcias\",\"isPartOf\":{\"@id\":\"https:\/\/jornalfatosenoticias.com.br\/#website\"},\"primaryImageOfPage\":{\"@id\":\"https:\/\/jornalfatosenoticias.com.br\/index.php\/2022\/12\/05\/veiculo-futurista-impresso-em-3d-e-um-hibrido-de-carro-com-bicicleta-eletrica\/#primaryimage\"},\"image\":{\"@id\":\"https:\/\/jornalfatosenoticias.com.br\/index.php\/2022\/12\/05\/veiculo-futurista-impresso-em-3d-e-um-hibrido-de-carro-com-bicicleta-eletrica\/#primaryimage\"},\"thumbnailUrl\":\"https:\/\/jornalfatosenoticias.com.br\/wp-content\/uploads\/2022\/12\/uila-1.jpg\",\"datePublished\":\"2022-12-05T16:59:35+00:00\",\"dateModified\":\"2022-12-05T16:59:37+00:00\",\"breadcrumb\":{\"@id\":\"https:\/\/jornalfatosenoticias.com.br\/index.php\/2022\/12\/05\/veiculo-futurista-impresso-em-3d-e-um-hibrido-de-carro-com-bicicleta-eletrica\/#breadcrumb\"},\"inLanguage\":\"pt-BR\",\"potentialAction\":[{\"@type\":\"ReadAction\",\"target\":[\"https:\/\/jornalfatosenoticias.com.br\/index.php\/2022\/12\/05\/veiculo-futurista-impresso-em-3d-e-um-hibrido-de-carro-com-bicicleta-eletrica\/\"]}]},{\"@type\":\"ImageObject\",\"inLanguage\":\"pt-BR\",\"@id\":\"https:\/\/jornalfatosenoticias.com.br\/index.php\/2022\/12\/05\/veiculo-futurista-impresso-em-3d-e-um-hibrido-de-carro-com-bicicleta-eletrica\/#primaryimage\",\"url\":\"https:\/\/jornalfatosenoticias.com.br\/wp-content\/uploads\/2022\/12\/uila-1.jpg\",\"contentUrl\":\"https:\/\/jornalfatosenoticias.com.br\/wp-content\/uploads\/2022\/12\/uila-1.jpg\",\"width\":1000,\"height\":556},{\"@type\":\"BreadcrumbList\",\"@id\":\"https:\/\/jornalfatosenoticias.com.br\/index.php\/2022\/12\/05\/veiculo-futurista-impresso-em-3d-e-um-hibrido-de-carro-com-bicicleta-eletrica\/#breadcrumb\",\"itemListElement\":[{\"@type\":\"ListItem\",\"position\":1,\"name\":\"In\u00edcio\",\"item\":\"https:\/\/jornalfatosenoticias.com.br\/\"},{\"@type\":\"ListItem\",\"position\":2,\"name\":\"Ve\u00edculo futurista impresso em 3D \u00e9 um h\u00edbrido de carro com bicicleta el\u00e9trica\"}]},{\"@type\":\"WebSite\",\"@id\":\"https:\/\/jornalfatosenoticias.com.br\/#website\",\"url\":\"https:\/\/jornalfatosenoticias.com.br\/\",\"name\":\"Jornal Fatos e Not\u00edcias\",\"description\":\"Not\u00edcias em geral\",\"publisher\":{\"@id\":\"https:\/\/jornalfatosenoticias.com.br\/#organization\"},\"potentialAction\":[{\"@type\":\"SearchAction\",\"target\":{\"@type\":\"EntryPoint\",\"urlTemplate\":\"https:\/\/jornalfatosenoticias.com.br\/?s={search_term_string}\"},\"query-input\":{\"@type\":\"PropertyValueSpecification\",\"valueRequired\":true,\"valueName\":\"search_term_string\"}}],\"inLanguage\":\"pt-BR\"},{\"@type\":\"Organization\",\"@id\":\"https:\/\/jornalfatosenoticias.com.br\/#organization\",\"name\":\"Jornal Fatos e Not\u00edcias\",\"url\":\"https:\/\/jornalfatosenoticias.com.br\/\",\"logo\":{\"@type\":\"ImageObject\",\"inLanguage\":\"pt-BR\",\"@id\":\"https:\/\/jornalfatosenoticias.com.br\/#\/schema\/logo\/image\/\",\"url\":\"https:\/\/jornalfatosenoticias.com.br\/wp-content\/uploads\/2020\/02\/logo120.png\",\"contentUrl\":\"https:\/\/jornalfatosenoticias.com.br\/wp-content\/uploads\/2020\/02\/logo120.png\",\"width\":1227,\"height\":120,\"caption\":\"Jornal Fatos e Not\u00edcias\"},\"image\":{\"@id\":\"https:\/\/jornalfatosenoticias.com.br\/#\/schema\/logo\/image\/\"}},{\"@type\":\"Person\",\"@id\":\"https:\/\/jornalfatosenoticias.com.br\/#\/schema\/person\/d63837fa13ac8666eb9e74e0985d6f81\",\"name\":\"Luzimara Fernandes\",\"image\":{\"@type\":\"ImageObject\",\"inLanguage\":\"pt-BR\",\"@id\":\"https:\/\/jornalfatosenoticias.com.br\/#\/schema\/person\/image\/\",\"url\":\"https:\/\/jornalfatosenoticias.com.br\/wp-content\/uploads\/2025\/05\/EU_portal.jpg\",\"contentUrl\":\"https:\/\/jornalfatosenoticias.com.br\/wp-content\/uploads\/2025\/05\/EU_portal.jpg\",\"caption\":\"Luzimara Fernandes\"},\"description\":\"Jornalista MTB 2358-ES\",\"sameAs\":[\"https:\/\/jornalfatosenoticias.com.br\"],\"url\":\"https:\/\/jornalfatosenoticias.com.br\/index.php\/author\/luzimara\/\"}]}<\/script>\n<!-- \/ Yoast SEO plugin. -->","yoast_head_json":{"title":"Ve\u00edculo futurista impresso em 3D \u00e9 um h\u00edbrido de carro com bicicleta el\u00e9trica - Jornal Fatos e Not\u00edcias","robots":{"index":"index","follow":"follow","max-snippet":"max-snippet:-1","max-image-preview":"max-image-preview:large","max-video-preview":"max-video-preview:-1"},"canonical":"https:\/\/jornalfatosenoticias.com.br\/index.php\/2022\/12\/05\/veiculo-futurista-impresso-em-3d-e-um-hibrido-de-carro-com-bicicleta-eletrica\/","og_locale":"pt_BR","og_type":"article","og_title":"Ve\u00edculo futurista impresso em 3D \u00e9 um h\u00edbrido de carro com bicicleta el\u00e9trica - Jornal Fatos e Not\u00edcias","og_description":"O UILA \u00e9 um ve\u00edculo el\u00e9trico impresso em 3D que combina as vantagens de uma bicicleta com um autom\u00f3vel ultracompacto O congestionamento no tr\u00e2nsito\u00a0e a polui\u00e7\u00e3o s\u00e3o dois vil\u00f5es que precisam de solu\u00e7\u00f5es inovadoras para serem resolvidos de vez. O UILA, um\u00a0ve\u00edculo el\u00e9trico impresso em 3D que combina uma bike com um autom\u00f3vel ultracompacto, promete [&hellip;]","og_url":"https:\/\/jornalfatosenoticias.com.br\/index.php\/2022\/12\/05\/veiculo-futurista-impresso-em-3d-e-um-hibrido-de-carro-com-bicicleta-eletrica\/","og_site_name":"Jornal Fatos e Not\u00edcias","article_published_time":"2022-12-05T16:59:35+00:00","article_modified_time":"2022-12-05T16:59:37+00:00","og_image":[{"width":1000,"height":556,"url":"https:\/\/jornalfatosenoticias.com.br\/wp-content\/uploads\/2022\/12\/uila-1.jpg","type":"image\/jpeg"}],"author":"Luzimara Fernandes","twitter_card":"summary_large_image","twitter_misc":{"Escrito por":"Luzimara Fernandes","Est. tempo de leitura":"3 minutos"},"schema":{"@context":"https:\/\/schema.org","@graph":[{"@type":"Article","@id":"https:\/\/jornalfatosenoticias.com.br\/index.php\/2022\/12\/05\/veiculo-futurista-impresso-em-3d-e-um-hibrido-de-carro-com-bicicleta-eletrica\/#article","isPartOf":{"@id":"https:\/\/jornalfatosenoticias.com.br\/index.php\/2022\/12\/05\/veiculo-futurista-impresso-em-3d-e-um-hibrido-de-carro-com-bicicleta-eletrica\/"},"author":{"name":"Luzimara Fernandes","@id":"https:\/\/jornalfatosenoticias.com.br\/#\/schema\/person\/d63837fa13ac8666eb9e74e0985d6f81"},"headline":"Ve\u00edculo futurista impresso em 3D \u00e9 um h\u00edbrido de carro com bicicleta el\u00e9trica","datePublished":"2022-12-05T16:59:35+00:00","dateModified":"2022-12-05T16:59:37+00:00","mainEntityOfPage":{"@id":"https:\/\/jornalfatosenoticias.com.br\/index.php\/2022\/12\/05\/veiculo-futurista-impresso-em-3d-e-um-hibrido-de-carro-com-bicicleta-eletrica\/"},"wordCount":587,"commentCount":0,"publisher":{"@id":"https:\/\/jornalfatosenoticias.com.br\/#organization"},"image":{"@id":"https:\/\/jornalfatosenoticias.com.br\/index.php\/2022\/12\/05\/veiculo-futurista-impresso-em-3d-e-um-hibrido-de-carro-com-bicicleta-eletrica\/#primaryimage"},"thumbnailUrl":"https:\/\/jornalfatosenoticias.com.br\/wp-content\/uploads\/2022\/12\/uila-1.jpg","keywords":["bicicleta el\u00e9trica","carros el\u00e9tricos","e-bike","impress\u00e3o 3D","ve\u00edculo futurista"],"articleSection":["Tecnologia &amp; Inova\u00e7\u00e3o"],"inLanguage":"pt-BR","potentialAction":[{"@type":"CommentAction","name":"Comment","target":["https:\/\/jornalfatosenoticias.com.br\/index.php\/2022\/12\/05\/veiculo-futurista-impresso-em-3d-e-um-hibrido-de-carro-com-bicicleta-eletrica\/#respond"]}]},{"@type":"WebPage","@id":"https:\/\/jornalfatosenoticias.com.br\/index.php\/2022\/12\/05\/veiculo-futurista-impresso-em-3d-e-um-hibrido-de-carro-com-bicicleta-eletrica\/","url":"https:\/\/jornalfatosenoticias.com.br\/index.php\/2022\/12\/05\/veiculo-futurista-impresso-em-3d-e-um-hibrido-de-carro-com-bicicleta-eletrica\/","name":"Ve\u00edculo futurista impresso em 3D \u00e9 um h\u00edbrido de carro com bicicleta el\u00e9trica - Jornal Fatos e Not\u00edcias","isPartOf":{"@id":"https:\/\/jornalfatosenoticias.com.br\/#website"},"primaryImageOfPage":{"@id":"https:\/\/jornalfatosenoticias.com.br\/index.php\/2022\/12\/05\/veiculo-futurista-impresso-em-3d-e-um-hibrido-de-carro-com-bicicleta-eletrica\/#primaryimage"},"image":{"@id":"https:\/\/jornalfatosenoticias.com.br\/index.php\/2022\/12\/05\/veiculo-futurista-impresso-em-3d-e-um-hibrido-de-carro-com-bicicleta-eletrica\/#primaryimage"},"thumbnailUrl":"https:\/\/jornalfatosenoticias.com.br\/wp-content\/uploads\/2022\/12\/uila-1.jpg","datePublished":"2022-12-05T16:59:35+00:00","dateModified":"2022-12-05T16:59:37+00:00","breadcrumb":{"@id":"https:\/\/jornalfatosenoticias.com.br\/index.php\/2022\/12\/05\/veiculo-futurista-impresso-em-3d-e-um-hibrido-de-carro-com-bicicleta-eletrica\/#breadcrumb"},"inLanguage":"pt-BR","potentialAction":[{"@type":"ReadAction","target":["https:\/\/jornalfatosenoticias.com.br\/index.php\/2022\/12\/05\/veiculo-futurista-impresso-em-3d-e-um-hibrido-de-carro-com-bicicleta-eletrica\/"]}]},{"@type":"ImageObject","inLanguage":"pt-BR","@id":"https:\/\/jornalfatosenoticias.com.br\/index.php\/2022\/12\/05\/veiculo-futurista-impresso-em-3d-e-um-hibrido-de-carro-com-bicicleta-eletrica\/#primaryimage","url":"https:\/\/jornalfatosenoticias.com.br\/wp-content\/uploads\/2022\/12\/uila-1.jpg","contentUrl":"https:\/\/jornalfatosenoticias.com.br\/wp-content\/uploads\/2022\/12\/uila-1.jpg","width":1000,"height":556},{"@type":"BreadcrumbList","@id":"https:\/\/jornalfatosenoticias.com.br\/index.php\/2022\/12\/05\/veiculo-futurista-impresso-em-3d-e-um-hibrido-de-carro-com-bicicleta-eletrica\/#breadcrumb","itemListElement":[{"@type":"ListItem","position":1,"name":"In\u00edcio","item":"https:\/\/jornalfatosenoticias.com.br\/"},{"@type":"ListItem","position":2,"name":"Ve\u00edculo futurista impresso em 3D \u00e9 um h\u00edbrido de carro com bicicleta el\u00e9trica"}]},{"@type":"WebSite","@id":"https:\/\/jornalfatosenoticias.com.br\/#website","url":"https:\/\/jornalfatosenoticias.com.br\/","name":"Jornal Fatos e Not\u00edcias","description":"Not\u00edcias em geral","publisher":{"@id":"https:\/\/jornalfatosenoticias.com.br\/#organization"},"potentialAction":[{"@type":"SearchAction","target":{"@type":"EntryPoint","urlTemplate":"https:\/\/jornalfatosenoticias.com.br\/?s={search_term_string}"},"query-input":{"@type":"PropertyValueSpecification","valueRequired":true,"valueName":"search_term_string"}}],"inLanguage":"pt-BR"},{"@type":"Organization","@id":"https:\/\/jornalfatosenoticias.com.br\/#organization","name":"Jornal Fatos e Not\u00edcias","url":"https:\/\/jornalfatosenoticias.com.br\/","logo":{"@type":"ImageObject","inLanguage":"pt-BR","@id":"https:\/\/jornalfatosenoticias.com.br\/#\/schema\/logo\/image\/","url":"https:\/\/jornalfatosenoticias.com.br\/wp-content\/uploads\/2020\/02\/logo120.png","contentUrl":"https:\/\/jornalfatosenoticias.com.br\/wp-content\/uploads\/2020\/02\/logo120.png","width":1227,"height":120,"caption":"Jornal Fatos e Not\u00edcias"},"image":{"@id":"https:\/\/jornalfatosenoticias.com.br\/#\/schema\/logo\/image\/"}},{"@type":"Person","@id":"https:\/\/jornalfatosenoticias.com.br\/#\/schema\/person\/d63837fa13ac8666eb9e74e0985d6f81","name":"Luzimara Fernandes","image":{"@type":"ImageObject","inLanguage":"pt-BR","@id":"https:\/\/jornalfatosenoticias.com.br\/#\/schema\/person\/image\/","url":"https:\/\/jornalfatosenoticias.com.br\/wp-content\/uploads\/2025\/05\/EU_portal.jpg","contentUrl":"https:\/\/jornalfatosenoticias.com.br\/wp-content\/uploads\/2025\/05\/EU_portal.jpg","caption":"Luzimara Fernandes"},"description":"Jornalista MTB 2358-ES","sameAs":["https:\/\/jornalfatosenoticias.com.br"],"url":"https:\/\/jornalfatosenoticias.com.br\/index.php\/author\/luzimara\/"}]}},"cc_featured_image_caption":{"caption_text":"(Foto: nFrontier\/Divulga\u00e7\u00e3o) ","source_text":"","source_url":""},"jetpack_featured_media_url":"https:\/\/jornalfatosenoticias.com.br\/wp-content\/uploads\/2022\/12\/uila-1.jpg","_links":{"self":[{"href":"https:\/\/jornalfatosenoticias.com.br\/index.php\/wp-json\/wp\/v2\/posts\/36587","targetHints":{"allow":["GET"]}}],"collection":[{"href":"https:\/\/jornalfatosenoticias.com.br\/index.php\/wp-json\/wp\/v2\/posts"}],"about":[{"href":"https:\/\/jornalfatosenoticias.com.br\/index.php\/wp-json\/wp\/v2\/types\/post"}],"author":[{"embeddable":true,"href":"https:\/\/jornalfatosenoticias.com.br\/index.php\/wp-json\/wp\/v2\/users\/2"}],"replies":[{"embeddable":true,"href":"https:\/\/jornalfatosenoticias.com.br\/index.php\/wp-json\/wp\/v2\/comments?post=36587"}],"version-history":[{"count":0,"href":"https:\/\/jornalfatosenoticias.com.br\/index.php\/wp-json\/wp\/v2\/posts\/36587\/revisions"}],"wp:featuredmedia":[{"embeddable":true,"href":"https:\/\/jornalfatosenoticias.com.br\/index.php\/wp-json\/wp\/v2\/media\/36588"}],"wp:attachment":[{"href":"https:\/\/jornalfatosenoticias.com.br\/index.php\/wp-json\/wp\/v2\/media?parent=36587"}],"wp:term":[{"taxonomy":"category","embeddable":true,"href":"https:\/\/jornalfatosenoticias.com.br\/index.php\/wp-json\/wp\/v2\/categories?post=36587"},{"taxonomy":"post_tag","embeddable":true,"href":"https:\/\/jornalfatosenoticias.com.br\/index.php\/wp-json\/wp\/v2\/tags?post=36587"}],"curies":[{"name":"wp","href":"https:\/\/api.w.org\/{rel}","templated":true}]}}