{"id":36594,"date":"2022-12-05T14:21:23","date_gmt":"2022-12-05T17:21:23","guid":{"rendered":"https:\/\/jornalfatosenoticias.com.br\/?p=36594"},"modified":"2022-12-05T14:21:25","modified_gmt":"2022-12-05T17:21:25","slug":"ibge-32-dos-solos-do-pais-tem-potencial-natural-para-a-agricultura","status":"publish","type":"post","link":"https:\/\/jornalfatosenoticias.com.br\/index.php\/2022\/12\/05\/ibge-32-dos-solos-do-pais-tem-potencial-natural-para-a-agricultura\/","title":{"rendered":"IBGE: 32% dos solos do Pa\u00eds t\u00eam potencial natural para a agricultura"},"content":{"rendered":"\n<p><em><span class=\"has-inline-color has-black-color\">Pa\u00eds tem mais de 500 tipos de solos<\/span><\/em><\/p>\n\n\n\n<div class=\"wp-block-image\"><figure class=\"aligncenter size-large\"><img decoding=\"async\" src=\"https:\/\/jornalfatosenoticias.com.br\/wp-content\/uploads\/2020\/02\/Serra-Grande-1024x160.png\" alt=\"\" class=\"wp-image-7836\"\/><\/figure><\/div>\n\n\n\n<p>Entre os mais de 500 tipos de solos existentes no Brasil, 29,6% t\u00eam boa e 2,3% muito boa potencialidade ao desenvolvimento agr\u00edcola. Outros 33,5% apresentam potencialidade moderada, com problemas relativamente f\u00e1ceis de serem corrigidos. As \u00e1reas com restri\u00e7\u00f5es significativas s\u00e3o 21,4% do territ\u00f3rio nacional e em 11% do Pa\u00eds as \u00e1reas t\u00eam restri\u00e7\u00f5es muito fortes ao uso agr\u00edcola.<\/p>\n\n\n\n<div class=\"wp-block-image\"><figure class=\"aligncenter size-large\"><img loading=\"lazy\" decoding=\"async\" width=\"300\" height=\"250\" src=\"https:\/\/jornalfatosenoticias.com.br\/wp-content\/uploads\/2022\/08\/arte-Casarao.jpg\" alt=\"\" class=\"wp-image-33178\"\/><\/figure><\/div>\n\n\n\n<p>\u00c9 o que mostra o <strong><a href=\"https:\/\/geoftp.ibge.gov.br\/informacoes_ambientais\/estudos_ambientais\/macrocaracterizacao\/mapa\/potencialidade_agricola_natural_das_terras.pdf\" target=\"_blank\" rel=\"noreferrer noopener\">Mapa de Potencialidade Agr\u00edcola Natural das Terras do Brasil<\/a><\/strong> divulgado hoje (5) pelo Instituto Brasileiro de Geografia e Estat\u00edstica (IBGE), quando se comemora o Dia Mundial do Solo, data implementada pela Organiza\u00e7\u00e3o das Na\u00e7\u00f5es Unidas para a Alimenta\u00e7\u00e3o e a Agricultura (FAO).<br>O analista da pesquisa, Daniel Pontoni, destaca que o Brasil \u00e9 um dos maiores produtores de alimentos do mundo, o que demonstra a import\u00e2ncia da publica\u00e7\u00e3o, que \u00e9 in\u00e9dita.<\/p>\n\n\n\n<div class=\"wp-block-image\"><figure class=\"aligncenter size-large is-resized\"><img loading=\"lazy\" decoding=\"async\" src=\"https:\/\/jornalfatosenoticias.com.br\/wp-content\/uploads\/2022\/02\/Precisao-Contabilidade-1024x724.jpg\" alt=\"\" class=\"wp-image-28088\" width=\"300\" height=\"212\"\/><\/figure><\/div>\n\n\n\n<figure class=\"wp-block-pullquote\"><blockquote><p><span class=\"has-inline-color has-luminous-vivid-orange-color\">Buscamos entender melhor o potencial agr\u00edcola do solo do Brasil e suas limita\u00e7\u00f5es, fazendo uma an\u00e1lise n\u00e3o indicativa de uso, mas interpretativa do solo e do relevo\u201d.<\/span><\/p><\/blockquote><\/figure>\n\n\n\n<div class=\"wp-block-image\"><figure class=\"alignleft size-large is-resized\"><img loading=\"lazy\" decoding=\"async\" src=\"https:\/\/jornalfatosenoticias.com.br\/wp-content\/uploads\/2020\/02\/logo-clinica-limoeiro.jpg\" alt=\"\" class=\"wp-image-34610\" width=\"330\" height=\"234\"\/><\/figure><\/div>\n\n\n\n<p>A publica\u00e7\u00e3o interpretou o potencial natural dos solos para a agricultura, a partir do mapeamento do IBGE, levando em considera\u00e7\u00e3o os recursos naturais, o solo e o relevo. O instituto destaca que os mais de 500 tipos de solos do Brasil foram classificados segundo caracter\u00edsticas como textura, pedregosidade, rochosidade e erodibilidade, para definir se a terra tem potencialidade ou restri\u00e7\u00f5es ao desenvolvimento agr\u00edcola.<\/p>\n\n\n\n<div class=\"wp-block-image\"><figure class=\"aligncenter size-large\"><img loading=\"lazy\" decoding=\"async\" width=\"1024\" height=\"100\" src=\"https:\/\/jornalfatosenoticias.com.br\/wp-content\/uploads\/2022\/05\/NOVA-LOGO-CESCONETTO-1024x100.jpg\" alt=\"\" class=\"wp-image-30792\" srcset=\"https:\/\/jornalfatosenoticias.com.br\/wp-content\/uploads\/2022\/05\/NOVA-LOGO-CESCONETTO-1024x100.jpg 1024w, https:\/\/jornalfatosenoticias.com.br\/wp-content\/uploads\/2022\/05\/NOVA-LOGO-CESCONETTO-300x29.jpg 300w, https:\/\/jornalfatosenoticias.com.br\/wp-content\/uploads\/2022\/05\/NOVA-LOGO-CESCONETTO-768x75.jpg 768w, https:\/\/jornalfatosenoticias.com.br\/wp-content\/uploads\/2022\/05\/NOVA-LOGO-CESCONETTO.jpg 1280w\" sizes=\"auto, (max-width: 1024px) 100vw, 1024px\" \/><\/figure><\/div>\n\n\n\n<p>Os locais com potencialidade moderada s\u00e3o as que t\u00eam relevos ligeiramente acidentados e que exigem adequa\u00e7\u00f5es para a agricultura, mas que s\u00e3o relativamente f\u00e1ceis de serem corrigidos. As \u00e1reas com restri\u00e7\u00f5es significativas t\u00eam relevos mais acidentados, com problemas de fertilidade e restri\u00e7\u00f5es de profundidade, o que pediria a\u00e7\u00f5es mais complexas de manejo agr\u00edcola e uma agricultura especializada adaptada.<\/p>\n\n\n\n<div class=\"wp-block-image\"><figure class=\"aligncenter size-large is-resized\"><img loading=\"lazy\" decoding=\"async\" src=\"https:\/\/jornalfatosenoticias.com.br\/wp-content\/uploads\/2020\/02\/logo-embacia.jpg\" alt=\"\" class=\"wp-image-33905\" width=\"238\" height=\"238\"\/><\/figure><\/div>\n\n\n\n<p>J\u00e1 a classifica\u00e7\u00e3o de \u00e1reas com restri\u00e7\u00f5es muito fortes ao uso agr\u00edcola indica locais com declividade muito acentuada, a presen\u00e7a de sais indesej\u00e1veis ou restri\u00e7\u00f5es importantes de profundidade, o que exigiria a\u00e7\u00f5es muito significativas e intensivas para tornar a terra adequada ao plantio.<\/p>\n\n\n\n<div class=\"wp-block-image\"><figure class=\"aligncenter size-large\"><img loading=\"lazy\" decoding=\"async\" width=\"1024\" height=\"111\" src=\"https:\/\/jornalfatosenoticias.com.br\/wp-content\/uploads\/2020\/02\/WhatsApp-Image-2022-09-23-at-12.09.18-1024x111.jpeg\" alt=\"\" class=\"wp-image-34527\" srcset=\"https:\/\/jornalfatosenoticias.com.br\/wp-content\/uploads\/2020\/02\/WhatsApp-Image-2022-09-23-at-12.09.18-1024x111.jpeg 1024w, https:\/\/jornalfatosenoticias.com.br\/wp-content\/uploads\/2020\/02\/WhatsApp-Image-2022-09-23-at-12.09.18-300x32.jpeg 300w, https:\/\/jornalfatosenoticias.com.br\/wp-content\/uploads\/2020\/02\/WhatsApp-Image-2022-09-23-at-12.09.18-768x83.jpeg 768w, https:\/\/jornalfatosenoticias.com.br\/wp-content\/uploads\/2020\/02\/WhatsApp-Image-2022-09-23-at-12.09.18.jpeg 1121w\" sizes=\"auto, (max-width: 1024px) 100vw, 1024px\" \/><\/figure><\/div>\n\n\n\n<p>Pontoni explica que tamb\u00e9m foram classificadas assim as \u00e1reas de preserva\u00e7\u00e3o ou conserva\u00e7\u00e3o em fun\u00e7\u00e3o da fragilidade do ambiente. \u201cS\u00e3o locais onde a agricultura pode levar \u00e0 degrada\u00e7\u00e3o\u201d, afirma.<\/p>\n\n\n\n<div class=\"wp-block-image\"><figure class=\"aligncenter size-large is-resized\"><img loading=\"lazy\" decoding=\"async\" src=\"https:\/\/jornalfatosenoticias.com.br\/wp-content\/uploads\/2022\/08\/logo-locau-veiculos-1024x573.png\" alt=\"\" class=\"wp-image-33078\" width=\"334\" height=\"186\"\/><\/figure><\/div>\n\n\n\n<p>O analista destaca ainda que o mapa n\u00e3o traz detalhamento local, apenas regional, e que n\u00e3o foram levadas em conta as atribui\u00e7\u00f5es legais de \u00e1reas como, por exemplo, as unidades de conserva\u00e7\u00e3o do meio ambiente ou os territ\u00f3rios ind\u00edgenas ou quilombolas.<\/p>\n\n\n\n<div class=\"wp-block-image\"><figure class=\"aligncenter size-large\"><img decoding=\"async\" src=\"https:\/\/jornalfatosenoticias.com.br\/wp-content\/uploads\/2020\/02\/logo_esteio.jpg\" alt=\"\" class=\"wp-image-1214\"\/><\/figure><\/div>\n\n\n\n<figure class=\"wp-block-pullquote\"><blockquote><p><span class=\"has-inline-color has-luminous-vivid-orange-color\">As \u00e1reas que possuem algum enquadramento ou atribui\u00e7\u00e3o legal devem ser respeitadas de acordo com as leis estabelecidas\u201d, ressalta o analista.<\/span><\/p><\/blockquote><\/figure>\n\n\n\n<div class=\"wp-block-image\"><figure class=\"aligncenter size-large\"><img loading=\"lazy\" decoding=\"async\" width=\"560\" height=\"60\" src=\"https:\/\/jornalfatosenoticias.com.br\/wp-content\/uploads\/2022\/10\/Propaganda-RC-Radiadores-Jornal_page-0001.jpg\" alt=\"\" class=\"wp-image-35270\" srcset=\"https:\/\/jornalfatosenoticias.com.br\/wp-content\/uploads\/2022\/10\/Propaganda-RC-Radiadores-Jornal_page-0001.jpg 560w, https:\/\/jornalfatosenoticias.com.br\/wp-content\/uploads\/2022\/10\/Propaganda-RC-Radiadores-Jornal_page-0001-300x32.jpg 300w\" sizes=\"auto, (max-width: 560px) 100vw, 560px\" \/><\/figure><\/div>\n\n\n\n<p><em><strong>Fonte: <a href=\"https:\/\/agenciabrasil.ebc.com.br\/geral\/noticia\/2022-12\/ibge-32-dos-solos-do-pais-tem-potencial-natural-para-agricultura\">Ag\u00eancia Brasil<\/a><\/strong><\/em><\/p>\n","protected":false},"excerpt":{"rendered":"<p>Pa\u00eds tem mais de 500 tipos de solos Entre os mais de 500 tipos de solos existentes no Brasil, 29,6% t\u00eam boa e 2,3% muito boa potencialidade ao desenvolvimento agr\u00edcola. Outros 33,5% apresentam potencialidade moderada, com problemas relativamente f\u00e1ceis de serem corrigidos. As \u00e1reas com restri\u00e7\u00f5es significativas s\u00e3o 21,4% do territ\u00f3rio nacional e em 11% [&hellip;]<\/p>\n","protected":false},"author":2,"featured_media":36595,"comment_status":"open","ping_status":"open","sticky":false,"template":"","format":"standard","meta":{"footnotes":""},"categories":[5],"tags":[3061,1281,4601,17176],"class_list":["post-36594","post","type-post","status-publish","format-standard","has-post-thumbnail","hentry","category-geral","tag-agricultura","tag-ibge","tag-solo","tag-tipos-de-solos"],"yoast_head":"<!-- This site is optimized with the Yoast SEO plugin v26.5 - https:\/\/yoast.com\/wordpress\/plugins\/seo\/ -->\n<title>IBGE: 32% dos solos do Pa\u00eds t\u00eam potencial natural para a agricultura - Jornal Fatos e Not\u00edcias<\/title>\n<meta name=\"robots\" content=\"index, follow, max-snippet:-1, max-image-preview:large, max-video-preview:-1\" \/>\n<link rel=\"canonical\" href=\"https:\/\/jornalfatosenoticias.com.br\/index.php\/2022\/12\/05\/ibge-32-dos-solos-do-pais-tem-potencial-natural-para-a-agricultura\/\" \/>\n<meta property=\"og:locale\" content=\"pt_BR\" \/>\n<meta property=\"og:type\" content=\"article\" \/>\n<meta property=\"og:title\" content=\"IBGE: 32% dos solos do Pa\u00eds t\u00eam potencial natural para a agricultura - Jornal Fatos e Not\u00edcias\" \/>\n<meta property=\"og:description\" content=\"Pa\u00eds tem mais de 500 tipos de solos Entre os mais de 500 tipos de solos existentes no Brasil, 29,6% t\u00eam boa e 2,3% muito boa potencialidade ao desenvolvimento agr\u00edcola. Outros 33,5% apresentam potencialidade moderada, com problemas relativamente f\u00e1ceis de serem corrigidos. As \u00e1reas com restri\u00e7\u00f5es significativas s\u00e3o 21,4% do territ\u00f3rio nacional e em 11% [&hellip;]\" \/>\n<meta property=\"og:url\" content=\"https:\/\/jornalfatosenoticias.com.br\/index.php\/2022\/12\/05\/ibge-32-dos-solos-do-pais-tem-potencial-natural-para-a-agricultura\/\" \/>\n<meta property=\"og:site_name\" content=\"Jornal Fatos e Not\u00edcias\" \/>\n<meta property=\"article:published_time\" content=\"2022-12-05T17:21:23+00:00\" \/>\n<meta property=\"article:modified_time\" content=\"2022-12-05T17:21:25+00:00\" \/>\n<meta property=\"og:image\" content=\"https:\/\/jornalfatosenoticias.com.br\/wp-content\/uploads\/2022\/12\/agricultura_Brasil.jpg\" \/>\n\t<meta property=\"og:image:width\" content=\"1000\" \/>\n\t<meta property=\"og:image:height\" content=\"598\" \/>\n\t<meta property=\"og:image:type\" content=\"image\/jpeg\" \/>\n<meta name=\"author\" content=\"Luzimara Fernandes\" \/>\n<meta name=\"twitter:card\" content=\"summary_large_image\" \/>\n<meta name=\"twitter:label1\" content=\"Escrito por\" \/>\n\t<meta name=\"twitter:data1\" content=\"Luzimara Fernandes\" \/>\n\t<meta name=\"twitter:label2\" content=\"Est. tempo de leitura\" \/>\n\t<meta name=\"twitter:data2\" content=\"2 minutos\" \/>\n<script type=\"application\/ld+json\" class=\"yoast-schema-graph\">{\"@context\":\"https:\/\/schema.org\",\"@graph\":[{\"@type\":\"Article\",\"@id\":\"https:\/\/jornalfatosenoticias.com.br\/index.php\/2022\/12\/05\/ibge-32-dos-solos-do-pais-tem-potencial-natural-para-a-agricultura\/#article\",\"isPartOf\":{\"@id\":\"https:\/\/jornalfatosenoticias.com.br\/index.php\/2022\/12\/05\/ibge-32-dos-solos-do-pais-tem-potencial-natural-para-a-agricultura\/\"},\"author\":{\"name\":\"Luzimara Fernandes\",\"@id\":\"https:\/\/jornalfatosenoticias.com.br\/#\/schema\/person\/d63837fa13ac8666eb9e74e0985d6f81\"},\"headline\":\"IBGE: 32% dos solos do Pa\u00eds t\u00eam potencial natural para a agricultura\",\"datePublished\":\"2022-12-05T17:21:23+00:00\",\"dateModified\":\"2022-12-05T17:21:25+00:00\",\"mainEntityOfPage\":{\"@id\":\"https:\/\/jornalfatosenoticias.com.br\/index.php\/2022\/12\/05\/ibge-32-dos-solos-do-pais-tem-potencial-natural-para-a-agricultura\/\"},\"wordCount\":486,\"commentCount\":0,\"publisher\":{\"@id\":\"https:\/\/jornalfatosenoticias.com.br\/#organization\"},\"image\":{\"@id\":\"https:\/\/jornalfatosenoticias.com.br\/index.php\/2022\/12\/05\/ibge-32-dos-solos-do-pais-tem-potencial-natural-para-a-agricultura\/#primaryimage\"},\"thumbnailUrl\":\"https:\/\/jornalfatosenoticias.com.br\/wp-content\/uploads\/2022\/12\/agricultura_Brasil.jpg\",\"keywords\":[\"agricultura\",\"IBGE\",\"solo\",\"tipos de solos\"],\"articleSection\":[\"Geral\"],\"inLanguage\":\"pt-BR\",\"potentialAction\":[{\"@type\":\"CommentAction\",\"name\":\"Comment\",\"target\":[\"https:\/\/jornalfatosenoticias.com.br\/index.php\/2022\/12\/05\/ibge-32-dos-solos-do-pais-tem-potencial-natural-para-a-agricultura\/#respond\"]}]},{\"@type\":\"WebPage\",\"@id\":\"https:\/\/jornalfatosenoticias.com.br\/index.php\/2022\/12\/05\/ibge-32-dos-solos-do-pais-tem-potencial-natural-para-a-agricultura\/\",\"url\":\"https:\/\/jornalfatosenoticias.com.br\/index.php\/2022\/12\/05\/ibge-32-dos-solos-do-pais-tem-potencial-natural-para-a-agricultura\/\",\"name\":\"IBGE: 32% dos solos do Pa\u00eds t\u00eam potencial natural para a agricultura - Jornal Fatos e Not\u00edcias\",\"isPartOf\":{\"@id\":\"https:\/\/jornalfatosenoticias.com.br\/#website\"},\"primaryImageOfPage\":{\"@id\":\"https:\/\/jornalfatosenoticias.com.br\/index.php\/2022\/12\/05\/ibge-32-dos-solos-do-pais-tem-potencial-natural-para-a-agricultura\/#primaryimage\"},\"image\":{\"@id\":\"https:\/\/jornalfatosenoticias.com.br\/index.php\/2022\/12\/05\/ibge-32-dos-solos-do-pais-tem-potencial-natural-para-a-agricultura\/#primaryimage\"},\"thumbnailUrl\":\"https:\/\/jornalfatosenoticias.com.br\/wp-content\/uploads\/2022\/12\/agricultura_Brasil.jpg\",\"datePublished\":\"2022-12-05T17:21:23+00:00\",\"dateModified\":\"2022-12-05T17:21:25+00:00\",\"breadcrumb\":{\"@id\":\"https:\/\/jornalfatosenoticias.com.br\/index.php\/2022\/12\/05\/ibge-32-dos-solos-do-pais-tem-potencial-natural-para-a-agricultura\/#breadcrumb\"},\"inLanguage\":\"pt-BR\",\"potentialAction\":[{\"@type\":\"ReadAction\",\"target\":[\"https:\/\/jornalfatosenoticias.com.br\/index.php\/2022\/12\/05\/ibge-32-dos-solos-do-pais-tem-potencial-natural-para-a-agricultura\/\"]}]},{\"@type\":\"ImageObject\",\"inLanguage\":\"pt-BR\",\"@id\":\"https:\/\/jornalfatosenoticias.com.br\/index.php\/2022\/12\/05\/ibge-32-dos-solos-do-pais-tem-potencial-natural-para-a-agricultura\/#primaryimage\",\"url\":\"https:\/\/jornalfatosenoticias.com.br\/wp-content\/uploads\/2022\/12\/agricultura_Brasil.jpg\",\"contentUrl\":\"https:\/\/jornalfatosenoticias.com.br\/wp-content\/uploads\/2022\/12\/agricultura_Brasil.jpg\",\"width\":1000,\"height\":598,\"caption\":\"Chapad\u00e3o do c\u00e9u - GO. Aplica\u00e7\u00e3o de herbicida, fertilizante. Agricultura de precis\u00e3o. Agro 4.0. Foto: Wenderson Araujo\/Trilux\"},{\"@type\":\"BreadcrumbList\",\"@id\":\"https:\/\/jornalfatosenoticias.com.br\/index.php\/2022\/12\/05\/ibge-32-dos-solos-do-pais-tem-potencial-natural-para-a-agricultura\/#breadcrumb\",\"itemListElement\":[{\"@type\":\"ListItem\",\"position\":1,\"name\":\"In\u00edcio\",\"item\":\"https:\/\/jornalfatosenoticias.com.br\/\"},{\"@type\":\"ListItem\",\"position\":2,\"name\":\"IBGE: 32% dos solos do Pa\u00eds t\u00eam potencial natural para a agricultura\"}]},{\"@type\":\"WebSite\",\"@id\":\"https:\/\/jornalfatosenoticias.com.br\/#website\",\"url\":\"https:\/\/jornalfatosenoticias.com.br\/\",\"name\":\"Jornal Fatos e Not\u00edcias\",\"description\":\"Not\u00edcias em geral\",\"publisher\":{\"@id\":\"https:\/\/jornalfatosenoticias.com.br\/#organization\"},\"potentialAction\":[{\"@type\":\"SearchAction\",\"target\":{\"@type\":\"EntryPoint\",\"urlTemplate\":\"https:\/\/jornalfatosenoticias.com.br\/?s={search_term_string}\"},\"query-input\":{\"@type\":\"PropertyValueSpecification\",\"valueRequired\":true,\"valueName\":\"search_term_string\"}}],\"inLanguage\":\"pt-BR\"},{\"@type\":\"Organization\",\"@id\":\"https:\/\/jornalfatosenoticias.com.br\/#organization\",\"name\":\"Jornal Fatos e Not\u00edcias\",\"url\":\"https:\/\/jornalfatosenoticias.com.br\/\",\"logo\":{\"@type\":\"ImageObject\",\"inLanguage\":\"pt-BR\",\"@id\":\"https:\/\/jornalfatosenoticias.com.br\/#\/schema\/logo\/image\/\",\"url\":\"https:\/\/jornalfatosenoticias.com.br\/wp-content\/uploads\/2020\/02\/logo120.png\",\"contentUrl\":\"https:\/\/jornalfatosenoticias.com.br\/wp-content\/uploads\/2020\/02\/logo120.png\",\"width\":1227,\"height\":120,\"caption\":\"Jornal Fatos e Not\u00edcias\"},\"image\":{\"@id\":\"https:\/\/jornalfatosenoticias.com.br\/#\/schema\/logo\/image\/\"}},{\"@type\":\"Person\",\"@id\":\"https:\/\/jornalfatosenoticias.com.br\/#\/schema\/person\/d63837fa13ac8666eb9e74e0985d6f81\",\"name\":\"Luzimara Fernandes\",\"image\":{\"@type\":\"ImageObject\",\"inLanguage\":\"pt-BR\",\"@id\":\"https:\/\/jornalfatosenoticias.com.br\/#\/schema\/person\/image\/\",\"url\":\"https:\/\/jornalfatosenoticias.com.br\/wp-content\/uploads\/2025\/05\/EU_portal.jpg\",\"contentUrl\":\"https:\/\/jornalfatosenoticias.com.br\/wp-content\/uploads\/2025\/05\/EU_portal.jpg\",\"caption\":\"Luzimara Fernandes\"},\"description\":\"Jornalista MTB 2358-ES\",\"sameAs\":[\"https:\/\/jornalfatosenoticias.com.br\"],\"url\":\"https:\/\/jornalfatosenoticias.com.br\/index.php\/author\/luzimara\/\"}]}<\/script>\n<!-- \/ Yoast SEO plugin. -->","yoast_head_json":{"title":"IBGE: 32% dos solos do Pa\u00eds t\u00eam potencial natural para a agricultura - Jornal Fatos e Not\u00edcias","robots":{"index":"index","follow":"follow","max-snippet":"max-snippet:-1","max-image-preview":"max-image-preview:large","max-video-preview":"max-video-preview:-1"},"canonical":"https:\/\/jornalfatosenoticias.com.br\/index.php\/2022\/12\/05\/ibge-32-dos-solos-do-pais-tem-potencial-natural-para-a-agricultura\/","og_locale":"pt_BR","og_type":"article","og_title":"IBGE: 32% dos solos do Pa\u00eds t\u00eam potencial natural para a agricultura - Jornal Fatos e Not\u00edcias","og_description":"Pa\u00eds tem mais de 500 tipos de solos Entre os mais de 500 tipos de solos existentes no Brasil, 29,6% t\u00eam boa e 2,3% muito boa potencialidade ao desenvolvimento agr\u00edcola. Outros 33,5% apresentam potencialidade moderada, com problemas relativamente f\u00e1ceis de serem corrigidos. As \u00e1reas com restri\u00e7\u00f5es significativas s\u00e3o 21,4% do territ\u00f3rio nacional e em 11% [&hellip;]","og_url":"https:\/\/jornalfatosenoticias.com.br\/index.php\/2022\/12\/05\/ibge-32-dos-solos-do-pais-tem-potencial-natural-para-a-agricultura\/","og_site_name":"Jornal Fatos e Not\u00edcias","article_published_time":"2022-12-05T17:21:23+00:00","article_modified_time":"2022-12-05T17:21:25+00:00","og_image":[{"width":1000,"height":598,"url":"https:\/\/jornalfatosenoticias.com.br\/wp-content\/uploads\/2022\/12\/agricultura_Brasil.jpg","type":"image\/jpeg"}],"author":"Luzimara Fernandes","twitter_card":"summary_large_image","twitter_misc":{"Escrito por":"Luzimara Fernandes","Est. tempo de leitura":"2 minutos"},"schema":{"@context":"https:\/\/schema.org","@graph":[{"@type":"Article","@id":"https:\/\/jornalfatosenoticias.com.br\/index.php\/2022\/12\/05\/ibge-32-dos-solos-do-pais-tem-potencial-natural-para-a-agricultura\/#article","isPartOf":{"@id":"https:\/\/jornalfatosenoticias.com.br\/index.php\/2022\/12\/05\/ibge-32-dos-solos-do-pais-tem-potencial-natural-para-a-agricultura\/"},"author":{"name":"Luzimara Fernandes","@id":"https:\/\/jornalfatosenoticias.com.br\/#\/schema\/person\/d63837fa13ac8666eb9e74e0985d6f81"},"headline":"IBGE: 32% dos solos do Pa\u00eds t\u00eam potencial natural para a agricultura","datePublished":"2022-12-05T17:21:23+00:00","dateModified":"2022-12-05T17:21:25+00:00","mainEntityOfPage":{"@id":"https:\/\/jornalfatosenoticias.com.br\/index.php\/2022\/12\/05\/ibge-32-dos-solos-do-pais-tem-potencial-natural-para-a-agricultura\/"},"wordCount":486,"commentCount":0,"publisher":{"@id":"https:\/\/jornalfatosenoticias.com.br\/#organization"},"image":{"@id":"https:\/\/jornalfatosenoticias.com.br\/index.php\/2022\/12\/05\/ibge-32-dos-solos-do-pais-tem-potencial-natural-para-a-agricultura\/#primaryimage"},"thumbnailUrl":"https:\/\/jornalfatosenoticias.com.br\/wp-content\/uploads\/2022\/12\/agricultura_Brasil.jpg","keywords":["agricultura","IBGE","solo","tipos de solos"],"articleSection":["Geral"],"inLanguage":"pt-BR","potentialAction":[{"@type":"CommentAction","name":"Comment","target":["https:\/\/jornalfatosenoticias.com.br\/index.php\/2022\/12\/05\/ibge-32-dos-solos-do-pais-tem-potencial-natural-para-a-agricultura\/#respond"]}]},{"@type":"WebPage","@id":"https:\/\/jornalfatosenoticias.com.br\/index.php\/2022\/12\/05\/ibge-32-dos-solos-do-pais-tem-potencial-natural-para-a-agricultura\/","url":"https:\/\/jornalfatosenoticias.com.br\/index.php\/2022\/12\/05\/ibge-32-dos-solos-do-pais-tem-potencial-natural-para-a-agricultura\/","name":"IBGE: 32% dos solos do Pa\u00eds t\u00eam potencial natural para a agricultura - Jornal Fatos e Not\u00edcias","isPartOf":{"@id":"https:\/\/jornalfatosenoticias.com.br\/#website"},"primaryImageOfPage":{"@id":"https:\/\/jornalfatosenoticias.com.br\/index.php\/2022\/12\/05\/ibge-32-dos-solos-do-pais-tem-potencial-natural-para-a-agricultura\/#primaryimage"},"image":{"@id":"https:\/\/jornalfatosenoticias.com.br\/index.php\/2022\/12\/05\/ibge-32-dos-solos-do-pais-tem-potencial-natural-para-a-agricultura\/#primaryimage"},"thumbnailUrl":"https:\/\/jornalfatosenoticias.com.br\/wp-content\/uploads\/2022\/12\/agricultura_Brasil.jpg","datePublished":"2022-12-05T17:21:23+00:00","dateModified":"2022-12-05T17:21:25+00:00","breadcrumb":{"@id":"https:\/\/jornalfatosenoticias.com.br\/index.php\/2022\/12\/05\/ibge-32-dos-solos-do-pais-tem-potencial-natural-para-a-agricultura\/#breadcrumb"},"inLanguage":"pt-BR","potentialAction":[{"@type":"ReadAction","target":["https:\/\/jornalfatosenoticias.com.br\/index.php\/2022\/12\/05\/ibge-32-dos-solos-do-pais-tem-potencial-natural-para-a-agricultura\/"]}]},{"@type":"ImageObject","inLanguage":"pt-BR","@id":"https:\/\/jornalfatosenoticias.com.br\/index.php\/2022\/12\/05\/ibge-32-dos-solos-do-pais-tem-potencial-natural-para-a-agricultura\/#primaryimage","url":"https:\/\/jornalfatosenoticias.com.br\/wp-content\/uploads\/2022\/12\/agricultura_Brasil.jpg","contentUrl":"https:\/\/jornalfatosenoticias.com.br\/wp-content\/uploads\/2022\/12\/agricultura_Brasil.jpg","width":1000,"height":598,"caption":"Chapad\u00e3o do c\u00e9u - GO. Aplica\u00e7\u00e3o de herbicida, fertilizante. Agricultura de precis\u00e3o. Agro 4.0. Foto: Wenderson Araujo\/Trilux"},{"@type":"BreadcrumbList","@id":"https:\/\/jornalfatosenoticias.com.br\/index.php\/2022\/12\/05\/ibge-32-dos-solos-do-pais-tem-potencial-natural-para-a-agricultura\/#breadcrumb","itemListElement":[{"@type":"ListItem","position":1,"name":"In\u00edcio","item":"https:\/\/jornalfatosenoticias.com.br\/"},{"@type":"ListItem","position":2,"name":"IBGE: 32% dos solos do Pa\u00eds t\u00eam potencial natural para a agricultura"}]},{"@type":"WebSite","@id":"https:\/\/jornalfatosenoticias.com.br\/#website","url":"https:\/\/jornalfatosenoticias.com.br\/","name":"Jornal Fatos e Not\u00edcias","description":"Not\u00edcias em geral","publisher":{"@id":"https:\/\/jornalfatosenoticias.com.br\/#organization"},"potentialAction":[{"@type":"SearchAction","target":{"@type":"EntryPoint","urlTemplate":"https:\/\/jornalfatosenoticias.com.br\/?s={search_term_string}"},"query-input":{"@type":"PropertyValueSpecification","valueRequired":true,"valueName":"search_term_string"}}],"inLanguage":"pt-BR"},{"@type":"Organization","@id":"https:\/\/jornalfatosenoticias.com.br\/#organization","name":"Jornal Fatos e Not\u00edcias","url":"https:\/\/jornalfatosenoticias.com.br\/","logo":{"@type":"ImageObject","inLanguage":"pt-BR","@id":"https:\/\/jornalfatosenoticias.com.br\/#\/schema\/logo\/image\/","url":"https:\/\/jornalfatosenoticias.com.br\/wp-content\/uploads\/2020\/02\/logo120.png","contentUrl":"https:\/\/jornalfatosenoticias.com.br\/wp-content\/uploads\/2020\/02\/logo120.png","width":1227,"height":120,"caption":"Jornal Fatos e Not\u00edcias"},"image":{"@id":"https:\/\/jornalfatosenoticias.com.br\/#\/schema\/logo\/image\/"}},{"@type":"Person","@id":"https:\/\/jornalfatosenoticias.com.br\/#\/schema\/person\/d63837fa13ac8666eb9e74e0985d6f81","name":"Luzimara Fernandes","image":{"@type":"ImageObject","inLanguage":"pt-BR","@id":"https:\/\/jornalfatosenoticias.com.br\/#\/schema\/person\/image\/","url":"https:\/\/jornalfatosenoticias.com.br\/wp-content\/uploads\/2025\/05\/EU_portal.jpg","contentUrl":"https:\/\/jornalfatosenoticias.com.br\/wp-content\/uploads\/2025\/05\/EU_portal.jpg","caption":"Luzimara Fernandes"},"description":"Jornalista MTB 2358-ES","sameAs":["https:\/\/jornalfatosenoticias.com.br"],"url":"https:\/\/jornalfatosenoticias.com.br\/index.php\/author\/luzimara\/"}]}},"cc_featured_image_caption":{"caption_text":"(Foto: CNA\/Wenderson Ara\u00fajo\/Trilux) ","source_text":"","source_url":""},"jetpack_featured_media_url":"https:\/\/jornalfatosenoticias.com.br\/wp-content\/uploads\/2022\/12\/agricultura_Brasil.jpg","_links":{"self":[{"href":"https:\/\/jornalfatosenoticias.com.br\/index.php\/wp-json\/wp\/v2\/posts\/36594","targetHints":{"allow":["GET"]}}],"collection":[{"href":"https:\/\/jornalfatosenoticias.com.br\/index.php\/wp-json\/wp\/v2\/posts"}],"about":[{"href":"https:\/\/jornalfatosenoticias.com.br\/index.php\/wp-json\/wp\/v2\/types\/post"}],"author":[{"embeddable":true,"href":"https:\/\/jornalfatosenoticias.com.br\/index.php\/wp-json\/wp\/v2\/users\/2"}],"replies":[{"embeddable":true,"href":"https:\/\/jornalfatosenoticias.com.br\/index.php\/wp-json\/wp\/v2\/comments?post=36594"}],"version-history":[{"count":0,"href":"https:\/\/jornalfatosenoticias.com.br\/index.php\/wp-json\/wp\/v2\/posts\/36594\/revisions"}],"wp:featuredmedia":[{"embeddable":true,"href":"https:\/\/jornalfatosenoticias.com.br\/index.php\/wp-json\/wp\/v2\/media\/36595"}],"wp:attachment":[{"href":"https:\/\/jornalfatosenoticias.com.br\/index.php\/wp-json\/wp\/v2\/media?parent=36594"}],"wp:term":[{"taxonomy":"category","embeddable":true,"href":"https:\/\/jornalfatosenoticias.com.br\/index.php\/wp-json\/wp\/v2\/categories?post=36594"},{"taxonomy":"post_tag","embeddable":true,"href":"https:\/\/jornalfatosenoticias.com.br\/index.php\/wp-json\/wp\/v2\/tags?post=36594"}],"curies":[{"name":"wp","href":"https:\/\/api.w.org\/{rel}","templated":true}]}}