{"id":36610,"date":"2022-12-05T15:27:48","date_gmt":"2022-12-05T18:27:48","guid":{"rendered":"https:\/\/jornalfatosenoticias.com.br\/?p=36610"},"modified":"2022-12-05T15:27:50","modified_gmt":"2022-12-05T18:27:50","slug":"diabetes-e-a-principal-causa-de-doencas-cardiovasculares-no-brasil","status":"publish","type":"post","link":"https:\/\/jornalfatosenoticias.com.br\/index.php\/2022\/12\/05\/diabetes-e-a-principal-causa-de-doencas-cardiovasculares-no-brasil\/","title":{"rendered":"Diabetes \u00e9 a principal causa de doen\u00e7as cardiovasculares no Brasil"},"content":{"rendered":"\n<p><em><span class=\"has-inline-color has-black-color\">Estudo brasileiro apontou que a hiperglicemia \u00e9 o que mais potencializou mortes por doen\u00e7as do cora\u00e7\u00e3o<\/span><\/em><\/p>\n\n\n\n<div class=\"wp-block-image\"><figure class=\"aligncenter size-large\"><img loading=\"lazy\" decoding=\"async\" width=\"1024\" height=\"103\" src=\"https:\/\/jornalfatosenoticias.com.br\/wp-content\/uploads\/2022\/02\/Arte-Autoescola-Galatas_endereco_portal-1024x103.png\" alt=\"\" class=\"wp-image-27869\" srcset=\"https:\/\/jornalfatosenoticias.com.br\/wp-content\/uploads\/2022\/02\/Arte-Autoescola-Galatas_endereco_portal-1024x103.png 1024w, https:\/\/jornalfatosenoticias.com.br\/wp-content\/uploads\/2022\/02\/Arte-Autoescola-Galatas_endereco_portal-300x30.png 300w, https:\/\/jornalfatosenoticias.com.br\/wp-content\/uploads\/2022\/02\/Arte-Autoescola-Galatas_endereco_portal-768x77.png 768w, https:\/\/jornalfatosenoticias.com.br\/wp-content\/uploads\/2022\/02\/Arte-Autoescola-Galatas_endereco_portal.png 1223w\" sizes=\"auto, (max-width: 1024px) 100vw, 1024px\" \/><\/figure><\/div>\n\n\n\n<p>Um novo estudo realizado por pesquisadores do Instituto do Cora\u00e7\u00e3o (Incor) da Universidade de S\u00e3o Paulo (USP) apontou que a <a href=\"https:\/\/olhardigital.com.br\/tag\/hiperglicemia\/\" target=\"_blank\" rel=\"noreferrer noopener\">hiperglicemia<\/a>, resultado do diabetes n\u00e3o controlado, \u00e9 o fator de risco modific\u00e1vel \u2014 que pode ser evitado com acompanhamento adequado \u2014 que mais impactou no n\u00famero de mortes por\u00a0<a href=\"https:\/\/olhardigital.com.br\/tag\/doencas-cardiovasculares\/\" target=\"_blank\" rel=\"noreferrer noopener\">doen\u00e7as cardiovasculares<\/a> no Brasil.<\/p>\n\n\n\n<div class=\"wp-block-image\"><figure class=\"aligncenter size-large is-resized\"><img loading=\"lazy\" decoding=\"async\" src=\"https:\/\/jornalfatosenoticias.com.br\/wp-content\/uploads\/2020\/02\/logo-clinica-limoeiro.jpg\" alt=\"\" class=\"wp-image-34610\" width=\"313\" height=\"222\"\/><\/figure><\/div>\n\n\n\n<p>Conforme os dados do <a href=\"https:\/\/click.cse360.com.br\/Click\/AddCampaignEmailClick\/4caa6f11-5539-434d-5b4c-08dac3ee9348\/https%253a%252f%252fdiabetesatlas.org%252fidfawp%252fresource-files%252f2021%252f07%252fIDF_Atlas_10th_Edition_2021.pdf\/046de553-198e-4951-b8e9-c773326c9261\/redacao@olhardigital.com.br\/True\" target=\"_blank\" rel=\"noreferrer noopener\">Atlas do Diabetes da International Diabetes Federation (IDF),<\/a> o Brasil tem 15,9 milh\u00f5es de habitantes com diabetes. Esses n\u00fameros se tornam ainda mais preocupantes diante da rela\u00e7\u00e3o com doen\u00e7as cardiovasculares, consideradas l\u00edderes de mortalidade no Brasil. De acordo com informa\u00e7\u00f5es da Sociedade Brasileira de Cardiologia (SBC), cerca de 14 milh\u00f5es de brasileiros t\u00eam alguma dessas doen\u00e7as e 400 mil morrem em decorr\u00eancia delas todo ano.<\/p>\n\n\n\n<div class=\"wp-block-image\"><figure class=\"aligncenter size-large\"><img loading=\"lazy\" decoding=\"async\" width=\"1024\" height=\"100\" src=\"https:\/\/jornalfatosenoticias.com.br\/wp-content\/uploads\/2022\/05\/NOVA-LOGO-CESCONETTO-1024x100.jpg\" alt=\"\" class=\"wp-image-30792\" srcset=\"https:\/\/jornalfatosenoticias.com.br\/wp-content\/uploads\/2022\/05\/NOVA-LOGO-CESCONETTO-1024x100.jpg 1024w, https:\/\/jornalfatosenoticias.com.br\/wp-content\/uploads\/2022\/05\/NOVA-LOGO-CESCONETTO-300x29.jpg 300w, https:\/\/jornalfatosenoticias.com.br\/wp-content\/uploads\/2022\/05\/NOVA-LOGO-CESCONETTO-768x75.jpg 768w, https:\/\/jornalfatosenoticias.com.br\/wp-content\/uploads\/2022\/05\/NOVA-LOGO-CESCONETTO.jpg 1280w\" sizes=\"auto, (max-width: 1024px) 100vw, 1024px\" \/><\/figure><\/div>\n\n\n\n<p>Segundo o endocrinologista Guilherme Borges, os dados refor\u00e7am a import\u00e2ncia do controle dos n\u00edveis hormonais do paciente como parte fundamental da manuten\u00e7\u00e3o da sa\u00fade. <\/p>\n\n\n\n<div class=\"wp-block-image\"><figure class=\"aligncenter size-large\"><img decoding=\"async\" src=\"https:\/\/jornalfatosenoticias.com.br\/wp-content\/uploads\/2020\/02\/logo_esteio.jpg\" alt=\"\" class=\"wp-image-1214\"\/><\/figure><\/div>\n\n\n\n<figure class=\"wp-block-pullquote\"><blockquote><p><span class=\"has-inline-color has-luminous-vivid-orange-color\">Vemos que diversos horm\u00f4nios t\u00eam rela\u00e7\u00e3o com doen\u00e7as cardiovasculares e, por isso, as doen\u00e7as end\u00f3crinas precisam ser levadas a s\u00e9rio, acompanhadas e tratadas de forma adequada\u201d.<\/span><\/p><\/blockquote><\/figure>\n\n\n\n<div class=\"wp-block-image\"><figure class=\"aligncenter size-large\"><img loading=\"lazy\" decoding=\"async\" width=\"560\" height=\"60\" src=\"https:\/\/jornalfatosenoticias.com.br\/wp-content\/uploads\/2022\/10\/Propaganda-RC-Radiadores-Jornal_page-0001.jpg\" alt=\"\" class=\"wp-image-35270\" srcset=\"https:\/\/jornalfatosenoticias.com.br\/wp-content\/uploads\/2022\/10\/Propaganda-RC-Radiadores-Jornal_page-0001.jpg 560w, https:\/\/jornalfatosenoticias.com.br\/wp-content\/uploads\/2022\/10\/Propaganda-RC-Radiadores-Jornal_page-0001-300x32.jpg 300w\" sizes=\"auto, (max-width: 560px) 100vw, 560px\" \/><\/figure><\/div>\n\n\n\n<p><strong><span class=\"has-inline-color has-black-color\">Rela\u00e7\u00e3o diabetes e doen\u00e7as cardiovasculares<br><\/span><\/strong>Borges esclarece que, quando descompensado, o diabetes leva a um processo inflamat\u00f3rio importante que prejudica a fun\u00e7\u00e3o dos vasos sangu\u00edneos, principalmente suas camadas internas. <\/p>\n\n\n\n<div class=\"wp-block-image\"><figure class=\"aligncenter size-large is-resized\"><img loading=\"lazy\" decoding=\"async\" src=\"https:\/\/jornalfatosenoticias.com.br\/wp-content\/uploads\/2022\/08\/logo-locau-veiculos-1024x573.png\" alt=\"\" class=\"wp-image-33078\" width=\"332\" height=\"185\"\/><\/figure><\/div>\n\n\n\n<figure class=\"wp-block-pullquote\"><blockquote><p><span class=\"has-inline-color has-luminous-vivid-orange-color\">Existe uma chance maior de doen\u00e7a ateroscler\u00f3tica, de ac\u00famulo de gordura nas art\u00e9rias. Essas placas podem ser mais inflamat\u00f3rias, podem se romper com mais facilidade e gerar eventos isqu\u00eamicos como, por exemplo, o infarto e o acidente vascular cerebral (AVC)\u201d.<\/span><\/p><\/blockquote><\/figure>\n\n\n\n<div class=\"wp-block-image\"><figure class=\"aligncenter size-large\"><img loading=\"lazy\" decoding=\"async\" width=\"1024\" height=\"111\" src=\"https:\/\/jornalfatosenoticias.com.br\/wp-content\/uploads\/2020\/02\/WhatsApp-Image-2022-09-23-at-12.09.18-1024x111.jpeg\" alt=\"\" class=\"wp-image-34527\" srcset=\"https:\/\/jornalfatosenoticias.com.br\/wp-content\/uploads\/2020\/02\/WhatsApp-Image-2022-09-23-at-12.09.18-1024x111.jpeg 1024w, https:\/\/jornalfatosenoticias.com.br\/wp-content\/uploads\/2020\/02\/WhatsApp-Image-2022-09-23-at-12.09.18-300x32.jpeg 300w, https:\/\/jornalfatosenoticias.com.br\/wp-content\/uploads\/2020\/02\/WhatsApp-Image-2022-09-23-at-12.09.18-768x83.jpeg 768w, https:\/\/jornalfatosenoticias.com.br\/wp-content\/uploads\/2020\/02\/WhatsApp-Image-2022-09-23-at-12.09.18.jpeg 1121w\" sizes=\"auto, (max-width: 1024px) 100vw, 1024px\" \/><\/figure><\/div>\n\n\n\n<p>No estudo realizado pelo Incor, foram comparados dados de diferentes entidades para cada fator de risco cardiovascular. Na pesquisa, foi poss\u00edvel correlacionar uma redu\u00e7\u00e3o de mortalidade e incid\u00eancia com a redu\u00e7\u00e3o nos \u00edndices de tabagismo. No entanto, houve aumento nos \u00edndices de hiperglicemia, obesidade e dislipidemias. Isso significa que, por um lado, houve queda no risco de doen\u00e7as cardiovasculares em fumantes, mas o mesmo \u00edndice em pessoas com diabetes descompensado aumentou.<\/p>\n\n\n\n<div class=\"wp-block-image\"><figure class=\"aligncenter size-large\"><img loading=\"lazy\" decoding=\"async\" width=\"300\" height=\"250\" src=\"https:\/\/jornalfatosenoticias.com.br\/wp-content\/uploads\/2022\/08\/arte-Casarao.jpg\" alt=\"\" class=\"wp-image-33178\"\/><\/figure><\/div>\n\n\n\n<figure class=\"wp-block-pullquote\"><blockquote><p><span class=\"has-inline-color has-luminous-vivid-orange-color\">A causa cardiovascular \u00e9 a principal causa de morte nos pacientes como um todo, mas principalmente em pacientes com diabetes\u201d, pontua o m\u00e9dico.<\/span><\/p><\/blockquote><\/figure>\n\n\n\n<div class=\"wp-block-image\"><figure class=\"aligncenter size-large is-resized\"><img loading=\"lazy\" decoding=\"async\" src=\"https:\/\/jornalfatosenoticias.com.br\/wp-content\/uploads\/2022\/07\/Logo-Grupo-SEI.jpg\" alt=\"\" class=\"wp-image-31973\" width=\"322\" height=\"169\" srcset=\"https:\/\/jornalfatosenoticias.com.br\/wp-content\/uploads\/2022\/07\/Logo-Grupo-SEI.jpg 713w, https:\/\/jornalfatosenoticias.com.br\/wp-content\/uploads\/2022\/07\/Logo-Grupo-SEI-300x158.jpg 300w\" sizes=\"auto, (max-width: 322px) 100vw, 322px\" \/><\/figure><\/div>\n\n\n\n<p>Ainda segundo o especialista, muitas vezes o paciente com diabetes \u00e9 classificado como tendo alto risco cardiovascular, o que leva a uma maior preocupa\u00e7\u00e3o com seus n\u00edveis de colesterol. Sendo assim, a meta de LDL, mais conhecido como colesterol \u201cruim\u201d, \u00e9 mais r\u00edgida e, quando se trata de uma pessoa que al\u00e9m do diabetes tamb\u00e9m j\u00e1 teve algum evento cardiovascular, a meta \u00e9 ainda mais baixa. <\/p>\n\n\n\n<div class=\"wp-block-image\"><figure class=\"aligncenter size-large\"><img decoding=\"async\" src=\"https:\/\/jornalfatosenoticias.com.br\/wp-content\/uploads\/2020\/02\/barao-das-carnes-300x164-1.jpg\" alt=\"\" class=\"wp-image-34339\"\/><\/figure><\/div>\n\n\n\n<figure class=\"wp-block-pullquote\"><blockquote><p><span class=\"has-inline-color has-luminous-vivid-orange-color\">Existe uma correla\u00e7\u00e3o direta entre a redu\u00e7\u00e3o de LDL colesterol e a redu\u00e7\u00e3o de eventos cardiovasculares. Isso parece proteger bastante o paciente desse ponto de vista\u201d, destaca.<\/span><\/p><\/blockquote><\/figure>\n\n\n\n<div class=\"wp-block-image\"><figure class=\"aligncenter size-large\"><img loading=\"lazy\" decoding=\"async\" width=\"1024\" height=\"110\" src=\"https:\/\/jornalfatosenoticias.com.br\/wp-content\/uploads\/2022\/10\/Arte-jornal-Zucchi-1120x120_Prancheta-1-1024x110.jpg\" alt=\"\" class=\"wp-image-34772\" srcset=\"https:\/\/jornalfatosenoticias.com.br\/wp-content\/uploads\/2022\/10\/Arte-jornal-Zucchi-1120x120_Prancheta-1-1024x110.jpg 1024w, https:\/\/jornalfatosenoticias.com.br\/wp-content\/uploads\/2022\/10\/Arte-jornal-Zucchi-1120x120_Prancheta-1-300x32.jpg 300w, https:\/\/jornalfatosenoticias.com.br\/wp-content\/uploads\/2022\/10\/Arte-jornal-Zucchi-1120x120_Prancheta-1-768x82.jpg 768w, https:\/\/jornalfatosenoticias.com.br\/wp-content\/uploads\/2022\/10\/Arte-jornal-Zucchi-1120x120_Prancheta-1-1536x165.jpg 1536w, https:\/\/jornalfatosenoticias.com.br\/wp-content\/uploads\/2022\/10\/Arte-jornal-Zucchi-1120x120_Prancheta-1-2048x219.jpg 2048w\" sizes=\"auto, (max-width: 1024px) 100vw, 1024px\" \/><\/figure><\/div>\n\n\n\n<p><strong><span class=\"has-inline-color has-black-color\">Al\u00e9m do diabetes<br><\/span><\/strong>Contudo, o diabetes n\u00e3o \u00e9 a \u00fanica preocupa\u00e7\u00e3o quando o assunto s\u00e3o dist\u00farbios metab\u00f3licos que aumenta o risco de doen\u00e7as cardiovasculares. O endocrinologista explica que o excesso de horm\u00f4nios da tireoide pode aumentar o risco de arritmias e de morte cardiovascular. Al\u00e9m disso, altera\u00e7\u00f5es na hip\u00f3fise, causadas pela rara Doen\u00e7a de Cushing, podem estimular as gl\u00e2ndulas adrenais a produzirem muito cortisol, desencadeando um processo de ac\u00famulo de gordura na regi\u00e3o mais alta do tronco, obesidade, pr\u00e9-diabetes e diabetes.<\/p>\n\n\n\n<div class=\"wp-block-image\"><figure class=\"alignleft size-large is-resized\"><img loading=\"lazy\" decoding=\"async\" src=\"https:\/\/jornalfatosenoticias.com.br\/wp-content\/uploads\/2020\/02\/logo-embacia.jpg\" alt=\"\" class=\"wp-image-33905\" width=\"255\" height=\"255\"\/><\/figure><\/div>\n\n\n\n<p>No mesmo sentido, o sobrepeso e a obesidade tamb\u00e9m s\u00e3o amea\u00e7as \u00e0 sa\u00fade cardiovascular por serem doen\u00e7as inflamat\u00f3rias que elevam o risco de doen\u00e7as cr\u00f4nicas j\u00e1 citadas, de hipertens\u00e3o e at\u00e9 de alguns tipos de c\u00e2ncer como o de endom\u00e9trio em mulheres.<br>Diante disso, o acompanhamento com especialistas se mostra fundamental, al\u00e9m, claro, do valor da ado\u00e7\u00e3o de h\u00e1bitos saud\u00e1veis; de acordo com o \u00faltimo levantamento divulgado pelo <a href=\"https:\/\/click.cse360.com.br\/Click\/AddCampaignEmailClick\/4caa6f11-5539-434d-5b4c-08dac3ee9348\/https%253a%252f%252fagenciabrasil.ebc.com.br%252fsaude%252fnoticia%252f2020-11%252fibge-403-dos-adultos-sao-considerados-sedentarios-no-brasil\/046de553-198e-4951-b8e9-c773326c9261\/redacao@olhardigital.com.br\/True\" target=\"_blank\" rel=\"noreferrer noopener\">Instituto Brasileiro de Geografia e Estat\u00edstica (IBGE),<\/a> 40,3% da popula\u00e7\u00e3o com mais de 18 anos foi classificada como \u201cinsuficientemente ativos\u201d. Para essa parcela, a pr\u00e1tica de atividade f\u00edsica \u00e9 inferior a 2h30 semanais, incluindo lazer, trabalho e deslocamento.<\/p>\n\n\n\n<div class=\"wp-block-image\"><figure class=\"aligncenter size-large is-resized\"><img loading=\"lazy\" decoding=\"async\" src=\"https:\/\/jornalfatosenoticias.com.br\/wp-content\/uploads\/2022\/02\/Precisao-Contabilidade-1024x724.jpg\" alt=\"\" class=\"wp-image-28088\" width=\"332\" height=\"235\"\/><\/figure><\/div>\n\n\n\n<figure class=\"wp-block-pullquote\"><blockquote><p><span class=\"has-inline-color has-luminous-vivid-orange-color\">Costumo dizer aos pacientes que exerc\u00edcio \u00e9 rem\u00e9dio e \u00e9 um rem\u00e9dio que voc\u00ea encontra nas diretrizes das mais diversas doen\u00e7as cr\u00f4nicas que existem, desde depress\u00e3o e ansiedade at\u00e9 doen\u00e7as autoimunes, doen\u00e7as osteoarticulares como a osteoporose e doen\u00e7as metab\u00f3licas como hipertens\u00e3o, diabetes, obesidade e sobrepeso\u201d, completa o m\u00e9dico, recomendando ainda boa hidrata\u00e7\u00e3o, melhora da composi\u00e7\u00e3o corporal e acompanhamento nutricional.<\/span><\/p><\/blockquote><\/figure>\n\n\n\n<p><strong><em>Fonte: <a href=\"https:\/\/olhardigital.com.br\/2022\/11\/29\/medicina-e-saude\/diabetes-e-a-principal-causa-de-doencas-cardiovasculares-no-brasil\/amp\/\">Olhar Digital<\/a><\/em><\/strong><\/p>\n","protected":false},"excerpt":{"rendered":"<p>Estudo brasileiro apontou que a hiperglicemia \u00e9 o que mais potencializou mortes por doen\u00e7as do cora\u00e7\u00e3o Um novo estudo realizado por pesquisadores do Instituto do Cora\u00e7\u00e3o (Incor) da Universidade de S\u00e3o Paulo (USP) apontou que a hiperglicemia, resultado do diabetes n\u00e3o controlado, \u00e9 o fator de risco modific\u00e1vel \u2014 que pode ser evitado com acompanhamento [&hellip;]<\/p>\n","protected":false},"author":2,"featured_media":36611,"comment_status":"open","ping_status":"open","sticky":false,"template":"","format":"standard","meta":{"footnotes":""},"categories":[11],"tags":[1221,58,2617,16838,17183,11063],"class_list":["post-36610","post","type-post","status-publish","format-standard","has-post-thumbnail","hentry","category-saude","tag-coracao","tag-diabetes","tag-doencas-cardiovasculares","tag-doencas-do-coracao","tag-hiperglicemia","tag-infarto"],"yoast_head":"<!-- This site is optimized with the Yoast SEO plugin v26.5 - https:\/\/yoast.com\/wordpress\/plugins\/seo\/ -->\n<title>Diabetes \u00e9 a principal causa de doen\u00e7as cardiovasculares no Brasil - Jornal Fatos e Not\u00edcias<\/title>\n<meta name=\"robots\" content=\"index, follow, max-snippet:-1, max-image-preview:large, max-video-preview:-1\" \/>\n<link rel=\"canonical\" href=\"https:\/\/jornalfatosenoticias.com.br\/index.php\/2022\/12\/05\/diabetes-e-a-principal-causa-de-doencas-cardiovasculares-no-brasil\/\" \/>\n<meta property=\"og:locale\" content=\"pt_BR\" \/>\n<meta property=\"og:type\" content=\"article\" \/>\n<meta property=\"og:title\" content=\"Diabetes \u00e9 a principal causa de doen\u00e7as cardiovasculares no Brasil - Jornal Fatos e Not\u00edcias\" \/>\n<meta property=\"og:description\" content=\"Estudo brasileiro apontou que a hiperglicemia \u00e9 o que mais potencializou mortes por doen\u00e7as do cora\u00e7\u00e3o Um novo estudo realizado por pesquisadores do Instituto do Cora\u00e7\u00e3o (Incor) da Universidade de S\u00e3o Paulo (USP) apontou que a hiperglicemia, resultado do diabetes n\u00e3o controlado, \u00e9 o fator de risco modific\u00e1vel \u2014 que pode ser evitado com acompanhamento [&hellip;]\" \/>\n<meta property=\"og:url\" content=\"https:\/\/jornalfatosenoticias.com.br\/index.php\/2022\/12\/05\/diabetes-e-a-principal-causa-de-doencas-cardiovasculares-no-brasil\/\" \/>\n<meta property=\"og:site_name\" content=\"Jornal Fatos e Not\u00edcias\" \/>\n<meta property=\"article:published_time\" content=\"2022-12-05T18:27:48+00:00\" \/>\n<meta property=\"article:modified_time\" content=\"2022-12-05T18:27:50+00:00\" \/>\n<meta property=\"og:image\" content=\"https:\/\/jornalfatosenoticias.com.br\/wp-content\/uploads\/2022\/12\/Diabetes.jpg\" \/>\n\t<meta property=\"og:image:width\" content=\"1000\" \/>\n\t<meta property=\"og:image:height\" content=\"550\" \/>\n\t<meta property=\"og:image:type\" content=\"image\/jpeg\" \/>\n<meta name=\"author\" content=\"Luzimara Fernandes\" \/>\n<meta name=\"twitter:card\" content=\"summary_large_image\" \/>\n<meta name=\"twitter:label1\" content=\"Escrito por\" \/>\n\t<meta name=\"twitter:data1\" content=\"Luzimara Fernandes\" \/>\n\t<meta name=\"twitter:label2\" content=\"Est. tempo de leitura\" \/>\n\t<meta name=\"twitter:data2\" content=\"4 minutos\" \/>\n<script type=\"application\/ld+json\" class=\"yoast-schema-graph\">{\"@context\":\"https:\/\/schema.org\",\"@graph\":[{\"@type\":\"Article\",\"@id\":\"https:\/\/jornalfatosenoticias.com.br\/index.php\/2022\/12\/05\/diabetes-e-a-principal-causa-de-doencas-cardiovasculares-no-brasil\/#article\",\"isPartOf\":{\"@id\":\"https:\/\/jornalfatosenoticias.com.br\/index.php\/2022\/12\/05\/diabetes-e-a-principal-causa-de-doencas-cardiovasculares-no-brasil\/\"},\"author\":{\"name\":\"Luzimara Fernandes\",\"@id\":\"https:\/\/jornalfatosenoticias.com.br\/#\/schema\/person\/d63837fa13ac8666eb9e74e0985d6f81\"},\"headline\":\"Diabetes \u00e9 a principal causa de doen\u00e7as cardiovasculares no Brasil\",\"datePublished\":\"2022-12-05T18:27:48+00:00\",\"dateModified\":\"2022-12-05T18:27:50+00:00\",\"mainEntityOfPage\":{\"@id\":\"https:\/\/jornalfatosenoticias.com.br\/index.php\/2022\/12\/05\/diabetes-e-a-principal-causa-de-doencas-cardiovasculares-no-brasil\/\"},\"wordCount\":789,\"commentCount\":0,\"publisher\":{\"@id\":\"https:\/\/jornalfatosenoticias.com.br\/#organization\"},\"image\":{\"@id\":\"https:\/\/jornalfatosenoticias.com.br\/index.php\/2022\/12\/05\/diabetes-e-a-principal-causa-de-doencas-cardiovasculares-no-brasil\/#primaryimage\"},\"thumbnailUrl\":\"https:\/\/jornalfatosenoticias.com.br\/wp-content\/uploads\/2022\/12\/Diabetes.jpg\",\"keywords\":[\"cora\u00e7\u00e3o\",\"diabetes\",\"doen\u00e7as cardiovasculares\",\"doen\u00e7as do cora\u00e7\u00e3o\",\"hiperglicemia\",\"infarto\"],\"articleSection\":[\"Sa\u00fade\"],\"inLanguage\":\"pt-BR\",\"potentialAction\":[{\"@type\":\"CommentAction\",\"name\":\"Comment\",\"target\":[\"https:\/\/jornalfatosenoticias.com.br\/index.php\/2022\/12\/05\/diabetes-e-a-principal-causa-de-doencas-cardiovasculares-no-brasil\/#respond\"]}]},{\"@type\":\"WebPage\",\"@id\":\"https:\/\/jornalfatosenoticias.com.br\/index.php\/2022\/12\/05\/diabetes-e-a-principal-causa-de-doencas-cardiovasculares-no-brasil\/\",\"url\":\"https:\/\/jornalfatosenoticias.com.br\/index.php\/2022\/12\/05\/diabetes-e-a-principal-causa-de-doencas-cardiovasculares-no-brasil\/\",\"name\":\"Diabetes \u00e9 a principal causa de doen\u00e7as cardiovasculares no Brasil - Jornal Fatos e Not\u00edcias\",\"isPartOf\":{\"@id\":\"https:\/\/jornalfatosenoticias.com.br\/#website\"},\"primaryImageOfPage\":{\"@id\":\"https:\/\/jornalfatosenoticias.com.br\/index.php\/2022\/12\/05\/diabetes-e-a-principal-causa-de-doencas-cardiovasculares-no-brasil\/#primaryimage\"},\"image\":{\"@id\":\"https:\/\/jornalfatosenoticias.com.br\/index.php\/2022\/12\/05\/diabetes-e-a-principal-causa-de-doencas-cardiovasculares-no-brasil\/#primaryimage\"},\"thumbnailUrl\":\"https:\/\/jornalfatosenoticias.com.br\/wp-content\/uploads\/2022\/12\/Diabetes.jpg\",\"datePublished\":\"2022-12-05T18:27:48+00:00\",\"dateModified\":\"2022-12-05T18:27:50+00:00\",\"breadcrumb\":{\"@id\":\"https:\/\/jornalfatosenoticias.com.br\/index.php\/2022\/12\/05\/diabetes-e-a-principal-causa-de-doencas-cardiovasculares-no-brasil\/#breadcrumb\"},\"inLanguage\":\"pt-BR\",\"potentialAction\":[{\"@type\":\"ReadAction\",\"target\":[\"https:\/\/jornalfatosenoticias.com.br\/index.php\/2022\/12\/05\/diabetes-e-a-principal-causa-de-doencas-cardiovasculares-no-brasil\/\"]}]},{\"@type\":\"ImageObject\",\"inLanguage\":\"pt-BR\",\"@id\":\"https:\/\/jornalfatosenoticias.com.br\/index.php\/2022\/12\/05\/diabetes-e-a-principal-causa-de-doencas-cardiovasculares-no-brasil\/#primaryimage\",\"url\":\"https:\/\/jornalfatosenoticias.com.br\/wp-content\/uploads\/2022\/12\/Diabetes.jpg\",\"contentUrl\":\"https:\/\/jornalfatosenoticias.com.br\/wp-content\/uploads\/2022\/12\/Diabetes.jpg\",\"width\":1000,\"height\":550},{\"@type\":\"BreadcrumbList\",\"@id\":\"https:\/\/jornalfatosenoticias.com.br\/index.php\/2022\/12\/05\/diabetes-e-a-principal-causa-de-doencas-cardiovasculares-no-brasil\/#breadcrumb\",\"itemListElement\":[{\"@type\":\"ListItem\",\"position\":1,\"name\":\"In\u00edcio\",\"item\":\"https:\/\/jornalfatosenoticias.com.br\/\"},{\"@type\":\"ListItem\",\"position\":2,\"name\":\"Diabetes \u00e9 a principal causa de doen\u00e7as cardiovasculares no Brasil\"}]},{\"@type\":\"WebSite\",\"@id\":\"https:\/\/jornalfatosenoticias.com.br\/#website\",\"url\":\"https:\/\/jornalfatosenoticias.com.br\/\",\"name\":\"Jornal Fatos e Not\u00edcias\",\"description\":\"Not\u00edcias em geral\",\"publisher\":{\"@id\":\"https:\/\/jornalfatosenoticias.com.br\/#organization\"},\"potentialAction\":[{\"@type\":\"SearchAction\",\"target\":{\"@type\":\"EntryPoint\",\"urlTemplate\":\"https:\/\/jornalfatosenoticias.com.br\/?s={search_term_string}\"},\"query-input\":{\"@type\":\"PropertyValueSpecification\",\"valueRequired\":true,\"valueName\":\"search_term_string\"}}],\"inLanguage\":\"pt-BR\"},{\"@type\":\"Organization\",\"@id\":\"https:\/\/jornalfatosenoticias.com.br\/#organization\",\"name\":\"Jornal Fatos e Not\u00edcias\",\"url\":\"https:\/\/jornalfatosenoticias.com.br\/\",\"logo\":{\"@type\":\"ImageObject\",\"inLanguage\":\"pt-BR\",\"@id\":\"https:\/\/jornalfatosenoticias.com.br\/#\/schema\/logo\/image\/\",\"url\":\"https:\/\/jornalfatosenoticias.com.br\/wp-content\/uploads\/2020\/02\/logo120.png\",\"contentUrl\":\"https:\/\/jornalfatosenoticias.com.br\/wp-content\/uploads\/2020\/02\/logo120.png\",\"width\":1227,\"height\":120,\"caption\":\"Jornal Fatos e Not\u00edcias\"},\"image\":{\"@id\":\"https:\/\/jornalfatosenoticias.com.br\/#\/schema\/logo\/image\/\"}},{\"@type\":\"Person\",\"@id\":\"https:\/\/jornalfatosenoticias.com.br\/#\/schema\/person\/d63837fa13ac8666eb9e74e0985d6f81\",\"name\":\"Luzimara Fernandes\",\"image\":{\"@type\":\"ImageObject\",\"inLanguage\":\"pt-BR\",\"@id\":\"https:\/\/jornalfatosenoticias.com.br\/#\/schema\/person\/image\/\",\"url\":\"https:\/\/jornalfatosenoticias.com.br\/wp-content\/uploads\/2025\/05\/EU_portal.jpg\",\"contentUrl\":\"https:\/\/jornalfatosenoticias.com.br\/wp-content\/uploads\/2025\/05\/EU_portal.jpg\",\"caption\":\"Luzimara Fernandes\"},\"description\":\"Jornalista MTB 2358-ES\",\"sameAs\":[\"https:\/\/jornalfatosenoticias.com.br\"],\"url\":\"https:\/\/jornalfatosenoticias.com.br\/index.php\/author\/luzimara\/\"}]}<\/script>\n<!-- \/ Yoast SEO plugin. -->","yoast_head_json":{"title":"Diabetes \u00e9 a principal causa de doen\u00e7as cardiovasculares no Brasil - Jornal Fatos e Not\u00edcias","robots":{"index":"index","follow":"follow","max-snippet":"max-snippet:-1","max-image-preview":"max-image-preview:large","max-video-preview":"max-video-preview:-1"},"canonical":"https:\/\/jornalfatosenoticias.com.br\/index.php\/2022\/12\/05\/diabetes-e-a-principal-causa-de-doencas-cardiovasculares-no-brasil\/","og_locale":"pt_BR","og_type":"article","og_title":"Diabetes \u00e9 a principal causa de doen\u00e7as cardiovasculares no Brasil - Jornal Fatos e Not\u00edcias","og_description":"Estudo brasileiro apontou que a hiperglicemia \u00e9 o que mais potencializou mortes por doen\u00e7as do cora\u00e7\u00e3o Um novo estudo realizado por pesquisadores do Instituto do Cora\u00e7\u00e3o (Incor) da Universidade de S\u00e3o Paulo (USP) apontou que a hiperglicemia, resultado do diabetes n\u00e3o controlado, \u00e9 o fator de risco modific\u00e1vel \u2014 que pode ser evitado com acompanhamento [&hellip;]","og_url":"https:\/\/jornalfatosenoticias.com.br\/index.php\/2022\/12\/05\/diabetes-e-a-principal-causa-de-doencas-cardiovasculares-no-brasil\/","og_site_name":"Jornal Fatos e Not\u00edcias","article_published_time":"2022-12-05T18:27:48+00:00","article_modified_time":"2022-12-05T18:27:50+00:00","og_image":[{"width":1000,"height":550,"url":"https:\/\/jornalfatosenoticias.com.br\/wp-content\/uploads\/2022\/12\/Diabetes.jpg","type":"image\/jpeg"}],"author":"Luzimara Fernandes","twitter_card":"summary_large_image","twitter_misc":{"Escrito por":"Luzimara Fernandes","Est. tempo de leitura":"4 minutos"},"schema":{"@context":"https:\/\/schema.org","@graph":[{"@type":"Article","@id":"https:\/\/jornalfatosenoticias.com.br\/index.php\/2022\/12\/05\/diabetes-e-a-principal-causa-de-doencas-cardiovasculares-no-brasil\/#article","isPartOf":{"@id":"https:\/\/jornalfatosenoticias.com.br\/index.php\/2022\/12\/05\/diabetes-e-a-principal-causa-de-doencas-cardiovasculares-no-brasil\/"},"author":{"name":"Luzimara Fernandes","@id":"https:\/\/jornalfatosenoticias.com.br\/#\/schema\/person\/d63837fa13ac8666eb9e74e0985d6f81"},"headline":"Diabetes \u00e9 a principal causa de doen\u00e7as cardiovasculares no Brasil","datePublished":"2022-12-05T18:27:48+00:00","dateModified":"2022-12-05T18:27:50+00:00","mainEntityOfPage":{"@id":"https:\/\/jornalfatosenoticias.com.br\/index.php\/2022\/12\/05\/diabetes-e-a-principal-causa-de-doencas-cardiovasculares-no-brasil\/"},"wordCount":789,"commentCount":0,"publisher":{"@id":"https:\/\/jornalfatosenoticias.com.br\/#organization"},"image":{"@id":"https:\/\/jornalfatosenoticias.com.br\/index.php\/2022\/12\/05\/diabetes-e-a-principal-causa-de-doencas-cardiovasculares-no-brasil\/#primaryimage"},"thumbnailUrl":"https:\/\/jornalfatosenoticias.com.br\/wp-content\/uploads\/2022\/12\/Diabetes.jpg","keywords":["cora\u00e7\u00e3o","diabetes","doen\u00e7as cardiovasculares","doen\u00e7as do cora\u00e7\u00e3o","hiperglicemia","infarto"],"articleSection":["Sa\u00fade"],"inLanguage":"pt-BR","potentialAction":[{"@type":"CommentAction","name":"Comment","target":["https:\/\/jornalfatosenoticias.com.br\/index.php\/2022\/12\/05\/diabetes-e-a-principal-causa-de-doencas-cardiovasculares-no-brasil\/#respond"]}]},{"@type":"WebPage","@id":"https:\/\/jornalfatosenoticias.com.br\/index.php\/2022\/12\/05\/diabetes-e-a-principal-causa-de-doencas-cardiovasculares-no-brasil\/","url":"https:\/\/jornalfatosenoticias.com.br\/index.php\/2022\/12\/05\/diabetes-e-a-principal-causa-de-doencas-cardiovasculares-no-brasil\/","name":"Diabetes \u00e9 a principal causa de doen\u00e7as cardiovasculares no Brasil - Jornal Fatos e Not\u00edcias","isPartOf":{"@id":"https:\/\/jornalfatosenoticias.com.br\/#website"},"primaryImageOfPage":{"@id":"https:\/\/jornalfatosenoticias.com.br\/index.php\/2022\/12\/05\/diabetes-e-a-principal-causa-de-doencas-cardiovasculares-no-brasil\/#primaryimage"},"image":{"@id":"https:\/\/jornalfatosenoticias.com.br\/index.php\/2022\/12\/05\/diabetes-e-a-principal-causa-de-doencas-cardiovasculares-no-brasil\/#primaryimage"},"thumbnailUrl":"https:\/\/jornalfatosenoticias.com.br\/wp-content\/uploads\/2022\/12\/Diabetes.jpg","datePublished":"2022-12-05T18:27:48+00:00","dateModified":"2022-12-05T18:27:50+00:00","breadcrumb":{"@id":"https:\/\/jornalfatosenoticias.com.br\/index.php\/2022\/12\/05\/diabetes-e-a-principal-causa-de-doencas-cardiovasculares-no-brasil\/#breadcrumb"},"inLanguage":"pt-BR","potentialAction":[{"@type":"ReadAction","target":["https:\/\/jornalfatosenoticias.com.br\/index.php\/2022\/12\/05\/diabetes-e-a-principal-causa-de-doencas-cardiovasculares-no-brasil\/"]}]},{"@type":"ImageObject","inLanguage":"pt-BR","@id":"https:\/\/jornalfatosenoticias.com.br\/index.php\/2022\/12\/05\/diabetes-e-a-principal-causa-de-doencas-cardiovasculares-no-brasil\/#primaryimage","url":"https:\/\/jornalfatosenoticias.com.br\/wp-content\/uploads\/2022\/12\/Diabetes.jpg","contentUrl":"https:\/\/jornalfatosenoticias.com.br\/wp-content\/uploads\/2022\/12\/Diabetes.jpg","width":1000,"height":550},{"@type":"BreadcrumbList","@id":"https:\/\/jornalfatosenoticias.com.br\/index.php\/2022\/12\/05\/diabetes-e-a-principal-causa-de-doencas-cardiovasculares-no-brasil\/#breadcrumb","itemListElement":[{"@type":"ListItem","position":1,"name":"In\u00edcio","item":"https:\/\/jornalfatosenoticias.com.br\/"},{"@type":"ListItem","position":2,"name":"Diabetes \u00e9 a principal causa de doen\u00e7as cardiovasculares no Brasil"}]},{"@type":"WebSite","@id":"https:\/\/jornalfatosenoticias.com.br\/#website","url":"https:\/\/jornalfatosenoticias.com.br\/","name":"Jornal Fatos e Not\u00edcias","description":"Not\u00edcias em geral","publisher":{"@id":"https:\/\/jornalfatosenoticias.com.br\/#organization"},"potentialAction":[{"@type":"SearchAction","target":{"@type":"EntryPoint","urlTemplate":"https:\/\/jornalfatosenoticias.com.br\/?s={search_term_string}"},"query-input":{"@type":"PropertyValueSpecification","valueRequired":true,"valueName":"search_term_string"}}],"inLanguage":"pt-BR"},{"@type":"Organization","@id":"https:\/\/jornalfatosenoticias.com.br\/#organization","name":"Jornal Fatos e Not\u00edcias","url":"https:\/\/jornalfatosenoticias.com.br\/","logo":{"@type":"ImageObject","inLanguage":"pt-BR","@id":"https:\/\/jornalfatosenoticias.com.br\/#\/schema\/logo\/image\/","url":"https:\/\/jornalfatosenoticias.com.br\/wp-content\/uploads\/2020\/02\/logo120.png","contentUrl":"https:\/\/jornalfatosenoticias.com.br\/wp-content\/uploads\/2020\/02\/logo120.png","width":1227,"height":120,"caption":"Jornal Fatos e Not\u00edcias"},"image":{"@id":"https:\/\/jornalfatosenoticias.com.br\/#\/schema\/logo\/image\/"}},{"@type":"Person","@id":"https:\/\/jornalfatosenoticias.com.br\/#\/schema\/person\/d63837fa13ac8666eb9e74e0985d6f81","name":"Luzimara Fernandes","image":{"@type":"ImageObject","inLanguage":"pt-BR","@id":"https:\/\/jornalfatosenoticias.com.br\/#\/schema\/person\/image\/","url":"https:\/\/jornalfatosenoticias.com.br\/wp-content\/uploads\/2025\/05\/EU_portal.jpg","contentUrl":"https:\/\/jornalfatosenoticias.com.br\/wp-content\/uploads\/2025\/05\/EU_portal.jpg","caption":"Luzimara Fernandes"},"description":"Jornalista MTB 2358-ES","sameAs":["https:\/\/jornalfatosenoticias.com.br"],"url":"https:\/\/jornalfatosenoticias.com.br\/index.php\/author\/luzimara\/"}]}},"cc_featured_image_caption":{"caption_text":"(Foto: Chinnapong\/Shutterstock) ","source_text":"","source_url":""},"jetpack_featured_media_url":"https:\/\/jornalfatosenoticias.com.br\/wp-content\/uploads\/2022\/12\/Diabetes.jpg","_links":{"self":[{"href":"https:\/\/jornalfatosenoticias.com.br\/index.php\/wp-json\/wp\/v2\/posts\/36610","targetHints":{"allow":["GET"]}}],"collection":[{"href":"https:\/\/jornalfatosenoticias.com.br\/index.php\/wp-json\/wp\/v2\/posts"}],"about":[{"href":"https:\/\/jornalfatosenoticias.com.br\/index.php\/wp-json\/wp\/v2\/types\/post"}],"author":[{"embeddable":true,"href":"https:\/\/jornalfatosenoticias.com.br\/index.php\/wp-json\/wp\/v2\/users\/2"}],"replies":[{"embeddable":true,"href":"https:\/\/jornalfatosenoticias.com.br\/index.php\/wp-json\/wp\/v2\/comments?post=36610"}],"version-history":[{"count":0,"href":"https:\/\/jornalfatosenoticias.com.br\/index.php\/wp-json\/wp\/v2\/posts\/36610\/revisions"}],"wp:featuredmedia":[{"embeddable":true,"href":"https:\/\/jornalfatosenoticias.com.br\/index.php\/wp-json\/wp\/v2\/media\/36611"}],"wp:attachment":[{"href":"https:\/\/jornalfatosenoticias.com.br\/index.php\/wp-json\/wp\/v2\/media?parent=36610"}],"wp:term":[{"taxonomy":"category","embeddable":true,"href":"https:\/\/jornalfatosenoticias.com.br\/index.php\/wp-json\/wp\/v2\/categories?post=36610"},{"taxonomy":"post_tag","embeddable":true,"href":"https:\/\/jornalfatosenoticias.com.br\/index.php\/wp-json\/wp\/v2\/tags?post=36610"}],"curies":[{"name":"wp","href":"https:\/\/api.w.org\/{rel}","templated":true}]}}