{"id":36636,"date":"2022-12-06T12:11:37","date_gmt":"2022-12-06T15:11:37","guid":{"rendered":"https:\/\/jornalfatosenoticias.com.br\/?p=36636"},"modified":"2022-12-06T12:11:41","modified_gmt":"2022-12-06T15:11:41","slug":"condominio-em-goias-ganha-fazenda-urbana-e-agroflorestal","status":"publish","type":"post","link":"https:\/\/jornalfatosenoticias.com.br\/index.php\/2022\/12\/06\/condominio-em-goias-ganha-fazenda-urbana-e-agroflorestal\/","title":{"rendered":"Condom\u00ednio em Goi\u00e1s ganha fazenda urbana e agroflorestal"},"content":{"rendered":"\n<p><em><span class=\"has-inline-color has-black-color\">Al\u00e9m de um contato di\u00e1rio com a natureza, moradores ter\u00e3o produ\u00e7\u00e3o de alimentos org\u00e2nicos no \u201cquintal\u201d de casa<\/span><\/em><\/p>\n\n\n\n<div class=\"wp-block-image\"><figure class=\"aligncenter size-large\"><img loading=\"lazy\" decoding=\"async\" width=\"1024\" height=\"100\" src=\"https:\/\/jornalfatosenoticias.com.br\/wp-content\/uploads\/2022\/05\/NOVA-LOGO-CESCONETTO-1024x100.jpg\" alt=\"\" class=\"wp-image-30792\" srcset=\"https:\/\/jornalfatosenoticias.com.br\/wp-content\/uploads\/2022\/05\/NOVA-LOGO-CESCONETTO-1024x100.jpg 1024w, https:\/\/jornalfatosenoticias.com.br\/wp-content\/uploads\/2022\/05\/NOVA-LOGO-CESCONETTO-300x29.jpg 300w, https:\/\/jornalfatosenoticias.com.br\/wp-content\/uploads\/2022\/05\/NOVA-LOGO-CESCONETTO-768x75.jpg 768w, https:\/\/jornalfatosenoticias.com.br\/wp-content\/uploads\/2022\/05\/NOVA-LOGO-CESCONETTO.jpg 1280w\" sizes=\"auto, (max-width: 1024px) 100vw, 1024px\" \/><\/figure><\/div>\n\n\n\n<p>Morar \u201cno mato\u201d, ter a natureza pertinho e de quebra ainda colher <a href=\"https:\/\/ciclovivo.com.br\/planeta\/desenvolvimento\/relatorio-aponta-experiencias-agroflorestais-no-brasil\/\" target=\"_blank\" rel=\"noreferrer noopener\">alimentos cultivados de maneira sustent\u00e1vel<\/a>. Muita gente pensa que isso s\u00f3 \u00e9 poss\u00edvel quando se vive em casa, com um quintal muito grande ou em locais afastados. Mas n\u00e3o \u00e9 bem assim. Um condom\u00ednio de apartamentos em Aparecida de Goi\u00e2nia incorporou uma agroflorestal e uma floresta urbana em sua \u00e1rea comum.<\/p>\n\n\n\n<div class=\"wp-block-image\"><figure class=\"aligncenter size-large is-resized\"><img loading=\"lazy\" decoding=\"async\" src=\"https:\/\/jornalfatosenoticias.com.br\/wp-content\/uploads\/2020\/02\/casa-do-torresmo_portal.jpg\" alt=\"\" class=\"wp-image-34472\" width=\"271\" height=\"271\" srcset=\"https:\/\/jornalfatosenoticias.com.br\/wp-content\/uploads\/2020\/02\/casa-do-torresmo_portal.jpg 300w, https:\/\/jornalfatosenoticias.com.br\/wp-content\/uploads\/2020\/02\/casa-do-torresmo_portal-150x150.jpg 150w\" sizes=\"auto, (max-width: 271px) 100vw, 271px\" \/><\/figure><\/div>\n\n\n\n<p>O Parqville Figueira, empreendimento da CINQ Desenvolvimento Imobili\u00e1rio, vai dar aos moradores a oportunidade de ter \u201cno quintal\u201d de casa o cultivo de alimentos no sistema agroflorestal, al\u00e9m de um espa\u00e7o verde para quem precisar de um <a href=\"https:\/\/ciclovivo.com.br\/vida-sustentavel\/bem-estar\/conheca-a-tradicao-japonesa-do-banho-de-floresta-shinrin-yoku\/\" target=\"_blank\" rel=\"noreferrer noopener\">banho de floresta<\/a>. Caminhar no meio de \u00e1rvores, ouvir o canto dos p\u00e1ssaros e passar algum tempo do nosso dia na natureza traz benef\u00edcios comprovados para a nossa sa\u00fade f\u00edsica e mental.<\/p>\n\n\n\n<div class=\"wp-block-image\"><figure class=\"aligncenter size-large\"><img loading=\"lazy\" decoding=\"async\" width=\"560\" height=\"60\" src=\"https:\/\/jornalfatosenoticias.com.br\/wp-content\/uploads\/2022\/10\/Propaganda-RC-Radiadores-Jornal_page-0001.jpg\" alt=\"\" class=\"wp-image-35270\" srcset=\"https:\/\/jornalfatosenoticias.com.br\/wp-content\/uploads\/2022\/10\/Propaganda-RC-Radiadores-Jornal_page-0001.jpg 560w, https:\/\/jornalfatosenoticias.com.br\/wp-content\/uploads\/2022\/10\/Propaganda-RC-Radiadores-Jornal_page-0001-300x32.jpg 300w\" sizes=\"auto, (max-width: 560px) 100vw, 560px\" \/><\/figure><\/div>\n\n\n\n<p>As 295 fam\u00edlias que v\u00e3o viver no condom\u00ednio v\u00e3o ter \u00e0 disposi\u00e7\u00e3o uma unidade de produ\u00e7\u00e3o de alimentos org\u00e2nicos. Embora a manuten\u00e7\u00e3o da fazenda urbana seja feita por um trabalhador especializado contratado para esta finalidade, os moradores poder\u00e3o \u201ccolocar a m\u00e3o na massa\u201d se desejarem e o condom\u00ednio tamb\u00e9m poder\u00e1 realizar atividades de educa\u00e7\u00e3o ambiental e alimenta\u00e7\u00e3o saud\u00e1vel.<\/p>\n\n\n\n<div class=\"wp-block-image\"><figure class=\"aligncenter size-large is-resized\"><img loading=\"lazy\" decoding=\"async\" src=\"https:\/\/jornalfatosenoticias.com.br\/wp-content\/uploads\/2020\/02\/logo-Panper_portal.jpg\" alt=\"\" class=\"wp-image-34474\" width=\"276\" height=\"191\" srcset=\"https:\/\/jornalfatosenoticias.com.br\/wp-content\/uploads\/2020\/02\/logo-Panper_portal.jpg 400w, https:\/\/jornalfatosenoticias.com.br\/wp-content\/uploads\/2020\/02\/logo-Panper_portal-300x208.jpg 300w\" sizes=\"auto, (max-width: 276px) 100vw, 276px\" \/><\/figure><\/div>\n\n\n\n<p>Com uma \u00e1rea de 1.100 m\u00b2, a previs\u00e3o \u00e9 que a fazenda urbana do condom\u00ednio produza cerca de produ\u00e7\u00e3o de 100 <a href=\"https:\/\/ciclovivo.com.br\/inovacao\/negocios\/foodtech-vende-organicos-fora-do-padrao-mais-baratos\/\" target=\"_blank\" rel=\"noreferrer noopener\">cestas de produtos org\u00e2nicos<\/a>\u00a0por semana, com 10 itens cada. Isso equivale a mil itens (p\u00e9s de hortali\u00e7as) semanais e quatro mil que poder\u00e3o ser colhidos mensalmente. Os produtos ser\u00e3o comercializados pela associa\u00e7\u00e3o aos moradores, a pre\u00e7o de custo.<\/p>\n\n\n\n<div class=\"wp-block-image\"><figure class=\"aligncenter size-large\"><img decoding=\"async\" src=\"https:\/\/jornalfatosenoticias.com.br\/wp-content\/uploads\/2020\/02\/logo-embacia-1-1024x110.jpg\" alt=\"\" class=\"wp-image-33954\"\/><\/figure><\/div>\n\n\n\n<figure class=\"wp-block-image size-large\"><img loading=\"lazy\" decoding=\"async\" width=\"767\" height=\"800\" src=\"https:\/\/jornalfatosenoticias.com.br\/wp-content\/uploads\/2022\/12\/condominio-goias2.jpg\" alt=\"\" class=\"wp-image-36637\" srcset=\"https:\/\/jornalfatosenoticias.com.br\/wp-content\/uploads\/2022\/12\/condominio-goias2.jpg 767w, https:\/\/jornalfatosenoticias.com.br\/wp-content\/uploads\/2022\/12\/condominio-goias2-288x300.jpg 288w\" sizes=\"auto, (max-width: 767px) 100vw, 767px\" \/><figcaption><em><span class=\"has-inline-color has-black-color\">(Foto: Divulga\u00e7\u00e3o\/CINQ)<\/span><\/em><\/figcaption><\/figure>\n\n\n\n<div class=\"wp-block-image\"><figure class=\"alignleft size-large is-resized\"><img loading=\"lazy\" decoding=\"async\" src=\"https:\/\/jornalfatosenoticias.com.br\/wp-content\/uploads\/2022\/02\/Precisao-Contabilidade-1024x724.jpg\" alt=\"\" class=\"wp-image-28088\" width=\"312\" height=\"220\"\/><\/figure><\/div>\n\n\n\n<p>Al\u00e9m da fazenda para plantio de org\u00e2nicos, o condom\u00ednio ser\u00e1 o primeiro a ter uma agrofloresta urbana exclusiva para os moradores, um sistema de recupera\u00e7\u00e3o ambiental que combina esp\u00e9cies arb\u00f3reas com esp\u00e9cies alimentares e aumentar\u00e1 a produ\u00e7\u00e3o de alimentos no condom\u00ednio. Na fase inicial, enquanto as mudas das esp\u00e9cies arb\u00f3reas est\u00e3o pequenas, s\u00e3o plantadas hortali\u00e7as, mandioca, pimenta, tomate, banana, alfaces, r\u00faculas, agri\u00e3o, cenouras, beterrabas, couve-flor, br\u00f3colis, couves e outras que precisam receber sol.<\/p>\n\n\n\n<div class=\"wp-block-image\"><figure class=\"aligncenter size-large\"><img loading=\"lazy\" decoding=\"async\" width=\"1024\" height=\"99\" src=\"https:\/\/jornalfatosenoticias.com.br\/wp-content\/uploads\/2020\/02\/Logo-Mizu-segunda-2-1024x99.png\" alt=\"\" class=\"wp-image-2353\" srcset=\"https:\/\/jornalfatosenoticias.com.br\/wp-content\/uploads\/2020\/02\/Logo-Mizu-segunda-2-1024x99.png 1024w, https:\/\/jornalfatosenoticias.com.br\/wp-content\/uploads\/2020\/02\/Logo-Mizu-segunda-2-300x29.png 300w, https:\/\/jornalfatosenoticias.com.br\/wp-content\/uploads\/2020\/02\/Logo-Mizu-segunda-2-768x74.png 768w, https:\/\/jornalfatosenoticias.com.br\/wp-content\/uploads\/2020\/02\/Logo-Mizu-segunda-2.png 1240w\" sizes=\"auto, (max-width: 1024px) 100vw, 1024px\" \/><\/figure><\/div>\n\n\n\n<p>Nas fases seguintes, as esp\u00e9cies alimentares ser\u00e3o as frut\u00edferas e culturas de meia sombra que se desenvolvem bem sob as \u00e1rvores que crescem. Ser\u00e3o 2.700 mudas plantadas inicialmente, j\u00e1 na fase de obras do condom\u00ednio, em uma \u00e1rea de 2,4 hectares.<\/p>\n\n\n\n<div class=\"wp-block-image\"><figure class=\"alignright size-large is-resized\"><img loading=\"lazy\" decoding=\"async\" src=\"https:\/\/jornalfatosenoticias.com.br\/wp-content\/uploads\/2020\/02\/logo-clinica-limoeiro.jpg\" alt=\"\" class=\"wp-image-34610\" width=\"300\" height=\"213\"\/><\/figure><\/div>\n\n\n\n<p><strong><span class=\"has-inline-color has-vivid-green-cyan-color\">Preserva\u00e7\u00e3o<br><\/span><\/strong>Eduardo Pinheiro, um dos s\u00f3cios da CINQ Desenvolvimento Imobili\u00e1rio, explica que a agrofloresta foi inclu\u00edda no projeto ap\u00f3s a empresa descobrir dois olhos d\u2019\u00e1gua at\u00e9 ent\u00e3o desconhecidos durante suas prospec\u00e7\u00f5es t\u00e9cnicas e ambientais dentro da \u00e1rea. Para preserv\u00e1-los foi necess\u00e1rio criar um raio de 100 metros de mata, inexistente na concep\u00e7\u00e3o inicial, e a agrofloresta foi a t\u00e9cnica escolhida para o <a href=\"https:\/\/ciclovivo.com.br\/planeta\/desenvolvimento\/projetos-de-reflorestamento-promovem-igualdade-de-genero\/\" target=\"_blank\" rel=\"noreferrer noopener\">reflorestamento<\/a>.<\/p>\n\n\n\n<div class=\"wp-block-image\"><figure class=\"aligncenter size-large\"><img loading=\"lazy\" decoding=\"async\" width=\"1024\" height=\"110\" src=\"https:\/\/jornalfatosenoticias.com.br\/wp-content\/uploads\/2022\/10\/Arte-jornal-Zucchi-1120x120_Prancheta-1-1024x110.jpg\" alt=\"\" class=\"wp-image-34772\" srcset=\"https:\/\/jornalfatosenoticias.com.br\/wp-content\/uploads\/2022\/10\/Arte-jornal-Zucchi-1120x120_Prancheta-1-1024x110.jpg 1024w, https:\/\/jornalfatosenoticias.com.br\/wp-content\/uploads\/2022\/10\/Arte-jornal-Zucchi-1120x120_Prancheta-1-300x32.jpg 300w, https:\/\/jornalfatosenoticias.com.br\/wp-content\/uploads\/2022\/10\/Arte-jornal-Zucchi-1120x120_Prancheta-1-768x82.jpg 768w, https:\/\/jornalfatosenoticias.com.br\/wp-content\/uploads\/2022\/10\/Arte-jornal-Zucchi-1120x120_Prancheta-1-1536x165.jpg 1536w, https:\/\/jornalfatosenoticias.com.br\/wp-content\/uploads\/2022\/10\/Arte-jornal-Zucchi-1120x120_Prancheta-1-2048x219.jpg 2048w\" sizes=\"auto, (max-width: 1024px) 100vw, 1024px\" \/><\/figure><\/div>\n\n\n\n<p>De acordo com especialistas, a mistura das esp\u00e9cies \u00e9 a melhor forma de promover o desenvolvimento natural de uma floresta, considerada uma das melhores alternativas para reflorestamento urbano. Em simbiose, as esp\u00e9cies se desenvolvem, com a biodiversidade contribuindo para o enriquecimento do solo, a produ\u00e7\u00e3o de alimentos, entre outros benef\u00edcios.<\/p>\n\n\n\n<div class=\"wp-block-image\"><figure class=\"aligncenter size-large is-resized\"><img loading=\"lazy\" decoding=\"async\" src=\"https:\/\/jornalfatosenoticias.com.br\/wp-content\/uploads\/2020\/02\/nova-logo-Marquetti.jpg\" alt=\"\" class=\"wp-image-22331\" width=\"269\" height=\"181\" srcset=\"https:\/\/jornalfatosenoticias.com.br\/wp-content\/uploads\/2020\/02\/nova-logo-Marquetti.jpg 643w, https:\/\/jornalfatosenoticias.com.br\/wp-content\/uploads\/2020\/02\/nova-logo-Marquetti-300x202.jpg 300w\" sizes=\"auto, (max-width: 269px) 100vw, 269px\" \/><\/figure><\/div>\n\n\n\n<figure class=\"wp-block-image size-large is-resized\"><img loading=\"lazy\" decoding=\"async\" src=\"https:\/\/jornalfatosenoticias.com.br\/wp-content\/uploads\/2022\/12\/condominio-goias3.jpg\" alt=\"\" class=\"wp-image-36638\" width=\"706\" height=\"706\" srcset=\"https:\/\/jornalfatosenoticias.com.br\/wp-content\/uploads\/2022\/12\/condominio-goias3.jpg 800w, https:\/\/jornalfatosenoticias.com.br\/wp-content\/uploads\/2022\/12\/condominio-goias3-300x300.jpg 300w, https:\/\/jornalfatosenoticias.com.br\/wp-content\/uploads\/2022\/12\/condominio-goias3-150x150.jpg 150w, https:\/\/jornalfatosenoticias.com.br\/wp-content\/uploads\/2022\/12\/condominio-goias3-768x768.jpg 768w\" sizes=\"auto, (max-width: 706px) 100vw, 706px\" \/><figcaption><em><span class=\"has-inline-color has-black-color\">(Foto: Divulga\u00e7\u00e3o\/CINQ)<\/span><\/em><\/figcaption><\/figure>\n\n\n\n<div class=\"wp-block-image\"><figure class=\"aligncenter size-large\"><img decoding=\"async\" src=\"https:\/\/jornalfatosenoticias.com.br\/wp-content\/uploads\/2020\/02\/logo_esteio.jpg\" alt=\"\" class=\"wp-image-1214\"\/><\/figure><\/div>\n\n\n\n<figure class=\"wp-block-pullquote\"><blockquote><p><span class=\"has-inline-color has-luminous-vivid-orange-color\">Al\u00e9m da produ\u00e7\u00e3o de alimentos, a agrofloresta aumentar\u00e1 a cobertura verde do condom\u00ednio, que j\u00e1 tem uma outra mata preservada\u201d, conta Pinheiro, um dos s\u00f3cios da CINQ Desenvolvimento Imobili\u00e1rio. <\/span><\/p><\/blockquote><\/figure>\n\n\n\n<div class=\"wp-block-image\"><figure class=\"aligncenter size-large\"><img loading=\"lazy\" decoding=\"async\" width=\"1024\" height=\"103\" src=\"https:\/\/jornalfatosenoticias.com.br\/wp-content\/uploads\/2022\/02\/Arte-Autoescola-Galatas_endereco_portal-1024x103.png\" alt=\"\" class=\"wp-image-27869\" srcset=\"https:\/\/jornalfatosenoticias.com.br\/wp-content\/uploads\/2022\/02\/Arte-Autoescola-Galatas_endereco_portal-1024x103.png 1024w, https:\/\/jornalfatosenoticias.com.br\/wp-content\/uploads\/2022\/02\/Arte-Autoescola-Galatas_endereco_portal-300x30.png 300w, https:\/\/jornalfatosenoticias.com.br\/wp-content\/uploads\/2022\/02\/Arte-Autoescola-Galatas_endereco_portal-768x77.png 768w, https:\/\/jornalfatosenoticias.com.br\/wp-content\/uploads\/2022\/02\/Arte-Autoescola-Galatas_endereco_portal.png 1223w\" sizes=\"auto, (max-width: 1024px) 100vw, 1024px\" \/><\/figure><\/div>\n\n\n\n<p>Ser\u00e3o duas \u00c1reas de Preserva\u00e7\u00e3o Permanente (APP), mais quatro \u00c1reas P\u00fablicas Municipais (APM), que juntas somam 113.174,16 m\u00b2. Para se ter ideia dessa dimens\u00e3o, ela corresponde a 1,5 vez a \u00e1rea de um dos parques mais visitados de Goi\u00e2nia, o Parque Vaca Brava.<\/p>\n\n\n\n<div class=\"wp-block-image\"><figure class=\"alignleft size-large\"><img decoding=\"async\" src=\"https:\/\/jornalfatosenoticias.com.br\/wp-content\/uploads\/2020\/02\/barao-das-carnes-300x164-1.jpg\" alt=\"\" class=\"wp-image-34339\"\/><\/figure><\/div>\n\n\n\n<p><strong><span class=\"has-inline-color has-vivid-green-cyan-color\">Jardins de chuva<br><\/span><\/strong>Outro diferencial ambiental do projeto \u00e9 a drenagem por meio de <a href=\"https:\/\/ciclovivo.com.br\/arq-urb\/urbanismo\/jardins-de-chuva-sp-centro\/\" target=\"_blank\" rel=\"noreferrer noopener\">jardins de chuva<\/a>. No Parqville Figueira, os jardins de chuva ser\u00e3o integrados ao paisagismo com a fun\u00e7\u00e3o de absorver as \u00e1guas das chuvas, que retornar\u00e3o ao seu ciclo natural.<br>A engenheira civil Fernanda Almeida, que assina o projeto de drenagem sustent\u00e1vel, explica que essa \u00e9 uma t\u00e9cnica altamente eficiente para gerenciar a \u00e1gua da chuva de modo a imitar a natureza. Ao inv\u00e9s de ser direcionada para os c\u00f3rregos por meio da tubula\u00e7\u00e3o, onde ganha velocidade, a \u00e1gua \u00e9 direcionada para recarregar o len\u00e7ol fre\u00e1tico.<\/p>\n\n\n\n<div class=\"wp-block-image\"><figure class=\"aligncenter size-large is-resized\"><img loading=\"lazy\" decoding=\"async\" src=\"https:\/\/jornalfatosenoticias.com.br\/wp-content\/uploads\/2022\/07\/Logo-Grupo-SEI.jpg\" alt=\"\" class=\"wp-image-31973\" width=\"303\" height=\"159\" srcset=\"https:\/\/jornalfatosenoticias.com.br\/wp-content\/uploads\/2022\/07\/Logo-Grupo-SEI.jpg 713w, https:\/\/jornalfatosenoticias.com.br\/wp-content\/uploads\/2022\/07\/Logo-Grupo-SEI-300x158.jpg 300w\" sizes=\"auto, (max-width: 303px) 100vw, 303px\" \/><\/figure><\/div>\n\n\n\n<p><strong><em>Fonte: <a href=\"https:\/\/ciclovivo.com.br\/arq-urb\/urbanismo\/condominio-em-goias-ganha-fazenda-urbana-e-agroflorestal\/\">CicloVivo<\/a><\/em><\/strong><\/p>\n","protected":false},"excerpt":{"rendered":"<p>Al\u00e9m de um contato di\u00e1rio com a natureza, moradores ter\u00e3o produ\u00e7\u00e3o de alimentos org\u00e2nicos no \u201cquintal\u201d de casa Morar \u201cno mato\u201d, ter a natureza pertinho e de quebra ainda colher alimentos cultivados de maneira sustent\u00e1vel. Muita gente pensa que isso s\u00f3 \u00e9 poss\u00edvel quando se vive em casa, com um quintal muito grande ou em [&hellip;]<\/p>\n","protected":false},"author":2,"featured_media":36639,"comment_status":"open","ping_status":"open","sticky":false,"template":"","format":"standard","meta":{"footnotes":""},"categories":[744],"tags":[6934,17195,2537,12351,13094,6776],"class_list":["post-36636","post","type-post","status-publish","format-standard","has-post-thumbnail","hentry","category-arq-urbanismo","tag-agrofloresta","tag-condominio","tag-construcao-sustentavel","tag-fazenda-urbana","tag-floresta-urbana","tag-goias"],"yoast_head":"<!-- This site is optimized with the Yoast SEO plugin v26.5 - https:\/\/yoast.com\/wordpress\/plugins\/seo\/ -->\n<title>Condom\u00ednio em Goi\u00e1s ganha fazenda urbana e agroflorestal - Jornal Fatos e Not\u00edcias<\/title>\n<meta name=\"robots\" content=\"index, follow, max-snippet:-1, max-image-preview:large, max-video-preview:-1\" \/>\n<link rel=\"canonical\" href=\"https:\/\/jornalfatosenoticias.com.br\/index.php\/2022\/12\/06\/condominio-em-goias-ganha-fazenda-urbana-e-agroflorestal\/\" \/>\n<meta property=\"og:locale\" content=\"pt_BR\" \/>\n<meta property=\"og:type\" content=\"article\" \/>\n<meta property=\"og:title\" content=\"Condom\u00ednio em Goi\u00e1s ganha fazenda urbana e agroflorestal - Jornal Fatos e Not\u00edcias\" \/>\n<meta property=\"og:description\" content=\"Al\u00e9m de um contato di\u00e1rio com a natureza, moradores ter\u00e3o produ\u00e7\u00e3o de alimentos org\u00e2nicos no \u201cquintal\u201d de casa Morar \u201cno mato\u201d, ter a natureza pertinho e de quebra ainda colher alimentos cultivados de maneira sustent\u00e1vel. Muita gente pensa que isso s\u00f3 \u00e9 poss\u00edvel quando se vive em casa, com um quintal muito grande ou em [&hellip;]\" \/>\n<meta property=\"og:url\" content=\"https:\/\/jornalfatosenoticias.com.br\/index.php\/2022\/12\/06\/condominio-em-goias-ganha-fazenda-urbana-e-agroflorestal\/\" \/>\n<meta property=\"og:site_name\" content=\"Jornal Fatos e Not\u00edcias\" \/>\n<meta property=\"article:published_time\" content=\"2022-12-06T15:11:37+00:00\" \/>\n<meta property=\"article:modified_time\" content=\"2022-12-06T15:11:41+00:00\" \/>\n<meta property=\"og:image\" content=\"https:\/\/jornalfatosenoticias.com.br\/wp-content\/uploads\/2022\/12\/condominio-goias1.jpg\" \/>\n\t<meta property=\"og:image:width\" content=\"1000\" \/>\n\t<meta property=\"og:image:height\" content=\"665\" \/>\n\t<meta property=\"og:image:type\" content=\"image\/jpeg\" \/>\n<meta name=\"author\" content=\"Luzimara Fernandes\" \/>\n<meta name=\"twitter:card\" content=\"summary_large_image\" \/>\n<meta name=\"twitter:label1\" content=\"Escrito por\" \/>\n\t<meta name=\"twitter:data1\" content=\"Luzimara Fernandes\" \/>\n\t<meta name=\"twitter:label2\" content=\"Est. tempo de leitura\" \/>\n\t<meta name=\"twitter:data2\" content=\"4 minutos\" \/>\n<script type=\"application\/ld+json\" class=\"yoast-schema-graph\">{\"@context\":\"https:\/\/schema.org\",\"@graph\":[{\"@type\":\"Article\",\"@id\":\"https:\/\/jornalfatosenoticias.com.br\/index.php\/2022\/12\/06\/condominio-em-goias-ganha-fazenda-urbana-e-agroflorestal\/#article\",\"isPartOf\":{\"@id\":\"https:\/\/jornalfatosenoticias.com.br\/index.php\/2022\/12\/06\/condominio-em-goias-ganha-fazenda-urbana-e-agroflorestal\/\"},\"author\":{\"name\":\"Luzimara Fernandes\",\"@id\":\"https:\/\/jornalfatosenoticias.com.br\/#\/schema\/person\/d63837fa13ac8666eb9e74e0985d6f81\"},\"headline\":\"Condom\u00ednio em Goi\u00e1s ganha fazenda urbana e agroflorestal\",\"datePublished\":\"2022-12-06T15:11:37+00:00\",\"dateModified\":\"2022-12-06T15:11:41+00:00\",\"mainEntityOfPage\":{\"@id\":\"https:\/\/jornalfatosenoticias.com.br\/index.php\/2022\/12\/06\/condominio-em-goias-ganha-fazenda-urbana-e-agroflorestal\/\"},\"wordCount\":770,\"commentCount\":0,\"publisher\":{\"@id\":\"https:\/\/jornalfatosenoticias.com.br\/#organization\"},\"image\":{\"@id\":\"https:\/\/jornalfatosenoticias.com.br\/index.php\/2022\/12\/06\/condominio-em-goias-ganha-fazenda-urbana-e-agroflorestal\/#primaryimage\"},\"thumbnailUrl\":\"https:\/\/jornalfatosenoticias.com.br\/wp-content\/uploads\/2022\/12\/condominio-goias1.jpg\",\"keywords\":[\"agrofloresta\",\"condom\u00ednio\",\"constru\u00e7\u00e3o sustent\u00e1vel\",\"Fazenda Urbana\",\"floresta urbana\",\"Goi\u00e1s\"],\"articleSection\":[\"Arq &amp; Urb\"],\"inLanguage\":\"pt-BR\",\"potentialAction\":[{\"@type\":\"CommentAction\",\"name\":\"Comment\",\"target\":[\"https:\/\/jornalfatosenoticias.com.br\/index.php\/2022\/12\/06\/condominio-em-goias-ganha-fazenda-urbana-e-agroflorestal\/#respond\"]}]},{\"@type\":\"WebPage\",\"@id\":\"https:\/\/jornalfatosenoticias.com.br\/index.php\/2022\/12\/06\/condominio-em-goias-ganha-fazenda-urbana-e-agroflorestal\/\",\"url\":\"https:\/\/jornalfatosenoticias.com.br\/index.php\/2022\/12\/06\/condominio-em-goias-ganha-fazenda-urbana-e-agroflorestal\/\",\"name\":\"Condom\u00ednio em Goi\u00e1s ganha fazenda urbana e agroflorestal - Jornal Fatos e Not\u00edcias\",\"isPartOf\":{\"@id\":\"https:\/\/jornalfatosenoticias.com.br\/#website\"},\"primaryImageOfPage\":{\"@id\":\"https:\/\/jornalfatosenoticias.com.br\/index.php\/2022\/12\/06\/condominio-em-goias-ganha-fazenda-urbana-e-agroflorestal\/#primaryimage\"},\"image\":{\"@id\":\"https:\/\/jornalfatosenoticias.com.br\/index.php\/2022\/12\/06\/condominio-em-goias-ganha-fazenda-urbana-e-agroflorestal\/#primaryimage\"},\"thumbnailUrl\":\"https:\/\/jornalfatosenoticias.com.br\/wp-content\/uploads\/2022\/12\/condominio-goias1.jpg\",\"datePublished\":\"2022-12-06T15:11:37+00:00\",\"dateModified\":\"2022-12-06T15:11:41+00:00\",\"breadcrumb\":{\"@id\":\"https:\/\/jornalfatosenoticias.com.br\/index.php\/2022\/12\/06\/condominio-em-goias-ganha-fazenda-urbana-e-agroflorestal\/#breadcrumb\"},\"inLanguage\":\"pt-BR\",\"potentialAction\":[{\"@type\":\"ReadAction\",\"target\":[\"https:\/\/jornalfatosenoticias.com.br\/index.php\/2022\/12\/06\/condominio-em-goias-ganha-fazenda-urbana-e-agroflorestal\/\"]}]},{\"@type\":\"ImageObject\",\"inLanguage\":\"pt-BR\",\"@id\":\"https:\/\/jornalfatosenoticias.com.br\/index.php\/2022\/12\/06\/condominio-em-goias-ganha-fazenda-urbana-e-agroflorestal\/#primaryimage\",\"url\":\"https:\/\/jornalfatosenoticias.com.br\/wp-content\/uploads\/2022\/12\/condominio-goias1.jpg\",\"contentUrl\":\"https:\/\/jornalfatosenoticias.com.br\/wp-content\/uploads\/2022\/12\/condominio-goias1.jpg\",\"width\":1000,\"height\":665},{\"@type\":\"BreadcrumbList\",\"@id\":\"https:\/\/jornalfatosenoticias.com.br\/index.php\/2022\/12\/06\/condominio-em-goias-ganha-fazenda-urbana-e-agroflorestal\/#breadcrumb\",\"itemListElement\":[{\"@type\":\"ListItem\",\"position\":1,\"name\":\"In\u00edcio\",\"item\":\"https:\/\/jornalfatosenoticias.com.br\/\"},{\"@type\":\"ListItem\",\"position\":2,\"name\":\"Condom\u00ednio em Goi\u00e1s ganha fazenda urbana e agroflorestal\"}]},{\"@type\":\"WebSite\",\"@id\":\"https:\/\/jornalfatosenoticias.com.br\/#website\",\"url\":\"https:\/\/jornalfatosenoticias.com.br\/\",\"name\":\"Jornal Fatos e Not\u00edcias\",\"description\":\"Not\u00edcias em geral\",\"publisher\":{\"@id\":\"https:\/\/jornalfatosenoticias.com.br\/#organization\"},\"potentialAction\":[{\"@type\":\"SearchAction\",\"target\":{\"@type\":\"EntryPoint\",\"urlTemplate\":\"https:\/\/jornalfatosenoticias.com.br\/?s={search_term_string}\"},\"query-input\":{\"@type\":\"PropertyValueSpecification\",\"valueRequired\":true,\"valueName\":\"search_term_string\"}}],\"inLanguage\":\"pt-BR\"},{\"@type\":\"Organization\",\"@id\":\"https:\/\/jornalfatosenoticias.com.br\/#organization\",\"name\":\"Jornal Fatos e Not\u00edcias\",\"url\":\"https:\/\/jornalfatosenoticias.com.br\/\",\"logo\":{\"@type\":\"ImageObject\",\"inLanguage\":\"pt-BR\",\"@id\":\"https:\/\/jornalfatosenoticias.com.br\/#\/schema\/logo\/image\/\",\"url\":\"https:\/\/jornalfatosenoticias.com.br\/wp-content\/uploads\/2020\/02\/logo120.png\",\"contentUrl\":\"https:\/\/jornalfatosenoticias.com.br\/wp-content\/uploads\/2020\/02\/logo120.png\",\"width\":1227,\"height\":120,\"caption\":\"Jornal Fatos e Not\u00edcias\"},\"image\":{\"@id\":\"https:\/\/jornalfatosenoticias.com.br\/#\/schema\/logo\/image\/\"}},{\"@type\":\"Person\",\"@id\":\"https:\/\/jornalfatosenoticias.com.br\/#\/schema\/person\/d63837fa13ac8666eb9e74e0985d6f81\",\"name\":\"Luzimara Fernandes\",\"image\":{\"@type\":\"ImageObject\",\"inLanguage\":\"pt-BR\",\"@id\":\"https:\/\/jornalfatosenoticias.com.br\/#\/schema\/person\/image\/\",\"url\":\"https:\/\/jornalfatosenoticias.com.br\/wp-content\/uploads\/2025\/05\/EU_portal.jpg\",\"contentUrl\":\"https:\/\/jornalfatosenoticias.com.br\/wp-content\/uploads\/2025\/05\/EU_portal.jpg\",\"caption\":\"Luzimara Fernandes\"},\"description\":\"Jornalista MTB 2358-ES\",\"sameAs\":[\"https:\/\/jornalfatosenoticias.com.br\"],\"url\":\"https:\/\/jornalfatosenoticias.com.br\/index.php\/author\/luzimara\/\"}]}<\/script>\n<!-- \/ Yoast SEO plugin. -->","yoast_head_json":{"title":"Condom\u00ednio em Goi\u00e1s ganha fazenda urbana e agroflorestal - Jornal Fatos e Not\u00edcias","robots":{"index":"index","follow":"follow","max-snippet":"max-snippet:-1","max-image-preview":"max-image-preview:large","max-video-preview":"max-video-preview:-1"},"canonical":"https:\/\/jornalfatosenoticias.com.br\/index.php\/2022\/12\/06\/condominio-em-goias-ganha-fazenda-urbana-e-agroflorestal\/","og_locale":"pt_BR","og_type":"article","og_title":"Condom\u00ednio em Goi\u00e1s ganha fazenda urbana e agroflorestal - Jornal Fatos e Not\u00edcias","og_description":"Al\u00e9m de um contato di\u00e1rio com a natureza, moradores ter\u00e3o produ\u00e7\u00e3o de alimentos org\u00e2nicos no \u201cquintal\u201d de casa Morar \u201cno mato\u201d, ter a natureza pertinho e de quebra ainda colher alimentos cultivados de maneira sustent\u00e1vel. Muita gente pensa que isso s\u00f3 \u00e9 poss\u00edvel quando se vive em casa, com um quintal muito grande ou em [&hellip;]","og_url":"https:\/\/jornalfatosenoticias.com.br\/index.php\/2022\/12\/06\/condominio-em-goias-ganha-fazenda-urbana-e-agroflorestal\/","og_site_name":"Jornal Fatos e Not\u00edcias","article_published_time":"2022-12-06T15:11:37+00:00","article_modified_time":"2022-12-06T15:11:41+00:00","og_image":[{"width":1000,"height":665,"url":"https:\/\/jornalfatosenoticias.com.br\/wp-content\/uploads\/2022\/12\/condominio-goias1.jpg","type":"image\/jpeg"}],"author":"Luzimara Fernandes","twitter_card":"summary_large_image","twitter_misc":{"Escrito por":"Luzimara Fernandes","Est. tempo de leitura":"4 minutos"},"schema":{"@context":"https:\/\/schema.org","@graph":[{"@type":"Article","@id":"https:\/\/jornalfatosenoticias.com.br\/index.php\/2022\/12\/06\/condominio-em-goias-ganha-fazenda-urbana-e-agroflorestal\/#article","isPartOf":{"@id":"https:\/\/jornalfatosenoticias.com.br\/index.php\/2022\/12\/06\/condominio-em-goias-ganha-fazenda-urbana-e-agroflorestal\/"},"author":{"name":"Luzimara Fernandes","@id":"https:\/\/jornalfatosenoticias.com.br\/#\/schema\/person\/d63837fa13ac8666eb9e74e0985d6f81"},"headline":"Condom\u00ednio em Goi\u00e1s ganha fazenda urbana e agroflorestal","datePublished":"2022-12-06T15:11:37+00:00","dateModified":"2022-12-06T15:11:41+00:00","mainEntityOfPage":{"@id":"https:\/\/jornalfatosenoticias.com.br\/index.php\/2022\/12\/06\/condominio-em-goias-ganha-fazenda-urbana-e-agroflorestal\/"},"wordCount":770,"commentCount":0,"publisher":{"@id":"https:\/\/jornalfatosenoticias.com.br\/#organization"},"image":{"@id":"https:\/\/jornalfatosenoticias.com.br\/index.php\/2022\/12\/06\/condominio-em-goias-ganha-fazenda-urbana-e-agroflorestal\/#primaryimage"},"thumbnailUrl":"https:\/\/jornalfatosenoticias.com.br\/wp-content\/uploads\/2022\/12\/condominio-goias1.jpg","keywords":["agrofloresta","condom\u00ednio","constru\u00e7\u00e3o sustent\u00e1vel","Fazenda Urbana","floresta urbana","Goi\u00e1s"],"articleSection":["Arq &amp; Urb"],"inLanguage":"pt-BR","potentialAction":[{"@type":"CommentAction","name":"Comment","target":["https:\/\/jornalfatosenoticias.com.br\/index.php\/2022\/12\/06\/condominio-em-goias-ganha-fazenda-urbana-e-agroflorestal\/#respond"]}]},{"@type":"WebPage","@id":"https:\/\/jornalfatosenoticias.com.br\/index.php\/2022\/12\/06\/condominio-em-goias-ganha-fazenda-urbana-e-agroflorestal\/","url":"https:\/\/jornalfatosenoticias.com.br\/index.php\/2022\/12\/06\/condominio-em-goias-ganha-fazenda-urbana-e-agroflorestal\/","name":"Condom\u00ednio em Goi\u00e1s ganha fazenda urbana e agroflorestal - Jornal Fatos e Not\u00edcias","isPartOf":{"@id":"https:\/\/jornalfatosenoticias.com.br\/#website"},"primaryImageOfPage":{"@id":"https:\/\/jornalfatosenoticias.com.br\/index.php\/2022\/12\/06\/condominio-em-goias-ganha-fazenda-urbana-e-agroflorestal\/#primaryimage"},"image":{"@id":"https:\/\/jornalfatosenoticias.com.br\/index.php\/2022\/12\/06\/condominio-em-goias-ganha-fazenda-urbana-e-agroflorestal\/#primaryimage"},"thumbnailUrl":"https:\/\/jornalfatosenoticias.com.br\/wp-content\/uploads\/2022\/12\/condominio-goias1.jpg","datePublished":"2022-12-06T15:11:37+00:00","dateModified":"2022-12-06T15:11:41+00:00","breadcrumb":{"@id":"https:\/\/jornalfatosenoticias.com.br\/index.php\/2022\/12\/06\/condominio-em-goias-ganha-fazenda-urbana-e-agroflorestal\/#breadcrumb"},"inLanguage":"pt-BR","potentialAction":[{"@type":"ReadAction","target":["https:\/\/jornalfatosenoticias.com.br\/index.php\/2022\/12\/06\/condominio-em-goias-ganha-fazenda-urbana-e-agroflorestal\/"]}]},{"@type":"ImageObject","inLanguage":"pt-BR","@id":"https:\/\/jornalfatosenoticias.com.br\/index.php\/2022\/12\/06\/condominio-em-goias-ganha-fazenda-urbana-e-agroflorestal\/#primaryimage","url":"https:\/\/jornalfatosenoticias.com.br\/wp-content\/uploads\/2022\/12\/condominio-goias1.jpg","contentUrl":"https:\/\/jornalfatosenoticias.com.br\/wp-content\/uploads\/2022\/12\/condominio-goias1.jpg","width":1000,"height":665},{"@type":"BreadcrumbList","@id":"https:\/\/jornalfatosenoticias.com.br\/index.php\/2022\/12\/06\/condominio-em-goias-ganha-fazenda-urbana-e-agroflorestal\/#breadcrumb","itemListElement":[{"@type":"ListItem","position":1,"name":"In\u00edcio","item":"https:\/\/jornalfatosenoticias.com.br\/"},{"@type":"ListItem","position":2,"name":"Condom\u00ednio em Goi\u00e1s ganha fazenda urbana e agroflorestal"}]},{"@type":"WebSite","@id":"https:\/\/jornalfatosenoticias.com.br\/#website","url":"https:\/\/jornalfatosenoticias.com.br\/","name":"Jornal Fatos e Not\u00edcias","description":"Not\u00edcias em geral","publisher":{"@id":"https:\/\/jornalfatosenoticias.com.br\/#organization"},"potentialAction":[{"@type":"SearchAction","target":{"@type":"EntryPoint","urlTemplate":"https:\/\/jornalfatosenoticias.com.br\/?s={search_term_string}"},"query-input":{"@type":"PropertyValueSpecification","valueRequired":true,"valueName":"search_term_string"}}],"inLanguage":"pt-BR"},{"@type":"Organization","@id":"https:\/\/jornalfatosenoticias.com.br\/#organization","name":"Jornal Fatos e Not\u00edcias","url":"https:\/\/jornalfatosenoticias.com.br\/","logo":{"@type":"ImageObject","inLanguage":"pt-BR","@id":"https:\/\/jornalfatosenoticias.com.br\/#\/schema\/logo\/image\/","url":"https:\/\/jornalfatosenoticias.com.br\/wp-content\/uploads\/2020\/02\/logo120.png","contentUrl":"https:\/\/jornalfatosenoticias.com.br\/wp-content\/uploads\/2020\/02\/logo120.png","width":1227,"height":120,"caption":"Jornal Fatos e Not\u00edcias"},"image":{"@id":"https:\/\/jornalfatosenoticias.com.br\/#\/schema\/logo\/image\/"}},{"@type":"Person","@id":"https:\/\/jornalfatosenoticias.com.br\/#\/schema\/person\/d63837fa13ac8666eb9e74e0985d6f81","name":"Luzimara Fernandes","image":{"@type":"ImageObject","inLanguage":"pt-BR","@id":"https:\/\/jornalfatosenoticias.com.br\/#\/schema\/person\/image\/","url":"https:\/\/jornalfatosenoticias.com.br\/wp-content\/uploads\/2025\/05\/EU_portal.jpg","contentUrl":"https:\/\/jornalfatosenoticias.com.br\/wp-content\/uploads\/2025\/05\/EU_portal.jpg","caption":"Luzimara Fernandes"},"description":"Jornalista MTB 2358-ES","sameAs":["https:\/\/jornalfatosenoticias.com.br"],"url":"https:\/\/jornalfatosenoticias.com.br\/index.php\/author\/luzimara\/"}]}},"cc_featured_image_caption":{"caption_text":"(Foto: Divulga\u00e7\u00e3o\/CINQ) ","source_text":"","source_url":""},"jetpack_featured_media_url":"https:\/\/jornalfatosenoticias.com.br\/wp-content\/uploads\/2022\/12\/condominio-goias1.jpg","_links":{"self":[{"href":"https:\/\/jornalfatosenoticias.com.br\/index.php\/wp-json\/wp\/v2\/posts\/36636","targetHints":{"allow":["GET"]}}],"collection":[{"href":"https:\/\/jornalfatosenoticias.com.br\/index.php\/wp-json\/wp\/v2\/posts"}],"about":[{"href":"https:\/\/jornalfatosenoticias.com.br\/index.php\/wp-json\/wp\/v2\/types\/post"}],"author":[{"embeddable":true,"href":"https:\/\/jornalfatosenoticias.com.br\/index.php\/wp-json\/wp\/v2\/users\/2"}],"replies":[{"embeddable":true,"href":"https:\/\/jornalfatosenoticias.com.br\/index.php\/wp-json\/wp\/v2\/comments?post=36636"}],"version-history":[{"count":0,"href":"https:\/\/jornalfatosenoticias.com.br\/index.php\/wp-json\/wp\/v2\/posts\/36636\/revisions"}],"wp:featuredmedia":[{"embeddable":true,"href":"https:\/\/jornalfatosenoticias.com.br\/index.php\/wp-json\/wp\/v2\/media\/36639"}],"wp:attachment":[{"href":"https:\/\/jornalfatosenoticias.com.br\/index.php\/wp-json\/wp\/v2\/media?parent=36636"}],"wp:term":[{"taxonomy":"category","embeddable":true,"href":"https:\/\/jornalfatosenoticias.com.br\/index.php\/wp-json\/wp\/v2\/categories?post=36636"},{"taxonomy":"post_tag","embeddable":true,"href":"https:\/\/jornalfatosenoticias.com.br\/index.php\/wp-json\/wp\/v2\/tags?post=36636"}],"curies":[{"name":"wp","href":"https:\/\/api.w.org\/{rel}","templated":true}]}}