{"id":36659,"date":"2022-12-06T13:45:40","date_gmt":"2022-12-06T16:45:40","guid":{"rendered":"https:\/\/jornalfatosenoticias.com.br\/?p=36659"},"modified":"2022-12-06T13:45:41","modified_gmt":"2022-12-06T16:45:41","slug":"gatos-laranja-sao-realmente-mais-doceis","status":"publish","type":"post","link":"https:\/\/jornalfatosenoticias.com.br\/index.php\/2022\/12\/06\/gatos-laranja-sao-realmente-mais-doceis\/","title":{"rendered":"Gatos laranja s\u00e3o realmente mais d\u00f3ceis?"},"content":{"rendered":"\n<div class=\"wp-block-image\"><figure class=\"aligncenter size-large\"><img decoding=\"async\" src=\"https:\/\/jornalfatosenoticias.com.br\/wp-content\/uploads\/2020\/02\/logo-embacia-1-1024x110.jpg\" alt=\"\" class=\"wp-image-33954\"\/><\/figure><\/div>\n\n\n\n<p>Existe uma <a href=\"https:\/\/www.megacurioso.com.br\/ciencia\/120941-5-ideias-erradas-que-as-pessoas-tem-sobre-gatos.htm\" rel=\"noreferrer noopener\" target=\"_blank\">cren\u00e7a popular<\/a> de que gatos laranja s\u00e3o mais d\u00f3ceis que os de outra cor. Mas, por muito tempo, n\u00e3o existiam estudos relacionando a cor da pelagem com o comportamento desses animais, para verificar se havia mesmo alguma rela\u00e7\u00e3o ou se era apenas um &#8220;achismo&#8221; dos donos de gatos.<\/p>\n\n\n\n<div class=\"wp-block-image\"><figure class=\"aligncenter size-large\"><img decoding=\"async\" src=\"https:\/\/jornalfatosenoticias.com.br\/wp-content\/uploads\/2020\/02\/barao-das-carnes-300x164-1.jpg\" alt=\"\" class=\"wp-image-34339\"\/><\/figure><\/div>\n\n\n\n<p>E esse mito se manteve assim at\u00e9 1995, quando a bi\u00f3loga Dominique Pontier publicou um estudo examinando a frequ\u00eancia da variante do gene laranja entre as popula\u00e7\u00f5es de gatos. Sabe-se que o gene respons\u00e1vel pela cor laranja est\u00e1 ligado ao sexo. Mas o que isso diz sobre o <a href=\"https:\/\/www.megacurioso.com.br\/ciencia\/120109-por-que-os-gatos-sao-viciados-em-alvejante.htm\" rel=\"noreferrer noopener\" target=\"_blank\">comportamento desses felinos<\/a>?<\/p>\n\n\n\n<div class=\"wp-block-image\"><figure class=\"alignleft size-large is-resized\"><img loading=\"lazy\" decoding=\"async\" src=\"https:\/\/jornalfatosenoticias.com.br\/wp-content\/uploads\/2020\/02\/logo-clinica-limoeiro.jpg\" alt=\"\" class=\"wp-image-34610\" width=\"270\" height=\"191\"\/><\/figure><\/div>\n\n\n\n<p><strong>Estudando os gatos<br><\/strong>O estudo de Pontier trabalhou com um total de 30 popula\u00e7\u00f5es de gatos, na Fran\u00e7a, entre 1982 e 1992. Foram catalogados os dados de 56 a 491 gatos, dependendo de cada popula\u00e7\u00e3o. E entre os resultados, surgiram evid\u00eancias sobre\u00a0<a href=\"https:\/\/www.megacurioso.com.br\/ciencia\/110153-acredite-ou-nao-este-gato-fofinho-e-o-felino-mais-mortal-do-mundo.htm\" rel=\"noreferrer noopener\" target=\"_blank\">a poss\u00edvel amabilidade dos gatos<\/a> laranja.<br>A primeira informa\u00e7\u00e3o que o estudo revelou \u00e9 que os gatos laranja s\u00e3o mais comuns em ambientes rurais (menos densos) do que em ambientes urbanos. <\/p>\n\n\n\n<div class=\"wp-block-image\"><figure class=\"aligncenter size-large\"><img decoding=\"async\" src=\"https:\/\/jornalfatosenoticias.com.br\/wp-content\/uploads\/2020\/02\/logo_esteio.jpg\" alt=\"\" class=\"wp-image-1214\"\/><\/figure><\/div>\n\n\n\n<p>Como nesses ambientes o sistema de acasalamento dos gatos \u00e9 mais pol\u00edgino \u2014 os gatos machos tendem a acasalar com v\u00e1rias gatas, enquanto as f\u00eameas tendem a acasalar com apenas um macho \u2014 a predomin\u00e2ncia de gatos laranjas pode indicar um maior sucesso reprodutivo em condi\u00e7\u00f5es sociais espec\u00edficas.<\/p>\n\n\n\n<div class=\"wp-block-image\"><figure class=\"aligncenter size-large is-resized\"><img loading=\"lazy\" decoding=\"async\" src=\"https:\/\/jornalfatosenoticias.com.br\/wp-content\/uploads\/2022\/08\/logo-locau-veiculos-1024x573.png\" alt=\"\" class=\"wp-image-33078\" width=\"339\" height=\"189\"\/><\/figure><\/div>\n\n\n\n<p>Outro resultado \u00e9 que os gatos laranja s\u00e3o menos comuns em \u00e1reas com maior risco de mortalidade. Esta descoberta pode sugerir que animais com essa pelagem podem ser mais propensos a se envolver em comportamentos de risco resultantes em morte. Outra possibilidade \u00e9 que eles, por serem mais d\u00f3ceis, tendem a evitar locais e situa\u00e7\u00f5es de maior risco.<\/p>\n\n\n\n<div class=\"wp-block-image\"><figure class=\"aligncenter size-large\"><img decoding=\"async\" src=\"https:\/\/jornalfatosenoticias.com.br\/wp-content\/uploads\/2020\/02\/Serra-Grande-1024x160.png\" alt=\"\" class=\"wp-image-7836\"\/><\/figure><\/div>\n\n\n\n<p>A terceira descoberta serviu para confirmar um estudo anterior, realizado na Austr\u00e1lia. Gatos laranja apresentam maior dimorfismo sexual. Isso significa que os machos laranja pesam mais que os gatos de outras cores e as f\u00eameas laranja pesam menos que as de outras cores.<\/p>\n\n\n\n<div class=\"wp-block-image\"><figure class=\"aligncenter size-large\"><img loading=\"lazy\" decoding=\"async\" width=\"560\" height=\"60\" src=\"https:\/\/jornalfatosenoticias.com.br\/wp-content\/uploads\/2022\/10\/Propaganda-RC-Radiadores-Jornal_page-0001.jpg\" alt=\"\" class=\"wp-image-35270\" srcset=\"https:\/\/jornalfatosenoticias.com.br\/wp-content\/uploads\/2022\/10\/Propaganda-RC-Radiadores-Jornal_page-0001.jpg 560w, https:\/\/jornalfatosenoticias.com.br\/wp-content\/uploads\/2022\/10\/Propaganda-RC-Radiadores-Jornal_page-0001-300x32.jpg 300w\" sizes=\"auto, (max-width: 560px) 100vw, 560px\" \/><\/figure><\/div>\n\n\n\n<figure class=\"wp-block-image size-large\"><img loading=\"lazy\" decoding=\"async\" width=\"1000\" height=\"525\" src=\"https:\/\/jornalfatosenoticias.com.br\/wp-content\/uploads\/2022\/12\/Gato-laranja.jpg\" alt=\"\" class=\"wp-image-36660\" srcset=\"https:\/\/jornalfatosenoticias.com.br\/wp-content\/uploads\/2022\/12\/Gato-laranja.jpg 1000w, https:\/\/jornalfatosenoticias.com.br\/wp-content\/uploads\/2022\/12\/Gato-laranja-300x158.jpg 300w, https:\/\/jornalfatosenoticias.com.br\/wp-content\/uploads\/2022\/12\/Gato-laranja-768x403.jpg 768w\" sizes=\"auto, (max-width: 1000px) 100vw, 1000px\" \/><figcaption><em><span class=\"has-inline-color has-black-color\">(Foto: Shutterstock)<\/span><\/em><\/figcaption><\/figure>\n\n\n\n<div class=\"wp-block-image\"><figure class=\"alignright size-large is-resized\"><img loading=\"lazy\" decoding=\"async\" src=\"https:\/\/jornalfatosenoticias.com.br\/wp-content\/uploads\/2022\/02\/Precisao-Contabilidade-1024x724.jpg\" alt=\"\" class=\"wp-image-28088\" width=\"336\" height=\"237\"\/><\/figure><\/div>\n\n\n\n<p><strong>Mas, afinal, gatos laranjas s\u00e3o mais d\u00f3ceis?<br><\/strong>O que \u00e9 poss\u00edvel afirmar com os dados obtidos por Pontier \u00e9 que, devido a diferen\u00e7as f\u00edsicas e comportamentais, os gatos laranja (os machos, em particular) podem contar com uma estrat\u00e9gia reprodutiva diferente. Essa estrat\u00e9gia n\u00e3o estaria diretamente relacionada \u00e0 maneira como esses animais se relacionam com seres humanos, mas pode ajudar a entender.<\/p>\n\n\n\n<div class=\"wp-block-image\"><figure class=\"aligncenter size-large\"><img loading=\"lazy\" decoding=\"async\" width=\"1024\" height=\"110\" src=\"https:\/\/jornalfatosenoticias.com.br\/wp-content\/uploads\/2022\/10\/Arte-jornal-Zucchi-1120x120_Prancheta-1-1024x110.jpg\" alt=\"\" class=\"wp-image-34772\" srcset=\"https:\/\/jornalfatosenoticias.com.br\/wp-content\/uploads\/2022\/10\/Arte-jornal-Zucchi-1120x120_Prancheta-1-1024x110.jpg 1024w, https:\/\/jornalfatosenoticias.com.br\/wp-content\/uploads\/2022\/10\/Arte-jornal-Zucchi-1120x120_Prancheta-1-300x32.jpg 300w, https:\/\/jornalfatosenoticias.com.br\/wp-content\/uploads\/2022\/10\/Arte-jornal-Zucchi-1120x120_Prancheta-1-768x82.jpg 768w, https:\/\/jornalfatosenoticias.com.br\/wp-content\/uploads\/2022\/10\/Arte-jornal-Zucchi-1120x120_Prancheta-1-1536x165.jpg 1536w, https:\/\/jornalfatosenoticias.com.br\/wp-content\/uploads\/2022\/10\/Arte-jornal-Zucchi-1120x120_Prancheta-1-2048x219.jpg 2048w\" sizes=\"auto, (max-width: 1024px) 100vw, 1024px\" \/><\/figure><\/div>\n\n\n\n<p>Por serem maiores que os demais animais, estarem presentes em maior concentra\u00e7\u00e3o em ambientes rurais e expostos a menos situa\u00e7\u00f5es de risco, os gatos laranja machos podem apresentar um comportamento mais ousado. Em situa\u00e7\u00f5es que outros gatos entendem como arriscadas, os gatos laranja podem se sentir mais confort\u00e1veis.<\/p>\n\n\n\n<div class=\"wp-block-image\"><figure class=\"aligncenter size-large is-resized\"><img loading=\"lazy\" decoding=\"async\" src=\"https:\/\/jornalfatosenoticias.com.br\/wp-content\/uploads\/2020\/02\/casa-do-torresmo_portal.jpg\" alt=\"\" class=\"wp-image-34472\" width=\"257\" height=\"257\" srcset=\"https:\/\/jornalfatosenoticias.com.br\/wp-content\/uploads\/2020\/02\/casa-do-torresmo_portal.jpg 300w, https:\/\/jornalfatosenoticias.com.br\/wp-content\/uploads\/2020\/02\/casa-do-torresmo_portal-150x150.jpg 150w\" sizes=\"auto, (max-width: 257px) 100vw, 257px\" \/><\/figure><\/div>\n\n\n\n<p>Embora essas associa\u00e7\u00f5es comportamentais baseadas em cores possam parecer estranhas, elas s\u00e3o relativamente comuns no reino animal. Outros animais, como roedores e p\u00e1ssaros \u2014 que possuem estudos conhecidos sobre o tema \u2014 tamb\u00e9m apresentam a mesma rela\u00e7\u00e3o que os gatos.<\/p>\n\n\n\n<div class=\"wp-block-image\"><figure class=\"aligncenter size-large is-resized\"><img loading=\"lazy\" decoding=\"async\" src=\"https:\/\/jornalfatosenoticias.com.br\/wp-content\/uploads\/2022\/07\/Logo-Grupo-SEI.jpg\" alt=\"\" class=\"wp-image-31973\" width=\"319\" height=\"167\" srcset=\"https:\/\/jornalfatosenoticias.com.br\/wp-content\/uploads\/2022\/07\/Logo-Grupo-SEI.jpg 713w, https:\/\/jornalfatosenoticias.com.br\/wp-content\/uploads\/2022\/07\/Logo-Grupo-SEI-300x158.jpg 300w\" sizes=\"auto, (max-width: 319px) 100vw, 319px\" \/><\/figure><\/div>\n\n\n\n<p>Isso acontece porque alguns genes respons\u00e1veis pelo comportamento ou outros atributos f\u00edsicos (tamanho do corpo, por exemplo) podem ser herdados com os respons\u00e1veis pela cor do pelo. Desde 1995, foram realizados poucos estudos buscando compreender essa rela\u00e7\u00e3o. Por\u00e9m, os dados obtidos por Pontier podem realmente sugerir que os gatos laranja tendem a ser mais d\u00f3ceis com os humanos.<\/p>\n\n\n\n<div class=\"wp-block-image\"><figure class=\"aligncenter size-large\"><img loading=\"lazy\" decoding=\"async\" width=\"1024\" height=\"99\" src=\"https:\/\/jornalfatosenoticias.com.br\/wp-content\/uploads\/2020\/02\/Logo-Mizu-segunda-2-1024x99.png\" alt=\"\" class=\"wp-image-2353\" srcset=\"https:\/\/jornalfatosenoticias.com.br\/wp-content\/uploads\/2020\/02\/Logo-Mizu-segunda-2-1024x99.png 1024w, https:\/\/jornalfatosenoticias.com.br\/wp-content\/uploads\/2020\/02\/Logo-Mizu-segunda-2-300x29.png 300w, https:\/\/jornalfatosenoticias.com.br\/wp-content\/uploads\/2020\/02\/Logo-Mizu-segunda-2-768x74.png 768w, https:\/\/jornalfatosenoticias.com.br\/wp-content\/uploads\/2020\/02\/Logo-Mizu-segunda-2.png 1240w\" sizes=\"auto, (max-width: 1024px) 100vw, 1024px\" \/><\/figure><\/div>\n\n\n\n<p><strong><em>Fonte: <a href=\"https:\/\/www.megacurioso.com.br\/ciencia\/123626-gatos-laranja-sao-realmente-mais-doceis.htm\">Mega Curioso<\/a><\/em><\/strong><\/p>\n","protected":false},"excerpt":{"rendered":"<p>Existe uma cren\u00e7a popular de que gatos laranja s\u00e3o mais d\u00f3ceis que os de outra cor. Mas, por muito tempo, n\u00e3o existiam estudos relacionando a cor da pelagem com o comportamento desses animais, para verificar se havia mesmo alguma rela\u00e7\u00e3o ou se era apenas um &#8220;achismo&#8221; dos donos de gatos. E esse mito se manteve [&hellip;]<\/p>\n","protected":false},"author":2,"featured_media":36661,"comment_status":"open","ping_status":"open","sticky":false,"template":"","format":"standard","meta":{"footnotes":""},"categories":[9710],"tags":[1264,4535,4765,2445,3433,7900],"class_list":["post-36659","post","type-post","status-publish","format-standard","has-post-thumbnail","hentry","category-pets","tag-animais","tag-animais-de-estimacao","tag-animais-fofos","tag-biologia","tag-comportamento-animal","tag-cotidiano"],"yoast_head":"<!-- This site is optimized with the Yoast SEO plugin v26.5 - https:\/\/yoast.com\/wordpress\/plugins\/seo\/ -->\n<title>Gatos laranja s\u00e3o realmente mais d\u00f3ceis? - Jornal Fatos e Not\u00edcias<\/title>\n<meta name=\"robots\" content=\"index, follow, max-snippet:-1, max-image-preview:large, max-video-preview:-1\" \/>\n<link rel=\"canonical\" href=\"https:\/\/jornalfatosenoticias.com.br\/index.php\/2022\/12\/06\/gatos-laranja-sao-realmente-mais-doceis\/\" \/>\n<meta property=\"og:locale\" content=\"pt_BR\" \/>\n<meta property=\"og:type\" content=\"article\" \/>\n<meta property=\"og:title\" content=\"Gatos laranja s\u00e3o realmente mais d\u00f3ceis? - Jornal Fatos e Not\u00edcias\" \/>\n<meta property=\"og:description\" content=\"Existe uma cren\u00e7a popular de que gatos laranja s\u00e3o mais d\u00f3ceis que os de outra cor. Mas, por muito tempo, n\u00e3o existiam estudos relacionando a cor da pelagem com o comportamento desses animais, para verificar se havia mesmo alguma rela\u00e7\u00e3o ou se era apenas um &#8220;achismo&#8221; dos donos de gatos. E esse mito se manteve [&hellip;]\" \/>\n<meta property=\"og:url\" content=\"https:\/\/jornalfatosenoticias.com.br\/index.php\/2022\/12\/06\/gatos-laranja-sao-realmente-mais-doceis\/\" \/>\n<meta property=\"og:site_name\" content=\"Jornal Fatos e Not\u00edcias\" \/>\n<meta property=\"article:published_time\" content=\"2022-12-06T16:45:40+00:00\" \/>\n<meta property=\"article:modified_time\" content=\"2022-12-06T16:45:41+00:00\" \/>\n<meta property=\"og:image\" content=\"https:\/\/jornalfatosenoticias.com.br\/wp-content\/uploads\/2022\/12\/Gatos-laranja-sso-realmente-mais-doceis.jpg\" \/>\n\t<meta property=\"og:image:width\" content=\"1000\" \/>\n\t<meta property=\"og:image:height\" content=\"400\" \/>\n\t<meta property=\"og:image:type\" content=\"image\/jpeg\" \/>\n<meta name=\"author\" content=\"Luzimara Fernandes\" \/>\n<meta name=\"twitter:card\" content=\"summary_large_image\" \/>\n<meta name=\"twitter:label1\" content=\"Escrito por\" \/>\n\t<meta name=\"twitter:data1\" content=\"Luzimara Fernandes\" \/>\n\t<meta name=\"twitter:label2\" content=\"Est. tempo de leitura\" \/>\n\t<meta name=\"twitter:data2\" content=\"3 minutos\" \/>\n<script type=\"application\/ld+json\" class=\"yoast-schema-graph\">{\"@context\":\"https:\/\/schema.org\",\"@graph\":[{\"@type\":\"Article\",\"@id\":\"https:\/\/jornalfatosenoticias.com.br\/index.php\/2022\/12\/06\/gatos-laranja-sao-realmente-mais-doceis\/#article\",\"isPartOf\":{\"@id\":\"https:\/\/jornalfatosenoticias.com.br\/index.php\/2022\/12\/06\/gatos-laranja-sao-realmente-mais-doceis\/\"},\"author\":{\"name\":\"Luzimara Fernandes\",\"@id\":\"https:\/\/jornalfatosenoticias.com.br\/#\/schema\/person\/d63837fa13ac8666eb9e74e0985d6f81\"},\"headline\":\"Gatos laranja s\u00e3o realmente mais d\u00f3ceis?\",\"datePublished\":\"2022-12-06T16:45:40+00:00\",\"dateModified\":\"2022-12-06T16:45:41+00:00\",\"mainEntityOfPage\":{\"@id\":\"https:\/\/jornalfatosenoticias.com.br\/index.php\/2022\/12\/06\/gatos-laranja-sao-realmente-mais-doceis\/\"},\"wordCount\":575,\"commentCount\":0,\"publisher\":{\"@id\":\"https:\/\/jornalfatosenoticias.com.br\/#organization\"},\"image\":{\"@id\":\"https:\/\/jornalfatosenoticias.com.br\/index.php\/2022\/12\/06\/gatos-laranja-sao-realmente-mais-doceis\/#primaryimage\"},\"thumbnailUrl\":\"https:\/\/jornalfatosenoticias.com.br\/wp-content\/uploads\/2022\/12\/Gatos-laranja-sso-realmente-mais-doceis.jpg\",\"keywords\":[\"animais\",\"animais de estima\u00e7\u00e3o\",\"animais fofos\",\"biologia\",\"comportamento animal\",\"cotidiano\"],\"articleSection\":[\"Pets\"],\"inLanguage\":\"pt-BR\",\"potentialAction\":[{\"@type\":\"CommentAction\",\"name\":\"Comment\",\"target\":[\"https:\/\/jornalfatosenoticias.com.br\/index.php\/2022\/12\/06\/gatos-laranja-sao-realmente-mais-doceis\/#respond\"]}]},{\"@type\":\"WebPage\",\"@id\":\"https:\/\/jornalfatosenoticias.com.br\/index.php\/2022\/12\/06\/gatos-laranja-sao-realmente-mais-doceis\/\",\"url\":\"https:\/\/jornalfatosenoticias.com.br\/index.php\/2022\/12\/06\/gatos-laranja-sao-realmente-mais-doceis\/\",\"name\":\"Gatos laranja s\u00e3o realmente mais d\u00f3ceis? - Jornal Fatos e Not\u00edcias\",\"isPartOf\":{\"@id\":\"https:\/\/jornalfatosenoticias.com.br\/#website\"},\"primaryImageOfPage\":{\"@id\":\"https:\/\/jornalfatosenoticias.com.br\/index.php\/2022\/12\/06\/gatos-laranja-sao-realmente-mais-doceis\/#primaryimage\"},\"image\":{\"@id\":\"https:\/\/jornalfatosenoticias.com.br\/index.php\/2022\/12\/06\/gatos-laranja-sao-realmente-mais-doceis\/#primaryimage\"},\"thumbnailUrl\":\"https:\/\/jornalfatosenoticias.com.br\/wp-content\/uploads\/2022\/12\/Gatos-laranja-sso-realmente-mais-doceis.jpg\",\"datePublished\":\"2022-12-06T16:45:40+00:00\",\"dateModified\":\"2022-12-06T16:45:41+00:00\",\"breadcrumb\":{\"@id\":\"https:\/\/jornalfatosenoticias.com.br\/index.php\/2022\/12\/06\/gatos-laranja-sao-realmente-mais-doceis\/#breadcrumb\"},\"inLanguage\":\"pt-BR\",\"potentialAction\":[{\"@type\":\"ReadAction\",\"target\":[\"https:\/\/jornalfatosenoticias.com.br\/index.php\/2022\/12\/06\/gatos-laranja-sao-realmente-mais-doceis\/\"]}]},{\"@type\":\"ImageObject\",\"inLanguage\":\"pt-BR\",\"@id\":\"https:\/\/jornalfatosenoticias.com.br\/index.php\/2022\/12\/06\/gatos-laranja-sao-realmente-mais-doceis\/#primaryimage\",\"url\":\"https:\/\/jornalfatosenoticias.com.br\/wp-content\/uploads\/2022\/12\/Gatos-laranja-sso-realmente-mais-doceis.jpg\",\"contentUrl\":\"https:\/\/jornalfatosenoticias.com.br\/wp-content\/uploads\/2022\/12\/Gatos-laranja-sso-realmente-mais-doceis.jpg\",\"width\":1000,\"height\":400},{\"@type\":\"BreadcrumbList\",\"@id\":\"https:\/\/jornalfatosenoticias.com.br\/index.php\/2022\/12\/06\/gatos-laranja-sao-realmente-mais-doceis\/#breadcrumb\",\"itemListElement\":[{\"@type\":\"ListItem\",\"position\":1,\"name\":\"In\u00edcio\",\"item\":\"https:\/\/jornalfatosenoticias.com.br\/\"},{\"@type\":\"ListItem\",\"position\":2,\"name\":\"Gatos laranja s\u00e3o realmente mais d\u00f3ceis?\"}]},{\"@type\":\"WebSite\",\"@id\":\"https:\/\/jornalfatosenoticias.com.br\/#website\",\"url\":\"https:\/\/jornalfatosenoticias.com.br\/\",\"name\":\"Jornal Fatos e Not\u00edcias\",\"description\":\"Not\u00edcias em geral\",\"publisher\":{\"@id\":\"https:\/\/jornalfatosenoticias.com.br\/#organization\"},\"potentialAction\":[{\"@type\":\"SearchAction\",\"target\":{\"@type\":\"EntryPoint\",\"urlTemplate\":\"https:\/\/jornalfatosenoticias.com.br\/?s={search_term_string}\"},\"query-input\":{\"@type\":\"PropertyValueSpecification\",\"valueRequired\":true,\"valueName\":\"search_term_string\"}}],\"inLanguage\":\"pt-BR\"},{\"@type\":\"Organization\",\"@id\":\"https:\/\/jornalfatosenoticias.com.br\/#organization\",\"name\":\"Jornal Fatos e Not\u00edcias\",\"url\":\"https:\/\/jornalfatosenoticias.com.br\/\",\"logo\":{\"@type\":\"ImageObject\",\"inLanguage\":\"pt-BR\",\"@id\":\"https:\/\/jornalfatosenoticias.com.br\/#\/schema\/logo\/image\/\",\"url\":\"https:\/\/jornalfatosenoticias.com.br\/wp-content\/uploads\/2020\/02\/logo120.png\",\"contentUrl\":\"https:\/\/jornalfatosenoticias.com.br\/wp-content\/uploads\/2020\/02\/logo120.png\",\"width\":1227,\"height\":120,\"caption\":\"Jornal Fatos e Not\u00edcias\"},\"image\":{\"@id\":\"https:\/\/jornalfatosenoticias.com.br\/#\/schema\/logo\/image\/\"}},{\"@type\":\"Person\",\"@id\":\"https:\/\/jornalfatosenoticias.com.br\/#\/schema\/person\/d63837fa13ac8666eb9e74e0985d6f81\",\"name\":\"Luzimara Fernandes\",\"image\":{\"@type\":\"ImageObject\",\"inLanguage\":\"pt-BR\",\"@id\":\"https:\/\/jornalfatosenoticias.com.br\/#\/schema\/person\/image\/\",\"url\":\"https:\/\/jornalfatosenoticias.com.br\/wp-content\/uploads\/2025\/05\/EU_portal.jpg\",\"contentUrl\":\"https:\/\/jornalfatosenoticias.com.br\/wp-content\/uploads\/2025\/05\/EU_portal.jpg\",\"caption\":\"Luzimara Fernandes\"},\"description\":\"Jornalista MTB 2358-ES\",\"sameAs\":[\"https:\/\/jornalfatosenoticias.com.br\"],\"url\":\"https:\/\/jornalfatosenoticias.com.br\/index.php\/author\/luzimara\/\"}]}<\/script>\n<!-- \/ Yoast SEO plugin. -->","yoast_head_json":{"title":"Gatos laranja s\u00e3o realmente mais d\u00f3ceis? - Jornal Fatos e Not\u00edcias","robots":{"index":"index","follow":"follow","max-snippet":"max-snippet:-1","max-image-preview":"max-image-preview:large","max-video-preview":"max-video-preview:-1"},"canonical":"https:\/\/jornalfatosenoticias.com.br\/index.php\/2022\/12\/06\/gatos-laranja-sao-realmente-mais-doceis\/","og_locale":"pt_BR","og_type":"article","og_title":"Gatos laranja s\u00e3o realmente mais d\u00f3ceis? - Jornal Fatos e Not\u00edcias","og_description":"Existe uma cren\u00e7a popular de que gatos laranja s\u00e3o mais d\u00f3ceis que os de outra cor. Mas, por muito tempo, n\u00e3o existiam estudos relacionando a cor da pelagem com o comportamento desses animais, para verificar se havia mesmo alguma rela\u00e7\u00e3o ou se era apenas um &#8220;achismo&#8221; dos donos de gatos. E esse mito se manteve [&hellip;]","og_url":"https:\/\/jornalfatosenoticias.com.br\/index.php\/2022\/12\/06\/gatos-laranja-sao-realmente-mais-doceis\/","og_site_name":"Jornal Fatos e Not\u00edcias","article_published_time":"2022-12-06T16:45:40+00:00","article_modified_time":"2022-12-06T16:45:41+00:00","og_image":[{"width":1000,"height":400,"url":"https:\/\/jornalfatosenoticias.com.br\/wp-content\/uploads\/2022\/12\/Gatos-laranja-sso-realmente-mais-doceis.jpg","type":"image\/jpeg"}],"author":"Luzimara Fernandes","twitter_card":"summary_large_image","twitter_misc":{"Escrito por":"Luzimara Fernandes","Est. tempo de leitura":"3 minutos"},"schema":{"@context":"https:\/\/schema.org","@graph":[{"@type":"Article","@id":"https:\/\/jornalfatosenoticias.com.br\/index.php\/2022\/12\/06\/gatos-laranja-sao-realmente-mais-doceis\/#article","isPartOf":{"@id":"https:\/\/jornalfatosenoticias.com.br\/index.php\/2022\/12\/06\/gatos-laranja-sao-realmente-mais-doceis\/"},"author":{"name":"Luzimara Fernandes","@id":"https:\/\/jornalfatosenoticias.com.br\/#\/schema\/person\/d63837fa13ac8666eb9e74e0985d6f81"},"headline":"Gatos laranja s\u00e3o realmente mais d\u00f3ceis?","datePublished":"2022-12-06T16:45:40+00:00","dateModified":"2022-12-06T16:45:41+00:00","mainEntityOfPage":{"@id":"https:\/\/jornalfatosenoticias.com.br\/index.php\/2022\/12\/06\/gatos-laranja-sao-realmente-mais-doceis\/"},"wordCount":575,"commentCount":0,"publisher":{"@id":"https:\/\/jornalfatosenoticias.com.br\/#organization"},"image":{"@id":"https:\/\/jornalfatosenoticias.com.br\/index.php\/2022\/12\/06\/gatos-laranja-sao-realmente-mais-doceis\/#primaryimage"},"thumbnailUrl":"https:\/\/jornalfatosenoticias.com.br\/wp-content\/uploads\/2022\/12\/Gatos-laranja-sso-realmente-mais-doceis.jpg","keywords":["animais","animais de estima\u00e7\u00e3o","animais fofos","biologia","comportamento animal","cotidiano"],"articleSection":["Pets"],"inLanguage":"pt-BR","potentialAction":[{"@type":"CommentAction","name":"Comment","target":["https:\/\/jornalfatosenoticias.com.br\/index.php\/2022\/12\/06\/gatos-laranja-sao-realmente-mais-doceis\/#respond"]}]},{"@type":"WebPage","@id":"https:\/\/jornalfatosenoticias.com.br\/index.php\/2022\/12\/06\/gatos-laranja-sao-realmente-mais-doceis\/","url":"https:\/\/jornalfatosenoticias.com.br\/index.php\/2022\/12\/06\/gatos-laranja-sao-realmente-mais-doceis\/","name":"Gatos laranja s\u00e3o realmente mais d\u00f3ceis? - Jornal Fatos e Not\u00edcias","isPartOf":{"@id":"https:\/\/jornalfatosenoticias.com.br\/#website"},"primaryImageOfPage":{"@id":"https:\/\/jornalfatosenoticias.com.br\/index.php\/2022\/12\/06\/gatos-laranja-sao-realmente-mais-doceis\/#primaryimage"},"image":{"@id":"https:\/\/jornalfatosenoticias.com.br\/index.php\/2022\/12\/06\/gatos-laranja-sao-realmente-mais-doceis\/#primaryimage"},"thumbnailUrl":"https:\/\/jornalfatosenoticias.com.br\/wp-content\/uploads\/2022\/12\/Gatos-laranja-sso-realmente-mais-doceis.jpg","datePublished":"2022-12-06T16:45:40+00:00","dateModified":"2022-12-06T16:45:41+00:00","breadcrumb":{"@id":"https:\/\/jornalfatosenoticias.com.br\/index.php\/2022\/12\/06\/gatos-laranja-sao-realmente-mais-doceis\/#breadcrumb"},"inLanguage":"pt-BR","potentialAction":[{"@type":"ReadAction","target":["https:\/\/jornalfatosenoticias.com.br\/index.php\/2022\/12\/06\/gatos-laranja-sao-realmente-mais-doceis\/"]}]},{"@type":"ImageObject","inLanguage":"pt-BR","@id":"https:\/\/jornalfatosenoticias.com.br\/index.php\/2022\/12\/06\/gatos-laranja-sao-realmente-mais-doceis\/#primaryimage","url":"https:\/\/jornalfatosenoticias.com.br\/wp-content\/uploads\/2022\/12\/Gatos-laranja-sso-realmente-mais-doceis.jpg","contentUrl":"https:\/\/jornalfatosenoticias.com.br\/wp-content\/uploads\/2022\/12\/Gatos-laranja-sso-realmente-mais-doceis.jpg","width":1000,"height":400},{"@type":"BreadcrumbList","@id":"https:\/\/jornalfatosenoticias.com.br\/index.php\/2022\/12\/06\/gatos-laranja-sao-realmente-mais-doceis\/#breadcrumb","itemListElement":[{"@type":"ListItem","position":1,"name":"In\u00edcio","item":"https:\/\/jornalfatosenoticias.com.br\/"},{"@type":"ListItem","position":2,"name":"Gatos laranja s\u00e3o realmente mais d\u00f3ceis?"}]},{"@type":"WebSite","@id":"https:\/\/jornalfatosenoticias.com.br\/#website","url":"https:\/\/jornalfatosenoticias.com.br\/","name":"Jornal Fatos e Not\u00edcias","description":"Not\u00edcias em geral","publisher":{"@id":"https:\/\/jornalfatosenoticias.com.br\/#organization"},"potentialAction":[{"@type":"SearchAction","target":{"@type":"EntryPoint","urlTemplate":"https:\/\/jornalfatosenoticias.com.br\/?s={search_term_string}"},"query-input":{"@type":"PropertyValueSpecification","valueRequired":true,"valueName":"search_term_string"}}],"inLanguage":"pt-BR"},{"@type":"Organization","@id":"https:\/\/jornalfatosenoticias.com.br\/#organization","name":"Jornal Fatos e Not\u00edcias","url":"https:\/\/jornalfatosenoticias.com.br\/","logo":{"@type":"ImageObject","inLanguage":"pt-BR","@id":"https:\/\/jornalfatosenoticias.com.br\/#\/schema\/logo\/image\/","url":"https:\/\/jornalfatosenoticias.com.br\/wp-content\/uploads\/2020\/02\/logo120.png","contentUrl":"https:\/\/jornalfatosenoticias.com.br\/wp-content\/uploads\/2020\/02\/logo120.png","width":1227,"height":120,"caption":"Jornal Fatos e Not\u00edcias"},"image":{"@id":"https:\/\/jornalfatosenoticias.com.br\/#\/schema\/logo\/image\/"}},{"@type":"Person","@id":"https:\/\/jornalfatosenoticias.com.br\/#\/schema\/person\/d63837fa13ac8666eb9e74e0985d6f81","name":"Luzimara Fernandes","image":{"@type":"ImageObject","inLanguage":"pt-BR","@id":"https:\/\/jornalfatosenoticias.com.br\/#\/schema\/person\/image\/","url":"https:\/\/jornalfatosenoticias.com.br\/wp-content\/uploads\/2025\/05\/EU_portal.jpg","contentUrl":"https:\/\/jornalfatosenoticias.com.br\/wp-content\/uploads\/2025\/05\/EU_portal.jpg","caption":"Luzimara Fernandes"},"description":"Jornalista MTB 2358-ES","sameAs":["https:\/\/jornalfatosenoticias.com.br"],"url":"https:\/\/jornalfatosenoticias.com.br\/index.php\/author\/luzimara\/"}]}},"cc_featured_image_caption":{"caption_text":"(Foto: Shutterstock)","source_text":"","source_url":""},"jetpack_featured_media_url":"https:\/\/jornalfatosenoticias.com.br\/wp-content\/uploads\/2022\/12\/Gatos-laranja-sso-realmente-mais-doceis.jpg","_links":{"self":[{"href":"https:\/\/jornalfatosenoticias.com.br\/index.php\/wp-json\/wp\/v2\/posts\/36659","targetHints":{"allow":["GET"]}}],"collection":[{"href":"https:\/\/jornalfatosenoticias.com.br\/index.php\/wp-json\/wp\/v2\/posts"}],"about":[{"href":"https:\/\/jornalfatosenoticias.com.br\/index.php\/wp-json\/wp\/v2\/types\/post"}],"author":[{"embeddable":true,"href":"https:\/\/jornalfatosenoticias.com.br\/index.php\/wp-json\/wp\/v2\/users\/2"}],"replies":[{"embeddable":true,"href":"https:\/\/jornalfatosenoticias.com.br\/index.php\/wp-json\/wp\/v2\/comments?post=36659"}],"version-history":[{"count":0,"href":"https:\/\/jornalfatosenoticias.com.br\/index.php\/wp-json\/wp\/v2\/posts\/36659\/revisions"}],"wp:featuredmedia":[{"embeddable":true,"href":"https:\/\/jornalfatosenoticias.com.br\/index.php\/wp-json\/wp\/v2\/media\/36661"}],"wp:attachment":[{"href":"https:\/\/jornalfatosenoticias.com.br\/index.php\/wp-json\/wp\/v2\/media?parent=36659"}],"wp:term":[{"taxonomy":"category","embeddable":true,"href":"https:\/\/jornalfatosenoticias.com.br\/index.php\/wp-json\/wp\/v2\/categories?post=36659"},{"taxonomy":"post_tag","embeddable":true,"href":"https:\/\/jornalfatosenoticias.com.br\/index.php\/wp-json\/wp\/v2\/tags?post=36659"}],"curies":[{"name":"wp","href":"https:\/\/api.w.org\/{rel}","templated":true}]}}