{"id":36667,"date":"2022-12-07T12:14:41","date_gmt":"2022-12-07T15:14:41","guid":{"rendered":"https:\/\/jornalfatosenoticias.com.br\/?p=36667"},"modified":"2022-12-07T12:14:42","modified_gmt":"2022-12-07T15:14:42","slug":"tribunal-argentino-condena-cristina-kirchner-a-seis-anos-de-prisao","status":"publish","type":"post","link":"https:\/\/jornalfatosenoticias.com.br\/index.php\/2022\/12\/07\/tribunal-argentino-condena-cristina-kirchner-a-seis-anos-de-prisao\/","title":{"rendered":"Tribunal argentino condena Cristina Kirchner a seis anos de pris\u00e3o"},"content":{"rendered":"\n<p><em><span class=\"has-inline-color has-black-color\">Vice-presidente tamb\u00e9m tornou-se ineleg\u00edvel<\/span><\/em><\/p>\n\n\n\n<div class=\"wp-block-image\"><figure class=\"aligncenter size-large\"><img loading=\"lazy\" decoding=\"async\" width=\"1024\" height=\"99\" src=\"https:\/\/jornalfatosenoticias.com.br\/wp-content\/uploads\/2020\/02\/Logo-Mizu-segunda-2-1024x99.png\" alt=\"\" class=\"wp-image-2353\" srcset=\"https:\/\/jornalfatosenoticias.com.br\/wp-content\/uploads\/2020\/02\/Logo-Mizu-segunda-2-1024x99.png 1024w, https:\/\/jornalfatosenoticias.com.br\/wp-content\/uploads\/2020\/02\/Logo-Mizu-segunda-2-300x29.png 300w, https:\/\/jornalfatosenoticias.com.br\/wp-content\/uploads\/2020\/02\/Logo-Mizu-segunda-2-768x74.png 768w, https:\/\/jornalfatosenoticias.com.br\/wp-content\/uploads\/2020\/02\/Logo-Mizu-segunda-2.png 1240w\" sizes=\"auto, (max-width: 1024px) 100vw, 1024px\" \/><\/figure><\/div>\n\n\n\n<p>Um tribunal argentino condenou a vice-presidente, Cristina Kirchner, nessa ter\u00e7a-feira (6) a seis anos de pris\u00e3o e a tornou ineleg\u00edvel em um processo de corrup\u00e7\u00e3o, embora ela tenha imunidade devido ao cargo p\u00fablico que ocupa.<br>A poderosa vice-presidente n\u00e3o enfrentar\u00e1 pena de pris\u00e3o imediata e deve recorrer da condena\u00e7\u00e3o. O caso, provavelmente, deve tramitar por anos em tribunais superiores.<\/p>\n\n\n\n<div class=\"wp-block-image\"><figure class=\"aligncenter size-large is-resized\"><img loading=\"lazy\" decoding=\"async\" src=\"https:\/\/jornalfatosenoticias.com.br\/wp-content\/uploads\/2022\/07\/Logo-Grupo-SEI.jpg\" alt=\"\" class=\"wp-image-31973\" width=\"376\" height=\"197\" srcset=\"https:\/\/jornalfatosenoticias.com.br\/wp-content\/uploads\/2022\/07\/Logo-Grupo-SEI.jpg 713w, https:\/\/jornalfatosenoticias.com.br\/wp-content\/uploads\/2022\/07\/Logo-Grupo-SEI-300x158.jpg 300w\" sizes=\"auto, (max-width: 376px) 100vw, 376px\" \/><\/figure><\/div>\n\n\n\n<p>Cristina foi presidente do pa\u00eds por dois mandatos, entre 2007 e 2015, e comanda uma multid\u00e3o de apoiadores fan\u00e1ticos. Ela enfrentou acusa\u00e7\u00f5es de corrup\u00e7\u00e3o na concess\u00e3o de obras p\u00fablicas durante sua presid\u00eancia, mas nega as acusa\u00e7\u00f5es e chama o tribunal que a julga de &#8220;pelot\u00e3o de fuzilamento&#8221;.<\/p>\n\n\n\n<div class=\"wp-block-image\"><figure class=\"aligncenter size-large\"><img loading=\"lazy\" decoding=\"async\" width=\"1024\" height=\"110\" src=\"https:\/\/jornalfatosenoticias.com.br\/wp-content\/uploads\/2022\/10\/Arte-jornal-Zucchi-1120x120_Prancheta-1-1024x110.jpg\" alt=\"\" class=\"wp-image-34772\" srcset=\"https:\/\/jornalfatosenoticias.com.br\/wp-content\/uploads\/2022\/10\/Arte-jornal-Zucchi-1120x120_Prancheta-1-1024x110.jpg 1024w, https:\/\/jornalfatosenoticias.com.br\/wp-content\/uploads\/2022\/10\/Arte-jornal-Zucchi-1120x120_Prancheta-1-300x32.jpg 300w, https:\/\/jornalfatosenoticias.com.br\/wp-content\/uploads\/2022\/10\/Arte-jornal-Zucchi-1120x120_Prancheta-1-768x82.jpg 768w, https:\/\/jornalfatosenoticias.com.br\/wp-content\/uploads\/2022\/10\/Arte-jornal-Zucchi-1120x120_Prancheta-1-1536x165.jpg 1536w, https:\/\/jornalfatosenoticias.com.br\/wp-content\/uploads\/2022\/10\/Arte-jornal-Zucchi-1120x120_Prancheta-1-2048x219.jpg 2048w\" sizes=\"auto, (max-width: 1024px) 100vw, 1024px\" \/><\/figure><\/div>\n\n\n\n<p>Em sess\u00e3o transmitida ao vivo, o Tribunal Federal 2, da capital Buenos Aires, condenou Cristina pelo crime de administra\u00e7\u00e3o fraudulenta, em um caso conhecido como Vialidad. O empreiteiro L\u00e1zaro B\u00e1ez tamb\u00e9m foi condenado a seis anos de pris\u00e3o.<\/p>\n\n\n\n<div class=\"wp-block-image\"><figure class=\"aligncenter size-large is-resized\"><img loading=\"lazy\" decoding=\"async\" src=\"https:\/\/jornalfatosenoticias.com.br\/wp-content\/uploads\/2020\/02\/casa-do-torresmo_portal.jpg\" alt=\"\" class=\"wp-image-34472\" width=\"263\" height=\"263\" srcset=\"https:\/\/jornalfatosenoticias.com.br\/wp-content\/uploads\/2020\/02\/casa-do-torresmo_portal.jpg 300w, https:\/\/jornalfatosenoticias.com.br\/wp-content\/uploads\/2020\/02\/casa-do-torresmo_portal-150x150.jpg 150w\" sizes=\"auto, (max-width: 263px) 100vw, 263px\" \/><\/figure><\/div>\n\n\n\n<p>Os promotores alegaram que os contratos de obras p\u00fablicas foram entregues a um empres\u00e1rio aliado de Kirchner, que n\u00e3o canalizou o dinheiro de volta para ela e seu falecido marido, o ex-presidente Nestor Kirchner. Defensores da vice-presidente sustentam que ela \u00e9 v\u00edtima de persegui\u00e7\u00e3o judicial.<\/p>\n\n\n\n<div class=\"wp-block-image\"><figure class=\"aligncenter size-large\"><img decoding=\"async\" src=\"https:\/\/jornalfatosenoticias.com.br\/wp-content\/uploads\/2020\/02\/Serra-Grande-1024x160.png\" alt=\"\" class=\"wp-image-7836\"\/><\/figure><\/div>\n\n\n\n<p>Os advogados disseram que Kirchner n\u00e3o ir\u00e1 para a pris\u00e3o t\u00e3o cedo, j\u00e1 que te, imunidade enquanto \u00e9 vice. Precisaria ser destitu\u00edda do cargo em um <em>impeachment<\/em>, antes de ser enviada para a pris\u00e3o.<\/p>\n\n\n\n<div class=\"wp-block-image\"><figure class=\"aligncenter size-large is-resized\"><img loading=\"lazy\" decoding=\"async\" src=\"https:\/\/jornalfatosenoticias.com.br\/wp-content\/uploads\/2022\/02\/Precisao-Contabilidade-1024x724.jpg\" alt=\"\" class=\"wp-image-28088\" width=\"327\" height=\"231\"\/><\/figure><\/div>\n\n\n\n<figure class=\"wp-block-pullquote\"><blockquote><p><span class=\"has-inline-color has-luminous-vivid-orange-color\">Atualmente, ela tem privil\u00e9gios como vice-presidente, o que significa que \u00e9 uma das autoridades cuja destitui\u00e7\u00e3o requer impeachment&#8221;, disse o advogado Alejandro Carrio, acrescentando que os tribunais superiores poder levar anos analisando recursos para a Suprema Corte. &#8220;N\u00e3o vejo o processo, com um caso dessa magnitude, levar tr\u00eas anos&#8221;.<\/span><\/p><\/blockquote><\/figure>\n\n\n\n<div class=\"wp-block-image\"><figure class=\"aligncenter size-large\"><img loading=\"lazy\" decoding=\"async\" width=\"1024\" height=\"100\" src=\"https:\/\/jornalfatosenoticias.com.br\/wp-content\/uploads\/2020\/02\/banner_ferramentas-1024x100.jpg\" alt=\"\" class=\"wp-image-1258\" srcset=\"https:\/\/jornalfatosenoticias.com.br\/wp-content\/uploads\/2020\/02\/banner_ferramentas-1024x100.jpg 1024w, https:\/\/jornalfatosenoticias.com.br\/wp-content\/uploads\/2020\/02\/banner_ferramentas-300x29.jpg 300w, https:\/\/jornalfatosenoticias.com.br\/wp-content\/uploads\/2020\/02\/banner_ferramentas-768x75.jpg 768w, https:\/\/jornalfatosenoticias.com.br\/wp-content\/uploads\/2020\/02\/banner_ferramentas.jpg 1227w\" sizes=\"auto, (max-width: 1024px) 100vw, 1024px\" \/><\/figure><\/div>\n\n\n\n<figure class=\"wp-block-pullquote\"><blockquote><p><span class=\"has-inline-color has-vivid-red-color\">A Argentina enfrenta longa crise econ\u00f4mica, com a infla\u00e7\u00e3o caminhando para a marca dos 100%. Apoiadores de Cristina se reuniram nas ruas, depois que ela sobreviveu a uma tentativa de assassinato neste ano.<\/span><\/p><\/blockquote><\/figure>\n\n\n\n<div class=\"wp-block-image\"><figure class=\"aligncenter size-large is-resized\"><img loading=\"lazy\" decoding=\"async\" src=\"https:\/\/jornalfatosenoticias.com.br\/wp-content\/uploads\/2022\/08\/logo-locau-veiculos-1024x573.png\" alt=\"\" class=\"wp-image-33078\" width=\"343\" height=\"191\"\/><\/figure><\/div>\n\n\n\n<p>O governo peronista do presidente Alberto Fern\u00e1ndez enfrentar\u00e1 dura batalha contra a oposi\u00e7\u00e3o conservadora nas elei\u00e7\u00f5es gerais marcadas para o ano que vem.<\/p>\n\n\n\n<p><strong><em>Fonte: <a href=\"https:\/\/agenciabrasil.ebc.com.br\/internacional\/noticia\/2022-12\/tribunal-argentino-condena-cristina-kirchner-seis-anos-de-prisao\">Ag\u00eancia Brasil<\/a><\/em><\/strong><\/p>\n","protected":false},"excerpt":{"rendered":"<p>Vice-presidente tamb\u00e9m tornou-se ineleg\u00edvel Um tribunal argentino condenou a vice-presidente, Cristina Kirchner, nessa ter\u00e7a-feira (6) a seis anos de pris\u00e3o e a tornou ineleg\u00edvel em um processo de corrup\u00e7\u00e3o, embora ela tenha imunidade devido ao cargo p\u00fablico que ocupa.A poderosa vice-presidente n\u00e3o enfrentar\u00e1 pena de pris\u00e3o imediata e deve recorrer da condena\u00e7\u00e3o. O caso, provavelmente, [&hellip;]<\/p>\n","protected":false},"author":2,"featured_media":36668,"comment_status":"open","ping_status":"open","sticky":false,"template":"","format":"standard","meta":{"footnotes":""},"categories":[41],"tags":[5995,6343,2129,15743,545,17210],"class_list":["post-36667","post","type-post","status-publish","format-standard","has-post-thumbnail","hentry","category-internacional","tag-argentina","tag-condenacao","tag-corrupcao","tag-cristina-kirchner","tag-politica","tag-vice-presidente"],"yoast_head":"<!-- This site is optimized with the Yoast SEO plugin v26.5 - https:\/\/yoast.com\/wordpress\/plugins\/seo\/ -->\n<title>Tribunal argentino condena Cristina Kirchner a seis anos de pris\u00e3o - Jornal Fatos e Not\u00edcias<\/title>\n<meta name=\"robots\" content=\"index, follow, max-snippet:-1, max-image-preview:large, max-video-preview:-1\" \/>\n<link rel=\"canonical\" href=\"https:\/\/jornalfatosenoticias.com.br\/index.php\/2022\/12\/07\/tribunal-argentino-condena-cristina-kirchner-a-seis-anos-de-prisao\/\" \/>\n<meta property=\"og:locale\" content=\"pt_BR\" \/>\n<meta property=\"og:type\" content=\"article\" \/>\n<meta property=\"og:title\" content=\"Tribunal argentino condena Cristina Kirchner a seis anos de pris\u00e3o - Jornal Fatos e Not\u00edcias\" \/>\n<meta property=\"og:description\" content=\"Vice-presidente tamb\u00e9m tornou-se ineleg\u00edvel Um tribunal argentino condenou a vice-presidente, Cristina Kirchner, nessa ter\u00e7a-feira (6) a seis anos de pris\u00e3o e a tornou ineleg\u00edvel em um processo de corrup\u00e7\u00e3o, embora ela tenha imunidade devido ao cargo p\u00fablico que ocupa.A poderosa vice-presidente n\u00e3o enfrentar\u00e1 pena de pris\u00e3o imediata e deve recorrer da condena\u00e7\u00e3o. O caso, provavelmente, [&hellip;]\" \/>\n<meta property=\"og:url\" content=\"https:\/\/jornalfatosenoticias.com.br\/index.php\/2022\/12\/07\/tribunal-argentino-condena-cristina-kirchner-a-seis-anos-de-prisao\/\" \/>\n<meta property=\"og:site_name\" content=\"Jornal Fatos e Not\u00edcias\" \/>\n<meta property=\"article:published_time\" content=\"2022-12-07T15:14:41+00:00\" \/>\n<meta property=\"article:modified_time\" content=\"2022-12-07T15:14:42+00:00\" \/>\n<meta property=\"og:image\" content=\"https:\/\/jornalfatosenoticias.com.br\/wp-content\/uploads\/2022\/12\/argentina-cristina-kirchner.jpg\" \/>\n\t<meta property=\"og:image:width\" content=\"1000\" \/>\n\t<meta property=\"og:image:height\" content=\"598\" \/>\n\t<meta property=\"og:image:type\" content=\"image\/jpeg\" \/>\n<meta name=\"author\" content=\"Luzimara Fernandes\" \/>\n<meta name=\"twitter:card\" content=\"summary_large_image\" \/>\n<meta name=\"twitter:label1\" content=\"Escrito por\" \/>\n\t<meta name=\"twitter:data1\" content=\"Luzimara Fernandes\" \/>\n\t<meta name=\"twitter:label2\" content=\"Est. tempo de leitura\" \/>\n\t<meta name=\"twitter:data2\" content=\"2 minutos\" \/>\n<script type=\"application\/ld+json\" class=\"yoast-schema-graph\">{\"@context\":\"https:\/\/schema.org\",\"@graph\":[{\"@type\":\"Article\",\"@id\":\"https:\/\/jornalfatosenoticias.com.br\/index.php\/2022\/12\/07\/tribunal-argentino-condena-cristina-kirchner-a-seis-anos-de-prisao\/#article\",\"isPartOf\":{\"@id\":\"https:\/\/jornalfatosenoticias.com.br\/index.php\/2022\/12\/07\/tribunal-argentino-condena-cristina-kirchner-a-seis-anos-de-prisao\/\"},\"author\":{\"name\":\"Luzimara Fernandes\",\"@id\":\"https:\/\/jornalfatosenoticias.com.br\/#\/schema\/person\/d63837fa13ac8666eb9e74e0985d6f81\"},\"headline\":\"Tribunal argentino condena Cristina Kirchner a seis anos de pris\u00e3o\",\"datePublished\":\"2022-12-07T15:14:41+00:00\",\"dateModified\":\"2022-12-07T15:14:42+00:00\",\"mainEntityOfPage\":{\"@id\":\"https:\/\/jornalfatosenoticias.com.br\/index.php\/2022\/12\/07\/tribunal-argentino-condena-cristina-kirchner-a-seis-anos-de-prisao\/\"},\"wordCount\":384,\"commentCount\":0,\"publisher\":{\"@id\":\"https:\/\/jornalfatosenoticias.com.br\/#organization\"},\"image\":{\"@id\":\"https:\/\/jornalfatosenoticias.com.br\/index.php\/2022\/12\/07\/tribunal-argentino-condena-cristina-kirchner-a-seis-anos-de-prisao\/#primaryimage\"},\"thumbnailUrl\":\"https:\/\/jornalfatosenoticias.com.br\/wp-content\/uploads\/2022\/12\/argentina-cristina-kirchner.jpg\",\"keywords\":[\"Argentina\",\"condena\u00e7\u00e3o\",\"corrup\u00e7\u00e3o\",\"Cristina Kirchner\",\"pol\u00edtica\",\"vice-presidente\"],\"articleSection\":[\"Internacional\"],\"inLanguage\":\"pt-BR\",\"potentialAction\":[{\"@type\":\"CommentAction\",\"name\":\"Comment\",\"target\":[\"https:\/\/jornalfatosenoticias.com.br\/index.php\/2022\/12\/07\/tribunal-argentino-condena-cristina-kirchner-a-seis-anos-de-prisao\/#respond\"]}]},{\"@type\":\"WebPage\",\"@id\":\"https:\/\/jornalfatosenoticias.com.br\/index.php\/2022\/12\/07\/tribunal-argentino-condena-cristina-kirchner-a-seis-anos-de-prisao\/\",\"url\":\"https:\/\/jornalfatosenoticias.com.br\/index.php\/2022\/12\/07\/tribunal-argentino-condena-cristina-kirchner-a-seis-anos-de-prisao\/\",\"name\":\"Tribunal argentino condena Cristina Kirchner a seis anos de pris\u00e3o - Jornal Fatos e Not\u00edcias\",\"isPartOf\":{\"@id\":\"https:\/\/jornalfatosenoticias.com.br\/#website\"},\"primaryImageOfPage\":{\"@id\":\"https:\/\/jornalfatosenoticias.com.br\/index.php\/2022\/12\/07\/tribunal-argentino-condena-cristina-kirchner-a-seis-anos-de-prisao\/#primaryimage\"},\"image\":{\"@id\":\"https:\/\/jornalfatosenoticias.com.br\/index.php\/2022\/12\/07\/tribunal-argentino-condena-cristina-kirchner-a-seis-anos-de-prisao\/#primaryimage\"},\"thumbnailUrl\":\"https:\/\/jornalfatosenoticias.com.br\/wp-content\/uploads\/2022\/12\/argentina-cristina-kirchner.jpg\",\"datePublished\":\"2022-12-07T15:14:41+00:00\",\"dateModified\":\"2022-12-07T15:14:42+00:00\",\"breadcrumb\":{\"@id\":\"https:\/\/jornalfatosenoticias.com.br\/index.php\/2022\/12\/07\/tribunal-argentino-condena-cristina-kirchner-a-seis-anos-de-prisao\/#breadcrumb\"},\"inLanguage\":\"pt-BR\",\"potentialAction\":[{\"@type\":\"ReadAction\",\"target\":[\"https:\/\/jornalfatosenoticias.com.br\/index.php\/2022\/12\/07\/tribunal-argentino-condena-cristina-kirchner-a-seis-anos-de-prisao\/\"]}]},{\"@type\":\"ImageObject\",\"inLanguage\":\"pt-BR\",\"@id\":\"https:\/\/jornalfatosenoticias.com.br\/index.php\/2022\/12\/07\/tribunal-argentino-condena-cristina-kirchner-a-seis-anos-de-prisao\/#primaryimage\",\"url\":\"https:\/\/jornalfatosenoticias.com.br\/wp-content\/uploads\/2022\/12\/argentina-cristina-kirchner.jpg\",\"contentUrl\":\"https:\/\/jornalfatosenoticias.com.br\/wp-content\/uploads\/2022\/12\/argentina-cristina-kirchner.jpg\",\"width\":1000,\"height\":598,\"caption\":\"Julgamento da ex-presidente da Argentina Cristina Kirchner acusada de corrup\u00e7\u00e3o, associa\u00e7\u00e3o il\u00edcita e desvio de verbas de obras p\u00fablicas, em Buenos Aires, Argentina.\"},{\"@type\":\"BreadcrumbList\",\"@id\":\"https:\/\/jornalfatosenoticias.com.br\/index.php\/2022\/12\/07\/tribunal-argentino-condena-cristina-kirchner-a-seis-anos-de-prisao\/#breadcrumb\",\"itemListElement\":[{\"@type\":\"ListItem\",\"position\":1,\"name\":\"In\u00edcio\",\"item\":\"https:\/\/jornalfatosenoticias.com.br\/\"},{\"@type\":\"ListItem\",\"position\":2,\"name\":\"Tribunal argentino condena Cristina Kirchner a seis anos de pris\u00e3o\"}]},{\"@type\":\"WebSite\",\"@id\":\"https:\/\/jornalfatosenoticias.com.br\/#website\",\"url\":\"https:\/\/jornalfatosenoticias.com.br\/\",\"name\":\"Jornal Fatos e Not\u00edcias\",\"description\":\"Not\u00edcias em geral\",\"publisher\":{\"@id\":\"https:\/\/jornalfatosenoticias.com.br\/#organization\"},\"potentialAction\":[{\"@type\":\"SearchAction\",\"target\":{\"@type\":\"EntryPoint\",\"urlTemplate\":\"https:\/\/jornalfatosenoticias.com.br\/?s={search_term_string}\"},\"query-input\":{\"@type\":\"PropertyValueSpecification\",\"valueRequired\":true,\"valueName\":\"search_term_string\"}}],\"inLanguage\":\"pt-BR\"},{\"@type\":\"Organization\",\"@id\":\"https:\/\/jornalfatosenoticias.com.br\/#organization\",\"name\":\"Jornal Fatos e Not\u00edcias\",\"url\":\"https:\/\/jornalfatosenoticias.com.br\/\",\"logo\":{\"@type\":\"ImageObject\",\"inLanguage\":\"pt-BR\",\"@id\":\"https:\/\/jornalfatosenoticias.com.br\/#\/schema\/logo\/image\/\",\"url\":\"https:\/\/jornalfatosenoticias.com.br\/wp-content\/uploads\/2020\/02\/logo120.png\",\"contentUrl\":\"https:\/\/jornalfatosenoticias.com.br\/wp-content\/uploads\/2020\/02\/logo120.png\",\"width\":1227,\"height\":120,\"caption\":\"Jornal Fatos e Not\u00edcias\"},\"image\":{\"@id\":\"https:\/\/jornalfatosenoticias.com.br\/#\/schema\/logo\/image\/\"}},{\"@type\":\"Person\",\"@id\":\"https:\/\/jornalfatosenoticias.com.br\/#\/schema\/person\/d63837fa13ac8666eb9e74e0985d6f81\",\"name\":\"Luzimara Fernandes\",\"image\":{\"@type\":\"ImageObject\",\"inLanguage\":\"pt-BR\",\"@id\":\"https:\/\/jornalfatosenoticias.com.br\/#\/schema\/person\/image\/\",\"url\":\"https:\/\/jornalfatosenoticias.com.br\/wp-content\/uploads\/2025\/05\/EU_portal.jpg\",\"contentUrl\":\"https:\/\/jornalfatosenoticias.com.br\/wp-content\/uploads\/2025\/05\/EU_portal.jpg\",\"caption\":\"Luzimara Fernandes\"},\"description\":\"Jornalista MTB 2358-ES\",\"sameAs\":[\"https:\/\/jornalfatosenoticias.com.br\"],\"url\":\"https:\/\/jornalfatosenoticias.com.br\/index.php\/author\/luzimara\/\"}]}<\/script>\n<!-- \/ Yoast SEO plugin. -->","yoast_head_json":{"title":"Tribunal argentino condena Cristina Kirchner a seis anos de pris\u00e3o - Jornal Fatos e Not\u00edcias","robots":{"index":"index","follow":"follow","max-snippet":"max-snippet:-1","max-image-preview":"max-image-preview:large","max-video-preview":"max-video-preview:-1"},"canonical":"https:\/\/jornalfatosenoticias.com.br\/index.php\/2022\/12\/07\/tribunal-argentino-condena-cristina-kirchner-a-seis-anos-de-prisao\/","og_locale":"pt_BR","og_type":"article","og_title":"Tribunal argentino condena Cristina Kirchner a seis anos de pris\u00e3o - Jornal Fatos e Not\u00edcias","og_description":"Vice-presidente tamb\u00e9m tornou-se ineleg\u00edvel Um tribunal argentino condenou a vice-presidente, Cristina Kirchner, nessa ter\u00e7a-feira (6) a seis anos de pris\u00e3o e a tornou ineleg\u00edvel em um processo de corrup\u00e7\u00e3o, embora ela tenha imunidade devido ao cargo p\u00fablico que ocupa.A poderosa vice-presidente n\u00e3o enfrentar\u00e1 pena de pris\u00e3o imediata e deve recorrer da condena\u00e7\u00e3o. O caso, provavelmente, [&hellip;]","og_url":"https:\/\/jornalfatosenoticias.com.br\/index.php\/2022\/12\/07\/tribunal-argentino-condena-cristina-kirchner-a-seis-anos-de-prisao\/","og_site_name":"Jornal Fatos e Not\u00edcias","article_published_time":"2022-12-07T15:14:41+00:00","article_modified_time":"2022-12-07T15:14:42+00:00","og_image":[{"width":1000,"height":598,"url":"https:\/\/jornalfatosenoticias.com.br\/wp-content\/uploads\/2022\/12\/argentina-cristina-kirchner.jpg","type":"image\/jpeg"}],"author":"Luzimara Fernandes","twitter_card":"summary_large_image","twitter_misc":{"Escrito por":"Luzimara Fernandes","Est. tempo de leitura":"2 minutos"},"schema":{"@context":"https:\/\/schema.org","@graph":[{"@type":"Article","@id":"https:\/\/jornalfatosenoticias.com.br\/index.php\/2022\/12\/07\/tribunal-argentino-condena-cristina-kirchner-a-seis-anos-de-prisao\/#article","isPartOf":{"@id":"https:\/\/jornalfatosenoticias.com.br\/index.php\/2022\/12\/07\/tribunal-argentino-condena-cristina-kirchner-a-seis-anos-de-prisao\/"},"author":{"name":"Luzimara Fernandes","@id":"https:\/\/jornalfatosenoticias.com.br\/#\/schema\/person\/d63837fa13ac8666eb9e74e0985d6f81"},"headline":"Tribunal argentino condena Cristina Kirchner a seis anos de pris\u00e3o","datePublished":"2022-12-07T15:14:41+00:00","dateModified":"2022-12-07T15:14:42+00:00","mainEntityOfPage":{"@id":"https:\/\/jornalfatosenoticias.com.br\/index.php\/2022\/12\/07\/tribunal-argentino-condena-cristina-kirchner-a-seis-anos-de-prisao\/"},"wordCount":384,"commentCount":0,"publisher":{"@id":"https:\/\/jornalfatosenoticias.com.br\/#organization"},"image":{"@id":"https:\/\/jornalfatosenoticias.com.br\/index.php\/2022\/12\/07\/tribunal-argentino-condena-cristina-kirchner-a-seis-anos-de-prisao\/#primaryimage"},"thumbnailUrl":"https:\/\/jornalfatosenoticias.com.br\/wp-content\/uploads\/2022\/12\/argentina-cristina-kirchner.jpg","keywords":["Argentina","condena\u00e7\u00e3o","corrup\u00e7\u00e3o","Cristina Kirchner","pol\u00edtica","vice-presidente"],"articleSection":["Internacional"],"inLanguage":"pt-BR","potentialAction":[{"@type":"CommentAction","name":"Comment","target":["https:\/\/jornalfatosenoticias.com.br\/index.php\/2022\/12\/07\/tribunal-argentino-condena-cristina-kirchner-a-seis-anos-de-prisao\/#respond"]}]},{"@type":"WebPage","@id":"https:\/\/jornalfatosenoticias.com.br\/index.php\/2022\/12\/07\/tribunal-argentino-condena-cristina-kirchner-a-seis-anos-de-prisao\/","url":"https:\/\/jornalfatosenoticias.com.br\/index.php\/2022\/12\/07\/tribunal-argentino-condena-cristina-kirchner-a-seis-anos-de-prisao\/","name":"Tribunal argentino condena Cristina Kirchner a seis anos de pris\u00e3o - Jornal Fatos e Not\u00edcias","isPartOf":{"@id":"https:\/\/jornalfatosenoticias.com.br\/#website"},"primaryImageOfPage":{"@id":"https:\/\/jornalfatosenoticias.com.br\/index.php\/2022\/12\/07\/tribunal-argentino-condena-cristina-kirchner-a-seis-anos-de-prisao\/#primaryimage"},"image":{"@id":"https:\/\/jornalfatosenoticias.com.br\/index.php\/2022\/12\/07\/tribunal-argentino-condena-cristina-kirchner-a-seis-anos-de-prisao\/#primaryimage"},"thumbnailUrl":"https:\/\/jornalfatosenoticias.com.br\/wp-content\/uploads\/2022\/12\/argentina-cristina-kirchner.jpg","datePublished":"2022-12-07T15:14:41+00:00","dateModified":"2022-12-07T15:14:42+00:00","breadcrumb":{"@id":"https:\/\/jornalfatosenoticias.com.br\/index.php\/2022\/12\/07\/tribunal-argentino-condena-cristina-kirchner-a-seis-anos-de-prisao\/#breadcrumb"},"inLanguage":"pt-BR","potentialAction":[{"@type":"ReadAction","target":["https:\/\/jornalfatosenoticias.com.br\/index.php\/2022\/12\/07\/tribunal-argentino-condena-cristina-kirchner-a-seis-anos-de-prisao\/"]}]},{"@type":"ImageObject","inLanguage":"pt-BR","@id":"https:\/\/jornalfatosenoticias.com.br\/index.php\/2022\/12\/07\/tribunal-argentino-condena-cristina-kirchner-a-seis-anos-de-prisao\/#primaryimage","url":"https:\/\/jornalfatosenoticias.com.br\/wp-content\/uploads\/2022\/12\/argentina-cristina-kirchner.jpg","contentUrl":"https:\/\/jornalfatosenoticias.com.br\/wp-content\/uploads\/2022\/12\/argentina-cristina-kirchner.jpg","width":1000,"height":598,"caption":"Julgamento da ex-presidente da Argentina Cristina Kirchner acusada de corrup\u00e7\u00e3o, associa\u00e7\u00e3o il\u00edcita e desvio de verbas de obras p\u00fablicas, em Buenos Aires, Argentina."},{"@type":"BreadcrumbList","@id":"https:\/\/jornalfatosenoticias.com.br\/index.php\/2022\/12\/07\/tribunal-argentino-condena-cristina-kirchner-a-seis-anos-de-prisao\/#breadcrumb","itemListElement":[{"@type":"ListItem","position":1,"name":"In\u00edcio","item":"https:\/\/jornalfatosenoticias.com.br\/"},{"@type":"ListItem","position":2,"name":"Tribunal argentino condena Cristina Kirchner a seis anos de pris\u00e3o"}]},{"@type":"WebSite","@id":"https:\/\/jornalfatosenoticias.com.br\/#website","url":"https:\/\/jornalfatosenoticias.com.br\/","name":"Jornal Fatos e Not\u00edcias","description":"Not\u00edcias em geral","publisher":{"@id":"https:\/\/jornalfatosenoticias.com.br\/#organization"},"potentialAction":[{"@type":"SearchAction","target":{"@type":"EntryPoint","urlTemplate":"https:\/\/jornalfatosenoticias.com.br\/?s={search_term_string}"},"query-input":{"@type":"PropertyValueSpecification","valueRequired":true,"valueName":"search_term_string"}}],"inLanguage":"pt-BR"},{"@type":"Organization","@id":"https:\/\/jornalfatosenoticias.com.br\/#organization","name":"Jornal Fatos e Not\u00edcias","url":"https:\/\/jornalfatosenoticias.com.br\/","logo":{"@type":"ImageObject","inLanguage":"pt-BR","@id":"https:\/\/jornalfatosenoticias.com.br\/#\/schema\/logo\/image\/","url":"https:\/\/jornalfatosenoticias.com.br\/wp-content\/uploads\/2020\/02\/logo120.png","contentUrl":"https:\/\/jornalfatosenoticias.com.br\/wp-content\/uploads\/2020\/02\/logo120.png","width":1227,"height":120,"caption":"Jornal Fatos e Not\u00edcias"},"image":{"@id":"https:\/\/jornalfatosenoticias.com.br\/#\/schema\/logo\/image\/"}},{"@type":"Person","@id":"https:\/\/jornalfatosenoticias.com.br\/#\/schema\/person\/d63837fa13ac8666eb9e74e0985d6f81","name":"Luzimara Fernandes","image":{"@type":"ImageObject","inLanguage":"pt-BR","@id":"https:\/\/jornalfatosenoticias.com.br\/#\/schema\/person\/image\/","url":"https:\/\/jornalfatosenoticias.com.br\/wp-content\/uploads\/2025\/05\/EU_portal.jpg","contentUrl":"https:\/\/jornalfatosenoticias.com.br\/wp-content\/uploads\/2025\/05\/EU_portal.jpg","caption":"Luzimara Fernandes"},"description":"Jornalista MTB 2358-ES","sameAs":["https:\/\/jornalfatosenoticias.com.br"],"url":"https:\/\/jornalfatosenoticias.com.br\/index.php\/author\/luzimara\/"}]}},"cc_featured_image_caption":{"caption_text":"(Foto: Reuters\/Agustin Marcarian)","source_text":"","source_url":""},"jetpack_featured_media_url":"https:\/\/jornalfatosenoticias.com.br\/wp-content\/uploads\/2022\/12\/argentina-cristina-kirchner.jpg","_links":{"self":[{"href":"https:\/\/jornalfatosenoticias.com.br\/index.php\/wp-json\/wp\/v2\/posts\/36667","targetHints":{"allow":["GET"]}}],"collection":[{"href":"https:\/\/jornalfatosenoticias.com.br\/index.php\/wp-json\/wp\/v2\/posts"}],"about":[{"href":"https:\/\/jornalfatosenoticias.com.br\/index.php\/wp-json\/wp\/v2\/types\/post"}],"author":[{"embeddable":true,"href":"https:\/\/jornalfatosenoticias.com.br\/index.php\/wp-json\/wp\/v2\/users\/2"}],"replies":[{"embeddable":true,"href":"https:\/\/jornalfatosenoticias.com.br\/index.php\/wp-json\/wp\/v2\/comments?post=36667"}],"version-history":[{"count":0,"href":"https:\/\/jornalfatosenoticias.com.br\/index.php\/wp-json\/wp\/v2\/posts\/36667\/revisions"}],"wp:featuredmedia":[{"embeddable":true,"href":"https:\/\/jornalfatosenoticias.com.br\/index.php\/wp-json\/wp\/v2\/media\/36668"}],"wp:attachment":[{"href":"https:\/\/jornalfatosenoticias.com.br\/index.php\/wp-json\/wp\/v2\/media?parent=36667"}],"wp:term":[{"taxonomy":"category","embeddable":true,"href":"https:\/\/jornalfatosenoticias.com.br\/index.php\/wp-json\/wp\/v2\/categories?post=36667"},{"taxonomy":"post_tag","embeddable":true,"href":"https:\/\/jornalfatosenoticias.com.br\/index.php\/wp-json\/wp\/v2\/tags?post=36667"}],"curies":[{"name":"wp","href":"https:\/\/api.w.org\/{rel}","templated":true}]}}