{"id":36670,"date":"2022-12-07T12:24:38","date_gmt":"2022-12-07T15:24:38","guid":{"rendered":"https:\/\/jornalfatosenoticias.com.br\/?p=36670"},"modified":"2022-12-07T12:24:39","modified_gmt":"2022-12-07T15:24:39","slug":"comunidade-do-amapa-recebe-laboratorio-escola-flutuante","status":"publish","type":"post","link":"https:\/\/jornalfatosenoticias.com.br\/index.php\/2022\/12\/07\/comunidade-do-amapa-recebe-laboratorio-escola-flutuante\/","title":{"rendered":"Comunidade do Amap\u00e1 recebe laborat\u00f3rio-escola flutuante"},"content":{"rendered":"\n<p><em><span class=\"has-inline-color has-black-color\">Unidade oferece curso t\u00e9cnico em alimentos da biodiversidade<\/span><\/em><\/p>\n\n\n\n<div class=\"wp-block-image\"><figure class=\"aligncenter size-large\"><img loading=\"lazy\" decoding=\"async\" width=\"1024\" height=\"103\" src=\"https:\/\/jornalfatosenoticias.com.br\/wp-content\/uploads\/2022\/02\/Arte-Autoescola-Galatas_endereco_portal-1024x103.png\" alt=\"\" class=\"wp-image-27869\" srcset=\"https:\/\/jornalfatosenoticias.com.br\/wp-content\/uploads\/2022\/02\/Arte-Autoescola-Galatas_endereco_portal-1024x103.png 1024w, https:\/\/jornalfatosenoticias.com.br\/wp-content\/uploads\/2022\/02\/Arte-Autoescola-Galatas_endereco_portal-300x30.png 300w, https:\/\/jornalfatosenoticias.com.br\/wp-content\/uploads\/2022\/02\/Arte-Autoescola-Galatas_endereco_portal-768x77.png 768w, https:\/\/jornalfatosenoticias.com.br\/wp-content\/uploads\/2022\/02\/Arte-Autoescola-Galatas_endereco_portal.png 1223w\" sizes=\"auto, (max-width: 1024px) 100vw, 1024px\" \/><\/figure><\/div>\n\n\n\n<p>A comunidade do Arraiol, no Arquip\u00e9lago do Bailique (AP), a 180 quil\u00f4metros de Macap\u00e1, recebeu, na segunda-feira (5), o Laborat\u00f3rio-Escola Flutuante da Agrobiodiversidade do Bailique. A unidade integra o Centro Vocacional Tecnol\u00f3gico (CVT) da Agrobiodiversidade Bailique-Rio Grande, financiado pelo <em>Minist\u00e9rio da Ci\u00eancia, Tecnologia e Inova\u00e7\u00f5es<\/em> (MCTI).<\/p>\n\n\n\n<div class=\"wp-block-image\"><figure class=\"aligncenter size-large is-resized\"><img loading=\"lazy\" decoding=\"async\" src=\"https:\/\/jornalfatosenoticias.com.br\/wp-content\/uploads\/2020\/02\/logo-clinica-limoeiro.jpg\" alt=\"\" class=\"wp-image-34610\" width=\"300\" height=\"213\"\/><\/figure><\/div>\n\n\n\n<p>Com quase 200 metros quadrados, o laborat\u00f3rio-escola disp\u00f5e de estrutura de sala de aula, laborat\u00f3rio equipado e cozinha para atividades pr\u00e1ticas do curso de t\u00e9cnico em alimentos da agrobiodiversidade, almoxarifado e dormit\u00f3rio. O flutuante tamb\u00e9m est\u00e1 equipado com uma planta para liofiliza\u00e7\u00e3o do a\u00e7a\u00ed, ou seja, transforma\u00e7\u00e3o da polpa em p\u00f3 por meio de alta tecnologia.<\/p>\n\n\n\n<div class=\"wp-block-image\"><figure class=\"aligncenter size-large\"><img loading=\"lazy\" decoding=\"async\" width=\"1024\" height=\"100\" src=\"https:\/\/jornalfatosenoticias.com.br\/wp-content\/uploads\/2022\/05\/NOVA-LOGO-CESCONETTO-1024x100.jpg\" alt=\"\" class=\"wp-image-30792\" srcset=\"https:\/\/jornalfatosenoticias.com.br\/wp-content\/uploads\/2022\/05\/NOVA-LOGO-CESCONETTO-1024x100.jpg 1024w, https:\/\/jornalfatosenoticias.com.br\/wp-content\/uploads\/2022\/05\/NOVA-LOGO-CESCONETTO-300x29.jpg 300w, https:\/\/jornalfatosenoticias.com.br\/wp-content\/uploads\/2022\/05\/NOVA-LOGO-CESCONETTO-768x75.jpg 768w, https:\/\/jornalfatosenoticias.com.br\/wp-content\/uploads\/2022\/05\/NOVA-LOGO-CESCONETTO.jpg 1280w\" sizes=\"auto, (max-width: 1024px) 100vw, 1024px\" \/><\/figure><\/div>\n\n\n\n<p>Segundo o minist\u00e9rio, a op\u00e7\u00e3o pelo flutuante considera a estrutura das ilhas do arquip\u00e9lago, formada por sedimentos e que ao longo do tempo pode sofrer deteriora\u00e7\u00e3o. O flutuante pode ser removido de local e \u00e9 abastecido por pain\u00e9is de energia fotovoltaica. O laborat\u00f3rio-escola tem uma estrutura adequada para a realiza\u00e7\u00e3o do curso. At\u00e9 agora, as aulas eram ministradas de modo adaptado no centro de eventos da comunidade.<\/p>\n\n\n\n<div class=\"wp-block-image\"><figure class=\"alignleft size-large\"><img loading=\"lazy\" decoding=\"async\" width=\"300\" height=\"250\" src=\"https:\/\/jornalfatosenoticias.com.br\/wp-content\/uploads\/2022\/08\/arte-Casarao.jpg\" alt=\"\" class=\"wp-image-33178\"\/><\/figure><\/div>\n\n\n\n<p>Com valor global de R$ 6,2 milh\u00f5es, o projeto do CVT Bailique \u00e9 totalmente financiado com recursos da pasta ministerial. O laborat\u00f3rio flutuante foi planejado com base no Protocolo Comunit\u00e1rio de 2013, elaborado pela comunidade local.<br>Coordenado pela Universidade Federal do Rio Grande (FURG), o projeto \u00e9 realizado em parceria com a Oficina Escola de Lutheria da Amaz\u00f4nia (OELA), a Associa\u00e7\u00e3o das Comunidades Tradicionais do Bailique (ACTB) e o Instituto de Desenvolvimento Sustent\u00e1vel Mamirau\u00e1 (IDEM), entre outras entidades p\u00fablicas e privadas.<\/p>\n\n\n\n<div class=\"wp-block-image\"><figure class=\"aligncenter size-large\"><img loading=\"lazy\" decoding=\"async\" width=\"1024\" height=\"111\" src=\"https:\/\/jornalfatosenoticias.com.br\/wp-content\/uploads\/2020\/02\/WhatsApp-Image-2022-09-23-at-12.09.18-1024x111.jpeg\" alt=\"\" class=\"wp-image-34527\" srcset=\"https:\/\/jornalfatosenoticias.com.br\/wp-content\/uploads\/2020\/02\/WhatsApp-Image-2022-09-23-at-12.09.18-1024x111.jpeg 1024w, https:\/\/jornalfatosenoticias.com.br\/wp-content\/uploads\/2020\/02\/WhatsApp-Image-2022-09-23-at-12.09.18-300x32.jpeg 300w, https:\/\/jornalfatosenoticias.com.br\/wp-content\/uploads\/2020\/02\/WhatsApp-Image-2022-09-23-at-12.09.18-768x83.jpeg 768w, https:\/\/jornalfatosenoticias.com.br\/wp-content\/uploads\/2020\/02\/WhatsApp-Image-2022-09-23-at-12.09.18.jpeg 1121w\" sizes=\"auto, (max-width: 1024px) 100vw, 1024px\" \/><\/figure><\/div>\n\n\n\n<p><br>O minist\u00e9rio assinou um termo de execu\u00e7\u00e3o descentralizada com a FURG em 2015 e a primeira turma do curso t\u00e9cnico em alimentos da agrobiodiversidade foi formada em 2017. O curso oferece 1,2 mil horas de aula que inclui disciplinas como direito ambiental, microbiologia, bioqu\u00edmica de alimentos, biotecnologia, cooperativismo, seguran\u00e7a alimentar e nutricional.<\/p>\n\n\n\n<div class=\"wp-block-image\"><figure class=\"aligncenter size-large\"><img decoding=\"async\" src=\"https:\/\/jornalfatosenoticias.com.br\/wp-content\/uploads\/2020\/02\/barao-das-carnes-300x164-1.jpg\" alt=\"\" class=\"wp-image-34339\"\/><\/figure><\/div>\n\n\n\n<p>O curso formou 53 jovens de 16 comunidades em tr\u00eas turmas. No momento, a quarta turma est\u00e1 em andamento. As aulas s\u00e3o ministradas pelo sistema de altern\u00e2ncia, em que os jovens passam 15 dias na escola e 15 dias nas comunidades.<\/p>\n\n\n\n<p><strong><em>Fonte: <a href=\"https:\/\/agenciabrasil.ebc.com.br\/educacao\/noticia\/2022-12\/comunidade-do-amapa-recebe-laboratorio-escola-flutuante\">Ag\u00eancia Brasil<\/a><\/em><\/strong><\/p>\n","protected":false},"excerpt":{"rendered":"<p>Unidade oferece curso t\u00e9cnico em alimentos da biodiversidade A comunidade do Arraiol, no Arquip\u00e9lago do Bailique (AP), a 180 quil\u00f4metros de Macap\u00e1, recebeu, na segunda-feira (5), o Laborat\u00f3rio-Escola Flutuante da Agrobiodiversidade do Bailique. A unidade integra o Centro Vocacional Tecnol\u00f3gico (CVT) da Agrobiodiversidade Bailique-Rio Grande, financiado pelo Minist\u00e9rio da Ci\u00eancia, Tecnologia e Inova\u00e7\u00f5es (MCTI). Com [&hellip;]<\/p>\n","protected":false},"author":2,"featured_media":36671,"comment_status":"open","ping_status":"open","sticky":false,"template":"","format":"standard","meta":{"footnotes":""},"categories":[7],"tags":[17215,2933,17212,17211,17214,17213],"class_list":["post-36670","post","type-post","status-publish","format-standard","has-post-thumbnail","hentry","category-educacao","tag-agrobiodiversidade","tag-amapa","tag-bailique","tag-laboratorio-escola","tag-laboratorio-escola-flutuante","tag-ministerio-da-ciencia-tecnologia-e-inovacoes"],"yoast_head":"<!-- This site is optimized with the Yoast SEO plugin v26.5 - https:\/\/yoast.com\/wordpress\/plugins\/seo\/ -->\n<title>Comunidade do Amap\u00e1 recebe laborat\u00f3rio-escola flutuante - Jornal Fatos e Not\u00edcias<\/title>\n<meta name=\"robots\" content=\"index, follow, max-snippet:-1, max-image-preview:large, max-video-preview:-1\" \/>\n<link rel=\"canonical\" href=\"https:\/\/jornalfatosenoticias.com.br\/index.php\/2022\/12\/07\/comunidade-do-amapa-recebe-laboratorio-escola-flutuante\/\" \/>\n<meta property=\"og:locale\" content=\"pt_BR\" \/>\n<meta property=\"og:type\" content=\"article\" \/>\n<meta property=\"og:title\" content=\"Comunidade do Amap\u00e1 recebe laborat\u00f3rio-escola flutuante - Jornal Fatos e Not\u00edcias\" \/>\n<meta property=\"og:description\" content=\"Unidade oferece curso t\u00e9cnico em alimentos da biodiversidade A comunidade do Arraiol, no Arquip\u00e9lago do Bailique (AP), a 180 quil\u00f4metros de Macap\u00e1, recebeu, na segunda-feira (5), o Laborat\u00f3rio-Escola Flutuante da Agrobiodiversidade do Bailique. A unidade integra o Centro Vocacional Tecnol\u00f3gico (CVT) da Agrobiodiversidade Bailique-Rio Grande, financiado pelo Minist\u00e9rio da Ci\u00eancia, Tecnologia e Inova\u00e7\u00f5es (MCTI). Com [&hellip;]\" \/>\n<meta property=\"og:url\" content=\"https:\/\/jornalfatosenoticias.com.br\/index.php\/2022\/12\/07\/comunidade-do-amapa-recebe-laboratorio-escola-flutuante\/\" \/>\n<meta property=\"og:site_name\" content=\"Jornal Fatos e Not\u00edcias\" \/>\n<meta property=\"article:published_time\" content=\"2022-12-07T15:24:38+00:00\" \/>\n<meta property=\"article:modified_time\" content=\"2022-12-07T15:24:39+00:00\" \/>\n<meta property=\"og:image\" content=\"https:\/\/jornalfatosenoticias.com.br\/wp-content\/uploads\/2022\/12\/escola-flutuante.jpeg\" \/>\n\t<meta property=\"og:image:width\" content=\"1000\" \/>\n\t<meta property=\"og:image:height\" content=\"598\" \/>\n\t<meta property=\"og:image:type\" content=\"image\/jpeg\" \/>\n<meta name=\"author\" content=\"Luzimara Fernandes\" \/>\n<meta name=\"twitter:card\" content=\"summary_large_image\" \/>\n<meta name=\"twitter:label1\" content=\"Escrito por\" \/>\n\t<meta name=\"twitter:data1\" content=\"Luzimara Fernandes\" \/>\n\t<meta name=\"twitter:label2\" content=\"Est. tempo de leitura\" \/>\n\t<meta name=\"twitter:data2\" content=\"2 minutos\" \/>\n<script type=\"application\/ld+json\" class=\"yoast-schema-graph\">{\"@context\":\"https:\/\/schema.org\",\"@graph\":[{\"@type\":\"Article\",\"@id\":\"https:\/\/jornalfatosenoticias.com.br\/index.php\/2022\/12\/07\/comunidade-do-amapa-recebe-laboratorio-escola-flutuante\/#article\",\"isPartOf\":{\"@id\":\"https:\/\/jornalfatosenoticias.com.br\/index.php\/2022\/12\/07\/comunidade-do-amapa-recebe-laboratorio-escola-flutuante\/\"},\"author\":{\"name\":\"Luzimara Fernandes\",\"@id\":\"https:\/\/jornalfatosenoticias.com.br\/#\/schema\/person\/d63837fa13ac8666eb9e74e0985d6f81\"},\"headline\":\"Comunidade do Amap\u00e1 recebe laborat\u00f3rio-escola flutuante\",\"datePublished\":\"2022-12-07T15:24:38+00:00\",\"dateModified\":\"2022-12-07T15:24:39+00:00\",\"mainEntityOfPage\":{\"@id\":\"https:\/\/jornalfatosenoticias.com.br\/index.php\/2022\/12\/07\/comunidade-do-amapa-recebe-laboratorio-escola-flutuante\/\"},\"wordCount\":387,\"commentCount\":0,\"publisher\":{\"@id\":\"https:\/\/jornalfatosenoticias.com.br\/#organization\"},\"image\":{\"@id\":\"https:\/\/jornalfatosenoticias.com.br\/index.php\/2022\/12\/07\/comunidade-do-amapa-recebe-laboratorio-escola-flutuante\/#primaryimage\"},\"thumbnailUrl\":\"https:\/\/jornalfatosenoticias.com.br\/wp-content\/uploads\/2022\/12\/escola-flutuante.jpeg\",\"keywords\":[\"agrobiodiversidade\",\"Amap\u00e1\",\"Bailique\",\"laborat\u00f3rio-escola\",\"laborat\u00f3rio-escola flutuante\",\"Minist\u00e9rio da Ci\u00eancia Tecnologia e Inova\u00e7\u00f5es\"],\"articleSection\":[\"Educa\u00e7\u00e3o\"],\"inLanguage\":\"pt-BR\",\"potentialAction\":[{\"@type\":\"CommentAction\",\"name\":\"Comment\",\"target\":[\"https:\/\/jornalfatosenoticias.com.br\/index.php\/2022\/12\/07\/comunidade-do-amapa-recebe-laboratorio-escola-flutuante\/#respond\"]}]},{\"@type\":\"WebPage\",\"@id\":\"https:\/\/jornalfatosenoticias.com.br\/index.php\/2022\/12\/07\/comunidade-do-amapa-recebe-laboratorio-escola-flutuante\/\",\"url\":\"https:\/\/jornalfatosenoticias.com.br\/index.php\/2022\/12\/07\/comunidade-do-amapa-recebe-laboratorio-escola-flutuante\/\",\"name\":\"Comunidade do Amap\u00e1 recebe laborat\u00f3rio-escola flutuante - Jornal Fatos e Not\u00edcias\",\"isPartOf\":{\"@id\":\"https:\/\/jornalfatosenoticias.com.br\/#website\"},\"primaryImageOfPage\":{\"@id\":\"https:\/\/jornalfatosenoticias.com.br\/index.php\/2022\/12\/07\/comunidade-do-amapa-recebe-laboratorio-escola-flutuante\/#primaryimage\"},\"image\":{\"@id\":\"https:\/\/jornalfatosenoticias.com.br\/index.php\/2022\/12\/07\/comunidade-do-amapa-recebe-laboratorio-escola-flutuante\/#primaryimage\"},\"thumbnailUrl\":\"https:\/\/jornalfatosenoticias.com.br\/wp-content\/uploads\/2022\/12\/escola-flutuante.jpeg\",\"datePublished\":\"2022-12-07T15:24:38+00:00\",\"dateModified\":\"2022-12-07T15:24:39+00:00\",\"breadcrumb\":{\"@id\":\"https:\/\/jornalfatosenoticias.com.br\/index.php\/2022\/12\/07\/comunidade-do-amapa-recebe-laboratorio-escola-flutuante\/#breadcrumb\"},\"inLanguage\":\"pt-BR\",\"potentialAction\":[{\"@type\":\"ReadAction\",\"target\":[\"https:\/\/jornalfatosenoticias.com.br\/index.php\/2022\/12\/07\/comunidade-do-amapa-recebe-laboratorio-escola-flutuante\/\"]}]},{\"@type\":\"ImageObject\",\"inLanguage\":\"pt-BR\",\"@id\":\"https:\/\/jornalfatosenoticias.com.br\/index.php\/2022\/12\/07\/comunidade-do-amapa-recebe-laboratorio-escola-flutuante\/#primaryimage\",\"url\":\"https:\/\/jornalfatosenoticias.com.br\/wp-content\/uploads\/2022\/12\/escola-flutuante.jpeg\",\"contentUrl\":\"https:\/\/jornalfatosenoticias.com.br\/wp-content\/uploads\/2022\/12\/escola-flutuante.jpeg\",\"width\":1000,\"height\":598,\"caption\":\"MCTI entrega laborat\u00f3rio-escola para comunidade do Arquip\u00e9lago do Bailique (AP)\"},{\"@type\":\"BreadcrumbList\",\"@id\":\"https:\/\/jornalfatosenoticias.com.br\/index.php\/2022\/12\/07\/comunidade-do-amapa-recebe-laboratorio-escola-flutuante\/#breadcrumb\",\"itemListElement\":[{\"@type\":\"ListItem\",\"position\":1,\"name\":\"In\u00edcio\",\"item\":\"https:\/\/jornalfatosenoticias.com.br\/\"},{\"@type\":\"ListItem\",\"position\":2,\"name\":\"Comunidade do Amap\u00e1 recebe laborat\u00f3rio-escola flutuante\"}]},{\"@type\":\"WebSite\",\"@id\":\"https:\/\/jornalfatosenoticias.com.br\/#website\",\"url\":\"https:\/\/jornalfatosenoticias.com.br\/\",\"name\":\"Jornal Fatos e Not\u00edcias\",\"description\":\"Not\u00edcias em geral\",\"publisher\":{\"@id\":\"https:\/\/jornalfatosenoticias.com.br\/#organization\"},\"potentialAction\":[{\"@type\":\"SearchAction\",\"target\":{\"@type\":\"EntryPoint\",\"urlTemplate\":\"https:\/\/jornalfatosenoticias.com.br\/?s={search_term_string}\"},\"query-input\":{\"@type\":\"PropertyValueSpecification\",\"valueRequired\":true,\"valueName\":\"search_term_string\"}}],\"inLanguage\":\"pt-BR\"},{\"@type\":\"Organization\",\"@id\":\"https:\/\/jornalfatosenoticias.com.br\/#organization\",\"name\":\"Jornal Fatos e Not\u00edcias\",\"url\":\"https:\/\/jornalfatosenoticias.com.br\/\",\"logo\":{\"@type\":\"ImageObject\",\"inLanguage\":\"pt-BR\",\"@id\":\"https:\/\/jornalfatosenoticias.com.br\/#\/schema\/logo\/image\/\",\"url\":\"https:\/\/jornalfatosenoticias.com.br\/wp-content\/uploads\/2020\/02\/logo120.png\",\"contentUrl\":\"https:\/\/jornalfatosenoticias.com.br\/wp-content\/uploads\/2020\/02\/logo120.png\",\"width\":1227,\"height\":120,\"caption\":\"Jornal Fatos e Not\u00edcias\"},\"image\":{\"@id\":\"https:\/\/jornalfatosenoticias.com.br\/#\/schema\/logo\/image\/\"}},{\"@type\":\"Person\",\"@id\":\"https:\/\/jornalfatosenoticias.com.br\/#\/schema\/person\/d63837fa13ac8666eb9e74e0985d6f81\",\"name\":\"Luzimara Fernandes\",\"image\":{\"@type\":\"ImageObject\",\"inLanguage\":\"pt-BR\",\"@id\":\"https:\/\/jornalfatosenoticias.com.br\/#\/schema\/person\/image\/\",\"url\":\"https:\/\/jornalfatosenoticias.com.br\/wp-content\/uploads\/2025\/05\/EU_portal.jpg\",\"contentUrl\":\"https:\/\/jornalfatosenoticias.com.br\/wp-content\/uploads\/2025\/05\/EU_portal.jpg\",\"caption\":\"Luzimara Fernandes\"},\"description\":\"Jornalista MTB 2358-ES\",\"sameAs\":[\"https:\/\/jornalfatosenoticias.com.br\"],\"url\":\"https:\/\/jornalfatosenoticias.com.br\/index.php\/author\/luzimara\/\"}]}<\/script>\n<!-- \/ Yoast SEO plugin. -->","yoast_head_json":{"title":"Comunidade do Amap\u00e1 recebe laborat\u00f3rio-escola flutuante - Jornal Fatos e Not\u00edcias","robots":{"index":"index","follow":"follow","max-snippet":"max-snippet:-1","max-image-preview":"max-image-preview:large","max-video-preview":"max-video-preview:-1"},"canonical":"https:\/\/jornalfatosenoticias.com.br\/index.php\/2022\/12\/07\/comunidade-do-amapa-recebe-laboratorio-escola-flutuante\/","og_locale":"pt_BR","og_type":"article","og_title":"Comunidade do Amap\u00e1 recebe laborat\u00f3rio-escola flutuante - Jornal Fatos e Not\u00edcias","og_description":"Unidade oferece curso t\u00e9cnico em alimentos da biodiversidade A comunidade do Arraiol, no Arquip\u00e9lago do Bailique (AP), a 180 quil\u00f4metros de Macap\u00e1, recebeu, na segunda-feira (5), o Laborat\u00f3rio-Escola Flutuante da Agrobiodiversidade do Bailique. A unidade integra o Centro Vocacional Tecnol\u00f3gico (CVT) da Agrobiodiversidade Bailique-Rio Grande, financiado pelo Minist\u00e9rio da Ci\u00eancia, Tecnologia e Inova\u00e7\u00f5es (MCTI). Com [&hellip;]","og_url":"https:\/\/jornalfatosenoticias.com.br\/index.php\/2022\/12\/07\/comunidade-do-amapa-recebe-laboratorio-escola-flutuante\/","og_site_name":"Jornal Fatos e Not\u00edcias","article_published_time":"2022-12-07T15:24:38+00:00","article_modified_time":"2022-12-07T15:24:39+00:00","og_image":[{"width":1000,"height":598,"url":"https:\/\/jornalfatosenoticias.com.br\/wp-content\/uploads\/2022\/12\/escola-flutuante.jpeg","type":"image\/jpeg"}],"author":"Luzimara Fernandes","twitter_card":"summary_large_image","twitter_misc":{"Escrito por":"Luzimara Fernandes","Est. tempo de leitura":"2 minutos"},"schema":{"@context":"https:\/\/schema.org","@graph":[{"@type":"Article","@id":"https:\/\/jornalfatosenoticias.com.br\/index.php\/2022\/12\/07\/comunidade-do-amapa-recebe-laboratorio-escola-flutuante\/#article","isPartOf":{"@id":"https:\/\/jornalfatosenoticias.com.br\/index.php\/2022\/12\/07\/comunidade-do-amapa-recebe-laboratorio-escola-flutuante\/"},"author":{"name":"Luzimara Fernandes","@id":"https:\/\/jornalfatosenoticias.com.br\/#\/schema\/person\/d63837fa13ac8666eb9e74e0985d6f81"},"headline":"Comunidade do Amap\u00e1 recebe laborat\u00f3rio-escola flutuante","datePublished":"2022-12-07T15:24:38+00:00","dateModified":"2022-12-07T15:24:39+00:00","mainEntityOfPage":{"@id":"https:\/\/jornalfatosenoticias.com.br\/index.php\/2022\/12\/07\/comunidade-do-amapa-recebe-laboratorio-escola-flutuante\/"},"wordCount":387,"commentCount":0,"publisher":{"@id":"https:\/\/jornalfatosenoticias.com.br\/#organization"},"image":{"@id":"https:\/\/jornalfatosenoticias.com.br\/index.php\/2022\/12\/07\/comunidade-do-amapa-recebe-laboratorio-escola-flutuante\/#primaryimage"},"thumbnailUrl":"https:\/\/jornalfatosenoticias.com.br\/wp-content\/uploads\/2022\/12\/escola-flutuante.jpeg","keywords":["agrobiodiversidade","Amap\u00e1","Bailique","laborat\u00f3rio-escola","laborat\u00f3rio-escola flutuante","Minist\u00e9rio da Ci\u00eancia Tecnologia e Inova\u00e7\u00f5es"],"articleSection":["Educa\u00e7\u00e3o"],"inLanguage":"pt-BR","potentialAction":[{"@type":"CommentAction","name":"Comment","target":["https:\/\/jornalfatosenoticias.com.br\/index.php\/2022\/12\/07\/comunidade-do-amapa-recebe-laboratorio-escola-flutuante\/#respond"]}]},{"@type":"WebPage","@id":"https:\/\/jornalfatosenoticias.com.br\/index.php\/2022\/12\/07\/comunidade-do-amapa-recebe-laboratorio-escola-flutuante\/","url":"https:\/\/jornalfatosenoticias.com.br\/index.php\/2022\/12\/07\/comunidade-do-amapa-recebe-laboratorio-escola-flutuante\/","name":"Comunidade do Amap\u00e1 recebe laborat\u00f3rio-escola flutuante - Jornal Fatos e Not\u00edcias","isPartOf":{"@id":"https:\/\/jornalfatosenoticias.com.br\/#website"},"primaryImageOfPage":{"@id":"https:\/\/jornalfatosenoticias.com.br\/index.php\/2022\/12\/07\/comunidade-do-amapa-recebe-laboratorio-escola-flutuante\/#primaryimage"},"image":{"@id":"https:\/\/jornalfatosenoticias.com.br\/index.php\/2022\/12\/07\/comunidade-do-amapa-recebe-laboratorio-escola-flutuante\/#primaryimage"},"thumbnailUrl":"https:\/\/jornalfatosenoticias.com.br\/wp-content\/uploads\/2022\/12\/escola-flutuante.jpeg","datePublished":"2022-12-07T15:24:38+00:00","dateModified":"2022-12-07T15:24:39+00:00","breadcrumb":{"@id":"https:\/\/jornalfatosenoticias.com.br\/index.php\/2022\/12\/07\/comunidade-do-amapa-recebe-laboratorio-escola-flutuante\/#breadcrumb"},"inLanguage":"pt-BR","potentialAction":[{"@type":"ReadAction","target":["https:\/\/jornalfatosenoticias.com.br\/index.php\/2022\/12\/07\/comunidade-do-amapa-recebe-laboratorio-escola-flutuante\/"]}]},{"@type":"ImageObject","inLanguage":"pt-BR","@id":"https:\/\/jornalfatosenoticias.com.br\/index.php\/2022\/12\/07\/comunidade-do-amapa-recebe-laboratorio-escola-flutuante\/#primaryimage","url":"https:\/\/jornalfatosenoticias.com.br\/wp-content\/uploads\/2022\/12\/escola-flutuante.jpeg","contentUrl":"https:\/\/jornalfatosenoticias.com.br\/wp-content\/uploads\/2022\/12\/escola-flutuante.jpeg","width":1000,"height":598,"caption":"MCTI entrega laborat\u00f3rio-escola para comunidade do Arquip\u00e9lago do Bailique (AP)"},{"@type":"BreadcrumbList","@id":"https:\/\/jornalfatosenoticias.com.br\/index.php\/2022\/12\/07\/comunidade-do-amapa-recebe-laboratorio-escola-flutuante\/#breadcrumb","itemListElement":[{"@type":"ListItem","position":1,"name":"In\u00edcio","item":"https:\/\/jornalfatosenoticias.com.br\/"},{"@type":"ListItem","position":2,"name":"Comunidade do Amap\u00e1 recebe laborat\u00f3rio-escola flutuante"}]},{"@type":"WebSite","@id":"https:\/\/jornalfatosenoticias.com.br\/#website","url":"https:\/\/jornalfatosenoticias.com.br\/","name":"Jornal Fatos e Not\u00edcias","description":"Not\u00edcias em geral","publisher":{"@id":"https:\/\/jornalfatosenoticias.com.br\/#organization"},"potentialAction":[{"@type":"SearchAction","target":{"@type":"EntryPoint","urlTemplate":"https:\/\/jornalfatosenoticias.com.br\/?s={search_term_string}"},"query-input":{"@type":"PropertyValueSpecification","valueRequired":true,"valueName":"search_term_string"}}],"inLanguage":"pt-BR"},{"@type":"Organization","@id":"https:\/\/jornalfatosenoticias.com.br\/#organization","name":"Jornal Fatos e Not\u00edcias","url":"https:\/\/jornalfatosenoticias.com.br\/","logo":{"@type":"ImageObject","inLanguage":"pt-BR","@id":"https:\/\/jornalfatosenoticias.com.br\/#\/schema\/logo\/image\/","url":"https:\/\/jornalfatosenoticias.com.br\/wp-content\/uploads\/2020\/02\/logo120.png","contentUrl":"https:\/\/jornalfatosenoticias.com.br\/wp-content\/uploads\/2020\/02\/logo120.png","width":1227,"height":120,"caption":"Jornal Fatos e Not\u00edcias"},"image":{"@id":"https:\/\/jornalfatosenoticias.com.br\/#\/schema\/logo\/image\/"}},{"@type":"Person","@id":"https:\/\/jornalfatosenoticias.com.br\/#\/schema\/person\/d63837fa13ac8666eb9e74e0985d6f81","name":"Luzimara Fernandes","image":{"@type":"ImageObject","inLanguage":"pt-BR","@id":"https:\/\/jornalfatosenoticias.com.br\/#\/schema\/person\/image\/","url":"https:\/\/jornalfatosenoticias.com.br\/wp-content\/uploads\/2025\/05\/EU_portal.jpg","contentUrl":"https:\/\/jornalfatosenoticias.com.br\/wp-content\/uploads\/2025\/05\/EU_portal.jpg","caption":"Luzimara Fernandes"},"description":"Jornalista MTB 2358-ES","sameAs":["https:\/\/jornalfatosenoticias.com.br"],"url":"https:\/\/jornalfatosenoticias.com.br\/index.php\/author\/luzimara\/"}]}},"cc_featured_image_caption":{"caption_text":"(Foto: MCTI)\r\n","source_text":"","source_url":""},"jetpack_featured_media_url":"https:\/\/jornalfatosenoticias.com.br\/wp-content\/uploads\/2022\/12\/escola-flutuante.jpeg","_links":{"self":[{"href":"https:\/\/jornalfatosenoticias.com.br\/index.php\/wp-json\/wp\/v2\/posts\/36670","targetHints":{"allow":["GET"]}}],"collection":[{"href":"https:\/\/jornalfatosenoticias.com.br\/index.php\/wp-json\/wp\/v2\/posts"}],"about":[{"href":"https:\/\/jornalfatosenoticias.com.br\/index.php\/wp-json\/wp\/v2\/types\/post"}],"author":[{"embeddable":true,"href":"https:\/\/jornalfatosenoticias.com.br\/index.php\/wp-json\/wp\/v2\/users\/2"}],"replies":[{"embeddable":true,"href":"https:\/\/jornalfatosenoticias.com.br\/index.php\/wp-json\/wp\/v2\/comments?post=36670"}],"version-history":[{"count":0,"href":"https:\/\/jornalfatosenoticias.com.br\/index.php\/wp-json\/wp\/v2\/posts\/36670\/revisions"}],"wp:featuredmedia":[{"embeddable":true,"href":"https:\/\/jornalfatosenoticias.com.br\/index.php\/wp-json\/wp\/v2\/media\/36671"}],"wp:attachment":[{"href":"https:\/\/jornalfatosenoticias.com.br\/index.php\/wp-json\/wp\/v2\/media?parent=36670"}],"wp:term":[{"taxonomy":"category","embeddable":true,"href":"https:\/\/jornalfatosenoticias.com.br\/index.php\/wp-json\/wp\/v2\/categories?post=36670"},{"taxonomy":"post_tag","embeddable":true,"href":"https:\/\/jornalfatosenoticias.com.br\/index.php\/wp-json\/wp\/v2\/tags?post=36670"}],"curies":[{"name":"wp","href":"https:\/\/api.w.org\/{rel}","templated":true}]}}