{"id":36682,"date":"2022-12-07T13:41:55","date_gmt":"2022-12-07T16:41:55","guid":{"rendered":"https:\/\/jornalfatosenoticias.com.br\/?p=36682"},"modified":"2022-12-07T13:42:00","modified_gmt":"2022-12-07T16:42:00","slug":"o-melhor-presente-do-mundo","status":"publish","type":"post","link":"https:\/\/jornalfatosenoticias.com.br\/index.php\/2022\/12\/07\/o-melhor-presente-do-mundo\/","title":{"rendered":"O Melhor Presente do Mundo"},"content":{"rendered":"\n<div class=\"wp-block-image\"><figure class=\"aligncenter size-large\"><img loading=\"lazy\" decoding=\"async\" width=\"1024\" height=\"100\" src=\"https:\/\/jornalfatosenoticias.com.br\/wp-content\/uploads\/2022\/05\/NOVA-LOGO-CESCONETTO-1024x100.jpg\" alt=\"\" class=\"wp-image-30792\" srcset=\"https:\/\/jornalfatosenoticias.com.br\/wp-content\/uploads\/2022\/05\/NOVA-LOGO-CESCONETTO-1024x100.jpg 1024w, https:\/\/jornalfatosenoticias.com.br\/wp-content\/uploads\/2022\/05\/NOVA-LOGO-CESCONETTO-300x29.jpg 300w, https:\/\/jornalfatosenoticias.com.br\/wp-content\/uploads\/2022\/05\/NOVA-LOGO-CESCONETTO-768x75.jpg 768w, https:\/\/jornalfatosenoticias.com.br\/wp-content\/uploads\/2022\/05\/NOVA-LOGO-CESCONETTO.jpg 1280w\" sizes=\"auto, (max-width: 1024px) 100vw, 1024px\" \/><\/figure><\/div>\n\n\n\n<p>Em um quarto rosa e aconchegante, uma linda garotinha surpreendeu a sua m\u00e3e, com uma pergunta nada convencional:<br>\u2014 Mam\u00e3e, posso trocar o meu presente de natal, por uma a\u00e7\u00e3o?<br>A m\u00e3e surpresa com a pergunta da filha, sorriu ao olhar e fazer um carinho em seus cabelos.<br>\u2014 Claro meu anjo, o seu pedido \u00e9 uma ordem! O que quiser, iremos fazer.<br>\u2014 Como est\u00e1 o nosso dinheiro? Caso n\u00e3o tenha, n\u00e3o poderemos realizar essa a\u00e7\u00e3o. Sei que trabalha duro o ano todo, para me dar sempre o melhor presente do mundo.<\/p>\n\n\n\n<div class=\"wp-block-image\"><figure class=\"aligncenter size-large is-resized\"><img loading=\"lazy\" decoding=\"async\" src=\"https:\/\/jornalfatosenoticias.com.br\/wp-content\/uploads\/2020\/02\/logo-clinica-limoeiro.jpg\" alt=\"\" class=\"wp-image-34610\" width=\"309\" height=\"219\"\/><\/figure><\/div>\n\n\n\n<p>\u2014 Oh minha filha, dinheiro nunca sobra, mas o melhor presente do mundo, somos n\u00f3s duas, n\u00e3o existe nada que supere esse amor.<br>\u2014 Verdade! Sabe que estou de f\u00e9rias, mas a minha escola est\u00e1 aberta, acolhendo os desabrigados pelas fortes chuvas.<br>\u2014 \u00c9 mesmo filha, n\u00e3o sabia! Uma situa\u00e7\u00e3o muito triste.<br>\u2014 Mam\u00e3e, quero levar alimentos e presentes para eles na noite de Natal, e, se for poss\u00edvel ficarmos juntos.<\/p>\n\n\n\n<div class=\"wp-block-image\"><figure class=\"aligncenter size-large\"><img loading=\"lazy\" decoding=\"async\" width=\"1024\" height=\"103\" src=\"https:\/\/jornalfatosenoticias.com.br\/wp-content\/uploads\/2022\/02\/Arte-Autoescola-Galatas_endereco_portal-1024x103.png\" alt=\"\" class=\"wp-image-27869\" srcset=\"https:\/\/jornalfatosenoticias.com.br\/wp-content\/uploads\/2022\/02\/Arte-Autoescola-Galatas_endereco_portal-1024x103.png 1024w, https:\/\/jornalfatosenoticias.com.br\/wp-content\/uploads\/2022\/02\/Arte-Autoescola-Galatas_endereco_portal-300x30.png 300w, https:\/\/jornalfatosenoticias.com.br\/wp-content\/uploads\/2022\/02\/Arte-Autoescola-Galatas_endereco_portal-768x77.png 768w, https:\/\/jornalfatosenoticias.com.br\/wp-content\/uploads\/2022\/02\/Arte-Autoescola-Galatas_endereco_portal.png 1223w\" sizes=\"auto, (max-width: 1024px) 100vw, 1024px\" \/><\/figure><\/div>\n\n\n\n<p>A m\u00e3e se emocionou com as palavras da filha e respirou para responder:<br>\u2014 Claro que sim, vai ser o melhor Natal de todos. Posso preparar alguns pratos.<br>\u2014 Obrigada m\u00e3e! Voc\u00ea \u00e9 o melhor presente do mundo!<br>No dia 24 de dezembro, m\u00e3e e filha chegaram na porta da escola. A surpresa foi m\u00fatua, ao verem tantas luzes brilhando e algumas \u00e1rvores bem enfeitadas. No centro do p\u00e1tio, havia uma enorme mesa, com diversos pratos e bebidas. Haviam mais de cem pessoas aos arredores. As crian\u00e7as corriam por todos os lados. Uma assistente social as recebeu, com uma simpatia admir\u00e1vel, e as conduziu a primeira fam\u00edlia.<\/p>\n\n\n\n<div class=\"wp-block-image\"><figure class=\"aligncenter size-large is-resized\"><img loading=\"lazy\" decoding=\"async\" src=\"https:\/\/jornalfatosenoticias.com.br\/wp-content\/uploads\/2022\/02\/Precisao-Contabilidade-1024x724.jpg\" alt=\"\" class=\"wp-image-28088\" width=\"344\" height=\"243\"\/><\/figure><\/div>\n\n\n\n<p>\u2014 Ol\u00e1 boa noite! Um Feliz Natal para voc\u00eas! Queremos entregar uma lembran\u00e7a. Eu me chamo Maria e essa \u00e9 a Ester, minha filha.<br>A fam\u00edlia emocionada, recebeu o presente das m\u00e3os de Maria. Quando abriram, haviam roupas, presentes e um enfeite de porcelana em formato de uma pomba branca, com o seguinte vers\u00edculo escrito: \u201cSe o Senhor \u00e9 por n\u00f3s, quem ser\u00e1 contra n\u00f3s\u201d, Rom, 8;31.<\/p>\n\n\n\n<div class=\"wp-block-image\"><figure class=\"aligncenter size-large\"><img loading=\"lazy\" decoding=\"async\" width=\"1024\" height=\"99\" src=\"https:\/\/jornalfatosenoticias.com.br\/wp-content\/uploads\/2020\/02\/Logo-Mizu-segunda-2-1024x99.png\" alt=\"\" class=\"wp-image-2353\" srcset=\"https:\/\/jornalfatosenoticias.com.br\/wp-content\/uploads\/2020\/02\/Logo-Mizu-segunda-2-1024x99.png 1024w, https:\/\/jornalfatosenoticias.com.br\/wp-content\/uploads\/2020\/02\/Logo-Mizu-segunda-2-300x29.png 300w, https:\/\/jornalfatosenoticias.com.br\/wp-content\/uploads\/2020\/02\/Logo-Mizu-segunda-2-768x74.png 768w, https:\/\/jornalfatosenoticias.com.br\/wp-content\/uploads\/2020\/02\/Logo-Mizu-segunda-2.png 1240w\" sizes=\"auto, (max-width: 1024px) 100vw, 1024px\" \/><\/figure><\/div>\n\n\n\n<p>\u2014 Muito obrigado, senhora Maria, a sua filha \u00e9 linda, est\u00e1 \u00e9 a minha esposa, Jane, e o nosso beb\u00ea, Jo\u00e3o. E onde est\u00e1 o seu marido? \u2014 disse Ant\u00f4nio.<br>\u2014 De nada! Que fam\u00edlia linda. Tenham f\u00e9, essa dificuldade ser\u00e1 passageira. Eu sou m\u00e3e solteira, crio Ester, com Deus.<br>\u2014 \u00c9 uma mulher forte! Quero que conhe\u00e7a o meu filho, Ader. Ele est\u00e1 logo ali na frente com o namorado, est\u00e3o finalizando a montagem da \u00faltima \u00e1rvore natalina.<br>\u2014 Vamos Ester, conhecer o filho deles. Se quiser, pode ajud\u00e1-los a finalizar a \u00e1rvore.<\/p>\n\n\n\n<div class=\"wp-block-image\"><figure class=\"aligncenter size-large is-resized\"><img loading=\"lazy\" decoding=\"async\" src=\"https:\/\/jornalfatosenoticias.com.br\/wp-content\/uploads\/2022\/07\/Logo-Grupo-SEI.jpg\" alt=\"\" class=\"wp-image-31973\" width=\"343\" height=\"180\" srcset=\"https:\/\/jornalfatosenoticias.com.br\/wp-content\/uploads\/2022\/07\/Logo-Grupo-SEI.jpg 713w, https:\/\/jornalfatosenoticias.com.br\/wp-content\/uploads\/2022\/07\/Logo-Grupo-SEI-300x158.jpg 300w\" sizes=\"auto, (max-width: 343px) 100vw, 343px\" \/><\/figure><\/div>\n\n\n\n<p>\u2014 Que legal. \u2014 Ester sorriu com os seus olhos brilhantes, sem acreditar na magia daquele lugar. Ali n\u00e3o havia tristeza.<br>\u2014 Filho, essa \u00e9 a Maria e a Ester, elas nos deram alguns presentes e uma mensagem b\u00edblica.<br>\u2014 Muito prazer, voc\u00eas duas s\u00e3o lindas e posso ver como s\u00e3o aben\u00e7oadas. Afinal trocaram o Natal de voc\u00eas com o conforto e tudo mais, para estarem aqui conosco. Que bonito! \u2014 Ader se emocionou ao abra\u00e7ar o pai e a m\u00e3e que segurava o seu irm\u00e3o.<\/p>\n\n\n\n<div class=\"wp-block-image\"><figure class=\"aligncenter size-large\"><img loading=\"lazy\" decoding=\"async\" width=\"1024\" height=\"111\" src=\"https:\/\/jornalfatosenoticias.com.br\/wp-content\/uploads\/2020\/02\/WhatsApp-Image-2022-09-23-at-12.09.18-1024x111.jpeg\" alt=\"\" class=\"wp-image-34527\" srcset=\"https:\/\/jornalfatosenoticias.com.br\/wp-content\/uploads\/2020\/02\/WhatsApp-Image-2022-09-23-at-12.09.18-1024x111.jpeg 1024w, https:\/\/jornalfatosenoticias.com.br\/wp-content\/uploads\/2020\/02\/WhatsApp-Image-2022-09-23-at-12.09.18-300x32.jpeg 300w, https:\/\/jornalfatosenoticias.com.br\/wp-content\/uploads\/2020\/02\/WhatsApp-Image-2022-09-23-at-12.09.18-768x83.jpeg 768w, https:\/\/jornalfatosenoticias.com.br\/wp-content\/uploads\/2020\/02\/WhatsApp-Image-2022-09-23-at-12.09.18.jpeg 1121w\" sizes=\"auto, (max-width: 1024px) 100vw, 1024px\" \/><\/figure><\/div>\n\n\n\n<p>\u2014 O prazer de estar aqui \u00e9 nosso, foi o pedido da Ester. \u2014 Maria sorriu e sentiu a gratid\u00e3o da ajuda.<br>Ester olhou para os estranhos que agora j\u00e1 eram conhecidos e quase amigos, abra\u00e7ou a sua m\u00e3e bem forte e disse:<br>\u2014 Gente! Esse Natal deve ser para todos e por todos, pela minha m\u00e3e, que cuida de mim, sozinha, por essa fam\u00edlia que conhecemos, que perderam bens materiais, mas vejo um amor \u00fanico entre cada um. Tamb\u00e9m deve ser um Natal de inclus\u00e3o social, olha o Ader e seu namorado, eles lutam com dignidade, como qualquer casal tradicional. Eu e minha m\u00e3e, somos uma fam\u00edlia, como eles tamb\u00e9m ser\u00e3o. O amor \u00e9 para todos, como Deus tamb\u00e9m \u00e9. Ap\u00f3s as palavras de Ester, todos se abra\u00e7aram fraternalmente, os seus cora\u00e7\u00f5es se encheram de novas perspectivas e amor.<\/p>\n\n\n\n<div class=\"wp-block-image\"><figure class=\"aligncenter size-large is-resized\"><img loading=\"lazy\" decoding=\"async\" src=\"https:\/\/jornalfatosenoticias.com.br\/wp-content\/uploads\/2022\/08\/logo-locau-veiculos-1024x573.png\" alt=\"\" class=\"wp-image-33078\" width=\"353\" height=\"197\"\/><\/figure><\/div>\n\n\n\n<p><span class=\"has-inline-color has-black-color\"><strong>Conto: <\/strong>647 palavras<br><strong>Autora: <\/strong>Silvia Vanderss<br><strong>T\u00edtulo: <\/strong>O Melhor Presente do Mundo<\/span><\/p>\n","protected":false},"excerpt":{"rendered":"<p>Em um quarto rosa e aconchegante, uma linda garotinha surpreendeu a sua m\u00e3e, com uma pergunta nada convencional:\u2014 Mam\u00e3e, posso trocar o meu presente de natal, por uma a\u00e7\u00e3o?A m\u00e3e surpresa com a pergunta da filha, sorriu ao olhar e fazer um carinho em seus cabelos.\u2014 Claro meu anjo, o seu pedido \u00e9 uma ordem! [&hellip;]<\/p>\n","protected":false},"author":19,"featured_media":36683,"comment_status":"open","ping_status":"open","sticky":false,"template":"","format":"standard","meta":{"footnotes":""},"categories":[4],"tags":[17221,6459,1602],"class_list":["post-36682","post","type-post","status-publish","format-standard","has-post-thumbnail","hentry","category-cultura","tag-conto-de-natal","tag-natal","tag-poesia"],"yoast_head":"<!-- This site is optimized with the Yoast SEO plugin v26.5 - https:\/\/yoast.com\/wordpress\/plugins\/seo\/ -->\n<title>O Melhor Presente do Mundo - Jornal Fatos e Not\u00edcias<\/title>\n<meta name=\"robots\" content=\"index, follow, max-snippet:-1, max-image-preview:large, max-video-preview:-1\" \/>\n<link rel=\"canonical\" href=\"https:\/\/jornalfatosenoticias.com.br\/index.php\/2022\/12\/07\/o-melhor-presente-do-mundo\/\" \/>\n<meta property=\"og:locale\" content=\"pt_BR\" \/>\n<meta property=\"og:type\" content=\"article\" \/>\n<meta property=\"og:title\" content=\"O Melhor Presente do Mundo - Jornal Fatos e Not\u00edcias\" \/>\n<meta property=\"og:description\" content=\"Em um quarto rosa e aconchegante, uma linda garotinha surpreendeu a sua m\u00e3e, com uma pergunta nada convencional:\u2014 Mam\u00e3e, posso trocar o meu presente de natal, por uma a\u00e7\u00e3o?A m\u00e3e surpresa com a pergunta da filha, sorriu ao olhar e fazer um carinho em seus cabelos.\u2014 Claro meu anjo, o seu pedido \u00e9 uma ordem! [&hellip;]\" \/>\n<meta property=\"og:url\" content=\"https:\/\/jornalfatosenoticias.com.br\/index.php\/2022\/12\/07\/o-melhor-presente-do-mundo\/\" \/>\n<meta property=\"og:site_name\" content=\"Jornal Fatos e Not\u00edcias\" \/>\n<meta property=\"article:published_time\" content=\"2022-12-07T16:41:55+00:00\" \/>\n<meta property=\"article:modified_time\" content=\"2022-12-07T16:42:00+00:00\" \/>\n<meta property=\"og:image\" content=\"https:\/\/jornalfatosenoticias.com.br\/wp-content\/uploads\/2022\/12\/arvore-de-natal-conto-silvia.jpg\" \/>\n\t<meta property=\"og:image:width\" content=\"1000\" \/>\n\t<meta property=\"og:image:height\" content=\"652\" \/>\n\t<meta property=\"og:image:type\" content=\"image\/jpeg\" \/>\n<meta name=\"author\" content=\"Silvia Vanderss\" \/>\n<meta name=\"twitter:card\" content=\"summary_large_image\" \/>\n<meta name=\"twitter:label1\" content=\"Escrito por\" \/>\n\t<meta name=\"twitter:data1\" content=\"Silvia Vanderss\" \/>\n\t<meta name=\"twitter:label2\" content=\"Est. tempo de leitura\" \/>\n\t<meta name=\"twitter:data2\" content=\"3 minutos\" \/>\n<script type=\"application\/ld+json\" class=\"yoast-schema-graph\">{\"@context\":\"https:\/\/schema.org\",\"@graph\":[{\"@type\":\"Article\",\"@id\":\"https:\/\/jornalfatosenoticias.com.br\/index.php\/2022\/12\/07\/o-melhor-presente-do-mundo\/#article\",\"isPartOf\":{\"@id\":\"https:\/\/jornalfatosenoticias.com.br\/index.php\/2022\/12\/07\/o-melhor-presente-do-mundo\/\"},\"author\":{\"name\":\"Silvia Vanderss\",\"@id\":\"https:\/\/jornalfatosenoticias.com.br\/#\/schema\/person\/1848e8dc50d3650cb68e053b98dfbdf0\"},\"headline\":\"O Melhor Presente do Mundo\",\"datePublished\":\"2022-12-07T16:41:55+00:00\",\"dateModified\":\"2022-12-07T16:42:00+00:00\",\"mainEntityOfPage\":{\"@id\":\"https:\/\/jornalfatosenoticias.com.br\/index.php\/2022\/12\/07\/o-melhor-presente-do-mundo\/\"},\"wordCount\":699,\"commentCount\":0,\"publisher\":{\"@id\":\"https:\/\/jornalfatosenoticias.com.br\/#organization\"},\"image\":{\"@id\":\"https:\/\/jornalfatosenoticias.com.br\/index.php\/2022\/12\/07\/o-melhor-presente-do-mundo\/#primaryimage\"},\"thumbnailUrl\":\"https:\/\/jornalfatosenoticias.com.br\/wp-content\/uploads\/2022\/12\/arvore-de-natal-conto-silvia.jpg\",\"keywords\":[\"conto de Natal\",\"Natal\",\"poesia\"],\"articleSection\":[\"Cultura\"],\"inLanguage\":\"pt-BR\",\"potentialAction\":[{\"@type\":\"CommentAction\",\"name\":\"Comment\",\"target\":[\"https:\/\/jornalfatosenoticias.com.br\/index.php\/2022\/12\/07\/o-melhor-presente-do-mundo\/#respond\"]}]},{\"@type\":\"WebPage\",\"@id\":\"https:\/\/jornalfatosenoticias.com.br\/index.php\/2022\/12\/07\/o-melhor-presente-do-mundo\/\",\"url\":\"https:\/\/jornalfatosenoticias.com.br\/index.php\/2022\/12\/07\/o-melhor-presente-do-mundo\/\",\"name\":\"O Melhor Presente do Mundo - Jornal Fatos e Not\u00edcias\",\"isPartOf\":{\"@id\":\"https:\/\/jornalfatosenoticias.com.br\/#website\"},\"primaryImageOfPage\":{\"@id\":\"https:\/\/jornalfatosenoticias.com.br\/index.php\/2022\/12\/07\/o-melhor-presente-do-mundo\/#primaryimage\"},\"image\":{\"@id\":\"https:\/\/jornalfatosenoticias.com.br\/index.php\/2022\/12\/07\/o-melhor-presente-do-mundo\/#primaryimage\"},\"thumbnailUrl\":\"https:\/\/jornalfatosenoticias.com.br\/wp-content\/uploads\/2022\/12\/arvore-de-natal-conto-silvia.jpg\",\"datePublished\":\"2022-12-07T16:41:55+00:00\",\"dateModified\":\"2022-12-07T16:42:00+00:00\",\"breadcrumb\":{\"@id\":\"https:\/\/jornalfatosenoticias.com.br\/index.php\/2022\/12\/07\/o-melhor-presente-do-mundo\/#breadcrumb\"},\"inLanguage\":\"pt-BR\",\"potentialAction\":[{\"@type\":\"ReadAction\",\"target\":[\"https:\/\/jornalfatosenoticias.com.br\/index.php\/2022\/12\/07\/o-melhor-presente-do-mundo\/\"]}]},{\"@type\":\"ImageObject\",\"inLanguage\":\"pt-BR\",\"@id\":\"https:\/\/jornalfatosenoticias.com.br\/index.php\/2022\/12\/07\/o-melhor-presente-do-mundo\/#primaryimage\",\"url\":\"https:\/\/jornalfatosenoticias.com.br\/wp-content\/uploads\/2022\/12\/arvore-de-natal-conto-silvia.jpg\",\"contentUrl\":\"https:\/\/jornalfatosenoticias.com.br\/wp-content\/uploads\/2022\/12\/arvore-de-natal-conto-silvia.jpg\",\"width\":1000,\"height\":652},{\"@type\":\"BreadcrumbList\",\"@id\":\"https:\/\/jornalfatosenoticias.com.br\/index.php\/2022\/12\/07\/o-melhor-presente-do-mundo\/#breadcrumb\",\"itemListElement\":[{\"@type\":\"ListItem\",\"position\":1,\"name\":\"In\u00edcio\",\"item\":\"https:\/\/jornalfatosenoticias.com.br\/\"},{\"@type\":\"ListItem\",\"position\":2,\"name\":\"O Melhor Presente do Mundo\"}]},{\"@type\":\"WebSite\",\"@id\":\"https:\/\/jornalfatosenoticias.com.br\/#website\",\"url\":\"https:\/\/jornalfatosenoticias.com.br\/\",\"name\":\"Jornal Fatos e Not\u00edcias\",\"description\":\"Not\u00edcias em geral\",\"publisher\":{\"@id\":\"https:\/\/jornalfatosenoticias.com.br\/#organization\"},\"potentialAction\":[{\"@type\":\"SearchAction\",\"target\":{\"@type\":\"EntryPoint\",\"urlTemplate\":\"https:\/\/jornalfatosenoticias.com.br\/?s={search_term_string}\"},\"query-input\":{\"@type\":\"PropertyValueSpecification\",\"valueRequired\":true,\"valueName\":\"search_term_string\"}}],\"inLanguage\":\"pt-BR\"},{\"@type\":\"Organization\",\"@id\":\"https:\/\/jornalfatosenoticias.com.br\/#organization\",\"name\":\"Jornal Fatos e Not\u00edcias\",\"url\":\"https:\/\/jornalfatosenoticias.com.br\/\",\"logo\":{\"@type\":\"ImageObject\",\"inLanguage\":\"pt-BR\",\"@id\":\"https:\/\/jornalfatosenoticias.com.br\/#\/schema\/logo\/image\/\",\"url\":\"https:\/\/jornalfatosenoticias.com.br\/wp-content\/uploads\/2020\/02\/logo120.png\",\"contentUrl\":\"https:\/\/jornalfatosenoticias.com.br\/wp-content\/uploads\/2020\/02\/logo120.png\",\"width\":1227,\"height\":120,\"caption\":\"Jornal Fatos e Not\u00edcias\"},\"image\":{\"@id\":\"https:\/\/jornalfatosenoticias.com.br\/#\/schema\/logo\/image\/\"}},{\"@type\":\"Person\",\"@id\":\"https:\/\/jornalfatosenoticias.com.br\/#\/schema\/person\/1848e8dc50d3650cb68e053b98dfbdf0\",\"name\":\"Silvia Vanderss\",\"image\":{\"@type\":\"ImageObject\",\"inLanguage\":\"pt-BR\",\"@id\":\"https:\/\/jornalfatosenoticias.com.br\/#\/schema\/person\/image\/\",\"url\":\"https:\/\/jornalfatosenoticias.com.br\/wp-content\/uploads\/2023\/05\/silvia-150x150.jpg\",\"contentUrl\":\"https:\/\/jornalfatosenoticias.com.br\/wp-content\/uploads\/2023\/05\/silvia-150x150.jpg\",\"caption\":\"Silvia Vanderss\"},\"description\":\"Autora capixaba, com forma\u00e7\u00e3o em Administra\u00e7\u00e3o e Letras Seis obras publicadas que abrangem os g\u00eaneros, romance, suspense e poesia Blog liter\u00e1rio: www.silviavanderss.com.br\",\"url\":\"https:\/\/jornalfatosenoticias.com.br\/index.php\/author\/silvia\/\"}]}<\/script>\n<!-- \/ Yoast SEO plugin. -->","yoast_head_json":{"title":"O Melhor Presente do Mundo - Jornal Fatos e Not\u00edcias","robots":{"index":"index","follow":"follow","max-snippet":"max-snippet:-1","max-image-preview":"max-image-preview:large","max-video-preview":"max-video-preview:-1"},"canonical":"https:\/\/jornalfatosenoticias.com.br\/index.php\/2022\/12\/07\/o-melhor-presente-do-mundo\/","og_locale":"pt_BR","og_type":"article","og_title":"O Melhor Presente do Mundo - Jornal Fatos e Not\u00edcias","og_description":"Em um quarto rosa e aconchegante, uma linda garotinha surpreendeu a sua m\u00e3e, com uma pergunta nada convencional:\u2014 Mam\u00e3e, posso trocar o meu presente de natal, por uma a\u00e7\u00e3o?A m\u00e3e surpresa com a pergunta da filha, sorriu ao olhar e fazer um carinho em seus cabelos.\u2014 Claro meu anjo, o seu pedido \u00e9 uma ordem! [&hellip;]","og_url":"https:\/\/jornalfatosenoticias.com.br\/index.php\/2022\/12\/07\/o-melhor-presente-do-mundo\/","og_site_name":"Jornal Fatos e Not\u00edcias","article_published_time":"2022-12-07T16:41:55+00:00","article_modified_time":"2022-12-07T16:42:00+00:00","og_image":[{"width":1000,"height":652,"url":"https:\/\/jornalfatosenoticias.com.br\/wp-content\/uploads\/2022\/12\/arvore-de-natal-conto-silvia.jpg","type":"image\/jpeg"}],"author":"Silvia Vanderss","twitter_card":"summary_large_image","twitter_misc":{"Escrito por":"Silvia Vanderss","Est. tempo de leitura":"3 minutos"},"schema":{"@context":"https:\/\/schema.org","@graph":[{"@type":"Article","@id":"https:\/\/jornalfatosenoticias.com.br\/index.php\/2022\/12\/07\/o-melhor-presente-do-mundo\/#article","isPartOf":{"@id":"https:\/\/jornalfatosenoticias.com.br\/index.php\/2022\/12\/07\/o-melhor-presente-do-mundo\/"},"author":{"name":"Silvia Vanderss","@id":"https:\/\/jornalfatosenoticias.com.br\/#\/schema\/person\/1848e8dc50d3650cb68e053b98dfbdf0"},"headline":"O Melhor Presente do Mundo","datePublished":"2022-12-07T16:41:55+00:00","dateModified":"2022-12-07T16:42:00+00:00","mainEntityOfPage":{"@id":"https:\/\/jornalfatosenoticias.com.br\/index.php\/2022\/12\/07\/o-melhor-presente-do-mundo\/"},"wordCount":699,"commentCount":0,"publisher":{"@id":"https:\/\/jornalfatosenoticias.com.br\/#organization"},"image":{"@id":"https:\/\/jornalfatosenoticias.com.br\/index.php\/2022\/12\/07\/o-melhor-presente-do-mundo\/#primaryimage"},"thumbnailUrl":"https:\/\/jornalfatosenoticias.com.br\/wp-content\/uploads\/2022\/12\/arvore-de-natal-conto-silvia.jpg","keywords":["conto de Natal","Natal","poesia"],"articleSection":["Cultura"],"inLanguage":"pt-BR","potentialAction":[{"@type":"CommentAction","name":"Comment","target":["https:\/\/jornalfatosenoticias.com.br\/index.php\/2022\/12\/07\/o-melhor-presente-do-mundo\/#respond"]}]},{"@type":"WebPage","@id":"https:\/\/jornalfatosenoticias.com.br\/index.php\/2022\/12\/07\/o-melhor-presente-do-mundo\/","url":"https:\/\/jornalfatosenoticias.com.br\/index.php\/2022\/12\/07\/o-melhor-presente-do-mundo\/","name":"O Melhor Presente do Mundo - Jornal Fatos e Not\u00edcias","isPartOf":{"@id":"https:\/\/jornalfatosenoticias.com.br\/#website"},"primaryImageOfPage":{"@id":"https:\/\/jornalfatosenoticias.com.br\/index.php\/2022\/12\/07\/o-melhor-presente-do-mundo\/#primaryimage"},"image":{"@id":"https:\/\/jornalfatosenoticias.com.br\/index.php\/2022\/12\/07\/o-melhor-presente-do-mundo\/#primaryimage"},"thumbnailUrl":"https:\/\/jornalfatosenoticias.com.br\/wp-content\/uploads\/2022\/12\/arvore-de-natal-conto-silvia.jpg","datePublished":"2022-12-07T16:41:55+00:00","dateModified":"2022-12-07T16:42:00+00:00","breadcrumb":{"@id":"https:\/\/jornalfatosenoticias.com.br\/index.php\/2022\/12\/07\/o-melhor-presente-do-mundo\/#breadcrumb"},"inLanguage":"pt-BR","potentialAction":[{"@type":"ReadAction","target":["https:\/\/jornalfatosenoticias.com.br\/index.php\/2022\/12\/07\/o-melhor-presente-do-mundo\/"]}]},{"@type":"ImageObject","inLanguage":"pt-BR","@id":"https:\/\/jornalfatosenoticias.com.br\/index.php\/2022\/12\/07\/o-melhor-presente-do-mundo\/#primaryimage","url":"https:\/\/jornalfatosenoticias.com.br\/wp-content\/uploads\/2022\/12\/arvore-de-natal-conto-silvia.jpg","contentUrl":"https:\/\/jornalfatosenoticias.com.br\/wp-content\/uploads\/2022\/12\/arvore-de-natal-conto-silvia.jpg","width":1000,"height":652},{"@type":"BreadcrumbList","@id":"https:\/\/jornalfatosenoticias.com.br\/index.php\/2022\/12\/07\/o-melhor-presente-do-mundo\/#breadcrumb","itemListElement":[{"@type":"ListItem","position":1,"name":"In\u00edcio","item":"https:\/\/jornalfatosenoticias.com.br\/"},{"@type":"ListItem","position":2,"name":"O Melhor Presente do Mundo"}]},{"@type":"WebSite","@id":"https:\/\/jornalfatosenoticias.com.br\/#website","url":"https:\/\/jornalfatosenoticias.com.br\/","name":"Jornal Fatos e Not\u00edcias","description":"Not\u00edcias em geral","publisher":{"@id":"https:\/\/jornalfatosenoticias.com.br\/#organization"},"potentialAction":[{"@type":"SearchAction","target":{"@type":"EntryPoint","urlTemplate":"https:\/\/jornalfatosenoticias.com.br\/?s={search_term_string}"},"query-input":{"@type":"PropertyValueSpecification","valueRequired":true,"valueName":"search_term_string"}}],"inLanguage":"pt-BR"},{"@type":"Organization","@id":"https:\/\/jornalfatosenoticias.com.br\/#organization","name":"Jornal Fatos e Not\u00edcias","url":"https:\/\/jornalfatosenoticias.com.br\/","logo":{"@type":"ImageObject","inLanguage":"pt-BR","@id":"https:\/\/jornalfatosenoticias.com.br\/#\/schema\/logo\/image\/","url":"https:\/\/jornalfatosenoticias.com.br\/wp-content\/uploads\/2020\/02\/logo120.png","contentUrl":"https:\/\/jornalfatosenoticias.com.br\/wp-content\/uploads\/2020\/02\/logo120.png","width":1227,"height":120,"caption":"Jornal Fatos e Not\u00edcias"},"image":{"@id":"https:\/\/jornalfatosenoticias.com.br\/#\/schema\/logo\/image\/"}},{"@type":"Person","@id":"https:\/\/jornalfatosenoticias.com.br\/#\/schema\/person\/1848e8dc50d3650cb68e053b98dfbdf0","name":"Silvia Vanderss","image":{"@type":"ImageObject","inLanguage":"pt-BR","@id":"https:\/\/jornalfatosenoticias.com.br\/#\/schema\/person\/image\/","url":"https:\/\/jornalfatosenoticias.com.br\/wp-content\/uploads\/2023\/05\/silvia-150x150.jpg","contentUrl":"https:\/\/jornalfatosenoticias.com.br\/wp-content\/uploads\/2023\/05\/silvia-150x150.jpg","caption":"Silvia Vanderss"},"description":"Autora capixaba, com forma\u00e7\u00e3o em Administra\u00e7\u00e3o e Letras Seis obras publicadas que abrangem os g\u00eaneros, romance, suspense e poesia Blog liter\u00e1rio: www.silviavanderss.com.br","url":"https:\/\/jornalfatosenoticias.com.br\/index.php\/author\/silvia\/"}]}},"cc_featured_image_caption":{"caption_text":"(Foto: Getty Images) \r\n","source_text":"","source_url":""},"jetpack_featured_media_url":"https:\/\/jornalfatosenoticias.com.br\/wp-content\/uploads\/2022\/12\/arvore-de-natal-conto-silvia.jpg","_links":{"self":[{"href":"https:\/\/jornalfatosenoticias.com.br\/index.php\/wp-json\/wp\/v2\/posts\/36682","targetHints":{"allow":["GET"]}}],"collection":[{"href":"https:\/\/jornalfatosenoticias.com.br\/index.php\/wp-json\/wp\/v2\/posts"}],"about":[{"href":"https:\/\/jornalfatosenoticias.com.br\/index.php\/wp-json\/wp\/v2\/types\/post"}],"author":[{"embeddable":true,"href":"https:\/\/jornalfatosenoticias.com.br\/index.php\/wp-json\/wp\/v2\/users\/19"}],"replies":[{"embeddable":true,"href":"https:\/\/jornalfatosenoticias.com.br\/index.php\/wp-json\/wp\/v2\/comments?post=36682"}],"version-history":[{"count":0,"href":"https:\/\/jornalfatosenoticias.com.br\/index.php\/wp-json\/wp\/v2\/posts\/36682\/revisions"}],"wp:featuredmedia":[{"embeddable":true,"href":"https:\/\/jornalfatosenoticias.com.br\/index.php\/wp-json\/wp\/v2\/media\/36683"}],"wp:attachment":[{"href":"https:\/\/jornalfatosenoticias.com.br\/index.php\/wp-json\/wp\/v2\/media?parent=36682"}],"wp:term":[{"taxonomy":"category","embeddable":true,"href":"https:\/\/jornalfatosenoticias.com.br\/index.php\/wp-json\/wp\/v2\/categories?post=36682"},{"taxonomy":"post_tag","embeddable":true,"href":"https:\/\/jornalfatosenoticias.com.br\/index.php\/wp-json\/wp\/v2\/tags?post=36682"}],"curies":[{"name":"wp","href":"https:\/\/api.w.org\/{rel}","templated":true}]}}