{"id":36702,"date":"2022-12-07T14:49:31","date_gmt":"2022-12-07T17:49:31","guid":{"rendered":"https:\/\/jornalfatosenoticias.com.br\/?p=36702"},"modified":"2022-12-07T14:49:33","modified_gmt":"2022-12-07T17:49:33","slug":"o-trabalho-na-caatinga-para-proteger-animais-em-risco","status":"publish","type":"post","link":"https:\/\/jornalfatosenoticias.com.br\/index.php\/2022\/12\/07\/o-trabalho-na-caatinga-para-proteger-animais-em-risco\/","title":{"rendered":"O trabalho na Caatinga para proteger animais em risco"},"content":{"rendered":"\n<p><em><span class=\"has-inline-color has-black-color\">Mais de cem esp\u00e9cies da fauna brasileira est\u00e3o amea\u00e7adas de extin\u00e7\u00e3o na Caatinga<\/span><\/em><\/p>\n\n\n\n<div class=\"wp-block-image\"><figure class=\"aligncenter size-large\"><img loading=\"lazy\" decoding=\"async\" width=\"1024\" height=\"103\" src=\"https:\/\/jornalfatosenoticias.com.br\/wp-content\/uploads\/2022\/02\/Arte-Autoescola-Galatas_endereco_portal-1024x103.png\" alt=\"\" class=\"wp-image-27869\" srcset=\"https:\/\/jornalfatosenoticias.com.br\/wp-content\/uploads\/2022\/02\/Arte-Autoescola-Galatas_endereco_portal-1024x103.png 1024w, https:\/\/jornalfatosenoticias.com.br\/wp-content\/uploads\/2022\/02\/Arte-Autoescola-Galatas_endereco_portal-300x30.png 300w, https:\/\/jornalfatosenoticias.com.br\/wp-content\/uploads\/2022\/02\/Arte-Autoescola-Galatas_endereco_portal-768x77.png 768w, https:\/\/jornalfatosenoticias.com.br\/wp-content\/uploads\/2022\/02\/Arte-Autoescola-Galatas_endereco_portal.png 1223w\" sizes=\"auto, (max-width: 1024px) 100vw, 1024px\" \/><\/figure><\/div>\n\n\n\n<p>Mais de cem esp\u00e9cies da fauna brasileira est\u00e3o amea\u00e7adas de extin\u00e7\u00e3o na Caatinga. Organiza\u00e7\u00f5es de prote\u00e7\u00e3o estimam que a \u00e1rea hospeda 1,8 mil esp\u00e9cies, sendo 327 exclusivas da regi\u00e3o e 125 em risco de desaparecer, pela a\u00e7\u00e3o do homem e com o agravamento das mudan\u00e7as clim\u00e1ticas. Para brecar a perda definitiva dos animais, iniciativas de preserva\u00e7\u00e3o e monitoramento ganham for\u00e7a na Bahia, no Cear\u00e1, no Piau\u00ed e em Pernambuco. Projetos em curso visam resguardar a ararinha-azul, a on\u00e7a-parda e a on\u00e7a-pintada, al\u00e9m do tatu-bola e o macaco-guariba.<br>A Caatinga \u00e9 considerada um bioma exclusivamente brasileiro e abrange uma \u00e1rea de 844,4 mil quil\u00f4metros quadrados ou 11% do territ\u00f3rio nacional. Engloba os nove estados do Nordeste e o norte de Minas Gerais. Uma das \u00e1reas que concentra a maior parte das a\u00e7\u00f5es de prote\u00e7\u00e3o \u00e0 fauna \u00e9 a Reserva Natural Serra das Almas (RNSA). Com 6.285 hectares de extens\u00e3o ou o equivalente a 20% do tamanho da cidade de Fortaleza, est\u00e1 localizada entre Buriti dos Montes (PI) e Crate\u00fas (CE), munic\u00edpio a 350 quil\u00f4metros da capital cearense.<br>A RNSA foi criada em 1999 e \u00e9 reconhecida pela Unesco como um posto avan\u00e7ado de guarda por abrigar uma zona representativa de Caatinga preservada, lembra Daniel Fernandes, coordenador geral da Associa\u00e7\u00e3o Caatinga, organiza\u00e7\u00e3o da sociedade civil de interesse p\u00fablico (Oscip) fundada no Cear\u00e1 h\u00e1 24 anos.<\/p>\n\n\n\n<div class=\"wp-block-image\"><figure class=\"aligncenter size-large\"><img loading=\"lazy\" decoding=\"async\" width=\"300\" height=\"250\" src=\"https:\/\/jornalfatosenoticias.com.br\/wp-content\/uploads\/2022\/08\/arte-Casarao.jpg\" alt=\"\" class=\"wp-image-33178\"\/><\/figure><\/div>\n\n\n\n<figure class=\"wp-block-pullquote\"><blockquote><p><span class=\"has-inline-color has-luminous-vivid-orange-color\">Das seis esp\u00e9cies de felinos existentes no bioma, quatro foram registradas na reserva: a jaguatirica, o gato-mourisco, o gato-do-mato-pequeno e a on\u00e7a-parda\u201d, diz. <\/span><\/p><\/blockquote><\/figure>\n\n\n\n<p>O trabalho de monitoramento desses e de outros animais faz parte do projeto No clima da Caatinga, realizado pela Associa\u00e7\u00e3o Caatinga e patrocinado pela Petrobras. A iniciativa comp\u00f5e uma carteira de quatro programas socioambientais da empresa no bioma, que inclui ainda o Recupera caatinga, o Florestando o semi\u00e1rido e o Vale sustent\u00e1vel. Ao todo, as atividades acumulam R$ 11,4 milh\u00f5es em investimentos, entre 2020 e 2024.<\/p>\n\n\n\n<div class=\"wp-block-image\"><figure class=\"aligncenter size-large\"><img loading=\"lazy\" decoding=\"async\" width=\"560\" height=\"60\" src=\"https:\/\/jornalfatosenoticias.com.br\/wp-content\/uploads\/2022\/10\/Propaganda-RC-Radiadores-Jornal_page-0001.jpg\" alt=\"\" class=\"wp-image-35270\" srcset=\"https:\/\/jornalfatosenoticias.com.br\/wp-content\/uploads\/2022\/10\/Propaganda-RC-Radiadores-Jornal_page-0001.jpg 560w, https:\/\/jornalfatosenoticias.com.br\/wp-content\/uploads\/2022\/10\/Propaganda-RC-Radiadores-Jornal_page-0001-300x32.jpg 300w\" sizes=\"auto, (max-width: 560px) 100vw, 560px\" \/><\/figure><\/div>\n\n\n\n<p>Rafaela Guedes, gerente executiva de responsabilidade social da Petrobras, explica que o No clima da Caatinga come\u00e7ou em 2011 e passou a contar com o patroc\u00ednio da companhia a partir de 2013. \u201cA RNSA tem quatro nascentes de rios e estimamos a produ\u00e7\u00e3o anual de 1,5 bilh\u00e3o de litros de \u00e1gua, a partir da conserva\u00e7\u00e3o da floresta\u201d, justifica. \u201cAbriga uma biodiversidade que inclui esp\u00e9cies amea\u00e7adas de extin\u00e7\u00e3o, como a on\u00e7a-parda e o tatu-bola\u201d.<br>De acordo com estudos da Associa\u00e7\u00e3o Caatinga, somente a RNSA funciona como habitat para 237 esp\u00e9cies de aves, 45 de mam\u00edferos, 45 de r\u00e9pteis e 33 de anf\u00edbios. Um dos objetivos da Petrobras na regi\u00e3o \u00e9 preservar e aumentar as \u00e1reas que abrigam os animais. At\u00e9 2024, a previs\u00e3o \u00e9 restaurar cinco hectares, com cinco mil mudas nativas produzidas e plantadas na reserva. Tamb\u00e9m est\u00e1 agendada a constru\u00e7\u00e3o de dez melipon\u00e1rios \u2014 conjuntos de colmeias de abelhas sem ferr\u00e3o.<\/p>\n\n\n\n<div class=\"wp-block-image\"><figure class=\"aligncenter size-large\"><img decoding=\"async\" src=\"https:\/\/jornalfatosenoticias.com.br\/wp-content\/uploads\/2020\/02\/logo_esteio.jpg\" alt=\"\" class=\"wp-image-1214\"\/><\/figure><\/div>\n\n\n\n<figure class=\"wp-block-pullquote\"><blockquote><p><span class=\"has-inline-color has-luminous-vivid-orange-color\">A Caatinga \u00e9 um dos biomas brasileiros que mais sofre com a press\u00e3o do desmatamento, das queimadas e da ca\u00e7a\u201d, diz Fernandes, da Associa\u00e7\u00e3o Caatinga. \u201cAproximadamente 50% da cobertura vegetal foram desmatados e cerca de 13% do bioma est\u00e3o em processo avan\u00e7ado de desertifica\u00e7\u00e3o\u201d.<\/span><\/p><\/blockquote><\/figure>\n\n\n\n<p>Segundo pesquisas, na \u00faltima d\u00e9cada, o semi\u00e1rido brasileiro \u2014 faixa clim\u00e1tica que abriga o bioma \u2014 enfrentou a pior estiagem dos \u00faltimos 100 anos, ocasionando uma grave crise h\u00eddrica, agravada pelo processo de desertifica\u00e7\u00e3o que avan\u00e7a na regi\u00e3o. De acordo com o Painel Intergovernamental de Mudan\u00e7as do Clima (IPCC), nos pr\u00f3ximos anos, a Caatinga pode sofrer com uma redu\u00e7\u00e3o de chuvas de at\u00e9 22%, com aumento da temperatura. Fernandes diz que uma quarta fase do projeto No clima da Caatinga ser\u00e1 iniciada em 2023. Inclui diretrizes para a prote\u00e7\u00e3o dos recursos h\u00eddricos, das florestas e do tatu-bola.<\/p>\n\n\n\n<div class=\"wp-block-image\"><figure class=\"aligncenter size-large\"><img loading=\"lazy\" decoding=\"async\" width=\"1024\" height=\"110\" src=\"https:\/\/jornalfatosenoticias.com.br\/wp-content\/uploads\/2022\/10\/Arte-jornal-Zucchi-1120x120_Prancheta-1-1024x110.jpg\" alt=\"\" class=\"wp-image-34772\" srcset=\"https:\/\/jornalfatosenoticias.com.br\/wp-content\/uploads\/2022\/10\/Arte-jornal-Zucchi-1120x120_Prancheta-1-1024x110.jpg 1024w, https:\/\/jornalfatosenoticias.com.br\/wp-content\/uploads\/2022\/10\/Arte-jornal-Zucchi-1120x120_Prancheta-1-300x32.jpg 300w, https:\/\/jornalfatosenoticias.com.br\/wp-content\/uploads\/2022\/10\/Arte-jornal-Zucchi-1120x120_Prancheta-1-768x82.jpg 768w, https:\/\/jornalfatosenoticias.com.br\/wp-content\/uploads\/2022\/10\/Arte-jornal-Zucchi-1120x120_Prancheta-1-1536x165.jpg 1536w, https:\/\/jornalfatosenoticias.com.br\/wp-content\/uploads\/2022\/10\/Arte-jornal-Zucchi-1120x120_Prancheta-1-2048x219.jpg 2048w\" sizes=\"auto, (max-width: 1024px) 100vw, 1024px\" \/><\/figure><\/div>\n\n\n\n<h3 class=\"wp-block-heading\"><strong><span class=\"has-inline-color has-vivid-green-cyan-color\">O mascote em perigo<\/span><\/strong><\/h3>\n\n\n\n<div class=\"wp-block-image\"><figure class=\"aligncenter size-large\"><img loading=\"lazy\" decoding=\"async\" width=\"1000\" height=\"659\" src=\"https:\/\/jornalfatosenoticias.com.br\/wp-content\/uploads\/2022\/12\/tatu-bola.jpg\" alt=\"\" class=\"wp-image-36703\" srcset=\"https:\/\/jornalfatosenoticias.com.br\/wp-content\/uploads\/2022\/12\/tatu-bola.jpg 1000w, https:\/\/jornalfatosenoticias.com.br\/wp-content\/uploads\/2022\/12\/tatu-bola-300x198.jpg 300w, https:\/\/jornalfatosenoticias.com.br\/wp-content\/uploads\/2022\/12\/tatu-bola-768x506.jpg 768w\" sizes=\"auto, (max-width: 1000px) 100vw, 1000px\" \/><figcaption><em><span class=\"has-inline-color has-black-color\">Tatu-bola (Foto: Acervo da Associa\u00e7\u00e3o Caatinga)<\/span><\/em><\/figcaption><\/figure><\/div>\n\n\n\n<p>Fl\u00e1via Miranda, membro da Rede de Especialistas em Conserva\u00e7\u00e3o da Natureza (RECN) e coordenadora cient\u00edfica do programa de conserva\u00e7\u00e3o do tatu-bola, pela Associa\u00e7\u00e3o Caatinga, explica que o movimento de cuidados com o mam\u00edfero remonta a 2016, no Cear\u00e1. <\/p>\n\n\n\n<div class=\"wp-block-image\"><figure class=\"aligncenter size-large is-resized\"><img loading=\"lazy\" decoding=\"async\" src=\"https:\/\/jornalfatosenoticias.com.br\/wp-content\/uploads\/2022\/02\/Precisao-Contabilidade-1024x724.jpg\" alt=\"\" class=\"wp-image-28088\" width=\"321\" height=\"227\"\/><\/figure><\/div>\n\n\n\n<figure class=\"wp-block-pullquote\"><blockquote><p><span class=\"has-inline-color has-luminous-vivid-orange-color\">Como o animal foi escolhido como mascote da Copa do Mundo de 2014, atraiu a aten\u00e7\u00e3o da sociedade e do poder p\u00fablico, para que fossem incrementados esfor\u00e7os para salv\u00e1-lo da extin\u00e7\u00e3o\u201d, diz. \u201cContudo, o maior desafio para a conserva\u00e7\u00e3o da esp\u00e9cie continua sendo a dificuldade de conseguir apoios e patroc\u00ednios\u201d.<\/span><\/p><\/blockquote><\/figure>\n\n\n\n<p>A m\u00e9dica veterin\u00e1ria explica que o tatu-bola \u00e9 a menor e menos conhecida esp\u00e9cie de tatu do Brasil. Ocorre exclusivamente no Pa\u00eds, predominantemente na Caatinga e em algumas \u00e1reas do Cerrado, diz. \u201cSofre um alto grau de amea\u00e7a devido \u00e0 ca\u00e7a e \u00e0 destrui\u00e7\u00e3o do habitat\u201d.<br>Uma das frentes de defesa do animal \u00e9 o Plano de A\u00e7\u00e3o Nacional para a Conserva\u00e7\u00e3o do Tatu-bola (PAN), elaborado pela Associa\u00e7\u00e3o Caatinga, Instituto Chico Mendes para a Conserva\u00e7\u00e3o da Biodiversidade (ICMBio) e o Projeto Nacional de A\u00e7\u00f5es Integradas P\u00fablico-Privadas para Biodiversidade (Probio II). O Probio II \u00e9 coordenado pelo governo federal, com recursos do Fundo Global para o Meio Ambiente (GEF, na sigla em ingl\u00eas), um dos maiores financiadores de projetos ambientais do mundo.<\/p>\n\n\n\n<div class=\"wp-block-image\"><figure class=\"aligncenter size-large\"><img decoding=\"async\" src=\"https:\/\/jornalfatosenoticias.com.br\/wp-content\/uploads\/2020\/02\/logo-embacia-1-1024x110.jpg\" alt=\"\" class=\"wp-image-33954\"\/><\/figure><\/div>\n\n\n\n<p>Dentro do PAN, diz Miranda, foram estabelecidas 38 a\u00e7\u00f5es para reduzir o risco de extin\u00e7\u00e3o do tatu-bola. \u201cDesse total, seis [15%] ficaram sob a responsabilidade da Associa\u00e7\u00e3o Caatinga\u201d, diz. Nesse contexto, foram organizadas duas expedi\u00e7\u00f5es cient\u00edficas no rio Poti, afluente conhecido por cruzar \u00e1reas de concentra\u00e7\u00e3o do animal. A regi\u00e3o abriga o Parque Estadual do C\u00e2nion do Rio Poti, desenvolvido em 2017 pelo governo do Piau\u00ed, com quase 25 hectares de extens\u00e3o.<br>\u201cForam coletados dados biol\u00f3gicos, como fezes, enxertos de pele e sangue dos tatus com o prop\u00f3sito de analisar o n\u00edvel de conserva\u00e7\u00e3o e a sa\u00fade da popula\u00e7\u00e3o da esp\u00e9cie\u201d. Durante as viagens, escolas e comunidades da regi\u00e3o receberam atividades educativas sobre a preserva\u00e7\u00e3o do mam\u00edfero. A Funda\u00e7\u00e3o Grupo Botic\u00e1rio, uma das apoiadoras das a\u00e7\u00f5es, j\u00e1 investiu R$ 490 mil em planos de prote\u00e7\u00e3o.<br>Ap\u00f3s as miss\u00f5es no rio Poti, foi elaborada uma proposta de cria\u00e7\u00e3o de uma unidade de conserva\u00e7\u00e3o federal, a fim de estabelecer territ\u00f3rios protegidos em \u00e1reas de ocorr\u00eancia do tatu-bola. A ideia foi apresentada ao ICMBio e \u00f3rg\u00e3os ambientais do Piau\u00ed e Cear\u00e1, diz a pesquisadora.<\/p>\n\n\n\n<div class=\"wp-block-image\"><figure class=\"aligncenter size-large is-resized\"><img loading=\"lazy\" decoding=\"async\" src=\"https:\/\/jornalfatosenoticias.com.br\/wp-content\/uploads\/2020\/02\/casa-do-torresmo_portal.jpg\" alt=\"\" class=\"wp-image-34472\" width=\"246\" height=\"246\" srcset=\"https:\/\/jornalfatosenoticias.com.br\/wp-content\/uploads\/2020\/02\/casa-do-torresmo_portal.jpg 300w, https:\/\/jornalfatosenoticias.com.br\/wp-content\/uploads\/2020\/02\/casa-do-torresmo_portal-150x150.jpg 150w\" sizes=\"auto, (max-width: 246px) 100vw, 246px\" \/><\/figure><\/div>\n\n\n\n<figure class=\"wp-block-pullquote\"><blockquote><p><span class=\"has-inline-color has-luminous-vivid-orange-color\">Apesar do foco principal ser o tatu-bola, o desenvolvimento dessas zonas de prote\u00e7\u00e3o beneficia toda a biodiversidade local\u201d, afirma. \u201cPrecisamos monitorar mais essa esp\u00e9cie, end\u00eamica do Brasil e amea\u00e7ada. Para isso, s\u00e3o necess\u00e1rios mais investimentos, a fim de contratar pessoal e comprar equipamentos [de observa\u00e7\u00e3o]\u201d. Na \u00e9poca da implanta\u00e7\u00e3o do Parque Estadual do C\u00e2nion do Rio Poti, foram localizados mais de dez indiv\u00edduos.<\/span><\/p><\/blockquote><\/figure>\n\n\n\n<div class=\"wp-block-image\"><figure class=\"alignright size-large\"><img decoding=\"async\" src=\"https:\/\/jornalfatosenoticias.com.br\/wp-content\/uploads\/2020\/02\/barao-das-carnes-300x164-1.jpg\" alt=\"\" class=\"wp-image-34339\"\/><\/figure><\/div>\n\n\n\n<p><strong><span class=\"has-inline-color has-vivid-green-cyan-color\">De volta ao lar<br><\/span><\/strong>Em Cura\u00e7\u00e1 (BA), a 545 quil\u00f4metros de Salvador, o interesse \u00e9 encher as matas com ararinhas-azuis. Em 2020, 52 aves foram trazidas da Alemanha, onde estavam com criadores particulares, para um criadouro constru\u00eddo na cidade baiana. L\u00e1, come\u00e7aram a aprender com as \u201cprimas\u201d da esp\u00e9cie Maracan\u00e3 a buscar alimentos e a se defender de predadores. Uma parte do grupo (oito animais) foi solta em junho de 2022 e \u00e9 monitorada com microchips e r\u00e1dios transmissores pelos pesquisadores.<\/p>\n\n\n\n<figure class=\"wp-block-pullquote\"><blockquote><p><span class=\"has-inline-color has-luminous-vivid-orange-color\">A regi\u00e3o \u00e9 uma \u00e1rea singular da Caatinga, com muitas caraibeiras, \u00e1rvores altas utilizadas pelas ararinhas para a reprodu\u00e7\u00e3o\u201d, explica Ant\u00f4nio Eduardo Barbosa, analista ambiental do Centro Nacional de Pesquisa e Conserva\u00e7\u00e3o de Aves Silvestres (Cemave) do ICMBio e coordenador do Plano de A\u00e7\u00e3o Nacional para a Conserva\u00e7\u00e3o da Ararinha-azul. \u201c\u00c9 nessa zona da Bahia que viviam os \u00faltimos indiv\u00edduos conhecidos da esp\u00e9cie\u201d.<\/span><\/p><\/blockquote><\/figure>\n\n\n\n<div class=\"wp-block-image\"><figure class=\"aligncenter size-large is-resized\"><img loading=\"lazy\" decoding=\"async\" src=\"https:\/\/jornalfatosenoticias.com.br\/wp-content\/uploads\/2022\/08\/logo-locau-veiculos-1024x573.png\" alt=\"\" class=\"wp-image-33078\" width=\"340\" height=\"189\"\/><\/figure><\/div>\n\n\n\n<p>O projeto de resgate na Europa, estudos, a soltura e o monitoramento das aves s\u00e3o respaldados por parceiros como a ONG alem\u00e3 Association for the Conservation of Threatend Parrots (ACTP); seis universidades brasileiras, como a Universidade do Estado da Bahia (Uneb); e nove \u00f3rg\u00e3os p\u00fablicos, inclusive o Instituto Brasileiro do Meio Ambiente e dos Recursos Naturais Renov\u00e1veis (Ibama).<br>Barbosa diz que, al\u00e9m de Cura\u00e7\u00e1, h\u00e1 outro centro de reprodu\u00e7\u00e3o das ararinhas em Minas Gerais. \u201cMais de 200 vivem em cativeiro atualmente\u201d, afirma. Tamb\u00e9m foram institu\u00eddas duas unidades federais de conserva\u00e7\u00e3o para a prote\u00e7\u00e3o do habitat da ave: o Ref\u00fagio de vida silvestre, com 30 mil hectares, e a \u00c1rea de prote\u00e7\u00e3o ambiental da ararinha-azul, com aproximadamente 90 mil hectares, nos munic\u00edpios de Juazeiro e Cura\u00e7\u00e1 (BA). \u201cA previs\u00e3o \u00e9 que cheguem mais 30 aves da Alemanha, em dezembro\u201d.<\/p>\n\n\n\n<div class=\"wp-block-image\"><figure class=\"aligncenter size-large\"><img loading=\"lazy\" decoding=\"async\" width=\"1024\" height=\"100\" src=\"https:\/\/jornalfatosenoticias.com.br\/wp-content\/uploads\/2022\/05\/NOVA-LOGO-CESCONETTO-1024x100.jpg\" alt=\"\" class=\"wp-image-30792\" srcset=\"https:\/\/jornalfatosenoticias.com.br\/wp-content\/uploads\/2022\/05\/NOVA-LOGO-CESCONETTO-1024x100.jpg 1024w, https:\/\/jornalfatosenoticias.com.br\/wp-content\/uploads\/2022\/05\/NOVA-LOGO-CESCONETTO-300x29.jpg 300w, https:\/\/jornalfatosenoticias.com.br\/wp-content\/uploads\/2022\/05\/NOVA-LOGO-CESCONETTO-768x75.jpg 768w, https:\/\/jornalfatosenoticias.com.br\/wp-content\/uploads\/2022\/05\/NOVA-LOGO-CESCONETTO.jpg 1280w\" sizes=\"auto, (max-width: 1024px) 100vw, 1024px\" \/><\/figure><\/div>\n\n\n\n<p><strong><span class=\"has-inline-color has-vivid-green-cyan-color\">Na companhia dos felinos<br><\/span><\/strong>A bi\u00f3loga Carolina Franco Esteves torce pelo aumento de registros das ararinhas, mas est\u00e1 concentrada em outro animal: a on\u00e7a. Cofundadora do programa Amigos da on\u00e7a-Grandes Predadores e Sociobiodiversidade na Caatinga, vinculado ao Instituto para a Conserva\u00e7\u00e3o dos Carn\u00edvoros Neotropicais (Pr\u00f3-Carn\u00edvoros), ela trabalha para proteger os dois maiores felinos das Am\u00e9ricas: a on\u00e7a-pintada e a on\u00e7a-parda.<br>O programa come\u00e7ou em 2012 e atua principalmente na zona rural dos munic\u00edpios de Sento S\u00e9, Campo Formoso, Juazeiro, Sobradinho, Morro do Chap\u00e9u e Umburanas, na regi\u00e3o conhecida como Boqueir\u00e3o da On\u00e7a, no norte baiano. <\/p>\n\n\n\n<div class=\"wp-block-image\"><figure class=\"aligncenter size-large is-resized\"><img loading=\"lazy\" decoding=\"async\" src=\"https:\/\/jornalfatosenoticias.com.br\/wp-content\/uploads\/2022\/07\/Logo-Grupo-SEI.jpg\" alt=\"\" class=\"wp-image-31973\" width=\"318\" height=\"167\" srcset=\"https:\/\/jornalfatosenoticias.com.br\/wp-content\/uploads\/2022\/07\/Logo-Grupo-SEI.jpg 713w, https:\/\/jornalfatosenoticias.com.br\/wp-content\/uploads\/2022\/07\/Logo-Grupo-SEI-300x158.jpg 300w\" sizes=\"auto, (max-width: 318px) 100vw, 318px\" \/><\/figure><\/div>\n\n\n\n<figure class=\"wp-block-pullquote\"><blockquote><p><span class=\"has-inline-color has-luminous-vivid-orange-color\">Uma das maiores amea\u00e7as \u00e0s on\u00e7as da Caatinga \u00e9 a ca\u00e7a por retalia\u00e7\u00e3o, em decorr\u00eancia de perdas em rebanhos\u201d, explica.<\/span><\/p><\/blockquote><\/figure>\n\n\n\n<p>Esteves diz que o Boqueir\u00e3o, com aproximadamente nove mil quil\u00f4metros quadrados de \u00e1rea, concentra pequenos criadores de caprinos e ovinos, historicamente sujeitos \u00e0 perda de animais por conta das on\u00e7as. \u201cOs rebanhos s\u00e3o criados soltos para se alimentarem da vegeta\u00e7\u00e3o, o que aumenta as chances de encontrar os predadores\u201d.<\/p>\n\n\n\n<div class=\"wp-block-image\"><figure class=\"aligncenter size-large\"><img loading=\"lazy\" decoding=\"async\" width=\"1024\" height=\"100\" src=\"https:\/\/jornalfatosenoticias.com.br\/wp-content\/uploads\/2020\/02\/banner_ferramentas-1024x100.jpg\" alt=\"\" class=\"wp-image-1258\" srcset=\"https:\/\/jornalfatosenoticias.com.br\/wp-content\/uploads\/2020\/02\/banner_ferramentas-1024x100.jpg 1024w, https:\/\/jornalfatosenoticias.com.br\/wp-content\/uploads\/2020\/02\/banner_ferramentas-300x29.jpg 300w, https:\/\/jornalfatosenoticias.com.br\/wp-content\/uploads\/2020\/02\/banner_ferramentas-768x75.jpg 768w, https:\/\/jornalfatosenoticias.com.br\/wp-content\/uploads\/2020\/02\/banner_ferramentas.jpg 1227w\" sizes=\"auto, (max-width: 1024px) 100vw, 1024px\" \/><\/figure><\/div>\n\n\n\n<p>Nessa linha, o Amigos da on\u00e7a trabalha com a\u00e7\u00f5es educativas, como cursos e palestras sobre a prote\u00e7\u00e3o dos felinos; e com diretrizes de coexist\u00eancia, como a constru\u00e7\u00e3o de 18 currais \u201cantipreda\u00e7\u00e3o\u201d nas comunidades. Desde que foram constru\u00eddas, as estruturas reduziram em cerca de 15% a perda de rebanhos por ataques de on\u00e7as.<br>O programa j\u00e1 monitorou duas on\u00e7as-pardas e duas pintadas entre 2017 e 2020, com recursos de telemetria. Tamb\u00e9m registrou e identificou 27 esp\u00e9cies de mam\u00edferos de m\u00e9dio e grande porte, com armadilhas fotogr\u00e1ficas e busca por vest\u00edgios, como pegadas e fezes. \u201cPrecisamos de recursos para replicar a estrat\u00e9gia de redu\u00e7\u00e3o de conflitos entre on\u00e7as e criadores em mais comunidades, e ampliar o monitoramento dos animais\u201d.<\/p>\n\n\n\n<div class=\"wp-block-image\"><figure class=\"alignleft size-large is-resized\"><img loading=\"lazy\" decoding=\"async\" src=\"https:\/\/jornalfatosenoticias.com.br\/wp-content\/uploads\/2020\/02\/logo-Panper_portal.jpg\" alt=\"\" class=\"wp-image-34474\" width=\"292\" height=\"202\" srcset=\"https:\/\/jornalfatosenoticias.com.br\/wp-content\/uploads\/2020\/02\/logo-Panper_portal.jpg 400w, https:\/\/jornalfatosenoticias.com.br\/wp-content\/uploads\/2020\/02\/logo-Panper_portal-300x208.jpg 300w\" sizes=\"auto, (max-width: 292px) 100vw, 292px\" \/><\/figure><\/div>\n\n\n\n<p><strong><span class=\"has-inline-color has-vivid-green-cyan-color\">Primatas e lagartos<br><\/span><\/strong>Daniel Fernandes, da Associa\u00e7\u00e3o Caatinga, chama a aten\u00e7\u00e3o tamb\u00e9m para a necessidade de mais pesquisas sobre outras esp\u00e9cies, como o guariba-da-caatinga ou capel\u00e3o, um primata de m\u00e9dio porte. Em risco de extin\u00e7\u00e3o, principalmente por conta da ca\u00e7a, o macaco foi visto recentemente na RNSA: pelo menos dez foram identificados. \u201cOs registros s\u00e3o feitos por meio de c\u00e2meras com sensores de movimento\u201d, diz.<br>Um trabalho de pesquisa e para a preserva\u00e7\u00e3o da esp\u00e9cie \u00e9 coordenado por acad\u00eamicos de biologia animal da Universidade Federal de Pernambuco (UFPE), com o apoio da The Rufford Foundation, fundo sediado no Reino Unido que financia projetos de conserva\u00e7\u00e3o da natureza, e a ONG brasileira Muriqui Instituto de Biodiversidade (MIB).<\/p>\n\n\n\n<div class=\"wp-block-image\"><figure class=\"aligncenter size-large\"><img loading=\"lazy\" decoding=\"async\" width=\"729\" height=\"90\" src=\"https:\/\/jornalfatosenoticias.com.br\/wp-content\/uploads\/2020\/02\/Logo_Mizu.png\" alt=\"\" class=\"wp-image-1441\" srcset=\"https:\/\/jornalfatosenoticias.com.br\/wp-content\/uploads\/2020\/02\/Logo_Mizu.png 729w, https:\/\/jornalfatosenoticias.com.br\/wp-content\/uploads\/2020\/02\/Logo_Mizu-300x37.png 300w\" sizes=\"auto, (max-width: 729px) 100vw, 729px\" \/><\/figure><\/div>\n\n\n\n<p>Outra esp\u00e9cie amea\u00e7ada no sert\u00e3o nordestino acaba de ser listada no Relat\u00f3rio Planeta Vivo (Living Planet Report, em ingl\u00eas), realizado a cada dois anos pelo grupo WWF. Divulgado em outubro, o documento destaca o desmatamento, as queimadas e as mudan\u00e7as clim\u00e1ticas na Caatinga como amea\u00e7as ao lagarto papa-vento da Bahia, identificado por cientistas em 2006. Ov\u00edparo, o \u201cEnyalius erythroceneus\u201d, nome cient\u00edfico do animal, apresenta colora\u00e7\u00e3o parecida com a das cascas das \u00e1rvores, caracter\u00edstica que o ajuda a se esconder dos seus principais predadores naturais: as serpentes e os gavi\u00f5es.<\/p>\n\n\n\n<p><em><span class=\"has-inline-color has-black-color\">Ararinhas-azuis (<strong>Foto de capa: <\/strong>Patrick Pleul\/picture alliance\/Getty Images)<\/span><\/em><\/p>\n\n\n\n<p><strong><em>Fonte: <a href=\"https:\/\/umsoplaneta.globo.com\/biodiversidade\/noticia\/2022\/12\/02\/o-trabalho-na-caatinga-para-proteger-animais-em-risco-como-ararinhas-oncas-e-o-mascote-tatu-bola.ghtml\">Um S\u00f3 Planeta<\/a><\/em><\/strong><\/p>\n","protected":false},"excerpt":{"rendered":"<p>Mais de cem esp\u00e9cies da fauna brasileira est\u00e3o amea\u00e7adas de extin\u00e7\u00e3o na Caatinga Mais de cem esp\u00e9cies da fauna brasileira est\u00e3o amea\u00e7adas de extin\u00e7\u00e3o na Caatinga. Organiza\u00e7\u00f5es de prote\u00e7\u00e3o estimam que a \u00e1rea hospeda 1,8 mil esp\u00e9cies, sendo 327 exclusivas da regi\u00e3o e 125 em risco de desaparecer, pela a\u00e7\u00e3o do homem e com o [&hellip;]<\/p>\n","protected":false},"author":2,"featured_media":36704,"comment_status":"open","ping_status":"open","sticky":false,"template":"","format":"standard","meta":{"footnotes":""},"categories":[8],"tags":[762,256,2858,944,6888,316,5840,17231,17230],"class_list":["post-36702","post","type-post","status-publish","format-standard","has-post-thumbnail","hentry","category-meio-ambiente","tag-ararinhas-azuis","tag-caatinga","tag-fauna","tag-monitoramento","tag-oncas","tag-preservacao","tag-risco-de-extincao-2","tag-tatu-bola","tag-trabalho-de-protecao"],"yoast_head":"<!-- This site is optimized with the Yoast SEO plugin v26.5 - https:\/\/yoast.com\/wordpress\/plugins\/seo\/ -->\n<title>O trabalho na Caatinga para proteger animais em risco - Jornal Fatos e Not\u00edcias<\/title>\n<meta name=\"robots\" content=\"index, follow, max-snippet:-1, max-image-preview:large, max-video-preview:-1\" \/>\n<link rel=\"canonical\" href=\"https:\/\/jornalfatosenoticias.com.br\/index.php\/2022\/12\/07\/o-trabalho-na-caatinga-para-proteger-animais-em-risco\/\" \/>\n<meta property=\"og:locale\" content=\"pt_BR\" \/>\n<meta property=\"og:type\" content=\"article\" \/>\n<meta property=\"og:title\" content=\"O trabalho na Caatinga para proteger animais em risco - Jornal Fatos e Not\u00edcias\" \/>\n<meta property=\"og:description\" content=\"Mais de cem esp\u00e9cies da fauna brasileira est\u00e3o amea\u00e7adas de extin\u00e7\u00e3o na Caatinga Mais de cem esp\u00e9cies da fauna brasileira est\u00e3o amea\u00e7adas de extin\u00e7\u00e3o na Caatinga. Organiza\u00e7\u00f5es de prote\u00e7\u00e3o estimam que a \u00e1rea hospeda 1,8 mil esp\u00e9cies, sendo 327 exclusivas da regi\u00e3o e 125 em risco de desaparecer, pela a\u00e7\u00e3o do homem e com o [&hellip;]\" \/>\n<meta property=\"og:url\" content=\"https:\/\/jornalfatosenoticias.com.br\/index.php\/2022\/12\/07\/o-trabalho-na-caatinga-para-proteger-animais-em-risco\/\" \/>\n<meta property=\"og:site_name\" content=\"Jornal Fatos e Not\u00edcias\" \/>\n<meta property=\"article:published_time\" content=\"2022-12-07T17:49:31+00:00\" \/>\n<meta property=\"article:modified_time\" content=\"2022-12-07T17:49:33+00:00\" \/>\n<meta property=\"og:image\" content=\"https:\/\/jornalfatosenoticias.com.br\/wp-content\/uploads\/2022\/12\/araras-azuis_gettyimages.jpg\" \/>\n\t<meta property=\"og:image:width\" content=\"1000\" \/>\n\t<meta property=\"og:image:height\" content=\"732\" \/>\n\t<meta property=\"og:image:type\" content=\"image\/jpeg\" \/>\n<meta name=\"author\" content=\"Luzimara Fernandes\" \/>\n<meta name=\"twitter:card\" content=\"summary_large_image\" \/>\n<meta name=\"twitter:label1\" content=\"Escrito por\" \/>\n\t<meta name=\"twitter:data1\" content=\"Luzimara Fernandes\" \/>\n\t<meta name=\"twitter:label2\" content=\"Est. tempo de leitura\" \/>\n\t<meta name=\"twitter:data2\" content=\"10 minutos\" \/>\n<script type=\"application\/ld+json\" class=\"yoast-schema-graph\">{\"@context\":\"https:\/\/schema.org\",\"@graph\":[{\"@type\":\"Article\",\"@id\":\"https:\/\/jornalfatosenoticias.com.br\/index.php\/2022\/12\/07\/o-trabalho-na-caatinga-para-proteger-animais-em-risco\/#article\",\"isPartOf\":{\"@id\":\"https:\/\/jornalfatosenoticias.com.br\/index.php\/2022\/12\/07\/o-trabalho-na-caatinga-para-proteger-animais-em-risco\/\"},\"author\":{\"name\":\"Luzimara Fernandes\",\"@id\":\"https:\/\/jornalfatosenoticias.com.br\/#\/schema\/person\/d63837fa13ac8666eb9e74e0985d6f81\"},\"headline\":\"O trabalho na Caatinga para proteger animais em risco\",\"datePublished\":\"2022-12-07T17:49:31+00:00\",\"dateModified\":\"2022-12-07T17:49:33+00:00\",\"mainEntityOfPage\":{\"@id\":\"https:\/\/jornalfatosenoticias.com.br\/index.php\/2022\/12\/07\/o-trabalho-na-caatinga-para-proteger-animais-em-risco\/\"},\"wordCount\":2045,\"commentCount\":0,\"publisher\":{\"@id\":\"https:\/\/jornalfatosenoticias.com.br\/#organization\"},\"image\":{\"@id\":\"https:\/\/jornalfatosenoticias.com.br\/index.php\/2022\/12\/07\/o-trabalho-na-caatinga-para-proteger-animais-em-risco\/#primaryimage\"},\"thumbnailUrl\":\"https:\/\/jornalfatosenoticias.com.br\/wp-content\/uploads\/2022\/12\/araras-azuis_gettyimages.jpg\",\"keywords\":[\"ararinhas-azuis\",\"caatinga\",\"fauna\",\"monitoramento\",\"on\u00e7as\",\"preserva\u00e7\u00e3o\",\"risco de extin\u00e7\u00e3o\",\"tatu-bola\",\"trabalho de prote\u00e7\u00e3o\"],\"articleSection\":[\"Meio ambiente\"],\"inLanguage\":\"pt-BR\",\"potentialAction\":[{\"@type\":\"CommentAction\",\"name\":\"Comment\",\"target\":[\"https:\/\/jornalfatosenoticias.com.br\/index.php\/2022\/12\/07\/o-trabalho-na-caatinga-para-proteger-animais-em-risco\/#respond\"]}]},{\"@type\":\"WebPage\",\"@id\":\"https:\/\/jornalfatosenoticias.com.br\/index.php\/2022\/12\/07\/o-trabalho-na-caatinga-para-proteger-animais-em-risco\/\",\"url\":\"https:\/\/jornalfatosenoticias.com.br\/index.php\/2022\/12\/07\/o-trabalho-na-caatinga-para-proteger-animais-em-risco\/\",\"name\":\"O trabalho na Caatinga para proteger animais em risco - Jornal Fatos e Not\u00edcias\",\"isPartOf\":{\"@id\":\"https:\/\/jornalfatosenoticias.com.br\/#website\"},\"primaryImageOfPage\":{\"@id\":\"https:\/\/jornalfatosenoticias.com.br\/index.php\/2022\/12\/07\/o-trabalho-na-caatinga-para-proteger-animais-em-risco\/#primaryimage\"},\"image\":{\"@id\":\"https:\/\/jornalfatosenoticias.com.br\/index.php\/2022\/12\/07\/o-trabalho-na-caatinga-para-proteger-animais-em-risco\/#primaryimage\"},\"thumbnailUrl\":\"https:\/\/jornalfatosenoticias.com.br\/wp-content\/uploads\/2022\/12\/araras-azuis_gettyimages.jpg\",\"datePublished\":\"2022-12-07T17:49:31+00:00\",\"dateModified\":\"2022-12-07T17:49:33+00:00\",\"breadcrumb\":{\"@id\":\"https:\/\/jornalfatosenoticias.com.br\/index.php\/2022\/12\/07\/o-trabalho-na-caatinga-para-proteger-animais-em-risco\/#breadcrumb\"},\"inLanguage\":\"pt-BR\",\"potentialAction\":[{\"@type\":\"ReadAction\",\"target\":[\"https:\/\/jornalfatosenoticias.com.br\/index.php\/2022\/12\/07\/o-trabalho-na-caatinga-para-proteger-animais-em-risco\/\"]}]},{\"@type\":\"ImageObject\",\"inLanguage\":\"pt-BR\",\"@id\":\"https:\/\/jornalfatosenoticias.com.br\/index.php\/2022\/12\/07\/o-trabalho-na-caatinga-para-proteger-animais-em-risco\/#primaryimage\",\"url\":\"https:\/\/jornalfatosenoticias.com.br\/wp-content\/uploads\/2022\/12\/araras-azuis_gettyimages.jpg\",\"contentUrl\":\"https:\/\/jornalfatosenoticias.com.br\/wp-content\/uploads\/2022\/12\/araras-azuis_gettyimages.jpg\",\"width\":1000,\"height\":732},{\"@type\":\"BreadcrumbList\",\"@id\":\"https:\/\/jornalfatosenoticias.com.br\/index.php\/2022\/12\/07\/o-trabalho-na-caatinga-para-proteger-animais-em-risco\/#breadcrumb\",\"itemListElement\":[{\"@type\":\"ListItem\",\"position\":1,\"name\":\"In\u00edcio\",\"item\":\"https:\/\/jornalfatosenoticias.com.br\/\"},{\"@type\":\"ListItem\",\"position\":2,\"name\":\"O trabalho na Caatinga para proteger animais em risco\"}]},{\"@type\":\"WebSite\",\"@id\":\"https:\/\/jornalfatosenoticias.com.br\/#website\",\"url\":\"https:\/\/jornalfatosenoticias.com.br\/\",\"name\":\"Jornal Fatos e Not\u00edcias\",\"description\":\"Not\u00edcias em geral\",\"publisher\":{\"@id\":\"https:\/\/jornalfatosenoticias.com.br\/#organization\"},\"potentialAction\":[{\"@type\":\"SearchAction\",\"target\":{\"@type\":\"EntryPoint\",\"urlTemplate\":\"https:\/\/jornalfatosenoticias.com.br\/?s={search_term_string}\"},\"query-input\":{\"@type\":\"PropertyValueSpecification\",\"valueRequired\":true,\"valueName\":\"search_term_string\"}}],\"inLanguage\":\"pt-BR\"},{\"@type\":\"Organization\",\"@id\":\"https:\/\/jornalfatosenoticias.com.br\/#organization\",\"name\":\"Jornal Fatos e Not\u00edcias\",\"url\":\"https:\/\/jornalfatosenoticias.com.br\/\",\"logo\":{\"@type\":\"ImageObject\",\"inLanguage\":\"pt-BR\",\"@id\":\"https:\/\/jornalfatosenoticias.com.br\/#\/schema\/logo\/image\/\",\"url\":\"https:\/\/jornalfatosenoticias.com.br\/wp-content\/uploads\/2020\/02\/logo120.png\",\"contentUrl\":\"https:\/\/jornalfatosenoticias.com.br\/wp-content\/uploads\/2020\/02\/logo120.png\",\"width\":1227,\"height\":120,\"caption\":\"Jornal Fatos e Not\u00edcias\"},\"image\":{\"@id\":\"https:\/\/jornalfatosenoticias.com.br\/#\/schema\/logo\/image\/\"}},{\"@type\":\"Person\",\"@id\":\"https:\/\/jornalfatosenoticias.com.br\/#\/schema\/person\/d63837fa13ac8666eb9e74e0985d6f81\",\"name\":\"Luzimara Fernandes\",\"image\":{\"@type\":\"ImageObject\",\"inLanguage\":\"pt-BR\",\"@id\":\"https:\/\/jornalfatosenoticias.com.br\/#\/schema\/person\/image\/\",\"url\":\"https:\/\/jornalfatosenoticias.com.br\/wp-content\/uploads\/2025\/05\/EU_portal.jpg\",\"contentUrl\":\"https:\/\/jornalfatosenoticias.com.br\/wp-content\/uploads\/2025\/05\/EU_portal.jpg\",\"caption\":\"Luzimara Fernandes\"},\"description\":\"Jornalista MTB 2358-ES\",\"sameAs\":[\"https:\/\/jornalfatosenoticias.com.br\"],\"url\":\"https:\/\/jornalfatosenoticias.com.br\/index.php\/author\/luzimara\/\"}]}<\/script>\n<!-- \/ Yoast SEO plugin. -->","yoast_head_json":{"title":"O trabalho na Caatinga para proteger animais em risco - Jornal Fatos e Not\u00edcias","robots":{"index":"index","follow":"follow","max-snippet":"max-snippet:-1","max-image-preview":"max-image-preview:large","max-video-preview":"max-video-preview:-1"},"canonical":"https:\/\/jornalfatosenoticias.com.br\/index.php\/2022\/12\/07\/o-trabalho-na-caatinga-para-proteger-animais-em-risco\/","og_locale":"pt_BR","og_type":"article","og_title":"O trabalho na Caatinga para proteger animais em risco - Jornal Fatos e Not\u00edcias","og_description":"Mais de cem esp\u00e9cies da fauna brasileira est\u00e3o amea\u00e7adas de extin\u00e7\u00e3o na Caatinga Mais de cem esp\u00e9cies da fauna brasileira est\u00e3o amea\u00e7adas de extin\u00e7\u00e3o na Caatinga. Organiza\u00e7\u00f5es de prote\u00e7\u00e3o estimam que a \u00e1rea hospeda 1,8 mil esp\u00e9cies, sendo 327 exclusivas da regi\u00e3o e 125 em risco de desaparecer, pela a\u00e7\u00e3o do homem e com o [&hellip;]","og_url":"https:\/\/jornalfatosenoticias.com.br\/index.php\/2022\/12\/07\/o-trabalho-na-caatinga-para-proteger-animais-em-risco\/","og_site_name":"Jornal Fatos e Not\u00edcias","article_published_time":"2022-12-07T17:49:31+00:00","article_modified_time":"2022-12-07T17:49:33+00:00","og_image":[{"width":1000,"height":732,"url":"https:\/\/jornalfatosenoticias.com.br\/wp-content\/uploads\/2022\/12\/araras-azuis_gettyimages.jpg","type":"image\/jpeg"}],"author":"Luzimara Fernandes","twitter_card":"summary_large_image","twitter_misc":{"Escrito por":"Luzimara Fernandes","Est. tempo de leitura":"10 minutos"},"schema":{"@context":"https:\/\/schema.org","@graph":[{"@type":"Article","@id":"https:\/\/jornalfatosenoticias.com.br\/index.php\/2022\/12\/07\/o-trabalho-na-caatinga-para-proteger-animais-em-risco\/#article","isPartOf":{"@id":"https:\/\/jornalfatosenoticias.com.br\/index.php\/2022\/12\/07\/o-trabalho-na-caatinga-para-proteger-animais-em-risco\/"},"author":{"name":"Luzimara Fernandes","@id":"https:\/\/jornalfatosenoticias.com.br\/#\/schema\/person\/d63837fa13ac8666eb9e74e0985d6f81"},"headline":"O trabalho na Caatinga para proteger animais em risco","datePublished":"2022-12-07T17:49:31+00:00","dateModified":"2022-12-07T17:49:33+00:00","mainEntityOfPage":{"@id":"https:\/\/jornalfatosenoticias.com.br\/index.php\/2022\/12\/07\/o-trabalho-na-caatinga-para-proteger-animais-em-risco\/"},"wordCount":2045,"commentCount":0,"publisher":{"@id":"https:\/\/jornalfatosenoticias.com.br\/#organization"},"image":{"@id":"https:\/\/jornalfatosenoticias.com.br\/index.php\/2022\/12\/07\/o-trabalho-na-caatinga-para-proteger-animais-em-risco\/#primaryimage"},"thumbnailUrl":"https:\/\/jornalfatosenoticias.com.br\/wp-content\/uploads\/2022\/12\/araras-azuis_gettyimages.jpg","keywords":["ararinhas-azuis","caatinga","fauna","monitoramento","on\u00e7as","preserva\u00e7\u00e3o","risco de extin\u00e7\u00e3o","tatu-bola","trabalho de prote\u00e7\u00e3o"],"articleSection":["Meio ambiente"],"inLanguage":"pt-BR","potentialAction":[{"@type":"CommentAction","name":"Comment","target":["https:\/\/jornalfatosenoticias.com.br\/index.php\/2022\/12\/07\/o-trabalho-na-caatinga-para-proteger-animais-em-risco\/#respond"]}]},{"@type":"WebPage","@id":"https:\/\/jornalfatosenoticias.com.br\/index.php\/2022\/12\/07\/o-trabalho-na-caatinga-para-proteger-animais-em-risco\/","url":"https:\/\/jornalfatosenoticias.com.br\/index.php\/2022\/12\/07\/o-trabalho-na-caatinga-para-proteger-animais-em-risco\/","name":"O trabalho na Caatinga para proteger animais em risco - Jornal Fatos e Not\u00edcias","isPartOf":{"@id":"https:\/\/jornalfatosenoticias.com.br\/#website"},"primaryImageOfPage":{"@id":"https:\/\/jornalfatosenoticias.com.br\/index.php\/2022\/12\/07\/o-trabalho-na-caatinga-para-proteger-animais-em-risco\/#primaryimage"},"image":{"@id":"https:\/\/jornalfatosenoticias.com.br\/index.php\/2022\/12\/07\/o-trabalho-na-caatinga-para-proteger-animais-em-risco\/#primaryimage"},"thumbnailUrl":"https:\/\/jornalfatosenoticias.com.br\/wp-content\/uploads\/2022\/12\/araras-azuis_gettyimages.jpg","datePublished":"2022-12-07T17:49:31+00:00","dateModified":"2022-12-07T17:49:33+00:00","breadcrumb":{"@id":"https:\/\/jornalfatosenoticias.com.br\/index.php\/2022\/12\/07\/o-trabalho-na-caatinga-para-proteger-animais-em-risco\/#breadcrumb"},"inLanguage":"pt-BR","potentialAction":[{"@type":"ReadAction","target":["https:\/\/jornalfatosenoticias.com.br\/index.php\/2022\/12\/07\/o-trabalho-na-caatinga-para-proteger-animais-em-risco\/"]}]},{"@type":"ImageObject","inLanguage":"pt-BR","@id":"https:\/\/jornalfatosenoticias.com.br\/index.php\/2022\/12\/07\/o-trabalho-na-caatinga-para-proteger-animais-em-risco\/#primaryimage","url":"https:\/\/jornalfatosenoticias.com.br\/wp-content\/uploads\/2022\/12\/araras-azuis_gettyimages.jpg","contentUrl":"https:\/\/jornalfatosenoticias.com.br\/wp-content\/uploads\/2022\/12\/araras-azuis_gettyimages.jpg","width":1000,"height":732},{"@type":"BreadcrumbList","@id":"https:\/\/jornalfatosenoticias.com.br\/index.php\/2022\/12\/07\/o-trabalho-na-caatinga-para-proteger-animais-em-risco\/#breadcrumb","itemListElement":[{"@type":"ListItem","position":1,"name":"In\u00edcio","item":"https:\/\/jornalfatosenoticias.com.br\/"},{"@type":"ListItem","position":2,"name":"O trabalho na Caatinga para proteger animais em risco"}]},{"@type":"WebSite","@id":"https:\/\/jornalfatosenoticias.com.br\/#website","url":"https:\/\/jornalfatosenoticias.com.br\/","name":"Jornal Fatos e Not\u00edcias","description":"Not\u00edcias em geral","publisher":{"@id":"https:\/\/jornalfatosenoticias.com.br\/#organization"},"potentialAction":[{"@type":"SearchAction","target":{"@type":"EntryPoint","urlTemplate":"https:\/\/jornalfatosenoticias.com.br\/?s={search_term_string}"},"query-input":{"@type":"PropertyValueSpecification","valueRequired":true,"valueName":"search_term_string"}}],"inLanguage":"pt-BR"},{"@type":"Organization","@id":"https:\/\/jornalfatosenoticias.com.br\/#organization","name":"Jornal Fatos e Not\u00edcias","url":"https:\/\/jornalfatosenoticias.com.br\/","logo":{"@type":"ImageObject","inLanguage":"pt-BR","@id":"https:\/\/jornalfatosenoticias.com.br\/#\/schema\/logo\/image\/","url":"https:\/\/jornalfatosenoticias.com.br\/wp-content\/uploads\/2020\/02\/logo120.png","contentUrl":"https:\/\/jornalfatosenoticias.com.br\/wp-content\/uploads\/2020\/02\/logo120.png","width":1227,"height":120,"caption":"Jornal Fatos e Not\u00edcias"},"image":{"@id":"https:\/\/jornalfatosenoticias.com.br\/#\/schema\/logo\/image\/"}},{"@type":"Person","@id":"https:\/\/jornalfatosenoticias.com.br\/#\/schema\/person\/d63837fa13ac8666eb9e74e0985d6f81","name":"Luzimara Fernandes","image":{"@type":"ImageObject","inLanguage":"pt-BR","@id":"https:\/\/jornalfatosenoticias.com.br\/#\/schema\/person\/image\/","url":"https:\/\/jornalfatosenoticias.com.br\/wp-content\/uploads\/2025\/05\/EU_portal.jpg","contentUrl":"https:\/\/jornalfatosenoticias.com.br\/wp-content\/uploads\/2025\/05\/EU_portal.jpg","caption":"Luzimara Fernandes"},"description":"Jornalista MTB 2358-ES","sameAs":["https:\/\/jornalfatosenoticias.com.br"],"url":"https:\/\/jornalfatosenoticias.com.br\/index.php\/author\/luzimara\/"}]}},"cc_featured_image_caption":{"caption_text":"","source_text":"","source_url":""},"jetpack_featured_media_url":"https:\/\/jornalfatosenoticias.com.br\/wp-content\/uploads\/2022\/12\/araras-azuis_gettyimages.jpg","_links":{"self":[{"href":"https:\/\/jornalfatosenoticias.com.br\/index.php\/wp-json\/wp\/v2\/posts\/36702","targetHints":{"allow":["GET"]}}],"collection":[{"href":"https:\/\/jornalfatosenoticias.com.br\/index.php\/wp-json\/wp\/v2\/posts"}],"about":[{"href":"https:\/\/jornalfatosenoticias.com.br\/index.php\/wp-json\/wp\/v2\/types\/post"}],"author":[{"embeddable":true,"href":"https:\/\/jornalfatosenoticias.com.br\/index.php\/wp-json\/wp\/v2\/users\/2"}],"replies":[{"embeddable":true,"href":"https:\/\/jornalfatosenoticias.com.br\/index.php\/wp-json\/wp\/v2\/comments?post=36702"}],"version-history":[{"count":0,"href":"https:\/\/jornalfatosenoticias.com.br\/index.php\/wp-json\/wp\/v2\/posts\/36702\/revisions"}],"wp:featuredmedia":[{"embeddable":true,"href":"https:\/\/jornalfatosenoticias.com.br\/index.php\/wp-json\/wp\/v2\/media\/36704"}],"wp:attachment":[{"href":"https:\/\/jornalfatosenoticias.com.br\/index.php\/wp-json\/wp\/v2\/media?parent=36702"}],"wp:term":[{"taxonomy":"category","embeddable":true,"href":"https:\/\/jornalfatosenoticias.com.br\/index.php\/wp-json\/wp\/v2\/categories?post=36702"},{"taxonomy":"post_tag","embeddable":true,"href":"https:\/\/jornalfatosenoticias.com.br\/index.php\/wp-json\/wp\/v2\/tags?post=36702"}],"curies":[{"name":"wp","href":"https:\/\/api.w.org\/{rel}","templated":true}]}}