{"id":36748,"date":"2022-12-08T15:59:59","date_gmt":"2022-12-08T18:59:59","guid":{"rendered":"https:\/\/jornalfatosenoticias.com.br\/?p=36748"},"modified":"2022-12-08T16:00:01","modified_gmt":"2022-12-08T19:00:01","slug":"pmv-assina-ordem-de-servico-para-botao-do-panico-nas-unidades-de-ensino","status":"publish","type":"post","link":"https:\/\/jornalfatosenoticias.com.br\/index.php\/2022\/12\/08\/pmv-assina-ordem-de-servico-para-botao-do-panico-nas-unidades-de-ensino\/","title":{"rendered":"PMV assina ordem de servi\u00e7o para bot\u00e3o do p\u00e2nico nas unidades de ensino"},"content":{"rendered":"\n<div class=\"wp-block-image\"><figure class=\"aligncenter size-large\"><img loading=\"lazy\" decoding=\"async\" width=\"1024\" height=\"103\" src=\"https:\/\/jornalfatosenoticias.com.br\/wp-content\/uploads\/2022\/02\/Arte-Autoescola-Galatas_endereco_portal-1024x103.png\" alt=\"\" class=\"wp-image-27869\" srcset=\"https:\/\/jornalfatosenoticias.com.br\/wp-content\/uploads\/2022\/02\/Arte-Autoescola-Galatas_endereco_portal-1024x103.png 1024w, https:\/\/jornalfatosenoticias.com.br\/wp-content\/uploads\/2022\/02\/Arte-Autoescola-Galatas_endereco_portal-300x30.png 300w, https:\/\/jornalfatosenoticias.com.br\/wp-content\/uploads\/2022\/02\/Arte-Autoescola-Galatas_endereco_portal-768x77.png 768w, https:\/\/jornalfatosenoticias.com.br\/wp-content\/uploads\/2022\/02\/Arte-Autoescola-Galatas_endereco_portal.png 1223w\" sizes=\"auto, (max-width: 1024px) 100vw, 1024px\" \/><\/figure><\/div>\n\n\n\n<p>Para garantir maior seguran\u00e7a e tranquilidade a estudantes e profissionais da rede municipal de ensino, a Prefeitura de Vit\u00f3ria, por meio da Secretaria de Educa\u00e7\u00e3o (Seme), assinou a ordem de servi\u00e7o para loca\u00e7\u00e3o de dispositivos de seguran\u00e7a preventiva por meio de tecnologia GPS, conhecido como bot\u00e3o do p\u00e2nico, bem como para a manuten\u00e7\u00e3o da plataforma de fiscaliza\u00e7\u00e3o para as unidades educacionais da capital.<\/p>\n\n\n\n<div class=\"wp-block-image\"><figure class=\"aligncenter size-large\"><img loading=\"lazy\" decoding=\"async\" width=\"300\" height=\"250\" src=\"https:\/\/jornalfatosenoticias.com.br\/wp-content\/uploads\/2022\/08\/arte-Casarao.jpg\" alt=\"\" class=\"wp-image-33178\"\/><\/figure><\/div>\n\n\n\n<p>O objetivo \u00e9 levar o dispositivo para os 49 Centros Municipais de Educa\u00e7\u00e3o Infantil (Cmei) e 54 Escolas Municipais de Ensino Fundamental (Emef), al\u00e9m dos cinco Centros de Ci\u00eancia, Educa\u00e7\u00e3o e Cultura (CCEC): Escola da Ci\u00eancia, Biologia e Hist\u00f3ria; Escola de F\u00edsica; Escola de Inova\u00e7\u00e3o; Planet\u00e1rio; e Pra\u00e7a da Ci\u00eancia.<\/p>\n\n\n\n<div class=\"wp-block-image\"><figure class=\"aligncenter size-large\"><img loading=\"lazy\" decoding=\"async\" width=\"1024\" height=\"100\" src=\"https:\/\/jornalfatosenoticias.com.br\/wp-content\/uploads\/2022\/05\/NOVA-LOGO-CESCONETTO-1024x100.jpg\" alt=\"\" class=\"wp-image-30792\" srcset=\"https:\/\/jornalfatosenoticias.com.br\/wp-content\/uploads\/2022\/05\/NOVA-LOGO-CESCONETTO-1024x100.jpg 1024w, https:\/\/jornalfatosenoticias.com.br\/wp-content\/uploads\/2022\/05\/NOVA-LOGO-CESCONETTO-300x29.jpg 300w, https:\/\/jornalfatosenoticias.com.br\/wp-content\/uploads\/2022\/05\/NOVA-LOGO-CESCONETTO-768x75.jpg 768w, https:\/\/jornalfatosenoticias.com.br\/wp-content\/uploads\/2022\/05\/NOVA-LOGO-CESCONETTO.jpg 1280w\" sizes=\"auto, (max-width: 1024px) 100vw, 1024px\" \/><\/figure><\/div>\n\n\n\n<p>A solenidade ocorreu na manh\u00e3 de ter\u00e7a-feira (6), com a presen\u00e7a do prefeito de Vit\u00f3ria, Lorenzo Pazolini, com a presen\u00e7a da secret\u00e1ria de Educa\u00e7\u00e3o, Juliana Rohsner, e do secret\u00e1rio de Seguran\u00e7a Urbana, Amar\u00edlio Luiz Boni, al\u00e9m de outras autoridades municipais.<\/p>\n\n\n\n<div class=\"wp-block-image\"><figure class=\"alignright size-large is-resized\"><img loading=\"lazy\" decoding=\"async\" src=\"https:\/\/jornalfatosenoticias.com.br\/wp-content\/uploads\/2020\/02\/logo-clinica-limoeiro.jpg\" alt=\"\" class=\"wp-image-34610\" width=\"321\" height=\"228\"\/><\/figure><\/div>\n\n\n\n<p>&#8220;S\u00e3o dispositivos que salvam vidas o que estamos entregando aqui hoje. Isso \u00e9 investimento com recursos pr\u00f3prios. O epis\u00f3dio que n\u00f3s passamos, traum\u00e1tico, mostrou que o tempo de resposta do poder p\u00fablico \u00e9 fundamental para salvar vidas. Al\u00e9m do esfor\u00e7o dos profissionais, tivemos a tecnologia funcionando 100% por meio das c\u00e2meras de videomonitoramento. <\/p>\n\n\n\n<div class=\"wp-block-image\"><figure class=\"aligncenter size-large\"><img loading=\"lazy\" decoding=\"async\" width=\"1024\" height=\"111\" src=\"https:\/\/jornalfatosenoticias.com.br\/wp-content\/uploads\/2020\/02\/WhatsApp-Image-2022-09-23-at-12.09.18-1024x111.jpeg\" alt=\"\" class=\"wp-image-34527\" srcset=\"https:\/\/jornalfatosenoticias.com.br\/wp-content\/uploads\/2020\/02\/WhatsApp-Image-2022-09-23-at-12.09.18-1024x111.jpeg 1024w, https:\/\/jornalfatosenoticias.com.br\/wp-content\/uploads\/2020\/02\/WhatsApp-Image-2022-09-23-at-12.09.18-300x32.jpeg 300w, https:\/\/jornalfatosenoticias.com.br\/wp-content\/uploads\/2020\/02\/WhatsApp-Image-2022-09-23-at-12.09.18-768x83.jpeg 768w, https:\/\/jornalfatosenoticias.com.br\/wp-content\/uploads\/2020\/02\/WhatsApp-Image-2022-09-23-at-12.09.18.jpeg 1121w\" sizes=\"auto, (max-width: 1024px) 100vw, 1024px\" \/><\/figure><\/div>\n\n\n\n<p>N\u00f3s conseguimos acompanhar, em tempo real, todo o ocorrido em nossa unidade de ensino. Isso foi fundamental para que as for\u00e7as de seguran\u00e7a fizessem com rapidez seu trabalho. Ali, tivemos a clareza do quanto a tecnologia faz a diferen\u00e7a. Cada unidade escolar, 103 escolas, todas ir\u00e3o receber, ainda no m\u00eas de dezembro, um dispositivo como esse. Ao apertar o bot\u00e3o, todo o som j\u00e1 passa a ser gravado e gera um alerta \u00e0s viaturas da Guarda Municipal e \u00e0 Central Integrada Operacional de Monitoramento. N\u00f3s queremos que n\u00e3o seja necess\u00e1rio o acionamento desse dispositivo, mas se houver, o tempo de resposta ser\u00e1 imediato&#8221;, afirmou o prefeito.<\/p>\n\n\n\n<div class=\"wp-block-image\"><figure class=\"aligncenter size-large\"><img loading=\"lazy\" decoding=\"async\" width=\"1024\" height=\"100\" src=\"https:\/\/jornalfatosenoticias.com.br\/wp-content\/uploads\/2020\/02\/banner_ferramentas-1024x100.jpg\" alt=\"\" class=\"wp-image-1258\" srcset=\"https:\/\/jornalfatosenoticias.com.br\/wp-content\/uploads\/2020\/02\/banner_ferramentas-1024x100.jpg 1024w, https:\/\/jornalfatosenoticias.com.br\/wp-content\/uploads\/2020\/02\/banner_ferramentas-300x29.jpg 300w, https:\/\/jornalfatosenoticias.com.br\/wp-content\/uploads\/2020\/02\/banner_ferramentas-768x75.jpg 768w, https:\/\/jornalfatosenoticias.com.br\/wp-content\/uploads\/2020\/02\/banner_ferramentas.jpg 1227w\" sizes=\"auto, (max-width: 1024px) 100vw, 1024px\" \/><\/figure><\/div>\n\n\n\n<p>O valor do investimento \u00e9 de R$ 378.516 e o contrato tem vig\u00eancia de 12 meses. O custo mensal de cada dispositivo \u00e9 de R$ 286,75. &#8220;\u00c9 um momento de reflex\u00e3o. Precisamos pensar em a\u00e7\u00f5es de seguran\u00e7a nas nossas unidades de ensino que acolhem 43 mil crian\u00e7as e estudantes e seis mil profissionais. Temos aqui diretores de cada regi\u00e3o representando esse pensar a escola. A cultura de paz deve ser pensada na escola. Hoje trabalhamos dentro de alguns eixos, o investimento em infraestrutura, com R$ 108 milh\u00f5es de investimento. <\/p>\n\n\n\n<div class=\"wp-block-image\"><figure class=\"aligncenter size-large is-resized\"><img loading=\"lazy\" decoding=\"async\" src=\"https:\/\/jornalfatosenoticias.com.br\/wp-content\/uploads\/2020\/02\/nova-logo-Marquetti.jpg\" alt=\"\" class=\"wp-image-22331\" width=\"304\" height=\"204\" srcset=\"https:\/\/jornalfatosenoticias.com.br\/wp-content\/uploads\/2020\/02\/nova-logo-Marquetti.jpg 643w, https:\/\/jornalfatosenoticias.com.br\/wp-content\/uploads\/2020\/02\/nova-logo-Marquetti-300x202.jpg 300w\" sizes=\"auto, (max-width: 304px) 100vw, 304px\" \/><\/figure><\/div>\n\n\n\n<p>Essas obras s\u00e3o investimento em seguran\u00e7a tamb\u00e9m. N\u00f3s somos muito afetivos, nossas escolas s\u00e3o muito receptivas. Temos ressignificado isso, modificando o local das secretarias dentro das escolas. Outro eixo s\u00e3o as pr\u00e1ticas restaurativas. Esse tipo de crime infelizmente aconteceu numa escola. E precisamos pensar no que tem por tr\u00e1s disso. Hoje traremos um dispositivo que torna ainda mais c\u00e9lere o atendimento \u00e0s unidades de ensino. Mas junto a isso temos tamb\u00e9m forma\u00e7\u00e3o e o papel da escola de encher de sentido aquele espa\u00e7o&#8221;, destacou a secret\u00e1ria de Educa\u00e7\u00e3o.<\/p>\n\n\n\n<div class=\"wp-block-image\"><figure class=\"aligncenter size-large is-resized\"><img loading=\"lazy\" decoding=\"async\" src=\"https:\/\/jornalfatosenoticias.com.br\/wp-content\/uploads\/2022\/07\/Logo-Grupo-SEI.jpg\" alt=\"\" class=\"wp-image-31973\" width=\"398\" height=\"209\" srcset=\"https:\/\/jornalfatosenoticias.com.br\/wp-content\/uploads\/2022\/07\/Logo-Grupo-SEI.jpg 713w, https:\/\/jornalfatosenoticias.com.br\/wp-content\/uploads\/2022\/07\/Logo-Grupo-SEI-300x158.jpg 300w\" sizes=\"auto, (max-width: 398px) 100vw, 398px\" \/><\/figure><\/div>\n\n\n\n<p>A contrata\u00e7\u00e3o do servi\u00e7o se justifica para preven\u00e7\u00e3o ou mitiga\u00e7\u00e3o dos efeitos de poss\u00edveis situa\u00e7\u00f5es de viol\u00eancia nas unidades de ensino de Vit\u00f3ria, possibilitando uma resposta imediata por parte dos agentes da Guarda Civil Municipal de Vit\u00f3ria (GCMV) e da Pol\u00edcia Militar.<\/p>\n\n\n\n<div class=\"wp-block-image\"><figure class=\"aligncenter size-large is-resized\"><img loading=\"lazy\" decoding=\"async\" src=\"https:\/\/jornalfatosenoticias.com.br\/wp-content\/uploads\/2020\/02\/casa-do-torresmo_portal.jpg\" alt=\"\" class=\"wp-image-34472\" width=\"264\" height=\"264\" srcset=\"https:\/\/jornalfatosenoticias.com.br\/wp-content\/uploads\/2020\/02\/casa-do-torresmo_portal.jpg 300w, https:\/\/jornalfatosenoticias.com.br\/wp-content\/uploads\/2020\/02\/casa-do-torresmo_portal-150x150.jpg 150w\" sizes=\"auto, (max-width: 264px) 100vw, 264px\" \/><\/figure><\/div>\n\n\n\n<figure class=\"wp-block-pullquote\"><blockquote><p><span class=\"has-inline-color has-luminous-vivid-orange-color\">O bot\u00e3o do p\u00e2nico \u00e9 mais uma das a\u00e7\u00f5es de seguran\u00e7a que a Prefeitura de Vit\u00f3ria tem desempenhando. Dar uma condi\u00e7\u00e3o ao professor, ao aluno, a certeza de que uma viatura chegar\u00e1 em tempo de fazer o atendimento. Outras a\u00e7\u00f5es vir\u00e3o, que estamos tratando internamente, para dar mais seguran\u00e7a ao mun\u00edcipe de Vit\u00f3ria&#8221;, disse o secret\u00e1rio de Seguran\u00e7a.<\/span><\/p><\/blockquote><\/figure>\n\n\n\n<div class=\"wp-block-image\"><figure class=\"aligncenter size-large\"><img loading=\"lazy\" decoding=\"async\" width=\"1024\" height=\"110\" src=\"https:\/\/jornalfatosenoticias.com.br\/wp-content\/uploads\/2022\/10\/Arte-jornal-Zucchi-1120x120_Prancheta-1-1024x110.jpg\" alt=\"\" class=\"wp-image-34772\" srcset=\"https:\/\/jornalfatosenoticias.com.br\/wp-content\/uploads\/2022\/10\/Arte-jornal-Zucchi-1120x120_Prancheta-1-1024x110.jpg 1024w, https:\/\/jornalfatosenoticias.com.br\/wp-content\/uploads\/2022\/10\/Arte-jornal-Zucchi-1120x120_Prancheta-1-300x32.jpg 300w, https:\/\/jornalfatosenoticias.com.br\/wp-content\/uploads\/2022\/10\/Arte-jornal-Zucchi-1120x120_Prancheta-1-768x82.jpg 768w, https:\/\/jornalfatosenoticias.com.br\/wp-content\/uploads\/2022\/10\/Arte-jornal-Zucchi-1120x120_Prancheta-1-1536x165.jpg 1536w, https:\/\/jornalfatosenoticias.com.br\/wp-content\/uploads\/2022\/10\/Arte-jornal-Zucchi-1120x120_Prancheta-1-2048x219.jpg 2048w\" sizes=\"auto, (max-width: 1024px) 100vw, 1024px\" \/><\/figure><\/div>\n\n\n\n<p>A disponibiliza\u00e7\u00e3o do bot\u00e3o do p\u00e2nico para a rede de ensino faz parte do Plano Vit\u00f3ria, com investimentos de R$ 1 bilh\u00e3o, at\u00e9 2024, lan\u00e7ado em setembro do ano passado pelo prefeito Lorenzo Pazolini. O Plano Vit\u00f3ria \u00e9 fruto do ajuste fiscal e financeiro realizado pela atual gest\u00e3o e prev\u00ea a\u00e7\u00f5es em educa\u00e7\u00e3o, sa\u00fade, infraestrutura, mobilidade, urbaniza\u00e7\u00e3o, habita\u00e7\u00e3o, equipamentos esportivos e culturais e tecnologia. <\/p>\n\n\n\n<div class=\"wp-block-image\"><figure class=\"aligncenter size-large\"><img decoding=\"async\" src=\"https:\/\/jornalfatosenoticias.com.br\/wp-content\/uploads\/2020\/02\/logo_esteio.jpg\" alt=\"\" class=\"wp-image-1214\"\/><\/figure><\/div>\n\n\n\n<figure class=\"wp-block-pullquote\"><blockquote><p><span class=\"has-inline-color has-luminous-vivid-orange-color\">Todo esse investimento \u00e9 de extrema import\u00e2ncia para nossas escolas, trazendo seguran\u00e7a para nossas crian\u00e7as e profissionais&#8221;, afirmou a diretora do Cmei Professora Cida Barreto, Keila Madeira.<\/span><\/p><\/blockquote><\/figure>\n\n\n\n<div class=\"wp-block-image\"><figure class=\"aligncenter size-large\"><img decoding=\"async\" src=\"https:\/\/jornalfatosenoticias.com.br\/wp-content\/uploads\/2020\/02\/logo-embacia-1-1024x110.jpg\" alt=\"\" class=\"wp-image-33954\"\/><\/figure><\/div>\n\n\n\n<p>Representante da Ordem dos Advogados do Brasil, seccional capixaba, o presidente da Especial de Direito Educacional, ressaltou a import\u00e2ncia da implementa\u00e7\u00e3o dos dispositivos de seguran\u00e7a nas unidades de ensino. &#8220;A OAB vem acompanhando o trabalho sendo feito pela secretaria. Esses equipamentos s\u00e3o extremamente importantes e agora servir\u00e3o para a prote\u00e7\u00e3o de nossos estudantes e educadores&#8221;.<\/p>\n\n\n\n<div class=\"wp-block-image\"><figure class=\"aligncenter size-large is-resized\"><img loading=\"lazy\" decoding=\"async\" src=\"https:\/\/jornalfatosenoticias.com.br\/wp-content\/uploads\/2022\/08\/logo-locau-veiculos-1024x573.png\" alt=\"\" class=\"wp-image-33078\" width=\"346\" height=\"193\"\/><\/figure><\/div>\n\n\n\n<p>Na agenda, tamb\u00e9m foi anunciada a implementa\u00e7\u00e3o de totens de seguran\u00e7a, que ser\u00e3o instalados em algumas unidades onde houve algum fato pret\u00e9rito. S\u00e3o totens dotados de bot\u00e3o de emerg\u00eancia, de c\u00e2meras de alta resolu\u00e7\u00e3o que permitem troca de informa\u00e7\u00f5es entre a pessoa que solicita e a Guarda Civil Municipal de Vit\u00f3ria (GCMV).<\/p>\n\n\n\n<div class=\"wp-block-image\"><figure class=\"aligncenter size-large is-resized\"><img loading=\"lazy\" decoding=\"async\" src=\"https:\/\/jornalfatosenoticias.com.br\/wp-content\/uploads\/2022\/02\/Precisao-Contabilidade-1024x724.jpg\" alt=\"\" class=\"wp-image-28088\" width=\"349\" height=\"247\"\/><\/figure><\/div>\n\n\n\n<figure class=\"wp-block-pullquote\"><blockquote><p><span class=\"has-inline-color has-luminous-vivid-orange-color\">Fizemos visita t\u00e9cnica na cidade de Cotia (SP), e foi relatada uma redu\u00e7\u00e3o de 60% na criminalidade. Estaremos 24h por dia para atender o cidad\u00e3o. Existem c\u00e2meras de intelig\u00eancia artificial, onde h\u00e1 disparo de alarme e a c\u00e2mera come\u00e7a a mostrar o que est\u00e1 acontecendo, tendo uma viatura prosseguindo logo depois. Existem v\u00e1rias funcionalidades para agregar a sensa\u00e7\u00e3o de seguran\u00e7a para todos&#8221;, afirmou Sedrik Quirino, gerente da Central Integrada Operacional de Monitoramento (Ciom).<\/span><\/p><\/blockquote><\/figure>\n\n\n\n<div class=\"wp-block-image\"><figure class=\"aligncenter size-large\"><img loading=\"lazy\" decoding=\"async\" width=\"1024\" height=\"99\" src=\"https:\/\/jornalfatosenoticias.com.br\/wp-content\/uploads\/2020\/02\/Logo-Mizu-segunda-2-1024x99.png\" alt=\"\" class=\"wp-image-2353\" srcset=\"https:\/\/jornalfatosenoticias.com.br\/wp-content\/uploads\/2020\/02\/Logo-Mizu-segunda-2-1024x99.png 1024w, https:\/\/jornalfatosenoticias.com.br\/wp-content\/uploads\/2020\/02\/Logo-Mizu-segunda-2-300x29.png 300w, https:\/\/jornalfatosenoticias.com.br\/wp-content\/uploads\/2020\/02\/Logo-Mizu-segunda-2-768x74.png 768w, https:\/\/jornalfatosenoticias.com.br\/wp-content\/uploads\/2020\/02\/Logo-Mizu-segunda-2.png 1240w\" sizes=\"auto, (max-width: 1024px) 100vw, 1024px\" \/><\/figure><\/div>\n\n\n\n<p><strong><span class=\"has-inline-color has-vivid-purple-color\">Bot\u00e3o do p\u00e2nico nas unidades de ensino<br><\/span><span class=\"has-inline-color has-black-color\">Os dispositivos ser\u00e3o instalados quando?<br><\/span><\/strong>O cronograma de trabalho define a instala\u00e7\u00e3o gradativa dos dispositivos, com estimativa de cobertura integral ao longo do ano que vem.<\/p>\n\n\n\n<div class=\"wp-block-image\"><figure class=\"alignright size-large\"><img decoding=\"async\" src=\"https:\/\/jornalfatosenoticias.com.br\/wp-content\/uploads\/2020\/02\/barao-das-carnes-300x164-1.jpg\" alt=\"\" class=\"wp-image-34339\"\/><\/figure><\/div>\n\n\n\n<p><strong><span class=\"has-inline-color has-black-color\">O sistema dever\u00e1 ser acionado quando?<br><\/span><\/strong>Em situa\u00e7\u00f5es de trocas de tiro nas redondezas das unidades de ensino ou de alguma situa\u00e7\u00e3o de risco.<\/p>\n\n\n\n<p><strong><span class=\"has-inline-color has-black-color\">Como funcionar\u00e1 o bot\u00e3o do p\u00e2nico?<br><\/span><\/strong>Os profissionais ficar\u00e3o o tempo todo com o equipamento. Em caso de necessidade, para acionar a Guarda Civil Municipal de Vit\u00f3ria (GCMV), basta apertar o bot\u00e3o SOS, segurando por tr\u00eas segundos.<\/p>\n\n\n\n<div class=\"wp-block-image\"><figure class=\"aligncenter size-large\"><img loading=\"lazy\" decoding=\"async\" width=\"560\" height=\"60\" src=\"https:\/\/jornalfatosenoticias.com.br\/wp-content\/uploads\/2022\/10\/Propaganda-RC-Radiadores-Jornal_page-0001.jpg\" alt=\"\" class=\"wp-image-35270\" srcset=\"https:\/\/jornalfatosenoticias.com.br\/wp-content\/uploads\/2022\/10\/Propaganda-RC-Radiadores-Jornal_page-0001.jpg 560w, https:\/\/jornalfatosenoticias.com.br\/wp-content\/uploads\/2022\/10\/Propaganda-RC-Radiadores-Jornal_page-0001-300x32.jpg 300w\" sizes=\"auto, (max-width: 560px) 100vw, 560px\" \/><\/figure><\/div>\n\n\n\n<p>A partir do momento em que \u00e9 acionado, o dispositivo de seguran\u00e7a estabelece uma comunica\u00e7\u00e3o com a Guarda, enviando o \u00e1udio da situa\u00e7\u00e3o que estiver ocorrendo na unidade de ensino.<\/p>\n\n\n\n<div class=\"wp-block-image\"><figure class=\"aligncenter size-large\"><img decoding=\"async\" src=\"https:\/\/jornalfatosenoticias.com.br\/wp-content\/uploads\/2020\/02\/Serra-Grande-1024x160.png\" alt=\"\" class=\"wp-image-7836\"\/><\/figure><\/div>\n\n\n\n<p><strong><em>Fonte: <a href=\"https:\/\/m.vitoria.es.gov.br\/noticia\/pmv-assina-ordem-de-servico-para-botao-do-panico-nas-103-unidades-de-ensino-46546\">PMV<\/a><\/em><\/strong><\/p>\n","protected":false},"excerpt":{"rendered":"<p>Para garantir maior seguran\u00e7a e tranquilidade a estudantes e profissionais da rede municipal de ensino, a Prefeitura de Vit\u00f3ria, por meio da Secretaria de Educa\u00e7\u00e3o (Seme), assinou a ordem de servi\u00e7o para loca\u00e7\u00e3o de dispositivos de seguran\u00e7a preventiva por meio de tecnologia GPS, conhecido como bot\u00e3o do p\u00e2nico, bem como para a manuten\u00e7\u00e3o da plataforma [&hellip;]<\/p>\n","protected":false},"author":2,"featured_media":36749,"comment_status":"open","ping_status":"open","sticky":false,"template":"","format":"standard","meta":{"footnotes":""},"categories":[5],"tags":[17253,13485,1033,17254],"class_list":["post-36748","post","type-post","status-publish","format-standard","has-post-thumbnail","hentry","category-geral","tag-botao-do-panico","tag-escolas-de-vitoria","tag-seguranca","tag-unidades-de-ensino"],"yoast_head":"<!-- This site is optimized with the Yoast SEO plugin v26.5 - https:\/\/yoast.com\/wordpress\/plugins\/seo\/ -->\n<title>PMV assina ordem de servi\u00e7o para bot\u00e3o do p\u00e2nico nas unidades de ensino - Jornal Fatos e Not\u00edcias<\/title>\n<meta name=\"robots\" content=\"index, follow, max-snippet:-1, max-image-preview:large, max-video-preview:-1\" \/>\n<link rel=\"canonical\" href=\"https:\/\/jornalfatosenoticias.com.br\/index.php\/2022\/12\/08\/pmv-assina-ordem-de-servico-para-botao-do-panico-nas-unidades-de-ensino\/\" \/>\n<meta property=\"og:locale\" content=\"pt_BR\" \/>\n<meta property=\"og:type\" content=\"article\" \/>\n<meta property=\"og:title\" content=\"PMV assina ordem de servi\u00e7o para bot\u00e3o do p\u00e2nico nas unidades de ensino - Jornal Fatos e Not\u00edcias\" \/>\n<meta property=\"og:description\" content=\"Para garantir maior seguran\u00e7a e tranquilidade a estudantes e profissionais da rede municipal de ensino, a Prefeitura de Vit\u00f3ria, por meio da Secretaria de Educa\u00e7\u00e3o (Seme), assinou a ordem de servi\u00e7o para loca\u00e7\u00e3o de dispositivos de seguran\u00e7a preventiva por meio de tecnologia GPS, conhecido como bot\u00e3o do p\u00e2nico, bem como para a manuten\u00e7\u00e3o da plataforma [&hellip;]\" \/>\n<meta property=\"og:url\" content=\"https:\/\/jornalfatosenoticias.com.br\/index.php\/2022\/12\/08\/pmv-assina-ordem-de-servico-para-botao-do-panico-nas-unidades-de-ensino\/\" \/>\n<meta property=\"og:site_name\" content=\"Jornal Fatos e Not\u00edcias\" \/>\n<meta property=\"article:published_time\" content=\"2022-12-08T18:59:59+00:00\" \/>\n<meta property=\"article:modified_time\" content=\"2022-12-08T19:00:01+00:00\" \/>\n<meta property=\"og:image\" content=\"https:\/\/jornalfatosenoticias.com.br\/wp-content\/uploads\/2022\/12\/botao-do-panico-nas-unidades-de-ensino-de-vitoria.jpg\" \/>\n\t<meta property=\"og:image:width\" content=\"700\" \/>\n\t<meta property=\"og:image:height\" content=\"469\" \/>\n\t<meta property=\"og:image:type\" content=\"image\/jpeg\" \/>\n<meta name=\"author\" content=\"Luzimara Fernandes\" \/>\n<meta name=\"twitter:card\" content=\"summary_large_image\" \/>\n<meta name=\"twitter:label1\" content=\"Escrito por\" \/>\n\t<meta name=\"twitter:data1\" content=\"Luzimara Fernandes\" \/>\n\t<meta name=\"twitter:label2\" content=\"Est. tempo de leitura\" \/>\n\t<meta name=\"twitter:data2\" content=\"6 minutos\" \/>\n<script type=\"application\/ld+json\" class=\"yoast-schema-graph\">{\"@context\":\"https:\/\/schema.org\",\"@graph\":[{\"@type\":\"Article\",\"@id\":\"https:\/\/jornalfatosenoticias.com.br\/index.php\/2022\/12\/08\/pmv-assina-ordem-de-servico-para-botao-do-panico-nas-unidades-de-ensino\/#article\",\"isPartOf\":{\"@id\":\"https:\/\/jornalfatosenoticias.com.br\/index.php\/2022\/12\/08\/pmv-assina-ordem-de-servico-para-botao-do-panico-nas-unidades-de-ensino\/\"},\"author\":{\"name\":\"Luzimara Fernandes\",\"@id\":\"https:\/\/jornalfatosenoticias.com.br\/#\/schema\/person\/d63837fa13ac8666eb9e74e0985d6f81\"},\"headline\":\"PMV assina ordem de servi\u00e7o para bot\u00e3o do p\u00e2nico nas unidades de ensino\",\"datePublished\":\"2022-12-08T18:59:59+00:00\",\"dateModified\":\"2022-12-08T19:00:01+00:00\",\"mainEntityOfPage\":{\"@id\":\"https:\/\/jornalfatosenoticias.com.br\/index.php\/2022\/12\/08\/pmv-assina-ordem-de-servico-para-botao-do-panico-nas-unidades-de-ensino\/\"},\"wordCount\":1131,\"commentCount\":0,\"publisher\":{\"@id\":\"https:\/\/jornalfatosenoticias.com.br\/#organization\"},\"image\":{\"@id\":\"https:\/\/jornalfatosenoticias.com.br\/index.php\/2022\/12\/08\/pmv-assina-ordem-de-servico-para-botao-do-panico-nas-unidades-de-ensino\/#primaryimage\"},\"thumbnailUrl\":\"https:\/\/jornalfatosenoticias.com.br\/wp-content\/uploads\/2022\/12\/botao-do-panico-nas-unidades-de-ensino-de-vitoria.jpg\",\"keywords\":[\"bot\u00e3o do p\u00e2nico\",\"escolas de Vit\u00f3ria\",\"seguran\u00e7a\",\"unidades de ensino\"],\"articleSection\":[\"Geral\"],\"inLanguage\":\"pt-BR\",\"potentialAction\":[{\"@type\":\"CommentAction\",\"name\":\"Comment\",\"target\":[\"https:\/\/jornalfatosenoticias.com.br\/index.php\/2022\/12\/08\/pmv-assina-ordem-de-servico-para-botao-do-panico-nas-unidades-de-ensino\/#respond\"]}]},{\"@type\":\"WebPage\",\"@id\":\"https:\/\/jornalfatosenoticias.com.br\/index.php\/2022\/12\/08\/pmv-assina-ordem-de-servico-para-botao-do-panico-nas-unidades-de-ensino\/\",\"url\":\"https:\/\/jornalfatosenoticias.com.br\/index.php\/2022\/12\/08\/pmv-assina-ordem-de-servico-para-botao-do-panico-nas-unidades-de-ensino\/\",\"name\":\"PMV assina ordem de servi\u00e7o para bot\u00e3o do p\u00e2nico nas unidades de ensino - Jornal Fatos e Not\u00edcias\",\"isPartOf\":{\"@id\":\"https:\/\/jornalfatosenoticias.com.br\/#website\"},\"primaryImageOfPage\":{\"@id\":\"https:\/\/jornalfatosenoticias.com.br\/index.php\/2022\/12\/08\/pmv-assina-ordem-de-servico-para-botao-do-panico-nas-unidades-de-ensino\/#primaryimage\"},\"image\":{\"@id\":\"https:\/\/jornalfatosenoticias.com.br\/index.php\/2022\/12\/08\/pmv-assina-ordem-de-servico-para-botao-do-panico-nas-unidades-de-ensino\/#primaryimage\"},\"thumbnailUrl\":\"https:\/\/jornalfatosenoticias.com.br\/wp-content\/uploads\/2022\/12\/botao-do-panico-nas-unidades-de-ensino-de-vitoria.jpg\",\"datePublished\":\"2022-12-08T18:59:59+00:00\",\"dateModified\":\"2022-12-08T19:00:01+00:00\",\"breadcrumb\":{\"@id\":\"https:\/\/jornalfatosenoticias.com.br\/index.php\/2022\/12\/08\/pmv-assina-ordem-de-servico-para-botao-do-panico-nas-unidades-de-ensino\/#breadcrumb\"},\"inLanguage\":\"pt-BR\",\"potentialAction\":[{\"@type\":\"ReadAction\",\"target\":[\"https:\/\/jornalfatosenoticias.com.br\/index.php\/2022\/12\/08\/pmv-assina-ordem-de-servico-para-botao-do-panico-nas-unidades-de-ensino\/\"]}]},{\"@type\":\"ImageObject\",\"inLanguage\":\"pt-BR\",\"@id\":\"https:\/\/jornalfatosenoticias.com.br\/index.php\/2022\/12\/08\/pmv-assina-ordem-de-servico-para-botao-do-panico-nas-unidades-de-ensino\/#primaryimage\",\"url\":\"https:\/\/jornalfatosenoticias.com.br\/wp-content\/uploads\/2022\/12\/botao-do-panico-nas-unidades-de-ensino-de-vitoria.jpg\",\"contentUrl\":\"https:\/\/jornalfatosenoticias.com.br\/wp-content\/uploads\/2022\/12\/botao-do-panico-nas-unidades-de-ensino-de-vitoria.jpg\",\"width\":700,\"height\":469,\"caption\":\"Assinatura da Ordem de Fornecimento do Bot\u00e3o P\u00e2nico\"},{\"@type\":\"BreadcrumbList\",\"@id\":\"https:\/\/jornalfatosenoticias.com.br\/index.php\/2022\/12\/08\/pmv-assina-ordem-de-servico-para-botao-do-panico-nas-unidades-de-ensino\/#breadcrumb\",\"itemListElement\":[{\"@type\":\"ListItem\",\"position\":1,\"name\":\"In\u00edcio\",\"item\":\"https:\/\/jornalfatosenoticias.com.br\/\"},{\"@type\":\"ListItem\",\"position\":2,\"name\":\"PMV assina ordem de servi\u00e7o para bot\u00e3o do p\u00e2nico nas unidades de ensino\"}]},{\"@type\":\"WebSite\",\"@id\":\"https:\/\/jornalfatosenoticias.com.br\/#website\",\"url\":\"https:\/\/jornalfatosenoticias.com.br\/\",\"name\":\"Jornal Fatos e Not\u00edcias\",\"description\":\"Not\u00edcias em geral\",\"publisher\":{\"@id\":\"https:\/\/jornalfatosenoticias.com.br\/#organization\"},\"potentialAction\":[{\"@type\":\"SearchAction\",\"target\":{\"@type\":\"EntryPoint\",\"urlTemplate\":\"https:\/\/jornalfatosenoticias.com.br\/?s={search_term_string}\"},\"query-input\":{\"@type\":\"PropertyValueSpecification\",\"valueRequired\":true,\"valueName\":\"search_term_string\"}}],\"inLanguage\":\"pt-BR\"},{\"@type\":\"Organization\",\"@id\":\"https:\/\/jornalfatosenoticias.com.br\/#organization\",\"name\":\"Jornal Fatos e Not\u00edcias\",\"url\":\"https:\/\/jornalfatosenoticias.com.br\/\",\"logo\":{\"@type\":\"ImageObject\",\"inLanguage\":\"pt-BR\",\"@id\":\"https:\/\/jornalfatosenoticias.com.br\/#\/schema\/logo\/image\/\",\"url\":\"https:\/\/jornalfatosenoticias.com.br\/wp-content\/uploads\/2020\/02\/logo120.png\",\"contentUrl\":\"https:\/\/jornalfatosenoticias.com.br\/wp-content\/uploads\/2020\/02\/logo120.png\",\"width\":1227,\"height\":120,\"caption\":\"Jornal Fatos e Not\u00edcias\"},\"image\":{\"@id\":\"https:\/\/jornalfatosenoticias.com.br\/#\/schema\/logo\/image\/\"}},{\"@type\":\"Person\",\"@id\":\"https:\/\/jornalfatosenoticias.com.br\/#\/schema\/person\/d63837fa13ac8666eb9e74e0985d6f81\",\"name\":\"Luzimara Fernandes\",\"image\":{\"@type\":\"ImageObject\",\"inLanguage\":\"pt-BR\",\"@id\":\"https:\/\/jornalfatosenoticias.com.br\/#\/schema\/person\/image\/\",\"url\":\"https:\/\/jornalfatosenoticias.com.br\/wp-content\/uploads\/2025\/05\/EU_portal.jpg\",\"contentUrl\":\"https:\/\/jornalfatosenoticias.com.br\/wp-content\/uploads\/2025\/05\/EU_portal.jpg\",\"caption\":\"Luzimara Fernandes\"},\"description\":\"Jornalista MTB 2358-ES\",\"sameAs\":[\"https:\/\/jornalfatosenoticias.com.br\"],\"url\":\"https:\/\/jornalfatosenoticias.com.br\/index.php\/author\/luzimara\/\"}]}<\/script>\n<!-- \/ Yoast SEO plugin. -->","yoast_head_json":{"title":"PMV assina ordem de servi\u00e7o para bot\u00e3o do p\u00e2nico nas unidades de ensino - Jornal Fatos e Not\u00edcias","robots":{"index":"index","follow":"follow","max-snippet":"max-snippet:-1","max-image-preview":"max-image-preview:large","max-video-preview":"max-video-preview:-1"},"canonical":"https:\/\/jornalfatosenoticias.com.br\/index.php\/2022\/12\/08\/pmv-assina-ordem-de-servico-para-botao-do-panico-nas-unidades-de-ensino\/","og_locale":"pt_BR","og_type":"article","og_title":"PMV assina ordem de servi\u00e7o para bot\u00e3o do p\u00e2nico nas unidades de ensino - Jornal Fatos e Not\u00edcias","og_description":"Para garantir maior seguran\u00e7a e tranquilidade a estudantes e profissionais da rede municipal de ensino, a Prefeitura de Vit\u00f3ria, por meio da Secretaria de Educa\u00e7\u00e3o (Seme), assinou a ordem de servi\u00e7o para loca\u00e7\u00e3o de dispositivos de seguran\u00e7a preventiva por meio de tecnologia GPS, conhecido como bot\u00e3o do p\u00e2nico, bem como para a manuten\u00e7\u00e3o da plataforma [&hellip;]","og_url":"https:\/\/jornalfatosenoticias.com.br\/index.php\/2022\/12\/08\/pmv-assina-ordem-de-servico-para-botao-do-panico-nas-unidades-de-ensino\/","og_site_name":"Jornal Fatos e Not\u00edcias","article_published_time":"2022-12-08T18:59:59+00:00","article_modified_time":"2022-12-08T19:00:01+00:00","og_image":[{"width":700,"height":469,"url":"https:\/\/jornalfatosenoticias.com.br\/wp-content\/uploads\/2022\/12\/botao-do-panico-nas-unidades-de-ensino-de-vitoria.jpg","type":"image\/jpeg"}],"author":"Luzimara Fernandes","twitter_card":"summary_large_image","twitter_misc":{"Escrito por":"Luzimara Fernandes","Est. tempo de leitura":"6 minutos"},"schema":{"@context":"https:\/\/schema.org","@graph":[{"@type":"Article","@id":"https:\/\/jornalfatosenoticias.com.br\/index.php\/2022\/12\/08\/pmv-assina-ordem-de-servico-para-botao-do-panico-nas-unidades-de-ensino\/#article","isPartOf":{"@id":"https:\/\/jornalfatosenoticias.com.br\/index.php\/2022\/12\/08\/pmv-assina-ordem-de-servico-para-botao-do-panico-nas-unidades-de-ensino\/"},"author":{"name":"Luzimara Fernandes","@id":"https:\/\/jornalfatosenoticias.com.br\/#\/schema\/person\/d63837fa13ac8666eb9e74e0985d6f81"},"headline":"PMV assina ordem de servi\u00e7o para bot\u00e3o do p\u00e2nico nas unidades de ensino","datePublished":"2022-12-08T18:59:59+00:00","dateModified":"2022-12-08T19:00:01+00:00","mainEntityOfPage":{"@id":"https:\/\/jornalfatosenoticias.com.br\/index.php\/2022\/12\/08\/pmv-assina-ordem-de-servico-para-botao-do-panico-nas-unidades-de-ensino\/"},"wordCount":1131,"commentCount":0,"publisher":{"@id":"https:\/\/jornalfatosenoticias.com.br\/#organization"},"image":{"@id":"https:\/\/jornalfatosenoticias.com.br\/index.php\/2022\/12\/08\/pmv-assina-ordem-de-servico-para-botao-do-panico-nas-unidades-de-ensino\/#primaryimage"},"thumbnailUrl":"https:\/\/jornalfatosenoticias.com.br\/wp-content\/uploads\/2022\/12\/botao-do-panico-nas-unidades-de-ensino-de-vitoria.jpg","keywords":["bot\u00e3o do p\u00e2nico","escolas de Vit\u00f3ria","seguran\u00e7a","unidades de ensino"],"articleSection":["Geral"],"inLanguage":"pt-BR","potentialAction":[{"@type":"CommentAction","name":"Comment","target":["https:\/\/jornalfatosenoticias.com.br\/index.php\/2022\/12\/08\/pmv-assina-ordem-de-servico-para-botao-do-panico-nas-unidades-de-ensino\/#respond"]}]},{"@type":"WebPage","@id":"https:\/\/jornalfatosenoticias.com.br\/index.php\/2022\/12\/08\/pmv-assina-ordem-de-servico-para-botao-do-panico-nas-unidades-de-ensino\/","url":"https:\/\/jornalfatosenoticias.com.br\/index.php\/2022\/12\/08\/pmv-assina-ordem-de-servico-para-botao-do-panico-nas-unidades-de-ensino\/","name":"PMV assina ordem de servi\u00e7o para bot\u00e3o do p\u00e2nico nas unidades de ensino - Jornal Fatos e Not\u00edcias","isPartOf":{"@id":"https:\/\/jornalfatosenoticias.com.br\/#website"},"primaryImageOfPage":{"@id":"https:\/\/jornalfatosenoticias.com.br\/index.php\/2022\/12\/08\/pmv-assina-ordem-de-servico-para-botao-do-panico-nas-unidades-de-ensino\/#primaryimage"},"image":{"@id":"https:\/\/jornalfatosenoticias.com.br\/index.php\/2022\/12\/08\/pmv-assina-ordem-de-servico-para-botao-do-panico-nas-unidades-de-ensino\/#primaryimage"},"thumbnailUrl":"https:\/\/jornalfatosenoticias.com.br\/wp-content\/uploads\/2022\/12\/botao-do-panico-nas-unidades-de-ensino-de-vitoria.jpg","datePublished":"2022-12-08T18:59:59+00:00","dateModified":"2022-12-08T19:00:01+00:00","breadcrumb":{"@id":"https:\/\/jornalfatosenoticias.com.br\/index.php\/2022\/12\/08\/pmv-assina-ordem-de-servico-para-botao-do-panico-nas-unidades-de-ensino\/#breadcrumb"},"inLanguage":"pt-BR","potentialAction":[{"@type":"ReadAction","target":["https:\/\/jornalfatosenoticias.com.br\/index.php\/2022\/12\/08\/pmv-assina-ordem-de-servico-para-botao-do-panico-nas-unidades-de-ensino\/"]}]},{"@type":"ImageObject","inLanguage":"pt-BR","@id":"https:\/\/jornalfatosenoticias.com.br\/index.php\/2022\/12\/08\/pmv-assina-ordem-de-servico-para-botao-do-panico-nas-unidades-de-ensino\/#primaryimage","url":"https:\/\/jornalfatosenoticias.com.br\/wp-content\/uploads\/2022\/12\/botao-do-panico-nas-unidades-de-ensino-de-vitoria.jpg","contentUrl":"https:\/\/jornalfatosenoticias.com.br\/wp-content\/uploads\/2022\/12\/botao-do-panico-nas-unidades-de-ensino-de-vitoria.jpg","width":700,"height":469,"caption":"Assinatura da Ordem de Fornecimento do Bot\u00e3o P\u00e2nico"},{"@type":"BreadcrumbList","@id":"https:\/\/jornalfatosenoticias.com.br\/index.php\/2022\/12\/08\/pmv-assina-ordem-de-servico-para-botao-do-panico-nas-unidades-de-ensino\/#breadcrumb","itemListElement":[{"@type":"ListItem","position":1,"name":"In\u00edcio","item":"https:\/\/jornalfatosenoticias.com.br\/"},{"@type":"ListItem","position":2,"name":"PMV assina ordem de servi\u00e7o para bot\u00e3o do p\u00e2nico nas unidades de ensino"}]},{"@type":"WebSite","@id":"https:\/\/jornalfatosenoticias.com.br\/#website","url":"https:\/\/jornalfatosenoticias.com.br\/","name":"Jornal Fatos e Not\u00edcias","description":"Not\u00edcias em geral","publisher":{"@id":"https:\/\/jornalfatosenoticias.com.br\/#organization"},"potentialAction":[{"@type":"SearchAction","target":{"@type":"EntryPoint","urlTemplate":"https:\/\/jornalfatosenoticias.com.br\/?s={search_term_string}"},"query-input":{"@type":"PropertyValueSpecification","valueRequired":true,"valueName":"search_term_string"}}],"inLanguage":"pt-BR"},{"@type":"Organization","@id":"https:\/\/jornalfatosenoticias.com.br\/#organization","name":"Jornal Fatos e Not\u00edcias","url":"https:\/\/jornalfatosenoticias.com.br\/","logo":{"@type":"ImageObject","inLanguage":"pt-BR","@id":"https:\/\/jornalfatosenoticias.com.br\/#\/schema\/logo\/image\/","url":"https:\/\/jornalfatosenoticias.com.br\/wp-content\/uploads\/2020\/02\/logo120.png","contentUrl":"https:\/\/jornalfatosenoticias.com.br\/wp-content\/uploads\/2020\/02\/logo120.png","width":1227,"height":120,"caption":"Jornal Fatos e Not\u00edcias"},"image":{"@id":"https:\/\/jornalfatosenoticias.com.br\/#\/schema\/logo\/image\/"}},{"@type":"Person","@id":"https:\/\/jornalfatosenoticias.com.br\/#\/schema\/person\/d63837fa13ac8666eb9e74e0985d6f81","name":"Luzimara Fernandes","image":{"@type":"ImageObject","inLanguage":"pt-BR","@id":"https:\/\/jornalfatosenoticias.com.br\/#\/schema\/person\/image\/","url":"https:\/\/jornalfatosenoticias.com.br\/wp-content\/uploads\/2025\/05\/EU_portal.jpg","contentUrl":"https:\/\/jornalfatosenoticias.com.br\/wp-content\/uploads\/2025\/05\/EU_portal.jpg","caption":"Luzimara Fernandes"},"description":"Jornalista MTB 2358-ES","sameAs":["https:\/\/jornalfatosenoticias.com.br"],"url":"https:\/\/jornalfatosenoticias.com.br\/index.php\/author\/luzimara\/"}]}},"cc_featured_image_caption":{"caption_text":"(Foto: Elizabeth Nader) ","source_text":"","source_url":""},"jetpack_featured_media_url":"https:\/\/jornalfatosenoticias.com.br\/wp-content\/uploads\/2022\/12\/botao-do-panico-nas-unidades-de-ensino-de-vitoria.jpg","_links":{"self":[{"href":"https:\/\/jornalfatosenoticias.com.br\/index.php\/wp-json\/wp\/v2\/posts\/36748","targetHints":{"allow":["GET"]}}],"collection":[{"href":"https:\/\/jornalfatosenoticias.com.br\/index.php\/wp-json\/wp\/v2\/posts"}],"about":[{"href":"https:\/\/jornalfatosenoticias.com.br\/index.php\/wp-json\/wp\/v2\/types\/post"}],"author":[{"embeddable":true,"href":"https:\/\/jornalfatosenoticias.com.br\/index.php\/wp-json\/wp\/v2\/users\/2"}],"replies":[{"embeddable":true,"href":"https:\/\/jornalfatosenoticias.com.br\/index.php\/wp-json\/wp\/v2\/comments?post=36748"}],"version-history":[{"count":0,"href":"https:\/\/jornalfatosenoticias.com.br\/index.php\/wp-json\/wp\/v2\/posts\/36748\/revisions"}],"wp:featuredmedia":[{"embeddable":true,"href":"https:\/\/jornalfatosenoticias.com.br\/index.php\/wp-json\/wp\/v2\/media\/36749"}],"wp:attachment":[{"href":"https:\/\/jornalfatosenoticias.com.br\/index.php\/wp-json\/wp\/v2\/media?parent=36748"}],"wp:term":[{"taxonomy":"category","embeddable":true,"href":"https:\/\/jornalfatosenoticias.com.br\/index.php\/wp-json\/wp\/v2\/categories?post=36748"},{"taxonomy":"post_tag","embeddable":true,"href":"https:\/\/jornalfatosenoticias.com.br\/index.php\/wp-json\/wp\/v2\/tags?post=36748"}],"curies":[{"name":"wp","href":"https:\/\/api.w.org\/{rel}","templated":true}]}}