{"id":36764,"date":"2022-12-09T11:38:13","date_gmt":"2022-12-09T14:38:13","guid":{"rendered":"https:\/\/jornalfatosenoticias.com.br\/?p=36764"},"modified":"2022-12-09T11:38:40","modified_gmt":"2022-12-09T14:38:40","slug":"professores-alfabetizadores-relatam-experiencia-em-portugal","status":"publish","type":"post","link":"https:\/\/jornalfatosenoticias.com.br\/index.php\/2022\/12\/09\/professores-alfabetizadores-relatam-experiencia-em-portugal\/","title":{"rendered":"Professores alfabetizadores relatam experi\u00eancia em Portugal"},"content":{"rendered":"\n<p><em><span class=\"has-inline-color has-black-color\">Educadores assistem a aulas te\u00f3ricas e pr\u00e1ticas na cidade do Porto<\/span><\/em><\/p>\n\n\n\n<div class=\"wp-block-image\"><figure class=\"aligncenter size-large\"><img loading=\"lazy\" decoding=\"async\" width=\"1024\" height=\"103\" src=\"https:\/\/jornalfatosenoticias.com.br\/wp-content\/uploads\/2022\/02\/Arte-Autoescola-Galatas_endereco_portal-1024x103.png\" alt=\"\" class=\"wp-image-27869\" srcset=\"https:\/\/jornalfatosenoticias.com.br\/wp-content\/uploads\/2022\/02\/Arte-Autoescola-Galatas_endereco_portal-1024x103.png 1024w, https:\/\/jornalfatosenoticias.com.br\/wp-content\/uploads\/2022\/02\/Arte-Autoescola-Galatas_endereco_portal-300x30.png 300w, https:\/\/jornalfatosenoticias.com.br\/wp-content\/uploads\/2022\/02\/Arte-Autoescola-Galatas_endereco_portal-768x77.png 768w, https:\/\/jornalfatosenoticias.com.br\/wp-content\/uploads\/2022\/02\/Arte-Autoescola-Galatas_endereco_portal.png 1223w\" sizes=\"auto, (max-width: 1024px) 100vw, 1024px\" \/><\/figure><\/div>\n\n\n\n<p>Passado um m\u00eas de capacita\u00e7\u00e3o em Portugal, 100 professores de alfabetiza\u00e7\u00e3o brasileiros continuam numa movimentada rotina que alia teoria e pr\u00e1tica na cidade do Porto. Em sua experi\u00eancia refletem sobre o aprendizado e j\u00e1 projetam sua atua\u00e7\u00e3o como disseminadores dos conhecimentos adquiridos. Ser\u00e3o, ao todo, seis semanas de atividades em Portugal. O grupo segue por l\u00e1 at\u00e9 o pr\u00f3ximo dia 16.<\/p>\n\n\n\n<div class=\"wp-block-image\"><figure class=\"aligncenter size-large\"><img decoding=\"async\" src=\"https:\/\/jornalfatosenoticias.com.br\/wp-content\/uploads\/2020\/02\/barao-das-carnes-300x164-1.jpg\" alt=\"\" class=\"wp-image-34339\"\/><\/figure><\/div>\n\n\n\n<p>A rotina inclui capacita\u00e7\u00e3o pr\u00e1tica no Instituto Polit\u00e9cnico do Porto pela manh\u00e3, aulas te\u00f3ricas na Universidade do Porto \u00e0 tarde e tutoria \u00e0 noite, para aperfei\u00e7oar os projetos de interven\u00e7\u00e3o. <\/p>\n\n\n\n<div class=\"wp-block-image\"><figure class=\"aligncenter size-large\"><img decoding=\"async\" src=\"https:\/\/jornalfatosenoticias.com.br\/wp-content\/uploads\/2020\/02\/logo_esteio.jpg\" alt=\"\" class=\"wp-image-1214\"\/><\/figure><\/div>\n\n\n\n<figure class=\"wp-block-pullquote\"><blockquote><p><span class=\"has-inline-color has-luminous-vivid-orange-color\">\u00c9 uma experi\u00eancia valiosa conhecer como funciona a educa\u00e7\u00e3o nas cidades portuguesas e aperfei\u00e7oar minha forma\u00e7\u00e3o para melhorar os \u00edndices e os resultados da aprendizagem dos meus alunos\u201d, diz Sabrina Henz, professora em Teut\u00f4nia (RS).<\/span><\/p><\/blockquote><\/figure>\n\n\n\n<p>Victor Moraes, professor em S\u00e3o Paulo, vai al\u00e9m e faz uma reflex\u00e3o sobre o ensino naquele pa\u00eds. <\/p>\n\n\n\n<div class=\"wp-block-image\"><figure class=\"aligncenter size-large\"><img loading=\"lazy\" decoding=\"async\" width=\"300\" height=\"250\" src=\"https:\/\/jornalfatosenoticias.com.br\/wp-content\/uploads\/2022\/08\/arte-Casarao.jpg\" alt=\"\" class=\"wp-image-33178\"\/><\/figure><\/div>\n\n\n\n<figure class=\"wp-block-pullquote\"><blockquote><p><span class=\"has-inline-color has-luminous-vivid-orange-color\">O mais interessante \u00e9 que a proposta de Portugal deixa claro qual \u00e9 o prop\u00f3sito principal do ensino nas s\u00e9ries iniciais, que \u00e9 primeiro fazer com que essa crian\u00e7a leia com flu\u00eancia, para que depois ela comece a interpretar e ler de maneira mais interpretativa\u201d, afirma.<\/span><\/p><\/blockquote><\/figure>\n\n\n\n<div class=\"wp-block-image\"><figure class=\"alignright size-large is-resized\"><img loading=\"lazy\" decoding=\"async\" src=\"https:\/\/jornalfatosenoticias.com.br\/wp-content\/uploads\/2020\/02\/casa-do-torresmo_portal.jpg\" alt=\"\" class=\"wp-image-34472\" width=\"272\" height=\"272\" srcset=\"https:\/\/jornalfatosenoticias.com.br\/wp-content\/uploads\/2020\/02\/casa-do-torresmo_portal.jpg 300w, https:\/\/jornalfatosenoticias.com.br\/wp-content\/uploads\/2020\/02\/casa-do-torresmo_portal-150x150.jpg 150w\" sizes=\"auto, (max-width: 272px) 100vw, 272px\" \/><\/figure><\/div>\n\n\n\n<p>J\u00e1 Ant\u00f4nia Maric\u00e9lia Barros, educadora em Santana do Cariri (CE), classifica a alfabetiza\u00e7\u00e3o como \u201calgo muito, muit\u00edssimo, s\u00e9rio\u201d e afirma que o curso \u201ctem sido uma grande experi\u00eancia\u201d. Para ela, o fato de as aulas reunirem gente de todo o Pa\u00eds \u00e9 um adicional. \u201cO curso junta todos os \u2018Brasis\u2019 em um s\u00f3 canto. E eu digo Brasis porque s\u00e3o muitas as experi\u00eancias, muitos os relatos, muitos os ensinamentos\u201d, afirma.<br>Os professores dever\u00e3o difundir os conhecimentos no Brasil. Viviane Soares, de Paranhos (MS), j\u00e1 imagina como ser\u00e1 sua atua\u00e7\u00e3o no retorno ao Pa\u00eds. <\/p>\n\n\n\n<div class=\"wp-block-image\"><figure class=\"aligncenter size-large is-resized\"><img loading=\"lazy\" decoding=\"async\" src=\"https:\/\/jornalfatosenoticias.com.br\/wp-content\/uploads\/2020\/02\/nova-logo-Marquetti.jpg\" alt=\"\" class=\"wp-image-22331\" width=\"275\" height=\"185\" srcset=\"https:\/\/jornalfatosenoticias.com.br\/wp-content\/uploads\/2020\/02\/nova-logo-Marquetti.jpg 643w, https:\/\/jornalfatosenoticias.com.br\/wp-content\/uploads\/2020\/02\/nova-logo-Marquetti-300x202.jpg 300w\" sizes=\"auto, (max-width: 275px) 100vw, 275px\" \/><\/figure><\/div>\n\n\n\n<figure class=\"wp-block-pullquote\"><blockquote><p><span class=\"has-inline-color has-luminous-vivid-orange-color\">Espero chegar ao meu munic\u00edpio e poder compartilhar isso com os professores, com os educadores, para que esse conhecimento chegue at\u00e9 as crian\u00e7as, chegue at\u00e9 a sala de aula, melhorando a qualidade do ensino. Esse \u00e9 o nosso grande objetivo\u201d, diz.<\/span><\/p><\/blockquote><\/figure>\n\n\n\n<div class=\"wp-block-image\"><figure class=\"alignleft size-large is-resized\"><img loading=\"lazy\" decoding=\"async\" src=\"https:\/\/jornalfatosenoticias.com.br\/wp-content\/uploads\/2020\/02\/logo-clinica-limoeiro.jpg\" alt=\"\" class=\"wp-image-34610\" width=\"309\" height=\"219\"\/><\/figure><\/div>\n\n\n\n<p><strong><span class=\"has-inline-color has-vivid-cyan-blue-color\">Sobre o Programa<br><\/span><\/strong>O Programa de Desenvolvimento Profissional de Professores Alfabetizadores em Portugal \u00e9 uma parceria entre a CAPES, a Secretaria de Alfabetiza\u00e7\u00e3o (Sealf) do Minist\u00e9rio da Educa\u00e7\u00e3o (MEC) e duas institui\u00e7\u00f5es portuguesas: Universidade do Porto e Instituto Polit\u00e9cnico do Porto. O edital veio complementar as iniciativas promovidas com o Projeto ABC: o curso on-line \u2014 que conta com 260 mil inscritos \u2014 e a publica\u00e7\u00e3o dos Manuais ABC e ABC na Pr\u00e1tica, dispon\u00edveis gratuitamente no site do MEC.<\/p>\n\n\n\n<div class=\"wp-block-image\"><figure class=\"aligncenter size-large\"><img decoding=\"async\" src=\"https:\/\/jornalfatosenoticias.com.br\/wp-content\/uploads\/2020\/02\/Serra-Grande-1024x160.png\" alt=\"\" class=\"wp-image-7836\"\/><\/figure><\/div>\n\n\n\n<p><strong><em>Fonte: <a href=\"https:\/\/www.gov.br\/capes\/pt-br\/assuntos\/noticias\/professores-alfabetizadores-relatam-experiencia-em-portugal#:~:text=Passado%20um%20m%C3%AAs%20de%20capacita%C3%A7%C3%A3o,como%20disseminadores%20dos%20conhecimentos%20adquiridos.\">Capes<\/a><\/em><\/strong><\/p>\n","protected":false},"excerpt":{"rendered":"<p>Educadores assistem a aulas te\u00f3ricas e pr\u00e1ticas na cidade do Porto Passado um m\u00eas de capacita\u00e7\u00e3o em Portugal, 100 professores de alfabetiza\u00e7\u00e3o brasileiros continuam numa movimentada rotina que alia teoria e pr\u00e1tica na cidade do Porto. Em sua experi\u00eancia refletem sobre o aprendizado e j\u00e1 projetam sua atua\u00e7\u00e3o como disseminadores dos conhecimentos adquiridos. Ser\u00e3o, ao [&hellip;]<\/p>\n","protected":false},"author":2,"featured_media":36765,"comment_status":"open","ping_status":"open","sticky":false,"template":"","format":"standard","meta":{"footnotes":""},"categories":[7],"tags":[3821,324,17261,7874,411,640],"class_list":["post-36764","post","type-post","status-publish","format-standard","has-post-thumbnail","hentry","category-educacao","tag-alfabetizacao","tag-capes","tag-cidade-do-porto","tag-curso-abc","tag-educacao-basica","tag-portugal"],"yoast_head":"<!-- This site is optimized with the Yoast SEO plugin v26.5 - https:\/\/yoast.com\/wordpress\/plugins\/seo\/ -->\n<title>Professores alfabetizadores relatam experi\u00eancia em Portugal - Jornal Fatos e Not\u00edcias<\/title>\n<meta name=\"robots\" content=\"index, follow, max-snippet:-1, max-image-preview:large, max-video-preview:-1\" \/>\n<link rel=\"canonical\" href=\"https:\/\/jornalfatosenoticias.com.br\/index.php\/2022\/12\/09\/professores-alfabetizadores-relatam-experiencia-em-portugal\/\" \/>\n<meta property=\"og:locale\" content=\"pt_BR\" \/>\n<meta property=\"og:type\" content=\"article\" \/>\n<meta property=\"og:title\" content=\"Professores alfabetizadores relatam experi\u00eancia em Portugal - Jornal Fatos e Not\u00edcias\" \/>\n<meta property=\"og:description\" content=\"Educadores assistem a aulas te\u00f3ricas e pr\u00e1ticas na cidade do Porto Passado um m\u00eas de capacita\u00e7\u00e3o em Portugal, 100 professores de alfabetiza\u00e7\u00e3o brasileiros continuam numa movimentada rotina que alia teoria e pr\u00e1tica na cidade do Porto. Em sua experi\u00eancia refletem sobre o aprendizado e j\u00e1 projetam sua atua\u00e7\u00e3o como disseminadores dos conhecimentos adquiridos. Ser\u00e3o, ao [&hellip;]\" \/>\n<meta property=\"og:url\" content=\"https:\/\/jornalfatosenoticias.com.br\/index.php\/2022\/12\/09\/professores-alfabetizadores-relatam-experiencia-em-portugal\/\" \/>\n<meta property=\"og:site_name\" content=\"Jornal Fatos e Not\u00edcias\" \/>\n<meta property=\"article:published_time\" content=\"2022-12-09T14:38:13+00:00\" \/>\n<meta property=\"article:modified_time\" content=\"2022-12-09T14:38:40+00:00\" \/>\n<meta property=\"og:image\" content=\"https:\/\/jornalfatosenoticias.com.br\/wp-content\/uploads\/2022\/12\/Professores-alfabetizadores-relatam-experiencia-em-Portugal.jpg\" \/>\n\t<meta property=\"og:image:width\" content=\"1000\" \/>\n\t<meta property=\"og:image:height\" content=\"591\" \/>\n\t<meta property=\"og:image:type\" content=\"image\/jpeg\" \/>\n<meta name=\"author\" content=\"Luzimara Fernandes\" \/>\n<meta name=\"twitter:card\" content=\"summary_large_image\" \/>\n<meta name=\"twitter:label1\" content=\"Escrito por\" \/>\n\t<meta name=\"twitter:data1\" content=\"Luzimara Fernandes\" \/>\n\t<meta name=\"twitter:label2\" content=\"Est. tempo de leitura\" \/>\n\t<meta name=\"twitter:data2\" content=\"2 minutos\" \/>\n<script type=\"application\/ld+json\" class=\"yoast-schema-graph\">{\"@context\":\"https:\/\/schema.org\",\"@graph\":[{\"@type\":\"Article\",\"@id\":\"https:\/\/jornalfatosenoticias.com.br\/index.php\/2022\/12\/09\/professores-alfabetizadores-relatam-experiencia-em-portugal\/#article\",\"isPartOf\":{\"@id\":\"https:\/\/jornalfatosenoticias.com.br\/index.php\/2022\/12\/09\/professores-alfabetizadores-relatam-experiencia-em-portugal\/\"},\"author\":{\"name\":\"Luzimara Fernandes\",\"@id\":\"https:\/\/jornalfatosenoticias.com.br\/#\/schema\/person\/d63837fa13ac8666eb9e74e0985d6f81\"},\"headline\":\"Professores alfabetizadores relatam experi\u00eancia em Portugal\",\"datePublished\":\"2022-12-09T14:38:13+00:00\",\"dateModified\":\"2022-12-09T14:38:40+00:00\",\"mainEntityOfPage\":{\"@id\":\"https:\/\/jornalfatosenoticias.com.br\/index.php\/2022\/12\/09\/professores-alfabetizadores-relatam-experiencia-em-portugal\/\"},\"wordCount\":459,\"commentCount\":0,\"publisher\":{\"@id\":\"https:\/\/jornalfatosenoticias.com.br\/#organization\"},\"image\":{\"@id\":\"https:\/\/jornalfatosenoticias.com.br\/index.php\/2022\/12\/09\/professores-alfabetizadores-relatam-experiencia-em-portugal\/#primaryimage\"},\"thumbnailUrl\":\"https:\/\/jornalfatosenoticias.com.br\/wp-content\/uploads\/2022\/12\/Professores-alfabetizadores-relatam-experiencia-em-Portugal.jpg\",\"keywords\":[\"alfabetiza\u00e7\u00e3o\",\"Capes\",\"Cidade do Porto\",\"Curso ABC\",\"educa\u00e7\u00e3o b\u00e1sica\",\"Portugal\"],\"articleSection\":[\"Educa\u00e7\u00e3o\"],\"inLanguage\":\"pt-BR\",\"potentialAction\":[{\"@type\":\"CommentAction\",\"name\":\"Comment\",\"target\":[\"https:\/\/jornalfatosenoticias.com.br\/index.php\/2022\/12\/09\/professores-alfabetizadores-relatam-experiencia-em-portugal\/#respond\"]}]},{\"@type\":\"WebPage\",\"@id\":\"https:\/\/jornalfatosenoticias.com.br\/index.php\/2022\/12\/09\/professores-alfabetizadores-relatam-experiencia-em-portugal\/\",\"url\":\"https:\/\/jornalfatosenoticias.com.br\/index.php\/2022\/12\/09\/professores-alfabetizadores-relatam-experiencia-em-portugal\/\",\"name\":\"Professores alfabetizadores relatam experi\u00eancia em Portugal - Jornal Fatos e Not\u00edcias\",\"isPartOf\":{\"@id\":\"https:\/\/jornalfatosenoticias.com.br\/#website\"},\"primaryImageOfPage\":{\"@id\":\"https:\/\/jornalfatosenoticias.com.br\/index.php\/2022\/12\/09\/professores-alfabetizadores-relatam-experiencia-em-portugal\/#primaryimage\"},\"image\":{\"@id\":\"https:\/\/jornalfatosenoticias.com.br\/index.php\/2022\/12\/09\/professores-alfabetizadores-relatam-experiencia-em-portugal\/#primaryimage\"},\"thumbnailUrl\":\"https:\/\/jornalfatosenoticias.com.br\/wp-content\/uploads\/2022\/12\/Professores-alfabetizadores-relatam-experiencia-em-Portugal.jpg\",\"datePublished\":\"2022-12-09T14:38:13+00:00\",\"dateModified\":\"2022-12-09T14:38:40+00:00\",\"breadcrumb\":{\"@id\":\"https:\/\/jornalfatosenoticias.com.br\/index.php\/2022\/12\/09\/professores-alfabetizadores-relatam-experiencia-em-portugal\/#breadcrumb\"},\"inLanguage\":\"pt-BR\",\"potentialAction\":[{\"@type\":\"ReadAction\",\"target\":[\"https:\/\/jornalfatosenoticias.com.br\/index.php\/2022\/12\/09\/professores-alfabetizadores-relatam-experiencia-em-portugal\/\"]}]},{\"@type\":\"ImageObject\",\"inLanguage\":\"pt-BR\",\"@id\":\"https:\/\/jornalfatosenoticias.com.br\/index.php\/2022\/12\/09\/professores-alfabetizadores-relatam-experiencia-em-portugal\/#primaryimage\",\"url\":\"https:\/\/jornalfatosenoticias.com.br\/wp-content\/uploads\/2022\/12\/Professores-alfabetizadores-relatam-experiencia-em-Portugal.jpg\",\"contentUrl\":\"https:\/\/jornalfatosenoticias.com.br\/wp-content\/uploads\/2022\/12\/Professores-alfabetizadores-relatam-experiencia-em-Portugal.jpg\",\"width\":1000,\"height\":591},{\"@type\":\"BreadcrumbList\",\"@id\":\"https:\/\/jornalfatosenoticias.com.br\/index.php\/2022\/12\/09\/professores-alfabetizadores-relatam-experiencia-em-portugal\/#breadcrumb\",\"itemListElement\":[{\"@type\":\"ListItem\",\"position\":1,\"name\":\"In\u00edcio\",\"item\":\"https:\/\/jornalfatosenoticias.com.br\/\"},{\"@type\":\"ListItem\",\"position\":2,\"name\":\"Professores alfabetizadores relatam experi\u00eancia em Portugal\"}]},{\"@type\":\"WebSite\",\"@id\":\"https:\/\/jornalfatosenoticias.com.br\/#website\",\"url\":\"https:\/\/jornalfatosenoticias.com.br\/\",\"name\":\"Jornal Fatos e Not\u00edcias\",\"description\":\"Not\u00edcias em geral\",\"publisher\":{\"@id\":\"https:\/\/jornalfatosenoticias.com.br\/#organization\"},\"potentialAction\":[{\"@type\":\"SearchAction\",\"target\":{\"@type\":\"EntryPoint\",\"urlTemplate\":\"https:\/\/jornalfatosenoticias.com.br\/?s={search_term_string}\"},\"query-input\":{\"@type\":\"PropertyValueSpecification\",\"valueRequired\":true,\"valueName\":\"search_term_string\"}}],\"inLanguage\":\"pt-BR\"},{\"@type\":\"Organization\",\"@id\":\"https:\/\/jornalfatosenoticias.com.br\/#organization\",\"name\":\"Jornal Fatos e Not\u00edcias\",\"url\":\"https:\/\/jornalfatosenoticias.com.br\/\",\"logo\":{\"@type\":\"ImageObject\",\"inLanguage\":\"pt-BR\",\"@id\":\"https:\/\/jornalfatosenoticias.com.br\/#\/schema\/logo\/image\/\",\"url\":\"https:\/\/jornalfatosenoticias.com.br\/wp-content\/uploads\/2020\/02\/logo120.png\",\"contentUrl\":\"https:\/\/jornalfatosenoticias.com.br\/wp-content\/uploads\/2020\/02\/logo120.png\",\"width\":1227,\"height\":120,\"caption\":\"Jornal Fatos e Not\u00edcias\"},\"image\":{\"@id\":\"https:\/\/jornalfatosenoticias.com.br\/#\/schema\/logo\/image\/\"}},{\"@type\":\"Person\",\"@id\":\"https:\/\/jornalfatosenoticias.com.br\/#\/schema\/person\/d63837fa13ac8666eb9e74e0985d6f81\",\"name\":\"Luzimara Fernandes\",\"image\":{\"@type\":\"ImageObject\",\"inLanguage\":\"pt-BR\",\"@id\":\"https:\/\/jornalfatosenoticias.com.br\/#\/schema\/person\/image\/\",\"url\":\"https:\/\/jornalfatosenoticias.com.br\/wp-content\/uploads\/2025\/05\/EU_portal.jpg\",\"contentUrl\":\"https:\/\/jornalfatosenoticias.com.br\/wp-content\/uploads\/2025\/05\/EU_portal.jpg\",\"caption\":\"Luzimara Fernandes\"},\"description\":\"Jornalista MTB 2358-ES\",\"sameAs\":[\"https:\/\/jornalfatosenoticias.com.br\"],\"url\":\"https:\/\/jornalfatosenoticias.com.br\/index.php\/author\/luzimara\/\"}]}<\/script>\n<!-- \/ Yoast SEO plugin. -->","yoast_head_json":{"title":"Professores alfabetizadores relatam experi\u00eancia em Portugal - Jornal Fatos e Not\u00edcias","robots":{"index":"index","follow":"follow","max-snippet":"max-snippet:-1","max-image-preview":"max-image-preview:large","max-video-preview":"max-video-preview:-1"},"canonical":"https:\/\/jornalfatosenoticias.com.br\/index.php\/2022\/12\/09\/professores-alfabetizadores-relatam-experiencia-em-portugal\/","og_locale":"pt_BR","og_type":"article","og_title":"Professores alfabetizadores relatam experi\u00eancia em Portugal - Jornal Fatos e Not\u00edcias","og_description":"Educadores assistem a aulas te\u00f3ricas e pr\u00e1ticas na cidade do Porto Passado um m\u00eas de capacita\u00e7\u00e3o em Portugal, 100 professores de alfabetiza\u00e7\u00e3o brasileiros continuam numa movimentada rotina que alia teoria e pr\u00e1tica na cidade do Porto. Em sua experi\u00eancia refletem sobre o aprendizado e j\u00e1 projetam sua atua\u00e7\u00e3o como disseminadores dos conhecimentos adquiridos. Ser\u00e3o, ao [&hellip;]","og_url":"https:\/\/jornalfatosenoticias.com.br\/index.php\/2022\/12\/09\/professores-alfabetizadores-relatam-experiencia-em-portugal\/","og_site_name":"Jornal Fatos e Not\u00edcias","article_published_time":"2022-12-09T14:38:13+00:00","article_modified_time":"2022-12-09T14:38:40+00:00","og_image":[{"width":1000,"height":591,"url":"https:\/\/jornalfatosenoticias.com.br\/wp-content\/uploads\/2022\/12\/Professores-alfabetizadores-relatam-experiencia-em-Portugal.jpg","type":"image\/jpeg"}],"author":"Luzimara Fernandes","twitter_card":"summary_large_image","twitter_misc":{"Escrito por":"Luzimara Fernandes","Est. tempo de leitura":"2 minutos"},"schema":{"@context":"https:\/\/schema.org","@graph":[{"@type":"Article","@id":"https:\/\/jornalfatosenoticias.com.br\/index.php\/2022\/12\/09\/professores-alfabetizadores-relatam-experiencia-em-portugal\/#article","isPartOf":{"@id":"https:\/\/jornalfatosenoticias.com.br\/index.php\/2022\/12\/09\/professores-alfabetizadores-relatam-experiencia-em-portugal\/"},"author":{"name":"Luzimara Fernandes","@id":"https:\/\/jornalfatosenoticias.com.br\/#\/schema\/person\/d63837fa13ac8666eb9e74e0985d6f81"},"headline":"Professores alfabetizadores relatam experi\u00eancia em Portugal","datePublished":"2022-12-09T14:38:13+00:00","dateModified":"2022-12-09T14:38:40+00:00","mainEntityOfPage":{"@id":"https:\/\/jornalfatosenoticias.com.br\/index.php\/2022\/12\/09\/professores-alfabetizadores-relatam-experiencia-em-portugal\/"},"wordCount":459,"commentCount":0,"publisher":{"@id":"https:\/\/jornalfatosenoticias.com.br\/#organization"},"image":{"@id":"https:\/\/jornalfatosenoticias.com.br\/index.php\/2022\/12\/09\/professores-alfabetizadores-relatam-experiencia-em-portugal\/#primaryimage"},"thumbnailUrl":"https:\/\/jornalfatosenoticias.com.br\/wp-content\/uploads\/2022\/12\/Professores-alfabetizadores-relatam-experiencia-em-Portugal.jpg","keywords":["alfabetiza\u00e7\u00e3o","Capes","Cidade do Porto","Curso ABC","educa\u00e7\u00e3o b\u00e1sica","Portugal"],"articleSection":["Educa\u00e7\u00e3o"],"inLanguage":"pt-BR","potentialAction":[{"@type":"CommentAction","name":"Comment","target":["https:\/\/jornalfatosenoticias.com.br\/index.php\/2022\/12\/09\/professores-alfabetizadores-relatam-experiencia-em-portugal\/#respond"]}]},{"@type":"WebPage","@id":"https:\/\/jornalfatosenoticias.com.br\/index.php\/2022\/12\/09\/professores-alfabetizadores-relatam-experiencia-em-portugal\/","url":"https:\/\/jornalfatosenoticias.com.br\/index.php\/2022\/12\/09\/professores-alfabetizadores-relatam-experiencia-em-portugal\/","name":"Professores alfabetizadores relatam experi\u00eancia em Portugal - Jornal Fatos e Not\u00edcias","isPartOf":{"@id":"https:\/\/jornalfatosenoticias.com.br\/#website"},"primaryImageOfPage":{"@id":"https:\/\/jornalfatosenoticias.com.br\/index.php\/2022\/12\/09\/professores-alfabetizadores-relatam-experiencia-em-portugal\/#primaryimage"},"image":{"@id":"https:\/\/jornalfatosenoticias.com.br\/index.php\/2022\/12\/09\/professores-alfabetizadores-relatam-experiencia-em-portugal\/#primaryimage"},"thumbnailUrl":"https:\/\/jornalfatosenoticias.com.br\/wp-content\/uploads\/2022\/12\/Professores-alfabetizadores-relatam-experiencia-em-Portugal.jpg","datePublished":"2022-12-09T14:38:13+00:00","dateModified":"2022-12-09T14:38:40+00:00","breadcrumb":{"@id":"https:\/\/jornalfatosenoticias.com.br\/index.php\/2022\/12\/09\/professores-alfabetizadores-relatam-experiencia-em-portugal\/#breadcrumb"},"inLanguage":"pt-BR","potentialAction":[{"@type":"ReadAction","target":["https:\/\/jornalfatosenoticias.com.br\/index.php\/2022\/12\/09\/professores-alfabetizadores-relatam-experiencia-em-portugal\/"]}]},{"@type":"ImageObject","inLanguage":"pt-BR","@id":"https:\/\/jornalfatosenoticias.com.br\/index.php\/2022\/12\/09\/professores-alfabetizadores-relatam-experiencia-em-portugal\/#primaryimage","url":"https:\/\/jornalfatosenoticias.com.br\/wp-content\/uploads\/2022\/12\/Professores-alfabetizadores-relatam-experiencia-em-Portugal.jpg","contentUrl":"https:\/\/jornalfatosenoticias.com.br\/wp-content\/uploads\/2022\/12\/Professores-alfabetizadores-relatam-experiencia-em-Portugal.jpg","width":1000,"height":591},{"@type":"BreadcrumbList","@id":"https:\/\/jornalfatosenoticias.com.br\/index.php\/2022\/12\/09\/professores-alfabetizadores-relatam-experiencia-em-portugal\/#breadcrumb","itemListElement":[{"@type":"ListItem","position":1,"name":"In\u00edcio","item":"https:\/\/jornalfatosenoticias.com.br\/"},{"@type":"ListItem","position":2,"name":"Professores alfabetizadores relatam experi\u00eancia em Portugal"}]},{"@type":"WebSite","@id":"https:\/\/jornalfatosenoticias.com.br\/#website","url":"https:\/\/jornalfatosenoticias.com.br\/","name":"Jornal Fatos e Not\u00edcias","description":"Not\u00edcias em geral","publisher":{"@id":"https:\/\/jornalfatosenoticias.com.br\/#organization"},"potentialAction":[{"@type":"SearchAction","target":{"@type":"EntryPoint","urlTemplate":"https:\/\/jornalfatosenoticias.com.br\/?s={search_term_string}"},"query-input":{"@type":"PropertyValueSpecification","valueRequired":true,"valueName":"search_term_string"}}],"inLanguage":"pt-BR"},{"@type":"Organization","@id":"https:\/\/jornalfatosenoticias.com.br\/#organization","name":"Jornal Fatos e Not\u00edcias","url":"https:\/\/jornalfatosenoticias.com.br\/","logo":{"@type":"ImageObject","inLanguage":"pt-BR","@id":"https:\/\/jornalfatosenoticias.com.br\/#\/schema\/logo\/image\/","url":"https:\/\/jornalfatosenoticias.com.br\/wp-content\/uploads\/2020\/02\/logo120.png","contentUrl":"https:\/\/jornalfatosenoticias.com.br\/wp-content\/uploads\/2020\/02\/logo120.png","width":1227,"height":120,"caption":"Jornal Fatos e Not\u00edcias"},"image":{"@id":"https:\/\/jornalfatosenoticias.com.br\/#\/schema\/logo\/image\/"}},{"@type":"Person","@id":"https:\/\/jornalfatosenoticias.com.br\/#\/schema\/person\/d63837fa13ac8666eb9e74e0985d6f81","name":"Luzimara Fernandes","image":{"@type":"ImageObject","inLanguage":"pt-BR","@id":"https:\/\/jornalfatosenoticias.com.br\/#\/schema\/person\/image\/","url":"https:\/\/jornalfatosenoticias.com.br\/wp-content\/uploads\/2025\/05\/EU_portal.jpg","contentUrl":"https:\/\/jornalfatosenoticias.com.br\/wp-content\/uploads\/2025\/05\/EU_portal.jpg","caption":"Luzimara Fernandes"},"description":"Jornalista MTB 2358-ES","sameAs":["https:\/\/jornalfatosenoticias.com.br"],"url":"https:\/\/jornalfatosenoticias.com.br\/index.php\/author\/luzimara\/"}]}},"cc_featured_image_caption":{"caption_text":"(Foto: CGCOM\/Capes) ","source_text":"","source_url":""},"jetpack_featured_media_url":"https:\/\/jornalfatosenoticias.com.br\/wp-content\/uploads\/2022\/12\/Professores-alfabetizadores-relatam-experiencia-em-Portugal.jpg","_links":{"self":[{"href":"https:\/\/jornalfatosenoticias.com.br\/index.php\/wp-json\/wp\/v2\/posts\/36764","targetHints":{"allow":["GET"]}}],"collection":[{"href":"https:\/\/jornalfatosenoticias.com.br\/index.php\/wp-json\/wp\/v2\/posts"}],"about":[{"href":"https:\/\/jornalfatosenoticias.com.br\/index.php\/wp-json\/wp\/v2\/types\/post"}],"author":[{"embeddable":true,"href":"https:\/\/jornalfatosenoticias.com.br\/index.php\/wp-json\/wp\/v2\/users\/2"}],"replies":[{"embeddable":true,"href":"https:\/\/jornalfatosenoticias.com.br\/index.php\/wp-json\/wp\/v2\/comments?post=36764"}],"version-history":[{"count":0,"href":"https:\/\/jornalfatosenoticias.com.br\/index.php\/wp-json\/wp\/v2\/posts\/36764\/revisions"}],"wp:featuredmedia":[{"embeddable":true,"href":"https:\/\/jornalfatosenoticias.com.br\/index.php\/wp-json\/wp\/v2\/media\/36765"}],"wp:attachment":[{"href":"https:\/\/jornalfatosenoticias.com.br\/index.php\/wp-json\/wp\/v2\/media?parent=36764"}],"wp:term":[{"taxonomy":"category","embeddable":true,"href":"https:\/\/jornalfatosenoticias.com.br\/index.php\/wp-json\/wp\/v2\/categories?post=36764"},{"taxonomy":"post_tag","embeddable":true,"href":"https:\/\/jornalfatosenoticias.com.br\/index.php\/wp-json\/wp\/v2\/tags?post=36764"}],"curies":[{"name":"wp","href":"https:\/\/api.w.org\/{rel}","templated":true}]}}