{"id":36870,"date":"2022-12-13T12:59:28","date_gmt":"2022-12-13T15:59:28","guid":{"rendered":"https:\/\/jornalfatosenoticias.com.br\/?p=36870"},"modified":"2022-12-13T12:59:30","modified_gmt":"2022-12-13T15:59:30","slug":"mec-lanca-estudo-sobre-mapeamento-da-adequacao-docente-no-brasil-nos-ultimos-sete-anos","status":"publish","type":"post","link":"https:\/\/jornalfatosenoticias.com.br\/index.php\/2022\/12\/13\/mec-lanca-estudo-sobre-mapeamento-da-adequacao-docente-no-brasil-nos-ultimos-sete-anos\/","title":{"rendered":"MEC lan\u00e7a estudo sobre mapeamento da adequa\u00e7\u00e3o docente no Brasil nos \u00faltimos sete anos"},"content":{"rendered":"\n<p><em><span class=\"has-inline-color has-black-color\">Estudo possibilita monitorar o n\u00edvel da forma\u00e7\u00e3o docente de 2013 a 2021 e subsidiar\u00e1 a elabora\u00e7\u00e3o de pol\u00edticas de capacita\u00e7\u00e3o e valoriza\u00e7\u00e3o de professores<\/span><\/em><\/p>\n\n\n\n<div class=\"wp-block-image\"><figure class=\"aligncenter size-large\"><img decoding=\"async\" src=\"https:\/\/jornalfatosenoticias.com.br\/wp-content\/uploads\/2020\/02\/logo-embacia-1-1024x110.jpg\" alt=\"\" class=\"wp-image-33954\"\/><\/figure><\/div>\n\n\n\n<p>O Minist\u00e9rio da Educa\u00e7\u00e3o (MEC), por meio da Secretaria de Educa\u00e7\u00e3o B\u00e1sica (SEB), em parceria com o Instituto Nacional de Estudos e Pesquisas Educacionais An\u00edsio Teixeira (Inep), lan\u00e7ou, nesta segunda-feira (12), o relat\u00f3rio Mapeamento da Adequa\u00e7\u00e3o Docente no Brasil. Esse documento apresenta particularidades do sistema educacional e da evolu\u00e7\u00e3o da forma\u00e7\u00e3o do corpo docente entre 2013 e 2021 no Pa\u00eds.<\/p>\n\n\n\n<div class=\"wp-block-image\"><figure class=\"aligncenter size-large is-resized\"><img loading=\"lazy\" decoding=\"async\" src=\"https:\/\/jornalfatosenoticias.com.br\/wp-content\/uploads\/2022\/02\/Precisao-Contabilidade-1024x724.jpg\" alt=\"\" class=\"wp-image-28088\" width=\"323\" height=\"228\"\/><\/figure><\/div>\n\n\n\n<p>O estudo, de 189 p\u00e1ginas, re\u00fane um conjunto de indicadores, mapas, tabelas e gr\u00e1ficos, dividido por regi\u00e3o, estado, munic\u00edpio, disciplina (Portugu\u00eas, Matem\u00e1tica e Ci\u00eancias, por exemplo) e \u00e1reas urbana e rural. Tamb\u00e9m traz informa\u00e7\u00f5es sobre a educa\u00e7\u00e3o infantil e os ensinos fundamental e m\u00e9dio, al\u00e9m de um contexto normativo constitucional sobre o tema.<\/p>\n\n\n\n<div class=\"wp-block-image\"><figure class=\"aligncenter size-large\"><img loading=\"lazy\" decoding=\"async\" width=\"1024\" height=\"99\" src=\"https:\/\/jornalfatosenoticias.com.br\/wp-content\/uploads\/2020\/02\/Logo-Mizu-segunda-2-1024x99.png\" alt=\"\" class=\"wp-image-2353\" srcset=\"https:\/\/jornalfatosenoticias.com.br\/wp-content\/uploads\/2020\/02\/Logo-Mizu-segunda-2-1024x99.png 1024w, https:\/\/jornalfatosenoticias.com.br\/wp-content\/uploads\/2020\/02\/Logo-Mizu-segunda-2-300x29.png 300w, https:\/\/jornalfatosenoticias.com.br\/wp-content\/uploads\/2020\/02\/Logo-Mizu-segunda-2-768x74.png 768w, https:\/\/jornalfatosenoticias.com.br\/wp-content\/uploads\/2020\/02\/Logo-Mizu-segunda-2.png 1240w\" sizes=\"auto, (max-width: 1024px) 100vw, 1024px\" \/><\/figure><\/div>\n\n\n\n<p>O secret\u00e1rio da Educa\u00e7\u00e3o B\u00e1sica, Mauro Rabelo, est\u00e1 convicto de que esse relat\u00f3rio servir\u00e1 como um guia para melhorar o desempenho dos profissionais de educa\u00e7\u00e3o. <\/p>\n\n\n\n<div class=\"wp-block-image\"><figure class=\"aligncenter size-large\"><img loading=\"lazy\" decoding=\"async\" width=\"300\" height=\"250\" src=\"https:\/\/jornalfatosenoticias.com.br\/wp-content\/uploads\/2022\/08\/arte-Casarao.jpg\" alt=\"\" class=\"wp-image-33178\"\/><\/figure><\/div>\n\n\n\n<figure class=\"wp-block-pullquote\"><blockquote><p><span class=\"has-inline-color has-luminous-vivid-orange-color\">A partir do momento que estamos apropriados dessas informa\u00e7\u00f5es como gestor, conseguimos pensar em pol\u00edticas colaborativas, integradas e mais assertivas de qualifica\u00e7\u00e3o e valoriza\u00e7\u00e3o dos professores. Afinal, um professor bem formado \u00e9 um direito dos estudantes\u201d.<\/span><\/p><\/blockquote><\/figure>\n\n\n\n<div class=\"wp-block-image\"><figure class=\"alignleft size-large\"><img decoding=\"async\" src=\"https:\/\/jornalfatosenoticias.com.br\/wp-content\/uploads\/2020\/02\/barao-das-carnes-300x164-1.jpg\" alt=\"\" class=\"wp-image-34339\"\/><\/figure><\/div>\n\n\n\n<p>O presidente do Inep, Carlos Moreno Sampaio, afirma que \u201ca institui\u00e7\u00e3o tem se empenhado para fornecer n\u00fameros e indicadores ao MEC e compil\u00e1-los para que sejam de f\u00e1cil compreens\u00e3o e visualiza\u00e7\u00e3o das mudan\u00e7as ocorridas nos \u00faltimos anos. Por isso, o monitoramento desses dados colabora para entender as peculiaridades do sistema educacional brasileiro\u201d.<\/p>\n\n\n\n<div class=\"wp-block-image\"><figure class=\"aligncenter size-large\"><img loading=\"lazy\" decoding=\"async\" width=\"1024\" height=\"100\" src=\"https:\/\/jornalfatosenoticias.com.br\/wp-content\/uploads\/2022\/05\/NOVA-LOGO-CESCONETTO-1024x100.jpg\" alt=\"\" class=\"wp-image-30792\" srcset=\"https:\/\/jornalfatosenoticias.com.br\/wp-content\/uploads\/2022\/05\/NOVA-LOGO-CESCONETTO-1024x100.jpg 1024w, https:\/\/jornalfatosenoticias.com.br\/wp-content\/uploads\/2022\/05\/NOVA-LOGO-CESCONETTO-300x29.jpg 300w, https:\/\/jornalfatosenoticias.com.br\/wp-content\/uploads\/2022\/05\/NOVA-LOGO-CESCONETTO-768x75.jpg 768w, https:\/\/jornalfatosenoticias.com.br\/wp-content\/uploads\/2022\/05\/NOVA-LOGO-CESCONETTO.jpg 1280w\" sizes=\"auto, (max-width: 1024px) 100vw, 1024px\" \/><\/figure><\/div>\n\n\n\n<p>A forma\u00e7\u00e3o do professor como agente de mudan\u00e7a \u00e9 um importante indicador associado \u00e0 qualidade de ensino e ao desempenho dos estudantes. A converg\u00eancia entre a \u00e1rea de forma\u00e7\u00e3o e o campo de atua\u00e7\u00e3o desse docente est\u00e1 ratificada na meta 15 do Plano Nacional de Educa\u00e7\u00e3o (PNE), que assegura que os professores da \u201ceduca\u00e7\u00e3o b\u00e1sica possuam forma\u00e7\u00e3o espec\u00edfica de n\u00edvel superior\u201d.<\/p>\n\n\n\n<div class=\"wp-block-image\"><figure class=\"aligncenter size-large is-resized\"><img loading=\"lazy\" decoding=\"async\" src=\"https:\/\/jornalfatosenoticias.com.br\/wp-content\/uploads\/2020\/02\/logo-clinica-limoeiro.jpg\" alt=\"\" class=\"wp-image-34610\" width=\"285\" height=\"202\"\/><\/figure><\/div>\n\n\n\n<p>De acordo com o relat\u00f3rio, por exemplo, o percentual de professores da rede p\u00fablica no Brasil com forma\u00e7\u00e3o superior era de 85% na educa\u00e7\u00e3o infantil, 92% no ensino fundamental e 97% no ensino m\u00e9dio em 2021. Em compara\u00e7\u00e3o aos dados de 2013, o percentual de professores com ensino superior no Brasil havia crescido apenas 27% na educa\u00e7\u00e3o infantil, 15% no ensino fundamental e 4% no ensino m\u00e9dio.<\/p>\n\n\n\n<div class=\"wp-block-image\"><figure class=\"aligncenter size-large\"><img loading=\"lazy\" decoding=\"async\" width=\"1024\" height=\"103\" src=\"https:\/\/jornalfatosenoticias.com.br\/wp-content\/uploads\/2022\/02\/Arte-Autoescola-Galatas_endereco_portal-1024x103.png\" alt=\"\" class=\"wp-image-27869\" srcset=\"https:\/\/jornalfatosenoticias.com.br\/wp-content\/uploads\/2022\/02\/Arte-Autoescola-Galatas_endereco_portal-1024x103.png 1024w, https:\/\/jornalfatosenoticias.com.br\/wp-content\/uploads\/2022\/02\/Arte-Autoescola-Galatas_endereco_portal-300x30.png 300w, https:\/\/jornalfatosenoticias.com.br\/wp-content\/uploads\/2022\/02\/Arte-Autoescola-Galatas_endereco_portal-768x77.png 768w, https:\/\/jornalfatosenoticias.com.br\/wp-content\/uploads\/2022\/02\/Arte-Autoescola-Galatas_endereco_portal.png 1223w\" sizes=\"auto, (max-width: 1024px) 100vw, 1024px\" \/><\/figure><\/div>\n\n\n\n<p>A expectativa do MEC \u00e9 de lan\u00e7ar, futuramente, esse monitoramento dos indicadores de maneira eletr\u00f4nica, atualizada bienal ou anualmente.<\/p>\n\n\n\n<div class=\"wp-block-image\"><figure class=\"aligncenter size-large\"><img decoding=\"async\" src=\"https:\/\/jornalfatosenoticias.com.br\/wp-content\/uploads\/2020\/02\/logo_esteio.jpg\" alt=\"\" class=\"wp-image-1214\"\/><\/figure><\/div>\n\n\n\n<p>Para acessar o relat\u00f3rio,\u00a0<a href=\"https:\/\/www.gov.br\/mec\/pt-br\/programas-e-acoes\/MapeamentodaAdequaoDocentenoBrasil_111220221_compressed.pdf\" target=\"_blank\" rel=\"noreferrer noopener\">clique aqui.<\/a><\/p>\n\n\n\n<p><strong><em>Fonte: <a href=\"https:\/\/www.gov.br\/mec\/pt-br\/assuntos\/noticias\/mec-lanca-estudo-sobre-mapeamento-da-adequacao-docente-no-brasil-nos-ultimos-sete-anos\">MEC<\/a><\/em><\/strong><\/p>\n","protected":false},"excerpt":{"rendered":"<p>Estudo possibilita monitorar o n\u00edvel da forma\u00e7\u00e3o docente de 2013 a 2021 e subsidiar\u00e1 a elabora\u00e7\u00e3o de pol\u00edticas de capacita\u00e7\u00e3o e valoriza\u00e7\u00e3o de professores O Minist\u00e9rio da Educa\u00e7\u00e3o (MEC), por meio da Secretaria de Educa\u00e7\u00e3o B\u00e1sica (SEB), em parceria com o Instituto Nacional de Estudos e Pesquisas Educacionais An\u00edsio Teixeira (Inep), lan\u00e7ou, nesta segunda-feira (12), [&hellip;]<\/p>\n","protected":false},"author":2,"featured_media":36871,"comment_status":"open","ping_status":"open","sticky":false,"template":"","format":"standard","meta":{"footnotes":""},"categories":[7],"tags":[17313,9588,13206,283,17314],"class_list":["post-36870","post","type-post","status-publish","format-standard","has-post-thumbnail","hentry","category-educacao","tag-adequacao-docente-no-brasil","tag-capacitacao-de-professores","tag-mapeamento","tag-mec","tag-valorizacao-de-professores"],"yoast_head":"<!-- This site is optimized with the Yoast SEO plugin v26.5 - https:\/\/yoast.com\/wordpress\/plugins\/seo\/ -->\n<title>MEC lan\u00e7a estudo sobre mapeamento da adequa\u00e7\u00e3o docente no Brasil nos \u00faltimos sete anos - Jornal Fatos e Not\u00edcias<\/title>\n<meta name=\"robots\" content=\"index, follow, max-snippet:-1, max-image-preview:large, max-video-preview:-1\" \/>\n<link rel=\"canonical\" href=\"https:\/\/jornalfatosenoticias.com.br\/index.php\/2022\/12\/13\/mec-lanca-estudo-sobre-mapeamento-da-adequacao-docente-no-brasil-nos-ultimos-sete-anos\/\" \/>\n<meta property=\"og:locale\" content=\"pt_BR\" \/>\n<meta property=\"og:type\" content=\"article\" \/>\n<meta property=\"og:title\" content=\"MEC lan\u00e7a estudo sobre mapeamento da adequa\u00e7\u00e3o docente no Brasil nos \u00faltimos sete anos - Jornal Fatos e Not\u00edcias\" \/>\n<meta property=\"og:description\" content=\"Estudo possibilita monitorar o n\u00edvel da forma\u00e7\u00e3o docente de 2013 a 2021 e subsidiar\u00e1 a elabora\u00e7\u00e3o de pol\u00edticas de capacita\u00e7\u00e3o e valoriza\u00e7\u00e3o de professores O Minist\u00e9rio da Educa\u00e7\u00e3o (MEC), por meio da Secretaria de Educa\u00e7\u00e3o B\u00e1sica (SEB), em parceria com o Instituto Nacional de Estudos e Pesquisas Educacionais An\u00edsio Teixeira (Inep), lan\u00e7ou, nesta segunda-feira (12), [&hellip;]\" \/>\n<meta property=\"og:url\" content=\"https:\/\/jornalfatosenoticias.com.br\/index.php\/2022\/12\/13\/mec-lanca-estudo-sobre-mapeamento-da-adequacao-docente-no-brasil-nos-ultimos-sete-anos\/\" \/>\n<meta property=\"og:site_name\" content=\"Jornal Fatos e Not\u00edcias\" \/>\n<meta property=\"article:published_time\" content=\"2022-12-13T15:59:28+00:00\" \/>\n<meta property=\"article:modified_time\" content=\"2022-12-13T15:59:30+00:00\" \/>\n<meta property=\"og:image\" content=\"https:\/\/jornalfatosenoticias.com.br\/wp-content\/uploads\/2022\/12\/adequacao-docente-no-Brasil.jpg\" \/>\n\t<meta property=\"og:image:width\" content=\"1000\" \/>\n\t<meta property=\"og:image:height\" content=\"666\" \/>\n\t<meta property=\"og:image:type\" content=\"image\/jpeg\" \/>\n<meta name=\"author\" content=\"Luzimara Fernandes\" \/>\n<meta name=\"twitter:card\" content=\"summary_large_image\" \/>\n<meta name=\"twitter:label1\" content=\"Escrito por\" \/>\n\t<meta name=\"twitter:data1\" content=\"Luzimara Fernandes\" \/>\n\t<meta name=\"twitter:label2\" content=\"Est. tempo de leitura\" \/>\n\t<meta name=\"twitter:data2\" content=\"2 minutos\" \/>\n<script type=\"application\/ld+json\" class=\"yoast-schema-graph\">{\"@context\":\"https:\/\/schema.org\",\"@graph\":[{\"@type\":\"Article\",\"@id\":\"https:\/\/jornalfatosenoticias.com.br\/index.php\/2022\/12\/13\/mec-lanca-estudo-sobre-mapeamento-da-adequacao-docente-no-brasil-nos-ultimos-sete-anos\/#article\",\"isPartOf\":{\"@id\":\"https:\/\/jornalfatosenoticias.com.br\/index.php\/2022\/12\/13\/mec-lanca-estudo-sobre-mapeamento-da-adequacao-docente-no-brasil-nos-ultimos-sete-anos\/\"},\"author\":{\"name\":\"Luzimara Fernandes\",\"@id\":\"https:\/\/jornalfatosenoticias.com.br\/#\/schema\/person\/d63837fa13ac8666eb9e74e0985d6f81\"},\"headline\":\"MEC lan\u00e7a estudo sobre mapeamento da adequa\u00e7\u00e3o docente no Brasil nos \u00faltimos sete anos\",\"datePublished\":\"2022-12-13T15:59:28+00:00\",\"dateModified\":\"2022-12-13T15:59:30+00:00\",\"mainEntityOfPage\":{\"@id\":\"https:\/\/jornalfatosenoticias.com.br\/index.php\/2022\/12\/13\/mec-lanca-estudo-sobre-mapeamento-da-adequacao-docente-no-brasil-nos-ultimos-sete-anos\/\"},\"wordCount\":470,\"commentCount\":0,\"publisher\":{\"@id\":\"https:\/\/jornalfatosenoticias.com.br\/#organization\"},\"image\":{\"@id\":\"https:\/\/jornalfatosenoticias.com.br\/index.php\/2022\/12\/13\/mec-lanca-estudo-sobre-mapeamento-da-adequacao-docente-no-brasil-nos-ultimos-sete-anos\/#primaryimage\"},\"thumbnailUrl\":\"https:\/\/jornalfatosenoticias.com.br\/wp-content\/uploads\/2022\/12\/adequacao-docente-no-Brasil.jpg\",\"keywords\":[\"adequa\u00e7\u00e3o docente no Brasil\",\"capacita\u00e7\u00e3o de professores\",\"mapeamento\",\"MEC\",\"valoriza\u00e7\u00e3o de professores\"],\"articleSection\":[\"Educa\u00e7\u00e3o\"],\"inLanguage\":\"pt-BR\",\"potentialAction\":[{\"@type\":\"CommentAction\",\"name\":\"Comment\",\"target\":[\"https:\/\/jornalfatosenoticias.com.br\/index.php\/2022\/12\/13\/mec-lanca-estudo-sobre-mapeamento-da-adequacao-docente-no-brasil-nos-ultimos-sete-anos\/#respond\"]}]},{\"@type\":\"WebPage\",\"@id\":\"https:\/\/jornalfatosenoticias.com.br\/index.php\/2022\/12\/13\/mec-lanca-estudo-sobre-mapeamento-da-adequacao-docente-no-brasil-nos-ultimos-sete-anos\/\",\"url\":\"https:\/\/jornalfatosenoticias.com.br\/index.php\/2022\/12\/13\/mec-lanca-estudo-sobre-mapeamento-da-adequacao-docente-no-brasil-nos-ultimos-sete-anos\/\",\"name\":\"MEC lan\u00e7a estudo sobre mapeamento da adequa\u00e7\u00e3o docente no Brasil nos \u00faltimos sete anos - Jornal Fatos e Not\u00edcias\",\"isPartOf\":{\"@id\":\"https:\/\/jornalfatosenoticias.com.br\/#website\"},\"primaryImageOfPage\":{\"@id\":\"https:\/\/jornalfatosenoticias.com.br\/index.php\/2022\/12\/13\/mec-lanca-estudo-sobre-mapeamento-da-adequacao-docente-no-brasil-nos-ultimos-sete-anos\/#primaryimage\"},\"image\":{\"@id\":\"https:\/\/jornalfatosenoticias.com.br\/index.php\/2022\/12\/13\/mec-lanca-estudo-sobre-mapeamento-da-adequacao-docente-no-brasil-nos-ultimos-sete-anos\/#primaryimage\"},\"thumbnailUrl\":\"https:\/\/jornalfatosenoticias.com.br\/wp-content\/uploads\/2022\/12\/adequacao-docente-no-Brasil.jpg\",\"datePublished\":\"2022-12-13T15:59:28+00:00\",\"dateModified\":\"2022-12-13T15:59:30+00:00\",\"breadcrumb\":{\"@id\":\"https:\/\/jornalfatosenoticias.com.br\/index.php\/2022\/12\/13\/mec-lanca-estudo-sobre-mapeamento-da-adequacao-docente-no-brasil-nos-ultimos-sete-anos\/#breadcrumb\"},\"inLanguage\":\"pt-BR\",\"potentialAction\":[{\"@type\":\"ReadAction\",\"target\":[\"https:\/\/jornalfatosenoticias.com.br\/index.php\/2022\/12\/13\/mec-lanca-estudo-sobre-mapeamento-da-adequacao-docente-no-brasil-nos-ultimos-sete-anos\/\"]}]},{\"@type\":\"ImageObject\",\"inLanguage\":\"pt-BR\",\"@id\":\"https:\/\/jornalfatosenoticias.com.br\/index.php\/2022\/12\/13\/mec-lanca-estudo-sobre-mapeamento-da-adequacao-docente-no-brasil-nos-ultimos-sete-anos\/#primaryimage\",\"url\":\"https:\/\/jornalfatosenoticias.com.br\/wp-content\/uploads\/2022\/12\/adequacao-docente-no-Brasil.jpg\",\"contentUrl\":\"https:\/\/jornalfatosenoticias.com.br\/wp-content\/uploads\/2022\/12\/adequacao-docente-no-Brasil.jpg\",\"width\":1000,\"height\":666},{\"@type\":\"BreadcrumbList\",\"@id\":\"https:\/\/jornalfatosenoticias.com.br\/index.php\/2022\/12\/13\/mec-lanca-estudo-sobre-mapeamento-da-adequacao-docente-no-brasil-nos-ultimos-sete-anos\/#breadcrumb\",\"itemListElement\":[{\"@type\":\"ListItem\",\"position\":1,\"name\":\"In\u00edcio\",\"item\":\"https:\/\/jornalfatosenoticias.com.br\/\"},{\"@type\":\"ListItem\",\"position\":2,\"name\":\"MEC lan\u00e7a estudo sobre mapeamento da adequa\u00e7\u00e3o docente no Brasil nos \u00faltimos sete anos\"}]},{\"@type\":\"WebSite\",\"@id\":\"https:\/\/jornalfatosenoticias.com.br\/#website\",\"url\":\"https:\/\/jornalfatosenoticias.com.br\/\",\"name\":\"Jornal Fatos e Not\u00edcias\",\"description\":\"Not\u00edcias em geral\",\"publisher\":{\"@id\":\"https:\/\/jornalfatosenoticias.com.br\/#organization\"},\"potentialAction\":[{\"@type\":\"SearchAction\",\"target\":{\"@type\":\"EntryPoint\",\"urlTemplate\":\"https:\/\/jornalfatosenoticias.com.br\/?s={search_term_string}\"},\"query-input\":{\"@type\":\"PropertyValueSpecification\",\"valueRequired\":true,\"valueName\":\"search_term_string\"}}],\"inLanguage\":\"pt-BR\"},{\"@type\":\"Organization\",\"@id\":\"https:\/\/jornalfatosenoticias.com.br\/#organization\",\"name\":\"Jornal Fatos e Not\u00edcias\",\"url\":\"https:\/\/jornalfatosenoticias.com.br\/\",\"logo\":{\"@type\":\"ImageObject\",\"inLanguage\":\"pt-BR\",\"@id\":\"https:\/\/jornalfatosenoticias.com.br\/#\/schema\/logo\/image\/\",\"url\":\"https:\/\/jornalfatosenoticias.com.br\/wp-content\/uploads\/2020\/02\/logo120.png\",\"contentUrl\":\"https:\/\/jornalfatosenoticias.com.br\/wp-content\/uploads\/2020\/02\/logo120.png\",\"width\":1227,\"height\":120,\"caption\":\"Jornal Fatos e Not\u00edcias\"},\"image\":{\"@id\":\"https:\/\/jornalfatosenoticias.com.br\/#\/schema\/logo\/image\/\"}},{\"@type\":\"Person\",\"@id\":\"https:\/\/jornalfatosenoticias.com.br\/#\/schema\/person\/d63837fa13ac8666eb9e74e0985d6f81\",\"name\":\"Luzimara Fernandes\",\"image\":{\"@type\":\"ImageObject\",\"inLanguage\":\"pt-BR\",\"@id\":\"https:\/\/jornalfatosenoticias.com.br\/#\/schema\/person\/image\/\",\"url\":\"https:\/\/jornalfatosenoticias.com.br\/wp-content\/uploads\/2025\/05\/EU_portal.jpg\",\"contentUrl\":\"https:\/\/jornalfatosenoticias.com.br\/wp-content\/uploads\/2025\/05\/EU_portal.jpg\",\"caption\":\"Luzimara Fernandes\"},\"description\":\"Jornalista MTB 2358-ES\",\"sameAs\":[\"https:\/\/jornalfatosenoticias.com.br\"],\"url\":\"https:\/\/jornalfatosenoticias.com.br\/index.php\/author\/luzimara\/\"}]}<\/script>\n<!-- \/ Yoast SEO plugin. -->","yoast_head_json":{"title":"MEC lan\u00e7a estudo sobre mapeamento da adequa\u00e7\u00e3o docente no Brasil nos \u00faltimos sete anos - Jornal Fatos e Not\u00edcias","robots":{"index":"index","follow":"follow","max-snippet":"max-snippet:-1","max-image-preview":"max-image-preview:large","max-video-preview":"max-video-preview:-1"},"canonical":"https:\/\/jornalfatosenoticias.com.br\/index.php\/2022\/12\/13\/mec-lanca-estudo-sobre-mapeamento-da-adequacao-docente-no-brasil-nos-ultimos-sete-anos\/","og_locale":"pt_BR","og_type":"article","og_title":"MEC lan\u00e7a estudo sobre mapeamento da adequa\u00e7\u00e3o docente no Brasil nos \u00faltimos sete anos - Jornal Fatos e Not\u00edcias","og_description":"Estudo possibilita monitorar o n\u00edvel da forma\u00e7\u00e3o docente de 2013 a 2021 e subsidiar\u00e1 a elabora\u00e7\u00e3o de pol\u00edticas de capacita\u00e7\u00e3o e valoriza\u00e7\u00e3o de professores O Minist\u00e9rio da Educa\u00e7\u00e3o (MEC), por meio da Secretaria de Educa\u00e7\u00e3o B\u00e1sica (SEB), em parceria com o Instituto Nacional de Estudos e Pesquisas Educacionais An\u00edsio Teixeira (Inep), lan\u00e7ou, nesta segunda-feira (12), [&hellip;]","og_url":"https:\/\/jornalfatosenoticias.com.br\/index.php\/2022\/12\/13\/mec-lanca-estudo-sobre-mapeamento-da-adequacao-docente-no-brasil-nos-ultimos-sete-anos\/","og_site_name":"Jornal Fatos e Not\u00edcias","article_published_time":"2022-12-13T15:59:28+00:00","article_modified_time":"2022-12-13T15:59:30+00:00","og_image":[{"width":1000,"height":666,"url":"https:\/\/jornalfatosenoticias.com.br\/wp-content\/uploads\/2022\/12\/adequacao-docente-no-Brasil.jpg","type":"image\/jpeg"}],"author":"Luzimara Fernandes","twitter_card":"summary_large_image","twitter_misc":{"Escrito por":"Luzimara Fernandes","Est. tempo de leitura":"2 minutos"},"schema":{"@context":"https:\/\/schema.org","@graph":[{"@type":"Article","@id":"https:\/\/jornalfatosenoticias.com.br\/index.php\/2022\/12\/13\/mec-lanca-estudo-sobre-mapeamento-da-adequacao-docente-no-brasil-nos-ultimos-sete-anos\/#article","isPartOf":{"@id":"https:\/\/jornalfatosenoticias.com.br\/index.php\/2022\/12\/13\/mec-lanca-estudo-sobre-mapeamento-da-adequacao-docente-no-brasil-nos-ultimos-sete-anos\/"},"author":{"name":"Luzimara Fernandes","@id":"https:\/\/jornalfatosenoticias.com.br\/#\/schema\/person\/d63837fa13ac8666eb9e74e0985d6f81"},"headline":"MEC lan\u00e7a estudo sobre mapeamento da adequa\u00e7\u00e3o docente no Brasil nos \u00faltimos sete anos","datePublished":"2022-12-13T15:59:28+00:00","dateModified":"2022-12-13T15:59:30+00:00","mainEntityOfPage":{"@id":"https:\/\/jornalfatosenoticias.com.br\/index.php\/2022\/12\/13\/mec-lanca-estudo-sobre-mapeamento-da-adequacao-docente-no-brasil-nos-ultimos-sete-anos\/"},"wordCount":470,"commentCount":0,"publisher":{"@id":"https:\/\/jornalfatosenoticias.com.br\/#organization"},"image":{"@id":"https:\/\/jornalfatosenoticias.com.br\/index.php\/2022\/12\/13\/mec-lanca-estudo-sobre-mapeamento-da-adequacao-docente-no-brasil-nos-ultimos-sete-anos\/#primaryimage"},"thumbnailUrl":"https:\/\/jornalfatosenoticias.com.br\/wp-content\/uploads\/2022\/12\/adequacao-docente-no-Brasil.jpg","keywords":["adequa\u00e7\u00e3o docente no Brasil","capacita\u00e7\u00e3o de professores","mapeamento","MEC","valoriza\u00e7\u00e3o de professores"],"articleSection":["Educa\u00e7\u00e3o"],"inLanguage":"pt-BR","potentialAction":[{"@type":"CommentAction","name":"Comment","target":["https:\/\/jornalfatosenoticias.com.br\/index.php\/2022\/12\/13\/mec-lanca-estudo-sobre-mapeamento-da-adequacao-docente-no-brasil-nos-ultimos-sete-anos\/#respond"]}]},{"@type":"WebPage","@id":"https:\/\/jornalfatosenoticias.com.br\/index.php\/2022\/12\/13\/mec-lanca-estudo-sobre-mapeamento-da-adequacao-docente-no-brasil-nos-ultimos-sete-anos\/","url":"https:\/\/jornalfatosenoticias.com.br\/index.php\/2022\/12\/13\/mec-lanca-estudo-sobre-mapeamento-da-adequacao-docente-no-brasil-nos-ultimos-sete-anos\/","name":"MEC lan\u00e7a estudo sobre mapeamento da adequa\u00e7\u00e3o docente no Brasil nos \u00faltimos sete anos - Jornal Fatos e Not\u00edcias","isPartOf":{"@id":"https:\/\/jornalfatosenoticias.com.br\/#website"},"primaryImageOfPage":{"@id":"https:\/\/jornalfatosenoticias.com.br\/index.php\/2022\/12\/13\/mec-lanca-estudo-sobre-mapeamento-da-adequacao-docente-no-brasil-nos-ultimos-sete-anos\/#primaryimage"},"image":{"@id":"https:\/\/jornalfatosenoticias.com.br\/index.php\/2022\/12\/13\/mec-lanca-estudo-sobre-mapeamento-da-adequacao-docente-no-brasil-nos-ultimos-sete-anos\/#primaryimage"},"thumbnailUrl":"https:\/\/jornalfatosenoticias.com.br\/wp-content\/uploads\/2022\/12\/adequacao-docente-no-Brasil.jpg","datePublished":"2022-12-13T15:59:28+00:00","dateModified":"2022-12-13T15:59:30+00:00","breadcrumb":{"@id":"https:\/\/jornalfatosenoticias.com.br\/index.php\/2022\/12\/13\/mec-lanca-estudo-sobre-mapeamento-da-adequacao-docente-no-brasil-nos-ultimos-sete-anos\/#breadcrumb"},"inLanguage":"pt-BR","potentialAction":[{"@type":"ReadAction","target":["https:\/\/jornalfatosenoticias.com.br\/index.php\/2022\/12\/13\/mec-lanca-estudo-sobre-mapeamento-da-adequacao-docente-no-brasil-nos-ultimos-sete-anos\/"]}]},{"@type":"ImageObject","inLanguage":"pt-BR","@id":"https:\/\/jornalfatosenoticias.com.br\/index.php\/2022\/12\/13\/mec-lanca-estudo-sobre-mapeamento-da-adequacao-docente-no-brasil-nos-ultimos-sete-anos\/#primaryimage","url":"https:\/\/jornalfatosenoticias.com.br\/wp-content\/uploads\/2022\/12\/adequacao-docente-no-Brasil.jpg","contentUrl":"https:\/\/jornalfatosenoticias.com.br\/wp-content\/uploads\/2022\/12\/adequacao-docente-no-Brasil.jpg","width":1000,"height":666},{"@type":"BreadcrumbList","@id":"https:\/\/jornalfatosenoticias.com.br\/index.php\/2022\/12\/13\/mec-lanca-estudo-sobre-mapeamento-da-adequacao-docente-no-brasil-nos-ultimos-sete-anos\/#breadcrumb","itemListElement":[{"@type":"ListItem","position":1,"name":"In\u00edcio","item":"https:\/\/jornalfatosenoticias.com.br\/"},{"@type":"ListItem","position":2,"name":"MEC lan\u00e7a estudo sobre mapeamento da adequa\u00e7\u00e3o docente no Brasil nos \u00faltimos sete anos"}]},{"@type":"WebSite","@id":"https:\/\/jornalfatosenoticias.com.br\/#website","url":"https:\/\/jornalfatosenoticias.com.br\/","name":"Jornal Fatos e Not\u00edcias","description":"Not\u00edcias em geral","publisher":{"@id":"https:\/\/jornalfatosenoticias.com.br\/#organization"},"potentialAction":[{"@type":"SearchAction","target":{"@type":"EntryPoint","urlTemplate":"https:\/\/jornalfatosenoticias.com.br\/?s={search_term_string}"},"query-input":{"@type":"PropertyValueSpecification","valueRequired":true,"valueName":"search_term_string"}}],"inLanguage":"pt-BR"},{"@type":"Organization","@id":"https:\/\/jornalfatosenoticias.com.br\/#organization","name":"Jornal Fatos e Not\u00edcias","url":"https:\/\/jornalfatosenoticias.com.br\/","logo":{"@type":"ImageObject","inLanguage":"pt-BR","@id":"https:\/\/jornalfatosenoticias.com.br\/#\/schema\/logo\/image\/","url":"https:\/\/jornalfatosenoticias.com.br\/wp-content\/uploads\/2020\/02\/logo120.png","contentUrl":"https:\/\/jornalfatosenoticias.com.br\/wp-content\/uploads\/2020\/02\/logo120.png","width":1227,"height":120,"caption":"Jornal Fatos e Not\u00edcias"},"image":{"@id":"https:\/\/jornalfatosenoticias.com.br\/#\/schema\/logo\/image\/"}},{"@type":"Person","@id":"https:\/\/jornalfatosenoticias.com.br\/#\/schema\/person\/d63837fa13ac8666eb9e74e0985d6f81","name":"Luzimara Fernandes","image":{"@type":"ImageObject","inLanguage":"pt-BR","@id":"https:\/\/jornalfatosenoticias.com.br\/#\/schema\/person\/image\/","url":"https:\/\/jornalfatosenoticias.com.br\/wp-content\/uploads\/2025\/05\/EU_portal.jpg","contentUrl":"https:\/\/jornalfatosenoticias.com.br\/wp-content\/uploads\/2025\/05\/EU_portal.jpg","caption":"Luzimara Fernandes"},"description":"Jornalista MTB 2358-ES","sameAs":["https:\/\/jornalfatosenoticias.com.br"],"url":"https:\/\/jornalfatosenoticias.com.br\/index.php\/author\/luzimara\/"}]}},"cc_featured_image_caption":{"caption_text":"(Foto: Diogo Moreira\/A2img)","source_text":"","source_url":""},"jetpack_featured_media_url":"https:\/\/jornalfatosenoticias.com.br\/wp-content\/uploads\/2022\/12\/adequacao-docente-no-Brasil.jpg","_links":{"self":[{"href":"https:\/\/jornalfatosenoticias.com.br\/index.php\/wp-json\/wp\/v2\/posts\/36870","targetHints":{"allow":["GET"]}}],"collection":[{"href":"https:\/\/jornalfatosenoticias.com.br\/index.php\/wp-json\/wp\/v2\/posts"}],"about":[{"href":"https:\/\/jornalfatosenoticias.com.br\/index.php\/wp-json\/wp\/v2\/types\/post"}],"author":[{"embeddable":true,"href":"https:\/\/jornalfatosenoticias.com.br\/index.php\/wp-json\/wp\/v2\/users\/2"}],"replies":[{"embeddable":true,"href":"https:\/\/jornalfatosenoticias.com.br\/index.php\/wp-json\/wp\/v2\/comments?post=36870"}],"version-history":[{"count":0,"href":"https:\/\/jornalfatosenoticias.com.br\/index.php\/wp-json\/wp\/v2\/posts\/36870\/revisions"}],"wp:featuredmedia":[{"embeddable":true,"href":"https:\/\/jornalfatosenoticias.com.br\/index.php\/wp-json\/wp\/v2\/media\/36871"}],"wp:attachment":[{"href":"https:\/\/jornalfatosenoticias.com.br\/index.php\/wp-json\/wp\/v2\/media?parent=36870"}],"wp:term":[{"taxonomy":"category","embeddable":true,"href":"https:\/\/jornalfatosenoticias.com.br\/index.php\/wp-json\/wp\/v2\/categories?post=36870"},{"taxonomy":"post_tag","embeddable":true,"href":"https:\/\/jornalfatosenoticias.com.br\/index.php\/wp-json\/wp\/v2\/tags?post=36870"}],"curies":[{"name":"wp","href":"https:\/\/api.w.org\/{rel}","templated":true}]}}