{"id":36874,"date":"2022-12-13T13:30:34","date_gmt":"2022-12-13T16:30:34","guid":{"rendered":"https:\/\/jornalfatosenoticias.com.br\/?p=36874"},"modified":"2022-12-13T13:30:36","modified_gmt":"2022-12-13T16:30:36","slug":"mobilidade-urbana-desafios-e-ideias-sustentaveis","status":"publish","type":"post","link":"https:\/\/jornalfatosenoticias.com.br\/index.php\/2022\/12\/13\/mobilidade-urbana-desafios-e-ideias-sustentaveis\/","title":{"rendered":"Mobilidade urbana: desafios e ideias sustent\u00e1veis"},"content":{"rendered":"\n<p><em><span class=\"has-inline-color has-black-color\">Mobilidade urbana \u00e9 uma atividade essencial para a sociedade<\/span><\/em><\/p>\n\n\n\n<div class=\"wp-block-image\"><figure class=\"aligncenter size-large\"><img loading=\"lazy\" decoding=\"async\" width=\"1024\" height=\"100\" src=\"https:\/\/jornalfatosenoticias.com.br\/wp-content\/uploads\/2020\/02\/banner_ferramentas-1024x100.jpg\" alt=\"\" class=\"wp-image-1258\" srcset=\"https:\/\/jornalfatosenoticias.com.br\/wp-content\/uploads\/2020\/02\/banner_ferramentas-1024x100.jpg 1024w, https:\/\/jornalfatosenoticias.com.br\/wp-content\/uploads\/2020\/02\/banner_ferramentas-300x29.jpg 300w, https:\/\/jornalfatosenoticias.com.br\/wp-content\/uploads\/2020\/02\/banner_ferramentas-768x75.jpg 768w, https:\/\/jornalfatosenoticias.com.br\/wp-content\/uploads\/2020\/02\/banner_ferramentas.jpg 1227w\" sizes=\"auto, (max-width: 1024px) 100vw, 1024px\" \/><\/figure><\/div>\n\n\n\n<p>A <strong>mobilidade urbana<\/strong> \u00e9 uma atividade essencial para a sociedade, j\u00e1 que se refere \u00e0 locomo\u00e7\u00e3o das pessoas entre os espa\u00e7os para atender \u00e0s suas necessidades, conceito que tem crescido cada vez mais nos \u00faltimos anos. Ela \u00e9 definida como qualquer tipo de movimento \u2014 a p\u00e9, de carro, <a href=\"https:\/\/www.ecycle.com.br\/onibus-a-hidrogenio-pode-complementar-veiculos-a-bateria-em-transiasao-para-transporte-limpo\/\">\u00f4nibus<\/a>, bicicleta, skate, cadeira de rodas, trem ou <a href=\"https:\/\/www.ecycle.com.br\/estacoes-do-metro-de-sao-paulo-recebem-descarte-de-lixo-eletroeletronico\/\">metr\u00f4<\/a> \u2014 que tenha como finalidade o deslocamento de um ponto a outro em um espa\u00e7o geogr\u00e1fico.<\/p>\n\n\n\n<div class=\"wp-block-image\"><figure class=\"alignright size-large is-resized\"><img loading=\"lazy\" decoding=\"async\" src=\"https:\/\/jornalfatosenoticias.com.br\/wp-content\/uploads\/2022\/08\/logo-locau-veiculos-1024x573.png\" alt=\"\" class=\"wp-image-33078\" width=\"336\" height=\"188\"\/><\/figure><\/div>\n\n\n\n<p><strong><span class=\"has-inline-color has-black-color\">Quais s\u00e3o os principais problemas da mobilidade urbana?<br><\/span><\/strong>Um dos grandes desafios do nosso tempo \u00e9 que a urbaniza\u00e7\u00e3o e o aumento da concentra\u00e7\u00e3o de pessoas sem o planejamento adequado inviabiliza a<strong> mobilidade urbana.<\/strong> A prefer\u00eancia pelo transporte individual e a escassez de <a href=\"https:\/\/www.ecycle.com.br\/fortaleza-tera-primeira-ciclovia-modelo-do-brasil\/\">ciclovias<\/a>\u00a0e transporte p\u00fablico nas cidades brasileiras s\u00e3o, com frequ\u00eancia, geradores de congestionamentos e\u00a0<a href=\"https:\/\/www.ecycle.com.br\/gases-do-efeito-estufa\/\">gases do efeito estufa<\/a>. Esse cen\u00e1rio afeta negativamente a qualidade de vida dos cidad\u00e3os.<\/p>\n\n\n\n<div class=\"wp-block-image\"><figure class=\"aligncenter size-large\"><img loading=\"lazy\" decoding=\"async\" width=\"560\" height=\"60\" src=\"https:\/\/jornalfatosenoticias.com.br\/wp-content\/uploads\/2022\/10\/Propaganda-RC-Radiadores-Jornal_page-0001.jpg\" alt=\"\" class=\"wp-image-35270\" srcset=\"https:\/\/jornalfatosenoticias.com.br\/wp-content\/uploads\/2022\/10\/Propaganda-RC-Radiadores-Jornal_page-0001.jpg 560w, https:\/\/jornalfatosenoticias.com.br\/wp-content\/uploads\/2022\/10\/Propaganda-RC-Radiadores-Jornal_page-0001-300x32.jpg 300w\" sizes=\"auto, (max-width: 560px) 100vw, 560px\" \/><\/figure><\/div>\n\n\n\n<p>Nesse contexto, \u00e9 preciso buscar alternativas sustent\u00e1veis e estrat\u00e9gias para enfrentar o desafio da <strong>mobilidade urbana<\/strong>. A boa not\u00edcia \u00e9 que j\u00e1 existem algumas possibilidades e exemplos a serem seguidos.<\/p>\n\n\n\n<p><strong><span class=\"has-inline-color has-black-color\">Desafios da mobilidade urbana<br><\/span><\/strong>Um dos mais n\u00edtidos desafios da <strong>mobilidade urbana<\/strong>\u00a0 no Brasil \u00e9 o congestionamento no tr\u00e2nsito, algo que traz infelicidade aos passageiros. H\u00e1 pesquisas sobre a mobilidade urbana no Brasil, inclusive, que medem o\u00a0<a href=\"https:\/\/www.ecycle.com.br\/transito-sp-impacto-no-bem-estar\/\">impacto do tr\u00e2nsito no bem-estar<\/a>. Como a mobilidade est\u00e1 associada ao acesso a bens e servi\u00e7os, tamb\u00e9m entra em quest\u00e3o a desigualdade socioecon\u00f4mica.<\/p>\n\n\n\n<div class=\"wp-block-image\"><figure class=\"aligncenter size-large is-resized\"><img loading=\"lazy\" decoding=\"async\" src=\"https:\/\/jornalfatosenoticias.com.br\/wp-content\/uploads\/2020\/02\/logo-embacia.jpg\" alt=\"\" class=\"wp-image-33905\" width=\"284\" height=\"284\"\/><\/figure><\/div>\n\n\n\n<p>O <a href=\"https:\/\/www.nossasaopaulo.org.br\/2020\/10\/29\/mapa-da-desigualdade-2020-revela-diferencas-entre-os-distritos-da-capital-paulista\/\" target=\"_blank\" rel=\"noreferrer noopener\">Mapa da Desigualdade 2020<\/a>, realizado pela Rede Nossa S\u00e3o Paulo e pelo Programa Cidades Sustent\u00e1veis, mostra que apenas 18% da popula\u00e7\u00e3o paulistana reside em um raio de at\u00e9 1km de esta\u00e7\u00f5es de transporte de alta capacidade. Os indiv\u00edduos que utilizam transportes p\u00fablicos coletivos, muitas vezes, precisam pegar dois ou mais tipos de modais na viagem.<br>Se 56,6% das pessoas utilizam o transporte p\u00fablico nos deslocamentos motorizados, ainda h\u00e1 o problema da superlota\u00e7\u00e3o dos ve\u00edculos.<\/p>\n\n\n\n<div class=\"wp-block-image\"><figure class=\"alignleft size-large is-resized\"><img loading=\"lazy\" decoding=\"async\" src=\"https:\/\/jornalfatosenoticias.com.br\/wp-content\/uploads\/2022\/07\/Logo-Grupo-SEI.jpg\" alt=\"\" class=\"wp-image-31973\" width=\"329\" height=\"173\" srcset=\"https:\/\/jornalfatosenoticias.com.br\/wp-content\/uploads\/2022\/07\/Logo-Grupo-SEI.jpg 713w, https:\/\/jornalfatosenoticias.com.br\/wp-content\/uploads\/2022\/07\/Logo-Grupo-SEI-300x158.jpg 300w\" sizes=\"auto, (max-width: 329px) 100vw, 329px\" \/><\/figure><\/div>\n\n\n\n<p><strong><span class=\"has-inline-color has-black-color\">Polui\u00e7\u00e3o do ar<br><\/span><\/strong>Al\u00e9m disso, vale mencionar que muitos ve\u00edculos, usados em excesso, levam <a href=\"https:\/\/www.ecycle.com.br\/poluicao-do-ar-durante-a-gravidez-pode-afetar-desenvolvimento-de-bebes-recem-nascidos\/\">polui\u00e7\u00e3o do ar<\/a>. Alguns tipos, como carros e \u00f4nibus, s\u00e3o movidos a\u00a0<a href=\"https:\/\/www.ecycle.com.br\/combustiveis-fosseis\/\">combust\u00edveis f\u00f3sseis<\/a>. Dessa forma, emitem gases de efeito estufa que contribuem para o agravamento das <a href=\"https:\/\/www.ecycle.com.br\/mudancas-climaticas-afetam-a-saude-entenda-como-os-paises-podem-reagir\/\">mudan\u00e7as clim\u00e1ticas<\/a>. O principal deles \u00e9 o <a href=\"https:\/\/www.ecycle.com.br\/co2\/\">di\u00f3xido de carbono (CO\u2082)<\/a>, mas alguns ve\u00edculos tamb\u00e9m podem produzir\u00a0<a href=\"https:\/\/www.ecycle.com.br\/oxido-nitroso\/\">\u00f3xido nitroso<\/a>\u00a0e\u00a0<a href=\"https:\/\/www.ecycle.com.br\/metano\/\">metano<\/a>.<\/p>\n\n\n\n<div class=\"wp-block-image\"><figure class=\"aligncenter size-large\"><img loading=\"lazy\" decoding=\"async\" width=\"1024\" height=\"111\" src=\"https:\/\/jornalfatosenoticias.com.br\/wp-content\/uploads\/2020\/02\/WhatsApp-Image-2022-09-23-at-12.09.18-1024x111.jpeg\" alt=\"\" class=\"wp-image-34527\" srcset=\"https:\/\/jornalfatosenoticias.com.br\/wp-content\/uploads\/2020\/02\/WhatsApp-Image-2022-09-23-at-12.09.18-1024x111.jpeg 1024w, https:\/\/jornalfatosenoticias.com.br\/wp-content\/uploads\/2020\/02\/WhatsApp-Image-2022-09-23-at-12.09.18-300x32.jpeg 300w, https:\/\/jornalfatosenoticias.com.br\/wp-content\/uploads\/2020\/02\/WhatsApp-Image-2022-09-23-at-12.09.18-768x83.jpeg 768w, https:\/\/jornalfatosenoticias.com.br\/wp-content\/uploads\/2020\/02\/WhatsApp-Image-2022-09-23-at-12.09.18.jpeg 1121w\" sizes=\"auto, (max-width: 1024px) 100vw, 1024px\" \/><\/figure><\/div>\n\n\n\n<p>Esse problema est\u00e1 relacionado \u00e0 polui\u00e7\u00e3o de todo o <a href=\"https:\/\/www.ecycle.com.br\/meio-ambiente\/\">meio ambiente<\/a>, afetando, inclusive, a sa\u00fade da popula\u00e7\u00e3o. A\u00a0<a href=\"https:\/\/www.ecycle.com.br\/megacidades-poluicao\/\">polui\u00e7\u00e3o nas megacidades<\/a> \u00e9 proporcional \u00e0 quantidade de ve\u00edculos em circula\u00e7\u00e3o. Na Europa, por exemplo, a polui\u00e7\u00e3o do ar contribui para mais de 400 mil mortes prematuras por ano, de acordo com um relat\u00f3rio sobre a qualidade do ar da <a href=\"https:\/\/www.eea.europa.eu\/publications\/air-quality-in-europe-2018\" target=\"_blank\" rel=\"noreferrer noopener\">European Environment Agency<\/a> realizado no ano de 2018.<\/p>\n\n\n\n<div class=\"wp-block-image\"><figure class=\"aligncenter size-large\"><img loading=\"lazy\" decoding=\"async\" width=\"1024\" height=\"99\" src=\"https:\/\/jornalfatosenoticias.com.br\/wp-content\/uploads\/2020\/02\/Logo-Mizu-segunda-2-1024x99.png\" alt=\"\" class=\"wp-image-2353\" srcset=\"https:\/\/jornalfatosenoticias.com.br\/wp-content\/uploads\/2020\/02\/Logo-Mizu-segunda-2-1024x99.png 1024w, https:\/\/jornalfatosenoticias.com.br\/wp-content\/uploads\/2020\/02\/Logo-Mizu-segunda-2-300x29.png 300w, https:\/\/jornalfatosenoticias.com.br\/wp-content\/uploads\/2020\/02\/Logo-Mizu-segunda-2-768x74.png 768w, https:\/\/jornalfatosenoticias.com.br\/wp-content\/uploads\/2020\/02\/Logo-Mizu-segunda-2.png 1240w\" sizes=\"auto, (max-width: 1024px) 100vw, 1024px\" \/><\/figure><\/div>\n\n\n\n<figure class=\"wp-block-embed-youtube wp-block-embed is-type-video is-provider-youtube wp-embed-aspect-16-9 wp-has-aspect-ratio\"><div class=\"wp-block-embed__wrapper\">\n<iframe loading=\"lazy\" title=\"O que \u00e9 polui\u00e7\u00e3o do ar?\" width=\"660\" height=\"371\" src=\"https:\/\/www.youtube.com\/embed\/Mpu0_QifoHo?start=5&#038;feature=oembed\" frameborder=\"0\" allow=\"accelerometer; autoplay; clipboard-write; encrypted-media; gyroscope; picture-in-picture; web-share\" referrerpolicy=\"strict-origin-when-cross-origin\" allowfullscreen><\/iframe>\n<\/div><\/figure>\n\n\n\n<p><strong><span class=\"has-inline-color has-black-color\">Mobilidade urbana sustent\u00e1vel<br><\/span><\/strong>Diante dos desafios e consequ\u00eancias vis\u00edveis da <strong>mobilidade urbana,<\/strong> surge a <strong>mobilidade urbana <\/strong>sustent\u00e1vel, que exige um rigoroso planejamento para diminuir os impactos ambientais das diferentes formas de locomo\u00e7\u00e3o, al\u00e9m de melhorar sua qualidade.<\/p>\n\n\n\n<div class=\"wp-block-image\"><figure class=\"aligncenter size-large is-resized\"><img loading=\"lazy\" decoding=\"async\" src=\"https:\/\/jornalfatosenoticias.com.br\/wp-content\/uploads\/2020\/02\/nova-logo-Marquetti.jpg\" alt=\"\" class=\"wp-image-22331\" width=\"298\" height=\"200\" srcset=\"https:\/\/jornalfatosenoticias.com.br\/wp-content\/uploads\/2020\/02\/nova-logo-Marquetti.jpg 643w, https:\/\/jornalfatosenoticias.com.br\/wp-content\/uploads\/2020\/02\/nova-logo-Marquetti-300x202.jpg 300w\" sizes=\"auto, (max-width: 298px) 100vw, 298px\" \/><\/figure><\/div>\n\n\n\n<figure class=\"wp-block-pullquote\"><blockquote><p><span class=\"has-inline-color has-luminous-vivid-orange-color\">Em 2013, na Europa, a Comiss\u00e3o Europeia estabeleceu Planos de Mobilidade Urbana Sustent\u00e1vel dando origem ao conceito: \u201cum plano estrat\u00e9gico que visa satisfazer as necessidades de mobilidade das pessoas e empresas nas cidades e arredores para uma melhor qualidade de vida. Baseia-se nas pr\u00e1ticas de planejamento existentes e leva em considera\u00e7\u00e3o os princ\u00edpios de integra\u00e7\u00e3o, participa\u00e7\u00e3o e avalia\u00e7\u00e3o\u201d.<\/span><\/p><\/blockquote><\/figure>\n\n\n\n<div class=\"wp-block-image\"><figure class=\"alignright size-large is-resized\"><img loading=\"lazy\" decoding=\"async\" src=\"https:\/\/jornalfatosenoticias.com.br\/wp-content\/uploads\/2020\/02\/casa-do-torresmo_portal.jpg\" alt=\"\" class=\"wp-image-34472\" width=\"277\" height=\"277\" srcset=\"https:\/\/jornalfatosenoticias.com.br\/wp-content\/uploads\/2020\/02\/casa-do-torresmo_portal.jpg 300w, https:\/\/jornalfatosenoticias.com.br\/wp-content\/uploads\/2020\/02\/casa-do-torresmo_portal-150x150.jpg 150w\" sizes=\"auto, (max-width: 277px) 100vw, 277px\" \/><\/figure><\/div>\n\n\n\n<p>Ainda no mesmo ano, tamb\u00e9m entrou em vigor um novo regime automotivo brasileiro, chamado Inovar-Auto, que duraria at\u00e9 2017, trazendo algumas medidas que privilegiavam o uso de modais menos poluentes, como os carros h\u00edbridos. Tamb\u00e9m h\u00e1 uma s\u00e9rie de diretrizes da <a href=\"https:\/\/www.ecycle.com.br\/component\/content\/article\/6-atitude\/745-politica-nacional-de-mobilidade-urbana-e-sancionada-.html\" target=\"_blank\" rel=\"noreferrer noopener\">Pol\u00edtica Nacional de Mobilidade Urbana<\/a> que orientam a implanta\u00e7\u00e3o de um plano de <strong>mobilidade urbana <\/strong>municipal, estimulando as prefeituras a desenvolverem pol\u00edticas p\u00fablicas que solucionem os desafios de locomo\u00e7\u00e3o.<\/p>\n\n\n\n<div class=\"wp-block-image\"><figure class=\"aligncenter size-large\"><img decoding=\"async\" src=\"https:\/\/jornalfatosenoticias.com.br\/wp-content\/uploads\/2020\/02\/Serra-Grande-1024x160.png\" alt=\"\" class=\"wp-image-7836\"\/><\/figure><\/div>\n\n\n\n<p>Apesar dessas iniciativas, ainda s\u00e3o necess\u00e1rias outras atitudes para que n\u00e3o s\u00f3 o problema da polui\u00e7\u00e3o do ar seja reduzido, mas tamb\u00e9m todo o desafio da <strong>mobilidade urbana.<\/strong> Em mat\u00e9ria do <a href=\"https:\/\/www5.usp.br\/noticias\/sociedade\/projetos-para-mobilidade-podem-transformar-a-vida-na-cidade-defende-especialista\/\" target=\"_blank\" rel=\"noreferrer noopener\">Jornal da USP<\/a>, o professor Strambi destaca tr\u00eas eixos predominantes para uma mobilidade urbana sustent\u00e1vel: o incentivo ao uso do transporte p\u00fablico, a promo\u00e7\u00e3o do transporte n\u00e3o motorizado e o desest\u00edmulo ao uso de autom\u00f3veis.<\/p>\n\n\n\n<div class=\"wp-block-image\"><figure class=\"aligncenter size-large is-resized\"><img loading=\"lazy\" decoding=\"async\" src=\"https:\/\/jornalfatosenoticias.com.br\/wp-content\/uploads\/2022\/10\/Arte-jornal-Zucchi-600x600_Prancheta-1-1024x1024.jpg\" alt=\"\" class=\"wp-image-34782\" width=\"249\" height=\"249\" srcset=\"https:\/\/jornalfatosenoticias.com.br\/wp-content\/uploads\/2022\/10\/Arte-jornal-Zucchi-600x600_Prancheta-1-1024x1024.jpg 1024w, https:\/\/jornalfatosenoticias.com.br\/wp-content\/uploads\/2022\/10\/Arte-jornal-Zucchi-600x600_Prancheta-1-300x300.jpg 300w, https:\/\/jornalfatosenoticias.com.br\/wp-content\/uploads\/2022\/10\/Arte-jornal-Zucchi-600x600_Prancheta-1-150x150.jpg 150w, https:\/\/jornalfatosenoticias.com.br\/wp-content\/uploads\/2022\/10\/Arte-jornal-Zucchi-600x600_Prancheta-1-768x768.jpg 768w, https:\/\/jornalfatosenoticias.com.br\/wp-content\/uploads\/2022\/10\/Arte-jornal-Zucchi-600x600_Prancheta-1.jpg 1250w\" sizes=\"auto, (max-width: 249px) 100vw, 249px\" \/><\/figure><\/div>\n\n\n\n<p><strong><span class=\"has-inline-color has-black-color\">Exemplos de mobilidade urbana<br><\/span><\/strong>Veja a seguir algumas medidas ao redor do mundo, listadas pela revista <a href=\"https:\/\/exame.com\/mundo\/o-que-5-cidades-do-mundo-fizeram-para-tentar-resolver-os-congestionamentos\/\" target=\"_blank\" rel=\"noreferrer noopener\">Exame<\/a>, que t\u00eam como objetivo um tr\u00e2nsito mais efetivo e menos poluente. Ser\u00e1 que as grandes cidades brasileiras tamb\u00e9m podem adotar algumas delas? Vamos l\u00e1:<\/p>\n\n\n\n<div class=\"wp-block-image\"><figure class=\"aligncenter size-large\"><img loading=\"lazy\" decoding=\"async\" width=\"1024\" height=\"103\" src=\"https:\/\/jornalfatosenoticias.com.br\/wp-content\/uploads\/2022\/02\/Arte-Autoescola-Galatas_endereco_portal-1024x103.png\" alt=\"\" class=\"wp-image-27869\" srcset=\"https:\/\/jornalfatosenoticias.com.br\/wp-content\/uploads\/2022\/02\/Arte-Autoescola-Galatas_endereco_portal-1024x103.png 1024w, https:\/\/jornalfatosenoticias.com.br\/wp-content\/uploads\/2022\/02\/Arte-Autoescola-Galatas_endereco_portal-300x30.png 300w, https:\/\/jornalfatosenoticias.com.br\/wp-content\/uploads\/2022\/02\/Arte-Autoescola-Galatas_endereco_portal-768x77.png 768w, https:\/\/jornalfatosenoticias.com.br\/wp-content\/uploads\/2022\/02\/Arte-Autoescola-Galatas_endereco_portal.png 1223w\" sizes=\"auto, (max-width: 1024px) 100vw, 1024px\" \/><\/figure><\/div>\n\n\n\n<ol class=\"wp-block-list\"><li><strong><span class=\"has-inline-color has-vivid-purple-color\">Los Angeles (EUA): Faixas para carros h\u00edbridos e carona<br><\/span><\/strong>Em Los Angeles, desde o fim dos anos 60, a prefeitura instalou faixas chamadas HOVs (sigla para ve\u00edculos de alta ocupa\u00e7\u00e3o), em que carros h\u00edbridos, el\u00e9tricos, modelos de carros para apenas dois passageiros e carros comuns com os lugares preenchidos s\u00e3o exclusivos.<br>Tamb\u00e9m h\u00e1 um programa de caronas oficial do governo com 250 mil inscritos. As faixas HOVs recebem 1,3 mil carros por hora, em m\u00e9dia, enquanto as faixas normais recebem 1,8 ve\u00edculos no mesmo per\u00edodo.<\/li><\/ol>\n\n\n\n<div class=\"wp-block-image\"><figure class=\"aligncenter size-large is-resized\"><img loading=\"lazy\" decoding=\"async\" src=\"https:\/\/jornalfatosenoticias.com.br\/wp-content\/uploads\/2022\/02\/Precisao-Contabilidade-1024x724.jpg\" alt=\"\" class=\"wp-image-28088\" width=\"318\" height=\"225\"\/><\/figure><\/div>\n\n\n\n<p><strong><span class=\"has-inline-color has-vivid-purple-color\">2.<\/span><\/strong> <strong><span class=\"has-inline-color has-vivid-purple-color\">Londres (ING): Sem\u00e1foros inteligentes<br><\/span><\/strong>Em Londres, h\u00e1 sem\u00e1foros inteligentes que se adaptam a ve\u00edculos de transporte coletivo, como \u00f4nibus. O dispositivo afere se o ve\u00edculo est\u00e1 pr\u00f3ximo. Se estiver, ele pode alongar o sinal verde para que o \u00f4nibus passe. Com o sem\u00e1foro no vermelho, ele pode agilizar a passagem para o verde de acordo com a proximidade do ve\u00edculo. No Brasil, a cidade de Curitiba possui sistema semelhante. Tamb\u00e9m h\u00e1 faixas exclusivas para \u00f4nibus em Londres, assim como em algumas cidades brasileiras.<\/p>\n\n\n\n<div class=\"wp-block-image\"><figure class=\"aligncenter size-large\"><img loading=\"lazy\" decoding=\"async\" width=\"1024\" height=\"100\" src=\"https:\/\/jornalfatosenoticias.com.br\/wp-content\/uploads\/2022\/05\/NOVA-LOGO-CESCONETTO-1024x100.jpg\" alt=\"\" class=\"wp-image-30792\" srcset=\"https:\/\/jornalfatosenoticias.com.br\/wp-content\/uploads\/2022\/05\/NOVA-LOGO-CESCONETTO-1024x100.jpg 1024w, https:\/\/jornalfatosenoticias.com.br\/wp-content\/uploads\/2022\/05\/NOVA-LOGO-CESCONETTO-300x29.jpg 300w, https:\/\/jornalfatosenoticias.com.br\/wp-content\/uploads\/2022\/05\/NOVA-LOGO-CESCONETTO-768x75.jpg 768w, https:\/\/jornalfatosenoticias.com.br\/wp-content\/uploads\/2022\/05\/NOVA-LOGO-CESCONETTO.jpg 1280w\" sizes=\"auto, (max-width: 1024px) 100vw, 1024px\" \/><\/figure><\/div>\n\n\n\n<p><strong><span class=\"has-inline-color has-vivid-purple-color\">3.<\/span><\/strong> <span class=\"has-inline-color has-vivid-purple-color\"><strong>Amsterd\u00e3 (HOL): Ciclovias<br><\/strong><\/span>N\u00e3o se pode dizer que se trata de uma novidade. Mas a cidade de Amsterd\u00e3 levou o conceito de ciclovia para um n\u00edvel al\u00e9m.<br>Existem 400 quil\u00f4metros de ciclovias na cidade e, em todo o pa\u00eds, as bikes s\u00e3o respons\u00e1veis por 30% dos meios de transportes. Houve a necessidade da implanta\u00e7\u00e3o de infraestrutura, como constru\u00e7\u00e3o de espa\u00e7os exclusivos, separados dos ve\u00edculos, com sem\u00e1foros e sinaliza\u00e7\u00e3o pr\u00f3prios, al\u00e9m da cria\u00e7\u00e3o de estacionamentos.<\/p>\n\n\n\n<div class=\"wp-block-image\"><figure class=\"aligncenter size-large\"><img decoding=\"async\" src=\"https:\/\/jornalfatosenoticias.com.br\/wp-content\/uploads\/2020\/02\/barao-das-carnes-300x164-1.jpg\" alt=\"\" class=\"wp-image-34339\"\/><\/figure><\/div>\n\n\n\n<p><strong><em>Fonte: <a href=\"https:\/\/www.ecycle.com.br\/mobilidade-urbana\/\">eCycle<\/a><\/em><\/strong><\/p>\n","protected":false},"excerpt":{"rendered":"<p>Mobilidade urbana \u00e9 uma atividade essencial para a sociedade A mobilidade urbana \u00e9 uma atividade essencial para a sociedade, j\u00e1 que se refere \u00e0 locomo\u00e7\u00e3o das pessoas entre os espa\u00e7os para atender \u00e0s suas necessidades, conceito que tem crescido cada vez mais nos \u00faltimos anos. Ela \u00e9 definida como qualquer tipo de movimento \u2014 a [&hellip;]<\/p>\n","protected":false},"author":2,"featured_media":36875,"comment_status":"open","ping_status":"open","sticky":false,"template":"","format":"standard","meta":{"footnotes":""},"categories":[9923],"tags":[1440,17316,3706,17315,1340],"class_list":["post-36874","post","type-post","status-publish","format-standard","has-post-thumbnail","hentry","category-mobilidade","tag-desafios","tag-ideias-sustentaveis","tag-mobilidade-urbana","tag-mobilidade-urbana-sustentavel","tag-sociedade"],"yoast_head":"<!-- This site is optimized with the Yoast SEO plugin v26.5 - https:\/\/yoast.com\/wordpress\/plugins\/seo\/ -->\n<title>Mobilidade urbana: desafios e ideias sustent\u00e1veis - Jornal Fatos e Not\u00edcias<\/title>\n<meta name=\"robots\" content=\"index, follow, max-snippet:-1, max-image-preview:large, max-video-preview:-1\" \/>\n<link rel=\"canonical\" href=\"https:\/\/jornalfatosenoticias.com.br\/index.php\/2022\/12\/13\/mobilidade-urbana-desafios-e-ideias-sustentaveis\/\" \/>\n<meta property=\"og:locale\" content=\"pt_BR\" \/>\n<meta property=\"og:type\" content=\"article\" \/>\n<meta property=\"og:title\" content=\"Mobilidade urbana: desafios e ideias sustent\u00e1veis - Jornal Fatos e Not\u00edcias\" \/>\n<meta property=\"og:description\" content=\"Mobilidade urbana \u00e9 uma atividade essencial para a sociedade A mobilidade urbana \u00e9 uma atividade essencial para a sociedade, j\u00e1 que se refere \u00e0 locomo\u00e7\u00e3o das pessoas entre os espa\u00e7os para atender \u00e0s suas necessidades, conceito que tem crescido cada vez mais nos \u00faltimos anos. Ela \u00e9 definida como qualquer tipo de movimento \u2014 a [&hellip;]\" \/>\n<meta property=\"og:url\" content=\"https:\/\/jornalfatosenoticias.com.br\/index.php\/2022\/12\/13\/mobilidade-urbana-desafios-e-ideias-sustentaveis\/\" \/>\n<meta property=\"og:site_name\" content=\"Jornal Fatos e Not\u00edcias\" \/>\n<meta property=\"article:published_time\" content=\"2022-12-13T16:30:34+00:00\" \/>\n<meta property=\"article:modified_time\" content=\"2022-12-13T16:30:36+00:00\" \/>\n<meta property=\"og:image\" content=\"https:\/\/jornalfatosenoticias.com.br\/wp-content\/uploads\/2022\/12\/mobilidade-urbana_pexels-photo.jpg\" \/>\n\t<meta property=\"og:image:width\" content=\"1000\" \/>\n\t<meta property=\"og:image:height\" content=\"665\" \/>\n\t<meta property=\"og:image:type\" content=\"image\/jpeg\" \/>\n<meta name=\"author\" content=\"Luzimara Fernandes\" \/>\n<meta name=\"twitter:card\" content=\"summary_large_image\" \/>\n<meta name=\"twitter:label1\" content=\"Escrito por\" \/>\n\t<meta name=\"twitter:data1\" content=\"Luzimara Fernandes\" \/>\n\t<meta name=\"twitter:label2\" content=\"Est. tempo de leitura\" \/>\n\t<meta name=\"twitter:data2\" content=\"5 minutos\" \/>\n<script type=\"application\/ld+json\" class=\"yoast-schema-graph\">{\"@context\":\"https:\/\/schema.org\",\"@graph\":[{\"@type\":\"Article\",\"@id\":\"https:\/\/jornalfatosenoticias.com.br\/index.php\/2022\/12\/13\/mobilidade-urbana-desafios-e-ideias-sustentaveis\/#article\",\"isPartOf\":{\"@id\":\"https:\/\/jornalfatosenoticias.com.br\/index.php\/2022\/12\/13\/mobilidade-urbana-desafios-e-ideias-sustentaveis\/\"},\"author\":{\"name\":\"Luzimara Fernandes\",\"@id\":\"https:\/\/jornalfatosenoticias.com.br\/#\/schema\/person\/d63837fa13ac8666eb9e74e0985d6f81\"},\"headline\":\"Mobilidade urbana: desafios e ideias sustent\u00e1veis\",\"datePublished\":\"2022-12-13T16:30:34+00:00\",\"dateModified\":\"2022-12-13T16:30:36+00:00\",\"mainEntityOfPage\":{\"@id\":\"https:\/\/jornalfatosenoticias.com.br\/index.php\/2022\/12\/13\/mobilidade-urbana-desafios-e-ideias-sustentaveis\/\"},\"wordCount\":1084,\"commentCount\":0,\"publisher\":{\"@id\":\"https:\/\/jornalfatosenoticias.com.br\/#organization\"},\"image\":{\"@id\":\"https:\/\/jornalfatosenoticias.com.br\/index.php\/2022\/12\/13\/mobilidade-urbana-desafios-e-ideias-sustentaveis\/#primaryimage\"},\"thumbnailUrl\":\"https:\/\/jornalfatosenoticias.com.br\/wp-content\/uploads\/2022\/12\/mobilidade-urbana_pexels-photo.jpg\",\"keywords\":[\"desafios\",\"ideias sustent\u00e1veis\",\"mobilidade urbana\",\"mobilidade urbana sustent\u00e1vel\",\"sociedade\"],\"articleSection\":[\"Mobilidade\"],\"inLanguage\":\"pt-BR\",\"potentialAction\":[{\"@type\":\"CommentAction\",\"name\":\"Comment\",\"target\":[\"https:\/\/jornalfatosenoticias.com.br\/index.php\/2022\/12\/13\/mobilidade-urbana-desafios-e-ideias-sustentaveis\/#respond\"]}]},{\"@type\":\"WebPage\",\"@id\":\"https:\/\/jornalfatosenoticias.com.br\/index.php\/2022\/12\/13\/mobilidade-urbana-desafios-e-ideias-sustentaveis\/\",\"url\":\"https:\/\/jornalfatosenoticias.com.br\/index.php\/2022\/12\/13\/mobilidade-urbana-desafios-e-ideias-sustentaveis\/\",\"name\":\"Mobilidade urbana: desafios e ideias sustent\u00e1veis - Jornal Fatos e Not\u00edcias\",\"isPartOf\":{\"@id\":\"https:\/\/jornalfatosenoticias.com.br\/#website\"},\"primaryImageOfPage\":{\"@id\":\"https:\/\/jornalfatosenoticias.com.br\/index.php\/2022\/12\/13\/mobilidade-urbana-desafios-e-ideias-sustentaveis\/#primaryimage\"},\"image\":{\"@id\":\"https:\/\/jornalfatosenoticias.com.br\/index.php\/2022\/12\/13\/mobilidade-urbana-desafios-e-ideias-sustentaveis\/#primaryimage\"},\"thumbnailUrl\":\"https:\/\/jornalfatosenoticias.com.br\/wp-content\/uploads\/2022\/12\/mobilidade-urbana_pexels-photo.jpg\",\"datePublished\":\"2022-12-13T16:30:34+00:00\",\"dateModified\":\"2022-12-13T16:30:36+00:00\",\"breadcrumb\":{\"@id\":\"https:\/\/jornalfatosenoticias.com.br\/index.php\/2022\/12\/13\/mobilidade-urbana-desafios-e-ideias-sustentaveis\/#breadcrumb\"},\"inLanguage\":\"pt-BR\",\"potentialAction\":[{\"@type\":\"ReadAction\",\"target\":[\"https:\/\/jornalfatosenoticias.com.br\/index.php\/2022\/12\/13\/mobilidade-urbana-desafios-e-ideias-sustentaveis\/\"]}]},{\"@type\":\"ImageObject\",\"inLanguage\":\"pt-BR\",\"@id\":\"https:\/\/jornalfatosenoticias.com.br\/index.php\/2022\/12\/13\/mobilidade-urbana-desafios-e-ideias-sustentaveis\/#primaryimage\",\"url\":\"https:\/\/jornalfatosenoticias.com.br\/wp-content\/uploads\/2022\/12\/mobilidade-urbana_pexels-photo.jpg\",\"contentUrl\":\"https:\/\/jornalfatosenoticias.com.br\/wp-content\/uploads\/2022\/12\/mobilidade-urbana_pexels-photo.jpg\",\"width\":1000,\"height\":665},{\"@type\":\"BreadcrumbList\",\"@id\":\"https:\/\/jornalfatosenoticias.com.br\/index.php\/2022\/12\/13\/mobilidade-urbana-desafios-e-ideias-sustentaveis\/#breadcrumb\",\"itemListElement\":[{\"@type\":\"ListItem\",\"position\":1,\"name\":\"In\u00edcio\",\"item\":\"https:\/\/jornalfatosenoticias.com.br\/\"},{\"@type\":\"ListItem\",\"position\":2,\"name\":\"Mobilidade urbana: desafios e ideias sustent\u00e1veis\"}]},{\"@type\":\"WebSite\",\"@id\":\"https:\/\/jornalfatosenoticias.com.br\/#website\",\"url\":\"https:\/\/jornalfatosenoticias.com.br\/\",\"name\":\"Jornal Fatos e Not\u00edcias\",\"description\":\"Not\u00edcias em geral\",\"publisher\":{\"@id\":\"https:\/\/jornalfatosenoticias.com.br\/#organization\"},\"potentialAction\":[{\"@type\":\"SearchAction\",\"target\":{\"@type\":\"EntryPoint\",\"urlTemplate\":\"https:\/\/jornalfatosenoticias.com.br\/?s={search_term_string}\"},\"query-input\":{\"@type\":\"PropertyValueSpecification\",\"valueRequired\":true,\"valueName\":\"search_term_string\"}}],\"inLanguage\":\"pt-BR\"},{\"@type\":\"Organization\",\"@id\":\"https:\/\/jornalfatosenoticias.com.br\/#organization\",\"name\":\"Jornal Fatos e Not\u00edcias\",\"url\":\"https:\/\/jornalfatosenoticias.com.br\/\",\"logo\":{\"@type\":\"ImageObject\",\"inLanguage\":\"pt-BR\",\"@id\":\"https:\/\/jornalfatosenoticias.com.br\/#\/schema\/logo\/image\/\",\"url\":\"https:\/\/jornalfatosenoticias.com.br\/wp-content\/uploads\/2020\/02\/logo120.png\",\"contentUrl\":\"https:\/\/jornalfatosenoticias.com.br\/wp-content\/uploads\/2020\/02\/logo120.png\",\"width\":1227,\"height\":120,\"caption\":\"Jornal Fatos e Not\u00edcias\"},\"image\":{\"@id\":\"https:\/\/jornalfatosenoticias.com.br\/#\/schema\/logo\/image\/\"}},{\"@type\":\"Person\",\"@id\":\"https:\/\/jornalfatosenoticias.com.br\/#\/schema\/person\/d63837fa13ac8666eb9e74e0985d6f81\",\"name\":\"Luzimara Fernandes\",\"image\":{\"@type\":\"ImageObject\",\"inLanguage\":\"pt-BR\",\"@id\":\"https:\/\/jornalfatosenoticias.com.br\/#\/schema\/person\/image\/\",\"url\":\"https:\/\/jornalfatosenoticias.com.br\/wp-content\/uploads\/2025\/05\/EU_portal.jpg\",\"contentUrl\":\"https:\/\/jornalfatosenoticias.com.br\/wp-content\/uploads\/2025\/05\/EU_portal.jpg\",\"caption\":\"Luzimara Fernandes\"},\"description\":\"Jornalista MTB 2358-ES\",\"sameAs\":[\"https:\/\/jornalfatosenoticias.com.br\"],\"url\":\"https:\/\/jornalfatosenoticias.com.br\/index.php\/author\/luzimara\/\"}]}<\/script>\n<!-- \/ Yoast SEO plugin. -->","yoast_head_json":{"title":"Mobilidade urbana: desafios e ideias sustent\u00e1veis - Jornal Fatos e Not\u00edcias","robots":{"index":"index","follow":"follow","max-snippet":"max-snippet:-1","max-image-preview":"max-image-preview:large","max-video-preview":"max-video-preview:-1"},"canonical":"https:\/\/jornalfatosenoticias.com.br\/index.php\/2022\/12\/13\/mobilidade-urbana-desafios-e-ideias-sustentaveis\/","og_locale":"pt_BR","og_type":"article","og_title":"Mobilidade urbana: desafios e ideias sustent\u00e1veis - Jornal Fatos e Not\u00edcias","og_description":"Mobilidade urbana \u00e9 uma atividade essencial para a sociedade A mobilidade urbana \u00e9 uma atividade essencial para a sociedade, j\u00e1 que se refere \u00e0 locomo\u00e7\u00e3o das pessoas entre os espa\u00e7os para atender \u00e0s suas necessidades, conceito que tem crescido cada vez mais nos \u00faltimos anos. Ela \u00e9 definida como qualquer tipo de movimento \u2014 a [&hellip;]","og_url":"https:\/\/jornalfatosenoticias.com.br\/index.php\/2022\/12\/13\/mobilidade-urbana-desafios-e-ideias-sustentaveis\/","og_site_name":"Jornal Fatos e Not\u00edcias","article_published_time":"2022-12-13T16:30:34+00:00","article_modified_time":"2022-12-13T16:30:36+00:00","og_image":[{"width":1000,"height":665,"url":"https:\/\/jornalfatosenoticias.com.br\/wp-content\/uploads\/2022\/12\/mobilidade-urbana_pexels-photo.jpg","type":"image\/jpeg"}],"author":"Luzimara Fernandes","twitter_card":"summary_large_image","twitter_misc":{"Escrito por":"Luzimara Fernandes","Est. tempo de leitura":"5 minutos"},"schema":{"@context":"https:\/\/schema.org","@graph":[{"@type":"Article","@id":"https:\/\/jornalfatosenoticias.com.br\/index.php\/2022\/12\/13\/mobilidade-urbana-desafios-e-ideias-sustentaveis\/#article","isPartOf":{"@id":"https:\/\/jornalfatosenoticias.com.br\/index.php\/2022\/12\/13\/mobilidade-urbana-desafios-e-ideias-sustentaveis\/"},"author":{"name":"Luzimara Fernandes","@id":"https:\/\/jornalfatosenoticias.com.br\/#\/schema\/person\/d63837fa13ac8666eb9e74e0985d6f81"},"headline":"Mobilidade urbana: desafios e ideias sustent\u00e1veis","datePublished":"2022-12-13T16:30:34+00:00","dateModified":"2022-12-13T16:30:36+00:00","mainEntityOfPage":{"@id":"https:\/\/jornalfatosenoticias.com.br\/index.php\/2022\/12\/13\/mobilidade-urbana-desafios-e-ideias-sustentaveis\/"},"wordCount":1084,"commentCount":0,"publisher":{"@id":"https:\/\/jornalfatosenoticias.com.br\/#organization"},"image":{"@id":"https:\/\/jornalfatosenoticias.com.br\/index.php\/2022\/12\/13\/mobilidade-urbana-desafios-e-ideias-sustentaveis\/#primaryimage"},"thumbnailUrl":"https:\/\/jornalfatosenoticias.com.br\/wp-content\/uploads\/2022\/12\/mobilidade-urbana_pexels-photo.jpg","keywords":["desafios","ideias sustent\u00e1veis","mobilidade urbana","mobilidade urbana sustent\u00e1vel","sociedade"],"articleSection":["Mobilidade"],"inLanguage":"pt-BR","potentialAction":[{"@type":"CommentAction","name":"Comment","target":["https:\/\/jornalfatosenoticias.com.br\/index.php\/2022\/12\/13\/mobilidade-urbana-desafios-e-ideias-sustentaveis\/#respond"]}]},{"@type":"WebPage","@id":"https:\/\/jornalfatosenoticias.com.br\/index.php\/2022\/12\/13\/mobilidade-urbana-desafios-e-ideias-sustentaveis\/","url":"https:\/\/jornalfatosenoticias.com.br\/index.php\/2022\/12\/13\/mobilidade-urbana-desafios-e-ideias-sustentaveis\/","name":"Mobilidade urbana: desafios e ideias sustent\u00e1veis - Jornal Fatos e Not\u00edcias","isPartOf":{"@id":"https:\/\/jornalfatosenoticias.com.br\/#website"},"primaryImageOfPage":{"@id":"https:\/\/jornalfatosenoticias.com.br\/index.php\/2022\/12\/13\/mobilidade-urbana-desafios-e-ideias-sustentaveis\/#primaryimage"},"image":{"@id":"https:\/\/jornalfatosenoticias.com.br\/index.php\/2022\/12\/13\/mobilidade-urbana-desafios-e-ideias-sustentaveis\/#primaryimage"},"thumbnailUrl":"https:\/\/jornalfatosenoticias.com.br\/wp-content\/uploads\/2022\/12\/mobilidade-urbana_pexels-photo.jpg","datePublished":"2022-12-13T16:30:34+00:00","dateModified":"2022-12-13T16:30:36+00:00","breadcrumb":{"@id":"https:\/\/jornalfatosenoticias.com.br\/index.php\/2022\/12\/13\/mobilidade-urbana-desafios-e-ideias-sustentaveis\/#breadcrumb"},"inLanguage":"pt-BR","potentialAction":[{"@type":"ReadAction","target":["https:\/\/jornalfatosenoticias.com.br\/index.php\/2022\/12\/13\/mobilidade-urbana-desafios-e-ideias-sustentaveis\/"]}]},{"@type":"ImageObject","inLanguage":"pt-BR","@id":"https:\/\/jornalfatosenoticias.com.br\/index.php\/2022\/12\/13\/mobilidade-urbana-desafios-e-ideias-sustentaveis\/#primaryimage","url":"https:\/\/jornalfatosenoticias.com.br\/wp-content\/uploads\/2022\/12\/mobilidade-urbana_pexels-photo.jpg","contentUrl":"https:\/\/jornalfatosenoticias.com.br\/wp-content\/uploads\/2022\/12\/mobilidade-urbana_pexels-photo.jpg","width":1000,"height":665},{"@type":"BreadcrumbList","@id":"https:\/\/jornalfatosenoticias.com.br\/index.php\/2022\/12\/13\/mobilidade-urbana-desafios-e-ideias-sustentaveis\/#breadcrumb","itemListElement":[{"@type":"ListItem","position":1,"name":"In\u00edcio","item":"https:\/\/jornalfatosenoticias.com.br\/"},{"@type":"ListItem","position":2,"name":"Mobilidade urbana: desafios e ideias sustent\u00e1veis"}]},{"@type":"WebSite","@id":"https:\/\/jornalfatosenoticias.com.br\/#website","url":"https:\/\/jornalfatosenoticias.com.br\/","name":"Jornal Fatos e Not\u00edcias","description":"Not\u00edcias em geral","publisher":{"@id":"https:\/\/jornalfatosenoticias.com.br\/#organization"},"potentialAction":[{"@type":"SearchAction","target":{"@type":"EntryPoint","urlTemplate":"https:\/\/jornalfatosenoticias.com.br\/?s={search_term_string}"},"query-input":{"@type":"PropertyValueSpecification","valueRequired":true,"valueName":"search_term_string"}}],"inLanguage":"pt-BR"},{"@type":"Organization","@id":"https:\/\/jornalfatosenoticias.com.br\/#organization","name":"Jornal Fatos e Not\u00edcias","url":"https:\/\/jornalfatosenoticias.com.br\/","logo":{"@type":"ImageObject","inLanguage":"pt-BR","@id":"https:\/\/jornalfatosenoticias.com.br\/#\/schema\/logo\/image\/","url":"https:\/\/jornalfatosenoticias.com.br\/wp-content\/uploads\/2020\/02\/logo120.png","contentUrl":"https:\/\/jornalfatosenoticias.com.br\/wp-content\/uploads\/2020\/02\/logo120.png","width":1227,"height":120,"caption":"Jornal Fatos e Not\u00edcias"},"image":{"@id":"https:\/\/jornalfatosenoticias.com.br\/#\/schema\/logo\/image\/"}},{"@type":"Person","@id":"https:\/\/jornalfatosenoticias.com.br\/#\/schema\/person\/d63837fa13ac8666eb9e74e0985d6f81","name":"Luzimara Fernandes","image":{"@type":"ImageObject","inLanguage":"pt-BR","@id":"https:\/\/jornalfatosenoticias.com.br\/#\/schema\/person\/image\/","url":"https:\/\/jornalfatosenoticias.com.br\/wp-content\/uploads\/2025\/05\/EU_portal.jpg","contentUrl":"https:\/\/jornalfatosenoticias.com.br\/wp-content\/uploads\/2025\/05\/EU_portal.jpg","caption":"Luzimara Fernandes"},"description":"Jornalista MTB 2358-ES","sameAs":["https:\/\/jornalfatosenoticias.com.br"],"url":"https:\/\/jornalfatosenoticias.com.br\/index.php\/author\/luzimara\/"}]}},"cc_featured_image_caption":{"caption_text":"(Foto: Nabeel Syed\/Unsplash)","source_text":"","source_url":""},"jetpack_featured_media_url":"https:\/\/jornalfatosenoticias.com.br\/wp-content\/uploads\/2022\/12\/mobilidade-urbana_pexels-photo.jpg","_links":{"self":[{"href":"https:\/\/jornalfatosenoticias.com.br\/index.php\/wp-json\/wp\/v2\/posts\/36874","targetHints":{"allow":["GET"]}}],"collection":[{"href":"https:\/\/jornalfatosenoticias.com.br\/index.php\/wp-json\/wp\/v2\/posts"}],"about":[{"href":"https:\/\/jornalfatosenoticias.com.br\/index.php\/wp-json\/wp\/v2\/types\/post"}],"author":[{"embeddable":true,"href":"https:\/\/jornalfatosenoticias.com.br\/index.php\/wp-json\/wp\/v2\/users\/2"}],"replies":[{"embeddable":true,"href":"https:\/\/jornalfatosenoticias.com.br\/index.php\/wp-json\/wp\/v2\/comments?post=36874"}],"version-history":[{"count":0,"href":"https:\/\/jornalfatosenoticias.com.br\/index.php\/wp-json\/wp\/v2\/posts\/36874\/revisions"}],"wp:featuredmedia":[{"embeddable":true,"href":"https:\/\/jornalfatosenoticias.com.br\/index.php\/wp-json\/wp\/v2\/media\/36875"}],"wp:attachment":[{"href":"https:\/\/jornalfatosenoticias.com.br\/index.php\/wp-json\/wp\/v2\/media?parent=36874"}],"wp:term":[{"taxonomy":"category","embeddable":true,"href":"https:\/\/jornalfatosenoticias.com.br\/index.php\/wp-json\/wp\/v2\/categories?post=36874"},{"taxonomy":"post_tag","embeddable":true,"href":"https:\/\/jornalfatosenoticias.com.br\/index.php\/wp-json\/wp\/v2\/tags?post=36874"}],"curies":[{"name":"wp","href":"https:\/\/api.w.org\/{rel}","templated":true}]}}