{"id":36878,"date":"2022-12-13T13:51:38","date_gmt":"2022-12-13T16:51:38","guid":{"rendered":"https:\/\/jornalfatosenoticias.com.br\/?p=36878"},"modified":"2022-12-13T13:51:40","modified_gmt":"2022-12-13T16:51:40","slug":"cafe-emagrece-entenda-mitos-e-verdades","status":"publish","type":"post","link":"https:\/\/jornalfatosenoticias.com.br\/index.php\/2022\/12\/13\/cafe-emagrece-entenda-mitos-e-verdades\/","title":{"rendered":"Caf\u00e9 emagrece? Entenda mitos e verdades"},"content":{"rendered":"\n<p><em><span class=\"has-inline-color has-black-color\">Ser\u00e1 mesmo verdade que o caf\u00e9 emagrece, como muita gente acredita? Confira o que a ci\u00eancia diz sobre o assunto<\/span><\/em><\/p>\n\n\n\n<div class=\"wp-block-image\"><figure class=\"aligncenter size-large\"><img loading=\"lazy\" decoding=\"async\" width=\"1024\" height=\"110\" src=\"https:\/\/jornalfatosenoticias.com.br\/wp-content\/uploads\/2022\/10\/Arte-jornal-Zucchi-1120x120_Prancheta-1-1024x110.jpg\" alt=\"\" class=\"wp-image-34772\" srcset=\"https:\/\/jornalfatosenoticias.com.br\/wp-content\/uploads\/2022\/10\/Arte-jornal-Zucchi-1120x120_Prancheta-1-1024x110.jpg 1024w, https:\/\/jornalfatosenoticias.com.br\/wp-content\/uploads\/2022\/10\/Arte-jornal-Zucchi-1120x120_Prancheta-1-300x32.jpg 300w, https:\/\/jornalfatosenoticias.com.br\/wp-content\/uploads\/2022\/10\/Arte-jornal-Zucchi-1120x120_Prancheta-1-768x82.jpg 768w, https:\/\/jornalfatosenoticias.com.br\/wp-content\/uploads\/2022\/10\/Arte-jornal-Zucchi-1120x120_Prancheta-1-1536x165.jpg 1536w, https:\/\/jornalfatosenoticias.com.br\/wp-content\/uploads\/2022\/10\/Arte-jornal-Zucchi-1120x120_Prancheta-1-2048x219.jpg 2048w\" sizes=\"auto, (max-width: 1024px) 100vw, 1024px\" \/><\/figure><\/div>\n\n\n\n<p>Muita gente acredita que o consumo de <strong><a href=\"https:\/\/www.ecycle.com.br\/beneficios-do-cafe\/\">caf\u00e9<\/a>\u00a0emagrece<\/strong>. Ali\u00e1s, a\u00a0<a href=\"https:\/\/www.ecycle.com.br\/cafeina\/\">cafe\u00edna<\/a> \u2014 subst\u00e2ncia naturalmente presente no ch\u00e1 e no caf\u00e9 preto, por exemplo \u2014 costuma fazer parte de suplementos que pode causar perda de peso, porque acelera o metabolismo. Mas ser\u00e1 que tomar caf\u00e9 emagrece mesmo? Confira!<\/p>\n\n\n\n<div class=\"wp-block-image\"><figure class=\"aligncenter size-large is-resized\"><img loading=\"lazy\" decoding=\"async\" src=\"https:\/\/jornalfatosenoticias.com.br\/wp-content\/uploads\/2020\/02\/casa-do-torresmo_portal.jpg\" alt=\"\" class=\"wp-image-34472\" width=\"246\" height=\"246\" srcset=\"https:\/\/jornalfatosenoticias.com.br\/wp-content\/uploads\/2020\/02\/casa-do-torresmo_portal.jpg 300w, https:\/\/jornalfatosenoticias.com.br\/wp-content\/uploads\/2020\/02\/casa-do-torresmo_portal-150x150.jpg 150w\" sizes=\"auto, (max-width: 246px) 100vw, 246px\" \/><\/figure><\/div>\n\n\n\n<p><strong><span class=\"has-inline-color has-vivid-red-color\">Caf\u00e9 cont\u00e9m estimulantes<br><\/span><\/strong>Muitas subst\u00e2ncias que s\u00e3o biologicamente ativas encontradas nos gr\u00e3os de <strong>caf\u00e9<\/strong> permanecem na bebida final (o <strong>caf\u00e9<\/strong>). V\u00e1rias dessas subst\u00e2ncias influenciam o metabolismo de modo significativo:<\/p>\n\n\n\n<div class=\"wp-block-image\"><figure class=\"aligncenter size-large\"><img decoding=\"async\" src=\"https:\/\/jornalfatosenoticias.com.br\/wp-content\/uploads\/2020\/02\/Serra-Grande-1024x160.png\" alt=\"\" class=\"wp-image-7836\"\/><\/figure><\/div>\n\n\n\n<p><strong><span class=\"has-inline-color has-black-color\">Cafe\u00edna:<\/span><\/strong> principal estimulante do <strong>caf\u00e9.<\/strong><br><strong><span class=\"has-inline-color has-black-color\"><a href=\"https:\/\/pubmed.ncbi.nlm.nih.gov\/25750625\/\" target=\"_blank\" rel=\"noreferrer noopener\">Teobromina<\/a>: <\/span><\/strong>principal estimulante do cacau; tamb\u00e9m encontrada em menor quantidade no <strong>caf\u00e9.<\/strong><br><strong><span class=\"has-inline-color has-black-color\"><a href=\"https:\/\/pubmed.ncbi.nlm.nih.gov\/23672674\/\" target=\"_blank\" rel=\"noreferrer noopener\">Teofilina<\/a>: <\/span><\/strong>subst\u00e2ncia estimulante encontrada no cacau e no caf\u00e9; tem sido usada para tratar a asma.<br><strong><span class=\"has-inline-color has-black-color\"><a href=\"https:\/\/pubmed.ncbi.nlm.nih.gov\/19324944\/\" target=\"_blank\" rel=\"noreferrer noopener\">\u00c1cido clorog\u00eanico<\/a>:<\/span><\/strong><span class=\"has-inline-color has-black-color\"> Um dos principais compostos biologicamente ativos no\u00a0caf\u00e9; pode ajudar a retardar a absor\u00e7\u00e3o de<\/span><strong><span class=\"has-inline-color has-black-color\">\u00a0<a href=\"https:\/\/www.ecycle.com.br\/carboidratos-carboidrato\/\">carboidratos<\/a>.<\/span><\/strong><\/p>\n\n\n\n<div class=\"wp-block-image\"><figure class=\"aligncenter size-large\"><img loading=\"lazy\" decoding=\"async\" width=\"300\" height=\"250\" src=\"https:\/\/jornalfatosenoticias.com.br\/wp-content\/uploads\/2022\/08\/arte-Casarao.jpg\" alt=\"\" class=\"wp-image-33178\"\/><\/figure><\/div>\n\n\n\n<figure class=\"wp-block-pullquote\"><blockquote><p><span class=\"has-inline-color has-luminous-vivid-orange-color\">A cafe\u00edna, a principal subst\u00e2ncia estimulante do <strong>caf\u00e9<\/strong>, tem sido considerada uma subst\u00e2ncia que <strong>emagrece.<\/strong><\/span><\/p><\/blockquote><\/figure>\n\n\n\n<div class=\"wp-block-image\"><figure class=\"alignright size-large is-resized\"><img loading=\"lazy\" decoding=\"async\" src=\"https:\/\/jornalfatosenoticias.com.br\/wp-content\/uploads\/2020\/02\/nova-logo-Marquetti.jpg\" alt=\"\" class=\"wp-image-22331\" width=\"288\" height=\"193\" srcset=\"https:\/\/jornalfatosenoticias.com.br\/wp-content\/uploads\/2020\/02\/nova-logo-Marquetti.jpg 643w, https:\/\/jornalfatosenoticias.com.br\/wp-content\/uploads\/2020\/02\/nova-logo-Marquetti-300x202.jpg 300w\" sizes=\"auto, (max-width: 288px) 100vw, 288px\" \/><\/figure><\/div>\n\n\n\n<p><strong><span class=\"has-inline-color has-vivid-red-color\">Como a cafe\u00edna funciona<br><\/span><\/strong>A cafe\u00edna bloqueia um <a href=\"https:\/\/www.ncbi.nlm.nih.gov\/pmc\/articles\/PMC4115368\/\" target=\"_blank\" rel=\"noreferrer noopener\">neurotransmissor inibit\u00f3rio chamado adenosina<\/a>, de modo que haja um aumento nos n\u00edveis de libera\u00e7\u00e3o de neurotransmissores como\u00a0<a href=\"https:\/\/www.ecycle.com.br\/dopamina-como-aumentar\/\">dopamina<\/a> e norepinefrina. Esse processo faz com que a pessoa se sinta com \u201cenergia\u201d e em maior estado de alerta.<br>Dessa forma, <strong>consumir uma x\u00edcara<\/strong>\u00a0de\u00a0<strong>caf\u00e9<\/strong>\u00a0ajuda a manter-se ativo quando, de outra forma, voc\u00ea se sentiria cansado. Al\u00e9m disso, o\u00a0<strong>caf\u00e9<\/strong>\u00a0\u00e9 uma bebida que, de fato, pode causar melhora o desempenho do\u00a0<a href=\"https:\/\/www.ecycle.com.br\/exercicio-fisico\/\">exerc\u00edcio f\u00edsico<\/a>, e de atividades f\u00edsicas, em\u00a0<a href=\"https:\/\/onlinelibrary.wiley.com\/doi\/abs\/10.1111\/j.1600-0838.2005.00445.x\" target=\"_blank\" rel=\"noreferrer noopener\">11\u201312%<\/a>, em m\u00e9dia.<\/p>\n\n\n\n<div class=\"wp-block-image\"><figure class=\"aligncenter size-large\"><img decoding=\"async\" src=\"https:\/\/jornalfatosenoticias.com.br\/wp-content\/uploads\/2020\/02\/logo_esteio.jpg\" alt=\"\" class=\"wp-image-1214\"\/><\/figure><\/div>\n\n\n\n<figure class=\"wp-block-pullquote\"><blockquote><p><span class=\"has-inline-color has-luminous-vivid-orange-color\">A cafe\u00edna estimula o sistema nervoso, que envia sinais para as c\u00e9lulas de gordura, fazendo com que elas se quebrem, o que torna o caf\u00e9 uma bebida que, de fato, emagrece. Esse efeito \u00e9 obtido com o aumento dos n\u00edveis sangu\u00edneos do horm\u00f4nio epinefrina.<\/span><\/p><\/blockquote><\/figure>\n\n\n\n<div class=\"wp-block-image\"><figure class=\"alignleft size-large is-resized\"><img loading=\"lazy\" decoding=\"async\" src=\"https:\/\/jornalfatosenoticias.com.br\/wp-content\/uploads\/2020\/02\/logo-clinica-limoeiro.jpg\" alt=\"\" class=\"wp-image-34610\" width=\"293\" height=\"208\"\/><\/figure><\/div>\n\n\n\n<p><strong><span class=\"has-inline-color has-vivid-red-color\">O caf\u00e9 aumenta a taxa metab\u00f3lica<br><\/span><\/strong>A taxa com que o organismo queima calorias em repouso \u00e9 chamada de taxa metab\u00f3lica de repouso (TMR). Quanto maior a TMR da pessoa, mais facilmente ela <strong>emagrece<\/strong>. Estudos mostram que a\u00a0<strong>cafe\u00edna<\/strong>\u00a0pode aumentar a TMR em 3-11%, com\u00a0<a href=\"https:\/\/pubmed.ncbi.nlm.nih.gov\/2912010\/\" target=\"_blank\" rel=\"noreferrer noopener\">doses maiores<\/a> apresentando um efeito mais significativo.<br>Curiosamente, a maior parte do aumento do metabolismo \u00e9 causada pela intensifica\u00e7\u00e3o na queima de gordura. Mas, infelizmente, esse efeito \u00e9 menor em pessoas obesas. <\/p>\n\n\n\n<div class=\"wp-block-image\"><figure class=\"alignright size-large is-resized\"><img loading=\"lazy\" decoding=\"async\" src=\"https:\/\/jornalfatosenoticias.com.br\/wp-content\/uploads\/2022\/07\/Logo-Grupo-SEI.jpg\" alt=\"\" class=\"wp-image-31973\" width=\"319\" height=\"168\" srcset=\"https:\/\/jornalfatosenoticias.com.br\/wp-content\/uploads\/2022\/07\/Logo-Grupo-SEI.jpg 713w, https:\/\/jornalfatosenoticias.com.br\/wp-content\/uploads\/2022\/07\/Logo-Grupo-SEI-300x158.jpg 300w\" sizes=\"auto, (max-width: 319px) 100vw, 319px\" \/><\/figure><\/div>\n\n\n\n<p>Um <a href=\"https:\/\/www.ncbi.nlm.nih.gov\/pubmed\/7485480\" target=\"_blank\" rel=\"noreferrer noopener\">estudo<\/a> mostrou que a cafe\u00edna aumentou a queima de gordura em at\u00e9 29% em pessoas magras, enquanto o aumento em indiv\u00edduos obesos foi de 10%. O efeito tamb\u00e9m parece diminuir com a idade e \u00e9 maior em indiv\u00edduos mais jovens.<br>Entretanto, se voc\u00ea est\u00e1 pensando em usar o <strong>caf\u00e9<\/strong>\u00a0para emagrecer, \u00e9 preciso levar em conta que seus efeitos tendem a\u00a0<a href=\"https:\/\/pubmed.ncbi.nlm.nih.gov\/1888264\/\" target=\"_blank\" rel=\"noreferrer noopener\">diminuir com o uso em longo prazo<\/a>. Isso porque o organismo pode se tornar tolerante \u00e0 a\u00e7\u00e3o da cafe\u00edna.<\/p>\n\n\n\n<div class=\"wp-block-image\"><figure class=\"aligncenter size-large\"><img loading=\"lazy\" decoding=\"async\" width=\"729\" height=\"90\" src=\"https:\/\/jornalfatosenoticias.com.br\/wp-content\/uploads\/2020\/02\/Logo_Mizu.png\" alt=\"\" class=\"wp-image-1441\" srcset=\"https:\/\/jornalfatosenoticias.com.br\/wp-content\/uploads\/2020\/02\/Logo_Mizu.png 729w, https:\/\/jornalfatosenoticias.com.br\/wp-content\/uploads\/2020\/02\/Logo_Mizu-300x37.png 300w\" sizes=\"auto, (max-width: 729px) 100vw, 729px\" \/><\/figure><\/div>\n\n\n\n<p><strong><span class=\"has-inline-color has-vivid-red-color\">Diminui\u00e7\u00e3o do apetite<br><\/span><\/strong>Em contrapartida, mesmo que o <strong>caf\u00e9 <\/strong>n\u00e3o fa\u00e7a com que voc\u00ea gaste mais calorias a longo prazo, ainda h\u00e1 uma possibilidade de que ele diminua o apetite e ajude a comer menos. <\/p>\n\n\n\n<div class=\"wp-block-image\"><figure class=\"aligncenter size-large\"><img loading=\"lazy\" decoding=\"async\" width=\"1024\" height=\"100\" src=\"https:\/\/jornalfatosenoticias.com.br\/wp-content\/uploads\/2020\/02\/banner_ferramentas-1024x100.jpg\" alt=\"\" class=\"wp-image-1258\" srcset=\"https:\/\/jornalfatosenoticias.com.br\/wp-content\/uploads\/2020\/02\/banner_ferramentas-1024x100.jpg 1024w, https:\/\/jornalfatosenoticias.com.br\/wp-content\/uploads\/2020\/02\/banner_ferramentas-300x29.jpg 300w, https:\/\/jornalfatosenoticias.com.br\/wp-content\/uploads\/2020\/02\/banner_ferramentas-768x75.jpg 768w, https:\/\/jornalfatosenoticias.com.br\/wp-content\/uploads\/2020\/02\/banner_ferramentas.jpg 1227w\" sizes=\"auto, (max-width: 1024px) 100vw, 1024px\" \/><\/figure><\/div>\n\n\n\n<p>Em um <a href=\"https:\/\/www.sciencedirect.com\/science\/article\/abs\/pii\/S0271531788800770\" target=\"_blank\" rel=\"noreferrer noopener\">estudo<\/a>, a cafe\u00edna teve um efeito redutor do apetite em homens, mas n\u00e3o em mulheres, fazendo com que eles comessem menos em uma refei\u00e7\u00e3o ap\u00f3s o consumo de cafe\u00edna. No entanto, outro\u00a0<a href=\"https:\/\/pubmed.ncbi.nlm.nih.gov\/21346100\/\" target=\"_blank\" rel=\"noreferrer noopener\">estudo<\/a> n\u00e3o mostrou efeito para os homens.<\/p>\n\n\n\n<div class=\"wp-block-image\"><figure class=\"aligncenter size-large is-resized\"><img loading=\"lazy\" decoding=\"async\" src=\"https:\/\/jornalfatosenoticias.com.br\/wp-content\/uploads\/2020\/02\/logo-Panper_portal.jpg\" alt=\"\" class=\"wp-image-34474\" width=\"272\" height=\"188\" srcset=\"https:\/\/jornalfatosenoticias.com.br\/wp-content\/uploads\/2020\/02\/logo-Panper_portal.jpg 400w, https:\/\/jornalfatosenoticias.com.br\/wp-content\/uploads\/2020\/02\/logo-Panper_portal-300x208.jpg 300w\" sizes=\"auto, (max-width: 272px) 100vw, 272px\" \/><\/figure><\/div>\n\n\n\n<p>Mesmo que a cafe\u00edna possa acelerar o metabolismo a curto prazo, esse efeito \u00e9 diminu\u00eddo em bebedores de <strong>caf\u00e9 <\/strong>em longo prazo devido \u00e0 toler\u00e2ncia.<\/p>\n\n\n\n<div class=\"wp-block-image\"><figure class=\"aligncenter size-large\"><img loading=\"lazy\" decoding=\"async\" width=\"560\" height=\"60\" src=\"https:\/\/jornalfatosenoticias.com.br\/wp-content\/uploads\/2022\/10\/Propaganda-RC-Radiadores-Jornal_page-0001.jpg\" alt=\"\" class=\"wp-image-35270\" srcset=\"https:\/\/jornalfatosenoticias.com.br\/wp-content\/uploads\/2022\/10\/Propaganda-RC-Radiadores-Jornal_page-0001.jpg 560w, https:\/\/jornalfatosenoticias.com.br\/wp-content\/uploads\/2022\/10\/Propaganda-RC-Radiadores-Jornal_page-0001-300x32.jpg 300w\" sizes=\"auto, (max-width: 560px) 100vw, 560px\" \/><\/figure><\/div>\n\n\n\n<p><strong><span class=\"has-inline-color has-vivid-red-color\">Caf\u00e9 ajuda a emagrecer, mas modere no consumo<br><\/span><\/strong>Se voc\u00ea tem inten\u00e7\u00e3o de tomar <strong>caf\u00e9<\/strong> porque acha que ele <strong>emagrece<\/strong> pode ser melhor alternar per\u00edodos de consumo e abstin\u00eancia para evitar o desenvolvimento toler\u00e2ncia. <\/p>\n\n\n\n<div class=\"wp-block-image\"><figure class=\"aligncenter size-large\"><img decoding=\"async\" src=\"https:\/\/jornalfatosenoticias.com.br\/wp-content\/uploads\/2020\/02\/logo-embacia-1-1024x110.jpg\" alt=\"\" class=\"wp-image-33954\"\/><\/figure><\/div>\n\n\n\n<p>Nesse caso, voc\u00ea pode alternar ciclos de duas semanas de consumo e duas semanas de abstin\u00eancia. Entretanto, h\u00e1 muitas outras grandes raz\u00f5es para beber <strong>caf\u00e9<\/strong>, incluindo o fato de ele ser uma das maiores fontes de\u00a0<a href=\"https:\/\/www.ecycle.com.br\/antioxidantes-antioxidante\/\">antioxidantes<\/a> na dieta ocidental e gerar bem estar para o consumidor.<\/p>\n\n\n\n<div class=\"wp-block-image\"><figure class=\"aligncenter size-large is-resized\"><img loading=\"lazy\" decoding=\"async\" src=\"https:\/\/jornalfatosenoticias.com.br\/wp-content\/uploads\/2022\/08\/logo-locau-veiculos-1024x573.png\" alt=\"\" class=\"wp-image-33078\" width=\"253\" height=\"141\"\/><\/figure><\/div>\n\n\n\n<p><span class=\"has-inline-color has-black-color\"><em>Confira mais benef\u00edcios da bebida no v\u00eddeo abaixo!<\/em><\/span><\/p>\n\n\n\n<figure class=\"wp-block-embed-youtube wp-block-embed is-type-video is-provider-youtube wp-embed-aspect-16-9 wp-has-aspect-ratio\"><div class=\"wp-block-embed__wrapper\">\n<iframe loading=\"lazy\" title=\"Conhe\u00e7a sete benef\u00edcios do caf\u00e9\" width=\"660\" height=\"371\" src=\"https:\/\/www.youtube.com\/embed\/cUF9jNcuJ7o?feature=oembed\" frameborder=\"0\" allow=\"accelerometer; autoplay; clipboard-write; encrypted-media; gyroscope; picture-in-picture; web-share\" referrerpolicy=\"strict-origin-when-cross-origin\" allowfullscreen><\/iframe>\n<\/div><\/figure>\n\n\n\n<p><strong><em>Fonte: <a href=\"https:\/\/www.ecycle.com.br\/cafe-emagrece\/\">eCycle<\/a><\/em><\/strong><\/p>\n","protected":false},"excerpt":{"rendered":"<p>Ser\u00e1 mesmo verdade que o caf\u00e9 emagrece, como muita gente acredita? Confira o que a ci\u00eancia diz sobre o assunto Muita gente acredita que o consumo de caf\u00e9\u00a0emagrece. Ali\u00e1s, a\u00a0cafe\u00edna \u2014 subst\u00e2ncia naturalmente presente no ch\u00e1 e no caf\u00e9 preto, por exemplo \u2014 costuma fazer parte de suplementos que pode causar perda de peso, porque [&hellip;]<\/p>\n","protected":false},"author":2,"featured_media":36879,"comment_status":"open","ping_status":"open","sticky":false,"template":"","format":"standard","meta":{"footnotes":""},"categories":[42],"tags":[17317,17319,17318],"class_list":["post-36878","post","type-post","status-publish","format-standard","has-post-thumbnail","hentry","category-bem-estar","tag-beneficios-do-cafe","tag-cafe-emagrece","tag-mitos-e-verdades"],"yoast_head":"<!-- This site is optimized with the Yoast SEO plugin v26.5 - https:\/\/yoast.com\/wordpress\/plugins\/seo\/ -->\n<title>Caf\u00e9 emagrece? Entenda mitos e verdades - Jornal Fatos e Not\u00edcias<\/title>\n<meta name=\"robots\" content=\"index, follow, max-snippet:-1, max-image-preview:large, max-video-preview:-1\" \/>\n<link rel=\"canonical\" href=\"https:\/\/jornalfatosenoticias.com.br\/index.php\/2022\/12\/13\/cafe-emagrece-entenda-mitos-e-verdades\/\" \/>\n<meta property=\"og:locale\" content=\"pt_BR\" \/>\n<meta property=\"og:type\" content=\"article\" \/>\n<meta property=\"og:title\" content=\"Caf\u00e9 emagrece? Entenda mitos e verdades - Jornal Fatos e Not\u00edcias\" \/>\n<meta property=\"og:description\" content=\"Ser\u00e1 mesmo verdade que o caf\u00e9 emagrece, como muita gente acredita? Confira o que a ci\u00eancia diz sobre o assunto Muita gente acredita que o consumo de caf\u00e9\u00a0emagrece. Ali\u00e1s, a\u00a0cafe\u00edna \u2014 subst\u00e2ncia naturalmente presente no ch\u00e1 e no caf\u00e9 preto, por exemplo \u2014 costuma fazer parte de suplementos que pode causar perda de peso, porque [&hellip;]\" \/>\n<meta property=\"og:url\" content=\"https:\/\/jornalfatosenoticias.com.br\/index.php\/2022\/12\/13\/cafe-emagrece-entenda-mitos-e-verdades\/\" \/>\n<meta property=\"og:site_name\" content=\"Jornal Fatos e Not\u00edcias\" \/>\n<meta property=\"article:published_time\" content=\"2022-12-13T16:51:38+00:00\" \/>\n<meta property=\"article:modified_time\" content=\"2022-12-13T16:51:40+00:00\" \/>\n<meta property=\"og:image\" content=\"https:\/\/jornalfatosenoticias.com.br\/wp-content\/uploads\/2022\/12\/cafe-emagrece.jpg\" \/>\n\t<meta property=\"og:image:width\" content=\"1000\" \/>\n\t<meta property=\"og:image:height\" content=\"613\" \/>\n\t<meta property=\"og:image:type\" content=\"image\/jpeg\" \/>\n<meta name=\"author\" content=\"Luzimara Fernandes\" \/>\n<meta name=\"twitter:card\" content=\"summary_large_image\" \/>\n<meta name=\"twitter:label1\" content=\"Escrito por\" \/>\n\t<meta name=\"twitter:data1\" content=\"Luzimara Fernandes\" \/>\n\t<meta name=\"twitter:label2\" content=\"Est. tempo de leitura\" \/>\n\t<meta name=\"twitter:data2\" content=\"4 minutos\" \/>\n<script type=\"application\/ld+json\" class=\"yoast-schema-graph\">{\"@context\":\"https:\/\/schema.org\",\"@graph\":[{\"@type\":\"Article\",\"@id\":\"https:\/\/jornalfatosenoticias.com.br\/index.php\/2022\/12\/13\/cafe-emagrece-entenda-mitos-e-verdades\/#article\",\"isPartOf\":{\"@id\":\"https:\/\/jornalfatosenoticias.com.br\/index.php\/2022\/12\/13\/cafe-emagrece-entenda-mitos-e-verdades\/\"},\"author\":{\"name\":\"Luzimara Fernandes\",\"@id\":\"https:\/\/jornalfatosenoticias.com.br\/#\/schema\/person\/d63837fa13ac8666eb9e74e0985d6f81\"},\"headline\":\"Caf\u00e9 emagrece? Entenda mitos e verdades\",\"datePublished\":\"2022-12-13T16:51:38+00:00\",\"dateModified\":\"2022-12-13T16:51:40+00:00\",\"mainEntityOfPage\":{\"@id\":\"https:\/\/jornalfatosenoticias.com.br\/index.php\/2022\/12\/13\/cafe-emagrece-entenda-mitos-e-verdades\/\"},\"wordCount\":716,\"commentCount\":0,\"publisher\":{\"@id\":\"https:\/\/jornalfatosenoticias.com.br\/#organization\"},\"image\":{\"@id\":\"https:\/\/jornalfatosenoticias.com.br\/index.php\/2022\/12\/13\/cafe-emagrece-entenda-mitos-e-verdades\/#primaryimage\"},\"thumbnailUrl\":\"https:\/\/jornalfatosenoticias.com.br\/wp-content\/uploads\/2022\/12\/cafe-emagrece.jpg\",\"keywords\":[\"benef\u00edcios do caf\u00e9\",\"caf\u00e9 emagrece\",\"mitos e verdades\"],\"articleSection\":[\"Bem-estar\"],\"inLanguage\":\"pt-BR\",\"potentialAction\":[{\"@type\":\"CommentAction\",\"name\":\"Comment\",\"target\":[\"https:\/\/jornalfatosenoticias.com.br\/index.php\/2022\/12\/13\/cafe-emagrece-entenda-mitos-e-verdades\/#respond\"]}]},{\"@type\":\"WebPage\",\"@id\":\"https:\/\/jornalfatosenoticias.com.br\/index.php\/2022\/12\/13\/cafe-emagrece-entenda-mitos-e-verdades\/\",\"url\":\"https:\/\/jornalfatosenoticias.com.br\/index.php\/2022\/12\/13\/cafe-emagrece-entenda-mitos-e-verdades\/\",\"name\":\"Caf\u00e9 emagrece? Entenda mitos e verdades - Jornal Fatos e Not\u00edcias\",\"isPartOf\":{\"@id\":\"https:\/\/jornalfatosenoticias.com.br\/#website\"},\"primaryImageOfPage\":{\"@id\":\"https:\/\/jornalfatosenoticias.com.br\/index.php\/2022\/12\/13\/cafe-emagrece-entenda-mitos-e-verdades\/#primaryimage\"},\"image\":{\"@id\":\"https:\/\/jornalfatosenoticias.com.br\/index.php\/2022\/12\/13\/cafe-emagrece-entenda-mitos-e-verdades\/#primaryimage\"},\"thumbnailUrl\":\"https:\/\/jornalfatosenoticias.com.br\/wp-content\/uploads\/2022\/12\/cafe-emagrece.jpg\",\"datePublished\":\"2022-12-13T16:51:38+00:00\",\"dateModified\":\"2022-12-13T16:51:40+00:00\",\"breadcrumb\":{\"@id\":\"https:\/\/jornalfatosenoticias.com.br\/index.php\/2022\/12\/13\/cafe-emagrece-entenda-mitos-e-verdades\/#breadcrumb\"},\"inLanguage\":\"pt-BR\",\"potentialAction\":[{\"@type\":\"ReadAction\",\"target\":[\"https:\/\/jornalfatosenoticias.com.br\/index.php\/2022\/12\/13\/cafe-emagrece-entenda-mitos-e-verdades\/\"]}]},{\"@type\":\"ImageObject\",\"inLanguage\":\"pt-BR\",\"@id\":\"https:\/\/jornalfatosenoticias.com.br\/index.php\/2022\/12\/13\/cafe-emagrece-entenda-mitos-e-verdades\/#primaryimage\",\"url\":\"https:\/\/jornalfatosenoticias.com.br\/wp-content\/uploads\/2022\/12\/cafe-emagrece.jpg\",\"contentUrl\":\"https:\/\/jornalfatosenoticias.com.br\/wp-content\/uploads\/2022\/12\/cafe-emagrece.jpg\",\"width\":1000,\"height\":613},{\"@type\":\"BreadcrumbList\",\"@id\":\"https:\/\/jornalfatosenoticias.com.br\/index.php\/2022\/12\/13\/cafe-emagrece-entenda-mitos-e-verdades\/#breadcrumb\",\"itemListElement\":[{\"@type\":\"ListItem\",\"position\":1,\"name\":\"In\u00edcio\",\"item\":\"https:\/\/jornalfatosenoticias.com.br\/\"},{\"@type\":\"ListItem\",\"position\":2,\"name\":\"Caf\u00e9 emagrece? Entenda mitos e verdades\"}]},{\"@type\":\"WebSite\",\"@id\":\"https:\/\/jornalfatosenoticias.com.br\/#website\",\"url\":\"https:\/\/jornalfatosenoticias.com.br\/\",\"name\":\"Jornal Fatos e Not\u00edcias\",\"description\":\"Not\u00edcias em geral\",\"publisher\":{\"@id\":\"https:\/\/jornalfatosenoticias.com.br\/#organization\"},\"potentialAction\":[{\"@type\":\"SearchAction\",\"target\":{\"@type\":\"EntryPoint\",\"urlTemplate\":\"https:\/\/jornalfatosenoticias.com.br\/?s={search_term_string}\"},\"query-input\":{\"@type\":\"PropertyValueSpecification\",\"valueRequired\":true,\"valueName\":\"search_term_string\"}}],\"inLanguage\":\"pt-BR\"},{\"@type\":\"Organization\",\"@id\":\"https:\/\/jornalfatosenoticias.com.br\/#organization\",\"name\":\"Jornal Fatos e Not\u00edcias\",\"url\":\"https:\/\/jornalfatosenoticias.com.br\/\",\"logo\":{\"@type\":\"ImageObject\",\"inLanguage\":\"pt-BR\",\"@id\":\"https:\/\/jornalfatosenoticias.com.br\/#\/schema\/logo\/image\/\",\"url\":\"https:\/\/jornalfatosenoticias.com.br\/wp-content\/uploads\/2020\/02\/logo120.png\",\"contentUrl\":\"https:\/\/jornalfatosenoticias.com.br\/wp-content\/uploads\/2020\/02\/logo120.png\",\"width\":1227,\"height\":120,\"caption\":\"Jornal Fatos e Not\u00edcias\"},\"image\":{\"@id\":\"https:\/\/jornalfatosenoticias.com.br\/#\/schema\/logo\/image\/\"}},{\"@type\":\"Person\",\"@id\":\"https:\/\/jornalfatosenoticias.com.br\/#\/schema\/person\/d63837fa13ac8666eb9e74e0985d6f81\",\"name\":\"Luzimara Fernandes\",\"image\":{\"@type\":\"ImageObject\",\"inLanguage\":\"pt-BR\",\"@id\":\"https:\/\/jornalfatosenoticias.com.br\/#\/schema\/person\/image\/\",\"url\":\"https:\/\/jornalfatosenoticias.com.br\/wp-content\/uploads\/2025\/05\/EU_portal.jpg\",\"contentUrl\":\"https:\/\/jornalfatosenoticias.com.br\/wp-content\/uploads\/2025\/05\/EU_portal.jpg\",\"caption\":\"Luzimara Fernandes\"},\"description\":\"Jornalista MTB 2358-ES\",\"sameAs\":[\"https:\/\/jornalfatosenoticias.com.br\"],\"url\":\"https:\/\/jornalfatosenoticias.com.br\/index.php\/author\/luzimara\/\"}]}<\/script>\n<!-- \/ Yoast SEO plugin. -->","yoast_head_json":{"title":"Caf\u00e9 emagrece? Entenda mitos e verdades - Jornal Fatos e Not\u00edcias","robots":{"index":"index","follow":"follow","max-snippet":"max-snippet:-1","max-image-preview":"max-image-preview:large","max-video-preview":"max-video-preview:-1"},"canonical":"https:\/\/jornalfatosenoticias.com.br\/index.php\/2022\/12\/13\/cafe-emagrece-entenda-mitos-e-verdades\/","og_locale":"pt_BR","og_type":"article","og_title":"Caf\u00e9 emagrece? Entenda mitos e verdades - Jornal Fatos e Not\u00edcias","og_description":"Ser\u00e1 mesmo verdade que o caf\u00e9 emagrece, como muita gente acredita? Confira o que a ci\u00eancia diz sobre o assunto Muita gente acredita que o consumo de caf\u00e9\u00a0emagrece. Ali\u00e1s, a\u00a0cafe\u00edna \u2014 subst\u00e2ncia naturalmente presente no ch\u00e1 e no caf\u00e9 preto, por exemplo \u2014 costuma fazer parte de suplementos que pode causar perda de peso, porque [&hellip;]","og_url":"https:\/\/jornalfatosenoticias.com.br\/index.php\/2022\/12\/13\/cafe-emagrece-entenda-mitos-e-verdades\/","og_site_name":"Jornal Fatos e Not\u00edcias","article_published_time":"2022-12-13T16:51:38+00:00","article_modified_time":"2022-12-13T16:51:40+00:00","og_image":[{"width":1000,"height":613,"url":"https:\/\/jornalfatosenoticias.com.br\/wp-content\/uploads\/2022\/12\/cafe-emagrece.jpg","type":"image\/jpeg"}],"author":"Luzimara Fernandes","twitter_card":"summary_large_image","twitter_misc":{"Escrito por":"Luzimara Fernandes","Est. tempo de leitura":"4 minutos"},"schema":{"@context":"https:\/\/schema.org","@graph":[{"@type":"Article","@id":"https:\/\/jornalfatosenoticias.com.br\/index.php\/2022\/12\/13\/cafe-emagrece-entenda-mitos-e-verdades\/#article","isPartOf":{"@id":"https:\/\/jornalfatosenoticias.com.br\/index.php\/2022\/12\/13\/cafe-emagrece-entenda-mitos-e-verdades\/"},"author":{"name":"Luzimara Fernandes","@id":"https:\/\/jornalfatosenoticias.com.br\/#\/schema\/person\/d63837fa13ac8666eb9e74e0985d6f81"},"headline":"Caf\u00e9 emagrece? Entenda mitos e verdades","datePublished":"2022-12-13T16:51:38+00:00","dateModified":"2022-12-13T16:51:40+00:00","mainEntityOfPage":{"@id":"https:\/\/jornalfatosenoticias.com.br\/index.php\/2022\/12\/13\/cafe-emagrece-entenda-mitos-e-verdades\/"},"wordCount":716,"commentCount":0,"publisher":{"@id":"https:\/\/jornalfatosenoticias.com.br\/#organization"},"image":{"@id":"https:\/\/jornalfatosenoticias.com.br\/index.php\/2022\/12\/13\/cafe-emagrece-entenda-mitos-e-verdades\/#primaryimage"},"thumbnailUrl":"https:\/\/jornalfatosenoticias.com.br\/wp-content\/uploads\/2022\/12\/cafe-emagrece.jpg","keywords":["benef\u00edcios do caf\u00e9","caf\u00e9 emagrece","mitos e verdades"],"articleSection":["Bem-estar"],"inLanguage":"pt-BR","potentialAction":[{"@type":"CommentAction","name":"Comment","target":["https:\/\/jornalfatosenoticias.com.br\/index.php\/2022\/12\/13\/cafe-emagrece-entenda-mitos-e-verdades\/#respond"]}]},{"@type":"WebPage","@id":"https:\/\/jornalfatosenoticias.com.br\/index.php\/2022\/12\/13\/cafe-emagrece-entenda-mitos-e-verdades\/","url":"https:\/\/jornalfatosenoticias.com.br\/index.php\/2022\/12\/13\/cafe-emagrece-entenda-mitos-e-verdades\/","name":"Caf\u00e9 emagrece? Entenda mitos e verdades - Jornal Fatos e Not\u00edcias","isPartOf":{"@id":"https:\/\/jornalfatosenoticias.com.br\/#website"},"primaryImageOfPage":{"@id":"https:\/\/jornalfatosenoticias.com.br\/index.php\/2022\/12\/13\/cafe-emagrece-entenda-mitos-e-verdades\/#primaryimage"},"image":{"@id":"https:\/\/jornalfatosenoticias.com.br\/index.php\/2022\/12\/13\/cafe-emagrece-entenda-mitos-e-verdades\/#primaryimage"},"thumbnailUrl":"https:\/\/jornalfatosenoticias.com.br\/wp-content\/uploads\/2022\/12\/cafe-emagrece.jpg","datePublished":"2022-12-13T16:51:38+00:00","dateModified":"2022-12-13T16:51:40+00:00","breadcrumb":{"@id":"https:\/\/jornalfatosenoticias.com.br\/index.php\/2022\/12\/13\/cafe-emagrece-entenda-mitos-e-verdades\/#breadcrumb"},"inLanguage":"pt-BR","potentialAction":[{"@type":"ReadAction","target":["https:\/\/jornalfatosenoticias.com.br\/index.php\/2022\/12\/13\/cafe-emagrece-entenda-mitos-e-verdades\/"]}]},{"@type":"ImageObject","inLanguage":"pt-BR","@id":"https:\/\/jornalfatosenoticias.com.br\/index.php\/2022\/12\/13\/cafe-emagrece-entenda-mitos-e-verdades\/#primaryimage","url":"https:\/\/jornalfatosenoticias.com.br\/wp-content\/uploads\/2022\/12\/cafe-emagrece.jpg","contentUrl":"https:\/\/jornalfatosenoticias.com.br\/wp-content\/uploads\/2022\/12\/cafe-emagrece.jpg","width":1000,"height":613},{"@type":"BreadcrumbList","@id":"https:\/\/jornalfatosenoticias.com.br\/index.php\/2022\/12\/13\/cafe-emagrece-entenda-mitos-e-verdades\/#breadcrumb","itemListElement":[{"@type":"ListItem","position":1,"name":"In\u00edcio","item":"https:\/\/jornalfatosenoticias.com.br\/"},{"@type":"ListItem","position":2,"name":"Caf\u00e9 emagrece? Entenda mitos e verdades"}]},{"@type":"WebSite","@id":"https:\/\/jornalfatosenoticias.com.br\/#website","url":"https:\/\/jornalfatosenoticias.com.br\/","name":"Jornal Fatos e Not\u00edcias","description":"Not\u00edcias em geral","publisher":{"@id":"https:\/\/jornalfatosenoticias.com.br\/#organization"},"potentialAction":[{"@type":"SearchAction","target":{"@type":"EntryPoint","urlTemplate":"https:\/\/jornalfatosenoticias.com.br\/?s={search_term_string}"},"query-input":{"@type":"PropertyValueSpecification","valueRequired":true,"valueName":"search_term_string"}}],"inLanguage":"pt-BR"},{"@type":"Organization","@id":"https:\/\/jornalfatosenoticias.com.br\/#organization","name":"Jornal Fatos e Not\u00edcias","url":"https:\/\/jornalfatosenoticias.com.br\/","logo":{"@type":"ImageObject","inLanguage":"pt-BR","@id":"https:\/\/jornalfatosenoticias.com.br\/#\/schema\/logo\/image\/","url":"https:\/\/jornalfatosenoticias.com.br\/wp-content\/uploads\/2020\/02\/logo120.png","contentUrl":"https:\/\/jornalfatosenoticias.com.br\/wp-content\/uploads\/2020\/02\/logo120.png","width":1227,"height":120,"caption":"Jornal Fatos e Not\u00edcias"},"image":{"@id":"https:\/\/jornalfatosenoticias.com.br\/#\/schema\/logo\/image\/"}},{"@type":"Person","@id":"https:\/\/jornalfatosenoticias.com.br\/#\/schema\/person\/d63837fa13ac8666eb9e74e0985d6f81","name":"Luzimara Fernandes","image":{"@type":"ImageObject","inLanguage":"pt-BR","@id":"https:\/\/jornalfatosenoticias.com.br\/#\/schema\/person\/image\/","url":"https:\/\/jornalfatosenoticias.com.br\/wp-content\/uploads\/2025\/05\/EU_portal.jpg","contentUrl":"https:\/\/jornalfatosenoticias.com.br\/wp-content\/uploads\/2025\/05\/EU_portal.jpg","caption":"Luzimara Fernandes"},"description":"Jornalista MTB 2358-ES","sameAs":["https:\/\/jornalfatosenoticias.com.br"],"url":"https:\/\/jornalfatosenoticias.com.br\/index.php\/author\/luzimara\/"}]}},"cc_featured_image_caption":{"caption_text":"(Foto: Frame Harirak\/Unsplash)","source_text":"","source_url":""},"jetpack_featured_media_url":"https:\/\/jornalfatosenoticias.com.br\/wp-content\/uploads\/2022\/12\/cafe-emagrece.jpg","_links":{"self":[{"href":"https:\/\/jornalfatosenoticias.com.br\/index.php\/wp-json\/wp\/v2\/posts\/36878","targetHints":{"allow":["GET"]}}],"collection":[{"href":"https:\/\/jornalfatosenoticias.com.br\/index.php\/wp-json\/wp\/v2\/posts"}],"about":[{"href":"https:\/\/jornalfatosenoticias.com.br\/index.php\/wp-json\/wp\/v2\/types\/post"}],"author":[{"embeddable":true,"href":"https:\/\/jornalfatosenoticias.com.br\/index.php\/wp-json\/wp\/v2\/users\/2"}],"replies":[{"embeddable":true,"href":"https:\/\/jornalfatosenoticias.com.br\/index.php\/wp-json\/wp\/v2\/comments?post=36878"}],"version-history":[{"count":0,"href":"https:\/\/jornalfatosenoticias.com.br\/index.php\/wp-json\/wp\/v2\/posts\/36878\/revisions"}],"wp:featuredmedia":[{"embeddable":true,"href":"https:\/\/jornalfatosenoticias.com.br\/index.php\/wp-json\/wp\/v2\/media\/36879"}],"wp:attachment":[{"href":"https:\/\/jornalfatosenoticias.com.br\/index.php\/wp-json\/wp\/v2\/media?parent=36878"}],"wp:term":[{"taxonomy":"category","embeddable":true,"href":"https:\/\/jornalfatosenoticias.com.br\/index.php\/wp-json\/wp\/v2\/categories?post=36878"},{"taxonomy":"post_tag","embeddable":true,"href":"https:\/\/jornalfatosenoticias.com.br\/index.php\/wp-json\/wp\/v2\/tags?post=36878"}],"curies":[{"name":"wp","href":"https:\/\/api.w.org\/{rel}","templated":true}]}}