{"id":36882,"date":"2022-12-13T14:16:04","date_gmt":"2022-12-13T17:16:04","guid":{"rendered":"https:\/\/jornalfatosenoticias.com.br\/?p=36882"},"modified":"2022-12-13T14:16:05","modified_gmt":"2022-12-13T17:16:05","slug":"restauracao-da-mata-atlantica-e-iniciativa-de-referencia-para-onu","status":"publish","type":"post","link":"https:\/\/jornalfatosenoticias.com.br\/index.php\/2022\/12\/13\/restauracao-da-mata-atlantica-e-iniciativa-de-referencia-para-onu\/","title":{"rendered":"Restaura\u00e7\u00e3o da Mata Atl\u00e2ntica \u00e9 iniciativa de refer\u00eancia para ONU"},"content":{"rendered":"\n<p><em><span class=\"has-inline-color has-black-color\">An\u00fancio aconteceu durante o Dia da Restaura\u00e7\u00e3o de Ecossistemas na COP15 da Conven\u00e7\u00e3o sobre Diversidade Biol\u00f3gica, no Canad\u00e1<\/span><\/em><\/p>\n\n\n\n<div class=\"wp-block-image\"><figure class=\"aligncenter size-large\"><img decoding=\"async\" src=\"https:\/\/jornalfatosenoticias.com.br\/wp-content\/uploads\/2020\/02\/Serra-Grande-1024x160.png\" alt=\"\" class=\"wp-image-7836\"\/><\/figure><\/div>\n\n\n\n<p>A Organiza\u00e7\u00e3o das Na\u00e7\u00f5es Unidas (ONU) reconheceu o trabalho de restaura\u00e7\u00e3o florestal da <a href=\"https:\/\/ciclovivo.com.br\/planeta\/desenvolvimento\/iniciativa-mapeia-agroflorestas-na-mata-atlantica\/\" target=\"_blank\" rel=\"noreferrer noopener\">Mata Atl\u00e2ntica<\/a>\u00a0como um dos mais promissores e relevantes do mundo, declarada como uma das 10 Iniciativas de Refer\u00eancia da Restaura\u00e7\u00e3o Mundial da D\u00e9cada da ONU da Restaura\u00e7\u00e3o de Ecossistemas. O an\u00fancio foi realizado nesta ter\u00e7a-feira (13) durante a 15\u00aa Confer\u00eancia das Partes da Conven\u00e7\u00e3o sobre Diversidade Biol\u00f3gica da ONU (COP15), realizada em Montreal, no Canad\u00e1.<\/p>\n\n\n\n<div class=\"wp-block-image\"><figure class=\"aligncenter size-large\"><img decoding=\"async\" src=\"https:\/\/jornalfatosenoticias.com.br\/wp-content\/uploads\/2020\/02\/barao-das-carnes-300x164-1.jpg\" alt=\"\" class=\"wp-image-34339\"\/><\/figure><\/div>\n\n\n\n<p>Essas iniciativas reconhecidas est\u00e3o eleg\u00edveis para receber apoio, financiamento ou conhecimento t\u00e9cnico da ONU. E mostram como os defensores do meio ambiente est\u00e3o consertando ecossistemas danificados em todo o planeta.<\/p>\n\n\n\n<div class=\"wp-block-image\"><figure class=\"aligncenter size-large\"><img loading=\"lazy\" decoding=\"async\" width=\"300\" height=\"250\" src=\"https:\/\/jornalfatosenoticias.com.br\/wp-content\/uploads\/2022\/08\/arte-Casarao.jpg\" alt=\"\" class=\"wp-image-33178\"\/><\/figure><\/div>\n\n\n\n<figure class=\"wp-block-pullquote\"><blockquote><p><span class=\"has-inline-color has-luminous-vivid-orange-color\">Em todo o mundo, nossas florestas est\u00e3o sitiadas\u201d disse a diretora-executiva do Programa das Na\u00e7\u00f5es Unidas para o Meio Ambiente (Pnuma), Inger Andersen. \u201cA restaura\u00e7\u00e3o da Mata Atl\u00e2ntica por meio do engajamento das comunidades locais \u00e9 um poderoso lembrete de que a natureza pode se recuperar quando tem uma chance e que pode trazer enormes benef\u00edcios no processo\u201d.<\/span><\/p><\/blockquote><\/figure>\n\n\n\n<div class=\"wp-block-image\"><figure class=\"alignleft size-large is-resized\"><img loading=\"lazy\" decoding=\"async\" src=\"https:\/\/jornalfatosenoticias.com.br\/wp-content\/uploads\/2020\/02\/casa-do-torresmo_portal.jpg\" alt=\"\" class=\"wp-image-34472\" width=\"266\" height=\"266\" srcset=\"https:\/\/jornalfatosenoticias.com.br\/wp-content\/uploads\/2020\/02\/casa-do-torresmo_portal.jpg 300w, https:\/\/jornalfatosenoticias.com.br\/wp-content\/uploads\/2020\/02\/casa-do-torresmo_portal-150x150.jpg 150w\" sizes=\"auto, (max-width: 266px) 100vw, 266px\" \/><\/figure><\/div>\n\n\n\n<p>O trabalho \u00e9 liderado pelo Pacto pela Restaura\u00e7\u00e3o da Mata Atl\u00e2ntica e pela Rede Trinacional de Restaura\u00e7\u00e3o da Mata Atl\u00e2ntica, que conta com organiza\u00e7\u00f5es da Argentina, Brasil e Paraguai. Com o objetivo de <a href=\"https:\/\/ciclovivo.com.br\/inovacao\/inspiracao\/itens-de-papelaria-tem-venda-revertida-para-restauracao-de-ecossistemas\/\" target=\"_blank\" rel=\"noreferrer noopener\">restaurar<\/a> 15 milh\u00f5es de hectares at\u00e9 2050, o PACTO \u00e9 uma coaliz\u00e3o multissetorial que re\u00fane mais de 300 organiza\u00e7\u00f5es para restaurar a Mata Atl\u00e2ntica. A Rede Trinacional de Restaura\u00e7\u00e3o da Mata Atl\u00e2ntica \u00e9 um movimento transfronteiri\u00e7o que abrange a Ecorregi\u00e3o trinacional do Alto Paran\u00e1 na Argentina, Brasil e Paraguai, com mais de 60 organiza\u00e7\u00f5es. Os membros dos dois coletivos possuem mais de 30 anos de experi\u00eancia em restaura\u00e7\u00e3o em diferentes contextos socioecon\u00f4micos e ecol\u00f3gicos.<\/p>\n\n\n\n<div class=\"wp-block-image\"><figure class=\"aligncenter size-large\"><img decoding=\"async\" src=\"https:\/\/jornalfatosenoticias.com.br\/wp-content\/uploads\/2020\/02\/logo_esteio.jpg\" alt=\"\" class=\"wp-image-1214\"\/><\/figure><\/div>\n\n\n\n<figure class=\"wp-block-pullquote\"><blockquote><p><span class=\"has-inline-color has-luminous-vivid-orange-color\">Atuamos com colabora\u00e7\u00f5es conjuntas diretas nos territ\u00f3rios em que cada ator exerce fun\u00e7\u00f5es fundamentais para a execu\u00e7\u00e3o dos projetos, respeitando os contextos locais com o envolvimento de comunidades tradicionais e com o empoderamento feminino. Restaurar \u00e9 muito mais que o plantio de \u00e1rvores, \u00e9 assumir um compromisso com a qualidade de vida de milhares de pessoas\u201d, afirma Taruhim Quadros, representante da Rede Trinacional de Restaura\u00e7\u00e3o da Mata Atl\u00e2ntica.<\/span><\/p><\/blockquote><\/figure>\n\n\n\n<div class=\"wp-block-image\"><figure class=\"aligncenter size-large\"><img loading=\"lazy\" decoding=\"async\" width=\"1000\" height=\"562\" src=\"https:\/\/jornalfatosenoticias.com.br\/wp-content\/uploads\/2022\/12\/Mata-Atlantica-2.jpg\" alt=\"\" class=\"wp-image-36885\" srcset=\"https:\/\/jornalfatosenoticias.com.br\/wp-content\/uploads\/2022\/12\/Mata-Atlantica-2.jpg 1000w, https:\/\/jornalfatosenoticias.com.br\/wp-content\/uploads\/2022\/12\/Mata-Atlantica-2-300x169.jpg 300w, https:\/\/jornalfatosenoticias.com.br\/wp-content\/uploads\/2022\/12\/Mata-Atlantica-2-768x432.jpg 768w\" sizes=\"auto, (max-width: 1000px) 100vw, 1000px\" \/><figcaption><em><span class=\"has-inline-color has-black-color\">(Foto: Renato Augusto Martins\/CC)<\/span><\/em><\/figcaption><\/figure><\/div>\n\n\n\n<p><strong><span class=\"has-inline-color has-vivid-green-cyan-color\">Muitos mais do que plantar \u00e1rvores<br><\/span><\/strong>A nomea\u00e7\u00e3o reconhece que a restaura\u00e7\u00e3o \u00e9 uma atividade que vai al\u00e9m do plantio de \u00e1rvores, promove m\u00faltiplos benef\u00edcios para natureza e pessoas, capaz de gerar trabalho e renda.<\/p>\n\n\n\n<div class=\"wp-block-image\"><figure class=\"aligncenter size-large is-resized\"><img loading=\"lazy\" decoding=\"async\" src=\"https:\/\/jornalfatosenoticias.com.br\/wp-content\/uploads\/2022\/02\/Precisao-Contabilidade-1024x724.jpg\" alt=\"\" class=\"wp-image-28088\" width=\"299\" height=\"211\"\/><\/figure><\/div>\n\n\n\n<figure class=\"wp-block-pullquote\"><blockquote><p><span class=\"has-inline-color has-luminous-vivid-orange-color\">Restaura\u00e7\u00e3o \u00e9 um sistema inclusivo que funciona de maneira diversa e de longo prazo, envolvendo diversas institui\u00e7\u00f5es\u201d, explica Taruhim.<\/span><\/p><\/blockquote><\/figure>\n\n\n\n<div class=\"wp-block-image\"><figure class=\"alignright size-large is-resized\"><img loading=\"lazy\" decoding=\"async\" src=\"https:\/\/jornalfatosenoticias.com.br\/wp-content\/uploads\/2020\/02\/nova-logo-Marquetti.jpg\" alt=\"\" class=\"wp-image-22331\" width=\"291\" height=\"195\" srcset=\"https:\/\/jornalfatosenoticias.com.br\/wp-content\/uploads\/2020\/02\/nova-logo-Marquetti.jpg 643w, https:\/\/jornalfatosenoticias.com.br\/wp-content\/uploads\/2020\/02\/nova-logo-Marquetti-300x202.jpg 300w\" sizes=\"auto, (max-width: 291px) 100vw, 291px\" \/><\/figure><\/div>\n\n\n\n<p>Para Luc\u00eda Lazzari, uma das representantes da Rede Trinacional de Restaura\u00e7\u00e3o da Mata Atl\u00e2ntica na Argentina, a indica\u00e7\u00e3o enquanto Refer\u00eancia Mundial da Restaura\u00e7\u00e3o \u00e9 um reconhecimento de muitos anos de trabalho. \u201cPara poder conduzir e propiciar verdadeiros processos de conserva\u00e7\u00e3o e restaura\u00e7\u00e3o da Mata Atl\u00e2ntica \u00e9 fundamental que as comunidades locais estejam informadas e envolvidas. S\u00e3o elas e eles os verdadeiros agentes da mudan\u00e7a\u201d, comenta Lazzari.<\/p>\n\n\n\n<figure class=\"wp-block-pullquote\"><blockquote><p><span class=\"has-inline-color has-luminous-vivid-orange-color\">De acordo com Alex Fernando Mendes, secret\u00e1rio executivo do Pacto pela Restaura\u00e7\u00e3o da Mata Atl\u00e2ntica, \u201co movimento ajuda a difundir a restaura\u00e7\u00e3o em larga escala ao mesmo tempo que conecta iniciativas e compartilha conhecimento. Assim, at\u00e9 2030, teremos um milh\u00e3o de hectares restaurados ou em processo de restaura\u00e7\u00e3o na Mata Atl\u00e2ntica, atuando de forma descentralizada e na elabora\u00e7\u00e3o de documentos de refer\u00eancia\u201d, comenta.<\/span><\/p><\/blockquote><\/figure>\n\n\n\n<div class=\"wp-block-image\"><figure class=\"alignleft size-large is-resized\"><img loading=\"lazy\" decoding=\"async\" src=\"https:\/\/jornalfatosenoticias.com.br\/wp-content\/uploads\/2022\/07\/Logo-Grupo-SEI.jpg\" alt=\"\" class=\"wp-image-31973\" width=\"330\" height=\"174\" srcset=\"https:\/\/jornalfatosenoticias.com.br\/wp-content\/uploads\/2022\/07\/Logo-Grupo-SEI.jpg 713w, https:\/\/jornalfatosenoticias.com.br\/wp-content\/uploads\/2022\/07\/Logo-Grupo-SEI-300x158.jpg 300w\" sizes=\"auto, (max-width: 330px) 100vw, 330px\" \/><\/figure><\/div>\n\n\n\n<p>As iniciativas de restaura\u00e7\u00e3o na <a href=\"https:\/\/ciclovivo.com.br\/planeta\/meio-ambiente\/10-arvores-da-mata-atlantica-que-podemos-plantar\/\" target=\"_blank\" rel=\"noreferrer noopener\">Mata Atl\u00e2ntica<\/a>\u00a0tamb\u00e9m promovem a conserva\u00e7\u00e3o de esp\u00e9cies, aumentam a conectividade das paisagens, melhoram a provis\u00e3o h\u00eddrica, estimulam a educa\u00e7\u00e3o ambiental, o engajamento e bem-estar de comunidades locais e benef\u00edcios sociais. Ambos os coletivos tamb\u00e9m trazem iniciativas voltadas para a capta\u00e7\u00e3o de recursos, monitoramento da qualidade das florestas restauradas, al\u00e9m da constru\u00e7\u00e3o de parcerias para a restaura\u00e7\u00e3o em larga escala e de longo prazo.<\/p>\n\n\n\n<div class=\"wp-block-image\"><figure class=\"aligncenter size-large\"><img loading=\"lazy\" decoding=\"async\" width=\"1024\" height=\"110\" src=\"https:\/\/jornalfatosenoticias.com.br\/wp-content\/uploads\/2022\/10\/Arte-jornal-Zucchi-1120x120_Prancheta-1-1024x110.jpg\" alt=\"\" class=\"wp-image-34772\" srcset=\"https:\/\/jornalfatosenoticias.com.br\/wp-content\/uploads\/2022\/10\/Arte-jornal-Zucchi-1120x120_Prancheta-1-1024x110.jpg 1024w, https:\/\/jornalfatosenoticias.com.br\/wp-content\/uploads\/2022\/10\/Arte-jornal-Zucchi-1120x120_Prancheta-1-300x32.jpg 300w, https:\/\/jornalfatosenoticias.com.br\/wp-content\/uploads\/2022\/10\/Arte-jornal-Zucchi-1120x120_Prancheta-1-768x82.jpg 768w, https:\/\/jornalfatosenoticias.com.br\/wp-content\/uploads\/2022\/10\/Arte-jornal-Zucchi-1120x120_Prancheta-1-1536x165.jpg 1536w, https:\/\/jornalfatosenoticias.com.br\/wp-content\/uploads\/2022\/10\/Arte-jornal-Zucchi-1120x120_Prancheta-1-2048x219.jpg 2048w\" sizes=\"auto, (max-width: 1024px) 100vw, 1024px\" \/><\/figure><\/div>\n\n\n\n<p><strong><span class=\"has-inline-color has-vivid-green-cyan-color\">Nomea\u00e7\u00e3o<\/span><\/strong><br>O t\u00edtulo da ONU reconhece n\u00e3o apenas o legado de restaura\u00e7\u00e3o da Mata Atl\u00e2ntica, mas tamb\u00e9m traz \u00e0 tona que as iniciativas atuais das redes fortalecem coaliz\u00f5es e uma estrat\u00e9gia robusta de conserva\u00e7\u00e3o, alinhadas com o Plano de A\u00e7\u00e3o da D\u00e9cada da Restaura\u00e7\u00e3o de Ecossistemas da ONU (2021-2030).<\/p>\n\n\n\n<div class=\"wp-block-image\"><figure class=\"aligncenter size-large\"><img loading=\"lazy\" decoding=\"async\" width=\"729\" height=\"90\" src=\"https:\/\/jornalfatosenoticias.com.br\/wp-content\/uploads\/2020\/02\/Logo_Mizu.png\" alt=\"\" class=\"wp-image-1441\" srcset=\"https:\/\/jornalfatosenoticias.com.br\/wp-content\/uploads\/2020\/02\/Logo_Mizu.png 729w, https:\/\/jornalfatosenoticias.com.br\/wp-content\/uploads\/2020\/02\/Logo_Mizu-300x37.png 300w\" sizes=\"auto, (max-width: 729px) 100vw, 729px\" \/><\/figure><\/div>\n\n\n\n<p>O progresso de todas as 10 Iniciativas de Restaura\u00e7\u00e3o contempladas ser\u00e1 monitorado de forma transparente por meio da Estrutura para Monitoramento da Restaura\u00e7\u00e3o de Ecossistemas, a plataforma da D\u00e9cada da ONU para acompanhar os esfor\u00e7os globais de restaura\u00e7\u00e3o.<\/p>\n\n\n\n<div class=\"wp-block-image\"><figure class=\"aligncenter size-large is-resized\"><img loading=\"lazy\" decoding=\"async\" src=\"https:\/\/jornalfatosenoticias.com.br\/wp-content\/uploads\/2020\/02\/logo-Panper_portal.jpg\" alt=\"\" class=\"wp-image-34474\" width=\"261\" height=\"181\" srcset=\"https:\/\/jornalfatosenoticias.com.br\/wp-content\/uploads\/2020\/02\/logo-Panper_portal.jpg 400w, https:\/\/jornalfatosenoticias.com.br\/wp-content\/uploads\/2020\/02\/logo-Panper_portal-300x208.jpg 300w\" sizes=\"auto, (max-width: 261px) 100vw, 261px\" \/><\/figure><\/div>\n\n\n\n<p>Para a nomea\u00e7\u00e3o como Refer\u00eancia da Restaura\u00e7\u00e3o Mundial, a ONU criou um comit\u00ea especial composto por cientistas e pesquisadores. Foram considerados mais de 20 crit\u00e9rios de avalia\u00e7\u00e3o, tais como: envolvimento de comunidades locais nas tomadas de decis\u00e3o, forma\u00e7\u00e3o de coaliz\u00f5es, contribui\u00e7\u00e3o para os acordos internacionais de redu\u00e7\u00e3o de emiss\u00f5es, potencial de crescimento e replicabilidade, entre outros.<\/p>\n\n\n\n<div class=\"wp-block-image\"><figure class=\"aligncenter size-large\"><img loading=\"lazy\" decoding=\"async\" width=\"1024\" height=\"100\" src=\"https:\/\/jornalfatosenoticias.com.br\/wp-content\/uploads\/2022\/05\/NOVA-LOGO-CESCONETTO-1024x100.jpg\" alt=\"\" class=\"wp-image-30792\" srcset=\"https:\/\/jornalfatosenoticias.com.br\/wp-content\/uploads\/2022\/05\/NOVA-LOGO-CESCONETTO-1024x100.jpg 1024w, https:\/\/jornalfatosenoticias.com.br\/wp-content\/uploads\/2022\/05\/NOVA-LOGO-CESCONETTO-300x29.jpg 300w, https:\/\/jornalfatosenoticias.com.br\/wp-content\/uploads\/2022\/05\/NOVA-LOGO-CESCONETTO-768x75.jpg 768w, https:\/\/jornalfatosenoticias.com.br\/wp-content\/uploads\/2022\/05\/NOVA-LOGO-CESCONETTO.jpg 1280w\" sizes=\"auto, (max-width: 1024px) 100vw, 1024px\" \/><\/figure><\/div>\n\n\n\n<p>Em todo o mundo foram 156 propostas concorrendo ao t\u00edtulo de Refer\u00eancia da Restaura\u00e7\u00e3o Mundial, que, juntas representam mais de 96 milh\u00f5es de hectares restaurados e com potencial de gera\u00e7\u00e3o de mais de 1,5 milh\u00e3o de postos de trabalho verdes.<br>Al\u00e9m da iniciativa da Mata Atl\u00e2ntica, tamb\u00e9m foram nomeadas como Refer\u00eancia da Restaura\u00e7\u00e3o Mundial iniciativas na \u00c1frica, Oceania, Am\u00e9rica Central, Oriente M\u00e9dio e \u00c1sia. <strong>A lista completa est\u00e1 dispon\u00edvel\u00a0<a href=\"https:\/\/www.decadeonrestoration.org\/pt-br\" target=\"_blank\" rel=\"noreferrer noopener\">AQUI<\/a>.<\/strong><\/p>\n\n\n\n<div class=\"wp-block-image\"><figure class=\"aligncenter size-large is-resized\"><img loading=\"lazy\" decoding=\"async\" src=\"https:\/\/jornalfatosenoticias.com.br\/wp-content\/uploads\/2022\/08\/logo-locau-veiculos-1024x573.png\" alt=\"\" class=\"wp-image-33078\" width=\"303\" height=\"169\"\/><\/figure><\/div>\n\n\n\n<p><strong><span class=\"has-inline-color has-vivid-green-cyan-color\">20 anos de trabalho pela Mata Atl\u00e2ntica<br><\/span><\/strong>Uma das mais de 15 unidades regionais do Pacto pela Restaura\u00e7\u00e3o da Mata Atl\u00e2ntica \u00e9 a Associa\u00e7\u00e3o Ambientalista <a href=\"https:\/\/ciclovivo.com.br\/inovacao\/negocios\/povos-da-amazonia-trocam-saberes-sobre-copaiba-e-cumaru\/\" target=\"_blank\" rel=\"noreferrer noopener\">Copa\u00edba<\/a>, localizada na regi\u00e3o de Socorro (SP). A institui\u00e7\u00e3o foi fundada h\u00e1 mais de 20 anos por um grupo de jovens e hoje tem um viveiro pr\u00f3prio com capacidade de produzir at\u00e9 700 mil mudas ao ano e atua em 19 munic\u00edpios da regi\u00e3o leste do estado de S\u00e3o Paulo, fazendo girar a economia local e transformando a paisagem.<\/p>\n\n\n\n<div class=\"wp-block-image\"><figure class=\"aligncenter size-large\"><img loading=\"lazy\" decoding=\"async\" width=\"1000\" height=\"666\" src=\"https:\/\/jornalfatosenoticias.com.br\/wp-content\/uploads\/2022\/12\/restauracao-mata-atlantica-3.jpg\" alt=\"\" class=\"wp-image-36884\" srcset=\"https:\/\/jornalfatosenoticias.com.br\/wp-content\/uploads\/2022\/12\/restauracao-mata-atlantica-3.jpg 1000w, https:\/\/jornalfatosenoticias.com.br\/wp-content\/uploads\/2022\/12\/restauracao-mata-atlantica-3-300x200.jpg 300w, https:\/\/jornalfatosenoticias.com.br\/wp-content\/uploads\/2022\/12\/restauracao-mata-atlantica-3-768x511.jpg 768w\" sizes=\"auto, (max-width: 1000px) 100vw, 1000px\" \/><figcaption><em><span class=\"has-inline-color has-black-color\">Vista geral da \u00e1rea de reflorestamento de Ellen Fontana, propriet\u00e1ria parceira do projeto Ra\u00edzes de Mogi Gua\u00e7u (Foto: Tuane Fernandes\/WWF-Brasil)<\/span><\/em><\/figcaption><\/figure><\/div>\n\n\n\n<figure class=\"wp-block-pullquote\"><blockquote><p><span class=\"has-inline-color has-luminous-vivid-orange-color\">A restaura\u00e7\u00e3o contribui para que possamos manter e garantir as seguran\u00e7as b\u00e1sicas, desde alimentar, energ\u00e9tica e h\u00eddrica que refletem diretamente na seguran\u00e7a econ\u00f4mica do nosso planeta. E isso mostra a necessidade de pol\u00edticas p\u00fablicas que apoiem essas iniciativas para ampliar a escala da restaura\u00e7\u00e3o\u201d, afirma Fl\u00e1via Balderi, secret\u00e1ria-executiva da Copa\u00edba.<\/span><\/p><\/blockquote><\/figure>\n\n\n\n<div class=\"wp-block-image\"><figure class=\"aligncenter size-large is-resized\"><img loading=\"lazy\" decoding=\"async\" src=\"https:\/\/jornalfatosenoticias.com.br\/wp-content\/uploads\/2020\/02\/logo-embacia.jpg\" alt=\"\" class=\"wp-image-33905\" width=\"279\" height=\"279\"\/><\/figure><\/div>\n\n\n\n<p>Ellen Souza faz parte de um grupo cada vez maior de produtores que tentam manter o <a href=\"https:\/\/ciclovivo.com.br\/planeta\/meio-ambiente\/crise-climatica-e-acao-humana-estao-levando-pantanal-ao-desequilibrio\/\" target=\"_blank\" rel=\"noreferrer noopener\">equil\u00edbrio ambiental<\/a> para agregar valor a seus produtos. Ela \u00e9 a quinta gera\u00e7\u00e3o \u00e0 frente de uma propriedade de 50 hectares em Socorro que produz banana, abacate, eucalipto e caf\u00e9. Desde 2020, a fazenda recebe o apoio direto da Copa\u00edba para a restaura\u00e7\u00e3o e recomposi\u00e7\u00e3o de \u00e1reas nativas. A propriet\u00e1ria faz a rela\u00e7\u00e3o da sua produ\u00e7\u00e3o com a restaura\u00e7\u00e3o da paisagem florestal.<\/p>\n\n\n\n<figure class=\"wp-block-pullquote\"><blockquote><p><span class=\"has-inline-color has-luminous-vivid-orange-color\">Eu acredito que, quanto maior o equil\u00edbrio, melhor a lavoura fica, menor incid\u00eancia de pragas e doen\u00e7as, menos uso de defensivos, mais diversidade e harmonia no plantio. E isso impacta no sabor natural do gr\u00e3o. Quem compra o nosso produto reconhece todo o trabalho que realizamos. Muito al\u00e9m disso, \u00e9 nossa forma de contribuir para um legado de um futuro melhor para minha filha, minha fam\u00edlia. De combater as mudan\u00e7as do clima que j\u00e1 nos afetam. Eu sei que minha contribui\u00e7\u00e3o \u00e9 bem pequena, mas, se cada um fizer sua parte, faremos uma grande diferen\u00e7a no mundo\u201d, afirma.<\/span><\/p><\/blockquote><\/figure>\n\n\n\n<div class=\"wp-block-image\"><figure class=\"aligncenter size-large\"><img loading=\"lazy\" decoding=\"async\" width=\"1024\" height=\"100\" src=\"https:\/\/jornalfatosenoticias.com.br\/wp-content\/uploads\/2020\/02\/banner_ferramentas-1024x100.jpg\" alt=\"\" class=\"wp-image-1258\" srcset=\"https:\/\/jornalfatosenoticias.com.br\/wp-content\/uploads\/2020\/02\/banner_ferramentas-1024x100.jpg 1024w, https:\/\/jornalfatosenoticias.com.br\/wp-content\/uploads\/2020\/02\/banner_ferramentas-300x29.jpg 300w, https:\/\/jornalfatosenoticias.com.br\/wp-content\/uploads\/2020\/02\/banner_ferramentas-768x75.jpg 768w, https:\/\/jornalfatosenoticias.com.br\/wp-content\/uploads\/2020\/02\/banner_ferramentas.jpg 1227w\" sizes=\"auto, (max-width: 1024px) 100vw, 1024px\" \/><\/figure><\/div>\n\n\n\n<p><strong><span class=\"has-inline-color has-vivid-green-cyan-color\">Mata Atl\u00e2ntica<br><\/span><\/strong>O processo de degrada\u00e7\u00e3o e desmatamento Mata Atl\u00e2ntica no Brasil come\u00e7ou h\u00e1 quase 500 anos, com a explora\u00e7\u00e3o desenfreada de esp\u00e9cies madeireiras, passando por diversos ciclos econ\u00f4micos.<\/p>\n\n\n\n<div class=\"wp-block-image\"><figure class=\"aligncenter size-large\"><img loading=\"lazy\" decoding=\"async\" width=\"1000\" height=\"697\" src=\"https:\/\/jornalfatosenoticias.com.br\/wp-content\/uploads\/2022\/12\/mata-atalantica-desmatamento-4.jpg\" alt=\"\" class=\"wp-image-36883\" srcset=\"https:\/\/jornalfatosenoticias.com.br\/wp-content\/uploads\/2022\/12\/mata-atalantica-desmatamento-4.jpg 1000w, https:\/\/jornalfatosenoticias.com.br\/wp-content\/uploads\/2022\/12\/mata-atalantica-desmatamento-4-300x209.jpg 300w, https:\/\/jornalfatosenoticias.com.br\/wp-content\/uploads\/2022\/12\/mata-atalantica-desmatamento-4-768x535.jpg 768w\" sizes=\"auto, (max-width: 1000px) 100vw, 1000px\" \/><figcaption><em><span class=\"has-inline-color has-black-color\">Exemplo de impacto humano na Mata Atl\u00e2ntica: corte seletivo de madeira (Foto: Renato A. F. Lima)<\/span><\/em><\/figcaption><\/figure><\/div>\n\n\n\n<div class=\"wp-block-image\"><figure class=\"aligncenter size-large is-resized\"><img loading=\"lazy\" decoding=\"async\" src=\"https:\/\/jornalfatosenoticias.com.br\/wp-content\/uploads\/2020\/02\/logo-clinica-limoeiro.jpg\" alt=\"\" class=\"wp-image-34610\" width=\"288\" height=\"204\"\/><\/figure><\/div>\n\n\n\n<figure class=\"wp-block-pullquote\"><blockquote><p><span class=\"has-inline-color has-luminous-vivid-orange-color\">A Mata Atl\u00e2ntica \u00e9 o lar de mais de 70% da popula\u00e7\u00e3o brasileira, seus rios fornecem \u00e1gua para grande parte das maiores cidades do pa\u00eds e para a maior concentra\u00e7\u00e3o populacional da Am\u00e9rica do Sul, na regi\u00e3o metropolitana de S\u00e3o Paulo. Este an\u00fancio \u00e9 um reconhecimento do papel \u00fanico que este bioma desempenha n\u00e3o apenas em termos de servi\u00e7os ecossist\u00eamicos, mas tamb\u00e9m para a economia e para as pessoas\u201d, afirma Julie Messias da Silva, Secret\u00e1ria de Biodiversidade do Minist\u00e9rio do Meio Ambiente do Brasil.<\/span><\/p><\/blockquote><\/figure>\n\n\n\n<div class=\"wp-block-image\"><figure class=\"aligncenter size-large is-resized\"><img loading=\"lazy\" decoding=\"async\" src=\"https:\/\/jornalfatosenoticias.com.br\/wp-content\/uploads\/2022\/10\/RC_800x750_page-0001.jpg\" alt=\"\" class=\"wp-image-35338\" width=\"246\" height=\"231\" srcset=\"https:\/\/jornalfatosenoticias.com.br\/wp-content\/uploads\/2022\/10\/RC_800x750_page-0001.jpg 400w, https:\/\/jornalfatosenoticias.com.br\/wp-content\/uploads\/2022\/10\/RC_800x750_page-0001-300x281.jpg 300w\" sizes=\"auto, (max-width: 246px) 100vw, 246px\" \/><\/figure><\/div>\n\n\n\n<p>No Paraguai e na <a href=\"https:\/\/ciclovivo.com.br\/planeta\/crise-climatica\/argentina-decreta-emergencia-agricola\/\" target=\"_blank\" rel=\"noreferrer noopener\">Argentina<\/a>, come\u00e7ou mais recentemente, h\u00e1 cerca de 100 anos, devido \u00e0 intensa explora\u00e7\u00e3o madeireira e \u00e0 convers\u00e3o em pastagens e agricultura. Os tr\u00eas pa\u00edses ainda enfrentam desafios para a conserva\u00e7\u00e3o do bioma, sendo a restaura\u00e7\u00e3o das paisagens uma oportunidade de aumento da cobertura florestal.<br>Victor Kreimer, Ministro de Ecologia e Recursos Naturais Renov\u00e1veis de Misiones, Argentina, afirma que \u201ca biodiversidade, como a on\u00e7a-pintada, n\u00e3o reconhece fronteiras geopol\u00edticas. Esfor\u00e7os transfronteiri\u00e7os, trinacionais no nosso caso, s\u00e3o essenciais para entregar impacto positivo e sustentabilidade nas nossas a\u00e7\u00f5es\u201d.<\/p>\n\n\n\n<div class=\"wp-block-image\"><figure class=\"aligncenter size-large\"><img loading=\"lazy\" decoding=\"async\" width=\"1024\" height=\"103\" src=\"https:\/\/jornalfatosenoticias.com.br\/wp-content\/uploads\/2022\/02\/Arte-Autoescola-Galatas_endereco_portal-1024x103.png\" alt=\"\" class=\"wp-image-27869\" srcset=\"https:\/\/jornalfatosenoticias.com.br\/wp-content\/uploads\/2022\/02\/Arte-Autoescola-Galatas_endereco_portal-1024x103.png 1024w, https:\/\/jornalfatosenoticias.com.br\/wp-content\/uploads\/2022\/02\/Arte-Autoescola-Galatas_endereco_portal-300x30.png 300w, https:\/\/jornalfatosenoticias.com.br\/wp-content\/uploads\/2022\/02\/Arte-Autoescola-Galatas_endereco_portal-768x77.png 768w, https:\/\/jornalfatosenoticias.com.br\/wp-content\/uploads\/2022\/02\/Arte-Autoescola-Galatas_endereco_portal.png 1223w\" sizes=\"auto, (max-width: 1024px) 100vw, 1024px\" \/><\/figure><\/div>\n\n\n\n<p>\u00c9 importante destacar que a Mata Atl\u00e2ntica \u00e9 um bioma que abriga uma biodiversidade \u00fanica, contendo Ecorregi\u00f5es Priorit\u00e1rias para Conserva\u00e7\u00e3o Global, al\u00e9m de ser reconhecida como uma Reserva da Biosfera MAB da Unesco (Programa MAB da Unesco em 1993 e 2009). Acima de tudo, o bioma \u00e9 um \u2018hotspot\u2019 de restaura\u00e7\u00e3o de <a href=\"https:\/\/ciclovivo.com.br\/planeta\/meio-ambiente\/brasil-liderou-perda-de-florestas-tropicais-primarias-no-mundo-em-2021\/\" target=\"_blank\" rel=\"noreferrer noopener\">florestas tropicais<\/a>, \u201cmostrando oportunidades econ\u00f4micas com maior viabilidade e potencial de fornecer benef\u00edcios associados\u201d (Brancalion et al. 2019).<\/p>\n\n\n\n<p><strong><em>Fonte: <a href=\"https:\/\/ciclovivo.com.br\/planeta\/meio-ambiente\/restauracao-da-mata-atlantica-e-iniciativa-de-referencia-para-onu\/\">CicloVivo<\/a><\/em><\/strong><\/p>\n","protected":false},"excerpt":{"rendered":"<p>An\u00fancio aconteceu durante o Dia da Restaura\u00e7\u00e3o de Ecossistemas na COP15 da Conven\u00e7\u00e3o sobre Diversidade Biol\u00f3gica, no Canad\u00e1 A Organiza\u00e7\u00e3o das Na\u00e7\u00f5es Unidas (ONU) reconheceu o trabalho de restaura\u00e7\u00e3o florestal da Mata Atl\u00e2ntica\u00a0como um dos mais promissores e relevantes do mundo, declarada como uma das 10 Iniciativas de Refer\u00eancia da Restaura\u00e7\u00e3o Mundial da D\u00e9cada da [&hellip;]<\/p>\n","protected":false},"author":2,"featured_media":36886,"comment_status":"open","ping_status":"open","sticky":false,"template":"","format":"standard","meta":{"footnotes":""},"categories":[8],"tags":[334,1909,258,648,2561,15578],"class_list":["post-36882","post","type-post","status-publish","format-standard","has-post-thumbnail","hentry","category-meio-ambiente","tag-biodiversidade","tag-ecossistemas","tag-mata-atlantica","tag-onu","tag-restauracao","tag-restauracao-florestal"],"yoast_head":"<!-- This site is optimized with the Yoast SEO plugin v26.5 - https:\/\/yoast.com\/wordpress\/plugins\/seo\/ -->\n<title>Restaura\u00e7\u00e3o da Mata Atl\u00e2ntica \u00e9 iniciativa de refer\u00eancia para ONU - Jornal Fatos e Not\u00edcias<\/title>\n<meta name=\"robots\" content=\"index, follow, max-snippet:-1, max-image-preview:large, max-video-preview:-1\" \/>\n<link rel=\"canonical\" href=\"https:\/\/jornalfatosenoticias.com.br\/index.php\/2022\/12\/13\/restauracao-da-mata-atlantica-e-iniciativa-de-referencia-para-onu\/\" \/>\n<meta property=\"og:locale\" content=\"pt_BR\" \/>\n<meta property=\"og:type\" content=\"article\" \/>\n<meta property=\"og:title\" content=\"Restaura\u00e7\u00e3o da Mata Atl\u00e2ntica \u00e9 iniciativa de refer\u00eancia para ONU - Jornal Fatos e Not\u00edcias\" \/>\n<meta property=\"og:description\" content=\"An\u00fancio aconteceu durante o Dia da Restaura\u00e7\u00e3o de Ecossistemas na COP15 da Conven\u00e7\u00e3o sobre Diversidade Biol\u00f3gica, no Canad\u00e1 A Organiza\u00e7\u00e3o das Na\u00e7\u00f5es Unidas (ONU) reconheceu o trabalho de restaura\u00e7\u00e3o florestal da Mata Atl\u00e2ntica\u00a0como um dos mais promissores e relevantes do mundo, declarada como uma das 10 Iniciativas de Refer\u00eancia da Restaura\u00e7\u00e3o Mundial da D\u00e9cada da [&hellip;]\" \/>\n<meta property=\"og:url\" content=\"https:\/\/jornalfatosenoticias.com.br\/index.php\/2022\/12\/13\/restauracao-da-mata-atlantica-e-iniciativa-de-referencia-para-onu\/\" \/>\n<meta property=\"og:site_name\" content=\"Jornal Fatos e Not\u00edcias\" \/>\n<meta property=\"article:published_time\" content=\"2022-12-13T17:16:04+00:00\" \/>\n<meta property=\"article:modified_time\" content=\"2022-12-13T17:16:05+00:00\" \/>\n<meta property=\"og:image\" content=\"https:\/\/jornalfatosenoticias.com.br\/wp-content\/uploads\/2022\/12\/restauracao-mata-atlantica.jpg\" \/>\n\t<meta property=\"og:image:width\" content=\"1000\" \/>\n\t<meta property=\"og:image:height\" content=\"665\" \/>\n\t<meta property=\"og:image:type\" content=\"image\/jpeg\" \/>\n<meta name=\"author\" content=\"Luzimara Fernandes\" \/>\n<meta name=\"twitter:card\" content=\"summary_large_image\" \/>\n<meta name=\"twitter:label1\" content=\"Escrito por\" \/>\n\t<meta name=\"twitter:data1\" content=\"Luzimara Fernandes\" \/>\n\t<meta name=\"twitter:label2\" content=\"Est. tempo de leitura\" \/>\n\t<meta name=\"twitter:data2\" content=\"8 minutos\" \/>\n<script type=\"application\/ld+json\" class=\"yoast-schema-graph\">{\"@context\":\"https:\/\/schema.org\",\"@graph\":[{\"@type\":\"Article\",\"@id\":\"https:\/\/jornalfatosenoticias.com.br\/index.php\/2022\/12\/13\/restauracao-da-mata-atlantica-e-iniciativa-de-referencia-para-onu\/#article\",\"isPartOf\":{\"@id\":\"https:\/\/jornalfatosenoticias.com.br\/index.php\/2022\/12\/13\/restauracao-da-mata-atlantica-e-iniciativa-de-referencia-para-onu\/\"},\"author\":{\"name\":\"Luzimara Fernandes\",\"@id\":\"https:\/\/jornalfatosenoticias.com.br\/#\/schema\/person\/d63837fa13ac8666eb9e74e0985d6f81\"},\"headline\":\"Restaura\u00e7\u00e3o da Mata Atl\u00e2ntica \u00e9 iniciativa de refer\u00eancia para ONU\",\"datePublished\":\"2022-12-13T17:16:04+00:00\",\"dateModified\":\"2022-12-13T17:16:05+00:00\",\"mainEntityOfPage\":{\"@id\":\"https:\/\/jornalfatosenoticias.com.br\/index.php\/2022\/12\/13\/restauracao-da-mata-atlantica-e-iniciativa-de-referencia-para-onu\/\"},\"wordCount\":1626,\"commentCount\":0,\"publisher\":{\"@id\":\"https:\/\/jornalfatosenoticias.com.br\/#organization\"},\"image\":{\"@id\":\"https:\/\/jornalfatosenoticias.com.br\/index.php\/2022\/12\/13\/restauracao-da-mata-atlantica-e-iniciativa-de-referencia-para-onu\/#primaryimage\"},\"thumbnailUrl\":\"https:\/\/jornalfatosenoticias.com.br\/wp-content\/uploads\/2022\/12\/restauracao-mata-atlantica.jpg\",\"keywords\":[\"biodiversidade\",\"ecossistemas\",\"mata atl\u00e2ntica\",\"ONU\",\"restaura\u00e7\u00e3o\",\"restaura\u00e7\u00e3o florestal\"],\"articleSection\":[\"Meio ambiente\"],\"inLanguage\":\"pt-BR\",\"potentialAction\":[{\"@type\":\"CommentAction\",\"name\":\"Comment\",\"target\":[\"https:\/\/jornalfatosenoticias.com.br\/index.php\/2022\/12\/13\/restauracao-da-mata-atlantica-e-iniciativa-de-referencia-para-onu\/#respond\"]}]},{\"@type\":\"WebPage\",\"@id\":\"https:\/\/jornalfatosenoticias.com.br\/index.php\/2022\/12\/13\/restauracao-da-mata-atlantica-e-iniciativa-de-referencia-para-onu\/\",\"url\":\"https:\/\/jornalfatosenoticias.com.br\/index.php\/2022\/12\/13\/restauracao-da-mata-atlantica-e-iniciativa-de-referencia-para-onu\/\",\"name\":\"Restaura\u00e7\u00e3o da Mata Atl\u00e2ntica \u00e9 iniciativa de refer\u00eancia para ONU - Jornal Fatos e Not\u00edcias\",\"isPartOf\":{\"@id\":\"https:\/\/jornalfatosenoticias.com.br\/#website\"},\"primaryImageOfPage\":{\"@id\":\"https:\/\/jornalfatosenoticias.com.br\/index.php\/2022\/12\/13\/restauracao-da-mata-atlantica-e-iniciativa-de-referencia-para-onu\/#primaryimage\"},\"image\":{\"@id\":\"https:\/\/jornalfatosenoticias.com.br\/index.php\/2022\/12\/13\/restauracao-da-mata-atlantica-e-iniciativa-de-referencia-para-onu\/#primaryimage\"},\"thumbnailUrl\":\"https:\/\/jornalfatosenoticias.com.br\/wp-content\/uploads\/2022\/12\/restauracao-mata-atlantica.jpg\",\"datePublished\":\"2022-12-13T17:16:04+00:00\",\"dateModified\":\"2022-12-13T17:16:05+00:00\",\"breadcrumb\":{\"@id\":\"https:\/\/jornalfatosenoticias.com.br\/index.php\/2022\/12\/13\/restauracao-da-mata-atlantica-e-iniciativa-de-referencia-para-onu\/#breadcrumb\"},\"inLanguage\":\"pt-BR\",\"potentialAction\":[{\"@type\":\"ReadAction\",\"target\":[\"https:\/\/jornalfatosenoticias.com.br\/index.php\/2022\/12\/13\/restauracao-da-mata-atlantica-e-iniciativa-de-referencia-para-onu\/\"]}]},{\"@type\":\"ImageObject\",\"inLanguage\":\"pt-BR\",\"@id\":\"https:\/\/jornalfatosenoticias.com.br\/index.php\/2022\/12\/13\/restauracao-da-mata-atlantica-e-iniciativa-de-referencia-para-onu\/#primaryimage\",\"url\":\"https:\/\/jornalfatosenoticias.com.br\/wp-content\/uploads\/2022\/12\/restauracao-mata-atlantica.jpg\",\"contentUrl\":\"https:\/\/jornalfatosenoticias.com.br\/wp-content\/uploads\/2022\/12\/restauracao-mata-atlantica.jpg\",\"width\":1000,\"height\":665},{\"@type\":\"BreadcrumbList\",\"@id\":\"https:\/\/jornalfatosenoticias.com.br\/index.php\/2022\/12\/13\/restauracao-da-mata-atlantica-e-iniciativa-de-referencia-para-onu\/#breadcrumb\",\"itemListElement\":[{\"@type\":\"ListItem\",\"position\":1,\"name\":\"In\u00edcio\",\"item\":\"https:\/\/jornalfatosenoticias.com.br\/\"},{\"@type\":\"ListItem\",\"position\":2,\"name\":\"Restaura\u00e7\u00e3o da Mata Atl\u00e2ntica \u00e9 iniciativa de refer\u00eancia para ONU\"}]},{\"@type\":\"WebSite\",\"@id\":\"https:\/\/jornalfatosenoticias.com.br\/#website\",\"url\":\"https:\/\/jornalfatosenoticias.com.br\/\",\"name\":\"Jornal Fatos e Not\u00edcias\",\"description\":\"Not\u00edcias em geral\",\"publisher\":{\"@id\":\"https:\/\/jornalfatosenoticias.com.br\/#organization\"},\"potentialAction\":[{\"@type\":\"SearchAction\",\"target\":{\"@type\":\"EntryPoint\",\"urlTemplate\":\"https:\/\/jornalfatosenoticias.com.br\/?s={search_term_string}\"},\"query-input\":{\"@type\":\"PropertyValueSpecification\",\"valueRequired\":true,\"valueName\":\"search_term_string\"}}],\"inLanguage\":\"pt-BR\"},{\"@type\":\"Organization\",\"@id\":\"https:\/\/jornalfatosenoticias.com.br\/#organization\",\"name\":\"Jornal Fatos e Not\u00edcias\",\"url\":\"https:\/\/jornalfatosenoticias.com.br\/\",\"logo\":{\"@type\":\"ImageObject\",\"inLanguage\":\"pt-BR\",\"@id\":\"https:\/\/jornalfatosenoticias.com.br\/#\/schema\/logo\/image\/\",\"url\":\"https:\/\/jornalfatosenoticias.com.br\/wp-content\/uploads\/2020\/02\/logo120.png\",\"contentUrl\":\"https:\/\/jornalfatosenoticias.com.br\/wp-content\/uploads\/2020\/02\/logo120.png\",\"width\":1227,\"height\":120,\"caption\":\"Jornal Fatos e Not\u00edcias\"},\"image\":{\"@id\":\"https:\/\/jornalfatosenoticias.com.br\/#\/schema\/logo\/image\/\"}},{\"@type\":\"Person\",\"@id\":\"https:\/\/jornalfatosenoticias.com.br\/#\/schema\/person\/d63837fa13ac8666eb9e74e0985d6f81\",\"name\":\"Luzimara Fernandes\",\"image\":{\"@type\":\"ImageObject\",\"inLanguage\":\"pt-BR\",\"@id\":\"https:\/\/jornalfatosenoticias.com.br\/#\/schema\/person\/image\/\",\"url\":\"https:\/\/jornalfatosenoticias.com.br\/wp-content\/uploads\/2025\/05\/EU_portal.jpg\",\"contentUrl\":\"https:\/\/jornalfatosenoticias.com.br\/wp-content\/uploads\/2025\/05\/EU_portal.jpg\",\"caption\":\"Luzimara Fernandes\"},\"description\":\"Jornalista MTB 2358-ES\",\"sameAs\":[\"https:\/\/jornalfatosenoticias.com.br\"],\"url\":\"https:\/\/jornalfatosenoticias.com.br\/index.php\/author\/luzimara\/\"}]}<\/script>\n<!-- \/ Yoast SEO plugin. -->","yoast_head_json":{"title":"Restaura\u00e7\u00e3o da Mata Atl\u00e2ntica \u00e9 iniciativa de refer\u00eancia para ONU - Jornal Fatos e Not\u00edcias","robots":{"index":"index","follow":"follow","max-snippet":"max-snippet:-1","max-image-preview":"max-image-preview:large","max-video-preview":"max-video-preview:-1"},"canonical":"https:\/\/jornalfatosenoticias.com.br\/index.php\/2022\/12\/13\/restauracao-da-mata-atlantica-e-iniciativa-de-referencia-para-onu\/","og_locale":"pt_BR","og_type":"article","og_title":"Restaura\u00e7\u00e3o da Mata Atl\u00e2ntica \u00e9 iniciativa de refer\u00eancia para ONU - Jornal Fatos e Not\u00edcias","og_description":"An\u00fancio aconteceu durante o Dia da Restaura\u00e7\u00e3o de Ecossistemas na COP15 da Conven\u00e7\u00e3o sobre Diversidade Biol\u00f3gica, no Canad\u00e1 A Organiza\u00e7\u00e3o das Na\u00e7\u00f5es Unidas (ONU) reconheceu o trabalho de restaura\u00e7\u00e3o florestal da Mata Atl\u00e2ntica\u00a0como um dos mais promissores e relevantes do mundo, declarada como uma das 10 Iniciativas de Refer\u00eancia da Restaura\u00e7\u00e3o Mundial da D\u00e9cada da [&hellip;]","og_url":"https:\/\/jornalfatosenoticias.com.br\/index.php\/2022\/12\/13\/restauracao-da-mata-atlantica-e-iniciativa-de-referencia-para-onu\/","og_site_name":"Jornal Fatos e Not\u00edcias","article_published_time":"2022-12-13T17:16:04+00:00","article_modified_time":"2022-12-13T17:16:05+00:00","og_image":[{"width":1000,"height":665,"url":"https:\/\/jornalfatosenoticias.com.br\/wp-content\/uploads\/2022\/12\/restauracao-mata-atlantica.jpg","type":"image\/jpeg"}],"author":"Luzimara Fernandes","twitter_card":"summary_large_image","twitter_misc":{"Escrito por":"Luzimara Fernandes","Est. tempo de leitura":"8 minutos"},"schema":{"@context":"https:\/\/schema.org","@graph":[{"@type":"Article","@id":"https:\/\/jornalfatosenoticias.com.br\/index.php\/2022\/12\/13\/restauracao-da-mata-atlantica-e-iniciativa-de-referencia-para-onu\/#article","isPartOf":{"@id":"https:\/\/jornalfatosenoticias.com.br\/index.php\/2022\/12\/13\/restauracao-da-mata-atlantica-e-iniciativa-de-referencia-para-onu\/"},"author":{"name":"Luzimara Fernandes","@id":"https:\/\/jornalfatosenoticias.com.br\/#\/schema\/person\/d63837fa13ac8666eb9e74e0985d6f81"},"headline":"Restaura\u00e7\u00e3o da Mata Atl\u00e2ntica \u00e9 iniciativa de refer\u00eancia para ONU","datePublished":"2022-12-13T17:16:04+00:00","dateModified":"2022-12-13T17:16:05+00:00","mainEntityOfPage":{"@id":"https:\/\/jornalfatosenoticias.com.br\/index.php\/2022\/12\/13\/restauracao-da-mata-atlantica-e-iniciativa-de-referencia-para-onu\/"},"wordCount":1626,"commentCount":0,"publisher":{"@id":"https:\/\/jornalfatosenoticias.com.br\/#organization"},"image":{"@id":"https:\/\/jornalfatosenoticias.com.br\/index.php\/2022\/12\/13\/restauracao-da-mata-atlantica-e-iniciativa-de-referencia-para-onu\/#primaryimage"},"thumbnailUrl":"https:\/\/jornalfatosenoticias.com.br\/wp-content\/uploads\/2022\/12\/restauracao-mata-atlantica.jpg","keywords":["biodiversidade","ecossistemas","mata atl\u00e2ntica","ONU","restaura\u00e7\u00e3o","restaura\u00e7\u00e3o florestal"],"articleSection":["Meio ambiente"],"inLanguage":"pt-BR","potentialAction":[{"@type":"CommentAction","name":"Comment","target":["https:\/\/jornalfatosenoticias.com.br\/index.php\/2022\/12\/13\/restauracao-da-mata-atlantica-e-iniciativa-de-referencia-para-onu\/#respond"]}]},{"@type":"WebPage","@id":"https:\/\/jornalfatosenoticias.com.br\/index.php\/2022\/12\/13\/restauracao-da-mata-atlantica-e-iniciativa-de-referencia-para-onu\/","url":"https:\/\/jornalfatosenoticias.com.br\/index.php\/2022\/12\/13\/restauracao-da-mata-atlantica-e-iniciativa-de-referencia-para-onu\/","name":"Restaura\u00e7\u00e3o da Mata Atl\u00e2ntica \u00e9 iniciativa de refer\u00eancia para ONU - Jornal Fatos e Not\u00edcias","isPartOf":{"@id":"https:\/\/jornalfatosenoticias.com.br\/#website"},"primaryImageOfPage":{"@id":"https:\/\/jornalfatosenoticias.com.br\/index.php\/2022\/12\/13\/restauracao-da-mata-atlantica-e-iniciativa-de-referencia-para-onu\/#primaryimage"},"image":{"@id":"https:\/\/jornalfatosenoticias.com.br\/index.php\/2022\/12\/13\/restauracao-da-mata-atlantica-e-iniciativa-de-referencia-para-onu\/#primaryimage"},"thumbnailUrl":"https:\/\/jornalfatosenoticias.com.br\/wp-content\/uploads\/2022\/12\/restauracao-mata-atlantica.jpg","datePublished":"2022-12-13T17:16:04+00:00","dateModified":"2022-12-13T17:16:05+00:00","breadcrumb":{"@id":"https:\/\/jornalfatosenoticias.com.br\/index.php\/2022\/12\/13\/restauracao-da-mata-atlantica-e-iniciativa-de-referencia-para-onu\/#breadcrumb"},"inLanguage":"pt-BR","potentialAction":[{"@type":"ReadAction","target":["https:\/\/jornalfatosenoticias.com.br\/index.php\/2022\/12\/13\/restauracao-da-mata-atlantica-e-iniciativa-de-referencia-para-onu\/"]}]},{"@type":"ImageObject","inLanguage":"pt-BR","@id":"https:\/\/jornalfatosenoticias.com.br\/index.php\/2022\/12\/13\/restauracao-da-mata-atlantica-e-iniciativa-de-referencia-para-onu\/#primaryimage","url":"https:\/\/jornalfatosenoticias.com.br\/wp-content\/uploads\/2022\/12\/restauracao-mata-atlantica.jpg","contentUrl":"https:\/\/jornalfatosenoticias.com.br\/wp-content\/uploads\/2022\/12\/restauracao-mata-atlantica.jpg","width":1000,"height":665},{"@type":"BreadcrumbList","@id":"https:\/\/jornalfatosenoticias.com.br\/index.php\/2022\/12\/13\/restauracao-da-mata-atlantica-e-iniciativa-de-referencia-para-onu\/#breadcrumb","itemListElement":[{"@type":"ListItem","position":1,"name":"In\u00edcio","item":"https:\/\/jornalfatosenoticias.com.br\/"},{"@type":"ListItem","position":2,"name":"Restaura\u00e7\u00e3o da Mata Atl\u00e2ntica \u00e9 iniciativa de refer\u00eancia para ONU"}]},{"@type":"WebSite","@id":"https:\/\/jornalfatosenoticias.com.br\/#website","url":"https:\/\/jornalfatosenoticias.com.br\/","name":"Jornal Fatos e Not\u00edcias","description":"Not\u00edcias em geral","publisher":{"@id":"https:\/\/jornalfatosenoticias.com.br\/#organization"},"potentialAction":[{"@type":"SearchAction","target":{"@type":"EntryPoint","urlTemplate":"https:\/\/jornalfatosenoticias.com.br\/?s={search_term_string}"},"query-input":{"@type":"PropertyValueSpecification","valueRequired":true,"valueName":"search_term_string"}}],"inLanguage":"pt-BR"},{"@type":"Organization","@id":"https:\/\/jornalfatosenoticias.com.br\/#organization","name":"Jornal Fatos e Not\u00edcias","url":"https:\/\/jornalfatosenoticias.com.br\/","logo":{"@type":"ImageObject","inLanguage":"pt-BR","@id":"https:\/\/jornalfatosenoticias.com.br\/#\/schema\/logo\/image\/","url":"https:\/\/jornalfatosenoticias.com.br\/wp-content\/uploads\/2020\/02\/logo120.png","contentUrl":"https:\/\/jornalfatosenoticias.com.br\/wp-content\/uploads\/2020\/02\/logo120.png","width":1227,"height":120,"caption":"Jornal Fatos e Not\u00edcias"},"image":{"@id":"https:\/\/jornalfatosenoticias.com.br\/#\/schema\/logo\/image\/"}},{"@type":"Person","@id":"https:\/\/jornalfatosenoticias.com.br\/#\/schema\/person\/d63837fa13ac8666eb9e74e0985d6f81","name":"Luzimara Fernandes","image":{"@type":"ImageObject","inLanguage":"pt-BR","@id":"https:\/\/jornalfatosenoticias.com.br\/#\/schema\/person\/image\/","url":"https:\/\/jornalfatosenoticias.com.br\/wp-content\/uploads\/2025\/05\/EU_portal.jpg","contentUrl":"https:\/\/jornalfatosenoticias.com.br\/wp-content\/uploads\/2025\/05\/EU_portal.jpg","caption":"Luzimara Fernandes"},"description":"Jornalista MTB 2358-ES","sameAs":["https:\/\/jornalfatosenoticias.com.br"],"url":"https:\/\/jornalfatosenoticias.com.br\/index.php\/author\/luzimara\/"}]}},"cc_featured_image_caption":{"caption_text":"(Foto: Adriano Gambarini\/WWF-Brasil)","source_text":"","source_url":""},"jetpack_featured_media_url":"https:\/\/jornalfatosenoticias.com.br\/wp-content\/uploads\/2022\/12\/restauracao-mata-atlantica.jpg","_links":{"self":[{"href":"https:\/\/jornalfatosenoticias.com.br\/index.php\/wp-json\/wp\/v2\/posts\/36882","targetHints":{"allow":["GET"]}}],"collection":[{"href":"https:\/\/jornalfatosenoticias.com.br\/index.php\/wp-json\/wp\/v2\/posts"}],"about":[{"href":"https:\/\/jornalfatosenoticias.com.br\/index.php\/wp-json\/wp\/v2\/types\/post"}],"author":[{"embeddable":true,"href":"https:\/\/jornalfatosenoticias.com.br\/index.php\/wp-json\/wp\/v2\/users\/2"}],"replies":[{"embeddable":true,"href":"https:\/\/jornalfatosenoticias.com.br\/index.php\/wp-json\/wp\/v2\/comments?post=36882"}],"version-history":[{"count":0,"href":"https:\/\/jornalfatosenoticias.com.br\/index.php\/wp-json\/wp\/v2\/posts\/36882\/revisions"}],"wp:featuredmedia":[{"embeddable":true,"href":"https:\/\/jornalfatosenoticias.com.br\/index.php\/wp-json\/wp\/v2\/media\/36886"}],"wp:attachment":[{"href":"https:\/\/jornalfatosenoticias.com.br\/index.php\/wp-json\/wp\/v2\/media?parent=36882"}],"wp:term":[{"taxonomy":"category","embeddable":true,"href":"https:\/\/jornalfatosenoticias.com.br\/index.php\/wp-json\/wp\/v2\/categories?post=36882"},{"taxonomy":"post_tag","embeddable":true,"href":"https:\/\/jornalfatosenoticias.com.br\/index.php\/wp-json\/wp\/v2\/tags?post=36882"}],"curies":[{"name":"wp","href":"https:\/\/api.w.org\/{rel}","templated":true}]}}