{"id":3691,"date":"2020-04-27T17:32:38","date_gmt":"2020-04-27T20:32:38","guid":{"rendered":"https:\/\/jornalfatosenoticias.com.br\/?p=3691"},"modified":"2020-04-27T17:32:43","modified_gmt":"2020-04-27T20:32:43","slug":"maia-diz-que-prioridade-da-camara-e-votar-medidas-emergenciais","status":"publish","type":"post","link":"https:\/\/jornalfatosenoticias.com.br\/index.php\/2020\/04\/27\/maia-diz-que-prioridade-da-camara-e-votar-medidas-emergenciais\/","title":{"rendered":"Maia diz que prioridade da C\u00e2mara \u00e9 votar medidas emergenciais"},"content":{"rendered":"\n<h6 class=\"wp-block-heading\"><em>Para o presidente da C\u00e2mara, momento n\u00e3o \u00e9 de pol\u00eamicas<\/em><\/h6>\n\n\n\n<p>O presidente da C\u00e2mara dos Deputados, Rodrigo Maia (DEM-RJ), defendeu, hoje (27), que a agenda priorit\u00e1ria da Casa deve se focar na vota\u00e7\u00e3o de projetos e medidas emergenciais voltadas para o combate aos impactos econ\u00f4micos e sociais da pandemia do novo coronav\u00edrus (covid-19). Maia, que n\u00e3o falava com a imprensa desde o dia 16 de abril, disse que passou o per\u00edodo refletindo, e afirmou que n\u00e3o \u00e9 o momento de pol\u00eamicas, que o Parlamento n\u00e3o pode ser um vetor de crises com o Poder Executivo.<br>&#8220;O papel da C\u00e2mara [dos Deputados] nos pr\u00f3ximos dias \u00e9 que a gente volte a debater, de forma espec\u00edfica, a quest\u00e3o do enfrentamento ao coronav\u00edrus\u201d, disse Maia ap\u00f3s ser questionado sobre os pedidos de investiga\u00e7\u00e3o contra o governo, ap\u00f3s a sa\u00edda do ex-ministro da Justi\u00e7a e Seguran\u00e7a P\u00fablica S\u00e9rgio Moro.<br>Maia usou como argumento para defender a vota\u00e7\u00e3o de projetos relacionados ao coronav\u00edrus, as proje\u00e7\u00f5es de consultorias econ\u00f4micas de que os impactos econ\u00f4micos da pandemia devem gerar uma queda de at\u00e9 10% do Produto Interno Bruto (PIB, todos os bens e servi\u00e7os produzidos no pa\u00eds) este ano.<br>\u201cIsso [a pandemia] vai gerar um aumento do desemprego no Brasil. J\u00e1 se projeta um aumento da taxa [de desemprego] na ordem de 16%, o que vai significar mais quatro, cinco milh\u00f5es de desempregados; aumento da economia informal, que vai chegando a 50% dos empregos no nosso no Pa\u00eds. S\u00e3o n\u00fameros muito dram\u00e1ticos em rela\u00e7\u00e3o \u00e0 vida, empregos e renda dos brasileiros\u201d, disse.<br>Rodrigo Maia falou ainda que ouviu de especialistas na \u00e1rea de sa\u00fade que o n\u00famero de mortes causadas pelo coronav\u00edrus deve aumentar nos pr\u00f3ximos dias. Segundo o deputado, a C\u00e2mara deve focar em debater o envio de recursos para estados e munic\u00edpios aumentarem o n\u00famero de leitos de UTI e citou a situa\u00e7\u00e3o dos estados do Amap\u00e1, do Par\u00e1, de Pernambuco e de S\u00e3o Paulo.<br>\u201c\u00c9 fundamental que isso [a vota\u00e7\u00e3o] avance r\u00e1pido para que a gente n\u00e3o tenha um colapso no sistema de sa\u00fade. Devemos voltar para a agenda que eu acredito que \u00e9 a agenda que preocupa todos os brasileiros. N\u00e3o que os outros temas n\u00e3o possam existir, mas como eu disse, a gente precisa ter paci\u00eancia para ouvir, refletir e analisar tudo aquilo que os parlamentares e a sociedade encaminham\u201d, defendeu.<\/p>\n\n\n\n<blockquote class=\"wp-block-quote is-layout-flow wp-block-quote-is-layout-flow\"><p>O papel da C\u00e2mara [dos Deputados] nos pr\u00f3ximos dias \u00e9 que a gente volte a debater, de forma espec\u00edfica, a quest\u00e3o do enfrentamento ao coronav\u00edrus<\/p><\/blockquote>\n\n\n\n<h4 class=\"wp-block-heading\">CPIs<\/h4>\n\n\n\n<p>O presidente da C\u00e2mara evitou falar sobre os pedidos de aberturas de comiss\u00f5es parlamentares de Inqu\u00e9rito (CPIs) para investigar as acusa\u00e7\u00f5es do ex-ministro da Justi\u00e7a de que o presidente Jair Bolsonaro queria usar politicamente a Pol\u00edcia Federal, e disse que o custo do aumento na crise pol\u00edtica seria a acelera\u00e7\u00e3o nos indicadores de desemprego e do PIB.<br>\u201cEla [crise pol\u00edtica] impacta fortemente a confian\u00e7a dos atores econ\u00f4micos e dos que financiam a d\u00edvida brasileira. \u00c9 legitimo a sociedade e parlamentares, parte deles tentarem repercutir CPIs e outros instrumentos, mas acho que a C\u00e2mara deve, sobre a minha presid\u00eancia, respeitando a posi\u00e7\u00e3o de outros parlamentares, ter a paci\u00eancia e o equil\u00edbrio para tratar do que \u00e9 mais importante a vida dos brasileiros e a renda\u201d, afirmou.<br>Ao comentar a sa\u00edda de S\u00e9rgio Moro do Minist\u00e9rio da Justi\u00e7a, Maia disse que era um \u201cproblema\u201d do Executivo. \u201cNomear e exonerar \u00e9 problema do governo. Se tem problemas na forma de nomear, voc\u00ea tem uma investiga\u00e7\u00e3o proposta pelo [procurador-geral da Rep\u00fablica, Augusto] Aras\u201d, disse Maia.<\/p>\n\n\n\n<h4 class=\"wp-block-heading\">Impeachment<\/h4>\n\n\n\n<p>Questionado sobre o aumento no n\u00famero de pedidos de impeachment contra o presidente Jair Bolsonaro, Maia disse que n\u00e3o poderia comentar por ser o \u201cjuiz\u201d que vai decidir sobre a quest\u00e3o.<br>\u201cQuando se trata de um tema sobre o impeachment, eu sou o juiz. N\u00e3o posso ficar comentado temas em que a decis\u00e3o \u00e9 minha, de forma independente. Ent\u00e3o, \u00e9 uma quest\u00e3o que a gente tem de tomar muito cuidado\u201d.<\/p>\n\n\n\n<p><strong><em>Fonte: <a href=\"https:\/\/agenciabrasil.ebc.com.br\/politica\/noticia\/2020-04\/maia-diz-que-prioridade-da-camara-e-votar-medidas-emergenciais\">Ag\u00eancia Brasil<\/a><\/em><\/strong><\/p>\n","protected":false},"excerpt":{"rendered":"<p>Para o presidente da C\u00e2mara, momento n\u00e3o \u00e9 de pol\u00eamicas O presidente da C\u00e2mara dos Deputados, Rodrigo Maia (DEM-RJ), defendeu, hoje (27), que a agenda priorit\u00e1ria da Casa deve se focar na vota\u00e7\u00e3o de projetos e medidas emergenciais voltadas para o combate aos impactos econ\u00f4micos e sociais da pandemia do novo coronav\u00edrus (covid-19). Maia, que [&hellip;]<\/p>\n","protected":false},"author":2,"featured_media":3692,"comment_status":"open","ping_status":"open","sticky":false,"template":"","format":"standard","meta":{"footnotes":""},"categories":[10],"tags":[982,273,2140,1540,278,2139,2022],"class_list":["post-3691","post","type-post","status-publish","format-standard","has-post-thumbnail","hentry","category-politica","tag-camara-dos-deputados","tag-covid-19","tag-impeachment","tag-pandemia-coronavirus","tag-pib","tag-projetos-emergenciais","tag-rodrigo-maia"],"yoast_head":"<!-- This site is optimized with the Yoast SEO plugin v26.5 - https:\/\/yoast.com\/wordpress\/plugins\/seo\/ -->\n<title>Maia diz que prioridade da C\u00e2mara \u00e9 votar medidas emergenciais - Jornal Fatos e Not\u00edcias<\/title>\n<meta name=\"robots\" content=\"index, follow, max-snippet:-1, max-image-preview:large, max-video-preview:-1\" \/>\n<link rel=\"canonical\" href=\"https:\/\/jornalfatosenoticias.com.br\/index.php\/2020\/04\/27\/maia-diz-que-prioridade-da-camara-e-votar-medidas-emergenciais\/\" \/>\n<meta property=\"og:locale\" content=\"pt_BR\" \/>\n<meta property=\"og:type\" content=\"article\" \/>\n<meta property=\"og:title\" content=\"Maia diz que prioridade da C\u00e2mara \u00e9 votar medidas emergenciais - Jornal Fatos e Not\u00edcias\" \/>\n<meta property=\"og:description\" content=\"Para o presidente da C\u00e2mara, momento n\u00e3o \u00e9 de pol\u00eamicas O presidente da C\u00e2mara dos Deputados, Rodrigo Maia (DEM-RJ), defendeu, hoje (27), que a agenda priorit\u00e1ria da Casa deve se focar na vota\u00e7\u00e3o de projetos e medidas emergenciais voltadas para o combate aos impactos econ\u00f4micos e sociais da pandemia do novo coronav\u00edrus (covid-19). Maia, que [&hellip;]\" \/>\n<meta property=\"og:url\" content=\"https:\/\/jornalfatosenoticias.com.br\/index.php\/2020\/04\/27\/maia-diz-que-prioridade-da-camara-e-votar-medidas-emergenciais\/\" \/>\n<meta property=\"og:site_name\" content=\"Jornal Fatos e Not\u00edcias\" \/>\n<meta property=\"article:published_time\" content=\"2020-04-27T20:32:38+00:00\" \/>\n<meta property=\"article:modified_time\" content=\"2020-04-27T20:32:43+00:00\" \/>\n<meta property=\"og:image\" content=\"https:\/\/jornalfatosenoticias.com.br\/wp-content\/uploads\/2020\/04\/rodrigo-maia.jpg\" \/>\n\t<meta property=\"og:image:width\" content=\"1000\" \/>\n\t<meta property=\"og:image:height\" content=\"598\" \/>\n\t<meta property=\"og:image:type\" content=\"image\/jpeg\" \/>\n<meta name=\"author\" content=\"Luzimara Fernandes\" \/>\n<meta name=\"twitter:card\" content=\"summary_large_image\" \/>\n<meta name=\"twitter:label1\" content=\"Escrito por\" \/>\n\t<meta name=\"twitter:data1\" content=\"Luzimara Fernandes\" \/>\n\t<meta name=\"twitter:label2\" content=\"Est. tempo de leitura\" \/>\n\t<meta name=\"twitter:data2\" content=\"4 minutos\" \/>\n<script type=\"application\/ld+json\" class=\"yoast-schema-graph\">{\"@context\":\"https:\/\/schema.org\",\"@graph\":[{\"@type\":\"Article\",\"@id\":\"https:\/\/jornalfatosenoticias.com.br\/index.php\/2020\/04\/27\/maia-diz-que-prioridade-da-camara-e-votar-medidas-emergenciais\/#article\",\"isPartOf\":{\"@id\":\"https:\/\/jornalfatosenoticias.com.br\/index.php\/2020\/04\/27\/maia-diz-que-prioridade-da-camara-e-votar-medidas-emergenciais\/\"},\"author\":{\"name\":\"Luzimara Fernandes\",\"@id\":\"https:\/\/jornalfatosenoticias.com.br\/#\/schema\/person\/d63837fa13ac8666eb9e74e0985d6f81\"},\"headline\":\"Maia diz que prioridade da C\u00e2mara \u00e9 votar medidas emergenciais\",\"datePublished\":\"2020-04-27T20:32:38+00:00\",\"dateModified\":\"2020-04-27T20:32:43+00:00\",\"mainEntityOfPage\":{\"@id\":\"https:\/\/jornalfatosenoticias.com.br\/index.php\/2020\/04\/27\/maia-diz-que-prioridade-da-camara-e-votar-medidas-emergenciais\/\"},\"wordCount\":744,\"commentCount\":0,\"publisher\":{\"@id\":\"https:\/\/jornalfatosenoticias.com.br\/#organization\"},\"image\":{\"@id\":\"https:\/\/jornalfatosenoticias.com.br\/index.php\/2020\/04\/27\/maia-diz-que-prioridade-da-camara-e-votar-medidas-emergenciais\/#primaryimage\"},\"thumbnailUrl\":\"https:\/\/jornalfatosenoticias.com.br\/wp-content\/uploads\/2020\/04\/rodrigo-maia.jpg\",\"keywords\":[\"C\u00e2mara dos Deputados\",\"covid-19\",\"impeachment\",\"pandemia coronav\u00edrus\",\"PIB\",\"projetos emergenciais\",\"Rodrigo Maia\"],\"articleSection\":[\"Pol\u00edtica\"],\"inLanguage\":\"pt-BR\",\"potentialAction\":[{\"@type\":\"CommentAction\",\"name\":\"Comment\",\"target\":[\"https:\/\/jornalfatosenoticias.com.br\/index.php\/2020\/04\/27\/maia-diz-que-prioridade-da-camara-e-votar-medidas-emergenciais\/#respond\"]}]},{\"@type\":\"WebPage\",\"@id\":\"https:\/\/jornalfatosenoticias.com.br\/index.php\/2020\/04\/27\/maia-diz-que-prioridade-da-camara-e-votar-medidas-emergenciais\/\",\"url\":\"https:\/\/jornalfatosenoticias.com.br\/index.php\/2020\/04\/27\/maia-diz-que-prioridade-da-camara-e-votar-medidas-emergenciais\/\",\"name\":\"Maia diz que prioridade da C\u00e2mara \u00e9 votar medidas emergenciais - Jornal Fatos e Not\u00edcias\",\"isPartOf\":{\"@id\":\"https:\/\/jornalfatosenoticias.com.br\/#website\"},\"primaryImageOfPage\":{\"@id\":\"https:\/\/jornalfatosenoticias.com.br\/index.php\/2020\/04\/27\/maia-diz-que-prioridade-da-camara-e-votar-medidas-emergenciais\/#primaryimage\"},\"image\":{\"@id\":\"https:\/\/jornalfatosenoticias.com.br\/index.php\/2020\/04\/27\/maia-diz-que-prioridade-da-camara-e-votar-medidas-emergenciais\/#primaryimage\"},\"thumbnailUrl\":\"https:\/\/jornalfatosenoticias.com.br\/wp-content\/uploads\/2020\/04\/rodrigo-maia.jpg\",\"datePublished\":\"2020-04-27T20:32:38+00:00\",\"dateModified\":\"2020-04-27T20:32:43+00:00\",\"breadcrumb\":{\"@id\":\"https:\/\/jornalfatosenoticias.com.br\/index.php\/2020\/04\/27\/maia-diz-que-prioridade-da-camara-e-votar-medidas-emergenciais\/#breadcrumb\"},\"inLanguage\":\"pt-BR\",\"potentialAction\":[{\"@type\":\"ReadAction\",\"target\":[\"https:\/\/jornalfatosenoticias.com.br\/index.php\/2020\/04\/27\/maia-diz-que-prioridade-da-camara-e-votar-medidas-emergenciais\/\"]}]},{\"@type\":\"ImageObject\",\"inLanguage\":\"pt-BR\",\"@id\":\"https:\/\/jornalfatosenoticias.com.br\/index.php\/2020\/04\/27\/maia-diz-que-prioridade-da-camara-e-votar-medidas-emergenciais\/#primaryimage\",\"url\":\"https:\/\/jornalfatosenoticias.com.br\/wp-content\/uploads\/2020\/04\/rodrigo-maia.jpg\",\"contentUrl\":\"https:\/\/jornalfatosenoticias.com.br\/wp-content\/uploads\/2020\/04\/rodrigo-maia.jpg\",\"width\":1000,\"height\":598},{\"@type\":\"BreadcrumbList\",\"@id\":\"https:\/\/jornalfatosenoticias.com.br\/index.php\/2020\/04\/27\/maia-diz-que-prioridade-da-camara-e-votar-medidas-emergenciais\/#breadcrumb\",\"itemListElement\":[{\"@type\":\"ListItem\",\"position\":1,\"name\":\"In\u00edcio\",\"item\":\"https:\/\/jornalfatosenoticias.com.br\/\"},{\"@type\":\"ListItem\",\"position\":2,\"name\":\"Maia diz que prioridade da C\u00e2mara \u00e9 votar medidas emergenciais\"}]},{\"@type\":\"WebSite\",\"@id\":\"https:\/\/jornalfatosenoticias.com.br\/#website\",\"url\":\"https:\/\/jornalfatosenoticias.com.br\/\",\"name\":\"Jornal Fatos e Not\u00edcias\",\"description\":\"Not\u00edcias em geral\",\"publisher\":{\"@id\":\"https:\/\/jornalfatosenoticias.com.br\/#organization\"},\"potentialAction\":[{\"@type\":\"SearchAction\",\"target\":{\"@type\":\"EntryPoint\",\"urlTemplate\":\"https:\/\/jornalfatosenoticias.com.br\/?s={search_term_string}\"},\"query-input\":{\"@type\":\"PropertyValueSpecification\",\"valueRequired\":true,\"valueName\":\"search_term_string\"}}],\"inLanguage\":\"pt-BR\"},{\"@type\":\"Organization\",\"@id\":\"https:\/\/jornalfatosenoticias.com.br\/#organization\",\"name\":\"Jornal Fatos e Not\u00edcias\",\"url\":\"https:\/\/jornalfatosenoticias.com.br\/\",\"logo\":{\"@type\":\"ImageObject\",\"inLanguage\":\"pt-BR\",\"@id\":\"https:\/\/jornalfatosenoticias.com.br\/#\/schema\/logo\/image\/\",\"url\":\"https:\/\/jornalfatosenoticias.com.br\/wp-content\/uploads\/2020\/02\/logo120.png\",\"contentUrl\":\"https:\/\/jornalfatosenoticias.com.br\/wp-content\/uploads\/2020\/02\/logo120.png\",\"width\":1227,\"height\":120,\"caption\":\"Jornal Fatos e Not\u00edcias\"},\"image\":{\"@id\":\"https:\/\/jornalfatosenoticias.com.br\/#\/schema\/logo\/image\/\"}},{\"@type\":\"Person\",\"@id\":\"https:\/\/jornalfatosenoticias.com.br\/#\/schema\/person\/d63837fa13ac8666eb9e74e0985d6f81\",\"name\":\"Luzimara Fernandes\",\"image\":{\"@type\":\"ImageObject\",\"inLanguage\":\"pt-BR\",\"@id\":\"https:\/\/jornalfatosenoticias.com.br\/#\/schema\/person\/image\/\",\"url\":\"https:\/\/jornalfatosenoticias.com.br\/wp-content\/uploads\/2025\/05\/EU_portal.jpg\",\"contentUrl\":\"https:\/\/jornalfatosenoticias.com.br\/wp-content\/uploads\/2025\/05\/EU_portal.jpg\",\"caption\":\"Luzimara Fernandes\"},\"description\":\"Jornalista MTB 2358-ES\",\"sameAs\":[\"https:\/\/jornalfatosenoticias.com.br\"],\"url\":\"https:\/\/jornalfatosenoticias.com.br\/index.php\/author\/luzimara\/\"}]}<\/script>\n<!-- \/ Yoast SEO plugin. -->","yoast_head_json":{"title":"Maia diz que prioridade da C\u00e2mara \u00e9 votar medidas emergenciais - Jornal Fatos e Not\u00edcias","robots":{"index":"index","follow":"follow","max-snippet":"max-snippet:-1","max-image-preview":"max-image-preview:large","max-video-preview":"max-video-preview:-1"},"canonical":"https:\/\/jornalfatosenoticias.com.br\/index.php\/2020\/04\/27\/maia-diz-que-prioridade-da-camara-e-votar-medidas-emergenciais\/","og_locale":"pt_BR","og_type":"article","og_title":"Maia diz que prioridade da C\u00e2mara \u00e9 votar medidas emergenciais - Jornal Fatos e Not\u00edcias","og_description":"Para o presidente da C\u00e2mara, momento n\u00e3o \u00e9 de pol\u00eamicas O presidente da C\u00e2mara dos Deputados, Rodrigo Maia (DEM-RJ), defendeu, hoje (27), que a agenda priorit\u00e1ria da Casa deve se focar na vota\u00e7\u00e3o de projetos e medidas emergenciais voltadas para o combate aos impactos econ\u00f4micos e sociais da pandemia do novo coronav\u00edrus (covid-19). Maia, que [&hellip;]","og_url":"https:\/\/jornalfatosenoticias.com.br\/index.php\/2020\/04\/27\/maia-diz-que-prioridade-da-camara-e-votar-medidas-emergenciais\/","og_site_name":"Jornal Fatos e Not\u00edcias","article_published_time":"2020-04-27T20:32:38+00:00","article_modified_time":"2020-04-27T20:32:43+00:00","og_image":[{"width":1000,"height":598,"url":"https:\/\/jornalfatosenoticias.com.br\/wp-content\/uploads\/2020\/04\/rodrigo-maia.jpg","type":"image\/jpeg"}],"author":"Luzimara Fernandes","twitter_card":"summary_large_image","twitter_misc":{"Escrito por":"Luzimara Fernandes","Est. tempo de leitura":"4 minutos"},"schema":{"@context":"https:\/\/schema.org","@graph":[{"@type":"Article","@id":"https:\/\/jornalfatosenoticias.com.br\/index.php\/2020\/04\/27\/maia-diz-que-prioridade-da-camara-e-votar-medidas-emergenciais\/#article","isPartOf":{"@id":"https:\/\/jornalfatosenoticias.com.br\/index.php\/2020\/04\/27\/maia-diz-que-prioridade-da-camara-e-votar-medidas-emergenciais\/"},"author":{"name":"Luzimara Fernandes","@id":"https:\/\/jornalfatosenoticias.com.br\/#\/schema\/person\/d63837fa13ac8666eb9e74e0985d6f81"},"headline":"Maia diz que prioridade da C\u00e2mara \u00e9 votar medidas emergenciais","datePublished":"2020-04-27T20:32:38+00:00","dateModified":"2020-04-27T20:32:43+00:00","mainEntityOfPage":{"@id":"https:\/\/jornalfatosenoticias.com.br\/index.php\/2020\/04\/27\/maia-diz-que-prioridade-da-camara-e-votar-medidas-emergenciais\/"},"wordCount":744,"commentCount":0,"publisher":{"@id":"https:\/\/jornalfatosenoticias.com.br\/#organization"},"image":{"@id":"https:\/\/jornalfatosenoticias.com.br\/index.php\/2020\/04\/27\/maia-diz-que-prioridade-da-camara-e-votar-medidas-emergenciais\/#primaryimage"},"thumbnailUrl":"https:\/\/jornalfatosenoticias.com.br\/wp-content\/uploads\/2020\/04\/rodrigo-maia.jpg","keywords":["C\u00e2mara dos Deputados","covid-19","impeachment","pandemia coronav\u00edrus","PIB","projetos emergenciais","Rodrigo Maia"],"articleSection":["Pol\u00edtica"],"inLanguage":"pt-BR","potentialAction":[{"@type":"CommentAction","name":"Comment","target":["https:\/\/jornalfatosenoticias.com.br\/index.php\/2020\/04\/27\/maia-diz-que-prioridade-da-camara-e-votar-medidas-emergenciais\/#respond"]}]},{"@type":"WebPage","@id":"https:\/\/jornalfatosenoticias.com.br\/index.php\/2020\/04\/27\/maia-diz-que-prioridade-da-camara-e-votar-medidas-emergenciais\/","url":"https:\/\/jornalfatosenoticias.com.br\/index.php\/2020\/04\/27\/maia-diz-que-prioridade-da-camara-e-votar-medidas-emergenciais\/","name":"Maia diz que prioridade da C\u00e2mara \u00e9 votar medidas emergenciais - Jornal Fatos e Not\u00edcias","isPartOf":{"@id":"https:\/\/jornalfatosenoticias.com.br\/#website"},"primaryImageOfPage":{"@id":"https:\/\/jornalfatosenoticias.com.br\/index.php\/2020\/04\/27\/maia-diz-que-prioridade-da-camara-e-votar-medidas-emergenciais\/#primaryimage"},"image":{"@id":"https:\/\/jornalfatosenoticias.com.br\/index.php\/2020\/04\/27\/maia-diz-que-prioridade-da-camara-e-votar-medidas-emergenciais\/#primaryimage"},"thumbnailUrl":"https:\/\/jornalfatosenoticias.com.br\/wp-content\/uploads\/2020\/04\/rodrigo-maia.jpg","datePublished":"2020-04-27T20:32:38+00:00","dateModified":"2020-04-27T20:32:43+00:00","breadcrumb":{"@id":"https:\/\/jornalfatosenoticias.com.br\/index.php\/2020\/04\/27\/maia-diz-que-prioridade-da-camara-e-votar-medidas-emergenciais\/#breadcrumb"},"inLanguage":"pt-BR","potentialAction":[{"@type":"ReadAction","target":["https:\/\/jornalfatosenoticias.com.br\/index.php\/2020\/04\/27\/maia-diz-que-prioridade-da-camara-e-votar-medidas-emergenciais\/"]}]},{"@type":"ImageObject","inLanguage":"pt-BR","@id":"https:\/\/jornalfatosenoticias.com.br\/index.php\/2020\/04\/27\/maia-diz-que-prioridade-da-camara-e-votar-medidas-emergenciais\/#primaryimage","url":"https:\/\/jornalfatosenoticias.com.br\/wp-content\/uploads\/2020\/04\/rodrigo-maia.jpg","contentUrl":"https:\/\/jornalfatosenoticias.com.br\/wp-content\/uploads\/2020\/04\/rodrigo-maia.jpg","width":1000,"height":598},{"@type":"BreadcrumbList","@id":"https:\/\/jornalfatosenoticias.com.br\/index.php\/2020\/04\/27\/maia-diz-que-prioridade-da-camara-e-votar-medidas-emergenciais\/#breadcrumb","itemListElement":[{"@type":"ListItem","position":1,"name":"In\u00edcio","item":"https:\/\/jornalfatosenoticias.com.br\/"},{"@type":"ListItem","position":2,"name":"Maia diz que prioridade da C\u00e2mara \u00e9 votar medidas emergenciais"}]},{"@type":"WebSite","@id":"https:\/\/jornalfatosenoticias.com.br\/#website","url":"https:\/\/jornalfatosenoticias.com.br\/","name":"Jornal Fatos e Not\u00edcias","description":"Not\u00edcias em geral","publisher":{"@id":"https:\/\/jornalfatosenoticias.com.br\/#organization"},"potentialAction":[{"@type":"SearchAction","target":{"@type":"EntryPoint","urlTemplate":"https:\/\/jornalfatosenoticias.com.br\/?s={search_term_string}"},"query-input":{"@type":"PropertyValueSpecification","valueRequired":true,"valueName":"search_term_string"}}],"inLanguage":"pt-BR"},{"@type":"Organization","@id":"https:\/\/jornalfatosenoticias.com.br\/#organization","name":"Jornal Fatos e Not\u00edcias","url":"https:\/\/jornalfatosenoticias.com.br\/","logo":{"@type":"ImageObject","inLanguage":"pt-BR","@id":"https:\/\/jornalfatosenoticias.com.br\/#\/schema\/logo\/image\/","url":"https:\/\/jornalfatosenoticias.com.br\/wp-content\/uploads\/2020\/02\/logo120.png","contentUrl":"https:\/\/jornalfatosenoticias.com.br\/wp-content\/uploads\/2020\/02\/logo120.png","width":1227,"height":120,"caption":"Jornal Fatos e Not\u00edcias"},"image":{"@id":"https:\/\/jornalfatosenoticias.com.br\/#\/schema\/logo\/image\/"}},{"@type":"Person","@id":"https:\/\/jornalfatosenoticias.com.br\/#\/schema\/person\/d63837fa13ac8666eb9e74e0985d6f81","name":"Luzimara Fernandes","image":{"@type":"ImageObject","inLanguage":"pt-BR","@id":"https:\/\/jornalfatosenoticias.com.br\/#\/schema\/person\/image\/","url":"https:\/\/jornalfatosenoticias.com.br\/wp-content\/uploads\/2025\/05\/EU_portal.jpg","contentUrl":"https:\/\/jornalfatosenoticias.com.br\/wp-content\/uploads\/2025\/05\/EU_portal.jpg","caption":"Luzimara Fernandes"},"description":"Jornalista MTB 2358-ES","sameAs":["https:\/\/jornalfatosenoticias.com.br"],"url":"https:\/\/jornalfatosenoticias.com.br\/index.php\/author\/luzimara\/"}]}},"cc_featured_image_caption":{"caption_text":"(Foto: Najara Ara\u00fajo\/C\u00e2mara dos Deputados)","source_text":"","source_url":""},"jetpack_featured_media_url":"https:\/\/jornalfatosenoticias.com.br\/wp-content\/uploads\/2020\/04\/rodrigo-maia.jpg","_links":{"self":[{"href":"https:\/\/jornalfatosenoticias.com.br\/index.php\/wp-json\/wp\/v2\/posts\/3691","targetHints":{"allow":["GET"]}}],"collection":[{"href":"https:\/\/jornalfatosenoticias.com.br\/index.php\/wp-json\/wp\/v2\/posts"}],"about":[{"href":"https:\/\/jornalfatosenoticias.com.br\/index.php\/wp-json\/wp\/v2\/types\/post"}],"author":[{"embeddable":true,"href":"https:\/\/jornalfatosenoticias.com.br\/index.php\/wp-json\/wp\/v2\/users\/2"}],"replies":[{"embeddable":true,"href":"https:\/\/jornalfatosenoticias.com.br\/index.php\/wp-json\/wp\/v2\/comments?post=3691"}],"version-history":[{"count":0,"href":"https:\/\/jornalfatosenoticias.com.br\/index.php\/wp-json\/wp\/v2\/posts\/3691\/revisions"}],"wp:featuredmedia":[{"embeddable":true,"href":"https:\/\/jornalfatosenoticias.com.br\/index.php\/wp-json\/wp\/v2\/media\/3692"}],"wp:attachment":[{"href":"https:\/\/jornalfatosenoticias.com.br\/index.php\/wp-json\/wp\/v2\/media?parent=3691"}],"wp:term":[{"taxonomy":"category","embeddable":true,"href":"https:\/\/jornalfatosenoticias.com.br\/index.php\/wp-json\/wp\/v2\/categories?post=3691"},{"taxonomy":"post_tag","embeddable":true,"href":"https:\/\/jornalfatosenoticias.com.br\/index.php\/wp-json\/wp\/v2\/tags?post=3691"}],"curies":[{"name":"wp","href":"https:\/\/api.w.org\/{rel}","templated":true}]}}