{"id":3697,"date":"2020-04-28T08:49:41","date_gmt":"2020-04-28T11:49:41","guid":{"rendered":"https:\/\/jornalfatosenoticias.com.br\/?p=3697"},"modified":"2020-04-28T08:49:46","modified_gmt":"2020-04-28T11:49:46","slug":"bolsonaro-nomeia-andre-mendonca-para-a-justica-e-ramagem-para-a-pf","status":"publish","type":"post","link":"https:\/\/jornalfatosenoticias.com.br\/index.php\/2020\/04\/28\/bolsonaro-nomeia-andre-mendonca-para-a-justica-e-ramagem-para-a-pf\/","title":{"rendered":"Bolsonaro nomeia Andr\u00e9 Mendon\u00e7a para a Justi\u00e7a e Ramagem para a PF"},"content":{"rendered":"\n<h6 class=\"wp-block-heading\"><em>Os decretos com as nomea\u00e7\u00f5es est\u00e3o publicados no Di\u00e1rio Oficial<\/em><\/h6>\n\n\n\n<p>Andr\u00e9 Luiz de Almeida Mendon\u00e7a e Alexandre Ramagem Rodrigues s\u00e3o nomeados ministro da Justi\u00e7a e Seguran\u00e7a P\u00fablica e diretor-geral da Pol\u00edcia Federal (PF), respectivamente. Os decretos assinados pelo presidente da Rep\u00fablica, Jair Bolsonaro, est\u00e3o publicados no Di\u00e1rio Oficial da Uni\u00e3o desta ter\u00e7a-feira (28). Andr\u00e9 Mendon\u00e7a passa a ocupar o comando do minist\u00e9rio com a sa\u00edda de S\u00e9rgio Moro e Alexandre Ramagem a chefia da PF no lugar de Maur\u00edcio Valeixo.<br>Andr\u00e9 Mendon\u00e7a, de 46 anos, \u00e9 natural de Santos, em S\u00e3o Paulo, advogado, formado pela faculdade de direito de Bauru (SP). Ele tamb\u00e9m \u00e9 doutor em estado de direito e governan\u00e7a global e mestre em estrat\u00e9gias anticorrup\u00e7\u00e3o e pol\u00edticas de integridade pela Universidade de Salamanca, na Espanha; \u00e9 p\u00f3s-graduado em direito p\u00fablico pela Universidade de Bras\u00edlia.<br>\u00c9 advogado da Uni\u00e3o desde 2000, tendo exercido, na institui\u00e7\u00e3o, os cargos de corregedor-geral da Advocacia da Uni\u00e3o e de diretor de Patrim\u00f4nio e Probidade, dentre outros. Recentemente, na Controladoria-Geral da Uni\u00e3o (CGU), como assessor especial do ministro, coordenou equipes de negocia\u00e7\u00e3o de acordos de leni\u00eancia celebrados pela Uni\u00e3o e empresas privadas.<br>Alexandre Ramagem, que exercia o cargo de diretor da Ag\u00eancia Brasileira de Intelig\u00eancia (Abin), \u00e9 graduado em direito pela Pontif\u00edcia Universidade Cat\u00f3lica do Rio de Janeiro (PUC-Rio). Ingressou na Pol\u00edcia Federal (PF) em 2005 e atualmente \u00e9 delegado de classe especial. Sua primeira lota\u00e7\u00e3o foi na Superintend\u00eancia Regional da PF no estado de Roraima.<\/p>\n\n\n\n<figure class=\"wp-block-image size-large\"><img loading=\"lazy\" decoding=\"async\" width=\"1000\" height=\"667\" src=\"https:\/\/jornalfatosenoticias.com.br\/wp-content\/uploads\/2020\/04\/alexandre-ramagem.jpg\" alt=\"\" class=\"wp-image-3699\" srcset=\"https:\/\/jornalfatosenoticias.com.br\/wp-content\/uploads\/2020\/04\/alexandre-ramagem.jpg 1000w, https:\/\/jornalfatosenoticias.com.br\/wp-content\/uploads\/2020\/04\/alexandre-ramagem-300x200.jpg 300w, https:\/\/jornalfatosenoticias.com.br\/wp-content\/uploads\/2020\/04\/alexandre-ramagem-768x512.jpg 768w\" sizes=\"auto, (max-width: 1000px) 100vw, 1000px\" \/><figcaption><em>Alexandre Ramagem \u00e9 nomeado diretor-geral da Pol\u00edcia Federal (Foto: Valter Campanato\/Ag\u00eancia Brasil)<\/em><\/figcaption><\/figure>\n\n\n\n<p><br>Em 2007, ele foi nomeado delegado regional de Combate ao Crime Organizado. Ramagem foi transferido, em 2011, para a sede da PF em Bras\u00edlia, com a miss\u00e3o de criar e chefiar a Unidade de Repress\u00e3o a Crimes contra a Pessoa. Em 2013, assumiu a chefia da Divis\u00e3o de Administra\u00e7\u00e3o de Recursos Humanos e, a partir de 2016, passou a chefiar a Divis\u00e3o de Estudos, Legisla\u00e7\u00f5es e Pareceres da PF.<br>Em 2017, tendo em conta a evolu\u00e7\u00e3o dos trabalhos da opera\u00e7\u00e3o Lava Jato no Rio de Janeiro, Ramagem foi convidado a integrar a equipe de policiais federais respons\u00e1vel pela investiga\u00e7\u00e3o e Intelig\u00eancia de pol\u00edcia judici\u00e1ria no \u00e2mbito dessa opera\u00e7\u00e3o. A partir das atividades desenvolvidas, passou a coordenar o trabalho da PF junto ao Tribunal Regional Federal da 2\u00aa Regional, com sede no Rio de Janeiro.<br>Em 2018, assumiu a Coordena\u00e7\u00e3o de Recursos Humanos da Pol\u00edcia Federal, na condi\u00e7\u00e3o de substituto do diretor de Gest\u00e3o de Pessoal. Em raz\u00e3o de seus conhecimentos operacionais nas \u00e1reas de seguran\u00e7a e Intelig\u00eancia, assumiu, ainda em 2018, a Coordena\u00e7\u00e3o de Seguran\u00e7a do ent\u00e3o candidato e atual presidente da Rep\u00fablica, Jair Bolsonaro.<\/p>\n\n\n\n<p><strong><em>Fonte: <a href=\"https:\/\/agenciabrasil.ebc.com.br\/geral\/noticia\/2020-04\/bolsonaro-nomeia-andre-mendonca-para-justica-e-ramagem-para-pf\">Ag\u00eancia Brasil<\/a><\/em><\/strong><\/p>\n","protected":false},"excerpt":{"rendered":"<p>Os decretos com as nomea\u00e7\u00f5es est\u00e3o publicados no Di\u00e1rio Oficial Andr\u00e9 Luiz de Almeida Mendon\u00e7a e Alexandre Ramagem Rodrigues s\u00e3o nomeados ministro da Justi\u00e7a e Seguran\u00e7a P\u00fablica e diretor-geral da Pol\u00edcia Federal (PF), respectivamente. Os decretos assinados pelo presidente da Rep\u00fablica, Jair Bolsonaro, est\u00e3o publicados no Di\u00e1rio Oficial da Uni\u00e3o desta ter\u00e7a-feira (28). Andr\u00e9 Mendon\u00e7a [&hellip;]<\/p>\n","protected":false},"author":2,"featured_media":3698,"comment_status":"open","ping_status":"open","sticky":false,"template":"","format":"standard","meta":{"footnotes":""},"categories":[10],"tags":[2141,2142,2144,2145,2146],"class_list":["post-3697","post","type-post","status-publish","format-standard","has-post-thumbnail","hentry","category-politica","tag-abin","tag-alexandre-ramagem","tag-andre-mendonca-2","tag-ministerio-da-jutica","tag-policia-federal"],"yoast_head":"<!-- This site is optimized with the Yoast SEO plugin v26.5 - https:\/\/yoast.com\/wordpress\/plugins\/seo\/ -->\n<title>Bolsonaro nomeia Andr\u00e9 Mendon\u00e7a para a Justi\u00e7a e Ramagem para a PF - Jornal Fatos e Not\u00edcias<\/title>\n<meta name=\"robots\" content=\"index, follow, max-snippet:-1, max-image-preview:large, max-video-preview:-1\" \/>\n<link rel=\"canonical\" href=\"https:\/\/jornalfatosenoticias.com.br\/index.php\/2020\/04\/28\/bolsonaro-nomeia-andre-mendonca-para-a-justica-e-ramagem-para-a-pf\/\" \/>\n<meta property=\"og:locale\" content=\"pt_BR\" \/>\n<meta property=\"og:type\" content=\"article\" \/>\n<meta property=\"og:title\" content=\"Bolsonaro nomeia Andr\u00e9 Mendon\u00e7a para a Justi\u00e7a e Ramagem para a PF - Jornal Fatos e Not\u00edcias\" \/>\n<meta property=\"og:description\" content=\"Os decretos com as nomea\u00e7\u00f5es est\u00e3o publicados no Di\u00e1rio Oficial Andr\u00e9 Luiz de Almeida Mendon\u00e7a e Alexandre Ramagem Rodrigues s\u00e3o nomeados ministro da Justi\u00e7a e Seguran\u00e7a P\u00fablica e diretor-geral da Pol\u00edcia Federal (PF), respectivamente. Os decretos assinados pelo presidente da Rep\u00fablica, Jair Bolsonaro, est\u00e3o publicados no Di\u00e1rio Oficial da Uni\u00e3o desta ter\u00e7a-feira (28). Andr\u00e9 Mendon\u00e7a [&hellip;]\" \/>\n<meta property=\"og:url\" content=\"https:\/\/jornalfatosenoticias.com.br\/index.php\/2020\/04\/28\/bolsonaro-nomeia-andre-mendonca-para-a-justica-e-ramagem-para-a-pf\/\" \/>\n<meta property=\"og:site_name\" content=\"Jornal Fatos e Not\u00edcias\" \/>\n<meta property=\"article:published_time\" content=\"2020-04-28T11:49:41+00:00\" \/>\n<meta property=\"article:modified_time\" content=\"2020-04-28T11:49:46+00:00\" \/>\n<meta property=\"og:image\" content=\"https:\/\/jornalfatosenoticias.com.br\/wp-content\/uploads\/2020\/04\/andre-mendonca.jpg\" \/>\n\t<meta property=\"og:image:width\" content=\"1000\" \/>\n\t<meta property=\"og:image:height\" content=\"554\" \/>\n\t<meta property=\"og:image:type\" content=\"image\/jpeg\" \/>\n<meta name=\"author\" content=\"Luzimara Fernandes\" \/>\n<meta name=\"twitter:card\" content=\"summary_large_image\" \/>\n<meta name=\"twitter:label1\" content=\"Escrito por\" \/>\n\t<meta name=\"twitter:data1\" content=\"Luzimara Fernandes\" \/>\n\t<meta name=\"twitter:label2\" content=\"Est. tempo de leitura\" \/>\n\t<meta name=\"twitter:data2\" content=\"2 minutos\" \/>\n<script type=\"application\/ld+json\" class=\"yoast-schema-graph\">{\"@context\":\"https:\/\/schema.org\",\"@graph\":[{\"@type\":\"Article\",\"@id\":\"https:\/\/jornalfatosenoticias.com.br\/index.php\/2020\/04\/28\/bolsonaro-nomeia-andre-mendonca-para-a-justica-e-ramagem-para-a-pf\/#article\",\"isPartOf\":{\"@id\":\"https:\/\/jornalfatosenoticias.com.br\/index.php\/2020\/04\/28\/bolsonaro-nomeia-andre-mendonca-para-a-justica-e-ramagem-para-a-pf\/\"},\"author\":{\"name\":\"Luzimara Fernandes\",\"@id\":\"https:\/\/jornalfatosenoticias.com.br\/#\/schema\/person\/d63837fa13ac8666eb9e74e0985d6f81\"},\"headline\":\"Bolsonaro nomeia Andr\u00e9 Mendon\u00e7a para a Justi\u00e7a e Ramagem para a PF\",\"datePublished\":\"2020-04-28T11:49:41+00:00\",\"dateModified\":\"2020-04-28T11:49:46+00:00\",\"mainEntityOfPage\":{\"@id\":\"https:\/\/jornalfatosenoticias.com.br\/index.php\/2020\/04\/28\/bolsonaro-nomeia-andre-mendonca-para-a-justica-e-ramagem-para-a-pf\/\"},\"wordCount\":511,\"commentCount\":0,\"publisher\":{\"@id\":\"https:\/\/jornalfatosenoticias.com.br\/#organization\"},\"image\":{\"@id\":\"https:\/\/jornalfatosenoticias.com.br\/index.php\/2020\/04\/28\/bolsonaro-nomeia-andre-mendonca-para-a-justica-e-ramagem-para-a-pf\/#primaryimage\"},\"thumbnailUrl\":\"https:\/\/jornalfatosenoticias.com.br\/wp-content\/uploads\/2020\/04\/andre-mendonca.jpg\",\"keywords\":[\"Abin\",\"Alexandre Ramagem\",\"Andr\u00e9 Mendon\u00e7a\",\"Minist\u00e9rio da Juti\u00e7a\",\"Pol\u00edcia Federal\"],\"articleSection\":[\"Pol\u00edtica\"],\"inLanguage\":\"pt-BR\",\"potentialAction\":[{\"@type\":\"CommentAction\",\"name\":\"Comment\",\"target\":[\"https:\/\/jornalfatosenoticias.com.br\/index.php\/2020\/04\/28\/bolsonaro-nomeia-andre-mendonca-para-a-justica-e-ramagem-para-a-pf\/#respond\"]}]},{\"@type\":\"WebPage\",\"@id\":\"https:\/\/jornalfatosenoticias.com.br\/index.php\/2020\/04\/28\/bolsonaro-nomeia-andre-mendonca-para-a-justica-e-ramagem-para-a-pf\/\",\"url\":\"https:\/\/jornalfatosenoticias.com.br\/index.php\/2020\/04\/28\/bolsonaro-nomeia-andre-mendonca-para-a-justica-e-ramagem-para-a-pf\/\",\"name\":\"Bolsonaro nomeia Andr\u00e9 Mendon\u00e7a para a Justi\u00e7a e Ramagem para a PF - Jornal Fatos e Not\u00edcias\",\"isPartOf\":{\"@id\":\"https:\/\/jornalfatosenoticias.com.br\/#website\"},\"primaryImageOfPage\":{\"@id\":\"https:\/\/jornalfatosenoticias.com.br\/index.php\/2020\/04\/28\/bolsonaro-nomeia-andre-mendonca-para-a-justica-e-ramagem-para-a-pf\/#primaryimage\"},\"image\":{\"@id\":\"https:\/\/jornalfatosenoticias.com.br\/index.php\/2020\/04\/28\/bolsonaro-nomeia-andre-mendonca-para-a-justica-e-ramagem-para-a-pf\/#primaryimage\"},\"thumbnailUrl\":\"https:\/\/jornalfatosenoticias.com.br\/wp-content\/uploads\/2020\/04\/andre-mendonca.jpg\",\"datePublished\":\"2020-04-28T11:49:41+00:00\",\"dateModified\":\"2020-04-28T11:49:46+00:00\",\"breadcrumb\":{\"@id\":\"https:\/\/jornalfatosenoticias.com.br\/index.php\/2020\/04\/28\/bolsonaro-nomeia-andre-mendonca-para-a-justica-e-ramagem-para-a-pf\/#breadcrumb\"},\"inLanguage\":\"pt-BR\",\"potentialAction\":[{\"@type\":\"ReadAction\",\"target\":[\"https:\/\/jornalfatosenoticias.com.br\/index.php\/2020\/04\/28\/bolsonaro-nomeia-andre-mendonca-para-a-justica-e-ramagem-para-a-pf\/\"]}]},{\"@type\":\"ImageObject\",\"inLanguage\":\"pt-BR\",\"@id\":\"https:\/\/jornalfatosenoticias.com.br\/index.php\/2020\/04\/28\/bolsonaro-nomeia-andre-mendonca-para-a-justica-e-ramagem-para-a-pf\/#primaryimage\",\"url\":\"https:\/\/jornalfatosenoticias.com.br\/wp-content\/uploads\/2020\/04\/andre-mendonca.jpg\",\"contentUrl\":\"https:\/\/jornalfatosenoticias.com.br\/wp-content\/uploads\/2020\/04\/andre-mendonca.jpg\",\"width\":1000,\"height\":554,\"caption\":\"O advogado-geral da Uni\u00e3o, Andr\u00e9 Mendon\u00e7a, participa do lan\u00e7amento da Estrat\u00e9gia Nacional Integrada para a Desjudicializa\u00e7\u00e3o da Previd\u00eancia Social, no Supremo Tribunal Federal (STF)\"},{\"@type\":\"BreadcrumbList\",\"@id\":\"https:\/\/jornalfatosenoticias.com.br\/index.php\/2020\/04\/28\/bolsonaro-nomeia-andre-mendonca-para-a-justica-e-ramagem-para-a-pf\/#breadcrumb\",\"itemListElement\":[{\"@type\":\"ListItem\",\"position\":1,\"name\":\"In\u00edcio\",\"item\":\"https:\/\/jornalfatosenoticias.com.br\/\"},{\"@type\":\"ListItem\",\"position\":2,\"name\":\"Bolsonaro nomeia Andr\u00e9 Mendon\u00e7a para a Justi\u00e7a e Ramagem para a PF\"}]},{\"@type\":\"WebSite\",\"@id\":\"https:\/\/jornalfatosenoticias.com.br\/#website\",\"url\":\"https:\/\/jornalfatosenoticias.com.br\/\",\"name\":\"Jornal Fatos e Not\u00edcias\",\"description\":\"Not\u00edcias em geral\",\"publisher\":{\"@id\":\"https:\/\/jornalfatosenoticias.com.br\/#organization\"},\"potentialAction\":[{\"@type\":\"SearchAction\",\"target\":{\"@type\":\"EntryPoint\",\"urlTemplate\":\"https:\/\/jornalfatosenoticias.com.br\/?s={search_term_string}\"},\"query-input\":{\"@type\":\"PropertyValueSpecification\",\"valueRequired\":true,\"valueName\":\"search_term_string\"}}],\"inLanguage\":\"pt-BR\"},{\"@type\":\"Organization\",\"@id\":\"https:\/\/jornalfatosenoticias.com.br\/#organization\",\"name\":\"Jornal Fatos e Not\u00edcias\",\"url\":\"https:\/\/jornalfatosenoticias.com.br\/\",\"logo\":{\"@type\":\"ImageObject\",\"inLanguage\":\"pt-BR\",\"@id\":\"https:\/\/jornalfatosenoticias.com.br\/#\/schema\/logo\/image\/\",\"url\":\"https:\/\/jornalfatosenoticias.com.br\/wp-content\/uploads\/2020\/02\/logo120.png\",\"contentUrl\":\"https:\/\/jornalfatosenoticias.com.br\/wp-content\/uploads\/2020\/02\/logo120.png\",\"width\":1227,\"height\":120,\"caption\":\"Jornal Fatos e Not\u00edcias\"},\"image\":{\"@id\":\"https:\/\/jornalfatosenoticias.com.br\/#\/schema\/logo\/image\/\"}},{\"@type\":\"Person\",\"@id\":\"https:\/\/jornalfatosenoticias.com.br\/#\/schema\/person\/d63837fa13ac8666eb9e74e0985d6f81\",\"name\":\"Luzimara Fernandes\",\"image\":{\"@type\":\"ImageObject\",\"inLanguage\":\"pt-BR\",\"@id\":\"https:\/\/jornalfatosenoticias.com.br\/#\/schema\/person\/image\/\",\"url\":\"https:\/\/jornalfatosenoticias.com.br\/wp-content\/uploads\/2025\/05\/EU_portal.jpg\",\"contentUrl\":\"https:\/\/jornalfatosenoticias.com.br\/wp-content\/uploads\/2025\/05\/EU_portal.jpg\",\"caption\":\"Luzimara Fernandes\"},\"description\":\"Jornalista MTB 2358-ES\",\"sameAs\":[\"https:\/\/jornalfatosenoticias.com.br\"],\"url\":\"https:\/\/jornalfatosenoticias.com.br\/index.php\/author\/luzimara\/\"}]}<\/script>\n<!-- \/ Yoast SEO plugin. -->","yoast_head_json":{"title":"Bolsonaro nomeia Andr\u00e9 Mendon\u00e7a para a Justi\u00e7a e Ramagem para a PF - Jornal Fatos e Not\u00edcias","robots":{"index":"index","follow":"follow","max-snippet":"max-snippet:-1","max-image-preview":"max-image-preview:large","max-video-preview":"max-video-preview:-1"},"canonical":"https:\/\/jornalfatosenoticias.com.br\/index.php\/2020\/04\/28\/bolsonaro-nomeia-andre-mendonca-para-a-justica-e-ramagem-para-a-pf\/","og_locale":"pt_BR","og_type":"article","og_title":"Bolsonaro nomeia Andr\u00e9 Mendon\u00e7a para a Justi\u00e7a e Ramagem para a PF - Jornal Fatos e Not\u00edcias","og_description":"Os decretos com as nomea\u00e7\u00f5es est\u00e3o publicados no Di\u00e1rio Oficial Andr\u00e9 Luiz de Almeida Mendon\u00e7a e Alexandre Ramagem Rodrigues s\u00e3o nomeados ministro da Justi\u00e7a e Seguran\u00e7a P\u00fablica e diretor-geral da Pol\u00edcia Federal (PF), respectivamente. Os decretos assinados pelo presidente da Rep\u00fablica, Jair Bolsonaro, est\u00e3o publicados no Di\u00e1rio Oficial da Uni\u00e3o desta ter\u00e7a-feira (28). Andr\u00e9 Mendon\u00e7a [&hellip;]","og_url":"https:\/\/jornalfatosenoticias.com.br\/index.php\/2020\/04\/28\/bolsonaro-nomeia-andre-mendonca-para-a-justica-e-ramagem-para-a-pf\/","og_site_name":"Jornal Fatos e Not\u00edcias","article_published_time":"2020-04-28T11:49:41+00:00","article_modified_time":"2020-04-28T11:49:46+00:00","og_image":[{"width":1000,"height":554,"url":"https:\/\/jornalfatosenoticias.com.br\/wp-content\/uploads\/2020\/04\/andre-mendonca.jpg","type":"image\/jpeg"}],"author":"Luzimara Fernandes","twitter_card":"summary_large_image","twitter_misc":{"Escrito por":"Luzimara Fernandes","Est. tempo de leitura":"2 minutos"},"schema":{"@context":"https:\/\/schema.org","@graph":[{"@type":"Article","@id":"https:\/\/jornalfatosenoticias.com.br\/index.php\/2020\/04\/28\/bolsonaro-nomeia-andre-mendonca-para-a-justica-e-ramagem-para-a-pf\/#article","isPartOf":{"@id":"https:\/\/jornalfatosenoticias.com.br\/index.php\/2020\/04\/28\/bolsonaro-nomeia-andre-mendonca-para-a-justica-e-ramagem-para-a-pf\/"},"author":{"name":"Luzimara Fernandes","@id":"https:\/\/jornalfatosenoticias.com.br\/#\/schema\/person\/d63837fa13ac8666eb9e74e0985d6f81"},"headline":"Bolsonaro nomeia Andr\u00e9 Mendon\u00e7a para a Justi\u00e7a e Ramagem para a PF","datePublished":"2020-04-28T11:49:41+00:00","dateModified":"2020-04-28T11:49:46+00:00","mainEntityOfPage":{"@id":"https:\/\/jornalfatosenoticias.com.br\/index.php\/2020\/04\/28\/bolsonaro-nomeia-andre-mendonca-para-a-justica-e-ramagem-para-a-pf\/"},"wordCount":511,"commentCount":0,"publisher":{"@id":"https:\/\/jornalfatosenoticias.com.br\/#organization"},"image":{"@id":"https:\/\/jornalfatosenoticias.com.br\/index.php\/2020\/04\/28\/bolsonaro-nomeia-andre-mendonca-para-a-justica-e-ramagem-para-a-pf\/#primaryimage"},"thumbnailUrl":"https:\/\/jornalfatosenoticias.com.br\/wp-content\/uploads\/2020\/04\/andre-mendonca.jpg","keywords":["Abin","Alexandre Ramagem","Andr\u00e9 Mendon\u00e7a","Minist\u00e9rio da Juti\u00e7a","Pol\u00edcia Federal"],"articleSection":["Pol\u00edtica"],"inLanguage":"pt-BR","potentialAction":[{"@type":"CommentAction","name":"Comment","target":["https:\/\/jornalfatosenoticias.com.br\/index.php\/2020\/04\/28\/bolsonaro-nomeia-andre-mendonca-para-a-justica-e-ramagem-para-a-pf\/#respond"]}]},{"@type":"WebPage","@id":"https:\/\/jornalfatosenoticias.com.br\/index.php\/2020\/04\/28\/bolsonaro-nomeia-andre-mendonca-para-a-justica-e-ramagem-para-a-pf\/","url":"https:\/\/jornalfatosenoticias.com.br\/index.php\/2020\/04\/28\/bolsonaro-nomeia-andre-mendonca-para-a-justica-e-ramagem-para-a-pf\/","name":"Bolsonaro nomeia Andr\u00e9 Mendon\u00e7a para a Justi\u00e7a e Ramagem para a PF - Jornal Fatos e Not\u00edcias","isPartOf":{"@id":"https:\/\/jornalfatosenoticias.com.br\/#website"},"primaryImageOfPage":{"@id":"https:\/\/jornalfatosenoticias.com.br\/index.php\/2020\/04\/28\/bolsonaro-nomeia-andre-mendonca-para-a-justica-e-ramagem-para-a-pf\/#primaryimage"},"image":{"@id":"https:\/\/jornalfatosenoticias.com.br\/index.php\/2020\/04\/28\/bolsonaro-nomeia-andre-mendonca-para-a-justica-e-ramagem-para-a-pf\/#primaryimage"},"thumbnailUrl":"https:\/\/jornalfatosenoticias.com.br\/wp-content\/uploads\/2020\/04\/andre-mendonca.jpg","datePublished":"2020-04-28T11:49:41+00:00","dateModified":"2020-04-28T11:49:46+00:00","breadcrumb":{"@id":"https:\/\/jornalfatosenoticias.com.br\/index.php\/2020\/04\/28\/bolsonaro-nomeia-andre-mendonca-para-a-justica-e-ramagem-para-a-pf\/#breadcrumb"},"inLanguage":"pt-BR","potentialAction":[{"@type":"ReadAction","target":["https:\/\/jornalfatosenoticias.com.br\/index.php\/2020\/04\/28\/bolsonaro-nomeia-andre-mendonca-para-a-justica-e-ramagem-para-a-pf\/"]}]},{"@type":"ImageObject","inLanguage":"pt-BR","@id":"https:\/\/jornalfatosenoticias.com.br\/index.php\/2020\/04\/28\/bolsonaro-nomeia-andre-mendonca-para-a-justica-e-ramagem-para-a-pf\/#primaryimage","url":"https:\/\/jornalfatosenoticias.com.br\/wp-content\/uploads\/2020\/04\/andre-mendonca.jpg","contentUrl":"https:\/\/jornalfatosenoticias.com.br\/wp-content\/uploads\/2020\/04\/andre-mendonca.jpg","width":1000,"height":554,"caption":"O advogado-geral da Uni\u00e3o, Andr\u00e9 Mendon\u00e7a, participa do lan\u00e7amento da Estrat\u00e9gia Nacional Integrada para a Desjudicializa\u00e7\u00e3o da Previd\u00eancia Social, no Supremo Tribunal Federal (STF)"},{"@type":"BreadcrumbList","@id":"https:\/\/jornalfatosenoticias.com.br\/index.php\/2020\/04\/28\/bolsonaro-nomeia-andre-mendonca-para-a-justica-e-ramagem-para-a-pf\/#breadcrumb","itemListElement":[{"@type":"ListItem","position":1,"name":"In\u00edcio","item":"https:\/\/jornalfatosenoticias.com.br\/"},{"@type":"ListItem","position":2,"name":"Bolsonaro nomeia Andr\u00e9 Mendon\u00e7a para a Justi\u00e7a e Ramagem para a PF"}]},{"@type":"WebSite","@id":"https:\/\/jornalfatosenoticias.com.br\/#website","url":"https:\/\/jornalfatosenoticias.com.br\/","name":"Jornal Fatos e Not\u00edcias","description":"Not\u00edcias em geral","publisher":{"@id":"https:\/\/jornalfatosenoticias.com.br\/#organization"},"potentialAction":[{"@type":"SearchAction","target":{"@type":"EntryPoint","urlTemplate":"https:\/\/jornalfatosenoticias.com.br\/?s={search_term_string}"},"query-input":{"@type":"PropertyValueSpecification","valueRequired":true,"valueName":"search_term_string"}}],"inLanguage":"pt-BR"},{"@type":"Organization","@id":"https:\/\/jornalfatosenoticias.com.br\/#organization","name":"Jornal Fatos e Not\u00edcias","url":"https:\/\/jornalfatosenoticias.com.br\/","logo":{"@type":"ImageObject","inLanguage":"pt-BR","@id":"https:\/\/jornalfatosenoticias.com.br\/#\/schema\/logo\/image\/","url":"https:\/\/jornalfatosenoticias.com.br\/wp-content\/uploads\/2020\/02\/logo120.png","contentUrl":"https:\/\/jornalfatosenoticias.com.br\/wp-content\/uploads\/2020\/02\/logo120.png","width":1227,"height":120,"caption":"Jornal Fatos e Not\u00edcias"},"image":{"@id":"https:\/\/jornalfatosenoticias.com.br\/#\/schema\/logo\/image\/"}},{"@type":"Person","@id":"https:\/\/jornalfatosenoticias.com.br\/#\/schema\/person\/d63837fa13ac8666eb9e74e0985d6f81","name":"Luzimara Fernandes","image":{"@type":"ImageObject","inLanguage":"pt-BR","@id":"https:\/\/jornalfatosenoticias.com.br\/#\/schema\/person\/image\/","url":"https:\/\/jornalfatosenoticias.com.br\/wp-content\/uploads\/2025\/05\/EU_portal.jpg","contentUrl":"https:\/\/jornalfatosenoticias.com.br\/wp-content\/uploads\/2025\/05\/EU_portal.jpg","caption":"Luzimara Fernandes"},"description":"Jornalista MTB 2358-ES","sameAs":["https:\/\/jornalfatosenoticias.com.br"],"url":"https:\/\/jornalfatosenoticias.com.br\/index.php\/author\/luzimara\/"}]}},"cc_featured_image_caption":{"caption_text":"Andr\u00e9 Luiz de Almeida Mendon\u00e7a","source_text":"","source_url":""},"jetpack_featured_media_url":"https:\/\/jornalfatosenoticias.com.br\/wp-content\/uploads\/2020\/04\/andre-mendonca.jpg","_links":{"self":[{"href":"https:\/\/jornalfatosenoticias.com.br\/index.php\/wp-json\/wp\/v2\/posts\/3697","targetHints":{"allow":["GET"]}}],"collection":[{"href":"https:\/\/jornalfatosenoticias.com.br\/index.php\/wp-json\/wp\/v2\/posts"}],"about":[{"href":"https:\/\/jornalfatosenoticias.com.br\/index.php\/wp-json\/wp\/v2\/types\/post"}],"author":[{"embeddable":true,"href":"https:\/\/jornalfatosenoticias.com.br\/index.php\/wp-json\/wp\/v2\/users\/2"}],"replies":[{"embeddable":true,"href":"https:\/\/jornalfatosenoticias.com.br\/index.php\/wp-json\/wp\/v2\/comments?post=3697"}],"version-history":[{"count":0,"href":"https:\/\/jornalfatosenoticias.com.br\/index.php\/wp-json\/wp\/v2\/posts\/3697\/revisions"}],"wp:featuredmedia":[{"embeddable":true,"href":"https:\/\/jornalfatosenoticias.com.br\/index.php\/wp-json\/wp\/v2\/media\/3698"}],"wp:attachment":[{"href":"https:\/\/jornalfatosenoticias.com.br\/index.php\/wp-json\/wp\/v2\/media?parent=3697"}],"wp:term":[{"taxonomy":"category","embeddable":true,"href":"https:\/\/jornalfatosenoticias.com.br\/index.php\/wp-json\/wp\/v2\/categories?post=3697"},{"taxonomy":"post_tag","embeddable":true,"href":"https:\/\/jornalfatosenoticias.com.br\/index.php\/wp-json\/wp\/v2\/tags?post=3697"}],"curies":[{"name":"wp","href":"https:\/\/api.w.org\/{rel}","templated":true}]}}