{"id":37002,"date":"2022-12-16T12:42:53","date_gmt":"2022-12-16T15:42:53","guid":{"rendered":"https:\/\/jornalfatosenoticias.com.br\/?p=37002"},"modified":"2022-12-16T12:42:54","modified_gmt":"2022-12-16T15:42:54","slug":"pensamento-acelerado-pode-ser-sintoma-de-transtorno-mental","status":"publish","type":"post","link":"https:\/\/jornalfatosenoticias.com.br\/index.php\/2022\/12\/16\/pensamento-acelerado-pode-ser-sintoma-de-transtorno-mental\/","title":{"rendered":"Pensamento acelerado pode ser sintoma de transtorno mental"},"content":{"rendered":"\n<p><em><span class=\"has-inline-color has-black-color\">M\u00e1rio Rodrigues Louz\u00e3 cita, como exemplos, o Transtorno de D\u00e9ficit de Aten\u00e7\u00e3o com Hiperatividade e o transtorno bipolar<\/span><\/em><\/p>\n\n\n\n<div class=\"wp-block-image\"><figure class=\"aligncenter size-large\"><img loading=\"lazy\" decoding=\"async\" width=\"1024\" height=\"103\" src=\"https:\/\/jornalfatosenoticias.com.br\/wp-content\/uploads\/2022\/02\/Arte-Autoescola-Galatas_endereco_portal-1024x103.png\" alt=\"\" class=\"wp-image-27869\" srcset=\"https:\/\/jornalfatosenoticias.com.br\/wp-content\/uploads\/2022\/02\/Arte-Autoescola-Galatas_endereco_portal-1024x103.png 1024w, https:\/\/jornalfatosenoticias.com.br\/wp-content\/uploads\/2022\/02\/Arte-Autoescola-Galatas_endereco_portal-300x30.png 300w, https:\/\/jornalfatosenoticias.com.br\/wp-content\/uploads\/2022\/02\/Arte-Autoescola-Galatas_endereco_portal-768x77.png 768w, https:\/\/jornalfatosenoticias.com.br\/wp-content\/uploads\/2022\/02\/Arte-Autoescola-Galatas_endereco_portal.png 1223w\" sizes=\"auto, (max-width: 1024px) 100vw, 1024px\" \/><\/figure><\/div>\n\n\n\n<p>A s\u00edndrome do pensamento acelerado, um problema que pode ocorrer com algumas pessoas, est\u00e1 nomeado de forma incorreta. O correto \u00e9 dizermos que n\u00e3o \u00e9 uma s\u00edndrome, mas sim um sintoma de um transtorno mental. M\u00e1rio Rodrigues Louz\u00e3, coordenador do Programa de Esquizofrenia e tamb\u00e9m do Programa de D\u00e9ficit de Aten\u00e7\u00e3o e Hiperatividade do Adulto do Instituto de Psiquiatria da USP, explica que, \u201cpara identificar se h\u00e1 altera\u00e7\u00e3o no pensamento \u00e9 necess\u00e1rio fazer uma avalia\u00e7\u00e3o na qual se verifica se o pensamento est\u00e1 acelerado a partir do discurso que o paciente relata, e tamb\u00e9m s\u00e3o avaliados outros sintomas para s\u00f3 ent\u00e3o se fazer um diagn\u00f3stico de um transtorno mental\u201d.<\/p>\n\n\n\n<div class=\"wp-block-image\"><figure class=\"aligncenter size-large is-resized\"><img loading=\"lazy\" decoding=\"async\" src=\"https:\/\/jornalfatosenoticias.com.br\/wp-content\/uploads\/2022\/02\/Precisao-Contabilidade-1024x724.jpg\" alt=\"\" class=\"wp-image-28088\" width=\"272\" height=\"192\"\/><\/figure><\/div>\n\n\n\n<p>Nosso c\u00e9rebro possui v\u00e1rias velocidades de pensamento e, em algumas situa\u00e7\u00f5es, pode sofrer altera\u00e7\u00f5es. O \u00f3rg\u00e3o tem as capacidades de aten\u00e7\u00e3o, mem\u00f3ria e pensamento. Essas capacidades s\u00e3o chamadas de fun\u00e7\u00f5es mentais ou ps\u00edquicas. Existe uma forma de analisar o pensamento e uma de suas caracter\u00edstica \u00e9 atrav\u00e9s de sua velocidade. Ela pode se dar dentro da normalidade, mas existem algumas situa\u00e7\u00f5es, como os transtornos mentais, em que ela fica fora da normalidade. Entre os transtornos que podem ocasionar essa altera\u00e7\u00e3o, est\u00e1 o TDAH \u2014 Transtorno de D\u00e9ficit de Aten\u00e7\u00e3o com Hiperatividade. <\/p>\n\n\n\n<div class=\"wp-block-image\"><figure class=\"alignleft size-large\"><img loading=\"lazy\" decoding=\"async\" width=\"300\" height=\"300\" src=\"https:\/\/jornalfatosenoticias.com.br\/wp-content\/uploads\/2022\/12\/Mario-Rodrigues-Louza.jpg\" alt=\"\" class=\"wp-image-37003\" srcset=\"https:\/\/jornalfatosenoticias.com.br\/wp-content\/uploads\/2022\/12\/Mario-Rodrigues-Louza.jpg 300w, https:\/\/jornalfatosenoticias.com.br\/wp-content\/uploads\/2022\/12\/Mario-Rodrigues-Louza-150x150.jpg 150w\" sizes=\"auto, (max-width: 300px) 100vw, 300px\" \/><figcaption><em><span class=\"has-inline-color has-black-color\">M\u00e1rio Rodrigues Louz\u00e3 Neto (Foto: Reprodu\u00e7\u00e3o\/Fapesp)<\/span><\/em><\/figcaption><\/figure><\/div>\n\n\n\n<p>H\u00e1 tamb\u00e9m o transtorno bipolar, em que a pessoa, na fase de euforia, salta de um assunto para o outro sem que haja o t\u00e9rmino do pensamento, do que se est\u00e1 falando. Em alguns casos de ansiedade, o pensamento tamb\u00e9m fica acelerado, mas dentro da normalidade, como, por exemplo, na v\u00e9spera de uma prova.<\/p>\n\n\n\n<p><strong><span class=\"has-inline-color has-black-color\">Diferen\u00e7as<br><\/span><\/strong>\u00c9 poss\u00edvel distinguir um pensamento acelerado normal de um transtorno mental. As circunst\u00e2ncias normais da vida em que o pensamento est\u00e1 acelerado est\u00e1 vinculado a uma situa\u00e7\u00e3o, a um fato que vai acontecer. Terminado esse fato, volta-se a ter o pensamento na velocidade normal quando cessa a preocupa\u00e7\u00e3o. Mas existem doen\u00e7as em que o pensamento fica fora do controle da pessoa, ela n\u00e3o consegue impedir que isso aconte\u00e7a.<\/p>\n\n\n\n<div class=\"wp-block-image\"><figure class=\"aligncenter size-large\"><img decoding=\"async\" src=\"https:\/\/jornalfatosenoticias.com.br\/wp-content\/uploads\/2020\/02\/barao-das-carnes-300x164-1.jpg\" alt=\"\" class=\"wp-image-34339\"\/><\/figure><\/div>\n\n\n\n<p>Assim como h\u00e1 formas diferentes de acelera\u00e7\u00e3o do pensamento, h\u00e1 v\u00e1rias maneiras de realizar o tratamento e lidar com o problema. Louz\u00e3 explica que, \u201cdependendo do transtorno mental que est\u00e1 causando essa acelera\u00e7\u00e3o do pensamento, a nossa abordagem terap\u00eautica ser\u00e1 diferente. No quadro de ansiedade generalizada, por exemplo, em um transtorno bipolar, na fase de euforia, voc\u00ea tem alguns medicamentos para controlar esse pensamento acelerado e demais sintomas. J\u00e1 em uma situa\u00e7\u00e3o cotidiana, em que a pessoa est\u00e1 com o pensamento acelerado por algum motivo, se a pessoa der uns passos para tr\u00e1s e conseguir refletir um pouco sobre os motivos porque isso est\u00e1 acontecendo, ela pode procurar uma terapia para lidar melhor com a situa\u00e7\u00e3o que a est\u00e1 deixando ansiosa\u201d.<\/p>\n\n\n\n<div class=\"wp-block-image\"><figure class=\"aligncenter size-large\"><img loading=\"lazy\" decoding=\"async\" width=\"1000\" height=\"709\" src=\"https:\/\/jornalfatosenoticias.com.br\/wp-content\/uploads\/2022\/12\/CARTAO-NATALINO_2022.jpg\" alt=\"\" class=\"wp-image-36945\" srcset=\"https:\/\/jornalfatosenoticias.com.br\/wp-content\/uploads\/2022\/12\/CARTAO-NATALINO_2022.jpg 1000w, https:\/\/jornalfatosenoticias.com.br\/wp-content\/uploads\/2022\/12\/CARTAO-NATALINO_2022-300x213.jpg 300w, https:\/\/jornalfatosenoticias.com.br\/wp-content\/uploads\/2022\/12\/CARTAO-NATALINO_2022-768x545.jpg 768w\" sizes=\"auto, (max-width: 1000px) 100vw, 1000px\" \/><\/figure><\/div>\n\n\n\n<p><strong><em>Fonte: <a href=\"https:\/\/www.ecycle.com.br\/pensamento-acelerado-pode-ser-sintoma-de-transtorno-mental\/\">eCycle<\/a><\/em><\/strong><\/p>\n","protected":false},"excerpt":{"rendered":"<p>M\u00e1rio Rodrigues Louz\u00e3 cita, como exemplos, o Transtorno de D\u00e9ficit de Aten\u00e7\u00e3o com Hiperatividade e o transtorno bipolar A s\u00edndrome do pensamento acelerado, um problema que pode ocorrer com algumas pessoas, est\u00e1 nomeado de forma incorreta. O correto \u00e9 dizermos que n\u00e3o \u00e9 uma s\u00edndrome, mas sim um sintoma de um transtorno mental. M\u00e1rio Rodrigues [&hellip;]<\/p>\n","protected":false},"author":2,"featured_media":37004,"comment_status":"open","ping_status":"open","sticky":false,"template":"","format":"standard","meta":{"footnotes":""},"categories":[2522],"tags":[17378,688,17379,7999,5908,17380],"class_list":["post-37002","post","type-post","status-publish","format-standard","has-post-thumbnail","hentry","category-comportamento","tag-pensamento-acelerado","tag-saude-mental","tag-sintoma","tag-tdah","tag-transtorno-bipolar","tag-transtorno-mental"],"yoast_head":"<!-- This site is optimized with the Yoast SEO plugin v26.5 - https:\/\/yoast.com\/wordpress\/plugins\/seo\/ -->\n<title>Pensamento acelerado pode ser sintoma de transtorno mental - Jornal Fatos e Not\u00edcias<\/title>\n<meta name=\"robots\" content=\"index, follow, max-snippet:-1, max-image-preview:large, max-video-preview:-1\" \/>\n<link rel=\"canonical\" href=\"https:\/\/jornalfatosenoticias.com.br\/index.php\/2022\/12\/16\/pensamento-acelerado-pode-ser-sintoma-de-transtorno-mental\/\" \/>\n<meta property=\"og:locale\" content=\"pt_BR\" \/>\n<meta property=\"og:type\" content=\"article\" \/>\n<meta property=\"og:title\" content=\"Pensamento acelerado pode ser sintoma de transtorno mental - Jornal Fatos e Not\u00edcias\" \/>\n<meta property=\"og:description\" content=\"M\u00e1rio Rodrigues Louz\u00e3 cita, como exemplos, o Transtorno de D\u00e9ficit de Aten\u00e7\u00e3o com Hiperatividade e o transtorno bipolar A s\u00edndrome do pensamento acelerado, um problema que pode ocorrer com algumas pessoas, est\u00e1 nomeado de forma incorreta. O correto \u00e9 dizermos que n\u00e3o \u00e9 uma s\u00edndrome, mas sim um sintoma de um transtorno mental. M\u00e1rio Rodrigues [&hellip;]\" \/>\n<meta property=\"og:url\" content=\"https:\/\/jornalfatosenoticias.com.br\/index.php\/2022\/12\/16\/pensamento-acelerado-pode-ser-sintoma-de-transtorno-mental\/\" \/>\n<meta property=\"og:site_name\" content=\"Jornal Fatos e Not\u00edcias\" \/>\n<meta property=\"article:published_time\" content=\"2022-12-16T15:42:53+00:00\" \/>\n<meta property=\"article:modified_time\" content=\"2022-12-16T15:42:54+00:00\" \/>\n<meta property=\"og:image\" content=\"https:\/\/jornalfatosenoticias.com.br\/wp-content\/uploads\/2022\/12\/pensamento-acelerado_kevin-turcios-unsplash.jpg\" \/>\n\t<meta property=\"og:image:width\" content=\"1000\" \/>\n\t<meta property=\"og:image:height\" content=\"635\" \/>\n\t<meta property=\"og:image:type\" content=\"image\/jpeg\" \/>\n<meta name=\"author\" content=\"Luzimara Fernandes\" \/>\n<meta name=\"twitter:card\" content=\"summary_large_image\" \/>\n<meta name=\"twitter:label1\" content=\"Escrito por\" \/>\n\t<meta name=\"twitter:data1\" content=\"Luzimara Fernandes\" \/>\n\t<meta name=\"twitter:label2\" content=\"Est. tempo de leitura\" \/>\n\t<meta name=\"twitter:data2\" content=\"3 minutos\" \/>\n<script type=\"application\/ld+json\" class=\"yoast-schema-graph\">{\"@context\":\"https:\/\/schema.org\",\"@graph\":[{\"@type\":\"Article\",\"@id\":\"https:\/\/jornalfatosenoticias.com.br\/index.php\/2022\/12\/16\/pensamento-acelerado-pode-ser-sintoma-de-transtorno-mental\/#article\",\"isPartOf\":{\"@id\":\"https:\/\/jornalfatosenoticias.com.br\/index.php\/2022\/12\/16\/pensamento-acelerado-pode-ser-sintoma-de-transtorno-mental\/\"},\"author\":{\"name\":\"Luzimara Fernandes\",\"@id\":\"https:\/\/jornalfatosenoticias.com.br\/#\/schema\/person\/d63837fa13ac8666eb9e74e0985d6f81\"},\"headline\":\"Pensamento acelerado pode ser sintoma de transtorno mental\",\"datePublished\":\"2022-12-16T15:42:53+00:00\",\"dateModified\":\"2022-12-16T15:42:54+00:00\",\"mainEntityOfPage\":{\"@id\":\"https:\/\/jornalfatosenoticias.com.br\/index.php\/2022\/12\/16\/pensamento-acelerado-pode-ser-sintoma-de-transtorno-mental\/\"},\"wordCount\":527,\"commentCount\":0,\"publisher\":{\"@id\":\"https:\/\/jornalfatosenoticias.com.br\/#organization\"},\"image\":{\"@id\":\"https:\/\/jornalfatosenoticias.com.br\/index.php\/2022\/12\/16\/pensamento-acelerado-pode-ser-sintoma-de-transtorno-mental\/#primaryimage\"},\"thumbnailUrl\":\"https:\/\/jornalfatosenoticias.com.br\/wp-content\/uploads\/2022\/12\/pensamento-acelerado_kevin-turcios-unsplash.jpg\",\"keywords\":[\"pensamento acelerado\",\"sa\u00fade mental\",\"sintoma\",\"TDAH\",\"transtorno bipolar\",\"transtorno mental\"],\"articleSection\":[\"Comportamento &amp; Equil\u00edbrio\"],\"inLanguage\":\"pt-BR\",\"potentialAction\":[{\"@type\":\"CommentAction\",\"name\":\"Comment\",\"target\":[\"https:\/\/jornalfatosenoticias.com.br\/index.php\/2022\/12\/16\/pensamento-acelerado-pode-ser-sintoma-de-transtorno-mental\/#respond\"]}]},{\"@type\":\"WebPage\",\"@id\":\"https:\/\/jornalfatosenoticias.com.br\/index.php\/2022\/12\/16\/pensamento-acelerado-pode-ser-sintoma-de-transtorno-mental\/\",\"url\":\"https:\/\/jornalfatosenoticias.com.br\/index.php\/2022\/12\/16\/pensamento-acelerado-pode-ser-sintoma-de-transtorno-mental\/\",\"name\":\"Pensamento acelerado pode ser sintoma de transtorno mental - Jornal Fatos e Not\u00edcias\",\"isPartOf\":{\"@id\":\"https:\/\/jornalfatosenoticias.com.br\/#website\"},\"primaryImageOfPage\":{\"@id\":\"https:\/\/jornalfatosenoticias.com.br\/index.php\/2022\/12\/16\/pensamento-acelerado-pode-ser-sintoma-de-transtorno-mental\/#primaryimage\"},\"image\":{\"@id\":\"https:\/\/jornalfatosenoticias.com.br\/index.php\/2022\/12\/16\/pensamento-acelerado-pode-ser-sintoma-de-transtorno-mental\/#primaryimage\"},\"thumbnailUrl\":\"https:\/\/jornalfatosenoticias.com.br\/wp-content\/uploads\/2022\/12\/pensamento-acelerado_kevin-turcios-unsplash.jpg\",\"datePublished\":\"2022-12-16T15:42:53+00:00\",\"dateModified\":\"2022-12-16T15:42:54+00:00\",\"breadcrumb\":{\"@id\":\"https:\/\/jornalfatosenoticias.com.br\/index.php\/2022\/12\/16\/pensamento-acelerado-pode-ser-sintoma-de-transtorno-mental\/#breadcrumb\"},\"inLanguage\":\"pt-BR\",\"potentialAction\":[{\"@type\":\"ReadAction\",\"target\":[\"https:\/\/jornalfatosenoticias.com.br\/index.php\/2022\/12\/16\/pensamento-acelerado-pode-ser-sintoma-de-transtorno-mental\/\"]}]},{\"@type\":\"ImageObject\",\"inLanguage\":\"pt-BR\",\"@id\":\"https:\/\/jornalfatosenoticias.com.br\/index.php\/2022\/12\/16\/pensamento-acelerado-pode-ser-sintoma-de-transtorno-mental\/#primaryimage\",\"url\":\"https:\/\/jornalfatosenoticias.com.br\/wp-content\/uploads\/2022\/12\/pensamento-acelerado_kevin-turcios-unsplash.jpg\",\"contentUrl\":\"https:\/\/jornalfatosenoticias.com.br\/wp-content\/uploads\/2022\/12\/pensamento-acelerado_kevin-turcios-unsplash.jpg\",\"width\":1000,\"height\":635},{\"@type\":\"BreadcrumbList\",\"@id\":\"https:\/\/jornalfatosenoticias.com.br\/index.php\/2022\/12\/16\/pensamento-acelerado-pode-ser-sintoma-de-transtorno-mental\/#breadcrumb\",\"itemListElement\":[{\"@type\":\"ListItem\",\"position\":1,\"name\":\"In\u00edcio\",\"item\":\"https:\/\/jornalfatosenoticias.com.br\/\"},{\"@type\":\"ListItem\",\"position\":2,\"name\":\"Pensamento acelerado pode ser sintoma de transtorno mental\"}]},{\"@type\":\"WebSite\",\"@id\":\"https:\/\/jornalfatosenoticias.com.br\/#website\",\"url\":\"https:\/\/jornalfatosenoticias.com.br\/\",\"name\":\"Jornal Fatos e Not\u00edcias\",\"description\":\"Not\u00edcias em geral\",\"publisher\":{\"@id\":\"https:\/\/jornalfatosenoticias.com.br\/#organization\"},\"potentialAction\":[{\"@type\":\"SearchAction\",\"target\":{\"@type\":\"EntryPoint\",\"urlTemplate\":\"https:\/\/jornalfatosenoticias.com.br\/?s={search_term_string}\"},\"query-input\":{\"@type\":\"PropertyValueSpecification\",\"valueRequired\":true,\"valueName\":\"search_term_string\"}}],\"inLanguage\":\"pt-BR\"},{\"@type\":\"Organization\",\"@id\":\"https:\/\/jornalfatosenoticias.com.br\/#organization\",\"name\":\"Jornal Fatos e Not\u00edcias\",\"url\":\"https:\/\/jornalfatosenoticias.com.br\/\",\"logo\":{\"@type\":\"ImageObject\",\"inLanguage\":\"pt-BR\",\"@id\":\"https:\/\/jornalfatosenoticias.com.br\/#\/schema\/logo\/image\/\",\"url\":\"https:\/\/jornalfatosenoticias.com.br\/wp-content\/uploads\/2020\/02\/logo120.png\",\"contentUrl\":\"https:\/\/jornalfatosenoticias.com.br\/wp-content\/uploads\/2020\/02\/logo120.png\",\"width\":1227,\"height\":120,\"caption\":\"Jornal Fatos e Not\u00edcias\"},\"image\":{\"@id\":\"https:\/\/jornalfatosenoticias.com.br\/#\/schema\/logo\/image\/\"}},{\"@type\":\"Person\",\"@id\":\"https:\/\/jornalfatosenoticias.com.br\/#\/schema\/person\/d63837fa13ac8666eb9e74e0985d6f81\",\"name\":\"Luzimara Fernandes\",\"image\":{\"@type\":\"ImageObject\",\"inLanguage\":\"pt-BR\",\"@id\":\"https:\/\/jornalfatosenoticias.com.br\/#\/schema\/person\/image\/\",\"url\":\"https:\/\/jornalfatosenoticias.com.br\/wp-content\/uploads\/2025\/05\/EU_portal.jpg\",\"contentUrl\":\"https:\/\/jornalfatosenoticias.com.br\/wp-content\/uploads\/2025\/05\/EU_portal.jpg\",\"caption\":\"Luzimara Fernandes\"},\"description\":\"Jornalista MTB 2358-ES\",\"sameAs\":[\"https:\/\/jornalfatosenoticias.com.br\"],\"url\":\"https:\/\/jornalfatosenoticias.com.br\/index.php\/author\/luzimara\/\"}]}<\/script>\n<!-- \/ Yoast SEO plugin. -->","yoast_head_json":{"title":"Pensamento acelerado pode ser sintoma de transtorno mental - Jornal Fatos e Not\u00edcias","robots":{"index":"index","follow":"follow","max-snippet":"max-snippet:-1","max-image-preview":"max-image-preview:large","max-video-preview":"max-video-preview:-1"},"canonical":"https:\/\/jornalfatosenoticias.com.br\/index.php\/2022\/12\/16\/pensamento-acelerado-pode-ser-sintoma-de-transtorno-mental\/","og_locale":"pt_BR","og_type":"article","og_title":"Pensamento acelerado pode ser sintoma de transtorno mental - Jornal Fatos e Not\u00edcias","og_description":"M\u00e1rio Rodrigues Louz\u00e3 cita, como exemplos, o Transtorno de D\u00e9ficit de Aten\u00e7\u00e3o com Hiperatividade e o transtorno bipolar A s\u00edndrome do pensamento acelerado, um problema que pode ocorrer com algumas pessoas, est\u00e1 nomeado de forma incorreta. O correto \u00e9 dizermos que n\u00e3o \u00e9 uma s\u00edndrome, mas sim um sintoma de um transtorno mental. M\u00e1rio Rodrigues [&hellip;]","og_url":"https:\/\/jornalfatosenoticias.com.br\/index.php\/2022\/12\/16\/pensamento-acelerado-pode-ser-sintoma-de-transtorno-mental\/","og_site_name":"Jornal Fatos e Not\u00edcias","article_published_time":"2022-12-16T15:42:53+00:00","article_modified_time":"2022-12-16T15:42:54+00:00","og_image":[{"width":1000,"height":635,"url":"https:\/\/jornalfatosenoticias.com.br\/wp-content\/uploads\/2022\/12\/pensamento-acelerado_kevin-turcios-unsplash.jpg","type":"image\/jpeg"}],"author":"Luzimara Fernandes","twitter_card":"summary_large_image","twitter_misc":{"Escrito por":"Luzimara Fernandes","Est. tempo de leitura":"3 minutos"},"schema":{"@context":"https:\/\/schema.org","@graph":[{"@type":"Article","@id":"https:\/\/jornalfatosenoticias.com.br\/index.php\/2022\/12\/16\/pensamento-acelerado-pode-ser-sintoma-de-transtorno-mental\/#article","isPartOf":{"@id":"https:\/\/jornalfatosenoticias.com.br\/index.php\/2022\/12\/16\/pensamento-acelerado-pode-ser-sintoma-de-transtorno-mental\/"},"author":{"name":"Luzimara Fernandes","@id":"https:\/\/jornalfatosenoticias.com.br\/#\/schema\/person\/d63837fa13ac8666eb9e74e0985d6f81"},"headline":"Pensamento acelerado pode ser sintoma de transtorno mental","datePublished":"2022-12-16T15:42:53+00:00","dateModified":"2022-12-16T15:42:54+00:00","mainEntityOfPage":{"@id":"https:\/\/jornalfatosenoticias.com.br\/index.php\/2022\/12\/16\/pensamento-acelerado-pode-ser-sintoma-de-transtorno-mental\/"},"wordCount":527,"commentCount":0,"publisher":{"@id":"https:\/\/jornalfatosenoticias.com.br\/#organization"},"image":{"@id":"https:\/\/jornalfatosenoticias.com.br\/index.php\/2022\/12\/16\/pensamento-acelerado-pode-ser-sintoma-de-transtorno-mental\/#primaryimage"},"thumbnailUrl":"https:\/\/jornalfatosenoticias.com.br\/wp-content\/uploads\/2022\/12\/pensamento-acelerado_kevin-turcios-unsplash.jpg","keywords":["pensamento acelerado","sa\u00fade mental","sintoma","TDAH","transtorno bipolar","transtorno mental"],"articleSection":["Comportamento &amp; Equil\u00edbrio"],"inLanguage":"pt-BR","potentialAction":[{"@type":"CommentAction","name":"Comment","target":["https:\/\/jornalfatosenoticias.com.br\/index.php\/2022\/12\/16\/pensamento-acelerado-pode-ser-sintoma-de-transtorno-mental\/#respond"]}]},{"@type":"WebPage","@id":"https:\/\/jornalfatosenoticias.com.br\/index.php\/2022\/12\/16\/pensamento-acelerado-pode-ser-sintoma-de-transtorno-mental\/","url":"https:\/\/jornalfatosenoticias.com.br\/index.php\/2022\/12\/16\/pensamento-acelerado-pode-ser-sintoma-de-transtorno-mental\/","name":"Pensamento acelerado pode ser sintoma de transtorno mental - Jornal Fatos e Not\u00edcias","isPartOf":{"@id":"https:\/\/jornalfatosenoticias.com.br\/#website"},"primaryImageOfPage":{"@id":"https:\/\/jornalfatosenoticias.com.br\/index.php\/2022\/12\/16\/pensamento-acelerado-pode-ser-sintoma-de-transtorno-mental\/#primaryimage"},"image":{"@id":"https:\/\/jornalfatosenoticias.com.br\/index.php\/2022\/12\/16\/pensamento-acelerado-pode-ser-sintoma-de-transtorno-mental\/#primaryimage"},"thumbnailUrl":"https:\/\/jornalfatosenoticias.com.br\/wp-content\/uploads\/2022\/12\/pensamento-acelerado_kevin-turcios-unsplash.jpg","datePublished":"2022-12-16T15:42:53+00:00","dateModified":"2022-12-16T15:42:54+00:00","breadcrumb":{"@id":"https:\/\/jornalfatosenoticias.com.br\/index.php\/2022\/12\/16\/pensamento-acelerado-pode-ser-sintoma-de-transtorno-mental\/#breadcrumb"},"inLanguage":"pt-BR","potentialAction":[{"@type":"ReadAction","target":["https:\/\/jornalfatosenoticias.com.br\/index.php\/2022\/12\/16\/pensamento-acelerado-pode-ser-sintoma-de-transtorno-mental\/"]}]},{"@type":"ImageObject","inLanguage":"pt-BR","@id":"https:\/\/jornalfatosenoticias.com.br\/index.php\/2022\/12\/16\/pensamento-acelerado-pode-ser-sintoma-de-transtorno-mental\/#primaryimage","url":"https:\/\/jornalfatosenoticias.com.br\/wp-content\/uploads\/2022\/12\/pensamento-acelerado_kevin-turcios-unsplash.jpg","contentUrl":"https:\/\/jornalfatosenoticias.com.br\/wp-content\/uploads\/2022\/12\/pensamento-acelerado_kevin-turcios-unsplash.jpg","width":1000,"height":635},{"@type":"BreadcrumbList","@id":"https:\/\/jornalfatosenoticias.com.br\/index.php\/2022\/12\/16\/pensamento-acelerado-pode-ser-sintoma-de-transtorno-mental\/#breadcrumb","itemListElement":[{"@type":"ListItem","position":1,"name":"In\u00edcio","item":"https:\/\/jornalfatosenoticias.com.br\/"},{"@type":"ListItem","position":2,"name":"Pensamento acelerado pode ser sintoma de transtorno mental"}]},{"@type":"WebSite","@id":"https:\/\/jornalfatosenoticias.com.br\/#website","url":"https:\/\/jornalfatosenoticias.com.br\/","name":"Jornal Fatos e Not\u00edcias","description":"Not\u00edcias em geral","publisher":{"@id":"https:\/\/jornalfatosenoticias.com.br\/#organization"},"potentialAction":[{"@type":"SearchAction","target":{"@type":"EntryPoint","urlTemplate":"https:\/\/jornalfatosenoticias.com.br\/?s={search_term_string}"},"query-input":{"@type":"PropertyValueSpecification","valueRequired":true,"valueName":"search_term_string"}}],"inLanguage":"pt-BR"},{"@type":"Organization","@id":"https:\/\/jornalfatosenoticias.com.br\/#organization","name":"Jornal Fatos e Not\u00edcias","url":"https:\/\/jornalfatosenoticias.com.br\/","logo":{"@type":"ImageObject","inLanguage":"pt-BR","@id":"https:\/\/jornalfatosenoticias.com.br\/#\/schema\/logo\/image\/","url":"https:\/\/jornalfatosenoticias.com.br\/wp-content\/uploads\/2020\/02\/logo120.png","contentUrl":"https:\/\/jornalfatosenoticias.com.br\/wp-content\/uploads\/2020\/02\/logo120.png","width":1227,"height":120,"caption":"Jornal Fatos e Not\u00edcias"},"image":{"@id":"https:\/\/jornalfatosenoticias.com.br\/#\/schema\/logo\/image\/"}},{"@type":"Person","@id":"https:\/\/jornalfatosenoticias.com.br\/#\/schema\/person\/d63837fa13ac8666eb9e74e0985d6f81","name":"Luzimara Fernandes","image":{"@type":"ImageObject","inLanguage":"pt-BR","@id":"https:\/\/jornalfatosenoticias.com.br\/#\/schema\/person\/image\/","url":"https:\/\/jornalfatosenoticias.com.br\/wp-content\/uploads\/2025\/05\/EU_portal.jpg","contentUrl":"https:\/\/jornalfatosenoticias.com.br\/wp-content\/uploads\/2025\/05\/EU_portal.jpg","caption":"Luzimara Fernandes"},"description":"Jornalista MTB 2358-ES","sameAs":["https:\/\/jornalfatosenoticias.com.br"],"url":"https:\/\/jornalfatosenoticias.com.br\/index.php\/author\/luzimara\/"}]}},"cc_featured_image_caption":{"caption_text":"(Foto: Kevin Turcios\/Unsplash)","source_text":"","source_url":""},"jetpack_featured_media_url":"https:\/\/jornalfatosenoticias.com.br\/wp-content\/uploads\/2022\/12\/pensamento-acelerado_kevin-turcios-unsplash.jpg","_links":{"self":[{"href":"https:\/\/jornalfatosenoticias.com.br\/index.php\/wp-json\/wp\/v2\/posts\/37002","targetHints":{"allow":["GET"]}}],"collection":[{"href":"https:\/\/jornalfatosenoticias.com.br\/index.php\/wp-json\/wp\/v2\/posts"}],"about":[{"href":"https:\/\/jornalfatosenoticias.com.br\/index.php\/wp-json\/wp\/v2\/types\/post"}],"author":[{"embeddable":true,"href":"https:\/\/jornalfatosenoticias.com.br\/index.php\/wp-json\/wp\/v2\/users\/2"}],"replies":[{"embeddable":true,"href":"https:\/\/jornalfatosenoticias.com.br\/index.php\/wp-json\/wp\/v2\/comments?post=37002"}],"version-history":[{"count":0,"href":"https:\/\/jornalfatosenoticias.com.br\/index.php\/wp-json\/wp\/v2\/posts\/37002\/revisions"}],"wp:featuredmedia":[{"embeddable":true,"href":"https:\/\/jornalfatosenoticias.com.br\/index.php\/wp-json\/wp\/v2\/media\/37004"}],"wp:attachment":[{"href":"https:\/\/jornalfatosenoticias.com.br\/index.php\/wp-json\/wp\/v2\/media?parent=37002"}],"wp:term":[{"taxonomy":"category","embeddable":true,"href":"https:\/\/jornalfatosenoticias.com.br\/index.php\/wp-json\/wp\/v2\/categories?post=37002"},{"taxonomy":"post_tag","embeddable":true,"href":"https:\/\/jornalfatosenoticias.com.br\/index.php\/wp-json\/wp\/v2\/tags?post=37002"}],"curies":[{"name":"wp","href":"https:\/\/api.w.org\/{rel}","templated":true}]}}