{"id":37006,"date":"2022-12-16T12:54:07","date_gmt":"2022-12-16T15:54:07","guid":{"rendered":"https:\/\/jornalfatosenoticias.com.br\/?p=37006"},"modified":"2022-12-16T12:54:08","modified_gmt":"2022-12-16T15:54:08","slug":"frota-de-onibus-eletricos-do-brasil-e-fundamental-para-neutralizar-as-emissoes-de-carbono","status":"publish","type":"post","link":"https:\/\/jornalfatosenoticias.com.br\/index.php\/2022\/12\/16\/frota-de-onibus-eletricos-do-brasil-e-fundamental-para-neutralizar-as-emissoes-de-carbono\/","title":{"rendered":"Frota de \u00f4nibus el\u00e9tricos do Brasil \u00e9 fundamental para neutralizar as emiss\u00f5es de carbono"},"content":{"rendered":"\n<p><em><span class=\"has-inline-color has-black-color\">\u201cO Brasil se comprometeu a neutralizar as emiss\u00f5es de carbono at\u00e9 2050. Essa j\u00e1 \u00e9 uma meta nacional determinada desde a COP do ano passado\u201d, diz o professor J\u00falio Romano Meneghini<\/span><\/em><\/p>\n\n\n\n<div class=\"wp-block-image\"><figure class=\"aligncenter size-large\"><img loading=\"lazy\" decoding=\"async\" width=\"1024\" height=\"99\" src=\"https:\/\/jornalfatosenoticias.com.br\/wp-content\/uploads\/2020\/02\/Logo-Mizu-segunda-2-1024x99.png\" alt=\"\" class=\"wp-image-2353\" srcset=\"https:\/\/jornalfatosenoticias.com.br\/wp-content\/uploads\/2020\/02\/Logo-Mizu-segunda-2-1024x99.png 1024w, https:\/\/jornalfatosenoticias.com.br\/wp-content\/uploads\/2020\/02\/Logo-Mizu-segunda-2-300x29.png 300w, https:\/\/jornalfatosenoticias.com.br\/wp-content\/uploads\/2020\/02\/Logo-Mizu-segunda-2-768x74.png 768w, https:\/\/jornalfatosenoticias.com.br\/wp-content\/uploads\/2020\/02\/Logo-Mizu-segunda-2.png 1240w\" sizes=\"auto, (max-width: 1024px) 100vw, 1024px\" \/><\/figure><\/div>\n\n\n\n<p>Especialistas projetam que o Brasil poder\u00e1 ter a maior frota de \u00f4nibus el\u00e9tricos da Am\u00e9rica Latina at\u00e9 2024, alcan\u00e7ando tr\u00eas mil unidades. Na capital paulista, o incentivo vem por meio da cria\u00e7\u00e3o da Lei de Mudan\u00e7as Clim\u00e1ticas, que torna a transi\u00e7\u00e3o energ\u00e9tica via descarboniza\u00e7\u00e3o de todo \u00f4nibus novo que entra em circula\u00e7\u00e3o obrigat\u00f3ria.<\/p>\n\n\n\n<div class=\"wp-block-image\"><figure class=\"aligncenter size-large is-resized\"><img loading=\"lazy\" decoding=\"async\" src=\"https:\/\/jornalfatosenoticias.com.br\/wp-content\/uploads\/2022\/08\/logo-locau-veiculos-1024x573.png\" alt=\"\" class=\"wp-image-33078\" width=\"315\" height=\"176\"\/><\/figure><\/div>\n\n\n\n<figure class=\"wp-block-pullquote\"><blockquote><p><span class=\"has-inline-color has-luminous-vivid-orange-color\">A atual gest\u00e3o da Prefeitura de S\u00e3o Paulo colocou metas para que tenhamos um n\u00famero que pode chegar a esses tr\u00eas mil ve\u00edculos movidos a eletricidade\u201d, comenta o professor J\u00falio Romano Meneghini, do Departamento de Engenharia Mec\u00e2nica da Escola Polit\u00e9cnica da USP e tamb\u00e9m diretor cient\u00edfico do Centro de Pesquisa para Inova\u00e7\u00e3o em Gases de Efeito Estufa.<\/span><\/p><\/blockquote><\/figure>\n\n\n\n<div class=\"wp-block-image\"><figure class=\"aligncenter size-large\"><img decoding=\"async\" src=\"https:\/\/jornalfatosenoticias.com.br\/wp-content\/uploads\/2020\/02\/logo-embacia-1-1024x110.jpg\" alt=\"\" class=\"wp-image-33954\"\/><\/figure><\/div>\n\n\n\n<p>O uso do transporte p\u00fablico, sobretudo os \u00f4nibus, \u00e9 muito importante para a redu\u00e7\u00e3o da polui\u00e7\u00e3o gerada por carros particulares. Por\u00e9m, a mudan\u00e7a de combust\u00edvel, dos f\u00f3sseis para renov\u00e1veis, \u00e9 outro ponto fundamental.<\/p>\n\n\n\n<h3 class=\"wp-block-heading\"><span class=\"has-inline-color has-vivid-green-cyan-color\">Tipos de \u00f4nibus<\/span><\/h3>\n\n\n\n<figure class=\"wp-block-pullquote\"><blockquote><p><span class=\"has-inline-color has-luminous-vivid-orange-color\">N\u00e3o existe apenas um tipo de \u00f4nibus el\u00e9trico, Meneghini comenta sobre dois modelos presentes no cen\u00e1rio brasileiro: \u201c\u00e9 importante falar que existem dois \u00f4nibus el\u00e9tricos. Aquele que \u00e9 puramente el\u00e9trico, com baterias que s\u00e3o recarregadas externamente, tem uma autonomia que pode chegar por volta de 180 a 200 km e deve ser recarregado naqueles carregadores muito parecidos com os de carros el\u00e9tricos. O segundo tipo de \u00f4nibus el\u00e9trico \u00e9 o de gera\u00e7\u00e3o interna. Ele gera eletricidade utilizando um combust\u00edvel, normalmente o hidrog\u00eanio, que alimenta as c\u00e9lulas a combust\u00edvel e carrega as baterias internamente\u201d.<\/span><\/p><\/blockquote><\/figure>\n\n\n\n<div class=\"wp-block-image\"><figure class=\"aligncenter size-large\"><img decoding=\"async\" src=\"https:\/\/jornalfatosenoticias.com.br\/wp-content\/uploads\/2020\/02\/logo_esteio.jpg\" alt=\"\" class=\"wp-image-1214\"\/><\/figure><\/div>\n\n\n\n<p>O \u00f4nibus el\u00e9trico de gera\u00e7\u00e3o interna n\u00e3o produz gases de efeito estufa, ele s\u00f3 produz vapor de \u00e1gua. Segundo o professor, ele necessita de uma quantidade de baterias, por volta de um quarto, por\u00e9m tem uma grande vantagem que \u00e9 uma autonomia de cerca de 200 a 250 km e tamb\u00e9m o tempo de recarga, ao inv\u00e9s de 8 a 12 horas ligado no carregador, ele precisa somente de cinco minutos para reabastecer os tanques de hidrog\u00eanio.<\/p>\n\n\n\n<div class=\"wp-block-image\"><figure class=\"aligncenter size-large\"><img loading=\"lazy\" decoding=\"async\" width=\"560\" height=\"60\" src=\"https:\/\/jornalfatosenoticias.com.br\/wp-content\/uploads\/2022\/10\/Propaganda-RC-Radiadores-Jornal_page-0001.jpg\" alt=\"\" class=\"wp-image-35270\" srcset=\"https:\/\/jornalfatosenoticias.com.br\/wp-content\/uploads\/2022\/10\/Propaganda-RC-Radiadores-Jornal_page-0001.jpg 560w, https:\/\/jornalfatosenoticias.com.br\/wp-content\/uploads\/2022\/10\/Propaganda-RC-Radiadores-Jornal_page-0001-300x32.jpg 300w\" sizes=\"auto, (max-width: 560px) 100vw, 560px\" \/><\/figure><\/div>\n\n\n\n<p><strong><span class=\"has-inline-color has-vivid-green-cyan-color\">Polui\u00e7\u00e3o<\/span><\/strong><br>A ado\u00e7\u00e3o de medidas para o aumento da frota de \u00f4nibus el\u00e9tricos \u00e9 uma tend\u00eancia mundial. A rela\u00e7\u00e3o entre isso e as consequ\u00eancias ambientais do uso de combust\u00edveis n\u00e3o renov\u00e1veis \u00e9 clara. Por\u00e9m, o meio ambiente n\u00e3o \u00e9 o \u00fanico prejudicado.<\/p>\n\n\n\n<div class=\"wp-block-image\"><figure class=\"aligncenter size-large is-resized\"><img loading=\"lazy\" decoding=\"async\" src=\"https:\/\/jornalfatosenoticias.com.br\/wp-content\/uploads\/2020\/02\/nova-logo-Marquetti.jpg\" alt=\"\" class=\"wp-image-22331\" width=\"258\" height=\"173\" srcset=\"https:\/\/jornalfatosenoticias.com.br\/wp-content\/uploads\/2020\/02\/nova-logo-Marquetti.jpg 643w, https:\/\/jornalfatosenoticias.com.br\/wp-content\/uploads\/2020\/02\/nova-logo-Marquetti-300x202.jpg 300w\" sizes=\"auto, (max-width: 258px) 100vw, 258px\" \/><\/figure><\/div>\n\n\n\n<figure class=\"wp-block-pullquote\"><blockquote><p><span class=\"has-inline-color has-luminous-vivid-orange-color\">A sa\u00fade dos moradores das cidades, sobretudo onde existem grandes frotas e v\u00e1rios autom\u00f3veis, tamb\u00e9m \u00e9 afetada: \u201ctem um impacto muito forte na sa\u00fade p\u00fablica porque os \u00f4nibus movidos a diesel n\u00e3o apenas produzem gases de efeito estufa, mas existem os particulados que s\u00e3o emitidos e n\u00e3o s\u00e3o bons para a sa\u00fade, principalmente, a daquelas pessoas que caminham em vias onde temos uma quantidade muito grande de \u00f4nibus movidos a diesel. Ent\u00e3o, o impacto a curto prazo n\u00e3o \u00e9 apenas a quest\u00e3o de voc\u00ea colaborar para mitigar, a quest\u00e3o de emiss\u00f5es de gases de efeito estufa \u00e9 tamb\u00e9m na sa\u00fade p\u00fablica e na quest\u00e3o de doen\u00e7as respirat\u00f3rias\u201d, explica Meneghini.<\/span><\/p><\/blockquote><\/figure>\n\n\n\n<h3 class=\"wp-block-heading\"><strong><span class=\"has-inline-color has-vivid-green-cyan-color\">Metas<\/span><\/strong><\/h3>\n\n\n\n<div class=\"wp-block-image\"><figure class=\"aligncenter size-large is-resized\"><img loading=\"lazy\" decoding=\"async\" src=\"https:\/\/jornalfatosenoticias.com.br\/wp-content\/uploads\/2022\/07\/Logo-Grupo-SEI.jpg\" alt=\"\" class=\"wp-image-31973\" width=\"305\" height=\"160\" srcset=\"https:\/\/jornalfatosenoticias.com.br\/wp-content\/uploads\/2022\/07\/Logo-Grupo-SEI.jpg 713w, https:\/\/jornalfatosenoticias.com.br\/wp-content\/uploads\/2022\/07\/Logo-Grupo-SEI-300x158.jpg 300w\" sizes=\"auto, (max-width: 305px) 100vw, 305px\" \/><\/figure><\/div>\n\n\n\n<figure class=\"wp-block-pullquote\"><blockquote><p><span class=\"has-inline-color has-luminous-vivid-orange-color\">O Brasil se comprometeu a neutralizar as emiss\u00f5es de carbono at\u00e9 2050. Essa j\u00e1 \u00e9 uma meta nacional determinada desde a COP do ano passado. Emiss\u00f5es em cidades s\u00e3o um ponto importante aqui no Brasil, n\u00e3o \u00e9 o preponderante j\u00e1 que n\u00f3s temos a mudan\u00e7a de uso da terra que \u00e9 o ponto-chave no Brasil. Mas a quest\u00e3o da ind\u00fastria e dos combust\u00edveis f\u00f3sseis \u00e9 importante tamb\u00e9m\u201d, comenta o especialista.<\/span><\/p><\/blockquote><\/figure>\n\n\n\n<div class=\"wp-block-image\"><figure class=\"aligncenter size-large\"><img loading=\"lazy\" decoding=\"async\" width=\"1024\" height=\"100\" src=\"https:\/\/jornalfatosenoticias.com.br\/wp-content\/uploads\/2020\/02\/banner_ferramentas-1024x100.jpg\" alt=\"\" class=\"wp-image-1258\" srcset=\"https:\/\/jornalfatosenoticias.com.br\/wp-content\/uploads\/2020\/02\/banner_ferramentas-1024x100.jpg 1024w, https:\/\/jornalfatosenoticias.com.br\/wp-content\/uploads\/2020\/02\/banner_ferramentas-300x29.jpg 300w, https:\/\/jornalfatosenoticias.com.br\/wp-content\/uploads\/2020\/02\/banner_ferramentas-768x75.jpg 768w, https:\/\/jornalfatosenoticias.com.br\/wp-content\/uploads\/2020\/02\/banner_ferramentas.jpg 1227w\" sizes=\"auto, (max-width: 1024px) 100vw, 1024px\" \/><\/figure><\/div>\n\n\n\n<p>O aumento da frota de \u00f4nibus el\u00e9tricos \u00e9 fundamental para neutralizar as emiss\u00f5es de carbono e melhorar o \u00edndice de polui\u00e7\u00e3o brasileiro. Entretanto, para Meneghini, al\u00e9m do Brasil aderir a um projeto de transi\u00e7\u00e3o para energias renov\u00e1veis, a conscientiza\u00e7\u00e3o da popula\u00e7\u00e3o \u00e9 necess\u00e1ria.<\/p>\n\n\n\n<div class=\"wp-block-image\"><figure class=\"aligncenter size-large is-resized\"><img loading=\"lazy\" decoding=\"async\" src=\"https:\/\/jornalfatosenoticias.com.br\/wp-content\/uploads\/2020\/02\/casa-do-torresmo_portal.jpg\" alt=\"\" class=\"wp-image-34472\" width=\"244\" height=\"244\" srcset=\"https:\/\/jornalfatosenoticias.com.br\/wp-content\/uploads\/2020\/02\/casa-do-torresmo_portal.jpg 300w, https:\/\/jornalfatosenoticias.com.br\/wp-content\/uploads\/2020\/02\/casa-do-torresmo_portal-150x150.jpg 150w\" sizes=\"auto, (max-width: 244px) 100vw, 244px\" \/><\/figure><\/div>\n\n\n\n<figure class=\"wp-block-pullquote\"><blockquote><p><span class=\"has-inline-color has-luminous-vivid-orange-color\">\u00c9 uma quest\u00e3o de percep\u00e7\u00e3o p\u00fablica al\u00e9m da tecnol\u00f3gica. A popula\u00e7\u00e3o precisa estar consciente dos danos que os combust\u00edveis f\u00f3sseis causam \u00e0 sa\u00fade no curto prazo e \u00e0 quest\u00e3o do meio ambiente no m\u00e9dio e longo prazos. N\u00f3s precisamos passar por um processo de conscientiza\u00e7\u00e3o para que apoiem essas medidas\u201d.<\/span><\/p><\/blockquote><\/figure>\n\n\n\n<div class=\"wp-block-image\"><figure class=\"aligncenter size-large\"><img loading=\"lazy\" decoding=\"async\" width=\"1000\" height=\"709\" src=\"https:\/\/jornalfatosenoticias.com.br\/wp-content\/uploads\/2022\/12\/CARTAO-NATALINO_2022.jpg\" alt=\"\" class=\"wp-image-36945\" srcset=\"https:\/\/jornalfatosenoticias.com.br\/wp-content\/uploads\/2022\/12\/CARTAO-NATALINO_2022.jpg 1000w, https:\/\/jornalfatosenoticias.com.br\/wp-content\/uploads\/2022\/12\/CARTAO-NATALINO_2022-300x213.jpg 300w, https:\/\/jornalfatosenoticias.com.br\/wp-content\/uploads\/2022\/12\/CARTAO-NATALINO_2022-768x545.jpg 768w\" sizes=\"auto, (max-width: 1000px) 100vw, 1000px\" \/><\/figure><\/div>\n\n\n\n<p><em><span class=\"has-inline-color has-black-color\"><strong>Foto: <\/strong>L\u00e9o Ramos Chaves\/Revista Pesquisa Fapesp<\/span><\/em><\/p>\n\n\n\n<p><strong><em>Fonte: <a href=\"https:\/\/www.ecycle.com.br\/frota-de-onibus-eletricos-do-brasil-e-fundamental-para-neutralizar-as-emissoes-de-carbono\/\">eCycle<\/a><\/em><\/strong><\/p>\n","protected":false},"excerpt":{"rendered":"<p>\u201cO Brasil se comprometeu a neutralizar as emiss\u00f5es de carbono at\u00e9 2050. Essa j\u00e1 \u00e9 uma meta nacional determinada desde a COP do ano passado\u201d, diz o professor J\u00falio Romano Meneghini Especialistas projetam que o Brasil poder\u00e1 ter a maior frota de \u00f4nibus el\u00e9tricos da Am\u00e9rica Latina at\u00e9 2024, alcan\u00e7ando tr\u00eas mil unidades. Na capital [&hellip;]<\/p>\n","protected":false},"author":2,"featured_media":37007,"comment_status":"open","ping_status":"open","sticky":false,"template":"","format":"standard","meta":{"footnotes":""},"categories":[9923],"tags":[597,4880,10924,12536,4382],"class_list":["post-37006","post","type-post","status-publish","format-standard","has-post-thumbnail","hentry","category-mobilidade","tag-brasil","tag-emissoes-de-carbono","tag-frota","tag-frota-de-onibus","tag-onibus-eletricos"],"yoast_head":"<!-- This site is optimized with the Yoast SEO plugin v26.5 - https:\/\/yoast.com\/wordpress\/plugins\/seo\/ -->\n<title>Frota de \u00f4nibus el\u00e9tricos do Brasil \u00e9 fundamental para neutralizar as emiss\u00f5es de carbono - Jornal Fatos e Not\u00edcias<\/title>\n<meta name=\"robots\" content=\"index, follow, max-snippet:-1, max-image-preview:large, max-video-preview:-1\" \/>\n<link rel=\"canonical\" href=\"https:\/\/jornalfatosenoticias.com.br\/index.php\/2022\/12\/16\/frota-de-onibus-eletricos-do-brasil-e-fundamental-para-neutralizar-as-emissoes-de-carbono\/\" \/>\n<meta property=\"og:locale\" content=\"pt_BR\" \/>\n<meta property=\"og:type\" content=\"article\" \/>\n<meta property=\"og:title\" content=\"Frota de \u00f4nibus el\u00e9tricos do Brasil \u00e9 fundamental para neutralizar as emiss\u00f5es de carbono - Jornal Fatos e Not\u00edcias\" \/>\n<meta property=\"og:description\" content=\"\u201cO Brasil se comprometeu a neutralizar as emiss\u00f5es de carbono at\u00e9 2050. Essa j\u00e1 \u00e9 uma meta nacional determinada desde a COP do ano passado\u201d, diz o professor J\u00falio Romano Meneghini Especialistas projetam que o Brasil poder\u00e1 ter a maior frota de \u00f4nibus el\u00e9tricos da Am\u00e9rica Latina at\u00e9 2024, alcan\u00e7ando tr\u00eas mil unidades. Na capital [&hellip;]\" \/>\n<meta property=\"og:url\" content=\"https:\/\/jornalfatosenoticias.com.br\/index.php\/2022\/12\/16\/frota-de-onibus-eletricos-do-brasil-e-fundamental-para-neutralizar-as-emissoes-de-carbono\/\" \/>\n<meta property=\"og:site_name\" content=\"Jornal Fatos e Not\u00edcias\" \/>\n<meta property=\"article:published_time\" content=\"2022-12-16T15:54:07+00:00\" \/>\n<meta property=\"article:modified_time\" content=\"2022-12-16T15:54:08+00:00\" \/>\n<meta property=\"og:image\" content=\"https:\/\/jornalfatosenoticias.com.br\/wp-content\/uploads\/2022\/12\/onibus-eletricos_Brasil.jpg\" \/>\n\t<meta property=\"og:image:width\" content=\"1000\" \/>\n\t<meta property=\"og:image:height\" content=\"526\" \/>\n\t<meta property=\"og:image:type\" content=\"image\/jpeg\" \/>\n<meta name=\"author\" content=\"Luzimara Fernandes\" \/>\n<meta name=\"twitter:card\" content=\"summary_large_image\" \/>\n<meta name=\"twitter:label1\" content=\"Escrito por\" \/>\n\t<meta name=\"twitter:data1\" content=\"Luzimara Fernandes\" \/>\n\t<meta name=\"twitter:label2\" content=\"Est. tempo de leitura\" \/>\n\t<meta name=\"twitter:data2\" content=\"4 minutos\" \/>\n<script type=\"application\/ld+json\" class=\"yoast-schema-graph\">{\"@context\":\"https:\/\/schema.org\",\"@graph\":[{\"@type\":\"Article\",\"@id\":\"https:\/\/jornalfatosenoticias.com.br\/index.php\/2022\/12\/16\/frota-de-onibus-eletricos-do-brasil-e-fundamental-para-neutralizar-as-emissoes-de-carbono\/#article\",\"isPartOf\":{\"@id\":\"https:\/\/jornalfatosenoticias.com.br\/index.php\/2022\/12\/16\/frota-de-onibus-eletricos-do-brasil-e-fundamental-para-neutralizar-as-emissoes-de-carbono\/\"},\"author\":{\"name\":\"Luzimara Fernandes\",\"@id\":\"https:\/\/jornalfatosenoticias.com.br\/#\/schema\/person\/d63837fa13ac8666eb9e74e0985d6f81\"},\"headline\":\"Frota de \u00f4nibus el\u00e9tricos do Brasil \u00e9 fundamental para neutralizar as emiss\u00f5es de carbono\",\"datePublished\":\"2022-12-16T15:54:07+00:00\",\"dateModified\":\"2022-12-16T15:54:08+00:00\",\"mainEntityOfPage\":{\"@id\":\"https:\/\/jornalfatosenoticias.com.br\/index.php\/2022\/12\/16\/frota-de-onibus-eletricos-do-brasil-e-fundamental-para-neutralizar-as-emissoes-de-carbono\/\"},\"wordCount\":775,\"commentCount\":0,\"publisher\":{\"@id\":\"https:\/\/jornalfatosenoticias.com.br\/#organization\"},\"image\":{\"@id\":\"https:\/\/jornalfatosenoticias.com.br\/index.php\/2022\/12\/16\/frota-de-onibus-eletricos-do-brasil-e-fundamental-para-neutralizar-as-emissoes-de-carbono\/#primaryimage\"},\"thumbnailUrl\":\"https:\/\/jornalfatosenoticias.com.br\/wp-content\/uploads\/2022\/12\/onibus-eletricos_Brasil.jpg\",\"keywords\":[\"Brasil\",\"emiss\u00f5es de carbono\",\"frota\",\"frota de \u00f4nibus\",\"\u00f4nibus el\u00e9tricos\"],\"articleSection\":[\"Mobilidade\"],\"inLanguage\":\"pt-BR\",\"potentialAction\":[{\"@type\":\"CommentAction\",\"name\":\"Comment\",\"target\":[\"https:\/\/jornalfatosenoticias.com.br\/index.php\/2022\/12\/16\/frota-de-onibus-eletricos-do-brasil-e-fundamental-para-neutralizar-as-emissoes-de-carbono\/#respond\"]}]},{\"@type\":\"WebPage\",\"@id\":\"https:\/\/jornalfatosenoticias.com.br\/index.php\/2022\/12\/16\/frota-de-onibus-eletricos-do-brasil-e-fundamental-para-neutralizar-as-emissoes-de-carbono\/\",\"url\":\"https:\/\/jornalfatosenoticias.com.br\/index.php\/2022\/12\/16\/frota-de-onibus-eletricos-do-brasil-e-fundamental-para-neutralizar-as-emissoes-de-carbono\/\",\"name\":\"Frota de \u00f4nibus el\u00e9tricos do Brasil \u00e9 fundamental para neutralizar as emiss\u00f5es de carbono - Jornal Fatos e Not\u00edcias\",\"isPartOf\":{\"@id\":\"https:\/\/jornalfatosenoticias.com.br\/#website\"},\"primaryImageOfPage\":{\"@id\":\"https:\/\/jornalfatosenoticias.com.br\/index.php\/2022\/12\/16\/frota-de-onibus-eletricos-do-brasil-e-fundamental-para-neutralizar-as-emissoes-de-carbono\/#primaryimage\"},\"image\":{\"@id\":\"https:\/\/jornalfatosenoticias.com.br\/index.php\/2022\/12\/16\/frota-de-onibus-eletricos-do-brasil-e-fundamental-para-neutralizar-as-emissoes-de-carbono\/#primaryimage\"},\"thumbnailUrl\":\"https:\/\/jornalfatosenoticias.com.br\/wp-content\/uploads\/2022\/12\/onibus-eletricos_Brasil.jpg\",\"datePublished\":\"2022-12-16T15:54:07+00:00\",\"dateModified\":\"2022-12-16T15:54:08+00:00\",\"breadcrumb\":{\"@id\":\"https:\/\/jornalfatosenoticias.com.br\/index.php\/2022\/12\/16\/frota-de-onibus-eletricos-do-brasil-e-fundamental-para-neutralizar-as-emissoes-de-carbono\/#breadcrumb\"},\"inLanguage\":\"pt-BR\",\"potentialAction\":[{\"@type\":\"ReadAction\",\"target\":[\"https:\/\/jornalfatosenoticias.com.br\/index.php\/2022\/12\/16\/frota-de-onibus-eletricos-do-brasil-e-fundamental-para-neutralizar-as-emissoes-de-carbono\/\"]}]},{\"@type\":\"ImageObject\",\"inLanguage\":\"pt-BR\",\"@id\":\"https:\/\/jornalfatosenoticias.com.br\/index.php\/2022\/12\/16\/frota-de-onibus-eletricos-do-brasil-e-fundamental-para-neutralizar-as-emissoes-de-carbono\/#primaryimage\",\"url\":\"https:\/\/jornalfatosenoticias.com.br\/wp-content\/uploads\/2022\/12\/onibus-eletricos_Brasil.jpg\",\"contentUrl\":\"https:\/\/jornalfatosenoticias.com.br\/wp-content\/uploads\/2022\/12\/onibus-eletricos_Brasil.jpg\",\"width\":1000,\"height\":526},{\"@type\":\"BreadcrumbList\",\"@id\":\"https:\/\/jornalfatosenoticias.com.br\/index.php\/2022\/12\/16\/frota-de-onibus-eletricos-do-brasil-e-fundamental-para-neutralizar-as-emissoes-de-carbono\/#breadcrumb\",\"itemListElement\":[{\"@type\":\"ListItem\",\"position\":1,\"name\":\"In\u00edcio\",\"item\":\"https:\/\/jornalfatosenoticias.com.br\/\"},{\"@type\":\"ListItem\",\"position\":2,\"name\":\"Frota de \u00f4nibus el\u00e9tricos do Brasil \u00e9 fundamental para neutralizar as emiss\u00f5es de carbono\"}]},{\"@type\":\"WebSite\",\"@id\":\"https:\/\/jornalfatosenoticias.com.br\/#website\",\"url\":\"https:\/\/jornalfatosenoticias.com.br\/\",\"name\":\"Jornal Fatos e Not\u00edcias\",\"description\":\"Not\u00edcias em geral\",\"publisher\":{\"@id\":\"https:\/\/jornalfatosenoticias.com.br\/#organization\"},\"potentialAction\":[{\"@type\":\"SearchAction\",\"target\":{\"@type\":\"EntryPoint\",\"urlTemplate\":\"https:\/\/jornalfatosenoticias.com.br\/?s={search_term_string}\"},\"query-input\":{\"@type\":\"PropertyValueSpecification\",\"valueRequired\":true,\"valueName\":\"search_term_string\"}}],\"inLanguage\":\"pt-BR\"},{\"@type\":\"Organization\",\"@id\":\"https:\/\/jornalfatosenoticias.com.br\/#organization\",\"name\":\"Jornal Fatos e Not\u00edcias\",\"url\":\"https:\/\/jornalfatosenoticias.com.br\/\",\"logo\":{\"@type\":\"ImageObject\",\"inLanguage\":\"pt-BR\",\"@id\":\"https:\/\/jornalfatosenoticias.com.br\/#\/schema\/logo\/image\/\",\"url\":\"https:\/\/jornalfatosenoticias.com.br\/wp-content\/uploads\/2020\/02\/logo120.png\",\"contentUrl\":\"https:\/\/jornalfatosenoticias.com.br\/wp-content\/uploads\/2020\/02\/logo120.png\",\"width\":1227,\"height\":120,\"caption\":\"Jornal Fatos e Not\u00edcias\"},\"image\":{\"@id\":\"https:\/\/jornalfatosenoticias.com.br\/#\/schema\/logo\/image\/\"}},{\"@type\":\"Person\",\"@id\":\"https:\/\/jornalfatosenoticias.com.br\/#\/schema\/person\/d63837fa13ac8666eb9e74e0985d6f81\",\"name\":\"Luzimara Fernandes\",\"image\":{\"@type\":\"ImageObject\",\"inLanguage\":\"pt-BR\",\"@id\":\"https:\/\/jornalfatosenoticias.com.br\/#\/schema\/person\/image\/\",\"url\":\"https:\/\/jornalfatosenoticias.com.br\/wp-content\/uploads\/2025\/05\/EU_portal.jpg\",\"contentUrl\":\"https:\/\/jornalfatosenoticias.com.br\/wp-content\/uploads\/2025\/05\/EU_portal.jpg\",\"caption\":\"Luzimara Fernandes\"},\"description\":\"Jornalista MTB 2358-ES\",\"sameAs\":[\"https:\/\/jornalfatosenoticias.com.br\"],\"url\":\"https:\/\/jornalfatosenoticias.com.br\/index.php\/author\/luzimara\/\"}]}<\/script>\n<!-- \/ Yoast SEO plugin. -->","yoast_head_json":{"title":"Frota de \u00f4nibus el\u00e9tricos do Brasil \u00e9 fundamental para neutralizar as emiss\u00f5es de carbono - Jornal Fatos e Not\u00edcias","robots":{"index":"index","follow":"follow","max-snippet":"max-snippet:-1","max-image-preview":"max-image-preview:large","max-video-preview":"max-video-preview:-1"},"canonical":"https:\/\/jornalfatosenoticias.com.br\/index.php\/2022\/12\/16\/frota-de-onibus-eletricos-do-brasil-e-fundamental-para-neutralizar-as-emissoes-de-carbono\/","og_locale":"pt_BR","og_type":"article","og_title":"Frota de \u00f4nibus el\u00e9tricos do Brasil \u00e9 fundamental para neutralizar as emiss\u00f5es de carbono - Jornal Fatos e Not\u00edcias","og_description":"\u201cO Brasil se comprometeu a neutralizar as emiss\u00f5es de carbono at\u00e9 2050. Essa j\u00e1 \u00e9 uma meta nacional determinada desde a COP do ano passado\u201d, diz o professor J\u00falio Romano Meneghini Especialistas projetam que o Brasil poder\u00e1 ter a maior frota de \u00f4nibus el\u00e9tricos da Am\u00e9rica Latina at\u00e9 2024, alcan\u00e7ando tr\u00eas mil unidades. Na capital [&hellip;]","og_url":"https:\/\/jornalfatosenoticias.com.br\/index.php\/2022\/12\/16\/frota-de-onibus-eletricos-do-brasil-e-fundamental-para-neutralizar-as-emissoes-de-carbono\/","og_site_name":"Jornal Fatos e Not\u00edcias","article_published_time":"2022-12-16T15:54:07+00:00","article_modified_time":"2022-12-16T15:54:08+00:00","og_image":[{"width":1000,"height":526,"url":"https:\/\/jornalfatosenoticias.com.br\/wp-content\/uploads\/2022\/12\/onibus-eletricos_Brasil.jpg","type":"image\/jpeg"}],"author":"Luzimara Fernandes","twitter_card":"summary_large_image","twitter_misc":{"Escrito por":"Luzimara Fernandes","Est. tempo de leitura":"4 minutos"},"schema":{"@context":"https:\/\/schema.org","@graph":[{"@type":"Article","@id":"https:\/\/jornalfatosenoticias.com.br\/index.php\/2022\/12\/16\/frota-de-onibus-eletricos-do-brasil-e-fundamental-para-neutralizar-as-emissoes-de-carbono\/#article","isPartOf":{"@id":"https:\/\/jornalfatosenoticias.com.br\/index.php\/2022\/12\/16\/frota-de-onibus-eletricos-do-brasil-e-fundamental-para-neutralizar-as-emissoes-de-carbono\/"},"author":{"name":"Luzimara Fernandes","@id":"https:\/\/jornalfatosenoticias.com.br\/#\/schema\/person\/d63837fa13ac8666eb9e74e0985d6f81"},"headline":"Frota de \u00f4nibus el\u00e9tricos do Brasil \u00e9 fundamental para neutralizar as emiss\u00f5es de carbono","datePublished":"2022-12-16T15:54:07+00:00","dateModified":"2022-12-16T15:54:08+00:00","mainEntityOfPage":{"@id":"https:\/\/jornalfatosenoticias.com.br\/index.php\/2022\/12\/16\/frota-de-onibus-eletricos-do-brasil-e-fundamental-para-neutralizar-as-emissoes-de-carbono\/"},"wordCount":775,"commentCount":0,"publisher":{"@id":"https:\/\/jornalfatosenoticias.com.br\/#organization"},"image":{"@id":"https:\/\/jornalfatosenoticias.com.br\/index.php\/2022\/12\/16\/frota-de-onibus-eletricos-do-brasil-e-fundamental-para-neutralizar-as-emissoes-de-carbono\/#primaryimage"},"thumbnailUrl":"https:\/\/jornalfatosenoticias.com.br\/wp-content\/uploads\/2022\/12\/onibus-eletricos_Brasil.jpg","keywords":["Brasil","emiss\u00f5es de carbono","frota","frota de \u00f4nibus","\u00f4nibus el\u00e9tricos"],"articleSection":["Mobilidade"],"inLanguage":"pt-BR","potentialAction":[{"@type":"CommentAction","name":"Comment","target":["https:\/\/jornalfatosenoticias.com.br\/index.php\/2022\/12\/16\/frota-de-onibus-eletricos-do-brasil-e-fundamental-para-neutralizar-as-emissoes-de-carbono\/#respond"]}]},{"@type":"WebPage","@id":"https:\/\/jornalfatosenoticias.com.br\/index.php\/2022\/12\/16\/frota-de-onibus-eletricos-do-brasil-e-fundamental-para-neutralizar-as-emissoes-de-carbono\/","url":"https:\/\/jornalfatosenoticias.com.br\/index.php\/2022\/12\/16\/frota-de-onibus-eletricos-do-brasil-e-fundamental-para-neutralizar-as-emissoes-de-carbono\/","name":"Frota de \u00f4nibus el\u00e9tricos do Brasil \u00e9 fundamental para neutralizar as emiss\u00f5es de carbono - Jornal Fatos e Not\u00edcias","isPartOf":{"@id":"https:\/\/jornalfatosenoticias.com.br\/#website"},"primaryImageOfPage":{"@id":"https:\/\/jornalfatosenoticias.com.br\/index.php\/2022\/12\/16\/frota-de-onibus-eletricos-do-brasil-e-fundamental-para-neutralizar-as-emissoes-de-carbono\/#primaryimage"},"image":{"@id":"https:\/\/jornalfatosenoticias.com.br\/index.php\/2022\/12\/16\/frota-de-onibus-eletricos-do-brasil-e-fundamental-para-neutralizar-as-emissoes-de-carbono\/#primaryimage"},"thumbnailUrl":"https:\/\/jornalfatosenoticias.com.br\/wp-content\/uploads\/2022\/12\/onibus-eletricos_Brasil.jpg","datePublished":"2022-12-16T15:54:07+00:00","dateModified":"2022-12-16T15:54:08+00:00","breadcrumb":{"@id":"https:\/\/jornalfatosenoticias.com.br\/index.php\/2022\/12\/16\/frota-de-onibus-eletricos-do-brasil-e-fundamental-para-neutralizar-as-emissoes-de-carbono\/#breadcrumb"},"inLanguage":"pt-BR","potentialAction":[{"@type":"ReadAction","target":["https:\/\/jornalfatosenoticias.com.br\/index.php\/2022\/12\/16\/frota-de-onibus-eletricos-do-brasil-e-fundamental-para-neutralizar-as-emissoes-de-carbono\/"]}]},{"@type":"ImageObject","inLanguage":"pt-BR","@id":"https:\/\/jornalfatosenoticias.com.br\/index.php\/2022\/12\/16\/frota-de-onibus-eletricos-do-brasil-e-fundamental-para-neutralizar-as-emissoes-de-carbono\/#primaryimage","url":"https:\/\/jornalfatosenoticias.com.br\/wp-content\/uploads\/2022\/12\/onibus-eletricos_Brasil.jpg","contentUrl":"https:\/\/jornalfatosenoticias.com.br\/wp-content\/uploads\/2022\/12\/onibus-eletricos_Brasil.jpg","width":1000,"height":526},{"@type":"BreadcrumbList","@id":"https:\/\/jornalfatosenoticias.com.br\/index.php\/2022\/12\/16\/frota-de-onibus-eletricos-do-brasil-e-fundamental-para-neutralizar-as-emissoes-de-carbono\/#breadcrumb","itemListElement":[{"@type":"ListItem","position":1,"name":"In\u00edcio","item":"https:\/\/jornalfatosenoticias.com.br\/"},{"@type":"ListItem","position":2,"name":"Frota de \u00f4nibus el\u00e9tricos do Brasil \u00e9 fundamental para neutralizar as emiss\u00f5es de carbono"}]},{"@type":"WebSite","@id":"https:\/\/jornalfatosenoticias.com.br\/#website","url":"https:\/\/jornalfatosenoticias.com.br\/","name":"Jornal Fatos e Not\u00edcias","description":"Not\u00edcias em geral","publisher":{"@id":"https:\/\/jornalfatosenoticias.com.br\/#organization"},"potentialAction":[{"@type":"SearchAction","target":{"@type":"EntryPoint","urlTemplate":"https:\/\/jornalfatosenoticias.com.br\/?s={search_term_string}"},"query-input":{"@type":"PropertyValueSpecification","valueRequired":true,"valueName":"search_term_string"}}],"inLanguage":"pt-BR"},{"@type":"Organization","@id":"https:\/\/jornalfatosenoticias.com.br\/#organization","name":"Jornal Fatos e Not\u00edcias","url":"https:\/\/jornalfatosenoticias.com.br\/","logo":{"@type":"ImageObject","inLanguage":"pt-BR","@id":"https:\/\/jornalfatosenoticias.com.br\/#\/schema\/logo\/image\/","url":"https:\/\/jornalfatosenoticias.com.br\/wp-content\/uploads\/2020\/02\/logo120.png","contentUrl":"https:\/\/jornalfatosenoticias.com.br\/wp-content\/uploads\/2020\/02\/logo120.png","width":1227,"height":120,"caption":"Jornal Fatos e Not\u00edcias"},"image":{"@id":"https:\/\/jornalfatosenoticias.com.br\/#\/schema\/logo\/image\/"}},{"@type":"Person","@id":"https:\/\/jornalfatosenoticias.com.br\/#\/schema\/person\/d63837fa13ac8666eb9e74e0985d6f81","name":"Luzimara Fernandes","image":{"@type":"ImageObject","inLanguage":"pt-BR","@id":"https:\/\/jornalfatosenoticias.com.br\/#\/schema\/person\/image\/","url":"https:\/\/jornalfatosenoticias.com.br\/wp-content\/uploads\/2025\/05\/EU_portal.jpg","contentUrl":"https:\/\/jornalfatosenoticias.com.br\/wp-content\/uploads\/2025\/05\/EU_portal.jpg","caption":"Luzimara Fernandes"},"description":"Jornalista MTB 2358-ES","sameAs":["https:\/\/jornalfatosenoticias.com.br"],"url":"https:\/\/jornalfatosenoticias.com.br\/index.php\/author\/luzimara\/"}]}},"cc_featured_image_caption":{"caption_text":"","source_text":"","source_url":""},"jetpack_featured_media_url":"https:\/\/jornalfatosenoticias.com.br\/wp-content\/uploads\/2022\/12\/onibus-eletricos_Brasil.jpg","_links":{"self":[{"href":"https:\/\/jornalfatosenoticias.com.br\/index.php\/wp-json\/wp\/v2\/posts\/37006","targetHints":{"allow":["GET"]}}],"collection":[{"href":"https:\/\/jornalfatosenoticias.com.br\/index.php\/wp-json\/wp\/v2\/posts"}],"about":[{"href":"https:\/\/jornalfatosenoticias.com.br\/index.php\/wp-json\/wp\/v2\/types\/post"}],"author":[{"embeddable":true,"href":"https:\/\/jornalfatosenoticias.com.br\/index.php\/wp-json\/wp\/v2\/users\/2"}],"replies":[{"embeddable":true,"href":"https:\/\/jornalfatosenoticias.com.br\/index.php\/wp-json\/wp\/v2\/comments?post=37006"}],"version-history":[{"count":0,"href":"https:\/\/jornalfatosenoticias.com.br\/index.php\/wp-json\/wp\/v2\/posts\/37006\/revisions"}],"wp:featuredmedia":[{"embeddable":true,"href":"https:\/\/jornalfatosenoticias.com.br\/index.php\/wp-json\/wp\/v2\/media\/37007"}],"wp:attachment":[{"href":"https:\/\/jornalfatosenoticias.com.br\/index.php\/wp-json\/wp\/v2\/media?parent=37006"}],"wp:term":[{"taxonomy":"category","embeddable":true,"href":"https:\/\/jornalfatosenoticias.com.br\/index.php\/wp-json\/wp\/v2\/categories?post=37006"},{"taxonomy":"post_tag","embeddable":true,"href":"https:\/\/jornalfatosenoticias.com.br\/index.php\/wp-json\/wp\/v2\/tags?post=37006"}],"curies":[{"name":"wp","href":"https:\/\/api.w.org\/{rel}","templated":true}]}}