{"id":37027,"date":"2022-12-16T14:18:58","date_gmt":"2022-12-16T17:18:58","guid":{"rendered":"https:\/\/jornalfatosenoticias.com.br\/?p=37027"},"modified":"2022-12-16T14:18:59","modified_gmt":"2022-12-16T17:18:59","slug":"luzes-de-natal-dicas-para-garantir-seguranca-e-economia","status":"publish","type":"post","link":"https:\/\/jornalfatosenoticias.com.br\/index.php\/2022\/12\/16\/luzes-de-natal-dicas-para-garantir-seguranca-e-economia\/","title":{"rendered":"Luzes de natal: dicas para garantir seguran\u00e7a e economia"},"content":{"rendered":"\n<p><em><span class=\"has-inline-color has-black-color\">A decora\u00e7\u00e3o luminosa \u00e9 linda, mas tamb\u00e9m traz riscos e consumo alto de energia \u2014 veja como evitar problemas!<\/span><\/em><\/p>\n\n\n\n<div class=\"wp-block-image\"><figure class=\"aligncenter size-large\"><img loading=\"lazy\" decoding=\"async\" width=\"1024\" height=\"111\" src=\"https:\/\/jornalfatosenoticias.com.br\/wp-content\/uploads\/2020\/02\/WhatsApp-Image-2022-09-23-at-12.09.18-1024x111.jpeg\" alt=\"\" class=\"wp-image-34527\" srcset=\"https:\/\/jornalfatosenoticias.com.br\/wp-content\/uploads\/2020\/02\/WhatsApp-Image-2022-09-23-at-12.09.18-1024x111.jpeg 1024w, https:\/\/jornalfatosenoticias.com.br\/wp-content\/uploads\/2020\/02\/WhatsApp-Image-2022-09-23-at-12.09.18-300x32.jpeg 300w, https:\/\/jornalfatosenoticias.com.br\/wp-content\/uploads\/2020\/02\/WhatsApp-Image-2022-09-23-at-12.09.18-768x83.jpeg 768w, https:\/\/jornalfatosenoticias.com.br\/wp-content\/uploads\/2020\/02\/WhatsApp-Image-2022-09-23-at-12.09.18.jpeg 1121w\" sizes=\"auto, (max-width: 1024px) 100vw, 1024px\" \/><\/figure><\/div>\n\n\n\n<p>As luzes de <a href=\"https:\/\/ciclovivo.com.br\/inovacao\/inspiracao\/arvore-de-natal-e-iluminada-por-pedaladas-em-budapeste\/\">Natal<\/a>\u00a0j\u00e1 est\u00e3o nas casas, pr\u00e9dios, pra\u00e7as e com\u00e9rcios do Brasil. Essa \u00e9 uma marca registrada desta \u00e9poca do ano, mas pode ser tamb\u00e9m motivo de preocupa\u00e7\u00e3o. Sempre que usamos energia el\u00e9trica precisamos ter alguns cuidados para evitar acidentes e tamb\u00e9m uma fatura muito acima do esperado.<br>Vale lembrar que, al\u00e9m das luzes, existem muitas outras decora\u00e7\u00f5es poss\u00edveis \u2014 muitas delas sustent\u00e1veis e f\u00e1ceis de fazer.<\/p>\n\n\n\n<div class=\"wp-block-image\"><figure class=\"aligncenter size-large is-resized\"><img loading=\"lazy\" decoding=\"async\" src=\"https:\/\/jornalfatosenoticias.com.br\/wp-content\/uploads\/2020\/02\/logo-embacia.jpg\" alt=\"\" class=\"wp-image-33905\" width=\"230\" height=\"230\"\/><\/figure><\/div>\n\n\n\n<p>Mas, para quem n\u00e3o abre m\u00e3o da ilumina\u00e7\u00e3o t\u00edpica desta \u00e9poca, a Enel Distribui\u00e7\u00e3o S\u00e3o Paulo alerta para alguns cuidados com a montagem e a manuten\u00e7\u00e3o dos enfeites natalinos em ambientes internos e externos para garantir a seguran\u00e7a.<\/p>\n\n\n\n<div class=\"wp-block-image\"><figure class=\"aligncenter size-large\"><img decoding=\"async\" src=\"https:\/\/jornalfatosenoticias.com.br\/wp-content\/uploads\/2020\/02\/Serra-Grande-1024x160.png\" alt=\"\" class=\"wp-image-7836\"\/><\/figure><\/div>\n\n\n\n<p><strong><span class=\"has-inline-color has-vivid-red-color\">Decora\u00e7\u00e3o segura e eficiente<br><\/span><\/strong>A maior parte dos acidentes com eletricidade acontecem por falta de informa\u00e7\u00e3o, aten\u00e7\u00e3o ou pelo uso inadequado de materiais e ferramentas. O fogo pode come\u00e7ar por algum curto-circuito na rede el\u00e9trica. Al\u00e9m disso, \u00e9 preciso ficar atento para o aumento do consumo de energia a que est\u00e3o expostos.<br>O respons\u00e1vel pela \u00e1rea de seguran\u00e7a da Enel Distribui\u00e7\u00e3o S\u00e3o Paulo, Marcelo Gomes, explica que \u00e9 comum que os enfeites e pisca-piscas sejam aproveitados de um ano para o outro.<\/p>\n\n\n\n<div class=\"wp-block-image\"><figure class=\"aligncenter size-large is-resized\"><img loading=\"lazy\" decoding=\"async\" src=\"https:\/\/jornalfatosenoticias.com.br\/wp-content\/uploads\/2022\/10\/RC_800x750_page-0001.jpg\" alt=\"\" class=\"wp-image-35338\" width=\"255\" height=\"239\" srcset=\"https:\/\/jornalfatosenoticias.com.br\/wp-content\/uploads\/2022\/10\/RC_800x750_page-0001.jpg 400w, https:\/\/jornalfatosenoticias.com.br\/wp-content\/uploads\/2022\/10\/RC_800x750_page-0001-300x281.jpg 300w\" sizes=\"auto, (max-width: 255px) 100vw, 255px\" \/><\/figure><\/div>\n\n\n\n<figure class=\"wp-block-pullquote\"><blockquote><p><span class=\"has-inline-color has-luminous-vivid-orange-color\">A recomenda\u00e7\u00e3o \u00e9 que os clientes verifiquem as condi\u00e7\u00f5es desses fios e se estiverem ressecados, rachados, rompidos ou se houver <a href=\"https:\/\/ciclovivo.com.br\/planeta\/desenvolvimento\/lojas-das-redes-fort-e-comper-terao-coletores-de-lampadas-fluorescentes\/\" target=\"_blank\" rel=\"noreferrer noopener\">l\u00e2mpadas<\/a> quebradas, evitem us\u00e1-los, pois um enfeite pode colocar toda a decora\u00e7\u00e3o em perigo\u201d, alerta.<\/span><\/p><\/blockquote><\/figure>\n\n\n\n<div class=\"wp-block-image\"><figure class=\"aligncenter size-large\"><img loading=\"lazy\" decoding=\"async\" width=\"1024\" height=\"100\" src=\"https:\/\/jornalfatosenoticias.com.br\/wp-content\/uploads\/2020\/02\/banner_ferramentas-1024x100.jpg\" alt=\"\" class=\"wp-image-1258\" srcset=\"https:\/\/jornalfatosenoticias.com.br\/wp-content\/uploads\/2020\/02\/banner_ferramentas-1024x100.jpg 1024w, https:\/\/jornalfatosenoticias.com.br\/wp-content\/uploads\/2020\/02\/banner_ferramentas-300x29.jpg 300w, https:\/\/jornalfatosenoticias.com.br\/wp-content\/uploads\/2020\/02\/banner_ferramentas-768x75.jpg 768w, https:\/\/jornalfatosenoticias.com.br\/wp-content\/uploads\/2020\/02\/banner_ferramentas.jpg 1227w\" sizes=\"auto, (max-width: 1024px) 100vw, 1024px\" \/><\/figure><\/div>\n\n\n\n<p>Gomes tamb\u00e9m chama a aten\u00e7\u00e3o para o uso de \u2018Ts nas instala\u00e7\u00f5es, um risco comum n\u00e3o s\u00f3 na \u00e9poca de arrumar a decora\u00e7\u00e3o natalina, mas que muitas pessoas est\u00e3o expostas frequentemente sem sequer perceberem.<\/p>\n\n\n\n<div class=\"wp-block-image\"><figure class=\"aligncenter size-large is-resized\"><img loading=\"lazy\" decoding=\"async\" src=\"https:\/\/jornalfatosenoticias.com.br\/wp-content\/uploads\/2022\/07\/Logo-Grupo-SEI.jpg\" alt=\"\" class=\"wp-image-31973\" width=\"268\" height=\"141\" srcset=\"https:\/\/jornalfatosenoticias.com.br\/wp-content\/uploads\/2022\/07\/Logo-Grupo-SEI.jpg 713w, https:\/\/jornalfatosenoticias.com.br\/wp-content\/uploads\/2022\/07\/Logo-Grupo-SEI-300x158.jpg 300w\" sizes=\"auto, (max-width: 268px) 100vw, 268px\" \/><\/figure><\/div>\n\n\n\n<figure class=\"wp-block-pullquote\"><blockquote><p><span class=\"has-inline-color has-luminous-vivid-orange-color\">O acess\u00f3rio concentra intensidade de correntes elevadas em um s\u00f3 ponto, que podem provocar aquecimento, derretendo o \u2018T\u2019 e causando um princ\u00edpio de inc\u00eandio. Al\u00e9m disso, sendo um ponto quente, ele automaticamente aumenta o consumo, j\u00e1 que a energia \u00e9 transformada em calor sem nenhuma utilidade e \u00e9 desperdi\u00e7ada\u201d, ressalta.<\/span><\/p><\/blockquote><\/figure>\n\n\n\n<div class=\"wp-block-image\"><figure class=\"aligncenter size-large\"><img loading=\"lazy\" decoding=\"async\" width=\"1024\" height=\"100\" src=\"https:\/\/jornalfatosenoticias.com.br\/wp-content\/uploads\/2022\/05\/NOVA-LOGO-CESCONETTO-1024x100.jpg\" alt=\"\" class=\"wp-image-30792\" srcset=\"https:\/\/jornalfatosenoticias.com.br\/wp-content\/uploads\/2022\/05\/NOVA-LOGO-CESCONETTO-1024x100.jpg 1024w, https:\/\/jornalfatosenoticias.com.br\/wp-content\/uploads\/2022\/05\/NOVA-LOGO-CESCONETTO-300x29.jpg 300w, https:\/\/jornalfatosenoticias.com.br\/wp-content\/uploads\/2022\/05\/NOVA-LOGO-CESCONETTO-768x75.jpg 768w, https:\/\/jornalfatosenoticias.com.br\/wp-content\/uploads\/2022\/05\/NOVA-LOGO-CESCONETTO.jpg 1280w\" sizes=\"auto, (max-width: 1024px) 100vw, 1024px\" \/><\/figure><\/div>\n\n\n\n<p>A distribuidora orienta que os clientes tamb\u00e9m estejam atentos \u00e0 instala\u00e7\u00e3o de adere\u00e7os luminosos na \u00e1rea externa da resid\u00eancia. Se n\u00e3o forem adotadas medidas preventivas, as chances de choque el\u00e9trico e curto-circuito s\u00e3o maiores, j\u00e1 que a a\u00e7\u00e3o do tempo pode ressecar a fia\u00e7\u00e3o e a presen\u00e7a de \u00e1gua pode potencializar os efeitos da condu\u00e7\u00e3o da corrente el\u00e9trica.<\/p>\n\n\n\n<div class=\"wp-block-image\"><figure class=\"aligncenter size-large\"><img decoding=\"async\" src=\"https:\/\/jornalfatosenoticias.com.br\/wp-content\/uploads\/2020\/02\/barao-das-carnes-300x164-1.jpg\" alt=\"\" class=\"wp-image-34339\"\/><\/figure><\/div>\n\n\n\n<div class=\"wp-block-image\"><figure class=\"aligncenter size-large\"><img loading=\"lazy\" decoding=\"async\" width=\"1000\" height=\"666\" src=\"https:\/\/jornalfatosenoticias.com.br\/wp-content\/uploads\/2022\/12\/luzes-natal-pixabay.jpg\" alt=\"\" class=\"wp-image-37028\" srcset=\"https:\/\/jornalfatosenoticias.com.br\/wp-content\/uploads\/2022\/12\/luzes-natal-pixabay.jpg 1000w, https:\/\/jornalfatosenoticias.com.br\/wp-content\/uploads\/2022\/12\/luzes-natal-pixabay-300x200.jpg 300w, https:\/\/jornalfatosenoticias.com.br\/wp-content\/uploads\/2022\/12\/luzes-natal-pixabay-768x511.jpg 768w\" sizes=\"auto, (max-width: 1000px) 100vw, 1000px\" \/><figcaption><em><span class=\"has-inline-color has-black-color\">Alguns cuidados s\u00e3o importantes para que a decora\u00e7\u00e3o de natal n\u00e3o se transforme em um problema (Foto: Pixabay)<\/span><\/em><\/figcaption><\/figure><\/div>\n\n\n\n<div class=\"wp-block-image\"><figure class=\"alignleft size-large is-resized\"><img loading=\"lazy\" decoding=\"async\" src=\"https:\/\/jornalfatosenoticias.com.br\/wp-content\/uploads\/2022\/10\/Arte-jornal-Zucchi-600x600_Prancheta-1-1024x1024.jpg\" alt=\"\" class=\"wp-image-34782\" width=\"269\" height=\"269\" srcset=\"https:\/\/jornalfatosenoticias.com.br\/wp-content\/uploads\/2022\/10\/Arte-jornal-Zucchi-600x600_Prancheta-1-1024x1024.jpg 1024w, https:\/\/jornalfatosenoticias.com.br\/wp-content\/uploads\/2022\/10\/Arte-jornal-Zucchi-600x600_Prancheta-1-300x300.jpg 300w, https:\/\/jornalfatosenoticias.com.br\/wp-content\/uploads\/2022\/10\/Arte-jornal-Zucchi-600x600_Prancheta-1-150x150.jpg 150w, https:\/\/jornalfatosenoticias.com.br\/wp-content\/uploads\/2022\/10\/Arte-jornal-Zucchi-600x600_Prancheta-1-768x768.jpg 768w, https:\/\/jornalfatosenoticias.com.br\/wp-content\/uploads\/2022\/10\/Arte-jornal-Zucchi-600x600_Prancheta-1.jpg 1250w\" sizes=\"auto, (max-width: 269px) 100vw, 269px\" \/><\/figure><\/div>\n\n\n\n<p><strong><span class=\"has-inline-color has-vivid-red-color\">Como economizar energia?<br><\/span><\/strong>Na hora de adquirir os \u201cpisca-piscas\u201d, \u00e9 importante verificar a informa\u00e7\u00e3o dada em watts (W), contida na embalagem, que corresponde \u00e0 pot\u00eancia demandada por determinado produto. Quanto maior for a pot\u00eancia, maior ser\u00e1 o consumo do enfeite natalino. Vale lembrar tamb\u00e9m que deixar o pisca-pisca aceso por mais tempo vai gerar um <a href=\"https:\/\/ciclovivo.com.br\/fique-ligado\/oportunidades\/36-dicas-para-economizar-energia-e-evitar-acidentes-no-verao\/\" target=\"_blank\" rel=\"noreferrer noopener\">consumo de energia<\/a>.\u00a0Outra boa dica \u00e9 utilizar produtos com a tecnologia LED que, al\u00e9m de contribu\u00edrem para a redu\u00e7\u00e3o de at\u00e9 80% do consumo de energia, tamb\u00e9m s\u00e3o mais seguros.<\/p>\n\n\n\n<h4 class=\"wp-block-heading\"><span class=\"has-inline-color has-vivid-red-color\">Dicas para uma decora\u00e7\u00e3o segura<\/span><\/h4>\n\n\n\n<div class=\"wp-block-image\"><figure class=\"aligncenter size-large\"><img loading=\"lazy\" decoding=\"async\" width=\"1024\" height=\"103\" src=\"https:\/\/jornalfatosenoticias.com.br\/wp-content\/uploads\/2022\/02\/Arte-Autoescola-Galatas_endereco_portal-1024x103.png\" alt=\"\" class=\"wp-image-27869\" srcset=\"https:\/\/jornalfatosenoticias.com.br\/wp-content\/uploads\/2022\/02\/Arte-Autoescola-Galatas_endereco_portal-1024x103.png 1024w, https:\/\/jornalfatosenoticias.com.br\/wp-content\/uploads\/2022\/02\/Arte-Autoescola-Galatas_endereco_portal-300x30.png 300w, https:\/\/jornalfatosenoticias.com.br\/wp-content\/uploads\/2022\/02\/Arte-Autoescola-Galatas_endereco_portal-768x77.png 768w, https:\/\/jornalfatosenoticias.com.br\/wp-content\/uploads\/2022\/02\/Arte-Autoescola-Galatas_endereco_portal.png 1223w\" sizes=\"auto, (max-width: 1024px) 100vw, 1024px\" \/><\/figure><\/div>\n\n\n\n<ol class=\"wp-block-list\"><li>Desligue o pisca-pisca da tomada de energia ao substituir l\u00e2mpadas e nunca execute esse procedimento puxando a tomada pela fia\u00e7\u00e3o;<\/li><li>Revise as instala\u00e7\u00f5es el\u00e9tricas da resid\u00eancia antes de iniciar a decora\u00e7\u00e3o;<\/li><li>Na compra dos artefatos luminosos, procure os produtos homologados e com selo do Instituto Nacional de Metrologia, Qualidade e Tecnologia (Inmetro). Produtos sem a homologa\u00e7\u00e3o podem provocar superaquecimento, curto-circuito e princ\u00edpio de inc\u00eandio;<\/li><li>N\u00e3o coloque as luzes pr\u00f3ximas a enfeites feitos de papel ou cartolina. O ideal \u00e9 n\u00e3o usar esse tipo de decora\u00e7\u00e3o na \u00e1rvore se for utilizar pisca-piscas;<\/li><li>Estabele\u00e7a um hor\u00e1rio definido para ligar e desligar. O ideal \u00e9 das 18h \u00e0 meia-noite, evitando desperd\u00edcio de energia e riscos de acidentes e princ\u00edpio de inc\u00eandio;<\/li><li>Evite deixar a instala\u00e7\u00e3o em \u00e1rea sujeita \u00e0 chuva ou alagamento e n\u00e3o deixe a fia\u00e7\u00e3o ao alcance de crian\u00e7as ou pets;<\/li><li>N\u00e3o instale o conjunto de l\u00e2mpadas decorativas em estrutura met\u00e1lica e pontiaguda;<\/li><li>N\u00e3o permita que crian\u00e7as manuseiem os pisca-piscas, cord\u00f5es e fitas luminosas, deixando-os fora do alcance de menores ou pets;<\/li><li>Os fios desencapados provocam choques, curtos-circuitos e, \u00e0s vezes, inc\u00eandios. Passar fios por baixo de tapetes ou por tr\u00e1s de cortinas tamb\u00e9m pode causar inc\u00eandios;<\/li><li>Nesta \u00e9poca do ano, al\u00e9m da ilumina\u00e7\u00e3o, as pessoas costumam soltar fogos de artif\u00edcio. Tenha cuidado com os artefatos, n\u00e3o solte perto das redes de energia porque podem provocar inc\u00eandios, falhas na rede e acidentes.<\/li><li>Se a decora\u00e7\u00e3o vai cobrir uma \u00e1rea grande, como um pr\u00e9dio ou a fachada de um com\u00e9rcio, \u00e9 importante contratar um engenheiro, t\u00e9cnico ou eletricista para dimensionar a fia\u00e7\u00e3o e a prote\u00e7\u00e3o do circuito de acordo com a carga a ser ligada;<\/li><li>Para instala\u00e7\u00f5es em fachadas, verifique a proximidade com a rede de energia, pois em casos de chuvas e ventos fortes, a ilumina\u00e7\u00e3o decorativa pode vir a tocar a rede el\u00e9trica e provocar curtos-circuitos.<\/li><\/ol>\n\n\n\n<div class=\"wp-block-image\"><figure class=\"alignright size-large is-resized\"><img loading=\"lazy\" decoding=\"async\" src=\"https:\/\/jornalfatosenoticias.com.br\/wp-content\/uploads\/2022\/08\/logo-locau-veiculos-1024x573.png\" alt=\"\" class=\"wp-image-33078\" width=\"303\" height=\"169\"\/><\/figure><\/div>\n\n\n\n<h4 class=\"wp-block-heading\"><strong><span class=\"has-inline-color has-vivid-red-color\">O que fazer em caso de acidentes?<\/span><\/strong><\/h4>\n\n\n\n<ul class=\"wp-block-list\"><li>Isole o local para que n\u00e3o haja a aproxima\u00e7\u00e3o de pessoas e jamais toque em fios partidos;<\/li><li>N\u00e3o retire objetos ou pessoas que estejam em contato com fios at\u00e9 que um profissional qualificado assegure que a energia foi desligada;<\/li><li><strong><em>Acione imediatamente o Corpo de Bombeiros, por meio do n\u00famero 193<\/em><\/strong><\/li><\/ul>\n\n\n\n<div class=\"wp-block-image\"><figure class=\"aligncenter size-large\"><img loading=\"lazy\" decoding=\"async\" width=\"1000\" height=\"709\" src=\"https:\/\/jornalfatosenoticias.com.br\/wp-content\/uploads\/2022\/12\/CARTAO-NATALINO_2022.jpg\" alt=\"\" class=\"wp-image-36945\" srcset=\"https:\/\/jornalfatosenoticias.com.br\/wp-content\/uploads\/2022\/12\/CARTAO-NATALINO_2022.jpg 1000w, https:\/\/jornalfatosenoticias.com.br\/wp-content\/uploads\/2022\/12\/CARTAO-NATALINO_2022-300x213.jpg 300w, https:\/\/jornalfatosenoticias.com.br\/wp-content\/uploads\/2022\/12\/CARTAO-NATALINO_2022-768x545.jpg 768w\" sizes=\"auto, (max-width: 1000px) 100vw, 1000px\" \/><\/figure><\/div>\n\n\n\n<p><strong><em>Fonte: <a href=\"https:\/\/ciclovivo.com.br\/mao-na-massa\/faca-voce-mesmo\/luzes-de-natal-12-dicas-para-garantir-seguranca-e-economia\/\">CicloVivo<\/a><\/em><\/strong><\/p>\n","protected":false},"excerpt":{"rendered":"<p>A decora\u00e7\u00e3o luminosa \u00e9 linda, mas tamb\u00e9m traz riscos e consumo alto de energia \u2014 veja como evitar problemas! As luzes de Natal\u00a0j\u00e1 est\u00e3o nas casas, pr\u00e9dios, pra\u00e7as e com\u00e9rcios do Brasil. Essa \u00e9 uma marca registrada desta \u00e9poca do ano, mas pode ser tamb\u00e9m motivo de preocupa\u00e7\u00e3o. Sempre que usamos energia el\u00e9trica precisamos ter [&hellip;]<\/p>\n","protected":false},"author":2,"featured_media":37029,"comment_status":"open","ping_status":"open","sticky":false,"template":"","format":"standard","meta":{"footnotes":""},"categories":[5],"tags":[996,8827,6402,17393,17391,17392,1033],"class_list":["post-37027","post","type-post","status-publish","format-standard","has-post-thumbnail","hentry","category-geral","tag-consumo-de-energia","tag-curto-circuito","tag-decoracao-de-natal","tag-decoracao-luminosa","tag-economia-de-energia","tag-luzes-de-natal","tag-seguranca"],"yoast_head":"<!-- This site is optimized with the Yoast SEO plugin v26.5 - https:\/\/yoast.com\/wordpress\/plugins\/seo\/ -->\n<title>Luzes de natal: dicas para garantir seguran\u00e7a e economia - Jornal Fatos e Not\u00edcias<\/title>\n<meta name=\"robots\" content=\"index, follow, max-snippet:-1, max-image-preview:large, max-video-preview:-1\" \/>\n<link rel=\"canonical\" href=\"https:\/\/jornalfatosenoticias.com.br\/index.php\/2022\/12\/16\/luzes-de-natal-dicas-para-garantir-seguranca-e-economia\/\" \/>\n<meta property=\"og:locale\" content=\"pt_BR\" \/>\n<meta property=\"og:type\" content=\"article\" \/>\n<meta property=\"og:title\" content=\"Luzes de natal: dicas para garantir seguran\u00e7a e economia - Jornal Fatos e Not\u00edcias\" \/>\n<meta property=\"og:description\" content=\"A decora\u00e7\u00e3o luminosa \u00e9 linda, mas tamb\u00e9m traz riscos e consumo alto de energia \u2014 veja como evitar problemas! As luzes de Natal\u00a0j\u00e1 est\u00e3o nas casas, pr\u00e9dios, pra\u00e7as e com\u00e9rcios do Brasil. Essa \u00e9 uma marca registrada desta \u00e9poca do ano, mas pode ser tamb\u00e9m motivo de preocupa\u00e7\u00e3o. Sempre que usamos energia el\u00e9trica precisamos ter [&hellip;]\" \/>\n<meta property=\"og:url\" content=\"https:\/\/jornalfatosenoticias.com.br\/index.php\/2022\/12\/16\/luzes-de-natal-dicas-para-garantir-seguranca-e-economia\/\" \/>\n<meta property=\"og:site_name\" content=\"Jornal Fatos e Not\u00edcias\" \/>\n<meta property=\"article:published_time\" content=\"2022-12-16T17:18:58+00:00\" \/>\n<meta property=\"article:modified_time\" content=\"2022-12-16T17:18:59+00:00\" \/>\n<meta property=\"og:image\" content=\"https:\/\/jornalfatosenoticias.com.br\/wp-content\/uploads\/2022\/12\/decoracao-natal-tessa-rampersad-unsplash-1024x684-1.jpg\" \/>\n\t<meta property=\"og:image:width\" content=\"1000\" \/>\n\t<meta property=\"og:image:height\" content=\"667\" \/>\n\t<meta property=\"og:image:type\" content=\"image\/jpeg\" \/>\n<meta name=\"author\" content=\"Luzimara Fernandes\" \/>\n<meta name=\"twitter:card\" content=\"summary_large_image\" \/>\n<meta name=\"twitter:label1\" content=\"Escrito por\" \/>\n\t<meta name=\"twitter:data1\" content=\"Luzimara Fernandes\" \/>\n\t<meta name=\"twitter:label2\" content=\"Est. tempo de leitura\" \/>\n\t<meta name=\"twitter:data2\" content=\"5 minutos\" \/>\n<script type=\"application\/ld+json\" class=\"yoast-schema-graph\">{\"@context\":\"https:\/\/schema.org\",\"@graph\":[{\"@type\":\"Article\",\"@id\":\"https:\/\/jornalfatosenoticias.com.br\/index.php\/2022\/12\/16\/luzes-de-natal-dicas-para-garantir-seguranca-e-economia\/#article\",\"isPartOf\":{\"@id\":\"https:\/\/jornalfatosenoticias.com.br\/index.php\/2022\/12\/16\/luzes-de-natal-dicas-para-garantir-seguranca-e-economia\/\"},\"author\":{\"name\":\"Luzimara Fernandes\",\"@id\":\"https:\/\/jornalfatosenoticias.com.br\/#\/schema\/person\/d63837fa13ac8666eb9e74e0985d6f81\"},\"headline\":\"Luzes de natal: dicas para garantir seguran\u00e7a e economia\",\"datePublished\":\"2022-12-16T17:18:58+00:00\",\"dateModified\":\"2022-12-16T17:18:59+00:00\",\"mainEntityOfPage\":{\"@id\":\"https:\/\/jornalfatosenoticias.com.br\/index.php\/2022\/12\/16\/luzes-de-natal-dicas-para-garantir-seguranca-e-economia\/\"},\"wordCount\":974,\"commentCount\":0,\"publisher\":{\"@id\":\"https:\/\/jornalfatosenoticias.com.br\/#organization\"},\"image\":{\"@id\":\"https:\/\/jornalfatosenoticias.com.br\/index.php\/2022\/12\/16\/luzes-de-natal-dicas-para-garantir-seguranca-e-economia\/#primaryimage\"},\"thumbnailUrl\":\"https:\/\/jornalfatosenoticias.com.br\/wp-content\/uploads\/2022\/12\/decoracao-natal-tessa-rampersad-unsplash-1024x684-1.jpg\",\"keywords\":[\"consumo de energia\",\"curto-circuito\",\"decora\u00e7\u00e3o de Natal\",\"decora\u00e7\u00e3o luminosa\",\"economia de energia\",\"luzes de natal\",\"seguran\u00e7a\"],\"articleSection\":[\"Geral\"],\"inLanguage\":\"pt-BR\",\"potentialAction\":[{\"@type\":\"CommentAction\",\"name\":\"Comment\",\"target\":[\"https:\/\/jornalfatosenoticias.com.br\/index.php\/2022\/12\/16\/luzes-de-natal-dicas-para-garantir-seguranca-e-economia\/#respond\"]}]},{\"@type\":\"WebPage\",\"@id\":\"https:\/\/jornalfatosenoticias.com.br\/index.php\/2022\/12\/16\/luzes-de-natal-dicas-para-garantir-seguranca-e-economia\/\",\"url\":\"https:\/\/jornalfatosenoticias.com.br\/index.php\/2022\/12\/16\/luzes-de-natal-dicas-para-garantir-seguranca-e-economia\/\",\"name\":\"Luzes de natal: dicas para garantir seguran\u00e7a e economia - Jornal Fatos e Not\u00edcias\",\"isPartOf\":{\"@id\":\"https:\/\/jornalfatosenoticias.com.br\/#website\"},\"primaryImageOfPage\":{\"@id\":\"https:\/\/jornalfatosenoticias.com.br\/index.php\/2022\/12\/16\/luzes-de-natal-dicas-para-garantir-seguranca-e-economia\/#primaryimage\"},\"image\":{\"@id\":\"https:\/\/jornalfatosenoticias.com.br\/index.php\/2022\/12\/16\/luzes-de-natal-dicas-para-garantir-seguranca-e-economia\/#primaryimage\"},\"thumbnailUrl\":\"https:\/\/jornalfatosenoticias.com.br\/wp-content\/uploads\/2022\/12\/decoracao-natal-tessa-rampersad-unsplash-1024x684-1.jpg\",\"datePublished\":\"2022-12-16T17:18:58+00:00\",\"dateModified\":\"2022-12-16T17:18:59+00:00\",\"breadcrumb\":{\"@id\":\"https:\/\/jornalfatosenoticias.com.br\/index.php\/2022\/12\/16\/luzes-de-natal-dicas-para-garantir-seguranca-e-economia\/#breadcrumb\"},\"inLanguage\":\"pt-BR\",\"potentialAction\":[{\"@type\":\"ReadAction\",\"target\":[\"https:\/\/jornalfatosenoticias.com.br\/index.php\/2022\/12\/16\/luzes-de-natal-dicas-para-garantir-seguranca-e-economia\/\"]}]},{\"@type\":\"ImageObject\",\"inLanguage\":\"pt-BR\",\"@id\":\"https:\/\/jornalfatosenoticias.com.br\/index.php\/2022\/12\/16\/luzes-de-natal-dicas-para-garantir-seguranca-e-economia\/#primaryimage\",\"url\":\"https:\/\/jornalfatosenoticias.com.br\/wp-content\/uploads\/2022\/12\/decoracao-natal-tessa-rampersad-unsplash-1024x684-1.jpg\",\"contentUrl\":\"https:\/\/jornalfatosenoticias.com.br\/wp-content\/uploads\/2022\/12\/decoracao-natal-tessa-rampersad-unsplash-1024x684-1.jpg\",\"width\":1000,\"height\":667},{\"@type\":\"BreadcrumbList\",\"@id\":\"https:\/\/jornalfatosenoticias.com.br\/index.php\/2022\/12\/16\/luzes-de-natal-dicas-para-garantir-seguranca-e-economia\/#breadcrumb\",\"itemListElement\":[{\"@type\":\"ListItem\",\"position\":1,\"name\":\"In\u00edcio\",\"item\":\"https:\/\/jornalfatosenoticias.com.br\/\"},{\"@type\":\"ListItem\",\"position\":2,\"name\":\"Luzes de natal: dicas para garantir seguran\u00e7a e economia\"}]},{\"@type\":\"WebSite\",\"@id\":\"https:\/\/jornalfatosenoticias.com.br\/#website\",\"url\":\"https:\/\/jornalfatosenoticias.com.br\/\",\"name\":\"Jornal Fatos e Not\u00edcias\",\"description\":\"Not\u00edcias em geral\",\"publisher\":{\"@id\":\"https:\/\/jornalfatosenoticias.com.br\/#organization\"},\"potentialAction\":[{\"@type\":\"SearchAction\",\"target\":{\"@type\":\"EntryPoint\",\"urlTemplate\":\"https:\/\/jornalfatosenoticias.com.br\/?s={search_term_string}\"},\"query-input\":{\"@type\":\"PropertyValueSpecification\",\"valueRequired\":true,\"valueName\":\"search_term_string\"}}],\"inLanguage\":\"pt-BR\"},{\"@type\":\"Organization\",\"@id\":\"https:\/\/jornalfatosenoticias.com.br\/#organization\",\"name\":\"Jornal Fatos e Not\u00edcias\",\"url\":\"https:\/\/jornalfatosenoticias.com.br\/\",\"logo\":{\"@type\":\"ImageObject\",\"inLanguage\":\"pt-BR\",\"@id\":\"https:\/\/jornalfatosenoticias.com.br\/#\/schema\/logo\/image\/\",\"url\":\"https:\/\/jornalfatosenoticias.com.br\/wp-content\/uploads\/2020\/02\/logo120.png\",\"contentUrl\":\"https:\/\/jornalfatosenoticias.com.br\/wp-content\/uploads\/2020\/02\/logo120.png\",\"width\":1227,\"height\":120,\"caption\":\"Jornal Fatos e Not\u00edcias\"},\"image\":{\"@id\":\"https:\/\/jornalfatosenoticias.com.br\/#\/schema\/logo\/image\/\"}},{\"@type\":\"Person\",\"@id\":\"https:\/\/jornalfatosenoticias.com.br\/#\/schema\/person\/d63837fa13ac8666eb9e74e0985d6f81\",\"name\":\"Luzimara Fernandes\",\"image\":{\"@type\":\"ImageObject\",\"inLanguage\":\"pt-BR\",\"@id\":\"https:\/\/jornalfatosenoticias.com.br\/#\/schema\/person\/image\/\",\"url\":\"https:\/\/jornalfatosenoticias.com.br\/wp-content\/uploads\/2025\/05\/EU_portal.jpg\",\"contentUrl\":\"https:\/\/jornalfatosenoticias.com.br\/wp-content\/uploads\/2025\/05\/EU_portal.jpg\",\"caption\":\"Luzimara Fernandes\"},\"description\":\"Jornalista MTB 2358-ES\",\"sameAs\":[\"https:\/\/jornalfatosenoticias.com.br\"],\"url\":\"https:\/\/jornalfatosenoticias.com.br\/index.php\/author\/luzimara\/\"}]}<\/script>\n<!-- \/ Yoast SEO plugin. -->","yoast_head_json":{"title":"Luzes de natal: dicas para garantir seguran\u00e7a e economia - Jornal Fatos e Not\u00edcias","robots":{"index":"index","follow":"follow","max-snippet":"max-snippet:-1","max-image-preview":"max-image-preview:large","max-video-preview":"max-video-preview:-1"},"canonical":"https:\/\/jornalfatosenoticias.com.br\/index.php\/2022\/12\/16\/luzes-de-natal-dicas-para-garantir-seguranca-e-economia\/","og_locale":"pt_BR","og_type":"article","og_title":"Luzes de natal: dicas para garantir seguran\u00e7a e economia - Jornal Fatos e Not\u00edcias","og_description":"A decora\u00e7\u00e3o luminosa \u00e9 linda, mas tamb\u00e9m traz riscos e consumo alto de energia \u2014 veja como evitar problemas! As luzes de Natal\u00a0j\u00e1 est\u00e3o nas casas, pr\u00e9dios, pra\u00e7as e com\u00e9rcios do Brasil. Essa \u00e9 uma marca registrada desta \u00e9poca do ano, mas pode ser tamb\u00e9m motivo de preocupa\u00e7\u00e3o. Sempre que usamos energia el\u00e9trica precisamos ter [&hellip;]","og_url":"https:\/\/jornalfatosenoticias.com.br\/index.php\/2022\/12\/16\/luzes-de-natal-dicas-para-garantir-seguranca-e-economia\/","og_site_name":"Jornal Fatos e Not\u00edcias","article_published_time":"2022-12-16T17:18:58+00:00","article_modified_time":"2022-12-16T17:18:59+00:00","og_image":[{"width":1000,"height":667,"url":"https:\/\/jornalfatosenoticias.com.br\/wp-content\/uploads\/2022\/12\/decoracao-natal-tessa-rampersad-unsplash-1024x684-1.jpg","type":"image\/jpeg"}],"author":"Luzimara Fernandes","twitter_card":"summary_large_image","twitter_misc":{"Escrito por":"Luzimara Fernandes","Est. tempo de leitura":"5 minutos"},"schema":{"@context":"https:\/\/schema.org","@graph":[{"@type":"Article","@id":"https:\/\/jornalfatosenoticias.com.br\/index.php\/2022\/12\/16\/luzes-de-natal-dicas-para-garantir-seguranca-e-economia\/#article","isPartOf":{"@id":"https:\/\/jornalfatosenoticias.com.br\/index.php\/2022\/12\/16\/luzes-de-natal-dicas-para-garantir-seguranca-e-economia\/"},"author":{"name":"Luzimara Fernandes","@id":"https:\/\/jornalfatosenoticias.com.br\/#\/schema\/person\/d63837fa13ac8666eb9e74e0985d6f81"},"headline":"Luzes de natal: dicas para garantir seguran\u00e7a e economia","datePublished":"2022-12-16T17:18:58+00:00","dateModified":"2022-12-16T17:18:59+00:00","mainEntityOfPage":{"@id":"https:\/\/jornalfatosenoticias.com.br\/index.php\/2022\/12\/16\/luzes-de-natal-dicas-para-garantir-seguranca-e-economia\/"},"wordCount":974,"commentCount":0,"publisher":{"@id":"https:\/\/jornalfatosenoticias.com.br\/#organization"},"image":{"@id":"https:\/\/jornalfatosenoticias.com.br\/index.php\/2022\/12\/16\/luzes-de-natal-dicas-para-garantir-seguranca-e-economia\/#primaryimage"},"thumbnailUrl":"https:\/\/jornalfatosenoticias.com.br\/wp-content\/uploads\/2022\/12\/decoracao-natal-tessa-rampersad-unsplash-1024x684-1.jpg","keywords":["consumo de energia","curto-circuito","decora\u00e7\u00e3o de Natal","decora\u00e7\u00e3o luminosa","economia de energia","luzes de natal","seguran\u00e7a"],"articleSection":["Geral"],"inLanguage":"pt-BR","potentialAction":[{"@type":"CommentAction","name":"Comment","target":["https:\/\/jornalfatosenoticias.com.br\/index.php\/2022\/12\/16\/luzes-de-natal-dicas-para-garantir-seguranca-e-economia\/#respond"]}]},{"@type":"WebPage","@id":"https:\/\/jornalfatosenoticias.com.br\/index.php\/2022\/12\/16\/luzes-de-natal-dicas-para-garantir-seguranca-e-economia\/","url":"https:\/\/jornalfatosenoticias.com.br\/index.php\/2022\/12\/16\/luzes-de-natal-dicas-para-garantir-seguranca-e-economia\/","name":"Luzes de natal: dicas para garantir seguran\u00e7a e economia - Jornal Fatos e Not\u00edcias","isPartOf":{"@id":"https:\/\/jornalfatosenoticias.com.br\/#website"},"primaryImageOfPage":{"@id":"https:\/\/jornalfatosenoticias.com.br\/index.php\/2022\/12\/16\/luzes-de-natal-dicas-para-garantir-seguranca-e-economia\/#primaryimage"},"image":{"@id":"https:\/\/jornalfatosenoticias.com.br\/index.php\/2022\/12\/16\/luzes-de-natal-dicas-para-garantir-seguranca-e-economia\/#primaryimage"},"thumbnailUrl":"https:\/\/jornalfatosenoticias.com.br\/wp-content\/uploads\/2022\/12\/decoracao-natal-tessa-rampersad-unsplash-1024x684-1.jpg","datePublished":"2022-12-16T17:18:58+00:00","dateModified":"2022-12-16T17:18:59+00:00","breadcrumb":{"@id":"https:\/\/jornalfatosenoticias.com.br\/index.php\/2022\/12\/16\/luzes-de-natal-dicas-para-garantir-seguranca-e-economia\/#breadcrumb"},"inLanguage":"pt-BR","potentialAction":[{"@type":"ReadAction","target":["https:\/\/jornalfatosenoticias.com.br\/index.php\/2022\/12\/16\/luzes-de-natal-dicas-para-garantir-seguranca-e-economia\/"]}]},{"@type":"ImageObject","inLanguage":"pt-BR","@id":"https:\/\/jornalfatosenoticias.com.br\/index.php\/2022\/12\/16\/luzes-de-natal-dicas-para-garantir-seguranca-e-economia\/#primaryimage","url":"https:\/\/jornalfatosenoticias.com.br\/wp-content\/uploads\/2022\/12\/decoracao-natal-tessa-rampersad-unsplash-1024x684-1.jpg","contentUrl":"https:\/\/jornalfatosenoticias.com.br\/wp-content\/uploads\/2022\/12\/decoracao-natal-tessa-rampersad-unsplash-1024x684-1.jpg","width":1000,"height":667},{"@type":"BreadcrumbList","@id":"https:\/\/jornalfatosenoticias.com.br\/index.php\/2022\/12\/16\/luzes-de-natal-dicas-para-garantir-seguranca-e-economia\/#breadcrumb","itemListElement":[{"@type":"ListItem","position":1,"name":"In\u00edcio","item":"https:\/\/jornalfatosenoticias.com.br\/"},{"@type":"ListItem","position":2,"name":"Luzes de natal: dicas para garantir seguran\u00e7a e economia"}]},{"@type":"WebSite","@id":"https:\/\/jornalfatosenoticias.com.br\/#website","url":"https:\/\/jornalfatosenoticias.com.br\/","name":"Jornal Fatos e Not\u00edcias","description":"Not\u00edcias em geral","publisher":{"@id":"https:\/\/jornalfatosenoticias.com.br\/#organization"},"potentialAction":[{"@type":"SearchAction","target":{"@type":"EntryPoint","urlTemplate":"https:\/\/jornalfatosenoticias.com.br\/?s={search_term_string}"},"query-input":{"@type":"PropertyValueSpecification","valueRequired":true,"valueName":"search_term_string"}}],"inLanguage":"pt-BR"},{"@type":"Organization","@id":"https:\/\/jornalfatosenoticias.com.br\/#organization","name":"Jornal Fatos e Not\u00edcias","url":"https:\/\/jornalfatosenoticias.com.br\/","logo":{"@type":"ImageObject","inLanguage":"pt-BR","@id":"https:\/\/jornalfatosenoticias.com.br\/#\/schema\/logo\/image\/","url":"https:\/\/jornalfatosenoticias.com.br\/wp-content\/uploads\/2020\/02\/logo120.png","contentUrl":"https:\/\/jornalfatosenoticias.com.br\/wp-content\/uploads\/2020\/02\/logo120.png","width":1227,"height":120,"caption":"Jornal Fatos e Not\u00edcias"},"image":{"@id":"https:\/\/jornalfatosenoticias.com.br\/#\/schema\/logo\/image\/"}},{"@type":"Person","@id":"https:\/\/jornalfatosenoticias.com.br\/#\/schema\/person\/d63837fa13ac8666eb9e74e0985d6f81","name":"Luzimara Fernandes","image":{"@type":"ImageObject","inLanguage":"pt-BR","@id":"https:\/\/jornalfatosenoticias.com.br\/#\/schema\/person\/image\/","url":"https:\/\/jornalfatosenoticias.com.br\/wp-content\/uploads\/2025\/05\/EU_portal.jpg","contentUrl":"https:\/\/jornalfatosenoticias.com.br\/wp-content\/uploads\/2025\/05\/EU_portal.jpg","caption":"Luzimara Fernandes"},"description":"Jornalista MTB 2358-ES","sameAs":["https:\/\/jornalfatosenoticias.com.br"],"url":"https:\/\/jornalfatosenoticias.com.br\/index.php\/author\/luzimara\/"}]}},"cc_featured_image_caption":{"caption_text":"(Foto: Tessa Rampersad\/Unsplash)\r\n","source_text":"","source_url":""},"jetpack_featured_media_url":"https:\/\/jornalfatosenoticias.com.br\/wp-content\/uploads\/2022\/12\/decoracao-natal-tessa-rampersad-unsplash-1024x684-1.jpg","_links":{"self":[{"href":"https:\/\/jornalfatosenoticias.com.br\/index.php\/wp-json\/wp\/v2\/posts\/37027","targetHints":{"allow":["GET"]}}],"collection":[{"href":"https:\/\/jornalfatosenoticias.com.br\/index.php\/wp-json\/wp\/v2\/posts"}],"about":[{"href":"https:\/\/jornalfatosenoticias.com.br\/index.php\/wp-json\/wp\/v2\/types\/post"}],"author":[{"embeddable":true,"href":"https:\/\/jornalfatosenoticias.com.br\/index.php\/wp-json\/wp\/v2\/users\/2"}],"replies":[{"embeddable":true,"href":"https:\/\/jornalfatosenoticias.com.br\/index.php\/wp-json\/wp\/v2\/comments?post=37027"}],"version-history":[{"count":0,"href":"https:\/\/jornalfatosenoticias.com.br\/index.php\/wp-json\/wp\/v2\/posts\/37027\/revisions"}],"wp:featuredmedia":[{"embeddable":true,"href":"https:\/\/jornalfatosenoticias.com.br\/index.php\/wp-json\/wp\/v2\/media\/37029"}],"wp:attachment":[{"href":"https:\/\/jornalfatosenoticias.com.br\/index.php\/wp-json\/wp\/v2\/media?parent=37027"}],"wp:term":[{"taxonomy":"category","embeddable":true,"href":"https:\/\/jornalfatosenoticias.com.br\/index.php\/wp-json\/wp\/v2\/categories?post=37027"},{"taxonomy":"post_tag","embeddable":true,"href":"https:\/\/jornalfatosenoticias.com.br\/index.php\/wp-json\/wp\/v2\/tags?post=37027"}],"curies":[{"name":"wp","href":"https:\/\/api.w.org\/{rel}","templated":true}]}}