{"id":37031,"date":"2022-12-16T14:35:48","date_gmt":"2022-12-16T17:35:48","guid":{"rendered":"https:\/\/jornalfatosenoticias.com.br\/?p=37031"},"modified":"2022-12-16T14:35:49","modified_gmt":"2022-12-16T17:35:49","slug":"cientistas-criam-janela-que-gera-energia-solar-em-casa-mais-barata-e-eficiente","status":"publish","type":"post","link":"https:\/\/jornalfatosenoticias.com.br\/index.php\/2022\/12\/16\/cientistas-criam-janela-que-gera-energia-solar-em-casa-mais-barata-e-eficiente\/","title":{"rendered":"Cientistas criam janela que gera energia solar em casa; mais barata e eficiente"},"content":{"rendered":"\n<p><span class=\"has-inline-color has-black-color\"><em>Cientistas na Su\u00ed\u00e7a alcan\u00e7aram um novo recorde de efici\u00eancia para c\u00e9lulas solares sensibilizadas com corante, abrindo caminho para janelas geradoras de eletricidade que podem ajudar a abastecer nossas casas<\/em><\/span><\/p>\n\n\n\n<div class=\"wp-block-image\"><figure class=\"aligncenter size-large\"><img loading=\"lazy\" decoding=\"async\" width=\"560\" height=\"60\" src=\"https:\/\/jornalfatosenoticias.com.br\/wp-content\/uploads\/2022\/10\/Propaganda-RC-Radiadores-Jornal_page-0001.jpg\" alt=\"\" class=\"wp-image-35270\" srcset=\"https:\/\/jornalfatosenoticias.com.br\/wp-content\/uploads\/2022\/10\/Propaganda-RC-Radiadores-Jornal_page-0001.jpg 560w, https:\/\/jornalfatosenoticias.com.br\/wp-content\/uploads\/2022\/10\/Propaganda-RC-Radiadores-Jornal_page-0001-300x32.jpg 300w\" sizes=\"auto, (max-width: 560px) 100vw, 560px\" \/><\/figure><\/div>\n\n\n\n<p>Cientistas su\u00ed\u00e7os criaram janelas que funcionam como pain\u00e9is fotovoltaicos e geram energia solar em casa. Outra not\u00edcia boa: as janelas s\u00e3o revestidas por corante (DSC), tamb\u00e9m conhecido como c\u00e9lula de Gr\u00e4tzel, o que reduz bastante o custo. A equipe conseguiu aumentar a efici\u00eancia de convers\u00e3o de energia dos DSCs para 15% sob luz solar direta e 30% em condi\u00e7\u00f5es de luz ambiente.<\/p>\n\n\n\n<div class=\"wp-block-image\"><figure class=\"aligncenter size-large is-resized\"><img loading=\"lazy\" decoding=\"async\" src=\"https:\/\/jornalfatosenoticias.com.br\/wp-content\/uploads\/2020\/02\/casa-do-torresmo_portal.jpg\" alt=\"\" class=\"wp-image-34472\" width=\"258\" height=\"258\" srcset=\"https:\/\/jornalfatosenoticias.com.br\/wp-content\/uploads\/2020\/02\/casa-do-torresmo_portal.jpg 300w, https:\/\/jornalfatosenoticias.com.br\/wp-content\/uploads\/2020\/02\/casa-do-torresmo_portal-150x150.jpg 150w\" sizes=\"auto, (max-width: 258px) 100vw, 258px\" \/><\/figure><\/div>\n\n\n\n<figure class=\"wp-block-pullquote\"><blockquote><p><span class=\"has-inline-color has-luminous-vivid-orange-color\">Nossas descobertas abrem caminho para o acesso f\u00e1cil a DSCs de alto desempenho e oferecem perspectivas promissoras para aplica\u00e7\u00f5es como fonte de alimenta\u00e7\u00e3o e substitui\u00e7\u00e3o de bateria para dispositivos eletr\u00f4nicos de baixa pot\u00eancia que usam a luz ambiente como fonte de energia\u201d, escreveram os autores do estudo, publicado na revista cient\u00edfica Nature.<\/span><\/p><\/blockquote><\/figure>\n\n\n\n<div class=\"wp-block-image\"><figure class=\"aligncenter size-large\"><img decoding=\"async\" src=\"https:\/\/jornalfatosenoticias.com.br\/wp-content\/uploads\/2020\/02\/logo-embacia-1-1024x110.jpg\" alt=\"\" class=\"wp-image-33954\"\/><\/figure><\/div>\n\n\n\n<p>Os DSCs s\u00e3o transparentes, podem ser fabricados em v\u00e1rias cores com baixo custo e j\u00e1 est\u00e3o sendo utilizados em claraboias, estufas e fachadas de vidro. Al\u00e9m disso, vers\u00f5es leves e flex\u00edveis de DSCs agora s\u00e3o vendidas comercialmente em larga escala para alimenta\u00e7\u00e3o el\u00e9trica de dispositivos eletr\u00f4nicos port\u00e1teis.<\/p>\n\n\n\n<div class=\"wp-block-image\"><figure class=\"aligncenter size-large is-resized\"><img loading=\"lazy\" decoding=\"async\" src=\"https:\/\/jornalfatosenoticias.com.br\/wp-content\/uploads\/2020\/02\/logo-Panper_portal.jpg\" alt=\"\" class=\"wp-image-34474\" width=\"261\" height=\"181\" srcset=\"https:\/\/jornalfatosenoticias.com.br\/wp-content\/uploads\/2020\/02\/logo-Panper_portal.jpg 400w, https:\/\/jornalfatosenoticias.com.br\/wp-content\/uploads\/2020\/02\/logo-Panper_portal-300x208.jpg 300w\" sizes=\"auto, (max-width: 261px) 100vw, 261px\" \/><\/figure><\/div>\n\n\n\n<div class=\"wp-block-image\"><figure class=\"aligncenter size-large\"><img loading=\"lazy\" decoding=\"async\" width=\"1000\" height=\"562\" src=\"https:\/\/jornalfatosenoticias.com.br\/wp-content\/uploads\/2022\/12\/janela-solar1.jpg\" alt=\"\" class=\"wp-image-37032\" srcset=\"https:\/\/jornalfatosenoticias.com.br\/wp-content\/uploads\/2022\/12\/janela-solar1.jpg 1000w, https:\/\/jornalfatosenoticias.com.br\/wp-content\/uploads\/2022\/12\/janela-solar1-300x169.jpg 300w, https:\/\/jornalfatosenoticias.com.br\/wp-content\/uploads\/2022\/12\/janela-solar1-768x432.jpg 768w\" sizes=\"auto, (max-width: 1000px) 100vw, 1000px\" \/><figcaption><em><span class=\"has-inline-color has-black-color\">Os pain\u00e9is s\u00e3o adapt\u00e1veis a centros comerciais e resid\u00eancias (Foto: Alain Herzog)<\/span><\/em><\/figcaption><\/figure><\/div>\n\n\n\n<div class=\"wp-block-image\"><figure class=\"aligncenter size-large\"><img loading=\"lazy\" decoding=\"async\" width=\"1024\" height=\"100\" src=\"https:\/\/jornalfatosenoticias.com.br\/wp-content\/uploads\/2020\/02\/banner_ferramentas-1024x100.jpg\" alt=\"\" class=\"wp-image-1258\" srcset=\"https:\/\/jornalfatosenoticias.com.br\/wp-content\/uploads\/2020\/02\/banner_ferramentas-1024x100.jpg 1024w, https:\/\/jornalfatosenoticias.com.br\/wp-content\/uploads\/2020\/02\/banner_ferramentas-300x29.jpg 300w, https:\/\/jornalfatosenoticias.com.br\/wp-content\/uploads\/2020\/02\/banner_ferramentas-768x75.jpg 768w, https:\/\/jornalfatosenoticias.com.br\/wp-content\/uploads\/2020\/02\/banner_ferramentas.jpg 1227w\" sizes=\"auto, (max-width: 1024px) 100vw, 1024px\" \/><\/figure><\/div>\n\n\n\n<p><strong><span class=\"has-inline-color has-vivid-green-cyan-color\">Energia sustent\u00e1vel e barata<br><\/span><\/strong>O custo baixo para fabricar e instalar as janelas, permite que mais pessoas tenham acesso \u00e0 energia solar. Al\u00e9m disso, d\u00e1 para personalizar as janelas para que elas se adaptem perfeitamente aos diferentes tipos de ambientes.<\/p>\n\n\n\n<div class=\"wp-block-image\"><figure class=\"aligncenter size-large\"><img decoding=\"async\" src=\"https:\/\/jornalfatosenoticias.com.br\/wp-content\/uploads\/2020\/02\/logo_esteio.jpg\" alt=\"\" class=\"wp-image-1214\"\/><\/figure><\/div>\n\n\n\n<p><strong><span class=\"has-inline-color has-vivid-green-cyan-color\">Tecnologia ser\u00e1 melhorada<br><\/span><\/strong>Agora, cientistas do Instituto Federal Su\u00ed\u00e7o de Tecnologia de Lausanne (EPFL) desenvolveram uma maneira de melhorar os pain\u00e9is para que o desempenho deles seja ainda melhor. O projeto pretende gerar energia el\u00e9trica movendo el\u00e9trons do fotossensibilizador para uma sa\u00edda el\u00e9trica como um dispositivo ou uma unidade de armazenamento.<\/p>\n\n\n\n<div class=\"wp-block-image\"><figure class=\"aligncenter size-large\"><img loading=\"lazy\" decoding=\"async\" width=\"1000\" height=\"709\" src=\"https:\/\/jornalfatosenoticias.com.br\/wp-content\/uploads\/2022\/12\/CARTAO-NATALINO_2022.jpg\" alt=\"\" class=\"wp-image-36945\" srcset=\"https:\/\/jornalfatosenoticias.com.br\/wp-content\/uploads\/2022\/12\/CARTAO-NATALINO_2022.jpg 1000w, https:\/\/jornalfatosenoticias.com.br\/wp-content\/uploads\/2022\/12\/CARTAO-NATALINO_2022-300x213.jpg 300w, https:\/\/jornalfatosenoticias.com.br\/wp-content\/uploads\/2022\/12\/CARTAO-NATALINO_2022-768x545.jpg 768w\" sizes=\"auto, (max-width: 1000px) 100vw, 1000px\" \/><\/figure><\/div>\n\n\n\n<p><strong><em>Fonte: <a href=\"https:\/\/territoriosecreto.com.br\/cientistas-criam-janela-que-gera-energia-solar-em-casa-mais-barata-e-eficiente\/\">Territ\u00f3rio Secreto<\/a><\/em><\/strong><\/p>\n","protected":false},"excerpt":{"rendered":"<p>Cientistas na Su\u00ed\u00e7a alcan\u00e7aram um novo recorde de efici\u00eancia para c\u00e9lulas solares sensibilizadas com corante, abrindo caminho para janelas geradoras de eletricidade que podem ajudar a abastecer nossas casas Cientistas su\u00ed\u00e7os criaram janelas que funcionam como pain\u00e9is fotovoltaicos e geram energia solar em casa. Outra not\u00edcia boa: as janelas s\u00e3o revestidas por corante (DSC), tamb\u00e9m [&hellip;]<\/p>\n","protected":false},"author":2,"featured_media":37033,"comment_status":"open","ping_status":"open","sticky":false,"template":"","format":"standard","meta":{"footnotes":""},"categories":[744,3],"tags":[17260,17398,17396,17395,17399,17397,17394],"class_list":["post-37031","post","type-post","status-publish","format-standard","has-post-thumbnail","hentry","category-arq-urbanismo","category-tecnologia","tag-celulas-solares","tag-cientistas-na-suicos","tag-energia-barata","tag-energia-eficiente","tag-geradoras-de-eletricidade","tag-janela","tag-janela-que-gera-energia-solar"],"yoast_head":"<!-- This site is optimized with the Yoast SEO plugin v26.5 - https:\/\/yoast.com\/wordpress\/plugins\/seo\/ -->\n<title>Cientistas criam janela que gera energia solar em casa; mais barata e eficiente - Jornal Fatos e Not\u00edcias<\/title>\n<meta name=\"robots\" content=\"index, follow, max-snippet:-1, max-image-preview:large, max-video-preview:-1\" \/>\n<link rel=\"canonical\" href=\"https:\/\/jornalfatosenoticias.com.br\/index.php\/2022\/12\/16\/cientistas-criam-janela-que-gera-energia-solar-em-casa-mais-barata-e-eficiente\/\" \/>\n<meta property=\"og:locale\" content=\"pt_BR\" \/>\n<meta property=\"og:type\" content=\"article\" \/>\n<meta property=\"og:title\" content=\"Cientistas criam janela que gera energia solar em casa; mais barata e eficiente - Jornal Fatos e Not\u00edcias\" \/>\n<meta property=\"og:description\" content=\"Cientistas na Su\u00ed\u00e7a alcan\u00e7aram um novo recorde de efici\u00eancia para c\u00e9lulas solares sensibilizadas com corante, abrindo caminho para janelas geradoras de eletricidade que podem ajudar a abastecer nossas casas Cientistas su\u00ed\u00e7os criaram janelas que funcionam como pain\u00e9is fotovoltaicos e geram energia solar em casa. Outra not\u00edcia boa: as janelas s\u00e3o revestidas por corante (DSC), tamb\u00e9m [&hellip;]\" \/>\n<meta property=\"og:url\" content=\"https:\/\/jornalfatosenoticias.com.br\/index.php\/2022\/12\/16\/cientistas-criam-janela-que-gera-energia-solar-em-casa-mais-barata-e-eficiente\/\" \/>\n<meta property=\"og:site_name\" content=\"Jornal Fatos e Not\u00edcias\" \/>\n<meta property=\"article:published_time\" content=\"2022-12-16T17:35:48+00:00\" \/>\n<meta property=\"article:modified_time\" content=\"2022-12-16T17:35:49+00:00\" \/>\n<meta property=\"og:image\" content=\"https:\/\/jornalfatosenoticias.com.br\/wp-content\/uploads\/2022\/12\/janela-solar2.jpg\" \/>\n\t<meta property=\"og:image:width\" content=\"1000\" \/>\n\t<meta property=\"og:image:height\" content=\"562\" \/>\n\t<meta property=\"og:image:type\" content=\"image\/jpeg\" \/>\n<meta name=\"author\" content=\"Luzimara Fernandes\" \/>\n<meta name=\"twitter:card\" content=\"summary_large_image\" \/>\n<meta name=\"twitter:label1\" content=\"Escrito por\" \/>\n\t<meta name=\"twitter:data1\" content=\"Luzimara Fernandes\" \/>\n\t<meta name=\"twitter:label2\" content=\"Est. tempo de leitura\" \/>\n\t<meta name=\"twitter:data2\" content=\"2 minutos\" \/>\n<script type=\"application\/ld+json\" class=\"yoast-schema-graph\">{\"@context\":\"https:\/\/schema.org\",\"@graph\":[{\"@type\":\"Article\",\"@id\":\"https:\/\/jornalfatosenoticias.com.br\/index.php\/2022\/12\/16\/cientistas-criam-janela-que-gera-energia-solar-em-casa-mais-barata-e-eficiente\/#article\",\"isPartOf\":{\"@id\":\"https:\/\/jornalfatosenoticias.com.br\/index.php\/2022\/12\/16\/cientistas-criam-janela-que-gera-energia-solar-em-casa-mais-barata-e-eficiente\/\"},\"author\":{\"name\":\"Luzimara Fernandes\",\"@id\":\"https:\/\/jornalfatosenoticias.com.br\/#\/schema\/person\/d63837fa13ac8666eb9e74e0985d6f81\"},\"headline\":\"Cientistas criam janela que gera energia solar em casa; mais barata e eficiente\",\"datePublished\":\"2022-12-16T17:35:48+00:00\",\"dateModified\":\"2022-12-16T17:35:49+00:00\",\"mainEntityOfPage\":{\"@id\":\"https:\/\/jornalfatosenoticias.com.br\/index.php\/2022\/12\/16\/cientistas-criam-janela-que-gera-energia-solar-em-casa-mais-barata-e-eficiente\/\"},\"wordCount\":351,\"commentCount\":0,\"publisher\":{\"@id\":\"https:\/\/jornalfatosenoticias.com.br\/#organization\"},\"image\":{\"@id\":\"https:\/\/jornalfatosenoticias.com.br\/index.php\/2022\/12\/16\/cientistas-criam-janela-que-gera-energia-solar-em-casa-mais-barata-e-eficiente\/#primaryimage\"},\"thumbnailUrl\":\"https:\/\/jornalfatosenoticias.com.br\/wp-content\/uploads\/2022\/12\/janela-solar2.jpg\",\"keywords\":[\"c\u00e9lulas solares\",\"cientistas na su\u00ed\u00e7os\",\"energia barata\",\"energia eficiente\",\"geradoras de eletricidade\",\"janela\",\"janela que gera energia solar\"],\"articleSection\":[\"Arq &amp; Urb\",\"Tecnologia &amp; Inova\u00e7\u00e3o\"],\"inLanguage\":\"pt-BR\",\"potentialAction\":[{\"@type\":\"CommentAction\",\"name\":\"Comment\",\"target\":[\"https:\/\/jornalfatosenoticias.com.br\/index.php\/2022\/12\/16\/cientistas-criam-janela-que-gera-energia-solar-em-casa-mais-barata-e-eficiente\/#respond\"]}]},{\"@type\":\"WebPage\",\"@id\":\"https:\/\/jornalfatosenoticias.com.br\/index.php\/2022\/12\/16\/cientistas-criam-janela-que-gera-energia-solar-em-casa-mais-barata-e-eficiente\/\",\"url\":\"https:\/\/jornalfatosenoticias.com.br\/index.php\/2022\/12\/16\/cientistas-criam-janela-que-gera-energia-solar-em-casa-mais-barata-e-eficiente\/\",\"name\":\"Cientistas criam janela que gera energia solar em casa; mais barata e eficiente - Jornal Fatos e Not\u00edcias\",\"isPartOf\":{\"@id\":\"https:\/\/jornalfatosenoticias.com.br\/#website\"},\"primaryImageOfPage\":{\"@id\":\"https:\/\/jornalfatosenoticias.com.br\/index.php\/2022\/12\/16\/cientistas-criam-janela-que-gera-energia-solar-em-casa-mais-barata-e-eficiente\/#primaryimage\"},\"image\":{\"@id\":\"https:\/\/jornalfatosenoticias.com.br\/index.php\/2022\/12\/16\/cientistas-criam-janela-que-gera-energia-solar-em-casa-mais-barata-e-eficiente\/#primaryimage\"},\"thumbnailUrl\":\"https:\/\/jornalfatosenoticias.com.br\/wp-content\/uploads\/2022\/12\/janela-solar2.jpg\",\"datePublished\":\"2022-12-16T17:35:48+00:00\",\"dateModified\":\"2022-12-16T17:35:49+00:00\",\"breadcrumb\":{\"@id\":\"https:\/\/jornalfatosenoticias.com.br\/index.php\/2022\/12\/16\/cientistas-criam-janela-que-gera-energia-solar-em-casa-mais-barata-e-eficiente\/#breadcrumb\"},\"inLanguage\":\"pt-BR\",\"potentialAction\":[{\"@type\":\"ReadAction\",\"target\":[\"https:\/\/jornalfatosenoticias.com.br\/index.php\/2022\/12\/16\/cientistas-criam-janela-que-gera-energia-solar-em-casa-mais-barata-e-eficiente\/\"]}]},{\"@type\":\"ImageObject\",\"inLanguage\":\"pt-BR\",\"@id\":\"https:\/\/jornalfatosenoticias.com.br\/index.php\/2022\/12\/16\/cientistas-criam-janela-que-gera-energia-solar-em-casa-mais-barata-e-eficiente\/#primaryimage\",\"url\":\"https:\/\/jornalfatosenoticias.com.br\/wp-content\/uploads\/2022\/12\/janela-solar2.jpg\",\"contentUrl\":\"https:\/\/jornalfatosenoticias.com.br\/wp-content\/uploads\/2022\/12\/janela-solar2.jpg\",\"width\":1000,\"height\":562},{\"@type\":\"BreadcrumbList\",\"@id\":\"https:\/\/jornalfatosenoticias.com.br\/index.php\/2022\/12\/16\/cientistas-criam-janela-que-gera-energia-solar-em-casa-mais-barata-e-eficiente\/#breadcrumb\",\"itemListElement\":[{\"@type\":\"ListItem\",\"position\":1,\"name\":\"In\u00edcio\",\"item\":\"https:\/\/jornalfatosenoticias.com.br\/\"},{\"@type\":\"ListItem\",\"position\":2,\"name\":\"Cientistas criam janela que gera energia solar em casa; mais barata e eficiente\"}]},{\"@type\":\"WebSite\",\"@id\":\"https:\/\/jornalfatosenoticias.com.br\/#website\",\"url\":\"https:\/\/jornalfatosenoticias.com.br\/\",\"name\":\"Jornal Fatos e Not\u00edcias\",\"description\":\"Not\u00edcias em geral\",\"publisher\":{\"@id\":\"https:\/\/jornalfatosenoticias.com.br\/#organization\"},\"potentialAction\":[{\"@type\":\"SearchAction\",\"target\":{\"@type\":\"EntryPoint\",\"urlTemplate\":\"https:\/\/jornalfatosenoticias.com.br\/?s={search_term_string}\"},\"query-input\":{\"@type\":\"PropertyValueSpecification\",\"valueRequired\":true,\"valueName\":\"search_term_string\"}}],\"inLanguage\":\"pt-BR\"},{\"@type\":\"Organization\",\"@id\":\"https:\/\/jornalfatosenoticias.com.br\/#organization\",\"name\":\"Jornal Fatos e Not\u00edcias\",\"url\":\"https:\/\/jornalfatosenoticias.com.br\/\",\"logo\":{\"@type\":\"ImageObject\",\"inLanguage\":\"pt-BR\",\"@id\":\"https:\/\/jornalfatosenoticias.com.br\/#\/schema\/logo\/image\/\",\"url\":\"https:\/\/jornalfatosenoticias.com.br\/wp-content\/uploads\/2020\/02\/logo120.png\",\"contentUrl\":\"https:\/\/jornalfatosenoticias.com.br\/wp-content\/uploads\/2020\/02\/logo120.png\",\"width\":1227,\"height\":120,\"caption\":\"Jornal Fatos e Not\u00edcias\"},\"image\":{\"@id\":\"https:\/\/jornalfatosenoticias.com.br\/#\/schema\/logo\/image\/\"}},{\"@type\":\"Person\",\"@id\":\"https:\/\/jornalfatosenoticias.com.br\/#\/schema\/person\/d63837fa13ac8666eb9e74e0985d6f81\",\"name\":\"Luzimara Fernandes\",\"image\":{\"@type\":\"ImageObject\",\"inLanguage\":\"pt-BR\",\"@id\":\"https:\/\/jornalfatosenoticias.com.br\/#\/schema\/person\/image\/\",\"url\":\"https:\/\/jornalfatosenoticias.com.br\/wp-content\/uploads\/2025\/05\/EU_portal.jpg\",\"contentUrl\":\"https:\/\/jornalfatosenoticias.com.br\/wp-content\/uploads\/2025\/05\/EU_portal.jpg\",\"caption\":\"Luzimara Fernandes\"},\"description\":\"Jornalista MTB 2358-ES\",\"sameAs\":[\"https:\/\/jornalfatosenoticias.com.br\"],\"url\":\"https:\/\/jornalfatosenoticias.com.br\/index.php\/author\/luzimara\/\"}]}<\/script>\n<!-- \/ Yoast SEO plugin. -->","yoast_head_json":{"title":"Cientistas criam janela que gera energia solar em casa; mais barata e eficiente - Jornal Fatos e Not\u00edcias","robots":{"index":"index","follow":"follow","max-snippet":"max-snippet:-1","max-image-preview":"max-image-preview:large","max-video-preview":"max-video-preview:-1"},"canonical":"https:\/\/jornalfatosenoticias.com.br\/index.php\/2022\/12\/16\/cientistas-criam-janela-que-gera-energia-solar-em-casa-mais-barata-e-eficiente\/","og_locale":"pt_BR","og_type":"article","og_title":"Cientistas criam janela que gera energia solar em casa; mais barata e eficiente - Jornal Fatos e Not\u00edcias","og_description":"Cientistas na Su\u00ed\u00e7a alcan\u00e7aram um novo recorde de efici\u00eancia para c\u00e9lulas solares sensibilizadas com corante, abrindo caminho para janelas geradoras de eletricidade que podem ajudar a abastecer nossas casas Cientistas su\u00ed\u00e7os criaram janelas que funcionam como pain\u00e9is fotovoltaicos e geram energia solar em casa. Outra not\u00edcia boa: as janelas s\u00e3o revestidas por corante (DSC), tamb\u00e9m [&hellip;]","og_url":"https:\/\/jornalfatosenoticias.com.br\/index.php\/2022\/12\/16\/cientistas-criam-janela-que-gera-energia-solar-em-casa-mais-barata-e-eficiente\/","og_site_name":"Jornal Fatos e Not\u00edcias","article_published_time":"2022-12-16T17:35:48+00:00","article_modified_time":"2022-12-16T17:35:49+00:00","og_image":[{"width":1000,"height":562,"url":"https:\/\/jornalfatosenoticias.com.br\/wp-content\/uploads\/2022\/12\/janela-solar2.jpg","type":"image\/jpeg"}],"author":"Luzimara Fernandes","twitter_card":"summary_large_image","twitter_misc":{"Escrito por":"Luzimara Fernandes","Est. tempo de leitura":"2 minutos"},"schema":{"@context":"https:\/\/schema.org","@graph":[{"@type":"Article","@id":"https:\/\/jornalfatosenoticias.com.br\/index.php\/2022\/12\/16\/cientistas-criam-janela-que-gera-energia-solar-em-casa-mais-barata-e-eficiente\/#article","isPartOf":{"@id":"https:\/\/jornalfatosenoticias.com.br\/index.php\/2022\/12\/16\/cientistas-criam-janela-que-gera-energia-solar-em-casa-mais-barata-e-eficiente\/"},"author":{"name":"Luzimara Fernandes","@id":"https:\/\/jornalfatosenoticias.com.br\/#\/schema\/person\/d63837fa13ac8666eb9e74e0985d6f81"},"headline":"Cientistas criam janela que gera energia solar em casa; mais barata e eficiente","datePublished":"2022-12-16T17:35:48+00:00","dateModified":"2022-12-16T17:35:49+00:00","mainEntityOfPage":{"@id":"https:\/\/jornalfatosenoticias.com.br\/index.php\/2022\/12\/16\/cientistas-criam-janela-que-gera-energia-solar-em-casa-mais-barata-e-eficiente\/"},"wordCount":351,"commentCount":0,"publisher":{"@id":"https:\/\/jornalfatosenoticias.com.br\/#organization"},"image":{"@id":"https:\/\/jornalfatosenoticias.com.br\/index.php\/2022\/12\/16\/cientistas-criam-janela-que-gera-energia-solar-em-casa-mais-barata-e-eficiente\/#primaryimage"},"thumbnailUrl":"https:\/\/jornalfatosenoticias.com.br\/wp-content\/uploads\/2022\/12\/janela-solar2.jpg","keywords":["c\u00e9lulas solares","cientistas na su\u00ed\u00e7os","energia barata","energia eficiente","geradoras de eletricidade","janela","janela que gera energia solar"],"articleSection":["Arq &amp; Urb","Tecnologia &amp; Inova\u00e7\u00e3o"],"inLanguage":"pt-BR","potentialAction":[{"@type":"CommentAction","name":"Comment","target":["https:\/\/jornalfatosenoticias.com.br\/index.php\/2022\/12\/16\/cientistas-criam-janela-que-gera-energia-solar-em-casa-mais-barata-e-eficiente\/#respond"]}]},{"@type":"WebPage","@id":"https:\/\/jornalfatosenoticias.com.br\/index.php\/2022\/12\/16\/cientistas-criam-janela-que-gera-energia-solar-em-casa-mais-barata-e-eficiente\/","url":"https:\/\/jornalfatosenoticias.com.br\/index.php\/2022\/12\/16\/cientistas-criam-janela-que-gera-energia-solar-em-casa-mais-barata-e-eficiente\/","name":"Cientistas criam janela que gera energia solar em casa; mais barata e eficiente - Jornal Fatos e Not\u00edcias","isPartOf":{"@id":"https:\/\/jornalfatosenoticias.com.br\/#website"},"primaryImageOfPage":{"@id":"https:\/\/jornalfatosenoticias.com.br\/index.php\/2022\/12\/16\/cientistas-criam-janela-que-gera-energia-solar-em-casa-mais-barata-e-eficiente\/#primaryimage"},"image":{"@id":"https:\/\/jornalfatosenoticias.com.br\/index.php\/2022\/12\/16\/cientistas-criam-janela-que-gera-energia-solar-em-casa-mais-barata-e-eficiente\/#primaryimage"},"thumbnailUrl":"https:\/\/jornalfatosenoticias.com.br\/wp-content\/uploads\/2022\/12\/janela-solar2.jpg","datePublished":"2022-12-16T17:35:48+00:00","dateModified":"2022-12-16T17:35:49+00:00","breadcrumb":{"@id":"https:\/\/jornalfatosenoticias.com.br\/index.php\/2022\/12\/16\/cientistas-criam-janela-que-gera-energia-solar-em-casa-mais-barata-e-eficiente\/#breadcrumb"},"inLanguage":"pt-BR","potentialAction":[{"@type":"ReadAction","target":["https:\/\/jornalfatosenoticias.com.br\/index.php\/2022\/12\/16\/cientistas-criam-janela-que-gera-energia-solar-em-casa-mais-barata-e-eficiente\/"]}]},{"@type":"ImageObject","inLanguage":"pt-BR","@id":"https:\/\/jornalfatosenoticias.com.br\/index.php\/2022\/12\/16\/cientistas-criam-janela-que-gera-energia-solar-em-casa-mais-barata-e-eficiente\/#primaryimage","url":"https:\/\/jornalfatosenoticias.com.br\/wp-content\/uploads\/2022\/12\/janela-solar2.jpg","contentUrl":"https:\/\/jornalfatosenoticias.com.br\/wp-content\/uploads\/2022\/12\/janela-solar2.jpg","width":1000,"height":562},{"@type":"BreadcrumbList","@id":"https:\/\/jornalfatosenoticias.com.br\/index.php\/2022\/12\/16\/cientistas-criam-janela-que-gera-energia-solar-em-casa-mais-barata-e-eficiente\/#breadcrumb","itemListElement":[{"@type":"ListItem","position":1,"name":"In\u00edcio","item":"https:\/\/jornalfatosenoticias.com.br\/"},{"@type":"ListItem","position":2,"name":"Cientistas criam janela que gera energia solar em casa; mais barata e eficiente"}]},{"@type":"WebSite","@id":"https:\/\/jornalfatosenoticias.com.br\/#website","url":"https:\/\/jornalfatosenoticias.com.br\/","name":"Jornal Fatos e Not\u00edcias","description":"Not\u00edcias em geral","publisher":{"@id":"https:\/\/jornalfatosenoticias.com.br\/#organization"},"potentialAction":[{"@type":"SearchAction","target":{"@type":"EntryPoint","urlTemplate":"https:\/\/jornalfatosenoticias.com.br\/?s={search_term_string}"},"query-input":{"@type":"PropertyValueSpecification","valueRequired":true,"valueName":"search_term_string"}}],"inLanguage":"pt-BR"},{"@type":"Organization","@id":"https:\/\/jornalfatosenoticias.com.br\/#organization","name":"Jornal Fatos e Not\u00edcias","url":"https:\/\/jornalfatosenoticias.com.br\/","logo":{"@type":"ImageObject","inLanguage":"pt-BR","@id":"https:\/\/jornalfatosenoticias.com.br\/#\/schema\/logo\/image\/","url":"https:\/\/jornalfatosenoticias.com.br\/wp-content\/uploads\/2020\/02\/logo120.png","contentUrl":"https:\/\/jornalfatosenoticias.com.br\/wp-content\/uploads\/2020\/02\/logo120.png","width":1227,"height":120,"caption":"Jornal Fatos e Not\u00edcias"},"image":{"@id":"https:\/\/jornalfatosenoticias.com.br\/#\/schema\/logo\/image\/"}},{"@type":"Person","@id":"https:\/\/jornalfatosenoticias.com.br\/#\/schema\/person\/d63837fa13ac8666eb9e74e0985d6f81","name":"Luzimara Fernandes","image":{"@type":"ImageObject","inLanguage":"pt-BR","@id":"https:\/\/jornalfatosenoticias.com.br\/#\/schema\/person\/image\/","url":"https:\/\/jornalfatosenoticias.com.br\/wp-content\/uploads\/2025\/05\/EU_portal.jpg","contentUrl":"https:\/\/jornalfatosenoticias.com.br\/wp-content\/uploads\/2025\/05\/EU_portal.jpg","caption":"Luzimara Fernandes"},"description":"Jornalista MTB 2358-ES","sameAs":["https:\/\/jornalfatosenoticias.com.br"],"url":"https:\/\/jornalfatosenoticias.com.br\/index.php\/author\/luzimara\/"}]}},"cc_featured_image_caption":{"caption_text":"(Foto: Reprodu\u00e7\u00e3o EPFL)","source_text":"","source_url":""},"jetpack_featured_media_url":"https:\/\/jornalfatosenoticias.com.br\/wp-content\/uploads\/2022\/12\/janela-solar2.jpg","_links":{"self":[{"href":"https:\/\/jornalfatosenoticias.com.br\/index.php\/wp-json\/wp\/v2\/posts\/37031","targetHints":{"allow":["GET"]}}],"collection":[{"href":"https:\/\/jornalfatosenoticias.com.br\/index.php\/wp-json\/wp\/v2\/posts"}],"about":[{"href":"https:\/\/jornalfatosenoticias.com.br\/index.php\/wp-json\/wp\/v2\/types\/post"}],"author":[{"embeddable":true,"href":"https:\/\/jornalfatosenoticias.com.br\/index.php\/wp-json\/wp\/v2\/users\/2"}],"replies":[{"embeddable":true,"href":"https:\/\/jornalfatosenoticias.com.br\/index.php\/wp-json\/wp\/v2\/comments?post=37031"}],"version-history":[{"count":0,"href":"https:\/\/jornalfatosenoticias.com.br\/index.php\/wp-json\/wp\/v2\/posts\/37031\/revisions"}],"wp:featuredmedia":[{"embeddable":true,"href":"https:\/\/jornalfatosenoticias.com.br\/index.php\/wp-json\/wp\/v2\/media\/37033"}],"wp:attachment":[{"href":"https:\/\/jornalfatosenoticias.com.br\/index.php\/wp-json\/wp\/v2\/media?parent=37031"}],"wp:term":[{"taxonomy":"category","embeddable":true,"href":"https:\/\/jornalfatosenoticias.com.br\/index.php\/wp-json\/wp\/v2\/categories?post=37031"},{"taxonomy":"post_tag","embeddable":true,"href":"https:\/\/jornalfatosenoticias.com.br\/index.php\/wp-json\/wp\/v2\/tags?post=37031"}],"curies":[{"name":"wp","href":"https:\/\/api.w.org\/{rel}","templated":true}]}}