{"id":37050,"date":"2022-12-19T14:33:22","date_gmt":"2022-12-19T17:33:22","guid":{"rendered":"https:\/\/jornalfatosenoticias.com.br\/?p=37050"},"modified":"2022-12-19T14:33:24","modified_gmt":"2022-12-19T17:33:24","slug":"sonda-da-nasa-revela-imagem-incrivel-do-objeto-mais-vulcanico-do-sistema-solar","status":"publish","type":"post","link":"https:\/\/jornalfatosenoticias.com.br\/index.php\/2022\/12\/19\/sonda-da-nasa-revela-imagem-incrivel-do-objeto-mais-vulcanico-do-sistema-solar\/","title":{"rendered":"Sonda da Nasa revela imagem incr\u00edvel do objeto mais vulc\u00e2nico do Sistema Solar"},"content":{"rendered":"\n<p><em><span class=\"has-inline-color has-black-color\">A sonda Juno fez um registro impressionante da superf\u00edcie ultravulc\u00e2nica de Io, a terceira maior lua de J\u00fapiter<\/span><\/em><\/p>\n\n\n\n<div class=\"wp-block-image\"><figure class=\"aligncenter size-large\"><img loading=\"lazy\" decoding=\"async\" width=\"1024\" height=\"100\" src=\"https:\/\/jornalfatosenoticias.com.br\/wp-content\/uploads\/2020\/02\/banner_ferramentas-1024x100.jpg\" alt=\"\" class=\"wp-image-1258\" srcset=\"https:\/\/jornalfatosenoticias.com.br\/wp-content\/uploads\/2020\/02\/banner_ferramentas-1024x100.jpg 1024w, https:\/\/jornalfatosenoticias.com.br\/wp-content\/uploads\/2020\/02\/banner_ferramentas-300x29.jpg 300w, https:\/\/jornalfatosenoticias.com.br\/wp-content\/uploads\/2020\/02\/banner_ferramentas-768x75.jpg 768w, https:\/\/jornalfatosenoticias.com.br\/wp-content\/uploads\/2020\/02\/banner_ferramentas.jpg 1227w\" sizes=\"auto, (max-width: 1024px) 100vw, 1024px\" \/><\/figure><\/div>\n\n\n\n<p>Lan\u00e7ada em agosto de 2011, a <a href=\"https:\/\/olhardigital.com.br\/2022\/07\/28\/ciencia-e-espaco\/sonda-juno-capta-imagens-impressionantes-de-tempestades-no-polo-norte-de-jupiter\/amp\/\" target=\"_blank\" rel=\"noreferrer noopener\">sonda Juno<\/a>, da Nasa, orbita e estuda o planeta <a href=\"https:\/\/olhardigital.com.br\/2022\/11\/22\/ciencia-e-espaco\/termina-o-movimento-retrogrado-de-jupiter-o-que-isso-significa\/amp\/\" target=\"_blank\" rel=\"noreferrer noopener\">J\u00fapiter<\/a> desde julho de 2016. No ano passado, quando a miss\u00e3o foi estendida, os cientistas tamb\u00e9m passaram a focar nas quatro principais luas do gigante gasoso.<\/p>\n\n\n\n<div class=\"wp-block-image\"><figure class=\"aligncenter size-large\"><img loading=\"lazy\" decoding=\"async\" width=\"300\" height=\"250\" src=\"https:\/\/jornalfatosenoticias.com.br\/wp-content\/uploads\/2022\/08\/arte-Casarao.jpg\" alt=\"\" class=\"wp-image-33178\"\/><\/figure><\/div>\n\n\n\n<p>Uma delas, Io, \u00e9 o objeto mais vulcanicamente ativo do nosso <a href=\"https:\/\/olhardigital.com.br\/2022\/10\/31\/ciencia-e-espaco\/nasa-investiga-origem-de-planeta-anao-localizado-na-borda-do-sistema-solar-externo\/amp\/\" target=\"_blank\" rel=\"noreferrer noopener\">Sistema Solar<\/a>. Esta semana, a ag\u00eancia espacial norte-americana divulgou uma imagem impressionante deste que \u00e9 o terceiro maior sat\u00e9lite de J\u00fapiter (depois de Ganimedes e Calisto, seguido da lua Europa).<\/p>\n\n\n\n<div class=\"wp-block-image\"><figure class=\"aligncenter size-large\"><img loading=\"lazy\" decoding=\"async\" width=\"729\" height=\"90\" src=\"https:\/\/jornalfatosenoticias.com.br\/wp-content\/uploads\/2020\/02\/Logo_Mizu.png\" alt=\"\" class=\"wp-image-1441\" srcset=\"https:\/\/jornalfatosenoticias.com.br\/wp-content\/uploads\/2020\/02\/Logo_Mizu.png 729w, https:\/\/jornalfatosenoticias.com.br\/wp-content\/uploads\/2020\/02\/Logo_Mizu-300x37.png 300w\" sizes=\"auto, (max-width: 729px) 100vw, 729px\" \/><\/figure><\/div>\n\n\n\n<p>Segundo a Nasa, a captura foi feita no dia 5 de julho de 2022, exatos seis anos depois que a espa\u00e7onave chegou \u00e0 \u00f3rbita do planeta. Na ocasi\u00e3o, Juno estava a apenas 80 mil km de dist\u00e2ncia do alvo (o que \u00e9 pouco, considerando as propor\u00e7\u00f5es astron\u00f4micas).<\/p>\n\n\n\n<div class=\"wp-block-image\"><figure class=\"alignleft size-large\"><img decoding=\"async\" src=\"https:\/\/jornalfatosenoticias.com.br\/wp-content\/uploads\/2020\/02\/barao-das-carnes-300x164-1.jpg\" alt=\"\" class=\"wp-image-34339\"\/><\/figure><\/div>\n\n\n\n<p>Na imagem, \u00e9 poss\u00edvel ver detalhes incr\u00edveis da superf\u00edcie de Io, que \u00e9 coberta por centenas de vulc\u00f5es, alguns dos quais esguicham lava a dezenas de quil\u00f4metros de altura. De acordo com os cientistas respons\u00e1veis pela sonda Juno, as observa\u00e7\u00f5es podem trazer novos <em>insights <\/em>fascinantes sobre o corpo celeste.<\/p>\n\n\n\n<div class=\"wp-block-image\"><figure class=\"aligncenter size-large is-resized\"><img loading=\"lazy\" decoding=\"async\" src=\"https:\/\/jornalfatosenoticias.com.br\/wp-content\/uploads\/2020\/02\/logo-embacia.jpg\" alt=\"\" class=\"wp-image-33905\" width=\"264\" height=\"264\"\/><\/figure><\/div>\n\n\n\n<figure class=\"wp-block-pullquote\"><blockquote><p><span class=\"has-inline-color has-luminous-vivid-orange-color\">Voc\u00ea pode ver os sistemas vulc\u00e2nicos\u201d, disse Scott Bolton, investigador principal da sonda da Nasa, em entrevista coletiva concedida na \u00faltima quarta-feira (14), durante a divulga\u00e7\u00e3o da imagem ao p\u00fablico. \u201cFomos capazes de monitorar ao longo da miss\u00e3o prim\u00e1ria \u2014 mais de 30 \u00f3rbitas \u2014 como isso muda e evolui\u201d.<\/span><\/p><\/blockquote><\/figure>\n\n\n\n<div class=\"wp-block-image\"><figure class=\"aligncenter size-large\"><img loading=\"lazy\" decoding=\"async\" width=\"1024\" height=\"103\" src=\"https:\/\/jornalfatosenoticias.com.br\/wp-content\/uploads\/2022\/02\/Arte-Autoescola-Galatas_endereco_portal-1024x103.png\" alt=\"\" class=\"wp-image-27869\" srcset=\"https:\/\/jornalfatosenoticias.com.br\/wp-content\/uploads\/2022\/02\/Arte-Autoescola-Galatas_endereco_portal-1024x103.png 1024w, https:\/\/jornalfatosenoticias.com.br\/wp-content\/uploads\/2022\/02\/Arte-Autoescola-Galatas_endereco_portal-300x30.png 300w, https:\/\/jornalfatosenoticias.com.br\/wp-content\/uploads\/2022\/02\/Arte-Autoescola-Galatas_endereco_portal-768x77.png 768w, https:\/\/jornalfatosenoticias.com.br\/wp-content\/uploads\/2022\/02\/Arte-Autoescola-Galatas_endereco_portal.png 1223w\" sizes=\"auto, (max-width: 1024px) 100vw, 1024px\" \/><\/figure><\/div>\n\n\n\n<p>Juno fez v\u00e1rios sobrevoos em outras luas de J\u00fapiter tamb\u00e9m. \u201cA cada sobrevoo pr\u00f3ximo, conseguimos obter uma riqueza de novas informa\u00e7\u00f5es\u201d, disse Bolton. <\/p>\n\n\n\n<figure class=\"wp-block-embed-youtube wp-block-embed is-type-video is-provider-youtube wp-embed-aspect-16-9 wp-has-aspect-ratio\"><div class=\"wp-block-embed__wrapper\">\n<iframe loading=\"lazy\" title=\"Sonda Juno capta imagens de uma das maiores luas de J\u00fapiter\" width=\"660\" height=\"371\" src=\"https:\/\/www.youtube.com\/embed\/H6QrUj7WlzI?feature=oembed\" frameborder=\"0\" allow=\"accelerometer; autoplay; clipboard-write; encrypted-media; gyroscope; picture-in-picture; web-share\" referrerpolicy=\"strict-origin-when-cross-origin\" allowfullscreen><\/iframe>\n<\/div><\/figure>\n\n\n\n<figure class=\"wp-block-pullquote\"><blockquote><p><span class=\"has-inline-color has-luminous-vivid-orange-color\">Os sensores Juno s\u00e3o projetados para estudar J\u00fapiter, mas ficamos entusiasmados com o qu\u00e3o bem eles podem realizar tarefas duplas observando as luas do planeta\u201d.<\/span><\/p><\/blockquote><\/figure>\n\n\n\n<div class=\"wp-block-image\"><figure class=\"aligncenter size-large is-resized\"><img loading=\"lazy\" decoding=\"async\" src=\"https:\/\/jornalfatosenoticias.com.br\/wp-content\/uploads\/2022\/07\/Logo-Grupo-SEI.jpg\" alt=\"\" class=\"wp-image-31973\" width=\"265\" height=\"139\" srcset=\"https:\/\/jornalfatosenoticias.com.br\/wp-content\/uploads\/2022\/07\/Logo-Grupo-SEI.jpg 713w, https:\/\/jornalfatosenoticias.com.br\/wp-content\/uploads\/2022\/07\/Logo-Grupo-SEI-300x158.jpg 300w\" sizes=\"auto, (max-width: 265px) 100vw, 265px\" \/><\/figure><\/div>\n\n\n\n<p>O equipamento j\u00e1 examinou as crostas de gelo incrivelmente espessas que cobrem as luas Ganimedes e Europa. Seus instrumentos foram capazes de aferir a temperatura e a pureza dessas conchas de gelo a uma profundidade de aproximadamente 25 km abaixo da superf\u00edcie.<\/p>\n\n\n\n<div class=\"wp-block-image\"><figure class=\"aligncenter size-large\"><img loading=\"lazy\" decoding=\"async\" width=\"1024\" height=\"110\" src=\"https:\/\/jornalfatosenoticias.com.br\/wp-content\/uploads\/2022\/10\/Arte-jornal-Zucchi-1120x120_Prancheta-1-1024x110.jpg\" alt=\"\" class=\"wp-image-34772\" srcset=\"https:\/\/jornalfatosenoticias.com.br\/wp-content\/uploads\/2022\/10\/Arte-jornal-Zucchi-1120x120_Prancheta-1-1024x110.jpg 1024w, https:\/\/jornalfatosenoticias.com.br\/wp-content\/uploads\/2022\/10\/Arte-jornal-Zucchi-1120x120_Prancheta-1-300x32.jpg 300w, https:\/\/jornalfatosenoticias.com.br\/wp-content\/uploads\/2022\/10\/Arte-jornal-Zucchi-1120x120_Prancheta-1-768x82.jpg 768w, https:\/\/jornalfatosenoticias.com.br\/wp-content\/uploads\/2022\/10\/Arte-jornal-Zucchi-1120x120_Prancheta-1-1536x165.jpg 1536w, https:\/\/jornalfatosenoticias.com.br\/wp-content\/uploads\/2022\/10\/Arte-jornal-Zucchi-1120x120_Prancheta-1-2048x219.jpg 2048w\" sizes=\"auto, (max-width: 1024px) 100vw, 1024px\" \/><\/figure><\/div>\n\n\n\n<p>Europa, por sinal, est\u00e1 prestes a receber uma espa\u00e7onave exclusivamente dedicada a ela. Programada para ser lan\u00e7ada em 2024, a miss\u00e3o <a href=\"https:\/\/olhardigital.com.br\/2022\/06\/29\/ciencia-e-espaco\/sonda-europa-clipper-vai-colidir-com-outra-lua-de-jupiter-ao-fim-da-missao\/amp\/\" target=\"_blank\" rel=\"noreferrer noopener\">Europa Clipper<\/a>, tamb\u00e9m da Nasa, pode ter chances de revelar se o astro abriga ou n\u00e3o vida extraterrestre.<\/p>\n\n\n\n<div class=\"wp-block-image\"><figure class=\"aligncenter size-large\"><img loading=\"lazy\" decoding=\"async\" width=\"1000\" height=\"709\" src=\"https:\/\/jornalfatosenoticias.com.br\/wp-content\/uploads\/2022\/12\/CARTAO-NATALINO_2022.jpg\" alt=\"\" class=\"wp-image-36945\" srcset=\"https:\/\/jornalfatosenoticias.com.br\/wp-content\/uploads\/2022\/12\/CARTAO-NATALINO_2022.jpg 1000w, https:\/\/jornalfatosenoticias.com.br\/wp-content\/uploads\/2022\/12\/CARTAO-NATALINO_2022-300x213.jpg 300w, https:\/\/jornalfatosenoticias.com.br\/wp-content\/uploads\/2022\/12\/CARTAO-NATALINO_2022-768x545.jpg 768w\" sizes=\"auto, (max-width: 1000px) 100vw, 1000px\" \/><\/figure><\/div>\n\n\n\n<p><strong><em>Fonte: <a href=\"https:\/\/olhardigital.com.br\/2022\/12\/16\/ciencia-e-espaco\/sonda-da-nasa-revela-imagem-incrivel-do-objeto-mais-vulcanico-do-sistema-solar\/amp\/\">Olhar Digital<\/a><\/em><\/strong><\/p>\n","protected":false},"excerpt":{"rendered":"<p>A sonda Juno fez um registro impressionante da superf\u00edcie ultravulc\u00e2nica de Io, a terceira maior lua de J\u00fapiter Lan\u00e7ada em agosto de 2011, a sonda Juno, da Nasa, orbita e estuda o planeta J\u00fapiter desde julho de 2016. No ano passado, quando a miss\u00e3o foi estendida, os cientistas tamb\u00e9m passaram a focar nas quatro principais [&hellip;]<\/p>\n","protected":false},"author":2,"featured_media":37051,"comment_status":"open","ping_status":"open","sticky":false,"template":"","format":"standard","meta":{"footnotes":""},"categories":[2],"tags":[17403,1745,17404,17405,17406,164,469,17407,16102],"class_list":["post-37050","post","type-post","status-publish","format-standard","has-post-thumbnail","hentry","category-ciencia","tag-juno","tag-jupiter","tag-lua-io","tag-luas-de-jupiter","tag-missao-juno","tag-nasa","tag-sistema-solar","tag-sonda-juno","tag-vulcoes"],"yoast_head":"<!-- This site is optimized with the Yoast SEO plugin v26.5 - https:\/\/yoast.com\/wordpress\/plugins\/seo\/ -->\n<title>Sonda da Nasa revela imagem incr\u00edvel do objeto mais vulc\u00e2nico do Sistema Solar - Jornal Fatos e Not\u00edcias<\/title>\n<meta name=\"robots\" content=\"index, follow, max-snippet:-1, max-image-preview:large, max-video-preview:-1\" \/>\n<link rel=\"canonical\" href=\"https:\/\/jornalfatosenoticias.com.br\/index.php\/2022\/12\/19\/sonda-da-nasa-revela-imagem-incrivel-do-objeto-mais-vulcanico-do-sistema-solar\/\" \/>\n<meta property=\"og:locale\" content=\"pt_BR\" \/>\n<meta property=\"og:type\" content=\"article\" \/>\n<meta property=\"og:title\" content=\"Sonda da Nasa revela imagem incr\u00edvel do objeto mais vulc\u00e2nico do Sistema Solar - Jornal Fatos e Not\u00edcias\" \/>\n<meta property=\"og:description\" content=\"A sonda Juno fez um registro impressionante da superf\u00edcie ultravulc\u00e2nica de Io, a terceira maior lua de J\u00fapiter Lan\u00e7ada em agosto de 2011, a sonda Juno, da Nasa, orbita e estuda o planeta J\u00fapiter desde julho de 2016. No ano passado, quando a miss\u00e3o foi estendida, os cientistas tamb\u00e9m passaram a focar nas quatro principais [&hellip;]\" \/>\n<meta property=\"og:url\" content=\"https:\/\/jornalfatosenoticias.com.br\/index.php\/2022\/12\/19\/sonda-da-nasa-revela-imagem-incrivel-do-objeto-mais-vulcanico-do-sistema-solar\/\" \/>\n<meta property=\"og:site_name\" content=\"Jornal Fatos e Not\u00edcias\" \/>\n<meta property=\"article:published_time\" content=\"2022-12-19T17:33:22+00:00\" \/>\n<meta property=\"article:modified_time\" content=\"2022-12-19T17:33:24+00:00\" \/>\n<meta property=\"og:image\" content=\"https:\/\/jornalfatosenoticias.com.br\/wp-content\/uploads\/2022\/12\/lua-io-jupiter-sonda-juno-nasa.jpg\" \/>\n\t<meta property=\"og:image:width\" content=\"1000\" \/>\n\t<meta property=\"og:image:height\" content=\"996\" \/>\n\t<meta property=\"og:image:type\" content=\"image\/jpeg\" \/>\n<meta name=\"author\" content=\"Luzimara Fernandes\" \/>\n<meta name=\"twitter:card\" content=\"summary_large_image\" \/>\n<meta name=\"twitter:label1\" content=\"Escrito por\" \/>\n\t<meta name=\"twitter:data1\" content=\"Luzimara Fernandes\" \/>\n\t<meta name=\"twitter:label2\" content=\"Est. tempo de leitura\" \/>\n\t<meta name=\"twitter:data2\" content=\"2 minutos\" \/>\n<script type=\"application\/ld+json\" class=\"yoast-schema-graph\">{\"@context\":\"https:\/\/schema.org\",\"@graph\":[{\"@type\":\"Article\",\"@id\":\"https:\/\/jornalfatosenoticias.com.br\/index.php\/2022\/12\/19\/sonda-da-nasa-revela-imagem-incrivel-do-objeto-mais-vulcanico-do-sistema-solar\/#article\",\"isPartOf\":{\"@id\":\"https:\/\/jornalfatosenoticias.com.br\/index.php\/2022\/12\/19\/sonda-da-nasa-revela-imagem-incrivel-do-objeto-mais-vulcanico-do-sistema-solar\/\"},\"author\":{\"name\":\"Luzimara Fernandes\",\"@id\":\"https:\/\/jornalfatosenoticias.com.br\/#\/schema\/person\/d63837fa13ac8666eb9e74e0985d6f81\"},\"headline\":\"Sonda da Nasa revela imagem incr\u00edvel do objeto mais vulc\u00e2nico do Sistema Solar\",\"datePublished\":\"2022-12-19T17:33:22+00:00\",\"dateModified\":\"2022-12-19T17:33:24+00:00\",\"mainEntityOfPage\":{\"@id\":\"https:\/\/jornalfatosenoticias.com.br\/index.php\/2022\/12\/19\/sonda-da-nasa-revela-imagem-incrivel-do-objeto-mais-vulcanico-do-sistema-solar\/\"},\"wordCount\":431,\"commentCount\":0,\"publisher\":{\"@id\":\"https:\/\/jornalfatosenoticias.com.br\/#organization\"},\"image\":{\"@id\":\"https:\/\/jornalfatosenoticias.com.br\/index.php\/2022\/12\/19\/sonda-da-nasa-revela-imagem-incrivel-do-objeto-mais-vulcanico-do-sistema-solar\/#primaryimage\"},\"thumbnailUrl\":\"https:\/\/jornalfatosenoticias.com.br\/wp-content\/uploads\/2022\/12\/lua-io-jupiter-sonda-juno-nasa.jpg\",\"keywords\":[\"Juno\",\"J\u00fapiter\",\"Lua IO\",\"Luas de J\u00fapiter\",\"Miss\u00e3o Juno\",\"Nasa\",\"sistema solar\",\"sonda Juno\",\"vulc\u00f5es\"],\"articleSection\":[\"Ci\u00eancia\"],\"inLanguage\":\"pt-BR\",\"potentialAction\":[{\"@type\":\"CommentAction\",\"name\":\"Comment\",\"target\":[\"https:\/\/jornalfatosenoticias.com.br\/index.php\/2022\/12\/19\/sonda-da-nasa-revela-imagem-incrivel-do-objeto-mais-vulcanico-do-sistema-solar\/#respond\"]}]},{\"@type\":\"WebPage\",\"@id\":\"https:\/\/jornalfatosenoticias.com.br\/index.php\/2022\/12\/19\/sonda-da-nasa-revela-imagem-incrivel-do-objeto-mais-vulcanico-do-sistema-solar\/\",\"url\":\"https:\/\/jornalfatosenoticias.com.br\/index.php\/2022\/12\/19\/sonda-da-nasa-revela-imagem-incrivel-do-objeto-mais-vulcanico-do-sistema-solar\/\",\"name\":\"Sonda da Nasa revela imagem incr\u00edvel do objeto mais vulc\u00e2nico do Sistema Solar - Jornal Fatos e Not\u00edcias\",\"isPartOf\":{\"@id\":\"https:\/\/jornalfatosenoticias.com.br\/#website\"},\"primaryImageOfPage\":{\"@id\":\"https:\/\/jornalfatosenoticias.com.br\/index.php\/2022\/12\/19\/sonda-da-nasa-revela-imagem-incrivel-do-objeto-mais-vulcanico-do-sistema-solar\/#primaryimage\"},\"image\":{\"@id\":\"https:\/\/jornalfatosenoticias.com.br\/index.php\/2022\/12\/19\/sonda-da-nasa-revela-imagem-incrivel-do-objeto-mais-vulcanico-do-sistema-solar\/#primaryimage\"},\"thumbnailUrl\":\"https:\/\/jornalfatosenoticias.com.br\/wp-content\/uploads\/2022\/12\/lua-io-jupiter-sonda-juno-nasa.jpg\",\"datePublished\":\"2022-12-19T17:33:22+00:00\",\"dateModified\":\"2022-12-19T17:33:24+00:00\",\"breadcrumb\":{\"@id\":\"https:\/\/jornalfatosenoticias.com.br\/index.php\/2022\/12\/19\/sonda-da-nasa-revela-imagem-incrivel-do-objeto-mais-vulcanico-do-sistema-solar\/#breadcrumb\"},\"inLanguage\":\"pt-BR\",\"potentialAction\":[{\"@type\":\"ReadAction\",\"target\":[\"https:\/\/jornalfatosenoticias.com.br\/index.php\/2022\/12\/19\/sonda-da-nasa-revela-imagem-incrivel-do-objeto-mais-vulcanico-do-sistema-solar\/\"]}]},{\"@type\":\"ImageObject\",\"inLanguage\":\"pt-BR\",\"@id\":\"https:\/\/jornalfatosenoticias.com.br\/index.php\/2022\/12\/19\/sonda-da-nasa-revela-imagem-incrivel-do-objeto-mais-vulcanico-do-sistema-solar\/#primaryimage\",\"url\":\"https:\/\/jornalfatosenoticias.com.br\/wp-content\/uploads\/2022\/12\/lua-io-jupiter-sonda-juno-nasa.jpg\",\"contentUrl\":\"https:\/\/jornalfatosenoticias.com.br\/wp-content\/uploads\/2022\/12\/lua-io-jupiter-sonda-juno-nasa.jpg\",\"width\":1000,\"height\":996},{\"@type\":\"BreadcrumbList\",\"@id\":\"https:\/\/jornalfatosenoticias.com.br\/index.php\/2022\/12\/19\/sonda-da-nasa-revela-imagem-incrivel-do-objeto-mais-vulcanico-do-sistema-solar\/#breadcrumb\",\"itemListElement\":[{\"@type\":\"ListItem\",\"position\":1,\"name\":\"In\u00edcio\",\"item\":\"https:\/\/jornalfatosenoticias.com.br\/\"},{\"@type\":\"ListItem\",\"position\":2,\"name\":\"Sonda da Nasa revela imagem incr\u00edvel do objeto mais vulc\u00e2nico do Sistema Solar\"}]},{\"@type\":\"WebSite\",\"@id\":\"https:\/\/jornalfatosenoticias.com.br\/#website\",\"url\":\"https:\/\/jornalfatosenoticias.com.br\/\",\"name\":\"Jornal Fatos e Not\u00edcias\",\"description\":\"Not\u00edcias em geral\",\"publisher\":{\"@id\":\"https:\/\/jornalfatosenoticias.com.br\/#organization\"},\"potentialAction\":[{\"@type\":\"SearchAction\",\"target\":{\"@type\":\"EntryPoint\",\"urlTemplate\":\"https:\/\/jornalfatosenoticias.com.br\/?s={search_term_string}\"},\"query-input\":{\"@type\":\"PropertyValueSpecification\",\"valueRequired\":true,\"valueName\":\"search_term_string\"}}],\"inLanguage\":\"pt-BR\"},{\"@type\":\"Organization\",\"@id\":\"https:\/\/jornalfatosenoticias.com.br\/#organization\",\"name\":\"Jornal Fatos e Not\u00edcias\",\"url\":\"https:\/\/jornalfatosenoticias.com.br\/\",\"logo\":{\"@type\":\"ImageObject\",\"inLanguage\":\"pt-BR\",\"@id\":\"https:\/\/jornalfatosenoticias.com.br\/#\/schema\/logo\/image\/\",\"url\":\"https:\/\/jornalfatosenoticias.com.br\/wp-content\/uploads\/2020\/02\/logo120.png\",\"contentUrl\":\"https:\/\/jornalfatosenoticias.com.br\/wp-content\/uploads\/2020\/02\/logo120.png\",\"width\":1227,\"height\":120,\"caption\":\"Jornal Fatos e Not\u00edcias\"},\"image\":{\"@id\":\"https:\/\/jornalfatosenoticias.com.br\/#\/schema\/logo\/image\/\"}},{\"@type\":\"Person\",\"@id\":\"https:\/\/jornalfatosenoticias.com.br\/#\/schema\/person\/d63837fa13ac8666eb9e74e0985d6f81\",\"name\":\"Luzimara Fernandes\",\"image\":{\"@type\":\"ImageObject\",\"inLanguage\":\"pt-BR\",\"@id\":\"https:\/\/jornalfatosenoticias.com.br\/#\/schema\/person\/image\/\",\"url\":\"https:\/\/jornalfatosenoticias.com.br\/wp-content\/uploads\/2025\/05\/EU_portal.jpg\",\"contentUrl\":\"https:\/\/jornalfatosenoticias.com.br\/wp-content\/uploads\/2025\/05\/EU_portal.jpg\",\"caption\":\"Luzimara Fernandes\"},\"description\":\"Jornalista MTB 2358-ES\",\"sameAs\":[\"https:\/\/jornalfatosenoticias.com.br\"],\"url\":\"https:\/\/jornalfatosenoticias.com.br\/index.php\/author\/luzimara\/\"}]}<\/script>\n<!-- \/ Yoast SEO plugin. -->","yoast_head_json":{"title":"Sonda da Nasa revela imagem incr\u00edvel do objeto mais vulc\u00e2nico do Sistema Solar - Jornal Fatos e Not\u00edcias","robots":{"index":"index","follow":"follow","max-snippet":"max-snippet:-1","max-image-preview":"max-image-preview:large","max-video-preview":"max-video-preview:-1"},"canonical":"https:\/\/jornalfatosenoticias.com.br\/index.php\/2022\/12\/19\/sonda-da-nasa-revela-imagem-incrivel-do-objeto-mais-vulcanico-do-sistema-solar\/","og_locale":"pt_BR","og_type":"article","og_title":"Sonda da Nasa revela imagem incr\u00edvel do objeto mais vulc\u00e2nico do Sistema Solar - Jornal Fatos e Not\u00edcias","og_description":"A sonda Juno fez um registro impressionante da superf\u00edcie ultravulc\u00e2nica de Io, a terceira maior lua de J\u00fapiter Lan\u00e7ada em agosto de 2011, a sonda Juno, da Nasa, orbita e estuda o planeta J\u00fapiter desde julho de 2016. No ano passado, quando a miss\u00e3o foi estendida, os cientistas tamb\u00e9m passaram a focar nas quatro principais [&hellip;]","og_url":"https:\/\/jornalfatosenoticias.com.br\/index.php\/2022\/12\/19\/sonda-da-nasa-revela-imagem-incrivel-do-objeto-mais-vulcanico-do-sistema-solar\/","og_site_name":"Jornal Fatos e Not\u00edcias","article_published_time":"2022-12-19T17:33:22+00:00","article_modified_time":"2022-12-19T17:33:24+00:00","og_image":[{"width":1000,"height":996,"url":"https:\/\/jornalfatosenoticias.com.br\/wp-content\/uploads\/2022\/12\/lua-io-jupiter-sonda-juno-nasa.jpg","type":"image\/jpeg"}],"author":"Luzimara Fernandes","twitter_card":"summary_large_image","twitter_misc":{"Escrito por":"Luzimara Fernandes","Est. tempo de leitura":"2 minutos"},"schema":{"@context":"https:\/\/schema.org","@graph":[{"@type":"Article","@id":"https:\/\/jornalfatosenoticias.com.br\/index.php\/2022\/12\/19\/sonda-da-nasa-revela-imagem-incrivel-do-objeto-mais-vulcanico-do-sistema-solar\/#article","isPartOf":{"@id":"https:\/\/jornalfatosenoticias.com.br\/index.php\/2022\/12\/19\/sonda-da-nasa-revela-imagem-incrivel-do-objeto-mais-vulcanico-do-sistema-solar\/"},"author":{"name":"Luzimara Fernandes","@id":"https:\/\/jornalfatosenoticias.com.br\/#\/schema\/person\/d63837fa13ac8666eb9e74e0985d6f81"},"headline":"Sonda da Nasa revela imagem incr\u00edvel do objeto mais vulc\u00e2nico do Sistema Solar","datePublished":"2022-12-19T17:33:22+00:00","dateModified":"2022-12-19T17:33:24+00:00","mainEntityOfPage":{"@id":"https:\/\/jornalfatosenoticias.com.br\/index.php\/2022\/12\/19\/sonda-da-nasa-revela-imagem-incrivel-do-objeto-mais-vulcanico-do-sistema-solar\/"},"wordCount":431,"commentCount":0,"publisher":{"@id":"https:\/\/jornalfatosenoticias.com.br\/#organization"},"image":{"@id":"https:\/\/jornalfatosenoticias.com.br\/index.php\/2022\/12\/19\/sonda-da-nasa-revela-imagem-incrivel-do-objeto-mais-vulcanico-do-sistema-solar\/#primaryimage"},"thumbnailUrl":"https:\/\/jornalfatosenoticias.com.br\/wp-content\/uploads\/2022\/12\/lua-io-jupiter-sonda-juno-nasa.jpg","keywords":["Juno","J\u00fapiter","Lua IO","Luas de J\u00fapiter","Miss\u00e3o Juno","Nasa","sistema solar","sonda Juno","vulc\u00f5es"],"articleSection":["Ci\u00eancia"],"inLanguage":"pt-BR","potentialAction":[{"@type":"CommentAction","name":"Comment","target":["https:\/\/jornalfatosenoticias.com.br\/index.php\/2022\/12\/19\/sonda-da-nasa-revela-imagem-incrivel-do-objeto-mais-vulcanico-do-sistema-solar\/#respond"]}]},{"@type":"WebPage","@id":"https:\/\/jornalfatosenoticias.com.br\/index.php\/2022\/12\/19\/sonda-da-nasa-revela-imagem-incrivel-do-objeto-mais-vulcanico-do-sistema-solar\/","url":"https:\/\/jornalfatosenoticias.com.br\/index.php\/2022\/12\/19\/sonda-da-nasa-revela-imagem-incrivel-do-objeto-mais-vulcanico-do-sistema-solar\/","name":"Sonda da Nasa revela imagem incr\u00edvel do objeto mais vulc\u00e2nico do Sistema Solar - Jornal Fatos e Not\u00edcias","isPartOf":{"@id":"https:\/\/jornalfatosenoticias.com.br\/#website"},"primaryImageOfPage":{"@id":"https:\/\/jornalfatosenoticias.com.br\/index.php\/2022\/12\/19\/sonda-da-nasa-revela-imagem-incrivel-do-objeto-mais-vulcanico-do-sistema-solar\/#primaryimage"},"image":{"@id":"https:\/\/jornalfatosenoticias.com.br\/index.php\/2022\/12\/19\/sonda-da-nasa-revela-imagem-incrivel-do-objeto-mais-vulcanico-do-sistema-solar\/#primaryimage"},"thumbnailUrl":"https:\/\/jornalfatosenoticias.com.br\/wp-content\/uploads\/2022\/12\/lua-io-jupiter-sonda-juno-nasa.jpg","datePublished":"2022-12-19T17:33:22+00:00","dateModified":"2022-12-19T17:33:24+00:00","breadcrumb":{"@id":"https:\/\/jornalfatosenoticias.com.br\/index.php\/2022\/12\/19\/sonda-da-nasa-revela-imagem-incrivel-do-objeto-mais-vulcanico-do-sistema-solar\/#breadcrumb"},"inLanguage":"pt-BR","potentialAction":[{"@type":"ReadAction","target":["https:\/\/jornalfatosenoticias.com.br\/index.php\/2022\/12\/19\/sonda-da-nasa-revela-imagem-incrivel-do-objeto-mais-vulcanico-do-sistema-solar\/"]}]},{"@type":"ImageObject","inLanguage":"pt-BR","@id":"https:\/\/jornalfatosenoticias.com.br\/index.php\/2022\/12\/19\/sonda-da-nasa-revela-imagem-incrivel-do-objeto-mais-vulcanico-do-sistema-solar\/#primaryimage","url":"https:\/\/jornalfatosenoticias.com.br\/wp-content\/uploads\/2022\/12\/lua-io-jupiter-sonda-juno-nasa.jpg","contentUrl":"https:\/\/jornalfatosenoticias.com.br\/wp-content\/uploads\/2022\/12\/lua-io-jupiter-sonda-juno-nasa.jpg","width":1000,"height":996},{"@type":"BreadcrumbList","@id":"https:\/\/jornalfatosenoticias.com.br\/index.php\/2022\/12\/19\/sonda-da-nasa-revela-imagem-incrivel-do-objeto-mais-vulcanico-do-sistema-solar\/#breadcrumb","itemListElement":[{"@type":"ListItem","position":1,"name":"In\u00edcio","item":"https:\/\/jornalfatosenoticias.com.br\/"},{"@type":"ListItem","position":2,"name":"Sonda da Nasa revela imagem incr\u00edvel do objeto mais vulc\u00e2nico do Sistema Solar"}]},{"@type":"WebSite","@id":"https:\/\/jornalfatosenoticias.com.br\/#website","url":"https:\/\/jornalfatosenoticias.com.br\/","name":"Jornal Fatos e Not\u00edcias","description":"Not\u00edcias em geral","publisher":{"@id":"https:\/\/jornalfatosenoticias.com.br\/#organization"},"potentialAction":[{"@type":"SearchAction","target":{"@type":"EntryPoint","urlTemplate":"https:\/\/jornalfatosenoticias.com.br\/?s={search_term_string}"},"query-input":{"@type":"PropertyValueSpecification","valueRequired":true,"valueName":"search_term_string"}}],"inLanguage":"pt-BR"},{"@type":"Organization","@id":"https:\/\/jornalfatosenoticias.com.br\/#organization","name":"Jornal Fatos e Not\u00edcias","url":"https:\/\/jornalfatosenoticias.com.br\/","logo":{"@type":"ImageObject","inLanguage":"pt-BR","@id":"https:\/\/jornalfatosenoticias.com.br\/#\/schema\/logo\/image\/","url":"https:\/\/jornalfatosenoticias.com.br\/wp-content\/uploads\/2020\/02\/logo120.png","contentUrl":"https:\/\/jornalfatosenoticias.com.br\/wp-content\/uploads\/2020\/02\/logo120.png","width":1227,"height":120,"caption":"Jornal Fatos e Not\u00edcias"},"image":{"@id":"https:\/\/jornalfatosenoticias.com.br\/#\/schema\/logo\/image\/"}},{"@type":"Person","@id":"https:\/\/jornalfatosenoticias.com.br\/#\/schema\/person\/d63837fa13ac8666eb9e74e0985d6f81","name":"Luzimara Fernandes","image":{"@type":"ImageObject","inLanguage":"pt-BR","@id":"https:\/\/jornalfatosenoticias.com.br\/#\/schema\/person\/image\/","url":"https:\/\/jornalfatosenoticias.com.br\/wp-content\/uploads\/2025\/05\/EU_portal.jpg","contentUrl":"https:\/\/jornalfatosenoticias.com.br\/wp-content\/uploads\/2025\/05\/EU_portal.jpg","caption":"Luzimara Fernandes"},"description":"Jornalista MTB 2358-ES","sameAs":["https:\/\/jornalfatosenoticias.com.br"],"url":"https:\/\/jornalfatosenoticias.com.br\/index.php\/author\/luzimara\/"}]}},"cc_featured_image_caption":{"caption_text":"(Foto: Nasa\/JPL-Caltech\/SwRI\/ASI\/INAF\/JIRAM)","source_text":"","source_url":""},"jetpack_featured_media_url":"https:\/\/jornalfatosenoticias.com.br\/wp-content\/uploads\/2022\/12\/lua-io-jupiter-sonda-juno-nasa.jpg","_links":{"self":[{"href":"https:\/\/jornalfatosenoticias.com.br\/index.php\/wp-json\/wp\/v2\/posts\/37050","targetHints":{"allow":["GET"]}}],"collection":[{"href":"https:\/\/jornalfatosenoticias.com.br\/index.php\/wp-json\/wp\/v2\/posts"}],"about":[{"href":"https:\/\/jornalfatosenoticias.com.br\/index.php\/wp-json\/wp\/v2\/types\/post"}],"author":[{"embeddable":true,"href":"https:\/\/jornalfatosenoticias.com.br\/index.php\/wp-json\/wp\/v2\/users\/2"}],"replies":[{"embeddable":true,"href":"https:\/\/jornalfatosenoticias.com.br\/index.php\/wp-json\/wp\/v2\/comments?post=37050"}],"version-history":[{"count":0,"href":"https:\/\/jornalfatosenoticias.com.br\/index.php\/wp-json\/wp\/v2\/posts\/37050\/revisions"}],"wp:featuredmedia":[{"embeddable":true,"href":"https:\/\/jornalfatosenoticias.com.br\/index.php\/wp-json\/wp\/v2\/media\/37051"}],"wp:attachment":[{"href":"https:\/\/jornalfatosenoticias.com.br\/index.php\/wp-json\/wp\/v2\/media?parent=37050"}],"wp:term":[{"taxonomy":"category","embeddable":true,"href":"https:\/\/jornalfatosenoticias.com.br\/index.php\/wp-json\/wp\/v2\/categories?post=37050"},{"taxonomy":"post_tag","embeddable":true,"href":"https:\/\/jornalfatosenoticias.com.br\/index.php\/wp-json\/wp\/v2\/tags?post=37050"}],"curies":[{"name":"wp","href":"https:\/\/api.w.org\/{rel}","templated":true}]}}