{"id":3708,"date":"2020-04-28T09:33:57","date_gmt":"2020-04-28T12:33:57","guid":{"rendered":"https:\/\/jornalfatosenoticias.com.br\/?p=3708"},"modified":"2020-04-28T09:34:03","modified_gmt":"2020-04-28T12:34:03","slug":"revelada-musica-inedita-de-parceria-entre-tim-maia-e-os-mutantes-de-1971","status":"publish","type":"post","link":"https:\/\/jornalfatosenoticias.com.br\/index.php\/2020\/04\/28\/revelada-musica-inedita-de-parceria-entre-tim-maia-e-os-mutantes-de-1971\/","title":{"rendered":"Revelada m\u00fasica in\u00e9dita de parceria entre Tim Maia e Os Mutantes, de 1971"},"content":{"rendered":"\n<h6 class=\"wp-block-heading\"><em>A can\u00e7\u00e3o Quero Mais Dinheiro \u00e9 uma par\u00f3dia de um dos maiores sucessos do S\u00edndico, mas nunca foi a p\u00fablico, sendo descoberta 50 anos depois<\/em><\/h6>\n\n\n\n<p>Uma nova m\u00fasica de Tim Maia, em parceira com a banda Os Mutantes, foi descoberta ap\u00f3s anos desconhecida. Sem nunca ter chegado ao p\u00fablico, Quero Mais Dinheiro \u00e9 uma par\u00f3dia daquele que seria o futuro sucesso de Tim, N\u00e3o Quero Dinheiro, lan\u00e7ada no mesmo ano de 1971, em seu primeiro LP. A revela\u00e7\u00e3o foi poss\u00edvel por conta de um documento enviada \u00e0 Censura Federal naquele ano.<br>O papel, revelado de divulga\u00e7\u00e3o do Sistema de Informa\u00e7\u00f5es do Arquivo Nacional, \u00e9 assinado pelo S\u00edndico e pela banda, e sua reprodu\u00e7\u00e3o rapidamente passou a ser compartilhada pelas redes sociais. Contatados pelo jornal Estado de S\u00e3o Paulo, nenhum integrante de Os Mutantes disseram se recordar das circunst\u00e2ncias da can\u00e7\u00e3o.<\/p>\n\n\n\n<figure class=\"wp-block-image size-large\"><img loading=\"lazy\" decoding=\"async\" width=\"671\" height=\"1024\" src=\"https:\/\/jornalfatosenoticias.com.br\/wp-content\/uploads\/2020\/04\/maia_mutantesw-letra-671x1024.jpg\" alt=\"\" class=\"wp-image-3709\" srcset=\"https:\/\/jornalfatosenoticias.com.br\/wp-content\/uploads\/2020\/04\/maia_mutantesw-letra-671x1024.jpg 671w, https:\/\/jornalfatosenoticias.com.br\/wp-content\/uploads\/2020\/04\/maia_mutantesw-letra-196x300.jpg 196w, https:\/\/jornalfatosenoticias.com.br\/wp-content\/uploads\/2020\/04\/maia_mutantesw-letra-768x1173.jpg 768w, https:\/\/jornalfatosenoticias.com.br\/wp-content\/uploads\/2020\/04\/maia_mutantesw-letra.jpg 930w\" sizes=\"auto, (max-width: 671px) 100vw, 671px\" \/><figcaption><em>Letra aprovada pela Censura (Foto: Arquivo Nacional)<\/em><\/figcaption><\/figure>\n\n\n\n<p>Mas, a veracidade do documento foi atestada por Marcelo Fro\u00e9s, produtor e pesquisador que, acessando as grava\u00e7\u00f5es brutas dos artistas nos arquivos da Universal, encontrou a can\u00e7\u00e3o. \u00c9 articulada uma grava\u00e7\u00e3o da m\u00fasica, se adquirida a licen\u00e7a dos m\u00fasicos e de Carmelo Maia, filho do cantor niteroiense.<br>\u201cAchei o maior barato a letra, essa descoberta \u00e9 um diamante. Libero na hora, mas tem que ver o que os outros querem fazer. A m\u00fasica tem que ser lan\u00e7ada\u201d, comentou S\u00e9rgio Dias ao Estad\u00e3o. \u201cQuando ouvi, ri pra caramba e vibrei. \u00c9 uma grava\u00e7\u00e3o perfeita, a \u00fanica dos Mutantes com Rita que permanece in\u00e9dita\u201d, adicionou Marcelo Fr\u00f3es.<\/p>\n\n\n\n<p><strong><em>Fonte: <a href=\"https:\/\/aventurasnahistoria.uol.com.br\/noticias\/historia-hoje\/revelada-musica-inedita-de-parceira-entre-tim-maia-e-os-mutantes-de-1971.phtml\">Aventurasnahistoria.uol.com.br<\/a><\/em><\/strong><\/p>\n","protected":false},"excerpt":{"rendered":"<p>A can\u00e7\u00e3o Quero Mais Dinheiro \u00e9 uma par\u00f3dia de um dos maiores sucessos do S\u00edndico, mas nunca foi a p\u00fablico, sendo descoberta 50 anos depois Uma nova m\u00fasica de Tim Maia, em parceira com a banda Os Mutantes, foi descoberta ap\u00f3s anos desconhecida. Sem nunca ter chegado ao p\u00fablico, Quero Mais Dinheiro \u00e9 uma par\u00f3dia [&hellip;]<\/p>\n","protected":false},"author":2,"featured_media":3710,"comment_status":"open","ping_status":"open","sticky":false,"template":"","format":"standard","meta":{"footnotes":""},"categories":[4],"tags":[2149,1666,103,2150,1364],"class_list":["post-3708","post","type-post","status-publish","format-standard","has-post-thumbnail","hentry","category-cultura","tag-censura","tag-descoberta","tag-musica","tag-mutantes","tag-tim-maia"],"yoast_head":"<!-- This site is optimized with the Yoast SEO plugin v26.5 - https:\/\/yoast.com\/wordpress\/plugins\/seo\/ -->\n<title>Revelada m\u00fasica in\u00e9dita de parceria entre Tim Maia e Os Mutantes, de 1971 - Jornal Fatos e Not\u00edcias<\/title>\n<meta name=\"robots\" content=\"index, follow, max-snippet:-1, max-image-preview:large, max-video-preview:-1\" \/>\n<link rel=\"canonical\" href=\"https:\/\/jornalfatosenoticias.com.br\/index.php\/2020\/04\/28\/revelada-musica-inedita-de-parceria-entre-tim-maia-e-os-mutantes-de-1971\/\" \/>\n<meta property=\"og:locale\" content=\"pt_BR\" \/>\n<meta property=\"og:type\" content=\"article\" \/>\n<meta property=\"og:title\" content=\"Revelada m\u00fasica in\u00e9dita de parceria entre Tim Maia e Os Mutantes, de 1971 - Jornal Fatos e Not\u00edcias\" \/>\n<meta property=\"og:description\" content=\"A can\u00e7\u00e3o Quero Mais Dinheiro \u00e9 uma par\u00f3dia de um dos maiores sucessos do S\u00edndico, mas nunca foi a p\u00fablico, sendo descoberta 50 anos depois Uma nova m\u00fasica de Tim Maia, em parceira com a banda Os Mutantes, foi descoberta ap\u00f3s anos desconhecida. Sem nunca ter chegado ao p\u00fablico, Quero Mais Dinheiro \u00e9 uma par\u00f3dia [&hellip;]\" \/>\n<meta property=\"og:url\" content=\"https:\/\/jornalfatosenoticias.com.br\/index.php\/2020\/04\/28\/revelada-musica-inedita-de-parceria-entre-tim-maia-e-os-mutantes-de-1971\/\" \/>\n<meta property=\"og:site_name\" content=\"Jornal Fatos e Not\u00edcias\" \/>\n<meta property=\"article:published_time\" content=\"2020-04-28T12:33:57+00:00\" \/>\n<meta property=\"article:modified_time\" content=\"2020-04-28T12:34:03+00:00\" \/>\n<meta property=\"og:image\" content=\"https:\/\/jornalfatosenoticias.com.br\/wp-content\/uploads\/2020\/04\/tim-maia_mutantes-capa.jpg\" \/>\n\t<meta property=\"og:image:width\" content=\"1000\" \/>\n\t<meta property=\"og:image:height\" content=\"562\" \/>\n\t<meta property=\"og:image:type\" content=\"image\/jpeg\" \/>\n<meta name=\"author\" content=\"Luzimara Fernandes\" \/>\n<meta name=\"twitter:card\" content=\"summary_large_image\" \/>\n<meta name=\"twitter:label1\" content=\"Escrito por\" \/>\n\t<meta name=\"twitter:data1\" content=\"Luzimara Fernandes\" \/>\n\t<meta name=\"twitter:label2\" content=\"Est. tempo de leitura\" \/>\n\t<meta name=\"twitter:data2\" content=\"1 minuto\" \/>\n<script type=\"application\/ld+json\" class=\"yoast-schema-graph\">{\"@context\":\"https:\/\/schema.org\",\"@graph\":[{\"@type\":\"Article\",\"@id\":\"https:\/\/jornalfatosenoticias.com.br\/index.php\/2020\/04\/28\/revelada-musica-inedita-de-parceria-entre-tim-maia-e-os-mutantes-de-1971\/#article\",\"isPartOf\":{\"@id\":\"https:\/\/jornalfatosenoticias.com.br\/index.php\/2020\/04\/28\/revelada-musica-inedita-de-parceria-entre-tim-maia-e-os-mutantes-de-1971\/\"},\"author\":{\"name\":\"Luzimara Fernandes\",\"@id\":\"https:\/\/jornalfatosenoticias.com.br\/#\/schema\/person\/d63837fa13ac8666eb9e74e0985d6f81\"},\"headline\":\"Revelada m\u00fasica in\u00e9dita de parceria entre Tim Maia e Os Mutantes, de 1971\",\"datePublished\":\"2020-04-28T12:33:57+00:00\",\"dateModified\":\"2020-04-28T12:34:03+00:00\",\"mainEntityOfPage\":{\"@id\":\"https:\/\/jornalfatosenoticias.com.br\/index.php\/2020\/04\/28\/revelada-musica-inedita-de-parceria-entre-tim-maia-e-os-mutantes-de-1971\/\"},\"wordCount\":295,\"commentCount\":0,\"publisher\":{\"@id\":\"https:\/\/jornalfatosenoticias.com.br\/#organization\"},\"image\":{\"@id\":\"https:\/\/jornalfatosenoticias.com.br\/index.php\/2020\/04\/28\/revelada-musica-inedita-de-parceria-entre-tim-maia-e-os-mutantes-de-1971\/#primaryimage\"},\"thumbnailUrl\":\"https:\/\/jornalfatosenoticias.com.br\/wp-content\/uploads\/2020\/04\/tim-maia_mutantes-capa.jpg\",\"keywords\":[\"censura\",\"descoberta\",\"m\u00fasica\",\"Mutantes\",\"Tim Maia\"],\"articleSection\":[\"Cultura\"],\"inLanguage\":\"pt-BR\",\"potentialAction\":[{\"@type\":\"CommentAction\",\"name\":\"Comment\",\"target\":[\"https:\/\/jornalfatosenoticias.com.br\/index.php\/2020\/04\/28\/revelada-musica-inedita-de-parceria-entre-tim-maia-e-os-mutantes-de-1971\/#respond\"]}]},{\"@type\":\"WebPage\",\"@id\":\"https:\/\/jornalfatosenoticias.com.br\/index.php\/2020\/04\/28\/revelada-musica-inedita-de-parceria-entre-tim-maia-e-os-mutantes-de-1971\/\",\"url\":\"https:\/\/jornalfatosenoticias.com.br\/index.php\/2020\/04\/28\/revelada-musica-inedita-de-parceria-entre-tim-maia-e-os-mutantes-de-1971\/\",\"name\":\"Revelada m\u00fasica in\u00e9dita de parceria entre Tim Maia e Os Mutantes, de 1971 - Jornal Fatos e Not\u00edcias\",\"isPartOf\":{\"@id\":\"https:\/\/jornalfatosenoticias.com.br\/#website\"},\"primaryImageOfPage\":{\"@id\":\"https:\/\/jornalfatosenoticias.com.br\/index.php\/2020\/04\/28\/revelada-musica-inedita-de-parceria-entre-tim-maia-e-os-mutantes-de-1971\/#primaryimage\"},\"image\":{\"@id\":\"https:\/\/jornalfatosenoticias.com.br\/index.php\/2020\/04\/28\/revelada-musica-inedita-de-parceria-entre-tim-maia-e-os-mutantes-de-1971\/#primaryimage\"},\"thumbnailUrl\":\"https:\/\/jornalfatosenoticias.com.br\/wp-content\/uploads\/2020\/04\/tim-maia_mutantes-capa.jpg\",\"datePublished\":\"2020-04-28T12:33:57+00:00\",\"dateModified\":\"2020-04-28T12:34:03+00:00\",\"breadcrumb\":{\"@id\":\"https:\/\/jornalfatosenoticias.com.br\/index.php\/2020\/04\/28\/revelada-musica-inedita-de-parceria-entre-tim-maia-e-os-mutantes-de-1971\/#breadcrumb\"},\"inLanguage\":\"pt-BR\",\"potentialAction\":[{\"@type\":\"ReadAction\",\"target\":[\"https:\/\/jornalfatosenoticias.com.br\/index.php\/2020\/04\/28\/revelada-musica-inedita-de-parceria-entre-tim-maia-e-os-mutantes-de-1971\/\"]}]},{\"@type\":\"ImageObject\",\"inLanguage\":\"pt-BR\",\"@id\":\"https:\/\/jornalfatosenoticias.com.br\/index.php\/2020\/04\/28\/revelada-musica-inedita-de-parceria-entre-tim-maia-e-os-mutantes-de-1971\/#primaryimage\",\"url\":\"https:\/\/jornalfatosenoticias.com.br\/wp-content\/uploads\/2020\/04\/tim-maia_mutantes-capa.jpg\",\"contentUrl\":\"https:\/\/jornalfatosenoticias.com.br\/wp-content\/uploads\/2020\/04\/tim-maia_mutantes-capa.jpg\",\"width\":1000,\"height\":562},{\"@type\":\"BreadcrumbList\",\"@id\":\"https:\/\/jornalfatosenoticias.com.br\/index.php\/2020\/04\/28\/revelada-musica-inedita-de-parceria-entre-tim-maia-e-os-mutantes-de-1971\/#breadcrumb\",\"itemListElement\":[{\"@type\":\"ListItem\",\"position\":1,\"name\":\"In\u00edcio\",\"item\":\"https:\/\/jornalfatosenoticias.com.br\/\"},{\"@type\":\"ListItem\",\"position\":2,\"name\":\"Revelada m\u00fasica in\u00e9dita de parceria entre Tim Maia e Os Mutantes, de 1971\"}]},{\"@type\":\"WebSite\",\"@id\":\"https:\/\/jornalfatosenoticias.com.br\/#website\",\"url\":\"https:\/\/jornalfatosenoticias.com.br\/\",\"name\":\"Jornal Fatos e Not\u00edcias\",\"description\":\"Not\u00edcias em geral\",\"publisher\":{\"@id\":\"https:\/\/jornalfatosenoticias.com.br\/#organization\"},\"potentialAction\":[{\"@type\":\"SearchAction\",\"target\":{\"@type\":\"EntryPoint\",\"urlTemplate\":\"https:\/\/jornalfatosenoticias.com.br\/?s={search_term_string}\"},\"query-input\":{\"@type\":\"PropertyValueSpecification\",\"valueRequired\":true,\"valueName\":\"search_term_string\"}}],\"inLanguage\":\"pt-BR\"},{\"@type\":\"Organization\",\"@id\":\"https:\/\/jornalfatosenoticias.com.br\/#organization\",\"name\":\"Jornal Fatos e Not\u00edcias\",\"url\":\"https:\/\/jornalfatosenoticias.com.br\/\",\"logo\":{\"@type\":\"ImageObject\",\"inLanguage\":\"pt-BR\",\"@id\":\"https:\/\/jornalfatosenoticias.com.br\/#\/schema\/logo\/image\/\",\"url\":\"https:\/\/jornalfatosenoticias.com.br\/wp-content\/uploads\/2020\/02\/logo120.png\",\"contentUrl\":\"https:\/\/jornalfatosenoticias.com.br\/wp-content\/uploads\/2020\/02\/logo120.png\",\"width\":1227,\"height\":120,\"caption\":\"Jornal Fatos e Not\u00edcias\"},\"image\":{\"@id\":\"https:\/\/jornalfatosenoticias.com.br\/#\/schema\/logo\/image\/\"}},{\"@type\":\"Person\",\"@id\":\"https:\/\/jornalfatosenoticias.com.br\/#\/schema\/person\/d63837fa13ac8666eb9e74e0985d6f81\",\"name\":\"Luzimara Fernandes\",\"image\":{\"@type\":\"ImageObject\",\"inLanguage\":\"pt-BR\",\"@id\":\"https:\/\/jornalfatosenoticias.com.br\/#\/schema\/person\/image\/\",\"url\":\"https:\/\/jornalfatosenoticias.com.br\/wp-content\/uploads\/2025\/05\/EU_portal.jpg\",\"contentUrl\":\"https:\/\/jornalfatosenoticias.com.br\/wp-content\/uploads\/2025\/05\/EU_portal.jpg\",\"caption\":\"Luzimara Fernandes\"},\"description\":\"Jornalista MTB 2358-ES\",\"sameAs\":[\"https:\/\/jornalfatosenoticias.com.br\"],\"url\":\"https:\/\/jornalfatosenoticias.com.br\/index.php\/author\/luzimara\/\"}]}<\/script>\n<!-- \/ Yoast SEO plugin. -->","yoast_head_json":{"title":"Revelada m\u00fasica in\u00e9dita de parceria entre Tim Maia e Os Mutantes, de 1971 - Jornal Fatos e Not\u00edcias","robots":{"index":"index","follow":"follow","max-snippet":"max-snippet:-1","max-image-preview":"max-image-preview:large","max-video-preview":"max-video-preview:-1"},"canonical":"https:\/\/jornalfatosenoticias.com.br\/index.php\/2020\/04\/28\/revelada-musica-inedita-de-parceria-entre-tim-maia-e-os-mutantes-de-1971\/","og_locale":"pt_BR","og_type":"article","og_title":"Revelada m\u00fasica in\u00e9dita de parceria entre Tim Maia e Os Mutantes, de 1971 - Jornal Fatos e Not\u00edcias","og_description":"A can\u00e7\u00e3o Quero Mais Dinheiro \u00e9 uma par\u00f3dia de um dos maiores sucessos do S\u00edndico, mas nunca foi a p\u00fablico, sendo descoberta 50 anos depois Uma nova m\u00fasica de Tim Maia, em parceira com a banda Os Mutantes, foi descoberta ap\u00f3s anos desconhecida. Sem nunca ter chegado ao p\u00fablico, Quero Mais Dinheiro \u00e9 uma par\u00f3dia [&hellip;]","og_url":"https:\/\/jornalfatosenoticias.com.br\/index.php\/2020\/04\/28\/revelada-musica-inedita-de-parceria-entre-tim-maia-e-os-mutantes-de-1971\/","og_site_name":"Jornal Fatos e Not\u00edcias","article_published_time":"2020-04-28T12:33:57+00:00","article_modified_time":"2020-04-28T12:34:03+00:00","og_image":[{"width":1000,"height":562,"url":"https:\/\/jornalfatosenoticias.com.br\/wp-content\/uploads\/2020\/04\/tim-maia_mutantes-capa.jpg","type":"image\/jpeg"}],"author":"Luzimara Fernandes","twitter_card":"summary_large_image","twitter_misc":{"Escrito por":"Luzimara Fernandes","Est. tempo de leitura":"1 minuto"},"schema":{"@context":"https:\/\/schema.org","@graph":[{"@type":"Article","@id":"https:\/\/jornalfatosenoticias.com.br\/index.php\/2020\/04\/28\/revelada-musica-inedita-de-parceria-entre-tim-maia-e-os-mutantes-de-1971\/#article","isPartOf":{"@id":"https:\/\/jornalfatosenoticias.com.br\/index.php\/2020\/04\/28\/revelada-musica-inedita-de-parceria-entre-tim-maia-e-os-mutantes-de-1971\/"},"author":{"name":"Luzimara Fernandes","@id":"https:\/\/jornalfatosenoticias.com.br\/#\/schema\/person\/d63837fa13ac8666eb9e74e0985d6f81"},"headline":"Revelada m\u00fasica in\u00e9dita de parceria entre Tim Maia e Os Mutantes, de 1971","datePublished":"2020-04-28T12:33:57+00:00","dateModified":"2020-04-28T12:34:03+00:00","mainEntityOfPage":{"@id":"https:\/\/jornalfatosenoticias.com.br\/index.php\/2020\/04\/28\/revelada-musica-inedita-de-parceria-entre-tim-maia-e-os-mutantes-de-1971\/"},"wordCount":295,"commentCount":0,"publisher":{"@id":"https:\/\/jornalfatosenoticias.com.br\/#organization"},"image":{"@id":"https:\/\/jornalfatosenoticias.com.br\/index.php\/2020\/04\/28\/revelada-musica-inedita-de-parceria-entre-tim-maia-e-os-mutantes-de-1971\/#primaryimage"},"thumbnailUrl":"https:\/\/jornalfatosenoticias.com.br\/wp-content\/uploads\/2020\/04\/tim-maia_mutantes-capa.jpg","keywords":["censura","descoberta","m\u00fasica","Mutantes","Tim Maia"],"articleSection":["Cultura"],"inLanguage":"pt-BR","potentialAction":[{"@type":"CommentAction","name":"Comment","target":["https:\/\/jornalfatosenoticias.com.br\/index.php\/2020\/04\/28\/revelada-musica-inedita-de-parceria-entre-tim-maia-e-os-mutantes-de-1971\/#respond"]}]},{"@type":"WebPage","@id":"https:\/\/jornalfatosenoticias.com.br\/index.php\/2020\/04\/28\/revelada-musica-inedita-de-parceria-entre-tim-maia-e-os-mutantes-de-1971\/","url":"https:\/\/jornalfatosenoticias.com.br\/index.php\/2020\/04\/28\/revelada-musica-inedita-de-parceria-entre-tim-maia-e-os-mutantes-de-1971\/","name":"Revelada m\u00fasica in\u00e9dita de parceria entre Tim Maia e Os Mutantes, de 1971 - Jornal Fatos e Not\u00edcias","isPartOf":{"@id":"https:\/\/jornalfatosenoticias.com.br\/#website"},"primaryImageOfPage":{"@id":"https:\/\/jornalfatosenoticias.com.br\/index.php\/2020\/04\/28\/revelada-musica-inedita-de-parceria-entre-tim-maia-e-os-mutantes-de-1971\/#primaryimage"},"image":{"@id":"https:\/\/jornalfatosenoticias.com.br\/index.php\/2020\/04\/28\/revelada-musica-inedita-de-parceria-entre-tim-maia-e-os-mutantes-de-1971\/#primaryimage"},"thumbnailUrl":"https:\/\/jornalfatosenoticias.com.br\/wp-content\/uploads\/2020\/04\/tim-maia_mutantes-capa.jpg","datePublished":"2020-04-28T12:33:57+00:00","dateModified":"2020-04-28T12:34:03+00:00","breadcrumb":{"@id":"https:\/\/jornalfatosenoticias.com.br\/index.php\/2020\/04\/28\/revelada-musica-inedita-de-parceria-entre-tim-maia-e-os-mutantes-de-1971\/#breadcrumb"},"inLanguage":"pt-BR","potentialAction":[{"@type":"ReadAction","target":["https:\/\/jornalfatosenoticias.com.br\/index.php\/2020\/04\/28\/revelada-musica-inedita-de-parceria-entre-tim-maia-e-os-mutantes-de-1971\/"]}]},{"@type":"ImageObject","inLanguage":"pt-BR","@id":"https:\/\/jornalfatosenoticias.com.br\/index.php\/2020\/04\/28\/revelada-musica-inedita-de-parceria-entre-tim-maia-e-os-mutantes-de-1971\/#primaryimage","url":"https:\/\/jornalfatosenoticias.com.br\/wp-content\/uploads\/2020\/04\/tim-maia_mutantes-capa.jpg","contentUrl":"https:\/\/jornalfatosenoticias.com.br\/wp-content\/uploads\/2020\/04\/tim-maia_mutantes-capa.jpg","width":1000,"height":562},{"@type":"BreadcrumbList","@id":"https:\/\/jornalfatosenoticias.com.br\/index.php\/2020\/04\/28\/revelada-musica-inedita-de-parceria-entre-tim-maia-e-os-mutantes-de-1971\/#breadcrumb","itemListElement":[{"@type":"ListItem","position":1,"name":"In\u00edcio","item":"https:\/\/jornalfatosenoticias.com.br\/"},{"@type":"ListItem","position":2,"name":"Revelada m\u00fasica in\u00e9dita de parceria entre Tim Maia e Os Mutantes, de 1971"}]},{"@type":"WebSite","@id":"https:\/\/jornalfatosenoticias.com.br\/#website","url":"https:\/\/jornalfatosenoticias.com.br\/","name":"Jornal Fatos e Not\u00edcias","description":"Not\u00edcias em geral","publisher":{"@id":"https:\/\/jornalfatosenoticias.com.br\/#organization"},"potentialAction":[{"@type":"SearchAction","target":{"@type":"EntryPoint","urlTemplate":"https:\/\/jornalfatosenoticias.com.br\/?s={search_term_string}"},"query-input":{"@type":"PropertyValueSpecification","valueRequired":true,"valueName":"search_term_string"}}],"inLanguage":"pt-BR"},{"@type":"Organization","@id":"https:\/\/jornalfatosenoticias.com.br\/#organization","name":"Jornal Fatos e Not\u00edcias","url":"https:\/\/jornalfatosenoticias.com.br\/","logo":{"@type":"ImageObject","inLanguage":"pt-BR","@id":"https:\/\/jornalfatosenoticias.com.br\/#\/schema\/logo\/image\/","url":"https:\/\/jornalfatosenoticias.com.br\/wp-content\/uploads\/2020\/02\/logo120.png","contentUrl":"https:\/\/jornalfatosenoticias.com.br\/wp-content\/uploads\/2020\/02\/logo120.png","width":1227,"height":120,"caption":"Jornal Fatos e Not\u00edcias"},"image":{"@id":"https:\/\/jornalfatosenoticias.com.br\/#\/schema\/logo\/image\/"}},{"@type":"Person","@id":"https:\/\/jornalfatosenoticias.com.br\/#\/schema\/person\/d63837fa13ac8666eb9e74e0985d6f81","name":"Luzimara Fernandes","image":{"@type":"ImageObject","inLanguage":"pt-BR","@id":"https:\/\/jornalfatosenoticias.com.br\/#\/schema\/person\/image\/","url":"https:\/\/jornalfatosenoticias.com.br\/wp-content\/uploads\/2025\/05\/EU_portal.jpg","contentUrl":"https:\/\/jornalfatosenoticias.com.br\/wp-content\/uploads\/2025\/05\/EU_portal.jpg","caption":"Luzimara Fernandes"},"description":"Jornalista MTB 2358-ES","sameAs":["https:\/\/jornalfatosenoticias.com.br"],"url":"https:\/\/jornalfatosenoticias.com.br\/index.php\/author\/luzimara\/"}]}},"cc_featured_image_caption":{"caption_text":"(Foto: Wikimedia Commons)\r\n","source_text":"","source_url":""},"jetpack_featured_media_url":"https:\/\/jornalfatosenoticias.com.br\/wp-content\/uploads\/2020\/04\/tim-maia_mutantes-capa.jpg","_links":{"self":[{"href":"https:\/\/jornalfatosenoticias.com.br\/index.php\/wp-json\/wp\/v2\/posts\/3708","targetHints":{"allow":["GET"]}}],"collection":[{"href":"https:\/\/jornalfatosenoticias.com.br\/index.php\/wp-json\/wp\/v2\/posts"}],"about":[{"href":"https:\/\/jornalfatosenoticias.com.br\/index.php\/wp-json\/wp\/v2\/types\/post"}],"author":[{"embeddable":true,"href":"https:\/\/jornalfatosenoticias.com.br\/index.php\/wp-json\/wp\/v2\/users\/2"}],"replies":[{"embeddable":true,"href":"https:\/\/jornalfatosenoticias.com.br\/index.php\/wp-json\/wp\/v2\/comments?post=3708"}],"version-history":[{"count":0,"href":"https:\/\/jornalfatosenoticias.com.br\/index.php\/wp-json\/wp\/v2\/posts\/3708\/revisions"}],"wp:featuredmedia":[{"embeddable":true,"href":"https:\/\/jornalfatosenoticias.com.br\/index.php\/wp-json\/wp\/v2\/media\/3710"}],"wp:attachment":[{"href":"https:\/\/jornalfatosenoticias.com.br\/index.php\/wp-json\/wp\/v2\/media?parent=3708"}],"wp:term":[{"taxonomy":"category","embeddable":true,"href":"https:\/\/jornalfatosenoticias.com.br\/index.php\/wp-json\/wp\/v2\/categories?post=3708"},{"taxonomy":"post_tag","embeddable":true,"href":"https:\/\/jornalfatosenoticias.com.br\/index.php\/wp-json\/wp\/v2\/tags?post=3708"}],"curies":[{"name":"wp","href":"https:\/\/api.w.org\/{rel}","templated":true}]}}