{"id":37087,"date":"2022-12-20T11:56:13","date_gmt":"2022-12-20T14:56:13","guid":{"rendered":"https:\/\/jornalfatosenoticias.com.br\/?p=37087"},"modified":"2022-12-20T11:56:14","modified_gmt":"2022-12-20T14:56:14","slug":"ansiedade-saiba-como-reconhecer-os-sintomas-em-criancas","status":"publish","type":"post","link":"https:\/\/jornalfatosenoticias.com.br\/index.php\/2022\/12\/20\/ansiedade-saiba-como-reconhecer-os-sintomas-em-criancas\/","title":{"rendered":"Ansiedade: saiba como reconhecer os sintomas em crian\u00e7as"},"content":{"rendered":"\n<div class=\"wp-block-image\"><figure class=\"aligncenter size-large\"><img loading=\"lazy\" decoding=\"async\" width=\"1024\" height=\"103\" src=\"https:\/\/jornalfatosenoticias.com.br\/wp-content\/uploads\/2022\/02\/Arte-Autoescola-Galatas_endereco_portal-1024x103.png\" alt=\"\" class=\"wp-image-27869\" srcset=\"https:\/\/jornalfatosenoticias.com.br\/wp-content\/uploads\/2022\/02\/Arte-Autoescola-Galatas_endereco_portal-1024x103.png 1024w, https:\/\/jornalfatosenoticias.com.br\/wp-content\/uploads\/2022\/02\/Arte-Autoescola-Galatas_endereco_portal-300x30.png 300w, https:\/\/jornalfatosenoticias.com.br\/wp-content\/uploads\/2022\/02\/Arte-Autoescola-Galatas_endereco_portal-768x77.png 768w, https:\/\/jornalfatosenoticias.com.br\/wp-content\/uploads\/2022\/02\/Arte-Autoescola-Galatas_endereco_portal.png 1223w\" sizes=\"auto, (max-width: 1024px) 100vw, 1024px\" \/><\/figure><\/div>\n\n\n\n<p>A ansiedade \u00e9 uma <strong>rea\u00e7\u00e3o natural <\/strong>do nosso c\u00e9rebro que serve para nos alertar em cen\u00e1rios adversos e desconhecidos, em que precisamos nos proteger. Sendo assim, ela pode ocorrer diante de diversas situa\u00e7\u00f5es. No caso das crian\u00e7as, \u00e9 comum antes de uma viagem, datas festivas ou no retorno \u00e0s aulas, por exemplo.<br>Agora, quando essa sensa\u00e7\u00e3o \u00e9 vivida diariamente, de forma mais intensa, a ansiedade pode ser classificada como uma <strong>doen\u00e7a<\/strong> e deve ser investigada por um especialista, como esclarece a psic\u00f3loga Cristiane Duez V. Santos.<\/p>\n\n\n\n<div class=\"wp-block-image\"><figure class=\"aligncenter size-large\"><img loading=\"lazy\" decoding=\"async\" width=\"300\" height=\"250\" src=\"https:\/\/jornalfatosenoticias.com.br\/wp-content\/uploads\/2022\/08\/arte-Casarao.jpg\" alt=\"\" class=\"wp-image-33178\"\/><\/figure><\/div>\n\n\n\n<figure class=\"wp-block-pullquote\"><blockquote><p><span class=\"has-inline-color has-luminous-vivid-orange-color\">A medida para entender a ansiedade como patol\u00f3gica, \u00e9 o quanto os sintomas prejudicam as atividades do dia a dia. Os sinais mais comuns em crian\u00e7as s\u00e3o: <strong><strong>dores de cabe\u00e7a<\/strong>,\u00a0<strong>dor de est\u00f4mago<\/strong>\u00a0e\u00a0<strong><a href=\"https:\/\/www.sportlife.com.br\/quiropraxia-entenda-a-tecnica-que-alivia-dores-no-corpo\/\" rel=\"noreferrer noopener\" target=\"_blank\">tens\u00e3o muscular<\/a><\/strong><\/strong>. Lembrando que, os sintomas f\u00edsicos em crian\u00e7as, s\u00e3o diferentes dos adultos\u201d, explica.<\/span><\/p><\/blockquote><\/figure>\n\n\n\n<p>Segundo a psic\u00f3loga, a puberdade precoce \u00e9 um dos principais vil\u00f5es da ansiedade e <a href=\"https:\/\/www.altoastral.com.br\/saude\/6-dicas-infaliveis-para-aliviar-o-estresse\/\" rel=\"noreferrer noopener\" target=\"_blank\">estresse<\/a> na inf\u00e2ncia e adolesc\u00eancia, al\u00e9m do estilo de vida. Por isso, <strong>estimular h\u00e1bitos saud\u00e1veis e reduzir o tempo que a crian\u00e7a passa frente \u00e0 tela do celular,<\/strong> <em>tablet<\/em> ou computador, podem auxiliar no seu desenvolvimento.<\/p>\n\n\n\n<div class=\"wp-block-image\"><figure class=\"aligncenter size-large\"><img decoding=\"async\" src=\"https:\/\/jornalfatosenoticias.com.br\/wp-content\/uploads\/2020\/02\/barao-das-carnes-300x164-1.jpg\" alt=\"\" class=\"wp-image-34339\"\/><\/figure><\/div>\n\n\n\n<blockquote class=\"wp-block-quote is-layout-flow wp-block-quote-is-layout-flow\"><p><span class=\"has-inline-color has-luminous-vivid-orange-color\">O diagn\u00f3stico e tratamento precoce tamb\u00e9m podem evitar consequ\u00eancias negativas na vida da crian\u00e7a. Muitas vezes \u00e9 necess\u00e1rio o uso de medicamentos, associados \u00e0 <strong><a href=\"https:\/\/www.altoastral.com.br\/estilo-de-vida\/terapia-na-infancia-por-que-tao-importante\/\" rel=\"noreferrer noopener\" target=\"_blank\">psicoterapia<\/a><\/strong>, em especial a terapia cognitiva comportamental\u201d, completa.<\/span><\/p><\/blockquote>\n\n\n\n<div class=\"wp-block-image\"><figure class=\"aligncenter size-large\"><img loading=\"lazy\" decoding=\"async\" width=\"1000\" height=\"562\" src=\"https:\/\/jornalfatosenoticias.com.br\/wp-content\/uploads\/2022\/12\/ansiedade1.jpg\" alt=\"\" class=\"wp-image-37088\" srcset=\"https:\/\/jornalfatosenoticias.com.br\/wp-content\/uploads\/2022\/12\/ansiedade1.jpg 1000w, https:\/\/jornalfatosenoticias.com.br\/wp-content\/uploads\/2022\/12\/ansiedade1-300x169.jpg 300w, https:\/\/jornalfatosenoticias.com.br\/wp-content\/uploads\/2022\/12\/ansiedade1-768x432.jpg 768w\" sizes=\"auto, (max-width: 1000px) 100vw, 1000px\" \/><figcaption><em><span class=\"has-inline-color has-black-color\">O tratamento da ansiedade em crian\u00e7as inclui medica\u00e7\u00e3o e psicoterapia (Foto: Shutterstock)<\/span><\/em><\/figcaption><\/figure><\/div>\n\n\n\n<p>A seguir, a especialista aponta os tipos de ansiedade mais comuns em crian\u00e7as e adolescentes e como identificar o problema:<br><strong><span class=\"has-inline-color has-vivid-cyan-blue-color\"><span style=\"text-decoration: underline;\">Ansiedade por separa\u00e7\u00e3o dos pais<br><\/span><\/span><\/strong>Apresenta-se com um medo irreal de que algo muito ruim aconte\u00e7a com eles ou com seus pais, quando se afastam de seus olhos.<\/p>\n\n\n\n<div class=\"wp-block-image\"><figure class=\"aligncenter size-large\"><img decoding=\"async\" src=\"https:\/\/jornalfatosenoticias.com.br\/wp-content\/uploads\/2020\/02\/logo_esteio.jpg\" alt=\"\" class=\"wp-image-1214\"\/><\/figure><\/div>\n\n\n\n<p><span class=\"has-inline-color has-vivid-cyan-blue-color\"><span style=\"text-decoration: underline;\"><strong>Transtorno de Ansiedade Generalizada (TAG)<br><\/strong><\/span><\/span>Caracteriza-se pela presen\u00e7a de preocupa\u00e7\u00f5es excessivas e incontrol\u00e1veis sobre diferentes aspectos da vida. Apesar de preocupa\u00e7\u00f5es serem uma manifesta\u00e7\u00e3o de ansiedade bastante comum e fazerem parte da experi\u00eancia humana, crian\u00e7as diagnosticadas com TAG mostram uma dura\u00e7\u00e3o maior desse estado ansioso.<\/p>\n\n\n\n<div class=\"wp-block-image\"><figure class=\"aligncenter size-large\"><img loading=\"lazy\" decoding=\"async\" width=\"1024\" height=\"110\" src=\"https:\/\/jornalfatosenoticias.com.br\/wp-content\/uploads\/2022\/10\/Arte-jornal-Zucchi-1120x120_Prancheta-1-1024x110.jpg\" alt=\"\" class=\"wp-image-34772\" srcset=\"https:\/\/jornalfatosenoticias.com.br\/wp-content\/uploads\/2022\/10\/Arte-jornal-Zucchi-1120x120_Prancheta-1-1024x110.jpg 1024w, https:\/\/jornalfatosenoticias.com.br\/wp-content\/uploads\/2022\/10\/Arte-jornal-Zucchi-1120x120_Prancheta-1-300x32.jpg 300w, https:\/\/jornalfatosenoticias.com.br\/wp-content\/uploads\/2022\/10\/Arte-jornal-Zucchi-1120x120_Prancheta-1-768x82.jpg 768w, https:\/\/jornalfatosenoticias.com.br\/wp-content\/uploads\/2022\/10\/Arte-jornal-Zucchi-1120x120_Prancheta-1-1536x165.jpg 1536w, https:\/\/jornalfatosenoticias.com.br\/wp-content\/uploads\/2022\/10\/Arte-jornal-Zucchi-1120x120_Prancheta-1-2048x219.jpg 2048w\" sizes=\"auto, (max-width: 1024px) 100vw, 1024px\" \/><\/figure><\/div>\n\n\n\n<p><strong><span class=\"has-inline-color has-vivid-cyan-blue-color\"><span style=\"text-decoration: underline;\">Transtorno de Ansiedade Social ou Fobia Social (TAS)<br><\/span><\/span><\/strong>\u00c9 mais comum em crian\u00e7as com at\u00e9 2,5 anos que tendem a n\u00e3o se sentir confort\u00e1veis perto de pessoas que n\u00e3o fazem parte de sua fam\u00edlia. Ap\u00f3s este per\u00edodo, se o estranhamento continuar e interferir na constru\u00e7\u00e3o da socializa\u00e7\u00e3o, \u00e9 poss\u00edvel que este desconforto tenha se tornado patol\u00f3gico.<\/p>\n\n\n\n<div class=\"wp-block-image\"><figure class=\"aligncenter size-large is-resized\"><img loading=\"lazy\" decoding=\"async\" src=\"https:\/\/jornalfatosenoticias.com.br\/wp-content\/uploads\/2022\/07\/Logo-Grupo-SEI.jpg\" alt=\"\" class=\"wp-image-31973\" width=\"324\" height=\"170\" srcset=\"https:\/\/jornalfatosenoticias.com.br\/wp-content\/uploads\/2022\/07\/Logo-Grupo-SEI.jpg 713w, https:\/\/jornalfatosenoticias.com.br\/wp-content\/uploads\/2022\/07\/Logo-Grupo-SEI-300x158.jpg 300w\" sizes=\"auto, (max-width: 324px) 100vw, 324px\" \/><\/figure><\/div>\n\n\n\n<p><strong><span class=\"has-inline-color has-vivid-cyan-blue-color\"><span style=\"text-decoration: underline;\">Como identificar a ansiedade nas crian\u00e7as?<br><\/span><\/span><\/strong>Os pais podem identificar os sintomas de ansiedade, observando seus filhos em algumas situa\u00e7\u00f5es. \u00c9 importante ficar atento se a crian\u00e7a apresenta dificuldade de concentra\u00e7\u00e3o, irritabilidade, preocupa\u00e7\u00e3o excessiva com situa\u00e7\u00f5es rotineiras, pesadelos frequentes, <strong><a href=\"https:\/\/www.altoastral.com.br\/saude\/dislexia-como-identificar-os-sinais-do-transtorno-em-criancas.phtml\" rel=\"noreferrer noopener\" target=\"_blank\">dificuldade em aprender coisas novas<\/a><\/strong> e dificuldades em superar algumas fases, como, por exemplo, o desfralde ou mesmo deixar a chupeta e a mamadeira.<\/p>\n\n\n\n<div class=\"wp-block-image\"><figure class=\"aligncenter size-large\"><img decoding=\"async\" src=\"https:\/\/jornalfatosenoticias.com.br\/wp-content\/uploads\/2020\/02\/Serra-Grande-1024x160.png\" alt=\"\" class=\"wp-image-7836\"\/><\/figure><\/div>\n\n\n\n<p><span class=\"has-inline-color has-vivid-cyan-blue-color\"><span style=\"text-decoration: underline;\"><strong>Quais sintomas devem ser observados nas crian\u00e7as?<br><\/strong><\/span><\/span>Sintomas podem surgir de formas alternadas, com per\u00edodos mais ou menos frequentes e de maior ou menor intensidade e dura\u00e7\u00e3o. O importante \u00e9 estar atento ao grau de desconforto e interfer\u00eancia que eles estejam causando na rotina da crian\u00e7a como altera\u00e7\u00f5es no apetite, <strong>dificuldades no sono,<\/strong> queda no rendimento escolar, desmotiva\u00e7\u00e3o, medos e preocupa\u00e7\u00f5es excessivas, dores de cabe\u00e7a, tonturas, timidez ou retraimento social, oscila\u00e7\u00e3o de humor e irritabilidade ou apatia.<\/p>\n\n\n\n<div class=\"wp-block-image\"><figure class=\"aligncenter size-large is-resized\"><img loading=\"lazy\" decoding=\"async\" src=\"https:\/\/jornalfatosenoticias.com.br\/wp-content\/uploads\/2020\/02\/logo-clinica-limoeiro.jpg\" alt=\"\" class=\"wp-image-34610\" width=\"303\" height=\"215\"\/><\/figure><\/div>\n\n\n\n<p><span class=\"has-inline-color has-vivid-cyan-blue-color\"><strong><span style=\"text-decoration: underline;\">Como amenizar o problema?<br><\/span><\/strong><\/span>O problema pode ser amenizado com a pr\u00e1tica de exerc\u00edcios f\u00edsicos e atividades prazerosas, ensinar a crian\u00e7a a esperar sua vez e a fazer suas escolhas de forma consciente e evitar recompens\u00e1-la, de forma excessiva, a cada atitude que tenha.<\/p>\n\n\n\n<div class=\"wp-block-image\"><figure class=\"aligncenter size-large\"><img loading=\"lazy\" decoding=\"async\" width=\"1000\" height=\"709\" src=\"https:\/\/jornalfatosenoticias.com.br\/wp-content\/uploads\/2022\/12\/CARTAO-NATALINO_2022.jpg\" alt=\"\" class=\"wp-image-36945\" srcset=\"https:\/\/jornalfatosenoticias.com.br\/wp-content\/uploads\/2022\/12\/CARTAO-NATALINO_2022.jpg 1000w, https:\/\/jornalfatosenoticias.com.br\/wp-content\/uploads\/2022\/12\/CARTAO-NATALINO_2022-300x213.jpg 300w, https:\/\/jornalfatosenoticias.com.br\/wp-content\/uploads\/2022\/12\/CARTAO-NATALINO_2022-768x545.jpg 768w\" sizes=\"auto, (max-width: 1000px) 100vw, 1000px\" \/><\/figure><\/div>\n\n\n\n<p><strong><em>Fonte:<a href=\"https:\/\/www.msn.com\/pt-br\/saude\/other\/ansiedade-saiba-como-reconhecer-os-sintomas-em-crian%C3%A7as\/ar-AA15qnA1?cvid=26db942f0ae24abdb73aa13c6b711fb9#image=2\"> MSN Not\u00edcias<\/a><\/em><\/strong><\/p>\n","protected":false},"excerpt":{"rendered":"<p>A ansiedade \u00e9 uma rea\u00e7\u00e3o natural do nosso c\u00e9rebro que serve para nos alertar em cen\u00e1rios adversos e desconhecidos, em que precisamos nos proteger. Sendo assim, ela pode ocorrer diante de diversas situa\u00e7\u00f5es. No caso das crian\u00e7as, \u00e9 comum antes de uma viagem, datas festivas ou no retorno \u00e0s aulas, por exemplo.Agora, quando essa sensa\u00e7\u00e3o [&hellip;]<\/p>\n","protected":false},"author":2,"featured_media":37089,"comment_status":"open","ping_status":"open","sticky":false,"template":"","format":"standard","meta":{"footnotes":""},"categories":[2522],"tags":[2279,17418,9601,717,1120],"class_list":["post-37087","post","type-post","status-publish","format-standard","has-post-thumbnail","hentry","category-comportamento","tag-ansiedade","tag-ansiedade-em-criancas","tag-fobias","tag-sintomas","tag-tratamento"],"yoast_head":"<!-- This site is optimized with the Yoast SEO plugin v26.5 - https:\/\/yoast.com\/wordpress\/plugins\/seo\/ -->\n<title>Ansiedade: saiba como reconhecer os sintomas em crian\u00e7as - Jornal Fatos e Not\u00edcias<\/title>\n<meta name=\"robots\" content=\"index, follow, max-snippet:-1, max-image-preview:large, max-video-preview:-1\" \/>\n<link rel=\"canonical\" href=\"https:\/\/jornalfatosenoticias.com.br\/index.php\/2022\/12\/20\/ansiedade-saiba-como-reconhecer-os-sintomas-em-criancas\/\" \/>\n<meta property=\"og:locale\" content=\"pt_BR\" \/>\n<meta property=\"og:type\" content=\"article\" \/>\n<meta property=\"og:title\" content=\"Ansiedade: saiba como reconhecer os sintomas em crian\u00e7as - Jornal Fatos e Not\u00edcias\" \/>\n<meta property=\"og:description\" content=\"A ansiedade \u00e9 uma rea\u00e7\u00e3o natural do nosso c\u00e9rebro que serve para nos alertar em cen\u00e1rios adversos e desconhecidos, em que precisamos nos proteger. Sendo assim, ela pode ocorrer diante de diversas situa\u00e7\u00f5es. No caso das crian\u00e7as, \u00e9 comum antes de uma viagem, datas festivas ou no retorno \u00e0s aulas, por exemplo.Agora, quando essa sensa\u00e7\u00e3o [&hellip;]\" \/>\n<meta property=\"og:url\" content=\"https:\/\/jornalfatosenoticias.com.br\/index.php\/2022\/12\/20\/ansiedade-saiba-como-reconhecer-os-sintomas-em-criancas\/\" \/>\n<meta property=\"og:site_name\" content=\"Jornal Fatos e Not\u00edcias\" \/>\n<meta property=\"article:published_time\" content=\"2022-12-20T14:56:13+00:00\" \/>\n<meta property=\"article:modified_time\" content=\"2022-12-20T14:56:14+00:00\" \/>\n<meta property=\"og:image\" content=\"https:\/\/jornalfatosenoticias.com.br\/wp-content\/uploads\/2022\/12\/ansiedade2.jpg\" \/>\n\t<meta property=\"og:image:width\" content=\"1000\" \/>\n\t<meta property=\"og:image:height\" content=\"562\" \/>\n\t<meta property=\"og:image:type\" content=\"image\/jpeg\" \/>\n<meta name=\"author\" content=\"Luzimara Fernandes\" \/>\n<meta name=\"twitter:card\" content=\"summary_large_image\" \/>\n<meta name=\"twitter:label1\" content=\"Escrito por\" \/>\n\t<meta name=\"twitter:data1\" content=\"Luzimara Fernandes\" \/>\n\t<meta name=\"twitter:label2\" content=\"Est. tempo de leitura\" \/>\n\t<meta name=\"twitter:data2\" content=\"3 minutos\" \/>\n<script type=\"application\/ld+json\" class=\"yoast-schema-graph\">{\"@context\":\"https:\/\/schema.org\",\"@graph\":[{\"@type\":\"Article\",\"@id\":\"https:\/\/jornalfatosenoticias.com.br\/index.php\/2022\/12\/20\/ansiedade-saiba-como-reconhecer-os-sintomas-em-criancas\/#article\",\"isPartOf\":{\"@id\":\"https:\/\/jornalfatosenoticias.com.br\/index.php\/2022\/12\/20\/ansiedade-saiba-como-reconhecer-os-sintomas-em-criancas\/\"},\"author\":{\"name\":\"Luzimara Fernandes\",\"@id\":\"https:\/\/jornalfatosenoticias.com.br\/#\/schema\/person\/d63837fa13ac8666eb9e74e0985d6f81\"},\"headline\":\"Ansiedade: saiba como reconhecer os sintomas em crian\u00e7as\",\"datePublished\":\"2022-12-20T14:56:13+00:00\",\"dateModified\":\"2022-12-20T14:56:14+00:00\",\"mainEntityOfPage\":{\"@id\":\"https:\/\/jornalfatosenoticias.com.br\/index.php\/2022\/12\/20\/ansiedade-saiba-como-reconhecer-os-sintomas-em-criancas\/\"},\"wordCount\":636,\"commentCount\":0,\"publisher\":{\"@id\":\"https:\/\/jornalfatosenoticias.com.br\/#organization\"},\"image\":{\"@id\":\"https:\/\/jornalfatosenoticias.com.br\/index.php\/2022\/12\/20\/ansiedade-saiba-como-reconhecer-os-sintomas-em-criancas\/#primaryimage\"},\"thumbnailUrl\":\"https:\/\/jornalfatosenoticias.com.br\/wp-content\/uploads\/2022\/12\/ansiedade2.jpg\",\"keywords\":[\"ansiedade\",\"ansiedade em crian\u00e7as\",\"fobias\",\"sintomas\",\"tratamento\"],\"articleSection\":[\"Comportamento &amp; Equil\u00edbrio\"],\"inLanguage\":\"pt-BR\",\"potentialAction\":[{\"@type\":\"CommentAction\",\"name\":\"Comment\",\"target\":[\"https:\/\/jornalfatosenoticias.com.br\/index.php\/2022\/12\/20\/ansiedade-saiba-como-reconhecer-os-sintomas-em-criancas\/#respond\"]}]},{\"@type\":\"WebPage\",\"@id\":\"https:\/\/jornalfatosenoticias.com.br\/index.php\/2022\/12\/20\/ansiedade-saiba-como-reconhecer-os-sintomas-em-criancas\/\",\"url\":\"https:\/\/jornalfatosenoticias.com.br\/index.php\/2022\/12\/20\/ansiedade-saiba-como-reconhecer-os-sintomas-em-criancas\/\",\"name\":\"Ansiedade: saiba como reconhecer os sintomas em crian\u00e7as - Jornal Fatos e Not\u00edcias\",\"isPartOf\":{\"@id\":\"https:\/\/jornalfatosenoticias.com.br\/#website\"},\"primaryImageOfPage\":{\"@id\":\"https:\/\/jornalfatosenoticias.com.br\/index.php\/2022\/12\/20\/ansiedade-saiba-como-reconhecer-os-sintomas-em-criancas\/#primaryimage\"},\"image\":{\"@id\":\"https:\/\/jornalfatosenoticias.com.br\/index.php\/2022\/12\/20\/ansiedade-saiba-como-reconhecer-os-sintomas-em-criancas\/#primaryimage\"},\"thumbnailUrl\":\"https:\/\/jornalfatosenoticias.com.br\/wp-content\/uploads\/2022\/12\/ansiedade2.jpg\",\"datePublished\":\"2022-12-20T14:56:13+00:00\",\"dateModified\":\"2022-12-20T14:56:14+00:00\",\"breadcrumb\":{\"@id\":\"https:\/\/jornalfatosenoticias.com.br\/index.php\/2022\/12\/20\/ansiedade-saiba-como-reconhecer-os-sintomas-em-criancas\/#breadcrumb\"},\"inLanguage\":\"pt-BR\",\"potentialAction\":[{\"@type\":\"ReadAction\",\"target\":[\"https:\/\/jornalfatosenoticias.com.br\/index.php\/2022\/12\/20\/ansiedade-saiba-como-reconhecer-os-sintomas-em-criancas\/\"]}]},{\"@type\":\"ImageObject\",\"inLanguage\":\"pt-BR\",\"@id\":\"https:\/\/jornalfatosenoticias.com.br\/index.php\/2022\/12\/20\/ansiedade-saiba-como-reconhecer-os-sintomas-em-criancas\/#primaryimage\",\"url\":\"https:\/\/jornalfatosenoticias.com.br\/wp-content\/uploads\/2022\/12\/ansiedade2.jpg\",\"contentUrl\":\"https:\/\/jornalfatosenoticias.com.br\/wp-content\/uploads\/2022\/12\/ansiedade2.jpg\",\"width\":1000,\"height\":562},{\"@type\":\"BreadcrumbList\",\"@id\":\"https:\/\/jornalfatosenoticias.com.br\/index.php\/2022\/12\/20\/ansiedade-saiba-como-reconhecer-os-sintomas-em-criancas\/#breadcrumb\",\"itemListElement\":[{\"@type\":\"ListItem\",\"position\":1,\"name\":\"In\u00edcio\",\"item\":\"https:\/\/jornalfatosenoticias.com.br\/\"},{\"@type\":\"ListItem\",\"position\":2,\"name\":\"Ansiedade: saiba como reconhecer os sintomas em crian\u00e7as\"}]},{\"@type\":\"WebSite\",\"@id\":\"https:\/\/jornalfatosenoticias.com.br\/#website\",\"url\":\"https:\/\/jornalfatosenoticias.com.br\/\",\"name\":\"Jornal Fatos e Not\u00edcias\",\"description\":\"Not\u00edcias em geral\",\"publisher\":{\"@id\":\"https:\/\/jornalfatosenoticias.com.br\/#organization\"},\"potentialAction\":[{\"@type\":\"SearchAction\",\"target\":{\"@type\":\"EntryPoint\",\"urlTemplate\":\"https:\/\/jornalfatosenoticias.com.br\/?s={search_term_string}\"},\"query-input\":{\"@type\":\"PropertyValueSpecification\",\"valueRequired\":true,\"valueName\":\"search_term_string\"}}],\"inLanguage\":\"pt-BR\"},{\"@type\":\"Organization\",\"@id\":\"https:\/\/jornalfatosenoticias.com.br\/#organization\",\"name\":\"Jornal Fatos e Not\u00edcias\",\"url\":\"https:\/\/jornalfatosenoticias.com.br\/\",\"logo\":{\"@type\":\"ImageObject\",\"inLanguage\":\"pt-BR\",\"@id\":\"https:\/\/jornalfatosenoticias.com.br\/#\/schema\/logo\/image\/\",\"url\":\"https:\/\/jornalfatosenoticias.com.br\/wp-content\/uploads\/2020\/02\/logo120.png\",\"contentUrl\":\"https:\/\/jornalfatosenoticias.com.br\/wp-content\/uploads\/2020\/02\/logo120.png\",\"width\":1227,\"height\":120,\"caption\":\"Jornal Fatos e Not\u00edcias\"},\"image\":{\"@id\":\"https:\/\/jornalfatosenoticias.com.br\/#\/schema\/logo\/image\/\"}},{\"@type\":\"Person\",\"@id\":\"https:\/\/jornalfatosenoticias.com.br\/#\/schema\/person\/d63837fa13ac8666eb9e74e0985d6f81\",\"name\":\"Luzimara Fernandes\",\"image\":{\"@type\":\"ImageObject\",\"inLanguage\":\"pt-BR\",\"@id\":\"https:\/\/jornalfatosenoticias.com.br\/#\/schema\/person\/image\/\",\"url\":\"https:\/\/jornalfatosenoticias.com.br\/wp-content\/uploads\/2025\/05\/EU_portal.jpg\",\"contentUrl\":\"https:\/\/jornalfatosenoticias.com.br\/wp-content\/uploads\/2025\/05\/EU_portal.jpg\",\"caption\":\"Luzimara Fernandes\"},\"description\":\"Jornalista MTB 2358-ES\",\"sameAs\":[\"https:\/\/jornalfatosenoticias.com.br\"],\"url\":\"https:\/\/jornalfatosenoticias.com.br\/index.php\/author\/luzimara\/\"}]}<\/script>\n<!-- \/ Yoast SEO plugin. -->","yoast_head_json":{"title":"Ansiedade: saiba como reconhecer os sintomas em crian\u00e7as - Jornal Fatos e Not\u00edcias","robots":{"index":"index","follow":"follow","max-snippet":"max-snippet:-1","max-image-preview":"max-image-preview:large","max-video-preview":"max-video-preview:-1"},"canonical":"https:\/\/jornalfatosenoticias.com.br\/index.php\/2022\/12\/20\/ansiedade-saiba-como-reconhecer-os-sintomas-em-criancas\/","og_locale":"pt_BR","og_type":"article","og_title":"Ansiedade: saiba como reconhecer os sintomas em crian\u00e7as - Jornal Fatos e Not\u00edcias","og_description":"A ansiedade \u00e9 uma rea\u00e7\u00e3o natural do nosso c\u00e9rebro que serve para nos alertar em cen\u00e1rios adversos e desconhecidos, em que precisamos nos proteger. Sendo assim, ela pode ocorrer diante de diversas situa\u00e7\u00f5es. No caso das crian\u00e7as, \u00e9 comum antes de uma viagem, datas festivas ou no retorno \u00e0s aulas, por exemplo.Agora, quando essa sensa\u00e7\u00e3o [&hellip;]","og_url":"https:\/\/jornalfatosenoticias.com.br\/index.php\/2022\/12\/20\/ansiedade-saiba-como-reconhecer-os-sintomas-em-criancas\/","og_site_name":"Jornal Fatos e Not\u00edcias","article_published_time":"2022-12-20T14:56:13+00:00","article_modified_time":"2022-12-20T14:56:14+00:00","og_image":[{"width":1000,"height":562,"url":"https:\/\/jornalfatosenoticias.com.br\/wp-content\/uploads\/2022\/12\/ansiedade2.jpg","type":"image\/jpeg"}],"author":"Luzimara Fernandes","twitter_card":"summary_large_image","twitter_misc":{"Escrito por":"Luzimara Fernandes","Est. tempo de leitura":"3 minutos"},"schema":{"@context":"https:\/\/schema.org","@graph":[{"@type":"Article","@id":"https:\/\/jornalfatosenoticias.com.br\/index.php\/2022\/12\/20\/ansiedade-saiba-como-reconhecer-os-sintomas-em-criancas\/#article","isPartOf":{"@id":"https:\/\/jornalfatosenoticias.com.br\/index.php\/2022\/12\/20\/ansiedade-saiba-como-reconhecer-os-sintomas-em-criancas\/"},"author":{"name":"Luzimara Fernandes","@id":"https:\/\/jornalfatosenoticias.com.br\/#\/schema\/person\/d63837fa13ac8666eb9e74e0985d6f81"},"headline":"Ansiedade: saiba como reconhecer os sintomas em crian\u00e7as","datePublished":"2022-12-20T14:56:13+00:00","dateModified":"2022-12-20T14:56:14+00:00","mainEntityOfPage":{"@id":"https:\/\/jornalfatosenoticias.com.br\/index.php\/2022\/12\/20\/ansiedade-saiba-como-reconhecer-os-sintomas-em-criancas\/"},"wordCount":636,"commentCount":0,"publisher":{"@id":"https:\/\/jornalfatosenoticias.com.br\/#organization"},"image":{"@id":"https:\/\/jornalfatosenoticias.com.br\/index.php\/2022\/12\/20\/ansiedade-saiba-como-reconhecer-os-sintomas-em-criancas\/#primaryimage"},"thumbnailUrl":"https:\/\/jornalfatosenoticias.com.br\/wp-content\/uploads\/2022\/12\/ansiedade2.jpg","keywords":["ansiedade","ansiedade em crian\u00e7as","fobias","sintomas","tratamento"],"articleSection":["Comportamento &amp; Equil\u00edbrio"],"inLanguage":"pt-BR","potentialAction":[{"@type":"CommentAction","name":"Comment","target":["https:\/\/jornalfatosenoticias.com.br\/index.php\/2022\/12\/20\/ansiedade-saiba-como-reconhecer-os-sintomas-em-criancas\/#respond"]}]},{"@type":"WebPage","@id":"https:\/\/jornalfatosenoticias.com.br\/index.php\/2022\/12\/20\/ansiedade-saiba-como-reconhecer-os-sintomas-em-criancas\/","url":"https:\/\/jornalfatosenoticias.com.br\/index.php\/2022\/12\/20\/ansiedade-saiba-como-reconhecer-os-sintomas-em-criancas\/","name":"Ansiedade: saiba como reconhecer os sintomas em crian\u00e7as - Jornal Fatos e Not\u00edcias","isPartOf":{"@id":"https:\/\/jornalfatosenoticias.com.br\/#website"},"primaryImageOfPage":{"@id":"https:\/\/jornalfatosenoticias.com.br\/index.php\/2022\/12\/20\/ansiedade-saiba-como-reconhecer-os-sintomas-em-criancas\/#primaryimage"},"image":{"@id":"https:\/\/jornalfatosenoticias.com.br\/index.php\/2022\/12\/20\/ansiedade-saiba-como-reconhecer-os-sintomas-em-criancas\/#primaryimage"},"thumbnailUrl":"https:\/\/jornalfatosenoticias.com.br\/wp-content\/uploads\/2022\/12\/ansiedade2.jpg","datePublished":"2022-12-20T14:56:13+00:00","dateModified":"2022-12-20T14:56:14+00:00","breadcrumb":{"@id":"https:\/\/jornalfatosenoticias.com.br\/index.php\/2022\/12\/20\/ansiedade-saiba-como-reconhecer-os-sintomas-em-criancas\/#breadcrumb"},"inLanguage":"pt-BR","potentialAction":[{"@type":"ReadAction","target":["https:\/\/jornalfatosenoticias.com.br\/index.php\/2022\/12\/20\/ansiedade-saiba-como-reconhecer-os-sintomas-em-criancas\/"]}]},{"@type":"ImageObject","inLanguage":"pt-BR","@id":"https:\/\/jornalfatosenoticias.com.br\/index.php\/2022\/12\/20\/ansiedade-saiba-como-reconhecer-os-sintomas-em-criancas\/#primaryimage","url":"https:\/\/jornalfatosenoticias.com.br\/wp-content\/uploads\/2022\/12\/ansiedade2.jpg","contentUrl":"https:\/\/jornalfatosenoticias.com.br\/wp-content\/uploads\/2022\/12\/ansiedade2.jpg","width":1000,"height":562},{"@type":"BreadcrumbList","@id":"https:\/\/jornalfatosenoticias.com.br\/index.php\/2022\/12\/20\/ansiedade-saiba-como-reconhecer-os-sintomas-em-criancas\/#breadcrumb","itemListElement":[{"@type":"ListItem","position":1,"name":"In\u00edcio","item":"https:\/\/jornalfatosenoticias.com.br\/"},{"@type":"ListItem","position":2,"name":"Ansiedade: saiba como reconhecer os sintomas em crian\u00e7as"}]},{"@type":"WebSite","@id":"https:\/\/jornalfatosenoticias.com.br\/#website","url":"https:\/\/jornalfatosenoticias.com.br\/","name":"Jornal Fatos e Not\u00edcias","description":"Not\u00edcias em geral","publisher":{"@id":"https:\/\/jornalfatosenoticias.com.br\/#organization"},"potentialAction":[{"@type":"SearchAction","target":{"@type":"EntryPoint","urlTemplate":"https:\/\/jornalfatosenoticias.com.br\/?s={search_term_string}"},"query-input":{"@type":"PropertyValueSpecification","valueRequired":true,"valueName":"search_term_string"}}],"inLanguage":"pt-BR"},{"@type":"Organization","@id":"https:\/\/jornalfatosenoticias.com.br\/#organization","name":"Jornal Fatos e Not\u00edcias","url":"https:\/\/jornalfatosenoticias.com.br\/","logo":{"@type":"ImageObject","inLanguage":"pt-BR","@id":"https:\/\/jornalfatosenoticias.com.br\/#\/schema\/logo\/image\/","url":"https:\/\/jornalfatosenoticias.com.br\/wp-content\/uploads\/2020\/02\/logo120.png","contentUrl":"https:\/\/jornalfatosenoticias.com.br\/wp-content\/uploads\/2020\/02\/logo120.png","width":1227,"height":120,"caption":"Jornal Fatos e Not\u00edcias"},"image":{"@id":"https:\/\/jornalfatosenoticias.com.br\/#\/schema\/logo\/image\/"}},{"@type":"Person","@id":"https:\/\/jornalfatosenoticias.com.br\/#\/schema\/person\/d63837fa13ac8666eb9e74e0985d6f81","name":"Luzimara Fernandes","image":{"@type":"ImageObject","inLanguage":"pt-BR","@id":"https:\/\/jornalfatosenoticias.com.br\/#\/schema\/person\/image\/","url":"https:\/\/jornalfatosenoticias.com.br\/wp-content\/uploads\/2025\/05\/EU_portal.jpg","contentUrl":"https:\/\/jornalfatosenoticias.com.br\/wp-content\/uploads\/2025\/05\/EU_portal.jpg","caption":"Luzimara Fernandes"},"description":"Jornalista MTB 2358-ES","sameAs":["https:\/\/jornalfatosenoticias.com.br"],"url":"https:\/\/jornalfatosenoticias.com.br\/index.php\/author\/luzimara\/"}]}},"cc_featured_image_caption":{"caption_text":"(Foto: Shutterstock)","source_text":"","source_url":""},"jetpack_featured_media_url":"https:\/\/jornalfatosenoticias.com.br\/wp-content\/uploads\/2022\/12\/ansiedade2.jpg","_links":{"self":[{"href":"https:\/\/jornalfatosenoticias.com.br\/index.php\/wp-json\/wp\/v2\/posts\/37087","targetHints":{"allow":["GET"]}}],"collection":[{"href":"https:\/\/jornalfatosenoticias.com.br\/index.php\/wp-json\/wp\/v2\/posts"}],"about":[{"href":"https:\/\/jornalfatosenoticias.com.br\/index.php\/wp-json\/wp\/v2\/types\/post"}],"author":[{"embeddable":true,"href":"https:\/\/jornalfatosenoticias.com.br\/index.php\/wp-json\/wp\/v2\/users\/2"}],"replies":[{"embeddable":true,"href":"https:\/\/jornalfatosenoticias.com.br\/index.php\/wp-json\/wp\/v2\/comments?post=37087"}],"version-history":[{"count":0,"href":"https:\/\/jornalfatosenoticias.com.br\/index.php\/wp-json\/wp\/v2\/posts\/37087\/revisions"}],"wp:featuredmedia":[{"embeddable":true,"href":"https:\/\/jornalfatosenoticias.com.br\/index.php\/wp-json\/wp\/v2\/media\/37089"}],"wp:attachment":[{"href":"https:\/\/jornalfatosenoticias.com.br\/index.php\/wp-json\/wp\/v2\/media?parent=37087"}],"wp:term":[{"taxonomy":"category","embeddable":true,"href":"https:\/\/jornalfatosenoticias.com.br\/index.php\/wp-json\/wp\/v2\/categories?post=37087"},{"taxonomy":"post_tag","embeddable":true,"href":"https:\/\/jornalfatosenoticias.com.br\/index.php\/wp-json\/wp\/v2\/tags?post=37087"}],"curies":[{"name":"wp","href":"https:\/\/api.w.org\/{rel}","templated":true}]}}