{"id":37114,"date":"2022-12-20T13:21:57","date_gmt":"2022-12-20T16:21:57","guid":{"rendered":"https:\/\/jornalfatosenoticias.com.br\/?p=37114"},"modified":"2022-12-20T13:21:58","modified_gmt":"2022-12-20T16:21:58","slug":"qual-a-idade-da-agua-cientistas-encontram-a-resposta","status":"publish","type":"post","link":"https:\/\/jornalfatosenoticias.com.br\/index.php\/2022\/12\/20\/qual-a-idade-da-agua-cientistas-encontram-a-resposta\/","title":{"rendered":"Qual a idade da \u00e1gua? Cientistas encontram a resposta"},"content":{"rendered":"\n<p><em><span class=\"has-inline-color has-black-color\">Estudo se aprofundou em todo processo de cria\u00e7\u00e3o de um planeta para entender a hist\u00f3ria da \u00e1gua<\/span><\/em><\/p>\n\n\n\n<div class=\"wp-block-image\"><figure class=\"aligncenter size-large\"><img loading=\"lazy\" decoding=\"async\" width=\"1024\" height=\"111\" src=\"https:\/\/jornalfatosenoticias.com.br\/wp-content\/uploads\/2020\/02\/WhatsApp-Image-2022-09-23-at-12.09.18-1024x111.jpeg\" alt=\"\" class=\"wp-image-34527\" srcset=\"https:\/\/jornalfatosenoticias.com.br\/wp-content\/uploads\/2020\/02\/WhatsApp-Image-2022-09-23-at-12.09.18-1024x111.jpeg 1024w, https:\/\/jornalfatosenoticias.com.br\/wp-content\/uploads\/2020\/02\/WhatsApp-Image-2022-09-23-at-12.09.18-300x32.jpeg 300w, https:\/\/jornalfatosenoticias.com.br\/wp-content\/uploads\/2020\/02\/WhatsApp-Image-2022-09-23-at-12.09.18-768x83.jpeg 768w, https:\/\/jornalfatosenoticias.com.br\/wp-content\/uploads\/2020\/02\/WhatsApp-Image-2022-09-23-at-12.09.18.jpeg 1121w\" sizes=\"auto, (max-width: 1024px) 100vw, 1024px\" \/><\/figure><\/div>\n\n\n\n<p>A origem da \u00e1gua da Terra \u00e9 um mist\u00e9rio h\u00e1 s\u00e9culos. S\u00e3o diversas as teorias que explicam sua exist\u00eancia, bem como as evid\u00eancias que as sustentam. No entanto, sua idade aproximada nunca foi calculada, at\u00e9 agora.<\/p>\n\n\n\n<div class=\"wp-block-image\"><figure class=\"alignleft size-large is-resized\"><img loading=\"lazy\" decoding=\"async\" src=\"https:\/\/jornalfatosenoticias.com.br\/wp-content\/uploads\/2022\/07\/Logo-Grupo-SEI.jpg\" alt=\"\" class=\"wp-image-31973\" width=\"311\" height=\"164\" srcset=\"https:\/\/jornalfatosenoticias.com.br\/wp-content\/uploads\/2022\/07\/Logo-Grupo-SEI.jpg 713w, https:\/\/jornalfatosenoticias.com.br\/wp-content\/uploads\/2022\/07\/Logo-Grupo-SEI-300x158.jpg 300w\" sizes=\"auto, (max-width: 311px) 100vw, 311px\" \/><\/figure><\/div>\n\n\n\n<p>De acordo com um estudo recente publicado na <em>GeoScienceWorld Elements<\/em> e divulgado pela <em>Science Alert,<\/em> a \u00e1gua do nosso planeta tem 4,5 bilh\u00f5es de anos, a mesma idade da Terra, e a evid\u00eancia para a afirma\u00e7\u00e3o est\u00e1 no conte\u00fado de \u00e1gua pesada presente na Terra (composto tamb\u00e9m chamado de \u00e1gua deuterada e quimicamente semelhante \u00e0 \u00e1gua normal). Para chegar aos resultados, os cientistas precisaram avaliar minuciosamente a cria\u00e7\u00e3o de um Sistema Solar e entender a \u201cponta do iceberg\u201d que \u00e9 a trajet\u00f3ria da \u00e1gua.<\/p>\n\n\n\n<div class=\"wp-block-image\"><figure class=\"aligncenter size-large is-resized\"><img loading=\"lazy\" decoding=\"async\" src=\"https:\/\/jornalfatosenoticias.com.br\/wp-content\/uploads\/2020\/02\/nova-logo-Marquetti.jpg\" alt=\"\" class=\"wp-image-22331\" width=\"239\" height=\"161\" srcset=\"https:\/\/jornalfatosenoticias.com.br\/wp-content\/uploads\/2020\/02\/nova-logo-Marquetti.jpg 643w, https:\/\/jornalfatosenoticias.com.br\/wp-content\/uploads\/2020\/02\/nova-logo-Marquetti-300x202.jpg 300w\" sizes=\"auto, (max-width: 239px) 100vw, 239px\" \/><\/figure><\/div>\n\n\n\n<p>A descoberta foi divulgada em um artigo sob o t\u00edtulo \u201c<a href=\"https:\/\/pubs.geoscienceworld.org\/msa\/elements\/article-abstract\/18\/3\/155\/618795\/We-Drink-Good-4-5-Billion-Year-Old-Water?redirectedFrom=fulltext\" target=\"_blank\" rel=\"noreferrer noopener\">N\u00f3s bebemos \u00e1gua boa de 4,5 bilh\u00f5es de anos<\/a>\u201d, escrito por Cecilia Ceccarelli e Fujun Du, ambos astr\u00f4nomos.<\/p>\n\n\n\n<p><strong><span class=\"has-inline-color has-vivid-cyan-blue-color\">O Sistema Solar e a rela\u00e7\u00e3o com a \u00e1gua<br><\/span><\/strong>Em sistemas solares como o nosso, a \u00e1gua est\u00e1 presente \u00e0 medida que o sol (uma estrela) cresce e os planetas se formam. A forma\u00e7\u00e3o desse sistema come\u00e7a com uma nuvem molecular gigante, que cont\u00e9m principalmente hidrog\u00eanio, o principal componente da \u00e1gua. Em seguida est\u00e3o o h\u00e9lio, o oxig\u00eanio e o carbono, em ordem de abund\u00e2ncia, e tamb\u00e9m gr\u00e3os de poeira de silicato e poeira carbon\u00e1cea.<\/p>\n\n\n\n<div class=\"wp-block-image\"><figure class=\"aligncenter size-large\"><img loading=\"lazy\" decoding=\"async\" width=\"1024\" height=\"100\" src=\"https:\/\/jornalfatosenoticias.com.br\/wp-content\/uploads\/2020\/02\/banner_ferramentas-1024x100.jpg\" alt=\"\" class=\"wp-image-1258\" srcset=\"https:\/\/jornalfatosenoticias.com.br\/wp-content\/uploads\/2020\/02\/banner_ferramentas-1024x100.jpg 1024w, https:\/\/jornalfatosenoticias.com.br\/wp-content\/uploads\/2020\/02\/banner_ferramentas-300x29.jpg 300w, https:\/\/jornalfatosenoticias.com.br\/wp-content\/uploads\/2020\/02\/banner_ferramentas-768x75.jpg 768w, https:\/\/jornalfatosenoticias.com.br\/wp-content\/uploads\/2020\/02\/banner_ferramentas.jpg 1227w\" sizes=\"auto, (max-width: 1024px) 100vw, 1024px\" \/><\/figure><\/div>\n\n\n\n<p>O encontro de todos esses compostos inicia o processo de nascimento de um Sistema Solar. Contudo, a \u00e1gua n\u00e3o \u00e9 \u00e1gua at\u00e9 que o hidrog\u00eanio e o oxig\u00eanio se combinem, e as mol\u00e9culas de hidrog\u00eanio mais leves na nuvem saltem sobre os gr\u00e3os de poeira congelados para encontrar oxig\u00eanio. Quando isso acontece, eles reagem e formam o gelo de \u00e1gua \u2014 em dois tipos: \u00e1gua regular e \u00e1gua pesada contendo deut\u00e9rio.<\/p>\n\n\n\n<div class=\"wp-block-image\"><figure class=\"aligncenter size-large is-resized\"><img loading=\"lazy\" decoding=\"async\" src=\"https:\/\/jornalfatosenoticias.com.br\/wp-content\/uploads\/2020\/02\/casa-do-torresmo_portal.jpg\" alt=\"\" class=\"wp-image-34472\" width=\"231\" height=\"231\" srcset=\"https:\/\/jornalfatosenoticias.com.br\/wp-content\/uploads\/2020\/02\/casa-do-torresmo_portal.jpg 300w, https:\/\/jornalfatosenoticias.com.br\/wp-content\/uploads\/2020\/02\/casa-do-torresmo_portal-150x150.jpg 150w\" sizes=\"auto, (max-width: 231px) 100vw, 231px\" \/><\/figure><\/div>\n\n\n\n<p>Em suma, esse gelo passa por diversos processos, incluindo o de vapor e g\u00e1s, at\u00e9 que a gravidade e outras rea\u00e7\u00f5es entrem em a\u00e7\u00e3o, dando vida a uma jovem protoestrela e partindo para novas etapas de cria\u00e7\u00e3o. Apenas l\u00e1 pela fase quatro, conforme o artigo, veremos um Sistema Solar como estamos acostumados, com planetas, asteroides e cometas ocupando \u00f3rbitas, e consequentemente uma nova fase da \u00e1gua.<\/p>\n\n\n\n<div class=\"wp-block-image\"><figure class=\"aligncenter size-large\"><img loading=\"lazy\" decoding=\"async\" width=\"729\" height=\"90\" src=\"https:\/\/jornalfatosenoticias.com.br\/wp-content\/uploads\/2020\/02\/Logo_Mizu.png\" alt=\"\" class=\"wp-image-1441\" srcset=\"https:\/\/jornalfatosenoticias.com.br\/wp-content\/uploads\/2020\/02\/Logo_Mizu.png 729w, https:\/\/jornalfatosenoticias.com.br\/wp-content\/uploads\/2020\/02\/Logo_Mizu-300x37.png 300w\" sizes=\"auto, (max-width: 729px) 100vw, 729px\" \/><\/figure><\/div>\n\n\n\n<p>Conforme os autores, o ponto \u00e9: h\u00e1 dois epis\u00f3dios de s\u00edntese de \u00e1gua, a primeira acontece quando o sistema solar ainda n\u00e3o se formou e \u00e9 apenas uma nuvem fria e a segunda quando os planetas se formam. Os dois acontecem em condi\u00e7\u00f5es diferentes, e essas condi\u00e7\u00f5es deixam sua marca isot\u00f3pica na \u00e1gua. <\/p>\n\n\n\n<div class=\"wp-block-image\"><figure class=\"aligncenter size-large is-resized\"><img loading=\"lazy\" decoding=\"async\" src=\"https:\/\/jornalfatosenoticias.com.br\/wp-content\/uploads\/2022\/02\/Precisao-Contabilidade-1024x724.jpg\" alt=\"\" class=\"wp-image-28088\" width=\"279\" height=\"197\"\/><\/figure><\/div>\n\n\n\n<p>A \u00e1gua da primeira s\u00edntese tem 4,5 bilh\u00f5es de anos \u2014 a idade do nosso planeta, j\u00e1 que ela faz parte do processo de nascimento de todo Sistema Solar \u2014 e a quest\u00e3o agora \u00e9: <strong>quanto dessa \u00e1gua antiga chegou \u00e0 Terra?<\/strong><br>Os resultados de todo esse trabalho conclu\u00edram que entre 1% e 50% da \u00e1gua da Terra veio da fase inicial do nascimento do Sistema Solar. Essa \u00e9 uma ampla gama, mas ainda \u00e9 uma parte significativa do conhecimento.<\/p>\n\n\n\n<div class=\"wp-block-image\"><figure class=\"aligncenter size-large\"><img loading=\"lazy\" decoding=\"async\" width=\"1024\" height=\"103\" src=\"https:\/\/jornalfatosenoticias.com.br\/wp-content\/uploads\/2022\/02\/Arte-Autoescola-Galatas_endereco_portal-1024x103.png\" alt=\"\" class=\"wp-image-27869\" srcset=\"https:\/\/jornalfatosenoticias.com.br\/wp-content\/uploads\/2022\/02\/Arte-Autoescola-Galatas_endereco_portal-1024x103.png 1024w, https:\/\/jornalfatosenoticias.com.br\/wp-content\/uploads\/2022\/02\/Arte-Autoescola-Galatas_endereco_portal-300x30.png 300w, https:\/\/jornalfatosenoticias.com.br\/wp-content\/uploads\/2022\/02\/Arte-Autoescola-Galatas_endereco_portal-768x77.png 768w, https:\/\/jornalfatosenoticias.com.br\/wp-content\/uploads\/2022\/02\/Arte-Autoescola-Galatas_endereco_portal.png 1223w\" sizes=\"auto, (max-width: 1024px) 100vw, 1024px\" \/><\/figure><\/div>\n\n\n\n<div class=\"wp-block-image\"><figure class=\"aligncenter size-large\"><img loading=\"lazy\" decoding=\"async\" width=\"1000\" height=\"600\" src=\"https:\/\/jornalfatosenoticias.com.br\/wp-content\/uploads\/2022\/12\/AGUA-IDADE2_sistema-solar.jpg\" alt=\"\" class=\"wp-image-37115\" srcset=\"https:\/\/jornalfatosenoticias.com.br\/wp-content\/uploads\/2022\/12\/AGUA-IDADE2_sistema-solar.jpg 1000w, https:\/\/jornalfatosenoticias.com.br\/wp-content\/uploads\/2022\/12\/AGUA-IDADE2_sistema-solar-300x180.jpg 300w, https:\/\/jornalfatosenoticias.com.br\/wp-content\/uploads\/2022\/12\/AGUA-IDADE2_sistema-solar-768x461.jpg 768w\" sizes=\"auto, (max-width: 1000px) 100vw, 1000px\" \/><figcaption><em><span class=\"has-inline-color has-black-color\">Sistema Solar (Foto: Sergey Nivens\/Shutterstock)<\/span><\/em><\/figcaption><\/figure><\/div>\n\n\n\n<div class=\"wp-block-image\"><figure class=\"aligncenter size-large\"><img decoding=\"async\" src=\"https:\/\/jornalfatosenoticias.com.br\/wp-content\/uploads\/2020\/02\/logo_esteio.jpg\" alt=\"\" class=\"wp-image-1214\"\/><\/figure><\/div>\n\n\n\n<figure class=\"wp-block-pullquote\"><blockquote><p><span class=\"has-inline-color has-luminous-vivid-orange-color\">A \u00e1gua em cometas e asteroides (da qual se origina a grande maioria dos meteoritos) tamb\u00e9m foi herdada desde o in\u00edcio em grandes quantidades. A Terra provavelmente herdou sua \u00e1gua original predominantemente de planetesimais, que supostamente s\u00e3o os precursores dos asteroides e planetas que formou a Terra, e n\u00e3o dos cometas que choveram sobre ela\u201d, explicaram os cientistas.<\/span><\/p><\/blockquote><\/figure>\n\n\n\n<div class=\"wp-block-image\"><figure class=\"alignright size-large\"><img decoding=\"async\" src=\"https:\/\/jornalfatosenoticias.com.br\/wp-content\/uploads\/2020\/02\/barao-das-carnes-300x164-1.jpg\" alt=\"\" class=\"wp-image-34339\"\/><\/figure><\/div>\n\n\n\n<p>No entanto, apesar de chegarem a um senso sobre a idade da \u00e1gua, seu processo de nascimento e o quanto da formula\u00e7\u00e3o original veio para a Terra, o estudo n\u00e3o esclareceu como toda a \u00e1gua da etapa inicial veio parar na Terra, mas mostra que a dica est\u00e1 na quantidade de \u00e1gua pesada, sendo esse um come\u00e7o para explicar mais detalhadamente o seu caminho. Contudo, h\u00e1 muito mais complexidade para resolver antes que possam descobrir isso. <\/p>\n\n\n\n<div class=\"wp-block-image\"><figure class=\"aligncenter size-large\"><img loading=\"lazy\" decoding=\"async\" width=\"300\" height=\"250\" src=\"https:\/\/jornalfatosenoticias.com.br\/wp-content\/uploads\/2022\/08\/arte-Casarao.jpg\" alt=\"\" class=\"wp-image-33178\"\/><\/figure><\/div>\n\n\n\n<figure class=\"wp-block-pullquote\"><blockquote><p><span class=\"has-inline-color has-luminous-vivid-orange-color\">A quest\u00e3o \u00e9 bastante complicada porque a origem e evolu\u00e7\u00e3o da \u00e1gua da Terra est\u00e1 inevitavelmente ligada a outros participantes importantes neste planeta, por exemplo, carbono, oxig\u00eanio molecular e o campo magn\u00e9tico\u201d.<\/span><\/p><\/blockquote><\/figure>\n\n\n\n<div class=\"wp-block-image\"><figure class=\"aligncenter size-large\"><img loading=\"lazy\" decoding=\"async\" width=\"1024\" height=\"100\" src=\"https:\/\/jornalfatosenoticias.com.br\/wp-content\/uploads\/2022\/05\/NOVA-LOGO-CESCONETTO-1024x100.jpg\" alt=\"\" class=\"wp-image-30792\" srcset=\"https:\/\/jornalfatosenoticias.com.br\/wp-content\/uploads\/2022\/05\/NOVA-LOGO-CESCONETTO-1024x100.jpg 1024w, https:\/\/jornalfatosenoticias.com.br\/wp-content\/uploads\/2022\/05\/NOVA-LOGO-CESCONETTO-300x29.jpg 300w, https:\/\/jornalfatosenoticias.com.br\/wp-content\/uploads\/2022\/05\/NOVA-LOGO-CESCONETTO-768x75.jpg 768w, https:\/\/jornalfatosenoticias.com.br\/wp-content\/uploads\/2022\/05\/NOVA-LOGO-CESCONETTO.jpg 1280w\" sizes=\"auto, (max-width: 1024px) 100vw, 1024px\" \/><\/figure><\/div>\n\n\n\n<p>A equipe destacou ainda que a \u00e1gua est\u00e1 no centro de tudo e, ao mostrar que parte dela remonta os prim\u00f3rdios do Sistema Solar, os autores forneceram um ponto de partida para descobrir o resto. <\/p>\n\n\n\n<div class=\"wp-block-image\"><figure class=\"aligncenter size-large is-resized\"><img loading=\"lazy\" decoding=\"async\" src=\"https:\/\/jornalfatosenoticias.com.br\/wp-content\/uploads\/2022\/08\/logo-locau-veiculos-1024x573.png\" alt=\"\" class=\"wp-image-33078\" width=\"300\" height=\"167\"\/><\/figure><\/div>\n\n\n\n<figure class=\"wp-block-pullquote\"><blockquote><p><span class=\"has-inline-color has-luminous-vivid-orange-color\">Uma boa fra\u00e7\u00e3o da \u00e1gua terrestre provavelmente se formou no in\u00edcio do nascimento do Sistema Solar, quando era uma nuvem fria de g\u00e1s e poeira, congelada e conservada durante as v\u00e1rias etapas que levaram \u00e0 forma\u00e7\u00e3o de planetas, asteroides e cometas e foi eventualmente transmitida para a Terra nascente. Como a passagem final aconteceu j\u00e1 \u00e9 outro cap\u00edtulo\u201d, finalizaram.<\/span><\/p><\/blockquote><\/figure>\n\n\n\n<div class=\"wp-block-image\"><figure class=\"aligncenter size-large\"><img loading=\"lazy\" decoding=\"async\" width=\"1000\" height=\"709\" src=\"https:\/\/jornalfatosenoticias.com.br\/wp-content\/uploads\/2022\/12\/CARTAO-NATALINO_2022.jpg\" alt=\"\" class=\"wp-image-36945\" srcset=\"https:\/\/jornalfatosenoticias.com.br\/wp-content\/uploads\/2022\/12\/CARTAO-NATALINO_2022.jpg 1000w, https:\/\/jornalfatosenoticias.com.br\/wp-content\/uploads\/2022\/12\/CARTAO-NATALINO_2022-300x213.jpg 300w, https:\/\/jornalfatosenoticias.com.br\/wp-content\/uploads\/2022\/12\/CARTAO-NATALINO_2022-768x545.jpg 768w\" sizes=\"auto, (max-width: 1000px) 100vw, 1000px\" \/><\/figure><\/div>\n\n\n\n<p><strong><em>Fonte: <a href=\"https:\/\/olhardigital.com.br\/2022\/12\/17\/ciencia-e-espaco\/qual-a-idade-da-agua-cientistas-encontram-a-resposta\/amp\/\">Olhar Digital<\/a><\/em><\/strong><\/p>\n","protected":false},"excerpt":{"rendered":"<p>Estudo se aprofundou em todo processo de cria\u00e7\u00e3o de um planeta para entender a hist\u00f3ria da \u00e1gua A origem da \u00e1gua da Terra \u00e9 um mist\u00e9rio h\u00e1 s\u00e9culos. S\u00e3o diversas as teorias que explicam sua exist\u00eancia, bem como as evid\u00eancias que as sustentam. No entanto, sua idade aproximada nunca foi calculada, at\u00e9 agora. De acordo [&hellip;]<\/p>\n","protected":false},"author":2,"featured_media":37116,"comment_status":"open","ping_status":"open","sticky":false,"template":"","format":"standard","meta":{"footnotes":""},"categories":[2],"tags":[451,1105,5518,17425,469],"class_list":["post-37114","post","type-post","status-publish","format-standard","has-post-thumbnail","hentry","category-ciencia","tag-agua","tag-cientistas","tag-idade","tag-idade-da-agua","tag-sistema-solar"],"yoast_head":"<!-- This site is optimized with the Yoast SEO plugin v26.5 - https:\/\/yoast.com\/wordpress\/plugins\/seo\/ -->\n<title>Qual a idade da \u00e1gua? Cientistas encontram a resposta - Jornal Fatos e Not\u00edcias<\/title>\n<meta name=\"robots\" content=\"index, follow, max-snippet:-1, max-image-preview:large, max-video-preview:-1\" \/>\n<link rel=\"canonical\" href=\"https:\/\/jornalfatosenoticias.com.br\/index.php\/2022\/12\/20\/qual-a-idade-da-agua-cientistas-encontram-a-resposta\/\" \/>\n<meta property=\"og:locale\" content=\"pt_BR\" \/>\n<meta property=\"og:type\" content=\"article\" \/>\n<meta property=\"og:title\" content=\"Qual a idade da \u00e1gua? Cientistas encontram a resposta - Jornal Fatos e Not\u00edcias\" \/>\n<meta property=\"og:description\" content=\"Estudo se aprofundou em todo processo de cria\u00e7\u00e3o de um planeta para entender a hist\u00f3ria da \u00e1gua A origem da \u00e1gua da Terra \u00e9 um mist\u00e9rio h\u00e1 s\u00e9culos. S\u00e3o diversas as teorias que explicam sua exist\u00eancia, bem como as evid\u00eancias que as sustentam. No entanto, sua idade aproximada nunca foi calculada, at\u00e9 agora. De acordo [&hellip;]\" \/>\n<meta property=\"og:url\" content=\"https:\/\/jornalfatosenoticias.com.br\/index.php\/2022\/12\/20\/qual-a-idade-da-agua-cientistas-encontram-a-resposta\/\" \/>\n<meta property=\"og:site_name\" content=\"Jornal Fatos e Not\u00edcias\" \/>\n<meta property=\"article:published_time\" content=\"2022-12-20T16:21:57+00:00\" \/>\n<meta property=\"article:modified_time\" content=\"2022-12-20T16:21:58+00:00\" \/>\n<meta property=\"og:image\" content=\"https:\/\/jornalfatosenoticias.com.br\/wp-content\/uploads\/2022\/12\/agua-IDADE.jpg\" \/>\n\t<meta property=\"og:image:width\" content=\"1000\" \/>\n\t<meta property=\"og:image:height\" content=\"666\" \/>\n\t<meta property=\"og:image:type\" content=\"image\/jpeg\" \/>\n<meta name=\"author\" content=\"Luzimara Fernandes\" \/>\n<meta name=\"twitter:card\" content=\"summary_large_image\" \/>\n<meta name=\"twitter:label1\" content=\"Escrito por\" \/>\n\t<meta name=\"twitter:data1\" content=\"Luzimara Fernandes\" \/>\n\t<meta name=\"twitter:label2\" content=\"Est. tempo de leitura\" \/>\n\t<meta name=\"twitter:data2\" content=\"4 minutos\" \/>\n<script type=\"application\/ld+json\" class=\"yoast-schema-graph\">{\"@context\":\"https:\/\/schema.org\",\"@graph\":[{\"@type\":\"Article\",\"@id\":\"https:\/\/jornalfatosenoticias.com.br\/index.php\/2022\/12\/20\/qual-a-idade-da-agua-cientistas-encontram-a-resposta\/#article\",\"isPartOf\":{\"@id\":\"https:\/\/jornalfatosenoticias.com.br\/index.php\/2022\/12\/20\/qual-a-idade-da-agua-cientistas-encontram-a-resposta\/\"},\"author\":{\"name\":\"Luzimara Fernandes\",\"@id\":\"https:\/\/jornalfatosenoticias.com.br\/#\/schema\/person\/d63837fa13ac8666eb9e74e0985d6f81\"},\"headline\":\"Qual a idade da \u00e1gua? Cientistas encontram a resposta\",\"datePublished\":\"2022-12-20T16:21:57+00:00\",\"dateModified\":\"2022-12-20T16:21:58+00:00\",\"mainEntityOfPage\":{\"@id\":\"https:\/\/jornalfatosenoticias.com.br\/index.php\/2022\/12\/20\/qual-a-idade-da-agua-cientistas-encontram-a-resposta\/\"},\"wordCount\":836,\"commentCount\":0,\"publisher\":{\"@id\":\"https:\/\/jornalfatosenoticias.com.br\/#organization\"},\"image\":{\"@id\":\"https:\/\/jornalfatosenoticias.com.br\/index.php\/2022\/12\/20\/qual-a-idade-da-agua-cientistas-encontram-a-resposta\/#primaryimage\"},\"thumbnailUrl\":\"https:\/\/jornalfatosenoticias.com.br\/wp-content\/uploads\/2022\/12\/agua-IDADE.jpg\",\"keywords\":[\"\u00e1gua\",\"cientistas\",\"idade\",\"idade da \u00e1gua\",\"sistema solar\"],\"articleSection\":[\"Ci\u00eancia\"],\"inLanguage\":\"pt-BR\",\"potentialAction\":[{\"@type\":\"CommentAction\",\"name\":\"Comment\",\"target\":[\"https:\/\/jornalfatosenoticias.com.br\/index.php\/2022\/12\/20\/qual-a-idade-da-agua-cientistas-encontram-a-resposta\/#respond\"]}]},{\"@type\":\"WebPage\",\"@id\":\"https:\/\/jornalfatosenoticias.com.br\/index.php\/2022\/12\/20\/qual-a-idade-da-agua-cientistas-encontram-a-resposta\/\",\"url\":\"https:\/\/jornalfatosenoticias.com.br\/index.php\/2022\/12\/20\/qual-a-idade-da-agua-cientistas-encontram-a-resposta\/\",\"name\":\"Qual a idade da \u00e1gua? Cientistas encontram a resposta - Jornal Fatos e Not\u00edcias\",\"isPartOf\":{\"@id\":\"https:\/\/jornalfatosenoticias.com.br\/#website\"},\"primaryImageOfPage\":{\"@id\":\"https:\/\/jornalfatosenoticias.com.br\/index.php\/2022\/12\/20\/qual-a-idade-da-agua-cientistas-encontram-a-resposta\/#primaryimage\"},\"image\":{\"@id\":\"https:\/\/jornalfatosenoticias.com.br\/index.php\/2022\/12\/20\/qual-a-idade-da-agua-cientistas-encontram-a-resposta\/#primaryimage\"},\"thumbnailUrl\":\"https:\/\/jornalfatosenoticias.com.br\/wp-content\/uploads\/2022\/12\/agua-IDADE.jpg\",\"datePublished\":\"2022-12-20T16:21:57+00:00\",\"dateModified\":\"2022-12-20T16:21:58+00:00\",\"breadcrumb\":{\"@id\":\"https:\/\/jornalfatosenoticias.com.br\/index.php\/2022\/12\/20\/qual-a-idade-da-agua-cientistas-encontram-a-resposta\/#breadcrumb\"},\"inLanguage\":\"pt-BR\",\"potentialAction\":[{\"@type\":\"ReadAction\",\"target\":[\"https:\/\/jornalfatosenoticias.com.br\/index.php\/2022\/12\/20\/qual-a-idade-da-agua-cientistas-encontram-a-resposta\/\"]}]},{\"@type\":\"ImageObject\",\"inLanguage\":\"pt-BR\",\"@id\":\"https:\/\/jornalfatosenoticias.com.br\/index.php\/2022\/12\/20\/qual-a-idade-da-agua-cientistas-encontram-a-resposta\/#primaryimage\",\"url\":\"https:\/\/jornalfatosenoticias.com.br\/wp-content\/uploads\/2022\/12\/agua-IDADE.jpg\",\"contentUrl\":\"https:\/\/jornalfatosenoticias.com.br\/wp-content\/uploads\/2022\/12\/agua-IDADE.jpg\",\"width\":1000,\"height\":666},{\"@type\":\"BreadcrumbList\",\"@id\":\"https:\/\/jornalfatosenoticias.com.br\/index.php\/2022\/12\/20\/qual-a-idade-da-agua-cientistas-encontram-a-resposta\/#breadcrumb\",\"itemListElement\":[{\"@type\":\"ListItem\",\"position\":1,\"name\":\"In\u00edcio\",\"item\":\"https:\/\/jornalfatosenoticias.com.br\/\"},{\"@type\":\"ListItem\",\"position\":2,\"name\":\"Qual a idade da \u00e1gua? Cientistas encontram a resposta\"}]},{\"@type\":\"WebSite\",\"@id\":\"https:\/\/jornalfatosenoticias.com.br\/#website\",\"url\":\"https:\/\/jornalfatosenoticias.com.br\/\",\"name\":\"Jornal Fatos e Not\u00edcias\",\"description\":\"Not\u00edcias em geral\",\"publisher\":{\"@id\":\"https:\/\/jornalfatosenoticias.com.br\/#organization\"},\"potentialAction\":[{\"@type\":\"SearchAction\",\"target\":{\"@type\":\"EntryPoint\",\"urlTemplate\":\"https:\/\/jornalfatosenoticias.com.br\/?s={search_term_string}\"},\"query-input\":{\"@type\":\"PropertyValueSpecification\",\"valueRequired\":true,\"valueName\":\"search_term_string\"}}],\"inLanguage\":\"pt-BR\"},{\"@type\":\"Organization\",\"@id\":\"https:\/\/jornalfatosenoticias.com.br\/#organization\",\"name\":\"Jornal Fatos e Not\u00edcias\",\"url\":\"https:\/\/jornalfatosenoticias.com.br\/\",\"logo\":{\"@type\":\"ImageObject\",\"inLanguage\":\"pt-BR\",\"@id\":\"https:\/\/jornalfatosenoticias.com.br\/#\/schema\/logo\/image\/\",\"url\":\"https:\/\/jornalfatosenoticias.com.br\/wp-content\/uploads\/2020\/02\/logo120.png\",\"contentUrl\":\"https:\/\/jornalfatosenoticias.com.br\/wp-content\/uploads\/2020\/02\/logo120.png\",\"width\":1227,\"height\":120,\"caption\":\"Jornal Fatos e Not\u00edcias\"},\"image\":{\"@id\":\"https:\/\/jornalfatosenoticias.com.br\/#\/schema\/logo\/image\/\"}},{\"@type\":\"Person\",\"@id\":\"https:\/\/jornalfatosenoticias.com.br\/#\/schema\/person\/d63837fa13ac8666eb9e74e0985d6f81\",\"name\":\"Luzimara Fernandes\",\"image\":{\"@type\":\"ImageObject\",\"inLanguage\":\"pt-BR\",\"@id\":\"https:\/\/jornalfatosenoticias.com.br\/#\/schema\/person\/image\/\",\"url\":\"https:\/\/jornalfatosenoticias.com.br\/wp-content\/uploads\/2025\/05\/EU_portal.jpg\",\"contentUrl\":\"https:\/\/jornalfatosenoticias.com.br\/wp-content\/uploads\/2025\/05\/EU_portal.jpg\",\"caption\":\"Luzimara Fernandes\"},\"description\":\"Jornalista MTB 2358-ES\",\"sameAs\":[\"https:\/\/jornalfatosenoticias.com.br\"],\"url\":\"https:\/\/jornalfatosenoticias.com.br\/index.php\/author\/luzimara\/\"}]}<\/script>\n<!-- \/ Yoast SEO plugin. -->","yoast_head_json":{"title":"Qual a idade da \u00e1gua? Cientistas encontram a resposta - Jornal Fatos e Not\u00edcias","robots":{"index":"index","follow":"follow","max-snippet":"max-snippet:-1","max-image-preview":"max-image-preview:large","max-video-preview":"max-video-preview:-1"},"canonical":"https:\/\/jornalfatosenoticias.com.br\/index.php\/2022\/12\/20\/qual-a-idade-da-agua-cientistas-encontram-a-resposta\/","og_locale":"pt_BR","og_type":"article","og_title":"Qual a idade da \u00e1gua? Cientistas encontram a resposta - Jornal Fatos e Not\u00edcias","og_description":"Estudo se aprofundou em todo processo de cria\u00e7\u00e3o de um planeta para entender a hist\u00f3ria da \u00e1gua A origem da \u00e1gua da Terra \u00e9 um mist\u00e9rio h\u00e1 s\u00e9culos. S\u00e3o diversas as teorias que explicam sua exist\u00eancia, bem como as evid\u00eancias que as sustentam. No entanto, sua idade aproximada nunca foi calculada, at\u00e9 agora. De acordo [&hellip;]","og_url":"https:\/\/jornalfatosenoticias.com.br\/index.php\/2022\/12\/20\/qual-a-idade-da-agua-cientistas-encontram-a-resposta\/","og_site_name":"Jornal Fatos e Not\u00edcias","article_published_time":"2022-12-20T16:21:57+00:00","article_modified_time":"2022-12-20T16:21:58+00:00","og_image":[{"width":1000,"height":666,"url":"https:\/\/jornalfatosenoticias.com.br\/wp-content\/uploads\/2022\/12\/agua-IDADE.jpg","type":"image\/jpeg"}],"author":"Luzimara Fernandes","twitter_card":"summary_large_image","twitter_misc":{"Escrito por":"Luzimara Fernandes","Est. tempo de leitura":"4 minutos"},"schema":{"@context":"https:\/\/schema.org","@graph":[{"@type":"Article","@id":"https:\/\/jornalfatosenoticias.com.br\/index.php\/2022\/12\/20\/qual-a-idade-da-agua-cientistas-encontram-a-resposta\/#article","isPartOf":{"@id":"https:\/\/jornalfatosenoticias.com.br\/index.php\/2022\/12\/20\/qual-a-idade-da-agua-cientistas-encontram-a-resposta\/"},"author":{"name":"Luzimara Fernandes","@id":"https:\/\/jornalfatosenoticias.com.br\/#\/schema\/person\/d63837fa13ac8666eb9e74e0985d6f81"},"headline":"Qual a idade da \u00e1gua? Cientistas encontram a resposta","datePublished":"2022-12-20T16:21:57+00:00","dateModified":"2022-12-20T16:21:58+00:00","mainEntityOfPage":{"@id":"https:\/\/jornalfatosenoticias.com.br\/index.php\/2022\/12\/20\/qual-a-idade-da-agua-cientistas-encontram-a-resposta\/"},"wordCount":836,"commentCount":0,"publisher":{"@id":"https:\/\/jornalfatosenoticias.com.br\/#organization"},"image":{"@id":"https:\/\/jornalfatosenoticias.com.br\/index.php\/2022\/12\/20\/qual-a-idade-da-agua-cientistas-encontram-a-resposta\/#primaryimage"},"thumbnailUrl":"https:\/\/jornalfatosenoticias.com.br\/wp-content\/uploads\/2022\/12\/agua-IDADE.jpg","keywords":["\u00e1gua","cientistas","idade","idade da \u00e1gua","sistema solar"],"articleSection":["Ci\u00eancia"],"inLanguage":"pt-BR","potentialAction":[{"@type":"CommentAction","name":"Comment","target":["https:\/\/jornalfatosenoticias.com.br\/index.php\/2022\/12\/20\/qual-a-idade-da-agua-cientistas-encontram-a-resposta\/#respond"]}]},{"@type":"WebPage","@id":"https:\/\/jornalfatosenoticias.com.br\/index.php\/2022\/12\/20\/qual-a-idade-da-agua-cientistas-encontram-a-resposta\/","url":"https:\/\/jornalfatosenoticias.com.br\/index.php\/2022\/12\/20\/qual-a-idade-da-agua-cientistas-encontram-a-resposta\/","name":"Qual a idade da \u00e1gua? Cientistas encontram a resposta - Jornal Fatos e Not\u00edcias","isPartOf":{"@id":"https:\/\/jornalfatosenoticias.com.br\/#website"},"primaryImageOfPage":{"@id":"https:\/\/jornalfatosenoticias.com.br\/index.php\/2022\/12\/20\/qual-a-idade-da-agua-cientistas-encontram-a-resposta\/#primaryimage"},"image":{"@id":"https:\/\/jornalfatosenoticias.com.br\/index.php\/2022\/12\/20\/qual-a-idade-da-agua-cientistas-encontram-a-resposta\/#primaryimage"},"thumbnailUrl":"https:\/\/jornalfatosenoticias.com.br\/wp-content\/uploads\/2022\/12\/agua-IDADE.jpg","datePublished":"2022-12-20T16:21:57+00:00","dateModified":"2022-12-20T16:21:58+00:00","breadcrumb":{"@id":"https:\/\/jornalfatosenoticias.com.br\/index.php\/2022\/12\/20\/qual-a-idade-da-agua-cientistas-encontram-a-resposta\/#breadcrumb"},"inLanguage":"pt-BR","potentialAction":[{"@type":"ReadAction","target":["https:\/\/jornalfatosenoticias.com.br\/index.php\/2022\/12\/20\/qual-a-idade-da-agua-cientistas-encontram-a-resposta\/"]}]},{"@type":"ImageObject","inLanguage":"pt-BR","@id":"https:\/\/jornalfatosenoticias.com.br\/index.php\/2022\/12\/20\/qual-a-idade-da-agua-cientistas-encontram-a-resposta\/#primaryimage","url":"https:\/\/jornalfatosenoticias.com.br\/wp-content\/uploads\/2022\/12\/agua-IDADE.jpg","contentUrl":"https:\/\/jornalfatosenoticias.com.br\/wp-content\/uploads\/2022\/12\/agua-IDADE.jpg","width":1000,"height":666},{"@type":"BreadcrumbList","@id":"https:\/\/jornalfatosenoticias.com.br\/index.php\/2022\/12\/20\/qual-a-idade-da-agua-cientistas-encontram-a-resposta\/#breadcrumb","itemListElement":[{"@type":"ListItem","position":1,"name":"In\u00edcio","item":"https:\/\/jornalfatosenoticias.com.br\/"},{"@type":"ListItem","position":2,"name":"Qual a idade da \u00e1gua? Cientistas encontram a resposta"}]},{"@type":"WebSite","@id":"https:\/\/jornalfatosenoticias.com.br\/#website","url":"https:\/\/jornalfatosenoticias.com.br\/","name":"Jornal Fatos e Not\u00edcias","description":"Not\u00edcias em geral","publisher":{"@id":"https:\/\/jornalfatosenoticias.com.br\/#organization"},"potentialAction":[{"@type":"SearchAction","target":{"@type":"EntryPoint","urlTemplate":"https:\/\/jornalfatosenoticias.com.br\/?s={search_term_string}"},"query-input":{"@type":"PropertyValueSpecification","valueRequired":true,"valueName":"search_term_string"}}],"inLanguage":"pt-BR"},{"@type":"Organization","@id":"https:\/\/jornalfatosenoticias.com.br\/#organization","name":"Jornal Fatos e Not\u00edcias","url":"https:\/\/jornalfatosenoticias.com.br\/","logo":{"@type":"ImageObject","inLanguage":"pt-BR","@id":"https:\/\/jornalfatosenoticias.com.br\/#\/schema\/logo\/image\/","url":"https:\/\/jornalfatosenoticias.com.br\/wp-content\/uploads\/2020\/02\/logo120.png","contentUrl":"https:\/\/jornalfatosenoticias.com.br\/wp-content\/uploads\/2020\/02\/logo120.png","width":1227,"height":120,"caption":"Jornal Fatos e Not\u00edcias"},"image":{"@id":"https:\/\/jornalfatosenoticias.com.br\/#\/schema\/logo\/image\/"}},{"@type":"Person","@id":"https:\/\/jornalfatosenoticias.com.br\/#\/schema\/person\/d63837fa13ac8666eb9e74e0985d6f81","name":"Luzimara Fernandes","image":{"@type":"ImageObject","inLanguage":"pt-BR","@id":"https:\/\/jornalfatosenoticias.com.br\/#\/schema\/person\/image\/","url":"https:\/\/jornalfatosenoticias.com.br\/wp-content\/uploads\/2025\/05\/EU_portal.jpg","contentUrl":"https:\/\/jornalfatosenoticias.com.br\/wp-content\/uploads\/2025\/05\/EU_portal.jpg","caption":"Luzimara Fernandes"},"description":"Jornalista MTB 2358-ES","sameAs":["https:\/\/jornalfatosenoticias.com.br"],"url":"https:\/\/jornalfatosenoticias.com.br\/index.php\/author\/luzimara\/"}]}},"cc_featured_image_caption":{"caption_text":"(Foto: Shutterstock\/christinarosepix) ","source_text":"","source_url":""},"jetpack_featured_media_url":"https:\/\/jornalfatosenoticias.com.br\/wp-content\/uploads\/2022\/12\/agua-IDADE.jpg","_links":{"self":[{"href":"https:\/\/jornalfatosenoticias.com.br\/index.php\/wp-json\/wp\/v2\/posts\/37114","targetHints":{"allow":["GET"]}}],"collection":[{"href":"https:\/\/jornalfatosenoticias.com.br\/index.php\/wp-json\/wp\/v2\/posts"}],"about":[{"href":"https:\/\/jornalfatosenoticias.com.br\/index.php\/wp-json\/wp\/v2\/types\/post"}],"author":[{"embeddable":true,"href":"https:\/\/jornalfatosenoticias.com.br\/index.php\/wp-json\/wp\/v2\/users\/2"}],"replies":[{"embeddable":true,"href":"https:\/\/jornalfatosenoticias.com.br\/index.php\/wp-json\/wp\/v2\/comments?post=37114"}],"version-history":[{"count":0,"href":"https:\/\/jornalfatosenoticias.com.br\/index.php\/wp-json\/wp\/v2\/posts\/37114\/revisions"}],"wp:featuredmedia":[{"embeddable":true,"href":"https:\/\/jornalfatosenoticias.com.br\/index.php\/wp-json\/wp\/v2\/media\/37116"}],"wp:attachment":[{"href":"https:\/\/jornalfatosenoticias.com.br\/index.php\/wp-json\/wp\/v2\/media?parent=37114"}],"wp:term":[{"taxonomy":"category","embeddable":true,"href":"https:\/\/jornalfatosenoticias.com.br\/index.php\/wp-json\/wp\/v2\/categories?post=37114"},{"taxonomy":"post_tag","embeddable":true,"href":"https:\/\/jornalfatosenoticias.com.br\/index.php\/wp-json\/wp\/v2\/tags?post=37114"}],"curies":[{"name":"wp","href":"https:\/\/api.w.org\/{rel}","templated":true}]}}