{"id":37127,"date":"2022-12-20T14:16:31","date_gmt":"2022-12-20T17:16:31","guid":{"rendered":"https:\/\/jornalfatosenoticias.com.br\/?p=37127"},"modified":"2022-12-20T14:16:33","modified_gmt":"2022-12-20T17:16:33","slug":"seu-imposto-foi-aplicado-aqui-governo-cria-selo-para-identificar-servicos-publicos","status":"publish","type":"post","link":"https:\/\/jornalfatosenoticias.com.br\/index.php\/2022\/12\/20\/seu-imposto-foi-aplicado-aqui-governo-cria-selo-para-identificar-servicos-publicos\/","title":{"rendered":"\u201cSeu imposto foi aplicado aqui\u201d: governo cria selo para identificar servi\u00e7os p\u00fablicos"},"content":{"rendered":"\n<div class=\"wp-block-image\"><figure class=\"aligncenter size-large\"><img loading=\"lazy\" decoding=\"async\" width=\"1024\" height=\"103\" src=\"https:\/\/jornalfatosenoticias.com.br\/wp-content\/uploads\/2022\/02\/Arte-Autoescola-Galatas_endereco_portal-1024x103.png\" alt=\"\" class=\"wp-image-27869\" srcset=\"https:\/\/jornalfatosenoticias.com.br\/wp-content\/uploads\/2022\/02\/Arte-Autoescola-Galatas_endereco_portal-1024x103.png 1024w, https:\/\/jornalfatosenoticias.com.br\/wp-content\/uploads\/2022\/02\/Arte-Autoescola-Galatas_endereco_portal-300x30.png 300w, https:\/\/jornalfatosenoticias.com.br\/wp-content\/uploads\/2022\/02\/Arte-Autoescola-Galatas_endereco_portal-768x77.png 768w, https:\/\/jornalfatosenoticias.com.br\/wp-content\/uploads\/2022\/02\/Arte-Autoescola-Galatas_endereco_portal.png 1223w\" sizes=\"auto, (max-width: 1024px) 100vw, 1024px\" \/><\/figure><\/div>\n\n\n\n<p>O governo federal criou o selo digital \u201cseu imposto foi aplicado aqui\u201d para identificar servi\u00e7os p\u00fablicos. A portaria foi publicada pelo Minist\u00e9rio da Economia nesta ter\u00e7a-feira (20) no Di\u00e1rio Oficial da Uni\u00e3o (DOU). O selo ser\u00e1 disponibilizado \u201cem p\u00e1ginas da Internet e aplicativos, com o objetivo de evidenciar o servi\u00e7o p\u00fablico utilizado pelo cidad\u00e3o, em forma de benef\u00edcio individual ou coletivo, como retorno pelo cumprimento das obriga\u00e7\u00f5es tribut\u00e1rias\u201d.<\/p>\n\n\n\n<div class=\"wp-block-image\"><figure class=\"aligncenter size-large is-resized\"><img loading=\"lazy\" decoding=\"async\" src=\"https:\/\/jornalfatosenoticias.com.br\/wp-content\/uploads\/2022\/02\/Precisao-Contabilidade-1024x724.jpg\" alt=\"\" class=\"wp-image-28088\" width=\"306\" height=\"216\"\/><\/figure><\/div>\n\n\n\n<p>A inten\u00e7\u00e3o do programa \u00e9 \u201caumentar a percep\u00e7\u00e3o de retorno social dos tributos arrecadados pela presta\u00e7\u00e3o de servi\u00e7os p\u00fablicos; aumentar a satisfa\u00e7\u00e3o dos contribuintes; e promover a cidadania fiscal, a moralidade tribut\u00e1ria e o bem-estar social. <\/p>\n\n\n\n<div class=\"wp-block-image\"><figure class=\"aligncenter size-large\"><img decoding=\"async\" src=\"https:\/\/jornalfatosenoticias.com.br\/wp-content\/uploads\/2020\/02\/Serra-Grande-1024x160.png\" alt=\"\" class=\"wp-image-7836\"\/><\/figure><\/div>\n\n\n\n<p>Segundo a portaria, \u201ca utiliza\u00e7\u00e3o do selo digital ser\u00e1 estendida \u00e0s a\u00e7\u00f5es dos entes federativos em todos os poderes e, tamb\u00e9m, \u00e0s organiza\u00e7\u00f5es civis\u201d.<br>As propostas de parceria ser\u00e3o aprovadas pelo subsecret\u00e1rio-geral da Receita Federal, que tamb\u00e9m deve determinar os integrantes da \u201cComiss\u00e3o do Selo Digital\u201d formada por representantes das \u00e1reas envolvidas na promo\u00e7\u00e3o da cidadania fiscal.<\/p>\n\n\n\n<div class=\"wp-block-image\"><figure class=\"aligncenter size-large\"><img decoding=\"async\" src=\"https:\/\/jornalfatosenoticias.com.br\/wp-content\/uploads\/2020\/02\/logo_esteio.jpg\" alt=\"\" class=\"wp-image-1214\"\/><\/figure><\/div>\n\n\n\n<figure class=\"wp-block-pullquote\"><blockquote><p><span class=\"has-inline-color has-luminous-vivid-orange-color\">A utiliza\u00e7\u00e3o do selo digital ser\u00e1 estendida \u00e0s a\u00e7\u00f5es dos entes federativos em todos os poderes e, tamb\u00e9m, \u00e0s organiza\u00e7\u00f5es civis, de forma a estimular a ampla participa\u00e7\u00e3o social\u201d, determina a portaria.<\/span><\/p><\/blockquote><\/figure>\n\n\n\n<div class=\"wp-block-image\"><figure class=\"aligncenter size-large\"><img loading=\"lazy\" decoding=\"async\" width=\"1000\" height=\"709\" src=\"https:\/\/jornalfatosenoticias.com.br\/wp-content\/uploads\/2022\/12\/CARTAO-NATALINO_2022.jpg\" alt=\"\" class=\"wp-image-36945\" srcset=\"https:\/\/jornalfatosenoticias.com.br\/wp-content\/uploads\/2022\/12\/CARTAO-NATALINO_2022.jpg 1000w, https:\/\/jornalfatosenoticias.com.br\/wp-content\/uploads\/2022\/12\/CARTAO-NATALINO_2022-300x213.jpg 300w, https:\/\/jornalfatosenoticias.com.br\/wp-content\/uploads\/2022\/12\/CARTAO-NATALINO_2022-768x545.jpg 768w\" sizes=\"auto, (max-width: 1000px) 100vw, 1000px\" \/><\/figure><\/div>\n\n\n\n<p><strong><em>Fonte: <a href=\"https:\/\/www.gazetadopovo.com.br\/economia\/breves\/seu-imposto-foi-aplicado-aqui-governo-cria-selo-para-identificar-servicos-publicos\/\">Gazeta do Povo<\/a><\/em><\/strong><\/p>\n","protected":false},"excerpt":{"rendered":"<p>O governo federal criou o selo digital \u201cseu imposto foi aplicado aqui\u201d para identificar servi\u00e7os p\u00fablicos. A portaria foi publicada pelo Minist\u00e9rio da Economia nesta ter\u00e7a-feira (20) no Di\u00e1rio Oficial da Uni\u00e3o (DOU). O selo ser\u00e1 disponibilizado \u201cem p\u00e1ginas da Internet e aplicativos, com o objetivo de evidenciar o servi\u00e7o p\u00fablico utilizado pelo cidad\u00e3o, em [&hellip;]<\/p>\n","protected":false},"author":2,"featured_media":37128,"comment_status":"open","ping_status":"open","sticky":false,"template":"","format":"standard","meta":{"footnotes":""},"categories":[9],"tags":[240,860,1404,17433],"class_list":["post-37127","post","type-post","status-publish","format-standard","has-post-thumbnail","hentry","category-economia","tag-economia","tag-governo-federal","tag-receita-federal","tag-selo-servicos-publicos"],"yoast_head":"<!-- This site is optimized with the Yoast SEO plugin v26.5 - https:\/\/yoast.com\/wordpress\/plugins\/seo\/ -->\n<title>\u201cSeu imposto foi aplicado aqui\u201d: governo cria selo para identificar servi\u00e7os p\u00fablicos - Jornal Fatos e Not\u00edcias<\/title>\n<meta name=\"robots\" content=\"index, follow, max-snippet:-1, max-image-preview:large, max-video-preview:-1\" \/>\n<link rel=\"canonical\" href=\"https:\/\/jornalfatosenoticias.com.br\/index.php\/2022\/12\/20\/seu-imposto-foi-aplicado-aqui-governo-cria-selo-para-identificar-servicos-publicos\/\" \/>\n<meta property=\"og:locale\" content=\"pt_BR\" \/>\n<meta property=\"og:type\" content=\"article\" \/>\n<meta property=\"og:title\" content=\"\u201cSeu imposto foi aplicado aqui\u201d: governo cria selo para identificar servi\u00e7os p\u00fablicos - Jornal Fatos e Not\u00edcias\" \/>\n<meta property=\"og:description\" content=\"O governo federal criou o selo digital \u201cseu imposto foi aplicado aqui\u201d para identificar servi\u00e7os p\u00fablicos. A portaria foi publicada pelo Minist\u00e9rio da Economia nesta ter\u00e7a-feira (20) no Di\u00e1rio Oficial da Uni\u00e3o (DOU). O selo ser\u00e1 disponibilizado \u201cem p\u00e1ginas da Internet e aplicativos, com o objetivo de evidenciar o servi\u00e7o p\u00fablico utilizado pelo cidad\u00e3o, em [&hellip;]\" \/>\n<meta property=\"og:url\" content=\"https:\/\/jornalfatosenoticias.com.br\/index.php\/2022\/12\/20\/seu-imposto-foi-aplicado-aqui-governo-cria-selo-para-identificar-servicos-publicos\/\" \/>\n<meta property=\"og:site_name\" content=\"Jornal Fatos e Not\u00edcias\" \/>\n<meta property=\"article:published_time\" content=\"2022-12-20T17:16:31+00:00\" \/>\n<meta property=\"article:modified_time\" content=\"2022-12-20T17:16:33+00:00\" \/>\n<meta property=\"og:image\" content=\"https:\/\/jornalfatosenoticias.com.br\/wp-content\/uploads\/2022\/12\/receita-federal-selo.jpg\" \/>\n\t<meta property=\"og:image:width\" content=\"1000\" \/>\n\t<meta property=\"og:image:height\" content=\"562\" \/>\n\t<meta property=\"og:image:type\" content=\"image\/jpeg\" \/>\n<meta name=\"author\" content=\"Luzimara Fernandes\" \/>\n<meta name=\"twitter:card\" content=\"summary_large_image\" \/>\n<meta name=\"twitter:label1\" content=\"Escrito por\" \/>\n\t<meta name=\"twitter:data1\" content=\"Luzimara Fernandes\" \/>\n\t<meta name=\"twitter:label2\" content=\"Est. tempo de leitura\" \/>\n\t<meta name=\"twitter:data2\" content=\"1 minuto\" \/>\n<script type=\"application\/ld+json\" class=\"yoast-schema-graph\">{\"@context\":\"https:\/\/schema.org\",\"@graph\":[{\"@type\":\"Article\",\"@id\":\"https:\/\/jornalfatosenoticias.com.br\/index.php\/2022\/12\/20\/seu-imposto-foi-aplicado-aqui-governo-cria-selo-para-identificar-servicos-publicos\/#article\",\"isPartOf\":{\"@id\":\"https:\/\/jornalfatosenoticias.com.br\/index.php\/2022\/12\/20\/seu-imposto-foi-aplicado-aqui-governo-cria-selo-para-identificar-servicos-publicos\/\"},\"author\":{\"name\":\"Luzimara Fernandes\",\"@id\":\"https:\/\/jornalfatosenoticias.com.br\/#\/schema\/person\/d63837fa13ac8666eb9e74e0985d6f81\"},\"headline\":\"\u201cSeu imposto foi aplicado aqui\u201d: governo cria selo para identificar servi\u00e7os p\u00fablicos\",\"datePublished\":\"2022-12-20T17:16:31+00:00\",\"dateModified\":\"2022-12-20T17:16:33+00:00\",\"mainEntityOfPage\":{\"@id\":\"https:\/\/jornalfatosenoticias.com.br\/index.php\/2022\/12\/20\/seu-imposto-foi-aplicado-aqui-governo-cria-selo-para-identificar-servicos-publicos\/\"},\"wordCount\":243,\"commentCount\":0,\"publisher\":{\"@id\":\"https:\/\/jornalfatosenoticias.com.br\/#organization\"},\"image\":{\"@id\":\"https:\/\/jornalfatosenoticias.com.br\/index.php\/2022\/12\/20\/seu-imposto-foi-aplicado-aqui-governo-cria-selo-para-identificar-servicos-publicos\/#primaryimage\"},\"thumbnailUrl\":\"https:\/\/jornalfatosenoticias.com.br\/wp-content\/uploads\/2022\/12\/receita-federal-selo.jpg\",\"keywords\":[\"economia\",\"governo federal\",\"Receita Federal\",\"selo servi\u00e7os p\u00fablicos\"],\"articleSection\":[\"Economia\"],\"inLanguage\":\"pt-BR\",\"potentialAction\":[{\"@type\":\"CommentAction\",\"name\":\"Comment\",\"target\":[\"https:\/\/jornalfatosenoticias.com.br\/index.php\/2022\/12\/20\/seu-imposto-foi-aplicado-aqui-governo-cria-selo-para-identificar-servicos-publicos\/#respond\"]}]},{\"@type\":\"WebPage\",\"@id\":\"https:\/\/jornalfatosenoticias.com.br\/index.php\/2022\/12\/20\/seu-imposto-foi-aplicado-aqui-governo-cria-selo-para-identificar-servicos-publicos\/\",\"url\":\"https:\/\/jornalfatosenoticias.com.br\/index.php\/2022\/12\/20\/seu-imposto-foi-aplicado-aqui-governo-cria-selo-para-identificar-servicos-publicos\/\",\"name\":\"\u201cSeu imposto foi aplicado aqui\u201d: governo cria selo para identificar servi\u00e7os p\u00fablicos - Jornal Fatos e Not\u00edcias\",\"isPartOf\":{\"@id\":\"https:\/\/jornalfatosenoticias.com.br\/#website\"},\"primaryImageOfPage\":{\"@id\":\"https:\/\/jornalfatosenoticias.com.br\/index.php\/2022\/12\/20\/seu-imposto-foi-aplicado-aqui-governo-cria-selo-para-identificar-servicos-publicos\/#primaryimage\"},\"image\":{\"@id\":\"https:\/\/jornalfatosenoticias.com.br\/index.php\/2022\/12\/20\/seu-imposto-foi-aplicado-aqui-governo-cria-selo-para-identificar-servicos-publicos\/#primaryimage\"},\"thumbnailUrl\":\"https:\/\/jornalfatosenoticias.com.br\/wp-content\/uploads\/2022\/12\/receita-federal-selo.jpg\",\"datePublished\":\"2022-12-20T17:16:31+00:00\",\"dateModified\":\"2022-12-20T17:16:33+00:00\",\"breadcrumb\":{\"@id\":\"https:\/\/jornalfatosenoticias.com.br\/index.php\/2022\/12\/20\/seu-imposto-foi-aplicado-aqui-governo-cria-selo-para-identificar-servicos-publicos\/#breadcrumb\"},\"inLanguage\":\"pt-BR\",\"potentialAction\":[{\"@type\":\"ReadAction\",\"target\":[\"https:\/\/jornalfatosenoticias.com.br\/index.php\/2022\/12\/20\/seu-imposto-foi-aplicado-aqui-governo-cria-selo-para-identificar-servicos-publicos\/\"]}]},{\"@type\":\"ImageObject\",\"inLanguage\":\"pt-BR\",\"@id\":\"https:\/\/jornalfatosenoticias.com.br\/index.php\/2022\/12\/20\/seu-imposto-foi-aplicado-aqui-governo-cria-selo-para-identificar-servicos-publicos\/#primaryimage\",\"url\":\"https:\/\/jornalfatosenoticias.com.br\/wp-content\/uploads\/2022\/12\/receita-federal-selo.jpg\",\"contentUrl\":\"https:\/\/jornalfatosenoticias.com.br\/wp-content\/uploads\/2022\/12\/receita-federal-selo.jpg\",\"width\":1000,\"height\":562,\"caption\":\"Superintend\u00eancia da Receita Federal, em Bras\u00edlia.\"},{\"@type\":\"BreadcrumbList\",\"@id\":\"https:\/\/jornalfatosenoticias.com.br\/index.php\/2022\/12\/20\/seu-imposto-foi-aplicado-aqui-governo-cria-selo-para-identificar-servicos-publicos\/#breadcrumb\",\"itemListElement\":[{\"@type\":\"ListItem\",\"position\":1,\"name\":\"In\u00edcio\",\"item\":\"https:\/\/jornalfatosenoticias.com.br\/\"},{\"@type\":\"ListItem\",\"position\":2,\"name\":\"\u201cSeu imposto foi aplicado aqui\u201d: governo cria selo para identificar servi\u00e7os p\u00fablicos\"}]},{\"@type\":\"WebSite\",\"@id\":\"https:\/\/jornalfatosenoticias.com.br\/#website\",\"url\":\"https:\/\/jornalfatosenoticias.com.br\/\",\"name\":\"Jornal Fatos e Not\u00edcias\",\"description\":\"Not\u00edcias em geral\",\"publisher\":{\"@id\":\"https:\/\/jornalfatosenoticias.com.br\/#organization\"},\"potentialAction\":[{\"@type\":\"SearchAction\",\"target\":{\"@type\":\"EntryPoint\",\"urlTemplate\":\"https:\/\/jornalfatosenoticias.com.br\/?s={search_term_string}\"},\"query-input\":{\"@type\":\"PropertyValueSpecification\",\"valueRequired\":true,\"valueName\":\"search_term_string\"}}],\"inLanguage\":\"pt-BR\"},{\"@type\":\"Organization\",\"@id\":\"https:\/\/jornalfatosenoticias.com.br\/#organization\",\"name\":\"Jornal Fatos e Not\u00edcias\",\"url\":\"https:\/\/jornalfatosenoticias.com.br\/\",\"logo\":{\"@type\":\"ImageObject\",\"inLanguage\":\"pt-BR\",\"@id\":\"https:\/\/jornalfatosenoticias.com.br\/#\/schema\/logo\/image\/\",\"url\":\"https:\/\/jornalfatosenoticias.com.br\/wp-content\/uploads\/2020\/02\/logo120.png\",\"contentUrl\":\"https:\/\/jornalfatosenoticias.com.br\/wp-content\/uploads\/2020\/02\/logo120.png\",\"width\":1227,\"height\":120,\"caption\":\"Jornal Fatos e Not\u00edcias\"},\"image\":{\"@id\":\"https:\/\/jornalfatosenoticias.com.br\/#\/schema\/logo\/image\/\"}},{\"@type\":\"Person\",\"@id\":\"https:\/\/jornalfatosenoticias.com.br\/#\/schema\/person\/d63837fa13ac8666eb9e74e0985d6f81\",\"name\":\"Luzimara Fernandes\",\"image\":{\"@type\":\"ImageObject\",\"inLanguage\":\"pt-BR\",\"@id\":\"https:\/\/jornalfatosenoticias.com.br\/#\/schema\/person\/image\/\",\"url\":\"https:\/\/jornalfatosenoticias.com.br\/wp-content\/uploads\/2025\/05\/EU_portal.jpg\",\"contentUrl\":\"https:\/\/jornalfatosenoticias.com.br\/wp-content\/uploads\/2025\/05\/EU_portal.jpg\",\"caption\":\"Luzimara Fernandes\"},\"description\":\"Jornalista MTB 2358-ES\",\"sameAs\":[\"https:\/\/jornalfatosenoticias.com.br\"],\"url\":\"https:\/\/jornalfatosenoticias.com.br\/index.php\/author\/luzimara\/\"}]}<\/script>\n<!-- \/ Yoast SEO plugin. -->","yoast_head_json":{"title":"\u201cSeu imposto foi aplicado aqui\u201d: governo cria selo para identificar servi\u00e7os p\u00fablicos - Jornal Fatos e Not\u00edcias","robots":{"index":"index","follow":"follow","max-snippet":"max-snippet:-1","max-image-preview":"max-image-preview:large","max-video-preview":"max-video-preview:-1"},"canonical":"https:\/\/jornalfatosenoticias.com.br\/index.php\/2022\/12\/20\/seu-imposto-foi-aplicado-aqui-governo-cria-selo-para-identificar-servicos-publicos\/","og_locale":"pt_BR","og_type":"article","og_title":"\u201cSeu imposto foi aplicado aqui\u201d: governo cria selo para identificar servi\u00e7os p\u00fablicos - Jornal Fatos e Not\u00edcias","og_description":"O governo federal criou o selo digital \u201cseu imposto foi aplicado aqui\u201d para identificar servi\u00e7os p\u00fablicos. A portaria foi publicada pelo Minist\u00e9rio da Economia nesta ter\u00e7a-feira (20) no Di\u00e1rio Oficial da Uni\u00e3o (DOU). O selo ser\u00e1 disponibilizado \u201cem p\u00e1ginas da Internet e aplicativos, com o objetivo de evidenciar o servi\u00e7o p\u00fablico utilizado pelo cidad\u00e3o, em [&hellip;]","og_url":"https:\/\/jornalfatosenoticias.com.br\/index.php\/2022\/12\/20\/seu-imposto-foi-aplicado-aqui-governo-cria-selo-para-identificar-servicos-publicos\/","og_site_name":"Jornal Fatos e Not\u00edcias","article_published_time":"2022-12-20T17:16:31+00:00","article_modified_time":"2022-12-20T17:16:33+00:00","og_image":[{"width":1000,"height":562,"url":"https:\/\/jornalfatosenoticias.com.br\/wp-content\/uploads\/2022\/12\/receita-federal-selo.jpg","type":"image\/jpeg"}],"author":"Luzimara Fernandes","twitter_card":"summary_large_image","twitter_misc":{"Escrito por":"Luzimara Fernandes","Est. tempo de leitura":"1 minuto"},"schema":{"@context":"https:\/\/schema.org","@graph":[{"@type":"Article","@id":"https:\/\/jornalfatosenoticias.com.br\/index.php\/2022\/12\/20\/seu-imposto-foi-aplicado-aqui-governo-cria-selo-para-identificar-servicos-publicos\/#article","isPartOf":{"@id":"https:\/\/jornalfatosenoticias.com.br\/index.php\/2022\/12\/20\/seu-imposto-foi-aplicado-aqui-governo-cria-selo-para-identificar-servicos-publicos\/"},"author":{"name":"Luzimara Fernandes","@id":"https:\/\/jornalfatosenoticias.com.br\/#\/schema\/person\/d63837fa13ac8666eb9e74e0985d6f81"},"headline":"\u201cSeu imposto foi aplicado aqui\u201d: governo cria selo para identificar servi\u00e7os p\u00fablicos","datePublished":"2022-12-20T17:16:31+00:00","dateModified":"2022-12-20T17:16:33+00:00","mainEntityOfPage":{"@id":"https:\/\/jornalfatosenoticias.com.br\/index.php\/2022\/12\/20\/seu-imposto-foi-aplicado-aqui-governo-cria-selo-para-identificar-servicos-publicos\/"},"wordCount":243,"commentCount":0,"publisher":{"@id":"https:\/\/jornalfatosenoticias.com.br\/#organization"},"image":{"@id":"https:\/\/jornalfatosenoticias.com.br\/index.php\/2022\/12\/20\/seu-imposto-foi-aplicado-aqui-governo-cria-selo-para-identificar-servicos-publicos\/#primaryimage"},"thumbnailUrl":"https:\/\/jornalfatosenoticias.com.br\/wp-content\/uploads\/2022\/12\/receita-federal-selo.jpg","keywords":["economia","governo federal","Receita Federal","selo servi\u00e7os p\u00fablicos"],"articleSection":["Economia"],"inLanguage":"pt-BR","potentialAction":[{"@type":"CommentAction","name":"Comment","target":["https:\/\/jornalfatosenoticias.com.br\/index.php\/2022\/12\/20\/seu-imposto-foi-aplicado-aqui-governo-cria-selo-para-identificar-servicos-publicos\/#respond"]}]},{"@type":"WebPage","@id":"https:\/\/jornalfatosenoticias.com.br\/index.php\/2022\/12\/20\/seu-imposto-foi-aplicado-aqui-governo-cria-selo-para-identificar-servicos-publicos\/","url":"https:\/\/jornalfatosenoticias.com.br\/index.php\/2022\/12\/20\/seu-imposto-foi-aplicado-aqui-governo-cria-selo-para-identificar-servicos-publicos\/","name":"\u201cSeu imposto foi aplicado aqui\u201d: governo cria selo para identificar servi\u00e7os p\u00fablicos - Jornal Fatos e Not\u00edcias","isPartOf":{"@id":"https:\/\/jornalfatosenoticias.com.br\/#website"},"primaryImageOfPage":{"@id":"https:\/\/jornalfatosenoticias.com.br\/index.php\/2022\/12\/20\/seu-imposto-foi-aplicado-aqui-governo-cria-selo-para-identificar-servicos-publicos\/#primaryimage"},"image":{"@id":"https:\/\/jornalfatosenoticias.com.br\/index.php\/2022\/12\/20\/seu-imposto-foi-aplicado-aqui-governo-cria-selo-para-identificar-servicos-publicos\/#primaryimage"},"thumbnailUrl":"https:\/\/jornalfatosenoticias.com.br\/wp-content\/uploads\/2022\/12\/receita-federal-selo.jpg","datePublished":"2022-12-20T17:16:31+00:00","dateModified":"2022-12-20T17:16:33+00:00","breadcrumb":{"@id":"https:\/\/jornalfatosenoticias.com.br\/index.php\/2022\/12\/20\/seu-imposto-foi-aplicado-aqui-governo-cria-selo-para-identificar-servicos-publicos\/#breadcrumb"},"inLanguage":"pt-BR","potentialAction":[{"@type":"ReadAction","target":["https:\/\/jornalfatosenoticias.com.br\/index.php\/2022\/12\/20\/seu-imposto-foi-aplicado-aqui-governo-cria-selo-para-identificar-servicos-publicos\/"]}]},{"@type":"ImageObject","inLanguage":"pt-BR","@id":"https:\/\/jornalfatosenoticias.com.br\/index.php\/2022\/12\/20\/seu-imposto-foi-aplicado-aqui-governo-cria-selo-para-identificar-servicos-publicos\/#primaryimage","url":"https:\/\/jornalfatosenoticias.com.br\/wp-content\/uploads\/2022\/12\/receita-federal-selo.jpg","contentUrl":"https:\/\/jornalfatosenoticias.com.br\/wp-content\/uploads\/2022\/12\/receita-federal-selo.jpg","width":1000,"height":562,"caption":"Superintend\u00eancia da Receita Federal, em Bras\u00edlia."},{"@type":"BreadcrumbList","@id":"https:\/\/jornalfatosenoticias.com.br\/index.php\/2022\/12\/20\/seu-imposto-foi-aplicado-aqui-governo-cria-selo-para-identificar-servicos-publicos\/#breadcrumb","itemListElement":[{"@type":"ListItem","position":1,"name":"In\u00edcio","item":"https:\/\/jornalfatosenoticias.com.br\/"},{"@type":"ListItem","position":2,"name":"\u201cSeu imposto foi aplicado aqui\u201d: governo cria selo para identificar servi\u00e7os p\u00fablicos"}]},{"@type":"WebSite","@id":"https:\/\/jornalfatosenoticias.com.br\/#website","url":"https:\/\/jornalfatosenoticias.com.br\/","name":"Jornal Fatos e Not\u00edcias","description":"Not\u00edcias em geral","publisher":{"@id":"https:\/\/jornalfatosenoticias.com.br\/#organization"},"potentialAction":[{"@type":"SearchAction","target":{"@type":"EntryPoint","urlTemplate":"https:\/\/jornalfatosenoticias.com.br\/?s={search_term_string}"},"query-input":{"@type":"PropertyValueSpecification","valueRequired":true,"valueName":"search_term_string"}}],"inLanguage":"pt-BR"},{"@type":"Organization","@id":"https:\/\/jornalfatosenoticias.com.br\/#organization","name":"Jornal Fatos e Not\u00edcias","url":"https:\/\/jornalfatosenoticias.com.br\/","logo":{"@type":"ImageObject","inLanguage":"pt-BR","@id":"https:\/\/jornalfatosenoticias.com.br\/#\/schema\/logo\/image\/","url":"https:\/\/jornalfatosenoticias.com.br\/wp-content\/uploads\/2020\/02\/logo120.png","contentUrl":"https:\/\/jornalfatosenoticias.com.br\/wp-content\/uploads\/2020\/02\/logo120.png","width":1227,"height":120,"caption":"Jornal Fatos e Not\u00edcias"},"image":{"@id":"https:\/\/jornalfatosenoticias.com.br\/#\/schema\/logo\/image\/"}},{"@type":"Person","@id":"https:\/\/jornalfatosenoticias.com.br\/#\/schema\/person\/d63837fa13ac8666eb9e74e0985d6f81","name":"Luzimara Fernandes","image":{"@type":"ImageObject","inLanguage":"pt-BR","@id":"https:\/\/jornalfatosenoticias.com.br\/#\/schema\/person\/image\/","url":"https:\/\/jornalfatosenoticias.com.br\/wp-content\/uploads\/2025\/05\/EU_portal.jpg","contentUrl":"https:\/\/jornalfatosenoticias.com.br\/wp-content\/uploads\/2025\/05\/EU_portal.jpg","caption":"Luzimara Fernandes"},"description":"Jornalista MTB 2358-ES","sameAs":["https:\/\/jornalfatosenoticias.com.br"],"url":"https:\/\/jornalfatosenoticias.com.br\/index.php\/author\/luzimara\/"}]}},"cc_featured_image_caption":{"caption_text":"(Foto: Marcelo Camargo\/Ag\u00eancia Brasil) ","source_text":"","source_url":""},"jetpack_featured_media_url":"https:\/\/jornalfatosenoticias.com.br\/wp-content\/uploads\/2022\/12\/receita-federal-selo.jpg","_links":{"self":[{"href":"https:\/\/jornalfatosenoticias.com.br\/index.php\/wp-json\/wp\/v2\/posts\/37127","targetHints":{"allow":["GET"]}}],"collection":[{"href":"https:\/\/jornalfatosenoticias.com.br\/index.php\/wp-json\/wp\/v2\/posts"}],"about":[{"href":"https:\/\/jornalfatosenoticias.com.br\/index.php\/wp-json\/wp\/v2\/types\/post"}],"author":[{"embeddable":true,"href":"https:\/\/jornalfatosenoticias.com.br\/index.php\/wp-json\/wp\/v2\/users\/2"}],"replies":[{"embeddable":true,"href":"https:\/\/jornalfatosenoticias.com.br\/index.php\/wp-json\/wp\/v2\/comments?post=37127"}],"version-history":[{"count":0,"href":"https:\/\/jornalfatosenoticias.com.br\/index.php\/wp-json\/wp\/v2\/posts\/37127\/revisions"}],"wp:featuredmedia":[{"embeddable":true,"href":"https:\/\/jornalfatosenoticias.com.br\/index.php\/wp-json\/wp\/v2\/media\/37128"}],"wp:attachment":[{"href":"https:\/\/jornalfatosenoticias.com.br\/index.php\/wp-json\/wp\/v2\/media?parent=37127"}],"wp:term":[{"taxonomy":"category","embeddable":true,"href":"https:\/\/jornalfatosenoticias.com.br\/index.php\/wp-json\/wp\/v2\/categories?post=37127"},{"taxonomy":"post_tag","embeddable":true,"href":"https:\/\/jornalfatosenoticias.com.br\/index.php\/wp-json\/wp\/v2\/tags?post=37127"}],"curies":[{"name":"wp","href":"https:\/\/api.w.org\/{rel}","templated":true}]}}