{"id":37179,"date":"2022-12-21T14:52:00","date_gmt":"2022-12-21T17:52:00","guid":{"rendered":"https:\/\/jornalfatosenoticias.com.br\/?p=37179"},"modified":"2022-12-21T14:52:02","modified_gmt":"2022-12-21T17:52:02","slug":"mec-lanca-o-programa-conecta-rede","status":"publish","type":"post","link":"https:\/\/jornalfatosenoticias.com.br\/index.php\/2022\/12\/21\/mec-lanca-o-programa-conecta-rede\/","title":{"rendered":"MEC lan\u00e7a o Programa Conecta Rede"},"content":{"rendered":"\n<p><em><span class=\"has-inline-color has-black-color\">A iniciativa objetiva auxiliar no processo de moderniza\u00e7\u00e3o tecnol\u00f3gica e apoiar o processo de transforma\u00e7\u00e3o digital das institui\u00e7\u00f5es que comp\u00f5em a Rede Federal<\/span><\/em><\/p>\n\n\n\n<div class=\"wp-block-image\"><figure class=\"aligncenter size-large\"><img loading=\"lazy\" decoding=\"async\" width=\"1024\" height=\"110\" src=\"https:\/\/jornalfatosenoticias.com.br\/wp-content\/uploads\/2022\/10\/Arte-jornal-Zucchi-1120x120_Prancheta-1-1024x110.jpg\" alt=\"\" class=\"wp-image-34772\" srcset=\"https:\/\/jornalfatosenoticias.com.br\/wp-content\/uploads\/2022\/10\/Arte-jornal-Zucchi-1120x120_Prancheta-1-1024x110.jpg 1024w, https:\/\/jornalfatosenoticias.com.br\/wp-content\/uploads\/2022\/10\/Arte-jornal-Zucchi-1120x120_Prancheta-1-300x32.jpg 300w, https:\/\/jornalfatosenoticias.com.br\/wp-content\/uploads\/2022\/10\/Arte-jornal-Zucchi-1120x120_Prancheta-1-768x82.jpg 768w, https:\/\/jornalfatosenoticias.com.br\/wp-content\/uploads\/2022\/10\/Arte-jornal-Zucchi-1120x120_Prancheta-1-1536x165.jpg 1536w, https:\/\/jornalfatosenoticias.com.br\/wp-content\/uploads\/2022\/10\/Arte-jornal-Zucchi-1120x120_Prancheta-1-2048x219.jpg 2048w\" sizes=\"auto, (max-width: 1024px) 100vw, 1024px\" \/><\/figure><\/div>\n\n\n\n<p>O Minist\u00e9rio da Educa\u00e7\u00e3o (MEC) lan\u00e7ou, na \u00faltima quinta-feira (15), o Programa Conecta Rede. A iniciativa tem como objetivo modernizar a capacidade tecnol\u00f3gica e apoiar o processo de transforma\u00e7\u00e3o digital dos Institutos Federais (IFs), do Col\u00e9gio Pedro II e dos Centros Federais de Educa\u00e7\u00e3o Tecnol\u00f3gica (Cefets), institui\u00e7\u00f5es que comp\u00f5em a Rede Federal de Educa\u00e7\u00e3o Profissional, Cient\u00edfica e Tecnol\u00f3gica.<\/p>\n\n\n\n<div class=\"wp-block-image\"><figure class=\"aligncenter size-large\"><img loading=\"lazy\" decoding=\"async\" width=\"300\" height=\"250\" src=\"https:\/\/jornalfatosenoticias.com.br\/wp-content\/uploads\/2022\/08\/arte-Casarao.jpg\" alt=\"\" class=\"wp-image-33178\"\/><\/figure><\/div>\n\n\n\n<p>O Programa foi desenvolvido por meio de uma parceria entre o MEC e a Rede Nacional de Ensino e Pesquisa (RNP), para a oferta de solu\u00e7\u00f5es tecnol\u00f3gicas para gestores, estudantes, docentes e t\u00e9cnicos administrativos em educa\u00e7\u00e3o da Rede Federal. O Conecta Rede apresenta um portf\u00f3lio de servi\u00e7os composto por ferramentas na \u00e1rea de Tecnologia da Informa\u00e7\u00e3o e Comunica\u00e7\u00e3o, capacita\u00e7\u00e3o e consultoria, com foco na melhoria das institui\u00e7\u00f5es, que poder\u00e3o ofertar Educa\u00e7\u00e3o Profissional e Tecnol\u00f3gica com mais qualidade e ader\u00eancia ao cen\u00e1rio digital.<\/p>\n\n\n\n<div class=\"wp-block-image\"><figure class=\"aligncenter size-large\"><img loading=\"lazy\" decoding=\"async\" width=\"560\" height=\"60\" src=\"https:\/\/jornalfatosenoticias.com.br\/wp-content\/uploads\/2022\/10\/Propaganda-RC-Radiadores-Jornal_page-0001.jpg\" alt=\"\" class=\"wp-image-35270\" srcset=\"https:\/\/jornalfatosenoticias.com.br\/wp-content\/uploads\/2022\/10\/Propaganda-RC-Radiadores-Jornal_page-0001.jpg 560w, https:\/\/jornalfatosenoticias.com.br\/wp-content\/uploads\/2022\/10\/Propaganda-RC-Radiadores-Jornal_page-0001-300x32.jpg 300w\" sizes=\"auto, (max-width: 560px) 100vw, 560px\" \/><\/figure><\/div>\n\n\n\n<p>De acordo com o secret\u00e1rio de Educa\u00e7\u00e3o Profissional e Tecnol\u00f3gica do MEC, Tom\u00e1s Sant\u00b4Ana, o Conecta Rede se apresenta como um importante trabalho para a melhoria na efici\u00eancia das institui\u00e7\u00f5es da Rede Federal de Educa\u00e7\u00e3o Profissional, Cient\u00edfica e Tecnol\u00f3gica. <\/p>\n\n\n\n<div class=\"wp-block-image\"><figure class=\"aligncenter size-large\"><img decoding=\"async\" src=\"https:\/\/jornalfatosenoticias.com.br\/wp-content\/uploads\/2020\/02\/logo_esteio.jpg\" alt=\"\" class=\"wp-image-1214\"\/><\/figure><\/div>\n\n\n\n<figure class=\"wp-block-pullquote\"><blockquote><p><span class=\"has-inline-color has-luminous-vivid-orange-color\">O projeto, al\u00e9m de diversas solu\u00e7\u00f5es tecnol\u00f3gicas, apresenta uma importante ferramenta de backup para as institui\u00e7\u00f5es, com a disponibiliza\u00e7\u00e3o dos dados em nuvem e, tamb\u00e9m, uma solu\u00e7\u00e3o de gest\u00e3o de ferramenta on-line com a disponibiliza\u00e7\u00e3o do moodle, facilitando o gerenciamento do ambiente virtual e desonerando as institui\u00e7\u00f5es\u201d, ressaltou o secret\u00e1rio.<\/span><\/p><\/blockquote><\/figure>\n\n\n\n<div class=\"wp-block-image\"><figure class=\"alignleft size-large\"><img decoding=\"async\" src=\"https:\/\/jornalfatosenoticias.com.br\/wp-content\/uploads\/2020\/02\/barao-das-carnes-300x164-1.jpg\" alt=\"\" class=\"wp-image-34339\"\/><\/figure><\/div>\n\n\n\n<p>Entre as ferramentas tecnol\u00f3gicas j\u00e1 ofertadas por meio do Programa Conecta Rede, est\u00e3o: o\u00a0<a href=\"http:\/\/portal.mec.gov.br\/diplomadigital\/\">Diploma Digital<\/a>; a\u00a0<a href=\"https:\/\/aprendamais.mec.gov.br\/\">Plataforma Aprenda Mais<\/a>; a\u00a0<a href=\"https:\/\/plaforedu.mec.gov.br\/\">Plataforma PlaforEdu<\/a>; bem como servi\u00e7os de<em> backup; o moodle<\/em> em nuvem, que \u00e9 um servi\u00e7o gerenciado de ambiente virtual de aprendizagem hospedado em nuvem p\u00fablica, com redund\u00e2ncia e alta disponibilidade para garantir tranquilidade aos gestores, estudantes e professores.<br>Al\u00e9m dessas, est\u00e3o dispon\u00edveis outras iniciativas que visam fortalecer o trabalho desenvolvido nas institui\u00e7\u00f5es da Rede Federal de Educa\u00e7\u00e3o Profissional, Cientifica e Tecnol\u00f3gica. S\u00e3o elas:<\/p>\n\n\n\n<div class=\"wp-block-image\"><figure class=\"aligncenter size-large is-resized\"><img loading=\"lazy\" decoding=\"async\" src=\"https:\/\/jornalfatosenoticias.com.br\/wp-content\/uploads\/2022\/02\/Precisao-Contabilidade-1024x724.jpg\" alt=\"\" class=\"wp-image-28088\" width=\"296\" height=\"209\"\/><\/figure><\/div>\n\n\n\n<p>\u2022 <strong>Plataforma For:<\/strong> Solu\u00e7\u00e3o de apoio \u00e0 gest\u00e3o composta de <em>softwares<\/em>, cursos de capacita\u00e7\u00e3o on-line e metodologia para auxiliar no desenvolvimento do Plano de Desenvolvimento Institucional (PDI) e para criar um modelo de gest\u00e3o de risco;<br>\u2022 <strong>ForPDI: <\/strong>\u00e9 uma das ferramentas da Plataforma For. Foi elaborada ap\u00f3s ser identificada a necessidade de acompanhar em tempo real a gest\u00e3o do Plano de Desenvolvimento Institucional, permitindo que o trabalho ocorra de maneira colaborativa. Com o <em>software<\/em>, gestores podem desenvolver todo esse plano com flexibilidade e monitorar sua execu\u00e7\u00e3o. A solu\u00e7\u00e3o traz ainda os principais recursos de administra\u00e7\u00e3o usados em contexto empresarial, como an\u00e1lise SWOT, <em>Balanced Scoredcard<\/em> (BSC), Planejamento Estrat\u00e9gico Situacional (PES) e outros;<\/p>\n\n\n\n<div class=\"wp-block-image\"><figure class=\"aligncenter size-large\"><img loading=\"lazy\" decoding=\"async\" width=\"1024\" height=\"111\" src=\"https:\/\/jornalfatosenoticias.com.br\/wp-content\/uploads\/2020\/02\/WhatsApp-Image-2022-09-23-at-12.09.18-1024x111.jpeg\" alt=\"\" class=\"wp-image-34527\" srcset=\"https:\/\/jornalfatosenoticias.com.br\/wp-content\/uploads\/2020\/02\/WhatsApp-Image-2022-09-23-at-12.09.18-1024x111.jpeg 1024w, https:\/\/jornalfatosenoticias.com.br\/wp-content\/uploads\/2020\/02\/WhatsApp-Image-2022-09-23-at-12.09.18-300x32.jpeg 300w, https:\/\/jornalfatosenoticias.com.br\/wp-content\/uploads\/2020\/02\/WhatsApp-Image-2022-09-23-at-12.09.18-768x83.jpeg 768w, https:\/\/jornalfatosenoticias.com.br\/wp-content\/uploads\/2020\/02\/WhatsApp-Image-2022-09-23-at-12.09.18.jpeg 1121w\" sizes=\"auto, (max-width: 1024px) 100vw, 1024px\" \/><\/figure><\/div>\n\n\n\n<p><br>\u2022<strong> ForRisco:<\/strong> \u00e9 uma ferramenta da Plataforma For que visa facilitar a gest\u00e3o de riscos das institui\u00e7\u00f5es. Ela surgiu da necessidade de aplicar princ\u00edpios te\u00f3ricos e pr\u00e1ticos da gest\u00e3o de risco no planejamento estrat\u00e9gico das unidades federais de ensino.<br>\u2022 <strong>MACDE: <\/strong>a Metodologia de Avalia\u00e7\u00e3o dos Contratos de Demanda de Energia (MACDE), desenvolvida com o Instituto Federal de Santa Catarina (IFSC), \u00e9 uma ferramenta para a otimiza\u00e7\u00e3o e o planejamento da contrata\u00e7\u00e3o de energia el\u00e9trica por parte da Rede Federal. Com linguagem acess\u00edvel e manipula\u00e7\u00e3o de f\u00e1cil utiliza\u00e7\u00e3o, ela \u00e9 para o manuseio de servidores administrativos das \u00e1reas de contratos das institui\u00e7\u00f5es.<br>\u2022 <strong>Capacita\u00e7\u00e3o: <\/strong>Elabora\u00e7\u00e3o e execu\u00e7\u00e3o do plano de desenvolvimento de pessoas com o foco em capacitar os servidores dos Institutos Federais, dos Cefets e do Col\u00e9gio Pedro II, na \u00e1rea de Tecnologia da Informa\u00e7\u00e3o e Comunica\u00e7\u00e3o, com os cursos ofertados pela Escola Superior de Redes (ESR) da RNP.<\/p>\n\n\n\n<div class=\"wp-block-image\"><figure class=\"alignright size-large is-resized\"><img loading=\"lazy\" decoding=\"async\" src=\"https:\/\/jornalfatosenoticias.com.br\/wp-content\/uploads\/2020\/02\/nova-logo-Marquetti.jpg\" alt=\"\" class=\"wp-image-22331\" width=\"321\" height=\"215\" srcset=\"https:\/\/jornalfatosenoticias.com.br\/wp-content\/uploads\/2020\/02\/nova-logo-Marquetti.jpg 643w, https:\/\/jornalfatosenoticias.com.br\/wp-content\/uploads\/2020\/02\/nova-logo-Marquetti-300x202.jpg 300w\" sizes=\"auto, (max-width: 321px) 100vw, 321px\" \/><\/figure><\/div>\n\n\n\n<p>A ades\u00e3o aos projetos do Programa Conecta Rede pode acontecer a qualquer tempo, por meio dos canais de comunica\u00e7\u00e3o da RNP. A institui\u00e7\u00e3o da Rede Federal interessada em aderir ao Programa dever\u00e1 fazer por meio de termo de ades\u00e3o. O documento dever\u00e1 ser solicitado por meio do canal <a href=\"mailto:atendimento@rnp.br\">atendimento@rnp.br<\/a>.<br>A cerim\u00f4nia de lan\u00e7amento foi realizada no MEC e, al\u00e9m do secret\u00e1rio Tom\u00e1s Sant\u00b4Ana, estiveram presentes o diretor de Desenvolvimento da Rede Federal da Educa\u00e7\u00e3o Profissional, Cient\u00edfica e Tecnol\u00f3gica da Setec, Kedson Lima; o subsecret\u00e1rio substituto de Tecnologia da Informa\u00e7\u00e3o e Comunica\u00e7\u00e3o (STIC) do MEC, Delson Pereira; o diretor-presidente da Rede Nacional de Ensino e Pesquisa (RNP), Nelson Sim\u00f5es; e o presidente do Conselho Nacional das Institui\u00e7\u00f5es da Rede Federal de Educa\u00e7\u00e3o Profissional, Cient\u00edfica e Tecnol\u00f3gica (Conif), Cl\u00e1udio Alex.<\/p>\n\n\n\n<div class=\"wp-block-image\"><figure class=\"aligncenter size-large is-resized\"><img loading=\"lazy\" decoding=\"async\" src=\"https:\/\/jornalfatosenoticias.com.br\/wp-content\/uploads\/2022\/08\/logo-locau-veiculos-1024x573.png\" alt=\"\" class=\"wp-image-33078\" width=\"291\" height=\"162\"\/><\/figure><\/div>\n\n\n\n<p>A solu\u00e7\u00e3o Conecta Rede foi apresentada pela mesa t\u00e9cnica composta pela assessora da Secretaria de Educa\u00e7\u00e3o Profissional e Tecnol\u00f3gica, Tatiane Ewerton; a gerente de projeto da Secretaria de Educa\u00e7\u00e3o Profissional e Tecnol\u00f3gica, J\u00e9ssica Trigo; a coordenadora-geral de Desenvolvimento de Pessoas da Rede Federal da Educa\u00e7\u00e3o Profissional, Cient\u00edfica e Tecnol\u00f3gica, Silvilene Souza; o assessor especial do N\u00facleo Estruturante da Pol\u00edtica de Inova\u00e7\u00e3o, Marco Ant\u00f4nio Juliatto e o gerente de solu\u00e7\u00f5es da Rede Nacional de Ensino e Pesquisa (RNP), Roosevelt Benvindo de Oliveira.<\/p>\n\n\n\n<div class=\"wp-block-image\"><figure class=\"aligncenter size-large\"><img loading=\"lazy\" decoding=\"async\" width=\"1024\" height=\"100\" src=\"https:\/\/jornalfatosenoticias.com.br\/wp-content\/uploads\/2022\/05\/NOVA-LOGO-CESCONETTO-1024x100.jpg\" alt=\"\" class=\"wp-image-30792\" srcset=\"https:\/\/jornalfatosenoticias.com.br\/wp-content\/uploads\/2022\/05\/NOVA-LOGO-CESCONETTO-1024x100.jpg 1024w, https:\/\/jornalfatosenoticias.com.br\/wp-content\/uploads\/2022\/05\/NOVA-LOGO-CESCONETTO-300x29.jpg 300w, https:\/\/jornalfatosenoticias.com.br\/wp-content\/uploads\/2022\/05\/NOVA-LOGO-CESCONETTO-768x75.jpg 768w, https:\/\/jornalfatosenoticias.com.br\/wp-content\/uploads\/2022\/05\/NOVA-LOGO-CESCONETTO.jpg 1280w\" sizes=\"auto, (max-width: 1024px) 100vw, 1024px\" \/><\/figure><\/div>\n\n\n\n<p><em>Para conhecer mais detalhes do Programa Conecta Rede, acesse o\u00a0<a href=\"https:\/\/www.youtube.com\/watch?v=FjlkGpNsSfU\">canal do YouTube do MEC<\/a>\u00a0e a p\u00e1gina do Programa clicando\u00a0<a href=\"https:\/\/www.gov.br\/mec\/pt-br\/acesso-a-informacao\/institucional\/secretarias\/secretaria-de-educacao-profissional\/conecta-rede\/conecta-rede\/\">aqui<\/a>.\u00a0\u00a0<\/em><\/p>\n\n\n\n<div class=\"wp-block-image\"><figure class=\"aligncenter size-large\"><img loading=\"lazy\" decoding=\"async\" width=\"1000\" height=\"709\" src=\"https:\/\/jornalfatosenoticias.com.br\/wp-content\/uploads\/2022\/12\/CARTAO-NATALINO_2022.jpg\" alt=\"\" class=\"wp-image-36945\" srcset=\"https:\/\/jornalfatosenoticias.com.br\/wp-content\/uploads\/2022\/12\/CARTAO-NATALINO_2022.jpg 1000w, https:\/\/jornalfatosenoticias.com.br\/wp-content\/uploads\/2022\/12\/CARTAO-NATALINO_2022-300x213.jpg 300w, https:\/\/jornalfatosenoticias.com.br\/wp-content\/uploads\/2022\/12\/CARTAO-NATALINO_2022-768x545.jpg 768w\" sizes=\"auto, (max-width: 1000px) 100vw, 1000px\" \/><\/figure><\/div>\n\n\n\n<p><strong><em>Fonte: <a href=\"https:\/\/www.gov.br\/mec\/pt-br\/assuntos\/noticias\/mec-lanca-o-programa-conecta-rede\">MEC<\/a><\/em><\/strong><\/p>\n","protected":false},"excerpt":{"rendered":"<p>A iniciativa objetiva auxiliar no processo de moderniza\u00e7\u00e3o tecnol\u00f3gica e apoiar o processo de transforma\u00e7\u00e3o digital das institui\u00e7\u00f5es que comp\u00f5em a Rede Federal O Minist\u00e9rio da Educa\u00e7\u00e3o (MEC) lan\u00e7ou, na \u00faltima quinta-feira (15), o Programa Conecta Rede. A iniciativa tem como objetivo modernizar a capacidade tecnol\u00f3gica e apoiar o processo de transforma\u00e7\u00e3o digital dos Institutos [&hellip;]<\/p>\n","protected":false},"author":2,"featured_media":37180,"comment_status":"open","ping_status":"open","sticky":false,"template":"","format":"standard","meta":{"footnotes":""},"categories":[7],"tags":[3577,283,17470,17469,17471],"class_list":["post-37179","post","type-post","status-publish","format-standard","has-post-thumbnail","hentry","category-educacao","tag-lancamento","tag-mec","tag-modernizacao-tecnologica","tag-programa-conecta-rede","tag-transformacao-digital"],"yoast_head":"<!-- This site is optimized with the Yoast SEO plugin v26.5 - https:\/\/yoast.com\/wordpress\/plugins\/seo\/ -->\n<title>MEC lan\u00e7a o Programa Conecta Rede - Jornal Fatos e Not\u00edcias<\/title>\n<meta name=\"robots\" content=\"index, follow, max-snippet:-1, max-image-preview:large, max-video-preview:-1\" \/>\n<link rel=\"canonical\" href=\"https:\/\/jornalfatosenoticias.com.br\/index.php\/2022\/12\/21\/mec-lanca-o-programa-conecta-rede\/\" \/>\n<meta property=\"og:locale\" content=\"pt_BR\" \/>\n<meta property=\"og:type\" content=\"article\" \/>\n<meta property=\"og:title\" content=\"MEC lan\u00e7a o Programa Conecta Rede - Jornal Fatos e Not\u00edcias\" \/>\n<meta property=\"og:description\" content=\"A iniciativa objetiva auxiliar no processo de moderniza\u00e7\u00e3o tecnol\u00f3gica e apoiar o processo de transforma\u00e7\u00e3o digital das institui\u00e7\u00f5es que comp\u00f5em a Rede Federal O Minist\u00e9rio da Educa\u00e7\u00e3o (MEC) lan\u00e7ou, na \u00faltima quinta-feira (15), o Programa Conecta Rede. A iniciativa tem como objetivo modernizar a capacidade tecnol\u00f3gica e apoiar o processo de transforma\u00e7\u00e3o digital dos Institutos [&hellip;]\" \/>\n<meta property=\"og:url\" content=\"https:\/\/jornalfatosenoticias.com.br\/index.php\/2022\/12\/21\/mec-lanca-o-programa-conecta-rede\/\" \/>\n<meta property=\"og:site_name\" content=\"Jornal Fatos e Not\u00edcias\" \/>\n<meta property=\"article:published_time\" content=\"2022-12-21T17:52:00+00:00\" \/>\n<meta property=\"article:modified_time\" content=\"2022-12-21T17:52:02+00:00\" \/>\n<meta property=\"og:image\" content=\"https:\/\/jornalfatosenoticias.com.br\/wp-content\/uploads\/2022\/12\/CONECTA-REDE_MEC.jpeg\" \/>\n\t<meta property=\"og:image:width\" content=\"1000\" \/>\n\t<meta property=\"og:image:height\" content=\"665\" \/>\n\t<meta property=\"og:image:type\" content=\"image\/jpeg\" \/>\n<meta name=\"author\" content=\"Luzimara Fernandes\" \/>\n<meta name=\"twitter:card\" content=\"summary_large_image\" \/>\n<meta name=\"twitter:label1\" content=\"Escrito por\" \/>\n\t<meta name=\"twitter:data1\" content=\"Luzimara Fernandes\" \/>\n\t<meta name=\"twitter:label2\" content=\"Est. tempo de leitura\" \/>\n\t<meta name=\"twitter:data2\" content=\"5 minutos\" \/>\n<script type=\"application\/ld+json\" class=\"yoast-schema-graph\">{\"@context\":\"https:\/\/schema.org\",\"@graph\":[{\"@type\":\"Article\",\"@id\":\"https:\/\/jornalfatosenoticias.com.br\/index.php\/2022\/12\/21\/mec-lanca-o-programa-conecta-rede\/#article\",\"isPartOf\":{\"@id\":\"https:\/\/jornalfatosenoticias.com.br\/index.php\/2022\/12\/21\/mec-lanca-o-programa-conecta-rede\/\"},\"author\":{\"name\":\"Luzimara Fernandes\",\"@id\":\"https:\/\/jornalfatosenoticias.com.br\/#\/schema\/person\/d63837fa13ac8666eb9e74e0985d6f81\"},\"headline\":\"MEC lan\u00e7a o Programa Conecta Rede\",\"datePublished\":\"2022-12-21T17:52:00+00:00\",\"dateModified\":\"2022-12-21T17:52:02+00:00\",\"mainEntityOfPage\":{\"@id\":\"https:\/\/jornalfatosenoticias.com.br\/index.php\/2022\/12\/21\/mec-lanca-o-programa-conecta-rede\/\"},\"wordCount\":966,\"commentCount\":0,\"publisher\":{\"@id\":\"https:\/\/jornalfatosenoticias.com.br\/#organization\"},\"image\":{\"@id\":\"https:\/\/jornalfatosenoticias.com.br\/index.php\/2022\/12\/21\/mec-lanca-o-programa-conecta-rede\/#primaryimage\"},\"thumbnailUrl\":\"https:\/\/jornalfatosenoticias.com.br\/wp-content\/uploads\/2022\/12\/CONECTA-REDE_MEC.jpeg\",\"keywords\":[\"lan\u00e7amento\",\"MEC\",\"moderniza\u00e7\u00e3o tecnol\u00f3gica\",\"Programa Conecta Rede\",\"transforma\u00e7\u00e3o digital\"],\"articleSection\":[\"Educa\u00e7\u00e3o\"],\"inLanguage\":\"pt-BR\",\"potentialAction\":[{\"@type\":\"CommentAction\",\"name\":\"Comment\",\"target\":[\"https:\/\/jornalfatosenoticias.com.br\/index.php\/2022\/12\/21\/mec-lanca-o-programa-conecta-rede\/#respond\"]}]},{\"@type\":\"WebPage\",\"@id\":\"https:\/\/jornalfatosenoticias.com.br\/index.php\/2022\/12\/21\/mec-lanca-o-programa-conecta-rede\/\",\"url\":\"https:\/\/jornalfatosenoticias.com.br\/index.php\/2022\/12\/21\/mec-lanca-o-programa-conecta-rede\/\",\"name\":\"MEC lan\u00e7a o Programa Conecta Rede - Jornal Fatos e Not\u00edcias\",\"isPartOf\":{\"@id\":\"https:\/\/jornalfatosenoticias.com.br\/#website\"},\"primaryImageOfPage\":{\"@id\":\"https:\/\/jornalfatosenoticias.com.br\/index.php\/2022\/12\/21\/mec-lanca-o-programa-conecta-rede\/#primaryimage\"},\"image\":{\"@id\":\"https:\/\/jornalfatosenoticias.com.br\/index.php\/2022\/12\/21\/mec-lanca-o-programa-conecta-rede\/#primaryimage\"},\"thumbnailUrl\":\"https:\/\/jornalfatosenoticias.com.br\/wp-content\/uploads\/2022\/12\/CONECTA-REDE_MEC.jpeg\",\"datePublished\":\"2022-12-21T17:52:00+00:00\",\"dateModified\":\"2022-12-21T17:52:02+00:00\",\"breadcrumb\":{\"@id\":\"https:\/\/jornalfatosenoticias.com.br\/index.php\/2022\/12\/21\/mec-lanca-o-programa-conecta-rede\/#breadcrumb\"},\"inLanguage\":\"pt-BR\",\"potentialAction\":[{\"@type\":\"ReadAction\",\"target\":[\"https:\/\/jornalfatosenoticias.com.br\/index.php\/2022\/12\/21\/mec-lanca-o-programa-conecta-rede\/\"]}]},{\"@type\":\"ImageObject\",\"inLanguage\":\"pt-BR\",\"@id\":\"https:\/\/jornalfatosenoticias.com.br\/index.php\/2022\/12\/21\/mec-lanca-o-programa-conecta-rede\/#primaryimage\",\"url\":\"https:\/\/jornalfatosenoticias.com.br\/wp-content\/uploads\/2022\/12\/CONECTA-REDE_MEC.jpeg\",\"contentUrl\":\"https:\/\/jornalfatosenoticias.com.br\/wp-content\/uploads\/2022\/12\/CONECTA-REDE_MEC.jpeg\",\"width\":1000,\"height\":665},{\"@type\":\"BreadcrumbList\",\"@id\":\"https:\/\/jornalfatosenoticias.com.br\/index.php\/2022\/12\/21\/mec-lanca-o-programa-conecta-rede\/#breadcrumb\",\"itemListElement\":[{\"@type\":\"ListItem\",\"position\":1,\"name\":\"In\u00edcio\",\"item\":\"https:\/\/jornalfatosenoticias.com.br\/\"},{\"@type\":\"ListItem\",\"position\":2,\"name\":\"MEC lan\u00e7a o Programa Conecta Rede\"}]},{\"@type\":\"WebSite\",\"@id\":\"https:\/\/jornalfatosenoticias.com.br\/#website\",\"url\":\"https:\/\/jornalfatosenoticias.com.br\/\",\"name\":\"Jornal Fatos e Not\u00edcias\",\"description\":\"Not\u00edcias em geral\",\"publisher\":{\"@id\":\"https:\/\/jornalfatosenoticias.com.br\/#organization\"},\"potentialAction\":[{\"@type\":\"SearchAction\",\"target\":{\"@type\":\"EntryPoint\",\"urlTemplate\":\"https:\/\/jornalfatosenoticias.com.br\/?s={search_term_string}\"},\"query-input\":{\"@type\":\"PropertyValueSpecification\",\"valueRequired\":true,\"valueName\":\"search_term_string\"}}],\"inLanguage\":\"pt-BR\"},{\"@type\":\"Organization\",\"@id\":\"https:\/\/jornalfatosenoticias.com.br\/#organization\",\"name\":\"Jornal Fatos e Not\u00edcias\",\"url\":\"https:\/\/jornalfatosenoticias.com.br\/\",\"logo\":{\"@type\":\"ImageObject\",\"inLanguage\":\"pt-BR\",\"@id\":\"https:\/\/jornalfatosenoticias.com.br\/#\/schema\/logo\/image\/\",\"url\":\"https:\/\/jornalfatosenoticias.com.br\/wp-content\/uploads\/2020\/02\/logo120.png\",\"contentUrl\":\"https:\/\/jornalfatosenoticias.com.br\/wp-content\/uploads\/2020\/02\/logo120.png\",\"width\":1227,\"height\":120,\"caption\":\"Jornal Fatos e Not\u00edcias\"},\"image\":{\"@id\":\"https:\/\/jornalfatosenoticias.com.br\/#\/schema\/logo\/image\/\"}},{\"@type\":\"Person\",\"@id\":\"https:\/\/jornalfatosenoticias.com.br\/#\/schema\/person\/d63837fa13ac8666eb9e74e0985d6f81\",\"name\":\"Luzimara Fernandes\",\"image\":{\"@type\":\"ImageObject\",\"inLanguage\":\"pt-BR\",\"@id\":\"https:\/\/jornalfatosenoticias.com.br\/#\/schema\/person\/image\/\",\"url\":\"https:\/\/jornalfatosenoticias.com.br\/wp-content\/uploads\/2025\/05\/EU_portal.jpg\",\"contentUrl\":\"https:\/\/jornalfatosenoticias.com.br\/wp-content\/uploads\/2025\/05\/EU_portal.jpg\",\"caption\":\"Luzimara Fernandes\"},\"description\":\"Jornalista MTB 2358-ES\",\"sameAs\":[\"https:\/\/jornalfatosenoticias.com.br\"],\"url\":\"https:\/\/jornalfatosenoticias.com.br\/index.php\/author\/luzimara\/\"}]}<\/script>\n<!-- \/ Yoast SEO plugin. -->","yoast_head_json":{"title":"MEC lan\u00e7a o Programa Conecta Rede - Jornal Fatos e Not\u00edcias","robots":{"index":"index","follow":"follow","max-snippet":"max-snippet:-1","max-image-preview":"max-image-preview:large","max-video-preview":"max-video-preview:-1"},"canonical":"https:\/\/jornalfatosenoticias.com.br\/index.php\/2022\/12\/21\/mec-lanca-o-programa-conecta-rede\/","og_locale":"pt_BR","og_type":"article","og_title":"MEC lan\u00e7a o Programa Conecta Rede - Jornal Fatos e Not\u00edcias","og_description":"A iniciativa objetiva auxiliar no processo de moderniza\u00e7\u00e3o tecnol\u00f3gica e apoiar o processo de transforma\u00e7\u00e3o digital das institui\u00e7\u00f5es que comp\u00f5em a Rede Federal O Minist\u00e9rio da Educa\u00e7\u00e3o (MEC) lan\u00e7ou, na \u00faltima quinta-feira (15), o Programa Conecta Rede. A iniciativa tem como objetivo modernizar a capacidade tecnol\u00f3gica e apoiar o processo de transforma\u00e7\u00e3o digital dos Institutos [&hellip;]","og_url":"https:\/\/jornalfatosenoticias.com.br\/index.php\/2022\/12\/21\/mec-lanca-o-programa-conecta-rede\/","og_site_name":"Jornal Fatos e Not\u00edcias","article_published_time":"2022-12-21T17:52:00+00:00","article_modified_time":"2022-12-21T17:52:02+00:00","og_image":[{"width":1000,"height":665,"url":"https:\/\/jornalfatosenoticias.com.br\/wp-content\/uploads\/2022\/12\/CONECTA-REDE_MEC.jpeg","type":"image\/jpeg"}],"author":"Luzimara Fernandes","twitter_card":"summary_large_image","twitter_misc":{"Escrito por":"Luzimara Fernandes","Est. tempo de leitura":"5 minutos"},"schema":{"@context":"https:\/\/schema.org","@graph":[{"@type":"Article","@id":"https:\/\/jornalfatosenoticias.com.br\/index.php\/2022\/12\/21\/mec-lanca-o-programa-conecta-rede\/#article","isPartOf":{"@id":"https:\/\/jornalfatosenoticias.com.br\/index.php\/2022\/12\/21\/mec-lanca-o-programa-conecta-rede\/"},"author":{"name":"Luzimara Fernandes","@id":"https:\/\/jornalfatosenoticias.com.br\/#\/schema\/person\/d63837fa13ac8666eb9e74e0985d6f81"},"headline":"MEC lan\u00e7a o Programa Conecta Rede","datePublished":"2022-12-21T17:52:00+00:00","dateModified":"2022-12-21T17:52:02+00:00","mainEntityOfPage":{"@id":"https:\/\/jornalfatosenoticias.com.br\/index.php\/2022\/12\/21\/mec-lanca-o-programa-conecta-rede\/"},"wordCount":966,"commentCount":0,"publisher":{"@id":"https:\/\/jornalfatosenoticias.com.br\/#organization"},"image":{"@id":"https:\/\/jornalfatosenoticias.com.br\/index.php\/2022\/12\/21\/mec-lanca-o-programa-conecta-rede\/#primaryimage"},"thumbnailUrl":"https:\/\/jornalfatosenoticias.com.br\/wp-content\/uploads\/2022\/12\/CONECTA-REDE_MEC.jpeg","keywords":["lan\u00e7amento","MEC","moderniza\u00e7\u00e3o tecnol\u00f3gica","Programa Conecta Rede","transforma\u00e7\u00e3o digital"],"articleSection":["Educa\u00e7\u00e3o"],"inLanguage":"pt-BR","potentialAction":[{"@type":"CommentAction","name":"Comment","target":["https:\/\/jornalfatosenoticias.com.br\/index.php\/2022\/12\/21\/mec-lanca-o-programa-conecta-rede\/#respond"]}]},{"@type":"WebPage","@id":"https:\/\/jornalfatosenoticias.com.br\/index.php\/2022\/12\/21\/mec-lanca-o-programa-conecta-rede\/","url":"https:\/\/jornalfatosenoticias.com.br\/index.php\/2022\/12\/21\/mec-lanca-o-programa-conecta-rede\/","name":"MEC lan\u00e7a o Programa Conecta Rede - Jornal Fatos e Not\u00edcias","isPartOf":{"@id":"https:\/\/jornalfatosenoticias.com.br\/#website"},"primaryImageOfPage":{"@id":"https:\/\/jornalfatosenoticias.com.br\/index.php\/2022\/12\/21\/mec-lanca-o-programa-conecta-rede\/#primaryimage"},"image":{"@id":"https:\/\/jornalfatosenoticias.com.br\/index.php\/2022\/12\/21\/mec-lanca-o-programa-conecta-rede\/#primaryimage"},"thumbnailUrl":"https:\/\/jornalfatosenoticias.com.br\/wp-content\/uploads\/2022\/12\/CONECTA-REDE_MEC.jpeg","datePublished":"2022-12-21T17:52:00+00:00","dateModified":"2022-12-21T17:52:02+00:00","breadcrumb":{"@id":"https:\/\/jornalfatosenoticias.com.br\/index.php\/2022\/12\/21\/mec-lanca-o-programa-conecta-rede\/#breadcrumb"},"inLanguage":"pt-BR","potentialAction":[{"@type":"ReadAction","target":["https:\/\/jornalfatosenoticias.com.br\/index.php\/2022\/12\/21\/mec-lanca-o-programa-conecta-rede\/"]}]},{"@type":"ImageObject","inLanguage":"pt-BR","@id":"https:\/\/jornalfatosenoticias.com.br\/index.php\/2022\/12\/21\/mec-lanca-o-programa-conecta-rede\/#primaryimage","url":"https:\/\/jornalfatosenoticias.com.br\/wp-content\/uploads\/2022\/12\/CONECTA-REDE_MEC.jpeg","contentUrl":"https:\/\/jornalfatosenoticias.com.br\/wp-content\/uploads\/2022\/12\/CONECTA-REDE_MEC.jpeg","width":1000,"height":665},{"@type":"BreadcrumbList","@id":"https:\/\/jornalfatosenoticias.com.br\/index.php\/2022\/12\/21\/mec-lanca-o-programa-conecta-rede\/#breadcrumb","itemListElement":[{"@type":"ListItem","position":1,"name":"In\u00edcio","item":"https:\/\/jornalfatosenoticias.com.br\/"},{"@type":"ListItem","position":2,"name":"MEC lan\u00e7a o Programa Conecta Rede"}]},{"@type":"WebSite","@id":"https:\/\/jornalfatosenoticias.com.br\/#website","url":"https:\/\/jornalfatosenoticias.com.br\/","name":"Jornal Fatos e Not\u00edcias","description":"Not\u00edcias em geral","publisher":{"@id":"https:\/\/jornalfatosenoticias.com.br\/#organization"},"potentialAction":[{"@type":"SearchAction","target":{"@type":"EntryPoint","urlTemplate":"https:\/\/jornalfatosenoticias.com.br\/?s={search_term_string}"},"query-input":{"@type":"PropertyValueSpecification","valueRequired":true,"valueName":"search_term_string"}}],"inLanguage":"pt-BR"},{"@type":"Organization","@id":"https:\/\/jornalfatosenoticias.com.br\/#organization","name":"Jornal Fatos e Not\u00edcias","url":"https:\/\/jornalfatosenoticias.com.br\/","logo":{"@type":"ImageObject","inLanguage":"pt-BR","@id":"https:\/\/jornalfatosenoticias.com.br\/#\/schema\/logo\/image\/","url":"https:\/\/jornalfatosenoticias.com.br\/wp-content\/uploads\/2020\/02\/logo120.png","contentUrl":"https:\/\/jornalfatosenoticias.com.br\/wp-content\/uploads\/2020\/02\/logo120.png","width":1227,"height":120,"caption":"Jornal Fatos e Not\u00edcias"},"image":{"@id":"https:\/\/jornalfatosenoticias.com.br\/#\/schema\/logo\/image\/"}},{"@type":"Person","@id":"https:\/\/jornalfatosenoticias.com.br\/#\/schema\/person\/d63837fa13ac8666eb9e74e0985d6f81","name":"Luzimara Fernandes","image":{"@type":"ImageObject","inLanguage":"pt-BR","@id":"https:\/\/jornalfatosenoticias.com.br\/#\/schema\/person\/image\/","url":"https:\/\/jornalfatosenoticias.com.br\/wp-content\/uploads\/2025\/05\/EU_portal.jpg","contentUrl":"https:\/\/jornalfatosenoticias.com.br\/wp-content\/uploads\/2025\/05\/EU_portal.jpg","caption":"Luzimara Fernandes"},"description":"Jornalista MTB 2358-ES","sameAs":["https:\/\/jornalfatosenoticias.com.br"],"url":"https:\/\/jornalfatosenoticias.com.br\/index.php\/author\/luzimara\/"}]}},"cc_featured_image_caption":{"caption_text":"(Foto: Lu\u00eds Fortes\/MEC) ","source_text":"","source_url":""},"jetpack_featured_media_url":"https:\/\/jornalfatosenoticias.com.br\/wp-content\/uploads\/2022\/12\/CONECTA-REDE_MEC.jpeg","_links":{"self":[{"href":"https:\/\/jornalfatosenoticias.com.br\/index.php\/wp-json\/wp\/v2\/posts\/37179","targetHints":{"allow":["GET"]}}],"collection":[{"href":"https:\/\/jornalfatosenoticias.com.br\/index.php\/wp-json\/wp\/v2\/posts"}],"about":[{"href":"https:\/\/jornalfatosenoticias.com.br\/index.php\/wp-json\/wp\/v2\/types\/post"}],"author":[{"embeddable":true,"href":"https:\/\/jornalfatosenoticias.com.br\/index.php\/wp-json\/wp\/v2\/users\/2"}],"replies":[{"embeddable":true,"href":"https:\/\/jornalfatosenoticias.com.br\/index.php\/wp-json\/wp\/v2\/comments?post=37179"}],"version-history":[{"count":0,"href":"https:\/\/jornalfatosenoticias.com.br\/index.php\/wp-json\/wp\/v2\/posts\/37179\/revisions"}],"wp:featuredmedia":[{"embeddable":true,"href":"https:\/\/jornalfatosenoticias.com.br\/index.php\/wp-json\/wp\/v2\/media\/37180"}],"wp:attachment":[{"href":"https:\/\/jornalfatosenoticias.com.br\/index.php\/wp-json\/wp\/v2\/media?parent=37179"}],"wp:term":[{"taxonomy":"category","embeddable":true,"href":"https:\/\/jornalfatosenoticias.com.br\/index.php\/wp-json\/wp\/v2\/categories?post=37179"},{"taxonomy":"post_tag","embeddable":true,"href":"https:\/\/jornalfatosenoticias.com.br\/index.php\/wp-json\/wp\/v2\/tags?post=37179"}],"curies":[{"name":"wp","href":"https:\/\/api.w.org\/{rel}","templated":true}]}}