{"id":37201,"date":"2022-12-22T16:06:06","date_gmt":"2022-12-22T19:06:06","guid":{"rendered":"https:\/\/jornalfatosenoticias.com.br\/?p=37201"},"modified":"2022-12-22T16:06:06","modified_gmt":"2022-12-22T19:06:06","slug":"constelacoes-familiares-uma-seita-nos-processos-de-familia-parte-iv","status":"publish","type":"post","link":"https:\/\/jornalfatosenoticias.com.br\/index.php\/2022\/12\/22\/constelacoes-familiares-uma-seita-nos-processos-de-familia-parte-iv\/","title":{"rendered":"Constela\u00e7\u00f5es Familiares, uma seita nos Processos de Fam\u00edlia \u2014 Parte IV"},"content":{"rendered":"\n<p><em><span class=\"has-inline-color has-black-color\">Hoje, h\u00e1 um Projeto de Lei no Congresso Nacional para que seja regularizada a Profiss\u00e3o de \u201cConstelador\u201d. Sim, a regulamenta\u00e7\u00e3o de uma \u201cprofiss\u00e3o\u201d que n\u00e3o tem nenhum compromisso com a Ci\u00eancia, mas, que faz interven\u00e7\u00f5es na vida de milhares de pessoas vulner\u00e1veis que tiveram seus Direitos Fundamentais violados, est\u00e1 em curso, sob um forte e competente lobby<\/span><\/em><\/p>\n\n\n\n<div class=\"wp-block-image\"><figure class=\"aligncenter size-large\"><img loading=\"lazy\" decoding=\"async\" width=\"1024\" height=\"103\" src=\"https:\/\/jornalfatosenoticias.com.br\/wp-content\/uploads\/2022\/02\/Arte-Autoescola-Galatas_endereco_portal-1024x103.png\" alt=\"\" class=\"wp-image-27869\" srcset=\"https:\/\/jornalfatosenoticias.com.br\/wp-content\/uploads\/2022\/02\/Arte-Autoescola-Galatas_endereco_portal-1024x103.png 1024w, https:\/\/jornalfatosenoticias.com.br\/wp-content\/uploads\/2022\/02\/Arte-Autoescola-Galatas_endereco_portal-300x30.png 300w, https:\/\/jornalfatosenoticias.com.br\/wp-content\/uploads\/2022\/02\/Arte-Autoescola-Galatas_endereco_portal-768x77.png 768w, https:\/\/jornalfatosenoticias.com.br\/wp-content\/uploads\/2022\/02\/Arte-Autoescola-Galatas_endereco_portal.png 1223w\" sizes=\"auto, (max-width: 1024px) 100vw, 1024px\" \/><\/figure><\/div>\n\n\n\n<p>Uma inven\u00e7\u00e3o que se arvorou como pretensa psicoterapia, sem nenhuma fundamenta\u00e7\u00e3o cient\u00edfica, sa\u00edda diretamente do mundo da magia. Mas, para dar um ar de pseudoci\u00eancia, termos s\u00e3o jogados para confundir o que \u00e9 puro obscurantismo. Termos psicanal\u00edticos e termos da F\u00edsica Qu\u00e2ntica.<\/p>\n\n\n\n<div class=\"wp-block-image\"><figure class=\"aligncenter size-large is-resized\"><img loading=\"lazy\" decoding=\"async\" src=\"https:\/\/jornalfatosenoticias.com.br\/wp-content\/uploads\/2022\/02\/Precisao-Contabilidade-1024x724.jpg\" alt=\"\" class=\"wp-image-28088\" width=\"265\" height=\"187\"\/><\/figure><\/div>\n\n\n\n<p>As posi\u00e7\u00f5es que os atores da constela\u00e7\u00e3o tomam no espa\u00e7o s\u00e3o lidos seguindo os significados interpretativos numa perspectiva da Psican\u00e1lise. Sabemos, e a Psican\u00e1lise trouxe isso mais fortemente, que existem linguagens corporais, gestuais, faciais, mas n\u00e3o podemos aferir esse tipo de \u201csignifica\u00e7\u00e3o\u201d dogm\u00e1tica. <\/p>\n\n\n\n<div class=\"wp-block-image\"><figure class=\"alignright size-large is-resized\"><img loading=\"lazy\" decoding=\"async\" src=\"https:\/\/jornalfatosenoticias.com.br\/wp-content\/uploads\/2020\/02\/logo-clinica-limoeiro.jpg\" alt=\"\" class=\"wp-image-34610\" width=\"295\" height=\"209\"\/><\/figure><\/div>\n\n\n\n<p>Quando se est\u00e1 numa sala grande com pessoas desconhecidas para encenar suas dores com essas pessoas que n\u00e3o conhecem seu sofrimento, sob a dire\u00e7\u00e3o de um \u201cconstelador\u201d que est\u00e1, segundo a tese, em conex\u00e3o com seus antepassados mortos h\u00e1 muitos anos, os quais nem foram vistos em vida, num espa\u00e7o que \u00e9 designado pelo \u201cconstelador\u201d como qu\u00e2ntico porque recebe as vibra\u00e7\u00f5es morfogen\u00e9ticas desses mortos.<br>Dif\u00edcil pensar que esse imbr\u00f3glio possa convencer algu\u00e9m que dedicou muitos e muitos anos da vida acad\u00eamica ao estudo, com seus crit\u00e9rios de questionamentos a serem comprovados. Como comprovamos que isso acontece?<\/p>\n\n\n\n<div class=\"wp-block-image\"><figure class=\"aligncenter size-large\"><img decoding=\"async\" src=\"https:\/\/jornalfatosenoticias.com.br\/wp-content\/uploads\/2020\/02\/logo-embacia-1-1024x110.jpg\" alt=\"\" class=\"wp-image-33954\"\/><\/figure><\/div>\n\n\n\n<div class=\"wp-block-image\"><figure class=\"aligncenter size-large is-resized\"><img loading=\"lazy\" decoding=\"async\" src=\"https:\/\/jornalfatosenoticias.com.br\/wp-content\/uploads\/2022\/12\/CONSTELACAO-FAMILIAR_GERACOES.jpg\" alt=\"\" class=\"wp-image-37202\" width=\"706\" height=\"468\" srcset=\"https:\/\/jornalfatosenoticias.com.br\/wp-content\/uploads\/2022\/12\/CONSTELACAO-FAMILIAR_GERACOES.jpg 1000w, https:\/\/jornalfatosenoticias.com.br\/wp-content\/uploads\/2022\/12\/CONSTELACAO-FAMILIAR_GERACOES-300x199.jpg 300w, https:\/\/jornalfatosenoticias.com.br\/wp-content\/uploads\/2022\/12\/CONSTELACAO-FAMILIAR_GERACOES-768x510.jpg 768w\" sizes=\"auto, (max-width: 706px) 100vw, 706px\" \/><figcaption><em><span class=\"has-inline-color has-black-color\">Constela\u00e7\u00e3o familiar e gera\u00e7\u00f5es (Foto: Pinterest)<\/span><\/em><\/figcaption><\/figure><\/div>\n\n\n\n<p>O curioso \u00e9 que aceitamos, sem nenhuma comprova\u00e7\u00e3o, que houve um antepassado da fam\u00edlia da m\u00e3e, sempre da m\u00e3e, muitos anos atr\u00e1s, h\u00e1 d\u00e9cadas, que foi predador, e que ele, por ter sido rejeitado pela fam\u00edlia da \u00e9poca, \u201cpromoveu\u201d um predador atual para ving\u00e1-lo. Mas n\u00e3o se fala de vingan\u00e7a e, sim, de refazer o elo do amor que foi quebrado quando o criminoso n\u00e3o foi acolhido no seio da fam\u00edlia da \u00e9poca. E esse elo do amor partido ser\u00e1 recomposto pelo pedido de perd\u00e3o que a v\u00edtima deve ao agressor atual. Se isso n\u00e3o for realizado, os infort\u00fanios\/crimes continuar\u00e3o. Entendo como vingan\u00e7a, intimida\u00e7\u00e3o, amea\u00e7a. <\/p>\n\n\n\n<div class=\"wp-block-image\"><figure class=\"alignleft size-large is-resized\"><img loading=\"lazy\" decoding=\"async\" src=\"https:\/\/jornalfatosenoticias.com.br\/wp-content\/uploads\/2022\/08\/logo-locau-veiculos-1024x573.png\" alt=\"\" class=\"wp-image-33078\" width=\"311\" height=\"173\"\/><\/figure><\/div>\n\n\n\n<p>Uma reedi\u00e7\u00e3o das pragas da idade m\u00e9dia que buscavam pela amea\u00e7a de severa puni\u00e7\u00e3o catastr\u00f3fica, o controle social, que justificava jogar as mulheres na fogueira por serem bruxas. Hoje temos fogueiras sem visibilidade, mas que queimam mulheres que ousam denunciar homens agressores.<br>Uma sess\u00e3o de constela\u00e7\u00e3o familiar, publicitando uma dor de vergonha e humilha\u00e7\u00e3o que comp\u00f5e o crime do abuso sexual intrafamiliar, em momento t\u00e3o sofrido e devastador, equivale a uma fogueira onde a m\u00e3e \u00e9 queimada.<\/p>\n\n\n\n<div class=\"wp-block-image\"><figure class=\"aligncenter size-large\"><img loading=\"lazy\" decoding=\"async\" width=\"1024\" height=\"100\" src=\"https:\/\/jornalfatosenoticias.com.br\/wp-content\/uploads\/2022\/05\/NOVA-LOGO-CESCONETTO-1024x100.jpg\" alt=\"\" class=\"wp-image-30792\" srcset=\"https:\/\/jornalfatosenoticias.com.br\/wp-content\/uploads\/2022\/05\/NOVA-LOGO-CESCONETTO-1024x100.jpg 1024w, https:\/\/jornalfatosenoticias.com.br\/wp-content\/uploads\/2022\/05\/NOVA-LOGO-CESCONETTO-300x29.jpg 300w, https:\/\/jornalfatosenoticias.com.br\/wp-content\/uploads\/2022\/05\/NOVA-LOGO-CESCONETTO-768x75.jpg 768w, https:\/\/jornalfatosenoticias.com.br\/wp-content\/uploads\/2022\/05\/NOVA-LOGO-CESCONETTO.jpg 1280w\" sizes=\"auto, (max-width: 1024px) 100vw, 1024px\" \/><\/figure><\/div>\n\n\n\n<p>N\u00e3o precisa de comprova\u00e7\u00e3o de que os ancestrais est\u00e3o ali falando pelas posi\u00e7\u00f5es assumidas pelos atores, ou pelos cavalos mordicando a orelha de sua propriet\u00e1ria consteladora. Assim como n\u00e3o precisa provar os tais \u201catos de aliena\u00e7\u00e3o parental\u201d cometidos pela m\u00e3e, apenas uma interpreta\u00e7\u00e3o rasa de uma perita \u00e9 o suficiente para afastar uma m\u00e3e de seu filho, e violar o Direito do filho de ter sua m\u00e3e.<\/p>\n\n\n\n<div class=\"wp-block-image\"><figure class=\"aligncenter size-large\"><img loading=\"lazy\" decoding=\"async\" width=\"300\" height=\"250\" src=\"https:\/\/jornalfatosenoticias.com.br\/wp-content\/uploads\/2022\/08\/arte-Casarao.jpg\" alt=\"\" class=\"wp-image-33178\"\/><\/figure><\/div>\n\n\n\n<p>No entanto, quando se fala de abuso sexual onde, na maioria dos casos, temos apenas a palavra da Crian\u00e7a e a palavra do abusador, s\u00e3o exigidas provas materiais, que est\u00e3o sempre fora do escopo do abusador. E, mesmo quando h\u00e1 positividade no Exame de Corpo de Delito para conjun\u00e7\u00e3o carnal adversa, termos t\u00e9cnicos da linguagem pericial, \u00e9 preferido atribuir os doutrin\u00e1rios \u201catos de aliena\u00e7\u00e3o parental\u201d \u00e0 m\u00e3e, e fazer a sugest\u00e3o coercitiva da constela\u00e7\u00e3o familiar.<\/p>\n\n\n\n<div class=\"wp-block-image\"><figure class=\"alignright size-large is-resized\"><img loading=\"lazy\" decoding=\"async\" src=\"https:\/\/jornalfatosenoticias.com.br\/wp-content\/uploads\/2022\/07\/Logo-Grupo-SEI.jpg\" alt=\"\" class=\"wp-image-31973\" width=\"338\" height=\"178\" srcset=\"https:\/\/jornalfatosenoticias.com.br\/wp-content\/uploads\/2022\/07\/Logo-Grupo-SEI.jpg 713w, https:\/\/jornalfatosenoticias.com.br\/wp-content\/uploads\/2022\/07\/Logo-Grupo-SEI-300x158.jpg 300w\" sizes=\"auto, (max-width: 338px) 100vw, 338px\" \/><\/figure><\/div>\n\n\n\n<p>Trazida para nosso Pa\u00eds por um juiz da Bahia, que se encantou com \u201csolu\u00e7\u00e3o m\u00e1gica\u201d dogm\u00e1tica da descoberta do \u201cverdadeiro\u201d autor das viol\u00eancias f\u00edsicas e das viol\u00eancias sexuais dentro da fam\u00edlia, essa manobra, alcunhada de \u201ct\u00e9cnica psicoter\u00e1pica\u201d, o que nunca o foi, as constela\u00e7\u00f5es familiares contaminaram facilmente outras comarcas. Fonte volumosa de ganho f\u00e1cil, essa tese conseguiu a autoriza\u00e7\u00e3o para seu uso junto ao Conselho Nacional de Justi\u00e7a, e seu uso foi estendido ao SUS e \u00e0s Escolas. O juiz que introduziu essa tese infundada, recentemente, pediu exonera\u00e7\u00e3o do seu cargo de magistrado. Imagino que vai se dedicar, inteiramente, \u00e0 consolida\u00e7\u00e3o dessa seita para tratar crimes, desresponsabilizando os autores.<\/p>\n\n\n\n<div class=\"wp-block-image\"><figure class=\"aligncenter size-large\"><img loading=\"lazy\" decoding=\"async\" width=\"1024\" height=\"100\" src=\"https:\/\/jornalfatosenoticias.com.br\/wp-content\/uploads\/2020\/02\/banner_ferramentas-1024x100.jpg\" alt=\"\" class=\"wp-image-1258\" srcset=\"https:\/\/jornalfatosenoticias.com.br\/wp-content\/uploads\/2020\/02\/banner_ferramentas-1024x100.jpg 1024w, https:\/\/jornalfatosenoticias.com.br\/wp-content\/uploads\/2020\/02\/banner_ferramentas-300x29.jpg 300w, https:\/\/jornalfatosenoticias.com.br\/wp-content\/uploads\/2020\/02\/banner_ferramentas-768x75.jpg 768w, https:\/\/jornalfatosenoticias.com.br\/wp-content\/uploads\/2020\/02\/banner_ferramentas.jpg 1227w\" sizes=\"auto, (max-width: 1024px) 100vw, 1024px\" \/><\/figure><\/div>\n\n\n\n<div class=\"wp-block-image\"><figure class=\"aligncenter size-large\"><img loading=\"lazy\" decoding=\"async\" width=\"1000\" height=\"500\" src=\"https:\/\/jornalfatosenoticias.com.br\/wp-content\/uploads\/2022\/12\/pros-e-contras-da-Constelacao-Familiar.jpg\" alt=\"\" class=\"wp-image-37203\" srcset=\"https:\/\/jornalfatosenoticias.com.br\/wp-content\/uploads\/2022\/12\/pros-e-contras-da-Constelacao-Familiar.jpg 1000w, https:\/\/jornalfatosenoticias.com.br\/wp-content\/uploads\/2022\/12\/pros-e-contras-da-Constelacao-Familiar-300x150.jpg 300w, https:\/\/jornalfatosenoticias.com.br\/wp-content\/uploads\/2022\/12\/pros-e-contras-da-Constelacao-Familiar-768x384.jpg 768w\" sizes=\"auto, (max-width: 1000px) 100vw, 1000px\" \/><figcaption><em><span class=\"has-inline-color has-black-color\">Reuni\u00e3o de constela\u00e7\u00e3o familiar (Foto: iStockphoto)<\/span><\/em><\/figcaption><\/figure><\/div>\n\n\n\n<p>Evidentemente, que as pilhas de processos de fam\u00edlia diminuem, uma vez que cada sess\u00e3o de constela\u00e7\u00e3o j\u00e1 \u201csoluciona\u201d muitos processos na mesma sala, s\u00f3 trocando de atores, a cada nova constela\u00e7\u00e3o proposta. Um mutir\u00e3o de dores e ang\u00fastias que s\u00e3o passadas para a \u201csolu\u00e7\u00e3o definitiva\u201d com a descoberta da hist\u00f3ria oculta de cada fam\u00edlia exposta. E, paralelamente, a pontua\u00e7\u00e3o de desempenho atribu\u00edda aos operadores de justi\u00e7a. <\/p>\n\n\n\n<div class=\"wp-block-image\"><figure class=\"alignleft size-large is-resized\"><img loading=\"lazy\" decoding=\"async\" src=\"https:\/\/jornalfatosenoticias.com.br\/wp-content\/uploads\/2022\/10\/Arte-jornal-Zucchi-600x600_Prancheta-1-1024x1024.jpg\" alt=\"\" class=\"wp-image-34782\" width=\"277\" height=\"277\" srcset=\"https:\/\/jornalfatosenoticias.com.br\/wp-content\/uploads\/2022\/10\/Arte-jornal-Zucchi-600x600_Prancheta-1-1024x1024.jpg 1024w, https:\/\/jornalfatosenoticias.com.br\/wp-content\/uploads\/2022\/10\/Arte-jornal-Zucchi-600x600_Prancheta-1-300x300.jpg 300w, https:\/\/jornalfatosenoticias.com.br\/wp-content\/uploads\/2022\/10\/Arte-jornal-Zucchi-600x600_Prancheta-1-150x150.jpg 150w, https:\/\/jornalfatosenoticias.com.br\/wp-content\/uploads\/2022\/10\/Arte-jornal-Zucchi-600x600_Prancheta-1-768x768.jpg 768w, https:\/\/jornalfatosenoticias.com.br\/wp-content\/uploads\/2022\/10\/Arte-jornal-Zucchi-600x600_Prancheta-1.jpg 1250w\" sizes=\"auto, (max-width: 277px) 100vw, 277px\" \/><\/figure><\/div>\n\n\n\n<p>Hoje, h\u00e1 um Projeto de Lei (PL) no Congresso Nacional para que seja regularizada a Profiss\u00e3o de \u201cConstelador\u201d. Sim, a regulamenta\u00e7\u00e3o de uma \u201cprofiss\u00e3o\u201d que n\u00e3o tem nenhum compromisso com a Ci\u00eancia, mas, que faz interven\u00e7\u00f5es na vida de milhares de pessoas vulner\u00e1veis que tiveram seus Direitos Fundamentais violados, est\u00e1 em curso, sob um forte e competente lobby.<br>Teremos, se regularizada for essa \u201cprofiss\u00e3o\u201d, leigos julgando e sentenciando crimes cometidos entre quatro paredes, crimes dif\u00edceis e indel\u00e9veis, crimes quase perfeitos. <\/p>\n\n\n\n<div class=\"wp-block-image\"><figure class=\"aligncenter size-large\"><img decoding=\"async\" src=\"https:\/\/jornalfatosenoticias.com.br\/wp-content\/uploads\/2020\/02\/barao-das-carnes-300x164-1.jpg\" alt=\"\" class=\"wp-image-34339\"\/><\/figure><\/div>\n\n\n\n<p>Desresponsabilizar o autor e culpabilizar e penalizar a pessoa que tentou proteger. Ser\u00e1 que os operadores de justi\u00e7a t\u00eam o conhecimento da realidade a que eles est\u00e3o sendo induzidos? Sabem o que est\u00e3o cometendo com o Princ\u00edpio do Melhor Interesse da Crian\u00e7a?<\/p>\n\n\n\n<p><em><span class=\"has-inline-color has-vivid-red-color\">Onde encontrar material sobre a viola\u00e7\u00e3o do Direito \u00e0 Maternidade, aliena\u00e7\u00e3o parental, falsas mem\u00f3rias, constela\u00e7\u00e3o familiar:<\/span><\/em><\/p>\n\n\n\n<div class=\"wp-block-image\"><figure class=\"aligncenter size-large\"><img loading=\"lazy\" decoding=\"async\" width=\"560\" height=\"60\" src=\"https:\/\/jornalfatosenoticias.com.br\/wp-content\/uploads\/2022\/10\/Propaganda-RC-Radiadores-Jornal_page-0001.jpg\" alt=\"\" class=\"wp-image-35270\" srcset=\"https:\/\/jornalfatosenoticias.com.br\/wp-content\/uploads\/2022\/10\/Propaganda-RC-Radiadores-Jornal_page-0001.jpg 560w, https:\/\/jornalfatosenoticias.com.br\/wp-content\/uploads\/2022\/10\/Propaganda-RC-Radiadores-Jornal_page-0001-300x32.jpg 300w\" sizes=\"auto, (max-width: 560px) 100vw, 560px\" \/><\/figure><\/div>\n\n\n\n<ul class=\"wp-block-list\"><li><strong><a href=\"https:\/\/radioescafandro.com\/\">R\u00e1dio Escafandro,<\/a><\/strong> epis\u00f3dio 66 e epis\u00f3dio 77.<\/li><li><strong><a href=\"https:\/\/summumiuris.com.br\/recomendacao-cevid-tjpr-nao-as-constelacoes-familiares\/\">Instituto Summum Iuris<\/a><\/strong>: live sobre constela\u00e7\u00f5es familiares.<\/li><li><strong><a href=\"https:\/\/www.youtube.com\/watch?v=-2RxpPuf-f8\">F\u00edsica e afins:<\/a><\/strong> lives da Dra. em F\u00edsica Qu\u00e2ntica, Gabriela Bailas.<\/li><li>Texto sobre Constela\u00e7\u00e3o Familiar do Psicanalista Luis Hornstein, Facebook: \u201cConstelaciones familiares: la peligrosa pseudoterapia creada por um nazi se cuela em la universidad p\u00fablica\u201d.<br>Um Natal Feliz para as Crian\u00e7as que s\u00e3o protegidas.<br>Um Natal menos doloroso para as Crian\u00e7as que sofrem.<\/li><\/ul>\n\n\n\n<div class=\"wp-block-image\"><figure class=\"aligncenter size-large\"><img loading=\"lazy\" decoding=\"async\" width=\"1000\" height=\"709\" src=\"https:\/\/jornalfatosenoticias.com.br\/wp-content\/uploads\/2022\/12\/CARTAO-NATALINO_2022.jpg\" alt=\"\" class=\"wp-image-36945\" srcset=\"https:\/\/jornalfatosenoticias.com.br\/wp-content\/uploads\/2022\/12\/CARTAO-NATALINO_2022.jpg 1000w, https:\/\/jornalfatosenoticias.com.br\/wp-content\/uploads\/2022\/12\/CARTAO-NATALINO_2022-300x213.jpg 300w, https:\/\/jornalfatosenoticias.com.br\/wp-content\/uploads\/2022\/12\/CARTAO-NATALINO_2022-768x545.jpg 768w\" sizes=\"auto, (max-width: 1000px) 100vw, 1000px\" \/><\/figure><\/div>\n","protected":false},"excerpt":{"rendered":"<p>Hoje, h\u00e1 um Projeto de Lei no Congresso Nacional para que seja regularizada a Profiss\u00e3o de \u201cConstelador\u201d. Sim, a regulamenta\u00e7\u00e3o de uma \u201cprofiss\u00e3o\u201d que n\u00e3o tem nenhum compromisso com a Ci\u00eancia, mas, que faz interven\u00e7\u00f5es na vida de milhares de pessoas vulner\u00e1veis que tiveram seus Direitos Fundamentais violados, est\u00e1 em curso, sob um forte e [&hellip;]<\/p>\n","protected":false},"author":8,"featured_media":37204,"comment_status":"open","ping_status":"open","sticky":false,"template":"","format":"standard","meta":{"footnotes":""},"categories":[2522],"tags":[11982,17485,1345,17236,17486,12071],"class_list":["post-37201","post","type-post","status-publish","format-standard","has-post-thumbnail","hentry","category-comportamento","tag-constelacao-familiar","tag-doutrina","tag-justica","tag-operadores-de-justica","tag-seguranca-infantil","tag-seita"],"yoast_head":"<!-- This site is optimized with the Yoast SEO plugin v26.5 - https:\/\/yoast.com\/wordpress\/plugins\/seo\/ -->\n<title>Constela\u00e7\u00f5es Familiares, uma seita nos Processos de Fam\u00edlia \u2014 Parte IV - Jornal Fatos e Not\u00edcias<\/title>\n<meta name=\"robots\" content=\"index, follow, max-snippet:-1, max-image-preview:large, max-video-preview:-1\" \/>\n<link rel=\"canonical\" href=\"https:\/\/jornalfatosenoticias.com.br\/index.php\/2022\/12\/22\/constelacoes-familiares-uma-seita-nos-processos-de-familia-parte-iv\/\" \/>\n<meta property=\"og:locale\" content=\"pt_BR\" \/>\n<meta property=\"og:type\" content=\"article\" \/>\n<meta property=\"og:title\" content=\"Constela\u00e7\u00f5es Familiares, uma seita nos Processos de Fam\u00edlia \u2014 Parte IV - Jornal Fatos e Not\u00edcias\" \/>\n<meta property=\"og:description\" content=\"Hoje, h\u00e1 um Projeto de Lei no Congresso Nacional para que seja regularizada a Profiss\u00e3o de \u201cConstelador\u201d. Sim, a regulamenta\u00e7\u00e3o de uma \u201cprofiss\u00e3o\u201d que n\u00e3o tem nenhum compromisso com a Ci\u00eancia, mas, que faz interven\u00e7\u00f5es na vida de milhares de pessoas vulner\u00e1veis que tiveram seus Direitos Fundamentais violados, est\u00e1 em curso, sob um forte e [&hellip;]\" \/>\n<meta property=\"og:url\" content=\"https:\/\/jornalfatosenoticias.com.br\/index.php\/2022\/12\/22\/constelacoes-familiares-uma-seita-nos-processos-de-familia-parte-iv\/\" \/>\n<meta property=\"og:site_name\" content=\"Jornal Fatos e Not\u00edcias\" \/>\n<meta property=\"article:published_time\" content=\"2022-12-22T19:06:06+00:00\" \/>\n<meta property=\"og:image\" content=\"https:\/\/jornalfatosenoticias.com.br\/wp-content\/uploads\/2022\/12\/constelacao-familiar-e-opcao-para-resolucao-de-conflitos.jpg\" \/>\n\t<meta property=\"og:image:width\" content=\"1000\" \/>\n\t<meta property=\"og:image:height\" content=\"697\" \/>\n\t<meta property=\"og:image:type\" content=\"image\/jpeg\" \/>\n<meta name=\"author\" content=\"Ana Maria Iencarelli\" \/>\n<meta name=\"twitter:card\" content=\"summary_large_image\" \/>\n<meta name=\"twitter:label1\" content=\"Escrito por\" \/>\n\t<meta name=\"twitter:data1\" content=\"Ana Maria Iencarelli\" \/>\n\t<meta name=\"twitter:label2\" content=\"Est. tempo de leitura\" \/>\n\t<meta name=\"twitter:data2\" content=\"5 minutos\" \/>\n<script type=\"application\/ld+json\" class=\"yoast-schema-graph\">{\"@context\":\"https:\/\/schema.org\",\"@graph\":[{\"@type\":\"Article\",\"@id\":\"https:\/\/jornalfatosenoticias.com.br\/index.php\/2022\/12\/22\/constelacoes-familiares-uma-seita-nos-processos-de-familia-parte-iv\/#article\",\"isPartOf\":{\"@id\":\"https:\/\/jornalfatosenoticias.com.br\/index.php\/2022\/12\/22\/constelacoes-familiares-uma-seita-nos-processos-de-familia-parte-iv\/\"},\"author\":{\"name\":\"Ana Maria Iencarelli\",\"@id\":\"https:\/\/jornalfatosenoticias.com.br\/#\/schema\/person\/c33fcf5fb02d729d3fec92c6737a22d1\"},\"headline\":\"Constela\u00e7\u00f5es Familiares, uma seita nos Processos de Fam\u00edlia \u2014 Parte IV\",\"datePublished\":\"2022-12-22T19:06:06+00:00\",\"mainEntityOfPage\":{\"@id\":\"https:\/\/jornalfatosenoticias.com.br\/index.php\/2022\/12\/22\/constelacoes-familiares-uma-seita-nos-processos-de-familia-parte-iv\/\"},\"wordCount\":1110,\"commentCount\":0,\"publisher\":{\"@id\":\"https:\/\/jornalfatosenoticias.com.br\/#organization\"},\"image\":{\"@id\":\"https:\/\/jornalfatosenoticias.com.br\/index.php\/2022\/12\/22\/constelacoes-familiares-uma-seita-nos-processos-de-familia-parte-iv\/#primaryimage\"},\"thumbnailUrl\":\"https:\/\/jornalfatosenoticias.com.br\/wp-content\/uploads\/2022\/12\/constelacao-familiar-e-opcao-para-resolucao-de-conflitos.jpg\",\"keywords\":[\"Constela\u00e7\u00e3o Familiar\",\"doutrina\",\"justi\u00e7a\",\"operadores de justi\u00e7a\",\"seguran\u00e7a infantil\",\"seita\"],\"articleSection\":[\"Comportamento &amp; Equil\u00edbrio\"],\"inLanguage\":\"pt-BR\",\"potentialAction\":[{\"@type\":\"CommentAction\",\"name\":\"Comment\",\"target\":[\"https:\/\/jornalfatosenoticias.com.br\/index.php\/2022\/12\/22\/constelacoes-familiares-uma-seita-nos-processos-de-familia-parte-iv\/#respond\"]}]},{\"@type\":\"WebPage\",\"@id\":\"https:\/\/jornalfatosenoticias.com.br\/index.php\/2022\/12\/22\/constelacoes-familiares-uma-seita-nos-processos-de-familia-parte-iv\/\",\"url\":\"https:\/\/jornalfatosenoticias.com.br\/index.php\/2022\/12\/22\/constelacoes-familiares-uma-seita-nos-processos-de-familia-parte-iv\/\",\"name\":\"Constela\u00e7\u00f5es Familiares, uma seita nos Processos de Fam\u00edlia \u2014 Parte IV - Jornal Fatos e Not\u00edcias\",\"isPartOf\":{\"@id\":\"https:\/\/jornalfatosenoticias.com.br\/#website\"},\"primaryImageOfPage\":{\"@id\":\"https:\/\/jornalfatosenoticias.com.br\/index.php\/2022\/12\/22\/constelacoes-familiares-uma-seita-nos-processos-de-familia-parte-iv\/#primaryimage\"},\"image\":{\"@id\":\"https:\/\/jornalfatosenoticias.com.br\/index.php\/2022\/12\/22\/constelacoes-familiares-uma-seita-nos-processos-de-familia-parte-iv\/#primaryimage\"},\"thumbnailUrl\":\"https:\/\/jornalfatosenoticias.com.br\/wp-content\/uploads\/2022\/12\/constelacao-familiar-e-opcao-para-resolucao-de-conflitos.jpg\",\"datePublished\":\"2022-12-22T19:06:06+00:00\",\"breadcrumb\":{\"@id\":\"https:\/\/jornalfatosenoticias.com.br\/index.php\/2022\/12\/22\/constelacoes-familiares-uma-seita-nos-processos-de-familia-parte-iv\/#breadcrumb\"},\"inLanguage\":\"pt-BR\",\"potentialAction\":[{\"@type\":\"ReadAction\",\"target\":[\"https:\/\/jornalfatosenoticias.com.br\/index.php\/2022\/12\/22\/constelacoes-familiares-uma-seita-nos-processos-de-familia-parte-iv\/\"]}]},{\"@type\":\"ImageObject\",\"inLanguage\":\"pt-BR\",\"@id\":\"https:\/\/jornalfatosenoticias.com.br\/index.php\/2022\/12\/22\/constelacoes-familiares-uma-seita-nos-processos-de-familia-parte-iv\/#primaryimage\",\"url\":\"https:\/\/jornalfatosenoticias.com.br\/wp-content\/uploads\/2022\/12\/constelacao-familiar-e-opcao-para-resolucao-de-conflitos.jpg\",\"contentUrl\":\"https:\/\/jornalfatosenoticias.com.br\/wp-content\/uploads\/2022\/12\/constelacao-familiar-e-opcao-para-resolucao-de-conflitos.jpg\",\"width\":1000,\"height\":697},{\"@type\":\"BreadcrumbList\",\"@id\":\"https:\/\/jornalfatosenoticias.com.br\/index.php\/2022\/12\/22\/constelacoes-familiares-uma-seita-nos-processos-de-familia-parte-iv\/#breadcrumb\",\"itemListElement\":[{\"@type\":\"ListItem\",\"position\":1,\"name\":\"In\u00edcio\",\"item\":\"https:\/\/jornalfatosenoticias.com.br\/\"},{\"@type\":\"ListItem\",\"position\":2,\"name\":\"Constela\u00e7\u00f5es Familiares, uma seita nos Processos de Fam\u00edlia \u2014 Parte IV\"}]},{\"@type\":\"WebSite\",\"@id\":\"https:\/\/jornalfatosenoticias.com.br\/#website\",\"url\":\"https:\/\/jornalfatosenoticias.com.br\/\",\"name\":\"Jornal Fatos e Not\u00edcias\",\"description\":\"Not\u00edcias em geral\",\"publisher\":{\"@id\":\"https:\/\/jornalfatosenoticias.com.br\/#organization\"},\"potentialAction\":[{\"@type\":\"SearchAction\",\"target\":{\"@type\":\"EntryPoint\",\"urlTemplate\":\"https:\/\/jornalfatosenoticias.com.br\/?s={search_term_string}\"},\"query-input\":{\"@type\":\"PropertyValueSpecification\",\"valueRequired\":true,\"valueName\":\"search_term_string\"}}],\"inLanguage\":\"pt-BR\"},{\"@type\":\"Organization\",\"@id\":\"https:\/\/jornalfatosenoticias.com.br\/#organization\",\"name\":\"Jornal Fatos e Not\u00edcias\",\"url\":\"https:\/\/jornalfatosenoticias.com.br\/\",\"logo\":{\"@type\":\"ImageObject\",\"inLanguage\":\"pt-BR\",\"@id\":\"https:\/\/jornalfatosenoticias.com.br\/#\/schema\/logo\/image\/\",\"url\":\"https:\/\/jornalfatosenoticias.com.br\/wp-content\/uploads\/2020\/02\/logo120.png\",\"contentUrl\":\"https:\/\/jornalfatosenoticias.com.br\/wp-content\/uploads\/2020\/02\/logo120.png\",\"width\":1227,\"height\":120,\"caption\":\"Jornal Fatos e Not\u00edcias\"},\"image\":{\"@id\":\"https:\/\/jornalfatosenoticias.com.br\/#\/schema\/logo\/image\/\"}},{\"@type\":\"Person\",\"@id\":\"https:\/\/jornalfatosenoticias.com.br\/#\/schema\/person\/c33fcf5fb02d729d3fec92c6737a22d1\",\"name\":\"Ana Maria Iencarelli\",\"image\":{\"@type\":\"ImageObject\",\"inLanguage\":\"pt-BR\",\"@id\":\"https:\/\/jornalfatosenoticias.com.br\/#\/schema\/person\/image\/\",\"url\":\"https:\/\/jornalfatosenoticias.com.br\/wp-content\/uploads\/2020\/02\/Ana-Maria-Iencarelli-1-150x150.jpg\",\"contentUrl\":\"https:\/\/jornalfatosenoticias.com.br\/wp-content\/uploads\/2020\/02\/Ana-Maria-Iencarelli-1-150x150.jpg\",\"caption\":\"Ana Maria Iencarelli\"},\"description\":\"Psicanalista Cl\u00ednica, especializada no atendimento a Crian\u00e7as e Adolescentes. Presidente da ONG Vozes de Anjos.\",\"url\":\"https:\/\/jornalfatosenoticias.com.br\/index.php\/author\/anamaria\/\"}]}<\/script>\n<!-- \/ Yoast SEO plugin. -->","yoast_head_json":{"title":"Constela\u00e7\u00f5es Familiares, uma seita nos Processos de Fam\u00edlia \u2014 Parte IV - Jornal Fatos e Not\u00edcias","robots":{"index":"index","follow":"follow","max-snippet":"max-snippet:-1","max-image-preview":"max-image-preview:large","max-video-preview":"max-video-preview:-1"},"canonical":"https:\/\/jornalfatosenoticias.com.br\/index.php\/2022\/12\/22\/constelacoes-familiares-uma-seita-nos-processos-de-familia-parte-iv\/","og_locale":"pt_BR","og_type":"article","og_title":"Constela\u00e7\u00f5es Familiares, uma seita nos Processos de Fam\u00edlia \u2014 Parte IV - Jornal Fatos e Not\u00edcias","og_description":"Hoje, h\u00e1 um Projeto de Lei no Congresso Nacional para que seja regularizada a Profiss\u00e3o de \u201cConstelador\u201d. Sim, a regulamenta\u00e7\u00e3o de uma \u201cprofiss\u00e3o\u201d que n\u00e3o tem nenhum compromisso com a Ci\u00eancia, mas, que faz interven\u00e7\u00f5es na vida de milhares de pessoas vulner\u00e1veis que tiveram seus Direitos Fundamentais violados, est\u00e1 em curso, sob um forte e [&hellip;]","og_url":"https:\/\/jornalfatosenoticias.com.br\/index.php\/2022\/12\/22\/constelacoes-familiares-uma-seita-nos-processos-de-familia-parte-iv\/","og_site_name":"Jornal Fatos e Not\u00edcias","article_published_time":"2022-12-22T19:06:06+00:00","og_image":[{"width":1000,"height":697,"url":"https:\/\/jornalfatosenoticias.com.br\/wp-content\/uploads\/2022\/12\/constelacao-familiar-e-opcao-para-resolucao-de-conflitos.jpg","type":"image\/jpeg"}],"author":"Ana Maria Iencarelli","twitter_card":"summary_large_image","twitter_misc":{"Escrito por":"Ana Maria Iencarelli","Est. tempo de leitura":"5 minutos"},"schema":{"@context":"https:\/\/schema.org","@graph":[{"@type":"Article","@id":"https:\/\/jornalfatosenoticias.com.br\/index.php\/2022\/12\/22\/constelacoes-familiares-uma-seita-nos-processos-de-familia-parte-iv\/#article","isPartOf":{"@id":"https:\/\/jornalfatosenoticias.com.br\/index.php\/2022\/12\/22\/constelacoes-familiares-uma-seita-nos-processos-de-familia-parte-iv\/"},"author":{"name":"Ana Maria Iencarelli","@id":"https:\/\/jornalfatosenoticias.com.br\/#\/schema\/person\/c33fcf5fb02d729d3fec92c6737a22d1"},"headline":"Constela\u00e7\u00f5es Familiares, uma seita nos Processos de Fam\u00edlia \u2014 Parte IV","datePublished":"2022-12-22T19:06:06+00:00","mainEntityOfPage":{"@id":"https:\/\/jornalfatosenoticias.com.br\/index.php\/2022\/12\/22\/constelacoes-familiares-uma-seita-nos-processos-de-familia-parte-iv\/"},"wordCount":1110,"commentCount":0,"publisher":{"@id":"https:\/\/jornalfatosenoticias.com.br\/#organization"},"image":{"@id":"https:\/\/jornalfatosenoticias.com.br\/index.php\/2022\/12\/22\/constelacoes-familiares-uma-seita-nos-processos-de-familia-parte-iv\/#primaryimage"},"thumbnailUrl":"https:\/\/jornalfatosenoticias.com.br\/wp-content\/uploads\/2022\/12\/constelacao-familiar-e-opcao-para-resolucao-de-conflitos.jpg","keywords":["Constela\u00e7\u00e3o Familiar","doutrina","justi\u00e7a","operadores de justi\u00e7a","seguran\u00e7a infantil","seita"],"articleSection":["Comportamento &amp; Equil\u00edbrio"],"inLanguage":"pt-BR","potentialAction":[{"@type":"CommentAction","name":"Comment","target":["https:\/\/jornalfatosenoticias.com.br\/index.php\/2022\/12\/22\/constelacoes-familiares-uma-seita-nos-processos-de-familia-parte-iv\/#respond"]}]},{"@type":"WebPage","@id":"https:\/\/jornalfatosenoticias.com.br\/index.php\/2022\/12\/22\/constelacoes-familiares-uma-seita-nos-processos-de-familia-parte-iv\/","url":"https:\/\/jornalfatosenoticias.com.br\/index.php\/2022\/12\/22\/constelacoes-familiares-uma-seita-nos-processos-de-familia-parte-iv\/","name":"Constela\u00e7\u00f5es Familiares, uma seita nos Processos de Fam\u00edlia \u2014 Parte IV - Jornal Fatos e Not\u00edcias","isPartOf":{"@id":"https:\/\/jornalfatosenoticias.com.br\/#website"},"primaryImageOfPage":{"@id":"https:\/\/jornalfatosenoticias.com.br\/index.php\/2022\/12\/22\/constelacoes-familiares-uma-seita-nos-processos-de-familia-parte-iv\/#primaryimage"},"image":{"@id":"https:\/\/jornalfatosenoticias.com.br\/index.php\/2022\/12\/22\/constelacoes-familiares-uma-seita-nos-processos-de-familia-parte-iv\/#primaryimage"},"thumbnailUrl":"https:\/\/jornalfatosenoticias.com.br\/wp-content\/uploads\/2022\/12\/constelacao-familiar-e-opcao-para-resolucao-de-conflitos.jpg","datePublished":"2022-12-22T19:06:06+00:00","breadcrumb":{"@id":"https:\/\/jornalfatosenoticias.com.br\/index.php\/2022\/12\/22\/constelacoes-familiares-uma-seita-nos-processos-de-familia-parte-iv\/#breadcrumb"},"inLanguage":"pt-BR","potentialAction":[{"@type":"ReadAction","target":["https:\/\/jornalfatosenoticias.com.br\/index.php\/2022\/12\/22\/constelacoes-familiares-uma-seita-nos-processos-de-familia-parte-iv\/"]}]},{"@type":"ImageObject","inLanguage":"pt-BR","@id":"https:\/\/jornalfatosenoticias.com.br\/index.php\/2022\/12\/22\/constelacoes-familiares-uma-seita-nos-processos-de-familia-parte-iv\/#primaryimage","url":"https:\/\/jornalfatosenoticias.com.br\/wp-content\/uploads\/2022\/12\/constelacao-familiar-e-opcao-para-resolucao-de-conflitos.jpg","contentUrl":"https:\/\/jornalfatosenoticias.com.br\/wp-content\/uploads\/2022\/12\/constelacao-familiar-e-opcao-para-resolucao-de-conflitos.jpg","width":1000,"height":697},{"@type":"BreadcrumbList","@id":"https:\/\/jornalfatosenoticias.com.br\/index.php\/2022\/12\/22\/constelacoes-familiares-uma-seita-nos-processos-de-familia-parte-iv\/#breadcrumb","itemListElement":[{"@type":"ListItem","position":1,"name":"In\u00edcio","item":"https:\/\/jornalfatosenoticias.com.br\/"},{"@type":"ListItem","position":2,"name":"Constela\u00e7\u00f5es Familiares, uma seita nos Processos de Fam\u00edlia \u2014 Parte IV"}]},{"@type":"WebSite","@id":"https:\/\/jornalfatosenoticias.com.br\/#website","url":"https:\/\/jornalfatosenoticias.com.br\/","name":"Jornal Fatos e Not\u00edcias","description":"Not\u00edcias em geral","publisher":{"@id":"https:\/\/jornalfatosenoticias.com.br\/#organization"},"potentialAction":[{"@type":"SearchAction","target":{"@type":"EntryPoint","urlTemplate":"https:\/\/jornalfatosenoticias.com.br\/?s={search_term_string}"},"query-input":{"@type":"PropertyValueSpecification","valueRequired":true,"valueName":"search_term_string"}}],"inLanguage":"pt-BR"},{"@type":"Organization","@id":"https:\/\/jornalfatosenoticias.com.br\/#organization","name":"Jornal Fatos e Not\u00edcias","url":"https:\/\/jornalfatosenoticias.com.br\/","logo":{"@type":"ImageObject","inLanguage":"pt-BR","@id":"https:\/\/jornalfatosenoticias.com.br\/#\/schema\/logo\/image\/","url":"https:\/\/jornalfatosenoticias.com.br\/wp-content\/uploads\/2020\/02\/logo120.png","contentUrl":"https:\/\/jornalfatosenoticias.com.br\/wp-content\/uploads\/2020\/02\/logo120.png","width":1227,"height":120,"caption":"Jornal Fatos e Not\u00edcias"},"image":{"@id":"https:\/\/jornalfatosenoticias.com.br\/#\/schema\/logo\/image\/"}},{"@type":"Person","@id":"https:\/\/jornalfatosenoticias.com.br\/#\/schema\/person\/c33fcf5fb02d729d3fec92c6737a22d1","name":"Ana Maria Iencarelli","image":{"@type":"ImageObject","inLanguage":"pt-BR","@id":"https:\/\/jornalfatosenoticias.com.br\/#\/schema\/person\/image\/","url":"https:\/\/jornalfatosenoticias.com.br\/wp-content\/uploads\/2020\/02\/Ana-Maria-Iencarelli-1-150x150.jpg","contentUrl":"https:\/\/jornalfatosenoticias.com.br\/wp-content\/uploads\/2020\/02\/Ana-Maria-Iencarelli-1-150x150.jpg","caption":"Ana Maria Iencarelli"},"description":"Psicanalista Cl\u00ednica, especializada no atendimento a Crian\u00e7as e Adolescentes. Presidente da ONG Vozes de Anjos.","url":"https:\/\/jornalfatosenoticias.com.br\/index.php\/author\/anamaria\/"}]}},"cc_featured_image_caption":{"caption_text":" (Foto: Freepik) ","source_text":"","source_url":""},"jetpack_featured_media_url":"https:\/\/jornalfatosenoticias.com.br\/wp-content\/uploads\/2022\/12\/constelacao-familiar-e-opcao-para-resolucao-de-conflitos.jpg","_links":{"self":[{"href":"https:\/\/jornalfatosenoticias.com.br\/index.php\/wp-json\/wp\/v2\/posts\/37201","targetHints":{"allow":["GET"]}}],"collection":[{"href":"https:\/\/jornalfatosenoticias.com.br\/index.php\/wp-json\/wp\/v2\/posts"}],"about":[{"href":"https:\/\/jornalfatosenoticias.com.br\/index.php\/wp-json\/wp\/v2\/types\/post"}],"author":[{"embeddable":true,"href":"https:\/\/jornalfatosenoticias.com.br\/index.php\/wp-json\/wp\/v2\/users\/8"}],"replies":[{"embeddable":true,"href":"https:\/\/jornalfatosenoticias.com.br\/index.php\/wp-json\/wp\/v2\/comments?post=37201"}],"version-history":[{"count":0,"href":"https:\/\/jornalfatosenoticias.com.br\/index.php\/wp-json\/wp\/v2\/posts\/37201\/revisions"}],"wp:featuredmedia":[{"embeddable":true,"href":"https:\/\/jornalfatosenoticias.com.br\/index.php\/wp-json\/wp\/v2\/media\/37204"}],"wp:attachment":[{"href":"https:\/\/jornalfatosenoticias.com.br\/index.php\/wp-json\/wp\/v2\/media?parent=37201"}],"wp:term":[{"taxonomy":"category","embeddable":true,"href":"https:\/\/jornalfatosenoticias.com.br\/index.php\/wp-json\/wp\/v2\/categories?post=37201"},{"taxonomy":"post_tag","embeddable":true,"href":"https:\/\/jornalfatosenoticias.com.br\/index.php\/wp-json\/wp\/v2\/tags?post=37201"}],"curies":[{"name":"wp","href":"https:\/\/api.w.org\/{rel}","templated":true}]}}