{"id":37206,"date":"2022-12-22T16:14:47","date_gmt":"2022-12-22T19:14:47","guid":{"rendered":"https:\/\/jornalfatosenoticias.com.br\/?p=37206"},"modified":"2022-12-22T16:14:49","modified_gmt":"2022-12-22T19:14:49","slug":"origem-do-dracula-pode-ter-sido-descoberta-por-cientistas","status":"publish","type":"post","link":"https:\/\/jornalfatosenoticias.com.br\/index.php\/2022\/12\/22\/origem-do-dracula-pode-ter-sido-descoberta-por-cientistas\/","title":{"rendered":"Origem do Dr\u00e1cula pode ter sido descoberta por cientistas"},"content":{"rendered":"\n<p><em><span class=\"has-inline-color has-black-color\">De acordo com os cientistas, as biomol\u00e9culas encontradas na investiga\u00e7\u00e3o dos documentos ter\u00e3o a sua composi\u00e7\u00e3o e idade analisadas<\/span><\/em><\/p>\n\n\n\n<div class=\"wp-block-image\"><figure class=\"aligncenter size-large\"><img decoding=\"async\" src=\"https:\/\/jornalfatosenoticias.com.br\/wp-content\/uploads\/2020\/02\/logo-embacia-1-1024x110.jpg\" alt=\"\" class=\"wp-image-33954\"\/><\/figure><\/div>\n\n\n\n<p>O Conde <a href=\"https:\/\/olhardigital.com.br\/2022\/04\/15\/cinema-e-streaming\/renfield-filme-do-dracula-com-nicolas-cage-encerra-filmagens-um-ano-antes-da-estreia\/amp\/\" target=\"_blank\" rel=\"noreferrer noopener\">Dr\u00e1cula<\/a>\u00a0realmente existiu? Para voc\u00ea que pensava que a hist\u00f3ria escrita pelo romancista Bram Stoker era fruto apenas da imagina\u00e7\u00e3o do autor, uma investiga\u00e7\u00e3o iniciada por um trio de\u00a0<a href=\"https:\/\/olhardigital.com.br\/tag\/cientistas\/\" target=\"_blank\" rel=\"noreferrer noopener\">cientistas<\/a> pode acrescentar informa\u00e7\u00f5es ao imagin\u00e1rio que permeia o conto.<\/p>\n\n\n\n<div class=\"wp-block-image\"><figure class=\"aligncenter size-large is-resized\"><img loading=\"lazy\" decoding=\"async\" src=\"https:\/\/jornalfatosenoticias.com.br\/wp-content\/uploads\/2020\/02\/casa-do-torresmo_portal.jpg\" alt=\"\" class=\"wp-image-34472\" width=\"271\" height=\"271\" srcset=\"https:\/\/jornalfatosenoticias.com.br\/wp-content\/uploads\/2020\/02\/casa-do-torresmo_portal.jpg 300w, https:\/\/jornalfatosenoticias.com.br\/wp-content\/uploads\/2020\/02\/casa-do-torresmo_portal-150x150.jpg 150w\" sizes=\"auto, (max-width: 271px) 100vw, 271px\" \/><\/figure><\/div>\n\n\n\n<p>Para isso Gleb e Svetlana Zilberstein, juntamente com o professor Pier Giorgio Righetti, da Universidade Polit\u00e9cnica de Mil\u00e3o, utilizaram um m\u00e9todo que coleta e interpreta vest\u00edgios bioqu\u00edmicos de figuras hist\u00f3ricas, logo, eles iniciaram uma busca pelos dados gen\u00e9ticos do homem que inspirou a cria\u00e7\u00e3o do Conde Dr\u00e1cula.<\/p>\n\n\n\n<div class=\"wp-block-image\"><figure class=\"alignleft size-large is-resized\"><img loading=\"lazy\" decoding=\"async\" src=\"https:\/\/jornalfatosenoticias.com.br\/wp-content\/uploads\/2020\/02\/nova-logo-Marquetti.jpg\" alt=\"\" class=\"wp-image-22331\" width=\"269\" height=\"180\" srcset=\"https:\/\/jornalfatosenoticias.com.br\/wp-content\/uploads\/2020\/02\/nova-logo-Marquetti.jpg 643w, https:\/\/jornalfatosenoticias.com.br\/wp-content\/uploads\/2020\/02\/nova-logo-Marquetti-300x202.jpg 300w\" sizes=\"auto, (max-width: 269px) 100vw, 269px\" \/><\/figure><\/div>\n\n\n\n<p>De acordo com uma entrevista concedida pelo casal Zilberstein ao jornal brit\u00e2nico The Guardian, eles investigar\u00e3o vest\u00edgios de saliva, suor e impress\u00f5es digitais deixadas em cartas escritas h\u00e1 mais de 500 anos por Vlad Dr\u00e1cula, inspira\u00e7\u00e3o de Stoker para a cria\u00e7\u00e3o do vampiro. A figura, tamb\u00e9m conhecida como \u201cVlad, o Empalador\u201d, foi pr\u00edncipe da Val\u00e1quia, localizada ao sul da atual Rom\u00eania, e entrou para a Hist\u00f3ria principalmente devido \u00e0 brutalidade empenhada contra seus inimigos. Ele exibia os corpos dos opositores presos a estacas.<\/p>\n\n\n\n<div class=\"wp-block-image\"><figure class=\"aligncenter size-large\"><img loading=\"lazy\" decoding=\"async\" width=\"729\" height=\"90\" src=\"https:\/\/jornalfatosenoticias.com.br\/wp-content\/uploads\/2020\/02\/Logo_Mizu.png\" alt=\"\" class=\"wp-image-1441\" srcset=\"https:\/\/jornalfatosenoticias.com.br\/wp-content\/uploads\/2020\/02\/Logo_Mizu.png 729w, https:\/\/jornalfatosenoticias.com.br\/wp-content\/uploads\/2020\/02\/Logo_Mizu-300x37.png 300w\" sizes=\"auto, (max-width: 729px) 100vw, 729px\" \/><\/figure><\/div>\n\n\n\n<p>De acordo com os cientistas, as \u201cbiomol\u00e9culas hist\u00f3ricas\u201d encontradas nos documentos ter\u00e3o a sua composi\u00e7\u00e3o e idade analisadas. Ser\u00e1 atrav\u00e9s delas que os envolvidos obter\u00e3o informa\u00e7\u00f5es sobre a sa\u00fade, o estilo de vida e a nutri\u00e7\u00e3o do indiv\u00edduo. At\u00e9 mesmo dados sobre as condi\u00e7\u00f5es ambientais do local onde Vlad morava poder\u00e3o ser identificadas.<\/p>\n\n\n\n<div class=\"wp-block-image\"><figure class=\"alignright size-large is-resized\"><img loading=\"lazy\" decoding=\"async\" src=\"https:\/\/jornalfatosenoticias.com.br\/wp-content\/uploads\/2022\/02\/Precisao-Contabilidade-1024x724.jpg\" alt=\"\" class=\"wp-image-28088\" width=\"265\" height=\"187\"\/><\/figure><\/div>\n\n\n\n<p><strong><span class=\"has-inline-color has-black-color\">M\u00e9todo foi aplicado em outras investiga\u00e7\u00f5es<br><\/span><\/strong>O documento escolhido por Gleb e Svetlana para ser analisado foi o manuscrito escrito ao povo de Sibiu, em 4 de agosto de 1475, em que o pr\u00edncipe anunciava sua mudan\u00e7a para a cidade. O m\u00e9todo de an\u00e1lise bioqu\u00edmica j\u00e1 foi utilizado em outra ocasi\u00e3o, no manuscrito original de \u201cO Mestre e Margarita\u201d, escrito por Mikhail Bulg\u00e1kov, e na carta de George Orwell a Moscou. Neste \u00faltimo documento, eles encontraram \u201cvest\u00edgios de tuberculose, [doen\u00e7a] que ele contraiu na Espanha\u201d, pontuou Gleb.<\/p>\n\n\n\n<div class=\"wp-block-image\"><figure class=\"aligncenter size-large\"><img loading=\"lazy\" decoding=\"async\" width=\"1000\" height=\"709\" src=\"https:\/\/jornalfatosenoticias.com.br\/wp-content\/uploads\/2022\/12\/CARTAO-NATALINO_2022.jpg\" alt=\"\" class=\"wp-image-36945\" srcset=\"https:\/\/jornalfatosenoticias.com.br\/wp-content\/uploads\/2022\/12\/CARTAO-NATALINO_2022.jpg 1000w, https:\/\/jornalfatosenoticias.com.br\/wp-content\/uploads\/2022\/12\/CARTAO-NATALINO_2022-300x213.jpg 300w, https:\/\/jornalfatosenoticias.com.br\/wp-content\/uploads\/2022\/12\/CARTAO-NATALINO_2022-768x545.jpg 768w\" sizes=\"auto, (max-width: 1000px) 100vw, 1000px\" \/><\/figure><\/div>\n\n\n\n<p><strong><em>Fonte: <a href=\"https:\/\/olhardigital.com.br\/2022\/12\/15\/ciencia-e-espaco\/origem-do-dracula-pode-ter-sido-descoberta-por-cientistas\/amp\/\">Olhar Digital<\/a><\/em><\/strong><\/p>\n","protected":false},"excerpt":{"rendered":"<p>De acordo com os cientistas, as biomol\u00e9culas encontradas na investiga\u00e7\u00e3o dos documentos ter\u00e3o a sua composi\u00e7\u00e3o e idade analisadas O Conde Dr\u00e1cula\u00a0realmente existiu? Para voc\u00ea que pensava que a hist\u00f3ria escrita pelo romancista Bram Stoker era fruto apenas da imagina\u00e7\u00e3o do autor, uma investiga\u00e7\u00e3o iniciada por um trio de\u00a0cientistas pode acrescentar informa\u00e7\u00f5es ao imagin\u00e1rio que [&hellip;]<\/p>\n","protected":false},"author":2,"featured_media":37207,"comment_status":"open","ping_status":"open","sticky":false,"template":"","format":"standard","meta":{"footnotes":""},"categories":[2],"tags":[9186,249,10158,4394,6341,1021],"class_list":["post-37206","post","type-post","status-publish","format-standard","has-post-thumbnail","hentry","category-ciencia","tag-dracula","tag-historia","tag-investigacao","tag-lenda","tag-mito","tag-moleculas"],"yoast_head":"<!-- This site is optimized with the Yoast SEO plugin v26.5 - https:\/\/yoast.com\/wordpress\/plugins\/seo\/ -->\n<title>Origem do Dr\u00e1cula pode ter sido descoberta por cientistas - Jornal Fatos e Not\u00edcias<\/title>\n<meta name=\"robots\" content=\"index, follow, max-snippet:-1, max-image-preview:large, max-video-preview:-1\" \/>\n<link rel=\"canonical\" href=\"https:\/\/jornalfatosenoticias.com.br\/index.php\/2022\/12\/22\/origem-do-dracula-pode-ter-sido-descoberta-por-cientistas\/\" \/>\n<meta property=\"og:locale\" content=\"pt_BR\" \/>\n<meta property=\"og:type\" content=\"article\" \/>\n<meta property=\"og:title\" content=\"Origem do Dr\u00e1cula pode ter sido descoberta por cientistas - Jornal Fatos e Not\u00edcias\" \/>\n<meta property=\"og:description\" content=\"De acordo com os cientistas, as biomol\u00e9culas encontradas na investiga\u00e7\u00e3o dos documentos ter\u00e3o a sua composi\u00e7\u00e3o e idade analisadas O Conde Dr\u00e1cula\u00a0realmente existiu? Para voc\u00ea que pensava que a hist\u00f3ria escrita pelo romancista Bram Stoker era fruto apenas da imagina\u00e7\u00e3o do autor, uma investiga\u00e7\u00e3o iniciada por um trio de\u00a0cientistas pode acrescentar informa\u00e7\u00f5es ao imagin\u00e1rio que [&hellip;]\" \/>\n<meta property=\"og:url\" content=\"https:\/\/jornalfatosenoticias.com.br\/index.php\/2022\/12\/22\/origem-do-dracula-pode-ter-sido-descoberta-por-cientistas\/\" \/>\n<meta property=\"og:site_name\" content=\"Jornal Fatos e Not\u00edcias\" \/>\n<meta property=\"article:published_time\" content=\"2022-12-22T19:14:47+00:00\" \/>\n<meta property=\"article:modified_time\" content=\"2022-12-22T19:14:49+00:00\" \/>\n<meta property=\"og:image\" content=\"https:\/\/jornalfatosenoticias.com.br\/wp-content\/uploads\/2022\/12\/dracula-historia-conto.jpg\" \/>\n\t<meta property=\"og:image:width\" content=\"1000\" \/>\n\t<meta property=\"og:image:height\" content=\"667\" \/>\n\t<meta property=\"og:image:type\" content=\"image\/jpeg\" \/>\n<meta name=\"author\" content=\"Luzimara Fernandes\" \/>\n<meta name=\"twitter:card\" content=\"summary_large_image\" \/>\n<meta name=\"twitter:label1\" content=\"Escrito por\" \/>\n\t<meta name=\"twitter:data1\" content=\"Luzimara Fernandes\" \/>\n\t<meta name=\"twitter:label2\" content=\"Est. tempo de leitura\" \/>\n\t<meta name=\"twitter:data2\" content=\"2 minutos\" \/>\n<script type=\"application\/ld+json\" class=\"yoast-schema-graph\">{\"@context\":\"https:\/\/schema.org\",\"@graph\":[{\"@type\":\"Article\",\"@id\":\"https:\/\/jornalfatosenoticias.com.br\/index.php\/2022\/12\/22\/origem-do-dracula-pode-ter-sido-descoberta-por-cientistas\/#article\",\"isPartOf\":{\"@id\":\"https:\/\/jornalfatosenoticias.com.br\/index.php\/2022\/12\/22\/origem-do-dracula-pode-ter-sido-descoberta-por-cientistas\/\"},\"author\":{\"name\":\"Luzimara Fernandes\",\"@id\":\"https:\/\/jornalfatosenoticias.com.br\/#\/schema\/person\/d63837fa13ac8666eb9e74e0985d6f81\"},\"headline\":\"Origem do Dr\u00e1cula pode ter sido descoberta por cientistas\",\"datePublished\":\"2022-12-22T19:14:47+00:00\",\"dateModified\":\"2022-12-22T19:14:49+00:00\",\"mainEntityOfPage\":{\"@id\":\"https:\/\/jornalfatosenoticias.com.br\/index.php\/2022\/12\/22\/origem-do-dracula-pode-ter-sido-descoberta-por-cientistas\/\"},\"wordCount\":393,\"commentCount\":0,\"publisher\":{\"@id\":\"https:\/\/jornalfatosenoticias.com.br\/#organization\"},\"image\":{\"@id\":\"https:\/\/jornalfatosenoticias.com.br\/index.php\/2022\/12\/22\/origem-do-dracula-pode-ter-sido-descoberta-por-cientistas\/#primaryimage\"},\"thumbnailUrl\":\"https:\/\/jornalfatosenoticias.com.br\/wp-content\/uploads\/2022\/12\/dracula-historia-conto.jpg\",\"keywords\":[\"dr\u00e1cula\",\"hist\u00f3ria\",\"investiga\u00e7\u00e3o\",\"lenda\",\"mito\",\"mol\u00e9culas\"],\"articleSection\":[\"Ci\u00eancia\"],\"inLanguage\":\"pt-BR\",\"potentialAction\":[{\"@type\":\"CommentAction\",\"name\":\"Comment\",\"target\":[\"https:\/\/jornalfatosenoticias.com.br\/index.php\/2022\/12\/22\/origem-do-dracula-pode-ter-sido-descoberta-por-cientistas\/#respond\"]}]},{\"@type\":\"WebPage\",\"@id\":\"https:\/\/jornalfatosenoticias.com.br\/index.php\/2022\/12\/22\/origem-do-dracula-pode-ter-sido-descoberta-por-cientistas\/\",\"url\":\"https:\/\/jornalfatosenoticias.com.br\/index.php\/2022\/12\/22\/origem-do-dracula-pode-ter-sido-descoberta-por-cientistas\/\",\"name\":\"Origem do Dr\u00e1cula pode ter sido descoberta por cientistas - Jornal Fatos e Not\u00edcias\",\"isPartOf\":{\"@id\":\"https:\/\/jornalfatosenoticias.com.br\/#website\"},\"primaryImageOfPage\":{\"@id\":\"https:\/\/jornalfatosenoticias.com.br\/index.php\/2022\/12\/22\/origem-do-dracula-pode-ter-sido-descoberta-por-cientistas\/#primaryimage\"},\"image\":{\"@id\":\"https:\/\/jornalfatosenoticias.com.br\/index.php\/2022\/12\/22\/origem-do-dracula-pode-ter-sido-descoberta-por-cientistas\/#primaryimage\"},\"thumbnailUrl\":\"https:\/\/jornalfatosenoticias.com.br\/wp-content\/uploads\/2022\/12\/dracula-historia-conto.jpg\",\"datePublished\":\"2022-12-22T19:14:47+00:00\",\"dateModified\":\"2022-12-22T19:14:49+00:00\",\"breadcrumb\":{\"@id\":\"https:\/\/jornalfatosenoticias.com.br\/index.php\/2022\/12\/22\/origem-do-dracula-pode-ter-sido-descoberta-por-cientistas\/#breadcrumb\"},\"inLanguage\":\"pt-BR\",\"potentialAction\":[{\"@type\":\"ReadAction\",\"target\":[\"https:\/\/jornalfatosenoticias.com.br\/index.php\/2022\/12\/22\/origem-do-dracula-pode-ter-sido-descoberta-por-cientistas\/\"]}]},{\"@type\":\"ImageObject\",\"inLanguage\":\"pt-BR\",\"@id\":\"https:\/\/jornalfatosenoticias.com.br\/index.php\/2022\/12\/22\/origem-do-dracula-pode-ter-sido-descoberta-por-cientistas\/#primaryimage\",\"url\":\"https:\/\/jornalfatosenoticias.com.br\/wp-content\/uploads\/2022\/12\/dracula-historia-conto.jpg\",\"contentUrl\":\"https:\/\/jornalfatosenoticias.com.br\/wp-content\/uploads\/2022\/12\/dracula-historia-conto.jpg\",\"width\":1000,\"height\":667},{\"@type\":\"BreadcrumbList\",\"@id\":\"https:\/\/jornalfatosenoticias.com.br\/index.php\/2022\/12\/22\/origem-do-dracula-pode-ter-sido-descoberta-por-cientistas\/#breadcrumb\",\"itemListElement\":[{\"@type\":\"ListItem\",\"position\":1,\"name\":\"In\u00edcio\",\"item\":\"https:\/\/jornalfatosenoticias.com.br\/\"},{\"@type\":\"ListItem\",\"position\":2,\"name\":\"Origem do Dr\u00e1cula pode ter sido descoberta por cientistas\"}]},{\"@type\":\"WebSite\",\"@id\":\"https:\/\/jornalfatosenoticias.com.br\/#website\",\"url\":\"https:\/\/jornalfatosenoticias.com.br\/\",\"name\":\"Jornal Fatos e Not\u00edcias\",\"description\":\"Not\u00edcias em geral\",\"publisher\":{\"@id\":\"https:\/\/jornalfatosenoticias.com.br\/#organization\"},\"potentialAction\":[{\"@type\":\"SearchAction\",\"target\":{\"@type\":\"EntryPoint\",\"urlTemplate\":\"https:\/\/jornalfatosenoticias.com.br\/?s={search_term_string}\"},\"query-input\":{\"@type\":\"PropertyValueSpecification\",\"valueRequired\":true,\"valueName\":\"search_term_string\"}}],\"inLanguage\":\"pt-BR\"},{\"@type\":\"Organization\",\"@id\":\"https:\/\/jornalfatosenoticias.com.br\/#organization\",\"name\":\"Jornal Fatos e Not\u00edcias\",\"url\":\"https:\/\/jornalfatosenoticias.com.br\/\",\"logo\":{\"@type\":\"ImageObject\",\"inLanguage\":\"pt-BR\",\"@id\":\"https:\/\/jornalfatosenoticias.com.br\/#\/schema\/logo\/image\/\",\"url\":\"https:\/\/jornalfatosenoticias.com.br\/wp-content\/uploads\/2020\/02\/logo120.png\",\"contentUrl\":\"https:\/\/jornalfatosenoticias.com.br\/wp-content\/uploads\/2020\/02\/logo120.png\",\"width\":1227,\"height\":120,\"caption\":\"Jornal Fatos e Not\u00edcias\"},\"image\":{\"@id\":\"https:\/\/jornalfatosenoticias.com.br\/#\/schema\/logo\/image\/\"}},{\"@type\":\"Person\",\"@id\":\"https:\/\/jornalfatosenoticias.com.br\/#\/schema\/person\/d63837fa13ac8666eb9e74e0985d6f81\",\"name\":\"Luzimara Fernandes\",\"image\":{\"@type\":\"ImageObject\",\"inLanguage\":\"pt-BR\",\"@id\":\"https:\/\/jornalfatosenoticias.com.br\/#\/schema\/person\/image\/\",\"url\":\"https:\/\/jornalfatosenoticias.com.br\/wp-content\/uploads\/2025\/05\/EU_portal.jpg\",\"contentUrl\":\"https:\/\/jornalfatosenoticias.com.br\/wp-content\/uploads\/2025\/05\/EU_portal.jpg\",\"caption\":\"Luzimara Fernandes\"},\"description\":\"Jornalista MTB 2358-ES\",\"sameAs\":[\"https:\/\/jornalfatosenoticias.com.br\"],\"url\":\"https:\/\/jornalfatosenoticias.com.br\/index.php\/author\/luzimara\/\"}]}<\/script>\n<!-- \/ Yoast SEO plugin. -->","yoast_head_json":{"title":"Origem do Dr\u00e1cula pode ter sido descoberta por cientistas - Jornal Fatos e Not\u00edcias","robots":{"index":"index","follow":"follow","max-snippet":"max-snippet:-1","max-image-preview":"max-image-preview:large","max-video-preview":"max-video-preview:-1"},"canonical":"https:\/\/jornalfatosenoticias.com.br\/index.php\/2022\/12\/22\/origem-do-dracula-pode-ter-sido-descoberta-por-cientistas\/","og_locale":"pt_BR","og_type":"article","og_title":"Origem do Dr\u00e1cula pode ter sido descoberta por cientistas - Jornal Fatos e Not\u00edcias","og_description":"De acordo com os cientistas, as biomol\u00e9culas encontradas na investiga\u00e7\u00e3o dos documentos ter\u00e3o a sua composi\u00e7\u00e3o e idade analisadas O Conde Dr\u00e1cula\u00a0realmente existiu? Para voc\u00ea que pensava que a hist\u00f3ria escrita pelo romancista Bram Stoker era fruto apenas da imagina\u00e7\u00e3o do autor, uma investiga\u00e7\u00e3o iniciada por um trio de\u00a0cientistas pode acrescentar informa\u00e7\u00f5es ao imagin\u00e1rio que [&hellip;]","og_url":"https:\/\/jornalfatosenoticias.com.br\/index.php\/2022\/12\/22\/origem-do-dracula-pode-ter-sido-descoberta-por-cientistas\/","og_site_name":"Jornal Fatos e Not\u00edcias","article_published_time":"2022-12-22T19:14:47+00:00","article_modified_time":"2022-12-22T19:14:49+00:00","og_image":[{"width":1000,"height":667,"url":"https:\/\/jornalfatosenoticias.com.br\/wp-content\/uploads\/2022\/12\/dracula-historia-conto.jpg","type":"image\/jpeg"}],"author":"Luzimara Fernandes","twitter_card":"summary_large_image","twitter_misc":{"Escrito por":"Luzimara Fernandes","Est. tempo de leitura":"2 minutos"},"schema":{"@context":"https:\/\/schema.org","@graph":[{"@type":"Article","@id":"https:\/\/jornalfatosenoticias.com.br\/index.php\/2022\/12\/22\/origem-do-dracula-pode-ter-sido-descoberta-por-cientistas\/#article","isPartOf":{"@id":"https:\/\/jornalfatosenoticias.com.br\/index.php\/2022\/12\/22\/origem-do-dracula-pode-ter-sido-descoberta-por-cientistas\/"},"author":{"name":"Luzimara Fernandes","@id":"https:\/\/jornalfatosenoticias.com.br\/#\/schema\/person\/d63837fa13ac8666eb9e74e0985d6f81"},"headline":"Origem do Dr\u00e1cula pode ter sido descoberta por cientistas","datePublished":"2022-12-22T19:14:47+00:00","dateModified":"2022-12-22T19:14:49+00:00","mainEntityOfPage":{"@id":"https:\/\/jornalfatosenoticias.com.br\/index.php\/2022\/12\/22\/origem-do-dracula-pode-ter-sido-descoberta-por-cientistas\/"},"wordCount":393,"commentCount":0,"publisher":{"@id":"https:\/\/jornalfatosenoticias.com.br\/#organization"},"image":{"@id":"https:\/\/jornalfatosenoticias.com.br\/index.php\/2022\/12\/22\/origem-do-dracula-pode-ter-sido-descoberta-por-cientistas\/#primaryimage"},"thumbnailUrl":"https:\/\/jornalfatosenoticias.com.br\/wp-content\/uploads\/2022\/12\/dracula-historia-conto.jpg","keywords":["dr\u00e1cula","hist\u00f3ria","investiga\u00e7\u00e3o","lenda","mito","mol\u00e9culas"],"articleSection":["Ci\u00eancia"],"inLanguage":"pt-BR","potentialAction":[{"@type":"CommentAction","name":"Comment","target":["https:\/\/jornalfatosenoticias.com.br\/index.php\/2022\/12\/22\/origem-do-dracula-pode-ter-sido-descoberta-por-cientistas\/#respond"]}]},{"@type":"WebPage","@id":"https:\/\/jornalfatosenoticias.com.br\/index.php\/2022\/12\/22\/origem-do-dracula-pode-ter-sido-descoberta-por-cientistas\/","url":"https:\/\/jornalfatosenoticias.com.br\/index.php\/2022\/12\/22\/origem-do-dracula-pode-ter-sido-descoberta-por-cientistas\/","name":"Origem do Dr\u00e1cula pode ter sido descoberta por cientistas - Jornal Fatos e Not\u00edcias","isPartOf":{"@id":"https:\/\/jornalfatosenoticias.com.br\/#website"},"primaryImageOfPage":{"@id":"https:\/\/jornalfatosenoticias.com.br\/index.php\/2022\/12\/22\/origem-do-dracula-pode-ter-sido-descoberta-por-cientistas\/#primaryimage"},"image":{"@id":"https:\/\/jornalfatosenoticias.com.br\/index.php\/2022\/12\/22\/origem-do-dracula-pode-ter-sido-descoberta-por-cientistas\/#primaryimage"},"thumbnailUrl":"https:\/\/jornalfatosenoticias.com.br\/wp-content\/uploads\/2022\/12\/dracula-historia-conto.jpg","datePublished":"2022-12-22T19:14:47+00:00","dateModified":"2022-12-22T19:14:49+00:00","breadcrumb":{"@id":"https:\/\/jornalfatosenoticias.com.br\/index.php\/2022\/12\/22\/origem-do-dracula-pode-ter-sido-descoberta-por-cientistas\/#breadcrumb"},"inLanguage":"pt-BR","potentialAction":[{"@type":"ReadAction","target":["https:\/\/jornalfatosenoticias.com.br\/index.php\/2022\/12\/22\/origem-do-dracula-pode-ter-sido-descoberta-por-cientistas\/"]}]},{"@type":"ImageObject","inLanguage":"pt-BR","@id":"https:\/\/jornalfatosenoticias.com.br\/index.php\/2022\/12\/22\/origem-do-dracula-pode-ter-sido-descoberta-por-cientistas\/#primaryimage","url":"https:\/\/jornalfatosenoticias.com.br\/wp-content\/uploads\/2022\/12\/dracula-historia-conto.jpg","contentUrl":"https:\/\/jornalfatosenoticias.com.br\/wp-content\/uploads\/2022\/12\/dracula-historia-conto.jpg","width":1000,"height":667},{"@type":"BreadcrumbList","@id":"https:\/\/jornalfatosenoticias.com.br\/index.php\/2022\/12\/22\/origem-do-dracula-pode-ter-sido-descoberta-por-cientistas\/#breadcrumb","itemListElement":[{"@type":"ListItem","position":1,"name":"In\u00edcio","item":"https:\/\/jornalfatosenoticias.com.br\/"},{"@type":"ListItem","position":2,"name":"Origem do Dr\u00e1cula pode ter sido descoberta por cientistas"}]},{"@type":"WebSite","@id":"https:\/\/jornalfatosenoticias.com.br\/#website","url":"https:\/\/jornalfatosenoticias.com.br\/","name":"Jornal Fatos e Not\u00edcias","description":"Not\u00edcias em geral","publisher":{"@id":"https:\/\/jornalfatosenoticias.com.br\/#organization"},"potentialAction":[{"@type":"SearchAction","target":{"@type":"EntryPoint","urlTemplate":"https:\/\/jornalfatosenoticias.com.br\/?s={search_term_string}"},"query-input":{"@type":"PropertyValueSpecification","valueRequired":true,"valueName":"search_term_string"}}],"inLanguage":"pt-BR"},{"@type":"Organization","@id":"https:\/\/jornalfatosenoticias.com.br\/#organization","name":"Jornal Fatos e Not\u00edcias","url":"https:\/\/jornalfatosenoticias.com.br\/","logo":{"@type":"ImageObject","inLanguage":"pt-BR","@id":"https:\/\/jornalfatosenoticias.com.br\/#\/schema\/logo\/image\/","url":"https:\/\/jornalfatosenoticias.com.br\/wp-content\/uploads\/2020\/02\/logo120.png","contentUrl":"https:\/\/jornalfatosenoticias.com.br\/wp-content\/uploads\/2020\/02\/logo120.png","width":1227,"height":120,"caption":"Jornal Fatos e Not\u00edcias"},"image":{"@id":"https:\/\/jornalfatosenoticias.com.br\/#\/schema\/logo\/image\/"}},{"@type":"Person","@id":"https:\/\/jornalfatosenoticias.com.br\/#\/schema\/person\/d63837fa13ac8666eb9e74e0985d6f81","name":"Luzimara Fernandes","image":{"@type":"ImageObject","inLanguage":"pt-BR","@id":"https:\/\/jornalfatosenoticias.com.br\/#\/schema\/person\/image\/","url":"https:\/\/jornalfatosenoticias.com.br\/wp-content\/uploads\/2025\/05\/EU_portal.jpg","contentUrl":"https:\/\/jornalfatosenoticias.com.br\/wp-content\/uploads\/2025\/05\/EU_portal.jpg","caption":"Luzimara Fernandes"},"description":"Jornalista MTB 2358-ES","sameAs":["https:\/\/jornalfatosenoticias.com.br"],"url":"https:\/\/jornalfatosenoticias.com.br\/index.php\/author\/luzimara\/"}]}},"cc_featured_image_caption":{"caption_text":"(Foto: wavebreakmedia\/Shutterstock) ","source_text":"","source_url":""},"jetpack_featured_media_url":"https:\/\/jornalfatosenoticias.com.br\/wp-content\/uploads\/2022\/12\/dracula-historia-conto.jpg","_links":{"self":[{"href":"https:\/\/jornalfatosenoticias.com.br\/index.php\/wp-json\/wp\/v2\/posts\/37206","targetHints":{"allow":["GET"]}}],"collection":[{"href":"https:\/\/jornalfatosenoticias.com.br\/index.php\/wp-json\/wp\/v2\/posts"}],"about":[{"href":"https:\/\/jornalfatosenoticias.com.br\/index.php\/wp-json\/wp\/v2\/types\/post"}],"author":[{"embeddable":true,"href":"https:\/\/jornalfatosenoticias.com.br\/index.php\/wp-json\/wp\/v2\/users\/2"}],"replies":[{"embeddable":true,"href":"https:\/\/jornalfatosenoticias.com.br\/index.php\/wp-json\/wp\/v2\/comments?post=37206"}],"version-history":[{"count":0,"href":"https:\/\/jornalfatosenoticias.com.br\/index.php\/wp-json\/wp\/v2\/posts\/37206\/revisions"}],"wp:featuredmedia":[{"embeddable":true,"href":"https:\/\/jornalfatosenoticias.com.br\/index.php\/wp-json\/wp\/v2\/media\/37207"}],"wp:attachment":[{"href":"https:\/\/jornalfatosenoticias.com.br\/index.php\/wp-json\/wp\/v2\/media?parent=37206"}],"wp:term":[{"taxonomy":"category","embeddable":true,"href":"https:\/\/jornalfatosenoticias.com.br\/index.php\/wp-json\/wp\/v2\/categories?post=37206"},{"taxonomy":"post_tag","embeddable":true,"href":"https:\/\/jornalfatosenoticias.com.br\/index.php\/wp-json\/wp\/v2\/tags?post=37206"}],"curies":[{"name":"wp","href":"https:\/\/api.w.org\/{rel}","templated":true}]}}